{"id":42650,"date":"2017-10-19T09:44:29","date_gmt":"2017-10-19T12:44:29","guid":{"rendered":"http:\/\/anoticiaonline.com.br\/site\/?p=42650"},"modified":"2017-10-19T09:44:29","modified_gmt":"2017-10-19T12:44:29","slug":"governo-inicia-processo-para-concurso-publico-para-delegado-de-policia","status":"publish","type":"post","link":"https:\/\/anoticiaonline.com.br\/site\/governo-inicia-processo-para-concurso-publico-para-delegado-de-policia\/","title":{"rendered":"Governo inicia processo para concurso p\u00fablico para Delegado de Pol\u00edcia"},"content":{"rendered":"<p><a href=\"https:\/\/anoticiaonline.com.br\/site\/wp-content\/uploads\/2017\/10\/concurso-policia-civil-mg-2014.jpg\"><img fetchpriority=\"high\" decoding=\"async\" class=\"size-medium wp-image-42651 alignleft\" src=\"https:\/\/anoticiaonline.com.br\/site\/wp-content\/uploads\/2017\/10\/concurso-policia-civil-mg-2014-300x243.jpg\" alt=\"\" width=\"300\" height=\"243\" srcset=\"https:\/\/anoticiaonline.com.br\/site\/wp-content\/uploads\/2017\/10\/concurso-policia-civil-mg-2014-300x243.jpg 300w, https:\/\/anoticiaonline.com.br\/site\/wp-content\/uploads\/2017\/10\/concurso-policia-civil-mg-2014.jpg 500w\" sizes=\"(max-width: 300px) 100vw, 300px\" \/><\/a>O Governo de Minas Gerais, por meio da Pol\u00edcia Civil (PCMG), iniciou na ter\u00e7a-feira (17), os tr\u00e2mites necess\u00e1rios \u00e0 realiza\u00e7\u00e3o de novo concurso p\u00fablico para Delegado de Pol\u00edcia. Inicialmente, ser\u00e3o oferecidas 76 vagas para refor\u00e7ar o quadro de pessoal das delegacias no estado. A expectativa \u00e9 que o edital do certame seja publicado at\u00e9 dezembro deste ano.<\/p>\n<p>A viabilidade da contrata\u00e7\u00e3o de novos servidores foi analisada pela C\u00e2mara de Or\u00e7amentos e Finan\u00e7as da Secretaria de Planejamento e Gest\u00e3o (Seplag), que observou as restri\u00e7\u00f5es impostas pela Lei de Responsabilidade Fiscal (LRF) para se chegar a um n\u00famero poss\u00edvel de vagas.<\/p>\n<p>&nbsp;<\/p>\n","protected":false},"excerpt":{"rendered":"<p>O Governo de Minas Gerais, por meio da Pol\u00edcia Civil (PCMG), iniciou na ter\u00e7a-feira (17), os tr\u00e2mites necess\u00e1rios \u00e0 realiza\u00e7\u00e3o de novo concurso p\u00fablico para Delegado de Pol\u00edcia. Inicialmente, ser\u00e3o oferecidas 76 vagas para refor\u00e7ar o quadro de pessoal das delegacias no estado. A expectativa \u00e9 que o edital do certame seja publicado at\u00e9 dezembro &#8230; <a title=\"Governo inicia processo para concurso p\u00fablico para Delegado de Pol\u00edcia\" class=\"read-more\" href=\"https:\/\/anoticiaonline.com.br\/site\/governo-inicia-processo-para-concurso-publico-para-delegado-de-policia\/\" aria-label=\"Read more about Governo inicia processo para concurso p\u00fablico para Delegado de Pol\u00edcia\">Ler mais<\/a><\/p>\n","protected":false},"author":2,"featured_media":42651,"comment_status":"open","ping_status":"open","sticky":false,"template":"","format":"standard","meta":{"_acf_changed":false,"_monsterinsights_skip_tracking":false,"footnotes":""},"categories":[1],"tags":[73,1092,74,348,138],"class_list":["post-42650","post","type-post","status-publish","format-standard","has-post-thumbnail","hentry","category-gerais","tag-delegado","tag-governo-de-minas","tag-muriae","tag-pcmg","tag-seguranca"],"acf":[],"aioseo_notices":[],"aioseo_head":"\n\t\t<!-- All in One SEO 5.0.0.1 - aioseo.com -->\n\t<meta name=\"description\" content=\"O Governo de Minas Gerais, por meio da Pol\u00edcia Civil (PCMG), iniciou na ter\u00e7a-feira (17), os tr\u00e2mites necess\u00e1rios \u00e0 realiza\u00e7\u00e3o de novo concurso p\u00fablico para Delegado de Pol\u00edcia. Inicialmente, ser\u00e3o oferecidas 76 vagas para refor\u00e7ar o quadro de pessoal das delegacias no estado. A expectativa \u00e9 que o edital do certame seja publicado at\u00e9 dezembro\" \/>\n\t<meta name=\"robots\" content=\"max-image-preview:large\" \/>\n\t<meta name=\"author\" content=\"Juliana Laviola\"\/>\n\t<link rel=\"canonical\" href=\"https:\/\/anoticiaonline.com.br\/site\/governo-inicia-processo-para-concurso-publico-para-delegado-de-policia\/\" \/>\n\t<meta name=\"generator\" content=\"All in One SEO (AIOSEO) 5.0.0.1\" \/>\n\t\t<meta property=\"og:locale\" content=\"pt_BR\" \/>\n\t\t<meta property=\"og:site_name\" content=\"A Not\u00edcia Online - Noticias de Muria\u00e9 e regi\u00e3o\" \/>\n\t\t<meta property=\"og:type\" content=\"article\" \/>\n\t\t<meta property=\"og:title\" content=\"Governo inicia processo para concurso p\u00fablico para Delegado de Pol\u00edcia - A Not\u00edcia Online\" \/>\n\t\t<meta property=\"og:description\" content=\"O Governo de Minas Gerais, por meio da Pol\u00edcia Civil (PCMG), iniciou na ter\u00e7a-feira (17), os tr\u00e2mites necess\u00e1rios \u00e0 realiza\u00e7\u00e3o de novo concurso p\u00fablico para Delegado de Pol\u00edcia. Inicialmente, ser\u00e3o oferecidas 76 vagas para refor\u00e7ar o quadro de pessoal das delegacias no estado. A expectativa \u00e9 que o edital do certame seja publicado at\u00e9 dezembro\" \/>\n\t\t<meta property=\"og:url\" content=\"https:\/\/anoticiaonline.com.br\/site\/governo-inicia-processo-para-concurso-publico-para-delegado-de-policia\/\" \/>\n\t\t<meta property=\"og:image\" content=\"https:\/\/scontent-gig4-1.xx.fbcdn.net\/v\/t39.30808-1\/270437624_4564083193639691_6907940295614233970_n.jpg?stp=dst-jpg_s200x200_tt6&#038;_nc_cat=111&#038;ccb=1-7&#038;_nc_sid=f907e8&#038;_nc_ohc=SM1wRlP3lJwQ7kNvwEPuBYA&#038;_nc_oc=AdnqrjDN_BNjSSHWO-GbkIWH6fkGMLw4bqvL_NH6e2wMveX7G-rP2dAqsDSq1mJMOaY&#038;_nc_zt=24&#038;_nc_ht=scontent-gig4-1.xx&#038;_nc_gid=AoBFJeGrT1hVaew_6rchkQ&#038;oh=00_AfX7QmFGhQhG2jAllVgXCiM1ZrWgvtp80-Bfppyexh1QEg&#038;oe=689E923C\" \/>\n\t\t<meta property=\"og:image:secure_url\" content=\"https:\/\/scontent-gig4-1.xx.fbcdn.net\/v\/t39.30808-1\/270437624_4564083193639691_6907940295614233970_n.jpg?stp=dst-jpg_s200x200_tt6&#038;_nc_cat=111&#038;ccb=1-7&#038;_nc_sid=f907e8&#038;_nc_ohc=SM1wRlP3lJwQ7kNvwEPuBYA&#038;_nc_oc=AdnqrjDN_BNjSSHWO-GbkIWH6fkGMLw4bqvL_NH6e2wMveX7G-rP2dAqsDSq1mJMOaY&#038;_nc_zt=24&#038;_nc_ht=scontent-gig4-1.xx&#038;_nc_gid=AoBFJeGrT1hVaew_6rchkQ&#038;oh=00_AfX7QmFGhQhG2jAllVgXCiM1ZrWgvtp80-Bfppyexh1QEg&#038;oe=689E923C\" \/>\n\t\t<meta property=\"article:published_time\" content=\"2017-10-19T12:44:29+00:00\" \/>\n\t\t<meta property=\"article:modified_time\" content=\"2017-10-19T12:44:29+00:00\" \/>\n\t\t<meta name=\"twitter:card\" content=\"summary_large_image\" \/>\n\t\t<meta name=\"twitter:title\" content=\"Governo inicia processo para concurso p\u00fablico para Delegado de Pol\u00edcia - A Not\u00edcia Online\" \/>\n\t\t<meta name=\"twitter:description\" content=\"O Governo de Minas Gerais, por meio da Pol\u00edcia Civil (PCMG), iniciou na ter\u00e7a-feira (17), os tr\u00e2mites necess\u00e1rios \u00e0 realiza\u00e7\u00e3o de novo concurso p\u00fablico para Delegado de Pol\u00edcia. Inicialmente, ser\u00e3o oferecidas 76 vagas para refor\u00e7ar o quadro de pessoal das delegacias no estado. A expectativa \u00e9 que o edital do certame seja publicado at\u00e9 dezembro\" \/>\n\t\t<meta name=\"twitter:image\" content=\"https:\/\/scontent-gig4-1.xx.fbcdn.net\/v\/t39.30808-1\/270437624_4564083193639691_6907940295614233970_n.jpg?stp=dst-jpg_s200x200_tt6&amp;_nc_cat=111&amp;ccb=1-7&amp;_nc_sid=f907e8&amp;_nc_ohc=SM1wRlP3lJwQ7kNvwEPuBYA&amp;_nc_oc=AdnqrjDN_BNjSSHWO-GbkIWH6fkGMLw4bqvL_NH6e2wMveX7G-rP2dAqsDSq1mJMOaY&amp;_nc_zt=24&amp;_nc_ht=scontent-gig4-1.xx&amp;_nc_gid=AoBFJeGrT1hVaew_6rchkQ&amp;oh=00_AfX7QmFGhQhG2jAllVgXCiM1ZrWgvtp80-Bfppyexh1QEg&amp;oe=689E923C\" \/>\n\t\t<script type=\"application\/ld+json\" class=\"aioseo-schema\">\n\t\t\t{\"@context\":\"https:\\\/\\\/schema.org\",\"@graph\":[{\"@type\":\"BlogPosting\",\"@id\":\"https:\\\/\\\/anoticiaonline.com.br\\\/site\\\/governo-inicia-processo-para-concurso-publico-para-delegado-de-policia\\\/#blogposting\",\"name\":\"Governo inicia processo para concurso p\\u00fablico para Delegado de Pol\\u00edcia - A Not\\u00edcia Online\",\"headline\":\"Governo inicia processo para concurso p\\u00fablico para Delegado de Pol\\u00edcia\",\"author\":{\"@id\":\"https:\\\/\\\/anoticiaonline.com.br\\\/site\\\/author\\\/juliana\\\/#author\"},\"publisher\":{\"@id\":\"https:\\\/\\\/anoticiaonline.com.br\\\/site\\\/#organization\"},\"image\":{\"@type\":\"ImageObject\",\"url\":\"https:\\\/\\\/anoticiaonline.com.br\\\/site\\\/wp-content\\\/uploads\\\/2017\\\/10\\\/concurso-policia-civil-mg-2014.jpg\",\"width\":500,\"height\":405},\"datePublished\":\"2017-10-19T09:44:29-03:00\",\"dateModified\":\"2017-10-19T09:44:29-03:00\",\"inLanguage\":\"pt-BR\",\"mainEntityOfPage\":{\"@id\":\"https:\\\/\\\/anoticiaonline.com.br\\\/site\\\/governo-inicia-processo-para-concurso-publico-para-delegado-de-policia\\\/#webpage\"},\"isPartOf\":{\"@id\":\"https:\\\/\\\/anoticiaonline.com.br\\\/site\\\/governo-inicia-processo-para-concurso-publico-para-delegado-de-policia\\\/#webpage\"},\"articleSection\":\"Gerais, delegado, governo de minas, Muria\\u00e9, pcmg, seguran\\u00e7a\"},{\"@type\":\"BreadcrumbList\",\"@id\":\"https:\\\/\\\/anoticiaonline.com.br\\\/site\\\/governo-inicia-processo-para-concurso-publico-para-delegado-de-policia\\\/#breadcrumblist\",\"itemListElement\":[{\"@type\":\"ListItem\",\"@id\":\"https:\\\/\\\/anoticiaonline.com.br\\\/site#listItem\",\"position\":1,\"name\":\"Home\",\"item\":\"https:\\\/\\\/anoticiaonline.com.br\\\/site\",\"nextItem\":{\"@type\":\"ListItem\",\"@id\":\"https:\\\/\\\/anoticiaonline.com.br\\\/site\\\/categoria\\\/gerais\\\/#listItem\",\"name\":\"Gerais\"}},{\"@type\":\"ListItem\",\"@id\":\"https:\\\/\\\/anoticiaonline.com.br\\\/site\\\/categoria\\\/gerais\\\/#listItem\",\"position\":2,\"name\":\"Gerais\",\"item\":\"https:\\\/\\\/anoticiaonline.com.br\\\/site\\\/categoria\\\/gerais\\\/\",\"nextItem\":{\"@type\":\"ListItem\",\"@id\":\"https:\\\/\\\/anoticiaonline.com.br\\\/site\\\/governo-inicia-processo-para-concurso-publico-para-delegado-de-policia\\\/#listItem\",\"name\":\"Governo inicia processo para concurso p\\u00fablico para Delegado de Pol\\u00edcia\"},\"previousItem\":{\"@type\":\"ListItem\",\"@id\":\"https:\\\/\\\/anoticiaonline.com.br\\\/site#listItem\",\"name\":\"Home\"}},{\"@type\":\"ListItem\",\"@id\":\"https:\\\/\\\/anoticiaonline.com.br\\\/site\\\/governo-inicia-processo-para-concurso-publico-para-delegado-de-policia\\\/#listItem\",\"position\":3,\"name\":\"Governo inicia processo para concurso p\\u00fablico para Delegado de Pol\\u00edcia\",\"previousItem\":{\"@type\":\"ListItem\",\"@id\":\"https:\\\/\\\/anoticiaonline.com.br\\\/site\\\/categoria\\\/gerais\\\/#listItem\",\"name\":\"Gerais\"}}]},{\"@type\":\"Organization\",\"@id\":\"https:\\\/\\\/anoticiaonline.com.br\\\/site\\\/#organization\",\"name\":\"A Not\\u00edcia Online\",\"description\":\"Noticias de Muria\\u00e9 e regi\\u00e3o\",\"url\":\"https:\\\/\\\/anoticiaonline.com.br\\\/site\\\/\",\"logo\":{\"@type\":\"ImageObject\",\"url\":\"https:\\\/\\\/scontent-gig4-1.xx.fbcdn.net\\\/v\\\/t39.30808-1\\\/270437624_4564083193639691_6907940295614233970_n.jpg?stp=dst-jpg_s200x200_tt6&_nc_cat=111&ccb=1-7&_nc_sid=f907e8&_nc_ohc=SM1wRlP3lJwQ7kNvwEPuBYA&_nc_oc=AdnqrjDN_BNjSSHWO-GbkIWH6fkGMLw4bqvL_NH6e2wMveX7G-rP2dAqsDSq1mJMOaY&_nc_zt=24&_nc_ht=scontent-gig4-1.xx&_nc_gid=AoBFJeGrT1hVaew_6rchkQ&oh=00_AfX7QmFGhQhG2jAllVgXCiM1ZrWgvtp80-Bfppyexh1QEg&oe=689E923C\",\"@id\":\"https:\\\/\\\/anoticiaonline.com.br\\\/site\\\/governo-inicia-processo-para-concurso-publico-para-delegado-de-policia\\\/#organizationLogo\"},\"image\":{\"@id\":\"https:\\\/\\\/anoticiaonline.com.br\\\/site\\\/governo-inicia-processo-para-concurso-publico-para-delegado-de-policia\\\/#organizationLogo\"}},{\"@type\":\"Person\",\"@id\":\"https:\\\/\\\/anoticiaonline.com.br\\\/site\\\/author\\\/juliana\\\/#author\",\"url\":\"https:\\\/\\\/anoticiaonline.com.br\\\/site\\\/author\\\/juliana\\\/\",\"name\":\"Juliana Laviola\",\"image\":{\"@type\":\"ImageObject\",\"@id\":\"https:\\\/\\\/anoticiaonline.com.br\\\/site\\\/governo-inicia-processo-para-concurso-publico-para-delegado-de-policia\\\/#authorImage\",\"url\":\"https:\\\/\\\/secure.gravatar.com\\\/avatar\\\/b8d45f5c699b100dfaf0e543582f38f38bf94cb7ae3a5e9abf8d891a34773335?s=96&d=mm&r=g\",\"width\":96,\"height\":96,\"caption\":\"Juliana Laviola\"}},{\"@type\":\"WebPage\",\"@id\":\"https:\\\/\\\/anoticiaonline.com.br\\\/site\\\/governo-inicia-processo-para-concurso-publico-para-delegado-de-policia\\\/#webpage\",\"url\":\"https:\\\/\\\/anoticiaonline.com.br\\\/site\\\/governo-inicia-processo-para-concurso-publico-para-delegado-de-policia\\\/\",\"name\":\"Governo inicia processo para concurso p\\u00fablico para Delegado de Pol\\u00edcia - A Not\\u00edcia Online\",\"description\":\"O Governo de Minas Gerais, por meio da Pol\\u00edcia Civil (PCMG), iniciou na ter\\u00e7a-feira (17), os tr\\u00e2mites necess\\u00e1rios \\u00e0 realiza\\u00e7\\u00e3o de novo concurso p\\u00fablico para Delegado de Pol\\u00edcia. Inicialmente, ser\\u00e3o oferecidas 76 vagas para refor\\u00e7ar o quadro de pessoal das delegacias no estado. A expectativa \\u00e9 que o edital do certame seja publicado at\\u00e9 dezembro\",\"inLanguage\":\"pt-BR\",\"isPartOf\":{\"@id\":\"https:\\\/\\\/anoticiaonline.com.br\\\/site\\\/#website\"},\"breadcrumb\":{\"@id\":\"https:\\\/\\\/anoticiaonline.com.br\\\/site\\\/governo-inicia-processo-para-concurso-publico-para-delegado-de-policia\\\/#breadcrumblist\"},\"author\":{\"@id\":\"https:\\\/\\\/anoticiaonline.com.br\\\/site\\\/author\\\/juliana\\\/#author\"},\"creator\":{\"@id\":\"https:\\\/\\\/anoticiaonline.com.br\\\/site\\\/author\\\/juliana\\\/#author\"},\"image\":{\"@type\":\"ImageObject\",\"url\":\"https:\\\/\\\/anoticiaonline.com.br\\\/site\\\/wp-content\\\/uploads\\\/2017\\\/10\\\/concurso-policia-civil-mg-2014.jpg\",\"@id\":\"https:\\\/\\\/anoticiaonline.com.br\\\/site\\\/governo-inicia-processo-para-concurso-publico-para-delegado-de-policia\\\/#mainImage\",\"width\":500,\"height\":405},\"primaryImageOfPage\":{\"@id\":\"https:\\\/\\\/anoticiaonline.com.br\\\/site\\\/governo-inicia-processo-para-concurso-publico-para-delegado-de-policia\\\/#mainImage\"},\"datePublished\":\"2017-10-19T09:44:29-03:00\",\"dateModified\":\"2017-10-19T09:44:29-03:00\"},{\"@type\":\"WebSite\",\"@id\":\"https:\\\/\\\/anoticiaonline.com.br\\\/site\\\/#website\",\"url\":\"https:\\\/\\\/anoticiaonline.com.br\\\/site\\\/\",\"name\":\"A Not\\u00edcia Online\",\"description\":\"Noticias de Muria\\u00e9 e regi\\u00e3o\",\"inLanguage\":\"pt-BR\",\"publisher\":{\"@id\":\"https:\\\/\\\/anoticiaonline.com.br\\\/site\\\/#organization\"}}]}\n\t\t<\/script>\n\t\t<!-- All in One SEO -->\n\n","aioseo_head_json":{"title":"Governo inicia processo para concurso p\u00fablico para Delegado de Pol\u00edcia - A Not\u00edcia Online","description":"O Governo de Minas Gerais, por meio da Pol\u00edcia Civil (PCMG), iniciou na ter\u00e7a-feira (17), os tr\u00e2mites necess\u00e1rios \u00e0 realiza\u00e7\u00e3o de novo concurso p\u00fablico para Delegado de Pol\u00edcia. Inicialmente, ser\u00e3o oferecidas 76 vagas para refor\u00e7ar o quadro de pessoal das delegacias no estado. A expectativa \u00e9 que o edital do certame seja publicado at\u00e9 dezembro","canonical_url":"https:\/\/anoticiaonline.com.br\/site\/governo-inicia-processo-para-concurso-publico-para-delegado-de-policia\/","robots":"max-image-preview:large","keywords":"","webmasterTools":{"miscellaneous":""},"schema":{"@context":"https:\/\/schema.org","@graph":[{"@type":"BlogPosting","@id":"https:\/\/anoticiaonline.com.br\/site\/governo-inicia-processo-para-concurso-publico-para-delegado-de-policia\/#blogposting","name":"Governo inicia processo para concurso p\u00fablico para Delegado de Pol\u00edcia - A Not\u00edcia Online","headline":"Governo inicia processo para concurso p\u00fablico para Delegado de Pol\u00edcia","author":{"@id":"https:\/\/anoticiaonline.com.br\/site\/author\/juliana\/#author"},"publisher":{"@id":"https:\/\/anoticiaonline.com.br\/site\/#organization"},"image":{"@type":"ImageObject","url":"https:\/\/anoticiaonline.com.br\/site\/wp-content\/uploads\/2017\/10\/concurso-policia-civil-mg-2014.jpg","width":500,"height":405},"datePublished":"2017-10-19T09:44:29-03:00","dateModified":"2017-10-19T09:44:29-03:00","inLanguage":"pt-BR","mainEntityOfPage":{"@id":"https:\/\/anoticiaonline.com.br\/site\/governo-inicia-processo-para-concurso-publico-para-delegado-de-policia\/#webpage"},"isPartOf":{"@id":"https:\/\/anoticiaonline.com.br\/site\/governo-inicia-processo-para-concurso-publico-para-delegado-de-policia\/#webpage"},"articleSection":"Gerais, delegado, governo de minas, Muria\u00e9, pcmg, seguran\u00e7a"},{"@type":"BreadcrumbList","@id":"https:\/\/anoticiaonline.com.br\/site\/governo-inicia-processo-para-concurso-publico-para-delegado-de-policia\/#breadcrumblist","itemListElement":[{"@type":"ListItem","@id":"https:\/\/anoticiaonline.com.br\/site#listItem","position":1,"name":"Home","item":"https:\/\/anoticiaonline.com.br\/site","nextItem":{"@type":"ListItem","@id":"https:\/\/anoticiaonline.com.br\/site\/categoria\/gerais\/#listItem","name":"Gerais"}},{"@type":"ListItem","@id":"https:\/\/anoticiaonline.com.br\/site\/categoria\/gerais\/#listItem","position":2,"name":"Gerais","item":"https:\/\/anoticiaonline.com.br\/site\/categoria\/gerais\/","nextItem":{"@type":"ListItem","@id":"https:\/\/anoticiaonline.com.br\/site\/governo-inicia-processo-para-concurso-publico-para-delegado-de-policia\/#listItem","name":"Governo inicia processo para concurso p\u00fablico para Delegado de Pol\u00edcia"},"previousItem":{"@type":"ListItem","@id":"https:\/\/anoticiaonline.com.br\/site#listItem","name":"Home"}},{"@type":"ListItem","@id":"https:\/\/anoticiaonline.com.br\/site\/governo-inicia-processo-para-concurso-publico-para-delegado-de-policia\/#listItem","position":3,"name":"Governo inicia processo para concurso p\u00fablico para Delegado de Pol\u00edcia","previousItem":{"@type":"ListItem","@id":"https:\/\/anoticiaonline.com.br\/site\/categoria\/gerais\/#listItem","name":"Gerais"}}]},{"@type":"Organization","@id":"https:\/\/anoticiaonline.com.br\/site\/#organization","name":"A Not\u00edcia Online","description":"Noticias de Muria\u00e9 e regi\u00e3o","url":"https:\/\/anoticiaonline.com.br\/site\/","logo":{"@type":"ImageObject","url":"https:\/\/scontent-gig4-1.xx.fbcdn.net\/v\/t39.30808-1\/270437624_4564083193639691_6907940295614233970_n.jpg?stp=dst-jpg_s200x200_tt6&_nc_cat=111&ccb=1-7&_nc_sid=f907e8&_nc_ohc=SM1wRlP3lJwQ7kNvwEPuBYA&_nc_oc=AdnqrjDN_BNjSSHWO-GbkIWH6fkGMLw4bqvL_NH6e2wMveX7G-rP2dAqsDSq1mJMOaY&_nc_zt=24&_nc_ht=scontent-gig4-1.xx&_nc_gid=AoBFJeGrT1hVaew_6rchkQ&oh=00_AfX7QmFGhQhG2jAllVgXCiM1ZrWgvtp80-Bfppyexh1QEg&oe=689E923C","@id":"https:\/\/anoticiaonline.com.br\/site\/governo-inicia-processo-para-concurso-publico-para-delegado-de-policia\/#organizationLogo"},"image":{"@id":"https:\/\/anoticiaonline.com.br\/site\/governo-inicia-processo-para-concurso-publico-para-delegado-de-policia\/#organizationLogo"}},{"@type":"Person","@id":"https:\/\/anoticiaonline.com.br\/site\/author\/juliana\/#author","url":"https:\/\/anoticiaonline.com.br\/site\/author\/juliana\/","name":"Juliana Laviola","image":{"@type":"ImageObject","@id":"https:\/\/anoticiaonline.com.br\/site\/governo-inicia-processo-para-concurso-publico-para-delegado-de-policia\/#authorImage","url":"https:\/\/secure.gravatar.com\/avatar\/b8d45f5c699b100dfaf0e543582f38f38bf94cb7ae3a5e9abf8d891a34773335?s=96&d=mm&r=g","width":96,"height":96,"caption":"Juliana Laviola"}},{"@type":"WebPage","@id":"https:\/\/anoticiaonline.com.br\/site\/governo-inicia-processo-para-concurso-publico-para-delegado-de-policia\/#webpage","url":"https:\/\/anoticiaonline.com.br\/site\/governo-inicia-processo-para-concurso-publico-para-delegado-de-policia\/","name":"Governo inicia processo para concurso p\u00fablico para Delegado de Pol\u00edcia - A Not\u00edcia Online","description":"O Governo de Minas Gerais, por meio da Pol\u00edcia Civil (PCMG), iniciou na ter\u00e7a-feira (17), os tr\u00e2mites necess\u00e1rios \u00e0 realiza\u00e7\u00e3o de novo concurso p\u00fablico para Delegado de Pol\u00edcia. Inicialmente, ser\u00e3o oferecidas 76 vagas para refor\u00e7ar o quadro de pessoal das delegacias no estado. A expectativa \u00e9 que o edital do certame seja publicado at\u00e9 dezembro","inLanguage":"pt-BR","isPartOf":{"@id":"https:\/\/anoticiaonline.com.br\/site\/#website"},"breadcrumb":{"@id":"https:\/\/anoticiaonline.com.br\/site\/governo-inicia-processo-para-concurso-publico-para-delegado-de-policia\/#breadcrumblist"},"author":{"@id":"https:\/\/anoticiaonline.com.br\/site\/author\/juliana\/#author"},"creator":{"@id":"https:\/\/anoticiaonline.com.br\/site\/author\/juliana\/#author"},"image":{"@type":"ImageObject","url":"https:\/\/anoticiaonline.com.br\/site\/wp-content\/uploads\/2017\/10\/concurso-policia-civil-mg-2014.jpg","@id":"https:\/\/anoticiaonline.com.br\/site\/governo-inicia-processo-para-concurso-publico-para-delegado-de-policia\/#mainImage","width":500,"height":405},"primaryImageOfPage":{"@id":"https:\/\/anoticiaonline.com.br\/site\/governo-inicia-processo-para-concurso-publico-para-delegado-de-policia\/#mainImage"},"datePublished":"2017-10-19T09:44:29-03:00","dateModified":"2017-10-19T09:44:29-03:00"},{"@type":"WebSite","@id":"https:\/\/anoticiaonline.com.br\/site\/#website","url":"https:\/\/anoticiaonline.com.br\/site\/","name":"A Not\u00edcia Online","description":"Noticias de Muria\u00e9 e regi\u00e3o","inLanguage":"pt-BR","publisher":{"@id":"https:\/\/anoticiaonline.com.br\/site\/#organization"}}]},"og:locale":"pt_BR","og:site_name":"A Not\u00edcia Online - Noticias de Muria\u00e9 e regi\u00e3o","og:type":"article","og:title":"Governo inicia processo para concurso p\u00fablico para Delegado de Pol\u00edcia - A Not\u00edcia Online","og:description":"O Governo de Minas Gerais, por meio da Pol\u00edcia Civil (PCMG), iniciou na ter\u00e7a-feira (17), os tr\u00e2mites necess\u00e1rios \u00e0 realiza\u00e7\u00e3o de novo concurso p\u00fablico para Delegado de Pol\u00edcia. Inicialmente, ser\u00e3o oferecidas 76 vagas para refor\u00e7ar o quadro de pessoal das delegacias no estado. A expectativa \u00e9 que o edital do certame seja publicado at\u00e9 dezembro","og:url":"https:\/\/anoticiaonline.com.br\/site\/governo-inicia-processo-para-concurso-publico-para-delegado-de-policia\/","og:image":"https:\/\/scontent-gig4-1.xx.fbcdn.net\/v\/t39.30808-1\/270437624_4564083193639691_6907940295614233970_n.jpg?stp=dst-jpg_s200x200_tt6&#038;_nc_cat=111&#038;ccb=1-7&#038;_nc_sid=f907e8&#038;_nc_ohc=SM1wRlP3lJwQ7kNvwEPuBYA&#038;_nc_oc=AdnqrjDN_BNjSSHWO-GbkIWH6fkGMLw4bqvL_NH6e2wMveX7G-rP2dAqsDSq1mJMOaY&#038;_nc_zt=24&#038;_nc_ht=scontent-gig4-1.xx&#038;_nc_gid=AoBFJeGrT1hVaew_6rchkQ&#038;oh=00_AfX7QmFGhQhG2jAllVgXCiM1ZrWgvtp80-Bfppyexh1QEg&#038;oe=689E923C","og:image:secure_url":"https:\/\/scontent-gig4-1.xx.fbcdn.net\/v\/t39.30808-1\/270437624_4564083193639691_6907940295614233970_n.jpg?stp=dst-jpg_s200x200_tt6&#038;_nc_cat=111&#038;ccb=1-7&#038;_nc_sid=f907e8&#038;_nc_ohc=SM1wRlP3lJwQ7kNvwEPuBYA&#038;_nc_oc=AdnqrjDN_BNjSSHWO-GbkIWH6fkGMLw4bqvL_NH6e2wMveX7G-rP2dAqsDSq1mJMOaY&#038;_nc_zt=24&#038;_nc_ht=scontent-gig4-1.xx&#038;_nc_gid=AoBFJeGrT1hVaew_6rchkQ&#038;oh=00_AfX7QmFGhQhG2jAllVgXCiM1ZrWgvtp80-Bfppyexh1QEg&#038;oe=689E923C","article:published_time":"2017-10-19T12:44:29+00:00","article:modified_time":"2017-10-19T12:44:29+00:00","twitter:card":"summary_large_image","twitter:title":"Governo inicia processo para concurso p\u00fablico para Delegado de Pol\u00edcia - A Not\u00edcia Online","twitter:description":"O Governo de Minas Gerais, por meio da Pol\u00edcia Civil (PCMG), iniciou na ter\u00e7a-feira (17), os tr\u00e2mites necess\u00e1rios \u00e0 realiza\u00e7\u00e3o de novo concurso p\u00fablico para Delegado de Pol\u00edcia. Inicialmente, ser\u00e3o oferecidas 76 vagas para refor\u00e7ar o quadro de pessoal das delegacias no estado. A expectativa \u00e9 que o edital do certame seja publicado at\u00e9 dezembro","twitter:image":"https:\/\/scontent-gig4-1.xx.fbcdn.net\/v\/t39.30808-1\/270437624_4564083193639691_6907940295614233970_n.jpg?stp=dst-jpg_s200x200_tt6&_nc_cat=111&ccb=1-7&_nc_sid=f907e8&_nc_ohc=SM1wRlP3lJwQ7kNvwEPuBYA&_nc_oc=AdnqrjDN_BNjSSHWO-GbkIWH6fkGMLw4bqvL_NH6e2wMveX7G-rP2dAqsDSq1mJMOaY&_nc_zt=24&_nc_ht=scontent-gig4-1.xx&_nc_gid=AoBFJeGrT1hVaew_6rchkQ&oh=00_AfX7QmFGhQhG2jAllVgXCiM1ZrWgvtp80-Bfppyexh1QEg&oe=689E923C"},"aioseo_meta_data":{"post_id":"42650","title":null,"description":null,"keywords":null,"keyphrases":null,"primary_term":null,"canonical_url":null,"og_title":null,"og_description":null,"og_object_type":"default","og_image_type":"default","og_image_url":null,"og_image_width":null,"og_image_height":null,"og_image_custom_url":null,"og_image_custom_fields":null,"og_video":null,"og_custom_url":null,"og_article_section":null,"og_article_tags":null,"twitter_use_og":false,"twitter_card":"default","twitter_image_type":"default","twitter_image_url":null,"twitter_image_custom_url":null,"twitter_image_custom_fields":null,"twitter_title":null,"twitter_description":null,"schema":{"blockGraphs":[],"customGraphs":[],"default":{"data":{"Article":[],"Course":[],"Dataset":[],"FAQPage":[],"Movie":[],"Person":[],"Product":[],"ProductReview":[],"Car":[],"Recipe":[],"Service":[],"SoftwareApplication":[],"WebPage":[]},"graphName":"","isEnabled":true},"graphs":[]},"schema_type":"default","schema_type_options":null,"pillar_content":false,"robots_default":true,"robots_noindex":false,"robots_noarchive":false,"robots_nosnippet":false,"robots_nofollow":false,"robots_noimageindex":false,"robots_noodp":false,"robots_notranslate":false,"robots_max_snippet":null,"robots_max_videopreview":null,"robots_max_imagepreview":"large","priority":null,"frequency":null,"local_seo":null,"breadcrumb_settings":null,"limit_modified_date":false,"ai":null,"created":"2025-08-16 19:39:29","updated":"2025-08-16 19:39:29","focus_keyword":null,"additional_keywords":null,"truseo_locale":null,"seo_analyzer_scan_date":null},"aioseo_breadcrumb":"<div class=\"aioseo-breadcrumbs\"><span class=\"aioseo-breadcrumb\">\n\t\t\t<a href=\"https:\/\/anoticiaonline.com.br\/site\" title=\"Home\">Home<\/a>\n\t\t<\/span><span class=\"aioseo-breadcrumb-separator\">&raquo;<\/span><span class=\"aioseo-breadcrumb\">\n\t\t\t<a href=\"https:\/\/anoticiaonline.com.br\/site\/categoria\/gerais\/\" title=\"Gerais\">Gerais<\/a>\n\t\t<\/span><span class=\"aioseo-breadcrumb-separator\">&raquo;<\/span><span class=\"aioseo-breadcrumb\">\n\t\t\tGoverno inicia processo para concurso p\u00fablico para Delegado de Pol\u00edcia\n\t\t<\/span><\/div>","aioseo_breadcrumb_json":[{"label":"Home","link":"https:\/\/anoticiaonline.com.br\/site"},{"label":"Gerais","link":"https:\/\/anoticiaonline.com.br\/site\/categoria\/gerais\/"},{"label":"Governo inicia processo para concurso p\u00fablico para Delegado de Pol\u00edcia","link":"https:\/\/anoticiaonline.com.br\/site\/governo-inicia-processo-para-concurso-publico-para-delegado-de-policia\/"}],"views":165,"_links":{"self":[{"href":"https:\/\/anoticiaonline.com.br\/site\/wp-json\/wp\/v2\/posts\/42650","targetHints":{"allow":["GET"]}}],"collection":[{"href":"https:\/\/anoticiaonline.com.br\/site\/wp-json\/wp\/v2\/posts"}],"about":[{"href":"https:\/\/anoticiaonline.com.br\/site\/wp-json\/wp\/v2\/types\/post"}],"author":[{"embeddable":true,"href":"https:\/\/anoticiaonline.com.br\/site\/wp-json\/wp\/v2\/users\/2"}],"replies":[{"embeddable":true,"href":"https:\/\/anoticiaonline.com.br\/site\/wp-json\/wp\/v2\/comments?post=42650"}],"version-history":[{"count":0,"href":"https:\/\/anoticiaonline.com.br\/site\/wp-json\/wp\/v2\/posts\/42650\/revisions"}],"wp:featuredmedia":[{"embeddable":true,"href":"https:\/\/anoticiaonline.com.br\/site\/wp-json\/wp\/v2\/media\/42651"}],"wp:attachment":[{"href":"https:\/\/anoticiaonline.com.br\/site\/wp-json\/wp\/v2\/media?parent=42650"}],"wp:term":[{"taxonomy":"category","embeddable":true,"href":"https:\/\/anoticiaonline.com.br\/site\/wp-json\/wp\/v2\/categories?post=42650"},{"taxonomy":"post_tag","embeddable":true,"href":"https:\/\/anoticiaonline.com.br\/site\/wp-json\/wp\/v2\/tags?post=42650"}],"curies":[{"name":"wp","href":"https:\/\/api.w.org\/{rel}","templated":true}]}}