{"id":42646,"date":"2017-10-18T16:52:06","date_gmt":"2017-10-18T19:52:06","guid":{"rendered":"http:\/\/anoticiaonline.com.br\/site\/?p=42646"},"modified":"2017-10-18T16:53:48","modified_gmt":"2017-10-18T19:53:48","slug":"amle-promove-concerto-experimental","status":"publish","type":"post","link":"https:\/\/anoticiaonline.com.br\/site\/amle-promove-concerto-experimental\/","title":{"rendered":"AMLE promove concerto experimental"},"content":{"rendered":"<figure id=\"attachment_42647\" aria-describedby=\"caption-attachment-42647\" style=\"width: 212px\" class=\"wp-caption alignleft\"><a href=\"https:\/\/anoticiaonline.com.br\/site\/wp-content\/uploads\/2017\/10\/AMLE-promove-concerto-experimental.jpg\"><img fetchpriority=\"high\" decoding=\"async\" class=\"size-medium wp-image-42647\" src=\"https:\/\/anoticiaonline.com.br\/site\/wp-content\/uploads\/2017\/10\/AMLE-promove-concerto-experimental-222x300.jpg\" alt=\"\" width=\"222\" height=\"300\" srcset=\"https:\/\/anoticiaonline.com.br\/site\/wp-content\/uploads\/2017\/10\/AMLE-promove-concerto-experimental-222x300.jpg 222w, https:\/\/anoticiaonline.com.br\/site\/wp-content\/uploads\/2017\/10\/AMLE-promove-concerto-experimental.jpg 473w\" sizes=\"(max-width: 222px) 100vw, 222px\" \/><\/a><figcaption id=\"caption-attachment-42647\" class=\"wp-caption-text\">Cr\u00e9ditos: ASCOM AMLE<\/figcaption><\/figure>\n<p>A Academia Muriaeense de Letras (AMLE), neste ano promover\u00e1 uma inova\u00e7\u00e3o em sua agenda cultural com a apresenta\u00e7\u00e3o de &#8220;O melhor da MPB&#8221;, numa forma\u00e7\u00e3o com trombone, piano e percuss\u00e3o, no s\u00e1bado (21), \u00e0s 20h30, na sede da AMLE, na Vila Eud\u00f3xia Canedo, n\u00famero 2, no Centro.<\/p>\n<p>A convite da AMLE, os m\u00fasicos Gilvan Paiva (piano) e Anderson Joia (percuss\u00e3o) acompanhar\u00e3o o trombone de vara tenor do respeitado trombonista, Elton Martins, o Jacar\u00e9. O desafio, nada convencional, de harmonizar esses tr\u00eas timbres em uma composi\u00e7\u00e3o instrumental traz a expectativa de um concerto belo e refinado, com o melhor da MPB, em vers\u00f5es ousadas, criativas e originais.<\/p>\n<p>Para reserva de lugares com valores promocionais, acesse o link: <a href=\"http:\/\/goo.gl\/forms\/CYrQfbSK6gFGtgHI2\">http:\/\/goo.gl\/forms\/CYrQfbSK6gFGtgHI2<\/a><\/p>\n<p>Entrada:<br \/>\nR$ 20,00 (Valor promocional para reservas pela Internet)<br \/>\nR$15,00 (Meia &#8211; para estudantes)<br \/>\nR$ 30,00 Inteira<\/p>\n<p>Mais informa\u00e7\u00f5es: Cristian Lima (presidente) \u2013 32 9 8829-8079 e Elias Muratori (diretor de rela\u00e7\u00f5es p\u00fablicas) \u2013 32 98886-0258<\/p>\n","protected":false},"excerpt":{"rendered":"<p>A Academia Muriaeense de Letras (AMLE), neste ano promover\u00e1 uma inova\u00e7\u00e3o em sua agenda cultural com a apresenta\u00e7\u00e3o de &#8220;O melhor da MPB&#8221;, numa forma\u00e7\u00e3o com trombone, piano e percuss\u00e3o, no s\u00e1bado (21), \u00e0s 20h30, na sede da AMLE, na Vila Eud\u00f3xia Canedo, n\u00famero 2, no Centro. A convite da AMLE, os m\u00fasicos Gilvan Paiva &#8230; <a title=\"AMLE promove concerto experimental\" class=\"read-more\" href=\"https:\/\/anoticiaonline.com.br\/site\/amle-promove-concerto-experimental\/\" aria-label=\"Read more about AMLE promove concerto experimental\">Ler mais<\/a><\/p>\n","protected":false},"author":2,"featured_media":42647,"comment_status":"open","ping_status":"open","sticky":false,"template":"","format":"standard","meta":{"_acf_changed":false,"_monsterinsights_skip_tracking":false,"footnotes":""},"categories":[30,19],"tags":[102,1362,1361,1060,74,854,3],"class_list":["post-42646","post","type-post","status-publish","format-standard","has-post-thumbnail","hentry","category-muriae","category-cultura","tag-amle","tag-arte","tag-ingresso","tag-mpb","tag-muriae","tag-musica","tag-slide"],"acf":[],"aioseo_notices":[],"aioseo_head":"\n\t\t<!-- All in One SEO 5.0.0.1 - aioseo.com -->\n\t<meta name=\"description\" content=\"A Academia Muriaeense de Letras (AMLE), neste ano promover\u00e1 uma inova\u00e7\u00e3o em sua agenda cultural com a apresenta\u00e7\u00e3o de &quot;O melhor da MPB&quot;, numa forma\u00e7\u00e3o com trombone, piano e percuss\u00e3o, no s\u00e1bado (21), \u00e0s 20h30, na sede da AMLE, na Vila Eud\u00f3xia Canedo, n\u00famero 2, no Centro. A convite da AMLE, os m\u00fasicos Gilvan Paiva\" \/>\n\t<meta name=\"robots\" content=\"max-image-preview:large\" \/>\n\t<meta name=\"author\" content=\"Juliana Laviola\"\/>\n\t<link rel=\"canonical\" href=\"https:\/\/anoticiaonline.com.br\/site\/amle-promove-concerto-experimental\/\" \/>\n\t<meta name=\"generator\" content=\"All in One SEO (AIOSEO) 5.0.0.1\" \/>\n\t\t<meta property=\"og:locale\" content=\"pt_BR\" \/>\n\t\t<meta property=\"og:site_name\" content=\"A Not\u00edcia Online - Noticias de Muria\u00e9 e regi\u00e3o\" \/>\n\t\t<meta property=\"og:type\" content=\"article\" \/>\n\t\t<meta property=\"og:title\" content=\"AMLE promove concerto experimental - A Not\u00edcia Online\" \/>\n\t\t<meta property=\"og:description\" content=\"A Academia Muriaeense de Letras (AMLE), neste ano promover\u00e1 uma inova\u00e7\u00e3o em sua agenda cultural com a apresenta\u00e7\u00e3o de &quot;O melhor da MPB&quot;, numa forma\u00e7\u00e3o com trombone, piano e percuss\u00e3o, no s\u00e1bado (21), \u00e0s 20h30, na sede da AMLE, na Vila Eud\u00f3xia Canedo, n\u00famero 2, no Centro. A convite da AMLE, os m\u00fasicos Gilvan Paiva\" \/>\n\t\t<meta property=\"og:url\" content=\"https:\/\/anoticiaonline.com.br\/site\/amle-promove-concerto-experimental\/\" \/>\n\t\t<meta property=\"og:image\" content=\"https:\/\/scontent-gig4-1.xx.fbcdn.net\/v\/t39.30808-1\/270437624_4564083193639691_6907940295614233970_n.jpg?stp=dst-jpg_s200x200_tt6&#038;_nc_cat=111&#038;ccb=1-7&#038;_nc_sid=f907e8&#038;_nc_ohc=SM1wRlP3lJwQ7kNvwEPuBYA&#038;_nc_oc=AdnqrjDN_BNjSSHWO-GbkIWH6fkGMLw4bqvL_NH6e2wMveX7G-rP2dAqsDSq1mJMOaY&#038;_nc_zt=24&#038;_nc_ht=scontent-gig4-1.xx&#038;_nc_gid=AoBFJeGrT1hVaew_6rchkQ&#038;oh=00_AfX7QmFGhQhG2jAllVgXCiM1ZrWgvtp80-Bfppyexh1QEg&#038;oe=689E923C\" \/>\n\t\t<meta property=\"og:image:secure_url\" content=\"https:\/\/scontent-gig4-1.xx.fbcdn.net\/v\/t39.30808-1\/270437624_4564083193639691_6907940295614233970_n.jpg?stp=dst-jpg_s200x200_tt6&#038;_nc_cat=111&#038;ccb=1-7&#038;_nc_sid=f907e8&#038;_nc_ohc=SM1wRlP3lJwQ7kNvwEPuBYA&#038;_nc_oc=AdnqrjDN_BNjSSHWO-GbkIWH6fkGMLw4bqvL_NH6e2wMveX7G-rP2dAqsDSq1mJMOaY&#038;_nc_zt=24&#038;_nc_ht=scontent-gig4-1.xx&#038;_nc_gid=AoBFJeGrT1hVaew_6rchkQ&#038;oh=00_AfX7QmFGhQhG2jAllVgXCiM1ZrWgvtp80-Bfppyexh1QEg&#038;oe=689E923C\" \/>\n\t\t<meta property=\"article:published_time\" content=\"2017-10-18T19:52:06+00:00\" \/>\n\t\t<meta property=\"article:modified_time\" content=\"2017-10-18T19:53:48+00:00\" \/>\n\t\t<meta name=\"twitter:card\" content=\"summary_large_image\" \/>\n\t\t<meta name=\"twitter:title\" content=\"AMLE promove concerto experimental - A Not\u00edcia Online\" \/>\n\t\t<meta name=\"twitter:description\" content=\"A Academia Muriaeense de Letras (AMLE), neste ano promover\u00e1 uma inova\u00e7\u00e3o em sua agenda cultural com a apresenta\u00e7\u00e3o de &quot;O melhor da MPB&quot;, numa forma\u00e7\u00e3o com trombone, piano e percuss\u00e3o, no s\u00e1bado (21), \u00e0s 20h30, na sede da AMLE, na Vila Eud\u00f3xia Canedo, n\u00famero 2, no Centro. A convite da AMLE, os m\u00fasicos Gilvan Paiva\" \/>\n\t\t<meta name=\"twitter:image\" content=\"https:\/\/scontent-gig4-1.xx.fbcdn.net\/v\/t39.30808-1\/270437624_4564083193639691_6907940295614233970_n.jpg?stp=dst-jpg_s200x200_tt6&amp;_nc_cat=111&amp;ccb=1-7&amp;_nc_sid=f907e8&amp;_nc_ohc=SM1wRlP3lJwQ7kNvwEPuBYA&amp;_nc_oc=AdnqrjDN_BNjSSHWO-GbkIWH6fkGMLw4bqvL_NH6e2wMveX7G-rP2dAqsDSq1mJMOaY&amp;_nc_zt=24&amp;_nc_ht=scontent-gig4-1.xx&amp;_nc_gid=AoBFJeGrT1hVaew_6rchkQ&amp;oh=00_AfX7QmFGhQhG2jAllVgXCiM1ZrWgvtp80-Bfppyexh1QEg&amp;oe=689E923C\" \/>\n\t\t<script type=\"application\/ld+json\" class=\"aioseo-schema\">\n\t\t\t{\"@context\":\"https:\\\/\\\/schema.org\",\"@graph\":[{\"@type\":\"BlogPosting\",\"@id\":\"https:\\\/\\\/anoticiaonline.com.br\\\/site\\\/amle-promove-concerto-experimental\\\/#blogposting\",\"name\":\"AMLE promove concerto experimental - A Not\\u00edcia Online\",\"headline\":\"AMLE promove concerto experimental\",\"author\":{\"@id\":\"https:\\\/\\\/anoticiaonline.com.br\\\/site\\\/author\\\/juliana\\\/#author\"},\"publisher\":{\"@id\":\"https:\\\/\\\/anoticiaonline.com.br\\\/site\\\/#organization\"},\"image\":{\"@type\":\"ImageObject\",\"url\":\"https:\\\/\\\/anoticiaonline.com.br\\\/site\\\/wp-content\\\/uploads\\\/2017\\\/10\\\/AMLE-promove-concerto-experimental.jpg\",\"width\":473,\"height\":640,\"caption\":\"Cr\\u00e9ditos: ASCOM AMLE\"},\"datePublished\":\"2017-10-18T16:52:06-03:00\",\"dateModified\":\"2017-10-18T16:53:48-03:00\",\"inLanguage\":\"pt-BR\",\"mainEntityOfPage\":{\"@id\":\"https:\\\/\\\/anoticiaonline.com.br\\\/site\\\/amle-promove-concerto-experimental\\\/#webpage\"},\"isPartOf\":{\"@id\":\"https:\\\/\\\/anoticiaonline.com.br\\\/site\\\/amle-promove-concerto-experimental\\\/#webpage\"},\"articleSection\":\"Blog, Cultura, amle, arte, ingresso, mpb, Muria\\u00e9, m\\u00fasica, slide\"},{\"@type\":\"BreadcrumbList\",\"@id\":\"https:\\\/\\\/anoticiaonline.com.br\\\/site\\\/amle-promove-concerto-experimental\\\/#breadcrumblist\",\"itemListElement\":[{\"@type\":\"ListItem\",\"@id\":\"https:\\\/\\\/anoticiaonline.com.br\\\/site#listItem\",\"position\":1,\"name\":\"Home\",\"item\":\"https:\\\/\\\/anoticiaonline.com.br\\\/site\",\"nextItem\":{\"@type\":\"ListItem\",\"@id\":\"https:\\\/\\\/anoticiaonline.com.br\\\/site\\\/categoria\\\/muriae\\\/#listItem\",\"name\":\"Blog\"}},{\"@type\":\"ListItem\",\"@id\":\"https:\\\/\\\/anoticiaonline.com.br\\\/site\\\/categoria\\\/muriae\\\/#listItem\",\"position\":2,\"name\":\"Blog\",\"item\":\"https:\\\/\\\/anoticiaonline.com.br\\\/site\\\/categoria\\\/muriae\\\/\",\"nextItem\":{\"@type\":\"ListItem\",\"@id\":\"https:\\\/\\\/anoticiaonline.com.br\\\/site\\\/categoria\\\/muriae\\\/cultura\\\/#listItem\",\"name\":\"Cultura\"},\"previousItem\":{\"@type\":\"ListItem\",\"@id\":\"https:\\\/\\\/anoticiaonline.com.br\\\/site#listItem\",\"name\":\"Home\"}},{\"@type\":\"ListItem\",\"@id\":\"https:\\\/\\\/anoticiaonline.com.br\\\/site\\\/categoria\\\/muriae\\\/cultura\\\/#listItem\",\"position\":3,\"name\":\"Cultura\",\"item\":\"https:\\\/\\\/anoticiaonline.com.br\\\/site\\\/categoria\\\/muriae\\\/cultura\\\/\",\"nextItem\":{\"@type\":\"ListItem\",\"@id\":\"https:\\\/\\\/anoticiaonline.com.br\\\/site\\\/amle-promove-concerto-experimental\\\/#listItem\",\"name\":\"AMLE promove concerto experimental\"},\"previousItem\":{\"@type\":\"ListItem\",\"@id\":\"https:\\\/\\\/anoticiaonline.com.br\\\/site\\\/categoria\\\/muriae\\\/#listItem\",\"name\":\"Blog\"}},{\"@type\":\"ListItem\",\"@id\":\"https:\\\/\\\/anoticiaonline.com.br\\\/site\\\/amle-promove-concerto-experimental\\\/#listItem\",\"position\":4,\"name\":\"AMLE promove concerto experimental\",\"previousItem\":{\"@type\":\"ListItem\",\"@id\":\"https:\\\/\\\/anoticiaonline.com.br\\\/site\\\/categoria\\\/muriae\\\/cultura\\\/#listItem\",\"name\":\"Cultura\"}}]},{\"@type\":\"Organization\",\"@id\":\"https:\\\/\\\/anoticiaonline.com.br\\\/site\\\/#organization\",\"name\":\"A Not\\u00edcia Online\",\"description\":\"Noticias de Muria\\u00e9 e regi\\u00e3o\",\"url\":\"https:\\\/\\\/anoticiaonline.com.br\\\/site\\\/\",\"logo\":{\"@type\":\"ImageObject\",\"url\":\"https:\\\/\\\/scontent-gig4-1.xx.fbcdn.net\\\/v\\\/t39.30808-1\\\/270437624_4564083193639691_6907940295614233970_n.jpg?stp=dst-jpg_s200x200_tt6&_nc_cat=111&ccb=1-7&_nc_sid=f907e8&_nc_ohc=SM1wRlP3lJwQ7kNvwEPuBYA&_nc_oc=AdnqrjDN_BNjSSHWO-GbkIWH6fkGMLw4bqvL_NH6e2wMveX7G-rP2dAqsDSq1mJMOaY&_nc_zt=24&_nc_ht=scontent-gig4-1.xx&_nc_gid=AoBFJeGrT1hVaew_6rchkQ&oh=00_AfX7QmFGhQhG2jAllVgXCiM1ZrWgvtp80-Bfppyexh1QEg&oe=689E923C\",\"@id\":\"https:\\\/\\\/anoticiaonline.com.br\\\/site\\\/amle-promove-concerto-experimental\\\/#organizationLogo\"},\"image\":{\"@id\":\"https:\\\/\\\/anoticiaonline.com.br\\\/site\\\/amle-promove-concerto-experimental\\\/#organizationLogo\"}},{\"@type\":\"Person\",\"@id\":\"https:\\\/\\\/anoticiaonline.com.br\\\/site\\\/author\\\/juliana\\\/#author\",\"url\":\"https:\\\/\\\/anoticiaonline.com.br\\\/site\\\/author\\\/juliana\\\/\",\"name\":\"Juliana Laviola\",\"image\":{\"@type\":\"ImageObject\",\"@id\":\"https:\\\/\\\/anoticiaonline.com.br\\\/site\\\/amle-promove-concerto-experimental\\\/#authorImage\",\"url\":\"https:\\\/\\\/secure.gravatar.com\\\/avatar\\\/b8d45f5c699b100dfaf0e543582f38f38bf94cb7ae3a5e9abf8d891a34773335?s=96&d=mm&r=g\",\"width\":96,\"height\":96,\"caption\":\"Juliana Laviola\"}},{\"@type\":\"WebPage\",\"@id\":\"https:\\\/\\\/anoticiaonline.com.br\\\/site\\\/amle-promove-concerto-experimental\\\/#webpage\",\"url\":\"https:\\\/\\\/anoticiaonline.com.br\\\/site\\\/amle-promove-concerto-experimental\\\/\",\"name\":\"AMLE promove concerto experimental - A Not\\u00edcia Online\",\"description\":\"A Academia Muriaeense de Letras (AMLE), neste ano promover\\u00e1 uma inova\\u00e7\\u00e3o em sua agenda cultural com a apresenta\\u00e7\\u00e3o de \\\"O melhor da MPB\\\", numa forma\\u00e7\\u00e3o com trombone, piano e percuss\\u00e3o, no s\\u00e1bado (21), \\u00e0s 20h30, na sede da AMLE, na Vila Eud\\u00f3xia Canedo, n\\u00famero 2, no Centro. A convite da AMLE, os m\\u00fasicos Gilvan Paiva\",\"inLanguage\":\"pt-BR\",\"isPartOf\":{\"@id\":\"https:\\\/\\\/anoticiaonline.com.br\\\/site\\\/#website\"},\"breadcrumb\":{\"@id\":\"https:\\\/\\\/anoticiaonline.com.br\\\/site\\\/amle-promove-concerto-experimental\\\/#breadcrumblist\"},\"author\":{\"@id\":\"https:\\\/\\\/anoticiaonline.com.br\\\/site\\\/author\\\/juliana\\\/#author\"},\"creator\":{\"@id\":\"https:\\\/\\\/anoticiaonline.com.br\\\/site\\\/author\\\/juliana\\\/#author\"},\"image\":{\"@type\":\"ImageObject\",\"url\":\"https:\\\/\\\/anoticiaonline.com.br\\\/site\\\/wp-content\\\/uploads\\\/2017\\\/10\\\/AMLE-promove-concerto-experimental.jpg\",\"@id\":\"https:\\\/\\\/anoticiaonline.com.br\\\/site\\\/amle-promove-concerto-experimental\\\/#mainImage\",\"width\":473,\"height\":640,\"caption\":\"Cr\\u00e9ditos: ASCOM AMLE\"},\"primaryImageOfPage\":{\"@id\":\"https:\\\/\\\/anoticiaonline.com.br\\\/site\\\/amle-promove-concerto-experimental\\\/#mainImage\"},\"datePublished\":\"2017-10-18T16:52:06-03:00\",\"dateModified\":\"2017-10-18T16:53:48-03:00\"},{\"@type\":\"WebSite\",\"@id\":\"https:\\\/\\\/anoticiaonline.com.br\\\/site\\\/#website\",\"url\":\"https:\\\/\\\/anoticiaonline.com.br\\\/site\\\/\",\"name\":\"A Not\\u00edcia Online\",\"description\":\"Noticias de Muria\\u00e9 e regi\\u00e3o\",\"inLanguage\":\"pt-BR\",\"publisher\":{\"@id\":\"https:\\\/\\\/anoticiaonline.com.br\\\/site\\\/#organization\"}}]}\n\t\t<\/script>\n\t\t<!-- All in One SEO -->\n\n","aioseo_head_json":{"title":"AMLE promove concerto experimental - A Not\u00edcia Online","description":"A Academia Muriaeense de Letras (AMLE), neste ano promover\u00e1 uma inova\u00e7\u00e3o em sua agenda cultural com a apresenta\u00e7\u00e3o de \"O melhor da MPB\", numa forma\u00e7\u00e3o com trombone, piano e percuss\u00e3o, no s\u00e1bado (21), \u00e0s 20h30, na sede da AMLE, na Vila Eud\u00f3xia Canedo, n\u00famero 2, no Centro. A convite da AMLE, os m\u00fasicos Gilvan Paiva","canonical_url":"https:\/\/anoticiaonline.com.br\/site\/amle-promove-concerto-experimental\/","robots":"max-image-preview:large","keywords":"","webmasterTools":{"miscellaneous":""},"schema":{"@context":"https:\/\/schema.org","@graph":[{"@type":"BlogPosting","@id":"https:\/\/anoticiaonline.com.br\/site\/amle-promove-concerto-experimental\/#blogposting","name":"AMLE promove concerto experimental - A Not\u00edcia Online","headline":"AMLE promove concerto experimental","author":{"@id":"https:\/\/anoticiaonline.com.br\/site\/author\/juliana\/#author"},"publisher":{"@id":"https:\/\/anoticiaonline.com.br\/site\/#organization"},"image":{"@type":"ImageObject","url":"https:\/\/anoticiaonline.com.br\/site\/wp-content\/uploads\/2017\/10\/AMLE-promove-concerto-experimental.jpg","width":473,"height":640,"caption":"Cr\u00e9ditos: ASCOM AMLE"},"datePublished":"2017-10-18T16:52:06-03:00","dateModified":"2017-10-18T16:53:48-03:00","inLanguage":"pt-BR","mainEntityOfPage":{"@id":"https:\/\/anoticiaonline.com.br\/site\/amle-promove-concerto-experimental\/#webpage"},"isPartOf":{"@id":"https:\/\/anoticiaonline.com.br\/site\/amle-promove-concerto-experimental\/#webpage"},"articleSection":"Blog, Cultura, amle, arte, ingresso, mpb, Muria\u00e9, m\u00fasica, slide"},{"@type":"BreadcrumbList","@id":"https:\/\/anoticiaonline.com.br\/site\/amle-promove-concerto-experimental\/#breadcrumblist","itemListElement":[{"@type":"ListItem","@id":"https:\/\/anoticiaonline.com.br\/site#listItem","position":1,"name":"Home","item":"https:\/\/anoticiaonline.com.br\/site","nextItem":{"@type":"ListItem","@id":"https:\/\/anoticiaonline.com.br\/site\/categoria\/muriae\/#listItem","name":"Blog"}},{"@type":"ListItem","@id":"https:\/\/anoticiaonline.com.br\/site\/categoria\/muriae\/#listItem","position":2,"name":"Blog","item":"https:\/\/anoticiaonline.com.br\/site\/categoria\/muriae\/","nextItem":{"@type":"ListItem","@id":"https:\/\/anoticiaonline.com.br\/site\/categoria\/muriae\/cultura\/#listItem","name":"Cultura"},"previousItem":{"@type":"ListItem","@id":"https:\/\/anoticiaonline.com.br\/site#listItem","name":"Home"}},{"@type":"ListItem","@id":"https:\/\/anoticiaonline.com.br\/site\/categoria\/muriae\/cultura\/#listItem","position":3,"name":"Cultura","item":"https:\/\/anoticiaonline.com.br\/site\/categoria\/muriae\/cultura\/","nextItem":{"@type":"ListItem","@id":"https:\/\/anoticiaonline.com.br\/site\/amle-promove-concerto-experimental\/#listItem","name":"AMLE promove concerto experimental"},"previousItem":{"@type":"ListItem","@id":"https:\/\/anoticiaonline.com.br\/site\/categoria\/muriae\/#listItem","name":"Blog"}},{"@type":"ListItem","@id":"https:\/\/anoticiaonline.com.br\/site\/amle-promove-concerto-experimental\/#listItem","position":4,"name":"AMLE promove concerto experimental","previousItem":{"@type":"ListItem","@id":"https:\/\/anoticiaonline.com.br\/site\/categoria\/muriae\/cultura\/#listItem","name":"Cultura"}}]},{"@type":"Organization","@id":"https:\/\/anoticiaonline.com.br\/site\/#organization","name":"A Not\u00edcia Online","description":"Noticias de Muria\u00e9 e regi\u00e3o","url":"https:\/\/anoticiaonline.com.br\/site\/","logo":{"@type":"ImageObject","url":"https:\/\/scontent-gig4-1.xx.fbcdn.net\/v\/t39.30808-1\/270437624_4564083193639691_6907940295614233970_n.jpg?stp=dst-jpg_s200x200_tt6&_nc_cat=111&ccb=1-7&_nc_sid=f907e8&_nc_ohc=SM1wRlP3lJwQ7kNvwEPuBYA&_nc_oc=AdnqrjDN_BNjSSHWO-GbkIWH6fkGMLw4bqvL_NH6e2wMveX7G-rP2dAqsDSq1mJMOaY&_nc_zt=24&_nc_ht=scontent-gig4-1.xx&_nc_gid=AoBFJeGrT1hVaew_6rchkQ&oh=00_AfX7QmFGhQhG2jAllVgXCiM1ZrWgvtp80-Bfppyexh1QEg&oe=689E923C","@id":"https:\/\/anoticiaonline.com.br\/site\/amle-promove-concerto-experimental\/#organizationLogo"},"image":{"@id":"https:\/\/anoticiaonline.com.br\/site\/amle-promove-concerto-experimental\/#organizationLogo"}},{"@type":"Person","@id":"https:\/\/anoticiaonline.com.br\/site\/author\/juliana\/#author","url":"https:\/\/anoticiaonline.com.br\/site\/author\/juliana\/","name":"Juliana Laviola","image":{"@type":"ImageObject","@id":"https:\/\/anoticiaonline.com.br\/site\/amle-promove-concerto-experimental\/#authorImage","url":"https:\/\/secure.gravatar.com\/avatar\/b8d45f5c699b100dfaf0e543582f38f38bf94cb7ae3a5e9abf8d891a34773335?s=96&d=mm&r=g","width":96,"height":96,"caption":"Juliana Laviola"}},{"@type":"WebPage","@id":"https:\/\/anoticiaonline.com.br\/site\/amle-promove-concerto-experimental\/#webpage","url":"https:\/\/anoticiaonline.com.br\/site\/amle-promove-concerto-experimental\/","name":"AMLE promove concerto experimental - A Not\u00edcia Online","description":"A Academia Muriaeense de Letras (AMLE), neste ano promover\u00e1 uma inova\u00e7\u00e3o em sua agenda cultural com a apresenta\u00e7\u00e3o de \"O melhor da MPB\", numa forma\u00e7\u00e3o com trombone, piano e percuss\u00e3o, no s\u00e1bado (21), \u00e0s 20h30, na sede da AMLE, na Vila Eud\u00f3xia Canedo, n\u00famero 2, no Centro. A convite da AMLE, os m\u00fasicos Gilvan Paiva","inLanguage":"pt-BR","isPartOf":{"@id":"https:\/\/anoticiaonline.com.br\/site\/#website"},"breadcrumb":{"@id":"https:\/\/anoticiaonline.com.br\/site\/amle-promove-concerto-experimental\/#breadcrumblist"},"author":{"@id":"https:\/\/anoticiaonline.com.br\/site\/author\/juliana\/#author"},"creator":{"@id":"https:\/\/anoticiaonline.com.br\/site\/author\/juliana\/#author"},"image":{"@type":"ImageObject","url":"https:\/\/anoticiaonline.com.br\/site\/wp-content\/uploads\/2017\/10\/AMLE-promove-concerto-experimental.jpg","@id":"https:\/\/anoticiaonline.com.br\/site\/amle-promove-concerto-experimental\/#mainImage","width":473,"height":640,"caption":"Cr\u00e9ditos: ASCOM AMLE"},"primaryImageOfPage":{"@id":"https:\/\/anoticiaonline.com.br\/site\/amle-promove-concerto-experimental\/#mainImage"},"datePublished":"2017-10-18T16:52:06-03:00","dateModified":"2017-10-18T16:53:48-03:00"},{"@type":"WebSite","@id":"https:\/\/anoticiaonline.com.br\/site\/#website","url":"https:\/\/anoticiaonline.com.br\/site\/","name":"A Not\u00edcia Online","description":"Noticias de Muria\u00e9 e regi\u00e3o","inLanguage":"pt-BR","publisher":{"@id":"https:\/\/anoticiaonline.com.br\/site\/#organization"}}]},"og:locale":"pt_BR","og:site_name":"A Not\u00edcia Online - Noticias de Muria\u00e9 e regi\u00e3o","og:type":"article","og:title":"AMLE promove concerto experimental - A Not\u00edcia Online","og:description":"A Academia Muriaeense de Letras (AMLE), neste ano promover\u00e1 uma inova\u00e7\u00e3o em sua agenda cultural com a apresenta\u00e7\u00e3o de &quot;O melhor da MPB&quot;, numa forma\u00e7\u00e3o com trombone, piano e percuss\u00e3o, no s\u00e1bado (21), \u00e0s 20h30, na sede da AMLE, na Vila Eud\u00f3xia Canedo, n\u00famero 2, no Centro. A convite da AMLE, os m\u00fasicos Gilvan Paiva","og:url":"https:\/\/anoticiaonline.com.br\/site\/amle-promove-concerto-experimental\/","og:image":"https:\/\/scontent-gig4-1.xx.fbcdn.net\/v\/t39.30808-1\/270437624_4564083193639691_6907940295614233970_n.jpg?stp=dst-jpg_s200x200_tt6&#038;_nc_cat=111&#038;ccb=1-7&#038;_nc_sid=f907e8&#038;_nc_ohc=SM1wRlP3lJwQ7kNvwEPuBYA&#038;_nc_oc=AdnqrjDN_BNjSSHWO-GbkIWH6fkGMLw4bqvL_NH6e2wMveX7G-rP2dAqsDSq1mJMOaY&#038;_nc_zt=24&#038;_nc_ht=scontent-gig4-1.xx&#038;_nc_gid=AoBFJeGrT1hVaew_6rchkQ&#038;oh=00_AfX7QmFGhQhG2jAllVgXCiM1ZrWgvtp80-Bfppyexh1QEg&#038;oe=689E923C","og:image:secure_url":"https:\/\/scontent-gig4-1.xx.fbcdn.net\/v\/t39.30808-1\/270437624_4564083193639691_6907940295614233970_n.jpg?stp=dst-jpg_s200x200_tt6&#038;_nc_cat=111&#038;ccb=1-7&#038;_nc_sid=f907e8&#038;_nc_ohc=SM1wRlP3lJwQ7kNvwEPuBYA&#038;_nc_oc=AdnqrjDN_BNjSSHWO-GbkIWH6fkGMLw4bqvL_NH6e2wMveX7G-rP2dAqsDSq1mJMOaY&#038;_nc_zt=24&#038;_nc_ht=scontent-gig4-1.xx&#038;_nc_gid=AoBFJeGrT1hVaew_6rchkQ&#038;oh=00_AfX7QmFGhQhG2jAllVgXCiM1ZrWgvtp80-Bfppyexh1QEg&#038;oe=689E923C","article:published_time":"2017-10-18T19:52:06+00:00","article:modified_time":"2017-10-18T19:53:48+00:00","twitter:card":"summary_large_image","twitter:title":"AMLE promove concerto experimental - A Not\u00edcia Online","twitter:description":"A Academia Muriaeense de Letras (AMLE), neste ano promover\u00e1 uma inova\u00e7\u00e3o em sua agenda cultural com a apresenta\u00e7\u00e3o de &quot;O melhor da MPB&quot;, numa forma\u00e7\u00e3o com trombone, piano e percuss\u00e3o, no s\u00e1bado (21), \u00e0s 20h30, na sede da AMLE, na Vila Eud\u00f3xia Canedo, n\u00famero 2, no Centro. A convite da AMLE, os m\u00fasicos Gilvan Paiva","twitter:image":"https:\/\/scontent-gig4-1.xx.fbcdn.net\/v\/t39.30808-1\/270437624_4564083193639691_6907940295614233970_n.jpg?stp=dst-jpg_s200x200_tt6&_nc_cat=111&ccb=1-7&_nc_sid=f907e8&_nc_ohc=SM1wRlP3lJwQ7kNvwEPuBYA&_nc_oc=AdnqrjDN_BNjSSHWO-GbkIWH6fkGMLw4bqvL_NH6e2wMveX7G-rP2dAqsDSq1mJMOaY&_nc_zt=24&_nc_ht=scontent-gig4-1.xx&_nc_gid=AoBFJeGrT1hVaew_6rchkQ&oh=00_AfX7QmFGhQhG2jAllVgXCiM1ZrWgvtp80-Bfppyexh1QEg&oe=689E923C"},"aioseo_meta_data":{"post_id":"42646","title":null,"description":null,"keywords":null,"keyphrases":null,"primary_term":null,"canonical_url":null,"og_title":null,"og_description":null,"og_object_type":"default","og_image_type":"default","og_image_url":null,"og_image_width":null,"og_image_height":null,"og_image_custom_url":null,"og_image_custom_fields":null,"og_video":null,"og_custom_url":null,"og_article_section":null,"og_article_tags":null,"twitter_use_og":false,"twitter_card":"default","twitter_image_type":"default","twitter_image_url":null,"twitter_image_custom_url":null,"twitter_image_custom_fields":null,"twitter_title":null,"twitter_description":null,"schema":{"blockGraphs":[],"customGraphs":[],"default":{"data":{"Article":[],"Course":[],"Dataset":[],"FAQPage":[],"Movie":[],"Person":[],"Product":[],"ProductReview":[],"Car":[],"Recipe":[],"Service":[],"SoftwareApplication":[],"WebPage":[]},"graphName":"","isEnabled":true},"graphs":[]},"schema_type":"default","schema_type_options":null,"pillar_content":false,"robots_default":true,"robots_noindex":false,"robots_noarchive":false,"robots_nosnippet":false,"robots_nofollow":false,"robots_noimageindex":false,"robots_noodp":false,"robots_notranslate":false,"robots_max_snippet":null,"robots_max_videopreview":null,"robots_max_imagepreview":"large","priority":null,"frequency":null,"local_seo":null,"breadcrumb_settings":null,"limit_modified_date":false,"ai":null,"created":"2025-08-16 19:38:54","updated":"2025-08-16 19:38:54","focus_keyword":null,"additional_keywords":null,"truseo_locale":null,"seo_analyzer_scan_date":null},"aioseo_breadcrumb":"<div class=\"aioseo-breadcrumbs\"><span class=\"aioseo-breadcrumb\">\n\t\t\t<a href=\"https:\/\/anoticiaonline.com.br\/site\" title=\"Home\">Home<\/a>\n\t\t<\/span><span class=\"aioseo-breadcrumb-separator\">&raquo;<\/span><span class=\"aioseo-breadcrumb\">\n\t\t\t<a href=\"https:\/\/anoticiaonline.com.br\/site\/categoria\/muriae\/\" title=\"Blog\">Blog<\/a>\n\t\t<\/span><span class=\"aioseo-breadcrumb-separator\">&raquo;<\/span><span class=\"aioseo-breadcrumb\">\n\t\t\t<a href=\"https:\/\/anoticiaonline.com.br\/site\/categoria\/muriae\/cultura\/\" title=\"Cultura\">Cultura<\/a>\n\t\t<\/span><span class=\"aioseo-breadcrumb-separator\">&raquo;<\/span><span class=\"aioseo-breadcrumb\">\n\t\t\tAMLE promove concerto experimental\n\t\t<\/span><\/div>","aioseo_breadcrumb_json":[{"label":"Home","link":"https:\/\/anoticiaonline.com.br\/site"},{"label":"Blog","link":"https:\/\/anoticiaonline.com.br\/site\/categoria\/muriae\/"},{"label":"Cultura","link":"https:\/\/anoticiaonline.com.br\/site\/categoria\/muriae\/cultura\/"},{"label":"AMLE promove concerto experimental","link":"https:\/\/anoticiaonline.com.br\/site\/amle-promove-concerto-experimental\/"}],"views":139,"_links":{"self":[{"href":"https:\/\/anoticiaonline.com.br\/site\/wp-json\/wp\/v2\/posts\/42646","targetHints":{"allow":["GET"]}}],"collection":[{"href":"https:\/\/anoticiaonline.com.br\/site\/wp-json\/wp\/v2\/posts"}],"about":[{"href":"https:\/\/anoticiaonline.com.br\/site\/wp-json\/wp\/v2\/types\/post"}],"author":[{"embeddable":true,"href":"https:\/\/anoticiaonline.com.br\/site\/wp-json\/wp\/v2\/users\/2"}],"replies":[{"embeddable":true,"href":"https:\/\/anoticiaonline.com.br\/site\/wp-json\/wp\/v2\/comments?post=42646"}],"version-history":[{"count":0,"href":"https:\/\/anoticiaonline.com.br\/site\/wp-json\/wp\/v2\/posts\/42646\/revisions"}],"wp:featuredmedia":[{"embeddable":true,"href":"https:\/\/anoticiaonline.com.br\/site\/wp-json\/wp\/v2\/media\/42647"}],"wp:attachment":[{"href":"https:\/\/anoticiaonline.com.br\/site\/wp-json\/wp\/v2\/media?parent=42646"}],"wp:term":[{"taxonomy":"category","embeddable":true,"href":"https:\/\/anoticiaonline.com.br\/site\/wp-json\/wp\/v2\/categories?post=42646"},{"taxonomy":"post_tag","embeddable":true,"href":"https:\/\/anoticiaonline.com.br\/site\/wp-json\/wp\/v2\/tags?post=42646"}],"curies":[{"name":"wp","href":"https:\/\/api.w.org\/{rel}","templated":true}]}}