{"id":42325,"date":"2017-10-13T13:41:11","date_gmt":"2017-10-13T16:41:11","guid":{"rendered":"http:\/\/anoticiaonline.com.br\/site\/?p=42325"},"modified":"2017-10-13T13:41:11","modified_gmt":"2017-10-13T16:41:11","slug":"cdl-muriae-promove-seminario-sobre-reforma-trabalhista-e-inovacao-em-vendas","status":"publish","type":"post","link":"https:\/\/anoticiaonline.com.br\/site\/cdl-muriae-promove-seminario-sobre-reforma-trabalhista-e-inovacao-em-vendas\/","title":{"rendered":"CDL-Muria\u00e9 promove semin\u00e1rio sobre Reforma Trabalhista e Inova\u00e7\u00e3o em Vendas"},"content":{"rendered":"<p><a href=\"https:\/\/anoticiaonline.com.br\/site\/wp-content\/uploads\/2017\/10\/DSC_0784.jpg\"><img fetchpriority=\"high\" decoding=\"async\" class=\"alignleft size-medium wp-image-42326\" src=\"https:\/\/anoticiaonline.com.br\/site\/wp-content\/uploads\/2017\/10\/DSC_0784-300x199.jpg\" alt=\"\" width=\"300\" height=\"199\" srcset=\"https:\/\/anoticiaonline.com.br\/site\/wp-content\/uploads\/2017\/10\/DSC_0784-300x199.jpg 300w, https:\/\/anoticiaonline.com.br\/site\/wp-content\/uploads\/2017\/10\/DSC_0784.jpg 640w\" sizes=\"(max-width: 300px) 100vw, 300px\" \/><\/a> <a href=\"https:\/\/anoticiaonline.com.br\/site\/wp-content\/uploads\/2017\/10\/DSC_0899.jpg\"><img decoding=\"async\" class=\"alignleft size-medium wp-image-42327\" src=\"https:\/\/anoticiaonline.com.br\/site\/wp-content\/uploads\/2017\/10\/DSC_0899-300x199.jpg\" alt=\"\" width=\"300\" height=\"199\" srcset=\"https:\/\/anoticiaonline.com.br\/site\/wp-content\/uploads\/2017\/10\/DSC_0899-300x199.jpg 300w, https:\/\/anoticiaonline.com.br\/site\/wp-content\/uploads\/2017\/10\/DSC_0899.jpg 640w\" sizes=\"(max-width: 300px) 100vw, 300px\" \/><\/a> <a href=\"https:\/\/anoticiaonline.com.br\/site\/wp-content\/uploads\/2017\/10\/DSC_0939.jpg\"><img decoding=\"async\" class=\"alignleft size-medium wp-image-42328\" src=\"https:\/\/anoticiaonline.com.br\/site\/wp-content\/uploads\/2017\/10\/DSC_0939-300x199.jpg\" alt=\"\" width=\"300\" height=\"199\" srcset=\"https:\/\/anoticiaonline.com.br\/site\/wp-content\/uploads\/2017\/10\/DSC_0939-300x199.jpg 300w, https:\/\/anoticiaonline.com.br\/site\/wp-content\/uploads\/2017\/10\/DSC_0939.jpg 640w\" sizes=\"(max-width: 300px) 100vw, 300px\" \/><\/a> <a href=\"https:\/\/anoticiaonline.com.br\/site\/wp-content\/uploads\/2017\/10\/DSC_0946.jpg\"><img loading=\"lazy\" decoding=\"async\" class=\"alignleft size-medium wp-image-42329\" src=\"https:\/\/anoticiaonline.com.br\/site\/wp-content\/uploads\/2017\/10\/DSC_0946-300x199.jpg\" alt=\"\" width=\"300\" height=\"199\" srcset=\"https:\/\/anoticiaonline.com.br\/site\/wp-content\/uploads\/2017\/10\/DSC_0946-300x199.jpg 300w, https:\/\/anoticiaonline.com.br\/site\/wp-content\/uploads\/2017\/10\/DSC_0946.jpg 640w\" sizes=\"(max-width: 300px) 100vw, 300px\" \/><\/a><\/p>\n<p>&nbsp;<\/p>\n<p>&nbsp;<\/p>\n<p>&nbsp;<\/p>\n<p>&nbsp;<\/p>\n<p>&nbsp;<\/p>\n<p>&nbsp;<\/p>\n<p>&nbsp;<\/p>\n<p>&nbsp;<\/p>\n<p>&nbsp;<\/p>\n<p>&nbsp;<\/p>\n<p>A C\u00e2mara de Dirigentes Lojistas de Muria\u00e9 (CDL-Muria\u00e9), em parceria com o Sebrae, promoveu, na ter\u00e7a-feira (10), um semin\u00e1rio abordando os temas: Reforma Trabalhista e Inova\u00e7\u00e3o em Vendas. As palestras aconteceram no Anfiteatro do Col\u00e9gio Santa Marcelina.<\/p>\n<p>Leandro Latim, presidente da CDL-Muria\u00e9, falou sobre a import\u00e2ncia de trazer conhecimento e capacita\u00e7\u00e3o para os empres\u00e1rios e seus colaboradores \u201cInfelizmente n\u00e3o temos o poder de resolver todos os problemas que acontecem no Brasil e no mundo, mas podemos agir para enfrentar as situa\u00e7\u00f5es que nos deparamos e aprender com elas, como, por exemplo, a quest\u00e3o da Reforma Trabalhista e a mudan\u00e7a de nossas atitudes no meio corporativo e de vendas. Faz parte da CDL trazer conhecimento para os empres\u00e1rios e demais colaboradores. Estamos felizes em ver o audit\u00f3rio cheio\u201d, diz.<\/p>\n<p>O primeiro palestrante, Vander Lima Fernandes, de Belo Horizonte, falou sobre \u201cAltera\u00e7\u00f5es Trabalhistas: Implica\u00e7\u00f5es no Com\u00e9rcio e Ind\u00fastria\u201d. Vander \u00e9 contador, p\u00f3s-graduado em \u201cControladoria, Auditoria e Tributos\u201d pela Funda\u00e7\u00e3o Get\u00falio Vargas, mestre em Contabilidade com \u00eanfase em Planejamento Tribut\u00e1rio, advogado, doutorando em \u201cPropriedade Intelectual e Inova\u00e7\u00e3o\u201d.<\/p>\n<p>De acordo com Vander Lima, a palestra falou sobre as mudan\u00e7as propostas pela Reforma Trabalhista e os impactos que ela ir\u00e1 gerar nas rela\u00e7\u00f5es entre patr\u00e3o e empregado, no com\u00e9rcio e na ind\u00fastria. \u201cO importante nesta Reforma Trabalhista n\u00e3o s\u00e3o s\u00f3 as altera\u00e7\u00f5es na lei, mas a for\u00e7a que ela d\u00e1 na negocia\u00e7\u00e3o entre patr\u00e3o e empregado. Antes ouv\u00edamos falar apenas em negocia\u00e7\u00f5es de sindicatos, agora elas ser\u00e3o feitas com diretamente com o empregador, sem intermedi\u00e1rios, gerando resultados positivos para ambos os lados. Um grande exemplo de negocia\u00e7\u00e3o que j\u00e1 existe s\u00e3o as f\u00e9rias\u201d, conta.<\/p>\n<p>A reforma trabalhista foi sancionada pelo presidente Michel Temer. Assim como a reforma da Previd\u00eancia, ela \u00e9 defendida pelo Governo como uma prioridade para colocar as contas p\u00fablicas em ordem, estimular a e economia e criar empregos. A reforma entrar\u00e1 em vigor no dia 13 de novembro. O palestrante abordou as implica\u00e7\u00f5es dessas mudan\u00e7as no com\u00e9rcio e na ind\u00fastria.<\/p>\n<p>\u00c0s 20h, a palestrante motivacional, Leila Navarro, com reconhecimento no Brasil e no exterior, abordou o tema \u201cInova\u00e7\u00e3o: A Chave do Sucesso em Vendas\u201d. Leila \u00e9 autora de 15 livros, entre eles, \u201cAutocoaching de carreira e de vida\u201d, \u201cTalento para ser Feliz\u201d, \u201cTalento \u00e0 prova de crise\u201d, \u201cA vida n\u00e3o precisa ser t\u00e3o complicada\u201d e o mais breve lan\u00e7amento \u201cO poder da supera\u00e7\u00e3o\u201d.<\/p>\n<p>\u201cEm minha palestra procuro falar diretamente com o p\u00fablico que trabalha diretamente com vendas. Muitas vezes, o indiv\u00edduo possui alma de vendedor, sabe vender, mas se sente perdido diante da velocidade das altera\u00e7\u00f5es em diversos aspectos no Brasil e no mundo. \u00c9 preciso trabalhar a autoestima e acreditar que \u00e9 poss\u00edvel se atualizar e gerir as situa\u00e7\u00f5es que surgem no dia a dia\u201d, diz.<\/p>\n<p>A CDL agradece os parceiros do evento: Igui Piscinas, Closmaq, Uni Gerente e Sicoob Credisudeste.<\/p>\n<p>&nbsp;<\/p>\n<p><img decoding=\"async\" class=\"ngg_displayed_gallery mceItem\" src=\"https:\/\/anoticiaonline.com.br\/site\/nextgen-attach_to_post\/preview\/id--42353\" \/><\/p>\n","protected":false},"excerpt":{"rendered":"<p>&nbsp; &nbsp; &nbsp; &nbsp; &nbsp; &nbsp; &nbsp; &nbsp; &nbsp; &nbsp; A C\u00e2mara de Dirigentes Lojistas de Muria\u00e9 (CDL-Muria\u00e9), em parceria com o Sebrae, promoveu, na ter\u00e7a-feira (10), um semin\u00e1rio abordando os temas: Reforma Trabalhista e Inova\u00e7\u00e3o em Vendas. As palestras aconteceram no Anfiteatro do Col\u00e9gio Santa Marcelina. Leandro Latim, presidente da CDL-Muria\u00e9, falou sobre a &#8230; <a title=\"CDL-Muria\u00e9 promove semin\u00e1rio sobre Reforma Trabalhista e Inova\u00e7\u00e3o em Vendas\" class=\"read-more\" href=\"https:\/\/anoticiaonline.com.br\/site\/cdl-muriae-promove-seminario-sobre-reforma-trabalhista-e-inovacao-em-vendas\/\" aria-label=\"Read more about CDL-Muria\u00e9 promove semin\u00e1rio sobre Reforma Trabalhista e Inova\u00e7\u00e3o em Vendas\">Ler mais<\/a><\/p>\n","protected":false},"author":2,"featured_media":42329,"comment_status":"open","ping_status":"open","sticky":false,"template":"","format":"standard","meta":{"_acf_changed":false,"_monsterinsights_skip_tracking":false,"footnotes":""},"categories":[1],"tags":[1340,1336,1335,121,723,1338,1342,1341,1337,358,3,1339],"class_list":["post-42325","post","type-post","status-publish","format-standard","has-post-thumbnail","hentry","category-gerais","tag-alteracoes-trabalhistas-implicacoes-no-comercio-e-industria","tag-anfiteatro-do-colegio-santa-marcelina","tag-camara-de-dirigentes-lojistas-de-muriae","tag-cdl","tag-cdl-muriae","tag-inovacao-em-vendas","tag-inovacao-a-chave-do-sucesso-em-vendas","tag-leila-navarro","tag-reforma-trabalhista","tag-sebrae","tag-slide","tag-vander-lima-fernandes"],"acf":[],"aioseo_notices":[],"aioseo_head":"\n\t\t<!-- All in One SEO 5.0.0.1 - aioseo.com -->\n\t<meta name=\"description\" content=\"A C\u00e2mara de Dirigentes Lojistas de Muria\u00e9 (CDL-Muria\u00e9), em parceria com o Sebrae, promoveu, na ter\u00e7a-feira (10), um semin\u00e1rio abordando os temas: Reforma Trabalhista e Inova\u00e7\u00e3o em Vendas. As palestras aconteceram no Anfiteatro do Col\u00e9gio Santa Marcelina. Leandro Latim, presidente da CDL-Muria\u00e9, falou sobre a\" \/>\n\t<meta name=\"robots\" content=\"max-image-preview:large\" \/>\n\t<meta name=\"author\" content=\"Juliana Laviola\"\/>\n\t<link rel=\"canonical\" href=\"https:\/\/anoticiaonline.com.br\/site\/cdl-muriae-promove-seminario-sobre-reforma-trabalhista-e-inovacao-em-vendas\/\" \/>\n\t<meta name=\"generator\" content=\"All in One SEO (AIOSEO) 5.0.0.1\" \/>\n\t\t<meta property=\"og:locale\" content=\"pt_BR\" \/>\n\t\t<meta property=\"og:site_name\" content=\"A Not\u00edcia Online - Noticias de Muria\u00e9 e regi\u00e3o\" \/>\n\t\t<meta property=\"og:type\" content=\"article\" \/>\n\t\t<meta property=\"og:title\" content=\"CDL-Muria\u00e9 promove semin\u00e1rio sobre Reforma Trabalhista e Inova\u00e7\u00e3o em Vendas - A Not\u00edcia Online\" \/>\n\t\t<meta property=\"og:description\" content=\"A C\u00e2mara de Dirigentes Lojistas de Muria\u00e9 (CDL-Muria\u00e9), em parceria com o Sebrae, promoveu, na ter\u00e7a-feira (10), um semin\u00e1rio abordando os temas: Reforma Trabalhista e Inova\u00e7\u00e3o em Vendas. As palestras aconteceram no Anfiteatro do Col\u00e9gio Santa Marcelina. Leandro Latim, presidente da CDL-Muria\u00e9, falou sobre a\" \/>\n\t\t<meta property=\"og:url\" content=\"https:\/\/anoticiaonline.com.br\/site\/cdl-muriae-promove-seminario-sobre-reforma-trabalhista-e-inovacao-em-vendas\/\" \/>\n\t\t<meta property=\"og:image\" content=\"https:\/\/scontent-gig4-1.xx.fbcdn.net\/v\/t39.30808-1\/270437624_4564083193639691_6907940295614233970_n.jpg?stp=dst-jpg_s200x200_tt6&#038;_nc_cat=111&#038;ccb=1-7&#038;_nc_sid=f907e8&#038;_nc_ohc=SM1wRlP3lJwQ7kNvwEPuBYA&#038;_nc_oc=AdnqrjDN_BNjSSHWO-GbkIWH6fkGMLw4bqvL_NH6e2wMveX7G-rP2dAqsDSq1mJMOaY&#038;_nc_zt=24&#038;_nc_ht=scontent-gig4-1.xx&#038;_nc_gid=AoBFJeGrT1hVaew_6rchkQ&#038;oh=00_AfX7QmFGhQhG2jAllVgXCiM1ZrWgvtp80-Bfppyexh1QEg&#038;oe=689E923C\" \/>\n\t\t<meta property=\"og:image:secure_url\" content=\"https:\/\/scontent-gig4-1.xx.fbcdn.net\/v\/t39.30808-1\/270437624_4564083193639691_6907940295614233970_n.jpg?stp=dst-jpg_s200x200_tt6&#038;_nc_cat=111&#038;ccb=1-7&#038;_nc_sid=f907e8&#038;_nc_ohc=SM1wRlP3lJwQ7kNvwEPuBYA&#038;_nc_oc=AdnqrjDN_BNjSSHWO-GbkIWH6fkGMLw4bqvL_NH6e2wMveX7G-rP2dAqsDSq1mJMOaY&#038;_nc_zt=24&#038;_nc_ht=scontent-gig4-1.xx&#038;_nc_gid=AoBFJeGrT1hVaew_6rchkQ&#038;oh=00_AfX7QmFGhQhG2jAllVgXCiM1ZrWgvtp80-Bfppyexh1QEg&#038;oe=689E923C\" \/>\n\t\t<meta property=\"article:published_time\" content=\"2017-10-13T16:41:11+00:00\" \/>\n\t\t<meta property=\"article:modified_time\" content=\"2017-10-13T16:41:11+00:00\" \/>\n\t\t<meta name=\"twitter:card\" content=\"summary_large_image\" \/>\n\t\t<meta name=\"twitter:title\" content=\"CDL-Muria\u00e9 promove semin\u00e1rio sobre Reforma Trabalhista e Inova\u00e7\u00e3o em Vendas - A Not\u00edcia Online\" \/>\n\t\t<meta name=\"twitter:description\" content=\"A C\u00e2mara de Dirigentes Lojistas de Muria\u00e9 (CDL-Muria\u00e9), em parceria com o Sebrae, promoveu, na ter\u00e7a-feira (10), um semin\u00e1rio abordando os temas: Reforma Trabalhista e Inova\u00e7\u00e3o em Vendas. As palestras aconteceram no Anfiteatro do Col\u00e9gio Santa Marcelina. Leandro Latim, presidente da CDL-Muria\u00e9, falou sobre a\" \/>\n\t\t<meta name=\"twitter:image\" content=\"https:\/\/scontent-gig4-1.xx.fbcdn.net\/v\/t39.30808-1\/270437624_4564083193639691_6907940295614233970_n.jpg?stp=dst-jpg_s200x200_tt6&amp;_nc_cat=111&amp;ccb=1-7&amp;_nc_sid=f907e8&amp;_nc_ohc=SM1wRlP3lJwQ7kNvwEPuBYA&amp;_nc_oc=AdnqrjDN_BNjSSHWO-GbkIWH6fkGMLw4bqvL_NH6e2wMveX7G-rP2dAqsDSq1mJMOaY&amp;_nc_zt=24&amp;_nc_ht=scontent-gig4-1.xx&amp;_nc_gid=AoBFJeGrT1hVaew_6rchkQ&amp;oh=00_AfX7QmFGhQhG2jAllVgXCiM1ZrWgvtp80-Bfppyexh1QEg&amp;oe=689E923C\" \/>\n\t\t<script type=\"application\/ld+json\" class=\"aioseo-schema\">\n\t\t\t{\"@context\":\"https:\\\/\\\/schema.org\",\"@graph\":[{\"@type\":\"BlogPosting\",\"@id\":\"https:\\\/\\\/anoticiaonline.com.br\\\/site\\\/cdl-muriae-promove-seminario-sobre-reforma-trabalhista-e-inovacao-em-vendas\\\/#blogposting\",\"name\":\"CDL-Muria\\u00e9 promove semin\\u00e1rio sobre Reforma Trabalhista e Inova\\u00e7\\u00e3o em Vendas - A Not\\u00edcia Online\",\"headline\":\"CDL-Muria\\u00e9 promove semin\\u00e1rio sobre Reforma Trabalhista e Inova\\u00e7\\u00e3o em Vendas\",\"author\":{\"@id\":\"https:\\\/\\\/anoticiaonline.com.br\\\/site\\\/author\\\/juliana\\\/#author\"},\"publisher\":{\"@id\":\"https:\\\/\\\/anoticiaonline.com.br\\\/site\\\/#organization\"},\"image\":{\"@type\":\"ImageObject\",\"url\":\"https:\\\/\\\/anoticiaonline.com.br\\\/site\\\/wp-content\\\/uploads\\\/2017\\\/10\\\/DSC_0946.jpg\",\"width\":640,\"height\":424},\"datePublished\":\"2017-10-13T13:41:11-03:00\",\"dateModified\":\"2017-10-13T13:41:11-03:00\",\"inLanguage\":\"pt-BR\",\"mainEntityOfPage\":{\"@id\":\"https:\\\/\\\/anoticiaonline.com.br\\\/site\\\/cdl-muriae-promove-seminario-sobre-reforma-trabalhista-e-inovacao-em-vendas\\\/#webpage\"},\"isPartOf\":{\"@id\":\"https:\\\/\\\/anoticiaonline.com.br\\\/site\\\/cdl-muriae-promove-seminario-sobre-reforma-trabalhista-e-inovacao-em-vendas\\\/#webpage\"},\"articleSection\":\"Gerais, Altera\\u00e7\\u00f5es Trabalhistas: Implica\\u00e7\\u00f5es no Com\\u00e9rcio e Ind\\u00fastria, Anfiteatro do Col\\u00e9gio Santa Marcelina, C\\u00e2mara de Dirigentes Lojistas de Muria\\u00e9, cdl, CDL Muria\\u00e9, Inova\\u00e7\\u00e3o em Vendas, Inova\\u00e7\\u00e3o: A Chave do Sucesso em Vendas, Leila Navarro, Reforma Trabalhista, sebrae, slide, Vander Lima Fernandes\"},{\"@type\":\"BreadcrumbList\",\"@id\":\"https:\\\/\\\/anoticiaonline.com.br\\\/site\\\/cdl-muriae-promove-seminario-sobre-reforma-trabalhista-e-inovacao-em-vendas\\\/#breadcrumblist\",\"itemListElement\":[{\"@type\":\"ListItem\",\"@id\":\"https:\\\/\\\/anoticiaonline.com.br\\\/site#listItem\",\"position\":1,\"name\":\"Home\",\"item\":\"https:\\\/\\\/anoticiaonline.com.br\\\/site\",\"nextItem\":{\"@type\":\"ListItem\",\"@id\":\"https:\\\/\\\/anoticiaonline.com.br\\\/site\\\/categoria\\\/gerais\\\/#listItem\",\"name\":\"Gerais\"}},{\"@type\":\"ListItem\",\"@id\":\"https:\\\/\\\/anoticiaonline.com.br\\\/site\\\/categoria\\\/gerais\\\/#listItem\",\"position\":2,\"name\":\"Gerais\",\"item\":\"https:\\\/\\\/anoticiaonline.com.br\\\/site\\\/categoria\\\/gerais\\\/\",\"nextItem\":{\"@type\":\"ListItem\",\"@id\":\"https:\\\/\\\/anoticiaonline.com.br\\\/site\\\/cdl-muriae-promove-seminario-sobre-reforma-trabalhista-e-inovacao-em-vendas\\\/#listItem\",\"name\":\"CDL-Muria\\u00e9 promove semin\\u00e1rio sobre Reforma Trabalhista e Inova\\u00e7\\u00e3o em Vendas\"},\"previousItem\":{\"@type\":\"ListItem\",\"@id\":\"https:\\\/\\\/anoticiaonline.com.br\\\/site#listItem\",\"name\":\"Home\"}},{\"@type\":\"ListItem\",\"@id\":\"https:\\\/\\\/anoticiaonline.com.br\\\/site\\\/cdl-muriae-promove-seminario-sobre-reforma-trabalhista-e-inovacao-em-vendas\\\/#listItem\",\"position\":3,\"name\":\"CDL-Muria\\u00e9 promove semin\\u00e1rio sobre Reforma Trabalhista e Inova\\u00e7\\u00e3o em Vendas\",\"previousItem\":{\"@type\":\"ListItem\",\"@id\":\"https:\\\/\\\/anoticiaonline.com.br\\\/site\\\/categoria\\\/gerais\\\/#listItem\",\"name\":\"Gerais\"}}]},{\"@type\":\"Organization\",\"@id\":\"https:\\\/\\\/anoticiaonline.com.br\\\/site\\\/#organization\",\"name\":\"A Not\\u00edcia Online\",\"description\":\"Noticias de Muria\\u00e9 e regi\\u00e3o\",\"url\":\"https:\\\/\\\/anoticiaonline.com.br\\\/site\\\/\",\"logo\":{\"@type\":\"ImageObject\",\"url\":\"https:\\\/\\\/scontent-gig4-1.xx.fbcdn.net\\\/v\\\/t39.30808-1\\\/270437624_4564083193639691_6907940295614233970_n.jpg?stp=dst-jpg_s200x200_tt6&_nc_cat=111&ccb=1-7&_nc_sid=f907e8&_nc_ohc=SM1wRlP3lJwQ7kNvwEPuBYA&_nc_oc=AdnqrjDN_BNjSSHWO-GbkIWH6fkGMLw4bqvL_NH6e2wMveX7G-rP2dAqsDSq1mJMOaY&_nc_zt=24&_nc_ht=scontent-gig4-1.xx&_nc_gid=AoBFJeGrT1hVaew_6rchkQ&oh=00_AfX7QmFGhQhG2jAllVgXCiM1ZrWgvtp80-Bfppyexh1QEg&oe=689E923C\",\"@id\":\"https:\\\/\\\/anoticiaonline.com.br\\\/site\\\/cdl-muriae-promove-seminario-sobre-reforma-trabalhista-e-inovacao-em-vendas\\\/#organizationLogo\"},\"image\":{\"@id\":\"https:\\\/\\\/anoticiaonline.com.br\\\/site\\\/cdl-muriae-promove-seminario-sobre-reforma-trabalhista-e-inovacao-em-vendas\\\/#organizationLogo\"}},{\"@type\":\"Person\",\"@id\":\"https:\\\/\\\/anoticiaonline.com.br\\\/site\\\/author\\\/juliana\\\/#author\",\"url\":\"https:\\\/\\\/anoticiaonline.com.br\\\/site\\\/author\\\/juliana\\\/\",\"name\":\"Juliana Laviola\",\"image\":{\"@type\":\"ImageObject\",\"@id\":\"https:\\\/\\\/anoticiaonline.com.br\\\/site\\\/cdl-muriae-promove-seminario-sobre-reforma-trabalhista-e-inovacao-em-vendas\\\/#authorImage\",\"url\":\"https:\\\/\\\/secure.gravatar.com\\\/avatar\\\/b8d45f5c699b100dfaf0e543582f38f38bf94cb7ae3a5e9abf8d891a34773335?s=96&d=mm&r=g\",\"width\":96,\"height\":96,\"caption\":\"Juliana Laviola\"}},{\"@type\":\"WebPage\",\"@id\":\"https:\\\/\\\/anoticiaonline.com.br\\\/site\\\/cdl-muriae-promove-seminario-sobre-reforma-trabalhista-e-inovacao-em-vendas\\\/#webpage\",\"url\":\"https:\\\/\\\/anoticiaonline.com.br\\\/site\\\/cdl-muriae-promove-seminario-sobre-reforma-trabalhista-e-inovacao-em-vendas\\\/\",\"name\":\"CDL-Muria\\u00e9 promove semin\\u00e1rio sobre Reforma Trabalhista e Inova\\u00e7\\u00e3o em Vendas - A Not\\u00edcia Online\",\"description\":\"A C\\u00e2mara de Dirigentes Lojistas de Muria\\u00e9 (CDL-Muria\\u00e9), em parceria com o Sebrae, promoveu, na ter\\u00e7a-feira (10), um semin\\u00e1rio abordando os temas: Reforma Trabalhista e Inova\\u00e7\\u00e3o em Vendas. As palestras aconteceram no Anfiteatro do Col\\u00e9gio Santa Marcelina. Leandro Latim, presidente da CDL-Muria\\u00e9, falou sobre a\",\"inLanguage\":\"pt-BR\",\"isPartOf\":{\"@id\":\"https:\\\/\\\/anoticiaonline.com.br\\\/site\\\/#website\"},\"breadcrumb\":{\"@id\":\"https:\\\/\\\/anoticiaonline.com.br\\\/site\\\/cdl-muriae-promove-seminario-sobre-reforma-trabalhista-e-inovacao-em-vendas\\\/#breadcrumblist\"},\"author\":{\"@id\":\"https:\\\/\\\/anoticiaonline.com.br\\\/site\\\/author\\\/juliana\\\/#author\"},\"creator\":{\"@id\":\"https:\\\/\\\/anoticiaonline.com.br\\\/site\\\/author\\\/juliana\\\/#author\"},\"image\":{\"@type\":\"ImageObject\",\"url\":\"https:\\\/\\\/anoticiaonline.com.br\\\/site\\\/wp-content\\\/uploads\\\/2017\\\/10\\\/DSC_0946.jpg\",\"@id\":\"https:\\\/\\\/anoticiaonline.com.br\\\/site\\\/cdl-muriae-promove-seminario-sobre-reforma-trabalhista-e-inovacao-em-vendas\\\/#mainImage\",\"width\":640,\"height\":424},\"primaryImageOfPage\":{\"@id\":\"https:\\\/\\\/anoticiaonline.com.br\\\/site\\\/cdl-muriae-promove-seminario-sobre-reforma-trabalhista-e-inovacao-em-vendas\\\/#mainImage\"},\"datePublished\":\"2017-10-13T13:41:11-03:00\",\"dateModified\":\"2017-10-13T13:41:11-03:00\"},{\"@type\":\"WebSite\",\"@id\":\"https:\\\/\\\/anoticiaonline.com.br\\\/site\\\/#website\",\"url\":\"https:\\\/\\\/anoticiaonline.com.br\\\/site\\\/\",\"name\":\"A Not\\u00edcia Online\",\"description\":\"Noticias de Muria\\u00e9 e regi\\u00e3o\",\"inLanguage\":\"pt-BR\",\"publisher\":{\"@id\":\"https:\\\/\\\/anoticiaonline.com.br\\\/site\\\/#organization\"}}]}\n\t\t<\/script>\n\t\t<!-- All in One SEO -->\n\n","aioseo_head_json":{"title":"CDL-Muria\u00e9 promove semin\u00e1rio sobre Reforma Trabalhista e Inova\u00e7\u00e3o em Vendas - A Not\u00edcia Online","description":"A C\u00e2mara de Dirigentes Lojistas de Muria\u00e9 (CDL-Muria\u00e9), em parceria com o Sebrae, promoveu, na ter\u00e7a-feira (10), um semin\u00e1rio abordando os temas: Reforma Trabalhista e Inova\u00e7\u00e3o em Vendas. As palestras aconteceram no Anfiteatro do Col\u00e9gio Santa Marcelina. Leandro Latim, presidente da CDL-Muria\u00e9, falou sobre a","canonical_url":"https:\/\/anoticiaonline.com.br\/site\/cdl-muriae-promove-seminario-sobre-reforma-trabalhista-e-inovacao-em-vendas\/","robots":"max-image-preview:large","keywords":"","webmasterTools":{"miscellaneous":""},"schema":{"@context":"https:\/\/schema.org","@graph":[{"@type":"BlogPosting","@id":"https:\/\/anoticiaonline.com.br\/site\/cdl-muriae-promove-seminario-sobre-reforma-trabalhista-e-inovacao-em-vendas\/#blogposting","name":"CDL-Muria\u00e9 promove semin\u00e1rio sobre Reforma Trabalhista e Inova\u00e7\u00e3o em Vendas - A Not\u00edcia Online","headline":"CDL-Muria\u00e9 promove semin\u00e1rio sobre Reforma Trabalhista e Inova\u00e7\u00e3o em Vendas","author":{"@id":"https:\/\/anoticiaonline.com.br\/site\/author\/juliana\/#author"},"publisher":{"@id":"https:\/\/anoticiaonline.com.br\/site\/#organization"},"image":{"@type":"ImageObject","url":"https:\/\/anoticiaonline.com.br\/site\/wp-content\/uploads\/2017\/10\/DSC_0946.jpg","width":640,"height":424},"datePublished":"2017-10-13T13:41:11-03:00","dateModified":"2017-10-13T13:41:11-03:00","inLanguage":"pt-BR","mainEntityOfPage":{"@id":"https:\/\/anoticiaonline.com.br\/site\/cdl-muriae-promove-seminario-sobre-reforma-trabalhista-e-inovacao-em-vendas\/#webpage"},"isPartOf":{"@id":"https:\/\/anoticiaonline.com.br\/site\/cdl-muriae-promove-seminario-sobre-reforma-trabalhista-e-inovacao-em-vendas\/#webpage"},"articleSection":"Gerais, Altera\u00e7\u00f5es Trabalhistas: Implica\u00e7\u00f5es no Com\u00e9rcio e Ind\u00fastria, Anfiteatro do Col\u00e9gio Santa Marcelina, C\u00e2mara de Dirigentes Lojistas de Muria\u00e9, cdl, CDL Muria\u00e9, Inova\u00e7\u00e3o em Vendas, Inova\u00e7\u00e3o: A Chave do Sucesso em Vendas, Leila Navarro, Reforma Trabalhista, sebrae, slide, Vander Lima Fernandes"},{"@type":"BreadcrumbList","@id":"https:\/\/anoticiaonline.com.br\/site\/cdl-muriae-promove-seminario-sobre-reforma-trabalhista-e-inovacao-em-vendas\/#breadcrumblist","itemListElement":[{"@type":"ListItem","@id":"https:\/\/anoticiaonline.com.br\/site#listItem","position":1,"name":"Home","item":"https:\/\/anoticiaonline.com.br\/site","nextItem":{"@type":"ListItem","@id":"https:\/\/anoticiaonline.com.br\/site\/categoria\/gerais\/#listItem","name":"Gerais"}},{"@type":"ListItem","@id":"https:\/\/anoticiaonline.com.br\/site\/categoria\/gerais\/#listItem","position":2,"name":"Gerais","item":"https:\/\/anoticiaonline.com.br\/site\/categoria\/gerais\/","nextItem":{"@type":"ListItem","@id":"https:\/\/anoticiaonline.com.br\/site\/cdl-muriae-promove-seminario-sobre-reforma-trabalhista-e-inovacao-em-vendas\/#listItem","name":"CDL-Muria\u00e9 promove semin\u00e1rio sobre Reforma Trabalhista e Inova\u00e7\u00e3o em Vendas"},"previousItem":{"@type":"ListItem","@id":"https:\/\/anoticiaonline.com.br\/site#listItem","name":"Home"}},{"@type":"ListItem","@id":"https:\/\/anoticiaonline.com.br\/site\/cdl-muriae-promove-seminario-sobre-reforma-trabalhista-e-inovacao-em-vendas\/#listItem","position":3,"name":"CDL-Muria\u00e9 promove semin\u00e1rio sobre Reforma Trabalhista e Inova\u00e7\u00e3o em Vendas","previousItem":{"@type":"ListItem","@id":"https:\/\/anoticiaonline.com.br\/site\/categoria\/gerais\/#listItem","name":"Gerais"}}]},{"@type":"Organization","@id":"https:\/\/anoticiaonline.com.br\/site\/#organization","name":"A Not\u00edcia Online","description":"Noticias de Muria\u00e9 e regi\u00e3o","url":"https:\/\/anoticiaonline.com.br\/site\/","logo":{"@type":"ImageObject","url":"https:\/\/scontent-gig4-1.xx.fbcdn.net\/v\/t39.30808-1\/270437624_4564083193639691_6907940295614233970_n.jpg?stp=dst-jpg_s200x200_tt6&_nc_cat=111&ccb=1-7&_nc_sid=f907e8&_nc_ohc=SM1wRlP3lJwQ7kNvwEPuBYA&_nc_oc=AdnqrjDN_BNjSSHWO-GbkIWH6fkGMLw4bqvL_NH6e2wMveX7G-rP2dAqsDSq1mJMOaY&_nc_zt=24&_nc_ht=scontent-gig4-1.xx&_nc_gid=AoBFJeGrT1hVaew_6rchkQ&oh=00_AfX7QmFGhQhG2jAllVgXCiM1ZrWgvtp80-Bfppyexh1QEg&oe=689E923C","@id":"https:\/\/anoticiaonline.com.br\/site\/cdl-muriae-promove-seminario-sobre-reforma-trabalhista-e-inovacao-em-vendas\/#organizationLogo"},"image":{"@id":"https:\/\/anoticiaonline.com.br\/site\/cdl-muriae-promove-seminario-sobre-reforma-trabalhista-e-inovacao-em-vendas\/#organizationLogo"}},{"@type":"Person","@id":"https:\/\/anoticiaonline.com.br\/site\/author\/juliana\/#author","url":"https:\/\/anoticiaonline.com.br\/site\/author\/juliana\/","name":"Juliana Laviola","image":{"@type":"ImageObject","@id":"https:\/\/anoticiaonline.com.br\/site\/cdl-muriae-promove-seminario-sobre-reforma-trabalhista-e-inovacao-em-vendas\/#authorImage","url":"https:\/\/secure.gravatar.com\/avatar\/b8d45f5c699b100dfaf0e543582f38f38bf94cb7ae3a5e9abf8d891a34773335?s=96&d=mm&r=g","width":96,"height":96,"caption":"Juliana Laviola"}},{"@type":"WebPage","@id":"https:\/\/anoticiaonline.com.br\/site\/cdl-muriae-promove-seminario-sobre-reforma-trabalhista-e-inovacao-em-vendas\/#webpage","url":"https:\/\/anoticiaonline.com.br\/site\/cdl-muriae-promove-seminario-sobre-reforma-trabalhista-e-inovacao-em-vendas\/","name":"CDL-Muria\u00e9 promove semin\u00e1rio sobre Reforma Trabalhista e Inova\u00e7\u00e3o em Vendas - A Not\u00edcia Online","description":"A C\u00e2mara de Dirigentes Lojistas de Muria\u00e9 (CDL-Muria\u00e9), em parceria com o Sebrae, promoveu, na ter\u00e7a-feira (10), um semin\u00e1rio abordando os temas: Reforma Trabalhista e Inova\u00e7\u00e3o em Vendas. As palestras aconteceram no Anfiteatro do Col\u00e9gio Santa Marcelina. Leandro Latim, presidente da CDL-Muria\u00e9, falou sobre a","inLanguage":"pt-BR","isPartOf":{"@id":"https:\/\/anoticiaonline.com.br\/site\/#website"},"breadcrumb":{"@id":"https:\/\/anoticiaonline.com.br\/site\/cdl-muriae-promove-seminario-sobre-reforma-trabalhista-e-inovacao-em-vendas\/#breadcrumblist"},"author":{"@id":"https:\/\/anoticiaonline.com.br\/site\/author\/juliana\/#author"},"creator":{"@id":"https:\/\/anoticiaonline.com.br\/site\/author\/juliana\/#author"},"image":{"@type":"ImageObject","url":"https:\/\/anoticiaonline.com.br\/site\/wp-content\/uploads\/2017\/10\/DSC_0946.jpg","@id":"https:\/\/anoticiaonline.com.br\/site\/cdl-muriae-promove-seminario-sobre-reforma-trabalhista-e-inovacao-em-vendas\/#mainImage","width":640,"height":424},"primaryImageOfPage":{"@id":"https:\/\/anoticiaonline.com.br\/site\/cdl-muriae-promove-seminario-sobre-reforma-trabalhista-e-inovacao-em-vendas\/#mainImage"},"datePublished":"2017-10-13T13:41:11-03:00","dateModified":"2017-10-13T13:41:11-03:00"},{"@type":"WebSite","@id":"https:\/\/anoticiaonline.com.br\/site\/#website","url":"https:\/\/anoticiaonline.com.br\/site\/","name":"A Not\u00edcia Online","description":"Noticias de Muria\u00e9 e regi\u00e3o","inLanguage":"pt-BR","publisher":{"@id":"https:\/\/anoticiaonline.com.br\/site\/#organization"}}]},"og:locale":"pt_BR","og:site_name":"A Not\u00edcia Online - Noticias de Muria\u00e9 e regi\u00e3o","og:type":"article","og:title":"CDL-Muria\u00e9 promove semin\u00e1rio sobre Reforma Trabalhista e Inova\u00e7\u00e3o em Vendas - A Not\u00edcia Online","og:description":"A C\u00e2mara de Dirigentes Lojistas de Muria\u00e9 (CDL-Muria\u00e9), em parceria com o Sebrae, promoveu, na ter\u00e7a-feira (10), um semin\u00e1rio abordando os temas: Reforma Trabalhista e Inova\u00e7\u00e3o em Vendas. As palestras aconteceram no Anfiteatro do Col\u00e9gio Santa Marcelina. Leandro Latim, presidente da CDL-Muria\u00e9, falou sobre a","og:url":"https:\/\/anoticiaonline.com.br\/site\/cdl-muriae-promove-seminario-sobre-reforma-trabalhista-e-inovacao-em-vendas\/","og:image":"https:\/\/scontent-gig4-1.xx.fbcdn.net\/v\/t39.30808-1\/270437624_4564083193639691_6907940295614233970_n.jpg?stp=dst-jpg_s200x200_tt6&#038;_nc_cat=111&#038;ccb=1-7&#038;_nc_sid=f907e8&#038;_nc_ohc=SM1wRlP3lJwQ7kNvwEPuBYA&#038;_nc_oc=AdnqrjDN_BNjSSHWO-GbkIWH6fkGMLw4bqvL_NH6e2wMveX7G-rP2dAqsDSq1mJMOaY&#038;_nc_zt=24&#038;_nc_ht=scontent-gig4-1.xx&#038;_nc_gid=AoBFJeGrT1hVaew_6rchkQ&#038;oh=00_AfX7QmFGhQhG2jAllVgXCiM1ZrWgvtp80-Bfppyexh1QEg&#038;oe=689E923C","og:image:secure_url":"https:\/\/scontent-gig4-1.xx.fbcdn.net\/v\/t39.30808-1\/270437624_4564083193639691_6907940295614233970_n.jpg?stp=dst-jpg_s200x200_tt6&#038;_nc_cat=111&#038;ccb=1-7&#038;_nc_sid=f907e8&#038;_nc_ohc=SM1wRlP3lJwQ7kNvwEPuBYA&#038;_nc_oc=AdnqrjDN_BNjSSHWO-GbkIWH6fkGMLw4bqvL_NH6e2wMveX7G-rP2dAqsDSq1mJMOaY&#038;_nc_zt=24&#038;_nc_ht=scontent-gig4-1.xx&#038;_nc_gid=AoBFJeGrT1hVaew_6rchkQ&#038;oh=00_AfX7QmFGhQhG2jAllVgXCiM1ZrWgvtp80-Bfppyexh1QEg&#038;oe=689E923C","article:published_time":"2017-10-13T16:41:11+00:00","article:modified_time":"2017-10-13T16:41:11+00:00","twitter:card":"summary_large_image","twitter:title":"CDL-Muria\u00e9 promove semin\u00e1rio sobre Reforma Trabalhista e Inova\u00e7\u00e3o em Vendas - A Not\u00edcia Online","twitter:description":"A C\u00e2mara de Dirigentes Lojistas de Muria\u00e9 (CDL-Muria\u00e9), em parceria com o Sebrae, promoveu, na ter\u00e7a-feira (10), um semin\u00e1rio abordando os temas: Reforma Trabalhista e Inova\u00e7\u00e3o em Vendas. As palestras aconteceram no Anfiteatro do Col\u00e9gio Santa Marcelina. Leandro Latim, presidente da CDL-Muria\u00e9, falou sobre a","twitter:image":"https:\/\/scontent-gig4-1.xx.fbcdn.net\/v\/t39.30808-1\/270437624_4564083193639691_6907940295614233970_n.jpg?stp=dst-jpg_s200x200_tt6&_nc_cat=111&ccb=1-7&_nc_sid=f907e8&_nc_ohc=SM1wRlP3lJwQ7kNvwEPuBYA&_nc_oc=AdnqrjDN_BNjSSHWO-GbkIWH6fkGMLw4bqvL_NH6e2wMveX7G-rP2dAqsDSq1mJMOaY&_nc_zt=24&_nc_ht=scontent-gig4-1.xx&_nc_gid=AoBFJeGrT1hVaew_6rchkQ&oh=00_AfX7QmFGhQhG2jAllVgXCiM1ZrWgvtp80-Bfppyexh1QEg&oe=689E923C"},"aioseo_meta_data":{"post_id":"42325","title":null,"description":null,"keywords":null,"keyphrases":null,"primary_term":null,"canonical_url":null,"og_title":null,"og_description":null,"og_object_type":"default","og_image_type":"default","og_image_url":null,"og_image_width":null,"og_image_height":null,"og_image_custom_url":null,"og_image_custom_fields":null,"og_video":null,"og_custom_url":null,"og_article_section":null,"og_article_tags":null,"twitter_use_og":false,"twitter_card":"default","twitter_image_type":"default","twitter_image_url":null,"twitter_image_custom_url":null,"twitter_image_custom_fields":null,"twitter_title":null,"twitter_description":null,"schema":{"blockGraphs":[],"customGraphs":[],"default":{"data":{"Article":[],"Course":[],"Dataset":[],"FAQPage":[],"Movie":[],"Person":[],"Product":[],"ProductReview":[],"Car":[],"Recipe":[],"Service":[],"SoftwareApplication":[],"WebPage":[]},"graphName":"","isEnabled":true},"graphs":[]},"schema_type":"default","schema_type_options":null,"pillar_content":false,"robots_default":true,"robots_noindex":false,"robots_noarchive":false,"robots_nosnippet":false,"robots_nofollow":false,"robots_noimageindex":false,"robots_noodp":false,"robots_notranslate":false,"robots_max_snippet":null,"robots_max_videopreview":null,"robots_max_imagepreview":"large","priority":null,"frequency":null,"local_seo":null,"breadcrumb_settings":null,"limit_modified_date":false,"ai":null,"created":"2025-08-16 19:38:54","updated":"2025-08-16 19:38:54","focus_keyword":null,"additional_keywords":null,"truseo_locale":null,"seo_analyzer_scan_date":null},"aioseo_breadcrumb":"<div class=\"aioseo-breadcrumbs\"><span class=\"aioseo-breadcrumb\">\n\t\t\t<a href=\"https:\/\/anoticiaonline.com.br\/site\" title=\"Home\">Home<\/a>\n\t\t<\/span><span class=\"aioseo-breadcrumb-separator\">&raquo;<\/span><span class=\"aioseo-breadcrumb\">\n\t\t\t<a href=\"https:\/\/anoticiaonline.com.br\/site\/categoria\/gerais\/\" title=\"Gerais\">Gerais<\/a>\n\t\t<\/span><span class=\"aioseo-breadcrumb-separator\">&raquo;<\/span><span class=\"aioseo-breadcrumb\">\n\t\t\tCDL-Muria\u00e9 promove semin\u00e1rio sobre Reforma Trabalhista e Inova\u00e7\u00e3o em Vendas\n\t\t<\/span><\/div>","aioseo_breadcrumb_json":[{"label":"Home","link":"https:\/\/anoticiaonline.com.br\/site"},{"label":"Gerais","link":"https:\/\/anoticiaonline.com.br\/site\/categoria\/gerais\/"},{"label":"CDL-Muria\u00e9 promove semin\u00e1rio sobre Reforma Trabalhista e Inova\u00e7\u00e3o em Vendas","link":"https:\/\/anoticiaonline.com.br\/site\/cdl-muriae-promove-seminario-sobre-reforma-trabalhista-e-inovacao-em-vendas\/"}],"views":162,"_links":{"self":[{"href":"https:\/\/anoticiaonline.com.br\/site\/wp-json\/wp\/v2\/posts\/42325","targetHints":{"allow":["GET"]}}],"collection":[{"href":"https:\/\/anoticiaonline.com.br\/site\/wp-json\/wp\/v2\/posts"}],"about":[{"href":"https:\/\/anoticiaonline.com.br\/site\/wp-json\/wp\/v2\/types\/post"}],"author":[{"embeddable":true,"href":"https:\/\/anoticiaonline.com.br\/site\/wp-json\/wp\/v2\/users\/2"}],"replies":[{"embeddable":true,"href":"https:\/\/anoticiaonline.com.br\/site\/wp-json\/wp\/v2\/comments?post=42325"}],"version-history":[{"count":0,"href":"https:\/\/anoticiaonline.com.br\/site\/wp-json\/wp\/v2\/posts\/42325\/revisions"}],"wp:featuredmedia":[{"embeddable":true,"href":"https:\/\/anoticiaonline.com.br\/site\/wp-json\/wp\/v2\/media\/42329"}],"wp:attachment":[{"href":"https:\/\/anoticiaonline.com.br\/site\/wp-json\/wp\/v2\/media?parent=42325"}],"wp:term":[{"taxonomy":"category","embeddable":true,"href":"https:\/\/anoticiaonline.com.br\/site\/wp-json\/wp\/v2\/categories?post=42325"},{"taxonomy":"post_tag","embeddable":true,"href":"https:\/\/anoticiaonline.com.br\/site\/wp-json\/wp\/v2\/tags?post=42325"}],"curies":[{"name":"wp","href":"https:\/\/api.w.org\/{rel}","templated":true}]}}