{"id":42204,"date":"2017-10-13T12:49:08","date_gmt":"2017-10-13T15:49:08","guid":{"rendered":"http:\/\/anoticiaonline.com.br\/site\/?p=42204"},"modified":"2017-10-13T12:53:10","modified_gmt":"2017-10-13T15:53:10","slug":"bazar-polmel-realiza-tradicional-festa-das-criancas","status":"publish","type":"post","link":"https:\/\/anoticiaonline.com.br\/site\/bazar-polmel-realiza-tradicional-festa-das-criancas\/","title":{"rendered":"BAZAR POLMEL realiza tradicional Festa das Crian\u00e7as"},"content":{"rendered":"<p>&nbsp;<\/p>\n<p><a href=\"https:\/\/anoticiaonline.com.br\/site\/wp-content\/uploads\/2017\/10\/DSC_0775.jpg\"><img fetchpriority=\"high\" decoding=\"async\" class=\"alignleft size-medium wp-image-42207\" src=\"https:\/\/anoticiaonline.com.br\/site\/wp-content\/uploads\/2017\/10\/DSC_0775-300x200.jpg\" alt=\"\" width=\"300\" height=\"200\" srcset=\"https:\/\/anoticiaonline.com.br\/site\/wp-content\/uploads\/2017\/10\/DSC_0775-300x200.jpg 300w, https:\/\/anoticiaonline.com.br\/site\/wp-content\/uploads\/2017\/10\/DSC_0775.jpg 640w\" sizes=\"(max-width: 300px) 100vw, 300px\" \/><\/a>O BAZAR POLMEL realizou duas grandes festas, em Miradouro e em Pedra Dourada, para comemorar o Dia das Crian\u00e7as (12 de outubro). O objetivo dos eventos, que aconteceram, respectivamente, nos dias 6 e 7 de outubro, foi proporcionar alegria e momentos de lazer para os pequenos e seus familiares.<\/p>\n<p>A festa \u00e9 tradicional em Miradouro, cidade onde est\u00e1 localizada a matriz da loja, e esta tradi\u00e7\u00e3o est\u00e1 sendo repassada para a filial em Pedra Dourada. Foram realizadas brincadeiras como pula-pula, escorregador, distribui\u00e7\u00e3o de algod\u00e3o doce, picol\u00e9, pipoca, sorteio de brindes e sorteio de brindes. \u201cEsta festa tem sido importante, tanto do ponto de vista comercial, quanto social\u201d, conta o diretor-geral das lojas BAZAR POLMEL, Paulo Henrique Silva de Lima.<\/p>\n<p>\u201cRealizar eventos como estes \u00e9 gratificante para n\u00f3s, porque j\u00e1 fazemos esta festa h\u00e1 alguns anos. Ficamos muito felizes em ver as crian\u00e7as alegres, com o sorriso no rosto participando das brincadeiras. Com isso, acabamos fazendo uma boa a\u00e7\u00e3o para os pequenos e para os seus pais\u201d, acrescenta o fundador da loja, Paulo Onofre de Lima.<\/p>\n<p>A loja de Miradouro est\u00e1 localizada na Pra\u00e7a Pedro Jos\u00e9 de Queiroz, 25, bairro S\u00e3o Pedro. J\u00e1 a loja BAZAR POLMEL de Pedra Dourada, que faz parte do projeto de expans\u00e3o do grupo, est\u00e1 situada \u00e0 Rua Ant\u00f4nio Lopes da Silva, 20, centro. Atualmente, a empresa possui, tamb\u00e9m, uma ferramenta de vendas online que atende a regi\u00e3o: o POLMEL.COM.<\/p>\n<p>Fundada em Miradouro em tr\u00eas de abril de 1980, portanto, h\u00e1 37 anos, o BAZAR POLMEL \u00e9 a loja mais completa da regi\u00e3o. Oferece todas as novidades em roupas, cal\u00e7ados e acess\u00f3rios. Al\u00e9m disso, as lojas BAZAR POLMEL oferecem tudo em m\u00f3veis, eletrodom\u00e9sticos, artigos para cama, mesa e banho, papelaria, brinquedos, utilidades dom\u00e9sticas, artigos de pesca, aviamentos, celulares e muito mais. \u201cIniciamos a loja com pequenas mercadorias, e aos poucos, fomos aumentando a variedade de produtos, trazendo novidades de outras cidades, como S\u00e3o Paulo, Belo Horizonte e Petr\u00f3polis, para os clientes\u201d, lembra o fundador Paulo Onofre de Lima agradecendo aos clientes e amigos pela fidelidade e prefer\u00eancia.<\/p>\n<p><img decoding=\"async\" class=\"ngg_displayed_gallery mceItem\" src=\"https:\/\/anoticiaonline.com.br\/site\/nextgen-attach_to_post\/preview\/id--42258\" \/><\/p>\n<p>&nbsp;<\/p>\n<p>&nbsp;<\/p>\n<p>&nbsp;<\/p>\n<p>&nbsp;<\/p>\n","protected":false},"excerpt":{"rendered":"<p>&nbsp; O BAZAR POLMEL realizou duas grandes festas, em Miradouro e em Pedra Dourada, para comemorar o Dia das Crian\u00e7as (12 de outubro). O objetivo dos eventos, que aconteceram, respectivamente, nos dias 6 e 7 de outubro, foi proporcionar alegria e momentos de lazer para os pequenos e seus familiares. A festa \u00e9 tradicional em &#8230; <a title=\"BAZAR POLMEL realiza tradicional Festa das Crian\u00e7as\" class=\"read-more\" href=\"https:\/\/anoticiaonline.com.br\/site\/bazar-polmel-realiza-tradicional-festa-das-criancas\/\" aria-label=\"Read more about BAZAR POLMEL realiza tradicional Festa das Crian\u00e7as\">Ler mais<\/a><\/p>\n","protected":false},"author":2,"featured_media":42207,"comment_status":"open","ping_status":"open","sticky":false,"template":"","format":"standard","meta":{"_acf_changed":false,"_monsterinsights_skip_tracking":false,"footnotes":""},"categories":[6],"tags":[1314,610,1313,1312,39,1316,1315,1311,611,952],"class_list":["post-42204","post","type-post","status-publish","format-standard","has-post-thumbnail","hentry","category-regiao","tag-12-de-outubro","tag-bazar-polmel","tag-dia-das-criancas","tag-dia-das-criancas-12-de-outubro","tag-miradouro","tag-paulo-henrique-silva-de-lima","tag-paulo-onofre-de-lima","tag-pedra-dourada","tag-polmel-com","tag-tradicional"],"acf":[],"aioseo_notices":[],"aioseo_head":"\n\t\t<!-- All in One SEO 5.0.0.1 - aioseo.com -->\n\t<meta name=\"description\" content=\"O BAZAR POLMEL realizou duas grandes festas, em Miradouro e em Pedra Dourada, para comemorar o Dia das Crian\u00e7as (12 de outubro). O objetivo dos eventos, que aconteceram, respectivamente, nos dias 6 e 7 de outubro, foi proporcionar alegria e momentos de lazer para os pequenos e seus familiares. A festa \u00e9 tradicional em\" \/>\n\t<meta name=\"robots\" content=\"max-image-preview:large\" \/>\n\t<meta name=\"author\" content=\"Juliana Laviola\"\/>\n\t<link rel=\"canonical\" href=\"https:\/\/anoticiaonline.com.br\/site\/bazar-polmel-realiza-tradicional-festa-das-criancas\/\" \/>\n\t<meta name=\"generator\" content=\"All in One SEO (AIOSEO) 5.0.0.1\" \/>\n\t\t<meta property=\"og:locale\" content=\"pt_BR\" \/>\n\t\t<meta property=\"og:site_name\" content=\"A Not\u00edcia Online - Noticias de Muria\u00e9 e regi\u00e3o\" \/>\n\t\t<meta property=\"og:type\" content=\"article\" \/>\n\t\t<meta property=\"og:title\" content=\"BAZAR POLMEL realiza tradicional Festa das Crian\u00e7as - A Not\u00edcia Online\" \/>\n\t\t<meta property=\"og:description\" content=\"O BAZAR POLMEL realizou duas grandes festas, em Miradouro e em Pedra Dourada, para comemorar o Dia das Crian\u00e7as (12 de outubro). O objetivo dos eventos, que aconteceram, respectivamente, nos dias 6 e 7 de outubro, foi proporcionar alegria e momentos de lazer para os pequenos e seus familiares. A festa \u00e9 tradicional em\" \/>\n\t\t<meta property=\"og:url\" content=\"https:\/\/anoticiaonline.com.br\/site\/bazar-polmel-realiza-tradicional-festa-das-criancas\/\" \/>\n\t\t<meta property=\"og:image\" content=\"https:\/\/scontent-gig4-1.xx.fbcdn.net\/v\/t39.30808-1\/270437624_4564083193639691_6907940295614233970_n.jpg?stp=dst-jpg_s200x200_tt6&#038;_nc_cat=111&#038;ccb=1-7&#038;_nc_sid=f907e8&#038;_nc_ohc=SM1wRlP3lJwQ7kNvwEPuBYA&#038;_nc_oc=AdnqrjDN_BNjSSHWO-GbkIWH6fkGMLw4bqvL_NH6e2wMveX7G-rP2dAqsDSq1mJMOaY&#038;_nc_zt=24&#038;_nc_ht=scontent-gig4-1.xx&#038;_nc_gid=AoBFJeGrT1hVaew_6rchkQ&#038;oh=00_AfX7QmFGhQhG2jAllVgXCiM1ZrWgvtp80-Bfppyexh1QEg&#038;oe=689E923C\" \/>\n\t\t<meta property=\"og:image:secure_url\" content=\"https:\/\/scontent-gig4-1.xx.fbcdn.net\/v\/t39.30808-1\/270437624_4564083193639691_6907940295614233970_n.jpg?stp=dst-jpg_s200x200_tt6&#038;_nc_cat=111&#038;ccb=1-7&#038;_nc_sid=f907e8&#038;_nc_ohc=SM1wRlP3lJwQ7kNvwEPuBYA&#038;_nc_oc=AdnqrjDN_BNjSSHWO-GbkIWH6fkGMLw4bqvL_NH6e2wMveX7G-rP2dAqsDSq1mJMOaY&#038;_nc_zt=24&#038;_nc_ht=scontent-gig4-1.xx&#038;_nc_gid=AoBFJeGrT1hVaew_6rchkQ&#038;oh=00_AfX7QmFGhQhG2jAllVgXCiM1ZrWgvtp80-Bfppyexh1QEg&#038;oe=689E923C\" \/>\n\t\t<meta property=\"article:published_time\" content=\"2017-10-13T15:49:08+00:00\" \/>\n\t\t<meta property=\"article:modified_time\" content=\"2017-10-13T15:53:10+00:00\" \/>\n\t\t<meta name=\"twitter:card\" content=\"summary_large_image\" \/>\n\t\t<meta name=\"twitter:title\" content=\"BAZAR POLMEL realiza tradicional Festa das Crian\u00e7as - A Not\u00edcia Online\" \/>\n\t\t<meta name=\"twitter:description\" content=\"O BAZAR POLMEL realizou duas grandes festas, em Miradouro e em Pedra Dourada, para comemorar o Dia das Crian\u00e7as (12 de outubro). O objetivo dos eventos, que aconteceram, respectivamente, nos dias 6 e 7 de outubro, foi proporcionar alegria e momentos de lazer para os pequenos e seus familiares. A festa \u00e9 tradicional em\" \/>\n\t\t<meta name=\"twitter:image\" content=\"https:\/\/scontent-gig4-1.xx.fbcdn.net\/v\/t39.30808-1\/270437624_4564083193639691_6907940295614233970_n.jpg?stp=dst-jpg_s200x200_tt6&amp;_nc_cat=111&amp;ccb=1-7&amp;_nc_sid=f907e8&amp;_nc_ohc=SM1wRlP3lJwQ7kNvwEPuBYA&amp;_nc_oc=AdnqrjDN_BNjSSHWO-GbkIWH6fkGMLw4bqvL_NH6e2wMveX7G-rP2dAqsDSq1mJMOaY&amp;_nc_zt=24&amp;_nc_ht=scontent-gig4-1.xx&amp;_nc_gid=AoBFJeGrT1hVaew_6rchkQ&amp;oh=00_AfX7QmFGhQhG2jAllVgXCiM1ZrWgvtp80-Bfppyexh1QEg&amp;oe=689E923C\" \/>\n\t\t<script type=\"application\/ld+json\" class=\"aioseo-schema\">\n\t\t\t{\"@context\":\"https:\\\/\\\/schema.org\",\"@graph\":[{\"@type\":\"BlogPosting\",\"@id\":\"https:\\\/\\\/anoticiaonline.com.br\\\/site\\\/bazar-polmel-realiza-tradicional-festa-das-criancas\\\/#blogposting\",\"name\":\"BAZAR POLMEL realiza tradicional Festa das Crian\\u00e7as - A Not\\u00edcia Online\",\"headline\":\"BAZAR POLMEL realiza tradicional Festa das Crian\\u00e7as\",\"author\":{\"@id\":\"https:\\\/\\\/anoticiaonline.com.br\\\/site\\\/author\\\/juliana\\\/#author\"},\"publisher\":{\"@id\":\"https:\\\/\\\/anoticiaonline.com.br\\\/site\\\/#organization\"},\"image\":{\"@type\":\"ImageObject\",\"url\":\"https:\\\/\\\/anoticiaonline.com.br\\\/site\\\/wp-content\\\/uploads\\\/2017\\\/10\\\/DSC_0775.jpg\",\"width\":640,\"height\":426},\"datePublished\":\"2017-10-13T12:49:08-03:00\",\"dateModified\":\"2017-10-13T12:53:10-03:00\",\"inLanguage\":\"pt-BR\",\"mainEntityOfPage\":{\"@id\":\"https:\\\/\\\/anoticiaonline.com.br\\\/site\\\/bazar-polmel-realiza-tradicional-festa-das-criancas\\\/#webpage\"},\"isPartOf\":{\"@id\":\"https:\\\/\\\/anoticiaonline.com.br\\\/site\\\/bazar-polmel-realiza-tradicional-festa-das-criancas\\\/#webpage\"},\"articleSection\":\"Regi\\u00e3o, 12 de outubro, Bazar Polmel, Dia das Crian\\u00e7as, Dia das Crian\\u00e7as (12 de outubro), miradouro, Paulo Henrique Silva de Lima, Paulo Onofre de Lima, Pedra Dourada, Polmel.com, tradicional\"},{\"@type\":\"BreadcrumbList\",\"@id\":\"https:\\\/\\\/anoticiaonline.com.br\\\/site\\\/bazar-polmel-realiza-tradicional-festa-das-criancas\\\/#breadcrumblist\",\"itemListElement\":[{\"@type\":\"ListItem\",\"@id\":\"https:\\\/\\\/anoticiaonline.com.br\\\/site#listItem\",\"position\":1,\"name\":\"Home\",\"item\":\"https:\\\/\\\/anoticiaonline.com.br\\\/site\",\"nextItem\":{\"@type\":\"ListItem\",\"@id\":\"https:\\\/\\\/anoticiaonline.com.br\\\/site\\\/categoria\\\/regiao\\\/#listItem\",\"name\":\"Regi\\u00e3o\"}},{\"@type\":\"ListItem\",\"@id\":\"https:\\\/\\\/anoticiaonline.com.br\\\/site\\\/categoria\\\/regiao\\\/#listItem\",\"position\":2,\"name\":\"Regi\\u00e3o\",\"item\":\"https:\\\/\\\/anoticiaonline.com.br\\\/site\\\/categoria\\\/regiao\\\/\",\"nextItem\":{\"@type\":\"ListItem\",\"@id\":\"https:\\\/\\\/anoticiaonline.com.br\\\/site\\\/bazar-polmel-realiza-tradicional-festa-das-criancas\\\/#listItem\",\"name\":\"BAZAR POLMEL realiza tradicional Festa das Crian\\u00e7as\"},\"previousItem\":{\"@type\":\"ListItem\",\"@id\":\"https:\\\/\\\/anoticiaonline.com.br\\\/site#listItem\",\"name\":\"Home\"}},{\"@type\":\"ListItem\",\"@id\":\"https:\\\/\\\/anoticiaonline.com.br\\\/site\\\/bazar-polmel-realiza-tradicional-festa-das-criancas\\\/#listItem\",\"position\":3,\"name\":\"BAZAR POLMEL realiza tradicional Festa das Crian\\u00e7as\",\"previousItem\":{\"@type\":\"ListItem\",\"@id\":\"https:\\\/\\\/anoticiaonline.com.br\\\/site\\\/categoria\\\/regiao\\\/#listItem\",\"name\":\"Regi\\u00e3o\"}}]},{\"@type\":\"Organization\",\"@id\":\"https:\\\/\\\/anoticiaonline.com.br\\\/site\\\/#organization\",\"name\":\"A Not\\u00edcia Online\",\"description\":\"Noticias de Muria\\u00e9 e regi\\u00e3o\",\"url\":\"https:\\\/\\\/anoticiaonline.com.br\\\/site\\\/\",\"logo\":{\"@type\":\"ImageObject\",\"url\":\"https:\\\/\\\/scontent-gig4-1.xx.fbcdn.net\\\/v\\\/t39.30808-1\\\/270437624_4564083193639691_6907940295614233970_n.jpg?stp=dst-jpg_s200x200_tt6&_nc_cat=111&ccb=1-7&_nc_sid=f907e8&_nc_ohc=SM1wRlP3lJwQ7kNvwEPuBYA&_nc_oc=AdnqrjDN_BNjSSHWO-GbkIWH6fkGMLw4bqvL_NH6e2wMveX7G-rP2dAqsDSq1mJMOaY&_nc_zt=24&_nc_ht=scontent-gig4-1.xx&_nc_gid=AoBFJeGrT1hVaew_6rchkQ&oh=00_AfX7QmFGhQhG2jAllVgXCiM1ZrWgvtp80-Bfppyexh1QEg&oe=689E923C\",\"@id\":\"https:\\\/\\\/anoticiaonline.com.br\\\/site\\\/bazar-polmel-realiza-tradicional-festa-das-criancas\\\/#organizationLogo\"},\"image\":{\"@id\":\"https:\\\/\\\/anoticiaonline.com.br\\\/site\\\/bazar-polmel-realiza-tradicional-festa-das-criancas\\\/#organizationLogo\"}},{\"@type\":\"Person\",\"@id\":\"https:\\\/\\\/anoticiaonline.com.br\\\/site\\\/author\\\/juliana\\\/#author\",\"url\":\"https:\\\/\\\/anoticiaonline.com.br\\\/site\\\/author\\\/juliana\\\/\",\"name\":\"Juliana Laviola\",\"image\":{\"@type\":\"ImageObject\",\"@id\":\"https:\\\/\\\/anoticiaonline.com.br\\\/site\\\/bazar-polmel-realiza-tradicional-festa-das-criancas\\\/#authorImage\",\"url\":\"https:\\\/\\\/secure.gravatar.com\\\/avatar\\\/b8d45f5c699b100dfaf0e543582f38f38bf94cb7ae3a5e9abf8d891a34773335?s=96&d=mm&r=g\",\"width\":96,\"height\":96,\"caption\":\"Juliana Laviola\"}},{\"@type\":\"WebPage\",\"@id\":\"https:\\\/\\\/anoticiaonline.com.br\\\/site\\\/bazar-polmel-realiza-tradicional-festa-das-criancas\\\/#webpage\",\"url\":\"https:\\\/\\\/anoticiaonline.com.br\\\/site\\\/bazar-polmel-realiza-tradicional-festa-das-criancas\\\/\",\"name\":\"BAZAR POLMEL realiza tradicional Festa das Crian\\u00e7as - A Not\\u00edcia Online\",\"description\":\"O BAZAR POLMEL realizou duas grandes festas, em Miradouro e em Pedra Dourada, para comemorar o Dia das Crian\\u00e7as (12 de outubro). O objetivo dos eventos, que aconteceram, respectivamente, nos dias 6 e 7 de outubro, foi proporcionar alegria e momentos de lazer para os pequenos e seus familiares. A festa \\u00e9 tradicional em\",\"inLanguage\":\"pt-BR\",\"isPartOf\":{\"@id\":\"https:\\\/\\\/anoticiaonline.com.br\\\/site\\\/#website\"},\"breadcrumb\":{\"@id\":\"https:\\\/\\\/anoticiaonline.com.br\\\/site\\\/bazar-polmel-realiza-tradicional-festa-das-criancas\\\/#breadcrumblist\"},\"author\":{\"@id\":\"https:\\\/\\\/anoticiaonline.com.br\\\/site\\\/author\\\/juliana\\\/#author\"},\"creator\":{\"@id\":\"https:\\\/\\\/anoticiaonline.com.br\\\/site\\\/author\\\/juliana\\\/#author\"},\"image\":{\"@type\":\"ImageObject\",\"url\":\"https:\\\/\\\/anoticiaonline.com.br\\\/site\\\/wp-content\\\/uploads\\\/2017\\\/10\\\/DSC_0775.jpg\",\"@id\":\"https:\\\/\\\/anoticiaonline.com.br\\\/site\\\/bazar-polmel-realiza-tradicional-festa-das-criancas\\\/#mainImage\",\"width\":640,\"height\":426},\"primaryImageOfPage\":{\"@id\":\"https:\\\/\\\/anoticiaonline.com.br\\\/site\\\/bazar-polmel-realiza-tradicional-festa-das-criancas\\\/#mainImage\"},\"datePublished\":\"2017-10-13T12:49:08-03:00\",\"dateModified\":\"2017-10-13T12:53:10-03:00\"},{\"@type\":\"WebSite\",\"@id\":\"https:\\\/\\\/anoticiaonline.com.br\\\/site\\\/#website\",\"url\":\"https:\\\/\\\/anoticiaonline.com.br\\\/site\\\/\",\"name\":\"A Not\\u00edcia Online\",\"description\":\"Noticias de Muria\\u00e9 e regi\\u00e3o\",\"inLanguage\":\"pt-BR\",\"publisher\":{\"@id\":\"https:\\\/\\\/anoticiaonline.com.br\\\/site\\\/#organization\"}}]}\n\t\t<\/script>\n\t\t<!-- All in One SEO -->\n\n","aioseo_head_json":{"title":"BAZAR POLMEL realiza tradicional Festa das Crian\u00e7as - A Not\u00edcia Online","description":"O BAZAR POLMEL realizou duas grandes festas, em Miradouro e em Pedra Dourada, para comemorar o Dia das Crian\u00e7as (12 de outubro). O objetivo dos eventos, que aconteceram, respectivamente, nos dias 6 e 7 de outubro, foi proporcionar alegria e momentos de lazer para os pequenos e seus familiares. A festa \u00e9 tradicional em","canonical_url":"https:\/\/anoticiaonline.com.br\/site\/bazar-polmel-realiza-tradicional-festa-das-criancas\/","robots":"max-image-preview:large","keywords":"","webmasterTools":{"miscellaneous":""},"schema":{"@context":"https:\/\/schema.org","@graph":[{"@type":"BlogPosting","@id":"https:\/\/anoticiaonline.com.br\/site\/bazar-polmel-realiza-tradicional-festa-das-criancas\/#blogposting","name":"BAZAR POLMEL realiza tradicional Festa das Crian\u00e7as - A Not\u00edcia Online","headline":"BAZAR POLMEL realiza tradicional Festa das Crian\u00e7as","author":{"@id":"https:\/\/anoticiaonline.com.br\/site\/author\/juliana\/#author"},"publisher":{"@id":"https:\/\/anoticiaonline.com.br\/site\/#organization"},"image":{"@type":"ImageObject","url":"https:\/\/anoticiaonline.com.br\/site\/wp-content\/uploads\/2017\/10\/DSC_0775.jpg","width":640,"height":426},"datePublished":"2017-10-13T12:49:08-03:00","dateModified":"2017-10-13T12:53:10-03:00","inLanguage":"pt-BR","mainEntityOfPage":{"@id":"https:\/\/anoticiaonline.com.br\/site\/bazar-polmel-realiza-tradicional-festa-das-criancas\/#webpage"},"isPartOf":{"@id":"https:\/\/anoticiaonline.com.br\/site\/bazar-polmel-realiza-tradicional-festa-das-criancas\/#webpage"},"articleSection":"Regi\u00e3o, 12 de outubro, Bazar Polmel, Dia das Crian\u00e7as, Dia das Crian\u00e7as (12 de outubro), miradouro, Paulo Henrique Silva de Lima, Paulo Onofre de Lima, Pedra Dourada, Polmel.com, tradicional"},{"@type":"BreadcrumbList","@id":"https:\/\/anoticiaonline.com.br\/site\/bazar-polmel-realiza-tradicional-festa-das-criancas\/#breadcrumblist","itemListElement":[{"@type":"ListItem","@id":"https:\/\/anoticiaonline.com.br\/site#listItem","position":1,"name":"Home","item":"https:\/\/anoticiaonline.com.br\/site","nextItem":{"@type":"ListItem","@id":"https:\/\/anoticiaonline.com.br\/site\/categoria\/regiao\/#listItem","name":"Regi\u00e3o"}},{"@type":"ListItem","@id":"https:\/\/anoticiaonline.com.br\/site\/categoria\/regiao\/#listItem","position":2,"name":"Regi\u00e3o","item":"https:\/\/anoticiaonline.com.br\/site\/categoria\/regiao\/","nextItem":{"@type":"ListItem","@id":"https:\/\/anoticiaonline.com.br\/site\/bazar-polmel-realiza-tradicional-festa-das-criancas\/#listItem","name":"BAZAR POLMEL realiza tradicional Festa das Crian\u00e7as"},"previousItem":{"@type":"ListItem","@id":"https:\/\/anoticiaonline.com.br\/site#listItem","name":"Home"}},{"@type":"ListItem","@id":"https:\/\/anoticiaonline.com.br\/site\/bazar-polmel-realiza-tradicional-festa-das-criancas\/#listItem","position":3,"name":"BAZAR POLMEL realiza tradicional Festa das Crian\u00e7as","previousItem":{"@type":"ListItem","@id":"https:\/\/anoticiaonline.com.br\/site\/categoria\/regiao\/#listItem","name":"Regi\u00e3o"}}]},{"@type":"Organization","@id":"https:\/\/anoticiaonline.com.br\/site\/#organization","name":"A Not\u00edcia Online","description":"Noticias de Muria\u00e9 e regi\u00e3o","url":"https:\/\/anoticiaonline.com.br\/site\/","logo":{"@type":"ImageObject","url":"https:\/\/scontent-gig4-1.xx.fbcdn.net\/v\/t39.30808-1\/270437624_4564083193639691_6907940295614233970_n.jpg?stp=dst-jpg_s200x200_tt6&_nc_cat=111&ccb=1-7&_nc_sid=f907e8&_nc_ohc=SM1wRlP3lJwQ7kNvwEPuBYA&_nc_oc=AdnqrjDN_BNjSSHWO-GbkIWH6fkGMLw4bqvL_NH6e2wMveX7G-rP2dAqsDSq1mJMOaY&_nc_zt=24&_nc_ht=scontent-gig4-1.xx&_nc_gid=AoBFJeGrT1hVaew_6rchkQ&oh=00_AfX7QmFGhQhG2jAllVgXCiM1ZrWgvtp80-Bfppyexh1QEg&oe=689E923C","@id":"https:\/\/anoticiaonline.com.br\/site\/bazar-polmel-realiza-tradicional-festa-das-criancas\/#organizationLogo"},"image":{"@id":"https:\/\/anoticiaonline.com.br\/site\/bazar-polmel-realiza-tradicional-festa-das-criancas\/#organizationLogo"}},{"@type":"Person","@id":"https:\/\/anoticiaonline.com.br\/site\/author\/juliana\/#author","url":"https:\/\/anoticiaonline.com.br\/site\/author\/juliana\/","name":"Juliana Laviola","image":{"@type":"ImageObject","@id":"https:\/\/anoticiaonline.com.br\/site\/bazar-polmel-realiza-tradicional-festa-das-criancas\/#authorImage","url":"https:\/\/secure.gravatar.com\/avatar\/b8d45f5c699b100dfaf0e543582f38f38bf94cb7ae3a5e9abf8d891a34773335?s=96&d=mm&r=g","width":96,"height":96,"caption":"Juliana Laviola"}},{"@type":"WebPage","@id":"https:\/\/anoticiaonline.com.br\/site\/bazar-polmel-realiza-tradicional-festa-das-criancas\/#webpage","url":"https:\/\/anoticiaonline.com.br\/site\/bazar-polmel-realiza-tradicional-festa-das-criancas\/","name":"BAZAR POLMEL realiza tradicional Festa das Crian\u00e7as - A Not\u00edcia Online","description":"O BAZAR POLMEL realizou duas grandes festas, em Miradouro e em Pedra Dourada, para comemorar o Dia das Crian\u00e7as (12 de outubro). O objetivo dos eventos, que aconteceram, respectivamente, nos dias 6 e 7 de outubro, foi proporcionar alegria e momentos de lazer para os pequenos e seus familiares. A festa \u00e9 tradicional em","inLanguage":"pt-BR","isPartOf":{"@id":"https:\/\/anoticiaonline.com.br\/site\/#website"},"breadcrumb":{"@id":"https:\/\/anoticiaonline.com.br\/site\/bazar-polmel-realiza-tradicional-festa-das-criancas\/#breadcrumblist"},"author":{"@id":"https:\/\/anoticiaonline.com.br\/site\/author\/juliana\/#author"},"creator":{"@id":"https:\/\/anoticiaonline.com.br\/site\/author\/juliana\/#author"},"image":{"@type":"ImageObject","url":"https:\/\/anoticiaonline.com.br\/site\/wp-content\/uploads\/2017\/10\/DSC_0775.jpg","@id":"https:\/\/anoticiaonline.com.br\/site\/bazar-polmel-realiza-tradicional-festa-das-criancas\/#mainImage","width":640,"height":426},"primaryImageOfPage":{"@id":"https:\/\/anoticiaonline.com.br\/site\/bazar-polmel-realiza-tradicional-festa-das-criancas\/#mainImage"},"datePublished":"2017-10-13T12:49:08-03:00","dateModified":"2017-10-13T12:53:10-03:00"},{"@type":"WebSite","@id":"https:\/\/anoticiaonline.com.br\/site\/#website","url":"https:\/\/anoticiaonline.com.br\/site\/","name":"A Not\u00edcia Online","description":"Noticias de Muria\u00e9 e regi\u00e3o","inLanguage":"pt-BR","publisher":{"@id":"https:\/\/anoticiaonline.com.br\/site\/#organization"}}]},"og:locale":"pt_BR","og:site_name":"A Not\u00edcia Online - Noticias de Muria\u00e9 e regi\u00e3o","og:type":"article","og:title":"BAZAR POLMEL realiza tradicional Festa das Crian\u00e7as - A Not\u00edcia Online","og:description":"O BAZAR POLMEL realizou duas grandes festas, em Miradouro e em Pedra Dourada, para comemorar o Dia das Crian\u00e7as (12 de outubro). O objetivo dos eventos, que aconteceram, respectivamente, nos dias 6 e 7 de outubro, foi proporcionar alegria e momentos de lazer para os pequenos e seus familiares. A festa \u00e9 tradicional em","og:url":"https:\/\/anoticiaonline.com.br\/site\/bazar-polmel-realiza-tradicional-festa-das-criancas\/","og:image":"https:\/\/scontent-gig4-1.xx.fbcdn.net\/v\/t39.30808-1\/270437624_4564083193639691_6907940295614233970_n.jpg?stp=dst-jpg_s200x200_tt6&#038;_nc_cat=111&#038;ccb=1-7&#038;_nc_sid=f907e8&#038;_nc_ohc=SM1wRlP3lJwQ7kNvwEPuBYA&#038;_nc_oc=AdnqrjDN_BNjSSHWO-GbkIWH6fkGMLw4bqvL_NH6e2wMveX7G-rP2dAqsDSq1mJMOaY&#038;_nc_zt=24&#038;_nc_ht=scontent-gig4-1.xx&#038;_nc_gid=AoBFJeGrT1hVaew_6rchkQ&#038;oh=00_AfX7QmFGhQhG2jAllVgXCiM1ZrWgvtp80-Bfppyexh1QEg&#038;oe=689E923C","og:image:secure_url":"https:\/\/scontent-gig4-1.xx.fbcdn.net\/v\/t39.30808-1\/270437624_4564083193639691_6907940295614233970_n.jpg?stp=dst-jpg_s200x200_tt6&#038;_nc_cat=111&#038;ccb=1-7&#038;_nc_sid=f907e8&#038;_nc_ohc=SM1wRlP3lJwQ7kNvwEPuBYA&#038;_nc_oc=AdnqrjDN_BNjSSHWO-GbkIWH6fkGMLw4bqvL_NH6e2wMveX7G-rP2dAqsDSq1mJMOaY&#038;_nc_zt=24&#038;_nc_ht=scontent-gig4-1.xx&#038;_nc_gid=AoBFJeGrT1hVaew_6rchkQ&#038;oh=00_AfX7QmFGhQhG2jAllVgXCiM1ZrWgvtp80-Bfppyexh1QEg&#038;oe=689E923C","article:published_time":"2017-10-13T15:49:08+00:00","article:modified_time":"2017-10-13T15:53:10+00:00","twitter:card":"summary_large_image","twitter:title":"BAZAR POLMEL realiza tradicional Festa das Crian\u00e7as - A Not\u00edcia Online","twitter:description":"O BAZAR POLMEL realizou duas grandes festas, em Miradouro e em Pedra Dourada, para comemorar o Dia das Crian\u00e7as (12 de outubro). O objetivo dos eventos, que aconteceram, respectivamente, nos dias 6 e 7 de outubro, foi proporcionar alegria e momentos de lazer para os pequenos e seus familiares. A festa \u00e9 tradicional em","twitter:image":"https:\/\/scontent-gig4-1.xx.fbcdn.net\/v\/t39.30808-1\/270437624_4564083193639691_6907940295614233970_n.jpg?stp=dst-jpg_s200x200_tt6&_nc_cat=111&ccb=1-7&_nc_sid=f907e8&_nc_ohc=SM1wRlP3lJwQ7kNvwEPuBYA&_nc_oc=AdnqrjDN_BNjSSHWO-GbkIWH6fkGMLw4bqvL_NH6e2wMveX7G-rP2dAqsDSq1mJMOaY&_nc_zt=24&_nc_ht=scontent-gig4-1.xx&_nc_gid=AoBFJeGrT1hVaew_6rchkQ&oh=00_AfX7QmFGhQhG2jAllVgXCiM1ZrWgvtp80-Bfppyexh1QEg&oe=689E923C"},"aioseo_meta_data":{"post_id":"42204","title":null,"description":null,"keywords":null,"keyphrases":null,"primary_term":null,"canonical_url":null,"og_title":null,"og_description":null,"og_object_type":"default","og_image_type":"default","og_image_url":null,"og_image_width":null,"og_image_height":null,"og_image_custom_url":null,"og_image_custom_fields":null,"og_video":null,"og_custom_url":null,"og_article_section":null,"og_article_tags":null,"twitter_use_og":false,"twitter_card":"default","twitter_image_type":"default","twitter_image_url":null,"twitter_image_custom_url":null,"twitter_image_custom_fields":null,"twitter_title":null,"twitter_description":null,"schema":{"blockGraphs":[],"customGraphs":[],"default":{"data":{"Article":[],"Course":[],"Dataset":[],"FAQPage":[],"Movie":[],"Person":[],"Product":[],"ProductReview":[],"Car":[],"Recipe":[],"Service":[],"SoftwareApplication":[],"WebPage":[]},"graphName":"","isEnabled":true},"graphs":[]},"schema_type":"default","schema_type_options":null,"pillar_content":false,"robots_default":true,"robots_noindex":false,"robots_noarchive":false,"robots_nosnippet":false,"robots_nofollow":false,"robots_noimageindex":false,"robots_noodp":false,"robots_notranslate":false,"robots_max_snippet":null,"robots_max_videopreview":null,"robots_max_imagepreview":"large","priority":null,"frequency":null,"local_seo":null,"breadcrumb_settings":null,"limit_modified_date":false,"ai":null,"created":"2025-08-16 19:38:54","updated":"2025-08-16 19:38:54","focus_keyword":null,"additional_keywords":null,"truseo_locale":null,"seo_analyzer_scan_date":null},"aioseo_breadcrumb":"<div class=\"aioseo-breadcrumbs\"><span class=\"aioseo-breadcrumb\">\n\t\t\t<a href=\"https:\/\/anoticiaonline.com.br\/site\" title=\"Home\">Home<\/a>\n\t\t<\/span><span class=\"aioseo-breadcrumb-separator\">&raquo;<\/span><span class=\"aioseo-breadcrumb\">\n\t\t\t<a href=\"https:\/\/anoticiaonline.com.br\/site\/categoria\/regiao\/\" title=\"Regi\u00e3o\">Regi\u00e3o<\/a>\n\t\t<\/span><span class=\"aioseo-breadcrumb-separator\">&raquo;<\/span><span class=\"aioseo-breadcrumb\">\n\t\t\tBAZAR POLMEL realiza tradicional Festa das Crian\u00e7as\n\t\t<\/span><\/div>","aioseo_breadcrumb_json":[{"label":"Home","link":"https:\/\/anoticiaonline.com.br\/site"},{"label":"Regi\u00e3o","link":"https:\/\/anoticiaonline.com.br\/site\/categoria\/regiao\/"},{"label":"BAZAR POLMEL realiza tradicional Festa das Crian\u00e7as","link":"https:\/\/anoticiaonline.com.br\/site\/bazar-polmel-realiza-tradicional-festa-das-criancas\/"}],"views":147,"_links":{"self":[{"href":"https:\/\/anoticiaonline.com.br\/site\/wp-json\/wp\/v2\/posts\/42204","targetHints":{"allow":["GET"]}}],"collection":[{"href":"https:\/\/anoticiaonline.com.br\/site\/wp-json\/wp\/v2\/posts"}],"about":[{"href":"https:\/\/anoticiaonline.com.br\/site\/wp-json\/wp\/v2\/types\/post"}],"author":[{"embeddable":true,"href":"https:\/\/anoticiaonline.com.br\/site\/wp-json\/wp\/v2\/users\/2"}],"replies":[{"embeddable":true,"href":"https:\/\/anoticiaonline.com.br\/site\/wp-json\/wp\/v2\/comments?post=42204"}],"version-history":[{"count":0,"href":"https:\/\/anoticiaonline.com.br\/site\/wp-json\/wp\/v2\/posts\/42204\/revisions"}],"wp:featuredmedia":[{"embeddable":true,"href":"https:\/\/anoticiaonline.com.br\/site\/wp-json\/wp\/v2\/media\/42207"}],"wp:attachment":[{"href":"https:\/\/anoticiaonline.com.br\/site\/wp-json\/wp\/v2\/media?parent=42204"}],"wp:term":[{"taxonomy":"category","embeddable":true,"href":"https:\/\/anoticiaonline.com.br\/site\/wp-json\/wp\/v2\/categories?post=42204"},{"taxonomy":"post_tag","embeddable":true,"href":"https:\/\/anoticiaonline.com.br\/site\/wp-json\/wp\/v2\/tags?post=42204"}],"curies":[{"name":"wp","href":"https:\/\/api.w.org\/{rel}","templated":true}]}}