{"id":42102,"date":"2017-10-13T12:09:32","date_gmt":"2017-10-13T15:09:32","guid":{"rendered":"http:\/\/anoticiaonline.com.br\/site\/?p=42102"},"modified":"2017-10-13T12:12:42","modified_gmt":"2017-10-13T15:12:42","slug":"clinica-plenna-e-inaugurada-em-muriae","status":"publish","type":"post","link":"https:\/\/anoticiaonline.com.br\/site\/clinica-plenna-e-inaugurada-em-muriae\/","title":{"rendered":"Cl\u00ednica Plenna \u00e9 inaugurada em Muria\u00e9"},"content":{"rendered":"<p><a href=\"https:\/\/anoticiaonline.com.br\/site\/wp-content\/uploads\/2017\/10\/DSC_1157.jpg\"><img fetchpriority=\"high\" decoding=\"async\" class=\"alignleft size-medium wp-image-42103\" src=\"https:\/\/anoticiaonline.com.br\/site\/wp-content\/uploads\/2017\/10\/DSC_1157-300x200.jpg\" alt=\"\" width=\"300\" height=\"200\" srcset=\"https:\/\/anoticiaonline.com.br\/site\/wp-content\/uploads\/2017\/10\/DSC_1157-300x200.jpg 300w, https:\/\/anoticiaonline.com.br\/site\/wp-content\/uploads\/2017\/10\/DSC_1157.jpg 640w\" sizes=\"(max-width: 300px) 100vw, 300px\" \/><\/a><a href=\"https:\/\/anoticiaonline.com.br\/site\/wp-content\/uploads\/2017\/10\/WhatsApp-Image-2017-10-10-at-16.29.46-2.jpeg\"><img decoding=\"async\" class=\"alignleft size-medium wp-image-42105\" src=\"https:\/\/anoticiaonline.com.br\/site\/wp-content\/uploads\/2017\/10\/WhatsApp-Image-2017-10-10-at-16.29.46-2-300x200.jpeg\" alt=\"\" width=\"300\" height=\"200\" srcset=\"https:\/\/anoticiaonline.com.br\/site\/wp-content\/uploads\/2017\/10\/WhatsApp-Image-2017-10-10-at-16.29.46-2-300x200.jpeg 300w, https:\/\/anoticiaonline.com.br\/site\/wp-content\/uploads\/2017\/10\/WhatsApp-Image-2017-10-10-at-16.29.46-2.jpeg 640w\" sizes=\"(max-width: 300px) 100vw, 300px\" \/><\/a><a href=\"https:\/\/anoticiaonline.com.br\/site\/wp-content\/uploads\/2017\/10\/DSC_1163.jpg\"><img decoding=\"async\" class=\"alignleft size-medium wp-image-42104\" src=\"https:\/\/anoticiaonline.com.br\/site\/wp-content\/uploads\/2017\/10\/DSC_1163-300x200.jpg\" alt=\"\" width=\"300\" height=\"200\" srcset=\"https:\/\/anoticiaonline.com.br\/site\/wp-content\/uploads\/2017\/10\/DSC_1163-300x200.jpg 300w, https:\/\/anoticiaonline.com.br\/site\/wp-content\/uploads\/2017\/10\/DSC_1163.jpg 640w\" sizes=\"(max-width: 300px) 100vw, 300px\" \/><\/a>Com o objetivo de inovar e levar qualidade de vida aos muriaeenses, a Cl\u00ednica Plenna foi inaugurada, em Muria\u00e9, na Avenida Juscelino Kubitschek, para tratar a sa\u00fade de seus pacientes de forma ampla, com uma equipe multidisciplinar, com psic\u00f3logas, massoterapeuta, fisioterapeuta, esteticista, nutricionista, fonoaudi\u00f3loga, biom\u00e9dica e coaching. Os colaboradores realizaram, para amigos e familiares, um coquetel de boas-vindas para que todos pudessem conhecer o novo espa\u00e7o.<\/p>\n<p>A empreendedora e nutricionista, Jaqueline Ar\u00eades de Miranda Medeiros, contou durante a inaugura\u00e7\u00e3o da Cl\u00ednica Plenna, que o desejo de reunir uma equipe de profissionais diversificada \u00e9 antigo. \u201cEstive fora de Muria\u00e9 por 10 anos, atuando no Estado do Rio. Ao retornar para nossa cidade, a Cl\u00ednica Plena foi ganhando forma\u201d, conta.<\/p>\n<p>De acordo com Jaqueline, o ser humano \u00e9 complexo e, por este motivo, quando se trata de sa\u00fade deve ser tratado de maneira individual por isso, uma equipe multiprofissional faz a diferen\u00e7a. \u201cMuitas vezes o paciente quer tratar com o nutricionista para perder peso, mas n\u00e3o observa a presen\u00e7a de outras doen\u00e7as que possam estar associadas, como a diabetes e a depress\u00e3o, por isso, outros profissionais podem auxiliar de forma conjunta. N\u00e3o h\u00e1 como tratar a perda de peso como algo apenas est\u00e9tico, outros fatores podem estar associados a isto\u201d, diz.<\/p>\n<p>A nutricionista acrescenta que ser\u00e3o atendidos tamb\u00e9m pacientes com desnutri\u00e7\u00e3o, acompanhamento de gestantes e reeduca\u00e7\u00e3o alimentar. \u201cAjudar o indiv\u00edduo a ser saud\u00e1vel \u00e9 o principal foco da Cl\u00ednica Plenna. Por isso escolhemos o nome \u2018Plena\u2019, para tratar o ser no todo, em sua plenitude\u201d, explica.<\/p>\n<p>\u201cGostaria de agradecer a Deus; ao meu marido, pelo apoio e companheirismo; minha fam\u00edlia e \u00e0 nossa equipe, pelos esfor\u00e7os nesta primeira fase deste sonho\u201d, finaliza.<\/p>\n<p>A Cl\u00ednica Plenna funciona na Av. Juscelino Kubitschek, n\u00famero 705, no centro de Muria\u00e9, e oferece servi\u00e7os de pilates, fonoaudiologia, limpeza de pele, acompanhamentos nutricionais, massagens redutoras, relaxantes e massoterapia, consultas com psic\u00f3logos, biom\u00e9dicos e life coaching. Telefone para contato e agendamento: 3721-9873.<\/p>\n<p>&nbsp;<\/p>\n<p><img decoding=\"async\" class=\"ngg_displayed_gallery mceItem\" src=\"https:\/\/anoticiaonline.com.br\/site\/nextgen-attach_to_post\/preview\/id--42148\" \/><\/p>\n<p>&nbsp;<\/p>\n<p>&nbsp;<\/p>\n<p>&nbsp;<\/p>\n<p>&nbsp;<\/p>\n","protected":false},"excerpt":{"rendered":"<p>Com o objetivo de inovar e levar qualidade de vida aos muriaeenses, a Cl\u00ednica Plenna foi inaugurada, em Muria\u00e9, na Avenida Juscelino Kubitschek, para tratar a sa\u00fade de seus pacientes de forma ampla, com uma equipe multidisciplinar, com psic\u00f3logas, massoterapeuta, fisioterapeuta, esteticista, nutricionista, fonoaudi\u00f3loga, biom\u00e9dica e coaching. Os colaboradores realizaram, para amigos e familiares, um &#8230; <a title=\"Cl\u00ednica Plenna \u00e9 inaugurada em Muria\u00e9\" class=\"read-more\" href=\"https:\/\/anoticiaonline.com.br\/site\/clinica-plenna-e-inaugurada-em-muriae\/\" aria-label=\"Read more about Cl\u00ednica Plenna \u00e9 inaugurada em Muria\u00e9\">Ler mais<\/a><\/p>\n","protected":false},"author":2,"featured_media":42104,"comment_status":"open","ping_status":"open","sticky":false,"template":"","format":"standard","meta":{"_acf_changed":false,"_monsterinsights_skip_tracking":false,"footnotes":""},"categories":[1],"tags":[1305,1302,1304,1303,1296,1295,1299,1298,1301,20,1297,1300,3],"class_list":["post-42102","post","type-post","status-publish","format-standard","has-post-thumbnail","hentry","category-gerais","tag-avenida-juscelino-kubitschek","tag-biomedica","tag-clinica-plenna","tag-coaching","tag-com-psicologas","tag-equipe-multidisciplinar","tag-esteticista","tag-fisioterapeuta","tag-fonoaudiologa","tag-inauguracao","tag-massoterapeuta","tag-nutricionista","tag-slide"],"acf":[],"aioseo_notices":[],"aioseo_head":"\n\t\t<!-- All in One SEO 5.0.0.1 - aioseo.com -->\n\t<meta name=\"description\" content=\"Com o objetivo de inovar e levar qualidade de vida aos muriaeenses, a Cl\u00ednica Plenna foi inaugurada, em Muria\u00e9, na Avenida Juscelino Kubitschek, para tratar a sa\u00fade de seus pacientes de forma ampla, com uma equipe multidisciplinar, com psic\u00f3logas, massoterapeuta, fisioterapeuta, esteticista, nutricionista, fonoaudi\u00f3loga, biom\u00e9dica e coaching. Os colaboradores realizaram, para amigos e familiares, um\" \/>\n\t<meta name=\"robots\" content=\"max-image-preview:large\" \/>\n\t<meta name=\"author\" content=\"Juliana Laviola\"\/>\n\t<link rel=\"canonical\" href=\"https:\/\/anoticiaonline.com.br\/site\/clinica-plenna-e-inaugurada-em-muriae\/\" \/>\n\t<meta name=\"generator\" content=\"All in One SEO (AIOSEO) 5.0.0.1\" \/>\n\t\t<meta property=\"og:locale\" content=\"pt_BR\" \/>\n\t\t<meta property=\"og:site_name\" content=\"A Not\u00edcia Online - Noticias de Muria\u00e9 e regi\u00e3o\" \/>\n\t\t<meta property=\"og:type\" content=\"article\" \/>\n\t\t<meta property=\"og:title\" content=\"Cl\u00ednica Plenna \u00e9 inaugurada em Muria\u00e9 - A Not\u00edcia Online\" \/>\n\t\t<meta property=\"og:description\" content=\"Com o objetivo de inovar e levar qualidade de vida aos muriaeenses, a Cl\u00ednica Plenna foi inaugurada, em Muria\u00e9, na Avenida Juscelino Kubitschek, para tratar a sa\u00fade de seus pacientes de forma ampla, com uma equipe multidisciplinar, com psic\u00f3logas, massoterapeuta, fisioterapeuta, esteticista, nutricionista, fonoaudi\u00f3loga, biom\u00e9dica e coaching. Os colaboradores realizaram, para amigos e familiares, um\" \/>\n\t\t<meta property=\"og:url\" content=\"https:\/\/anoticiaonline.com.br\/site\/clinica-plenna-e-inaugurada-em-muriae\/\" \/>\n\t\t<meta property=\"og:image\" content=\"https:\/\/scontent-gig4-1.xx.fbcdn.net\/v\/t39.30808-1\/270437624_4564083193639691_6907940295614233970_n.jpg?stp=dst-jpg_s200x200_tt6&#038;_nc_cat=111&#038;ccb=1-7&#038;_nc_sid=f907e8&#038;_nc_ohc=SM1wRlP3lJwQ7kNvwEPuBYA&#038;_nc_oc=AdnqrjDN_BNjSSHWO-GbkIWH6fkGMLw4bqvL_NH6e2wMveX7G-rP2dAqsDSq1mJMOaY&#038;_nc_zt=24&#038;_nc_ht=scontent-gig4-1.xx&#038;_nc_gid=AoBFJeGrT1hVaew_6rchkQ&#038;oh=00_AfX7QmFGhQhG2jAllVgXCiM1ZrWgvtp80-Bfppyexh1QEg&#038;oe=689E923C\" \/>\n\t\t<meta property=\"og:image:secure_url\" content=\"https:\/\/scontent-gig4-1.xx.fbcdn.net\/v\/t39.30808-1\/270437624_4564083193639691_6907940295614233970_n.jpg?stp=dst-jpg_s200x200_tt6&#038;_nc_cat=111&#038;ccb=1-7&#038;_nc_sid=f907e8&#038;_nc_ohc=SM1wRlP3lJwQ7kNvwEPuBYA&#038;_nc_oc=AdnqrjDN_BNjSSHWO-GbkIWH6fkGMLw4bqvL_NH6e2wMveX7G-rP2dAqsDSq1mJMOaY&#038;_nc_zt=24&#038;_nc_ht=scontent-gig4-1.xx&#038;_nc_gid=AoBFJeGrT1hVaew_6rchkQ&#038;oh=00_AfX7QmFGhQhG2jAllVgXCiM1ZrWgvtp80-Bfppyexh1QEg&#038;oe=689E923C\" \/>\n\t\t<meta property=\"article:published_time\" content=\"2017-10-13T15:09:32+00:00\" \/>\n\t\t<meta property=\"article:modified_time\" content=\"2017-10-13T15:12:42+00:00\" \/>\n\t\t<meta name=\"twitter:card\" content=\"summary_large_image\" \/>\n\t\t<meta name=\"twitter:title\" content=\"Cl\u00ednica Plenna \u00e9 inaugurada em Muria\u00e9 - A Not\u00edcia Online\" \/>\n\t\t<meta name=\"twitter:description\" content=\"Com o objetivo de inovar e levar qualidade de vida aos muriaeenses, a Cl\u00ednica Plenna foi inaugurada, em Muria\u00e9, na Avenida Juscelino Kubitschek, para tratar a sa\u00fade de seus pacientes de forma ampla, com uma equipe multidisciplinar, com psic\u00f3logas, massoterapeuta, fisioterapeuta, esteticista, nutricionista, fonoaudi\u00f3loga, biom\u00e9dica e coaching. Os colaboradores realizaram, para amigos e familiares, um\" \/>\n\t\t<meta name=\"twitter:image\" content=\"https:\/\/scontent-gig4-1.xx.fbcdn.net\/v\/t39.30808-1\/270437624_4564083193639691_6907940295614233970_n.jpg?stp=dst-jpg_s200x200_tt6&amp;_nc_cat=111&amp;ccb=1-7&amp;_nc_sid=f907e8&amp;_nc_ohc=SM1wRlP3lJwQ7kNvwEPuBYA&amp;_nc_oc=AdnqrjDN_BNjSSHWO-GbkIWH6fkGMLw4bqvL_NH6e2wMveX7G-rP2dAqsDSq1mJMOaY&amp;_nc_zt=24&amp;_nc_ht=scontent-gig4-1.xx&amp;_nc_gid=AoBFJeGrT1hVaew_6rchkQ&amp;oh=00_AfX7QmFGhQhG2jAllVgXCiM1ZrWgvtp80-Bfppyexh1QEg&amp;oe=689E923C\" \/>\n\t\t<script type=\"application\/ld+json\" class=\"aioseo-schema\">\n\t\t\t{\"@context\":\"https:\\\/\\\/schema.org\",\"@graph\":[{\"@type\":\"BlogPosting\",\"@id\":\"https:\\\/\\\/anoticiaonline.com.br\\\/site\\\/clinica-plenna-e-inaugurada-em-muriae\\\/#blogposting\",\"name\":\"Cl\\u00ednica Plenna \\u00e9 inaugurada em Muria\\u00e9 - A Not\\u00edcia Online\",\"headline\":\"Cl\\u00ednica Plenna \\u00e9 inaugurada em Muria\\u00e9\",\"author\":{\"@id\":\"https:\\\/\\\/anoticiaonline.com.br\\\/site\\\/author\\\/juliana\\\/#author\"},\"publisher\":{\"@id\":\"https:\\\/\\\/anoticiaonline.com.br\\\/site\\\/#organization\"},\"image\":{\"@type\":\"ImageObject\",\"url\":\"https:\\\/\\\/anoticiaonline.com.br\\\/site\\\/wp-content\\\/uploads\\\/2017\\\/10\\\/DSC_1163.jpg\",\"width\":640,\"height\":426},\"datePublished\":\"2017-10-13T12:09:32-03:00\",\"dateModified\":\"2017-10-13T12:12:42-03:00\",\"inLanguage\":\"pt-BR\",\"mainEntityOfPage\":{\"@id\":\"https:\\\/\\\/anoticiaonline.com.br\\\/site\\\/clinica-plenna-e-inaugurada-em-muriae\\\/#webpage\"},\"isPartOf\":{\"@id\":\"https:\\\/\\\/anoticiaonline.com.br\\\/site\\\/clinica-plenna-e-inaugurada-em-muriae\\\/#webpage\"},\"articleSection\":\"Gerais, Avenida Juscelino Kubitschek, biom\\u00e9dica, Cl\\u00ednica Plenna, coaching, com psic\\u00f3logas, equipe multidisciplinar, esteticista, fisioterapeuta, fonoaudi\\u00f3loga, inauguracao, massoterapeuta, nutricionista, slide\"},{\"@type\":\"BreadcrumbList\",\"@id\":\"https:\\\/\\\/anoticiaonline.com.br\\\/site\\\/clinica-plenna-e-inaugurada-em-muriae\\\/#breadcrumblist\",\"itemListElement\":[{\"@type\":\"ListItem\",\"@id\":\"https:\\\/\\\/anoticiaonline.com.br\\\/site#listItem\",\"position\":1,\"name\":\"Home\",\"item\":\"https:\\\/\\\/anoticiaonline.com.br\\\/site\",\"nextItem\":{\"@type\":\"ListItem\",\"@id\":\"https:\\\/\\\/anoticiaonline.com.br\\\/site\\\/categoria\\\/gerais\\\/#listItem\",\"name\":\"Gerais\"}},{\"@type\":\"ListItem\",\"@id\":\"https:\\\/\\\/anoticiaonline.com.br\\\/site\\\/categoria\\\/gerais\\\/#listItem\",\"position\":2,\"name\":\"Gerais\",\"item\":\"https:\\\/\\\/anoticiaonline.com.br\\\/site\\\/categoria\\\/gerais\\\/\",\"nextItem\":{\"@type\":\"ListItem\",\"@id\":\"https:\\\/\\\/anoticiaonline.com.br\\\/site\\\/clinica-plenna-e-inaugurada-em-muriae\\\/#listItem\",\"name\":\"Cl\\u00ednica Plenna \\u00e9 inaugurada em Muria\\u00e9\"},\"previousItem\":{\"@type\":\"ListItem\",\"@id\":\"https:\\\/\\\/anoticiaonline.com.br\\\/site#listItem\",\"name\":\"Home\"}},{\"@type\":\"ListItem\",\"@id\":\"https:\\\/\\\/anoticiaonline.com.br\\\/site\\\/clinica-plenna-e-inaugurada-em-muriae\\\/#listItem\",\"position\":3,\"name\":\"Cl\\u00ednica Plenna \\u00e9 inaugurada em Muria\\u00e9\",\"previousItem\":{\"@type\":\"ListItem\",\"@id\":\"https:\\\/\\\/anoticiaonline.com.br\\\/site\\\/categoria\\\/gerais\\\/#listItem\",\"name\":\"Gerais\"}}]},{\"@type\":\"Organization\",\"@id\":\"https:\\\/\\\/anoticiaonline.com.br\\\/site\\\/#organization\",\"name\":\"A Not\\u00edcia Online\",\"description\":\"Noticias de Muria\\u00e9 e regi\\u00e3o\",\"url\":\"https:\\\/\\\/anoticiaonline.com.br\\\/site\\\/\",\"logo\":{\"@type\":\"ImageObject\",\"url\":\"https:\\\/\\\/scontent-gig4-1.xx.fbcdn.net\\\/v\\\/t39.30808-1\\\/270437624_4564083193639691_6907940295614233970_n.jpg?stp=dst-jpg_s200x200_tt6&_nc_cat=111&ccb=1-7&_nc_sid=f907e8&_nc_ohc=SM1wRlP3lJwQ7kNvwEPuBYA&_nc_oc=AdnqrjDN_BNjSSHWO-GbkIWH6fkGMLw4bqvL_NH6e2wMveX7G-rP2dAqsDSq1mJMOaY&_nc_zt=24&_nc_ht=scontent-gig4-1.xx&_nc_gid=AoBFJeGrT1hVaew_6rchkQ&oh=00_AfX7QmFGhQhG2jAllVgXCiM1ZrWgvtp80-Bfppyexh1QEg&oe=689E923C\",\"@id\":\"https:\\\/\\\/anoticiaonline.com.br\\\/site\\\/clinica-plenna-e-inaugurada-em-muriae\\\/#organizationLogo\"},\"image\":{\"@id\":\"https:\\\/\\\/anoticiaonline.com.br\\\/site\\\/clinica-plenna-e-inaugurada-em-muriae\\\/#organizationLogo\"}},{\"@type\":\"Person\",\"@id\":\"https:\\\/\\\/anoticiaonline.com.br\\\/site\\\/author\\\/juliana\\\/#author\",\"url\":\"https:\\\/\\\/anoticiaonline.com.br\\\/site\\\/author\\\/juliana\\\/\",\"name\":\"Juliana Laviola\",\"image\":{\"@type\":\"ImageObject\",\"@id\":\"https:\\\/\\\/anoticiaonline.com.br\\\/site\\\/clinica-plenna-e-inaugurada-em-muriae\\\/#authorImage\",\"url\":\"https:\\\/\\\/secure.gravatar.com\\\/avatar\\\/b8d45f5c699b100dfaf0e543582f38f38bf94cb7ae3a5e9abf8d891a34773335?s=96&d=mm&r=g\",\"width\":96,\"height\":96,\"caption\":\"Juliana Laviola\"}},{\"@type\":\"WebPage\",\"@id\":\"https:\\\/\\\/anoticiaonline.com.br\\\/site\\\/clinica-plenna-e-inaugurada-em-muriae\\\/#webpage\",\"url\":\"https:\\\/\\\/anoticiaonline.com.br\\\/site\\\/clinica-plenna-e-inaugurada-em-muriae\\\/\",\"name\":\"Cl\\u00ednica Plenna \\u00e9 inaugurada em Muria\\u00e9 - A Not\\u00edcia Online\",\"description\":\"Com o objetivo de inovar e levar qualidade de vida aos muriaeenses, a Cl\\u00ednica Plenna foi inaugurada, em Muria\\u00e9, na Avenida Juscelino Kubitschek, para tratar a sa\\u00fade de seus pacientes de forma ampla, com uma equipe multidisciplinar, com psic\\u00f3logas, massoterapeuta, fisioterapeuta, esteticista, nutricionista, fonoaudi\\u00f3loga, biom\\u00e9dica e coaching. Os colaboradores realizaram, para amigos e familiares, um\",\"inLanguage\":\"pt-BR\",\"isPartOf\":{\"@id\":\"https:\\\/\\\/anoticiaonline.com.br\\\/site\\\/#website\"},\"breadcrumb\":{\"@id\":\"https:\\\/\\\/anoticiaonline.com.br\\\/site\\\/clinica-plenna-e-inaugurada-em-muriae\\\/#breadcrumblist\"},\"author\":{\"@id\":\"https:\\\/\\\/anoticiaonline.com.br\\\/site\\\/author\\\/juliana\\\/#author\"},\"creator\":{\"@id\":\"https:\\\/\\\/anoticiaonline.com.br\\\/site\\\/author\\\/juliana\\\/#author\"},\"image\":{\"@type\":\"ImageObject\",\"url\":\"https:\\\/\\\/anoticiaonline.com.br\\\/site\\\/wp-content\\\/uploads\\\/2017\\\/10\\\/DSC_1163.jpg\",\"@id\":\"https:\\\/\\\/anoticiaonline.com.br\\\/site\\\/clinica-plenna-e-inaugurada-em-muriae\\\/#mainImage\",\"width\":640,\"height\":426},\"primaryImageOfPage\":{\"@id\":\"https:\\\/\\\/anoticiaonline.com.br\\\/site\\\/clinica-plenna-e-inaugurada-em-muriae\\\/#mainImage\"},\"datePublished\":\"2017-10-13T12:09:32-03:00\",\"dateModified\":\"2017-10-13T12:12:42-03:00\"},{\"@type\":\"WebSite\",\"@id\":\"https:\\\/\\\/anoticiaonline.com.br\\\/site\\\/#website\",\"url\":\"https:\\\/\\\/anoticiaonline.com.br\\\/site\\\/\",\"name\":\"A Not\\u00edcia Online\",\"description\":\"Noticias de Muria\\u00e9 e regi\\u00e3o\",\"inLanguage\":\"pt-BR\",\"publisher\":{\"@id\":\"https:\\\/\\\/anoticiaonline.com.br\\\/site\\\/#organization\"}}]}\n\t\t<\/script>\n\t\t<!-- All in One SEO -->\n\n","aioseo_head_json":{"title":"Cl\u00ednica Plenna \u00e9 inaugurada em Muria\u00e9 - A Not\u00edcia Online","description":"Com o objetivo de inovar e levar qualidade de vida aos muriaeenses, a Cl\u00ednica Plenna foi inaugurada, em Muria\u00e9, na Avenida Juscelino Kubitschek, para tratar a sa\u00fade de seus pacientes de forma ampla, com uma equipe multidisciplinar, com psic\u00f3logas, massoterapeuta, fisioterapeuta, esteticista, nutricionista, fonoaudi\u00f3loga, biom\u00e9dica e coaching. Os colaboradores realizaram, para amigos e familiares, um","canonical_url":"https:\/\/anoticiaonline.com.br\/site\/clinica-plenna-e-inaugurada-em-muriae\/","robots":"max-image-preview:large","keywords":"","webmasterTools":{"miscellaneous":""},"schema":{"@context":"https:\/\/schema.org","@graph":[{"@type":"BlogPosting","@id":"https:\/\/anoticiaonline.com.br\/site\/clinica-plenna-e-inaugurada-em-muriae\/#blogposting","name":"Cl\u00ednica Plenna \u00e9 inaugurada em Muria\u00e9 - A Not\u00edcia Online","headline":"Cl\u00ednica Plenna \u00e9 inaugurada em Muria\u00e9","author":{"@id":"https:\/\/anoticiaonline.com.br\/site\/author\/juliana\/#author"},"publisher":{"@id":"https:\/\/anoticiaonline.com.br\/site\/#organization"},"image":{"@type":"ImageObject","url":"https:\/\/anoticiaonline.com.br\/site\/wp-content\/uploads\/2017\/10\/DSC_1163.jpg","width":640,"height":426},"datePublished":"2017-10-13T12:09:32-03:00","dateModified":"2017-10-13T12:12:42-03:00","inLanguage":"pt-BR","mainEntityOfPage":{"@id":"https:\/\/anoticiaonline.com.br\/site\/clinica-plenna-e-inaugurada-em-muriae\/#webpage"},"isPartOf":{"@id":"https:\/\/anoticiaonline.com.br\/site\/clinica-plenna-e-inaugurada-em-muriae\/#webpage"},"articleSection":"Gerais, Avenida Juscelino Kubitschek, biom\u00e9dica, Cl\u00ednica Plenna, coaching, com psic\u00f3logas, equipe multidisciplinar, esteticista, fisioterapeuta, fonoaudi\u00f3loga, inauguracao, massoterapeuta, nutricionista, slide"},{"@type":"BreadcrumbList","@id":"https:\/\/anoticiaonline.com.br\/site\/clinica-plenna-e-inaugurada-em-muriae\/#breadcrumblist","itemListElement":[{"@type":"ListItem","@id":"https:\/\/anoticiaonline.com.br\/site#listItem","position":1,"name":"Home","item":"https:\/\/anoticiaonline.com.br\/site","nextItem":{"@type":"ListItem","@id":"https:\/\/anoticiaonline.com.br\/site\/categoria\/gerais\/#listItem","name":"Gerais"}},{"@type":"ListItem","@id":"https:\/\/anoticiaonline.com.br\/site\/categoria\/gerais\/#listItem","position":2,"name":"Gerais","item":"https:\/\/anoticiaonline.com.br\/site\/categoria\/gerais\/","nextItem":{"@type":"ListItem","@id":"https:\/\/anoticiaonline.com.br\/site\/clinica-plenna-e-inaugurada-em-muriae\/#listItem","name":"Cl\u00ednica Plenna \u00e9 inaugurada em Muria\u00e9"},"previousItem":{"@type":"ListItem","@id":"https:\/\/anoticiaonline.com.br\/site#listItem","name":"Home"}},{"@type":"ListItem","@id":"https:\/\/anoticiaonline.com.br\/site\/clinica-plenna-e-inaugurada-em-muriae\/#listItem","position":3,"name":"Cl\u00ednica Plenna \u00e9 inaugurada em Muria\u00e9","previousItem":{"@type":"ListItem","@id":"https:\/\/anoticiaonline.com.br\/site\/categoria\/gerais\/#listItem","name":"Gerais"}}]},{"@type":"Organization","@id":"https:\/\/anoticiaonline.com.br\/site\/#organization","name":"A Not\u00edcia Online","description":"Noticias de Muria\u00e9 e regi\u00e3o","url":"https:\/\/anoticiaonline.com.br\/site\/","logo":{"@type":"ImageObject","url":"https:\/\/scontent-gig4-1.xx.fbcdn.net\/v\/t39.30808-1\/270437624_4564083193639691_6907940295614233970_n.jpg?stp=dst-jpg_s200x200_tt6&_nc_cat=111&ccb=1-7&_nc_sid=f907e8&_nc_ohc=SM1wRlP3lJwQ7kNvwEPuBYA&_nc_oc=AdnqrjDN_BNjSSHWO-GbkIWH6fkGMLw4bqvL_NH6e2wMveX7G-rP2dAqsDSq1mJMOaY&_nc_zt=24&_nc_ht=scontent-gig4-1.xx&_nc_gid=AoBFJeGrT1hVaew_6rchkQ&oh=00_AfX7QmFGhQhG2jAllVgXCiM1ZrWgvtp80-Bfppyexh1QEg&oe=689E923C","@id":"https:\/\/anoticiaonline.com.br\/site\/clinica-plenna-e-inaugurada-em-muriae\/#organizationLogo"},"image":{"@id":"https:\/\/anoticiaonline.com.br\/site\/clinica-plenna-e-inaugurada-em-muriae\/#organizationLogo"}},{"@type":"Person","@id":"https:\/\/anoticiaonline.com.br\/site\/author\/juliana\/#author","url":"https:\/\/anoticiaonline.com.br\/site\/author\/juliana\/","name":"Juliana Laviola","image":{"@type":"ImageObject","@id":"https:\/\/anoticiaonline.com.br\/site\/clinica-plenna-e-inaugurada-em-muriae\/#authorImage","url":"https:\/\/secure.gravatar.com\/avatar\/b8d45f5c699b100dfaf0e543582f38f38bf94cb7ae3a5e9abf8d891a34773335?s=96&d=mm&r=g","width":96,"height":96,"caption":"Juliana Laviola"}},{"@type":"WebPage","@id":"https:\/\/anoticiaonline.com.br\/site\/clinica-plenna-e-inaugurada-em-muriae\/#webpage","url":"https:\/\/anoticiaonline.com.br\/site\/clinica-plenna-e-inaugurada-em-muriae\/","name":"Cl\u00ednica Plenna \u00e9 inaugurada em Muria\u00e9 - A Not\u00edcia Online","description":"Com o objetivo de inovar e levar qualidade de vida aos muriaeenses, a Cl\u00ednica Plenna foi inaugurada, em Muria\u00e9, na Avenida Juscelino Kubitschek, para tratar a sa\u00fade de seus pacientes de forma ampla, com uma equipe multidisciplinar, com psic\u00f3logas, massoterapeuta, fisioterapeuta, esteticista, nutricionista, fonoaudi\u00f3loga, biom\u00e9dica e coaching. Os colaboradores realizaram, para amigos e familiares, um","inLanguage":"pt-BR","isPartOf":{"@id":"https:\/\/anoticiaonline.com.br\/site\/#website"},"breadcrumb":{"@id":"https:\/\/anoticiaonline.com.br\/site\/clinica-plenna-e-inaugurada-em-muriae\/#breadcrumblist"},"author":{"@id":"https:\/\/anoticiaonline.com.br\/site\/author\/juliana\/#author"},"creator":{"@id":"https:\/\/anoticiaonline.com.br\/site\/author\/juliana\/#author"},"image":{"@type":"ImageObject","url":"https:\/\/anoticiaonline.com.br\/site\/wp-content\/uploads\/2017\/10\/DSC_1163.jpg","@id":"https:\/\/anoticiaonline.com.br\/site\/clinica-plenna-e-inaugurada-em-muriae\/#mainImage","width":640,"height":426},"primaryImageOfPage":{"@id":"https:\/\/anoticiaonline.com.br\/site\/clinica-plenna-e-inaugurada-em-muriae\/#mainImage"},"datePublished":"2017-10-13T12:09:32-03:00","dateModified":"2017-10-13T12:12:42-03:00"},{"@type":"WebSite","@id":"https:\/\/anoticiaonline.com.br\/site\/#website","url":"https:\/\/anoticiaonline.com.br\/site\/","name":"A Not\u00edcia Online","description":"Noticias de Muria\u00e9 e regi\u00e3o","inLanguage":"pt-BR","publisher":{"@id":"https:\/\/anoticiaonline.com.br\/site\/#organization"}}]},"og:locale":"pt_BR","og:site_name":"A Not\u00edcia Online - Noticias de Muria\u00e9 e regi\u00e3o","og:type":"article","og:title":"Cl\u00ednica Plenna \u00e9 inaugurada em Muria\u00e9 - A Not\u00edcia Online","og:description":"Com o objetivo de inovar e levar qualidade de vida aos muriaeenses, a Cl\u00ednica Plenna foi inaugurada, em Muria\u00e9, na Avenida Juscelino Kubitschek, para tratar a sa\u00fade de seus pacientes de forma ampla, com uma equipe multidisciplinar, com psic\u00f3logas, massoterapeuta, fisioterapeuta, esteticista, nutricionista, fonoaudi\u00f3loga, biom\u00e9dica e coaching. Os colaboradores realizaram, para amigos e familiares, um","og:url":"https:\/\/anoticiaonline.com.br\/site\/clinica-plenna-e-inaugurada-em-muriae\/","og:image":"https:\/\/scontent-gig4-1.xx.fbcdn.net\/v\/t39.30808-1\/270437624_4564083193639691_6907940295614233970_n.jpg?stp=dst-jpg_s200x200_tt6&#038;_nc_cat=111&#038;ccb=1-7&#038;_nc_sid=f907e8&#038;_nc_ohc=SM1wRlP3lJwQ7kNvwEPuBYA&#038;_nc_oc=AdnqrjDN_BNjSSHWO-GbkIWH6fkGMLw4bqvL_NH6e2wMveX7G-rP2dAqsDSq1mJMOaY&#038;_nc_zt=24&#038;_nc_ht=scontent-gig4-1.xx&#038;_nc_gid=AoBFJeGrT1hVaew_6rchkQ&#038;oh=00_AfX7QmFGhQhG2jAllVgXCiM1ZrWgvtp80-Bfppyexh1QEg&#038;oe=689E923C","og:image:secure_url":"https:\/\/scontent-gig4-1.xx.fbcdn.net\/v\/t39.30808-1\/270437624_4564083193639691_6907940295614233970_n.jpg?stp=dst-jpg_s200x200_tt6&#038;_nc_cat=111&#038;ccb=1-7&#038;_nc_sid=f907e8&#038;_nc_ohc=SM1wRlP3lJwQ7kNvwEPuBYA&#038;_nc_oc=AdnqrjDN_BNjSSHWO-GbkIWH6fkGMLw4bqvL_NH6e2wMveX7G-rP2dAqsDSq1mJMOaY&#038;_nc_zt=24&#038;_nc_ht=scontent-gig4-1.xx&#038;_nc_gid=AoBFJeGrT1hVaew_6rchkQ&#038;oh=00_AfX7QmFGhQhG2jAllVgXCiM1ZrWgvtp80-Bfppyexh1QEg&#038;oe=689E923C","article:published_time":"2017-10-13T15:09:32+00:00","article:modified_time":"2017-10-13T15:12:42+00:00","twitter:card":"summary_large_image","twitter:title":"Cl\u00ednica Plenna \u00e9 inaugurada em Muria\u00e9 - A Not\u00edcia Online","twitter:description":"Com o objetivo de inovar e levar qualidade de vida aos muriaeenses, a Cl\u00ednica Plenna foi inaugurada, em Muria\u00e9, na Avenida Juscelino Kubitschek, para tratar a sa\u00fade de seus pacientes de forma ampla, com uma equipe multidisciplinar, com psic\u00f3logas, massoterapeuta, fisioterapeuta, esteticista, nutricionista, fonoaudi\u00f3loga, biom\u00e9dica e coaching. Os colaboradores realizaram, para amigos e familiares, um","twitter:image":"https:\/\/scontent-gig4-1.xx.fbcdn.net\/v\/t39.30808-1\/270437624_4564083193639691_6907940295614233970_n.jpg?stp=dst-jpg_s200x200_tt6&_nc_cat=111&ccb=1-7&_nc_sid=f907e8&_nc_ohc=SM1wRlP3lJwQ7kNvwEPuBYA&_nc_oc=AdnqrjDN_BNjSSHWO-GbkIWH6fkGMLw4bqvL_NH6e2wMveX7G-rP2dAqsDSq1mJMOaY&_nc_zt=24&_nc_ht=scontent-gig4-1.xx&_nc_gid=AoBFJeGrT1hVaew_6rchkQ&oh=00_AfX7QmFGhQhG2jAllVgXCiM1ZrWgvtp80-Bfppyexh1QEg&oe=689E923C"},"aioseo_meta_data":{"post_id":"42102","title":null,"description":null,"keywords":null,"keyphrases":null,"primary_term":null,"canonical_url":null,"og_title":null,"og_description":null,"og_object_type":"default","og_image_type":"default","og_image_url":null,"og_image_width":null,"og_image_height":null,"og_image_custom_url":null,"og_image_custom_fields":null,"og_video":null,"og_custom_url":null,"og_article_section":null,"og_article_tags":null,"twitter_use_og":false,"twitter_card":"default","twitter_image_type":"default","twitter_image_url":null,"twitter_image_custom_url":null,"twitter_image_custom_fields":null,"twitter_title":null,"twitter_description":null,"schema":{"blockGraphs":[],"customGraphs":[],"default":{"data":{"Article":[],"Course":[],"Dataset":[],"FAQPage":[],"Movie":[],"Person":[],"Product":[],"ProductReview":[],"Car":[],"Recipe":[],"Service":[],"SoftwareApplication":[],"WebPage":[]},"graphName":"","isEnabled":true},"graphs":[]},"schema_type":"default","schema_type_options":null,"pillar_content":false,"robots_default":true,"robots_noindex":false,"robots_noarchive":false,"robots_nosnippet":false,"robots_nofollow":false,"robots_noimageindex":false,"robots_noodp":false,"robots_notranslate":false,"robots_max_snippet":null,"robots_max_videopreview":null,"robots_max_imagepreview":"large","priority":null,"frequency":null,"local_seo":null,"breadcrumb_settings":null,"limit_modified_date":false,"ai":null,"created":"2025-08-16 19:37:43","updated":"2025-08-16 19:37:43","focus_keyword":null,"additional_keywords":null,"truseo_locale":null,"seo_analyzer_scan_date":null},"aioseo_breadcrumb":"<div class=\"aioseo-breadcrumbs\"><span class=\"aioseo-breadcrumb\">\n\t\t\t<a href=\"https:\/\/anoticiaonline.com.br\/site\" title=\"Home\">Home<\/a>\n\t\t<\/span><span class=\"aioseo-breadcrumb-separator\">&raquo;<\/span><span class=\"aioseo-breadcrumb\">\n\t\t\t<a href=\"https:\/\/anoticiaonline.com.br\/site\/categoria\/gerais\/\" title=\"Gerais\">Gerais<\/a>\n\t\t<\/span><span class=\"aioseo-breadcrumb-separator\">&raquo;<\/span><span class=\"aioseo-breadcrumb\">\n\t\t\tCl\u00ednica Plenna \u00e9 inaugurada em Muria\u00e9\n\t\t<\/span><\/div>","aioseo_breadcrumb_json":[{"label":"Home","link":"https:\/\/anoticiaonline.com.br\/site"},{"label":"Gerais","link":"https:\/\/anoticiaonline.com.br\/site\/categoria\/gerais\/"},{"label":"Cl\u00ednica Plenna \u00e9 inaugurada em Muria\u00e9","link":"https:\/\/anoticiaonline.com.br\/site\/clinica-plenna-e-inaugurada-em-muriae\/"}],"views":174,"_links":{"self":[{"href":"https:\/\/anoticiaonline.com.br\/site\/wp-json\/wp\/v2\/posts\/42102","targetHints":{"allow":["GET"]}}],"collection":[{"href":"https:\/\/anoticiaonline.com.br\/site\/wp-json\/wp\/v2\/posts"}],"about":[{"href":"https:\/\/anoticiaonline.com.br\/site\/wp-json\/wp\/v2\/types\/post"}],"author":[{"embeddable":true,"href":"https:\/\/anoticiaonline.com.br\/site\/wp-json\/wp\/v2\/users\/2"}],"replies":[{"embeddable":true,"href":"https:\/\/anoticiaonline.com.br\/site\/wp-json\/wp\/v2\/comments?post=42102"}],"version-history":[{"count":0,"href":"https:\/\/anoticiaonline.com.br\/site\/wp-json\/wp\/v2\/posts\/42102\/revisions"}],"wp:featuredmedia":[{"embeddable":true,"href":"https:\/\/anoticiaonline.com.br\/site\/wp-json\/wp\/v2\/media\/42104"}],"wp:attachment":[{"href":"https:\/\/anoticiaonline.com.br\/site\/wp-json\/wp\/v2\/media?parent=42102"}],"wp:term":[{"taxonomy":"category","embeddable":true,"href":"https:\/\/anoticiaonline.com.br\/site\/wp-json\/wp\/v2\/categories?post=42102"},{"taxonomy":"post_tag","embeddable":true,"href":"https:\/\/anoticiaonline.com.br\/site\/wp-json\/wp\/v2\/tags?post=42102"}],"curies":[{"name":"wp","href":"https:\/\/api.w.org\/{rel}","templated":true}]}}