{"id":42078,"date":"2017-10-11T21:01:08","date_gmt":"2017-10-12T00:01:08","guid":{"rendered":"http:\/\/anoticiaonline.com.br\/site\/?p=42078"},"modified":"2017-10-13T10:20:07","modified_gmt":"2017-10-13T13:20:07","slug":"nova-unidade-de-saude-do-primavera-e-inaugurada","status":"publish","type":"post","link":"https:\/\/anoticiaonline.com.br\/site\/nova-unidade-de-saude-do-primavera-e-inaugurada\/","title":{"rendered":"Nova Unidade de Sa\u00fade do Primavera \u00e9 inaugurada"},"content":{"rendered":"<p><a href=\"https:\/\/anoticiaonline.com.br\/site\/wp-content\/uploads\/2017\/10\/Nova-Unidade-de-Sa\u00fade-do-Primavera-\u00e9-inaugurada.jpg\"><img fetchpriority=\"high\" decoding=\"async\" class=\"size-medium wp-image-42079 alignleft\" src=\"https:\/\/anoticiaonline.com.br\/site\/wp-content\/uploads\/2017\/10\/Nova-Unidade-de-Sa\u00fade-do-Primavera-\u00e9-inaugurada-300x200.jpg\" alt=\"\" width=\"300\" height=\"200\" srcset=\"https:\/\/anoticiaonline.com.br\/site\/wp-content\/uploads\/2017\/10\/Nova-Unidade-de-Sa\u00fade-do-Primavera-\u00e9-inaugurada-300x200.jpg 300w, https:\/\/anoticiaonline.com.br\/site\/wp-content\/uploads\/2017\/10\/Nova-Unidade-de-Sa\u00fade-do-Primavera-\u00e9-inaugurada-290x192.jpg 290w, https:\/\/anoticiaonline.com.br\/site\/wp-content\/uploads\/2017\/10\/Nova-Unidade-de-Sa\u00fade-do-Primavera-\u00e9-inaugurada.jpg 640w\" sizes=\"(max-width: 300px) 100vw, 300px\" \/><\/a>Populares compareceram para a inaugura\u00e7\u00e3o da nova Unidade B\u00e1sica de Sa\u00fade do bairro Primavera que foi realizada no \u00faltimo s\u00e1bado (7). A UBS reunir\u00e1 duas equipes de programa de sa\u00fade da fam\u00edlia e o N\u00facleo de Apoio \u00e0 Sa\u00fade Familiar (NASF), al\u00e9m de profissionais de outras especialidades m\u00e9dicas para atender aos moradores dos bairros Primavera, S\u00e3o Gotardo e localidades vizinhas. A Unidade dever\u00e1 ampliar o n\u00famero de atendimentos\/dia e disponibilizar\u00e1 salas espec\u00edficas para cada tipo de especialidade, aumentando tamb\u00e9m o conforto de pacientes e familiares.<\/p>\n<p>A Unidade receber\u00e1 dois m\u00e9dicos (cl\u00ednico geral), duas enfermeiras, duas t\u00e9cnicas em enfermagem e uma m\u00e9dia de 10 agentes de sa\u00fade para atendimentos. \u201cTeremos novos tipos de modalidades m\u00e9dicas nesta UBS. Receberemos um pediatra e um urologista, inicialmente. A UBS tamb\u00e9m abrigar\u00e1 a equipe do NASF, formada por psic\u00f3logo, assistente social, fisioterapeuta, nutricionista, farmac\u00eautico, terapeuta ocupacional e educador f\u00edsico. Atenderemos a popula\u00e7\u00e3o com mais efici\u00eancia e mais comodidade\u201d, informou o secret\u00e1rio de Sa\u00fade, Paulo C\u00e9sar de Oliveira.<\/p>\n<p>A UBS Primavera disponibilizar\u00e1 de exame pr\u00e9-natal e preventivo, puericultura (assist\u00eancia a m\u00e3es e crian\u00e7as desde\u00a0a gesta\u00e7\u00e3o at\u00e9 a puberdade), curativos, vacina\u00e7\u00e3o, nebuliza\u00e7\u00e3o e distribui\u00e7\u00e3o de medicamentos, preservativos e contraceptivos.<\/p>\n<p>Cr\u00e9ditos: ASCOM PMM<\/p>\n","protected":false},"excerpt":{"rendered":"<p>Populares compareceram para a inaugura\u00e7\u00e3o da nova Unidade B\u00e1sica de Sa\u00fade do bairro Primavera que foi realizada no \u00faltimo s\u00e1bado (7). A UBS reunir\u00e1 duas equipes de programa de sa\u00fade da fam\u00edlia e o N\u00facleo de Apoio \u00e0 Sa\u00fade Familiar (NASF), al\u00e9m de profissionais de outras especialidades m\u00e9dicas para atender aos moradores dos bairros Primavera, &#8230; <a title=\"Nova Unidade de Sa\u00fade do Primavera \u00e9 inaugurada\" class=\"read-more\" href=\"https:\/\/anoticiaonline.com.br\/site\/nova-unidade-de-saude-do-primavera-e-inaugurada\/\" aria-label=\"Read more about Nova Unidade de Sa\u00fade do Primavera \u00e9 inaugurada\">Ler mais<\/a><\/p>\n","protected":false},"author":2,"featured_media":42079,"comment_status":"open","ping_status":"open","sticky":false,"template":"","format":"standard","meta":{"_acf_changed":false,"_monsterinsights_skip_tracking":false,"footnotes":""},"categories":[30],"tags":[74,246,51,3],"class_list":["post-42078","post","type-post","status-publish","format-standard","has-post-thumbnail","hentry","category-muriae","tag-muriae","tag-prefeitura","tag-saude","tag-slide"],"acf":[],"aioseo_notices":[],"aioseo_head":"\n\t\t<!-- All in One SEO 5.0.0.1 - aioseo.com -->\n\t<meta name=\"description\" content=\"Populares compareceram para a inaugura\u00e7\u00e3o da nova Unidade B\u00e1sica de Sa\u00fade do bairro Primavera que foi realizada no \u00faltimo s\u00e1bado (7). A UBS reunir\u00e1 duas equipes de programa de sa\u00fade da fam\u00edlia e o N\u00facleo de Apoio \u00e0 Sa\u00fade Familiar (NASF), al\u00e9m de profissionais de outras especialidades m\u00e9dicas para atender aos moradores dos bairros Primavera,\" \/>\n\t<meta name=\"robots\" content=\"max-image-preview:large\" \/>\n\t<meta name=\"author\" content=\"Juliana Laviola\"\/>\n\t<link rel=\"canonical\" href=\"https:\/\/anoticiaonline.com.br\/site\/nova-unidade-de-saude-do-primavera-e-inaugurada\/\" \/>\n\t<meta name=\"generator\" content=\"All in One SEO (AIOSEO) 5.0.0.1\" \/>\n\t\t<meta property=\"og:locale\" content=\"pt_BR\" \/>\n\t\t<meta property=\"og:site_name\" content=\"A Not\u00edcia Online - Noticias de Muria\u00e9 e regi\u00e3o\" \/>\n\t\t<meta property=\"og:type\" content=\"article\" \/>\n\t\t<meta property=\"og:title\" content=\"Nova Unidade de Sa\u00fade do Primavera \u00e9 inaugurada - A Not\u00edcia Online\" \/>\n\t\t<meta property=\"og:description\" content=\"Populares compareceram para a inaugura\u00e7\u00e3o da nova Unidade B\u00e1sica de Sa\u00fade do bairro Primavera que foi realizada no \u00faltimo s\u00e1bado (7). A UBS reunir\u00e1 duas equipes de programa de sa\u00fade da fam\u00edlia e o N\u00facleo de Apoio \u00e0 Sa\u00fade Familiar (NASF), al\u00e9m de profissionais de outras especialidades m\u00e9dicas para atender aos moradores dos bairros Primavera,\" \/>\n\t\t<meta property=\"og:url\" content=\"https:\/\/anoticiaonline.com.br\/site\/nova-unidade-de-saude-do-primavera-e-inaugurada\/\" \/>\n\t\t<meta property=\"og:image\" content=\"https:\/\/scontent-gig4-1.xx.fbcdn.net\/v\/t39.30808-1\/270437624_4564083193639691_6907940295614233970_n.jpg?stp=dst-jpg_s200x200_tt6&#038;_nc_cat=111&#038;ccb=1-7&#038;_nc_sid=f907e8&#038;_nc_ohc=SM1wRlP3lJwQ7kNvwEPuBYA&#038;_nc_oc=AdnqrjDN_BNjSSHWO-GbkIWH6fkGMLw4bqvL_NH6e2wMveX7G-rP2dAqsDSq1mJMOaY&#038;_nc_zt=24&#038;_nc_ht=scontent-gig4-1.xx&#038;_nc_gid=AoBFJeGrT1hVaew_6rchkQ&#038;oh=00_AfX7QmFGhQhG2jAllVgXCiM1ZrWgvtp80-Bfppyexh1QEg&#038;oe=689E923C\" \/>\n\t\t<meta property=\"og:image:secure_url\" content=\"https:\/\/scontent-gig4-1.xx.fbcdn.net\/v\/t39.30808-1\/270437624_4564083193639691_6907940295614233970_n.jpg?stp=dst-jpg_s200x200_tt6&#038;_nc_cat=111&#038;ccb=1-7&#038;_nc_sid=f907e8&#038;_nc_ohc=SM1wRlP3lJwQ7kNvwEPuBYA&#038;_nc_oc=AdnqrjDN_BNjSSHWO-GbkIWH6fkGMLw4bqvL_NH6e2wMveX7G-rP2dAqsDSq1mJMOaY&#038;_nc_zt=24&#038;_nc_ht=scontent-gig4-1.xx&#038;_nc_gid=AoBFJeGrT1hVaew_6rchkQ&#038;oh=00_AfX7QmFGhQhG2jAllVgXCiM1ZrWgvtp80-Bfppyexh1QEg&#038;oe=689E923C\" \/>\n\t\t<meta property=\"article:published_time\" content=\"2017-10-12T00:01:08+00:00\" \/>\n\t\t<meta property=\"article:modified_time\" content=\"2017-10-13T13:20:07+00:00\" \/>\n\t\t<meta name=\"twitter:card\" content=\"summary_large_image\" \/>\n\t\t<meta name=\"twitter:title\" content=\"Nova Unidade de Sa\u00fade do Primavera \u00e9 inaugurada - A Not\u00edcia Online\" \/>\n\t\t<meta name=\"twitter:description\" content=\"Populares compareceram para a inaugura\u00e7\u00e3o da nova Unidade B\u00e1sica de Sa\u00fade do bairro Primavera que foi realizada no \u00faltimo s\u00e1bado (7). A UBS reunir\u00e1 duas equipes de programa de sa\u00fade da fam\u00edlia e o N\u00facleo de Apoio \u00e0 Sa\u00fade Familiar (NASF), al\u00e9m de profissionais de outras especialidades m\u00e9dicas para atender aos moradores dos bairros Primavera,\" \/>\n\t\t<meta name=\"twitter:image\" content=\"https:\/\/scontent-gig4-1.xx.fbcdn.net\/v\/t39.30808-1\/270437624_4564083193639691_6907940295614233970_n.jpg?stp=dst-jpg_s200x200_tt6&amp;_nc_cat=111&amp;ccb=1-7&amp;_nc_sid=f907e8&amp;_nc_ohc=SM1wRlP3lJwQ7kNvwEPuBYA&amp;_nc_oc=AdnqrjDN_BNjSSHWO-GbkIWH6fkGMLw4bqvL_NH6e2wMveX7G-rP2dAqsDSq1mJMOaY&amp;_nc_zt=24&amp;_nc_ht=scontent-gig4-1.xx&amp;_nc_gid=AoBFJeGrT1hVaew_6rchkQ&amp;oh=00_AfX7QmFGhQhG2jAllVgXCiM1ZrWgvtp80-Bfppyexh1QEg&amp;oe=689E923C\" \/>\n\t\t<script type=\"application\/ld+json\" class=\"aioseo-schema\">\n\t\t\t{\"@context\":\"https:\\\/\\\/schema.org\",\"@graph\":[{\"@type\":\"BlogPosting\",\"@id\":\"https:\\\/\\\/anoticiaonline.com.br\\\/site\\\/nova-unidade-de-saude-do-primavera-e-inaugurada\\\/#blogposting\",\"name\":\"Nova Unidade de Sa\\u00fade do Primavera \\u00e9 inaugurada - A Not\\u00edcia Online\",\"headline\":\"Nova Unidade de Sa\\u00fade do Primavera \\u00e9 inaugurada\",\"author\":{\"@id\":\"https:\\\/\\\/anoticiaonline.com.br\\\/site\\\/author\\\/juliana\\\/#author\"},\"publisher\":{\"@id\":\"https:\\\/\\\/anoticiaonline.com.br\\\/site\\\/#organization\"},\"image\":{\"@type\":\"ImageObject\",\"url\":\"https:\\\/\\\/anoticiaonline.com.br\\\/site\\\/wp-content\\\/uploads\\\/2017\\\/10\\\/Nova-Unidade-de-Sa\\u00fade-do-Primavera-\\u00e9-inaugurada.jpg\",\"width\":640,\"height\":427},\"datePublished\":\"2017-10-11T21:01:08-03:00\",\"dateModified\":\"2017-10-13T10:20:07-03:00\",\"inLanguage\":\"pt-BR\",\"mainEntityOfPage\":{\"@id\":\"https:\\\/\\\/anoticiaonline.com.br\\\/site\\\/nova-unidade-de-saude-do-primavera-e-inaugurada\\\/#webpage\"},\"isPartOf\":{\"@id\":\"https:\\\/\\\/anoticiaonline.com.br\\\/site\\\/nova-unidade-de-saude-do-primavera-e-inaugurada\\\/#webpage\"},\"articleSection\":\"Blog, Muria\\u00e9, prefeitura, sa\\u00fade, slide\"},{\"@type\":\"BreadcrumbList\",\"@id\":\"https:\\\/\\\/anoticiaonline.com.br\\\/site\\\/nova-unidade-de-saude-do-primavera-e-inaugurada\\\/#breadcrumblist\",\"itemListElement\":[{\"@type\":\"ListItem\",\"@id\":\"https:\\\/\\\/anoticiaonline.com.br\\\/site#listItem\",\"position\":1,\"name\":\"Home\",\"item\":\"https:\\\/\\\/anoticiaonline.com.br\\\/site\",\"nextItem\":{\"@type\":\"ListItem\",\"@id\":\"https:\\\/\\\/anoticiaonline.com.br\\\/site\\\/categoria\\\/muriae\\\/#listItem\",\"name\":\"Blog\"}},{\"@type\":\"ListItem\",\"@id\":\"https:\\\/\\\/anoticiaonline.com.br\\\/site\\\/categoria\\\/muriae\\\/#listItem\",\"position\":2,\"name\":\"Blog\",\"item\":\"https:\\\/\\\/anoticiaonline.com.br\\\/site\\\/categoria\\\/muriae\\\/\",\"nextItem\":{\"@type\":\"ListItem\",\"@id\":\"https:\\\/\\\/anoticiaonline.com.br\\\/site\\\/nova-unidade-de-saude-do-primavera-e-inaugurada\\\/#listItem\",\"name\":\"Nova Unidade de Sa\\u00fade do Primavera \\u00e9 inaugurada\"},\"previousItem\":{\"@type\":\"ListItem\",\"@id\":\"https:\\\/\\\/anoticiaonline.com.br\\\/site#listItem\",\"name\":\"Home\"}},{\"@type\":\"ListItem\",\"@id\":\"https:\\\/\\\/anoticiaonline.com.br\\\/site\\\/nova-unidade-de-saude-do-primavera-e-inaugurada\\\/#listItem\",\"position\":3,\"name\":\"Nova Unidade de Sa\\u00fade do Primavera \\u00e9 inaugurada\",\"previousItem\":{\"@type\":\"ListItem\",\"@id\":\"https:\\\/\\\/anoticiaonline.com.br\\\/site\\\/categoria\\\/muriae\\\/#listItem\",\"name\":\"Blog\"}}]},{\"@type\":\"Organization\",\"@id\":\"https:\\\/\\\/anoticiaonline.com.br\\\/site\\\/#organization\",\"name\":\"A Not\\u00edcia Online\",\"description\":\"Noticias de Muria\\u00e9 e regi\\u00e3o\",\"url\":\"https:\\\/\\\/anoticiaonline.com.br\\\/site\\\/\",\"logo\":{\"@type\":\"ImageObject\",\"url\":\"https:\\\/\\\/scontent-gig4-1.xx.fbcdn.net\\\/v\\\/t39.30808-1\\\/270437624_4564083193639691_6907940295614233970_n.jpg?stp=dst-jpg_s200x200_tt6&_nc_cat=111&ccb=1-7&_nc_sid=f907e8&_nc_ohc=SM1wRlP3lJwQ7kNvwEPuBYA&_nc_oc=AdnqrjDN_BNjSSHWO-GbkIWH6fkGMLw4bqvL_NH6e2wMveX7G-rP2dAqsDSq1mJMOaY&_nc_zt=24&_nc_ht=scontent-gig4-1.xx&_nc_gid=AoBFJeGrT1hVaew_6rchkQ&oh=00_AfX7QmFGhQhG2jAllVgXCiM1ZrWgvtp80-Bfppyexh1QEg&oe=689E923C\",\"@id\":\"https:\\\/\\\/anoticiaonline.com.br\\\/site\\\/nova-unidade-de-saude-do-primavera-e-inaugurada\\\/#organizationLogo\"},\"image\":{\"@id\":\"https:\\\/\\\/anoticiaonline.com.br\\\/site\\\/nova-unidade-de-saude-do-primavera-e-inaugurada\\\/#organizationLogo\"}},{\"@type\":\"Person\",\"@id\":\"https:\\\/\\\/anoticiaonline.com.br\\\/site\\\/author\\\/juliana\\\/#author\",\"url\":\"https:\\\/\\\/anoticiaonline.com.br\\\/site\\\/author\\\/juliana\\\/\",\"name\":\"Juliana Laviola\",\"image\":{\"@type\":\"ImageObject\",\"@id\":\"https:\\\/\\\/anoticiaonline.com.br\\\/site\\\/nova-unidade-de-saude-do-primavera-e-inaugurada\\\/#authorImage\",\"url\":\"https:\\\/\\\/secure.gravatar.com\\\/avatar\\\/b8d45f5c699b100dfaf0e543582f38f38bf94cb7ae3a5e9abf8d891a34773335?s=96&d=mm&r=g\",\"width\":96,\"height\":96,\"caption\":\"Juliana Laviola\"}},{\"@type\":\"WebPage\",\"@id\":\"https:\\\/\\\/anoticiaonline.com.br\\\/site\\\/nova-unidade-de-saude-do-primavera-e-inaugurada\\\/#webpage\",\"url\":\"https:\\\/\\\/anoticiaonline.com.br\\\/site\\\/nova-unidade-de-saude-do-primavera-e-inaugurada\\\/\",\"name\":\"Nova Unidade de Sa\\u00fade do Primavera \\u00e9 inaugurada - A Not\\u00edcia Online\",\"description\":\"Populares compareceram para a inaugura\\u00e7\\u00e3o da nova Unidade B\\u00e1sica de Sa\\u00fade do bairro Primavera que foi realizada no \\u00faltimo s\\u00e1bado (7). A UBS reunir\\u00e1 duas equipes de programa de sa\\u00fade da fam\\u00edlia e o N\\u00facleo de Apoio \\u00e0 Sa\\u00fade Familiar (NASF), al\\u00e9m de profissionais de outras especialidades m\\u00e9dicas para atender aos moradores dos bairros Primavera,\",\"inLanguage\":\"pt-BR\",\"isPartOf\":{\"@id\":\"https:\\\/\\\/anoticiaonline.com.br\\\/site\\\/#website\"},\"breadcrumb\":{\"@id\":\"https:\\\/\\\/anoticiaonline.com.br\\\/site\\\/nova-unidade-de-saude-do-primavera-e-inaugurada\\\/#breadcrumblist\"},\"author\":{\"@id\":\"https:\\\/\\\/anoticiaonline.com.br\\\/site\\\/author\\\/juliana\\\/#author\"},\"creator\":{\"@id\":\"https:\\\/\\\/anoticiaonline.com.br\\\/site\\\/author\\\/juliana\\\/#author\"},\"image\":{\"@type\":\"ImageObject\",\"url\":\"https:\\\/\\\/anoticiaonline.com.br\\\/site\\\/wp-content\\\/uploads\\\/2017\\\/10\\\/Nova-Unidade-de-Sa\\u00fade-do-Primavera-\\u00e9-inaugurada.jpg\",\"@id\":\"https:\\\/\\\/anoticiaonline.com.br\\\/site\\\/nova-unidade-de-saude-do-primavera-e-inaugurada\\\/#mainImage\",\"width\":640,\"height\":427},\"primaryImageOfPage\":{\"@id\":\"https:\\\/\\\/anoticiaonline.com.br\\\/site\\\/nova-unidade-de-saude-do-primavera-e-inaugurada\\\/#mainImage\"},\"datePublished\":\"2017-10-11T21:01:08-03:00\",\"dateModified\":\"2017-10-13T10:20:07-03:00\"},{\"@type\":\"WebSite\",\"@id\":\"https:\\\/\\\/anoticiaonline.com.br\\\/site\\\/#website\",\"url\":\"https:\\\/\\\/anoticiaonline.com.br\\\/site\\\/\",\"name\":\"A Not\\u00edcia Online\",\"description\":\"Noticias de Muria\\u00e9 e regi\\u00e3o\",\"inLanguage\":\"pt-BR\",\"publisher\":{\"@id\":\"https:\\\/\\\/anoticiaonline.com.br\\\/site\\\/#organization\"}}]}\n\t\t<\/script>\n\t\t<!-- All in One SEO -->\n\n","aioseo_head_json":{"title":"Nova Unidade de Sa\u00fade do Primavera \u00e9 inaugurada - A Not\u00edcia Online","description":"Populares compareceram para a inaugura\u00e7\u00e3o da nova Unidade B\u00e1sica de Sa\u00fade do bairro Primavera que foi realizada no \u00faltimo s\u00e1bado (7). A UBS reunir\u00e1 duas equipes de programa de sa\u00fade da fam\u00edlia e o N\u00facleo de Apoio \u00e0 Sa\u00fade Familiar (NASF), al\u00e9m de profissionais de outras especialidades m\u00e9dicas para atender aos moradores dos bairros Primavera,","canonical_url":"https:\/\/anoticiaonline.com.br\/site\/nova-unidade-de-saude-do-primavera-e-inaugurada\/","robots":"max-image-preview:large","keywords":"","webmasterTools":{"miscellaneous":""},"schema":{"@context":"https:\/\/schema.org","@graph":[{"@type":"BlogPosting","@id":"https:\/\/anoticiaonline.com.br\/site\/nova-unidade-de-saude-do-primavera-e-inaugurada\/#blogposting","name":"Nova Unidade de Sa\u00fade do Primavera \u00e9 inaugurada - A Not\u00edcia Online","headline":"Nova Unidade de Sa\u00fade do Primavera \u00e9 inaugurada","author":{"@id":"https:\/\/anoticiaonline.com.br\/site\/author\/juliana\/#author"},"publisher":{"@id":"https:\/\/anoticiaonline.com.br\/site\/#organization"},"image":{"@type":"ImageObject","url":"https:\/\/anoticiaonline.com.br\/site\/wp-content\/uploads\/2017\/10\/Nova-Unidade-de-Sa\u00fade-do-Primavera-\u00e9-inaugurada.jpg","width":640,"height":427},"datePublished":"2017-10-11T21:01:08-03:00","dateModified":"2017-10-13T10:20:07-03:00","inLanguage":"pt-BR","mainEntityOfPage":{"@id":"https:\/\/anoticiaonline.com.br\/site\/nova-unidade-de-saude-do-primavera-e-inaugurada\/#webpage"},"isPartOf":{"@id":"https:\/\/anoticiaonline.com.br\/site\/nova-unidade-de-saude-do-primavera-e-inaugurada\/#webpage"},"articleSection":"Blog, Muria\u00e9, prefeitura, sa\u00fade, slide"},{"@type":"BreadcrumbList","@id":"https:\/\/anoticiaonline.com.br\/site\/nova-unidade-de-saude-do-primavera-e-inaugurada\/#breadcrumblist","itemListElement":[{"@type":"ListItem","@id":"https:\/\/anoticiaonline.com.br\/site#listItem","position":1,"name":"Home","item":"https:\/\/anoticiaonline.com.br\/site","nextItem":{"@type":"ListItem","@id":"https:\/\/anoticiaonline.com.br\/site\/categoria\/muriae\/#listItem","name":"Blog"}},{"@type":"ListItem","@id":"https:\/\/anoticiaonline.com.br\/site\/categoria\/muriae\/#listItem","position":2,"name":"Blog","item":"https:\/\/anoticiaonline.com.br\/site\/categoria\/muriae\/","nextItem":{"@type":"ListItem","@id":"https:\/\/anoticiaonline.com.br\/site\/nova-unidade-de-saude-do-primavera-e-inaugurada\/#listItem","name":"Nova Unidade de Sa\u00fade do Primavera \u00e9 inaugurada"},"previousItem":{"@type":"ListItem","@id":"https:\/\/anoticiaonline.com.br\/site#listItem","name":"Home"}},{"@type":"ListItem","@id":"https:\/\/anoticiaonline.com.br\/site\/nova-unidade-de-saude-do-primavera-e-inaugurada\/#listItem","position":3,"name":"Nova Unidade de Sa\u00fade do Primavera \u00e9 inaugurada","previousItem":{"@type":"ListItem","@id":"https:\/\/anoticiaonline.com.br\/site\/categoria\/muriae\/#listItem","name":"Blog"}}]},{"@type":"Organization","@id":"https:\/\/anoticiaonline.com.br\/site\/#organization","name":"A Not\u00edcia Online","description":"Noticias de Muria\u00e9 e regi\u00e3o","url":"https:\/\/anoticiaonline.com.br\/site\/","logo":{"@type":"ImageObject","url":"https:\/\/scontent-gig4-1.xx.fbcdn.net\/v\/t39.30808-1\/270437624_4564083193639691_6907940295614233970_n.jpg?stp=dst-jpg_s200x200_tt6&_nc_cat=111&ccb=1-7&_nc_sid=f907e8&_nc_ohc=SM1wRlP3lJwQ7kNvwEPuBYA&_nc_oc=AdnqrjDN_BNjSSHWO-GbkIWH6fkGMLw4bqvL_NH6e2wMveX7G-rP2dAqsDSq1mJMOaY&_nc_zt=24&_nc_ht=scontent-gig4-1.xx&_nc_gid=AoBFJeGrT1hVaew_6rchkQ&oh=00_AfX7QmFGhQhG2jAllVgXCiM1ZrWgvtp80-Bfppyexh1QEg&oe=689E923C","@id":"https:\/\/anoticiaonline.com.br\/site\/nova-unidade-de-saude-do-primavera-e-inaugurada\/#organizationLogo"},"image":{"@id":"https:\/\/anoticiaonline.com.br\/site\/nova-unidade-de-saude-do-primavera-e-inaugurada\/#organizationLogo"}},{"@type":"Person","@id":"https:\/\/anoticiaonline.com.br\/site\/author\/juliana\/#author","url":"https:\/\/anoticiaonline.com.br\/site\/author\/juliana\/","name":"Juliana Laviola","image":{"@type":"ImageObject","@id":"https:\/\/anoticiaonline.com.br\/site\/nova-unidade-de-saude-do-primavera-e-inaugurada\/#authorImage","url":"https:\/\/secure.gravatar.com\/avatar\/b8d45f5c699b100dfaf0e543582f38f38bf94cb7ae3a5e9abf8d891a34773335?s=96&d=mm&r=g","width":96,"height":96,"caption":"Juliana Laviola"}},{"@type":"WebPage","@id":"https:\/\/anoticiaonline.com.br\/site\/nova-unidade-de-saude-do-primavera-e-inaugurada\/#webpage","url":"https:\/\/anoticiaonline.com.br\/site\/nova-unidade-de-saude-do-primavera-e-inaugurada\/","name":"Nova Unidade de Sa\u00fade do Primavera \u00e9 inaugurada - A Not\u00edcia Online","description":"Populares compareceram para a inaugura\u00e7\u00e3o da nova Unidade B\u00e1sica de Sa\u00fade do bairro Primavera que foi realizada no \u00faltimo s\u00e1bado (7). A UBS reunir\u00e1 duas equipes de programa de sa\u00fade da fam\u00edlia e o N\u00facleo de Apoio \u00e0 Sa\u00fade Familiar (NASF), al\u00e9m de profissionais de outras especialidades m\u00e9dicas para atender aos moradores dos bairros Primavera,","inLanguage":"pt-BR","isPartOf":{"@id":"https:\/\/anoticiaonline.com.br\/site\/#website"},"breadcrumb":{"@id":"https:\/\/anoticiaonline.com.br\/site\/nova-unidade-de-saude-do-primavera-e-inaugurada\/#breadcrumblist"},"author":{"@id":"https:\/\/anoticiaonline.com.br\/site\/author\/juliana\/#author"},"creator":{"@id":"https:\/\/anoticiaonline.com.br\/site\/author\/juliana\/#author"},"image":{"@type":"ImageObject","url":"https:\/\/anoticiaonline.com.br\/site\/wp-content\/uploads\/2017\/10\/Nova-Unidade-de-Sa\u00fade-do-Primavera-\u00e9-inaugurada.jpg","@id":"https:\/\/anoticiaonline.com.br\/site\/nova-unidade-de-saude-do-primavera-e-inaugurada\/#mainImage","width":640,"height":427},"primaryImageOfPage":{"@id":"https:\/\/anoticiaonline.com.br\/site\/nova-unidade-de-saude-do-primavera-e-inaugurada\/#mainImage"},"datePublished":"2017-10-11T21:01:08-03:00","dateModified":"2017-10-13T10:20:07-03:00"},{"@type":"WebSite","@id":"https:\/\/anoticiaonline.com.br\/site\/#website","url":"https:\/\/anoticiaonline.com.br\/site\/","name":"A Not\u00edcia Online","description":"Noticias de Muria\u00e9 e regi\u00e3o","inLanguage":"pt-BR","publisher":{"@id":"https:\/\/anoticiaonline.com.br\/site\/#organization"}}]},"og:locale":"pt_BR","og:site_name":"A Not\u00edcia Online - Noticias de Muria\u00e9 e regi\u00e3o","og:type":"article","og:title":"Nova Unidade de Sa\u00fade do Primavera \u00e9 inaugurada - A Not\u00edcia Online","og:description":"Populares compareceram para a inaugura\u00e7\u00e3o da nova Unidade B\u00e1sica de Sa\u00fade do bairro Primavera que foi realizada no \u00faltimo s\u00e1bado (7). A UBS reunir\u00e1 duas equipes de programa de sa\u00fade da fam\u00edlia e o N\u00facleo de Apoio \u00e0 Sa\u00fade Familiar (NASF), al\u00e9m de profissionais de outras especialidades m\u00e9dicas para atender aos moradores dos bairros Primavera,","og:url":"https:\/\/anoticiaonline.com.br\/site\/nova-unidade-de-saude-do-primavera-e-inaugurada\/","og:image":"https:\/\/scontent-gig4-1.xx.fbcdn.net\/v\/t39.30808-1\/270437624_4564083193639691_6907940295614233970_n.jpg?stp=dst-jpg_s200x200_tt6&#038;_nc_cat=111&#038;ccb=1-7&#038;_nc_sid=f907e8&#038;_nc_ohc=SM1wRlP3lJwQ7kNvwEPuBYA&#038;_nc_oc=AdnqrjDN_BNjSSHWO-GbkIWH6fkGMLw4bqvL_NH6e2wMveX7G-rP2dAqsDSq1mJMOaY&#038;_nc_zt=24&#038;_nc_ht=scontent-gig4-1.xx&#038;_nc_gid=AoBFJeGrT1hVaew_6rchkQ&#038;oh=00_AfX7QmFGhQhG2jAllVgXCiM1ZrWgvtp80-Bfppyexh1QEg&#038;oe=689E923C","og:image:secure_url":"https:\/\/scontent-gig4-1.xx.fbcdn.net\/v\/t39.30808-1\/270437624_4564083193639691_6907940295614233970_n.jpg?stp=dst-jpg_s200x200_tt6&#038;_nc_cat=111&#038;ccb=1-7&#038;_nc_sid=f907e8&#038;_nc_ohc=SM1wRlP3lJwQ7kNvwEPuBYA&#038;_nc_oc=AdnqrjDN_BNjSSHWO-GbkIWH6fkGMLw4bqvL_NH6e2wMveX7G-rP2dAqsDSq1mJMOaY&#038;_nc_zt=24&#038;_nc_ht=scontent-gig4-1.xx&#038;_nc_gid=AoBFJeGrT1hVaew_6rchkQ&#038;oh=00_AfX7QmFGhQhG2jAllVgXCiM1ZrWgvtp80-Bfppyexh1QEg&#038;oe=689E923C","article:published_time":"2017-10-12T00:01:08+00:00","article:modified_time":"2017-10-13T13:20:07+00:00","twitter:card":"summary_large_image","twitter:title":"Nova Unidade de Sa\u00fade do Primavera \u00e9 inaugurada - A Not\u00edcia Online","twitter:description":"Populares compareceram para a inaugura\u00e7\u00e3o da nova Unidade B\u00e1sica de Sa\u00fade do bairro Primavera que foi realizada no \u00faltimo s\u00e1bado (7). A UBS reunir\u00e1 duas equipes de programa de sa\u00fade da fam\u00edlia e o N\u00facleo de Apoio \u00e0 Sa\u00fade Familiar (NASF), al\u00e9m de profissionais de outras especialidades m\u00e9dicas para atender aos moradores dos bairros Primavera,","twitter:image":"https:\/\/scontent-gig4-1.xx.fbcdn.net\/v\/t39.30808-1\/270437624_4564083193639691_6907940295614233970_n.jpg?stp=dst-jpg_s200x200_tt6&_nc_cat=111&ccb=1-7&_nc_sid=f907e8&_nc_ohc=SM1wRlP3lJwQ7kNvwEPuBYA&_nc_oc=AdnqrjDN_BNjSSHWO-GbkIWH6fkGMLw4bqvL_NH6e2wMveX7G-rP2dAqsDSq1mJMOaY&_nc_zt=24&_nc_ht=scontent-gig4-1.xx&_nc_gid=AoBFJeGrT1hVaew_6rchkQ&oh=00_AfX7QmFGhQhG2jAllVgXCiM1ZrWgvtp80-Bfppyexh1QEg&oe=689E923C"},"aioseo_meta_data":{"post_id":"42078","title":null,"description":null,"keywords":null,"keyphrases":null,"primary_term":null,"canonical_url":null,"og_title":null,"og_description":null,"og_object_type":"default","og_image_type":"default","og_image_url":null,"og_image_width":null,"og_image_height":null,"og_image_custom_url":null,"og_image_custom_fields":null,"og_video":null,"og_custom_url":null,"og_article_section":null,"og_article_tags":null,"twitter_use_og":false,"twitter_card":"default","twitter_image_type":"default","twitter_image_url":null,"twitter_image_custom_url":null,"twitter_image_custom_fields":null,"twitter_title":null,"twitter_description":null,"schema":{"blockGraphs":[],"customGraphs":[],"default":{"data":{"Article":[],"Course":[],"Dataset":[],"FAQPage":[],"Movie":[],"Person":[],"Product":[],"ProductReview":[],"Car":[],"Recipe":[],"Service":[],"SoftwareApplication":[],"WebPage":[]},"graphName":"","isEnabled":true},"graphs":[]},"schema_type":"default","schema_type_options":null,"pillar_content":false,"robots_default":true,"robots_noindex":false,"robots_noarchive":false,"robots_nosnippet":false,"robots_nofollow":false,"robots_noimageindex":false,"robots_noodp":false,"robots_notranslate":false,"robots_max_snippet":null,"robots_max_videopreview":null,"robots_max_imagepreview":"large","priority":null,"frequency":null,"local_seo":null,"breadcrumb_settings":null,"limit_modified_date":false,"ai":null,"created":"2025-08-16 19:37:42","updated":"2025-08-16 19:37:42","focus_keyword":null,"additional_keywords":null,"truseo_locale":null,"seo_analyzer_scan_date":null},"aioseo_breadcrumb":"<div class=\"aioseo-breadcrumbs\"><span class=\"aioseo-breadcrumb\">\n\t\t\t<a href=\"https:\/\/anoticiaonline.com.br\/site\" title=\"Home\">Home<\/a>\n\t\t<\/span><span class=\"aioseo-breadcrumb-separator\">&raquo;<\/span><span class=\"aioseo-breadcrumb\">\n\t\t\t<a href=\"https:\/\/anoticiaonline.com.br\/site\/categoria\/muriae\/\" title=\"Blog\">Blog<\/a>\n\t\t<\/span><span class=\"aioseo-breadcrumb-separator\">&raquo;<\/span><span class=\"aioseo-breadcrumb\">\n\t\t\tNova Unidade de Sa\u00fade do Primavera \u00e9 inaugurada\n\t\t<\/span><\/div>","aioseo_breadcrumb_json":[{"label":"Home","link":"https:\/\/anoticiaonline.com.br\/site"},{"label":"Blog","link":"https:\/\/anoticiaonline.com.br\/site\/categoria\/muriae\/"},{"label":"Nova Unidade de Sa\u00fade do Primavera \u00e9 inaugurada","link":"https:\/\/anoticiaonline.com.br\/site\/nova-unidade-de-saude-do-primavera-e-inaugurada\/"}],"views":134,"_links":{"self":[{"href":"https:\/\/anoticiaonline.com.br\/site\/wp-json\/wp\/v2\/posts\/42078","targetHints":{"allow":["GET"]}}],"collection":[{"href":"https:\/\/anoticiaonline.com.br\/site\/wp-json\/wp\/v2\/posts"}],"about":[{"href":"https:\/\/anoticiaonline.com.br\/site\/wp-json\/wp\/v2\/types\/post"}],"author":[{"embeddable":true,"href":"https:\/\/anoticiaonline.com.br\/site\/wp-json\/wp\/v2\/users\/2"}],"replies":[{"embeddable":true,"href":"https:\/\/anoticiaonline.com.br\/site\/wp-json\/wp\/v2\/comments?post=42078"}],"version-history":[{"count":0,"href":"https:\/\/anoticiaonline.com.br\/site\/wp-json\/wp\/v2\/posts\/42078\/revisions"}],"wp:featuredmedia":[{"embeddable":true,"href":"https:\/\/anoticiaonline.com.br\/site\/wp-json\/wp\/v2\/media\/42079"}],"wp:attachment":[{"href":"https:\/\/anoticiaonline.com.br\/site\/wp-json\/wp\/v2\/media?parent=42078"}],"wp:term":[{"taxonomy":"category","embeddable":true,"href":"https:\/\/anoticiaonline.com.br\/site\/wp-json\/wp\/v2\/categories?post=42078"},{"taxonomy":"post_tag","embeddable":true,"href":"https:\/\/anoticiaonline.com.br\/site\/wp-json\/wp\/v2\/tags?post=42078"}],"curies":[{"name":"wp","href":"https:\/\/api.w.org\/{rel}","templated":true}]}}