{"id":4198,"date":"2015-10-01T11:04:56","date_gmt":"2015-10-01T14:04:56","guid":{"rendered":"http:\/\/anoticiaonline.com.br\/site\/?p=4198"},"modified":"2015-10-01T11:04:56","modified_gmt":"2015-10-01T14:04:56","slug":"atendimento-ao-publico-do-demsur-tera-nova-sede","status":"publish","type":"post","link":"https:\/\/anoticiaonline.com.br\/site\/atendimento-ao-publico-do-demsur-tera-nova-sede\/","title":{"rendered":"Atendimento ao p\u00fablico do Demsur ter\u00e1 nova sede"},"content":{"rendered":"<p><a href=\"https:\/\/anoticiaonline.com.br\/site\/wp-content\/uploads\/2015\/10\/DSC03830.jpg\"><img fetchpriority=\"high\" decoding=\"async\" class=\" size-medium wp-image-4199 alignleft\" src=\"https:\/\/anoticiaonline.com.br\/site\/wp-content\/uploads\/2015\/10\/DSC03830-300x225.jpg\" alt=\"DSC03830\" width=\"300\" height=\"225\" srcset=\"https:\/\/anoticiaonline.com.br\/site\/wp-content\/uploads\/2015\/10\/DSC03830-300x225.jpg 300w, https:\/\/anoticiaonline.com.br\/site\/wp-content\/uploads\/2015\/10\/DSC03830.jpg 640w\" sizes=\"(max-width: 300px) 100vw, 300px\" \/><\/a>O Departamento Municipal de Saneamento Urbano (Demsur) est\u00e1 construindo uma sede pr\u00f3pria para o setor de atendimento ao p\u00fablico, no local onde funcionavam os antigos guich\u00eas da rodovi\u00e1ria. O objetivo \u00e9 oferecer melhor acesso e qualidade nos servi\u00e7os prestados aos clientes. Hoje, o setor est\u00e1 localizado em um espa\u00e7o anexo ao Centro Administrativo, considerado pequeno pela autarquia.<\/p>\n<p>A obra, iniciada em setembro pela empresa licitada J.E Construtora LTDA &#8211; ME, com prazo de execu\u00e7\u00e3o em 150 dias, abrigar\u00e1 os setores de atendimento ao p\u00fablico, d\u00edvida ativa, cozinha, arquivo, banheiro, CPD, leituristas. O valor do investimento \u00e9 de R$321.279,91.<\/p>\n<p><a href=\"https:\/\/anoticiaonline.com.br\/site\/wp-content\/uploads\/2015\/10\/DSC03826.jpg\"><img decoding=\"async\" class=\" size-medium wp-image-4200 alignleft\" src=\"https:\/\/anoticiaonline.com.br\/site\/wp-content\/uploads\/2015\/10\/DSC03826-300x225.jpg\" alt=\"DSC03826\" width=\"300\" height=\"225\" srcset=\"https:\/\/anoticiaonline.com.br\/site\/wp-content\/uploads\/2015\/10\/DSC03826-300x225.jpg 300w, https:\/\/anoticiaonline.com.br\/site\/wp-content\/uploads\/2015\/10\/DSC03826.jpg 640w\" sizes=\"(max-width: 300px) 100vw, 300px\" \/><\/a>Segundo M\u00e1rio L\u00facio, coordenador do setor de atendimento, a necessidade da mudan\u00e7a tamb\u00e9m ocorreu para atender a grande demanda do munic\u00edpio. \u201cPor m\u00eas atendemos uma m\u00e9dia de 132 pessoas, fora as que buscam por esclarecimentos que n\u00e3o s\u00e3o registradas\u201d, assinala.<\/p>\n<p>De acordo com o diretor geral, Rodrigo Guar\u00e7oni, a estrutura do novo espa\u00e7o, al\u00e9m de dinamizar todo processo de atendimento, foi pensada tamb\u00e9m na acessibilidade como elemento essencial da mobilidade urbana. \u201cO complexo est\u00e1 sendo constru\u00eddo no n\u00edvel da rua para que todos tenham o direito de ir e vir\u201d, ressalta.<\/p>\n","protected":false},"excerpt":{"rendered":"<p>O Departamento Municipal de Saneamento Urbano (Demsur) est\u00e1 construindo uma sede pr\u00f3pria para o setor de atendimento ao p\u00fablico, no local onde funcionavam os antigos guich\u00eas da rodovi\u00e1ria. O objetivo \u00e9 oferecer melhor acesso e qualidade nos servi\u00e7os prestados aos clientes. Hoje, o setor est\u00e1 localizado em um espa\u00e7o anexo ao Centro Administrativo, considerado pequeno &#8230; <a title=\"Atendimento ao p\u00fablico do Demsur ter\u00e1 nova sede\" class=\"read-more\" href=\"https:\/\/anoticiaonline.com.br\/site\/atendimento-ao-publico-do-demsur-tera-nova-sede\/\" aria-label=\"Read more about Atendimento ao p\u00fablico do Demsur ter\u00e1 nova sede\">Ler mais<\/a><\/p>\n","protected":false},"author":2,"featured_media":4199,"comment_status":"open","ping_status":"open","sticky":false,"template":"","format":"standard","meta":{"_acf_changed":false,"_monsterinsights_skip_tracking":false,"footnotes":""},"categories":[30],"tags":[3],"class_list":["post-4198","post","type-post","status-publish","format-standard","has-post-thumbnail","hentry","category-muriae","tag-slide"],"acf":[],"aioseo_notices":[],"aioseo_head":"\n\t\t<!-- All in One SEO 5.0.0.1 - aioseo.com -->\n\t<meta name=\"description\" content=\"O Departamento Municipal de Saneamento Urbano (Demsur) est\u00e1 construindo uma sede pr\u00f3pria para o setor de atendimento ao p\u00fablico, no local onde funcionavam os antigos guich\u00eas da rodovi\u00e1ria. O objetivo \u00e9 oferecer melhor acesso e qualidade nos servi\u00e7os prestados aos clientes. Hoje, o setor est\u00e1 localizado em um espa\u00e7o anexo ao Centro Administrativo, considerado pequeno\" \/>\n\t<meta name=\"robots\" content=\"max-image-preview:large\" \/>\n\t<meta name=\"author\" content=\"Juliana Laviola\"\/>\n\t<link rel=\"canonical\" href=\"https:\/\/anoticiaonline.com.br\/site\/atendimento-ao-publico-do-demsur-tera-nova-sede\/\" \/>\n\t<meta name=\"generator\" content=\"All in One SEO (AIOSEO) 5.0.0.1\" \/>\n\t\t<meta property=\"og:locale\" content=\"pt_BR\" \/>\n\t\t<meta property=\"og:site_name\" content=\"A Not\u00edcia Online - Noticias de Muria\u00e9 e regi\u00e3o\" \/>\n\t\t<meta property=\"og:type\" content=\"article\" \/>\n\t\t<meta property=\"og:title\" content=\"Atendimento ao p\u00fablico do Demsur ter\u00e1 nova sede - A Not\u00edcia Online\" \/>\n\t\t<meta property=\"og:description\" content=\"O Departamento Municipal de Saneamento Urbano (Demsur) est\u00e1 construindo uma sede pr\u00f3pria para o setor de atendimento ao p\u00fablico, no local onde funcionavam os antigos guich\u00eas da rodovi\u00e1ria. O objetivo \u00e9 oferecer melhor acesso e qualidade nos servi\u00e7os prestados aos clientes. Hoje, o setor est\u00e1 localizado em um espa\u00e7o anexo ao Centro Administrativo, considerado pequeno\" \/>\n\t\t<meta property=\"og:url\" content=\"https:\/\/anoticiaonline.com.br\/site\/atendimento-ao-publico-do-demsur-tera-nova-sede\/\" \/>\n\t\t<meta property=\"og:image\" content=\"https:\/\/scontent-gig4-1.xx.fbcdn.net\/v\/t39.30808-1\/270437624_4564083193639691_6907940295614233970_n.jpg?stp=dst-jpg_s200x200_tt6&#038;_nc_cat=111&#038;ccb=1-7&#038;_nc_sid=f907e8&#038;_nc_ohc=SM1wRlP3lJwQ7kNvwEPuBYA&#038;_nc_oc=AdnqrjDN_BNjSSHWO-GbkIWH6fkGMLw4bqvL_NH6e2wMveX7G-rP2dAqsDSq1mJMOaY&#038;_nc_zt=24&#038;_nc_ht=scontent-gig4-1.xx&#038;_nc_gid=AoBFJeGrT1hVaew_6rchkQ&#038;oh=00_AfX7QmFGhQhG2jAllVgXCiM1ZrWgvtp80-Bfppyexh1QEg&#038;oe=689E923C\" \/>\n\t\t<meta property=\"og:image:secure_url\" content=\"https:\/\/scontent-gig4-1.xx.fbcdn.net\/v\/t39.30808-1\/270437624_4564083193639691_6907940295614233970_n.jpg?stp=dst-jpg_s200x200_tt6&#038;_nc_cat=111&#038;ccb=1-7&#038;_nc_sid=f907e8&#038;_nc_ohc=SM1wRlP3lJwQ7kNvwEPuBYA&#038;_nc_oc=AdnqrjDN_BNjSSHWO-GbkIWH6fkGMLw4bqvL_NH6e2wMveX7G-rP2dAqsDSq1mJMOaY&#038;_nc_zt=24&#038;_nc_ht=scontent-gig4-1.xx&#038;_nc_gid=AoBFJeGrT1hVaew_6rchkQ&#038;oh=00_AfX7QmFGhQhG2jAllVgXCiM1ZrWgvtp80-Bfppyexh1QEg&#038;oe=689E923C\" \/>\n\t\t<meta property=\"article:published_time\" content=\"2015-10-01T14:04:56+00:00\" \/>\n\t\t<meta property=\"article:modified_time\" content=\"2015-10-01T14:04:56+00:00\" \/>\n\t\t<meta name=\"twitter:card\" content=\"summary_large_image\" \/>\n\t\t<meta name=\"twitter:title\" content=\"Atendimento ao p\u00fablico do Demsur ter\u00e1 nova sede - A Not\u00edcia Online\" \/>\n\t\t<meta name=\"twitter:description\" content=\"O Departamento Municipal de Saneamento Urbano (Demsur) est\u00e1 construindo uma sede pr\u00f3pria para o setor de atendimento ao p\u00fablico, no local onde funcionavam os antigos guich\u00eas da rodovi\u00e1ria. O objetivo \u00e9 oferecer melhor acesso e qualidade nos servi\u00e7os prestados aos clientes. Hoje, o setor est\u00e1 localizado em um espa\u00e7o anexo ao Centro Administrativo, considerado pequeno\" \/>\n\t\t<meta name=\"twitter:image\" content=\"https:\/\/scontent-gig4-1.xx.fbcdn.net\/v\/t39.30808-1\/270437624_4564083193639691_6907940295614233970_n.jpg?stp=dst-jpg_s200x200_tt6&amp;_nc_cat=111&amp;ccb=1-7&amp;_nc_sid=f907e8&amp;_nc_ohc=SM1wRlP3lJwQ7kNvwEPuBYA&amp;_nc_oc=AdnqrjDN_BNjSSHWO-GbkIWH6fkGMLw4bqvL_NH6e2wMveX7G-rP2dAqsDSq1mJMOaY&amp;_nc_zt=24&amp;_nc_ht=scontent-gig4-1.xx&amp;_nc_gid=AoBFJeGrT1hVaew_6rchkQ&amp;oh=00_AfX7QmFGhQhG2jAllVgXCiM1ZrWgvtp80-Bfppyexh1QEg&amp;oe=689E923C\" \/>\n\t\t<script type=\"application\/ld+json\" class=\"aioseo-schema\">\n\t\t\t{\"@context\":\"https:\\\/\\\/schema.org\",\"@graph\":[{\"@type\":\"BlogPosting\",\"@id\":\"https:\\\/\\\/anoticiaonline.com.br\\\/site\\\/atendimento-ao-publico-do-demsur-tera-nova-sede\\\/#blogposting\",\"name\":\"Atendimento ao p\\u00fablico do Demsur ter\\u00e1 nova sede - A Not\\u00edcia Online\",\"headline\":\"Atendimento ao p\\u00fablico do Demsur ter\\u00e1 nova sede\",\"author\":{\"@id\":\"https:\\\/\\\/anoticiaonline.com.br\\\/site\\\/author\\\/juliana\\\/#author\"},\"publisher\":{\"@id\":\"https:\\\/\\\/anoticiaonline.com.br\\\/site\\\/#organization\"},\"image\":{\"@type\":\"ImageObject\",\"url\":\"https:\\\/\\\/anoticiaonline.com.br\\\/site\\\/wp-content\\\/uploads\\\/2015\\\/10\\\/DSC03830.jpg\",\"width\":640,\"height\":480},\"datePublished\":\"2015-10-01T11:04:56-03:00\",\"dateModified\":\"2015-10-01T11:04:56-03:00\",\"inLanguage\":\"pt-BR\",\"mainEntityOfPage\":{\"@id\":\"https:\\\/\\\/anoticiaonline.com.br\\\/site\\\/atendimento-ao-publico-do-demsur-tera-nova-sede\\\/#webpage\"},\"isPartOf\":{\"@id\":\"https:\\\/\\\/anoticiaonline.com.br\\\/site\\\/atendimento-ao-publico-do-demsur-tera-nova-sede\\\/#webpage\"},\"articleSection\":\"Blog, slide\"},{\"@type\":\"BreadcrumbList\",\"@id\":\"https:\\\/\\\/anoticiaonline.com.br\\\/site\\\/atendimento-ao-publico-do-demsur-tera-nova-sede\\\/#breadcrumblist\",\"itemListElement\":[{\"@type\":\"ListItem\",\"@id\":\"https:\\\/\\\/anoticiaonline.com.br\\\/site#listItem\",\"position\":1,\"name\":\"Home\",\"item\":\"https:\\\/\\\/anoticiaonline.com.br\\\/site\",\"nextItem\":{\"@type\":\"ListItem\",\"@id\":\"https:\\\/\\\/anoticiaonline.com.br\\\/site\\\/categoria\\\/muriae\\\/#listItem\",\"name\":\"Blog\"}},{\"@type\":\"ListItem\",\"@id\":\"https:\\\/\\\/anoticiaonline.com.br\\\/site\\\/categoria\\\/muriae\\\/#listItem\",\"position\":2,\"name\":\"Blog\",\"item\":\"https:\\\/\\\/anoticiaonline.com.br\\\/site\\\/categoria\\\/muriae\\\/\",\"nextItem\":{\"@type\":\"ListItem\",\"@id\":\"https:\\\/\\\/anoticiaonline.com.br\\\/site\\\/atendimento-ao-publico-do-demsur-tera-nova-sede\\\/#listItem\",\"name\":\"Atendimento ao p\\u00fablico do Demsur ter\\u00e1 nova sede\"},\"previousItem\":{\"@type\":\"ListItem\",\"@id\":\"https:\\\/\\\/anoticiaonline.com.br\\\/site#listItem\",\"name\":\"Home\"}},{\"@type\":\"ListItem\",\"@id\":\"https:\\\/\\\/anoticiaonline.com.br\\\/site\\\/atendimento-ao-publico-do-demsur-tera-nova-sede\\\/#listItem\",\"position\":3,\"name\":\"Atendimento ao p\\u00fablico do Demsur ter\\u00e1 nova sede\",\"previousItem\":{\"@type\":\"ListItem\",\"@id\":\"https:\\\/\\\/anoticiaonline.com.br\\\/site\\\/categoria\\\/muriae\\\/#listItem\",\"name\":\"Blog\"}}]},{\"@type\":\"Organization\",\"@id\":\"https:\\\/\\\/anoticiaonline.com.br\\\/site\\\/#organization\",\"name\":\"A Not\\u00edcia Online\",\"description\":\"Noticias de Muria\\u00e9 e regi\\u00e3o\",\"url\":\"https:\\\/\\\/anoticiaonline.com.br\\\/site\\\/\",\"logo\":{\"@type\":\"ImageObject\",\"url\":\"https:\\\/\\\/scontent-gig4-1.xx.fbcdn.net\\\/v\\\/t39.30808-1\\\/270437624_4564083193639691_6907940295614233970_n.jpg?stp=dst-jpg_s200x200_tt6&_nc_cat=111&ccb=1-7&_nc_sid=f907e8&_nc_ohc=SM1wRlP3lJwQ7kNvwEPuBYA&_nc_oc=AdnqrjDN_BNjSSHWO-GbkIWH6fkGMLw4bqvL_NH6e2wMveX7G-rP2dAqsDSq1mJMOaY&_nc_zt=24&_nc_ht=scontent-gig4-1.xx&_nc_gid=AoBFJeGrT1hVaew_6rchkQ&oh=00_AfX7QmFGhQhG2jAllVgXCiM1ZrWgvtp80-Bfppyexh1QEg&oe=689E923C\",\"@id\":\"https:\\\/\\\/anoticiaonline.com.br\\\/site\\\/atendimento-ao-publico-do-demsur-tera-nova-sede\\\/#organizationLogo\"},\"image\":{\"@id\":\"https:\\\/\\\/anoticiaonline.com.br\\\/site\\\/atendimento-ao-publico-do-demsur-tera-nova-sede\\\/#organizationLogo\"}},{\"@type\":\"Person\",\"@id\":\"https:\\\/\\\/anoticiaonline.com.br\\\/site\\\/author\\\/juliana\\\/#author\",\"url\":\"https:\\\/\\\/anoticiaonline.com.br\\\/site\\\/author\\\/juliana\\\/\",\"name\":\"Juliana Laviola\",\"image\":{\"@type\":\"ImageObject\",\"@id\":\"https:\\\/\\\/anoticiaonline.com.br\\\/site\\\/atendimento-ao-publico-do-demsur-tera-nova-sede\\\/#authorImage\",\"url\":\"https:\\\/\\\/secure.gravatar.com\\\/avatar\\\/b8d45f5c699b100dfaf0e543582f38f38bf94cb7ae3a5e9abf8d891a34773335?s=96&d=mm&r=g\",\"width\":96,\"height\":96,\"caption\":\"Juliana Laviola\"}},{\"@type\":\"WebPage\",\"@id\":\"https:\\\/\\\/anoticiaonline.com.br\\\/site\\\/atendimento-ao-publico-do-demsur-tera-nova-sede\\\/#webpage\",\"url\":\"https:\\\/\\\/anoticiaonline.com.br\\\/site\\\/atendimento-ao-publico-do-demsur-tera-nova-sede\\\/\",\"name\":\"Atendimento ao p\\u00fablico do Demsur ter\\u00e1 nova sede - A Not\\u00edcia Online\",\"description\":\"O Departamento Municipal de Saneamento Urbano (Demsur) est\\u00e1 construindo uma sede pr\\u00f3pria para o setor de atendimento ao p\\u00fablico, no local onde funcionavam os antigos guich\\u00eas da rodovi\\u00e1ria. O objetivo \\u00e9 oferecer melhor acesso e qualidade nos servi\\u00e7os prestados aos clientes. Hoje, o setor est\\u00e1 localizado em um espa\\u00e7o anexo ao Centro Administrativo, considerado pequeno\",\"inLanguage\":\"pt-BR\",\"isPartOf\":{\"@id\":\"https:\\\/\\\/anoticiaonline.com.br\\\/site\\\/#website\"},\"breadcrumb\":{\"@id\":\"https:\\\/\\\/anoticiaonline.com.br\\\/site\\\/atendimento-ao-publico-do-demsur-tera-nova-sede\\\/#breadcrumblist\"},\"author\":{\"@id\":\"https:\\\/\\\/anoticiaonline.com.br\\\/site\\\/author\\\/juliana\\\/#author\"},\"creator\":{\"@id\":\"https:\\\/\\\/anoticiaonline.com.br\\\/site\\\/author\\\/juliana\\\/#author\"},\"image\":{\"@type\":\"ImageObject\",\"url\":\"https:\\\/\\\/anoticiaonline.com.br\\\/site\\\/wp-content\\\/uploads\\\/2015\\\/10\\\/DSC03830.jpg\",\"@id\":\"https:\\\/\\\/anoticiaonline.com.br\\\/site\\\/atendimento-ao-publico-do-demsur-tera-nova-sede\\\/#mainImage\",\"width\":640,\"height\":480},\"primaryImageOfPage\":{\"@id\":\"https:\\\/\\\/anoticiaonline.com.br\\\/site\\\/atendimento-ao-publico-do-demsur-tera-nova-sede\\\/#mainImage\"},\"datePublished\":\"2015-10-01T11:04:56-03:00\",\"dateModified\":\"2015-10-01T11:04:56-03:00\"},{\"@type\":\"WebSite\",\"@id\":\"https:\\\/\\\/anoticiaonline.com.br\\\/site\\\/#website\",\"url\":\"https:\\\/\\\/anoticiaonline.com.br\\\/site\\\/\",\"name\":\"A Not\\u00edcia Online\",\"description\":\"Noticias de Muria\\u00e9 e regi\\u00e3o\",\"inLanguage\":\"pt-BR\",\"publisher\":{\"@id\":\"https:\\\/\\\/anoticiaonline.com.br\\\/site\\\/#organization\"}}]}\n\t\t<\/script>\n\t\t<!-- All in One SEO -->\n\n","aioseo_head_json":{"title":"Atendimento ao p\u00fablico do Demsur ter\u00e1 nova sede - A Not\u00edcia Online","description":"O Departamento Municipal de Saneamento Urbano (Demsur) est\u00e1 construindo uma sede pr\u00f3pria para o setor de atendimento ao p\u00fablico, no local onde funcionavam os antigos guich\u00eas da rodovi\u00e1ria. O objetivo \u00e9 oferecer melhor acesso e qualidade nos servi\u00e7os prestados aos clientes. Hoje, o setor est\u00e1 localizado em um espa\u00e7o anexo ao Centro Administrativo, considerado pequeno","canonical_url":"https:\/\/anoticiaonline.com.br\/site\/atendimento-ao-publico-do-demsur-tera-nova-sede\/","robots":"max-image-preview:large","keywords":"","webmasterTools":{"miscellaneous":""},"schema":{"@context":"https:\/\/schema.org","@graph":[{"@type":"BlogPosting","@id":"https:\/\/anoticiaonline.com.br\/site\/atendimento-ao-publico-do-demsur-tera-nova-sede\/#blogposting","name":"Atendimento ao p\u00fablico do Demsur ter\u00e1 nova sede - A Not\u00edcia Online","headline":"Atendimento ao p\u00fablico do Demsur ter\u00e1 nova sede","author":{"@id":"https:\/\/anoticiaonline.com.br\/site\/author\/juliana\/#author"},"publisher":{"@id":"https:\/\/anoticiaonline.com.br\/site\/#organization"},"image":{"@type":"ImageObject","url":"https:\/\/anoticiaonline.com.br\/site\/wp-content\/uploads\/2015\/10\/DSC03830.jpg","width":640,"height":480},"datePublished":"2015-10-01T11:04:56-03:00","dateModified":"2015-10-01T11:04:56-03:00","inLanguage":"pt-BR","mainEntityOfPage":{"@id":"https:\/\/anoticiaonline.com.br\/site\/atendimento-ao-publico-do-demsur-tera-nova-sede\/#webpage"},"isPartOf":{"@id":"https:\/\/anoticiaonline.com.br\/site\/atendimento-ao-publico-do-demsur-tera-nova-sede\/#webpage"},"articleSection":"Blog, slide"},{"@type":"BreadcrumbList","@id":"https:\/\/anoticiaonline.com.br\/site\/atendimento-ao-publico-do-demsur-tera-nova-sede\/#breadcrumblist","itemListElement":[{"@type":"ListItem","@id":"https:\/\/anoticiaonline.com.br\/site#listItem","position":1,"name":"Home","item":"https:\/\/anoticiaonline.com.br\/site","nextItem":{"@type":"ListItem","@id":"https:\/\/anoticiaonline.com.br\/site\/categoria\/muriae\/#listItem","name":"Blog"}},{"@type":"ListItem","@id":"https:\/\/anoticiaonline.com.br\/site\/categoria\/muriae\/#listItem","position":2,"name":"Blog","item":"https:\/\/anoticiaonline.com.br\/site\/categoria\/muriae\/","nextItem":{"@type":"ListItem","@id":"https:\/\/anoticiaonline.com.br\/site\/atendimento-ao-publico-do-demsur-tera-nova-sede\/#listItem","name":"Atendimento ao p\u00fablico do Demsur ter\u00e1 nova sede"},"previousItem":{"@type":"ListItem","@id":"https:\/\/anoticiaonline.com.br\/site#listItem","name":"Home"}},{"@type":"ListItem","@id":"https:\/\/anoticiaonline.com.br\/site\/atendimento-ao-publico-do-demsur-tera-nova-sede\/#listItem","position":3,"name":"Atendimento ao p\u00fablico do Demsur ter\u00e1 nova sede","previousItem":{"@type":"ListItem","@id":"https:\/\/anoticiaonline.com.br\/site\/categoria\/muriae\/#listItem","name":"Blog"}}]},{"@type":"Organization","@id":"https:\/\/anoticiaonline.com.br\/site\/#organization","name":"A Not\u00edcia Online","description":"Noticias de Muria\u00e9 e regi\u00e3o","url":"https:\/\/anoticiaonline.com.br\/site\/","logo":{"@type":"ImageObject","url":"https:\/\/scontent-gig4-1.xx.fbcdn.net\/v\/t39.30808-1\/270437624_4564083193639691_6907940295614233970_n.jpg?stp=dst-jpg_s200x200_tt6&_nc_cat=111&ccb=1-7&_nc_sid=f907e8&_nc_ohc=SM1wRlP3lJwQ7kNvwEPuBYA&_nc_oc=AdnqrjDN_BNjSSHWO-GbkIWH6fkGMLw4bqvL_NH6e2wMveX7G-rP2dAqsDSq1mJMOaY&_nc_zt=24&_nc_ht=scontent-gig4-1.xx&_nc_gid=AoBFJeGrT1hVaew_6rchkQ&oh=00_AfX7QmFGhQhG2jAllVgXCiM1ZrWgvtp80-Bfppyexh1QEg&oe=689E923C","@id":"https:\/\/anoticiaonline.com.br\/site\/atendimento-ao-publico-do-demsur-tera-nova-sede\/#organizationLogo"},"image":{"@id":"https:\/\/anoticiaonline.com.br\/site\/atendimento-ao-publico-do-demsur-tera-nova-sede\/#organizationLogo"}},{"@type":"Person","@id":"https:\/\/anoticiaonline.com.br\/site\/author\/juliana\/#author","url":"https:\/\/anoticiaonline.com.br\/site\/author\/juliana\/","name":"Juliana Laviola","image":{"@type":"ImageObject","@id":"https:\/\/anoticiaonline.com.br\/site\/atendimento-ao-publico-do-demsur-tera-nova-sede\/#authorImage","url":"https:\/\/secure.gravatar.com\/avatar\/b8d45f5c699b100dfaf0e543582f38f38bf94cb7ae3a5e9abf8d891a34773335?s=96&d=mm&r=g","width":96,"height":96,"caption":"Juliana Laviola"}},{"@type":"WebPage","@id":"https:\/\/anoticiaonline.com.br\/site\/atendimento-ao-publico-do-demsur-tera-nova-sede\/#webpage","url":"https:\/\/anoticiaonline.com.br\/site\/atendimento-ao-publico-do-demsur-tera-nova-sede\/","name":"Atendimento ao p\u00fablico do Demsur ter\u00e1 nova sede - A Not\u00edcia Online","description":"O Departamento Municipal de Saneamento Urbano (Demsur) est\u00e1 construindo uma sede pr\u00f3pria para o setor de atendimento ao p\u00fablico, no local onde funcionavam os antigos guich\u00eas da rodovi\u00e1ria. O objetivo \u00e9 oferecer melhor acesso e qualidade nos servi\u00e7os prestados aos clientes. Hoje, o setor est\u00e1 localizado em um espa\u00e7o anexo ao Centro Administrativo, considerado pequeno","inLanguage":"pt-BR","isPartOf":{"@id":"https:\/\/anoticiaonline.com.br\/site\/#website"},"breadcrumb":{"@id":"https:\/\/anoticiaonline.com.br\/site\/atendimento-ao-publico-do-demsur-tera-nova-sede\/#breadcrumblist"},"author":{"@id":"https:\/\/anoticiaonline.com.br\/site\/author\/juliana\/#author"},"creator":{"@id":"https:\/\/anoticiaonline.com.br\/site\/author\/juliana\/#author"},"image":{"@type":"ImageObject","url":"https:\/\/anoticiaonline.com.br\/site\/wp-content\/uploads\/2015\/10\/DSC03830.jpg","@id":"https:\/\/anoticiaonline.com.br\/site\/atendimento-ao-publico-do-demsur-tera-nova-sede\/#mainImage","width":640,"height":480},"primaryImageOfPage":{"@id":"https:\/\/anoticiaonline.com.br\/site\/atendimento-ao-publico-do-demsur-tera-nova-sede\/#mainImage"},"datePublished":"2015-10-01T11:04:56-03:00","dateModified":"2015-10-01T11:04:56-03:00"},{"@type":"WebSite","@id":"https:\/\/anoticiaonline.com.br\/site\/#website","url":"https:\/\/anoticiaonline.com.br\/site\/","name":"A Not\u00edcia Online","description":"Noticias de Muria\u00e9 e regi\u00e3o","inLanguage":"pt-BR","publisher":{"@id":"https:\/\/anoticiaonline.com.br\/site\/#organization"}}]},"og:locale":"pt_BR","og:site_name":"A Not\u00edcia Online - Noticias de Muria\u00e9 e regi\u00e3o","og:type":"article","og:title":"Atendimento ao p\u00fablico do Demsur ter\u00e1 nova sede - A Not\u00edcia Online","og:description":"O Departamento Municipal de Saneamento Urbano (Demsur) est\u00e1 construindo uma sede pr\u00f3pria para o setor de atendimento ao p\u00fablico, no local onde funcionavam os antigos guich\u00eas da rodovi\u00e1ria. O objetivo \u00e9 oferecer melhor acesso e qualidade nos servi\u00e7os prestados aos clientes. Hoje, o setor est\u00e1 localizado em um espa\u00e7o anexo ao Centro Administrativo, considerado pequeno","og:url":"https:\/\/anoticiaonline.com.br\/site\/atendimento-ao-publico-do-demsur-tera-nova-sede\/","og:image":"https:\/\/scontent-gig4-1.xx.fbcdn.net\/v\/t39.30808-1\/270437624_4564083193639691_6907940295614233970_n.jpg?stp=dst-jpg_s200x200_tt6&#038;_nc_cat=111&#038;ccb=1-7&#038;_nc_sid=f907e8&#038;_nc_ohc=SM1wRlP3lJwQ7kNvwEPuBYA&#038;_nc_oc=AdnqrjDN_BNjSSHWO-GbkIWH6fkGMLw4bqvL_NH6e2wMveX7G-rP2dAqsDSq1mJMOaY&#038;_nc_zt=24&#038;_nc_ht=scontent-gig4-1.xx&#038;_nc_gid=AoBFJeGrT1hVaew_6rchkQ&#038;oh=00_AfX7QmFGhQhG2jAllVgXCiM1ZrWgvtp80-Bfppyexh1QEg&#038;oe=689E923C","og:image:secure_url":"https:\/\/scontent-gig4-1.xx.fbcdn.net\/v\/t39.30808-1\/270437624_4564083193639691_6907940295614233970_n.jpg?stp=dst-jpg_s200x200_tt6&#038;_nc_cat=111&#038;ccb=1-7&#038;_nc_sid=f907e8&#038;_nc_ohc=SM1wRlP3lJwQ7kNvwEPuBYA&#038;_nc_oc=AdnqrjDN_BNjSSHWO-GbkIWH6fkGMLw4bqvL_NH6e2wMveX7G-rP2dAqsDSq1mJMOaY&#038;_nc_zt=24&#038;_nc_ht=scontent-gig4-1.xx&#038;_nc_gid=AoBFJeGrT1hVaew_6rchkQ&#038;oh=00_AfX7QmFGhQhG2jAllVgXCiM1ZrWgvtp80-Bfppyexh1QEg&#038;oe=689E923C","article:published_time":"2015-10-01T14:04:56+00:00","article:modified_time":"2015-10-01T14:04:56+00:00","twitter:card":"summary_large_image","twitter:title":"Atendimento ao p\u00fablico do Demsur ter\u00e1 nova sede - A Not\u00edcia Online","twitter:description":"O Departamento Municipal de Saneamento Urbano (Demsur) est\u00e1 construindo uma sede pr\u00f3pria para o setor de atendimento ao p\u00fablico, no local onde funcionavam os antigos guich\u00eas da rodovi\u00e1ria. O objetivo \u00e9 oferecer melhor acesso e qualidade nos servi\u00e7os prestados aos clientes. Hoje, o setor est\u00e1 localizado em um espa\u00e7o anexo ao Centro Administrativo, considerado pequeno","twitter:image":"https:\/\/scontent-gig4-1.xx.fbcdn.net\/v\/t39.30808-1\/270437624_4564083193639691_6907940295614233970_n.jpg?stp=dst-jpg_s200x200_tt6&_nc_cat=111&ccb=1-7&_nc_sid=f907e8&_nc_ohc=SM1wRlP3lJwQ7kNvwEPuBYA&_nc_oc=AdnqrjDN_BNjSSHWO-GbkIWH6fkGMLw4bqvL_NH6e2wMveX7G-rP2dAqsDSq1mJMOaY&_nc_zt=24&_nc_ht=scontent-gig4-1.xx&_nc_gid=AoBFJeGrT1hVaew_6rchkQ&oh=00_AfX7QmFGhQhG2jAllVgXCiM1ZrWgvtp80-Bfppyexh1QEg&oe=689E923C"},"aioseo_meta_data":{"post_id":"4198","title":null,"description":null,"keywords":null,"keyphrases":null,"primary_term":null,"canonical_url":null,"og_title":null,"og_description":null,"og_object_type":"default","og_image_type":"default","og_image_url":null,"og_image_width":null,"og_image_height":null,"og_image_custom_url":null,"og_image_custom_fields":null,"og_video":null,"og_custom_url":null,"og_article_section":null,"og_article_tags":null,"twitter_use_og":false,"twitter_card":"default","twitter_image_type":"default","twitter_image_url":null,"twitter_image_custom_url":null,"twitter_image_custom_fields":null,"twitter_title":null,"twitter_description":null,"schema":{"blockGraphs":[],"customGraphs":[],"default":{"data":{"Article":[],"Course":[],"Dataset":[],"FAQPage":[],"Movie":[],"Person":[],"Product":[],"ProductReview":[],"Car":[],"Recipe":[],"Service":[],"SoftwareApplication":[],"WebPage":[]},"graphName":"","isEnabled":true},"graphs":[]},"schema_type":"default","schema_type_options":null,"pillar_content":false,"robots_default":true,"robots_noindex":false,"robots_noarchive":false,"robots_nosnippet":false,"robots_nofollow":false,"robots_noimageindex":false,"robots_noodp":false,"robots_notranslate":false,"robots_max_snippet":null,"robots_max_videopreview":null,"robots_max_imagepreview":"large","priority":null,"frequency":null,"local_seo":null,"breadcrumb_settings":null,"limit_modified_date":false,"ai":null,"created":"2025-08-16 13:21:36","updated":"2025-08-16 13:21:36","focus_keyword":null,"additional_keywords":null,"truseo_locale":null,"seo_analyzer_scan_date":null},"aioseo_breadcrumb":"<div class=\"aioseo-breadcrumbs\"><span class=\"aioseo-breadcrumb\">\n\t\t\t<a href=\"https:\/\/anoticiaonline.com.br\/site\" title=\"Home\">Home<\/a>\n\t\t<\/span><span class=\"aioseo-breadcrumb-separator\">&raquo;<\/span><span class=\"aioseo-breadcrumb\">\n\t\t\t<a href=\"https:\/\/anoticiaonline.com.br\/site\/categoria\/muriae\/\" title=\"Blog\">Blog<\/a>\n\t\t<\/span><span class=\"aioseo-breadcrumb-separator\">&raquo;<\/span><span class=\"aioseo-breadcrumb\">\n\t\t\tAtendimento ao p\u00fablico do Demsur ter\u00e1 nova sede\n\t\t<\/span><\/div>","aioseo_breadcrumb_json":[{"label":"Home","link":"https:\/\/anoticiaonline.com.br\/site"},{"label":"Blog","link":"https:\/\/anoticiaonline.com.br\/site\/categoria\/muriae\/"},{"label":"Atendimento ao p\u00fablico do Demsur ter\u00e1 nova sede","link":"https:\/\/anoticiaonline.com.br\/site\/atendimento-ao-publico-do-demsur-tera-nova-sede\/"}],"views":145,"_links":{"self":[{"href":"https:\/\/anoticiaonline.com.br\/site\/wp-json\/wp\/v2\/posts\/4198","targetHints":{"allow":["GET"]}}],"collection":[{"href":"https:\/\/anoticiaonline.com.br\/site\/wp-json\/wp\/v2\/posts"}],"about":[{"href":"https:\/\/anoticiaonline.com.br\/site\/wp-json\/wp\/v2\/types\/post"}],"author":[{"embeddable":true,"href":"https:\/\/anoticiaonline.com.br\/site\/wp-json\/wp\/v2\/users\/2"}],"replies":[{"embeddable":true,"href":"https:\/\/anoticiaonline.com.br\/site\/wp-json\/wp\/v2\/comments?post=4198"}],"version-history":[{"count":0,"href":"https:\/\/anoticiaonline.com.br\/site\/wp-json\/wp\/v2\/posts\/4198\/revisions"}],"wp:featuredmedia":[{"embeddable":true,"href":"https:\/\/anoticiaonline.com.br\/site\/wp-json\/wp\/v2\/media\/4199"}],"wp:attachment":[{"href":"https:\/\/anoticiaonline.com.br\/site\/wp-json\/wp\/v2\/media?parent=4198"}],"wp:term":[{"taxonomy":"category","embeddable":true,"href":"https:\/\/anoticiaonline.com.br\/site\/wp-json\/wp\/v2\/categories?post=4198"},{"taxonomy":"post_tag","embeddable":true,"href":"https:\/\/anoticiaonline.com.br\/site\/wp-json\/wp\/v2\/tags?post=4198"}],"curies":[{"name":"wp","href":"https:\/\/api.w.org\/{rel}","templated":true}]}}