{"id":41854,"date":"2017-10-06T15:00:23","date_gmt":"2017-10-06T18:00:23","guid":{"rendered":"http:\/\/anoticiaonline.com.br\/site\/?p=41854"},"modified":"2017-10-05T18:51:32","modified_gmt":"2017-10-05T21:51:32","slug":"crea-minas-realiza-reuniao-sobre-o-agronegocio-regional","status":"publish","type":"post","link":"https:\/\/anoticiaonline.com.br\/site\/crea-minas-realiza-reuniao-sobre-o-agronegocio-regional\/","title":{"rendered":"CREA-Minas realiza reuni\u00e3o sobre o Agroneg\u00f3cio Regional"},"content":{"rendered":"<p><a href=\"https:\/\/anoticiaonline.com.br\/site\/wp-content\/uploads\/2017\/10\/DSC_0130.jpg\"><img fetchpriority=\"high\" decoding=\"async\" class=\"alignleft size-medium wp-image-41855\" src=\"https:\/\/anoticiaonline.com.br\/site\/wp-content\/uploads\/2017\/10\/DSC_0130-300x199.jpg\" alt=\"\" width=\"300\" height=\"199\" srcset=\"https:\/\/anoticiaonline.com.br\/site\/wp-content\/uploads\/2017\/10\/DSC_0130-300x199.jpg 300w, https:\/\/anoticiaonline.com.br\/site\/wp-content\/uploads\/2017\/10\/DSC_0130-290x192.jpg 290w, https:\/\/anoticiaonline.com.br\/site\/wp-content\/uploads\/2017\/10\/DSC_0130.jpg 640w\" sizes=\"(max-width: 300px) 100vw, 300px\" \/><\/a> <a href=\"https:\/\/anoticiaonline.com.br\/site\/wp-content\/uploads\/2017\/10\/DSC_0134.jpg\"><img decoding=\"async\" class=\"alignleft size-medium wp-image-41856\" src=\"https:\/\/anoticiaonline.com.br\/site\/wp-content\/uploads\/2017\/10\/DSC_0134-300x199.jpg\" alt=\"\" width=\"300\" height=\"199\" srcset=\"https:\/\/anoticiaonline.com.br\/site\/wp-content\/uploads\/2017\/10\/DSC_0134-300x199.jpg 300w, https:\/\/anoticiaonline.com.br\/site\/wp-content\/uploads\/2017\/10\/DSC_0134-290x192.jpg 290w, https:\/\/anoticiaonline.com.br\/site\/wp-content\/uploads\/2017\/10\/DSC_0134.jpg 640w\" sizes=\"(max-width: 300px) 100vw, 300px\" \/><\/a>O Conselho Regional de Engenharia e Agronomia de Minas Gerais (CREA Minas) realizou uma reuni\u00e3o sobre Agroneg\u00f3cio Regional, na noite de quinta-feira (28), no Instituto Federal de Educa\u00e7\u00e3o, Ci\u00eancia e Tecnologia Sudeste de Minas Gerais (IF Sudeste).<\/p>\n<p>Na reuni\u00e3o, a Supervis\u00e3o de Fiscaliza\u00e7\u00e3o do Agroneg\u00f3cio orientou os produtores rurais sobre os crit\u00e9rios de fiscaliza\u00e7\u00e3o das atividades relacionadas \u00e0 zootecnia e agroind\u00fastria, que desempenham papel de destaque no cen\u00e1rio econ\u00f4mico.<\/p>\n<p>Lucas Dutra de Melo, inspetor do CREA de Muria\u00e9, disse que a palestra surgiu com a necessidade de nortear o produtor do campo e profissionais da \u00e1rea sobre as novas informa\u00e7\u00f5es e legisla\u00e7\u00f5es a respeito de suas atividades. \u201cAqueles que tiverem interesse em saber a respeito da nova pol\u00edtica do CREA pode nos procurar em nossa sede, ao lado do supermercado Arma\u00e7\u00e3o e se preparar para as visitas de nossos fiscais nas propriedades a partir do dia 23 de outubro\u201d, disse.<\/p>\n<p>Ant\u00f4nio Fernando de Castro Andrade, engenheiro civil e fiscal regional do CREA, lotado em Juiz de Fora, falou a respeito de sua participa\u00e7\u00e3o no evento. \u201cO CREA, nesta atual gest\u00e3o, implantou uma fiscaliza\u00e7\u00e3o do agroneg\u00f3cio. Esta \u00e9 a segunda parte da terceira etapa do segundo semestre de 2017, feita de acordo com a demanda de inspetorias. Esta \u00e9 uma a\u00e7\u00e3o totalmente preventiva e inovadora com a supervis\u00e3o somente de agroneg\u00f3cio. Tivemos a primeira etapa em Cataguases, a segunda em Ponte Nova, a primeira parte da terceira, em Barbacena, e, agora, a segunda, aqui em Muria\u00e9\u201d, disse.<\/p>\n<p>De acordo com Fernando, mesmo aqueles produtores que n\u00e3o puderam marcar presen\u00e7a na reuni\u00e3o, podem contar com o apoio dos inspetores locais e fiscais que d\u00e3o o apoio necess\u00e1rio para qualquer informa\u00e7\u00e3o. \u201cAproveito para convidar a todos que nos dias 23 a 27 de outubro ocorrer\u00e3o visitas de fiscais de diversas cidades da Superintend\u00eancia aos empreendedores e produtores rurais da regi\u00e3o para orient\u00e1-los\u201d, conta.<\/p>\n<p><img decoding=\"async\" class=\"ngg_displayed_gallery mceItem\" src=\"https:\/\/anoticiaonline.com.br\/site\/nextgen-attach_to_post\/preview\/id--41871\" \/><\/p>\n<p>&nbsp;<\/p>\n","protected":false},"excerpt":{"rendered":"<p>O Conselho Regional de Engenharia e Agronomia de Minas Gerais (CREA Minas) realizou uma reuni\u00e3o sobre Agroneg\u00f3cio Regional, na noite de quinta-feira (28), no Instituto Federal de Educa\u00e7\u00e3o, Ci\u00eancia e Tecnologia Sudeste de Minas Gerais (IF Sudeste). Na reuni\u00e3o, a Supervis\u00e3o de Fiscaliza\u00e7\u00e3o do Agroneg\u00f3cio orientou os produtores rurais sobre os crit\u00e9rios de fiscaliza\u00e7\u00e3o das &#8230; <a title=\"CREA-Minas realiza reuni\u00e3o sobre o Agroneg\u00f3cio Regional\" class=\"read-more\" href=\"https:\/\/anoticiaonline.com.br\/site\/crea-minas-realiza-reuniao-sobre-o-agronegocio-regional\/\" aria-label=\"Read more about CREA-Minas realiza reuni\u00e3o sobre o Agroneg\u00f3cio Regional\">Ler mais<\/a><\/p>\n","protected":false},"author":2,"featured_media":41855,"comment_status":"open","ping_status":"open","sticky":false,"template":"","format":"standard","meta":{"_acf_changed":false,"_monsterinsights_skip_tracking":false,"footnotes":""},"categories":[6],"tags":[1263,1272,1270,1262,1269,1264,368,1267,1266,1271,677,1265,74,3,1268],"class_list":["post-41854","post","type-post","status-publish","format-standard","has-post-thumbnail","hentry","category-regiao","tag-antonio-fernando-de-castro-andrade","tag-ciencia-e-tecnologia-sudeste-de-minas-gerais","tag-conselho-regional-de-engenharia-e-agronomia-de-minas-gerais","tag-crea","tag-crea-minas","tag-fiscalizacao-do-agronegocio","tag-if-sudeste","tag-inspetor","tag-inspetor-do-crea-de-muriae","tag-instituto-federal-de-educacao","tag-juiz-de-fora","tag-lucas-dutra-de-melo","tag-muriae","tag-slide","tag-supervisao-de-fiscalizacao-do-agronegocio"],"acf":[],"aioseo_notices":[],"aioseo_head":"\n\t\t<!-- All in One SEO 5.0.0.1 - aioseo.com -->\n\t<meta name=\"description\" content=\"O Conselho Regional de Engenharia e Agronomia de Minas Gerais (CREA Minas) realizou uma reuni\u00e3o sobre Agroneg\u00f3cio Regional, na noite de quinta-feira (28), no Instituto Federal de Educa\u00e7\u00e3o, Ci\u00eancia e Tecnologia Sudeste de Minas Gerais (IF Sudeste). Na reuni\u00e3o, a Supervis\u00e3o de Fiscaliza\u00e7\u00e3o do Agroneg\u00f3cio orientou os produtores rurais sobre os crit\u00e9rios de fiscaliza\u00e7\u00e3o das\" \/>\n\t<meta name=\"robots\" content=\"max-image-preview:large\" \/>\n\t<meta name=\"author\" content=\"Juliana Laviola\"\/>\n\t<link rel=\"canonical\" href=\"https:\/\/anoticiaonline.com.br\/site\/crea-minas-realiza-reuniao-sobre-o-agronegocio-regional\/\" \/>\n\t<meta name=\"generator\" content=\"All in One SEO (AIOSEO) 5.0.0.1\" \/>\n\t\t<meta property=\"og:locale\" content=\"pt_BR\" \/>\n\t\t<meta property=\"og:site_name\" content=\"A Not\u00edcia Online - Noticias de Muria\u00e9 e regi\u00e3o\" \/>\n\t\t<meta property=\"og:type\" content=\"article\" \/>\n\t\t<meta property=\"og:title\" content=\"CREA-Minas realiza reuni\u00e3o sobre o Agroneg\u00f3cio Regional - A Not\u00edcia Online\" \/>\n\t\t<meta property=\"og:description\" content=\"O Conselho Regional de Engenharia e Agronomia de Minas Gerais (CREA Minas) realizou uma reuni\u00e3o sobre Agroneg\u00f3cio Regional, na noite de quinta-feira (28), no Instituto Federal de Educa\u00e7\u00e3o, Ci\u00eancia e Tecnologia Sudeste de Minas Gerais (IF Sudeste). Na reuni\u00e3o, a Supervis\u00e3o de Fiscaliza\u00e7\u00e3o do Agroneg\u00f3cio orientou os produtores rurais sobre os crit\u00e9rios de fiscaliza\u00e7\u00e3o das\" \/>\n\t\t<meta property=\"og:url\" content=\"https:\/\/anoticiaonline.com.br\/site\/crea-minas-realiza-reuniao-sobre-o-agronegocio-regional\/\" \/>\n\t\t<meta property=\"og:image\" content=\"https:\/\/scontent-gig4-1.xx.fbcdn.net\/v\/t39.30808-1\/270437624_4564083193639691_6907940295614233970_n.jpg?stp=dst-jpg_s200x200_tt6&#038;_nc_cat=111&#038;ccb=1-7&#038;_nc_sid=f907e8&#038;_nc_ohc=SM1wRlP3lJwQ7kNvwEPuBYA&#038;_nc_oc=AdnqrjDN_BNjSSHWO-GbkIWH6fkGMLw4bqvL_NH6e2wMveX7G-rP2dAqsDSq1mJMOaY&#038;_nc_zt=24&#038;_nc_ht=scontent-gig4-1.xx&#038;_nc_gid=AoBFJeGrT1hVaew_6rchkQ&#038;oh=00_AfX7QmFGhQhG2jAllVgXCiM1ZrWgvtp80-Bfppyexh1QEg&#038;oe=689E923C\" \/>\n\t\t<meta property=\"og:image:secure_url\" content=\"https:\/\/scontent-gig4-1.xx.fbcdn.net\/v\/t39.30808-1\/270437624_4564083193639691_6907940295614233970_n.jpg?stp=dst-jpg_s200x200_tt6&#038;_nc_cat=111&#038;ccb=1-7&#038;_nc_sid=f907e8&#038;_nc_ohc=SM1wRlP3lJwQ7kNvwEPuBYA&#038;_nc_oc=AdnqrjDN_BNjSSHWO-GbkIWH6fkGMLw4bqvL_NH6e2wMveX7G-rP2dAqsDSq1mJMOaY&#038;_nc_zt=24&#038;_nc_ht=scontent-gig4-1.xx&#038;_nc_gid=AoBFJeGrT1hVaew_6rchkQ&#038;oh=00_AfX7QmFGhQhG2jAllVgXCiM1ZrWgvtp80-Bfppyexh1QEg&#038;oe=689E923C\" \/>\n\t\t<meta property=\"article:published_time\" content=\"2017-10-06T18:00:23+00:00\" \/>\n\t\t<meta property=\"article:modified_time\" content=\"2017-10-05T21:51:32+00:00\" \/>\n\t\t<meta name=\"twitter:card\" content=\"summary_large_image\" \/>\n\t\t<meta name=\"twitter:title\" content=\"CREA-Minas realiza reuni\u00e3o sobre o Agroneg\u00f3cio Regional - A Not\u00edcia Online\" \/>\n\t\t<meta name=\"twitter:description\" content=\"O Conselho Regional de Engenharia e Agronomia de Minas Gerais (CREA Minas) realizou uma reuni\u00e3o sobre Agroneg\u00f3cio Regional, na noite de quinta-feira (28), no Instituto Federal de Educa\u00e7\u00e3o, Ci\u00eancia e Tecnologia Sudeste de Minas Gerais (IF Sudeste). Na reuni\u00e3o, a Supervis\u00e3o de Fiscaliza\u00e7\u00e3o do Agroneg\u00f3cio orientou os produtores rurais sobre os crit\u00e9rios de fiscaliza\u00e7\u00e3o das\" \/>\n\t\t<meta name=\"twitter:image\" content=\"https:\/\/scontent-gig4-1.xx.fbcdn.net\/v\/t39.30808-1\/270437624_4564083193639691_6907940295614233970_n.jpg?stp=dst-jpg_s200x200_tt6&amp;_nc_cat=111&amp;ccb=1-7&amp;_nc_sid=f907e8&amp;_nc_ohc=SM1wRlP3lJwQ7kNvwEPuBYA&amp;_nc_oc=AdnqrjDN_BNjSSHWO-GbkIWH6fkGMLw4bqvL_NH6e2wMveX7G-rP2dAqsDSq1mJMOaY&amp;_nc_zt=24&amp;_nc_ht=scontent-gig4-1.xx&amp;_nc_gid=AoBFJeGrT1hVaew_6rchkQ&amp;oh=00_AfX7QmFGhQhG2jAllVgXCiM1ZrWgvtp80-Bfppyexh1QEg&amp;oe=689E923C\" \/>\n\t\t<script type=\"application\/ld+json\" class=\"aioseo-schema\">\n\t\t\t{\"@context\":\"https:\\\/\\\/schema.org\",\"@graph\":[{\"@type\":\"BlogPosting\",\"@id\":\"https:\\\/\\\/anoticiaonline.com.br\\\/site\\\/crea-minas-realiza-reuniao-sobre-o-agronegocio-regional\\\/#blogposting\",\"name\":\"CREA-Minas realiza reuni\\u00e3o sobre o Agroneg\\u00f3cio Regional - A Not\\u00edcia Online\",\"headline\":\"CREA-Minas realiza reuni\\u00e3o sobre o Agroneg\\u00f3cio Regional\",\"author\":{\"@id\":\"https:\\\/\\\/anoticiaonline.com.br\\\/site\\\/author\\\/juliana\\\/#author\"},\"publisher\":{\"@id\":\"https:\\\/\\\/anoticiaonline.com.br\\\/site\\\/#organization\"},\"image\":{\"@type\":\"ImageObject\",\"url\":\"https:\\\/\\\/anoticiaonline.com.br\\\/site\\\/wp-content\\\/uploads\\\/2017\\\/10\\\/DSC_0130.jpg\",\"width\":640,\"height\":424},\"datePublished\":\"2017-10-06T15:00:23-03:00\",\"dateModified\":\"2017-10-05T18:51:32-03:00\",\"inLanguage\":\"pt-BR\",\"mainEntityOfPage\":{\"@id\":\"https:\\\/\\\/anoticiaonline.com.br\\\/site\\\/crea-minas-realiza-reuniao-sobre-o-agronegocio-regional\\\/#webpage\"},\"isPartOf\":{\"@id\":\"https:\\\/\\\/anoticiaonline.com.br\\\/site\\\/crea-minas-realiza-reuniao-sobre-o-agronegocio-regional\\\/#webpage\"},\"articleSection\":\"Regi\\u00e3o, Ant\\u00f4nio Fernando de Castro Andrade, Ci\\u00eancia e Tecnologia Sudeste de Minas Gerais, Conselho Regional de Engenharia e Agronomia de Minas Gerais, CREA, CREA Minas, Fiscaliza\\u00e7\\u00e3o do Agroneg\\u00f3cio, IF Sudeste, inspetor, inspetor do CREA de Muria\\u00e9, Instituto Federal de Educa\\u00e7\\u00e3o, Juiz de Fora, Lucas Dutra de Melo, Muria\\u00e9, slide, Supervis\\u00e3o de Fiscaliza\\u00e7\\u00e3o do Agroneg\\u00f3cio\"},{\"@type\":\"BreadcrumbList\",\"@id\":\"https:\\\/\\\/anoticiaonline.com.br\\\/site\\\/crea-minas-realiza-reuniao-sobre-o-agronegocio-regional\\\/#breadcrumblist\",\"itemListElement\":[{\"@type\":\"ListItem\",\"@id\":\"https:\\\/\\\/anoticiaonline.com.br\\\/site#listItem\",\"position\":1,\"name\":\"Home\",\"item\":\"https:\\\/\\\/anoticiaonline.com.br\\\/site\",\"nextItem\":{\"@type\":\"ListItem\",\"@id\":\"https:\\\/\\\/anoticiaonline.com.br\\\/site\\\/categoria\\\/regiao\\\/#listItem\",\"name\":\"Regi\\u00e3o\"}},{\"@type\":\"ListItem\",\"@id\":\"https:\\\/\\\/anoticiaonline.com.br\\\/site\\\/categoria\\\/regiao\\\/#listItem\",\"position\":2,\"name\":\"Regi\\u00e3o\",\"item\":\"https:\\\/\\\/anoticiaonline.com.br\\\/site\\\/categoria\\\/regiao\\\/\",\"nextItem\":{\"@type\":\"ListItem\",\"@id\":\"https:\\\/\\\/anoticiaonline.com.br\\\/site\\\/crea-minas-realiza-reuniao-sobre-o-agronegocio-regional\\\/#listItem\",\"name\":\"CREA-Minas realiza reuni\\u00e3o sobre o Agroneg\\u00f3cio Regional\"},\"previousItem\":{\"@type\":\"ListItem\",\"@id\":\"https:\\\/\\\/anoticiaonline.com.br\\\/site#listItem\",\"name\":\"Home\"}},{\"@type\":\"ListItem\",\"@id\":\"https:\\\/\\\/anoticiaonline.com.br\\\/site\\\/crea-minas-realiza-reuniao-sobre-o-agronegocio-regional\\\/#listItem\",\"position\":3,\"name\":\"CREA-Minas realiza reuni\\u00e3o sobre o Agroneg\\u00f3cio Regional\",\"previousItem\":{\"@type\":\"ListItem\",\"@id\":\"https:\\\/\\\/anoticiaonline.com.br\\\/site\\\/categoria\\\/regiao\\\/#listItem\",\"name\":\"Regi\\u00e3o\"}}]},{\"@type\":\"Organization\",\"@id\":\"https:\\\/\\\/anoticiaonline.com.br\\\/site\\\/#organization\",\"name\":\"A Not\\u00edcia Online\",\"description\":\"Noticias de Muria\\u00e9 e regi\\u00e3o\",\"url\":\"https:\\\/\\\/anoticiaonline.com.br\\\/site\\\/\",\"logo\":{\"@type\":\"ImageObject\",\"url\":\"https:\\\/\\\/scontent-gig4-1.xx.fbcdn.net\\\/v\\\/t39.30808-1\\\/270437624_4564083193639691_6907940295614233970_n.jpg?stp=dst-jpg_s200x200_tt6&_nc_cat=111&ccb=1-7&_nc_sid=f907e8&_nc_ohc=SM1wRlP3lJwQ7kNvwEPuBYA&_nc_oc=AdnqrjDN_BNjSSHWO-GbkIWH6fkGMLw4bqvL_NH6e2wMveX7G-rP2dAqsDSq1mJMOaY&_nc_zt=24&_nc_ht=scontent-gig4-1.xx&_nc_gid=AoBFJeGrT1hVaew_6rchkQ&oh=00_AfX7QmFGhQhG2jAllVgXCiM1ZrWgvtp80-Bfppyexh1QEg&oe=689E923C\",\"@id\":\"https:\\\/\\\/anoticiaonline.com.br\\\/site\\\/crea-minas-realiza-reuniao-sobre-o-agronegocio-regional\\\/#organizationLogo\"},\"image\":{\"@id\":\"https:\\\/\\\/anoticiaonline.com.br\\\/site\\\/crea-minas-realiza-reuniao-sobre-o-agronegocio-regional\\\/#organizationLogo\"}},{\"@type\":\"Person\",\"@id\":\"https:\\\/\\\/anoticiaonline.com.br\\\/site\\\/author\\\/juliana\\\/#author\",\"url\":\"https:\\\/\\\/anoticiaonline.com.br\\\/site\\\/author\\\/juliana\\\/\",\"name\":\"Juliana Laviola\",\"image\":{\"@type\":\"ImageObject\",\"@id\":\"https:\\\/\\\/anoticiaonline.com.br\\\/site\\\/crea-minas-realiza-reuniao-sobre-o-agronegocio-regional\\\/#authorImage\",\"url\":\"https:\\\/\\\/secure.gravatar.com\\\/avatar\\\/b8d45f5c699b100dfaf0e543582f38f38bf94cb7ae3a5e9abf8d891a34773335?s=96&d=mm&r=g\",\"width\":96,\"height\":96,\"caption\":\"Juliana Laviola\"}},{\"@type\":\"WebPage\",\"@id\":\"https:\\\/\\\/anoticiaonline.com.br\\\/site\\\/crea-minas-realiza-reuniao-sobre-o-agronegocio-regional\\\/#webpage\",\"url\":\"https:\\\/\\\/anoticiaonline.com.br\\\/site\\\/crea-minas-realiza-reuniao-sobre-o-agronegocio-regional\\\/\",\"name\":\"CREA-Minas realiza reuni\\u00e3o sobre o Agroneg\\u00f3cio Regional - A Not\\u00edcia Online\",\"description\":\"O Conselho Regional de Engenharia e Agronomia de Minas Gerais (CREA Minas) realizou uma reuni\\u00e3o sobre Agroneg\\u00f3cio Regional, na noite de quinta-feira (28), no Instituto Federal de Educa\\u00e7\\u00e3o, Ci\\u00eancia e Tecnologia Sudeste de Minas Gerais (IF Sudeste). Na reuni\\u00e3o, a Supervis\\u00e3o de Fiscaliza\\u00e7\\u00e3o do Agroneg\\u00f3cio orientou os produtores rurais sobre os crit\\u00e9rios de fiscaliza\\u00e7\\u00e3o das\",\"inLanguage\":\"pt-BR\",\"isPartOf\":{\"@id\":\"https:\\\/\\\/anoticiaonline.com.br\\\/site\\\/#website\"},\"breadcrumb\":{\"@id\":\"https:\\\/\\\/anoticiaonline.com.br\\\/site\\\/crea-minas-realiza-reuniao-sobre-o-agronegocio-regional\\\/#breadcrumblist\"},\"author\":{\"@id\":\"https:\\\/\\\/anoticiaonline.com.br\\\/site\\\/author\\\/juliana\\\/#author\"},\"creator\":{\"@id\":\"https:\\\/\\\/anoticiaonline.com.br\\\/site\\\/author\\\/juliana\\\/#author\"},\"image\":{\"@type\":\"ImageObject\",\"url\":\"https:\\\/\\\/anoticiaonline.com.br\\\/site\\\/wp-content\\\/uploads\\\/2017\\\/10\\\/DSC_0130.jpg\",\"@id\":\"https:\\\/\\\/anoticiaonline.com.br\\\/site\\\/crea-minas-realiza-reuniao-sobre-o-agronegocio-regional\\\/#mainImage\",\"width\":640,\"height\":424},\"primaryImageOfPage\":{\"@id\":\"https:\\\/\\\/anoticiaonline.com.br\\\/site\\\/crea-minas-realiza-reuniao-sobre-o-agronegocio-regional\\\/#mainImage\"},\"datePublished\":\"2017-10-06T15:00:23-03:00\",\"dateModified\":\"2017-10-05T18:51:32-03:00\"},{\"@type\":\"WebSite\",\"@id\":\"https:\\\/\\\/anoticiaonline.com.br\\\/site\\\/#website\",\"url\":\"https:\\\/\\\/anoticiaonline.com.br\\\/site\\\/\",\"name\":\"A Not\\u00edcia Online\",\"description\":\"Noticias de Muria\\u00e9 e regi\\u00e3o\",\"inLanguage\":\"pt-BR\",\"publisher\":{\"@id\":\"https:\\\/\\\/anoticiaonline.com.br\\\/site\\\/#organization\"}}]}\n\t\t<\/script>\n\t\t<!-- All in One SEO -->\n\n","aioseo_head_json":{"title":"CREA-Minas realiza reuni\u00e3o sobre o Agroneg\u00f3cio Regional - A Not\u00edcia Online","description":"O Conselho Regional de Engenharia e Agronomia de Minas Gerais (CREA Minas) realizou uma reuni\u00e3o sobre Agroneg\u00f3cio Regional, na noite de quinta-feira (28), no Instituto Federal de Educa\u00e7\u00e3o, Ci\u00eancia e Tecnologia Sudeste de Minas Gerais (IF Sudeste). Na reuni\u00e3o, a Supervis\u00e3o de Fiscaliza\u00e7\u00e3o do Agroneg\u00f3cio orientou os produtores rurais sobre os crit\u00e9rios de fiscaliza\u00e7\u00e3o das","canonical_url":"https:\/\/anoticiaonline.com.br\/site\/crea-minas-realiza-reuniao-sobre-o-agronegocio-regional\/","robots":"max-image-preview:large","keywords":"","webmasterTools":{"miscellaneous":""},"schema":{"@context":"https:\/\/schema.org","@graph":[{"@type":"BlogPosting","@id":"https:\/\/anoticiaonline.com.br\/site\/crea-minas-realiza-reuniao-sobre-o-agronegocio-regional\/#blogposting","name":"CREA-Minas realiza reuni\u00e3o sobre o Agroneg\u00f3cio Regional - A Not\u00edcia Online","headline":"CREA-Minas realiza reuni\u00e3o sobre o Agroneg\u00f3cio Regional","author":{"@id":"https:\/\/anoticiaonline.com.br\/site\/author\/juliana\/#author"},"publisher":{"@id":"https:\/\/anoticiaonline.com.br\/site\/#organization"},"image":{"@type":"ImageObject","url":"https:\/\/anoticiaonline.com.br\/site\/wp-content\/uploads\/2017\/10\/DSC_0130.jpg","width":640,"height":424},"datePublished":"2017-10-06T15:00:23-03:00","dateModified":"2017-10-05T18:51:32-03:00","inLanguage":"pt-BR","mainEntityOfPage":{"@id":"https:\/\/anoticiaonline.com.br\/site\/crea-minas-realiza-reuniao-sobre-o-agronegocio-regional\/#webpage"},"isPartOf":{"@id":"https:\/\/anoticiaonline.com.br\/site\/crea-minas-realiza-reuniao-sobre-o-agronegocio-regional\/#webpage"},"articleSection":"Regi\u00e3o, Ant\u00f4nio Fernando de Castro Andrade, Ci\u00eancia e Tecnologia Sudeste de Minas Gerais, Conselho Regional de Engenharia e Agronomia de Minas Gerais, CREA, CREA Minas, Fiscaliza\u00e7\u00e3o do Agroneg\u00f3cio, IF Sudeste, inspetor, inspetor do CREA de Muria\u00e9, Instituto Federal de Educa\u00e7\u00e3o, Juiz de Fora, Lucas Dutra de Melo, Muria\u00e9, slide, Supervis\u00e3o de Fiscaliza\u00e7\u00e3o do Agroneg\u00f3cio"},{"@type":"BreadcrumbList","@id":"https:\/\/anoticiaonline.com.br\/site\/crea-minas-realiza-reuniao-sobre-o-agronegocio-regional\/#breadcrumblist","itemListElement":[{"@type":"ListItem","@id":"https:\/\/anoticiaonline.com.br\/site#listItem","position":1,"name":"Home","item":"https:\/\/anoticiaonline.com.br\/site","nextItem":{"@type":"ListItem","@id":"https:\/\/anoticiaonline.com.br\/site\/categoria\/regiao\/#listItem","name":"Regi\u00e3o"}},{"@type":"ListItem","@id":"https:\/\/anoticiaonline.com.br\/site\/categoria\/regiao\/#listItem","position":2,"name":"Regi\u00e3o","item":"https:\/\/anoticiaonline.com.br\/site\/categoria\/regiao\/","nextItem":{"@type":"ListItem","@id":"https:\/\/anoticiaonline.com.br\/site\/crea-minas-realiza-reuniao-sobre-o-agronegocio-regional\/#listItem","name":"CREA-Minas realiza reuni\u00e3o sobre o Agroneg\u00f3cio Regional"},"previousItem":{"@type":"ListItem","@id":"https:\/\/anoticiaonline.com.br\/site#listItem","name":"Home"}},{"@type":"ListItem","@id":"https:\/\/anoticiaonline.com.br\/site\/crea-minas-realiza-reuniao-sobre-o-agronegocio-regional\/#listItem","position":3,"name":"CREA-Minas realiza reuni\u00e3o sobre o Agroneg\u00f3cio Regional","previousItem":{"@type":"ListItem","@id":"https:\/\/anoticiaonline.com.br\/site\/categoria\/regiao\/#listItem","name":"Regi\u00e3o"}}]},{"@type":"Organization","@id":"https:\/\/anoticiaonline.com.br\/site\/#organization","name":"A Not\u00edcia Online","description":"Noticias de Muria\u00e9 e regi\u00e3o","url":"https:\/\/anoticiaonline.com.br\/site\/","logo":{"@type":"ImageObject","url":"https:\/\/scontent-gig4-1.xx.fbcdn.net\/v\/t39.30808-1\/270437624_4564083193639691_6907940295614233970_n.jpg?stp=dst-jpg_s200x200_tt6&_nc_cat=111&ccb=1-7&_nc_sid=f907e8&_nc_ohc=SM1wRlP3lJwQ7kNvwEPuBYA&_nc_oc=AdnqrjDN_BNjSSHWO-GbkIWH6fkGMLw4bqvL_NH6e2wMveX7G-rP2dAqsDSq1mJMOaY&_nc_zt=24&_nc_ht=scontent-gig4-1.xx&_nc_gid=AoBFJeGrT1hVaew_6rchkQ&oh=00_AfX7QmFGhQhG2jAllVgXCiM1ZrWgvtp80-Bfppyexh1QEg&oe=689E923C","@id":"https:\/\/anoticiaonline.com.br\/site\/crea-minas-realiza-reuniao-sobre-o-agronegocio-regional\/#organizationLogo"},"image":{"@id":"https:\/\/anoticiaonline.com.br\/site\/crea-minas-realiza-reuniao-sobre-o-agronegocio-regional\/#organizationLogo"}},{"@type":"Person","@id":"https:\/\/anoticiaonline.com.br\/site\/author\/juliana\/#author","url":"https:\/\/anoticiaonline.com.br\/site\/author\/juliana\/","name":"Juliana Laviola","image":{"@type":"ImageObject","@id":"https:\/\/anoticiaonline.com.br\/site\/crea-minas-realiza-reuniao-sobre-o-agronegocio-regional\/#authorImage","url":"https:\/\/secure.gravatar.com\/avatar\/b8d45f5c699b100dfaf0e543582f38f38bf94cb7ae3a5e9abf8d891a34773335?s=96&d=mm&r=g","width":96,"height":96,"caption":"Juliana Laviola"}},{"@type":"WebPage","@id":"https:\/\/anoticiaonline.com.br\/site\/crea-minas-realiza-reuniao-sobre-o-agronegocio-regional\/#webpage","url":"https:\/\/anoticiaonline.com.br\/site\/crea-minas-realiza-reuniao-sobre-o-agronegocio-regional\/","name":"CREA-Minas realiza reuni\u00e3o sobre o Agroneg\u00f3cio Regional - A Not\u00edcia Online","description":"O Conselho Regional de Engenharia e Agronomia de Minas Gerais (CREA Minas) realizou uma reuni\u00e3o sobre Agroneg\u00f3cio Regional, na noite de quinta-feira (28), no Instituto Federal de Educa\u00e7\u00e3o, Ci\u00eancia e Tecnologia Sudeste de Minas Gerais (IF Sudeste). Na reuni\u00e3o, a Supervis\u00e3o de Fiscaliza\u00e7\u00e3o do Agroneg\u00f3cio orientou os produtores rurais sobre os crit\u00e9rios de fiscaliza\u00e7\u00e3o das","inLanguage":"pt-BR","isPartOf":{"@id":"https:\/\/anoticiaonline.com.br\/site\/#website"},"breadcrumb":{"@id":"https:\/\/anoticiaonline.com.br\/site\/crea-minas-realiza-reuniao-sobre-o-agronegocio-regional\/#breadcrumblist"},"author":{"@id":"https:\/\/anoticiaonline.com.br\/site\/author\/juliana\/#author"},"creator":{"@id":"https:\/\/anoticiaonline.com.br\/site\/author\/juliana\/#author"},"image":{"@type":"ImageObject","url":"https:\/\/anoticiaonline.com.br\/site\/wp-content\/uploads\/2017\/10\/DSC_0130.jpg","@id":"https:\/\/anoticiaonline.com.br\/site\/crea-minas-realiza-reuniao-sobre-o-agronegocio-regional\/#mainImage","width":640,"height":424},"primaryImageOfPage":{"@id":"https:\/\/anoticiaonline.com.br\/site\/crea-minas-realiza-reuniao-sobre-o-agronegocio-regional\/#mainImage"},"datePublished":"2017-10-06T15:00:23-03:00","dateModified":"2017-10-05T18:51:32-03:00"},{"@type":"WebSite","@id":"https:\/\/anoticiaonline.com.br\/site\/#website","url":"https:\/\/anoticiaonline.com.br\/site\/","name":"A Not\u00edcia Online","description":"Noticias de Muria\u00e9 e regi\u00e3o","inLanguage":"pt-BR","publisher":{"@id":"https:\/\/anoticiaonline.com.br\/site\/#organization"}}]},"og:locale":"pt_BR","og:site_name":"A Not\u00edcia Online - Noticias de Muria\u00e9 e regi\u00e3o","og:type":"article","og:title":"CREA-Minas realiza reuni\u00e3o sobre o Agroneg\u00f3cio Regional - A Not\u00edcia Online","og:description":"O Conselho Regional de Engenharia e Agronomia de Minas Gerais (CREA Minas) realizou uma reuni\u00e3o sobre Agroneg\u00f3cio Regional, na noite de quinta-feira (28), no Instituto Federal de Educa\u00e7\u00e3o, Ci\u00eancia e Tecnologia Sudeste de Minas Gerais (IF Sudeste). Na reuni\u00e3o, a Supervis\u00e3o de Fiscaliza\u00e7\u00e3o do Agroneg\u00f3cio orientou os produtores rurais sobre os crit\u00e9rios de fiscaliza\u00e7\u00e3o das","og:url":"https:\/\/anoticiaonline.com.br\/site\/crea-minas-realiza-reuniao-sobre-o-agronegocio-regional\/","og:image":"https:\/\/scontent-gig4-1.xx.fbcdn.net\/v\/t39.30808-1\/270437624_4564083193639691_6907940295614233970_n.jpg?stp=dst-jpg_s200x200_tt6&#038;_nc_cat=111&#038;ccb=1-7&#038;_nc_sid=f907e8&#038;_nc_ohc=SM1wRlP3lJwQ7kNvwEPuBYA&#038;_nc_oc=AdnqrjDN_BNjSSHWO-GbkIWH6fkGMLw4bqvL_NH6e2wMveX7G-rP2dAqsDSq1mJMOaY&#038;_nc_zt=24&#038;_nc_ht=scontent-gig4-1.xx&#038;_nc_gid=AoBFJeGrT1hVaew_6rchkQ&#038;oh=00_AfX7QmFGhQhG2jAllVgXCiM1ZrWgvtp80-Bfppyexh1QEg&#038;oe=689E923C","og:image:secure_url":"https:\/\/scontent-gig4-1.xx.fbcdn.net\/v\/t39.30808-1\/270437624_4564083193639691_6907940295614233970_n.jpg?stp=dst-jpg_s200x200_tt6&#038;_nc_cat=111&#038;ccb=1-7&#038;_nc_sid=f907e8&#038;_nc_ohc=SM1wRlP3lJwQ7kNvwEPuBYA&#038;_nc_oc=AdnqrjDN_BNjSSHWO-GbkIWH6fkGMLw4bqvL_NH6e2wMveX7G-rP2dAqsDSq1mJMOaY&#038;_nc_zt=24&#038;_nc_ht=scontent-gig4-1.xx&#038;_nc_gid=AoBFJeGrT1hVaew_6rchkQ&#038;oh=00_AfX7QmFGhQhG2jAllVgXCiM1ZrWgvtp80-Bfppyexh1QEg&#038;oe=689E923C","article:published_time":"2017-10-06T18:00:23+00:00","article:modified_time":"2017-10-05T21:51:32+00:00","twitter:card":"summary_large_image","twitter:title":"CREA-Minas realiza reuni\u00e3o sobre o Agroneg\u00f3cio Regional - A Not\u00edcia Online","twitter:description":"O Conselho Regional de Engenharia e Agronomia de Minas Gerais (CREA Minas) realizou uma reuni\u00e3o sobre Agroneg\u00f3cio Regional, na noite de quinta-feira (28), no Instituto Federal de Educa\u00e7\u00e3o, Ci\u00eancia e Tecnologia Sudeste de Minas Gerais (IF Sudeste). Na reuni\u00e3o, a Supervis\u00e3o de Fiscaliza\u00e7\u00e3o do Agroneg\u00f3cio orientou os produtores rurais sobre os crit\u00e9rios de fiscaliza\u00e7\u00e3o das","twitter:image":"https:\/\/scontent-gig4-1.xx.fbcdn.net\/v\/t39.30808-1\/270437624_4564083193639691_6907940295614233970_n.jpg?stp=dst-jpg_s200x200_tt6&_nc_cat=111&ccb=1-7&_nc_sid=f907e8&_nc_ohc=SM1wRlP3lJwQ7kNvwEPuBYA&_nc_oc=AdnqrjDN_BNjSSHWO-GbkIWH6fkGMLw4bqvL_NH6e2wMveX7G-rP2dAqsDSq1mJMOaY&_nc_zt=24&_nc_ht=scontent-gig4-1.xx&_nc_gid=AoBFJeGrT1hVaew_6rchkQ&oh=00_AfX7QmFGhQhG2jAllVgXCiM1ZrWgvtp80-Bfppyexh1QEg&oe=689E923C"},"aioseo_meta_data":{"post_id":"41854","title":null,"description":null,"keywords":null,"keyphrases":null,"primary_term":null,"canonical_url":null,"og_title":null,"og_description":null,"og_object_type":"default","og_image_type":"default","og_image_url":null,"og_image_width":null,"og_image_height":null,"og_image_custom_url":null,"og_image_custom_fields":null,"og_video":null,"og_custom_url":null,"og_article_section":null,"og_article_tags":null,"twitter_use_og":false,"twitter_card":"default","twitter_image_type":"default","twitter_image_url":null,"twitter_image_custom_url":null,"twitter_image_custom_fields":null,"twitter_title":null,"twitter_description":null,"schema":{"blockGraphs":[],"customGraphs":[],"default":{"data":{"Article":[],"Course":[],"Dataset":[],"FAQPage":[],"Movie":[],"Person":[],"Product":[],"ProductReview":[],"Car":[],"Recipe":[],"Service":[],"SoftwareApplication":[],"WebPage":[]},"graphName":"","isEnabled":true},"graphs":[]},"schema_type":"default","schema_type_options":null,"pillar_content":false,"robots_default":true,"robots_noindex":false,"robots_noarchive":false,"robots_nosnippet":false,"robots_nofollow":false,"robots_noimageindex":false,"robots_noodp":false,"robots_notranslate":false,"robots_max_snippet":null,"robots_max_videopreview":null,"robots_max_imagepreview":"large","priority":null,"frequency":null,"local_seo":null,"breadcrumb_settings":null,"limit_modified_date":false,"ai":null,"created":"2025-08-16 19:36:51","updated":"2025-08-16 19:36:51","focus_keyword":null,"additional_keywords":null,"truseo_locale":null,"seo_analyzer_scan_date":null},"aioseo_breadcrumb":"<div class=\"aioseo-breadcrumbs\"><span class=\"aioseo-breadcrumb\">\n\t\t\t<a href=\"https:\/\/anoticiaonline.com.br\/site\" title=\"Home\">Home<\/a>\n\t\t<\/span><span class=\"aioseo-breadcrumb-separator\">&raquo;<\/span><span class=\"aioseo-breadcrumb\">\n\t\t\t<a href=\"https:\/\/anoticiaonline.com.br\/site\/categoria\/regiao\/\" title=\"Regi\u00e3o\">Regi\u00e3o<\/a>\n\t\t<\/span><span class=\"aioseo-breadcrumb-separator\">&raquo;<\/span><span class=\"aioseo-breadcrumb\">\n\t\t\tCREA-Minas realiza reuni\u00e3o sobre o Agroneg\u00f3cio Regional\n\t\t<\/span><\/div>","aioseo_breadcrumb_json":[{"label":"Home","link":"https:\/\/anoticiaonline.com.br\/site"},{"label":"Regi\u00e3o","link":"https:\/\/anoticiaonline.com.br\/site\/categoria\/regiao\/"},{"label":"CREA-Minas realiza reuni\u00e3o sobre o Agroneg\u00f3cio Regional","link":"https:\/\/anoticiaonline.com.br\/site\/crea-minas-realiza-reuniao-sobre-o-agronegocio-regional\/"}],"views":141,"_links":{"self":[{"href":"https:\/\/anoticiaonline.com.br\/site\/wp-json\/wp\/v2\/posts\/41854","targetHints":{"allow":["GET"]}}],"collection":[{"href":"https:\/\/anoticiaonline.com.br\/site\/wp-json\/wp\/v2\/posts"}],"about":[{"href":"https:\/\/anoticiaonline.com.br\/site\/wp-json\/wp\/v2\/types\/post"}],"author":[{"embeddable":true,"href":"https:\/\/anoticiaonline.com.br\/site\/wp-json\/wp\/v2\/users\/2"}],"replies":[{"embeddable":true,"href":"https:\/\/anoticiaonline.com.br\/site\/wp-json\/wp\/v2\/comments?post=41854"}],"version-history":[{"count":0,"href":"https:\/\/anoticiaonline.com.br\/site\/wp-json\/wp\/v2\/posts\/41854\/revisions"}],"wp:featuredmedia":[{"embeddable":true,"href":"https:\/\/anoticiaonline.com.br\/site\/wp-json\/wp\/v2\/media\/41855"}],"wp:attachment":[{"href":"https:\/\/anoticiaonline.com.br\/site\/wp-json\/wp\/v2\/media?parent=41854"}],"wp:term":[{"taxonomy":"category","embeddable":true,"href":"https:\/\/anoticiaonline.com.br\/site\/wp-json\/wp\/v2\/categories?post=41854"},{"taxonomy":"post_tag","embeddable":true,"href":"https:\/\/anoticiaonline.com.br\/site\/wp-json\/wp\/v2\/tags?post=41854"}],"curies":[{"name":"wp","href":"https:\/\/api.w.org\/{rel}","templated":true}]}}