{"id":41767,"date":"2017-10-05T17:59:55","date_gmt":"2017-10-05T20:59:55","guid":{"rendered":"http:\/\/anoticiaonline.com.br\/site\/?p=41767"},"modified":"2017-10-05T18:19:05","modified_gmt":"2017-10-05T21:19:05","slug":"e-m-valdivino-dos-santos-mendes-inaugura-sua-nova-cozinha","status":"publish","type":"post","link":"https:\/\/anoticiaonline.com.br\/site\/e-m-valdivino-dos-santos-mendes-inaugura-sua-nova-cozinha\/","title":{"rendered":"E. M. Valdivino dos Santos Mendes inaugura sua nova cozinha"},"content":{"rendered":"<p><a href=\"https:\/\/anoticiaonline.com.br\/site\/wp-content\/uploads\/2017\/10\/DSC_0539.jpg\"><img fetchpriority=\"high\" decoding=\"async\" class=\"alignleft size-medium wp-image-41770\" src=\"https:\/\/anoticiaonline.com.br\/site\/wp-content\/uploads\/2017\/10\/DSC_0539-300x200.jpg\" alt=\"\" width=\"300\" height=\"200\" srcset=\"https:\/\/anoticiaonline.com.br\/site\/wp-content\/uploads\/2017\/10\/DSC_0539-300x200.jpg 300w, https:\/\/anoticiaonline.com.br\/site\/wp-content\/uploads\/2017\/10\/DSC_0539-290x192.jpg 290w, https:\/\/anoticiaonline.com.br\/site\/wp-content\/uploads\/2017\/10\/DSC_0539.jpg 640w\" sizes=\"(max-width: 300px) 100vw, 300px\" \/><\/a> <a href=\"https:\/\/anoticiaonline.com.br\/site\/wp-content\/uploads\/2017\/10\/DSC_0592.jpg\"><img decoding=\"async\" class=\"alignleft size-medium wp-image-41771\" src=\"https:\/\/anoticiaonline.com.br\/site\/wp-content\/uploads\/2017\/10\/DSC_0592-300x200.jpg\" alt=\"\" width=\"300\" height=\"200\" srcset=\"https:\/\/anoticiaonline.com.br\/site\/wp-content\/uploads\/2017\/10\/DSC_0592-300x200.jpg 300w, https:\/\/anoticiaonline.com.br\/site\/wp-content\/uploads\/2017\/10\/DSC_0592-290x192.jpg 290w, https:\/\/anoticiaonline.com.br\/site\/wp-content\/uploads\/2017\/10\/DSC_0592.jpg 640w\" sizes=\"(max-width: 300px) 100vw, 300px\" \/><\/a> <a href=\"https:\/\/anoticiaonline.com.br\/site\/wp-content\/uploads\/2017\/10\/DSC_0660.jpg\"><img decoding=\"async\" class=\"alignleft size-medium wp-image-41772\" src=\"https:\/\/anoticiaonline.com.br\/site\/wp-content\/uploads\/2017\/10\/DSC_0660-300x200.jpg\" alt=\"\" width=\"300\" height=\"200\" srcset=\"https:\/\/anoticiaonline.com.br\/site\/wp-content\/uploads\/2017\/10\/DSC_0660-300x200.jpg 300w, https:\/\/anoticiaonline.com.br\/site\/wp-content\/uploads\/2017\/10\/DSC_0660-290x192.jpg 290w, https:\/\/anoticiaonline.com.br\/site\/wp-content\/uploads\/2017\/10\/DSC_0660.jpg 640w\" sizes=\"(max-width: 300px) 100vw, 300px\" \/><\/a>A Escola Municipal Valdivino dos Santos Mendes realizou, no \u00faltimo domingo (01), um almo\u00e7o e bingo beneficentes durante a inaugura\u00e7\u00e3o da nova cozinha da institui\u00e7\u00e3o de ensino, localizada no Bairro Gaspar.<\/p>\n<p>Durante o almo\u00e7o beneficente, o p\u00fablico participou de um bingo com pr\u00eamios variados. A cantina recebeu o nome de \u201cGilc\u00e9a do Carmo Grammatikopoulos\u201d, m\u00e3e do prefeito Grego, que foi servidora p\u00fablica em Muria\u00e9.<\/p>\n<p>O prefeito Grego, presente no evento, disse que foi uma alegria ver a uni\u00e3o e a sintonia da comunidade e da escola. \u201cEsta inaugura\u00e7\u00e3o s\u00f3 foi poss\u00edvel a partir desta parceria. Para a inaugura\u00e7\u00e3o desta cozinha, a sociedade e a escola realizaram eventos. Que esta uni\u00e3o sirva de exemplo para outras escolas e outros espa\u00e7os p\u00fablicos. Aproveito para agradecer \u00e0 Escola Municipal Valdivino dos Santos Mendes pela homenagem feita \u00e0 minha m\u00e3e. Ela era uma pessoa simples, prestativa e que trabalhou durante muitos anos como servidora p\u00fablica, em especial, nas cozinhas das escolas p\u00fablicas da cidade, como auxiliar de Educa\u00e7\u00e3o, como merendeira. Sinto-me muito honrado\u201d, disse.<\/p>\n<p>Tatiana Aparecida dos Reis Pedrosa, diretora da escola, falou sobre a import\u00e2ncia de nomear a cozinha da escola de \u201cGilc\u00e9a do Carmo\u201d. \u201cResolvemos prestar esta homenagem pelo fato de Gilc\u00e9a ter trabalhado no Bairro Gaspar durante muitos anos, como auxiliar de servi\u00e7o\u201d, disse.<\/p>\n<p>De acordo com Tatiana Aparecida, a ampla cozinha atender\u00e1 com \u00f3tima qualidade, tanto os funcion\u00e1rios quanto as crian\u00e7as. A cozinha j\u00e1 est\u00e1 em funcionamento h\u00e1 dois meses. \u201cTemos 12 pessoas trabalhando na cozinha diariamente, atendendo 204 alunos com um card\u00e1pio fornecido pela prefeitura\u201d, contou.<\/p>\n<p>Tamb\u00e9m prestigiando a inaugura\u00e7\u00e3o, esteve presente o vereador Ivanir do Gaspar que falou a respeito da nova cozinha e das melhorias que o Bairro tem alcan\u00e7ado. \u201cNossa comunidade ficou esquecida durante muito tempo sem um representante. Tenho muita satisfa\u00e7\u00e3o em ajudar nessas conquistas atuais. Hoje estamos muito felizes com o apoio da prefeitura e com a melhoria na qualidade de vida de nossas crian\u00e7as. Aproveito para agradecer o apoio de todos\u201d, disse.<\/p>\n<p><img decoding=\"async\" class=\"ngg_displayed_gallery mceItem\" src=\"https:\/\/anoticiaonline.com.br\/site\/nextgen-attach_to_post\/preview\/id--41808\" \/><\/p>\n<p>&nbsp;<\/p>\n<p>&nbsp;<\/p>\n<p>&nbsp;<\/p>\n<p>&nbsp;<\/p>\n<p>&nbsp;<\/p>\n","protected":false},"excerpt":{"rendered":"<p>A Escola Municipal Valdivino dos Santos Mendes realizou, no \u00faltimo domingo (01), um almo\u00e7o e bingo beneficentes durante a inaugura\u00e7\u00e3o da nova cozinha da institui\u00e7\u00e3o de ensino, localizada no Bairro Gaspar. Durante o almo\u00e7o beneficente, o p\u00fablico participou de um bingo com pr\u00eamios variados. A cantina recebeu o nome de \u201cGilc\u00e9a do Carmo Grammatikopoulos\u201d, m\u00e3e &#8230; <a title=\"E. M. Valdivino dos Santos Mendes inaugura sua nova cozinha\" class=\"read-more\" href=\"https:\/\/anoticiaonline.com.br\/site\/e-m-valdivino-dos-santos-mendes-inaugura-sua-nova-cozinha\/\" aria-label=\"Read more about E. M. Valdivino dos Santos Mendes inaugura sua nova cozinha\">Ler mais<\/a><\/p>\n","protected":false},"author":2,"featured_media":41770,"comment_status":"open","ping_status":"open","sticky":false,"template":"","format":"standard","meta":{"_acf_changed":false,"_monsterinsights_skip_tracking":false,"footnotes":""},"categories":[24],"tags":[1254,421,1253,20,422,74,1256,3,1255],"class_list":["post-41767","post","type-post","status-publish","format-standard","has-post-thumbnail","hentry","category-eventos","tag-escola-municipal-valdivino-dos-santos-mendes","tag-gaspar","tag-gilcea-do-carmo-grammatikopoulos","tag-inauguracao","tag-ivanir-do-gaspar","tag-muriae","tag-prefeito-grego","tag-slide","tag-tatiana-aparecida-dos-reis-pedrosa"],"acf":[],"aioseo_notices":[],"aioseo_head":"\n\t\t<!-- All in One SEO 5.0.0.1 - aioseo.com -->\n\t<meta name=\"description\" content=\"A Escola Municipal Valdivino dos Santos Mendes realizou, no \u00faltimo domingo (01), um almo\u00e7o e bingo beneficentes durante a inaugura\u00e7\u00e3o da nova cozinha da institui\u00e7\u00e3o de ensino, localizada no Bairro Gaspar. Durante o almo\u00e7o beneficente, o p\u00fablico participou de um bingo com pr\u00eamios variados. A cantina recebeu o nome de \u201cGilc\u00e9a do Carmo Grammatikopoulos\u201d, m\u00e3e\" \/>\n\t<meta name=\"robots\" content=\"max-image-preview:large\" \/>\n\t<meta name=\"author\" content=\"Juliana Laviola\"\/>\n\t<link rel=\"canonical\" href=\"https:\/\/anoticiaonline.com.br\/site\/e-m-valdivino-dos-santos-mendes-inaugura-sua-nova-cozinha\/\" \/>\n\t<meta name=\"generator\" content=\"All in One SEO (AIOSEO) 5.0.0.1\" \/>\n\t\t<meta property=\"og:locale\" content=\"pt_BR\" \/>\n\t\t<meta property=\"og:site_name\" content=\"A Not\u00edcia Online - Noticias de Muria\u00e9 e regi\u00e3o\" \/>\n\t\t<meta property=\"og:type\" content=\"article\" \/>\n\t\t<meta property=\"og:title\" content=\"E. M. Valdivino dos Santos Mendes inaugura sua nova cozinha - A Not\u00edcia Online\" \/>\n\t\t<meta property=\"og:description\" content=\"A Escola Municipal Valdivino dos Santos Mendes realizou, no \u00faltimo domingo (01), um almo\u00e7o e bingo beneficentes durante a inaugura\u00e7\u00e3o da nova cozinha da institui\u00e7\u00e3o de ensino, localizada no Bairro Gaspar. Durante o almo\u00e7o beneficente, o p\u00fablico participou de um bingo com pr\u00eamios variados. A cantina recebeu o nome de \u201cGilc\u00e9a do Carmo Grammatikopoulos\u201d, m\u00e3e\" \/>\n\t\t<meta property=\"og:url\" content=\"https:\/\/anoticiaonline.com.br\/site\/e-m-valdivino-dos-santos-mendes-inaugura-sua-nova-cozinha\/\" \/>\n\t\t<meta property=\"og:image\" content=\"https:\/\/scontent-gig4-1.xx.fbcdn.net\/v\/t39.30808-1\/270437624_4564083193639691_6907940295614233970_n.jpg?stp=dst-jpg_s200x200_tt6&#038;_nc_cat=111&#038;ccb=1-7&#038;_nc_sid=f907e8&#038;_nc_ohc=SM1wRlP3lJwQ7kNvwEPuBYA&#038;_nc_oc=AdnqrjDN_BNjSSHWO-GbkIWH6fkGMLw4bqvL_NH6e2wMveX7G-rP2dAqsDSq1mJMOaY&#038;_nc_zt=24&#038;_nc_ht=scontent-gig4-1.xx&#038;_nc_gid=AoBFJeGrT1hVaew_6rchkQ&#038;oh=00_AfX7QmFGhQhG2jAllVgXCiM1ZrWgvtp80-Bfppyexh1QEg&#038;oe=689E923C\" \/>\n\t\t<meta property=\"og:image:secure_url\" content=\"https:\/\/scontent-gig4-1.xx.fbcdn.net\/v\/t39.30808-1\/270437624_4564083193639691_6907940295614233970_n.jpg?stp=dst-jpg_s200x200_tt6&#038;_nc_cat=111&#038;ccb=1-7&#038;_nc_sid=f907e8&#038;_nc_ohc=SM1wRlP3lJwQ7kNvwEPuBYA&#038;_nc_oc=AdnqrjDN_BNjSSHWO-GbkIWH6fkGMLw4bqvL_NH6e2wMveX7G-rP2dAqsDSq1mJMOaY&#038;_nc_zt=24&#038;_nc_ht=scontent-gig4-1.xx&#038;_nc_gid=AoBFJeGrT1hVaew_6rchkQ&#038;oh=00_AfX7QmFGhQhG2jAllVgXCiM1ZrWgvtp80-Bfppyexh1QEg&#038;oe=689E923C\" \/>\n\t\t<meta property=\"article:published_time\" content=\"2017-10-05T20:59:55+00:00\" \/>\n\t\t<meta property=\"article:modified_time\" content=\"2017-10-05T21:19:05+00:00\" \/>\n\t\t<meta name=\"twitter:card\" content=\"summary_large_image\" \/>\n\t\t<meta name=\"twitter:title\" content=\"E. M. Valdivino dos Santos Mendes inaugura sua nova cozinha - A Not\u00edcia Online\" \/>\n\t\t<meta name=\"twitter:description\" content=\"A Escola Municipal Valdivino dos Santos Mendes realizou, no \u00faltimo domingo (01), um almo\u00e7o e bingo beneficentes durante a inaugura\u00e7\u00e3o da nova cozinha da institui\u00e7\u00e3o de ensino, localizada no Bairro Gaspar. Durante o almo\u00e7o beneficente, o p\u00fablico participou de um bingo com pr\u00eamios variados. A cantina recebeu o nome de \u201cGilc\u00e9a do Carmo Grammatikopoulos\u201d, m\u00e3e\" \/>\n\t\t<meta name=\"twitter:image\" content=\"https:\/\/scontent-gig4-1.xx.fbcdn.net\/v\/t39.30808-1\/270437624_4564083193639691_6907940295614233970_n.jpg?stp=dst-jpg_s200x200_tt6&amp;_nc_cat=111&amp;ccb=1-7&amp;_nc_sid=f907e8&amp;_nc_ohc=SM1wRlP3lJwQ7kNvwEPuBYA&amp;_nc_oc=AdnqrjDN_BNjSSHWO-GbkIWH6fkGMLw4bqvL_NH6e2wMveX7G-rP2dAqsDSq1mJMOaY&amp;_nc_zt=24&amp;_nc_ht=scontent-gig4-1.xx&amp;_nc_gid=AoBFJeGrT1hVaew_6rchkQ&amp;oh=00_AfX7QmFGhQhG2jAllVgXCiM1ZrWgvtp80-Bfppyexh1QEg&amp;oe=689E923C\" \/>\n\t\t<script type=\"application\/ld+json\" class=\"aioseo-schema\">\n\t\t\t{\"@context\":\"https:\\\/\\\/schema.org\",\"@graph\":[{\"@type\":\"BlogPosting\",\"@id\":\"https:\\\/\\\/anoticiaonline.com.br\\\/site\\\/e-m-valdivino-dos-santos-mendes-inaugura-sua-nova-cozinha\\\/#blogposting\",\"name\":\"E. M. Valdivino dos Santos Mendes inaugura sua nova cozinha - A Not\\u00edcia Online\",\"headline\":\"E. M. Valdivino dos Santos Mendes inaugura sua nova cozinha\",\"author\":{\"@id\":\"https:\\\/\\\/anoticiaonline.com.br\\\/site\\\/author\\\/juliana\\\/#author\"},\"publisher\":{\"@id\":\"https:\\\/\\\/anoticiaonline.com.br\\\/site\\\/#organization\"},\"image\":{\"@type\":\"ImageObject\",\"url\":\"https:\\\/\\\/anoticiaonline.com.br\\\/site\\\/wp-content\\\/uploads\\\/2017\\\/10\\\/DSC_0539.jpg\",\"width\":640,\"height\":427},\"datePublished\":\"2017-10-05T17:59:55-03:00\",\"dateModified\":\"2017-10-05T18:19:05-03:00\",\"inLanguage\":\"pt-BR\",\"mainEntityOfPage\":{\"@id\":\"https:\\\/\\\/anoticiaonline.com.br\\\/site\\\/e-m-valdivino-dos-santos-mendes-inaugura-sua-nova-cozinha\\\/#webpage\"},\"isPartOf\":{\"@id\":\"https:\\\/\\\/anoticiaonline.com.br\\\/site\\\/e-m-valdivino-dos-santos-mendes-inaugura-sua-nova-cozinha\\\/#webpage\"},\"articleSection\":\"Eventos, Escola Municipal Valdivino dos Santos Mendes, Gaspar, Gilc\\u00e9a do Carmo Grammatikopoulos, inauguracao, Ivanir do Gaspar, Muria\\u00e9, prefeito Grego, slide, Tatiana Aparecida dos Reis Pedrosa\"},{\"@type\":\"BreadcrumbList\",\"@id\":\"https:\\\/\\\/anoticiaonline.com.br\\\/site\\\/e-m-valdivino-dos-santos-mendes-inaugura-sua-nova-cozinha\\\/#breadcrumblist\",\"itemListElement\":[{\"@type\":\"ListItem\",\"@id\":\"https:\\\/\\\/anoticiaonline.com.br\\\/site#listItem\",\"position\":1,\"name\":\"Home\",\"item\":\"https:\\\/\\\/anoticiaonline.com.br\\\/site\",\"nextItem\":{\"@type\":\"ListItem\",\"@id\":\"https:\\\/\\\/anoticiaonline.com.br\\\/site\\\/categoria\\\/eventos\\\/#listItem\",\"name\":\"Eventos\"}},{\"@type\":\"ListItem\",\"@id\":\"https:\\\/\\\/anoticiaonline.com.br\\\/site\\\/categoria\\\/eventos\\\/#listItem\",\"position\":2,\"name\":\"Eventos\",\"item\":\"https:\\\/\\\/anoticiaonline.com.br\\\/site\\\/categoria\\\/eventos\\\/\",\"nextItem\":{\"@type\":\"ListItem\",\"@id\":\"https:\\\/\\\/anoticiaonline.com.br\\\/site\\\/e-m-valdivino-dos-santos-mendes-inaugura-sua-nova-cozinha\\\/#listItem\",\"name\":\"E. M. Valdivino dos Santos Mendes inaugura sua nova cozinha\"},\"previousItem\":{\"@type\":\"ListItem\",\"@id\":\"https:\\\/\\\/anoticiaonline.com.br\\\/site#listItem\",\"name\":\"Home\"}},{\"@type\":\"ListItem\",\"@id\":\"https:\\\/\\\/anoticiaonline.com.br\\\/site\\\/e-m-valdivino-dos-santos-mendes-inaugura-sua-nova-cozinha\\\/#listItem\",\"position\":3,\"name\":\"E. M. Valdivino dos Santos Mendes inaugura sua nova cozinha\",\"previousItem\":{\"@type\":\"ListItem\",\"@id\":\"https:\\\/\\\/anoticiaonline.com.br\\\/site\\\/categoria\\\/eventos\\\/#listItem\",\"name\":\"Eventos\"}}]},{\"@type\":\"Organization\",\"@id\":\"https:\\\/\\\/anoticiaonline.com.br\\\/site\\\/#organization\",\"name\":\"A Not\\u00edcia Online\",\"description\":\"Noticias de Muria\\u00e9 e regi\\u00e3o\",\"url\":\"https:\\\/\\\/anoticiaonline.com.br\\\/site\\\/\",\"logo\":{\"@type\":\"ImageObject\",\"url\":\"https:\\\/\\\/scontent-gig4-1.xx.fbcdn.net\\\/v\\\/t39.30808-1\\\/270437624_4564083193639691_6907940295614233970_n.jpg?stp=dst-jpg_s200x200_tt6&_nc_cat=111&ccb=1-7&_nc_sid=f907e8&_nc_ohc=SM1wRlP3lJwQ7kNvwEPuBYA&_nc_oc=AdnqrjDN_BNjSSHWO-GbkIWH6fkGMLw4bqvL_NH6e2wMveX7G-rP2dAqsDSq1mJMOaY&_nc_zt=24&_nc_ht=scontent-gig4-1.xx&_nc_gid=AoBFJeGrT1hVaew_6rchkQ&oh=00_AfX7QmFGhQhG2jAllVgXCiM1ZrWgvtp80-Bfppyexh1QEg&oe=689E923C\",\"@id\":\"https:\\\/\\\/anoticiaonline.com.br\\\/site\\\/e-m-valdivino-dos-santos-mendes-inaugura-sua-nova-cozinha\\\/#organizationLogo\"},\"image\":{\"@id\":\"https:\\\/\\\/anoticiaonline.com.br\\\/site\\\/e-m-valdivino-dos-santos-mendes-inaugura-sua-nova-cozinha\\\/#organizationLogo\"}},{\"@type\":\"Person\",\"@id\":\"https:\\\/\\\/anoticiaonline.com.br\\\/site\\\/author\\\/juliana\\\/#author\",\"url\":\"https:\\\/\\\/anoticiaonline.com.br\\\/site\\\/author\\\/juliana\\\/\",\"name\":\"Juliana Laviola\",\"image\":{\"@type\":\"ImageObject\",\"@id\":\"https:\\\/\\\/anoticiaonline.com.br\\\/site\\\/e-m-valdivino-dos-santos-mendes-inaugura-sua-nova-cozinha\\\/#authorImage\",\"url\":\"https:\\\/\\\/secure.gravatar.com\\\/avatar\\\/b8d45f5c699b100dfaf0e543582f38f38bf94cb7ae3a5e9abf8d891a34773335?s=96&d=mm&r=g\",\"width\":96,\"height\":96,\"caption\":\"Juliana Laviola\"}},{\"@type\":\"WebPage\",\"@id\":\"https:\\\/\\\/anoticiaonline.com.br\\\/site\\\/e-m-valdivino-dos-santos-mendes-inaugura-sua-nova-cozinha\\\/#webpage\",\"url\":\"https:\\\/\\\/anoticiaonline.com.br\\\/site\\\/e-m-valdivino-dos-santos-mendes-inaugura-sua-nova-cozinha\\\/\",\"name\":\"E. M. Valdivino dos Santos Mendes inaugura sua nova cozinha - A Not\\u00edcia Online\",\"description\":\"A Escola Municipal Valdivino dos Santos Mendes realizou, no \\u00faltimo domingo (01), um almo\\u00e7o e bingo beneficentes durante a inaugura\\u00e7\\u00e3o da nova cozinha da institui\\u00e7\\u00e3o de ensino, localizada no Bairro Gaspar. Durante o almo\\u00e7o beneficente, o p\\u00fablico participou de um bingo com pr\\u00eamios variados. A cantina recebeu o nome de \\u201cGilc\\u00e9a do Carmo Grammatikopoulos\\u201d, m\\u00e3e\",\"inLanguage\":\"pt-BR\",\"isPartOf\":{\"@id\":\"https:\\\/\\\/anoticiaonline.com.br\\\/site\\\/#website\"},\"breadcrumb\":{\"@id\":\"https:\\\/\\\/anoticiaonline.com.br\\\/site\\\/e-m-valdivino-dos-santos-mendes-inaugura-sua-nova-cozinha\\\/#breadcrumblist\"},\"author\":{\"@id\":\"https:\\\/\\\/anoticiaonline.com.br\\\/site\\\/author\\\/juliana\\\/#author\"},\"creator\":{\"@id\":\"https:\\\/\\\/anoticiaonline.com.br\\\/site\\\/author\\\/juliana\\\/#author\"},\"image\":{\"@type\":\"ImageObject\",\"url\":\"https:\\\/\\\/anoticiaonline.com.br\\\/site\\\/wp-content\\\/uploads\\\/2017\\\/10\\\/DSC_0539.jpg\",\"@id\":\"https:\\\/\\\/anoticiaonline.com.br\\\/site\\\/e-m-valdivino-dos-santos-mendes-inaugura-sua-nova-cozinha\\\/#mainImage\",\"width\":640,\"height\":427},\"primaryImageOfPage\":{\"@id\":\"https:\\\/\\\/anoticiaonline.com.br\\\/site\\\/e-m-valdivino-dos-santos-mendes-inaugura-sua-nova-cozinha\\\/#mainImage\"},\"datePublished\":\"2017-10-05T17:59:55-03:00\",\"dateModified\":\"2017-10-05T18:19:05-03:00\"},{\"@type\":\"WebSite\",\"@id\":\"https:\\\/\\\/anoticiaonline.com.br\\\/site\\\/#website\",\"url\":\"https:\\\/\\\/anoticiaonline.com.br\\\/site\\\/\",\"name\":\"A Not\\u00edcia Online\",\"description\":\"Noticias de Muria\\u00e9 e regi\\u00e3o\",\"inLanguage\":\"pt-BR\",\"publisher\":{\"@id\":\"https:\\\/\\\/anoticiaonline.com.br\\\/site\\\/#organization\"}}]}\n\t\t<\/script>\n\t\t<!-- All in One SEO -->\n\n","aioseo_head_json":{"title":"E. M. Valdivino dos Santos Mendes inaugura sua nova cozinha - A Not\u00edcia Online","description":"A Escola Municipal Valdivino dos Santos Mendes realizou, no \u00faltimo domingo (01), um almo\u00e7o e bingo beneficentes durante a inaugura\u00e7\u00e3o da nova cozinha da institui\u00e7\u00e3o de ensino, localizada no Bairro Gaspar. Durante o almo\u00e7o beneficente, o p\u00fablico participou de um bingo com pr\u00eamios variados. A cantina recebeu o nome de \u201cGilc\u00e9a do Carmo Grammatikopoulos\u201d, m\u00e3e","canonical_url":"https:\/\/anoticiaonline.com.br\/site\/e-m-valdivino-dos-santos-mendes-inaugura-sua-nova-cozinha\/","robots":"max-image-preview:large","keywords":"","webmasterTools":{"miscellaneous":""},"schema":{"@context":"https:\/\/schema.org","@graph":[{"@type":"BlogPosting","@id":"https:\/\/anoticiaonline.com.br\/site\/e-m-valdivino-dos-santos-mendes-inaugura-sua-nova-cozinha\/#blogposting","name":"E. M. Valdivino dos Santos Mendes inaugura sua nova cozinha - A Not\u00edcia Online","headline":"E. M. Valdivino dos Santos Mendes inaugura sua nova cozinha","author":{"@id":"https:\/\/anoticiaonline.com.br\/site\/author\/juliana\/#author"},"publisher":{"@id":"https:\/\/anoticiaonline.com.br\/site\/#organization"},"image":{"@type":"ImageObject","url":"https:\/\/anoticiaonline.com.br\/site\/wp-content\/uploads\/2017\/10\/DSC_0539.jpg","width":640,"height":427},"datePublished":"2017-10-05T17:59:55-03:00","dateModified":"2017-10-05T18:19:05-03:00","inLanguage":"pt-BR","mainEntityOfPage":{"@id":"https:\/\/anoticiaonline.com.br\/site\/e-m-valdivino-dos-santos-mendes-inaugura-sua-nova-cozinha\/#webpage"},"isPartOf":{"@id":"https:\/\/anoticiaonline.com.br\/site\/e-m-valdivino-dos-santos-mendes-inaugura-sua-nova-cozinha\/#webpage"},"articleSection":"Eventos, Escola Municipal Valdivino dos Santos Mendes, Gaspar, Gilc\u00e9a do Carmo Grammatikopoulos, inauguracao, Ivanir do Gaspar, Muria\u00e9, prefeito Grego, slide, Tatiana Aparecida dos Reis Pedrosa"},{"@type":"BreadcrumbList","@id":"https:\/\/anoticiaonline.com.br\/site\/e-m-valdivino-dos-santos-mendes-inaugura-sua-nova-cozinha\/#breadcrumblist","itemListElement":[{"@type":"ListItem","@id":"https:\/\/anoticiaonline.com.br\/site#listItem","position":1,"name":"Home","item":"https:\/\/anoticiaonline.com.br\/site","nextItem":{"@type":"ListItem","@id":"https:\/\/anoticiaonline.com.br\/site\/categoria\/eventos\/#listItem","name":"Eventos"}},{"@type":"ListItem","@id":"https:\/\/anoticiaonline.com.br\/site\/categoria\/eventos\/#listItem","position":2,"name":"Eventos","item":"https:\/\/anoticiaonline.com.br\/site\/categoria\/eventos\/","nextItem":{"@type":"ListItem","@id":"https:\/\/anoticiaonline.com.br\/site\/e-m-valdivino-dos-santos-mendes-inaugura-sua-nova-cozinha\/#listItem","name":"E. M. Valdivino dos Santos Mendes inaugura sua nova cozinha"},"previousItem":{"@type":"ListItem","@id":"https:\/\/anoticiaonline.com.br\/site#listItem","name":"Home"}},{"@type":"ListItem","@id":"https:\/\/anoticiaonline.com.br\/site\/e-m-valdivino-dos-santos-mendes-inaugura-sua-nova-cozinha\/#listItem","position":3,"name":"E. M. Valdivino dos Santos Mendes inaugura sua nova cozinha","previousItem":{"@type":"ListItem","@id":"https:\/\/anoticiaonline.com.br\/site\/categoria\/eventos\/#listItem","name":"Eventos"}}]},{"@type":"Organization","@id":"https:\/\/anoticiaonline.com.br\/site\/#organization","name":"A Not\u00edcia Online","description":"Noticias de Muria\u00e9 e regi\u00e3o","url":"https:\/\/anoticiaonline.com.br\/site\/","logo":{"@type":"ImageObject","url":"https:\/\/scontent-gig4-1.xx.fbcdn.net\/v\/t39.30808-1\/270437624_4564083193639691_6907940295614233970_n.jpg?stp=dst-jpg_s200x200_tt6&_nc_cat=111&ccb=1-7&_nc_sid=f907e8&_nc_ohc=SM1wRlP3lJwQ7kNvwEPuBYA&_nc_oc=AdnqrjDN_BNjSSHWO-GbkIWH6fkGMLw4bqvL_NH6e2wMveX7G-rP2dAqsDSq1mJMOaY&_nc_zt=24&_nc_ht=scontent-gig4-1.xx&_nc_gid=AoBFJeGrT1hVaew_6rchkQ&oh=00_AfX7QmFGhQhG2jAllVgXCiM1ZrWgvtp80-Bfppyexh1QEg&oe=689E923C","@id":"https:\/\/anoticiaonline.com.br\/site\/e-m-valdivino-dos-santos-mendes-inaugura-sua-nova-cozinha\/#organizationLogo"},"image":{"@id":"https:\/\/anoticiaonline.com.br\/site\/e-m-valdivino-dos-santos-mendes-inaugura-sua-nova-cozinha\/#organizationLogo"}},{"@type":"Person","@id":"https:\/\/anoticiaonline.com.br\/site\/author\/juliana\/#author","url":"https:\/\/anoticiaonline.com.br\/site\/author\/juliana\/","name":"Juliana Laviola","image":{"@type":"ImageObject","@id":"https:\/\/anoticiaonline.com.br\/site\/e-m-valdivino-dos-santos-mendes-inaugura-sua-nova-cozinha\/#authorImage","url":"https:\/\/secure.gravatar.com\/avatar\/b8d45f5c699b100dfaf0e543582f38f38bf94cb7ae3a5e9abf8d891a34773335?s=96&d=mm&r=g","width":96,"height":96,"caption":"Juliana Laviola"}},{"@type":"WebPage","@id":"https:\/\/anoticiaonline.com.br\/site\/e-m-valdivino-dos-santos-mendes-inaugura-sua-nova-cozinha\/#webpage","url":"https:\/\/anoticiaonline.com.br\/site\/e-m-valdivino-dos-santos-mendes-inaugura-sua-nova-cozinha\/","name":"E. M. Valdivino dos Santos Mendes inaugura sua nova cozinha - A Not\u00edcia Online","description":"A Escola Municipal Valdivino dos Santos Mendes realizou, no \u00faltimo domingo (01), um almo\u00e7o e bingo beneficentes durante a inaugura\u00e7\u00e3o da nova cozinha da institui\u00e7\u00e3o de ensino, localizada no Bairro Gaspar. Durante o almo\u00e7o beneficente, o p\u00fablico participou de um bingo com pr\u00eamios variados. A cantina recebeu o nome de \u201cGilc\u00e9a do Carmo Grammatikopoulos\u201d, m\u00e3e","inLanguage":"pt-BR","isPartOf":{"@id":"https:\/\/anoticiaonline.com.br\/site\/#website"},"breadcrumb":{"@id":"https:\/\/anoticiaonline.com.br\/site\/e-m-valdivino-dos-santos-mendes-inaugura-sua-nova-cozinha\/#breadcrumblist"},"author":{"@id":"https:\/\/anoticiaonline.com.br\/site\/author\/juliana\/#author"},"creator":{"@id":"https:\/\/anoticiaonline.com.br\/site\/author\/juliana\/#author"},"image":{"@type":"ImageObject","url":"https:\/\/anoticiaonline.com.br\/site\/wp-content\/uploads\/2017\/10\/DSC_0539.jpg","@id":"https:\/\/anoticiaonline.com.br\/site\/e-m-valdivino-dos-santos-mendes-inaugura-sua-nova-cozinha\/#mainImage","width":640,"height":427},"primaryImageOfPage":{"@id":"https:\/\/anoticiaonline.com.br\/site\/e-m-valdivino-dos-santos-mendes-inaugura-sua-nova-cozinha\/#mainImage"},"datePublished":"2017-10-05T17:59:55-03:00","dateModified":"2017-10-05T18:19:05-03:00"},{"@type":"WebSite","@id":"https:\/\/anoticiaonline.com.br\/site\/#website","url":"https:\/\/anoticiaonline.com.br\/site\/","name":"A Not\u00edcia Online","description":"Noticias de Muria\u00e9 e regi\u00e3o","inLanguage":"pt-BR","publisher":{"@id":"https:\/\/anoticiaonline.com.br\/site\/#organization"}}]},"og:locale":"pt_BR","og:site_name":"A Not\u00edcia Online - Noticias de Muria\u00e9 e regi\u00e3o","og:type":"article","og:title":"E. M. Valdivino dos Santos Mendes inaugura sua nova cozinha - A Not\u00edcia Online","og:description":"A Escola Municipal Valdivino dos Santos Mendes realizou, no \u00faltimo domingo (01), um almo\u00e7o e bingo beneficentes durante a inaugura\u00e7\u00e3o da nova cozinha da institui\u00e7\u00e3o de ensino, localizada no Bairro Gaspar. Durante o almo\u00e7o beneficente, o p\u00fablico participou de um bingo com pr\u00eamios variados. A cantina recebeu o nome de \u201cGilc\u00e9a do Carmo Grammatikopoulos\u201d, m\u00e3e","og:url":"https:\/\/anoticiaonline.com.br\/site\/e-m-valdivino-dos-santos-mendes-inaugura-sua-nova-cozinha\/","og:image":"https:\/\/scontent-gig4-1.xx.fbcdn.net\/v\/t39.30808-1\/270437624_4564083193639691_6907940295614233970_n.jpg?stp=dst-jpg_s200x200_tt6&#038;_nc_cat=111&#038;ccb=1-7&#038;_nc_sid=f907e8&#038;_nc_ohc=SM1wRlP3lJwQ7kNvwEPuBYA&#038;_nc_oc=AdnqrjDN_BNjSSHWO-GbkIWH6fkGMLw4bqvL_NH6e2wMveX7G-rP2dAqsDSq1mJMOaY&#038;_nc_zt=24&#038;_nc_ht=scontent-gig4-1.xx&#038;_nc_gid=AoBFJeGrT1hVaew_6rchkQ&#038;oh=00_AfX7QmFGhQhG2jAllVgXCiM1ZrWgvtp80-Bfppyexh1QEg&#038;oe=689E923C","og:image:secure_url":"https:\/\/scontent-gig4-1.xx.fbcdn.net\/v\/t39.30808-1\/270437624_4564083193639691_6907940295614233970_n.jpg?stp=dst-jpg_s200x200_tt6&#038;_nc_cat=111&#038;ccb=1-7&#038;_nc_sid=f907e8&#038;_nc_ohc=SM1wRlP3lJwQ7kNvwEPuBYA&#038;_nc_oc=AdnqrjDN_BNjSSHWO-GbkIWH6fkGMLw4bqvL_NH6e2wMveX7G-rP2dAqsDSq1mJMOaY&#038;_nc_zt=24&#038;_nc_ht=scontent-gig4-1.xx&#038;_nc_gid=AoBFJeGrT1hVaew_6rchkQ&#038;oh=00_AfX7QmFGhQhG2jAllVgXCiM1ZrWgvtp80-Bfppyexh1QEg&#038;oe=689E923C","article:published_time":"2017-10-05T20:59:55+00:00","article:modified_time":"2017-10-05T21:19:05+00:00","twitter:card":"summary_large_image","twitter:title":"E. M. Valdivino dos Santos Mendes inaugura sua nova cozinha - A Not\u00edcia Online","twitter:description":"A Escola Municipal Valdivino dos Santos Mendes realizou, no \u00faltimo domingo (01), um almo\u00e7o e bingo beneficentes durante a inaugura\u00e7\u00e3o da nova cozinha da institui\u00e7\u00e3o de ensino, localizada no Bairro Gaspar. Durante o almo\u00e7o beneficente, o p\u00fablico participou de um bingo com pr\u00eamios variados. A cantina recebeu o nome de \u201cGilc\u00e9a do Carmo Grammatikopoulos\u201d, m\u00e3e","twitter:image":"https:\/\/scontent-gig4-1.xx.fbcdn.net\/v\/t39.30808-1\/270437624_4564083193639691_6907940295614233970_n.jpg?stp=dst-jpg_s200x200_tt6&_nc_cat=111&ccb=1-7&_nc_sid=f907e8&_nc_ohc=SM1wRlP3lJwQ7kNvwEPuBYA&_nc_oc=AdnqrjDN_BNjSSHWO-GbkIWH6fkGMLw4bqvL_NH6e2wMveX7G-rP2dAqsDSq1mJMOaY&_nc_zt=24&_nc_ht=scontent-gig4-1.xx&_nc_gid=AoBFJeGrT1hVaew_6rchkQ&oh=00_AfX7QmFGhQhG2jAllVgXCiM1ZrWgvtp80-Bfppyexh1QEg&oe=689E923C"},"aioseo_meta_data":{"post_id":"41767","title":null,"description":null,"keywords":null,"keyphrases":null,"primary_term":null,"canonical_url":null,"og_title":null,"og_description":null,"og_object_type":"default","og_image_type":"default","og_image_url":null,"og_image_width":null,"og_image_height":null,"og_image_custom_url":null,"og_image_custom_fields":null,"og_video":null,"og_custom_url":null,"og_article_section":null,"og_article_tags":null,"twitter_use_og":false,"twitter_card":"default","twitter_image_type":"default","twitter_image_url":null,"twitter_image_custom_url":null,"twitter_image_custom_fields":null,"twitter_title":null,"twitter_description":null,"schema":{"blockGraphs":[],"customGraphs":[],"default":{"data":{"Article":[],"Course":[],"Dataset":[],"FAQPage":[],"Movie":[],"Person":[],"Product":[],"ProductReview":[],"Car":[],"Recipe":[],"Service":[],"SoftwareApplication":[],"WebPage":[]},"graphName":"","isEnabled":true},"graphs":[]},"schema_type":"default","schema_type_options":null,"pillar_content":false,"robots_default":true,"robots_noindex":false,"robots_noarchive":false,"robots_nosnippet":false,"robots_nofollow":false,"robots_noimageindex":false,"robots_noodp":false,"robots_notranslate":false,"robots_max_snippet":null,"robots_max_videopreview":null,"robots_max_imagepreview":"large","priority":null,"frequency":null,"local_seo":null,"breadcrumb_settings":null,"limit_modified_date":false,"ai":null,"created":"2025-08-16 19:36:14","updated":"2025-08-16 19:36:14","focus_keyword":null,"additional_keywords":null,"truseo_locale":null,"seo_analyzer_scan_date":null},"aioseo_breadcrumb":"<div class=\"aioseo-breadcrumbs\"><span class=\"aioseo-breadcrumb\">\n\t\t\t<a href=\"https:\/\/anoticiaonline.com.br\/site\" title=\"Home\">Home<\/a>\n\t\t<\/span><span class=\"aioseo-breadcrumb-separator\">&raquo;<\/span><span class=\"aioseo-breadcrumb\">\n\t\t\t<a href=\"https:\/\/anoticiaonline.com.br\/site\/categoria\/eventos\/\" title=\"Eventos\">Eventos<\/a>\n\t\t<\/span><span class=\"aioseo-breadcrumb-separator\">&raquo;<\/span><span class=\"aioseo-breadcrumb\">\n\t\t\tE. M. Valdivino dos Santos Mendes inaugura sua nova cozinha\n\t\t<\/span><\/div>","aioseo_breadcrumb_json":[{"label":"Home","link":"https:\/\/anoticiaonline.com.br\/site"},{"label":"Eventos","link":"https:\/\/anoticiaonline.com.br\/site\/categoria\/eventos\/"},{"label":"E. M. Valdivino dos Santos Mendes inaugura sua nova cozinha","link":"https:\/\/anoticiaonline.com.br\/site\/e-m-valdivino-dos-santos-mendes-inaugura-sua-nova-cozinha\/"}],"views":143,"_links":{"self":[{"href":"https:\/\/anoticiaonline.com.br\/site\/wp-json\/wp\/v2\/posts\/41767","targetHints":{"allow":["GET"]}}],"collection":[{"href":"https:\/\/anoticiaonline.com.br\/site\/wp-json\/wp\/v2\/posts"}],"about":[{"href":"https:\/\/anoticiaonline.com.br\/site\/wp-json\/wp\/v2\/types\/post"}],"author":[{"embeddable":true,"href":"https:\/\/anoticiaonline.com.br\/site\/wp-json\/wp\/v2\/users\/2"}],"replies":[{"embeddable":true,"href":"https:\/\/anoticiaonline.com.br\/site\/wp-json\/wp\/v2\/comments?post=41767"}],"version-history":[{"count":0,"href":"https:\/\/anoticiaonline.com.br\/site\/wp-json\/wp\/v2\/posts\/41767\/revisions"}],"wp:featuredmedia":[{"embeddable":true,"href":"https:\/\/anoticiaonline.com.br\/site\/wp-json\/wp\/v2\/media\/41770"}],"wp:attachment":[{"href":"https:\/\/anoticiaonline.com.br\/site\/wp-json\/wp\/v2\/media?parent=41767"}],"wp:term":[{"taxonomy":"category","embeddable":true,"href":"https:\/\/anoticiaonline.com.br\/site\/wp-json\/wp\/v2\/categories?post=41767"},{"taxonomy":"post_tag","embeddable":true,"href":"https:\/\/anoticiaonline.com.br\/site\/wp-json\/wp\/v2\/tags?post=41767"}],"curies":[{"name":"wp","href":"https:\/\/api.w.org\/{rel}","templated":true}]}}