{"id":41765,"date":"2017-10-05T18:04:54","date_gmt":"2017-10-05T21:04:54","guid":{"rendered":"http:\/\/anoticiaonline.com.br\/site\/?p=41765"},"modified":"2017-10-05T18:08:18","modified_gmt":"2017-10-05T21:08:18","slug":"sociarte-06-11","status":"publish","type":"post","link":"https:\/\/anoticiaonline.com.br\/site\/sociarte-06-11\/","title":{"rendered":"Sociarte 06.11"},"content":{"rendered":"<p><strong><a href=\"https:\/\/anoticiaonline.com.br\/site\/wp-content\/uploads\/2017\/10\/Batizado-de-Jos\u00e9-Henrique.jpg\"><img fetchpriority=\"high\" decoding=\"async\" class=\"size-medium wp-image-41812 aligncenter\" src=\"https:\/\/anoticiaonline.com.br\/site\/wp-content\/uploads\/2017\/10\/Batizado-de-Jos\u00e9-Henrique-300x201.jpg\" alt=\"\" width=\"300\" height=\"201\" srcset=\"https:\/\/anoticiaonline.com.br\/site\/wp-content\/uploads\/2017\/10\/Batizado-de-Jos\u00e9-Henrique-300x201.jpg 300w, https:\/\/anoticiaonline.com.br\/site\/wp-content\/uploads\/2017\/10\/Batizado-de-Jos\u00e9-Henrique.jpg 640w\" sizes=\"(max-width: 300px) 100vw, 300px\" \/><\/a>Batizado de Jos\u00e9 Henrique <\/strong><\/p>\n<p>Os papais Emiliane L. da Fonseca e Gelson Crist\u00f3vam de Souza batizaram o primog\u00eanito Jos\u00e9 Henrique Fonseca de Souza, de tr\u00eas meses, na Igreja Nossa Senhora da Concei\u00e7\u00e3o, na Barra, no dia 01\/10. Em cerim\u00f4nia realizada pelo Padre Carlos, Jos\u00e9 Henrique se tornou um crist\u00e3o e recebeu as b\u00ean\u00e7\u00e3os de Deus. Que o Esp\u00edrito Santo guie e ilumine toda a fam\u00edlia!<\/p>\n<p>&nbsp;<\/p>\n<p><strong><a href=\"https:\/\/anoticiaonline.com.br\/site\/wp-content\/uploads\/2017\/10\/Casamento-de-Carina-e-Rodrigo.jpg\"><img decoding=\"async\" class=\"size-medium wp-image-41813 aligncenter\" src=\"https:\/\/anoticiaonline.com.br\/site\/wp-content\/uploads\/2017\/10\/Casamento-de-Carina-e-Rodrigo-300x200.jpg\" alt=\"\" width=\"300\" height=\"200\" srcset=\"https:\/\/anoticiaonline.com.br\/site\/wp-content\/uploads\/2017\/10\/Casamento-de-Carina-e-Rodrigo-300x200.jpg 300w, https:\/\/anoticiaonline.com.br\/site\/wp-content\/uploads\/2017\/10\/Casamento-de-Carina-e-Rodrigo-290x192.jpg 290w, https:\/\/anoticiaonline.com.br\/site\/wp-content\/uploads\/2017\/10\/Casamento-de-Carina-e-Rodrigo.jpg 640w\" sizes=\"(max-width: 300px) 100vw, 300px\" \/><\/a>Casamento de Carina e Rodrigo<\/strong><\/p>\n<p>O casamento de Carina e Rodrigo, ele m\u00e9dico no Rio de Janeiro, filho de Newton Amorim e Sonia Albuquerque, ela farmac\u00eautica, filha de Dilson Dias e Luciene Carvalho, foi realizado no dia 23 de setembro, na Igreja Nossa Senhora do Divino Pranto. Logo ap\u00f3s, os noivos recepcionaram os convidados com uma linda festa, bastante animada e com v\u00e1rias bandas, na Fazenda Divis\u00f3rio. Por l\u00e1, estiveram presentes familiares e amigos de Carina e Rodrigo, que foram compartilhar deste momento especial. Os noivos foram em lua de mel para Cancun.<\/p>\n<p>&nbsp;<\/p>\n<p><strong><a href=\"https:\/\/anoticiaonline.com.br\/site\/wp-content\/uploads\/2017\/10\/Parab\u00e9ns-Silvan-Alves.jpg\"><img decoding=\"async\" class=\"size-medium wp-image-41816 aligncenter\" src=\"https:\/\/anoticiaonline.com.br\/site\/wp-content\/uploads\/2017\/10\/Parab\u00e9ns-Silvan-Alves-300x200.jpg\" alt=\"\" width=\"300\" height=\"200\" srcset=\"https:\/\/anoticiaonline.com.br\/site\/wp-content\/uploads\/2017\/10\/Parab\u00e9ns-Silvan-Alves-300x200.jpg 300w, https:\/\/anoticiaonline.com.br\/site\/wp-content\/uploads\/2017\/10\/Parab\u00e9ns-Silvan-Alves-290x192.jpg 290w, https:\/\/anoticiaonline.com.br\/site\/wp-content\/uploads\/2017\/10\/Parab\u00e9ns-Silvan-Alves.jpg 640w\" sizes=\"(max-width: 300px) 100vw, 300px\" \/><\/a>Parab\u00e9ns Silvan Alves<\/strong><\/p>\n<p>O site do nosso amigo jornalista Silvan Alves completou 10 anos de atua\u00e7\u00e3o no mercado essa semana. E para comemorar a data ele recepcionou amigos, colaboradores e familiares em uma animada festa ocorrida no Quiosc\u00e3o do Sesc, na noite de ter\u00e7a (3). O site <a href=\"http:\/\/www.silvanalves.com.br\">www.silvanalves.com.br<\/a> \u00e9 o pioneiro em jornalismo online em nossa regi\u00e3o e tem por m\u00eas, mais de 1 milh\u00e3o de acessos. Parab\u00e9ns ao querido Silvan e vida longa do <a href=\"http:\/\/www.silvanalves.com.br\">www.silvanalves.com.br<\/a>!<\/p>\n<p>&nbsp;<\/p>\n<p><strong><a href=\"https:\/\/anoticiaonline.com.br\/site\/wp-content\/uploads\/2017\/10\/Parab\u00e9ns-Glauco-Sevidades.jpg\"><img loading=\"lazy\" decoding=\"async\" class=\"size-medium wp-image-41815 aligncenter\" src=\"https:\/\/anoticiaonline.com.br\/site\/wp-content\/uploads\/2017\/10\/Parab\u00e9ns-Glauco-Sevidades.jpg\" alt=\"\" width=\"129\" height=\"263\" \/><\/a>Parab\u00e9ns Glauco Sevidades<\/strong><\/p>\n<p>O querido amigo Glauco Sevidanes completou idade nova na \u00faltima segunda (2). Ele que \u00e9 propriet\u00e1rio da Studio Car, \u00e9 casado com a querida Danielle Gomes de Freitas e papai das lindinhas Ana Beatriz e Ana Luiza. A ele enviamos votos de muitas felicidades, sa\u00fade e paz!<\/p>\n<p>&nbsp;<\/p>\n<p><strong><a href=\"https:\/\/anoticiaonline.com.br\/site\/wp-content\/uploads\/2017\/10\/7-aninhos-de-Laisa.jpg\"><img loading=\"lazy\" decoding=\"async\" class=\"size-medium wp-image-41811 aligncenter\" src=\"https:\/\/anoticiaonline.com.br\/site\/wp-content\/uploads\/2017\/10\/7-aninhos-de-Laisa-300x225.jpg\" alt=\"\" width=\"300\" height=\"225\" srcset=\"https:\/\/anoticiaonline.com.br\/site\/wp-content\/uploads\/2017\/10\/7-aninhos-de-Laisa-300x225.jpg 300w, https:\/\/anoticiaonline.com.br\/site\/wp-content\/uploads\/2017\/10\/7-aninhos-de-Laisa.jpg 640w\" sizes=\"(max-width: 300px) 100vw, 300px\" \/><\/a>7 aninhos de Laisa<\/strong><\/p>\n<p>A simp\u00e1tica e sapeca Laisa Furtado comemorou, junto com os papais Marcus Lacerda Furtado e S\u00e1via Chaves Furtado, a chegada dos seus 7 aninhos. Com o tema Paris ela recebeu no sal\u00e3o de festa do Residencial Green Village os amigos e familiares para uma animada festa. Ela \u00e9 neta de Maria do Socorro e Natanael Chaves, e Cleuza Lacerda e M\u00e1rcio Carvalho (in memoriam). Parab\u00e9ns para a pequena Laisa!<\/p>\n<p>&nbsp;<\/p>\n<p><strong><a href=\"https:\/\/anoticiaonline.com.br\/site\/wp-content\/uploads\/2017\/10\/Enlace-de-Yasmin-e-Douglas.jpg\"><img loading=\"lazy\" decoding=\"async\" class=\"size-medium wp-image-41814 aligncenter\" src=\"https:\/\/anoticiaonline.com.br\/site\/wp-content\/uploads\/2017\/10\/Enlace-de-Yasmin-e-Douglas-211x300.jpg\" alt=\"\" width=\"211\" height=\"300\" srcset=\"https:\/\/anoticiaonline.com.br\/site\/wp-content\/uploads\/2017\/10\/Enlace-de-Yasmin-e-Douglas-211x300.jpg 211w, https:\/\/anoticiaonline.com.br\/site\/wp-content\/uploads\/2017\/10\/Enlace-de-Yasmin-e-Douglas.jpg 450w\" sizes=\"(max-width: 211px) 100vw, 211px\" \/><\/a>Enlace de Yasmin e Douglas<\/strong><\/p>\n<p>O casal Yasmin e Douglas se uniu em matrim\u00f4nio no s\u00e1bado (30) l\u00e1 na vizinha cidade de Laranjal. A cerim\u00f4nia aconteceu na Par\u00f3quia Nossa Senhora da Concei\u00e7\u00e3o e a recep\u00e7\u00e3o dos convidados aconteceu nos sal\u00f5es do Clube Bem Viver. Ela \u00e9 filha de Jos\u00e9 de Paula e Aparecida de F\u00e1tima de Paula, e ele Ronaldo Ferreira da Silva e Maria Rita Ferreira de Paula. Ao novo casal muito amor e companheirismo nessa nova caminhada!<\/p>\n<p><strong><a href=\"https:\/\/anoticiaonline.com.br\/site\/wp-content\/uploads\/2017\/10\/3-anos-oliver.jpg\"><img loading=\"lazy\" decoding=\"async\" class=\"size-medium wp-image-41810 aligncenter\" src=\"https:\/\/anoticiaonline.com.br\/site\/wp-content\/uploads\/2017\/10\/3-anos-oliver-225x300.jpg\" alt=\"\" width=\"225\" height=\"300\" srcset=\"https:\/\/anoticiaonline.com.br\/site\/wp-content\/uploads\/2017\/10\/3-anos-oliver-225x300.jpg 225w, https:\/\/anoticiaonline.com.br\/site\/wp-content\/uploads\/2017\/10\/3-anos-oliver.jpg 480w\" sizes=\"(max-width: 225px) 100vw, 225px\" \/><\/a>3 aninhos de Oliver<\/strong><\/p>\n<p>O pequeno Oliver escolheu o tema \u201cPatrulha Canina\u201d para comemorar o seu 3\u00ba ano de vida. Ele, e os papais Danilo Ant\u00f4nio Amaro e Lidiane Dias Pav\u00e3o Amaro recepcionaram, em sua resid\u00eancia, os amigos e familiares no domingo (1\u00ba). O gatinho Oliver \u00e9 neto de Maria Aparecida Dias Pav\u00e3o e Jesus da Silveira Pav\u00e3o, e Neuza Can\u00eado Amaro (in memorian) e Jo\u00e3o Baptista Amaro (in memorian).<\/p>\n<p>&nbsp;<\/p>\n<p><strong><a href=\"https:\/\/anoticiaonline.com.br\/site\/wp-content\/uploads\/2017\/10\/Seja-bem-vindo-Elias.jpg\"><img loading=\"lazy\" decoding=\"async\" class=\"size-medium wp-image-41817 aligncenter\" src=\"https:\/\/anoticiaonline.com.br\/site\/wp-content\/uploads\/2017\/10\/Seja-bem-vindo-Elias-300x169.jpg\" alt=\"\" width=\"300\" height=\"169\" srcset=\"https:\/\/anoticiaonline.com.br\/site\/wp-content\/uploads\/2017\/10\/Seja-bem-vindo-Elias-300x169.jpg 300w, https:\/\/anoticiaonline.com.br\/site\/wp-content\/uploads\/2017\/10\/Seja-bem-vindo-Elias.jpg 640w\" sizes=\"(max-width: 300px) 100vw, 300px\" \/><\/a>Seja bem-vindo Elias<\/strong><\/p>\n<p>O fofinho Elias Gon\u00e7alves Calais Ribeiro chegou ao mundo nesta segunda-feira (2) e j\u00e1 encheu o cora\u00e7\u00e3o dos papais Silmar Ribeiro de Oliveira e Graziela Gon\u00e7alves Calais Robeiro de muito amor. Ele nasceu na Casa de Caridade Muria\u00e9 Hospital S\u00e3o Paulo com muita sa\u00fade e j\u00e1 est\u00e1 em casa. O pequeno \u00e9 neto de Ides Fortini de Oliveira e Maria Jos\u00e9 Ribeiro de Oliveira, e Homero Gon\u00e7alves e Marcelina Rodrigues Gon\u00e7alves. Seja bem-vindo Elias!<\/p>\n","protected":false},"excerpt":{"rendered":"<p>Batizado de Jos\u00e9 Henrique Os papais Emiliane L. da Fonseca e Gelson Crist\u00f3vam de Souza batizaram o primog\u00eanito Jos\u00e9 Henrique Fonseca de Souza, de tr\u00eas meses, na Igreja Nossa Senhora da Concei\u00e7\u00e3o, na Barra, no dia 01\/10. Em cerim\u00f4nia realizada pelo Padre Carlos, Jos\u00e9 Henrique se tornou um crist\u00e3o e recebeu as b\u00ean\u00e7\u00e3os de Deus. &#8230; <a title=\"Sociarte 06.11\" class=\"read-more\" href=\"https:\/\/anoticiaonline.com.br\/site\/sociarte-06-11\/\" aria-label=\"Read more about Sociarte 06.11\">Ler mais<\/a><\/p>\n","protected":false},"author":2,"featured_media":0,"comment_status":"open","ping_status":"open","sticky":false,"template":"","format":"standard","meta":{"_acf_changed":false,"_monsterinsights_skip_tracking":false,"footnotes":""},"categories":[38],"tags":[],"class_list":["post-41765","post","type-post","status-publish","format-standard","hentry","category-sociarte"],"acf":[],"aioseo_notices":[],"aioseo_head":"\n\t\t<!-- All in One SEO 5.0.0.1 - aioseo.com -->\n\t<meta name=\"description\" content=\"Batizado de Jos\u00e9 Henrique Os papais Emiliane L. da Fonseca e Gelson Crist\u00f3vam de Souza batizaram o primog\u00eanito Jos\u00e9 Henrique Fonseca de Souza, de tr\u00eas meses, na Igreja Nossa Senhora da Concei\u00e7\u00e3o, na Barra, no dia 01\/10. Em cerim\u00f4nia realizada pelo Padre Carlos, Jos\u00e9 Henrique se tornou um crist\u00e3o e recebeu as b\u00ean\u00e7\u00e3os de Deus.\" \/>\n\t<meta name=\"robots\" content=\"max-image-preview:large\" \/>\n\t<meta name=\"author\" content=\"Juliana Laviola\"\/>\n\t<link rel=\"canonical\" href=\"https:\/\/anoticiaonline.com.br\/site\/sociarte-06-11\/\" \/>\n\t<meta name=\"generator\" content=\"All in One SEO (AIOSEO) 5.0.0.1\" \/>\n\t\t<meta property=\"og:locale\" content=\"pt_BR\" \/>\n\t\t<meta property=\"og:site_name\" content=\"A Not\u00edcia Online - Noticias de Muria\u00e9 e regi\u00e3o\" \/>\n\t\t<meta property=\"og:type\" content=\"article\" \/>\n\t\t<meta property=\"og:title\" content=\"Sociarte 06.11 - A Not\u00edcia Online\" \/>\n\t\t<meta property=\"og:description\" content=\"Batizado de Jos\u00e9 Henrique Os papais Emiliane L. da Fonseca e Gelson Crist\u00f3vam de Souza batizaram o primog\u00eanito Jos\u00e9 Henrique Fonseca de Souza, de tr\u00eas meses, na Igreja Nossa Senhora da Concei\u00e7\u00e3o, na Barra, no dia 01\/10. Em cerim\u00f4nia realizada pelo Padre Carlos, Jos\u00e9 Henrique se tornou um crist\u00e3o e recebeu as b\u00ean\u00e7\u00e3os de Deus.\" \/>\n\t\t<meta property=\"og:url\" content=\"https:\/\/anoticiaonline.com.br\/site\/sociarte-06-11\/\" \/>\n\t\t<meta property=\"og:image\" content=\"https:\/\/scontent-gig4-1.xx.fbcdn.net\/v\/t39.30808-1\/270437624_4564083193639691_6907940295614233970_n.jpg?stp=dst-jpg_s200x200_tt6&#038;_nc_cat=111&#038;ccb=1-7&#038;_nc_sid=f907e8&#038;_nc_ohc=SM1wRlP3lJwQ7kNvwEPuBYA&#038;_nc_oc=AdnqrjDN_BNjSSHWO-GbkIWH6fkGMLw4bqvL_NH6e2wMveX7G-rP2dAqsDSq1mJMOaY&#038;_nc_zt=24&#038;_nc_ht=scontent-gig4-1.xx&#038;_nc_gid=AoBFJeGrT1hVaew_6rchkQ&#038;oh=00_AfX7QmFGhQhG2jAllVgXCiM1ZrWgvtp80-Bfppyexh1QEg&#038;oe=689E923C\" \/>\n\t\t<meta property=\"og:image:secure_url\" content=\"https:\/\/scontent-gig4-1.xx.fbcdn.net\/v\/t39.30808-1\/270437624_4564083193639691_6907940295614233970_n.jpg?stp=dst-jpg_s200x200_tt6&#038;_nc_cat=111&#038;ccb=1-7&#038;_nc_sid=f907e8&#038;_nc_ohc=SM1wRlP3lJwQ7kNvwEPuBYA&#038;_nc_oc=AdnqrjDN_BNjSSHWO-GbkIWH6fkGMLw4bqvL_NH6e2wMveX7G-rP2dAqsDSq1mJMOaY&#038;_nc_zt=24&#038;_nc_ht=scontent-gig4-1.xx&#038;_nc_gid=AoBFJeGrT1hVaew_6rchkQ&#038;oh=00_AfX7QmFGhQhG2jAllVgXCiM1ZrWgvtp80-Bfppyexh1QEg&#038;oe=689E923C\" \/>\n\t\t<meta property=\"article:published_time\" content=\"2017-10-05T21:04:54+00:00\" \/>\n\t\t<meta property=\"article:modified_time\" content=\"2017-10-05T21:08:18+00:00\" \/>\n\t\t<meta name=\"twitter:card\" content=\"summary_large_image\" \/>\n\t\t<meta name=\"twitter:title\" content=\"Sociarte 06.11 - A Not\u00edcia Online\" \/>\n\t\t<meta name=\"twitter:description\" content=\"Batizado de Jos\u00e9 Henrique Os papais Emiliane L. da Fonseca e Gelson Crist\u00f3vam de Souza batizaram o primog\u00eanito Jos\u00e9 Henrique Fonseca de Souza, de tr\u00eas meses, na Igreja Nossa Senhora da Concei\u00e7\u00e3o, na Barra, no dia 01\/10. Em cerim\u00f4nia realizada pelo Padre Carlos, Jos\u00e9 Henrique se tornou um crist\u00e3o e recebeu as b\u00ean\u00e7\u00e3os de Deus.\" \/>\n\t\t<meta name=\"twitter:image\" content=\"https:\/\/scontent-gig4-1.xx.fbcdn.net\/v\/t39.30808-1\/270437624_4564083193639691_6907940295614233970_n.jpg?stp=dst-jpg_s200x200_tt6&amp;_nc_cat=111&amp;ccb=1-7&amp;_nc_sid=f907e8&amp;_nc_ohc=SM1wRlP3lJwQ7kNvwEPuBYA&amp;_nc_oc=AdnqrjDN_BNjSSHWO-GbkIWH6fkGMLw4bqvL_NH6e2wMveX7G-rP2dAqsDSq1mJMOaY&amp;_nc_zt=24&amp;_nc_ht=scontent-gig4-1.xx&amp;_nc_gid=AoBFJeGrT1hVaew_6rchkQ&amp;oh=00_AfX7QmFGhQhG2jAllVgXCiM1ZrWgvtp80-Bfppyexh1QEg&amp;oe=689E923C\" \/>\n\t\t<script type=\"application\/ld+json\" class=\"aioseo-schema\">\n\t\t\t{\"@context\":\"https:\\\/\\\/schema.org\",\"@graph\":[{\"@type\":\"BlogPosting\",\"@id\":\"https:\\\/\\\/anoticiaonline.com.br\\\/site\\\/sociarte-06-11\\\/#blogposting\",\"name\":\"Sociarte 06.11 - A Not\\u00edcia Online\",\"headline\":\"Sociarte 06.11\",\"author\":{\"@id\":\"https:\\\/\\\/anoticiaonline.com.br\\\/site\\\/author\\\/juliana\\\/#author\"},\"publisher\":{\"@id\":\"https:\\\/\\\/anoticiaonline.com.br\\\/site\\\/#organization\"},\"image\":{\"@type\":\"ImageObject\",\"url\":\"http:\\\/\\\/anoticiaonline.com.br\\\/site\\\/wp-content\\\/uploads\\\/2017\\\/10\\\/Batizado-de-Jos\\u00e9-Henrique-300x201.jpg\",\"@id\":\"https:\\\/\\\/anoticiaonline.com.br\\\/site\\\/sociarte-06-11\\\/#articleImage\"},\"datePublished\":\"2017-10-05T18:04:54-03:00\",\"dateModified\":\"2017-10-05T18:08:18-03:00\",\"inLanguage\":\"pt-BR\",\"mainEntityOfPage\":{\"@id\":\"https:\\\/\\\/anoticiaonline.com.br\\\/site\\\/sociarte-06-11\\\/#webpage\"},\"isPartOf\":{\"@id\":\"https:\\\/\\\/anoticiaonline.com.br\\\/site\\\/sociarte-06-11\\\/#webpage\"},\"articleSection\":\"Sociarte\"},{\"@type\":\"BreadcrumbList\",\"@id\":\"https:\\\/\\\/anoticiaonline.com.br\\\/site\\\/sociarte-06-11\\\/#breadcrumblist\",\"itemListElement\":[{\"@type\":\"ListItem\",\"@id\":\"https:\\\/\\\/anoticiaonline.com.br\\\/site#listItem\",\"position\":1,\"name\":\"Home\",\"item\":\"https:\\\/\\\/anoticiaonline.com.br\\\/site\",\"nextItem\":{\"@type\":\"ListItem\",\"@id\":\"https:\\\/\\\/anoticiaonline.com.br\\\/site\\\/categoria\\\/colunistas\\\/#listItem\",\"name\":\"Colunistas\"}},{\"@type\":\"ListItem\",\"@id\":\"https:\\\/\\\/anoticiaonline.com.br\\\/site\\\/categoria\\\/colunistas\\\/#listItem\",\"position\":2,\"name\":\"Colunistas\",\"item\":\"https:\\\/\\\/anoticiaonline.com.br\\\/site\\\/categoria\\\/colunistas\\\/\",\"nextItem\":{\"@type\":\"ListItem\",\"@id\":\"https:\\\/\\\/anoticiaonline.com.br\\\/site\\\/categoria\\\/colunistas\\\/sociarte\\\/#listItem\",\"name\":\"Sociarte\"},\"previousItem\":{\"@type\":\"ListItem\",\"@id\":\"https:\\\/\\\/anoticiaonline.com.br\\\/site#listItem\",\"name\":\"Home\"}},{\"@type\":\"ListItem\",\"@id\":\"https:\\\/\\\/anoticiaonline.com.br\\\/site\\\/categoria\\\/colunistas\\\/sociarte\\\/#listItem\",\"position\":3,\"name\":\"Sociarte\",\"item\":\"https:\\\/\\\/anoticiaonline.com.br\\\/site\\\/categoria\\\/colunistas\\\/sociarte\\\/\",\"nextItem\":{\"@type\":\"ListItem\",\"@id\":\"https:\\\/\\\/anoticiaonline.com.br\\\/site\\\/sociarte-06-11\\\/#listItem\",\"name\":\"Sociarte 06.11\"},\"previousItem\":{\"@type\":\"ListItem\",\"@id\":\"https:\\\/\\\/anoticiaonline.com.br\\\/site\\\/categoria\\\/colunistas\\\/#listItem\",\"name\":\"Colunistas\"}},{\"@type\":\"ListItem\",\"@id\":\"https:\\\/\\\/anoticiaonline.com.br\\\/site\\\/sociarte-06-11\\\/#listItem\",\"position\":4,\"name\":\"Sociarte 06.11\",\"previousItem\":{\"@type\":\"ListItem\",\"@id\":\"https:\\\/\\\/anoticiaonline.com.br\\\/site\\\/categoria\\\/colunistas\\\/sociarte\\\/#listItem\",\"name\":\"Sociarte\"}}]},{\"@type\":\"Organization\",\"@id\":\"https:\\\/\\\/anoticiaonline.com.br\\\/site\\\/#organization\",\"name\":\"A Not\\u00edcia Online\",\"description\":\"Noticias de Muria\\u00e9 e regi\\u00e3o\",\"url\":\"https:\\\/\\\/anoticiaonline.com.br\\\/site\\\/\",\"logo\":{\"@type\":\"ImageObject\",\"url\":\"https:\\\/\\\/scontent-gig4-1.xx.fbcdn.net\\\/v\\\/t39.30808-1\\\/270437624_4564083193639691_6907940295614233970_n.jpg?stp=dst-jpg_s200x200_tt6&_nc_cat=111&ccb=1-7&_nc_sid=f907e8&_nc_ohc=SM1wRlP3lJwQ7kNvwEPuBYA&_nc_oc=AdnqrjDN_BNjSSHWO-GbkIWH6fkGMLw4bqvL_NH6e2wMveX7G-rP2dAqsDSq1mJMOaY&_nc_zt=24&_nc_ht=scontent-gig4-1.xx&_nc_gid=AoBFJeGrT1hVaew_6rchkQ&oh=00_AfX7QmFGhQhG2jAllVgXCiM1ZrWgvtp80-Bfppyexh1QEg&oe=689E923C\",\"@id\":\"https:\\\/\\\/anoticiaonline.com.br\\\/site\\\/sociarte-06-11\\\/#organizationLogo\"},\"image\":{\"@id\":\"https:\\\/\\\/anoticiaonline.com.br\\\/site\\\/sociarte-06-11\\\/#organizationLogo\"}},{\"@type\":\"Person\",\"@id\":\"https:\\\/\\\/anoticiaonline.com.br\\\/site\\\/author\\\/juliana\\\/#author\",\"url\":\"https:\\\/\\\/anoticiaonline.com.br\\\/site\\\/author\\\/juliana\\\/\",\"name\":\"Juliana Laviola\",\"image\":{\"@type\":\"ImageObject\",\"@id\":\"https:\\\/\\\/anoticiaonline.com.br\\\/site\\\/sociarte-06-11\\\/#authorImage\",\"url\":\"https:\\\/\\\/secure.gravatar.com\\\/avatar\\\/b8d45f5c699b100dfaf0e543582f38f38bf94cb7ae3a5e9abf8d891a34773335?s=96&d=mm&r=g\",\"width\":96,\"height\":96,\"caption\":\"Juliana Laviola\"}},{\"@type\":\"WebPage\",\"@id\":\"https:\\\/\\\/anoticiaonline.com.br\\\/site\\\/sociarte-06-11\\\/#webpage\",\"url\":\"https:\\\/\\\/anoticiaonline.com.br\\\/site\\\/sociarte-06-11\\\/\",\"name\":\"Sociarte 06.11 - A Not\\u00edcia Online\",\"description\":\"Batizado de Jos\\u00e9 Henrique Os papais Emiliane L. da Fonseca e Gelson Crist\\u00f3vam de Souza batizaram o primog\\u00eanito Jos\\u00e9 Henrique Fonseca de Souza, de tr\\u00eas meses, na Igreja Nossa Senhora da Concei\\u00e7\\u00e3o, na Barra, no dia 01\\\/10. Em cerim\\u00f4nia realizada pelo Padre Carlos, Jos\\u00e9 Henrique se tornou um crist\\u00e3o e recebeu as b\\u00ean\\u00e7\\u00e3os de Deus.\",\"inLanguage\":\"pt-BR\",\"isPartOf\":{\"@id\":\"https:\\\/\\\/anoticiaonline.com.br\\\/site\\\/#website\"},\"breadcrumb\":{\"@id\":\"https:\\\/\\\/anoticiaonline.com.br\\\/site\\\/sociarte-06-11\\\/#breadcrumblist\"},\"author\":{\"@id\":\"https:\\\/\\\/anoticiaonline.com.br\\\/site\\\/author\\\/juliana\\\/#author\"},\"creator\":{\"@id\":\"https:\\\/\\\/anoticiaonline.com.br\\\/site\\\/author\\\/juliana\\\/#author\"},\"datePublished\":\"2017-10-05T18:04:54-03:00\",\"dateModified\":\"2017-10-05T18:08:18-03:00\"},{\"@type\":\"WebSite\",\"@id\":\"https:\\\/\\\/anoticiaonline.com.br\\\/site\\\/#website\",\"url\":\"https:\\\/\\\/anoticiaonline.com.br\\\/site\\\/\",\"name\":\"A Not\\u00edcia Online\",\"description\":\"Noticias de Muria\\u00e9 e regi\\u00e3o\",\"inLanguage\":\"pt-BR\",\"publisher\":{\"@id\":\"https:\\\/\\\/anoticiaonline.com.br\\\/site\\\/#organization\"}}]}\n\t\t<\/script>\n\t\t<!-- All in One SEO -->\n\n","aioseo_head_json":{"title":"Sociarte 06.11 - A Not\u00edcia Online","description":"Batizado de Jos\u00e9 Henrique Os papais Emiliane L. da Fonseca e Gelson Crist\u00f3vam de Souza batizaram o primog\u00eanito Jos\u00e9 Henrique Fonseca de Souza, de tr\u00eas meses, na Igreja Nossa Senhora da Concei\u00e7\u00e3o, na Barra, no dia 01\/10. Em cerim\u00f4nia realizada pelo Padre Carlos, Jos\u00e9 Henrique se tornou um crist\u00e3o e recebeu as b\u00ean\u00e7\u00e3os de Deus.","canonical_url":"https:\/\/anoticiaonline.com.br\/site\/sociarte-06-11\/","robots":"max-image-preview:large","keywords":"","webmasterTools":{"miscellaneous":""},"schema":{"@context":"https:\/\/schema.org","@graph":[{"@type":"BlogPosting","@id":"https:\/\/anoticiaonline.com.br\/site\/sociarte-06-11\/#blogposting","name":"Sociarte 06.11 - A Not\u00edcia Online","headline":"Sociarte 06.11","author":{"@id":"https:\/\/anoticiaonline.com.br\/site\/author\/juliana\/#author"},"publisher":{"@id":"https:\/\/anoticiaonline.com.br\/site\/#organization"},"image":{"@type":"ImageObject","url":"http:\/\/anoticiaonline.com.br\/site\/wp-content\/uploads\/2017\/10\/Batizado-de-Jos\u00e9-Henrique-300x201.jpg","@id":"https:\/\/anoticiaonline.com.br\/site\/sociarte-06-11\/#articleImage"},"datePublished":"2017-10-05T18:04:54-03:00","dateModified":"2017-10-05T18:08:18-03:00","inLanguage":"pt-BR","mainEntityOfPage":{"@id":"https:\/\/anoticiaonline.com.br\/site\/sociarte-06-11\/#webpage"},"isPartOf":{"@id":"https:\/\/anoticiaonline.com.br\/site\/sociarte-06-11\/#webpage"},"articleSection":"Sociarte"},{"@type":"BreadcrumbList","@id":"https:\/\/anoticiaonline.com.br\/site\/sociarte-06-11\/#breadcrumblist","itemListElement":[{"@type":"ListItem","@id":"https:\/\/anoticiaonline.com.br\/site#listItem","position":1,"name":"Home","item":"https:\/\/anoticiaonline.com.br\/site","nextItem":{"@type":"ListItem","@id":"https:\/\/anoticiaonline.com.br\/site\/categoria\/colunistas\/#listItem","name":"Colunistas"}},{"@type":"ListItem","@id":"https:\/\/anoticiaonline.com.br\/site\/categoria\/colunistas\/#listItem","position":2,"name":"Colunistas","item":"https:\/\/anoticiaonline.com.br\/site\/categoria\/colunistas\/","nextItem":{"@type":"ListItem","@id":"https:\/\/anoticiaonline.com.br\/site\/categoria\/colunistas\/sociarte\/#listItem","name":"Sociarte"},"previousItem":{"@type":"ListItem","@id":"https:\/\/anoticiaonline.com.br\/site#listItem","name":"Home"}},{"@type":"ListItem","@id":"https:\/\/anoticiaonline.com.br\/site\/categoria\/colunistas\/sociarte\/#listItem","position":3,"name":"Sociarte","item":"https:\/\/anoticiaonline.com.br\/site\/categoria\/colunistas\/sociarte\/","nextItem":{"@type":"ListItem","@id":"https:\/\/anoticiaonline.com.br\/site\/sociarte-06-11\/#listItem","name":"Sociarte 06.11"},"previousItem":{"@type":"ListItem","@id":"https:\/\/anoticiaonline.com.br\/site\/categoria\/colunistas\/#listItem","name":"Colunistas"}},{"@type":"ListItem","@id":"https:\/\/anoticiaonline.com.br\/site\/sociarte-06-11\/#listItem","position":4,"name":"Sociarte 06.11","previousItem":{"@type":"ListItem","@id":"https:\/\/anoticiaonline.com.br\/site\/categoria\/colunistas\/sociarte\/#listItem","name":"Sociarte"}}]},{"@type":"Organization","@id":"https:\/\/anoticiaonline.com.br\/site\/#organization","name":"A Not\u00edcia Online","description":"Noticias de Muria\u00e9 e regi\u00e3o","url":"https:\/\/anoticiaonline.com.br\/site\/","logo":{"@type":"ImageObject","url":"https:\/\/scontent-gig4-1.xx.fbcdn.net\/v\/t39.30808-1\/270437624_4564083193639691_6907940295614233970_n.jpg?stp=dst-jpg_s200x200_tt6&_nc_cat=111&ccb=1-7&_nc_sid=f907e8&_nc_ohc=SM1wRlP3lJwQ7kNvwEPuBYA&_nc_oc=AdnqrjDN_BNjSSHWO-GbkIWH6fkGMLw4bqvL_NH6e2wMveX7G-rP2dAqsDSq1mJMOaY&_nc_zt=24&_nc_ht=scontent-gig4-1.xx&_nc_gid=AoBFJeGrT1hVaew_6rchkQ&oh=00_AfX7QmFGhQhG2jAllVgXCiM1ZrWgvtp80-Bfppyexh1QEg&oe=689E923C","@id":"https:\/\/anoticiaonline.com.br\/site\/sociarte-06-11\/#organizationLogo"},"image":{"@id":"https:\/\/anoticiaonline.com.br\/site\/sociarte-06-11\/#organizationLogo"}},{"@type":"Person","@id":"https:\/\/anoticiaonline.com.br\/site\/author\/juliana\/#author","url":"https:\/\/anoticiaonline.com.br\/site\/author\/juliana\/","name":"Juliana Laviola","image":{"@type":"ImageObject","@id":"https:\/\/anoticiaonline.com.br\/site\/sociarte-06-11\/#authorImage","url":"https:\/\/secure.gravatar.com\/avatar\/b8d45f5c699b100dfaf0e543582f38f38bf94cb7ae3a5e9abf8d891a34773335?s=96&d=mm&r=g","width":96,"height":96,"caption":"Juliana Laviola"}},{"@type":"WebPage","@id":"https:\/\/anoticiaonline.com.br\/site\/sociarte-06-11\/#webpage","url":"https:\/\/anoticiaonline.com.br\/site\/sociarte-06-11\/","name":"Sociarte 06.11 - A Not\u00edcia Online","description":"Batizado de Jos\u00e9 Henrique Os papais Emiliane L. da Fonseca e Gelson Crist\u00f3vam de Souza batizaram o primog\u00eanito Jos\u00e9 Henrique Fonseca de Souza, de tr\u00eas meses, na Igreja Nossa Senhora da Concei\u00e7\u00e3o, na Barra, no dia 01\/10. Em cerim\u00f4nia realizada pelo Padre Carlos, Jos\u00e9 Henrique se tornou um crist\u00e3o e recebeu as b\u00ean\u00e7\u00e3os de Deus.","inLanguage":"pt-BR","isPartOf":{"@id":"https:\/\/anoticiaonline.com.br\/site\/#website"},"breadcrumb":{"@id":"https:\/\/anoticiaonline.com.br\/site\/sociarte-06-11\/#breadcrumblist"},"author":{"@id":"https:\/\/anoticiaonline.com.br\/site\/author\/juliana\/#author"},"creator":{"@id":"https:\/\/anoticiaonline.com.br\/site\/author\/juliana\/#author"},"datePublished":"2017-10-05T18:04:54-03:00","dateModified":"2017-10-05T18:08:18-03:00"},{"@type":"WebSite","@id":"https:\/\/anoticiaonline.com.br\/site\/#website","url":"https:\/\/anoticiaonline.com.br\/site\/","name":"A Not\u00edcia Online","description":"Noticias de Muria\u00e9 e regi\u00e3o","inLanguage":"pt-BR","publisher":{"@id":"https:\/\/anoticiaonline.com.br\/site\/#organization"}}]},"og:locale":"pt_BR","og:site_name":"A Not\u00edcia Online - Noticias de Muria\u00e9 e regi\u00e3o","og:type":"article","og:title":"Sociarte 06.11 - A Not\u00edcia Online","og:description":"Batizado de Jos\u00e9 Henrique Os papais Emiliane L. da Fonseca e Gelson Crist\u00f3vam de Souza batizaram o primog\u00eanito Jos\u00e9 Henrique Fonseca de Souza, de tr\u00eas meses, na Igreja Nossa Senhora da Concei\u00e7\u00e3o, na Barra, no dia 01\/10. Em cerim\u00f4nia realizada pelo Padre Carlos, Jos\u00e9 Henrique se tornou um crist\u00e3o e recebeu as b\u00ean\u00e7\u00e3os de Deus.","og:url":"https:\/\/anoticiaonline.com.br\/site\/sociarte-06-11\/","og:image":"https:\/\/scontent-gig4-1.xx.fbcdn.net\/v\/t39.30808-1\/270437624_4564083193639691_6907940295614233970_n.jpg?stp=dst-jpg_s200x200_tt6&#038;_nc_cat=111&#038;ccb=1-7&#038;_nc_sid=f907e8&#038;_nc_ohc=SM1wRlP3lJwQ7kNvwEPuBYA&#038;_nc_oc=AdnqrjDN_BNjSSHWO-GbkIWH6fkGMLw4bqvL_NH6e2wMveX7G-rP2dAqsDSq1mJMOaY&#038;_nc_zt=24&#038;_nc_ht=scontent-gig4-1.xx&#038;_nc_gid=AoBFJeGrT1hVaew_6rchkQ&#038;oh=00_AfX7QmFGhQhG2jAllVgXCiM1ZrWgvtp80-Bfppyexh1QEg&#038;oe=689E923C","og:image:secure_url":"https:\/\/scontent-gig4-1.xx.fbcdn.net\/v\/t39.30808-1\/270437624_4564083193639691_6907940295614233970_n.jpg?stp=dst-jpg_s200x200_tt6&#038;_nc_cat=111&#038;ccb=1-7&#038;_nc_sid=f907e8&#038;_nc_ohc=SM1wRlP3lJwQ7kNvwEPuBYA&#038;_nc_oc=AdnqrjDN_BNjSSHWO-GbkIWH6fkGMLw4bqvL_NH6e2wMveX7G-rP2dAqsDSq1mJMOaY&#038;_nc_zt=24&#038;_nc_ht=scontent-gig4-1.xx&#038;_nc_gid=AoBFJeGrT1hVaew_6rchkQ&#038;oh=00_AfX7QmFGhQhG2jAllVgXCiM1ZrWgvtp80-Bfppyexh1QEg&#038;oe=689E923C","article:published_time":"2017-10-05T21:04:54+00:00","article:modified_time":"2017-10-05T21:08:18+00:00","twitter:card":"summary_large_image","twitter:title":"Sociarte 06.11 - A Not\u00edcia Online","twitter:description":"Batizado de Jos\u00e9 Henrique Os papais Emiliane L. da Fonseca e Gelson Crist\u00f3vam de Souza batizaram o primog\u00eanito Jos\u00e9 Henrique Fonseca de Souza, de tr\u00eas meses, na Igreja Nossa Senhora da Concei\u00e7\u00e3o, na Barra, no dia 01\/10. Em cerim\u00f4nia realizada pelo Padre Carlos, Jos\u00e9 Henrique se tornou um crist\u00e3o e recebeu as b\u00ean\u00e7\u00e3os de Deus.","twitter:image":"https:\/\/scontent-gig4-1.xx.fbcdn.net\/v\/t39.30808-1\/270437624_4564083193639691_6907940295614233970_n.jpg?stp=dst-jpg_s200x200_tt6&_nc_cat=111&ccb=1-7&_nc_sid=f907e8&_nc_ohc=SM1wRlP3lJwQ7kNvwEPuBYA&_nc_oc=AdnqrjDN_BNjSSHWO-GbkIWH6fkGMLw4bqvL_NH6e2wMveX7G-rP2dAqsDSq1mJMOaY&_nc_zt=24&_nc_ht=scontent-gig4-1.xx&_nc_gid=AoBFJeGrT1hVaew_6rchkQ&oh=00_AfX7QmFGhQhG2jAllVgXCiM1ZrWgvtp80-Bfppyexh1QEg&oe=689E923C"},"aioseo_meta_data":{"post_id":"41765","title":null,"description":null,"keywords":null,"keyphrases":null,"primary_term":null,"canonical_url":null,"og_title":null,"og_description":null,"og_object_type":"default","og_image_type":"default","og_image_url":null,"og_image_width":null,"og_image_height":null,"og_image_custom_url":null,"og_image_custom_fields":null,"og_video":null,"og_custom_url":null,"og_article_section":null,"og_article_tags":null,"twitter_use_og":false,"twitter_card":"default","twitter_image_type":"default","twitter_image_url":null,"twitter_image_custom_url":null,"twitter_image_custom_fields":null,"twitter_title":null,"twitter_description":null,"schema":{"blockGraphs":[],"customGraphs":[],"default":{"data":{"Article":[],"Course":[],"Dataset":[],"FAQPage":[],"Movie":[],"Person":[],"Product":[],"ProductReview":[],"Car":[],"Recipe":[],"Service":[],"SoftwareApplication":[],"WebPage":[]},"graphName":"","isEnabled":true},"graphs":[]},"schema_type":"default","schema_type_options":null,"pillar_content":false,"robots_default":true,"robots_noindex":false,"robots_noarchive":false,"robots_nosnippet":false,"robots_nofollow":false,"robots_noimageindex":false,"robots_noodp":false,"robots_notranslate":false,"robots_max_snippet":null,"robots_max_videopreview":null,"robots_max_imagepreview":"large","priority":null,"frequency":null,"local_seo":null,"breadcrumb_settings":null,"limit_modified_date":false,"ai":null,"created":"2025-08-16 19:36:14","updated":"2025-08-16 19:36:14","focus_keyword":null,"additional_keywords":null,"truseo_locale":null,"seo_analyzer_scan_date":null},"aioseo_breadcrumb":"<div class=\"aioseo-breadcrumbs\"><span class=\"aioseo-breadcrumb\">\n\t\t\t<a href=\"https:\/\/anoticiaonline.com.br\/site\" title=\"Home\">Home<\/a>\n\t\t<\/span><span class=\"aioseo-breadcrumb-separator\">&raquo;<\/span><span class=\"aioseo-breadcrumb\">\n\t\t\t<a href=\"https:\/\/anoticiaonline.com.br\/site\/categoria\/colunistas\/\" title=\"Colunistas\">Colunistas<\/a>\n\t\t<\/span><span class=\"aioseo-breadcrumb-separator\">&raquo;<\/span><span class=\"aioseo-breadcrumb\">\n\t\t\t<a href=\"https:\/\/anoticiaonline.com.br\/site\/categoria\/colunistas\/sociarte\/\" title=\"Sociarte\">Sociarte<\/a>\n\t\t<\/span><span class=\"aioseo-breadcrumb-separator\">&raquo;<\/span><span class=\"aioseo-breadcrumb\">\n\t\t\tSociarte 06.11\n\t\t<\/span><\/div>","aioseo_breadcrumb_json":[{"label":"Home","link":"https:\/\/anoticiaonline.com.br\/site"},{"label":"Colunistas","link":"https:\/\/anoticiaonline.com.br\/site\/categoria\/colunistas\/"},{"label":"Sociarte","link":"https:\/\/anoticiaonline.com.br\/site\/categoria\/colunistas\/sociarte\/"},{"label":"Sociarte 06.11","link":"https:\/\/anoticiaonline.com.br\/site\/sociarte-06-11\/"}],"views":137,"_links":{"self":[{"href":"https:\/\/anoticiaonline.com.br\/site\/wp-json\/wp\/v2\/posts\/41765","targetHints":{"allow":["GET"]}}],"collection":[{"href":"https:\/\/anoticiaonline.com.br\/site\/wp-json\/wp\/v2\/posts"}],"about":[{"href":"https:\/\/anoticiaonline.com.br\/site\/wp-json\/wp\/v2\/types\/post"}],"author":[{"embeddable":true,"href":"https:\/\/anoticiaonline.com.br\/site\/wp-json\/wp\/v2\/users\/2"}],"replies":[{"embeddable":true,"href":"https:\/\/anoticiaonline.com.br\/site\/wp-json\/wp\/v2\/comments?post=41765"}],"version-history":[{"count":0,"href":"https:\/\/anoticiaonline.com.br\/site\/wp-json\/wp\/v2\/posts\/41765\/revisions"}],"wp:attachment":[{"href":"https:\/\/anoticiaonline.com.br\/site\/wp-json\/wp\/v2\/media?parent=41765"}],"wp:term":[{"taxonomy":"category","embeddable":true,"href":"https:\/\/anoticiaonline.com.br\/site\/wp-json\/wp\/v2\/categories?post=41765"},{"taxonomy":"post_tag","embeddable":true,"href":"https:\/\/anoticiaonline.com.br\/site\/wp-json\/wp\/v2\/tags?post=41765"}],"curies":[{"name":"wp","href":"https:\/\/api.w.org\/{rel}","templated":true}]}}