{"id":4176,"date":"2015-10-01T08:00:02","date_gmt":"2015-10-01T11:00:02","guid":{"rendered":"http:\/\/anoticiaonline.com.br\/site\/?p=4176"},"modified":"2015-09-30T12:05:25","modified_gmt":"2015-09-30T15:05:25","slug":"47o-bpm-lanca-rede-de-postos-protegidos","status":"publish","type":"post","link":"https:\/\/anoticiaonline.com.br\/site\/47o-bpm-lanca-rede-de-postos-protegidos\/","title":{"rendered":"47\u00ba BPM lan\u00e7a \u201cRede de Postos Protegidos\u201d"},"content":{"rendered":"<p><a href=\"https:\/\/anoticiaonline.com.br\/site\/wp-content\/uploads\/2015\/09\/47\u00ba-BPM-lan\u00e7a-\u201cRede-de-Postos-Protegidos\u201d.jpg\"><img fetchpriority=\"high\" decoding=\"async\" class=\" size-medium wp-image-4177 alignleft\" src=\"https:\/\/anoticiaonline.com.br\/site\/wp-content\/uploads\/2015\/09\/47\u00ba-BPM-lan\u00e7a-\u201cRede-de-Postos-Protegidos\u201d-300x225.jpg\" alt=\"47\u00ba BPM lan\u00e7a \u201cRede de Postos Protegidos\u201d\" width=\"300\" height=\"225\" \/><\/a>O 47\u00ba Batalh\u00e3o de Pol\u00edcia Militar lan\u00e7ou um projeto que visa a preven\u00e7\u00e3o e redu\u00e7\u00e3o de crimes contra postos de combust\u00edveis. A apresenta\u00e7\u00e3o oficial do \u201cRede de Postos Protegidos\u201d aconteceu nesta quarta-feira (30), na sede da unidade, no Safira. Todo o funcionamento foi explicado pelo comandante da 76\u00aa Companhia de Pol\u00edcia Militar, capit\u00e3o Fortunato e pelo gestor do projeto, tenente Reinaldo.<\/p>\n<p>O objetivo da iniciativa \u00e9 a cria\u00e7\u00e3o de uma rede de autoprote\u00e7\u00e3o, visando a troca de informa\u00e7\u00f5es e experi\u00eancias para a preven\u00e7\u00e3o criminal, principalmente da criminalidade violenta, nesses estabelecimentos, atrav\u00e9s de um contato entre os profissionais e a Pol\u00edcia Militar. \u201cMuitos desses postos, por lidarem diretamente com o com\u00e9rcio e o fluxo de dinheiro, s\u00e3o alvos, muitas vezes, da a\u00e7\u00e3o de delinquentes\u201d, afirma o capit\u00e3o Fortunato.<\/p>\n<p>Nos postos de combust\u00edveis que se integraram ao projeto, ser\u00e1 fixada uma placa de identifica\u00e7\u00e3o visual, indicando que aquele estabelecimento faz parte do \u201cRede de Postos Protegidos\u201d. Segundo o capit\u00e3o Fortunato, mais de 70% dos postos da cidade j\u00e1 aderiram ao projeto. \u201cA ideia \u00e9 que cheguemos a 100%, para que possamos promover a m\u00e1xima seguran\u00e7a para profissionais que trabalham neste servi\u00e7o\u201d, destaca.<\/p>\n","protected":false},"excerpt":{"rendered":"<p>O 47\u00ba Batalh\u00e3o de Pol\u00edcia Militar lan\u00e7ou um projeto que visa a preven\u00e7\u00e3o e redu\u00e7\u00e3o de crimes contra postos de combust\u00edveis. A apresenta\u00e7\u00e3o oficial do \u201cRede de Postos Protegidos\u201d aconteceu nesta quarta-feira (30), na sede da unidade, no Safira. Todo o funcionamento foi explicado pelo comandante da 76\u00aa Companhia de Pol\u00edcia Militar, capit\u00e3o Fortunato e &#8230; <a title=\"47\u00ba BPM lan\u00e7a \u201cRede de Postos Protegidos\u201d\" class=\"read-more\" href=\"https:\/\/anoticiaonline.com.br\/site\/47o-bpm-lanca-rede-de-postos-protegidos\/\" aria-label=\"Read more about 47\u00ba BPM lan\u00e7a \u201cRede de Postos Protegidos\u201d\">Ler mais<\/a><\/p>\n","protected":false},"author":2,"featured_media":0,"comment_status":"open","ping_status":"open","sticky":false,"template":"","format":"standard","meta":{"_acf_changed":false,"_monsterinsights_skip_tracking":false,"footnotes":""},"categories":[30],"tags":[3],"class_list":["post-4176","post","type-post","status-publish","format-standard","hentry","category-muriae","tag-slide"],"acf":[],"aioseo_notices":[],"aioseo_head":"\n\t\t<!-- All in One SEO 5.0.0.1 - aioseo.com -->\n\t<meta name=\"description\" content=\"O 47\u00ba Batalh\u00e3o de Pol\u00edcia Militar lan\u00e7ou um projeto que visa a preven\u00e7\u00e3o e redu\u00e7\u00e3o de crimes contra postos de combust\u00edveis. A apresenta\u00e7\u00e3o oficial do \u201cRede de Postos Protegidos\u201d aconteceu nesta quarta-feira (30), na sede da unidade, no Safira. Todo o funcionamento foi explicado pelo comandante da 76\u00aa Companhia de Pol\u00edcia Militar, capit\u00e3o Fortunato e\" \/>\n\t<meta name=\"robots\" content=\"max-image-preview:large\" \/>\n\t<meta name=\"author\" content=\"Juliana Laviola\"\/>\n\t<link rel=\"canonical\" href=\"https:\/\/anoticiaonline.com.br\/site\/47o-bpm-lanca-rede-de-postos-protegidos\/\" \/>\n\t<meta name=\"generator\" content=\"All in One SEO (AIOSEO) 5.0.0.1\" \/>\n\t\t<meta property=\"og:locale\" content=\"pt_BR\" \/>\n\t\t<meta property=\"og:site_name\" content=\"A Not\u00edcia Online - Noticias de Muria\u00e9 e regi\u00e3o\" \/>\n\t\t<meta property=\"og:type\" content=\"article\" \/>\n\t\t<meta property=\"og:title\" content=\"47\u00ba BPM lan\u00e7a \u201cRede de Postos Protegidos\u201d - A Not\u00edcia Online\" \/>\n\t\t<meta property=\"og:description\" content=\"O 47\u00ba Batalh\u00e3o de Pol\u00edcia Militar lan\u00e7ou um projeto que visa a preven\u00e7\u00e3o e redu\u00e7\u00e3o de crimes contra postos de combust\u00edveis. A apresenta\u00e7\u00e3o oficial do \u201cRede de Postos Protegidos\u201d aconteceu nesta quarta-feira (30), na sede da unidade, no Safira. Todo o funcionamento foi explicado pelo comandante da 76\u00aa Companhia de Pol\u00edcia Militar, capit\u00e3o Fortunato e\" \/>\n\t\t<meta property=\"og:url\" content=\"https:\/\/anoticiaonline.com.br\/site\/47o-bpm-lanca-rede-de-postos-protegidos\/\" \/>\n\t\t<meta property=\"og:image\" content=\"https:\/\/scontent-gig4-1.xx.fbcdn.net\/v\/t39.30808-1\/270437624_4564083193639691_6907940295614233970_n.jpg?stp=dst-jpg_s200x200_tt6&#038;_nc_cat=111&#038;ccb=1-7&#038;_nc_sid=f907e8&#038;_nc_ohc=SM1wRlP3lJwQ7kNvwEPuBYA&#038;_nc_oc=AdnqrjDN_BNjSSHWO-GbkIWH6fkGMLw4bqvL_NH6e2wMveX7G-rP2dAqsDSq1mJMOaY&#038;_nc_zt=24&#038;_nc_ht=scontent-gig4-1.xx&#038;_nc_gid=AoBFJeGrT1hVaew_6rchkQ&#038;oh=00_AfX7QmFGhQhG2jAllVgXCiM1ZrWgvtp80-Bfppyexh1QEg&#038;oe=689E923C\" \/>\n\t\t<meta property=\"og:image:secure_url\" content=\"https:\/\/scontent-gig4-1.xx.fbcdn.net\/v\/t39.30808-1\/270437624_4564083193639691_6907940295614233970_n.jpg?stp=dst-jpg_s200x200_tt6&#038;_nc_cat=111&#038;ccb=1-7&#038;_nc_sid=f907e8&#038;_nc_ohc=SM1wRlP3lJwQ7kNvwEPuBYA&#038;_nc_oc=AdnqrjDN_BNjSSHWO-GbkIWH6fkGMLw4bqvL_NH6e2wMveX7G-rP2dAqsDSq1mJMOaY&#038;_nc_zt=24&#038;_nc_ht=scontent-gig4-1.xx&#038;_nc_gid=AoBFJeGrT1hVaew_6rchkQ&#038;oh=00_AfX7QmFGhQhG2jAllVgXCiM1ZrWgvtp80-Bfppyexh1QEg&#038;oe=689E923C\" \/>\n\t\t<meta property=\"article:published_time\" content=\"2015-10-01T11:00:02+00:00\" \/>\n\t\t<meta property=\"article:modified_time\" content=\"2015-09-30T15:05:25+00:00\" \/>\n\t\t<meta name=\"twitter:card\" content=\"summary_large_image\" \/>\n\t\t<meta name=\"twitter:title\" content=\"47\u00ba BPM lan\u00e7a \u201cRede de Postos Protegidos\u201d - A Not\u00edcia Online\" \/>\n\t\t<meta name=\"twitter:description\" content=\"O 47\u00ba Batalh\u00e3o de Pol\u00edcia Militar lan\u00e7ou um projeto que visa a preven\u00e7\u00e3o e redu\u00e7\u00e3o de crimes contra postos de combust\u00edveis. A apresenta\u00e7\u00e3o oficial do \u201cRede de Postos Protegidos\u201d aconteceu nesta quarta-feira (30), na sede da unidade, no Safira. Todo o funcionamento foi explicado pelo comandante da 76\u00aa Companhia de Pol\u00edcia Militar, capit\u00e3o Fortunato e\" \/>\n\t\t<meta name=\"twitter:image\" content=\"https:\/\/scontent-gig4-1.xx.fbcdn.net\/v\/t39.30808-1\/270437624_4564083193639691_6907940295614233970_n.jpg?stp=dst-jpg_s200x200_tt6&amp;_nc_cat=111&amp;ccb=1-7&amp;_nc_sid=f907e8&amp;_nc_ohc=SM1wRlP3lJwQ7kNvwEPuBYA&amp;_nc_oc=AdnqrjDN_BNjSSHWO-GbkIWH6fkGMLw4bqvL_NH6e2wMveX7G-rP2dAqsDSq1mJMOaY&amp;_nc_zt=24&amp;_nc_ht=scontent-gig4-1.xx&amp;_nc_gid=AoBFJeGrT1hVaew_6rchkQ&amp;oh=00_AfX7QmFGhQhG2jAllVgXCiM1ZrWgvtp80-Bfppyexh1QEg&amp;oe=689E923C\" \/>\n\t\t<script type=\"application\/ld+json\" class=\"aioseo-schema\">\n\t\t\t{\"@context\":\"https:\\\/\\\/schema.org\",\"@graph\":[{\"@type\":\"BlogPosting\",\"@id\":\"https:\\\/\\\/anoticiaonline.com.br\\\/site\\\/47o-bpm-lanca-rede-de-postos-protegidos\\\/#blogposting\",\"name\":\"47\\u00ba BPM lan\\u00e7a \\u201cRede de Postos Protegidos\\u201d - A Not\\u00edcia Online\",\"headline\":\"47\\u00ba BPM lan\\u00e7a \\u201cRede de Postos Protegidos\\u201d\",\"author\":{\"@id\":\"https:\\\/\\\/anoticiaonline.com.br\\\/site\\\/author\\\/juliana\\\/#author\"},\"publisher\":{\"@id\":\"https:\\\/\\\/anoticiaonline.com.br\\\/site\\\/#organization\"},\"image\":{\"@type\":\"ImageObject\",\"url\":\"http:\\\/\\\/anoticiaonline.com.br\\\/site\\\/wp-content\\\/uploads\\\/2015\\\/09\\\/47\\u00ba-BPM-lan\\u00e7a-\\u201cRede-de-Postos-Protegidos\\u201d-300x225.jpg\",\"@id\":\"https:\\\/\\\/anoticiaonline.com.br\\\/site\\\/47o-bpm-lanca-rede-de-postos-protegidos\\\/#articleImage\"},\"datePublished\":\"2015-10-01T08:00:02-03:00\",\"dateModified\":\"2015-09-30T12:05:25-03:00\",\"inLanguage\":\"pt-BR\",\"mainEntityOfPage\":{\"@id\":\"https:\\\/\\\/anoticiaonline.com.br\\\/site\\\/47o-bpm-lanca-rede-de-postos-protegidos\\\/#webpage\"},\"isPartOf\":{\"@id\":\"https:\\\/\\\/anoticiaonline.com.br\\\/site\\\/47o-bpm-lanca-rede-de-postos-protegidos\\\/#webpage\"},\"articleSection\":\"Blog, slide\"},{\"@type\":\"BreadcrumbList\",\"@id\":\"https:\\\/\\\/anoticiaonline.com.br\\\/site\\\/47o-bpm-lanca-rede-de-postos-protegidos\\\/#breadcrumblist\",\"itemListElement\":[{\"@type\":\"ListItem\",\"@id\":\"https:\\\/\\\/anoticiaonline.com.br\\\/site#listItem\",\"position\":1,\"name\":\"Home\",\"item\":\"https:\\\/\\\/anoticiaonline.com.br\\\/site\",\"nextItem\":{\"@type\":\"ListItem\",\"@id\":\"https:\\\/\\\/anoticiaonline.com.br\\\/site\\\/categoria\\\/muriae\\\/#listItem\",\"name\":\"Blog\"}},{\"@type\":\"ListItem\",\"@id\":\"https:\\\/\\\/anoticiaonline.com.br\\\/site\\\/categoria\\\/muriae\\\/#listItem\",\"position\":2,\"name\":\"Blog\",\"item\":\"https:\\\/\\\/anoticiaonline.com.br\\\/site\\\/categoria\\\/muriae\\\/\",\"nextItem\":{\"@type\":\"ListItem\",\"@id\":\"https:\\\/\\\/anoticiaonline.com.br\\\/site\\\/47o-bpm-lanca-rede-de-postos-protegidos\\\/#listItem\",\"name\":\"47\\u00ba BPM lan\\u00e7a \\u201cRede de Postos Protegidos\\u201d\"},\"previousItem\":{\"@type\":\"ListItem\",\"@id\":\"https:\\\/\\\/anoticiaonline.com.br\\\/site#listItem\",\"name\":\"Home\"}},{\"@type\":\"ListItem\",\"@id\":\"https:\\\/\\\/anoticiaonline.com.br\\\/site\\\/47o-bpm-lanca-rede-de-postos-protegidos\\\/#listItem\",\"position\":3,\"name\":\"47\\u00ba BPM lan\\u00e7a \\u201cRede de Postos Protegidos\\u201d\",\"previousItem\":{\"@type\":\"ListItem\",\"@id\":\"https:\\\/\\\/anoticiaonline.com.br\\\/site\\\/categoria\\\/muriae\\\/#listItem\",\"name\":\"Blog\"}}]},{\"@type\":\"Organization\",\"@id\":\"https:\\\/\\\/anoticiaonline.com.br\\\/site\\\/#organization\",\"name\":\"A Not\\u00edcia Online\",\"description\":\"Noticias de Muria\\u00e9 e regi\\u00e3o\",\"url\":\"https:\\\/\\\/anoticiaonline.com.br\\\/site\\\/\",\"logo\":{\"@type\":\"ImageObject\",\"url\":\"https:\\\/\\\/scontent-gig4-1.xx.fbcdn.net\\\/v\\\/t39.30808-1\\\/270437624_4564083193639691_6907940295614233970_n.jpg?stp=dst-jpg_s200x200_tt6&_nc_cat=111&ccb=1-7&_nc_sid=f907e8&_nc_ohc=SM1wRlP3lJwQ7kNvwEPuBYA&_nc_oc=AdnqrjDN_BNjSSHWO-GbkIWH6fkGMLw4bqvL_NH6e2wMveX7G-rP2dAqsDSq1mJMOaY&_nc_zt=24&_nc_ht=scontent-gig4-1.xx&_nc_gid=AoBFJeGrT1hVaew_6rchkQ&oh=00_AfX7QmFGhQhG2jAllVgXCiM1ZrWgvtp80-Bfppyexh1QEg&oe=689E923C\",\"@id\":\"https:\\\/\\\/anoticiaonline.com.br\\\/site\\\/47o-bpm-lanca-rede-de-postos-protegidos\\\/#organizationLogo\"},\"image\":{\"@id\":\"https:\\\/\\\/anoticiaonline.com.br\\\/site\\\/47o-bpm-lanca-rede-de-postos-protegidos\\\/#organizationLogo\"}},{\"@type\":\"Person\",\"@id\":\"https:\\\/\\\/anoticiaonline.com.br\\\/site\\\/author\\\/juliana\\\/#author\",\"url\":\"https:\\\/\\\/anoticiaonline.com.br\\\/site\\\/author\\\/juliana\\\/\",\"name\":\"Juliana Laviola\",\"image\":{\"@type\":\"ImageObject\",\"@id\":\"https:\\\/\\\/anoticiaonline.com.br\\\/site\\\/47o-bpm-lanca-rede-de-postos-protegidos\\\/#authorImage\",\"url\":\"https:\\\/\\\/secure.gravatar.com\\\/avatar\\\/b8d45f5c699b100dfaf0e543582f38f38bf94cb7ae3a5e9abf8d891a34773335?s=96&d=mm&r=g\",\"width\":96,\"height\":96,\"caption\":\"Juliana Laviola\"}},{\"@type\":\"WebPage\",\"@id\":\"https:\\\/\\\/anoticiaonline.com.br\\\/site\\\/47o-bpm-lanca-rede-de-postos-protegidos\\\/#webpage\",\"url\":\"https:\\\/\\\/anoticiaonline.com.br\\\/site\\\/47o-bpm-lanca-rede-de-postos-protegidos\\\/\",\"name\":\"47\\u00ba BPM lan\\u00e7a \\u201cRede de Postos Protegidos\\u201d - A Not\\u00edcia Online\",\"description\":\"O 47\\u00ba Batalh\\u00e3o de Pol\\u00edcia Militar lan\\u00e7ou um projeto que visa a preven\\u00e7\\u00e3o e redu\\u00e7\\u00e3o de crimes contra postos de combust\\u00edveis. A apresenta\\u00e7\\u00e3o oficial do \\u201cRede de Postos Protegidos\\u201d aconteceu nesta quarta-feira (30), na sede da unidade, no Safira. Todo o funcionamento foi explicado pelo comandante da 76\\u00aa Companhia de Pol\\u00edcia Militar, capit\\u00e3o Fortunato e\",\"inLanguage\":\"pt-BR\",\"isPartOf\":{\"@id\":\"https:\\\/\\\/anoticiaonline.com.br\\\/site\\\/#website\"},\"breadcrumb\":{\"@id\":\"https:\\\/\\\/anoticiaonline.com.br\\\/site\\\/47o-bpm-lanca-rede-de-postos-protegidos\\\/#breadcrumblist\"},\"author\":{\"@id\":\"https:\\\/\\\/anoticiaonline.com.br\\\/site\\\/author\\\/juliana\\\/#author\"},\"creator\":{\"@id\":\"https:\\\/\\\/anoticiaonline.com.br\\\/site\\\/author\\\/juliana\\\/#author\"},\"datePublished\":\"2015-10-01T08:00:02-03:00\",\"dateModified\":\"2015-09-30T12:05:25-03:00\"},{\"@type\":\"WebSite\",\"@id\":\"https:\\\/\\\/anoticiaonline.com.br\\\/site\\\/#website\",\"url\":\"https:\\\/\\\/anoticiaonline.com.br\\\/site\\\/\",\"name\":\"A Not\\u00edcia Online\",\"description\":\"Noticias de Muria\\u00e9 e regi\\u00e3o\",\"inLanguage\":\"pt-BR\",\"publisher\":{\"@id\":\"https:\\\/\\\/anoticiaonline.com.br\\\/site\\\/#organization\"}}]}\n\t\t<\/script>\n\t\t<!-- All in One SEO -->\n\n","aioseo_head_json":{"title":"47\u00ba BPM lan\u00e7a \u201cRede de Postos Protegidos\u201d - A Not\u00edcia Online","description":"O 47\u00ba Batalh\u00e3o de Pol\u00edcia Militar lan\u00e7ou um projeto que visa a preven\u00e7\u00e3o e redu\u00e7\u00e3o de crimes contra postos de combust\u00edveis. A apresenta\u00e7\u00e3o oficial do \u201cRede de Postos Protegidos\u201d aconteceu nesta quarta-feira (30), na sede da unidade, no Safira. Todo o funcionamento foi explicado pelo comandante da 76\u00aa Companhia de Pol\u00edcia Militar, capit\u00e3o Fortunato e","canonical_url":"https:\/\/anoticiaonline.com.br\/site\/47o-bpm-lanca-rede-de-postos-protegidos\/","robots":"max-image-preview:large","keywords":"","webmasterTools":{"miscellaneous":""},"schema":{"@context":"https:\/\/schema.org","@graph":[{"@type":"BlogPosting","@id":"https:\/\/anoticiaonline.com.br\/site\/47o-bpm-lanca-rede-de-postos-protegidos\/#blogposting","name":"47\u00ba BPM lan\u00e7a \u201cRede de Postos Protegidos\u201d - A Not\u00edcia Online","headline":"47\u00ba BPM lan\u00e7a \u201cRede de Postos Protegidos\u201d","author":{"@id":"https:\/\/anoticiaonline.com.br\/site\/author\/juliana\/#author"},"publisher":{"@id":"https:\/\/anoticiaonline.com.br\/site\/#organization"},"image":{"@type":"ImageObject","url":"http:\/\/anoticiaonline.com.br\/site\/wp-content\/uploads\/2015\/09\/47\u00ba-BPM-lan\u00e7a-\u201cRede-de-Postos-Protegidos\u201d-300x225.jpg","@id":"https:\/\/anoticiaonline.com.br\/site\/47o-bpm-lanca-rede-de-postos-protegidos\/#articleImage"},"datePublished":"2015-10-01T08:00:02-03:00","dateModified":"2015-09-30T12:05:25-03:00","inLanguage":"pt-BR","mainEntityOfPage":{"@id":"https:\/\/anoticiaonline.com.br\/site\/47o-bpm-lanca-rede-de-postos-protegidos\/#webpage"},"isPartOf":{"@id":"https:\/\/anoticiaonline.com.br\/site\/47o-bpm-lanca-rede-de-postos-protegidos\/#webpage"},"articleSection":"Blog, slide"},{"@type":"BreadcrumbList","@id":"https:\/\/anoticiaonline.com.br\/site\/47o-bpm-lanca-rede-de-postos-protegidos\/#breadcrumblist","itemListElement":[{"@type":"ListItem","@id":"https:\/\/anoticiaonline.com.br\/site#listItem","position":1,"name":"Home","item":"https:\/\/anoticiaonline.com.br\/site","nextItem":{"@type":"ListItem","@id":"https:\/\/anoticiaonline.com.br\/site\/categoria\/muriae\/#listItem","name":"Blog"}},{"@type":"ListItem","@id":"https:\/\/anoticiaonline.com.br\/site\/categoria\/muriae\/#listItem","position":2,"name":"Blog","item":"https:\/\/anoticiaonline.com.br\/site\/categoria\/muriae\/","nextItem":{"@type":"ListItem","@id":"https:\/\/anoticiaonline.com.br\/site\/47o-bpm-lanca-rede-de-postos-protegidos\/#listItem","name":"47\u00ba BPM lan\u00e7a \u201cRede de Postos Protegidos\u201d"},"previousItem":{"@type":"ListItem","@id":"https:\/\/anoticiaonline.com.br\/site#listItem","name":"Home"}},{"@type":"ListItem","@id":"https:\/\/anoticiaonline.com.br\/site\/47o-bpm-lanca-rede-de-postos-protegidos\/#listItem","position":3,"name":"47\u00ba BPM lan\u00e7a \u201cRede de Postos Protegidos\u201d","previousItem":{"@type":"ListItem","@id":"https:\/\/anoticiaonline.com.br\/site\/categoria\/muriae\/#listItem","name":"Blog"}}]},{"@type":"Organization","@id":"https:\/\/anoticiaonline.com.br\/site\/#organization","name":"A Not\u00edcia Online","description":"Noticias de Muria\u00e9 e regi\u00e3o","url":"https:\/\/anoticiaonline.com.br\/site\/","logo":{"@type":"ImageObject","url":"https:\/\/scontent-gig4-1.xx.fbcdn.net\/v\/t39.30808-1\/270437624_4564083193639691_6907940295614233970_n.jpg?stp=dst-jpg_s200x200_tt6&_nc_cat=111&ccb=1-7&_nc_sid=f907e8&_nc_ohc=SM1wRlP3lJwQ7kNvwEPuBYA&_nc_oc=AdnqrjDN_BNjSSHWO-GbkIWH6fkGMLw4bqvL_NH6e2wMveX7G-rP2dAqsDSq1mJMOaY&_nc_zt=24&_nc_ht=scontent-gig4-1.xx&_nc_gid=AoBFJeGrT1hVaew_6rchkQ&oh=00_AfX7QmFGhQhG2jAllVgXCiM1ZrWgvtp80-Bfppyexh1QEg&oe=689E923C","@id":"https:\/\/anoticiaonline.com.br\/site\/47o-bpm-lanca-rede-de-postos-protegidos\/#organizationLogo"},"image":{"@id":"https:\/\/anoticiaonline.com.br\/site\/47o-bpm-lanca-rede-de-postos-protegidos\/#organizationLogo"}},{"@type":"Person","@id":"https:\/\/anoticiaonline.com.br\/site\/author\/juliana\/#author","url":"https:\/\/anoticiaonline.com.br\/site\/author\/juliana\/","name":"Juliana Laviola","image":{"@type":"ImageObject","@id":"https:\/\/anoticiaonline.com.br\/site\/47o-bpm-lanca-rede-de-postos-protegidos\/#authorImage","url":"https:\/\/secure.gravatar.com\/avatar\/b8d45f5c699b100dfaf0e543582f38f38bf94cb7ae3a5e9abf8d891a34773335?s=96&d=mm&r=g","width":96,"height":96,"caption":"Juliana Laviola"}},{"@type":"WebPage","@id":"https:\/\/anoticiaonline.com.br\/site\/47o-bpm-lanca-rede-de-postos-protegidos\/#webpage","url":"https:\/\/anoticiaonline.com.br\/site\/47o-bpm-lanca-rede-de-postos-protegidos\/","name":"47\u00ba BPM lan\u00e7a \u201cRede de Postos Protegidos\u201d - A Not\u00edcia Online","description":"O 47\u00ba Batalh\u00e3o de Pol\u00edcia Militar lan\u00e7ou um projeto que visa a preven\u00e7\u00e3o e redu\u00e7\u00e3o de crimes contra postos de combust\u00edveis. A apresenta\u00e7\u00e3o oficial do \u201cRede de Postos Protegidos\u201d aconteceu nesta quarta-feira (30), na sede da unidade, no Safira. Todo o funcionamento foi explicado pelo comandante da 76\u00aa Companhia de Pol\u00edcia Militar, capit\u00e3o Fortunato e","inLanguage":"pt-BR","isPartOf":{"@id":"https:\/\/anoticiaonline.com.br\/site\/#website"},"breadcrumb":{"@id":"https:\/\/anoticiaonline.com.br\/site\/47o-bpm-lanca-rede-de-postos-protegidos\/#breadcrumblist"},"author":{"@id":"https:\/\/anoticiaonline.com.br\/site\/author\/juliana\/#author"},"creator":{"@id":"https:\/\/anoticiaonline.com.br\/site\/author\/juliana\/#author"},"datePublished":"2015-10-01T08:00:02-03:00","dateModified":"2015-09-30T12:05:25-03:00"},{"@type":"WebSite","@id":"https:\/\/anoticiaonline.com.br\/site\/#website","url":"https:\/\/anoticiaonline.com.br\/site\/","name":"A Not\u00edcia Online","description":"Noticias de Muria\u00e9 e regi\u00e3o","inLanguage":"pt-BR","publisher":{"@id":"https:\/\/anoticiaonline.com.br\/site\/#organization"}}]},"og:locale":"pt_BR","og:site_name":"A Not\u00edcia Online - Noticias de Muria\u00e9 e regi\u00e3o","og:type":"article","og:title":"47\u00ba BPM lan\u00e7a \u201cRede de Postos Protegidos\u201d - A Not\u00edcia Online","og:description":"O 47\u00ba Batalh\u00e3o de Pol\u00edcia Militar lan\u00e7ou um projeto que visa a preven\u00e7\u00e3o e redu\u00e7\u00e3o de crimes contra postos de combust\u00edveis. A apresenta\u00e7\u00e3o oficial do \u201cRede de Postos Protegidos\u201d aconteceu nesta quarta-feira (30), na sede da unidade, no Safira. Todo o funcionamento foi explicado pelo comandante da 76\u00aa Companhia de Pol\u00edcia Militar, capit\u00e3o Fortunato e","og:url":"https:\/\/anoticiaonline.com.br\/site\/47o-bpm-lanca-rede-de-postos-protegidos\/","og:image":"https:\/\/scontent-gig4-1.xx.fbcdn.net\/v\/t39.30808-1\/270437624_4564083193639691_6907940295614233970_n.jpg?stp=dst-jpg_s200x200_tt6&#038;_nc_cat=111&#038;ccb=1-7&#038;_nc_sid=f907e8&#038;_nc_ohc=SM1wRlP3lJwQ7kNvwEPuBYA&#038;_nc_oc=AdnqrjDN_BNjSSHWO-GbkIWH6fkGMLw4bqvL_NH6e2wMveX7G-rP2dAqsDSq1mJMOaY&#038;_nc_zt=24&#038;_nc_ht=scontent-gig4-1.xx&#038;_nc_gid=AoBFJeGrT1hVaew_6rchkQ&#038;oh=00_AfX7QmFGhQhG2jAllVgXCiM1ZrWgvtp80-Bfppyexh1QEg&#038;oe=689E923C","og:image:secure_url":"https:\/\/scontent-gig4-1.xx.fbcdn.net\/v\/t39.30808-1\/270437624_4564083193639691_6907940295614233970_n.jpg?stp=dst-jpg_s200x200_tt6&#038;_nc_cat=111&#038;ccb=1-7&#038;_nc_sid=f907e8&#038;_nc_ohc=SM1wRlP3lJwQ7kNvwEPuBYA&#038;_nc_oc=AdnqrjDN_BNjSSHWO-GbkIWH6fkGMLw4bqvL_NH6e2wMveX7G-rP2dAqsDSq1mJMOaY&#038;_nc_zt=24&#038;_nc_ht=scontent-gig4-1.xx&#038;_nc_gid=AoBFJeGrT1hVaew_6rchkQ&#038;oh=00_AfX7QmFGhQhG2jAllVgXCiM1ZrWgvtp80-Bfppyexh1QEg&#038;oe=689E923C","article:published_time":"2015-10-01T11:00:02+00:00","article:modified_time":"2015-09-30T15:05:25+00:00","twitter:card":"summary_large_image","twitter:title":"47\u00ba BPM lan\u00e7a \u201cRede de Postos Protegidos\u201d - A Not\u00edcia Online","twitter:description":"O 47\u00ba Batalh\u00e3o de Pol\u00edcia Militar lan\u00e7ou um projeto que visa a preven\u00e7\u00e3o e redu\u00e7\u00e3o de crimes contra postos de combust\u00edveis. A apresenta\u00e7\u00e3o oficial do \u201cRede de Postos Protegidos\u201d aconteceu nesta quarta-feira (30), na sede da unidade, no Safira. Todo o funcionamento foi explicado pelo comandante da 76\u00aa Companhia de Pol\u00edcia Militar, capit\u00e3o Fortunato e","twitter:image":"https:\/\/scontent-gig4-1.xx.fbcdn.net\/v\/t39.30808-1\/270437624_4564083193639691_6907940295614233970_n.jpg?stp=dst-jpg_s200x200_tt6&_nc_cat=111&ccb=1-7&_nc_sid=f907e8&_nc_ohc=SM1wRlP3lJwQ7kNvwEPuBYA&_nc_oc=AdnqrjDN_BNjSSHWO-GbkIWH6fkGMLw4bqvL_NH6e2wMveX7G-rP2dAqsDSq1mJMOaY&_nc_zt=24&_nc_ht=scontent-gig4-1.xx&_nc_gid=AoBFJeGrT1hVaew_6rchkQ&oh=00_AfX7QmFGhQhG2jAllVgXCiM1ZrWgvtp80-Bfppyexh1QEg&oe=689E923C"},"aioseo_meta_data":{"post_id":"4176","title":null,"description":null,"keywords":null,"keyphrases":null,"primary_term":null,"canonical_url":null,"og_title":null,"og_description":null,"og_object_type":"default","og_image_type":"default","og_image_url":null,"og_image_width":null,"og_image_height":null,"og_image_custom_url":null,"og_image_custom_fields":null,"og_video":null,"og_custom_url":null,"og_article_section":null,"og_article_tags":null,"twitter_use_og":false,"twitter_card":"default","twitter_image_type":"default","twitter_image_url":null,"twitter_image_custom_url":null,"twitter_image_custom_fields":null,"twitter_title":null,"twitter_description":null,"schema":{"blockGraphs":[],"customGraphs":[],"default":{"data":{"Article":[],"Course":[],"Dataset":[],"FAQPage":[],"Movie":[],"Person":[],"Product":[],"ProductReview":[],"Car":[],"Recipe":[],"Service":[],"SoftwareApplication":[],"WebPage":[]},"graphName":"","isEnabled":true},"graphs":[]},"schema_type":"default","schema_type_options":null,"pillar_content":false,"robots_default":true,"robots_noindex":false,"robots_noarchive":false,"robots_nosnippet":false,"robots_nofollow":false,"robots_noimageindex":false,"robots_noodp":false,"robots_notranslate":false,"robots_max_snippet":null,"robots_max_videopreview":null,"robots_max_imagepreview":"large","priority":null,"frequency":null,"local_seo":null,"breadcrumb_settings":null,"limit_modified_date":false,"ai":null,"created":"2025-08-16 13:21:36","updated":"2025-08-16 13:21:36","focus_keyword":null,"additional_keywords":null,"truseo_locale":null,"seo_analyzer_scan_date":null},"aioseo_breadcrumb":"<div class=\"aioseo-breadcrumbs\"><span class=\"aioseo-breadcrumb\">\n\t\t\t<a href=\"https:\/\/anoticiaonline.com.br\/site\" title=\"Home\">Home<\/a>\n\t\t<\/span><span class=\"aioseo-breadcrumb-separator\">&raquo;<\/span><span class=\"aioseo-breadcrumb\">\n\t\t\t<a href=\"https:\/\/anoticiaonline.com.br\/site\/categoria\/muriae\/\" title=\"Blog\">Blog<\/a>\n\t\t<\/span><span class=\"aioseo-breadcrumb-separator\">&raquo;<\/span><span class=\"aioseo-breadcrumb\">\n\t\t\t47\u00ba BPM lan\u00e7a \u201cRede de Postos Protegidos\u201d\n\t\t<\/span><\/div>","aioseo_breadcrumb_json":[{"label":"Home","link":"https:\/\/anoticiaonline.com.br\/site"},{"label":"Blog","link":"https:\/\/anoticiaonline.com.br\/site\/categoria\/muriae\/"},{"label":"47\u00ba BPM lan\u00e7a \u201cRede de Postos Protegidos\u201d","link":"https:\/\/anoticiaonline.com.br\/site\/47o-bpm-lanca-rede-de-postos-protegidos\/"}],"views":106,"_links":{"self":[{"href":"https:\/\/anoticiaonline.com.br\/site\/wp-json\/wp\/v2\/posts\/4176","targetHints":{"allow":["GET"]}}],"collection":[{"href":"https:\/\/anoticiaonline.com.br\/site\/wp-json\/wp\/v2\/posts"}],"about":[{"href":"https:\/\/anoticiaonline.com.br\/site\/wp-json\/wp\/v2\/types\/post"}],"author":[{"embeddable":true,"href":"https:\/\/anoticiaonline.com.br\/site\/wp-json\/wp\/v2\/users\/2"}],"replies":[{"embeddable":true,"href":"https:\/\/anoticiaonline.com.br\/site\/wp-json\/wp\/v2\/comments?post=4176"}],"version-history":[{"count":0,"href":"https:\/\/anoticiaonline.com.br\/site\/wp-json\/wp\/v2\/posts\/4176\/revisions"}],"wp:attachment":[{"href":"https:\/\/anoticiaonline.com.br\/site\/wp-json\/wp\/v2\/media?parent=4176"}],"wp:term":[{"taxonomy":"category","embeddable":true,"href":"https:\/\/anoticiaonline.com.br\/site\/wp-json\/wp\/v2\/categories?post=4176"},{"taxonomy":"post_tag","embeddable":true,"href":"https:\/\/anoticiaonline.com.br\/site\/wp-json\/wp\/v2\/tags?post=4176"}],"curies":[{"name":"wp","href":"https:\/\/api.w.org\/{rel}","templated":true}]}}