{"id":41663,"date":"2017-10-05T16:29:53","date_gmt":"2017-10-05T19:29:53","guid":{"rendered":"http:\/\/anoticiaonline.com.br\/site\/?p=41663"},"modified":"2017-10-05T16:35:43","modified_gmt":"2017-10-05T19:35:43","slug":"muriaeenses-viajam-a-tailandia-para-temporada-de-lutas-e-treinamento","status":"publish","type":"post","link":"https:\/\/anoticiaonline.com.br\/site\/muriaeenses-viajam-a-tailandia-para-temporada-de-lutas-e-treinamento\/","title":{"rendered":"Muriaeenses viajam \u00e0 Tail\u00e2ndia para temporada de lutas e treinamento"},"content":{"rendered":"<p><em>Professor e atleta v\u00e3o participar do maior evento de Muaythai do mundo<\/em><\/p>\n<p>Os muriaeenses Gilbert Almeida (l\u00edder da equipe Thai Fighters) e o atleta Wverllan Braga ir\u00e3o, na sexta-feira (6), para uma temporada de treinos e lutas na Tail\u00e2ndia, ber\u00e7o do Muaythai. Durante este per\u00edodo, Wverllan vai competir no maior evento desta arte marcial do mundo \u2013 o Max Muaythai -, onde enfrenta um experiente tailand\u00eas na principal luta da noite.<\/p>\n<p><a href=\"https:\/\/anoticiaonline.com.br\/site\/wp-content\/uploads\/2017\/10\/Muriaeenses-viajam-\u00e0-Tail\u00e2ndia-para-temporada-de-lutas-e-treinamento.jpeg\"><img decoding=\"async\" class=\"size-thumbnail wp-image-41664 alignleft\" src=\"https:\/\/anoticiaonline.com.br\/site\/wp-content\/uploads\/2017\/10\/Muriaeenses-viajam-\u00e0-Tail\u00e2ndia-para-temporada-de-lutas-e-treinamento-150x150.jpeg\" alt=\"\" width=\"150\" height=\"150\" srcset=\"https:\/\/anoticiaonline.com.br\/site\/wp-content\/uploads\/2017\/10\/Muriaeenses-viajam-\u00e0-Tail\u00e2ndia-para-temporada-de-lutas-e-treinamento-150x150.jpeg 150w, https:\/\/anoticiaonline.com.br\/site\/wp-content\/uploads\/2017\/10\/Muriaeenses-viajam-\u00e0-Tail\u00e2ndia-para-temporada-de-lutas-e-treinamento-144x144.jpeg 144w\" sizes=\"(max-width: 150px) 100vw, 150px\" \/><\/a>A previs\u00e3o \u00e9 que o confronto aconte\u00e7a no dia 29 deste m\u00eas. \u201cEstamos preparados para fazermos uma boa luta, pois o treinamento est\u00e1 intenso, voltando especificamente para este evento e at\u00e9 de outros que possam surgir l\u00e1. Sempre que vamos \u00e0 Tail\u00e2ndia, e j\u00e1 fomos \u00e0quele pa\u00eds tr\u00eas vezes, aproveitamos a oportunidade para estudar mais sobre o Muaythai e treinar direto da &#8216;fonte&#8217;\u201d, conta Gilbert, que tamb\u00e9m \u00e9 presidente da Federa\u00e7\u00e3o de Muaythai Mineira e secret\u00e1rio-geral da PMIF (<em>Pairojnoi Muaythai International Federation<\/em>, na sigla em ingl\u00eas).<\/p>\n<p>Tanto Gilbert quanto Wverllan treinar\u00e3o sob a supervis\u00e3o do mestre Pairojnoi, considerado uma \u201clenda viva\u201d desta arte marcial. Eles retornam ao Brasil no dia 7 de novembro.<\/p>\n","protected":false},"excerpt":{"rendered":"<p>Professor e atleta v\u00e3o participar do maior evento de Muaythai do mundo Os muriaeenses Gilbert Almeida (l\u00edder da equipe Thai Fighters) e o atleta Wverllan Braga ir\u00e3o, na sexta-feira (6), para uma temporada de treinos e lutas na Tail\u00e2ndia, ber\u00e7o do Muaythai. Durante este per\u00edodo, Wverllan vai competir no maior evento desta arte marcial do &#8230; <a title=\"Muriaeenses viajam \u00e0 Tail\u00e2ndia para temporada de lutas e treinamento\" class=\"read-more\" href=\"https:\/\/anoticiaonline.com.br\/site\/muriaeenses-viajam-a-tailandia-para-temporada-de-lutas-e-treinamento\/\" aria-label=\"Read more about Muriaeenses viajam \u00e0 Tail\u00e2ndia para temporada de lutas e treinamento\">Ler mais<\/a><\/p>\n","protected":false},"author":2,"featured_media":41664,"comment_status":"open","ping_status":"open","sticky":false,"template":"","format":"standard","meta":{"_acf_changed":false,"_monsterinsights_skip_tracking":false,"footnotes":""},"categories":[30,29],"tags":[47,1245,74,1246],"class_list":["post-41663","post","type-post","status-publish","format-standard","has-post-thumbnail","hentry","category-muriae","category-esporte","tag-esporte","tag-luta","tag-muriae","tag-tailandia"],"acf":[],"aioseo_notices":[],"aioseo_head":"\n\t\t<!-- All in One SEO 5.0.0.1 - aioseo.com -->\n\t<meta name=\"description\" content=\"Professor e atleta v\u00e3o participar do maior evento de Muaythai do mundo Os muriaeenses Gilbert Almeida (l\u00edder da equipe Thai Fighters) e o atleta Wverllan Braga ir\u00e3o, na sexta-feira (6), para uma temporada de treinos e lutas na Tail\u00e2ndia, ber\u00e7o do Muaythai. Durante este per\u00edodo, Wverllan vai competir no maior evento desta arte marcial do\" \/>\n\t<meta name=\"robots\" content=\"max-image-preview:large\" \/>\n\t<meta name=\"author\" content=\"Juliana Laviola\"\/>\n\t<link rel=\"canonical\" href=\"https:\/\/anoticiaonline.com.br\/site\/muriaeenses-viajam-a-tailandia-para-temporada-de-lutas-e-treinamento\/\" \/>\n\t<meta name=\"generator\" content=\"All in One SEO (AIOSEO) 5.0.0.1\" \/>\n\t\t<meta property=\"og:locale\" content=\"pt_BR\" \/>\n\t\t<meta property=\"og:site_name\" content=\"A Not\u00edcia Online - Noticias de Muria\u00e9 e regi\u00e3o\" \/>\n\t\t<meta property=\"og:type\" content=\"article\" \/>\n\t\t<meta property=\"og:title\" content=\"Muriaeenses viajam \u00e0 Tail\u00e2ndia para temporada de lutas e treinamento - A Not\u00edcia Online\" \/>\n\t\t<meta property=\"og:description\" content=\"Professor e atleta v\u00e3o participar do maior evento de Muaythai do mundo Os muriaeenses Gilbert Almeida (l\u00edder da equipe Thai Fighters) e o atleta Wverllan Braga ir\u00e3o, na sexta-feira (6), para uma temporada de treinos e lutas na Tail\u00e2ndia, ber\u00e7o do Muaythai. Durante este per\u00edodo, Wverllan vai competir no maior evento desta arte marcial do\" \/>\n\t\t<meta property=\"og:url\" content=\"https:\/\/anoticiaonline.com.br\/site\/muriaeenses-viajam-a-tailandia-para-temporada-de-lutas-e-treinamento\/\" \/>\n\t\t<meta property=\"og:image\" content=\"https:\/\/scontent-gig4-1.xx.fbcdn.net\/v\/t39.30808-1\/270437624_4564083193639691_6907940295614233970_n.jpg?stp=dst-jpg_s200x200_tt6&#038;_nc_cat=111&#038;ccb=1-7&#038;_nc_sid=f907e8&#038;_nc_ohc=SM1wRlP3lJwQ7kNvwEPuBYA&#038;_nc_oc=AdnqrjDN_BNjSSHWO-GbkIWH6fkGMLw4bqvL_NH6e2wMveX7G-rP2dAqsDSq1mJMOaY&#038;_nc_zt=24&#038;_nc_ht=scontent-gig4-1.xx&#038;_nc_gid=AoBFJeGrT1hVaew_6rchkQ&#038;oh=00_AfX7QmFGhQhG2jAllVgXCiM1ZrWgvtp80-Bfppyexh1QEg&#038;oe=689E923C\" \/>\n\t\t<meta property=\"og:image:secure_url\" content=\"https:\/\/scontent-gig4-1.xx.fbcdn.net\/v\/t39.30808-1\/270437624_4564083193639691_6907940295614233970_n.jpg?stp=dst-jpg_s200x200_tt6&#038;_nc_cat=111&#038;ccb=1-7&#038;_nc_sid=f907e8&#038;_nc_ohc=SM1wRlP3lJwQ7kNvwEPuBYA&#038;_nc_oc=AdnqrjDN_BNjSSHWO-GbkIWH6fkGMLw4bqvL_NH6e2wMveX7G-rP2dAqsDSq1mJMOaY&#038;_nc_zt=24&#038;_nc_ht=scontent-gig4-1.xx&#038;_nc_gid=AoBFJeGrT1hVaew_6rchkQ&#038;oh=00_AfX7QmFGhQhG2jAllVgXCiM1ZrWgvtp80-Bfppyexh1QEg&#038;oe=689E923C\" \/>\n\t\t<meta property=\"article:published_time\" content=\"2017-10-05T19:29:53+00:00\" \/>\n\t\t<meta property=\"article:modified_time\" content=\"2017-10-05T19:35:43+00:00\" \/>\n\t\t<meta name=\"twitter:card\" content=\"summary_large_image\" \/>\n\t\t<meta name=\"twitter:title\" content=\"Muriaeenses viajam \u00e0 Tail\u00e2ndia para temporada de lutas e treinamento - A Not\u00edcia Online\" \/>\n\t\t<meta name=\"twitter:description\" content=\"Professor e atleta v\u00e3o participar do maior evento de Muaythai do mundo Os muriaeenses Gilbert Almeida (l\u00edder da equipe Thai Fighters) e o atleta Wverllan Braga ir\u00e3o, na sexta-feira (6), para uma temporada de treinos e lutas na Tail\u00e2ndia, ber\u00e7o do Muaythai. Durante este per\u00edodo, Wverllan vai competir no maior evento desta arte marcial do\" \/>\n\t\t<meta name=\"twitter:image\" content=\"https:\/\/scontent-gig4-1.xx.fbcdn.net\/v\/t39.30808-1\/270437624_4564083193639691_6907940295614233970_n.jpg?stp=dst-jpg_s200x200_tt6&amp;_nc_cat=111&amp;ccb=1-7&amp;_nc_sid=f907e8&amp;_nc_ohc=SM1wRlP3lJwQ7kNvwEPuBYA&amp;_nc_oc=AdnqrjDN_BNjSSHWO-GbkIWH6fkGMLw4bqvL_NH6e2wMveX7G-rP2dAqsDSq1mJMOaY&amp;_nc_zt=24&amp;_nc_ht=scontent-gig4-1.xx&amp;_nc_gid=AoBFJeGrT1hVaew_6rchkQ&amp;oh=00_AfX7QmFGhQhG2jAllVgXCiM1ZrWgvtp80-Bfppyexh1QEg&amp;oe=689E923C\" \/>\n\t\t<script type=\"application\/ld+json\" class=\"aioseo-schema\">\n\t\t\t{\"@context\":\"https:\\\/\\\/schema.org\",\"@graph\":[{\"@type\":\"BlogPosting\",\"@id\":\"https:\\\/\\\/anoticiaonline.com.br\\\/site\\\/muriaeenses-viajam-a-tailandia-para-temporada-de-lutas-e-treinamento\\\/#blogposting\",\"name\":\"Muriaeenses viajam \\u00e0 Tail\\u00e2ndia para temporada de lutas e treinamento - A Not\\u00edcia Online\",\"headline\":\"Muriaeenses viajam \\u00e0 Tail\\u00e2ndia para temporada de lutas e treinamento\",\"author\":{\"@id\":\"https:\\\/\\\/anoticiaonline.com.br\\\/site\\\/author\\\/juliana\\\/#author\"},\"publisher\":{\"@id\":\"https:\\\/\\\/anoticiaonline.com.br\\\/site\\\/#organization\"},\"image\":{\"@type\":\"ImageObject\",\"url\":\"https:\\\/\\\/anoticiaonline.com.br\\\/site\\\/wp-content\\\/uploads\\\/2017\\\/10\\\/Muriaeenses-viajam-\\u00e0-Tail\\u00e2ndia-para-temporada-de-lutas-e-treinamento.jpeg\",\"width\":640,\"height\":405},\"datePublished\":\"2017-10-05T16:29:53-03:00\",\"dateModified\":\"2017-10-05T16:35:43-03:00\",\"inLanguage\":\"pt-BR\",\"mainEntityOfPage\":{\"@id\":\"https:\\\/\\\/anoticiaonline.com.br\\\/site\\\/muriaeenses-viajam-a-tailandia-para-temporada-de-lutas-e-treinamento\\\/#webpage\"},\"isPartOf\":{\"@id\":\"https:\\\/\\\/anoticiaonline.com.br\\\/site\\\/muriaeenses-viajam-a-tailandia-para-temporada-de-lutas-e-treinamento\\\/#webpage\"},\"articleSection\":\"Blog, Esporte, esporte, luta, Muria\\u00e9, tailandia\"},{\"@type\":\"BreadcrumbList\",\"@id\":\"https:\\\/\\\/anoticiaonline.com.br\\\/site\\\/muriaeenses-viajam-a-tailandia-para-temporada-de-lutas-e-treinamento\\\/#breadcrumblist\",\"itemListElement\":[{\"@type\":\"ListItem\",\"@id\":\"https:\\\/\\\/anoticiaonline.com.br\\\/site#listItem\",\"position\":1,\"name\":\"Home\",\"item\":\"https:\\\/\\\/anoticiaonline.com.br\\\/site\",\"nextItem\":{\"@type\":\"ListItem\",\"@id\":\"https:\\\/\\\/anoticiaonline.com.br\\\/site\\\/categoria\\\/esporte\\\/#listItem\",\"name\":\"Esporte\"}},{\"@type\":\"ListItem\",\"@id\":\"https:\\\/\\\/anoticiaonline.com.br\\\/site\\\/categoria\\\/esporte\\\/#listItem\",\"position\":2,\"name\":\"Esporte\",\"item\":\"https:\\\/\\\/anoticiaonline.com.br\\\/site\\\/categoria\\\/esporte\\\/\",\"nextItem\":{\"@type\":\"ListItem\",\"@id\":\"https:\\\/\\\/anoticiaonline.com.br\\\/site\\\/muriaeenses-viajam-a-tailandia-para-temporada-de-lutas-e-treinamento\\\/#listItem\",\"name\":\"Muriaeenses viajam \\u00e0 Tail\\u00e2ndia para temporada de lutas e treinamento\"},\"previousItem\":{\"@type\":\"ListItem\",\"@id\":\"https:\\\/\\\/anoticiaonline.com.br\\\/site#listItem\",\"name\":\"Home\"}},{\"@type\":\"ListItem\",\"@id\":\"https:\\\/\\\/anoticiaonline.com.br\\\/site\\\/muriaeenses-viajam-a-tailandia-para-temporada-de-lutas-e-treinamento\\\/#listItem\",\"position\":3,\"name\":\"Muriaeenses viajam \\u00e0 Tail\\u00e2ndia para temporada de lutas e treinamento\",\"previousItem\":{\"@type\":\"ListItem\",\"@id\":\"https:\\\/\\\/anoticiaonline.com.br\\\/site\\\/categoria\\\/esporte\\\/#listItem\",\"name\":\"Esporte\"}}]},{\"@type\":\"Organization\",\"@id\":\"https:\\\/\\\/anoticiaonline.com.br\\\/site\\\/#organization\",\"name\":\"A Not\\u00edcia Online\",\"description\":\"Noticias de Muria\\u00e9 e regi\\u00e3o\",\"url\":\"https:\\\/\\\/anoticiaonline.com.br\\\/site\\\/\",\"logo\":{\"@type\":\"ImageObject\",\"url\":\"https:\\\/\\\/scontent-gig4-1.xx.fbcdn.net\\\/v\\\/t39.30808-1\\\/270437624_4564083193639691_6907940295614233970_n.jpg?stp=dst-jpg_s200x200_tt6&_nc_cat=111&ccb=1-7&_nc_sid=f907e8&_nc_ohc=SM1wRlP3lJwQ7kNvwEPuBYA&_nc_oc=AdnqrjDN_BNjSSHWO-GbkIWH6fkGMLw4bqvL_NH6e2wMveX7G-rP2dAqsDSq1mJMOaY&_nc_zt=24&_nc_ht=scontent-gig4-1.xx&_nc_gid=AoBFJeGrT1hVaew_6rchkQ&oh=00_AfX7QmFGhQhG2jAllVgXCiM1ZrWgvtp80-Bfppyexh1QEg&oe=689E923C\",\"@id\":\"https:\\\/\\\/anoticiaonline.com.br\\\/site\\\/muriaeenses-viajam-a-tailandia-para-temporada-de-lutas-e-treinamento\\\/#organizationLogo\"},\"image\":{\"@id\":\"https:\\\/\\\/anoticiaonline.com.br\\\/site\\\/muriaeenses-viajam-a-tailandia-para-temporada-de-lutas-e-treinamento\\\/#organizationLogo\"}},{\"@type\":\"Person\",\"@id\":\"https:\\\/\\\/anoticiaonline.com.br\\\/site\\\/author\\\/juliana\\\/#author\",\"url\":\"https:\\\/\\\/anoticiaonline.com.br\\\/site\\\/author\\\/juliana\\\/\",\"name\":\"Juliana Laviola\",\"image\":{\"@type\":\"ImageObject\",\"@id\":\"https:\\\/\\\/anoticiaonline.com.br\\\/site\\\/muriaeenses-viajam-a-tailandia-para-temporada-de-lutas-e-treinamento\\\/#authorImage\",\"url\":\"https:\\\/\\\/secure.gravatar.com\\\/avatar\\\/b8d45f5c699b100dfaf0e543582f38f38bf94cb7ae3a5e9abf8d891a34773335?s=96&d=mm&r=g\",\"width\":96,\"height\":96,\"caption\":\"Juliana Laviola\"}},{\"@type\":\"WebPage\",\"@id\":\"https:\\\/\\\/anoticiaonline.com.br\\\/site\\\/muriaeenses-viajam-a-tailandia-para-temporada-de-lutas-e-treinamento\\\/#webpage\",\"url\":\"https:\\\/\\\/anoticiaonline.com.br\\\/site\\\/muriaeenses-viajam-a-tailandia-para-temporada-de-lutas-e-treinamento\\\/\",\"name\":\"Muriaeenses viajam \\u00e0 Tail\\u00e2ndia para temporada de lutas e treinamento - A Not\\u00edcia Online\",\"description\":\"Professor e atleta v\\u00e3o participar do maior evento de Muaythai do mundo Os muriaeenses Gilbert Almeida (l\\u00edder da equipe Thai Fighters) e o atleta Wverllan Braga ir\\u00e3o, na sexta-feira (6), para uma temporada de treinos e lutas na Tail\\u00e2ndia, ber\\u00e7o do Muaythai. Durante este per\\u00edodo, Wverllan vai competir no maior evento desta arte marcial do\",\"inLanguage\":\"pt-BR\",\"isPartOf\":{\"@id\":\"https:\\\/\\\/anoticiaonline.com.br\\\/site\\\/#website\"},\"breadcrumb\":{\"@id\":\"https:\\\/\\\/anoticiaonline.com.br\\\/site\\\/muriaeenses-viajam-a-tailandia-para-temporada-de-lutas-e-treinamento\\\/#breadcrumblist\"},\"author\":{\"@id\":\"https:\\\/\\\/anoticiaonline.com.br\\\/site\\\/author\\\/juliana\\\/#author\"},\"creator\":{\"@id\":\"https:\\\/\\\/anoticiaonline.com.br\\\/site\\\/author\\\/juliana\\\/#author\"},\"image\":{\"@type\":\"ImageObject\",\"url\":\"https:\\\/\\\/anoticiaonline.com.br\\\/site\\\/wp-content\\\/uploads\\\/2017\\\/10\\\/Muriaeenses-viajam-\\u00e0-Tail\\u00e2ndia-para-temporada-de-lutas-e-treinamento.jpeg\",\"@id\":\"https:\\\/\\\/anoticiaonline.com.br\\\/site\\\/muriaeenses-viajam-a-tailandia-para-temporada-de-lutas-e-treinamento\\\/#mainImage\",\"width\":640,\"height\":405},\"primaryImageOfPage\":{\"@id\":\"https:\\\/\\\/anoticiaonline.com.br\\\/site\\\/muriaeenses-viajam-a-tailandia-para-temporada-de-lutas-e-treinamento\\\/#mainImage\"},\"datePublished\":\"2017-10-05T16:29:53-03:00\",\"dateModified\":\"2017-10-05T16:35:43-03:00\"},{\"@type\":\"WebSite\",\"@id\":\"https:\\\/\\\/anoticiaonline.com.br\\\/site\\\/#website\",\"url\":\"https:\\\/\\\/anoticiaonline.com.br\\\/site\\\/\",\"name\":\"A Not\\u00edcia Online\",\"description\":\"Noticias de Muria\\u00e9 e regi\\u00e3o\",\"inLanguage\":\"pt-BR\",\"publisher\":{\"@id\":\"https:\\\/\\\/anoticiaonline.com.br\\\/site\\\/#organization\"}}]}\n\t\t<\/script>\n\t\t<!-- All in One SEO -->\n\n","aioseo_head_json":{"title":"Muriaeenses viajam \u00e0 Tail\u00e2ndia para temporada de lutas e treinamento - A Not\u00edcia Online","description":"Professor e atleta v\u00e3o participar do maior evento de Muaythai do mundo Os muriaeenses Gilbert Almeida (l\u00edder da equipe Thai Fighters) e o atleta Wverllan Braga ir\u00e3o, na sexta-feira (6), para uma temporada de treinos e lutas na Tail\u00e2ndia, ber\u00e7o do Muaythai. Durante este per\u00edodo, Wverllan vai competir no maior evento desta arte marcial do","canonical_url":"https:\/\/anoticiaonline.com.br\/site\/muriaeenses-viajam-a-tailandia-para-temporada-de-lutas-e-treinamento\/","robots":"max-image-preview:large","keywords":"","webmasterTools":{"miscellaneous":""},"schema":{"@context":"https:\/\/schema.org","@graph":[{"@type":"BlogPosting","@id":"https:\/\/anoticiaonline.com.br\/site\/muriaeenses-viajam-a-tailandia-para-temporada-de-lutas-e-treinamento\/#blogposting","name":"Muriaeenses viajam \u00e0 Tail\u00e2ndia para temporada de lutas e treinamento - A Not\u00edcia Online","headline":"Muriaeenses viajam \u00e0 Tail\u00e2ndia para temporada de lutas e treinamento","author":{"@id":"https:\/\/anoticiaonline.com.br\/site\/author\/juliana\/#author"},"publisher":{"@id":"https:\/\/anoticiaonline.com.br\/site\/#organization"},"image":{"@type":"ImageObject","url":"https:\/\/anoticiaonline.com.br\/site\/wp-content\/uploads\/2017\/10\/Muriaeenses-viajam-\u00e0-Tail\u00e2ndia-para-temporada-de-lutas-e-treinamento.jpeg","width":640,"height":405},"datePublished":"2017-10-05T16:29:53-03:00","dateModified":"2017-10-05T16:35:43-03:00","inLanguage":"pt-BR","mainEntityOfPage":{"@id":"https:\/\/anoticiaonline.com.br\/site\/muriaeenses-viajam-a-tailandia-para-temporada-de-lutas-e-treinamento\/#webpage"},"isPartOf":{"@id":"https:\/\/anoticiaonline.com.br\/site\/muriaeenses-viajam-a-tailandia-para-temporada-de-lutas-e-treinamento\/#webpage"},"articleSection":"Blog, Esporte, esporte, luta, Muria\u00e9, tailandia"},{"@type":"BreadcrumbList","@id":"https:\/\/anoticiaonline.com.br\/site\/muriaeenses-viajam-a-tailandia-para-temporada-de-lutas-e-treinamento\/#breadcrumblist","itemListElement":[{"@type":"ListItem","@id":"https:\/\/anoticiaonline.com.br\/site#listItem","position":1,"name":"Home","item":"https:\/\/anoticiaonline.com.br\/site","nextItem":{"@type":"ListItem","@id":"https:\/\/anoticiaonline.com.br\/site\/categoria\/esporte\/#listItem","name":"Esporte"}},{"@type":"ListItem","@id":"https:\/\/anoticiaonline.com.br\/site\/categoria\/esporte\/#listItem","position":2,"name":"Esporte","item":"https:\/\/anoticiaonline.com.br\/site\/categoria\/esporte\/","nextItem":{"@type":"ListItem","@id":"https:\/\/anoticiaonline.com.br\/site\/muriaeenses-viajam-a-tailandia-para-temporada-de-lutas-e-treinamento\/#listItem","name":"Muriaeenses viajam \u00e0 Tail\u00e2ndia para temporada de lutas e treinamento"},"previousItem":{"@type":"ListItem","@id":"https:\/\/anoticiaonline.com.br\/site#listItem","name":"Home"}},{"@type":"ListItem","@id":"https:\/\/anoticiaonline.com.br\/site\/muriaeenses-viajam-a-tailandia-para-temporada-de-lutas-e-treinamento\/#listItem","position":3,"name":"Muriaeenses viajam \u00e0 Tail\u00e2ndia para temporada de lutas e treinamento","previousItem":{"@type":"ListItem","@id":"https:\/\/anoticiaonline.com.br\/site\/categoria\/esporte\/#listItem","name":"Esporte"}}]},{"@type":"Organization","@id":"https:\/\/anoticiaonline.com.br\/site\/#organization","name":"A Not\u00edcia Online","description":"Noticias de Muria\u00e9 e regi\u00e3o","url":"https:\/\/anoticiaonline.com.br\/site\/","logo":{"@type":"ImageObject","url":"https:\/\/scontent-gig4-1.xx.fbcdn.net\/v\/t39.30808-1\/270437624_4564083193639691_6907940295614233970_n.jpg?stp=dst-jpg_s200x200_tt6&_nc_cat=111&ccb=1-7&_nc_sid=f907e8&_nc_ohc=SM1wRlP3lJwQ7kNvwEPuBYA&_nc_oc=AdnqrjDN_BNjSSHWO-GbkIWH6fkGMLw4bqvL_NH6e2wMveX7G-rP2dAqsDSq1mJMOaY&_nc_zt=24&_nc_ht=scontent-gig4-1.xx&_nc_gid=AoBFJeGrT1hVaew_6rchkQ&oh=00_AfX7QmFGhQhG2jAllVgXCiM1ZrWgvtp80-Bfppyexh1QEg&oe=689E923C","@id":"https:\/\/anoticiaonline.com.br\/site\/muriaeenses-viajam-a-tailandia-para-temporada-de-lutas-e-treinamento\/#organizationLogo"},"image":{"@id":"https:\/\/anoticiaonline.com.br\/site\/muriaeenses-viajam-a-tailandia-para-temporada-de-lutas-e-treinamento\/#organizationLogo"}},{"@type":"Person","@id":"https:\/\/anoticiaonline.com.br\/site\/author\/juliana\/#author","url":"https:\/\/anoticiaonline.com.br\/site\/author\/juliana\/","name":"Juliana Laviola","image":{"@type":"ImageObject","@id":"https:\/\/anoticiaonline.com.br\/site\/muriaeenses-viajam-a-tailandia-para-temporada-de-lutas-e-treinamento\/#authorImage","url":"https:\/\/secure.gravatar.com\/avatar\/b8d45f5c699b100dfaf0e543582f38f38bf94cb7ae3a5e9abf8d891a34773335?s=96&d=mm&r=g","width":96,"height":96,"caption":"Juliana Laviola"}},{"@type":"WebPage","@id":"https:\/\/anoticiaonline.com.br\/site\/muriaeenses-viajam-a-tailandia-para-temporada-de-lutas-e-treinamento\/#webpage","url":"https:\/\/anoticiaonline.com.br\/site\/muriaeenses-viajam-a-tailandia-para-temporada-de-lutas-e-treinamento\/","name":"Muriaeenses viajam \u00e0 Tail\u00e2ndia para temporada de lutas e treinamento - A Not\u00edcia Online","description":"Professor e atleta v\u00e3o participar do maior evento de Muaythai do mundo Os muriaeenses Gilbert Almeida (l\u00edder da equipe Thai Fighters) e o atleta Wverllan Braga ir\u00e3o, na sexta-feira (6), para uma temporada de treinos e lutas na Tail\u00e2ndia, ber\u00e7o do Muaythai. Durante este per\u00edodo, Wverllan vai competir no maior evento desta arte marcial do","inLanguage":"pt-BR","isPartOf":{"@id":"https:\/\/anoticiaonline.com.br\/site\/#website"},"breadcrumb":{"@id":"https:\/\/anoticiaonline.com.br\/site\/muriaeenses-viajam-a-tailandia-para-temporada-de-lutas-e-treinamento\/#breadcrumblist"},"author":{"@id":"https:\/\/anoticiaonline.com.br\/site\/author\/juliana\/#author"},"creator":{"@id":"https:\/\/anoticiaonline.com.br\/site\/author\/juliana\/#author"},"image":{"@type":"ImageObject","url":"https:\/\/anoticiaonline.com.br\/site\/wp-content\/uploads\/2017\/10\/Muriaeenses-viajam-\u00e0-Tail\u00e2ndia-para-temporada-de-lutas-e-treinamento.jpeg","@id":"https:\/\/anoticiaonline.com.br\/site\/muriaeenses-viajam-a-tailandia-para-temporada-de-lutas-e-treinamento\/#mainImage","width":640,"height":405},"primaryImageOfPage":{"@id":"https:\/\/anoticiaonline.com.br\/site\/muriaeenses-viajam-a-tailandia-para-temporada-de-lutas-e-treinamento\/#mainImage"},"datePublished":"2017-10-05T16:29:53-03:00","dateModified":"2017-10-05T16:35:43-03:00"},{"@type":"WebSite","@id":"https:\/\/anoticiaonline.com.br\/site\/#website","url":"https:\/\/anoticiaonline.com.br\/site\/","name":"A Not\u00edcia Online","description":"Noticias de Muria\u00e9 e regi\u00e3o","inLanguage":"pt-BR","publisher":{"@id":"https:\/\/anoticiaonline.com.br\/site\/#organization"}}]},"og:locale":"pt_BR","og:site_name":"A Not\u00edcia Online - Noticias de Muria\u00e9 e regi\u00e3o","og:type":"article","og:title":"Muriaeenses viajam \u00e0 Tail\u00e2ndia para temporada de lutas e treinamento - A Not\u00edcia Online","og:description":"Professor e atleta v\u00e3o participar do maior evento de Muaythai do mundo Os muriaeenses Gilbert Almeida (l\u00edder da equipe Thai Fighters) e o atleta Wverllan Braga ir\u00e3o, na sexta-feira (6), para uma temporada de treinos e lutas na Tail\u00e2ndia, ber\u00e7o do Muaythai. Durante este per\u00edodo, Wverllan vai competir no maior evento desta arte marcial do","og:url":"https:\/\/anoticiaonline.com.br\/site\/muriaeenses-viajam-a-tailandia-para-temporada-de-lutas-e-treinamento\/","og:image":"https:\/\/scontent-gig4-1.xx.fbcdn.net\/v\/t39.30808-1\/270437624_4564083193639691_6907940295614233970_n.jpg?stp=dst-jpg_s200x200_tt6&#038;_nc_cat=111&#038;ccb=1-7&#038;_nc_sid=f907e8&#038;_nc_ohc=SM1wRlP3lJwQ7kNvwEPuBYA&#038;_nc_oc=AdnqrjDN_BNjSSHWO-GbkIWH6fkGMLw4bqvL_NH6e2wMveX7G-rP2dAqsDSq1mJMOaY&#038;_nc_zt=24&#038;_nc_ht=scontent-gig4-1.xx&#038;_nc_gid=AoBFJeGrT1hVaew_6rchkQ&#038;oh=00_AfX7QmFGhQhG2jAllVgXCiM1ZrWgvtp80-Bfppyexh1QEg&#038;oe=689E923C","og:image:secure_url":"https:\/\/scontent-gig4-1.xx.fbcdn.net\/v\/t39.30808-1\/270437624_4564083193639691_6907940295614233970_n.jpg?stp=dst-jpg_s200x200_tt6&#038;_nc_cat=111&#038;ccb=1-7&#038;_nc_sid=f907e8&#038;_nc_ohc=SM1wRlP3lJwQ7kNvwEPuBYA&#038;_nc_oc=AdnqrjDN_BNjSSHWO-GbkIWH6fkGMLw4bqvL_NH6e2wMveX7G-rP2dAqsDSq1mJMOaY&#038;_nc_zt=24&#038;_nc_ht=scontent-gig4-1.xx&#038;_nc_gid=AoBFJeGrT1hVaew_6rchkQ&#038;oh=00_AfX7QmFGhQhG2jAllVgXCiM1ZrWgvtp80-Bfppyexh1QEg&#038;oe=689E923C","article:published_time":"2017-10-05T19:29:53+00:00","article:modified_time":"2017-10-05T19:35:43+00:00","twitter:card":"summary_large_image","twitter:title":"Muriaeenses viajam \u00e0 Tail\u00e2ndia para temporada de lutas e treinamento - A Not\u00edcia Online","twitter:description":"Professor e atleta v\u00e3o participar do maior evento de Muaythai do mundo Os muriaeenses Gilbert Almeida (l\u00edder da equipe Thai Fighters) e o atleta Wverllan Braga ir\u00e3o, na sexta-feira (6), para uma temporada de treinos e lutas na Tail\u00e2ndia, ber\u00e7o do Muaythai. Durante este per\u00edodo, Wverllan vai competir no maior evento desta arte marcial do","twitter:image":"https:\/\/scontent-gig4-1.xx.fbcdn.net\/v\/t39.30808-1\/270437624_4564083193639691_6907940295614233970_n.jpg?stp=dst-jpg_s200x200_tt6&_nc_cat=111&ccb=1-7&_nc_sid=f907e8&_nc_ohc=SM1wRlP3lJwQ7kNvwEPuBYA&_nc_oc=AdnqrjDN_BNjSSHWO-GbkIWH6fkGMLw4bqvL_NH6e2wMveX7G-rP2dAqsDSq1mJMOaY&_nc_zt=24&_nc_ht=scontent-gig4-1.xx&_nc_gid=AoBFJeGrT1hVaew_6rchkQ&oh=00_AfX7QmFGhQhG2jAllVgXCiM1ZrWgvtp80-Bfppyexh1QEg&oe=689E923C"},"aioseo_meta_data":{"post_id":"41663","title":null,"description":null,"keywords":null,"keyphrases":null,"primary_term":null,"canonical_url":null,"og_title":null,"og_description":null,"og_object_type":"default","og_image_type":"default","og_image_url":null,"og_image_width":null,"og_image_height":null,"og_image_custom_url":null,"og_image_custom_fields":null,"og_video":null,"og_custom_url":null,"og_article_section":null,"og_article_tags":null,"twitter_use_og":false,"twitter_card":"default","twitter_image_type":"default","twitter_image_url":null,"twitter_image_custom_url":null,"twitter_image_custom_fields":null,"twitter_title":null,"twitter_description":null,"schema":{"blockGraphs":[],"customGraphs":[],"default":{"data":{"Article":[],"Course":[],"Dataset":[],"FAQPage":[],"Movie":[],"Person":[],"Product":[],"ProductReview":[],"Car":[],"Recipe":[],"Service":[],"SoftwareApplication":[],"WebPage":[]},"graphName":"","isEnabled":true},"graphs":[]},"schema_type":"default","schema_type_options":null,"pillar_content":false,"robots_default":true,"robots_noindex":false,"robots_noarchive":false,"robots_nosnippet":false,"robots_nofollow":false,"robots_noimageindex":false,"robots_noodp":false,"robots_notranslate":false,"robots_max_snippet":null,"robots_max_videopreview":null,"robots_max_imagepreview":"large","priority":null,"frequency":null,"local_seo":null,"breadcrumb_settings":null,"limit_modified_date":false,"ai":null,"created":"2025-08-16 19:34:43","updated":"2025-08-16 19:34:43","focus_keyword":null,"additional_keywords":null,"truseo_locale":null,"seo_analyzer_scan_date":null},"aioseo_breadcrumb":"<div class=\"aioseo-breadcrumbs\"><span class=\"aioseo-breadcrumb\">\n\t\t\t<a href=\"https:\/\/anoticiaonline.com.br\/site\" title=\"Home\">Home<\/a>\n\t\t<\/span><span class=\"aioseo-breadcrumb-separator\">&raquo;<\/span><span class=\"aioseo-breadcrumb\">\n\t\t\t<a href=\"https:\/\/anoticiaonline.com.br\/site\/categoria\/esporte\/\" title=\"Esporte\">Esporte<\/a>\n\t\t<\/span><span class=\"aioseo-breadcrumb-separator\">&raquo;<\/span><span class=\"aioseo-breadcrumb\">\n\t\t\tMuriaeenses viajam \u00e0 Tail\u00e2ndia para temporada de lutas e treinamento\n\t\t<\/span><\/div>","aioseo_breadcrumb_json":[{"label":"Home","link":"https:\/\/anoticiaonline.com.br\/site"},{"label":"Esporte","link":"https:\/\/anoticiaonline.com.br\/site\/categoria\/esporte\/"},{"label":"Muriaeenses viajam \u00e0 Tail\u00e2ndia para temporada de lutas e treinamento","link":"https:\/\/anoticiaonline.com.br\/site\/muriaeenses-viajam-a-tailandia-para-temporada-de-lutas-e-treinamento\/"}],"views":102,"_links":{"self":[{"href":"https:\/\/anoticiaonline.com.br\/site\/wp-json\/wp\/v2\/posts\/41663","targetHints":{"allow":["GET"]}}],"collection":[{"href":"https:\/\/anoticiaonline.com.br\/site\/wp-json\/wp\/v2\/posts"}],"about":[{"href":"https:\/\/anoticiaonline.com.br\/site\/wp-json\/wp\/v2\/types\/post"}],"author":[{"embeddable":true,"href":"https:\/\/anoticiaonline.com.br\/site\/wp-json\/wp\/v2\/users\/2"}],"replies":[{"embeddable":true,"href":"https:\/\/anoticiaonline.com.br\/site\/wp-json\/wp\/v2\/comments?post=41663"}],"version-history":[{"count":0,"href":"https:\/\/anoticiaonline.com.br\/site\/wp-json\/wp\/v2\/posts\/41663\/revisions"}],"wp:featuredmedia":[{"embeddable":true,"href":"https:\/\/anoticiaonline.com.br\/site\/wp-json\/wp\/v2\/media\/41664"}],"wp:attachment":[{"href":"https:\/\/anoticiaonline.com.br\/site\/wp-json\/wp\/v2\/media?parent=41663"}],"wp:term":[{"taxonomy":"category","embeddable":true,"href":"https:\/\/anoticiaonline.com.br\/site\/wp-json\/wp\/v2\/categories?post=41663"},{"taxonomy":"post_tag","embeddable":true,"href":"https:\/\/anoticiaonline.com.br\/site\/wp-json\/wp\/v2\/tags?post=41663"}],"curies":[{"name":"wp","href":"https:\/\/api.w.org\/{rel}","templated":true}]}}