{"id":41580,"date":"2017-09-29T15:41:15","date_gmt":"2017-09-29T18:41:15","guid":{"rendered":"http:\/\/anoticiaonline.com.br\/site\/?p=41580"},"modified":"2017-10-02T15:50:09","modified_gmt":"2017-10-02T18:50:09","slug":"sociarte-29-09","status":"publish","type":"post","link":"https:\/\/anoticiaonline.com.br\/site\/sociarte-29-09\/","title":{"rendered":"Sociarte 29.09"},"content":{"rendered":"<p><strong><a href=\"https:\/\/anoticiaonline.com.br\/site\/wp-content\/uploads\/2017\/10\/Niver-duplo.jpg\"><img fetchpriority=\"high\" decoding=\"async\" class=\"size-medium wp-image-41585 aligncenter\" src=\"https:\/\/anoticiaonline.com.br\/site\/wp-content\/uploads\/2017\/10\/Niver-duplo-169x300.jpg\" alt=\"\" width=\"169\" height=\"300\" srcset=\"https:\/\/anoticiaonline.com.br\/site\/wp-content\/uploads\/2017\/10\/Niver-duplo-169x300.jpg 169w, https:\/\/anoticiaonline.com.br\/site\/wp-content\/uploads\/2017\/10\/Niver-duplo.jpg 360w\" sizes=\"(max-width: 169px) 100vw, 169px\" \/><\/a><\/strong><\/p>\n<p><strong>Niver duplo<\/strong><\/p>\n<p>Os irm\u00e3os g\u00eameos, M\u00e1rcio Cassuce e M\u00e1rcia Cassuce, completaram idade nova no \u00faltimo domingo (24). Os nossos queridos amigos receberam os cumprimentos das irm\u00e3s Meire e Mila, da m\u00e3e Dolorita e dos sobrinhos David e Murilo. Quem tamb\u00e9m envia votos de felicidades \u00e9 o esposo da M\u00e1rcia, o querido amigo Micheline. Parab\u00e9ns aos aniversariantes!<\/p>\n<p>&nbsp;<\/p>\n<p><strong><a href=\"https:\/\/anoticiaonline.com.br\/site\/wp-content\/uploads\/2017\/10\/Grande-encontro.jpg\"><img decoding=\"async\" class=\"size-medium wp-image-41584 aligncenter\" src=\"https:\/\/anoticiaonline.com.br\/site\/wp-content\/uploads\/2017\/10\/Grande-encontro-300x237.jpg\" alt=\"\" width=\"300\" height=\"237\" srcset=\"https:\/\/anoticiaonline.com.br\/site\/wp-content\/uploads\/2017\/10\/Grande-encontro-300x237.jpg 300w, https:\/\/anoticiaonline.com.br\/site\/wp-content\/uploads\/2017\/10\/Grande-encontro.jpg 640w\" sizes=\"(max-width: 300px) 100vw, 300px\" \/><\/a><\/strong><\/p>\n<p><strong>Grande encontro<\/strong><\/p>\n<p>O nosso querido amigo padre Humberto Henriques foi eleito, semana passada, durante o XXV Cap\u00edtulo Geral da Congrega\u00e7\u00e3o dos Mission\u00e1rios do Sagrado Cora\u00e7\u00e3o &#8211; MSC (congrega\u00e7\u00e3o religiosa respons\u00e1vel pela Matriz S\u00e3o Paulo em Muria\u00e9), para integrar o novo Conselho Geral. As reuni\u00f5es foram entre os dias 03 a 22 de setembro. O encontro com o Papa Francisco foi no \u00faltimo dia 16. Esse conselho junto com o Superior Geral governar\u00e1 Congrega\u00e7\u00e3o MSC no mundo todo. Foram eleitos Andr\u00e9 Claessens (B\u00e9lgica), Paulus Laurentius Pitoy (Indon\u00e9sia), Christopher Chaplin (Austr\u00e1lia) e Humberto Henriques da Silva (Brasil). A partir de janeiro de 2018 estes residir\u00e3o na casa Geral MSC em Roma (It\u00e1lia) para exercerem essa miss\u00e3o. Que Deus o ilumine nessa caminhada!<\/p>\n<p>&nbsp;<\/p>\n<p><a href=\"https:\/\/anoticiaonline.com.br\/site\/wp-content\/uploads\/2017\/10\/Bodas-de-marfim.jpg\"><img decoding=\"async\" class=\"size-medium wp-image-41582 aligncenter\" src=\"https:\/\/anoticiaonline.com.br\/site\/wp-content\/uploads\/2017\/10\/Bodas-de-marfim-300x243.jpg\" alt=\"\" width=\"300\" height=\"243\" srcset=\"https:\/\/anoticiaonline.com.br\/site\/wp-content\/uploads\/2017\/10\/Bodas-de-marfim-300x243.jpg 300w, https:\/\/anoticiaonline.com.br\/site\/wp-content\/uploads\/2017\/10\/Bodas-de-marfim.jpg 640w\" sizes=\"(max-width: 300px) 100vw, 300px\" \/><\/a><\/p>\n<p><strong>Bodas de Marfim<\/strong><\/p>\n<p>Os nossos amigos Misael Artur Ferreira Varella e Regina Coeli Gouv\u00eaia Varella completaram 14 anos de casados (Bodas de Marfim) na \u00faltima quinta (21). Eles s\u00e3o pais do jovem Pedro, de 13 anos de idade. A eles todas as b\u00ean\u00e7\u00e3os do mundo e que Deus conceda muitos e muitos anos de uni\u00e3o.<\/p>\n<p>&nbsp;<\/p>\n<p><strong><a href=\"https:\/\/anoticiaonline.com.br\/site\/wp-content\/uploads\/2017\/10\/Noivado-de-L\u00edvia-e-Sebasti\u00e3o-Vitor.jpg\"><img loading=\"lazy\" decoding=\"async\" class=\"size-medium wp-image-41586 aligncenter\" src=\"https:\/\/anoticiaonline.com.br\/site\/wp-content\/uploads\/2017\/10\/Noivado-de-L\u00edvia-e-Sebasti\u00e3o-Vitor-300x200.jpg\" alt=\"\" width=\"300\" height=\"200\" srcset=\"https:\/\/anoticiaonline.com.br\/site\/wp-content\/uploads\/2017\/10\/Noivado-de-L\u00edvia-e-Sebasti\u00e3o-Vitor-300x200.jpg 300w, https:\/\/anoticiaonline.com.br\/site\/wp-content\/uploads\/2017\/10\/Noivado-de-L\u00edvia-e-Sebasti\u00e3o-Vitor-290x192.jpg 290w, https:\/\/anoticiaonline.com.br\/site\/wp-content\/uploads\/2017\/10\/Noivado-de-L\u00edvia-e-Sebasti\u00e3o-Vitor.jpg 640w\" sizes=\"(max-width: 300px) 100vw, 300px\" \/><\/a><\/strong><\/p>\n<p><strong>Noivado de L\u00edvia e Sebasti\u00e3o Vitor<\/strong><\/p>\n<p>O bonito casal L\u00edvia Fonseca Gomes da Silva e Sebasti\u00e3o Vitor Cotta ficaram noivos no s\u00e1bado (23) em cerim\u00f4nia realizada nos sal\u00f5es do Restaurante da Charretinha. Por l\u00e1 muitos amigos e familiares estiveram parabenizando o casal por essa importante decis\u00e3o. Ele \u00e9 filho de Jos\u00e9 Vitor Cotta e Maria das Gra\u00e7as Cotta, e ela \u00e9 filha de Eliane Maria da Fonseca Silva e Marcelo Castro Gomes da Silva (in memoriam). Felicidades ao casal!<\/p>\n<p>&nbsp;<\/p>\n<p><strong><a href=\"https:\/\/anoticiaonline.com.br\/site\/wp-content\/uploads\/2017\/10\/Enlace-de-Elaine-e-Fernando.jpeg\"><img loading=\"lazy\" decoding=\"async\" class=\"size-medium wp-image-41583 aligncenter\" src=\"https:\/\/anoticiaonline.com.br\/site\/wp-content\/uploads\/2017\/10\/Enlace-de-Elaine-e-Fernando-290x300.jpeg\" alt=\"\" width=\"290\" height=\"300\" srcset=\"https:\/\/anoticiaonline.com.br\/site\/wp-content\/uploads\/2017\/10\/Enlace-de-Elaine-e-Fernando-290x300.jpeg 290w, https:\/\/anoticiaonline.com.br\/site\/wp-content\/uploads\/2017\/10\/Enlace-de-Elaine-e-Fernando.jpeg 619w\" sizes=\"(max-width: 290px) 100vw, 290px\" \/><\/a>Enlace de Eliane e Fernando<\/strong><\/p>\n<p>O jovem casal Eliane Machado da Silva e Fernando Jos\u00e9 de Oliveira J\u00fanior se uniram em matrim\u00f4nio, no dia 9 de setembro, em cerim\u00f4nia realizada na Matriz S\u00e3o Paulo. Ela \u00e9 filha de Wilson Machado da Silva e Arlete Machado da Silva, e ele \u00e9 filho de Fernando de Oliveira e Silvia Maria Leite. Ao novo casal muita paz e amor nessa nova caminhada!<\/p>\n<p>&nbsp;<\/p>\n<p><strong><a href=\"https:\/\/anoticiaonline.com.br\/site\/wp-content\/uploads\/2017\/10\/Parab\u00e9ns-Maria-Carulina.jpeg\"><img loading=\"lazy\" decoding=\"async\" class=\"size-medium wp-image-41587 aligncenter\" src=\"https:\/\/anoticiaonline.com.br\/site\/wp-content\/uploads\/2017\/10\/Parab\u00e9ns-Maria-Carulina-300x200.jpeg\" alt=\"\" width=\"300\" height=\"200\" srcset=\"https:\/\/anoticiaonline.com.br\/site\/wp-content\/uploads\/2017\/10\/Parab\u00e9ns-Maria-Carulina-300x200.jpeg 300w, https:\/\/anoticiaonline.com.br\/site\/wp-content\/uploads\/2017\/10\/Parab\u00e9ns-Maria-Carulina-290x192.jpeg 290w, https:\/\/anoticiaonline.com.br\/site\/wp-content\/uploads\/2017\/10\/Parab\u00e9ns-Maria-Carulina.jpeg 640w\" sizes=\"(max-width: 300px) 100vw, 300px\" \/><\/a>Parab\u00e9ns Maria Carulina<\/strong><\/p>\n<p>A querida m\u00e9dica Maria Carulina Malafaia de Aquino comemora no domingo (1\u00ba) idade nova. Ela \u00e9 filha de Madalena Malafaia e Luiz Cesar Aquino. A ela desejamos muitos anos de felicidades, sa\u00fade e paz!<\/p>\n<p>&nbsp;<\/p>\n<p><strong><a href=\"https:\/\/anoticiaonline.com.br\/site\/wp-content\/uploads\/2017\/10\/22046933_1848807015153482_3009471857089858565_n.jpg\"><img loading=\"lazy\" decoding=\"async\" class=\"size-medium wp-image-41581 aligncenter\" src=\"https:\/\/anoticiaonline.com.br\/site\/wp-content\/uploads\/2017\/10\/22046933_1848807015153482_3009471857089858565_n-300x169.jpg\" alt=\"\" width=\"300\" height=\"169\" srcset=\"https:\/\/anoticiaonline.com.br\/site\/wp-content\/uploads\/2017\/10\/22046933_1848807015153482_3009471857089858565_n-300x169.jpg 300w, https:\/\/anoticiaonline.com.br\/site\/wp-content\/uploads\/2017\/10\/22046933_1848807015153482_3009471857089858565_n.jpg 640w\" sizes=\"(max-width: 300px) 100vw, 300px\" \/><\/a>1 ano da CF Itaperuna<\/strong><\/p>\n<p>Os empres\u00e1rios e coachs Rodrigo Magno, Mar\u00edlia Brum e Alessander Alves comemoraram em grande estilo o 1\u00ba anivers\u00e1rio da CrossFit Itaperuna. A box vem ganhando a cada dia mais o respeito e o reconhecimento dos atletas daquela cidade. Parab\u00e9ns e que venham muitos e muitos anos de trabalho!<\/p>\n","protected":false},"excerpt":{"rendered":"<p>Niver duplo Os irm\u00e3os g\u00eameos, M\u00e1rcio Cassuce e M\u00e1rcia Cassuce, completaram idade nova no \u00faltimo domingo (24). Os nossos queridos amigos receberam os cumprimentos das irm\u00e3s Meire e Mila, da m\u00e3e Dolorita e dos sobrinhos David e Murilo. Quem tamb\u00e9m envia votos de felicidades \u00e9 o esposo da M\u00e1rcia, o querido amigo Micheline. Parab\u00e9ns aos &#8230; <a title=\"Sociarte 29.09\" class=\"read-more\" href=\"https:\/\/anoticiaonline.com.br\/site\/sociarte-29-09\/\" aria-label=\"Read more about Sociarte 29.09\">Ler mais<\/a><\/p>\n","protected":false},"author":2,"featured_media":0,"comment_status":"open","ping_status":"open","sticky":false,"template":"","format":"standard","meta":{"_acf_changed":false,"_monsterinsights_skip_tracking":false,"footnotes":""},"categories":[31,38],"tags":[],"class_list":["post-41580","post","type-post","status-publish","format-standard","hentry","category-colunistas","category-sociarte"],"acf":[],"aioseo_notices":[],"aioseo_head":"\n\t\t<!-- All in One SEO 5.0.0.1 - aioseo.com -->\n\t<meta name=\"description\" content=\"Niver duplo Os irm\u00e3os g\u00eameos, M\u00e1rcio Cassuce e M\u00e1rcia Cassuce, completaram idade nova no \u00faltimo domingo (24). Os nossos queridos amigos receberam os cumprimentos das irm\u00e3s Meire e Mila, da m\u00e3e Dolorita e dos sobrinhos David e Murilo. Quem tamb\u00e9m envia votos de felicidades \u00e9 o esposo da M\u00e1rcia, o querido amigo Micheline. Parab\u00e9ns aos\" \/>\n\t<meta name=\"robots\" content=\"max-image-preview:large\" \/>\n\t<meta name=\"author\" content=\"Juliana Laviola\"\/>\n\t<link rel=\"canonical\" href=\"https:\/\/anoticiaonline.com.br\/site\/sociarte-29-09\/\" \/>\n\t<meta name=\"generator\" content=\"All in One SEO (AIOSEO) 5.0.0.1\" \/>\n\t\t<meta property=\"og:locale\" content=\"pt_BR\" \/>\n\t\t<meta property=\"og:site_name\" content=\"A Not\u00edcia Online - Noticias de Muria\u00e9 e regi\u00e3o\" \/>\n\t\t<meta property=\"og:type\" content=\"article\" \/>\n\t\t<meta property=\"og:title\" content=\"Sociarte 29.09 - A Not\u00edcia Online\" \/>\n\t\t<meta property=\"og:description\" content=\"Niver duplo Os irm\u00e3os g\u00eameos, M\u00e1rcio Cassuce e M\u00e1rcia Cassuce, completaram idade nova no \u00faltimo domingo (24). Os nossos queridos amigos receberam os cumprimentos das irm\u00e3s Meire e Mila, da m\u00e3e Dolorita e dos sobrinhos David e Murilo. Quem tamb\u00e9m envia votos de felicidades \u00e9 o esposo da M\u00e1rcia, o querido amigo Micheline. Parab\u00e9ns aos\" \/>\n\t\t<meta property=\"og:url\" content=\"https:\/\/anoticiaonline.com.br\/site\/sociarte-29-09\/\" \/>\n\t\t<meta property=\"og:image\" content=\"https:\/\/scontent-gig4-1.xx.fbcdn.net\/v\/t39.30808-1\/270437624_4564083193639691_6907940295614233970_n.jpg?stp=dst-jpg_s200x200_tt6&#038;_nc_cat=111&#038;ccb=1-7&#038;_nc_sid=f907e8&#038;_nc_ohc=SM1wRlP3lJwQ7kNvwEPuBYA&#038;_nc_oc=AdnqrjDN_BNjSSHWO-GbkIWH6fkGMLw4bqvL_NH6e2wMveX7G-rP2dAqsDSq1mJMOaY&#038;_nc_zt=24&#038;_nc_ht=scontent-gig4-1.xx&#038;_nc_gid=AoBFJeGrT1hVaew_6rchkQ&#038;oh=00_AfX7QmFGhQhG2jAllVgXCiM1ZrWgvtp80-Bfppyexh1QEg&#038;oe=689E923C\" \/>\n\t\t<meta property=\"og:image:secure_url\" content=\"https:\/\/scontent-gig4-1.xx.fbcdn.net\/v\/t39.30808-1\/270437624_4564083193639691_6907940295614233970_n.jpg?stp=dst-jpg_s200x200_tt6&#038;_nc_cat=111&#038;ccb=1-7&#038;_nc_sid=f907e8&#038;_nc_ohc=SM1wRlP3lJwQ7kNvwEPuBYA&#038;_nc_oc=AdnqrjDN_BNjSSHWO-GbkIWH6fkGMLw4bqvL_NH6e2wMveX7G-rP2dAqsDSq1mJMOaY&#038;_nc_zt=24&#038;_nc_ht=scontent-gig4-1.xx&#038;_nc_gid=AoBFJeGrT1hVaew_6rchkQ&#038;oh=00_AfX7QmFGhQhG2jAllVgXCiM1ZrWgvtp80-Bfppyexh1QEg&#038;oe=689E923C\" \/>\n\t\t<meta property=\"article:published_time\" content=\"2017-09-29T18:41:15+00:00\" \/>\n\t\t<meta property=\"article:modified_time\" content=\"2017-10-02T18:50:09+00:00\" \/>\n\t\t<meta name=\"twitter:card\" content=\"summary_large_image\" \/>\n\t\t<meta name=\"twitter:title\" content=\"Sociarte 29.09 - A Not\u00edcia Online\" \/>\n\t\t<meta name=\"twitter:description\" content=\"Niver duplo Os irm\u00e3os g\u00eameos, M\u00e1rcio Cassuce e M\u00e1rcia Cassuce, completaram idade nova no \u00faltimo domingo (24). Os nossos queridos amigos receberam os cumprimentos das irm\u00e3s Meire e Mila, da m\u00e3e Dolorita e dos sobrinhos David e Murilo. Quem tamb\u00e9m envia votos de felicidades \u00e9 o esposo da M\u00e1rcia, o querido amigo Micheline. Parab\u00e9ns aos\" \/>\n\t\t<meta name=\"twitter:image\" content=\"https:\/\/scontent-gig4-1.xx.fbcdn.net\/v\/t39.30808-1\/270437624_4564083193639691_6907940295614233970_n.jpg?stp=dst-jpg_s200x200_tt6&amp;_nc_cat=111&amp;ccb=1-7&amp;_nc_sid=f907e8&amp;_nc_ohc=SM1wRlP3lJwQ7kNvwEPuBYA&amp;_nc_oc=AdnqrjDN_BNjSSHWO-GbkIWH6fkGMLw4bqvL_NH6e2wMveX7G-rP2dAqsDSq1mJMOaY&amp;_nc_zt=24&amp;_nc_ht=scontent-gig4-1.xx&amp;_nc_gid=AoBFJeGrT1hVaew_6rchkQ&amp;oh=00_AfX7QmFGhQhG2jAllVgXCiM1ZrWgvtp80-Bfppyexh1QEg&amp;oe=689E923C\" \/>\n\t\t<script type=\"application\/ld+json\" class=\"aioseo-schema\">\n\t\t\t{\"@context\":\"https:\\\/\\\/schema.org\",\"@graph\":[{\"@type\":\"BlogPosting\",\"@id\":\"https:\\\/\\\/anoticiaonline.com.br\\\/site\\\/sociarte-29-09\\\/#blogposting\",\"name\":\"Sociarte 29.09 - A Not\\u00edcia Online\",\"headline\":\"Sociarte 29.09\",\"author\":{\"@id\":\"https:\\\/\\\/anoticiaonline.com.br\\\/site\\\/author\\\/juliana\\\/#author\"},\"publisher\":{\"@id\":\"https:\\\/\\\/anoticiaonline.com.br\\\/site\\\/#organization\"},\"image\":{\"@type\":\"ImageObject\",\"url\":\"http:\\\/\\\/anoticiaonline.com.br\\\/site\\\/wp-content\\\/uploads\\\/2017\\\/10\\\/Niver-duplo-169x300.jpg\",\"@id\":\"https:\\\/\\\/anoticiaonline.com.br\\\/site\\\/sociarte-29-09\\\/#articleImage\"},\"datePublished\":\"2017-09-29T15:41:15-03:00\",\"dateModified\":\"2017-10-02T15:50:09-03:00\",\"inLanguage\":\"pt-BR\",\"mainEntityOfPage\":{\"@id\":\"https:\\\/\\\/anoticiaonline.com.br\\\/site\\\/sociarte-29-09\\\/#webpage\"},\"isPartOf\":{\"@id\":\"https:\\\/\\\/anoticiaonline.com.br\\\/site\\\/sociarte-29-09\\\/#webpage\"},\"articleSection\":\"Colunistas, Sociarte\"},{\"@type\":\"BreadcrumbList\",\"@id\":\"https:\\\/\\\/anoticiaonline.com.br\\\/site\\\/sociarte-29-09\\\/#breadcrumblist\",\"itemListElement\":[{\"@type\":\"ListItem\",\"@id\":\"https:\\\/\\\/anoticiaonline.com.br\\\/site#listItem\",\"position\":1,\"name\":\"Home\",\"item\":\"https:\\\/\\\/anoticiaonline.com.br\\\/site\",\"nextItem\":{\"@type\":\"ListItem\",\"@id\":\"https:\\\/\\\/anoticiaonline.com.br\\\/site\\\/categoria\\\/colunistas\\\/#listItem\",\"name\":\"Colunistas\"}},{\"@type\":\"ListItem\",\"@id\":\"https:\\\/\\\/anoticiaonline.com.br\\\/site\\\/categoria\\\/colunistas\\\/#listItem\",\"position\":2,\"name\":\"Colunistas\",\"item\":\"https:\\\/\\\/anoticiaonline.com.br\\\/site\\\/categoria\\\/colunistas\\\/\",\"nextItem\":{\"@type\":\"ListItem\",\"@id\":\"https:\\\/\\\/anoticiaonline.com.br\\\/site\\\/categoria\\\/colunistas\\\/sociarte\\\/#listItem\",\"name\":\"Sociarte\"},\"previousItem\":{\"@type\":\"ListItem\",\"@id\":\"https:\\\/\\\/anoticiaonline.com.br\\\/site#listItem\",\"name\":\"Home\"}},{\"@type\":\"ListItem\",\"@id\":\"https:\\\/\\\/anoticiaonline.com.br\\\/site\\\/categoria\\\/colunistas\\\/sociarte\\\/#listItem\",\"position\":3,\"name\":\"Sociarte\",\"item\":\"https:\\\/\\\/anoticiaonline.com.br\\\/site\\\/categoria\\\/colunistas\\\/sociarte\\\/\",\"nextItem\":{\"@type\":\"ListItem\",\"@id\":\"https:\\\/\\\/anoticiaonline.com.br\\\/site\\\/sociarte-29-09\\\/#listItem\",\"name\":\"Sociarte 29.09\"},\"previousItem\":{\"@type\":\"ListItem\",\"@id\":\"https:\\\/\\\/anoticiaonline.com.br\\\/site\\\/categoria\\\/colunistas\\\/#listItem\",\"name\":\"Colunistas\"}},{\"@type\":\"ListItem\",\"@id\":\"https:\\\/\\\/anoticiaonline.com.br\\\/site\\\/sociarte-29-09\\\/#listItem\",\"position\":4,\"name\":\"Sociarte 29.09\",\"previousItem\":{\"@type\":\"ListItem\",\"@id\":\"https:\\\/\\\/anoticiaonline.com.br\\\/site\\\/categoria\\\/colunistas\\\/sociarte\\\/#listItem\",\"name\":\"Sociarte\"}}]},{\"@type\":\"Organization\",\"@id\":\"https:\\\/\\\/anoticiaonline.com.br\\\/site\\\/#organization\",\"name\":\"A Not\\u00edcia Online\",\"description\":\"Noticias de Muria\\u00e9 e regi\\u00e3o\",\"url\":\"https:\\\/\\\/anoticiaonline.com.br\\\/site\\\/\",\"logo\":{\"@type\":\"ImageObject\",\"url\":\"https:\\\/\\\/scontent-gig4-1.xx.fbcdn.net\\\/v\\\/t39.30808-1\\\/270437624_4564083193639691_6907940295614233970_n.jpg?stp=dst-jpg_s200x200_tt6&_nc_cat=111&ccb=1-7&_nc_sid=f907e8&_nc_ohc=SM1wRlP3lJwQ7kNvwEPuBYA&_nc_oc=AdnqrjDN_BNjSSHWO-GbkIWH6fkGMLw4bqvL_NH6e2wMveX7G-rP2dAqsDSq1mJMOaY&_nc_zt=24&_nc_ht=scontent-gig4-1.xx&_nc_gid=AoBFJeGrT1hVaew_6rchkQ&oh=00_AfX7QmFGhQhG2jAllVgXCiM1ZrWgvtp80-Bfppyexh1QEg&oe=689E923C\",\"@id\":\"https:\\\/\\\/anoticiaonline.com.br\\\/site\\\/sociarte-29-09\\\/#organizationLogo\"},\"image\":{\"@id\":\"https:\\\/\\\/anoticiaonline.com.br\\\/site\\\/sociarte-29-09\\\/#organizationLogo\"}},{\"@type\":\"Person\",\"@id\":\"https:\\\/\\\/anoticiaonline.com.br\\\/site\\\/author\\\/juliana\\\/#author\",\"url\":\"https:\\\/\\\/anoticiaonline.com.br\\\/site\\\/author\\\/juliana\\\/\",\"name\":\"Juliana Laviola\",\"image\":{\"@type\":\"ImageObject\",\"@id\":\"https:\\\/\\\/anoticiaonline.com.br\\\/site\\\/sociarte-29-09\\\/#authorImage\",\"url\":\"https:\\\/\\\/secure.gravatar.com\\\/avatar\\\/b8d45f5c699b100dfaf0e543582f38f38bf94cb7ae3a5e9abf8d891a34773335?s=96&d=mm&r=g\",\"width\":96,\"height\":96,\"caption\":\"Juliana Laviola\"}},{\"@type\":\"WebPage\",\"@id\":\"https:\\\/\\\/anoticiaonline.com.br\\\/site\\\/sociarte-29-09\\\/#webpage\",\"url\":\"https:\\\/\\\/anoticiaonline.com.br\\\/site\\\/sociarte-29-09\\\/\",\"name\":\"Sociarte 29.09 - A Not\\u00edcia Online\",\"description\":\"Niver duplo Os irm\\u00e3os g\\u00eameos, M\\u00e1rcio Cassuce e M\\u00e1rcia Cassuce, completaram idade nova no \\u00faltimo domingo (24). Os nossos queridos amigos receberam os cumprimentos das irm\\u00e3s Meire e Mila, da m\\u00e3e Dolorita e dos sobrinhos David e Murilo. Quem tamb\\u00e9m envia votos de felicidades \\u00e9 o esposo da M\\u00e1rcia, o querido amigo Micheline. Parab\\u00e9ns aos\",\"inLanguage\":\"pt-BR\",\"isPartOf\":{\"@id\":\"https:\\\/\\\/anoticiaonline.com.br\\\/site\\\/#website\"},\"breadcrumb\":{\"@id\":\"https:\\\/\\\/anoticiaonline.com.br\\\/site\\\/sociarte-29-09\\\/#breadcrumblist\"},\"author\":{\"@id\":\"https:\\\/\\\/anoticiaonline.com.br\\\/site\\\/author\\\/juliana\\\/#author\"},\"creator\":{\"@id\":\"https:\\\/\\\/anoticiaonline.com.br\\\/site\\\/author\\\/juliana\\\/#author\"},\"datePublished\":\"2017-09-29T15:41:15-03:00\",\"dateModified\":\"2017-10-02T15:50:09-03:00\"},{\"@type\":\"WebSite\",\"@id\":\"https:\\\/\\\/anoticiaonline.com.br\\\/site\\\/#website\",\"url\":\"https:\\\/\\\/anoticiaonline.com.br\\\/site\\\/\",\"name\":\"A Not\\u00edcia Online\",\"description\":\"Noticias de Muria\\u00e9 e regi\\u00e3o\",\"inLanguage\":\"pt-BR\",\"publisher\":{\"@id\":\"https:\\\/\\\/anoticiaonline.com.br\\\/site\\\/#organization\"}}]}\n\t\t<\/script>\n\t\t<!-- All in One SEO -->\n\n","aioseo_head_json":{"title":"Sociarte 29.09 - A Not\u00edcia Online","description":"Niver duplo Os irm\u00e3os g\u00eameos, M\u00e1rcio Cassuce e M\u00e1rcia Cassuce, completaram idade nova no \u00faltimo domingo (24). Os nossos queridos amigos receberam os cumprimentos das irm\u00e3s Meire e Mila, da m\u00e3e Dolorita e dos sobrinhos David e Murilo. Quem tamb\u00e9m envia votos de felicidades \u00e9 o esposo da M\u00e1rcia, o querido amigo Micheline. Parab\u00e9ns aos","canonical_url":"https:\/\/anoticiaonline.com.br\/site\/sociarte-29-09\/","robots":"max-image-preview:large","keywords":"","webmasterTools":{"miscellaneous":""},"schema":{"@context":"https:\/\/schema.org","@graph":[{"@type":"BlogPosting","@id":"https:\/\/anoticiaonline.com.br\/site\/sociarte-29-09\/#blogposting","name":"Sociarte 29.09 - A Not\u00edcia Online","headline":"Sociarte 29.09","author":{"@id":"https:\/\/anoticiaonline.com.br\/site\/author\/juliana\/#author"},"publisher":{"@id":"https:\/\/anoticiaonline.com.br\/site\/#organization"},"image":{"@type":"ImageObject","url":"http:\/\/anoticiaonline.com.br\/site\/wp-content\/uploads\/2017\/10\/Niver-duplo-169x300.jpg","@id":"https:\/\/anoticiaonline.com.br\/site\/sociarte-29-09\/#articleImage"},"datePublished":"2017-09-29T15:41:15-03:00","dateModified":"2017-10-02T15:50:09-03:00","inLanguage":"pt-BR","mainEntityOfPage":{"@id":"https:\/\/anoticiaonline.com.br\/site\/sociarte-29-09\/#webpage"},"isPartOf":{"@id":"https:\/\/anoticiaonline.com.br\/site\/sociarte-29-09\/#webpage"},"articleSection":"Colunistas, Sociarte"},{"@type":"BreadcrumbList","@id":"https:\/\/anoticiaonline.com.br\/site\/sociarte-29-09\/#breadcrumblist","itemListElement":[{"@type":"ListItem","@id":"https:\/\/anoticiaonline.com.br\/site#listItem","position":1,"name":"Home","item":"https:\/\/anoticiaonline.com.br\/site","nextItem":{"@type":"ListItem","@id":"https:\/\/anoticiaonline.com.br\/site\/categoria\/colunistas\/#listItem","name":"Colunistas"}},{"@type":"ListItem","@id":"https:\/\/anoticiaonline.com.br\/site\/categoria\/colunistas\/#listItem","position":2,"name":"Colunistas","item":"https:\/\/anoticiaonline.com.br\/site\/categoria\/colunistas\/","nextItem":{"@type":"ListItem","@id":"https:\/\/anoticiaonline.com.br\/site\/categoria\/colunistas\/sociarte\/#listItem","name":"Sociarte"},"previousItem":{"@type":"ListItem","@id":"https:\/\/anoticiaonline.com.br\/site#listItem","name":"Home"}},{"@type":"ListItem","@id":"https:\/\/anoticiaonline.com.br\/site\/categoria\/colunistas\/sociarte\/#listItem","position":3,"name":"Sociarte","item":"https:\/\/anoticiaonline.com.br\/site\/categoria\/colunistas\/sociarte\/","nextItem":{"@type":"ListItem","@id":"https:\/\/anoticiaonline.com.br\/site\/sociarte-29-09\/#listItem","name":"Sociarte 29.09"},"previousItem":{"@type":"ListItem","@id":"https:\/\/anoticiaonline.com.br\/site\/categoria\/colunistas\/#listItem","name":"Colunistas"}},{"@type":"ListItem","@id":"https:\/\/anoticiaonline.com.br\/site\/sociarte-29-09\/#listItem","position":4,"name":"Sociarte 29.09","previousItem":{"@type":"ListItem","@id":"https:\/\/anoticiaonline.com.br\/site\/categoria\/colunistas\/sociarte\/#listItem","name":"Sociarte"}}]},{"@type":"Organization","@id":"https:\/\/anoticiaonline.com.br\/site\/#organization","name":"A Not\u00edcia Online","description":"Noticias de Muria\u00e9 e regi\u00e3o","url":"https:\/\/anoticiaonline.com.br\/site\/","logo":{"@type":"ImageObject","url":"https:\/\/scontent-gig4-1.xx.fbcdn.net\/v\/t39.30808-1\/270437624_4564083193639691_6907940295614233970_n.jpg?stp=dst-jpg_s200x200_tt6&_nc_cat=111&ccb=1-7&_nc_sid=f907e8&_nc_ohc=SM1wRlP3lJwQ7kNvwEPuBYA&_nc_oc=AdnqrjDN_BNjSSHWO-GbkIWH6fkGMLw4bqvL_NH6e2wMveX7G-rP2dAqsDSq1mJMOaY&_nc_zt=24&_nc_ht=scontent-gig4-1.xx&_nc_gid=AoBFJeGrT1hVaew_6rchkQ&oh=00_AfX7QmFGhQhG2jAllVgXCiM1ZrWgvtp80-Bfppyexh1QEg&oe=689E923C","@id":"https:\/\/anoticiaonline.com.br\/site\/sociarte-29-09\/#organizationLogo"},"image":{"@id":"https:\/\/anoticiaonline.com.br\/site\/sociarte-29-09\/#organizationLogo"}},{"@type":"Person","@id":"https:\/\/anoticiaonline.com.br\/site\/author\/juliana\/#author","url":"https:\/\/anoticiaonline.com.br\/site\/author\/juliana\/","name":"Juliana Laviola","image":{"@type":"ImageObject","@id":"https:\/\/anoticiaonline.com.br\/site\/sociarte-29-09\/#authorImage","url":"https:\/\/secure.gravatar.com\/avatar\/b8d45f5c699b100dfaf0e543582f38f38bf94cb7ae3a5e9abf8d891a34773335?s=96&d=mm&r=g","width":96,"height":96,"caption":"Juliana Laviola"}},{"@type":"WebPage","@id":"https:\/\/anoticiaonline.com.br\/site\/sociarte-29-09\/#webpage","url":"https:\/\/anoticiaonline.com.br\/site\/sociarte-29-09\/","name":"Sociarte 29.09 - A Not\u00edcia Online","description":"Niver duplo Os irm\u00e3os g\u00eameos, M\u00e1rcio Cassuce e M\u00e1rcia Cassuce, completaram idade nova no \u00faltimo domingo (24). Os nossos queridos amigos receberam os cumprimentos das irm\u00e3s Meire e Mila, da m\u00e3e Dolorita e dos sobrinhos David e Murilo. Quem tamb\u00e9m envia votos de felicidades \u00e9 o esposo da M\u00e1rcia, o querido amigo Micheline. Parab\u00e9ns aos","inLanguage":"pt-BR","isPartOf":{"@id":"https:\/\/anoticiaonline.com.br\/site\/#website"},"breadcrumb":{"@id":"https:\/\/anoticiaonline.com.br\/site\/sociarte-29-09\/#breadcrumblist"},"author":{"@id":"https:\/\/anoticiaonline.com.br\/site\/author\/juliana\/#author"},"creator":{"@id":"https:\/\/anoticiaonline.com.br\/site\/author\/juliana\/#author"},"datePublished":"2017-09-29T15:41:15-03:00","dateModified":"2017-10-02T15:50:09-03:00"},{"@type":"WebSite","@id":"https:\/\/anoticiaonline.com.br\/site\/#website","url":"https:\/\/anoticiaonline.com.br\/site\/","name":"A Not\u00edcia Online","description":"Noticias de Muria\u00e9 e regi\u00e3o","inLanguage":"pt-BR","publisher":{"@id":"https:\/\/anoticiaonline.com.br\/site\/#organization"}}]},"og:locale":"pt_BR","og:site_name":"A Not\u00edcia Online - Noticias de Muria\u00e9 e regi\u00e3o","og:type":"article","og:title":"Sociarte 29.09 - A Not\u00edcia Online","og:description":"Niver duplo Os irm\u00e3os g\u00eameos, M\u00e1rcio Cassuce e M\u00e1rcia Cassuce, completaram idade nova no \u00faltimo domingo (24). Os nossos queridos amigos receberam os cumprimentos das irm\u00e3s Meire e Mila, da m\u00e3e Dolorita e dos sobrinhos David e Murilo. Quem tamb\u00e9m envia votos de felicidades \u00e9 o esposo da M\u00e1rcia, o querido amigo Micheline. Parab\u00e9ns aos","og:url":"https:\/\/anoticiaonline.com.br\/site\/sociarte-29-09\/","og:image":"https:\/\/scontent-gig4-1.xx.fbcdn.net\/v\/t39.30808-1\/270437624_4564083193639691_6907940295614233970_n.jpg?stp=dst-jpg_s200x200_tt6&#038;_nc_cat=111&#038;ccb=1-7&#038;_nc_sid=f907e8&#038;_nc_ohc=SM1wRlP3lJwQ7kNvwEPuBYA&#038;_nc_oc=AdnqrjDN_BNjSSHWO-GbkIWH6fkGMLw4bqvL_NH6e2wMveX7G-rP2dAqsDSq1mJMOaY&#038;_nc_zt=24&#038;_nc_ht=scontent-gig4-1.xx&#038;_nc_gid=AoBFJeGrT1hVaew_6rchkQ&#038;oh=00_AfX7QmFGhQhG2jAllVgXCiM1ZrWgvtp80-Bfppyexh1QEg&#038;oe=689E923C","og:image:secure_url":"https:\/\/scontent-gig4-1.xx.fbcdn.net\/v\/t39.30808-1\/270437624_4564083193639691_6907940295614233970_n.jpg?stp=dst-jpg_s200x200_tt6&#038;_nc_cat=111&#038;ccb=1-7&#038;_nc_sid=f907e8&#038;_nc_ohc=SM1wRlP3lJwQ7kNvwEPuBYA&#038;_nc_oc=AdnqrjDN_BNjSSHWO-GbkIWH6fkGMLw4bqvL_NH6e2wMveX7G-rP2dAqsDSq1mJMOaY&#038;_nc_zt=24&#038;_nc_ht=scontent-gig4-1.xx&#038;_nc_gid=AoBFJeGrT1hVaew_6rchkQ&#038;oh=00_AfX7QmFGhQhG2jAllVgXCiM1ZrWgvtp80-Bfppyexh1QEg&#038;oe=689E923C","article:published_time":"2017-09-29T18:41:15+00:00","article:modified_time":"2017-10-02T18:50:09+00:00","twitter:card":"summary_large_image","twitter:title":"Sociarte 29.09 - A Not\u00edcia Online","twitter:description":"Niver duplo Os irm\u00e3os g\u00eameos, M\u00e1rcio Cassuce e M\u00e1rcia Cassuce, completaram idade nova no \u00faltimo domingo (24). Os nossos queridos amigos receberam os cumprimentos das irm\u00e3s Meire e Mila, da m\u00e3e Dolorita e dos sobrinhos David e Murilo. Quem tamb\u00e9m envia votos de felicidades \u00e9 o esposo da M\u00e1rcia, o querido amigo Micheline. Parab\u00e9ns aos","twitter:image":"https:\/\/scontent-gig4-1.xx.fbcdn.net\/v\/t39.30808-1\/270437624_4564083193639691_6907940295614233970_n.jpg?stp=dst-jpg_s200x200_tt6&_nc_cat=111&ccb=1-7&_nc_sid=f907e8&_nc_ohc=SM1wRlP3lJwQ7kNvwEPuBYA&_nc_oc=AdnqrjDN_BNjSSHWO-GbkIWH6fkGMLw4bqvL_NH6e2wMveX7G-rP2dAqsDSq1mJMOaY&_nc_zt=24&_nc_ht=scontent-gig4-1.xx&_nc_gid=AoBFJeGrT1hVaew_6rchkQ&oh=00_AfX7QmFGhQhG2jAllVgXCiM1ZrWgvtp80-Bfppyexh1QEg&oe=689E923C"},"aioseo_meta_data":{"post_id":"41580","title":null,"description":null,"keywords":null,"keyphrases":null,"primary_term":null,"canonical_url":null,"og_title":null,"og_description":null,"og_object_type":"default","og_image_type":"default","og_image_url":null,"og_image_width":null,"og_image_height":null,"og_image_custom_url":null,"og_image_custom_fields":null,"og_video":null,"og_custom_url":null,"og_article_section":null,"og_article_tags":null,"twitter_use_og":false,"twitter_card":"default","twitter_image_type":"default","twitter_image_url":null,"twitter_image_custom_url":null,"twitter_image_custom_fields":null,"twitter_title":null,"twitter_description":null,"schema":{"blockGraphs":[],"customGraphs":[],"default":{"data":{"Article":[],"Course":[],"Dataset":[],"FAQPage":[],"Movie":[],"Person":[],"Product":[],"ProductReview":[],"Car":[],"Recipe":[],"Service":[],"SoftwareApplication":[],"WebPage":[]},"graphName":"","isEnabled":true},"graphs":[]},"schema_type":"default","schema_type_options":null,"pillar_content":false,"robots_default":true,"robots_noindex":false,"robots_noarchive":false,"robots_nosnippet":false,"robots_nofollow":false,"robots_noimageindex":false,"robots_noodp":false,"robots_notranslate":false,"robots_max_snippet":null,"robots_max_videopreview":null,"robots_max_imagepreview":"large","priority":null,"frequency":null,"local_seo":null,"breadcrumb_settings":null,"limit_modified_date":false,"ai":null,"created":"2025-08-16 19:33:20","updated":"2025-08-16 19:33:20","focus_keyword":null,"additional_keywords":null,"truseo_locale":null,"seo_analyzer_scan_date":null},"aioseo_breadcrumb":"<div class=\"aioseo-breadcrumbs\"><span class=\"aioseo-breadcrumb\">\n\t\t\t<a href=\"https:\/\/anoticiaonline.com.br\/site\" title=\"Home\">Home<\/a>\n\t\t<\/span><span class=\"aioseo-breadcrumb-separator\">&raquo;<\/span><span class=\"aioseo-breadcrumb\">\n\t\t\t<a href=\"https:\/\/anoticiaonline.com.br\/site\/categoria\/colunistas\/\" title=\"Colunistas\">Colunistas<\/a>\n\t\t<\/span><span class=\"aioseo-breadcrumb-separator\">&raquo;<\/span><span class=\"aioseo-breadcrumb\">\n\t\t\t<a href=\"https:\/\/anoticiaonline.com.br\/site\/categoria\/colunistas\/sociarte\/\" title=\"Sociarte\">Sociarte<\/a>\n\t\t<\/span><span class=\"aioseo-breadcrumb-separator\">&raquo;<\/span><span class=\"aioseo-breadcrumb\">\n\t\t\tSociarte 29.09\n\t\t<\/span><\/div>","aioseo_breadcrumb_json":[{"label":"Home","link":"https:\/\/anoticiaonline.com.br\/site"},{"label":"Colunistas","link":"https:\/\/anoticiaonline.com.br\/site\/categoria\/colunistas\/"},{"label":"Sociarte","link":"https:\/\/anoticiaonline.com.br\/site\/categoria\/colunistas\/sociarte\/"},{"label":"Sociarte 29.09","link":"https:\/\/anoticiaonline.com.br\/site\/sociarte-29-09\/"}],"views":138,"_links":{"self":[{"href":"https:\/\/anoticiaonline.com.br\/site\/wp-json\/wp\/v2\/posts\/41580","targetHints":{"allow":["GET"]}}],"collection":[{"href":"https:\/\/anoticiaonline.com.br\/site\/wp-json\/wp\/v2\/posts"}],"about":[{"href":"https:\/\/anoticiaonline.com.br\/site\/wp-json\/wp\/v2\/types\/post"}],"author":[{"embeddable":true,"href":"https:\/\/anoticiaonline.com.br\/site\/wp-json\/wp\/v2\/users\/2"}],"replies":[{"embeddable":true,"href":"https:\/\/anoticiaonline.com.br\/site\/wp-json\/wp\/v2\/comments?post=41580"}],"version-history":[{"count":0,"href":"https:\/\/anoticiaonline.com.br\/site\/wp-json\/wp\/v2\/posts\/41580\/revisions"}],"wp:attachment":[{"href":"https:\/\/anoticiaonline.com.br\/site\/wp-json\/wp\/v2\/media?parent=41580"}],"wp:term":[{"taxonomy":"category","embeddable":true,"href":"https:\/\/anoticiaonline.com.br\/site\/wp-json\/wp\/v2\/categories?post=41580"},{"taxonomy":"post_tag","embeddable":true,"href":"https:\/\/anoticiaonline.com.br\/site\/wp-json\/wp\/v2\/tags?post=41580"}],"curies":[{"name":"wp","href":"https:\/\/api.w.org\/{rel}","templated":true}]}}