{"id":41527,"date":"2017-09-30T10:15:43","date_gmt":"2017-09-30T13:15:43","guid":{"rendered":"http:\/\/anoticiaonline.com.br\/site\/?p=41527"},"modified":"2017-09-30T10:15:44","modified_gmt":"2017-09-30T13:15:44","slug":"sv-assessoria-promove-seu-1o-dia-de-campo-em-busca-da-pecuaria-sustentavel","status":"publish","type":"post","link":"https:\/\/anoticiaonline.com.br\/site\/sv-assessoria-promove-seu-1o-dia-de-campo-em-busca-da-pecuaria-sustentavel\/","title":{"rendered":"SV Assessoria promove seu 1\u00ba Dia de Campo \u2013 Em busca da pecu\u00e1ria sustent\u00e1vel"},"content":{"rendered":"<p><a href=\"https:\/\/anoticiaonline.com.br\/site\/wp-content\/uploads\/2017\/09\/DSC_1507.jpg\"><img fetchpriority=\"high\" decoding=\"async\" class=\"alignleft size-medium wp-image-41528\" src=\"https:\/\/anoticiaonline.com.br\/site\/wp-content\/uploads\/2017\/09\/DSC_1507-300x199.jpg\" alt=\"\" width=\"300\" height=\"199\" srcset=\"https:\/\/anoticiaonline.com.br\/site\/wp-content\/uploads\/2017\/09\/DSC_1507-300x199.jpg 300w, https:\/\/anoticiaonline.com.br\/site\/wp-content\/uploads\/2017\/09\/DSC_1507-290x192.jpg 290w, https:\/\/anoticiaonline.com.br\/site\/wp-content\/uploads\/2017\/09\/DSC_1507.jpg 640w\" sizes=\"(max-width: 300px) 100vw, 300px\" \/><\/a> <a href=\"https:\/\/anoticiaonline.com.br\/site\/wp-content\/uploads\/2017\/09\/DSC_1533.jpg\"><img decoding=\"async\" class=\"alignleft size-medium wp-image-41529\" src=\"https:\/\/anoticiaonline.com.br\/site\/wp-content\/uploads\/2017\/09\/DSC_1533-300x199.jpg\" alt=\"\" width=\"300\" height=\"199\" srcset=\"https:\/\/anoticiaonline.com.br\/site\/wp-content\/uploads\/2017\/09\/DSC_1533-300x199.jpg 300w, https:\/\/anoticiaonline.com.br\/site\/wp-content\/uploads\/2017\/09\/DSC_1533-290x192.jpg 290w, https:\/\/anoticiaonline.com.br\/site\/wp-content\/uploads\/2017\/09\/DSC_1533.jpg 640w\" sizes=\"(max-width: 300px) 100vw, 300px\" \/><\/a> <a href=\"https:\/\/anoticiaonline.com.br\/site\/wp-content\/uploads\/2017\/09\/DSC_1540.jpg\"><img decoding=\"async\" class=\"alignleft size-medium wp-image-41530\" src=\"https:\/\/anoticiaonline.com.br\/site\/wp-content\/uploads\/2017\/09\/DSC_1540-300x199.jpg\" alt=\"\" width=\"300\" height=\"199\" srcset=\"https:\/\/anoticiaonline.com.br\/site\/wp-content\/uploads\/2017\/09\/DSC_1540-300x199.jpg 300w, https:\/\/anoticiaonline.com.br\/site\/wp-content\/uploads\/2017\/09\/DSC_1540-290x192.jpg 290w, https:\/\/anoticiaonline.com.br\/site\/wp-content\/uploads\/2017\/09\/DSC_1540.jpg 640w\" sizes=\"(max-width: 300px) 100vw, 300px\" \/><\/a>A SV Assessoria promoveu seu 1\u00ba Dia de Campo com o tema \u201cEm busca da pecu\u00e1ria sustent\u00e1vel\u201d, durante a tarde de s\u00e1bado (23), na Est\u00e2ncia Nossa Senhora Aparecida, em Eugen\u00f3polis.<\/p>\n<p>Com o objetivo de levar novas informa\u00e7\u00f5es sobre novas tecnologias aos pequenos, m\u00e9dios e grandes produtores rurais da regi\u00e3o e de outros estados, o 1\u00ba Dia de Campo foi realizado gra\u00e7as aos parceiros e clientes da SV Assessoria.<\/p>\n<p>De acordo com S\u00e9rgio e Ver\u00f4nica Peixoto, s\u00f3cios da SV, estiveram presentes mais de 400 pessoas, que assistiram seis palestras que abordaram diferentes temas. \u201cFoi um grande encontro, com certeza, o maior da regi\u00e3o onde foram ofertadas informa\u00e7\u00f5es t\u00e9cnicas de qualidade\u201d, disseram.<\/p>\n<p>Na ocasi\u00e3o, a SV Assessoria apresentou seu n\u00facleo de cria\u00e7\u00e3o do gado das ra\u00e7as Girolando e Gir Leiteiro, com exemplares de alto valor gen\u00e9tico.<\/p>\n<p><strong>Programa\u00e7\u00e3o do 1\u00ba Dia de Campo: <\/strong><\/p>\n<p>Palestra \u201cProdu\u00e7\u00e3o de volumoso atrav\u00e9s das variedades dos capins \u2013 BRS Capia\u00e7u e BRS Curumim, ministrada pelo engenheiro agr\u00f4nomo e coordenador da Bovinocultura Emater MG, Rodrigo Couto;<\/p>\n<p>Palestra \u201cProdu\u00e7\u00e3o de Silagem de Milho\u201d, ministrada pelo engenheiro agr\u00f4nomo e RTV Dupont do Brasil para a marca Biogene de Sementes, \u00canio Marc\u00edlio de Miranda Gomes;<\/p>\n<p>Palestra \u201cNutri\u00e7\u00e3o na cria\u00e7\u00e3o de bezerras\u201d, ministrada pelo zootecnista e gerente nacional da linha ruminantes Guabi, dr. Jos\u00e9 Leonardo Ribeiro;<\/p>\n<p>Palestra \u201cMelhoramento gen\u00e9tico da ra\u00e7a Holandesa\u201d, ministrada por Ricardo Bertola;<\/p>\n<p>Palestra \u201cMelhoramento gen\u00e9tico da ra\u00e7a Gir\u201d, ministrada pelo engenheiro agr\u00f4nomo e auditor fiscal agropecu\u00e1rio do MAPA, dr. Jo\u00e3o Cruz Filho;<\/p>\n<p>Palestra \u201cMelhoramento gen\u00e9tico da ra\u00e7a Girolando\u201d, ministrada pelo especialista em Pecu\u00e1ria de Leite pela ABCZ, Fazu e Rehagro e gerente de leite Nacional, Guilherme Marquez.<\/p>\n<p>O evento contou com a organiza\u00e7\u00e3o da Progredir \u2013 Eventos e Leil\u00f5es Rurais, da secretaria de Agricultura de Eugen\u00f3polis, da Emater MG e com o apoio da Embrapa.<\/p>\n<p><img decoding=\"async\" class=\"ngg_displayed_gallery mceItem\" src=\"https:\/\/anoticiaonline.com.br\/site\/nextgen-attach_to_post\/preview\/id--41577\" \/><\/p>\n<p>&nbsp;<\/p>\n<p>&nbsp;<\/p>\n<p>&nbsp;<\/p>\n","protected":false},"excerpt":{"rendered":"<p>A SV Assessoria promoveu seu 1\u00ba Dia de Campo com o tema \u201cEm busca da pecu\u00e1ria sustent\u00e1vel\u201d, durante a tarde de s\u00e1bado (23), na Est\u00e2ncia Nossa Senhora Aparecida, em Eugen\u00f3polis. Com o objetivo de levar novas informa\u00e7\u00f5es sobre novas tecnologias aos pequenos, m\u00e9dios e grandes produtores rurais da regi\u00e3o e de outros estados, o 1\u00ba &#8230; <a title=\"SV Assessoria promove seu 1\u00ba Dia de Campo \u2013 Em busca da pecu\u00e1ria sustent\u00e1vel\" class=\"read-more\" href=\"https:\/\/anoticiaonline.com.br\/site\/sv-assessoria-promove-seu-1o-dia-de-campo-em-busca-da-pecuaria-sustentavel\/\" aria-label=\"Read more about SV Assessoria promove seu 1\u00ba Dia de Campo \u2013 Em busca da pecu\u00e1ria sustent\u00e1vel\">Ler mais<\/a><\/p>\n","protected":false},"author":2,"featured_media":41530,"comment_status":"open","ping_status":"open","sticky":false,"template":"","format":"standard","meta":{"_acf_changed":false,"_monsterinsights_skip_tracking":false,"footnotes":""},"categories":[24],"tags":[1235,250,1237,1236,3,1233,1234],"class_list":["post-41527","post","type-post","status-publish","format-standard","has-post-thumbnail","hentry","category-eventos","tag-dia-de-campo","tag-eugenopolis","tag-joao-cruz-filho","tag-mapa","tag-slide","tag-sv","tag-sv-assessoria"],"acf":[],"aioseo_notices":[],"aioseo_head":"\n\t\t<!-- All in One SEO 5.0.0.1 - aioseo.com -->\n\t<meta name=\"description\" content=\"A SV Assessoria promoveu seu 1\u00ba Dia de Campo com o tema \u201cEm busca da pecu\u00e1ria sustent\u00e1vel\u201d, durante a tarde de s\u00e1bado (23), na Est\u00e2ncia Nossa Senhora Aparecida, em Eugen\u00f3polis. Com o objetivo de levar novas informa\u00e7\u00f5es sobre novas tecnologias aos pequenos, m\u00e9dios e grandes produtores rurais da regi\u00e3o e de outros estados, o 1\u00ba\" \/>\n\t<meta name=\"robots\" content=\"max-image-preview:large\" \/>\n\t<meta name=\"author\" content=\"Juliana Laviola\"\/>\n\t<link rel=\"canonical\" href=\"https:\/\/anoticiaonline.com.br\/site\/sv-assessoria-promove-seu-1o-dia-de-campo-em-busca-da-pecuaria-sustentavel\/\" \/>\n\t<meta name=\"generator\" content=\"All in One SEO (AIOSEO) 5.0.0.1\" \/>\n\t\t<meta property=\"og:locale\" content=\"pt_BR\" \/>\n\t\t<meta property=\"og:site_name\" content=\"A Not\u00edcia Online - Noticias de Muria\u00e9 e regi\u00e3o\" \/>\n\t\t<meta property=\"og:type\" content=\"article\" \/>\n\t\t<meta property=\"og:title\" content=\"SV Assessoria promove seu 1\u00ba Dia de Campo \u2013 Em busca da pecu\u00e1ria sustent\u00e1vel - A Not\u00edcia Online\" \/>\n\t\t<meta property=\"og:description\" content=\"A SV Assessoria promoveu seu 1\u00ba Dia de Campo com o tema \u201cEm busca da pecu\u00e1ria sustent\u00e1vel\u201d, durante a tarde de s\u00e1bado (23), na Est\u00e2ncia Nossa Senhora Aparecida, em Eugen\u00f3polis. Com o objetivo de levar novas informa\u00e7\u00f5es sobre novas tecnologias aos pequenos, m\u00e9dios e grandes produtores rurais da regi\u00e3o e de outros estados, o 1\u00ba\" \/>\n\t\t<meta property=\"og:url\" content=\"https:\/\/anoticiaonline.com.br\/site\/sv-assessoria-promove-seu-1o-dia-de-campo-em-busca-da-pecuaria-sustentavel\/\" \/>\n\t\t<meta property=\"og:image\" content=\"https:\/\/scontent-gig4-1.xx.fbcdn.net\/v\/t39.30808-1\/270437624_4564083193639691_6907940295614233970_n.jpg?stp=dst-jpg_s200x200_tt6&#038;_nc_cat=111&#038;ccb=1-7&#038;_nc_sid=f907e8&#038;_nc_ohc=SM1wRlP3lJwQ7kNvwEPuBYA&#038;_nc_oc=AdnqrjDN_BNjSSHWO-GbkIWH6fkGMLw4bqvL_NH6e2wMveX7G-rP2dAqsDSq1mJMOaY&#038;_nc_zt=24&#038;_nc_ht=scontent-gig4-1.xx&#038;_nc_gid=AoBFJeGrT1hVaew_6rchkQ&#038;oh=00_AfX7QmFGhQhG2jAllVgXCiM1ZrWgvtp80-Bfppyexh1QEg&#038;oe=689E923C\" \/>\n\t\t<meta property=\"og:image:secure_url\" content=\"https:\/\/scontent-gig4-1.xx.fbcdn.net\/v\/t39.30808-1\/270437624_4564083193639691_6907940295614233970_n.jpg?stp=dst-jpg_s200x200_tt6&#038;_nc_cat=111&#038;ccb=1-7&#038;_nc_sid=f907e8&#038;_nc_ohc=SM1wRlP3lJwQ7kNvwEPuBYA&#038;_nc_oc=AdnqrjDN_BNjSSHWO-GbkIWH6fkGMLw4bqvL_NH6e2wMveX7G-rP2dAqsDSq1mJMOaY&#038;_nc_zt=24&#038;_nc_ht=scontent-gig4-1.xx&#038;_nc_gid=AoBFJeGrT1hVaew_6rchkQ&#038;oh=00_AfX7QmFGhQhG2jAllVgXCiM1ZrWgvtp80-Bfppyexh1QEg&#038;oe=689E923C\" \/>\n\t\t<meta property=\"article:published_time\" content=\"2017-09-30T13:15:43+00:00\" \/>\n\t\t<meta property=\"article:modified_time\" content=\"2017-09-30T13:15:44+00:00\" \/>\n\t\t<meta name=\"twitter:card\" content=\"summary_large_image\" \/>\n\t\t<meta name=\"twitter:title\" content=\"SV Assessoria promove seu 1\u00ba Dia de Campo \u2013 Em busca da pecu\u00e1ria sustent\u00e1vel - A Not\u00edcia Online\" \/>\n\t\t<meta name=\"twitter:description\" content=\"A SV Assessoria promoveu seu 1\u00ba Dia de Campo com o tema \u201cEm busca da pecu\u00e1ria sustent\u00e1vel\u201d, durante a tarde de s\u00e1bado (23), na Est\u00e2ncia Nossa Senhora Aparecida, em Eugen\u00f3polis. Com o objetivo de levar novas informa\u00e7\u00f5es sobre novas tecnologias aos pequenos, m\u00e9dios e grandes produtores rurais da regi\u00e3o e de outros estados, o 1\u00ba\" \/>\n\t\t<meta name=\"twitter:image\" content=\"https:\/\/scontent-gig4-1.xx.fbcdn.net\/v\/t39.30808-1\/270437624_4564083193639691_6907940295614233970_n.jpg?stp=dst-jpg_s200x200_tt6&amp;_nc_cat=111&amp;ccb=1-7&amp;_nc_sid=f907e8&amp;_nc_ohc=SM1wRlP3lJwQ7kNvwEPuBYA&amp;_nc_oc=AdnqrjDN_BNjSSHWO-GbkIWH6fkGMLw4bqvL_NH6e2wMveX7G-rP2dAqsDSq1mJMOaY&amp;_nc_zt=24&amp;_nc_ht=scontent-gig4-1.xx&amp;_nc_gid=AoBFJeGrT1hVaew_6rchkQ&amp;oh=00_AfX7QmFGhQhG2jAllVgXCiM1ZrWgvtp80-Bfppyexh1QEg&amp;oe=689E923C\" \/>\n\t\t<script type=\"application\/ld+json\" class=\"aioseo-schema\">\n\t\t\t{\"@context\":\"https:\\\/\\\/schema.org\",\"@graph\":[{\"@type\":\"BlogPosting\",\"@id\":\"https:\\\/\\\/anoticiaonline.com.br\\\/site\\\/sv-assessoria-promove-seu-1o-dia-de-campo-em-busca-da-pecuaria-sustentavel\\\/#blogposting\",\"name\":\"SV Assessoria promove seu 1\\u00ba Dia de Campo \\u2013 Em busca da pecu\\u00e1ria sustent\\u00e1vel - A Not\\u00edcia Online\",\"headline\":\"SV Assessoria promove seu 1\\u00ba Dia de Campo \\u2013 Em busca da pecu\\u00e1ria sustent\\u00e1vel\",\"author\":{\"@id\":\"https:\\\/\\\/anoticiaonline.com.br\\\/site\\\/author\\\/juliana\\\/#author\"},\"publisher\":{\"@id\":\"https:\\\/\\\/anoticiaonline.com.br\\\/site\\\/#organization\"},\"image\":{\"@type\":\"ImageObject\",\"url\":\"https:\\\/\\\/anoticiaonline.com.br\\\/site\\\/wp-content\\\/uploads\\\/2017\\\/09\\\/DSC_1540.jpg\",\"width\":640,\"height\":424},\"datePublished\":\"2017-09-30T10:15:43-03:00\",\"dateModified\":\"2017-09-30T10:15:44-03:00\",\"inLanguage\":\"pt-BR\",\"mainEntityOfPage\":{\"@id\":\"https:\\\/\\\/anoticiaonline.com.br\\\/site\\\/sv-assessoria-promove-seu-1o-dia-de-campo-em-busca-da-pecuaria-sustentavel\\\/#webpage\"},\"isPartOf\":{\"@id\":\"https:\\\/\\\/anoticiaonline.com.br\\\/site\\\/sv-assessoria-promove-seu-1o-dia-de-campo-em-busca-da-pecuaria-sustentavel\\\/#webpage\"},\"articleSection\":\"Eventos, Dia de Campo, eugen\\u00f3polis, Jo\\u00e3o Cruz Filho;, MAPA, slide, SV, SV Assessoria\"},{\"@type\":\"BreadcrumbList\",\"@id\":\"https:\\\/\\\/anoticiaonline.com.br\\\/site\\\/sv-assessoria-promove-seu-1o-dia-de-campo-em-busca-da-pecuaria-sustentavel\\\/#breadcrumblist\",\"itemListElement\":[{\"@type\":\"ListItem\",\"@id\":\"https:\\\/\\\/anoticiaonline.com.br\\\/site#listItem\",\"position\":1,\"name\":\"Home\",\"item\":\"https:\\\/\\\/anoticiaonline.com.br\\\/site\",\"nextItem\":{\"@type\":\"ListItem\",\"@id\":\"https:\\\/\\\/anoticiaonline.com.br\\\/site\\\/categoria\\\/eventos\\\/#listItem\",\"name\":\"Eventos\"}},{\"@type\":\"ListItem\",\"@id\":\"https:\\\/\\\/anoticiaonline.com.br\\\/site\\\/categoria\\\/eventos\\\/#listItem\",\"position\":2,\"name\":\"Eventos\",\"item\":\"https:\\\/\\\/anoticiaonline.com.br\\\/site\\\/categoria\\\/eventos\\\/\",\"nextItem\":{\"@type\":\"ListItem\",\"@id\":\"https:\\\/\\\/anoticiaonline.com.br\\\/site\\\/sv-assessoria-promove-seu-1o-dia-de-campo-em-busca-da-pecuaria-sustentavel\\\/#listItem\",\"name\":\"SV Assessoria promove seu 1\\u00ba Dia de Campo \\u2013 Em busca da pecu\\u00e1ria sustent\\u00e1vel\"},\"previousItem\":{\"@type\":\"ListItem\",\"@id\":\"https:\\\/\\\/anoticiaonline.com.br\\\/site#listItem\",\"name\":\"Home\"}},{\"@type\":\"ListItem\",\"@id\":\"https:\\\/\\\/anoticiaonline.com.br\\\/site\\\/sv-assessoria-promove-seu-1o-dia-de-campo-em-busca-da-pecuaria-sustentavel\\\/#listItem\",\"position\":3,\"name\":\"SV Assessoria promove seu 1\\u00ba Dia de Campo \\u2013 Em busca da pecu\\u00e1ria sustent\\u00e1vel\",\"previousItem\":{\"@type\":\"ListItem\",\"@id\":\"https:\\\/\\\/anoticiaonline.com.br\\\/site\\\/categoria\\\/eventos\\\/#listItem\",\"name\":\"Eventos\"}}]},{\"@type\":\"Organization\",\"@id\":\"https:\\\/\\\/anoticiaonline.com.br\\\/site\\\/#organization\",\"name\":\"A Not\\u00edcia Online\",\"description\":\"Noticias de Muria\\u00e9 e regi\\u00e3o\",\"url\":\"https:\\\/\\\/anoticiaonline.com.br\\\/site\\\/\",\"logo\":{\"@type\":\"ImageObject\",\"url\":\"https:\\\/\\\/scontent-gig4-1.xx.fbcdn.net\\\/v\\\/t39.30808-1\\\/270437624_4564083193639691_6907940295614233970_n.jpg?stp=dst-jpg_s200x200_tt6&_nc_cat=111&ccb=1-7&_nc_sid=f907e8&_nc_ohc=SM1wRlP3lJwQ7kNvwEPuBYA&_nc_oc=AdnqrjDN_BNjSSHWO-GbkIWH6fkGMLw4bqvL_NH6e2wMveX7G-rP2dAqsDSq1mJMOaY&_nc_zt=24&_nc_ht=scontent-gig4-1.xx&_nc_gid=AoBFJeGrT1hVaew_6rchkQ&oh=00_AfX7QmFGhQhG2jAllVgXCiM1ZrWgvtp80-Bfppyexh1QEg&oe=689E923C\",\"@id\":\"https:\\\/\\\/anoticiaonline.com.br\\\/site\\\/sv-assessoria-promove-seu-1o-dia-de-campo-em-busca-da-pecuaria-sustentavel\\\/#organizationLogo\"},\"image\":{\"@id\":\"https:\\\/\\\/anoticiaonline.com.br\\\/site\\\/sv-assessoria-promove-seu-1o-dia-de-campo-em-busca-da-pecuaria-sustentavel\\\/#organizationLogo\"}},{\"@type\":\"Person\",\"@id\":\"https:\\\/\\\/anoticiaonline.com.br\\\/site\\\/author\\\/juliana\\\/#author\",\"url\":\"https:\\\/\\\/anoticiaonline.com.br\\\/site\\\/author\\\/juliana\\\/\",\"name\":\"Juliana Laviola\",\"image\":{\"@type\":\"ImageObject\",\"@id\":\"https:\\\/\\\/anoticiaonline.com.br\\\/site\\\/sv-assessoria-promove-seu-1o-dia-de-campo-em-busca-da-pecuaria-sustentavel\\\/#authorImage\",\"url\":\"https:\\\/\\\/secure.gravatar.com\\\/avatar\\\/b8d45f5c699b100dfaf0e543582f38f38bf94cb7ae3a5e9abf8d891a34773335?s=96&d=mm&r=g\",\"width\":96,\"height\":96,\"caption\":\"Juliana Laviola\"}},{\"@type\":\"WebPage\",\"@id\":\"https:\\\/\\\/anoticiaonline.com.br\\\/site\\\/sv-assessoria-promove-seu-1o-dia-de-campo-em-busca-da-pecuaria-sustentavel\\\/#webpage\",\"url\":\"https:\\\/\\\/anoticiaonline.com.br\\\/site\\\/sv-assessoria-promove-seu-1o-dia-de-campo-em-busca-da-pecuaria-sustentavel\\\/\",\"name\":\"SV Assessoria promove seu 1\\u00ba Dia de Campo \\u2013 Em busca da pecu\\u00e1ria sustent\\u00e1vel - A Not\\u00edcia Online\",\"description\":\"A SV Assessoria promoveu seu 1\\u00ba Dia de Campo com o tema \\u201cEm busca da pecu\\u00e1ria sustent\\u00e1vel\\u201d, durante a tarde de s\\u00e1bado (23), na Est\\u00e2ncia Nossa Senhora Aparecida, em Eugen\\u00f3polis. Com o objetivo de levar novas informa\\u00e7\\u00f5es sobre novas tecnologias aos pequenos, m\\u00e9dios e grandes produtores rurais da regi\\u00e3o e de outros estados, o 1\\u00ba\",\"inLanguage\":\"pt-BR\",\"isPartOf\":{\"@id\":\"https:\\\/\\\/anoticiaonline.com.br\\\/site\\\/#website\"},\"breadcrumb\":{\"@id\":\"https:\\\/\\\/anoticiaonline.com.br\\\/site\\\/sv-assessoria-promove-seu-1o-dia-de-campo-em-busca-da-pecuaria-sustentavel\\\/#breadcrumblist\"},\"author\":{\"@id\":\"https:\\\/\\\/anoticiaonline.com.br\\\/site\\\/author\\\/juliana\\\/#author\"},\"creator\":{\"@id\":\"https:\\\/\\\/anoticiaonline.com.br\\\/site\\\/author\\\/juliana\\\/#author\"},\"image\":{\"@type\":\"ImageObject\",\"url\":\"https:\\\/\\\/anoticiaonline.com.br\\\/site\\\/wp-content\\\/uploads\\\/2017\\\/09\\\/DSC_1540.jpg\",\"@id\":\"https:\\\/\\\/anoticiaonline.com.br\\\/site\\\/sv-assessoria-promove-seu-1o-dia-de-campo-em-busca-da-pecuaria-sustentavel\\\/#mainImage\",\"width\":640,\"height\":424},\"primaryImageOfPage\":{\"@id\":\"https:\\\/\\\/anoticiaonline.com.br\\\/site\\\/sv-assessoria-promove-seu-1o-dia-de-campo-em-busca-da-pecuaria-sustentavel\\\/#mainImage\"},\"datePublished\":\"2017-09-30T10:15:43-03:00\",\"dateModified\":\"2017-09-30T10:15:44-03:00\"},{\"@type\":\"WebSite\",\"@id\":\"https:\\\/\\\/anoticiaonline.com.br\\\/site\\\/#website\",\"url\":\"https:\\\/\\\/anoticiaonline.com.br\\\/site\\\/\",\"name\":\"A Not\\u00edcia Online\",\"description\":\"Noticias de Muria\\u00e9 e regi\\u00e3o\",\"inLanguage\":\"pt-BR\",\"publisher\":{\"@id\":\"https:\\\/\\\/anoticiaonline.com.br\\\/site\\\/#organization\"}}]}\n\t\t<\/script>\n\t\t<!-- All in One SEO -->\n\n","aioseo_head_json":{"title":"SV Assessoria promove seu 1\u00ba Dia de Campo \u2013 Em busca da pecu\u00e1ria sustent\u00e1vel - A Not\u00edcia Online","description":"A SV Assessoria promoveu seu 1\u00ba Dia de Campo com o tema \u201cEm busca da pecu\u00e1ria sustent\u00e1vel\u201d, durante a tarde de s\u00e1bado (23), na Est\u00e2ncia Nossa Senhora Aparecida, em Eugen\u00f3polis. Com o objetivo de levar novas informa\u00e7\u00f5es sobre novas tecnologias aos pequenos, m\u00e9dios e grandes produtores rurais da regi\u00e3o e de outros estados, o 1\u00ba","canonical_url":"https:\/\/anoticiaonline.com.br\/site\/sv-assessoria-promove-seu-1o-dia-de-campo-em-busca-da-pecuaria-sustentavel\/","robots":"max-image-preview:large","keywords":"","webmasterTools":{"miscellaneous":""},"schema":{"@context":"https:\/\/schema.org","@graph":[{"@type":"BlogPosting","@id":"https:\/\/anoticiaonline.com.br\/site\/sv-assessoria-promove-seu-1o-dia-de-campo-em-busca-da-pecuaria-sustentavel\/#blogposting","name":"SV Assessoria promove seu 1\u00ba Dia de Campo \u2013 Em busca da pecu\u00e1ria sustent\u00e1vel - A Not\u00edcia Online","headline":"SV Assessoria promove seu 1\u00ba Dia de Campo \u2013 Em busca da pecu\u00e1ria sustent\u00e1vel","author":{"@id":"https:\/\/anoticiaonline.com.br\/site\/author\/juliana\/#author"},"publisher":{"@id":"https:\/\/anoticiaonline.com.br\/site\/#organization"},"image":{"@type":"ImageObject","url":"https:\/\/anoticiaonline.com.br\/site\/wp-content\/uploads\/2017\/09\/DSC_1540.jpg","width":640,"height":424},"datePublished":"2017-09-30T10:15:43-03:00","dateModified":"2017-09-30T10:15:44-03:00","inLanguage":"pt-BR","mainEntityOfPage":{"@id":"https:\/\/anoticiaonline.com.br\/site\/sv-assessoria-promove-seu-1o-dia-de-campo-em-busca-da-pecuaria-sustentavel\/#webpage"},"isPartOf":{"@id":"https:\/\/anoticiaonline.com.br\/site\/sv-assessoria-promove-seu-1o-dia-de-campo-em-busca-da-pecuaria-sustentavel\/#webpage"},"articleSection":"Eventos, Dia de Campo, eugen\u00f3polis, Jo\u00e3o Cruz Filho;, MAPA, slide, SV, SV Assessoria"},{"@type":"BreadcrumbList","@id":"https:\/\/anoticiaonline.com.br\/site\/sv-assessoria-promove-seu-1o-dia-de-campo-em-busca-da-pecuaria-sustentavel\/#breadcrumblist","itemListElement":[{"@type":"ListItem","@id":"https:\/\/anoticiaonline.com.br\/site#listItem","position":1,"name":"Home","item":"https:\/\/anoticiaonline.com.br\/site","nextItem":{"@type":"ListItem","@id":"https:\/\/anoticiaonline.com.br\/site\/categoria\/eventos\/#listItem","name":"Eventos"}},{"@type":"ListItem","@id":"https:\/\/anoticiaonline.com.br\/site\/categoria\/eventos\/#listItem","position":2,"name":"Eventos","item":"https:\/\/anoticiaonline.com.br\/site\/categoria\/eventos\/","nextItem":{"@type":"ListItem","@id":"https:\/\/anoticiaonline.com.br\/site\/sv-assessoria-promove-seu-1o-dia-de-campo-em-busca-da-pecuaria-sustentavel\/#listItem","name":"SV Assessoria promove seu 1\u00ba Dia de Campo \u2013 Em busca da pecu\u00e1ria sustent\u00e1vel"},"previousItem":{"@type":"ListItem","@id":"https:\/\/anoticiaonline.com.br\/site#listItem","name":"Home"}},{"@type":"ListItem","@id":"https:\/\/anoticiaonline.com.br\/site\/sv-assessoria-promove-seu-1o-dia-de-campo-em-busca-da-pecuaria-sustentavel\/#listItem","position":3,"name":"SV Assessoria promove seu 1\u00ba Dia de Campo \u2013 Em busca da pecu\u00e1ria sustent\u00e1vel","previousItem":{"@type":"ListItem","@id":"https:\/\/anoticiaonline.com.br\/site\/categoria\/eventos\/#listItem","name":"Eventos"}}]},{"@type":"Organization","@id":"https:\/\/anoticiaonline.com.br\/site\/#organization","name":"A Not\u00edcia Online","description":"Noticias de Muria\u00e9 e regi\u00e3o","url":"https:\/\/anoticiaonline.com.br\/site\/","logo":{"@type":"ImageObject","url":"https:\/\/scontent-gig4-1.xx.fbcdn.net\/v\/t39.30808-1\/270437624_4564083193639691_6907940295614233970_n.jpg?stp=dst-jpg_s200x200_tt6&_nc_cat=111&ccb=1-7&_nc_sid=f907e8&_nc_ohc=SM1wRlP3lJwQ7kNvwEPuBYA&_nc_oc=AdnqrjDN_BNjSSHWO-GbkIWH6fkGMLw4bqvL_NH6e2wMveX7G-rP2dAqsDSq1mJMOaY&_nc_zt=24&_nc_ht=scontent-gig4-1.xx&_nc_gid=AoBFJeGrT1hVaew_6rchkQ&oh=00_AfX7QmFGhQhG2jAllVgXCiM1ZrWgvtp80-Bfppyexh1QEg&oe=689E923C","@id":"https:\/\/anoticiaonline.com.br\/site\/sv-assessoria-promove-seu-1o-dia-de-campo-em-busca-da-pecuaria-sustentavel\/#organizationLogo"},"image":{"@id":"https:\/\/anoticiaonline.com.br\/site\/sv-assessoria-promove-seu-1o-dia-de-campo-em-busca-da-pecuaria-sustentavel\/#organizationLogo"}},{"@type":"Person","@id":"https:\/\/anoticiaonline.com.br\/site\/author\/juliana\/#author","url":"https:\/\/anoticiaonline.com.br\/site\/author\/juliana\/","name":"Juliana Laviola","image":{"@type":"ImageObject","@id":"https:\/\/anoticiaonline.com.br\/site\/sv-assessoria-promove-seu-1o-dia-de-campo-em-busca-da-pecuaria-sustentavel\/#authorImage","url":"https:\/\/secure.gravatar.com\/avatar\/b8d45f5c699b100dfaf0e543582f38f38bf94cb7ae3a5e9abf8d891a34773335?s=96&d=mm&r=g","width":96,"height":96,"caption":"Juliana Laviola"}},{"@type":"WebPage","@id":"https:\/\/anoticiaonline.com.br\/site\/sv-assessoria-promove-seu-1o-dia-de-campo-em-busca-da-pecuaria-sustentavel\/#webpage","url":"https:\/\/anoticiaonline.com.br\/site\/sv-assessoria-promove-seu-1o-dia-de-campo-em-busca-da-pecuaria-sustentavel\/","name":"SV Assessoria promove seu 1\u00ba Dia de Campo \u2013 Em busca da pecu\u00e1ria sustent\u00e1vel - A Not\u00edcia Online","description":"A SV Assessoria promoveu seu 1\u00ba Dia de Campo com o tema \u201cEm busca da pecu\u00e1ria sustent\u00e1vel\u201d, durante a tarde de s\u00e1bado (23), na Est\u00e2ncia Nossa Senhora Aparecida, em Eugen\u00f3polis. Com o objetivo de levar novas informa\u00e7\u00f5es sobre novas tecnologias aos pequenos, m\u00e9dios e grandes produtores rurais da regi\u00e3o e de outros estados, o 1\u00ba","inLanguage":"pt-BR","isPartOf":{"@id":"https:\/\/anoticiaonline.com.br\/site\/#website"},"breadcrumb":{"@id":"https:\/\/anoticiaonline.com.br\/site\/sv-assessoria-promove-seu-1o-dia-de-campo-em-busca-da-pecuaria-sustentavel\/#breadcrumblist"},"author":{"@id":"https:\/\/anoticiaonline.com.br\/site\/author\/juliana\/#author"},"creator":{"@id":"https:\/\/anoticiaonline.com.br\/site\/author\/juliana\/#author"},"image":{"@type":"ImageObject","url":"https:\/\/anoticiaonline.com.br\/site\/wp-content\/uploads\/2017\/09\/DSC_1540.jpg","@id":"https:\/\/anoticiaonline.com.br\/site\/sv-assessoria-promove-seu-1o-dia-de-campo-em-busca-da-pecuaria-sustentavel\/#mainImage","width":640,"height":424},"primaryImageOfPage":{"@id":"https:\/\/anoticiaonline.com.br\/site\/sv-assessoria-promove-seu-1o-dia-de-campo-em-busca-da-pecuaria-sustentavel\/#mainImage"},"datePublished":"2017-09-30T10:15:43-03:00","dateModified":"2017-09-30T10:15:44-03:00"},{"@type":"WebSite","@id":"https:\/\/anoticiaonline.com.br\/site\/#website","url":"https:\/\/anoticiaonline.com.br\/site\/","name":"A Not\u00edcia Online","description":"Noticias de Muria\u00e9 e regi\u00e3o","inLanguage":"pt-BR","publisher":{"@id":"https:\/\/anoticiaonline.com.br\/site\/#organization"}}]},"og:locale":"pt_BR","og:site_name":"A Not\u00edcia Online - Noticias de Muria\u00e9 e regi\u00e3o","og:type":"article","og:title":"SV Assessoria promove seu 1\u00ba Dia de Campo \u2013 Em busca da pecu\u00e1ria sustent\u00e1vel - A Not\u00edcia Online","og:description":"A SV Assessoria promoveu seu 1\u00ba Dia de Campo com o tema \u201cEm busca da pecu\u00e1ria sustent\u00e1vel\u201d, durante a tarde de s\u00e1bado (23), na Est\u00e2ncia Nossa Senhora Aparecida, em Eugen\u00f3polis. Com o objetivo de levar novas informa\u00e7\u00f5es sobre novas tecnologias aos pequenos, m\u00e9dios e grandes produtores rurais da regi\u00e3o e de outros estados, o 1\u00ba","og:url":"https:\/\/anoticiaonline.com.br\/site\/sv-assessoria-promove-seu-1o-dia-de-campo-em-busca-da-pecuaria-sustentavel\/","og:image":"https:\/\/scontent-gig4-1.xx.fbcdn.net\/v\/t39.30808-1\/270437624_4564083193639691_6907940295614233970_n.jpg?stp=dst-jpg_s200x200_tt6&#038;_nc_cat=111&#038;ccb=1-7&#038;_nc_sid=f907e8&#038;_nc_ohc=SM1wRlP3lJwQ7kNvwEPuBYA&#038;_nc_oc=AdnqrjDN_BNjSSHWO-GbkIWH6fkGMLw4bqvL_NH6e2wMveX7G-rP2dAqsDSq1mJMOaY&#038;_nc_zt=24&#038;_nc_ht=scontent-gig4-1.xx&#038;_nc_gid=AoBFJeGrT1hVaew_6rchkQ&#038;oh=00_AfX7QmFGhQhG2jAllVgXCiM1ZrWgvtp80-Bfppyexh1QEg&#038;oe=689E923C","og:image:secure_url":"https:\/\/scontent-gig4-1.xx.fbcdn.net\/v\/t39.30808-1\/270437624_4564083193639691_6907940295614233970_n.jpg?stp=dst-jpg_s200x200_tt6&#038;_nc_cat=111&#038;ccb=1-7&#038;_nc_sid=f907e8&#038;_nc_ohc=SM1wRlP3lJwQ7kNvwEPuBYA&#038;_nc_oc=AdnqrjDN_BNjSSHWO-GbkIWH6fkGMLw4bqvL_NH6e2wMveX7G-rP2dAqsDSq1mJMOaY&#038;_nc_zt=24&#038;_nc_ht=scontent-gig4-1.xx&#038;_nc_gid=AoBFJeGrT1hVaew_6rchkQ&#038;oh=00_AfX7QmFGhQhG2jAllVgXCiM1ZrWgvtp80-Bfppyexh1QEg&#038;oe=689E923C","article:published_time":"2017-09-30T13:15:43+00:00","article:modified_time":"2017-09-30T13:15:44+00:00","twitter:card":"summary_large_image","twitter:title":"SV Assessoria promove seu 1\u00ba Dia de Campo \u2013 Em busca da pecu\u00e1ria sustent\u00e1vel - A Not\u00edcia Online","twitter:description":"A SV Assessoria promoveu seu 1\u00ba Dia de Campo com o tema \u201cEm busca da pecu\u00e1ria sustent\u00e1vel\u201d, durante a tarde de s\u00e1bado (23), na Est\u00e2ncia Nossa Senhora Aparecida, em Eugen\u00f3polis. Com o objetivo de levar novas informa\u00e7\u00f5es sobre novas tecnologias aos pequenos, m\u00e9dios e grandes produtores rurais da regi\u00e3o e de outros estados, o 1\u00ba","twitter:image":"https:\/\/scontent-gig4-1.xx.fbcdn.net\/v\/t39.30808-1\/270437624_4564083193639691_6907940295614233970_n.jpg?stp=dst-jpg_s200x200_tt6&_nc_cat=111&ccb=1-7&_nc_sid=f907e8&_nc_ohc=SM1wRlP3lJwQ7kNvwEPuBYA&_nc_oc=AdnqrjDN_BNjSSHWO-GbkIWH6fkGMLw4bqvL_NH6e2wMveX7G-rP2dAqsDSq1mJMOaY&_nc_zt=24&_nc_ht=scontent-gig4-1.xx&_nc_gid=AoBFJeGrT1hVaew_6rchkQ&oh=00_AfX7QmFGhQhG2jAllVgXCiM1ZrWgvtp80-Bfppyexh1QEg&oe=689E923C"},"aioseo_meta_data":{"post_id":"41527","title":null,"description":null,"keywords":null,"keyphrases":null,"primary_term":null,"canonical_url":null,"og_title":null,"og_description":null,"og_object_type":"default","og_image_type":"default","og_image_url":null,"og_image_width":null,"og_image_height":null,"og_image_custom_url":null,"og_image_custom_fields":null,"og_video":null,"og_custom_url":null,"og_article_section":null,"og_article_tags":null,"twitter_use_og":false,"twitter_card":"default","twitter_image_type":"default","twitter_image_url":null,"twitter_image_custom_url":null,"twitter_image_custom_fields":null,"twitter_title":null,"twitter_description":null,"schema":{"blockGraphs":[],"customGraphs":[],"default":{"data":{"Article":[],"Course":[],"Dataset":[],"FAQPage":[],"Movie":[],"Person":[],"Product":[],"ProductReview":[],"Car":[],"Recipe":[],"Service":[],"SoftwareApplication":[],"WebPage":[]},"graphName":"","isEnabled":true},"graphs":[]},"schema_type":"default","schema_type_options":null,"pillar_content":false,"robots_default":true,"robots_noindex":false,"robots_noarchive":false,"robots_nosnippet":false,"robots_nofollow":false,"robots_noimageindex":false,"robots_noodp":false,"robots_notranslate":false,"robots_max_snippet":null,"robots_max_videopreview":null,"robots_max_imagepreview":"large","priority":null,"frequency":null,"local_seo":null,"breadcrumb_settings":null,"limit_modified_date":false,"ai":null,"created":"2025-08-16 19:33:20","updated":"2025-08-16 19:33:20","focus_keyword":null,"additional_keywords":null,"truseo_locale":null,"seo_analyzer_scan_date":null},"aioseo_breadcrumb":"<div class=\"aioseo-breadcrumbs\"><span class=\"aioseo-breadcrumb\">\n\t\t\t<a href=\"https:\/\/anoticiaonline.com.br\/site\" title=\"Home\">Home<\/a>\n\t\t<\/span><span class=\"aioseo-breadcrumb-separator\">&raquo;<\/span><span class=\"aioseo-breadcrumb\">\n\t\t\t<a href=\"https:\/\/anoticiaonline.com.br\/site\/categoria\/eventos\/\" title=\"Eventos\">Eventos<\/a>\n\t\t<\/span><span class=\"aioseo-breadcrumb-separator\">&raquo;<\/span><span class=\"aioseo-breadcrumb\">\n\t\t\tSV Assessoria promove seu 1\u00ba Dia de Campo \u2013 Em busca da pecu\u00e1ria sustent\u00e1vel\n\t\t<\/span><\/div>","aioseo_breadcrumb_json":[{"label":"Home","link":"https:\/\/anoticiaonline.com.br\/site"},{"label":"Eventos","link":"https:\/\/anoticiaonline.com.br\/site\/categoria\/eventos\/"},{"label":"SV Assessoria promove seu 1\u00ba Dia de Campo \u2013 Em busca da pecu\u00e1ria sustent\u00e1vel","link":"https:\/\/anoticiaonline.com.br\/site\/sv-assessoria-promove-seu-1o-dia-de-campo-em-busca-da-pecuaria-sustentavel\/"}],"views":131,"_links":{"self":[{"href":"https:\/\/anoticiaonline.com.br\/site\/wp-json\/wp\/v2\/posts\/41527","targetHints":{"allow":["GET"]}}],"collection":[{"href":"https:\/\/anoticiaonline.com.br\/site\/wp-json\/wp\/v2\/posts"}],"about":[{"href":"https:\/\/anoticiaonline.com.br\/site\/wp-json\/wp\/v2\/types\/post"}],"author":[{"embeddable":true,"href":"https:\/\/anoticiaonline.com.br\/site\/wp-json\/wp\/v2\/users\/2"}],"replies":[{"embeddable":true,"href":"https:\/\/anoticiaonline.com.br\/site\/wp-json\/wp\/v2\/comments?post=41527"}],"version-history":[{"count":0,"href":"https:\/\/anoticiaonline.com.br\/site\/wp-json\/wp\/v2\/posts\/41527\/revisions"}],"wp:featuredmedia":[{"embeddable":true,"href":"https:\/\/anoticiaonline.com.br\/site\/wp-json\/wp\/v2\/media\/41530"}],"wp:attachment":[{"href":"https:\/\/anoticiaonline.com.br\/site\/wp-json\/wp\/v2\/media?parent=41527"}],"wp:term":[{"taxonomy":"category","embeddable":true,"href":"https:\/\/anoticiaonline.com.br\/site\/wp-json\/wp\/v2\/categories?post=41527"},{"taxonomy":"post_tag","embeddable":true,"href":"https:\/\/anoticiaonline.com.br\/site\/wp-json\/wp\/v2\/tags?post=41527"}],"curies":[{"name":"wp","href":"https:\/\/api.w.org\/{rel}","templated":true}]}}