{"id":41521,"date":"2017-09-30T09:56:41","date_gmt":"2017-09-30T12:56:41","guid":{"rendered":"http:\/\/anoticiaonline.com.br\/site\/?p=41521"},"modified":"2017-09-30T09:56:55","modified_gmt":"2017-09-30T12:56:55","slug":"alunas-da-e-e-dr-olavo-tostes-sao-premiadas-em-concurso-da-amle","status":"publish","type":"post","link":"https:\/\/anoticiaonline.com.br\/site\/alunas-da-e-e-dr-olavo-tostes-sao-premiadas-em-concurso-da-amle\/","title":{"rendered":"Alunas da E. E. Dr. Olavo Tostes s\u00e3o premiadas em concurso da AMLE"},"content":{"rendered":"<p><a href=\"https:\/\/anoticiaonline.com.br\/site\/wp-content\/uploads\/2017\/09\/DSC_1030.jpg\"><img fetchpriority=\"high\" decoding=\"async\" class=\"alignleft size-medium wp-image-41525\" src=\"https:\/\/anoticiaonline.com.br\/site\/wp-content\/uploads\/2017\/09\/DSC_1030-300x199.jpg\" alt=\"\" width=\"300\" height=\"199\" srcset=\"https:\/\/anoticiaonline.com.br\/site\/wp-content\/uploads\/2017\/09\/DSC_1030-300x199.jpg 300w, https:\/\/anoticiaonline.com.br\/site\/wp-content\/uploads\/2017\/09\/DSC_1030-290x192.jpg 290w, https:\/\/anoticiaonline.com.br\/site\/wp-content\/uploads\/2017\/09\/DSC_1030.jpg 582w\" sizes=\"(max-width: 300px) 100vw, 300px\" \/><\/a> <a href=\"https:\/\/anoticiaonline.com.br\/site\/wp-content\/uploads\/2017\/09\/DSC_0988.jpg\"><img decoding=\"async\" class=\"alignleft size-medium wp-image-41524\" src=\"https:\/\/anoticiaonline.com.br\/site\/wp-content\/uploads\/2017\/09\/DSC_0988-300x199.jpg\" alt=\"\" width=\"300\" height=\"199\" srcset=\"https:\/\/anoticiaonline.com.br\/site\/wp-content\/uploads\/2017\/09\/DSC_0988-300x199.jpg 300w, https:\/\/anoticiaonline.com.br\/site\/wp-content\/uploads\/2017\/09\/DSC_0988-290x192.jpg 290w, https:\/\/anoticiaonline.com.br\/site\/wp-content\/uploads\/2017\/09\/DSC_0988.jpg 626w\" sizes=\"(max-width: 300px) 100vw, 300px\" \/><\/a> <a href=\"https:\/\/anoticiaonline.com.br\/site\/wp-content\/uploads\/2017\/09\/DSC_0969.jpg\"><img decoding=\"async\" class=\"alignleft size-medium wp-image-41523\" src=\"https:\/\/anoticiaonline.com.br\/site\/wp-content\/uploads\/2017\/09\/DSC_0969-300x199.jpg\" alt=\"\" width=\"300\" height=\"199\" srcset=\"https:\/\/anoticiaonline.com.br\/site\/wp-content\/uploads\/2017\/09\/DSC_0969-300x199.jpg 300w, https:\/\/anoticiaonline.com.br\/site\/wp-content\/uploads\/2017\/09\/DSC_0969-290x192.jpg 290w, https:\/\/anoticiaonline.com.br\/site\/wp-content\/uploads\/2017\/09\/DSC_0969.jpg 536w\" sizes=\"(max-width: 300px) 100vw, 300px\" \/><\/a> <a href=\"https:\/\/anoticiaonline.com.br\/site\/wp-content\/uploads\/2017\/09\/DSC_0966.jpg\"><img loading=\"lazy\" decoding=\"async\" class=\"alignleft size-medium wp-image-41522\" src=\"https:\/\/anoticiaonline.com.br\/site\/wp-content\/uploads\/2017\/09\/DSC_0966-300x199.jpg\" alt=\"\" width=\"300\" height=\"199\" srcset=\"https:\/\/anoticiaonline.com.br\/site\/wp-content\/uploads\/2017\/09\/DSC_0966-300x199.jpg 300w, https:\/\/anoticiaonline.com.br\/site\/wp-content\/uploads\/2017\/09\/DSC_0966-290x192.jpg 290w, https:\/\/anoticiaonline.com.br\/site\/wp-content\/uploads\/2017\/09\/DSC_0966.jpg 541w\" sizes=\"(max-width: 300px) 100vw, 300px\" \/><\/a>A Escola Estadual Dr. Olavo Tostes parabeniza, com orgulho, as alunas que foram premiadas no Concurso Jovens Escritores Muriaeenses, promovido pela Academia Muriaeense de Letras (AMLE), na noite de quinta-feira (21), no Teatro Zaccaria Marques.<\/p>\n<p>Al\u00e9m da premia\u00e7\u00e3o, <strong>Andrezza Calais Aguiar<\/strong> (2\u00ba lugar na categoria poema), <strong>Larissa Ribeiro Peixoto<\/strong> (4\u00ba lugar na categoria poema), <strong>Alexia Soares<\/strong> (4\u00ba lugar na categoria cr\u00f4nica) e <strong>Camila\u00a0 Rodrigues <\/strong>(5\u00ba lugar na categoria cr\u00f4nica) far\u00e3o parte da Academia Muriaeense de Letras Jovem, por dois anos.<\/p>\n","protected":false},"excerpt":{"rendered":"<p>A Escola Estadual Dr. Olavo Tostes parabeniza, com orgulho, as alunas que foram premiadas no Concurso Jovens Escritores Muriaeenses, promovido pela Academia Muriaeense de Letras (AMLE), na noite de quinta-feira (21), no Teatro Zaccaria Marques. Al\u00e9m da premia\u00e7\u00e3o, Andrezza Calais Aguiar (2\u00ba lugar na categoria poema), Larissa Ribeiro Peixoto (4\u00ba lugar na categoria poema), Alexia &#8230; <a title=\"Alunas da E. E. Dr. Olavo Tostes s\u00e3o premiadas em concurso da AMLE\" class=\"read-more\" href=\"https:\/\/anoticiaonline.com.br\/site\/alunas-da-e-e-dr-olavo-tostes-sao-premiadas-em-concurso-da-amle\/\" aria-label=\"Read more about Alunas da E. E. Dr. Olavo Tostes s\u00e3o premiadas em concurso da AMLE\">Ler mais<\/a><\/p>\n","protected":false},"author":2,"featured_media":41525,"comment_status":"open","ping_status":"open","sticky":false,"template":"","format":"standard","meta":{"_acf_changed":false,"_monsterinsights_skip_tracking":false,"footnotes":""},"categories":[19],"tags":[1232,102,1231,3],"class_list":["post-41521","post","type-post","status-publish","format-standard","has-post-thumbnail","hentry","category-cultura","tag-academia-muriaeense-de-letras","tag-amle","tag-scola-estadual-dr-olavo-tostes","tag-slide"],"acf":[],"aioseo_notices":[],"aioseo_head":"\n\t\t<!-- All in One SEO 5.0.0.1 - aioseo.com -->\n\t<meta name=\"description\" content=\"A Escola Estadual Dr. Olavo Tostes parabeniza, com orgulho, as alunas que foram premiadas no Concurso Jovens Escritores Muriaeenses, promovido pela Academia Muriaeense de Letras (AMLE), na noite de quinta-feira (21), no Teatro Zaccaria Marques. Al\u00e9m da premia\u00e7\u00e3o, Andrezza Calais Aguiar (2\u00ba lugar na categoria poema), Larissa Ribeiro Peixoto (4\u00ba lugar na categoria poema), Alexia\" \/>\n\t<meta name=\"robots\" content=\"max-image-preview:large\" \/>\n\t<meta name=\"author\" content=\"Juliana Laviola\"\/>\n\t<link rel=\"canonical\" href=\"https:\/\/anoticiaonline.com.br\/site\/alunas-da-e-e-dr-olavo-tostes-sao-premiadas-em-concurso-da-amle\/\" \/>\n\t<meta name=\"generator\" content=\"All in One SEO (AIOSEO) 5.0.0.1\" \/>\n\t\t<meta property=\"og:locale\" content=\"pt_BR\" \/>\n\t\t<meta property=\"og:site_name\" content=\"A Not\u00edcia Online - Noticias de Muria\u00e9 e regi\u00e3o\" \/>\n\t\t<meta property=\"og:type\" content=\"article\" \/>\n\t\t<meta property=\"og:title\" content=\"Alunas da E. E. Dr. Olavo Tostes s\u00e3o premiadas em concurso da AMLE - A Not\u00edcia Online\" \/>\n\t\t<meta property=\"og:description\" content=\"A Escola Estadual Dr. Olavo Tostes parabeniza, com orgulho, as alunas que foram premiadas no Concurso Jovens Escritores Muriaeenses, promovido pela Academia Muriaeense de Letras (AMLE), na noite de quinta-feira (21), no Teatro Zaccaria Marques. Al\u00e9m da premia\u00e7\u00e3o, Andrezza Calais Aguiar (2\u00ba lugar na categoria poema), Larissa Ribeiro Peixoto (4\u00ba lugar na categoria poema), Alexia\" \/>\n\t\t<meta property=\"og:url\" content=\"https:\/\/anoticiaonline.com.br\/site\/alunas-da-e-e-dr-olavo-tostes-sao-premiadas-em-concurso-da-amle\/\" \/>\n\t\t<meta property=\"og:image\" content=\"https:\/\/scontent-gig4-1.xx.fbcdn.net\/v\/t39.30808-1\/270437624_4564083193639691_6907940295614233970_n.jpg?stp=dst-jpg_s200x200_tt6&#038;_nc_cat=111&#038;ccb=1-7&#038;_nc_sid=f907e8&#038;_nc_ohc=SM1wRlP3lJwQ7kNvwEPuBYA&#038;_nc_oc=AdnqrjDN_BNjSSHWO-GbkIWH6fkGMLw4bqvL_NH6e2wMveX7G-rP2dAqsDSq1mJMOaY&#038;_nc_zt=24&#038;_nc_ht=scontent-gig4-1.xx&#038;_nc_gid=AoBFJeGrT1hVaew_6rchkQ&#038;oh=00_AfX7QmFGhQhG2jAllVgXCiM1ZrWgvtp80-Bfppyexh1QEg&#038;oe=689E923C\" \/>\n\t\t<meta property=\"og:image:secure_url\" content=\"https:\/\/scontent-gig4-1.xx.fbcdn.net\/v\/t39.30808-1\/270437624_4564083193639691_6907940295614233970_n.jpg?stp=dst-jpg_s200x200_tt6&#038;_nc_cat=111&#038;ccb=1-7&#038;_nc_sid=f907e8&#038;_nc_ohc=SM1wRlP3lJwQ7kNvwEPuBYA&#038;_nc_oc=AdnqrjDN_BNjSSHWO-GbkIWH6fkGMLw4bqvL_NH6e2wMveX7G-rP2dAqsDSq1mJMOaY&#038;_nc_zt=24&#038;_nc_ht=scontent-gig4-1.xx&#038;_nc_gid=AoBFJeGrT1hVaew_6rchkQ&#038;oh=00_AfX7QmFGhQhG2jAllVgXCiM1ZrWgvtp80-Bfppyexh1QEg&#038;oe=689E923C\" \/>\n\t\t<meta property=\"article:published_time\" content=\"2017-09-30T12:56:41+00:00\" \/>\n\t\t<meta property=\"article:modified_time\" content=\"2017-09-30T12:56:55+00:00\" \/>\n\t\t<meta name=\"twitter:card\" content=\"summary_large_image\" \/>\n\t\t<meta name=\"twitter:title\" content=\"Alunas da E. E. Dr. Olavo Tostes s\u00e3o premiadas em concurso da AMLE - A Not\u00edcia Online\" \/>\n\t\t<meta name=\"twitter:description\" content=\"A Escola Estadual Dr. Olavo Tostes parabeniza, com orgulho, as alunas que foram premiadas no Concurso Jovens Escritores Muriaeenses, promovido pela Academia Muriaeense de Letras (AMLE), na noite de quinta-feira (21), no Teatro Zaccaria Marques. Al\u00e9m da premia\u00e7\u00e3o, Andrezza Calais Aguiar (2\u00ba lugar na categoria poema), Larissa Ribeiro Peixoto (4\u00ba lugar na categoria poema), Alexia\" \/>\n\t\t<meta name=\"twitter:image\" content=\"https:\/\/scontent-gig4-1.xx.fbcdn.net\/v\/t39.30808-1\/270437624_4564083193639691_6907940295614233970_n.jpg?stp=dst-jpg_s200x200_tt6&amp;_nc_cat=111&amp;ccb=1-7&amp;_nc_sid=f907e8&amp;_nc_ohc=SM1wRlP3lJwQ7kNvwEPuBYA&amp;_nc_oc=AdnqrjDN_BNjSSHWO-GbkIWH6fkGMLw4bqvL_NH6e2wMveX7G-rP2dAqsDSq1mJMOaY&amp;_nc_zt=24&amp;_nc_ht=scontent-gig4-1.xx&amp;_nc_gid=AoBFJeGrT1hVaew_6rchkQ&amp;oh=00_AfX7QmFGhQhG2jAllVgXCiM1ZrWgvtp80-Bfppyexh1QEg&amp;oe=689E923C\" \/>\n\t\t<script type=\"application\/ld+json\" class=\"aioseo-schema\">\n\t\t\t{\"@context\":\"https:\\\/\\\/schema.org\",\"@graph\":[{\"@type\":\"BlogPosting\",\"@id\":\"https:\\\/\\\/anoticiaonline.com.br\\\/site\\\/alunas-da-e-e-dr-olavo-tostes-sao-premiadas-em-concurso-da-amle\\\/#blogposting\",\"name\":\"Alunas da E. E. Dr. Olavo Tostes s\\u00e3o premiadas em concurso da AMLE - A Not\\u00edcia Online\",\"headline\":\"Alunas da E. E. Dr. Olavo Tostes s\\u00e3o premiadas em concurso da AMLE\",\"author\":{\"@id\":\"https:\\\/\\\/anoticiaonline.com.br\\\/site\\\/author\\\/juliana\\\/#author\"},\"publisher\":{\"@id\":\"https:\\\/\\\/anoticiaonline.com.br\\\/site\\\/#organization\"},\"image\":{\"@type\":\"ImageObject\",\"url\":\"https:\\\/\\\/anoticiaonline.com.br\\\/site\\\/wp-content\\\/uploads\\\/2017\\\/09\\\/DSC_1030.jpg\",\"width\":582,\"height\":386},\"datePublished\":\"2017-09-30T09:56:41-03:00\",\"dateModified\":\"2017-09-30T09:56:55-03:00\",\"inLanguage\":\"pt-BR\",\"mainEntityOfPage\":{\"@id\":\"https:\\\/\\\/anoticiaonline.com.br\\\/site\\\/alunas-da-e-e-dr-olavo-tostes-sao-premiadas-em-concurso-da-amle\\\/#webpage\"},\"isPartOf\":{\"@id\":\"https:\\\/\\\/anoticiaonline.com.br\\\/site\\\/alunas-da-e-e-dr-olavo-tostes-sao-premiadas-em-concurso-da-amle\\\/#webpage\"},\"articleSection\":\"Cultura, Academia Muriaeense de Letras, amle, scola Estadual Dr. Olavo Tostes, slide\"},{\"@type\":\"BreadcrumbList\",\"@id\":\"https:\\\/\\\/anoticiaonline.com.br\\\/site\\\/alunas-da-e-e-dr-olavo-tostes-sao-premiadas-em-concurso-da-amle\\\/#breadcrumblist\",\"itemListElement\":[{\"@type\":\"ListItem\",\"@id\":\"https:\\\/\\\/anoticiaonline.com.br\\\/site#listItem\",\"position\":1,\"name\":\"Home\",\"item\":\"https:\\\/\\\/anoticiaonline.com.br\\\/site\",\"nextItem\":{\"@type\":\"ListItem\",\"@id\":\"https:\\\/\\\/anoticiaonline.com.br\\\/site\\\/categoria\\\/muriae\\\/#listItem\",\"name\":\"Blog\"}},{\"@type\":\"ListItem\",\"@id\":\"https:\\\/\\\/anoticiaonline.com.br\\\/site\\\/categoria\\\/muriae\\\/#listItem\",\"position\":2,\"name\":\"Blog\",\"item\":\"https:\\\/\\\/anoticiaonline.com.br\\\/site\\\/categoria\\\/muriae\\\/\",\"nextItem\":{\"@type\":\"ListItem\",\"@id\":\"https:\\\/\\\/anoticiaonline.com.br\\\/site\\\/categoria\\\/muriae\\\/cultura\\\/#listItem\",\"name\":\"Cultura\"},\"previousItem\":{\"@type\":\"ListItem\",\"@id\":\"https:\\\/\\\/anoticiaonline.com.br\\\/site#listItem\",\"name\":\"Home\"}},{\"@type\":\"ListItem\",\"@id\":\"https:\\\/\\\/anoticiaonline.com.br\\\/site\\\/categoria\\\/muriae\\\/cultura\\\/#listItem\",\"position\":3,\"name\":\"Cultura\",\"item\":\"https:\\\/\\\/anoticiaonline.com.br\\\/site\\\/categoria\\\/muriae\\\/cultura\\\/\",\"nextItem\":{\"@type\":\"ListItem\",\"@id\":\"https:\\\/\\\/anoticiaonline.com.br\\\/site\\\/alunas-da-e-e-dr-olavo-tostes-sao-premiadas-em-concurso-da-amle\\\/#listItem\",\"name\":\"Alunas da E. E. Dr. Olavo Tostes s\\u00e3o premiadas em concurso da AMLE\"},\"previousItem\":{\"@type\":\"ListItem\",\"@id\":\"https:\\\/\\\/anoticiaonline.com.br\\\/site\\\/categoria\\\/muriae\\\/#listItem\",\"name\":\"Blog\"}},{\"@type\":\"ListItem\",\"@id\":\"https:\\\/\\\/anoticiaonline.com.br\\\/site\\\/alunas-da-e-e-dr-olavo-tostes-sao-premiadas-em-concurso-da-amle\\\/#listItem\",\"position\":4,\"name\":\"Alunas da E. E. Dr. Olavo Tostes s\\u00e3o premiadas em concurso da AMLE\",\"previousItem\":{\"@type\":\"ListItem\",\"@id\":\"https:\\\/\\\/anoticiaonline.com.br\\\/site\\\/categoria\\\/muriae\\\/cultura\\\/#listItem\",\"name\":\"Cultura\"}}]},{\"@type\":\"Organization\",\"@id\":\"https:\\\/\\\/anoticiaonline.com.br\\\/site\\\/#organization\",\"name\":\"A Not\\u00edcia Online\",\"description\":\"Noticias de Muria\\u00e9 e regi\\u00e3o\",\"url\":\"https:\\\/\\\/anoticiaonline.com.br\\\/site\\\/\",\"logo\":{\"@type\":\"ImageObject\",\"url\":\"https:\\\/\\\/scontent-gig4-1.xx.fbcdn.net\\\/v\\\/t39.30808-1\\\/270437624_4564083193639691_6907940295614233970_n.jpg?stp=dst-jpg_s200x200_tt6&_nc_cat=111&ccb=1-7&_nc_sid=f907e8&_nc_ohc=SM1wRlP3lJwQ7kNvwEPuBYA&_nc_oc=AdnqrjDN_BNjSSHWO-GbkIWH6fkGMLw4bqvL_NH6e2wMveX7G-rP2dAqsDSq1mJMOaY&_nc_zt=24&_nc_ht=scontent-gig4-1.xx&_nc_gid=AoBFJeGrT1hVaew_6rchkQ&oh=00_AfX7QmFGhQhG2jAllVgXCiM1ZrWgvtp80-Bfppyexh1QEg&oe=689E923C\",\"@id\":\"https:\\\/\\\/anoticiaonline.com.br\\\/site\\\/alunas-da-e-e-dr-olavo-tostes-sao-premiadas-em-concurso-da-amle\\\/#organizationLogo\"},\"image\":{\"@id\":\"https:\\\/\\\/anoticiaonline.com.br\\\/site\\\/alunas-da-e-e-dr-olavo-tostes-sao-premiadas-em-concurso-da-amle\\\/#organizationLogo\"}},{\"@type\":\"Person\",\"@id\":\"https:\\\/\\\/anoticiaonline.com.br\\\/site\\\/author\\\/juliana\\\/#author\",\"url\":\"https:\\\/\\\/anoticiaonline.com.br\\\/site\\\/author\\\/juliana\\\/\",\"name\":\"Juliana Laviola\",\"image\":{\"@type\":\"ImageObject\",\"@id\":\"https:\\\/\\\/anoticiaonline.com.br\\\/site\\\/alunas-da-e-e-dr-olavo-tostes-sao-premiadas-em-concurso-da-amle\\\/#authorImage\",\"url\":\"https:\\\/\\\/secure.gravatar.com\\\/avatar\\\/b8d45f5c699b100dfaf0e543582f38f38bf94cb7ae3a5e9abf8d891a34773335?s=96&d=mm&r=g\",\"width\":96,\"height\":96,\"caption\":\"Juliana Laviola\"}},{\"@type\":\"WebPage\",\"@id\":\"https:\\\/\\\/anoticiaonline.com.br\\\/site\\\/alunas-da-e-e-dr-olavo-tostes-sao-premiadas-em-concurso-da-amle\\\/#webpage\",\"url\":\"https:\\\/\\\/anoticiaonline.com.br\\\/site\\\/alunas-da-e-e-dr-olavo-tostes-sao-premiadas-em-concurso-da-amle\\\/\",\"name\":\"Alunas da E. E. Dr. Olavo Tostes s\\u00e3o premiadas em concurso da AMLE - A Not\\u00edcia Online\",\"description\":\"A Escola Estadual Dr. Olavo Tostes parabeniza, com orgulho, as alunas que foram premiadas no Concurso Jovens Escritores Muriaeenses, promovido pela Academia Muriaeense de Letras (AMLE), na noite de quinta-feira (21), no Teatro Zaccaria Marques. Al\\u00e9m da premia\\u00e7\\u00e3o, Andrezza Calais Aguiar (2\\u00ba lugar na categoria poema), Larissa Ribeiro Peixoto (4\\u00ba lugar na categoria poema), Alexia\",\"inLanguage\":\"pt-BR\",\"isPartOf\":{\"@id\":\"https:\\\/\\\/anoticiaonline.com.br\\\/site\\\/#website\"},\"breadcrumb\":{\"@id\":\"https:\\\/\\\/anoticiaonline.com.br\\\/site\\\/alunas-da-e-e-dr-olavo-tostes-sao-premiadas-em-concurso-da-amle\\\/#breadcrumblist\"},\"author\":{\"@id\":\"https:\\\/\\\/anoticiaonline.com.br\\\/site\\\/author\\\/juliana\\\/#author\"},\"creator\":{\"@id\":\"https:\\\/\\\/anoticiaonline.com.br\\\/site\\\/author\\\/juliana\\\/#author\"},\"image\":{\"@type\":\"ImageObject\",\"url\":\"https:\\\/\\\/anoticiaonline.com.br\\\/site\\\/wp-content\\\/uploads\\\/2017\\\/09\\\/DSC_1030.jpg\",\"@id\":\"https:\\\/\\\/anoticiaonline.com.br\\\/site\\\/alunas-da-e-e-dr-olavo-tostes-sao-premiadas-em-concurso-da-amle\\\/#mainImage\",\"width\":582,\"height\":386},\"primaryImageOfPage\":{\"@id\":\"https:\\\/\\\/anoticiaonline.com.br\\\/site\\\/alunas-da-e-e-dr-olavo-tostes-sao-premiadas-em-concurso-da-amle\\\/#mainImage\"},\"datePublished\":\"2017-09-30T09:56:41-03:00\",\"dateModified\":\"2017-09-30T09:56:55-03:00\"},{\"@type\":\"WebSite\",\"@id\":\"https:\\\/\\\/anoticiaonline.com.br\\\/site\\\/#website\",\"url\":\"https:\\\/\\\/anoticiaonline.com.br\\\/site\\\/\",\"name\":\"A Not\\u00edcia Online\",\"description\":\"Noticias de Muria\\u00e9 e regi\\u00e3o\",\"inLanguage\":\"pt-BR\",\"publisher\":{\"@id\":\"https:\\\/\\\/anoticiaonline.com.br\\\/site\\\/#organization\"}}]}\n\t\t<\/script>\n\t\t<!-- All in One SEO -->\n\n","aioseo_head_json":{"title":"Alunas da E. E. Dr. Olavo Tostes s\u00e3o premiadas em concurso da AMLE - A Not\u00edcia Online","description":"A Escola Estadual Dr. Olavo Tostes parabeniza, com orgulho, as alunas que foram premiadas no Concurso Jovens Escritores Muriaeenses, promovido pela Academia Muriaeense de Letras (AMLE), na noite de quinta-feira (21), no Teatro Zaccaria Marques. Al\u00e9m da premia\u00e7\u00e3o, Andrezza Calais Aguiar (2\u00ba lugar na categoria poema), Larissa Ribeiro Peixoto (4\u00ba lugar na categoria poema), Alexia","canonical_url":"https:\/\/anoticiaonline.com.br\/site\/alunas-da-e-e-dr-olavo-tostes-sao-premiadas-em-concurso-da-amle\/","robots":"max-image-preview:large","keywords":"","webmasterTools":{"miscellaneous":""},"schema":{"@context":"https:\/\/schema.org","@graph":[{"@type":"BlogPosting","@id":"https:\/\/anoticiaonline.com.br\/site\/alunas-da-e-e-dr-olavo-tostes-sao-premiadas-em-concurso-da-amle\/#blogposting","name":"Alunas da E. E. Dr. Olavo Tostes s\u00e3o premiadas em concurso da AMLE - A Not\u00edcia Online","headline":"Alunas da E. E. Dr. Olavo Tostes s\u00e3o premiadas em concurso da AMLE","author":{"@id":"https:\/\/anoticiaonline.com.br\/site\/author\/juliana\/#author"},"publisher":{"@id":"https:\/\/anoticiaonline.com.br\/site\/#organization"},"image":{"@type":"ImageObject","url":"https:\/\/anoticiaonline.com.br\/site\/wp-content\/uploads\/2017\/09\/DSC_1030.jpg","width":582,"height":386},"datePublished":"2017-09-30T09:56:41-03:00","dateModified":"2017-09-30T09:56:55-03:00","inLanguage":"pt-BR","mainEntityOfPage":{"@id":"https:\/\/anoticiaonline.com.br\/site\/alunas-da-e-e-dr-olavo-tostes-sao-premiadas-em-concurso-da-amle\/#webpage"},"isPartOf":{"@id":"https:\/\/anoticiaonline.com.br\/site\/alunas-da-e-e-dr-olavo-tostes-sao-premiadas-em-concurso-da-amle\/#webpage"},"articleSection":"Cultura, Academia Muriaeense de Letras, amle, scola Estadual Dr. Olavo Tostes, slide"},{"@type":"BreadcrumbList","@id":"https:\/\/anoticiaonline.com.br\/site\/alunas-da-e-e-dr-olavo-tostes-sao-premiadas-em-concurso-da-amle\/#breadcrumblist","itemListElement":[{"@type":"ListItem","@id":"https:\/\/anoticiaonline.com.br\/site#listItem","position":1,"name":"Home","item":"https:\/\/anoticiaonline.com.br\/site","nextItem":{"@type":"ListItem","@id":"https:\/\/anoticiaonline.com.br\/site\/categoria\/muriae\/#listItem","name":"Blog"}},{"@type":"ListItem","@id":"https:\/\/anoticiaonline.com.br\/site\/categoria\/muriae\/#listItem","position":2,"name":"Blog","item":"https:\/\/anoticiaonline.com.br\/site\/categoria\/muriae\/","nextItem":{"@type":"ListItem","@id":"https:\/\/anoticiaonline.com.br\/site\/categoria\/muriae\/cultura\/#listItem","name":"Cultura"},"previousItem":{"@type":"ListItem","@id":"https:\/\/anoticiaonline.com.br\/site#listItem","name":"Home"}},{"@type":"ListItem","@id":"https:\/\/anoticiaonline.com.br\/site\/categoria\/muriae\/cultura\/#listItem","position":3,"name":"Cultura","item":"https:\/\/anoticiaonline.com.br\/site\/categoria\/muriae\/cultura\/","nextItem":{"@type":"ListItem","@id":"https:\/\/anoticiaonline.com.br\/site\/alunas-da-e-e-dr-olavo-tostes-sao-premiadas-em-concurso-da-amle\/#listItem","name":"Alunas da E. E. Dr. Olavo Tostes s\u00e3o premiadas em concurso da AMLE"},"previousItem":{"@type":"ListItem","@id":"https:\/\/anoticiaonline.com.br\/site\/categoria\/muriae\/#listItem","name":"Blog"}},{"@type":"ListItem","@id":"https:\/\/anoticiaonline.com.br\/site\/alunas-da-e-e-dr-olavo-tostes-sao-premiadas-em-concurso-da-amle\/#listItem","position":4,"name":"Alunas da E. E. Dr. Olavo Tostes s\u00e3o premiadas em concurso da AMLE","previousItem":{"@type":"ListItem","@id":"https:\/\/anoticiaonline.com.br\/site\/categoria\/muriae\/cultura\/#listItem","name":"Cultura"}}]},{"@type":"Organization","@id":"https:\/\/anoticiaonline.com.br\/site\/#organization","name":"A Not\u00edcia Online","description":"Noticias de Muria\u00e9 e regi\u00e3o","url":"https:\/\/anoticiaonline.com.br\/site\/","logo":{"@type":"ImageObject","url":"https:\/\/scontent-gig4-1.xx.fbcdn.net\/v\/t39.30808-1\/270437624_4564083193639691_6907940295614233970_n.jpg?stp=dst-jpg_s200x200_tt6&_nc_cat=111&ccb=1-7&_nc_sid=f907e8&_nc_ohc=SM1wRlP3lJwQ7kNvwEPuBYA&_nc_oc=AdnqrjDN_BNjSSHWO-GbkIWH6fkGMLw4bqvL_NH6e2wMveX7G-rP2dAqsDSq1mJMOaY&_nc_zt=24&_nc_ht=scontent-gig4-1.xx&_nc_gid=AoBFJeGrT1hVaew_6rchkQ&oh=00_AfX7QmFGhQhG2jAllVgXCiM1ZrWgvtp80-Bfppyexh1QEg&oe=689E923C","@id":"https:\/\/anoticiaonline.com.br\/site\/alunas-da-e-e-dr-olavo-tostes-sao-premiadas-em-concurso-da-amle\/#organizationLogo"},"image":{"@id":"https:\/\/anoticiaonline.com.br\/site\/alunas-da-e-e-dr-olavo-tostes-sao-premiadas-em-concurso-da-amle\/#organizationLogo"}},{"@type":"Person","@id":"https:\/\/anoticiaonline.com.br\/site\/author\/juliana\/#author","url":"https:\/\/anoticiaonline.com.br\/site\/author\/juliana\/","name":"Juliana Laviola","image":{"@type":"ImageObject","@id":"https:\/\/anoticiaonline.com.br\/site\/alunas-da-e-e-dr-olavo-tostes-sao-premiadas-em-concurso-da-amle\/#authorImage","url":"https:\/\/secure.gravatar.com\/avatar\/b8d45f5c699b100dfaf0e543582f38f38bf94cb7ae3a5e9abf8d891a34773335?s=96&d=mm&r=g","width":96,"height":96,"caption":"Juliana Laviola"}},{"@type":"WebPage","@id":"https:\/\/anoticiaonline.com.br\/site\/alunas-da-e-e-dr-olavo-tostes-sao-premiadas-em-concurso-da-amle\/#webpage","url":"https:\/\/anoticiaonline.com.br\/site\/alunas-da-e-e-dr-olavo-tostes-sao-premiadas-em-concurso-da-amle\/","name":"Alunas da E. E. Dr. Olavo Tostes s\u00e3o premiadas em concurso da AMLE - A Not\u00edcia Online","description":"A Escola Estadual Dr. Olavo Tostes parabeniza, com orgulho, as alunas que foram premiadas no Concurso Jovens Escritores Muriaeenses, promovido pela Academia Muriaeense de Letras (AMLE), na noite de quinta-feira (21), no Teatro Zaccaria Marques. Al\u00e9m da premia\u00e7\u00e3o, Andrezza Calais Aguiar (2\u00ba lugar na categoria poema), Larissa Ribeiro Peixoto (4\u00ba lugar na categoria poema), Alexia","inLanguage":"pt-BR","isPartOf":{"@id":"https:\/\/anoticiaonline.com.br\/site\/#website"},"breadcrumb":{"@id":"https:\/\/anoticiaonline.com.br\/site\/alunas-da-e-e-dr-olavo-tostes-sao-premiadas-em-concurso-da-amle\/#breadcrumblist"},"author":{"@id":"https:\/\/anoticiaonline.com.br\/site\/author\/juliana\/#author"},"creator":{"@id":"https:\/\/anoticiaonline.com.br\/site\/author\/juliana\/#author"},"image":{"@type":"ImageObject","url":"https:\/\/anoticiaonline.com.br\/site\/wp-content\/uploads\/2017\/09\/DSC_1030.jpg","@id":"https:\/\/anoticiaonline.com.br\/site\/alunas-da-e-e-dr-olavo-tostes-sao-premiadas-em-concurso-da-amle\/#mainImage","width":582,"height":386},"primaryImageOfPage":{"@id":"https:\/\/anoticiaonline.com.br\/site\/alunas-da-e-e-dr-olavo-tostes-sao-premiadas-em-concurso-da-amle\/#mainImage"},"datePublished":"2017-09-30T09:56:41-03:00","dateModified":"2017-09-30T09:56:55-03:00"},{"@type":"WebSite","@id":"https:\/\/anoticiaonline.com.br\/site\/#website","url":"https:\/\/anoticiaonline.com.br\/site\/","name":"A Not\u00edcia Online","description":"Noticias de Muria\u00e9 e regi\u00e3o","inLanguage":"pt-BR","publisher":{"@id":"https:\/\/anoticiaonline.com.br\/site\/#organization"}}]},"og:locale":"pt_BR","og:site_name":"A Not\u00edcia Online - Noticias de Muria\u00e9 e regi\u00e3o","og:type":"article","og:title":"Alunas da E. E. Dr. Olavo Tostes s\u00e3o premiadas em concurso da AMLE - A Not\u00edcia Online","og:description":"A Escola Estadual Dr. Olavo Tostes parabeniza, com orgulho, as alunas que foram premiadas no Concurso Jovens Escritores Muriaeenses, promovido pela Academia Muriaeense de Letras (AMLE), na noite de quinta-feira (21), no Teatro Zaccaria Marques. Al\u00e9m da premia\u00e7\u00e3o, Andrezza Calais Aguiar (2\u00ba lugar na categoria poema), Larissa Ribeiro Peixoto (4\u00ba lugar na categoria poema), Alexia","og:url":"https:\/\/anoticiaonline.com.br\/site\/alunas-da-e-e-dr-olavo-tostes-sao-premiadas-em-concurso-da-amle\/","og:image":"https:\/\/scontent-gig4-1.xx.fbcdn.net\/v\/t39.30808-1\/270437624_4564083193639691_6907940295614233970_n.jpg?stp=dst-jpg_s200x200_tt6&#038;_nc_cat=111&#038;ccb=1-7&#038;_nc_sid=f907e8&#038;_nc_ohc=SM1wRlP3lJwQ7kNvwEPuBYA&#038;_nc_oc=AdnqrjDN_BNjSSHWO-GbkIWH6fkGMLw4bqvL_NH6e2wMveX7G-rP2dAqsDSq1mJMOaY&#038;_nc_zt=24&#038;_nc_ht=scontent-gig4-1.xx&#038;_nc_gid=AoBFJeGrT1hVaew_6rchkQ&#038;oh=00_AfX7QmFGhQhG2jAllVgXCiM1ZrWgvtp80-Bfppyexh1QEg&#038;oe=689E923C","og:image:secure_url":"https:\/\/scontent-gig4-1.xx.fbcdn.net\/v\/t39.30808-1\/270437624_4564083193639691_6907940295614233970_n.jpg?stp=dst-jpg_s200x200_tt6&#038;_nc_cat=111&#038;ccb=1-7&#038;_nc_sid=f907e8&#038;_nc_ohc=SM1wRlP3lJwQ7kNvwEPuBYA&#038;_nc_oc=AdnqrjDN_BNjSSHWO-GbkIWH6fkGMLw4bqvL_NH6e2wMveX7G-rP2dAqsDSq1mJMOaY&#038;_nc_zt=24&#038;_nc_ht=scontent-gig4-1.xx&#038;_nc_gid=AoBFJeGrT1hVaew_6rchkQ&#038;oh=00_AfX7QmFGhQhG2jAllVgXCiM1ZrWgvtp80-Bfppyexh1QEg&#038;oe=689E923C","article:published_time":"2017-09-30T12:56:41+00:00","article:modified_time":"2017-09-30T12:56:55+00:00","twitter:card":"summary_large_image","twitter:title":"Alunas da E. E. Dr. Olavo Tostes s\u00e3o premiadas em concurso da AMLE - A Not\u00edcia Online","twitter:description":"A Escola Estadual Dr. Olavo Tostes parabeniza, com orgulho, as alunas que foram premiadas no Concurso Jovens Escritores Muriaeenses, promovido pela Academia Muriaeense de Letras (AMLE), na noite de quinta-feira (21), no Teatro Zaccaria Marques. Al\u00e9m da premia\u00e7\u00e3o, Andrezza Calais Aguiar (2\u00ba lugar na categoria poema), Larissa Ribeiro Peixoto (4\u00ba lugar na categoria poema), Alexia","twitter:image":"https:\/\/scontent-gig4-1.xx.fbcdn.net\/v\/t39.30808-1\/270437624_4564083193639691_6907940295614233970_n.jpg?stp=dst-jpg_s200x200_tt6&_nc_cat=111&ccb=1-7&_nc_sid=f907e8&_nc_ohc=SM1wRlP3lJwQ7kNvwEPuBYA&_nc_oc=AdnqrjDN_BNjSSHWO-GbkIWH6fkGMLw4bqvL_NH6e2wMveX7G-rP2dAqsDSq1mJMOaY&_nc_zt=24&_nc_ht=scontent-gig4-1.xx&_nc_gid=AoBFJeGrT1hVaew_6rchkQ&oh=00_AfX7QmFGhQhG2jAllVgXCiM1ZrWgvtp80-Bfppyexh1QEg&oe=689E923C"},"aioseo_meta_data":{"post_id":"41521","title":null,"description":null,"keywords":null,"keyphrases":null,"primary_term":null,"canonical_url":null,"og_title":null,"og_description":null,"og_object_type":"default","og_image_type":"default","og_image_url":null,"og_image_width":null,"og_image_height":null,"og_image_custom_url":null,"og_image_custom_fields":null,"og_video":null,"og_custom_url":null,"og_article_section":null,"og_article_tags":null,"twitter_use_og":false,"twitter_card":"default","twitter_image_type":"default","twitter_image_url":null,"twitter_image_custom_url":null,"twitter_image_custom_fields":null,"twitter_title":null,"twitter_description":null,"schema":{"blockGraphs":[],"customGraphs":[],"default":{"data":{"Article":[],"Course":[],"Dataset":[],"FAQPage":[],"Movie":[],"Person":[],"Product":[],"ProductReview":[],"Car":[],"Recipe":[],"Service":[],"SoftwareApplication":[],"WebPage":[]},"graphName":"","isEnabled":true},"graphs":[]},"schema_type":"default","schema_type_options":null,"pillar_content":false,"robots_default":true,"robots_noindex":false,"robots_noarchive":false,"robots_nosnippet":false,"robots_nofollow":false,"robots_noimageindex":false,"robots_noodp":false,"robots_notranslate":false,"robots_max_snippet":null,"robots_max_videopreview":null,"robots_max_imagepreview":"large","priority":null,"frequency":null,"local_seo":null,"breadcrumb_settings":null,"limit_modified_date":false,"ai":null,"created":"2025-08-16 19:33:20","updated":"2025-08-16 19:33:20","focus_keyword":null,"additional_keywords":null,"truseo_locale":null,"seo_analyzer_scan_date":null},"aioseo_breadcrumb":"<div class=\"aioseo-breadcrumbs\"><span class=\"aioseo-breadcrumb\">\n\t\t\t<a href=\"https:\/\/anoticiaonline.com.br\/site\" title=\"Home\">Home<\/a>\n\t\t<\/span><span class=\"aioseo-breadcrumb-separator\">&raquo;<\/span><span class=\"aioseo-breadcrumb\">\n\t\t\t<a href=\"https:\/\/anoticiaonline.com.br\/site\/categoria\/muriae\/\" title=\"Blog\">Blog<\/a>\n\t\t<\/span><span class=\"aioseo-breadcrumb-separator\">&raquo;<\/span><span class=\"aioseo-breadcrumb\">\n\t\t\t<a href=\"https:\/\/anoticiaonline.com.br\/site\/categoria\/muriae\/cultura\/\" title=\"Cultura\">Cultura<\/a>\n\t\t<\/span><span class=\"aioseo-breadcrumb-separator\">&raquo;<\/span><span class=\"aioseo-breadcrumb\">\n\t\t\tAlunas da E. E. Dr. Olavo Tostes s\u00e3o premiadas em concurso da AMLE\n\t\t<\/span><\/div>","aioseo_breadcrumb_json":[{"label":"Home","link":"https:\/\/anoticiaonline.com.br\/site"},{"label":"Blog","link":"https:\/\/anoticiaonline.com.br\/site\/categoria\/muriae\/"},{"label":"Cultura","link":"https:\/\/anoticiaonline.com.br\/site\/categoria\/muriae\/cultura\/"},{"label":"Alunas da E. E. Dr. Olavo Tostes s\u00e3o premiadas em concurso da AMLE","link":"https:\/\/anoticiaonline.com.br\/site\/alunas-da-e-e-dr-olavo-tostes-sao-premiadas-em-concurso-da-amle\/"}],"views":159,"_links":{"self":[{"href":"https:\/\/anoticiaonline.com.br\/site\/wp-json\/wp\/v2\/posts\/41521","targetHints":{"allow":["GET"]}}],"collection":[{"href":"https:\/\/anoticiaonline.com.br\/site\/wp-json\/wp\/v2\/posts"}],"about":[{"href":"https:\/\/anoticiaonline.com.br\/site\/wp-json\/wp\/v2\/types\/post"}],"author":[{"embeddable":true,"href":"https:\/\/anoticiaonline.com.br\/site\/wp-json\/wp\/v2\/users\/2"}],"replies":[{"embeddable":true,"href":"https:\/\/anoticiaonline.com.br\/site\/wp-json\/wp\/v2\/comments?post=41521"}],"version-history":[{"count":0,"href":"https:\/\/anoticiaonline.com.br\/site\/wp-json\/wp\/v2\/posts\/41521\/revisions"}],"wp:featuredmedia":[{"embeddable":true,"href":"https:\/\/anoticiaonline.com.br\/site\/wp-json\/wp\/v2\/media\/41525"}],"wp:attachment":[{"href":"https:\/\/anoticiaonline.com.br\/site\/wp-json\/wp\/v2\/media?parent=41521"}],"wp:term":[{"taxonomy":"category","embeddable":true,"href":"https:\/\/anoticiaonline.com.br\/site\/wp-json\/wp\/v2\/categories?post=41521"},{"taxonomy":"post_tag","embeddable":true,"href":"https:\/\/anoticiaonline.com.br\/site\/wp-json\/wp\/v2\/tags?post=41521"}],"curies":[{"name":"wp","href":"https:\/\/api.w.org\/{rel}","templated":true}]}}