{"id":41407,"date":"2017-09-28T16:46:48","date_gmt":"2017-09-28T19:46:48","guid":{"rendered":"http:\/\/anoticiaonline.com.br\/site\/?p=41407"},"modified":"2017-09-28T16:46:48","modified_gmt":"2017-09-28T19:46:48","slug":"junta-militar-solicita-que-jovens-que-nao-receberam-cdi-em-2017-comparecam-a-instituicao","status":"publish","type":"post","link":"https:\/\/anoticiaonline.com.br\/site\/junta-militar-solicita-que-jovens-que-nao-receberam-cdi-em-2017-comparecam-a-instituicao\/","title":{"rendered":"Junta Militar solicita que jovens que n\u00e3o receberam CDI em 2017 compare\u00e7am \u00e0 institui\u00e7\u00e3o"},"content":{"rendered":"<figure id=\"attachment_41408\" aria-describedby=\"caption-attachment-41408\" style=\"width: 290px\" class=\"wp-caption alignleft\"><a href=\"https:\/\/anoticiaonline.com.br\/site\/wp-content\/uploads\/2017\/09\/Junta-Militar-solicita-que-jovens-que-n\u00e3o-receberam-CDI-em-2017-compare\u00e7am-\u00e0-institui\u00e7\u00e3o.jpg\"><img fetchpriority=\"high\" decoding=\"async\" class=\"size-medium wp-image-41408\" src=\"https:\/\/anoticiaonline.com.br\/site\/wp-content\/uploads\/2017\/09\/Junta-Militar-solicita-que-jovens-que-n\u00e3o-receberam-CDI-em-2017-compare\u00e7am-\u00e0-institui\u00e7\u00e3o-300x196.jpg\" alt=\"\" width=\"300\" height=\"196\" srcset=\"https:\/\/anoticiaonline.com.br\/site\/wp-content\/uploads\/2017\/09\/Junta-Militar-solicita-que-jovens-que-n\u00e3o-receberam-CDI-em-2017-compare\u00e7am-\u00e0-institui\u00e7\u00e3o-300x196.jpg 300w, https:\/\/anoticiaonline.com.br\/site\/wp-content\/uploads\/2017\/09\/Junta-Militar-solicita-que-jovens-que-n\u00e3o-receberam-CDI-em-2017-compare\u00e7am-\u00e0-institui\u00e7\u00e3o.jpg 640w\" sizes=\"(max-width: 300px) 100vw, 300px\" \/><\/a><figcaption id=\"caption-attachment-41408\" class=\"wp-caption-text\">Cr\u00e9ditos: ASCOM PMM<\/figcaption><\/figure>\n<p class=\"m-258653822909442888gmail-msonospacing\" style=\"text-align: justify; background: white;\"><span style=\"color: #222222;\">A 121\u00aa Junta de Servi\u00e7o Militar solicita que os jovens que foram dispensados em 2017 e que requereram, em mar\u00e7o e abril deste ano, por\u00e9m ainda n\u00e3o receberam o Certificado de Dispensa de Incorpora\u00e7\u00e3o (CDI), devem se apresentar \u00e0 institui\u00e7\u00e3o. \u00c9 necess\u00e1rio levar o Certificado de Alistamento Militar (CAM) e uma foto 3&#215;4 atualizada at\u00e9 o dia 10 de outubro.<\/span><\/p>\n<p class=\"m-258653822909442888gmail-msonospacing\" style=\"text-align: justify; background: white;\"><span style=\"color: #222222;\">O CDI \u00e9 um documento definitivo para o jovem que foi dispensado da sele\u00e7\u00e3o geral do Ex\u00e9rcito. A secret\u00e1ria da Junta, Ana Elisa Corr\u00eaa, informa que, ao todo, 42 jovens devem comparecer ao \u00f3rg\u00e3o e levar a documenta\u00e7\u00e3o. \u201cEnviamos uma correspond\u00eancia para cada um deles, pois \u00e9 importante que todos se atentem a este prazo\u201d, diz.<\/span><\/p>\n<p class=\"m-258653822909442888gmail-msonospacing\" style=\"text-align: justify; background: white;\"><span style=\"color: #222222; background: #FAFAFA;\">Localizada no quarto andar da C\u00e2mara de Vereadores, a 121\u00aa JSM funciona na cidade atrav\u00e9s de uma parceria entre a prefeitura e o Ex\u00e9rcito brasileiro. O atendimento ao p\u00fablico \u00e9 feito de segunda a quinta-feira, de 7h \u00e0s 11h e das 13h \u00e0s 17h; e \u00e0s sextas-feiras, somente de 7h \u00e0s 11h. Outras informa\u00e7\u00f5es podem ser obtidas pelo telefone 3729-1221.<\/span><\/p>\n","protected":false},"excerpt":{"rendered":"<p>A 121\u00aa Junta de Servi\u00e7o Militar solicita que os jovens que foram dispensados em 2017 e que requereram, em mar\u00e7o e abril deste ano, por\u00e9m ainda n\u00e3o receberam o Certificado de Dispensa de Incorpora\u00e7\u00e3o (CDI), devem se apresentar \u00e0 institui\u00e7\u00e3o. \u00c9 necess\u00e1rio levar o Certificado de Alistamento Militar (CAM) e uma foto 3&#215;4 atualizada at\u00e9 &#8230; <a title=\"Junta Militar solicita que jovens que n\u00e3o receberam CDI em 2017 compare\u00e7am \u00e0 institui\u00e7\u00e3o\" class=\"read-more\" href=\"https:\/\/anoticiaonline.com.br\/site\/junta-militar-solicita-que-jovens-que-nao-receberam-cdi-em-2017-comparecam-a-instituicao\/\" aria-label=\"Read more about Junta Militar solicita que jovens que n\u00e3o receberam CDI em 2017 compare\u00e7am \u00e0 institui\u00e7\u00e3o\">Ler mais<\/a><\/p>\n","protected":false},"author":2,"featured_media":41408,"comment_status":"open","ping_status":"open","sticky":false,"template":"","format":"standard","meta":{"_acf_changed":false,"_monsterinsights_skip_tracking":false,"footnotes":""},"categories":[30],"tags":[1216,1217,1215,74,246],"class_list":["post-41407","post","type-post","status-publish","format-standard","has-post-thumbnail","hentry","category-muriae","tag-alistamento","tag-exercito-brasileito","tag-junta-militar","tag-muriae","tag-prefeitura"],"acf":[],"aioseo_notices":[],"aioseo_head":"\n\t\t<!-- All in One SEO 5.0.0.1 - aioseo.com -->\n\t<meta name=\"description\" content=\"A 121\u00aa Junta de Servi\u00e7o Militar solicita que os jovens que foram dispensados em 2017 e que requereram, em mar\u00e7o e abril deste ano, por\u00e9m ainda n\u00e3o receberam o Certificado de Dispensa de Incorpora\u00e7\u00e3o (CDI), devem se apresentar \u00e0 institui\u00e7\u00e3o. \u00c9 necess\u00e1rio levar o Certificado de Alistamento Militar (CAM) e uma foto 3x4 atualizada at\u00e9\" \/>\n\t<meta name=\"robots\" content=\"max-image-preview:large\" \/>\n\t<meta name=\"author\" content=\"Juliana Laviola\"\/>\n\t<link rel=\"canonical\" href=\"https:\/\/anoticiaonline.com.br\/site\/junta-militar-solicita-que-jovens-que-nao-receberam-cdi-em-2017-comparecam-a-instituicao\/\" \/>\n\t<meta name=\"generator\" content=\"All in One SEO (AIOSEO) 5.0.0.1\" \/>\n\t\t<meta property=\"og:locale\" content=\"pt_BR\" \/>\n\t\t<meta property=\"og:site_name\" content=\"A Not\u00edcia Online - Noticias de Muria\u00e9 e regi\u00e3o\" \/>\n\t\t<meta property=\"og:type\" content=\"article\" \/>\n\t\t<meta property=\"og:title\" content=\"Junta Militar solicita que jovens que n\u00e3o receberam CDI em 2017 compare\u00e7am \u00e0 institui\u00e7\u00e3o - A Not\u00edcia Online\" \/>\n\t\t<meta property=\"og:description\" content=\"A 121\u00aa Junta de Servi\u00e7o Militar solicita que os jovens que foram dispensados em 2017 e que requereram, em mar\u00e7o e abril deste ano, por\u00e9m ainda n\u00e3o receberam o Certificado de Dispensa de Incorpora\u00e7\u00e3o (CDI), devem se apresentar \u00e0 institui\u00e7\u00e3o. \u00c9 necess\u00e1rio levar o Certificado de Alistamento Militar (CAM) e uma foto 3x4 atualizada at\u00e9\" \/>\n\t\t<meta property=\"og:url\" content=\"https:\/\/anoticiaonline.com.br\/site\/junta-militar-solicita-que-jovens-que-nao-receberam-cdi-em-2017-comparecam-a-instituicao\/\" \/>\n\t\t<meta property=\"og:image\" content=\"https:\/\/scontent-gig4-1.xx.fbcdn.net\/v\/t39.30808-1\/270437624_4564083193639691_6907940295614233970_n.jpg?stp=dst-jpg_s200x200_tt6&#038;_nc_cat=111&#038;ccb=1-7&#038;_nc_sid=f907e8&#038;_nc_ohc=SM1wRlP3lJwQ7kNvwEPuBYA&#038;_nc_oc=AdnqrjDN_BNjSSHWO-GbkIWH6fkGMLw4bqvL_NH6e2wMveX7G-rP2dAqsDSq1mJMOaY&#038;_nc_zt=24&#038;_nc_ht=scontent-gig4-1.xx&#038;_nc_gid=AoBFJeGrT1hVaew_6rchkQ&#038;oh=00_AfX7QmFGhQhG2jAllVgXCiM1ZrWgvtp80-Bfppyexh1QEg&#038;oe=689E923C\" \/>\n\t\t<meta property=\"og:image:secure_url\" content=\"https:\/\/scontent-gig4-1.xx.fbcdn.net\/v\/t39.30808-1\/270437624_4564083193639691_6907940295614233970_n.jpg?stp=dst-jpg_s200x200_tt6&#038;_nc_cat=111&#038;ccb=1-7&#038;_nc_sid=f907e8&#038;_nc_ohc=SM1wRlP3lJwQ7kNvwEPuBYA&#038;_nc_oc=AdnqrjDN_BNjSSHWO-GbkIWH6fkGMLw4bqvL_NH6e2wMveX7G-rP2dAqsDSq1mJMOaY&#038;_nc_zt=24&#038;_nc_ht=scontent-gig4-1.xx&#038;_nc_gid=AoBFJeGrT1hVaew_6rchkQ&#038;oh=00_AfX7QmFGhQhG2jAllVgXCiM1ZrWgvtp80-Bfppyexh1QEg&#038;oe=689E923C\" \/>\n\t\t<meta property=\"article:published_time\" content=\"2017-09-28T19:46:48+00:00\" \/>\n\t\t<meta property=\"article:modified_time\" content=\"2017-09-28T19:46:48+00:00\" \/>\n\t\t<meta name=\"twitter:card\" content=\"summary_large_image\" \/>\n\t\t<meta name=\"twitter:title\" content=\"Junta Militar solicita que jovens que n\u00e3o receberam CDI em 2017 compare\u00e7am \u00e0 institui\u00e7\u00e3o - A Not\u00edcia Online\" \/>\n\t\t<meta name=\"twitter:description\" content=\"A 121\u00aa Junta de Servi\u00e7o Militar solicita que os jovens que foram dispensados em 2017 e que requereram, em mar\u00e7o e abril deste ano, por\u00e9m ainda n\u00e3o receberam o Certificado de Dispensa de Incorpora\u00e7\u00e3o (CDI), devem se apresentar \u00e0 institui\u00e7\u00e3o. \u00c9 necess\u00e1rio levar o Certificado de Alistamento Militar (CAM) e uma foto 3x4 atualizada at\u00e9\" \/>\n\t\t<meta name=\"twitter:image\" content=\"https:\/\/scontent-gig4-1.xx.fbcdn.net\/v\/t39.30808-1\/270437624_4564083193639691_6907940295614233970_n.jpg?stp=dst-jpg_s200x200_tt6&amp;_nc_cat=111&amp;ccb=1-7&amp;_nc_sid=f907e8&amp;_nc_ohc=SM1wRlP3lJwQ7kNvwEPuBYA&amp;_nc_oc=AdnqrjDN_BNjSSHWO-GbkIWH6fkGMLw4bqvL_NH6e2wMveX7G-rP2dAqsDSq1mJMOaY&amp;_nc_zt=24&amp;_nc_ht=scontent-gig4-1.xx&amp;_nc_gid=AoBFJeGrT1hVaew_6rchkQ&amp;oh=00_AfX7QmFGhQhG2jAllVgXCiM1ZrWgvtp80-Bfppyexh1QEg&amp;oe=689E923C\" \/>\n\t\t<script type=\"application\/ld+json\" class=\"aioseo-schema\">\n\t\t\t{\"@context\":\"https:\\\/\\\/schema.org\",\"@graph\":[{\"@type\":\"BlogPosting\",\"@id\":\"https:\\\/\\\/anoticiaonline.com.br\\\/site\\\/junta-militar-solicita-que-jovens-que-nao-receberam-cdi-em-2017-comparecam-a-instituicao\\\/#blogposting\",\"name\":\"Junta Militar solicita que jovens que n\\u00e3o receberam CDI em 2017 compare\\u00e7am \\u00e0 institui\\u00e7\\u00e3o - A Not\\u00edcia Online\",\"headline\":\"Junta Militar solicita que jovens que n\\u00e3o receberam CDI em 2017 compare\\u00e7am \\u00e0 institui\\u00e7\\u00e3o\",\"author\":{\"@id\":\"https:\\\/\\\/anoticiaonline.com.br\\\/site\\\/author\\\/juliana\\\/#author\"},\"publisher\":{\"@id\":\"https:\\\/\\\/anoticiaonline.com.br\\\/site\\\/#organization\"},\"image\":{\"@type\":\"ImageObject\",\"url\":\"https:\\\/\\\/anoticiaonline.com.br\\\/site\\\/wp-content\\\/uploads\\\/2017\\\/09\\\/Junta-Militar-solicita-que-jovens-que-n\\u00e3o-receberam-CDI-em-2017-compare\\u00e7am-\\u00e0-institui\\u00e7\\u00e3o.jpg\",\"width\":640,\"height\":419,\"caption\":\"Cr\\u00e9ditos: ASCOM PMM\"},\"datePublished\":\"2017-09-28T16:46:48-03:00\",\"dateModified\":\"2017-09-28T16:46:48-03:00\",\"inLanguage\":\"pt-BR\",\"mainEntityOfPage\":{\"@id\":\"https:\\\/\\\/anoticiaonline.com.br\\\/site\\\/junta-militar-solicita-que-jovens-que-nao-receberam-cdi-em-2017-comparecam-a-instituicao\\\/#webpage\"},\"isPartOf\":{\"@id\":\"https:\\\/\\\/anoticiaonline.com.br\\\/site\\\/junta-militar-solicita-que-jovens-que-nao-receberam-cdi-em-2017-comparecam-a-instituicao\\\/#webpage\"},\"articleSection\":\"Blog, alistamento, ex\\u00e9rcito brasileito, junta militar, Muria\\u00e9, prefeitura\"},{\"@type\":\"BreadcrumbList\",\"@id\":\"https:\\\/\\\/anoticiaonline.com.br\\\/site\\\/junta-militar-solicita-que-jovens-que-nao-receberam-cdi-em-2017-comparecam-a-instituicao\\\/#breadcrumblist\",\"itemListElement\":[{\"@type\":\"ListItem\",\"@id\":\"https:\\\/\\\/anoticiaonline.com.br\\\/site#listItem\",\"position\":1,\"name\":\"Home\",\"item\":\"https:\\\/\\\/anoticiaonline.com.br\\\/site\",\"nextItem\":{\"@type\":\"ListItem\",\"@id\":\"https:\\\/\\\/anoticiaonline.com.br\\\/site\\\/categoria\\\/muriae\\\/#listItem\",\"name\":\"Blog\"}},{\"@type\":\"ListItem\",\"@id\":\"https:\\\/\\\/anoticiaonline.com.br\\\/site\\\/categoria\\\/muriae\\\/#listItem\",\"position\":2,\"name\":\"Blog\",\"item\":\"https:\\\/\\\/anoticiaonline.com.br\\\/site\\\/categoria\\\/muriae\\\/\",\"nextItem\":{\"@type\":\"ListItem\",\"@id\":\"https:\\\/\\\/anoticiaonline.com.br\\\/site\\\/junta-militar-solicita-que-jovens-que-nao-receberam-cdi-em-2017-comparecam-a-instituicao\\\/#listItem\",\"name\":\"Junta Militar solicita que jovens que n\\u00e3o receberam CDI em 2017 compare\\u00e7am \\u00e0 institui\\u00e7\\u00e3o\"},\"previousItem\":{\"@type\":\"ListItem\",\"@id\":\"https:\\\/\\\/anoticiaonline.com.br\\\/site#listItem\",\"name\":\"Home\"}},{\"@type\":\"ListItem\",\"@id\":\"https:\\\/\\\/anoticiaonline.com.br\\\/site\\\/junta-militar-solicita-que-jovens-que-nao-receberam-cdi-em-2017-comparecam-a-instituicao\\\/#listItem\",\"position\":3,\"name\":\"Junta Militar solicita que jovens que n\\u00e3o receberam CDI em 2017 compare\\u00e7am \\u00e0 institui\\u00e7\\u00e3o\",\"previousItem\":{\"@type\":\"ListItem\",\"@id\":\"https:\\\/\\\/anoticiaonline.com.br\\\/site\\\/categoria\\\/muriae\\\/#listItem\",\"name\":\"Blog\"}}]},{\"@type\":\"Organization\",\"@id\":\"https:\\\/\\\/anoticiaonline.com.br\\\/site\\\/#organization\",\"name\":\"A Not\\u00edcia Online\",\"description\":\"Noticias de Muria\\u00e9 e regi\\u00e3o\",\"url\":\"https:\\\/\\\/anoticiaonline.com.br\\\/site\\\/\",\"logo\":{\"@type\":\"ImageObject\",\"url\":\"https:\\\/\\\/scontent-gig4-1.xx.fbcdn.net\\\/v\\\/t39.30808-1\\\/270437624_4564083193639691_6907940295614233970_n.jpg?stp=dst-jpg_s200x200_tt6&_nc_cat=111&ccb=1-7&_nc_sid=f907e8&_nc_ohc=SM1wRlP3lJwQ7kNvwEPuBYA&_nc_oc=AdnqrjDN_BNjSSHWO-GbkIWH6fkGMLw4bqvL_NH6e2wMveX7G-rP2dAqsDSq1mJMOaY&_nc_zt=24&_nc_ht=scontent-gig4-1.xx&_nc_gid=AoBFJeGrT1hVaew_6rchkQ&oh=00_AfX7QmFGhQhG2jAllVgXCiM1ZrWgvtp80-Bfppyexh1QEg&oe=689E923C\",\"@id\":\"https:\\\/\\\/anoticiaonline.com.br\\\/site\\\/junta-militar-solicita-que-jovens-que-nao-receberam-cdi-em-2017-comparecam-a-instituicao\\\/#organizationLogo\"},\"image\":{\"@id\":\"https:\\\/\\\/anoticiaonline.com.br\\\/site\\\/junta-militar-solicita-que-jovens-que-nao-receberam-cdi-em-2017-comparecam-a-instituicao\\\/#organizationLogo\"}},{\"@type\":\"Person\",\"@id\":\"https:\\\/\\\/anoticiaonline.com.br\\\/site\\\/author\\\/juliana\\\/#author\",\"url\":\"https:\\\/\\\/anoticiaonline.com.br\\\/site\\\/author\\\/juliana\\\/\",\"name\":\"Juliana Laviola\",\"image\":{\"@type\":\"ImageObject\",\"@id\":\"https:\\\/\\\/anoticiaonline.com.br\\\/site\\\/junta-militar-solicita-que-jovens-que-nao-receberam-cdi-em-2017-comparecam-a-instituicao\\\/#authorImage\",\"url\":\"https:\\\/\\\/secure.gravatar.com\\\/avatar\\\/b8d45f5c699b100dfaf0e543582f38f38bf94cb7ae3a5e9abf8d891a34773335?s=96&d=mm&r=g\",\"width\":96,\"height\":96,\"caption\":\"Juliana Laviola\"}},{\"@type\":\"WebPage\",\"@id\":\"https:\\\/\\\/anoticiaonline.com.br\\\/site\\\/junta-militar-solicita-que-jovens-que-nao-receberam-cdi-em-2017-comparecam-a-instituicao\\\/#webpage\",\"url\":\"https:\\\/\\\/anoticiaonline.com.br\\\/site\\\/junta-militar-solicita-que-jovens-que-nao-receberam-cdi-em-2017-comparecam-a-instituicao\\\/\",\"name\":\"Junta Militar solicita que jovens que n\\u00e3o receberam CDI em 2017 compare\\u00e7am \\u00e0 institui\\u00e7\\u00e3o - A Not\\u00edcia Online\",\"description\":\"A 121\\u00aa Junta de Servi\\u00e7o Militar solicita que os jovens que foram dispensados em 2017 e que requereram, em mar\\u00e7o e abril deste ano, por\\u00e9m ainda n\\u00e3o receberam o Certificado de Dispensa de Incorpora\\u00e7\\u00e3o (CDI), devem se apresentar \\u00e0 institui\\u00e7\\u00e3o. \\u00c9 necess\\u00e1rio levar o Certificado de Alistamento Militar (CAM) e uma foto 3x4 atualizada at\\u00e9\",\"inLanguage\":\"pt-BR\",\"isPartOf\":{\"@id\":\"https:\\\/\\\/anoticiaonline.com.br\\\/site\\\/#website\"},\"breadcrumb\":{\"@id\":\"https:\\\/\\\/anoticiaonline.com.br\\\/site\\\/junta-militar-solicita-que-jovens-que-nao-receberam-cdi-em-2017-comparecam-a-instituicao\\\/#breadcrumblist\"},\"author\":{\"@id\":\"https:\\\/\\\/anoticiaonline.com.br\\\/site\\\/author\\\/juliana\\\/#author\"},\"creator\":{\"@id\":\"https:\\\/\\\/anoticiaonline.com.br\\\/site\\\/author\\\/juliana\\\/#author\"},\"image\":{\"@type\":\"ImageObject\",\"url\":\"https:\\\/\\\/anoticiaonline.com.br\\\/site\\\/wp-content\\\/uploads\\\/2017\\\/09\\\/Junta-Militar-solicita-que-jovens-que-n\\u00e3o-receberam-CDI-em-2017-compare\\u00e7am-\\u00e0-institui\\u00e7\\u00e3o.jpg\",\"@id\":\"https:\\\/\\\/anoticiaonline.com.br\\\/site\\\/junta-militar-solicita-que-jovens-que-nao-receberam-cdi-em-2017-comparecam-a-instituicao\\\/#mainImage\",\"width\":640,\"height\":419,\"caption\":\"Cr\\u00e9ditos: ASCOM PMM\"},\"primaryImageOfPage\":{\"@id\":\"https:\\\/\\\/anoticiaonline.com.br\\\/site\\\/junta-militar-solicita-que-jovens-que-nao-receberam-cdi-em-2017-comparecam-a-instituicao\\\/#mainImage\"},\"datePublished\":\"2017-09-28T16:46:48-03:00\",\"dateModified\":\"2017-09-28T16:46:48-03:00\"},{\"@type\":\"WebSite\",\"@id\":\"https:\\\/\\\/anoticiaonline.com.br\\\/site\\\/#website\",\"url\":\"https:\\\/\\\/anoticiaonline.com.br\\\/site\\\/\",\"name\":\"A Not\\u00edcia Online\",\"description\":\"Noticias de Muria\\u00e9 e regi\\u00e3o\",\"inLanguage\":\"pt-BR\",\"publisher\":{\"@id\":\"https:\\\/\\\/anoticiaonline.com.br\\\/site\\\/#organization\"}}]}\n\t\t<\/script>\n\t\t<!-- All in One SEO -->\n\n","aioseo_head_json":{"title":"Junta Militar solicita que jovens que n\u00e3o receberam CDI em 2017 compare\u00e7am \u00e0 institui\u00e7\u00e3o - A Not\u00edcia Online","description":"A 121\u00aa Junta de Servi\u00e7o Militar solicita que os jovens que foram dispensados em 2017 e que requereram, em mar\u00e7o e abril deste ano, por\u00e9m ainda n\u00e3o receberam o Certificado de Dispensa de Incorpora\u00e7\u00e3o (CDI), devem se apresentar \u00e0 institui\u00e7\u00e3o. \u00c9 necess\u00e1rio levar o Certificado de Alistamento Militar (CAM) e uma foto 3x4 atualizada at\u00e9","canonical_url":"https:\/\/anoticiaonline.com.br\/site\/junta-militar-solicita-que-jovens-que-nao-receberam-cdi-em-2017-comparecam-a-instituicao\/","robots":"max-image-preview:large","keywords":"","webmasterTools":{"miscellaneous":""},"schema":{"@context":"https:\/\/schema.org","@graph":[{"@type":"BlogPosting","@id":"https:\/\/anoticiaonline.com.br\/site\/junta-militar-solicita-que-jovens-que-nao-receberam-cdi-em-2017-comparecam-a-instituicao\/#blogposting","name":"Junta Militar solicita que jovens que n\u00e3o receberam CDI em 2017 compare\u00e7am \u00e0 institui\u00e7\u00e3o - A Not\u00edcia Online","headline":"Junta Militar solicita que jovens que n\u00e3o receberam CDI em 2017 compare\u00e7am \u00e0 institui\u00e7\u00e3o","author":{"@id":"https:\/\/anoticiaonline.com.br\/site\/author\/juliana\/#author"},"publisher":{"@id":"https:\/\/anoticiaonline.com.br\/site\/#organization"},"image":{"@type":"ImageObject","url":"https:\/\/anoticiaonline.com.br\/site\/wp-content\/uploads\/2017\/09\/Junta-Militar-solicita-que-jovens-que-n\u00e3o-receberam-CDI-em-2017-compare\u00e7am-\u00e0-institui\u00e7\u00e3o.jpg","width":640,"height":419,"caption":"Cr\u00e9ditos: ASCOM PMM"},"datePublished":"2017-09-28T16:46:48-03:00","dateModified":"2017-09-28T16:46:48-03:00","inLanguage":"pt-BR","mainEntityOfPage":{"@id":"https:\/\/anoticiaonline.com.br\/site\/junta-militar-solicita-que-jovens-que-nao-receberam-cdi-em-2017-comparecam-a-instituicao\/#webpage"},"isPartOf":{"@id":"https:\/\/anoticiaonline.com.br\/site\/junta-militar-solicita-que-jovens-que-nao-receberam-cdi-em-2017-comparecam-a-instituicao\/#webpage"},"articleSection":"Blog, alistamento, ex\u00e9rcito brasileito, junta militar, Muria\u00e9, prefeitura"},{"@type":"BreadcrumbList","@id":"https:\/\/anoticiaonline.com.br\/site\/junta-militar-solicita-que-jovens-que-nao-receberam-cdi-em-2017-comparecam-a-instituicao\/#breadcrumblist","itemListElement":[{"@type":"ListItem","@id":"https:\/\/anoticiaonline.com.br\/site#listItem","position":1,"name":"Home","item":"https:\/\/anoticiaonline.com.br\/site","nextItem":{"@type":"ListItem","@id":"https:\/\/anoticiaonline.com.br\/site\/categoria\/muriae\/#listItem","name":"Blog"}},{"@type":"ListItem","@id":"https:\/\/anoticiaonline.com.br\/site\/categoria\/muriae\/#listItem","position":2,"name":"Blog","item":"https:\/\/anoticiaonline.com.br\/site\/categoria\/muriae\/","nextItem":{"@type":"ListItem","@id":"https:\/\/anoticiaonline.com.br\/site\/junta-militar-solicita-que-jovens-que-nao-receberam-cdi-em-2017-comparecam-a-instituicao\/#listItem","name":"Junta Militar solicita que jovens que n\u00e3o receberam CDI em 2017 compare\u00e7am \u00e0 institui\u00e7\u00e3o"},"previousItem":{"@type":"ListItem","@id":"https:\/\/anoticiaonline.com.br\/site#listItem","name":"Home"}},{"@type":"ListItem","@id":"https:\/\/anoticiaonline.com.br\/site\/junta-militar-solicita-que-jovens-que-nao-receberam-cdi-em-2017-comparecam-a-instituicao\/#listItem","position":3,"name":"Junta Militar solicita que jovens que n\u00e3o receberam CDI em 2017 compare\u00e7am \u00e0 institui\u00e7\u00e3o","previousItem":{"@type":"ListItem","@id":"https:\/\/anoticiaonline.com.br\/site\/categoria\/muriae\/#listItem","name":"Blog"}}]},{"@type":"Organization","@id":"https:\/\/anoticiaonline.com.br\/site\/#organization","name":"A Not\u00edcia Online","description":"Noticias de Muria\u00e9 e regi\u00e3o","url":"https:\/\/anoticiaonline.com.br\/site\/","logo":{"@type":"ImageObject","url":"https:\/\/scontent-gig4-1.xx.fbcdn.net\/v\/t39.30808-1\/270437624_4564083193639691_6907940295614233970_n.jpg?stp=dst-jpg_s200x200_tt6&_nc_cat=111&ccb=1-7&_nc_sid=f907e8&_nc_ohc=SM1wRlP3lJwQ7kNvwEPuBYA&_nc_oc=AdnqrjDN_BNjSSHWO-GbkIWH6fkGMLw4bqvL_NH6e2wMveX7G-rP2dAqsDSq1mJMOaY&_nc_zt=24&_nc_ht=scontent-gig4-1.xx&_nc_gid=AoBFJeGrT1hVaew_6rchkQ&oh=00_AfX7QmFGhQhG2jAllVgXCiM1ZrWgvtp80-Bfppyexh1QEg&oe=689E923C","@id":"https:\/\/anoticiaonline.com.br\/site\/junta-militar-solicita-que-jovens-que-nao-receberam-cdi-em-2017-comparecam-a-instituicao\/#organizationLogo"},"image":{"@id":"https:\/\/anoticiaonline.com.br\/site\/junta-militar-solicita-que-jovens-que-nao-receberam-cdi-em-2017-comparecam-a-instituicao\/#organizationLogo"}},{"@type":"Person","@id":"https:\/\/anoticiaonline.com.br\/site\/author\/juliana\/#author","url":"https:\/\/anoticiaonline.com.br\/site\/author\/juliana\/","name":"Juliana Laviola","image":{"@type":"ImageObject","@id":"https:\/\/anoticiaonline.com.br\/site\/junta-militar-solicita-que-jovens-que-nao-receberam-cdi-em-2017-comparecam-a-instituicao\/#authorImage","url":"https:\/\/secure.gravatar.com\/avatar\/b8d45f5c699b100dfaf0e543582f38f38bf94cb7ae3a5e9abf8d891a34773335?s=96&d=mm&r=g","width":96,"height":96,"caption":"Juliana Laviola"}},{"@type":"WebPage","@id":"https:\/\/anoticiaonline.com.br\/site\/junta-militar-solicita-que-jovens-que-nao-receberam-cdi-em-2017-comparecam-a-instituicao\/#webpage","url":"https:\/\/anoticiaonline.com.br\/site\/junta-militar-solicita-que-jovens-que-nao-receberam-cdi-em-2017-comparecam-a-instituicao\/","name":"Junta Militar solicita que jovens que n\u00e3o receberam CDI em 2017 compare\u00e7am \u00e0 institui\u00e7\u00e3o - A Not\u00edcia Online","description":"A 121\u00aa Junta de Servi\u00e7o Militar solicita que os jovens que foram dispensados em 2017 e que requereram, em mar\u00e7o e abril deste ano, por\u00e9m ainda n\u00e3o receberam o Certificado de Dispensa de Incorpora\u00e7\u00e3o (CDI), devem se apresentar \u00e0 institui\u00e7\u00e3o. \u00c9 necess\u00e1rio levar o Certificado de Alistamento Militar (CAM) e uma foto 3x4 atualizada at\u00e9","inLanguage":"pt-BR","isPartOf":{"@id":"https:\/\/anoticiaonline.com.br\/site\/#website"},"breadcrumb":{"@id":"https:\/\/anoticiaonline.com.br\/site\/junta-militar-solicita-que-jovens-que-nao-receberam-cdi-em-2017-comparecam-a-instituicao\/#breadcrumblist"},"author":{"@id":"https:\/\/anoticiaonline.com.br\/site\/author\/juliana\/#author"},"creator":{"@id":"https:\/\/anoticiaonline.com.br\/site\/author\/juliana\/#author"},"image":{"@type":"ImageObject","url":"https:\/\/anoticiaonline.com.br\/site\/wp-content\/uploads\/2017\/09\/Junta-Militar-solicita-que-jovens-que-n\u00e3o-receberam-CDI-em-2017-compare\u00e7am-\u00e0-institui\u00e7\u00e3o.jpg","@id":"https:\/\/anoticiaonline.com.br\/site\/junta-militar-solicita-que-jovens-que-nao-receberam-cdi-em-2017-comparecam-a-instituicao\/#mainImage","width":640,"height":419,"caption":"Cr\u00e9ditos: ASCOM PMM"},"primaryImageOfPage":{"@id":"https:\/\/anoticiaonline.com.br\/site\/junta-militar-solicita-que-jovens-que-nao-receberam-cdi-em-2017-comparecam-a-instituicao\/#mainImage"},"datePublished":"2017-09-28T16:46:48-03:00","dateModified":"2017-09-28T16:46:48-03:00"},{"@type":"WebSite","@id":"https:\/\/anoticiaonline.com.br\/site\/#website","url":"https:\/\/anoticiaonline.com.br\/site\/","name":"A Not\u00edcia Online","description":"Noticias de Muria\u00e9 e regi\u00e3o","inLanguage":"pt-BR","publisher":{"@id":"https:\/\/anoticiaonline.com.br\/site\/#organization"}}]},"og:locale":"pt_BR","og:site_name":"A Not\u00edcia Online - Noticias de Muria\u00e9 e regi\u00e3o","og:type":"article","og:title":"Junta Militar solicita que jovens que n\u00e3o receberam CDI em 2017 compare\u00e7am \u00e0 institui\u00e7\u00e3o - A Not\u00edcia Online","og:description":"A 121\u00aa Junta de Servi\u00e7o Militar solicita que os jovens que foram dispensados em 2017 e que requereram, em mar\u00e7o e abril deste ano, por\u00e9m ainda n\u00e3o receberam o Certificado de Dispensa de Incorpora\u00e7\u00e3o (CDI), devem se apresentar \u00e0 institui\u00e7\u00e3o. \u00c9 necess\u00e1rio levar o Certificado de Alistamento Militar (CAM) e uma foto 3x4 atualizada at\u00e9","og:url":"https:\/\/anoticiaonline.com.br\/site\/junta-militar-solicita-que-jovens-que-nao-receberam-cdi-em-2017-comparecam-a-instituicao\/","og:image":"https:\/\/scontent-gig4-1.xx.fbcdn.net\/v\/t39.30808-1\/270437624_4564083193639691_6907940295614233970_n.jpg?stp=dst-jpg_s200x200_tt6&#038;_nc_cat=111&#038;ccb=1-7&#038;_nc_sid=f907e8&#038;_nc_ohc=SM1wRlP3lJwQ7kNvwEPuBYA&#038;_nc_oc=AdnqrjDN_BNjSSHWO-GbkIWH6fkGMLw4bqvL_NH6e2wMveX7G-rP2dAqsDSq1mJMOaY&#038;_nc_zt=24&#038;_nc_ht=scontent-gig4-1.xx&#038;_nc_gid=AoBFJeGrT1hVaew_6rchkQ&#038;oh=00_AfX7QmFGhQhG2jAllVgXCiM1ZrWgvtp80-Bfppyexh1QEg&#038;oe=689E923C","og:image:secure_url":"https:\/\/scontent-gig4-1.xx.fbcdn.net\/v\/t39.30808-1\/270437624_4564083193639691_6907940295614233970_n.jpg?stp=dst-jpg_s200x200_tt6&#038;_nc_cat=111&#038;ccb=1-7&#038;_nc_sid=f907e8&#038;_nc_ohc=SM1wRlP3lJwQ7kNvwEPuBYA&#038;_nc_oc=AdnqrjDN_BNjSSHWO-GbkIWH6fkGMLw4bqvL_NH6e2wMveX7G-rP2dAqsDSq1mJMOaY&#038;_nc_zt=24&#038;_nc_ht=scontent-gig4-1.xx&#038;_nc_gid=AoBFJeGrT1hVaew_6rchkQ&#038;oh=00_AfX7QmFGhQhG2jAllVgXCiM1ZrWgvtp80-Bfppyexh1QEg&#038;oe=689E923C","article:published_time":"2017-09-28T19:46:48+00:00","article:modified_time":"2017-09-28T19:46:48+00:00","twitter:card":"summary_large_image","twitter:title":"Junta Militar solicita que jovens que n\u00e3o receberam CDI em 2017 compare\u00e7am \u00e0 institui\u00e7\u00e3o - A Not\u00edcia Online","twitter:description":"A 121\u00aa Junta de Servi\u00e7o Militar solicita que os jovens que foram dispensados em 2017 e que requereram, em mar\u00e7o e abril deste ano, por\u00e9m ainda n\u00e3o receberam o Certificado de Dispensa de Incorpora\u00e7\u00e3o (CDI), devem se apresentar \u00e0 institui\u00e7\u00e3o. \u00c9 necess\u00e1rio levar o Certificado de Alistamento Militar (CAM) e uma foto 3x4 atualizada at\u00e9","twitter:image":"https:\/\/scontent-gig4-1.xx.fbcdn.net\/v\/t39.30808-1\/270437624_4564083193639691_6907940295614233970_n.jpg?stp=dst-jpg_s200x200_tt6&_nc_cat=111&ccb=1-7&_nc_sid=f907e8&_nc_ohc=SM1wRlP3lJwQ7kNvwEPuBYA&_nc_oc=AdnqrjDN_BNjSSHWO-GbkIWH6fkGMLw4bqvL_NH6e2wMveX7G-rP2dAqsDSq1mJMOaY&_nc_zt=24&_nc_ht=scontent-gig4-1.xx&_nc_gid=AoBFJeGrT1hVaew_6rchkQ&oh=00_AfX7QmFGhQhG2jAllVgXCiM1ZrWgvtp80-Bfppyexh1QEg&oe=689E923C"},"aioseo_meta_data":{"post_id":"41407","title":null,"description":null,"keywords":null,"keyphrases":null,"primary_term":null,"canonical_url":null,"og_title":null,"og_description":null,"og_object_type":"default","og_image_type":"default","og_image_url":null,"og_image_width":null,"og_image_height":null,"og_image_custom_url":null,"og_image_custom_fields":null,"og_video":null,"og_custom_url":null,"og_article_section":null,"og_article_tags":null,"twitter_use_og":false,"twitter_card":"default","twitter_image_type":"default","twitter_image_url":null,"twitter_image_custom_url":null,"twitter_image_custom_fields":null,"twitter_title":null,"twitter_description":null,"schema":{"blockGraphs":[],"customGraphs":[],"default":{"data":{"Article":[],"Course":[],"Dataset":[],"FAQPage":[],"Movie":[],"Person":[],"Product":[],"ProductReview":[],"Car":[],"Recipe":[],"Service":[],"SoftwareApplication":[],"WebPage":[]},"graphName":"","isEnabled":true},"graphs":[]},"schema_type":"default","schema_type_options":null,"pillar_content":false,"robots_default":true,"robots_noindex":false,"robots_noarchive":false,"robots_nosnippet":false,"robots_nofollow":false,"robots_noimageindex":false,"robots_noodp":false,"robots_notranslate":false,"robots_max_snippet":null,"robots_max_videopreview":null,"robots_max_imagepreview":"large","priority":null,"frequency":null,"local_seo":null,"breadcrumb_settings":null,"limit_modified_date":false,"ai":null,"created":"2025-08-16 19:32:47","updated":"2025-08-16 19:32:47","focus_keyword":null,"additional_keywords":null,"truseo_locale":null,"seo_analyzer_scan_date":null},"aioseo_breadcrumb":"<div class=\"aioseo-breadcrumbs\"><span class=\"aioseo-breadcrumb\">\n\t\t\t<a href=\"https:\/\/anoticiaonline.com.br\/site\" title=\"Home\">Home<\/a>\n\t\t<\/span><span class=\"aioseo-breadcrumb-separator\">&raquo;<\/span><span class=\"aioseo-breadcrumb\">\n\t\t\t<a href=\"https:\/\/anoticiaonline.com.br\/site\/categoria\/muriae\/\" title=\"Blog\">Blog<\/a>\n\t\t<\/span><span class=\"aioseo-breadcrumb-separator\">&raquo;<\/span><span class=\"aioseo-breadcrumb\">\n\t\t\tJunta Militar solicita que jovens que n\u00e3o receberam CDI em 2017 compare\u00e7am \u00e0 institui\u00e7\u00e3o\n\t\t<\/span><\/div>","aioseo_breadcrumb_json":[{"label":"Home","link":"https:\/\/anoticiaonline.com.br\/site"},{"label":"Blog","link":"https:\/\/anoticiaonline.com.br\/site\/categoria\/muriae\/"},{"label":"Junta Militar solicita que jovens que n\u00e3o receberam CDI em 2017 compare\u00e7am \u00e0 institui\u00e7\u00e3o","link":"https:\/\/anoticiaonline.com.br\/site\/junta-militar-solicita-que-jovens-que-nao-receberam-cdi-em-2017-comparecam-a-instituicao\/"}],"views":118,"_links":{"self":[{"href":"https:\/\/anoticiaonline.com.br\/site\/wp-json\/wp\/v2\/posts\/41407","targetHints":{"allow":["GET"]}}],"collection":[{"href":"https:\/\/anoticiaonline.com.br\/site\/wp-json\/wp\/v2\/posts"}],"about":[{"href":"https:\/\/anoticiaonline.com.br\/site\/wp-json\/wp\/v2\/types\/post"}],"author":[{"embeddable":true,"href":"https:\/\/anoticiaonline.com.br\/site\/wp-json\/wp\/v2\/users\/2"}],"replies":[{"embeddable":true,"href":"https:\/\/anoticiaonline.com.br\/site\/wp-json\/wp\/v2\/comments?post=41407"}],"version-history":[{"count":0,"href":"https:\/\/anoticiaonline.com.br\/site\/wp-json\/wp\/v2\/posts\/41407\/revisions"}],"wp:featuredmedia":[{"embeddable":true,"href":"https:\/\/anoticiaonline.com.br\/site\/wp-json\/wp\/v2\/media\/41408"}],"wp:attachment":[{"href":"https:\/\/anoticiaonline.com.br\/site\/wp-json\/wp\/v2\/media?parent=41407"}],"wp:term":[{"taxonomy":"category","embeddable":true,"href":"https:\/\/anoticiaonline.com.br\/site\/wp-json\/wp\/v2\/categories?post=41407"},{"taxonomy":"post_tag","embeddable":true,"href":"https:\/\/anoticiaonline.com.br\/site\/wp-json\/wp\/v2\/tags?post=41407"}],"curies":[{"name":"wp","href":"https:\/\/api.w.org\/{rel}","templated":true}]}}