{"id":41403,"date":"2017-09-28T16:23:42","date_gmt":"2017-09-28T19:23:42","guid":{"rendered":"http:\/\/anoticiaonline.com.br\/site\/?p=41403"},"modified":"2017-09-28T16:28:20","modified_gmt":"2017-09-28T19:28:20","slug":"deputado-renzo-braz-faz-reuniao-politica-em-divino","status":"publish","type":"post","link":"https:\/\/anoticiaonline.com.br\/site\/deputado-renzo-braz-faz-reuniao-politica-em-divino\/","title":{"rendered":"Deputado Renzo Braz faz reuni\u00e3o pol\u00edtica em Divino"},"content":{"rendered":"<figure id=\"attachment_41404\" aria-describedby=\"caption-attachment-41404\" style=\"width: 290px\" class=\"wp-caption alignleft\"><a href=\"https:\/\/anoticiaonline.com.br\/site\/wp-content\/uploads\/2017\/09\/Deputado-Renzo-Braz-faz-reuni\u00e3o-pol\u00edtica-em-Divino.jpg\"><img fetchpriority=\"high\" decoding=\"async\" class=\"size-medium wp-image-41404\" src=\"https:\/\/anoticiaonline.com.br\/site\/wp-content\/uploads\/2017\/09\/Deputado-Renzo-Braz-faz-reuni\u00e3o-pol\u00edtica-em-Divino-300x201.jpg\" alt=\"\" width=\"300\" height=\"201\" srcset=\"https:\/\/anoticiaonline.com.br\/site\/wp-content\/uploads\/2017\/09\/Deputado-Renzo-Braz-faz-reuni\u00e3o-pol\u00edtica-em-Divino-300x201.jpg 300w, https:\/\/anoticiaonline.com.br\/site\/wp-content\/uploads\/2017\/09\/Deputado-Renzo-Braz-faz-reuni\u00e3o-pol\u00edtica-em-Divino.jpg 600w\" sizes=\"(max-width: 300px) 100vw, 300px\" \/><\/a><figcaption id=\"caption-attachment-41404\" class=\"wp-caption-text\">Cr\u00e9ditos: ASCOM Renzo Braz<\/figcaption><\/figure>\n<p>O deputado federal Renzo Braz esteve em Divino na sexta-feira (22), onde se reuniu com seu grupo pol\u00edtico de apoio.<\/p>\n<p>Participaram do encontro o prefeito Gilvan Pinheiro; os vereadores Vanildinha, Ulisses do Amadeu, Adeilton do Norte, Renato Herdy e Marco Ant\u00f4nio; os secret\u00e1rios municipais Vald\u00e9cio Alves Rocha (Sa\u00fade), Rog\u00e9rio Portes (Obras) e Hans Heinisch (Meio Ambiente); as lideran\u00e7as pol\u00edticas Dr Amadeu (ex-prefeito e ex-vereador), Soninho (ex-vereador), Pastor Jos\u00e9 Ronaldo e Marquinho; al\u00e9m dos assessores da Prefeitura Municipal, Bruno, Sh\u00e9liton e Rafael Muniz.<\/p>\n<p>A reuni\u00e3o aconteceu na C\u00e2mara Municipal onde foram discutidos projetos e recursos em prol do desenvolvimento do munic\u00edpio. As lideran\u00e7as repassaram as demandas mais urgentes de Divino e Renzo Braz se prontificou a trabalhar em prol dos pedidos feitos.<\/p>\n","protected":false},"excerpt":{"rendered":"<p>O deputado federal Renzo Braz esteve em Divino na sexta-feira (22), onde se reuniu com seu grupo pol\u00edtico de apoio. Participaram do encontro o prefeito Gilvan Pinheiro; os vereadores Vanildinha, Ulisses do Amadeu, Adeilton do Norte, Renato Herdy e Marco Ant\u00f4nio; os secret\u00e1rios municipais Vald\u00e9cio Alves Rocha (Sa\u00fade), Rog\u00e9rio Portes (Obras) e Hans Heinisch (Meio &#8230; <a title=\"Deputado Renzo Braz faz reuni\u00e3o pol\u00edtica em Divino\" class=\"read-more\" href=\"https:\/\/anoticiaonline.com.br\/site\/deputado-renzo-braz-faz-reuniao-politica-em-divino\/\" aria-label=\"Read more about Deputado Renzo Braz faz reuni\u00e3o pol\u00edtica em Divino\">Ler mais<\/a><\/p>\n","protected":false},"author":2,"featured_media":41404,"comment_status":"open","ping_status":"open","sticky":false,"template":"","format":"standard","meta":{"_acf_changed":false,"_monsterinsights_skip_tracking":false,"footnotes":""},"categories":[6],"tags":[294,345,1214,74,404,731],"class_list":["post-41403","post","type-post","status-publish","format-standard","has-post-thumbnail","hentry","category-regiao","tag-camara-municipal","tag-deputado","tag-divino","tag-muriae","tag-regiao","tag-renzo-braz"],"acf":[],"aioseo_notices":[],"aioseo_head":"\n\t\t<!-- All in One SEO 5.0.0.1 - aioseo.com -->\n\t<meta name=\"description\" content=\"O deputado federal Renzo Braz esteve em Divino na sexta-feira (22), onde se reuniu com seu grupo pol\u00edtico de apoio. Participaram do encontro o prefeito Gilvan Pinheiro; os vereadores Vanildinha, Ulisses do Amadeu, Adeilton do Norte, Renato Herdy e Marco Ant\u00f4nio; os secret\u00e1rios municipais Vald\u00e9cio Alves Rocha (Sa\u00fade), Rog\u00e9rio Portes (Obras) e Hans Heinisch (Meio\" \/>\n\t<meta name=\"robots\" content=\"max-image-preview:large\" \/>\n\t<meta name=\"author\" content=\"Juliana Laviola\"\/>\n\t<link rel=\"canonical\" href=\"https:\/\/anoticiaonline.com.br\/site\/deputado-renzo-braz-faz-reuniao-politica-em-divino\/\" \/>\n\t<meta name=\"generator\" content=\"All in One SEO (AIOSEO) 5.0.0.1\" \/>\n\t\t<meta property=\"og:locale\" content=\"pt_BR\" \/>\n\t\t<meta property=\"og:site_name\" content=\"A Not\u00edcia Online - Noticias de Muria\u00e9 e regi\u00e3o\" \/>\n\t\t<meta property=\"og:type\" content=\"article\" \/>\n\t\t<meta property=\"og:title\" content=\"Deputado Renzo Braz faz reuni\u00e3o pol\u00edtica em Divino - A Not\u00edcia Online\" \/>\n\t\t<meta property=\"og:description\" content=\"O deputado federal Renzo Braz esteve em Divino na sexta-feira (22), onde se reuniu com seu grupo pol\u00edtico de apoio. Participaram do encontro o prefeito Gilvan Pinheiro; os vereadores Vanildinha, Ulisses do Amadeu, Adeilton do Norte, Renato Herdy e Marco Ant\u00f4nio; os secret\u00e1rios municipais Vald\u00e9cio Alves Rocha (Sa\u00fade), Rog\u00e9rio Portes (Obras) e Hans Heinisch (Meio\" \/>\n\t\t<meta property=\"og:url\" content=\"https:\/\/anoticiaonline.com.br\/site\/deputado-renzo-braz-faz-reuniao-politica-em-divino\/\" \/>\n\t\t<meta property=\"og:image\" content=\"https:\/\/scontent-gig4-1.xx.fbcdn.net\/v\/t39.30808-1\/270437624_4564083193639691_6907940295614233970_n.jpg?stp=dst-jpg_s200x200_tt6&#038;_nc_cat=111&#038;ccb=1-7&#038;_nc_sid=f907e8&#038;_nc_ohc=SM1wRlP3lJwQ7kNvwEPuBYA&#038;_nc_oc=AdnqrjDN_BNjSSHWO-GbkIWH6fkGMLw4bqvL_NH6e2wMveX7G-rP2dAqsDSq1mJMOaY&#038;_nc_zt=24&#038;_nc_ht=scontent-gig4-1.xx&#038;_nc_gid=AoBFJeGrT1hVaew_6rchkQ&#038;oh=00_AfX7QmFGhQhG2jAllVgXCiM1ZrWgvtp80-Bfppyexh1QEg&#038;oe=689E923C\" \/>\n\t\t<meta property=\"og:image:secure_url\" content=\"https:\/\/scontent-gig4-1.xx.fbcdn.net\/v\/t39.30808-1\/270437624_4564083193639691_6907940295614233970_n.jpg?stp=dst-jpg_s200x200_tt6&#038;_nc_cat=111&#038;ccb=1-7&#038;_nc_sid=f907e8&#038;_nc_ohc=SM1wRlP3lJwQ7kNvwEPuBYA&#038;_nc_oc=AdnqrjDN_BNjSSHWO-GbkIWH6fkGMLw4bqvL_NH6e2wMveX7G-rP2dAqsDSq1mJMOaY&#038;_nc_zt=24&#038;_nc_ht=scontent-gig4-1.xx&#038;_nc_gid=AoBFJeGrT1hVaew_6rchkQ&#038;oh=00_AfX7QmFGhQhG2jAllVgXCiM1ZrWgvtp80-Bfppyexh1QEg&#038;oe=689E923C\" \/>\n\t\t<meta property=\"article:published_time\" content=\"2017-09-28T19:23:42+00:00\" \/>\n\t\t<meta property=\"article:modified_time\" content=\"2017-09-28T19:28:20+00:00\" \/>\n\t\t<meta name=\"twitter:card\" content=\"summary_large_image\" \/>\n\t\t<meta name=\"twitter:title\" content=\"Deputado Renzo Braz faz reuni\u00e3o pol\u00edtica em Divino - A Not\u00edcia Online\" \/>\n\t\t<meta name=\"twitter:description\" content=\"O deputado federal Renzo Braz esteve em Divino na sexta-feira (22), onde se reuniu com seu grupo pol\u00edtico de apoio. Participaram do encontro o prefeito Gilvan Pinheiro; os vereadores Vanildinha, Ulisses do Amadeu, Adeilton do Norte, Renato Herdy e Marco Ant\u00f4nio; os secret\u00e1rios municipais Vald\u00e9cio Alves Rocha (Sa\u00fade), Rog\u00e9rio Portes (Obras) e Hans Heinisch (Meio\" \/>\n\t\t<meta name=\"twitter:image\" content=\"https:\/\/scontent-gig4-1.xx.fbcdn.net\/v\/t39.30808-1\/270437624_4564083193639691_6907940295614233970_n.jpg?stp=dst-jpg_s200x200_tt6&amp;_nc_cat=111&amp;ccb=1-7&amp;_nc_sid=f907e8&amp;_nc_ohc=SM1wRlP3lJwQ7kNvwEPuBYA&amp;_nc_oc=AdnqrjDN_BNjSSHWO-GbkIWH6fkGMLw4bqvL_NH6e2wMveX7G-rP2dAqsDSq1mJMOaY&amp;_nc_zt=24&amp;_nc_ht=scontent-gig4-1.xx&amp;_nc_gid=AoBFJeGrT1hVaew_6rchkQ&amp;oh=00_AfX7QmFGhQhG2jAllVgXCiM1ZrWgvtp80-Bfppyexh1QEg&amp;oe=689E923C\" \/>\n\t\t<script type=\"application\/ld+json\" class=\"aioseo-schema\">\n\t\t\t{\"@context\":\"https:\\\/\\\/schema.org\",\"@graph\":[{\"@type\":\"BlogPosting\",\"@id\":\"https:\\\/\\\/anoticiaonline.com.br\\\/site\\\/deputado-renzo-braz-faz-reuniao-politica-em-divino\\\/#blogposting\",\"name\":\"Deputado Renzo Braz faz reuni\\u00e3o pol\\u00edtica em Divino - A Not\\u00edcia Online\",\"headline\":\"Deputado Renzo Braz faz reuni\\u00e3o pol\\u00edtica em Divino\",\"author\":{\"@id\":\"https:\\\/\\\/anoticiaonline.com.br\\\/site\\\/author\\\/juliana\\\/#author\"},\"publisher\":{\"@id\":\"https:\\\/\\\/anoticiaonline.com.br\\\/site\\\/#organization\"},\"image\":{\"@type\":\"ImageObject\",\"url\":\"https:\\\/\\\/anoticiaonline.com.br\\\/site\\\/wp-content\\\/uploads\\\/2017\\\/09\\\/Deputado-Renzo-Braz-faz-reuni\\u00e3o-pol\\u00edtica-em-Divino.jpg\",\"width\":600,\"height\":402,\"caption\":\"Cr\\u00e9ditos: ASCOM Renzo Braz\"},\"datePublished\":\"2017-09-28T16:23:42-03:00\",\"dateModified\":\"2017-09-28T16:28:20-03:00\",\"inLanguage\":\"pt-BR\",\"mainEntityOfPage\":{\"@id\":\"https:\\\/\\\/anoticiaonline.com.br\\\/site\\\/deputado-renzo-braz-faz-reuniao-politica-em-divino\\\/#webpage\"},\"isPartOf\":{\"@id\":\"https:\\\/\\\/anoticiaonline.com.br\\\/site\\\/deputado-renzo-braz-faz-reuniao-politica-em-divino\\\/#webpage\"},\"articleSection\":\"Regi\\u00e3o, c\\u00e2mara municipal, deputado, divino, Muria\\u00e9, regi\\u00e3o, Renzo Braz\"},{\"@type\":\"BreadcrumbList\",\"@id\":\"https:\\\/\\\/anoticiaonline.com.br\\\/site\\\/deputado-renzo-braz-faz-reuniao-politica-em-divino\\\/#breadcrumblist\",\"itemListElement\":[{\"@type\":\"ListItem\",\"@id\":\"https:\\\/\\\/anoticiaonline.com.br\\\/site#listItem\",\"position\":1,\"name\":\"Home\",\"item\":\"https:\\\/\\\/anoticiaonline.com.br\\\/site\",\"nextItem\":{\"@type\":\"ListItem\",\"@id\":\"https:\\\/\\\/anoticiaonline.com.br\\\/site\\\/categoria\\\/regiao\\\/#listItem\",\"name\":\"Regi\\u00e3o\"}},{\"@type\":\"ListItem\",\"@id\":\"https:\\\/\\\/anoticiaonline.com.br\\\/site\\\/categoria\\\/regiao\\\/#listItem\",\"position\":2,\"name\":\"Regi\\u00e3o\",\"item\":\"https:\\\/\\\/anoticiaonline.com.br\\\/site\\\/categoria\\\/regiao\\\/\",\"nextItem\":{\"@type\":\"ListItem\",\"@id\":\"https:\\\/\\\/anoticiaonline.com.br\\\/site\\\/deputado-renzo-braz-faz-reuniao-politica-em-divino\\\/#listItem\",\"name\":\"Deputado Renzo Braz faz reuni\\u00e3o pol\\u00edtica em Divino\"},\"previousItem\":{\"@type\":\"ListItem\",\"@id\":\"https:\\\/\\\/anoticiaonline.com.br\\\/site#listItem\",\"name\":\"Home\"}},{\"@type\":\"ListItem\",\"@id\":\"https:\\\/\\\/anoticiaonline.com.br\\\/site\\\/deputado-renzo-braz-faz-reuniao-politica-em-divino\\\/#listItem\",\"position\":3,\"name\":\"Deputado Renzo Braz faz reuni\\u00e3o pol\\u00edtica em Divino\",\"previousItem\":{\"@type\":\"ListItem\",\"@id\":\"https:\\\/\\\/anoticiaonline.com.br\\\/site\\\/categoria\\\/regiao\\\/#listItem\",\"name\":\"Regi\\u00e3o\"}}]},{\"@type\":\"Organization\",\"@id\":\"https:\\\/\\\/anoticiaonline.com.br\\\/site\\\/#organization\",\"name\":\"A Not\\u00edcia Online\",\"description\":\"Noticias de Muria\\u00e9 e regi\\u00e3o\",\"url\":\"https:\\\/\\\/anoticiaonline.com.br\\\/site\\\/\",\"logo\":{\"@type\":\"ImageObject\",\"url\":\"https:\\\/\\\/scontent-gig4-1.xx.fbcdn.net\\\/v\\\/t39.30808-1\\\/270437624_4564083193639691_6907940295614233970_n.jpg?stp=dst-jpg_s200x200_tt6&_nc_cat=111&ccb=1-7&_nc_sid=f907e8&_nc_ohc=SM1wRlP3lJwQ7kNvwEPuBYA&_nc_oc=AdnqrjDN_BNjSSHWO-GbkIWH6fkGMLw4bqvL_NH6e2wMveX7G-rP2dAqsDSq1mJMOaY&_nc_zt=24&_nc_ht=scontent-gig4-1.xx&_nc_gid=AoBFJeGrT1hVaew_6rchkQ&oh=00_AfX7QmFGhQhG2jAllVgXCiM1ZrWgvtp80-Bfppyexh1QEg&oe=689E923C\",\"@id\":\"https:\\\/\\\/anoticiaonline.com.br\\\/site\\\/deputado-renzo-braz-faz-reuniao-politica-em-divino\\\/#organizationLogo\"},\"image\":{\"@id\":\"https:\\\/\\\/anoticiaonline.com.br\\\/site\\\/deputado-renzo-braz-faz-reuniao-politica-em-divino\\\/#organizationLogo\"}},{\"@type\":\"Person\",\"@id\":\"https:\\\/\\\/anoticiaonline.com.br\\\/site\\\/author\\\/juliana\\\/#author\",\"url\":\"https:\\\/\\\/anoticiaonline.com.br\\\/site\\\/author\\\/juliana\\\/\",\"name\":\"Juliana Laviola\",\"image\":{\"@type\":\"ImageObject\",\"@id\":\"https:\\\/\\\/anoticiaonline.com.br\\\/site\\\/deputado-renzo-braz-faz-reuniao-politica-em-divino\\\/#authorImage\",\"url\":\"https:\\\/\\\/secure.gravatar.com\\\/avatar\\\/b8d45f5c699b100dfaf0e543582f38f38bf94cb7ae3a5e9abf8d891a34773335?s=96&d=mm&r=g\",\"width\":96,\"height\":96,\"caption\":\"Juliana Laviola\"}},{\"@type\":\"WebPage\",\"@id\":\"https:\\\/\\\/anoticiaonline.com.br\\\/site\\\/deputado-renzo-braz-faz-reuniao-politica-em-divino\\\/#webpage\",\"url\":\"https:\\\/\\\/anoticiaonline.com.br\\\/site\\\/deputado-renzo-braz-faz-reuniao-politica-em-divino\\\/\",\"name\":\"Deputado Renzo Braz faz reuni\\u00e3o pol\\u00edtica em Divino - A Not\\u00edcia Online\",\"description\":\"O deputado federal Renzo Braz esteve em Divino na sexta-feira (22), onde se reuniu com seu grupo pol\\u00edtico de apoio. Participaram do encontro o prefeito Gilvan Pinheiro; os vereadores Vanildinha, Ulisses do Amadeu, Adeilton do Norte, Renato Herdy e Marco Ant\\u00f4nio; os secret\\u00e1rios municipais Vald\\u00e9cio Alves Rocha (Sa\\u00fade), Rog\\u00e9rio Portes (Obras) e Hans Heinisch (Meio\",\"inLanguage\":\"pt-BR\",\"isPartOf\":{\"@id\":\"https:\\\/\\\/anoticiaonline.com.br\\\/site\\\/#website\"},\"breadcrumb\":{\"@id\":\"https:\\\/\\\/anoticiaonline.com.br\\\/site\\\/deputado-renzo-braz-faz-reuniao-politica-em-divino\\\/#breadcrumblist\"},\"author\":{\"@id\":\"https:\\\/\\\/anoticiaonline.com.br\\\/site\\\/author\\\/juliana\\\/#author\"},\"creator\":{\"@id\":\"https:\\\/\\\/anoticiaonline.com.br\\\/site\\\/author\\\/juliana\\\/#author\"},\"image\":{\"@type\":\"ImageObject\",\"url\":\"https:\\\/\\\/anoticiaonline.com.br\\\/site\\\/wp-content\\\/uploads\\\/2017\\\/09\\\/Deputado-Renzo-Braz-faz-reuni\\u00e3o-pol\\u00edtica-em-Divino.jpg\",\"@id\":\"https:\\\/\\\/anoticiaonline.com.br\\\/site\\\/deputado-renzo-braz-faz-reuniao-politica-em-divino\\\/#mainImage\",\"width\":600,\"height\":402,\"caption\":\"Cr\\u00e9ditos: ASCOM Renzo Braz\"},\"primaryImageOfPage\":{\"@id\":\"https:\\\/\\\/anoticiaonline.com.br\\\/site\\\/deputado-renzo-braz-faz-reuniao-politica-em-divino\\\/#mainImage\"},\"datePublished\":\"2017-09-28T16:23:42-03:00\",\"dateModified\":\"2017-09-28T16:28:20-03:00\"},{\"@type\":\"WebSite\",\"@id\":\"https:\\\/\\\/anoticiaonline.com.br\\\/site\\\/#website\",\"url\":\"https:\\\/\\\/anoticiaonline.com.br\\\/site\\\/\",\"name\":\"A Not\\u00edcia Online\",\"description\":\"Noticias de Muria\\u00e9 e regi\\u00e3o\",\"inLanguage\":\"pt-BR\",\"publisher\":{\"@id\":\"https:\\\/\\\/anoticiaonline.com.br\\\/site\\\/#organization\"}}]}\n\t\t<\/script>\n\t\t<!-- All in One SEO -->\n\n","aioseo_head_json":{"title":"Deputado Renzo Braz faz reuni\u00e3o pol\u00edtica em Divino - A Not\u00edcia Online","description":"O deputado federal Renzo Braz esteve em Divino na sexta-feira (22), onde se reuniu com seu grupo pol\u00edtico de apoio. Participaram do encontro o prefeito Gilvan Pinheiro; os vereadores Vanildinha, Ulisses do Amadeu, Adeilton do Norte, Renato Herdy e Marco Ant\u00f4nio; os secret\u00e1rios municipais Vald\u00e9cio Alves Rocha (Sa\u00fade), Rog\u00e9rio Portes (Obras) e Hans Heinisch (Meio","canonical_url":"https:\/\/anoticiaonline.com.br\/site\/deputado-renzo-braz-faz-reuniao-politica-em-divino\/","robots":"max-image-preview:large","keywords":"","webmasterTools":{"miscellaneous":""},"schema":{"@context":"https:\/\/schema.org","@graph":[{"@type":"BlogPosting","@id":"https:\/\/anoticiaonline.com.br\/site\/deputado-renzo-braz-faz-reuniao-politica-em-divino\/#blogposting","name":"Deputado Renzo Braz faz reuni\u00e3o pol\u00edtica em Divino - A Not\u00edcia Online","headline":"Deputado Renzo Braz faz reuni\u00e3o pol\u00edtica em Divino","author":{"@id":"https:\/\/anoticiaonline.com.br\/site\/author\/juliana\/#author"},"publisher":{"@id":"https:\/\/anoticiaonline.com.br\/site\/#organization"},"image":{"@type":"ImageObject","url":"https:\/\/anoticiaonline.com.br\/site\/wp-content\/uploads\/2017\/09\/Deputado-Renzo-Braz-faz-reuni\u00e3o-pol\u00edtica-em-Divino.jpg","width":600,"height":402,"caption":"Cr\u00e9ditos: ASCOM Renzo Braz"},"datePublished":"2017-09-28T16:23:42-03:00","dateModified":"2017-09-28T16:28:20-03:00","inLanguage":"pt-BR","mainEntityOfPage":{"@id":"https:\/\/anoticiaonline.com.br\/site\/deputado-renzo-braz-faz-reuniao-politica-em-divino\/#webpage"},"isPartOf":{"@id":"https:\/\/anoticiaonline.com.br\/site\/deputado-renzo-braz-faz-reuniao-politica-em-divino\/#webpage"},"articleSection":"Regi\u00e3o, c\u00e2mara municipal, deputado, divino, Muria\u00e9, regi\u00e3o, Renzo Braz"},{"@type":"BreadcrumbList","@id":"https:\/\/anoticiaonline.com.br\/site\/deputado-renzo-braz-faz-reuniao-politica-em-divino\/#breadcrumblist","itemListElement":[{"@type":"ListItem","@id":"https:\/\/anoticiaonline.com.br\/site#listItem","position":1,"name":"Home","item":"https:\/\/anoticiaonline.com.br\/site","nextItem":{"@type":"ListItem","@id":"https:\/\/anoticiaonline.com.br\/site\/categoria\/regiao\/#listItem","name":"Regi\u00e3o"}},{"@type":"ListItem","@id":"https:\/\/anoticiaonline.com.br\/site\/categoria\/regiao\/#listItem","position":2,"name":"Regi\u00e3o","item":"https:\/\/anoticiaonline.com.br\/site\/categoria\/regiao\/","nextItem":{"@type":"ListItem","@id":"https:\/\/anoticiaonline.com.br\/site\/deputado-renzo-braz-faz-reuniao-politica-em-divino\/#listItem","name":"Deputado Renzo Braz faz reuni\u00e3o pol\u00edtica em Divino"},"previousItem":{"@type":"ListItem","@id":"https:\/\/anoticiaonline.com.br\/site#listItem","name":"Home"}},{"@type":"ListItem","@id":"https:\/\/anoticiaonline.com.br\/site\/deputado-renzo-braz-faz-reuniao-politica-em-divino\/#listItem","position":3,"name":"Deputado Renzo Braz faz reuni\u00e3o pol\u00edtica em Divino","previousItem":{"@type":"ListItem","@id":"https:\/\/anoticiaonline.com.br\/site\/categoria\/regiao\/#listItem","name":"Regi\u00e3o"}}]},{"@type":"Organization","@id":"https:\/\/anoticiaonline.com.br\/site\/#organization","name":"A Not\u00edcia Online","description":"Noticias de Muria\u00e9 e regi\u00e3o","url":"https:\/\/anoticiaonline.com.br\/site\/","logo":{"@type":"ImageObject","url":"https:\/\/scontent-gig4-1.xx.fbcdn.net\/v\/t39.30808-1\/270437624_4564083193639691_6907940295614233970_n.jpg?stp=dst-jpg_s200x200_tt6&_nc_cat=111&ccb=1-7&_nc_sid=f907e8&_nc_ohc=SM1wRlP3lJwQ7kNvwEPuBYA&_nc_oc=AdnqrjDN_BNjSSHWO-GbkIWH6fkGMLw4bqvL_NH6e2wMveX7G-rP2dAqsDSq1mJMOaY&_nc_zt=24&_nc_ht=scontent-gig4-1.xx&_nc_gid=AoBFJeGrT1hVaew_6rchkQ&oh=00_AfX7QmFGhQhG2jAllVgXCiM1ZrWgvtp80-Bfppyexh1QEg&oe=689E923C","@id":"https:\/\/anoticiaonline.com.br\/site\/deputado-renzo-braz-faz-reuniao-politica-em-divino\/#organizationLogo"},"image":{"@id":"https:\/\/anoticiaonline.com.br\/site\/deputado-renzo-braz-faz-reuniao-politica-em-divino\/#organizationLogo"}},{"@type":"Person","@id":"https:\/\/anoticiaonline.com.br\/site\/author\/juliana\/#author","url":"https:\/\/anoticiaonline.com.br\/site\/author\/juliana\/","name":"Juliana Laviola","image":{"@type":"ImageObject","@id":"https:\/\/anoticiaonline.com.br\/site\/deputado-renzo-braz-faz-reuniao-politica-em-divino\/#authorImage","url":"https:\/\/secure.gravatar.com\/avatar\/b8d45f5c699b100dfaf0e543582f38f38bf94cb7ae3a5e9abf8d891a34773335?s=96&d=mm&r=g","width":96,"height":96,"caption":"Juliana Laviola"}},{"@type":"WebPage","@id":"https:\/\/anoticiaonline.com.br\/site\/deputado-renzo-braz-faz-reuniao-politica-em-divino\/#webpage","url":"https:\/\/anoticiaonline.com.br\/site\/deputado-renzo-braz-faz-reuniao-politica-em-divino\/","name":"Deputado Renzo Braz faz reuni\u00e3o pol\u00edtica em Divino - A Not\u00edcia Online","description":"O deputado federal Renzo Braz esteve em Divino na sexta-feira (22), onde se reuniu com seu grupo pol\u00edtico de apoio. Participaram do encontro o prefeito Gilvan Pinheiro; os vereadores Vanildinha, Ulisses do Amadeu, Adeilton do Norte, Renato Herdy e Marco Ant\u00f4nio; os secret\u00e1rios municipais Vald\u00e9cio Alves Rocha (Sa\u00fade), Rog\u00e9rio Portes (Obras) e Hans Heinisch (Meio","inLanguage":"pt-BR","isPartOf":{"@id":"https:\/\/anoticiaonline.com.br\/site\/#website"},"breadcrumb":{"@id":"https:\/\/anoticiaonline.com.br\/site\/deputado-renzo-braz-faz-reuniao-politica-em-divino\/#breadcrumblist"},"author":{"@id":"https:\/\/anoticiaonline.com.br\/site\/author\/juliana\/#author"},"creator":{"@id":"https:\/\/anoticiaonline.com.br\/site\/author\/juliana\/#author"},"image":{"@type":"ImageObject","url":"https:\/\/anoticiaonline.com.br\/site\/wp-content\/uploads\/2017\/09\/Deputado-Renzo-Braz-faz-reuni\u00e3o-pol\u00edtica-em-Divino.jpg","@id":"https:\/\/anoticiaonline.com.br\/site\/deputado-renzo-braz-faz-reuniao-politica-em-divino\/#mainImage","width":600,"height":402,"caption":"Cr\u00e9ditos: ASCOM Renzo Braz"},"primaryImageOfPage":{"@id":"https:\/\/anoticiaonline.com.br\/site\/deputado-renzo-braz-faz-reuniao-politica-em-divino\/#mainImage"},"datePublished":"2017-09-28T16:23:42-03:00","dateModified":"2017-09-28T16:28:20-03:00"},{"@type":"WebSite","@id":"https:\/\/anoticiaonline.com.br\/site\/#website","url":"https:\/\/anoticiaonline.com.br\/site\/","name":"A Not\u00edcia Online","description":"Noticias de Muria\u00e9 e regi\u00e3o","inLanguage":"pt-BR","publisher":{"@id":"https:\/\/anoticiaonline.com.br\/site\/#organization"}}]},"og:locale":"pt_BR","og:site_name":"A Not\u00edcia Online - Noticias de Muria\u00e9 e regi\u00e3o","og:type":"article","og:title":"Deputado Renzo Braz faz reuni\u00e3o pol\u00edtica em Divino - A Not\u00edcia Online","og:description":"O deputado federal Renzo Braz esteve em Divino na sexta-feira (22), onde se reuniu com seu grupo pol\u00edtico de apoio. Participaram do encontro o prefeito Gilvan Pinheiro; os vereadores Vanildinha, Ulisses do Amadeu, Adeilton do Norte, Renato Herdy e Marco Ant\u00f4nio; os secret\u00e1rios municipais Vald\u00e9cio Alves Rocha (Sa\u00fade), Rog\u00e9rio Portes (Obras) e Hans Heinisch (Meio","og:url":"https:\/\/anoticiaonline.com.br\/site\/deputado-renzo-braz-faz-reuniao-politica-em-divino\/","og:image":"https:\/\/scontent-gig4-1.xx.fbcdn.net\/v\/t39.30808-1\/270437624_4564083193639691_6907940295614233970_n.jpg?stp=dst-jpg_s200x200_tt6&#038;_nc_cat=111&#038;ccb=1-7&#038;_nc_sid=f907e8&#038;_nc_ohc=SM1wRlP3lJwQ7kNvwEPuBYA&#038;_nc_oc=AdnqrjDN_BNjSSHWO-GbkIWH6fkGMLw4bqvL_NH6e2wMveX7G-rP2dAqsDSq1mJMOaY&#038;_nc_zt=24&#038;_nc_ht=scontent-gig4-1.xx&#038;_nc_gid=AoBFJeGrT1hVaew_6rchkQ&#038;oh=00_AfX7QmFGhQhG2jAllVgXCiM1ZrWgvtp80-Bfppyexh1QEg&#038;oe=689E923C","og:image:secure_url":"https:\/\/scontent-gig4-1.xx.fbcdn.net\/v\/t39.30808-1\/270437624_4564083193639691_6907940295614233970_n.jpg?stp=dst-jpg_s200x200_tt6&#038;_nc_cat=111&#038;ccb=1-7&#038;_nc_sid=f907e8&#038;_nc_ohc=SM1wRlP3lJwQ7kNvwEPuBYA&#038;_nc_oc=AdnqrjDN_BNjSSHWO-GbkIWH6fkGMLw4bqvL_NH6e2wMveX7G-rP2dAqsDSq1mJMOaY&#038;_nc_zt=24&#038;_nc_ht=scontent-gig4-1.xx&#038;_nc_gid=AoBFJeGrT1hVaew_6rchkQ&#038;oh=00_AfX7QmFGhQhG2jAllVgXCiM1ZrWgvtp80-Bfppyexh1QEg&#038;oe=689E923C","article:published_time":"2017-09-28T19:23:42+00:00","article:modified_time":"2017-09-28T19:28:20+00:00","twitter:card":"summary_large_image","twitter:title":"Deputado Renzo Braz faz reuni\u00e3o pol\u00edtica em Divino - A Not\u00edcia Online","twitter:description":"O deputado federal Renzo Braz esteve em Divino na sexta-feira (22), onde se reuniu com seu grupo pol\u00edtico de apoio. Participaram do encontro o prefeito Gilvan Pinheiro; os vereadores Vanildinha, Ulisses do Amadeu, Adeilton do Norte, Renato Herdy e Marco Ant\u00f4nio; os secret\u00e1rios municipais Vald\u00e9cio Alves Rocha (Sa\u00fade), Rog\u00e9rio Portes (Obras) e Hans Heinisch (Meio","twitter:image":"https:\/\/scontent-gig4-1.xx.fbcdn.net\/v\/t39.30808-1\/270437624_4564083193639691_6907940295614233970_n.jpg?stp=dst-jpg_s200x200_tt6&_nc_cat=111&ccb=1-7&_nc_sid=f907e8&_nc_ohc=SM1wRlP3lJwQ7kNvwEPuBYA&_nc_oc=AdnqrjDN_BNjSSHWO-GbkIWH6fkGMLw4bqvL_NH6e2wMveX7G-rP2dAqsDSq1mJMOaY&_nc_zt=24&_nc_ht=scontent-gig4-1.xx&_nc_gid=AoBFJeGrT1hVaew_6rchkQ&oh=00_AfX7QmFGhQhG2jAllVgXCiM1ZrWgvtp80-Bfppyexh1QEg&oe=689E923C"},"aioseo_meta_data":{"post_id":"41403","title":null,"description":null,"keywords":null,"keyphrases":null,"primary_term":null,"canonical_url":null,"og_title":null,"og_description":null,"og_object_type":"default","og_image_type":"default","og_image_url":null,"og_image_width":null,"og_image_height":null,"og_image_custom_url":null,"og_image_custom_fields":null,"og_video":null,"og_custom_url":null,"og_article_section":null,"og_article_tags":null,"twitter_use_og":false,"twitter_card":"default","twitter_image_type":"default","twitter_image_url":null,"twitter_image_custom_url":null,"twitter_image_custom_fields":null,"twitter_title":null,"twitter_description":null,"schema":{"blockGraphs":[],"customGraphs":[],"default":{"data":{"Article":[],"Course":[],"Dataset":[],"FAQPage":[],"Movie":[],"Person":[],"Product":[],"ProductReview":[],"Car":[],"Recipe":[],"Service":[],"SoftwareApplication":[],"WebPage":[]},"graphName":"","isEnabled":true},"graphs":[]},"schema_type":"default","schema_type_options":null,"pillar_content":false,"robots_default":true,"robots_noindex":false,"robots_noarchive":false,"robots_nosnippet":false,"robots_nofollow":false,"robots_noimageindex":false,"robots_noodp":false,"robots_notranslate":false,"robots_max_snippet":null,"robots_max_videopreview":null,"robots_max_imagepreview":"large","priority":null,"frequency":null,"local_seo":null,"breadcrumb_settings":null,"limit_modified_date":false,"ai":null,"created":"2025-08-16 19:32:47","updated":"2025-08-16 19:32:47","focus_keyword":null,"additional_keywords":null,"truseo_locale":null,"seo_analyzer_scan_date":null},"aioseo_breadcrumb":"<div class=\"aioseo-breadcrumbs\"><span class=\"aioseo-breadcrumb\">\n\t\t\t<a href=\"https:\/\/anoticiaonline.com.br\/site\" title=\"Home\">Home<\/a>\n\t\t<\/span><span class=\"aioseo-breadcrumb-separator\">&raquo;<\/span><span class=\"aioseo-breadcrumb\">\n\t\t\t<a href=\"https:\/\/anoticiaonline.com.br\/site\/categoria\/regiao\/\" title=\"Regi\u00e3o\">Regi\u00e3o<\/a>\n\t\t<\/span><span class=\"aioseo-breadcrumb-separator\">&raquo;<\/span><span class=\"aioseo-breadcrumb\">\n\t\t\tDeputado Renzo Braz faz reuni\u00e3o pol\u00edtica em Divino\n\t\t<\/span><\/div>","aioseo_breadcrumb_json":[{"label":"Home","link":"https:\/\/anoticiaonline.com.br\/site"},{"label":"Regi\u00e3o","link":"https:\/\/anoticiaonline.com.br\/site\/categoria\/regiao\/"},{"label":"Deputado Renzo Braz faz reuni\u00e3o pol\u00edtica em Divino","link":"https:\/\/anoticiaonline.com.br\/site\/deputado-renzo-braz-faz-reuniao-politica-em-divino\/"}],"views":182,"_links":{"self":[{"href":"https:\/\/anoticiaonline.com.br\/site\/wp-json\/wp\/v2\/posts\/41403","targetHints":{"allow":["GET"]}}],"collection":[{"href":"https:\/\/anoticiaonline.com.br\/site\/wp-json\/wp\/v2\/posts"}],"about":[{"href":"https:\/\/anoticiaonline.com.br\/site\/wp-json\/wp\/v2\/types\/post"}],"author":[{"embeddable":true,"href":"https:\/\/anoticiaonline.com.br\/site\/wp-json\/wp\/v2\/users\/2"}],"replies":[{"embeddable":true,"href":"https:\/\/anoticiaonline.com.br\/site\/wp-json\/wp\/v2\/comments?post=41403"}],"version-history":[{"count":0,"href":"https:\/\/anoticiaonline.com.br\/site\/wp-json\/wp\/v2\/posts\/41403\/revisions"}],"wp:featuredmedia":[{"embeddable":true,"href":"https:\/\/anoticiaonline.com.br\/site\/wp-json\/wp\/v2\/media\/41404"}],"wp:attachment":[{"href":"https:\/\/anoticiaonline.com.br\/site\/wp-json\/wp\/v2\/media?parent=41403"}],"wp:term":[{"taxonomy":"category","embeddable":true,"href":"https:\/\/anoticiaonline.com.br\/site\/wp-json\/wp\/v2\/categories?post=41403"},{"taxonomy":"post_tag","embeddable":true,"href":"https:\/\/anoticiaonline.com.br\/site\/wp-json\/wp\/v2\/tags?post=41403"}],"curies":[{"name":"wp","href":"https:\/\/api.w.org\/{rel}","templated":true}]}}