{"id":41390,"date":"2017-09-28T14:05:58","date_gmt":"2017-09-28T17:05:58","guid":{"rendered":"http:\/\/anoticiaonline.com.br\/site\/?p=41390"},"modified":"2017-09-28T14:05:58","modified_gmt":"2017-09-28T17:05:58","slug":"capina-e-limpeza-das-margens-do-rio-muriae-comecam-na-proxima-segunda-feira","status":"publish","type":"post","link":"https:\/\/anoticiaonline.com.br\/site\/capina-e-limpeza-das-margens-do-rio-muriae-comecam-na-proxima-segunda-feira\/","title":{"rendered":"Capina e limpeza das margens do Rio Muria\u00e9 come\u00e7am na pr\u00f3xima segunda-feira"},"content":{"rendered":"<figure id=\"attachment_41392\" aria-describedby=\"caption-attachment-41392\" style=\"width: 290px\" class=\"wp-caption alignleft\"><a href=\"https:\/\/anoticiaonline.com.br\/site\/wp-content\/uploads\/2017\/09\/Capina-e-limpeza-das-margens-do-Rio-Muria\u00e9-come\u00e7am-na-pr\u00f3xima-segunda-feira.jpg\"><img fetchpriority=\"high\" decoding=\"async\" class=\"size-medium wp-image-41392\" src=\"https:\/\/anoticiaonline.com.br\/site\/wp-content\/uploads\/2017\/09\/Capina-e-limpeza-das-margens-do-Rio-Muria\u00e9-come\u00e7am-na-pr\u00f3xima-segunda-feira-300x226.jpg\" alt=\"\" width=\"300\" height=\"226\" srcset=\"https:\/\/anoticiaonline.com.br\/site\/wp-content\/uploads\/2017\/09\/Capina-e-limpeza-das-margens-do-Rio-Muria\u00e9-come\u00e7am-na-pr\u00f3xima-segunda-feira-300x226.jpg 300w, https:\/\/anoticiaonline.com.br\/site\/wp-content\/uploads\/2017\/09\/Capina-e-limpeza-das-margens-do-Rio-Muria\u00e9-come\u00e7am-na-pr\u00f3xima-segunda-feira.jpg 640w\" sizes=\"(max-width: 300px) 100vw, 300px\" \/><\/a><figcaption id=\"caption-attachment-41392\" class=\"wp-caption-text\">Cr\u00e9ditos: ASCOM PMM<\/figcaption><\/figure>\n<p>Uma for\u00e7a-tarefa est\u00e1 sendo organizada para que seja feita a limpeza do Rio Muria\u00e9. A a\u00e7\u00e3o, que acontece de forma conjunta com a participa\u00e7\u00e3o de v\u00e1rios setores da Administra\u00e7\u00e3o P\u00fablica, come\u00e7ar\u00e1 na segunda-feira (2). O objetivo \u00e9 preservar o Rio Muria\u00e9 atrav\u00e9s de retirada de lixo e capina das margens. A iniciativa contar\u00e1 tamb\u00e9m com projetos educativos em escolas e em unidades b\u00e1sicas de sa\u00fade.<\/p>\n<p>A diretora de Vigil\u00e2ncia Ambiental da Secretaria Municipal de Sa\u00fade, Carla Morcerf, explica que esta for\u00e7a-tarefa come\u00e7ou a ser planejada ap\u00f3s o resultado da an\u00e1lise de amostras de \u00e1gua coletadas do Rio Muria\u00e9 devido \u00e0 identifica\u00e7\u00e3o, no dia 31 de julho, de uma mancha escura no rio. Ainda segundo Carla, o laudo t\u00e9cnico n\u00e3o indicou a fonte que gerou a colora\u00e7\u00e3o escura, pois os elementos analisados estavam dentro dos \u00edndices da refer\u00eancia normativa vigente para um rio Classe 2, como \u00e9 o caso do Rio Muria\u00e9.<\/p>\n<p>A limpeza ser\u00e1 iniciada pelo bairro Dornelas, pr\u00f3ximo \u00e0s pontes que ligam os bairros Dornelas-Napole\u00e3o e Dornelas-Cardoso de Melo, e contemplar\u00e1 o Santana e o Centro, em trechos como Casa de Sa\u00fade e Avenida JK, al\u00e9m do Porto. A previs\u00e3o \u00e9 de que o trabalho da for\u00e7a-tarefa se estenda at\u00e9 a primeira quinzena de outubro<strong>.<\/strong><\/p>\n","protected":false},"excerpt":{"rendered":"<p>Uma for\u00e7a-tarefa est\u00e1 sendo organizada para que seja feita a limpeza do Rio Muria\u00e9. A a\u00e7\u00e3o, que acontece de forma conjunta com a participa\u00e7\u00e3o de v\u00e1rios setores da Administra\u00e7\u00e3o P\u00fablica, come\u00e7ar\u00e1 na segunda-feira (2). O objetivo \u00e9 preservar o Rio Muria\u00e9 atrav\u00e9s de retirada de lixo e capina das margens. A iniciativa contar\u00e1 tamb\u00e9m com &#8230; <a title=\"Capina e limpeza das margens do Rio Muria\u00e9 come\u00e7am na pr\u00f3xima segunda-feira\" class=\"read-more\" href=\"https:\/\/anoticiaonline.com.br\/site\/capina-e-limpeza-das-margens-do-rio-muriae-comecam-na-proxima-segunda-feira\/\" aria-label=\"Read more about Capina e limpeza das margens do Rio Muria\u00e9 come\u00e7am na pr\u00f3xima segunda-feira\">Ler mais<\/a><\/p>\n","protected":false},"author":2,"featured_media":41392,"comment_status":"open","ping_status":"open","sticky":false,"template":"","format":"standard","meta":{"_acf_changed":false,"_monsterinsights_skip_tracking":false,"footnotes":""},"categories":[30],"tags":[355,1210,74,246,823,3,1211],"class_list":["post-41390","post","type-post","status-publish","format-standard","has-post-thumbnail","hentry","category-muriae","tag-bairro","tag-limpeza","tag-muriae","tag-prefeitura","tag-rio","tag-slide","tag-urbana"],"acf":[],"aioseo_notices":[],"aioseo_head":"\n\t\t<!-- All in One SEO 5.0.0.1 - aioseo.com -->\n\t<meta name=\"description\" content=\"Uma for\u00e7a-tarefa est\u00e1 sendo organizada para que seja feita a limpeza do Rio Muria\u00e9. A a\u00e7\u00e3o, que acontece de forma conjunta com a participa\u00e7\u00e3o de v\u00e1rios setores da Administra\u00e7\u00e3o P\u00fablica, come\u00e7ar\u00e1 na segunda-feira (2). O objetivo \u00e9 preservar o Rio Muria\u00e9 atrav\u00e9s de retirada de lixo e capina das margens. A iniciativa contar\u00e1 tamb\u00e9m com\" \/>\n\t<meta name=\"robots\" content=\"max-image-preview:large\" \/>\n\t<meta name=\"author\" content=\"Juliana Laviola\"\/>\n\t<link rel=\"canonical\" href=\"https:\/\/anoticiaonline.com.br\/site\/capina-e-limpeza-das-margens-do-rio-muriae-comecam-na-proxima-segunda-feira\/\" \/>\n\t<meta name=\"generator\" content=\"All in One SEO (AIOSEO) 5.0.0.1\" \/>\n\t\t<meta property=\"og:locale\" content=\"pt_BR\" \/>\n\t\t<meta property=\"og:site_name\" content=\"A Not\u00edcia Online - Noticias de Muria\u00e9 e regi\u00e3o\" \/>\n\t\t<meta property=\"og:type\" content=\"article\" \/>\n\t\t<meta property=\"og:title\" content=\"Capina e limpeza das margens do Rio Muria\u00e9 come\u00e7am na pr\u00f3xima segunda-feira - A Not\u00edcia Online\" \/>\n\t\t<meta property=\"og:description\" content=\"Uma for\u00e7a-tarefa est\u00e1 sendo organizada para que seja feita a limpeza do Rio Muria\u00e9. A a\u00e7\u00e3o, que acontece de forma conjunta com a participa\u00e7\u00e3o de v\u00e1rios setores da Administra\u00e7\u00e3o P\u00fablica, come\u00e7ar\u00e1 na segunda-feira (2). O objetivo \u00e9 preservar o Rio Muria\u00e9 atrav\u00e9s de retirada de lixo e capina das margens. A iniciativa contar\u00e1 tamb\u00e9m com\" \/>\n\t\t<meta property=\"og:url\" content=\"https:\/\/anoticiaonline.com.br\/site\/capina-e-limpeza-das-margens-do-rio-muriae-comecam-na-proxima-segunda-feira\/\" \/>\n\t\t<meta property=\"og:image\" content=\"https:\/\/scontent-gig4-1.xx.fbcdn.net\/v\/t39.30808-1\/270437624_4564083193639691_6907940295614233970_n.jpg?stp=dst-jpg_s200x200_tt6&#038;_nc_cat=111&#038;ccb=1-7&#038;_nc_sid=f907e8&#038;_nc_ohc=SM1wRlP3lJwQ7kNvwEPuBYA&#038;_nc_oc=AdnqrjDN_BNjSSHWO-GbkIWH6fkGMLw4bqvL_NH6e2wMveX7G-rP2dAqsDSq1mJMOaY&#038;_nc_zt=24&#038;_nc_ht=scontent-gig4-1.xx&#038;_nc_gid=AoBFJeGrT1hVaew_6rchkQ&#038;oh=00_AfX7QmFGhQhG2jAllVgXCiM1ZrWgvtp80-Bfppyexh1QEg&#038;oe=689E923C\" \/>\n\t\t<meta property=\"og:image:secure_url\" content=\"https:\/\/scontent-gig4-1.xx.fbcdn.net\/v\/t39.30808-1\/270437624_4564083193639691_6907940295614233970_n.jpg?stp=dst-jpg_s200x200_tt6&#038;_nc_cat=111&#038;ccb=1-7&#038;_nc_sid=f907e8&#038;_nc_ohc=SM1wRlP3lJwQ7kNvwEPuBYA&#038;_nc_oc=AdnqrjDN_BNjSSHWO-GbkIWH6fkGMLw4bqvL_NH6e2wMveX7G-rP2dAqsDSq1mJMOaY&#038;_nc_zt=24&#038;_nc_ht=scontent-gig4-1.xx&#038;_nc_gid=AoBFJeGrT1hVaew_6rchkQ&#038;oh=00_AfX7QmFGhQhG2jAllVgXCiM1ZrWgvtp80-Bfppyexh1QEg&#038;oe=689E923C\" \/>\n\t\t<meta property=\"article:published_time\" content=\"2017-09-28T17:05:58+00:00\" \/>\n\t\t<meta property=\"article:modified_time\" content=\"2017-09-28T17:05:58+00:00\" \/>\n\t\t<meta name=\"twitter:card\" content=\"summary_large_image\" \/>\n\t\t<meta name=\"twitter:title\" content=\"Capina e limpeza das margens do Rio Muria\u00e9 come\u00e7am na pr\u00f3xima segunda-feira - A Not\u00edcia Online\" \/>\n\t\t<meta name=\"twitter:description\" content=\"Uma for\u00e7a-tarefa est\u00e1 sendo organizada para que seja feita a limpeza do Rio Muria\u00e9. A a\u00e7\u00e3o, que acontece de forma conjunta com a participa\u00e7\u00e3o de v\u00e1rios setores da Administra\u00e7\u00e3o P\u00fablica, come\u00e7ar\u00e1 na segunda-feira (2). O objetivo \u00e9 preservar o Rio Muria\u00e9 atrav\u00e9s de retirada de lixo e capina das margens. A iniciativa contar\u00e1 tamb\u00e9m com\" \/>\n\t\t<meta name=\"twitter:image\" content=\"https:\/\/scontent-gig4-1.xx.fbcdn.net\/v\/t39.30808-1\/270437624_4564083193639691_6907940295614233970_n.jpg?stp=dst-jpg_s200x200_tt6&amp;_nc_cat=111&amp;ccb=1-7&amp;_nc_sid=f907e8&amp;_nc_ohc=SM1wRlP3lJwQ7kNvwEPuBYA&amp;_nc_oc=AdnqrjDN_BNjSSHWO-GbkIWH6fkGMLw4bqvL_NH6e2wMveX7G-rP2dAqsDSq1mJMOaY&amp;_nc_zt=24&amp;_nc_ht=scontent-gig4-1.xx&amp;_nc_gid=AoBFJeGrT1hVaew_6rchkQ&amp;oh=00_AfX7QmFGhQhG2jAllVgXCiM1ZrWgvtp80-Bfppyexh1QEg&amp;oe=689E923C\" \/>\n\t\t<script type=\"application\/ld+json\" class=\"aioseo-schema\">\n\t\t\t{\"@context\":\"https:\\\/\\\/schema.org\",\"@graph\":[{\"@type\":\"BlogPosting\",\"@id\":\"https:\\\/\\\/anoticiaonline.com.br\\\/site\\\/capina-e-limpeza-das-margens-do-rio-muriae-comecam-na-proxima-segunda-feira\\\/#blogposting\",\"name\":\"Capina e limpeza das margens do Rio Muria\\u00e9 come\\u00e7am na pr\\u00f3xima segunda-feira - A Not\\u00edcia Online\",\"headline\":\"Capina e limpeza das margens do Rio Muria\\u00e9 come\\u00e7am na pr\\u00f3xima segunda-feira\",\"author\":{\"@id\":\"https:\\\/\\\/anoticiaonline.com.br\\\/site\\\/author\\\/juliana\\\/#author\"},\"publisher\":{\"@id\":\"https:\\\/\\\/anoticiaonline.com.br\\\/site\\\/#organization\"},\"image\":{\"@type\":\"ImageObject\",\"url\":\"https:\\\/\\\/anoticiaonline.com.br\\\/site\\\/wp-content\\\/uploads\\\/2017\\\/09\\\/Capina-e-limpeza-das-margens-do-Rio-Muria\\u00e9-come\\u00e7am-na-pr\\u00f3xima-segunda-feira.jpg\",\"width\":640,\"height\":483,\"caption\":\"Cr\\u00e9ditos: ASCOM PMM\"},\"datePublished\":\"2017-09-28T14:05:58-03:00\",\"dateModified\":\"2017-09-28T14:05:58-03:00\",\"inLanguage\":\"pt-BR\",\"mainEntityOfPage\":{\"@id\":\"https:\\\/\\\/anoticiaonline.com.br\\\/site\\\/capina-e-limpeza-das-margens-do-rio-muriae-comecam-na-proxima-segunda-feira\\\/#webpage\"},\"isPartOf\":{\"@id\":\"https:\\\/\\\/anoticiaonline.com.br\\\/site\\\/capina-e-limpeza-das-margens-do-rio-muriae-comecam-na-proxima-segunda-feira\\\/#webpage\"},\"articleSection\":\"Blog, bairro, limpeza, Muria\\u00e9, prefeitura, rio, slide, urbana\"},{\"@type\":\"BreadcrumbList\",\"@id\":\"https:\\\/\\\/anoticiaonline.com.br\\\/site\\\/capina-e-limpeza-das-margens-do-rio-muriae-comecam-na-proxima-segunda-feira\\\/#breadcrumblist\",\"itemListElement\":[{\"@type\":\"ListItem\",\"@id\":\"https:\\\/\\\/anoticiaonline.com.br\\\/site#listItem\",\"position\":1,\"name\":\"Home\",\"item\":\"https:\\\/\\\/anoticiaonline.com.br\\\/site\",\"nextItem\":{\"@type\":\"ListItem\",\"@id\":\"https:\\\/\\\/anoticiaonline.com.br\\\/site\\\/categoria\\\/muriae\\\/#listItem\",\"name\":\"Blog\"}},{\"@type\":\"ListItem\",\"@id\":\"https:\\\/\\\/anoticiaonline.com.br\\\/site\\\/categoria\\\/muriae\\\/#listItem\",\"position\":2,\"name\":\"Blog\",\"item\":\"https:\\\/\\\/anoticiaonline.com.br\\\/site\\\/categoria\\\/muriae\\\/\",\"nextItem\":{\"@type\":\"ListItem\",\"@id\":\"https:\\\/\\\/anoticiaonline.com.br\\\/site\\\/capina-e-limpeza-das-margens-do-rio-muriae-comecam-na-proxima-segunda-feira\\\/#listItem\",\"name\":\"Capina e limpeza das margens do Rio Muria\\u00e9 come\\u00e7am na pr\\u00f3xima segunda-feira\"},\"previousItem\":{\"@type\":\"ListItem\",\"@id\":\"https:\\\/\\\/anoticiaonline.com.br\\\/site#listItem\",\"name\":\"Home\"}},{\"@type\":\"ListItem\",\"@id\":\"https:\\\/\\\/anoticiaonline.com.br\\\/site\\\/capina-e-limpeza-das-margens-do-rio-muriae-comecam-na-proxima-segunda-feira\\\/#listItem\",\"position\":3,\"name\":\"Capina e limpeza das margens do Rio Muria\\u00e9 come\\u00e7am na pr\\u00f3xima segunda-feira\",\"previousItem\":{\"@type\":\"ListItem\",\"@id\":\"https:\\\/\\\/anoticiaonline.com.br\\\/site\\\/categoria\\\/muriae\\\/#listItem\",\"name\":\"Blog\"}}]},{\"@type\":\"Organization\",\"@id\":\"https:\\\/\\\/anoticiaonline.com.br\\\/site\\\/#organization\",\"name\":\"A Not\\u00edcia Online\",\"description\":\"Noticias de Muria\\u00e9 e regi\\u00e3o\",\"url\":\"https:\\\/\\\/anoticiaonline.com.br\\\/site\\\/\",\"logo\":{\"@type\":\"ImageObject\",\"url\":\"https:\\\/\\\/scontent-gig4-1.xx.fbcdn.net\\\/v\\\/t39.30808-1\\\/270437624_4564083193639691_6907940295614233970_n.jpg?stp=dst-jpg_s200x200_tt6&_nc_cat=111&ccb=1-7&_nc_sid=f907e8&_nc_ohc=SM1wRlP3lJwQ7kNvwEPuBYA&_nc_oc=AdnqrjDN_BNjSSHWO-GbkIWH6fkGMLw4bqvL_NH6e2wMveX7G-rP2dAqsDSq1mJMOaY&_nc_zt=24&_nc_ht=scontent-gig4-1.xx&_nc_gid=AoBFJeGrT1hVaew_6rchkQ&oh=00_AfX7QmFGhQhG2jAllVgXCiM1ZrWgvtp80-Bfppyexh1QEg&oe=689E923C\",\"@id\":\"https:\\\/\\\/anoticiaonline.com.br\\\/site\\\/capina-e-limpeza-das-margens-do-rio-muriae-comecam-na-proxima-segunda-feira\\\/#organizationLogo\"},\"image\":{\"@id\":\"https:\\\/\\\/anoticiaonline.com.br\\\/site\\\/capina-e-limpeza-das-margens-do-rio-muriae-comecam-na-proxima-segunda-feira\\\/#organizationLogo\"}},{\"@type\":\"Person\",\"@id\":\"https:\\\/\\\/anoticiaonline.com.br\\\/site\\\/author\\\/juliana\\\/#author\",\"url\":\"https:\\\/\\\/anoticiaonline.com.br\\\/site\\\/author\\\/juliana\\\/\",\"name\":\"Juliana Laviola\",\"image\":{\"@type\":\"ImageObject\",\"@id\":\"https:\\\/\\\/anoticiaonline.com.br\\\/site\\\/capina-e-limpeza-das-margens-do-rio-muriae-comecam-na-proxima-segunda-feira\\\/#authorImage\",\"url\":\"https:\\\/\\\/secure.gravatar.com\\\/avatar\\\/b8d45f5c699b100dfaf0e543582f38f38bf94cb7ae3a5e9abf8d891a34773335?s=96&d=mm&r=g\",\"width\":96,\"height\":96,\"caption\":\"Juliana Laviola\"}},{\"@type\":\"WebPage\",\"@id\":\"https:\\\/\\\/anoticiaonline.com.br\\\/site\\\/capina-e-limpeza-das-margens-do-rio-muriae-comecam-na-proxima-segunda-feira\\\/#webpage\",\"url\":\"https:\\\/\\\/anoticiaonline.com.br\\\/site\\\/capina-e-limpeza-das-margens-do-rio-muriae-comecam-na-proxima-segunda-feira\\\/\",\"name\":\"Capina e limpeza das margens do Rio Muria\\u00e9 come\\u00e7am na pr\\u00f3xima segunda-feira - A Not\\u00edcia Online\",\"description\":\"Uma for\\u00e7a-tarefa est\\u00e1 sendo organizada para que seja feita a limpeza do Rio Muria\\u00e9. A a\\u00e7\\u00e3o, que acontece de forma conjunta com a participa\\u00e7\\u00e3o de v\\u00e1rios setores da Administra\\u00e7\\u00e3o P\\u00fablica, come\\u00e7ar\\u00e1 na segunda-feira (2). O objetivo \\u00e9 preservar o Rio Muria\\u00e9 atrav\\u00e9s de retirada de lixo e capina das margens. A iniciativa contar\\u00e1 tamb\\u00e9m com\",\"inLanguage\":\"pt-BR\",\"isPartOf\":{\"@id\":\"https:\\\/\\\/anoticiaonline.com.br\\\/site\\\/#website\"},\"breadcrumb\":{\"@id\":\"https:\\\/\\\/anoticiaonline.com.br\\\/site\\\/capina-e-limpeza-das-margens-do-rio-muriae-comecam-na-proxima-segunda-feira\\\/#breadcrumblist\"},\"author\":{\"@id\":\"https:\\\/\\\/anoticiaonline.com.br\\\/site\\\/author\\\/juliana\\\/#author\"},\"creator\":{\"@id\":\"https:\\\/\\\/anoticiaonline.com.br\\\/site\\\/author\\\/juliana\\\/#author\"},\"image\":{\"@type\":\"ImageObject\",\"url\":\"https:\\\/\\\/anoticiaonline.com.br\\\/site\\\/wp-content\\\/uploads\\\/2017\\\/09\\\/Capina-e-limpeza-das-margens-do-Rio-Muria\\u00e9-come\\u00e7am-na-pr\\u00f3xima-segunda-feira.jpg\",\"@id\":\"https:\\\/\\\/anoticiaonline.com.br\\\/site\\\/capina-e-limpeza-das-margens-do-rio-muriae-comecam-na-proxima-segunda-feira\\\/#mainImage\",\"width\":640,\"height\":483,\"caption\":\"Cr\\u00e9ditos: ASCOM PMM\"},\"primaryImageOfPage\":{\"@id\":\"https:\\\/\\\/anoticiaonline.com.br\\\/site\\\/capina-e-limpeza-das-margens-do-rio-muriae-comecam-na-proxima-segunda-feira\\\/#mainImage\"},\"datePublished\":\"2017-09-28T14:05:58-03:00\",\"dateModified\":\"2017-09-28T14:05:58-03:00\"},{\"@type\":\"WebSite\",\"@id\":\"https:\\\/\\\/anoticiaonline.com.br\\\/site\\\/#website\",\"url\":\"https:\\\/\\\/anoticiaonline.com.br\\\/site\\\/\",\"name\":\"A Not\\u00edcia Online\",\"description\":\"Noticias de Muria\\u00e9 e regi\\u00e3o\",\"inLanguage\":\"pt-BR\",\"publisher\":{\"@id\":\"https:\\\/\\\/anoticiaonline.com.br\\\/site\\\/#organization\"}}]}\n\t\t<\/script>\n\t\t<!-- All in One SEO -->\n\n","aioseo_head_json":{"title":"Capina e limpeza das margens do Rio Muria\u00e9 come\u00e7am na pr\u00f3xima segunda-feira - A Not\u00edcia Online","description":"Uma for\u00e7a-tarefa est\u00e1 sendo organizada para que seja feita a limpeza do Rio Muria\u00e9. A a\u00e7\u00e3o, que acontece de forma conjunta com a participa\u00e7\u00e3o de v\u00e1rios setores da Administra\u00e7\u00e3o P\u00fablica, come\u00e7ar\u00e1 na segunda-feira (2). O objetivo \u00e9 preservar o Rio Muria\u00e9 atrav\u00e9s de retirada de lixo e capina das margens. A iniciativa contar\u00e1 tamb\u00e9m com","canonical_url":"https:\/\/anoticiaonline.com.br\/site\/capina-e-limpeza-das-margens-do-rio-muriae-comecam-na-proxima-segunda-feira\/","robots":"max-image-preview:large","keywords":"","webmasterTools":{"miscellaneous":""},"schema":{"@context":"https:\/\/schema.org","@graph":[{"@type":"BlogPosting","@id":"https:\/\/anoticiaonline.com.br\/site\/capina-e-limpeza-das-margens-do-rio-muriae-comecam-na-proxima-segunda-feira\/#blogposting","name":"Capina e limpeza das margens do Rio Muria\u00e9 come\u00e7am na pr\u00f3xima segunda-feira - A Not\u00edcia Online","headline":"Capina e limpeza das margens do Rio Muria\u00e9 come\u00e7am na pr\u00f3xima segunda-feira","author":{"@id":"https:\/\/anoticiaonline.com.br\/site\/author\/juliana\/#author"},"publisher":{"@id":"https:\/\/anoticiaonline.com.br\/site\/#organization"},"image":{"@type":"ImageObject","url":"https:\/\/anoticiaonline.com.br\/site\/wp-content\/uploads\/2017\/09\/Capina-e-limpeza-das-margens-do-Rio-Muria\u00e9-come\u00e7am-na-pr\u00f3xima-segunda-feira.jpg","width":640,"height":483,"caption":"Cr\u00e9ditos: ASCOM PMM"},"datePublished":"2017-09-28T14:05:58-03:00","dateModified":"2017-09-28T14:05:58-03:00","inLanguage":"pt-BR","mainEntityOfPage":{"@id":"https:\/\/anoticiaonline.com.br\/site\/capina-e-limpeza-das-margens-do-rio-muriae-comecam-na-proxima-segunda-feira\/#webpage"},"isPartOf":{"@id":"https:\/\/anoticiaonline.com.br\/site\/capina-e-limpeza-das-margens-do-rio-muriae-comecam-na-proxima-segunda-feira\/#webpage"},"articleSection":"Blog, bairro, limpeza, Muria\u00e9, prefeitura, rio, slide, urbana"},{"@type":"BreadcrumbList","@id":"https:\/\/anoticiaonline.com.br\/site\/capina-e-limpeza-das-margens-do-rio-muriae-comecam-na-proxima-segunda-feira\/#breadcrumblist","itemListElement":[{"@type":"ListItem","@id":"https:\/\/anoticiaonline.com.br\/site#listItem","position":1,"name":"Home","item":"https:\/\/anoticiaonline.com.br\/site","nextItem":{"@type":"ListItem","@id":"https:\/\/anoticiaonline.com.br\/site\/categoria\/muriae\/#listItem","name":"Blog"}},{"@type":"ListItem","@id":"https:\/\/anoticiaonline.com.br\/site\/categoria\/muriae\/#listItem","position":2,"name":"Blog","item":"https:\/\/anoticiaonline.com.br\/site\/categoria\/muriae\/","nextItem":{"@type":"ListItem","@id":"https:\/\/anoticiaonline.com.br\/site\/capina-e-limpeza-das-margens-do-rio-muriae-comecam-na-proxima-segunda-feira\/#listItem","name":"Capina e limpeza das margens do Rio Muria\u00e9 come\u00e7am na pr\u00f3xima segunda-feira"},"previousItem":{"@type":"ListItem","@id":"https:\/\/anoticiaonline.com.br\/site#listItem","name":"Home"}},{"@type":"ListItem","@id":"https:\/\/anoticiaonline.com.br\/site\/capina-e-limpeza-das-margens-do-rio-muriae-comecam-na-proxima-segunda-feira\/#listItem","position":3,"name":"Capina e limpeza das margens do Rio Muria\u00e9 come\u00e7am na pr\u00f3xima segunda-feira","previousItem":{"@type":"ListItem","@id":"https:\/\/anoticiaonline.com.br\/site\/categoria\/muriae\/#listItem","name":"Blog"}}]},{"@type":"Organization","@id":"https:\/\/anoticiaonline.com.br\/site\/#organization","name":"A Not\u00edcia Online","description":"Noticias de Muria\u00e9 e regi\u00e3o","url":"https:\/\/anoticiaonline.com.br\/site\/","logo":{"@type":"ImageObject","url":"https:\/\/scontent-gig4-1.xx.fbcdn.net\/v\/t39.30808-1\/270437624_4564083193639691_6907940295614233970_n.jpg?stp=dst-jpg_s200x200_tt6&_nc_cat=111&ccb=1-7&_nc_sid=f907e8&_nc_ohc=SM1wRlP3lJwQ7kNvwEPuBYA&_nc_oc=AdnqrjDN_BNjSSHWO-GbkIWH6fkGMLw4bqvL_NH6e2wMveX7G-rP2dAqsDSq1mJMOaY&_nc_zt=24&_nc_ht=scontent-gig4-1.xx&_nc_gid=AoBFJeGrT1hVaew_6rchkQ&oh=00_AfX7QmFGhQhG2jAllVgXCiM1ZrWgvtp80-Bfppyexh1QEg&oe=689E923C","@id":"https:\/\/anoticiaonline.com.br\/site\/capina-e-limpeza-das-margens-do-rio-muriae-comecam-na-proxima-segunda-feira\/#organizationLogo"},"image":{"@id":"https:\/\/anoticiaonline.com.br\/site\/capina-e-limpeza-das-margens-do-rio-muriae-comecam-na-proxima-segunda-feira\/#organizationLogo"}},{"@type":"Person","@id":"https:\/\/anoticiaonline.com.br\/site\/author\/juliana\/#author","url":"https:\/\/anoticiaonline.com.br\/site\/author\/juliana\/","name":"Juliana Laviola","image":{"@type":"ImageObject","@id":"https:\/\/anoticiaonline.com.br\/site\/capina-e-limpeza-das-margens-do-rio-muriae-comecam-na-proxima-segunda-feira\/#authorImage","url":"https:\/\/secure.gravatar.com\/avatar\/b8d45f5c699b100dfaf0e543582f38f38bf94cb7ae3a5e9abf8d891a34773335?s=96&d=mm&r=g","width":96,"height":96,"caption":"Juliana Laviola"}},{"@type":"WebPage","@id":"https:\/\/anoticiaonline.com.br\/site\/capina-e-limpeza-das-margens-do-rio-muriae-comecam-na-proxima-segunda-feira\/#webpage","url":"https:\/\/anoticiaonline.com.br\/site\/capina-e-limpeza-das-margens-do-rio-muriae-comecam-na-proxima-segunda-feira\/","name":"Capina e limpeza das margens do Rio Muria\u00e9 come\u00e7am na pr\u00f3xima segunda-feira - A Not\u00edcia Online","description":"Uma for\u00e7a-tarefa est\u00e1 sendo organizada para que seja feita a limpeza do Rio Muria\u00e9. A a\u00e7\u00e3o, que acontece de forma conjunta com a participa\u00e7\u00e3o de v\u00e1rios setores da Administra\u00e7\u00e3o P\u00fablica, come\u00e7ar\u00e1 na segunda-feira (2). O objetivo \u00e9 preservar o Rio Muria\u00e9 atrav\u00e9s de retirada de lixo e capina das margens. A iniciativa contar\u00e1 tamb\u00e9m com","inLanguage":"pt-BR","isPartOf":{"@id":"https:\/\/anoticiaonline.com.br\/site\/#website"},"breadcrumb":{"@id":"https:\/\/anoticiaonline.com.br\/site\/capina-e-limpeza-das-margens-do-rio-muriae-comecam-na-proxima-segunda-feira\/#breadcrumblist"},"author":{"@id":"https:\/\/anoticiaonline.com.br\/site\/author\/juliana\/#author"},"creator":{"@id":"https:\/\/anoticiaonline.com.br\/site\/author\/juliana\/#author"},"image":{"@type":"ImageObject","url":"https:\/\/anoticiaonline.com.br\/site\/wp-content\/uploads\/2017\/09\/Capina-e-limpeza-das-margens-do-Rio-Muria\u00e9-come\u00e7am-na-pr\u00f3xima-segunda-feira.jpg","@id":"https:\/\/anoticiaonline.com.br\/site\/capina-e-limpeza-das-margens-do-rio-muriae-comecam-na-proxima-segunda-feira\/#mainImage","width":640,"height":483,"caption":"Cr\u00e9ditos: ASCOM PMM"},"primaryImageOfPage":{"@id":"https:\/\/anoticiaonline.com.br\/site\/capina-e-limpeza-das-margens-do-rio-muriae-comecam-na-proxima-segunda-feira\/#mainImage"},"datePublished":"2017-09-28T14:05:58-03:00","dateModified":"2017-09-28T14:05:58-03:00"},{"@type":"WebSite","@id":"https:\/\/anoticiaonline.com.br\/site\/#website","url":"https:\/\/anoticiaonline.com.br\/site\/","name":"A Not\u00edcia Online","description":"Noticias de Muria\u00e9 e regi\u00e3o","inLanguage":"pt-BR","publisher":{"@id":"https:\/\/anoticiaonline.com.br\/site\/#organization"}}]},"og:locale":"pt_BR","og:site_name":"A Not\u00edcia Online - Noticias de Muria\u00e9 e regi\u00e3o","og:type":"article","og:title":"Capina e limpeza das margens do Rio Muria\u00e9 come\u00e7am na pr\u00f3xima segunda-feira - A Not\u00edcia Online","og:description":"Uma for\u00e7a-tarefa est\u00e1 sendo organizada para que seja feita a limpeza do Rio Muria\u00e9. A a\u00e7\u00e3o, que acontece de forma conjunta com a participa\u00e7\u00e3o de v\u00e1rios setores da Administra\u00e7\u00e3o P\u00fablica, come\u00e7ar\u00e1 na segunda-feira (2). O objetivo \u00e9 preservar o Rio Muria\u00e9 atrav\u00e9s de retirada de lixo e capina das margens. A iniciativa contar\u00e1 tamb\u00e9m com","og:url":"https:\/\/anoticiaonline.com.br\/site\/capina-e-limpeza-das-margens-do-rio-muriae-comecam-na-proxima-segunda-feira\/","og:image":"https:\/\/scontent-gig4-1.xx.fbcdn.net\/v\/t39.30808-1\/270437624_4564083193639691_6907940295614233970_n.jpg?stp=dst-jpg_s200x200_tt6&#038;_nc_cat=111&#038;ccb=1-7&#038;_nc_sid=f907e8&#038;_nc_ohc=SM1wRlP3lJwQ7kNvwEPuBYA&#038;_nc_oc=AdnqrjDN_BNjSSHWO-GbkIWH6fkGMLw4bqvL_NH6e2wMveX7G-rP2dAqsDSq1mJMOaY&#038;_nc_zt=24&#038;_nc_ht=scontent-gig4-1.xx&#038;_nc_gid=AoBFJeGrT1hVaew_6rchkQ&#038;oh=00_AfX7QmFGhQhG2jAllVgXCiM1ZrWgvtp80-Bfppyexh1QEg&#038;oe=689E923C","og:image:secure_url":"https:\/\/scontent-gig4-1.xx.fbcdn.net\/v\/t39.30808-1\/270437624_4564083193639691_6907940295614233970_n.jpg?stp=dst-jpg_s200x200_tt6&#038;_nc_cat=111&#038;ccb=1-7&#038;_nc_sid=f907e8&#038;_nc_ohc=SM1wRlP3lJwQ7kNvwEPuBYA&#038;_nc_oc=AdnqrjDN_BNjSSHWO-GbkIWH6fkGMLw4bqvL_NH6e2wMveX7G-rP2dAqsDSq1mJMOaY&#038;_nc_zt=24&#038;_nc_ht=scontent-gig4-1.xx&#038;_nc_gid=AoBFJeGrT1hVaew_6rchkQ&#038;oh=00_AfX7QmFGhQhG2jAllVgXCiM1ZrWgvtp80-Bfppyexh1QEg&#038;oe=689E923C","article:published_time":"2017-09-28T17:05:58+00:00","article:modified_time":"2017-09-28T17:05:58+00:00","twitter:card":"summary_large_image","twitter:title":"Capina e limpeza das margens do Rio Muria\u00e9 come\u00e7am na pr\u00f3xima segunda-feira - A Not\u00edcia Online","twitter:description":"Uma for\u00e7a-tarefa est\u00e1 sendo organizada para que seja feita a limpeza do Rio Muria\u00e9. A a\u00e7\u00e3o, que acontece de forma conjunta com a participa\u00e7\u00e3o de v\u00e1rios setores da Administra\u00e7\u00e3o P\u00fablica, come\u00e7ar\u00e1 na segunda-feira (2). O objetivo \u00e9 preservar o Rio Muria\u00e9 atrav\u00e9s de retirada de lixo e capina das margens. A iniciativa contar\u00e1 tamb\u00e9m com","twitter:image":"https:\/\/scontent-gig4-1.xx.fbcdn.net\/v\/t39.30808-1\/270437624_4564083193639691_6907940295614233970_n.jpg?stp=dst-jpg_s200x200_tt6&_nc_cat=111&ccb=1-7&_nc_sid=f907e8&_nc_ohc=SM1wRlP3lJwQ7kNvwEPuBYA&_nc_oc=AdnqrjDN_BNjSSHWO-GbkIWH6fkGMLw4bqvL_NH6e2wMveX7G-rP2dAqsDSq1mJMOaY&_nc_zt=24&_nc_ht=scontent-gig4-1.xx&_nc_gid=AoBFJeGrT1hVaew_6rchkQ&oh=00_AfX7QmFGhQhG2jAllVgXCiM1ZrWgvtp80-Bfppyexh1QEg&oe=689E923C"},"aioseo_meta_data":{"post_id":"41390","title":null,"description":null,"keywords":null,"keyphrases":null,"primary_term":null,"canonical_url":null,"og_title":null,"og_description":null,"og_object_type":"default","og_image_type":"default","og_image_url":null,"og_image_width":null,"og_image_height":null,"og_image_custom_url":null,"og_image_custom_fields":null,"og_video":null,"og_custom_url":null,"og_article_section":null,"og_article_tags":null,"twitter_use_og":false,"twitter_card":"default","twitter_image_type":"default","twitter_image_url":null,"twitter_image_custom_url":null,"twitter_image_custom_fields":null,"twitter_title":null,"twitter_description":null,"schema":{"blockGraphs":[],"customGraphs":[],"default":{"data":{"Article":[],"Course":[],"Dataset":[],"FAQPage":[],"Movie":[],"Person":[],"Product":[],"ProductReview":[],"Car":[],"Recipe":[],"Service":[],"SoftwareApplication":[],"WebPage":[]},"graphName":"","isEnabled":true},"graphs":[]},"schema_type":"default","schema_type_options":null,"pillar_content":false,"robots_default":true,"robots_noindex":false,"robots_noarchive":false,"robots_nosnippet":false,"robots_nofollow":false,"robots_noimageindex":false,"robots_noodp":false,"robots_notranslate":false,"robots_max_snippet":null,"robots_max_videopreview":null,"robots_max_imagepreview":"large","priority":null,"frequency":null,"local_seo":null,"breadcrumb_settings":null,"limit_modified_date":false,"ai":null,"created":"2025-08-16 19:32:47","updated":"2025-08-16 19:32:47","focus_keyword":null,"additional_keywords":null,"truseo_locale":null,"seo_analyzer_scan_date":null},"aioseo_breadcrumb":"<div class=\"aioseo-breadcrumbs\"><span class=\"aioseo-breadcrumb\">\n\t\t\t<a href=\"https:\/\/anoticiaonline.com.br\/site\" title=\"Home\">Home<\/a>\n\t\t<\/span><span class=\"aioseo-breadcrumb-separator\">&raquo;<\/span><span class=\"aioseo-breadcrumb\">\n\t\t\t<a href=\"https:\/\/anoticiaonline.com.br\/site\/categoria\/muriae\/\" title=\"Blog\">Blog<\/a>\n\t\t<\/span><span class=\"aioseo-breadcrumb-separator\">&raquo;<\/span><span class=\"aioseo-breadcrumb\">\n\t\t\tCapina e limpeza das margens do Rio Muria\u00e9 come\u00e7am na pr\u00f3xima segunda-feira\n\t\t<\/span><\/div>","aioseo_breadcrumb_json":[{"label":"Home","link":"https:\/\/anoticiaonline.com.br\/site"},{"label":"Blog","link":"https:\/\/anoticiaonline.com.br\/site\/categoria\/muriae\/"},{"label":"Capina e limpeza das margens do Rio Muria\u00e9 come\u00e7am na pr\u00f3xima segunda-feira","link":"https:\/\/anoticiaonline.com.br\/site\/capina-e-limpeza-das-margens-do-rio-muriae-comecam-na-proxima-segunda-feira\/"}],"views":173,"_links":{"self":[{"href":"https:\/\/anoticiaonline.com.br\/site\/wp-json\/wp\/v2\/posts\/41390","targetHints":{"allow":["GET"]}}],"collection":[{"href":"https:\/\/anoticiaonline.com.br\/site\/wp-json\/wp\/v2\/posts"}],"about":[{"href":"https:\/\/anoticiaonline.com.br\/site\/wp-json\/wp\/v2\/types\/post"}],"author":[{"embeddable":true,"href":"https:\/\/anoticiaonline.com.br\/site\/wp-json\/wp\/v2\/users\/2"}],"replies":[{"embeddable":true,"href":"https:\/\/anoticiaonline.com.br\/site\/wp-json\/wp\/v2\/comments?post=41390"}],"version-history":[{"count":0,"href":"https:\/\/anoticiaonline.com.br\/site\/wp-json\/wp\/v2\/posts\/41390\/revisions"}],"wp:featuredmedia":[{"embeddable":true,"href":"https:\/\/anoticiaonline.com.br\/site\/wp-json\/wp\/v2\/media\/41392"}],"wp:attachment":[{"href":"https:\/\/anoticiaonline.com.br\/site\/wp-json\/wp\/v2\/media?parent=41390"}],"wp:term":[{"taxonomy":"category","embeddable":true,"href":"https:\/\/anoticiaonline.com.br\/site\/wp-json\/wp\/v2\/categories?post=41390"},{"taxonomy":"post_tag","embeddable":true,"href":"https:\/\/anoticiaonline.com.br\/site\/wp-json\/wp\/v2\/tags?post=41390"}],"curies":[{"name":"wp","href":"https:\/\/api.w.org\/{rel}","templated":true}]}}