{"id":41386,"date":"2017-09-28T11:50:30","date_gmt":"2017-09-28T14:50:30","guid":{"rendered":"http:\/\/anoticiaonline.com.br\/site\/?p=41386"},"modified":"2017-09-28T11:50:30","modified_gmt":"2017-09-28T14:50:30","slug":"ja-pensou-em-aumentar-suas-vendas","status":"publish","type":"post","link":"https:\/\/anoticiaonline.com.br\/site\/ja-pensou-em-aumentar-suas-vendas\/","title":{"rendered":"J\u00e1 pensou em aumentar suas vendas?"},"content":{"rendered":"<p>A resposta \u00e9 \u00f3bvia. Onze em cada dez empres\u00e1rios classificam o aumento das vendas como a a\u00e7\u00e3o de maior prioridade em seus neg\u00f3cios, por\u00e9m nem sempre esta \u00e9 a melhor solu\u00e7\u00e3o. Em casos espec\u00edficos, e cada vez mais comuns, aumentar as vendas pode se tornar um pesadelo, gerando um descontrole gerencial, resultando em enormes preju\u00edzos e at\u00e9 mesmo na famigerada fal\u00eancia.<\/p>\n<p>Neste momento, o leitor pode estar inquieto, imaginando em quais ocasi\u00f5es o aumento de vendas pode se tornar um problema, ou o escritor perdeu o ju\u00edzo, hip\u00f3tese igualmente plaus\u00edvel.<\/p>\n<p>A resposta \u00e9 simples. Quando n\u00e3o possu\u00edmos o controle financeiro da empresa, ou seja, quando n\u00e3o temos conhecimentos de sua margem de lucratividade, seu fluxo de caixa, ciclo financeiro, necessidade de capital de giro e outras nuances, a venda pode ser tornar o maior problema. N\u00e3o raro, j\u00e1 observei empresas que, mesmo aumentando as vendas, terminam no temido processo de fal\u00eancia, resultado de sua insolv\u00eancia.<\/p>\n<p>Como consultor, j\u00e1 atuei em uma ind\u00fastria do vestu\u00e1rio que n\u00e3o havia tal controle. A apura\u00e7\u00e3o de custos era p\u00edfia e se demonstrou extremamente falha, ao descobrirmos que um dos produtos, que estava entre os tr\u00eas mais vendidos, gerava exatos R$ 0,27 de preju\u00edzo por pe\u00e7a comercializada. O levantamento de custos \u00e9 de extrema import\u00e2ncia para a forma\u00e7\u00e3o do pre\u00e7o de vendas.<\/p>\n<p>Em outra ocasi\u00e3o, a empresa estava cada vez mais dependente de capital de terceiros, realizando a opera\u00e7\u00e3o de adiantamento de duplicatas a um juro m\u00e9dio de 3% a.m., por\u00e9m, nas suas vendas, para pagamento \u00e0 vista, concedia o desconto de 10%, ou seja, a venda \u00e0 vista funcionava como uma venda a prazo &#8211; realizado o desconto era como vender com 90 dias para o recebimento.<\/p>\n<p>Desta forma, a empresa consome seu capital de giro. Em outro texto vamos trabalhar este tema de forma mais profunda. Basta sabermos que refere-se ao dinheiro de trabalho, ou seja, aquele valor que toda empresa necessita para seu funcionamento, para financiar sua opera\u00e7\u00e3o.<\/p>\n<p>Quanto mais vender a prazo, maior ser\u00e1 a necessidade de aumento do capital de giro. Caso este recursos n\u00e3o esteja dispon\u00edvel, a empresa dever\u00e1 obter de terceiros, seja por financiamento, empr\u00e9stimo, antecipa\u00e7\u00e3o de receb\u00edveis, aporte de capital ou outras solu\u00e7\u00f5es.<\/p>\n<p>A quest\u00e3o \u00e9 que este dinheiro de terceiros ter\u00e1 um pre\u00e7o, um valor a ser pago, tamb\u00e9m chamado de juros. Assim, o custo financeiro se eleva, subtraindo, ou \u201ccomendo\u201d parte do lucro. Em pouco tempo ser\u00e1 empregado de alguma institui\u00e7\u00e3o financeira, pois esta ficar\u00e1 com a maior parte de seu resultado.<\/p>\n<p>Em ocasi\u00f5es como as expostas acima, aumentar o volume de vendas \u00e9 como potencializar o risco, pois a empresa ficara ainda mais exposta \u00e0 perda de capital, \u00e0 necessidade de empr\u00e9stimos e at\u00e9 mesmo ao preju\u00edzo.<\/p>\n<p>Qualquer movimento de marketing estrat\u00e9gico para aumento de vendas deve ser edificado sobre a forte base da an\u00e1lise e controle econ\u00f4mico e financeiro. Conhecer os resultados financeiros e estipular metas de lucratividade, rentabilidade, redu\u00e7\u00e3o de custos e forma\u00e7\u00e3o de pre\u00e7o de vendas para concluir em uma poderosa estrat\u00e9gia de comercializa\u00e7\u00e3o.<\/p>\n<p>A tarefa de casa \u00e9 conhecer sua empresa, conhecer os resultados e controles financeiros. A partir da\u00ed, as vendas ser\u00e3o apenas motivo de comemora\u00e7\u00e3o.<\/p>\n<p>Boas vendas!<\/p>\n","protected":false},"excerpt":{"rendered":"<p>A resposta \u00e9 \u00f3bvia. Onze em cada dez empres\u00e1rios classificam o aumento das vendas como a a\u00e7\u00e3o de maior prioridade em seus neg\u00f3cios, por\u00e9m nem sempre esta \u00e9 a melhor solu\u00e7\u00e3o. Em casos espec\u00edficos, e cada vez mais comuns, aumentar as vendas pode se tornar um pesadelo, gerando um descontrole gerencial, resultando em enormes preju\u00edzos &#8230; <a title=\"J\u00e1 pensou em aumentar suas vendas?\" class=\"read-more\" href=\"https:\/\/anoticiaonline.com.br\/site\/ja-pensou-em-aumentar-suas-vendas\/\" aria-label=\"Read more about J\u00e1 pensou em aumentar suas vendas?\">Ler mais<\/a><\/p>\n","protected":false},"author":2,"featured_media":0,"comment_status":"open","ping_status":"open","sticky":false,"template":"","format":"standard","meta":{"_acf_changed":false,"_monsterinsights_skip_tracking":false,"footnotes":""},"categories":[31],"tags":[1207,901,718],"class_list":["post-41386","post","type-post","status-publish","format-standard","hentry","category-colunistas","tag-artigos","tag-colunistas","tag-jose-junior"],"acf":[],"aioseo_notices":[],"aioseo_head":"\n\t\t<!-- All in One SEO 5.0.0.1 - aioseo.com -->\n\t<meta name=\"description\" content=\"A resposta \u00e9 \u00f3bvia. Onze em cada dez empres\u00e1rios classificam o aumento das vendas como a a\u00e7\u00e3o de maior prioridade em seus neg\u00f3cios, por\u00e9m nem sempre esta \u00e9 a melhor solu\u00e7\u00e3o. Em casos espec\u00edficos, e cada vez mais comuns, aumentar as vendas pode se tornar um pesadelo, gerando um descontrole gerencial, resultando em enormes preju\u00edzos\" \/>\n\t<meta name=\"robots\" content=\"max-image-preview:large\" \/>\n\t<meta name=\"author\" content=\"Juliana Laviola\"\/>\n\t<link rel=\"canonical\" href=\"https:\/\/anoticiaonline.com.br\/site\/ja-pensou-em-aumentar-suas-vendas\/\" \/>\n\t<meta name=\"generator\" content=\"All in One SEO (AIOSEO) 5.0.0.1\" \/>\n\t\t<meta property=\"og:locale\" content=\"pt_BR\" \/>\n\t\t<meta property=\"og:site_name\" content=\"A Not\u00edcia Online - Noticias de Muria\u00e9 e regi\u00e3o\" \/>\n\t\t<meta property=\"og:type\" content=\"article\" \/>\n\t\t<meta property=\"og:title\" content=\"J\u00e1 pensou em aumentar suas vendas? - A Not\u00edcia Online\" \/>\n\t\t<meta property=\"og:description\" content=\"A resposta \u00e9 \u00f3bvia. Onze em cada dez empres\u00e1rios classificam o aumento das vendas como a a\u00e7\u00e3o de maior prioridade em seus neg\u00f3cios, por\u00e9m nem sempre esta \u00e9 a melhor solu\u00e7\u00e3o. Em casos espec\u00edficos, e cada vez mais comuns, aumentar as vendas pode se tornar um pesadelo, gerando um descontrole gerencial, resultando em enormes preju\u00edzos\" \/>\n\t\t<meta property=\"og:url\" content=\"https:\/\/anoticiaonline.com.br\/site\/ja-pensou-em-aumentar-suas-vendas\/\" \/>\n\t\t<meta property=\"og:image\" content=\"https:\/\/scontent-gig4-1.xx.fbcdn.net\/v\/t39.30808-1\/270437624_4564083193639691_6907940295614233970_n.jpg?stp=dst-jpg_s200x200_tt6&#038;_nc_cat=111&#038;ccb=1-7&#038;_nc_sid=f907e8&#038;_nc_ohc=SM1wRlP3lJwQ7kNvwEPuBYA&#038;_nc_oc=AdnqrjDN_BNjSSHWO-GbkIWH6fkGMLw4bqvL_NH6e2wMveX7G-rP2dAqsDSq1mJMOaY&#038;_nc_zt=24&#038;_nc_ht=scontent-gig4-1.xx&#038;_nc_gid=AoBFJeGrT1hVaew_6rchkQ&#038;oh=00_AfX7QmFGhQhG2jAllVgXCiM1ZrWgvtp80-Bfppyexh1QEg&#038;oe=689E923C\" \/>\n\t\t<meta property=\"og:image:secure_url\" content=\"https:\/\/scontent-gig4-1.xx.fbcdn.net\/v\/t39.30808-1\/270437624_4564083193639691_6907940295614233970_n.jpg?stp=dst-jpg_s200x200_tt6&#038;_nc_cat=111&#038;ccb=1-7&#038;_nc_sid=f907e8&#038;_nc_ohc=SM1wRlP3lJwQ7kNvwEPuBYA&#038;_nc_oc=AdnqrjDN_BNjSSHWO-GbkIWH6fkGMLw4bqvL_NH6e2wMveX7G-rP2dAqsDSq1mJMOaY&#038;_nc_zt=24&#038;_nc_ht=scontent-gig4-1.xx&#038;_nc_gid=AoBFJeGrT1hVaew_6rchkQ&#038;oh=00_AfX7QmFGhQhG2jAllVgXCiM1ZrWgvtp80-Bfppyexh1QEg&#038;oe=689E923C\" \/>\n\t\t<meta property=\"article:published_time\" content=\"2017-09-28T14:50:30+00:00\" \/>\n\t\t<meta property=\"article:modified_time\" content=\"2017-09-28T14:50:30+00:00\" \/>\n\t\t<meta name=\"twitter:card\" content=\"summary_large_image\" \/>\n\t\t<meta name=\"twitter:title\" content=\"J\u00e1 pensou em aumentar suas vendas? - A Not\u00edcia Online\" \/>\n\t\t<meta name=\"twitter:description\" content=\"A resposta \u00e9 \u00f3bvia. Onze em cada dez empres\u00e1rios classificam o aumento das vendas como a a\u00e7\u00e3o de maior prioridade em seus neg\u00f3cios, por\u00e9m nem sempre esta \u00e9 a melhor solu\u00e7\u00e3o. Em casos espec\u00edficos, e cada vez mais comuns, aumentar as vendas pode se tornar um pesadelo, gerando um descontrole gerencial, resultando em enormes preju\u00edzos\" \/>\n\t\t<meta name=\"twitter:image\" content=\"https:\/\/scontent-gig4-1.xx.fbcdn.net\/v\/t39.30808-1\/270437624_4564083193639691_6907940295614233970_n.jpg?stp=dst-jpg_s200x200_tt6&amp;_nc_cat=111&amp;ccb=1-7&amp;_nc_sid=f907e8&amp;_nc_ohc=SM1wRlP3lJwQ7kNvwEPuBYA&amp;_nc_oc=AdnqrjDN_BNjSSHWO-GbkIWH6fkGMLw4bqvL_NH6e2wMveX7G-rP2dAqsDSq1mJMOaY&amp;_nc_zt=24&amp;_nc_ht=scontent-gig4-1.xx&amp;_nc_gid=AoBFJeGrT1hVaew_6rchkQ&amp;oh=00_AfX7QmFGhQhG2jAllVgXCiM1ZrWgvtp80-Bfppyexh1QEg&amp;oe=689E923C\" \/>\n\t\t<script type=\"application\/ld+json\" class=\"aioseo-schema\">\n\t\t\t{\"@context\":\"https:\\\/\\\/schema.org\",\"@graph\":[{\"@type\":\"BlogPosting\",\"@id\":\"https:\\\/\\\/anoticiaonline.com.br\\\/site\\\/ja-pensou-em-aumentar-suas-vendas\\\/#blogposting\",\"name\":\"J\\u00e1 pensou em aumentar suas vendas? - A Not\\u00edcia Online\",\"headline\":\"J\\u00e1 pensou em aumentar suas vendas?\",\"author\":{\"@id\":\"https:\\\/\\\/anoticiaonline.com.br\\\/site\\\/author\\\/juliana\\\/#author\"},\"publisher\":{\"@id\":\"https:\\\/\\\/anoticiaonline.com.br\\\/site\\\/#organization\"},\"image\":{\"@type\":\"ImageObject\",\"url\":\"https:\\\/\\\/scontent-gig4-1.xx.fbcdn.net\\\/v\\\/t39.30808-1\\\/270437624_4564083193639691_6907940295614233970_n.jpg?stp=dst-jpg_s200x200_tt6&_nc_cat=111&ccb=1-7&_nc_sid=f907e8&_nc_ohc=SM1wRlP3lJwQ7kNvwEPuBYA&_nc_oc=AdnqrjDN_BNjSSHWO-GbkIWH6fkGMLw4bqvL_NH6e2wMveX7G-rP2dAqsDSq1mJMOaY&_nc_zt=24&_nc_ht=scontent-gig4-1.xx&_nc_gid=AoBFJeGrT1hVaew_6rchkQ&oh=00_AfX7QmFGhQhG2jAllVgXCiM1ZrWgvtp80-Bfppyexh1QEg&oe=689E923C\",\"@id\":\"https:\\\/\\\/anoticiaonline.com.br\\\/site\\\/#articleImage\"},\"datePublished\":\"2017-09-28T11:50:30-03:00\",\"dateModified\":\"2017-09-28T11:50:30-03:00\",\"inLanguage\":\"pt-BR\",\"mainEntityOfPage\":{\"@id\":\"https:\\\/\\\/anoticiaonline.com.br\\\/site\\\/ja-pensou-em-aumentar-suas-vendas\\\/#webpage\"},\"isPartOf\":{\"@id\":\"https:\\\/\\\/anoticiaonline.com.br\\\/site\\\/ja-pensou-em-aumentar-suas-vendas\\\/#webpage\"},\"articleSection\":\"Colunistas, artigos, colunistas, Jos\\u00e9 J\\u00fanior\"},{\"@type\":\"BreadcrumbList\",\"@id\":\"https:\\\/\\\/anoticiaonline.com.br\\\/site\\\/ja-pensou-em-aumentar-suas-vendas\\\/#breadcrumblist\",\"itemListElement\":[{\"@type\":\"ListItem\",\"@id\":\"https:\\\/\\\/anoticiaonline.com.br\\\/site#listItem\",\"position\":1,\"name\":\"Home\",\"item\":\"https:\\\/\\\/anoticiaonline.com.br\\\/site\",\"nextItem\":{\"@type\":\"ListItem\",\"@id\":\"https:\\\/\\\/anoticiaonline.com.br\\\/site\\\/categoria\\\/colunistas\\\/#listItem\",\"name\":\"Colunistas\"}},{\"@type\":\"ListItem\",\"@id\":\"https:\\\/\\\/anoticiaonline.com.br\\\/site\\\/categoria\\\/colunistas\\\/#listItem\",\"position\":2,\"name\":\"Colunistas\",\"item\":\"https:\\\/\\\/anoticiaonline.com.br\\\/site\\\/categoria\\\/colunistas\\\/\",\"nextItem\":{\"@type\":\"ListItem\",\"@id\":\"https:\\\/\\\/anoticiaonline.com.br\\\/site\\\/ja-pensou-em-aumentar-suas-vendas\\\/#listItem\",\"name\":\"J\\u00e1 pensou em aumentar suas vendas?\"},\"previousItem\":{\"@type\":\"ListItem\",\"@id\":\"https:\\\/\\\/anoticiaonline.com.br\\\/site#listItem\",\"name\":\"Home\"}},{\"@type\":\"ListItem\",\"@id\":\"https:\\\/\\\/anoticiaonline.com.br\\\/site\\\/ja-pensou-em-aumentar-suas-vendas\\\/#listItem\",\"position\":3,\"name\":\"J\\u00e1 pensou em aumentar suas vendas?\",\"previousItem\":{\"@type\":\"ListItem\",\"@id\":\"https:\\\/\\\/anoticiaonline.com.br\\\/site\\\/categoria\\\/colunistas\\\/#listItem\",\"name\":\"Colunistas\"}}]},{\"@type\":\"Organization\",\"@id\":\"https:\\\/\\\/anoticiaonline.com.br\\\/site\\\/#organization\",\"name\":\"A Not\\u00edcia Online\",\"description\":\"Noticias de Muria\\u00e9 e regi\\u00e3o\",\"url\":\"https:\\\/\\\/anoticiaonline.com.br\\\/site\\\/\",\"logo\":{\"@type\":\"ImageObject\",\"url\":\"https:\\\/\\\/scontent-gig4-1.xx.fbcdn.net\\\/v\\\/t39.30808-1\\\/270437624_4564083193639691_6907940295614233970_n.jpg?stp=dst-jpg_s200x200_tt6&_nc_cat=111&ccb=1-7&_nc_sid=f907e8&_nc_ohc=SM1wRlP3lJwQ7kNvwEPuBYA&_nc_oc=AdnqrjDN_BNjSSHWO-GbkIWH6fkGMLw4bqvL_NH6e2wMveX7G-rP2dAqsDSq1mJMOaY&_nc_zt=24&_nc_ht=scontent-gig4-1.xx&_nc_gid=AoBFJeGrT1hVaew_6rchkQ&oh=00_AfX7QmFGhQhG2jAllVgXCiM1ZrWgvtp80-Bfppyexh1QEg&oe=689E923C\",\"@id\":\"https:\\\/\\\/anoticiaonline.com.br\\\/site\\\/ja-pensou-em-aumentar-suas-vendas\\\/#organizationLogo\"},\"image\":{\"@id\":\"https:\\\/\\\/anoticiaonline.com.br\\\/site\\\/ja-pensou-em-aumentar-suas-vendas\\\/#organizationLogo\"}},{\"@type\":\"Person\",\"@id\":\"https:\\\/\\\/anoticiaonline.com.br\\\/site\\\/author\\\/juliana\\\/#author\",\"url\":\"https:\\\/\\\/anoticiaonline.com.br\\\/site\\\/author\\\/juliana\\\/\",\"name\":\"Juliana Laviola\",\"image\":{\"@type\":\"ImageObject\",\"@id\":\"https:\\\/\\\/anoticiaonline.com.br\\\/site\\\/ja-pensou-em-aumentar-suas-vendas\\\/#authorImage\",\"url\":\"https:\\\/\\\/secure.gravatar.com\\\/avatar\\\/b8d45f5c699b100dfaf0e543582f38f38bf94cb7ae3a5e9abf8d891a34773335?s=96&d=mm&r=g\",\"width\":96,\"height\":96,\"caption\":\"Juliana Laviola\"}},{\"@type\":\"WebPage\",\"@id\":\"https:\\\/\\\/anoticiaonline.com.br\\\/site\\\/ja-pensou-em-aumentar-suas-vendas\\\/#webpage\",\"url\":\"https:\\\/\\\/anoticiaonline.com.br\\\/site\\\/ja-pensou-em-aumentar-suas-vendas\\\/\",\"name\":\"J\\u00e1 pensou em aumentar suas vendas? - A Not\\u00edcia Online\",\"description\":\"A resposta \\u00e9 \\u00f3bvia. Onze em cada dez empres\\u00e1rios classificam o aumento das vendas como a a\\u00e7\\u00e3o de maior prioridade em seus neg\\u00f3cios, por\\u00e9m nem sempre esta \\u00e9 a melhor solu\\u00e7\\u00e3o. Em casos espec\\u00edficos, e cada vez mais comuns, aumentar as vendas pode se tornar um pesadelo, gerando um descontrole gerencial, resultando em enormes preju\\u00edzos\",\"inLanguage\":\"pt-BR\",\"isPartOf\":{\"@id\":\"https:\\\/\\\/anoticiaonline.com.br\\\/site\\\/#website\"},\"breadcrumb\":{\"@id\":\"https:\\\/\\\/anoticiaonline.com.br\\\/site\\\/ja-pensou-em-aumentar-suas-vendas\\\/#breadcrumblist\"},\"author\":{\"@id\":\"https:\\\/\\\/anoticiaonline.com.br\\\/site\\\/author\\\/juliana\\\/#author\"},\"creator\":{\"@id\":\"https:\\\/\\\/anoticiaonline.com.br\\\/site\\\/author\\\/juliana\\\/#author\"},\"datePublished\":\"2017-09-28T11:50:30-03:00\",\"dateModified\":\"2017-09-28T11:50:30-03:00\"},{\"@type\":\"WebSite\",\"@id\":\"https:\\\/\\\/anoticiaonline.com.br\\\/site\\\/#website\",\"url\":\"https:\\\/\\\/anoticiaonline.com.br\\\/site\\\/\",\"name\":\"A Not\\u00edcia Online\",\"description\":\"Noticias de Muria\\u00e9 e regi\\u00e3o\",\"inLanguage\":\"pt-BR\",\"publisher\":{\"@id\":\"https:\\\/\\\/anoticiaonline.com.br\\\/site\\\/#organization\"}}]}\n\t\t<\/script>\n\t\t<!-- All in One SEO -->\n\n","aioseo_head_json":{"title":"J\u00e1 pensou em aumentar suas vendas? - A Not\u00edcia Online","description":"A resposta \u00e9 \u00f3bvia. Onze em cada dez empres\u00e1rios classificam o aumento das vendas como a a\u00e7\u00e3o de maior prioridade em seus neg\u00f3cios, por\u00e9m nem sempre esta \u00e9 a melhor solu\u00e7\u00e3o. Em casos espec\u00edficos, e cada vez mais comuns, aumentar as vendas pode se tornar um pesadelo, gerando um descontrole gerencial, resultando em enormes preju\u00edzos","canonical_url":"https:\/\/anoticiaonline.com.br\/site\/ja-pensou-em-aumentar-suas-vendas\/","robots":"max-image-preview:large","keywords":"","webmasterTools":{"miscellaneous":""},"schema":{"@context":"https:\/\/schema.org","@graph":[{"@type":"BlogPosting","@id":"https:\/\/anoticiaonline.com.br\/site\/ja-pensou-em-aumentar-suas-vendas\/#blogposting","name":"J\u00e1 pensou em aumentar suas vendas? - A Not\u00edcia Online","headline":"J\u00e1 pensou em aumentar suas vendas?","author":{"@id":"https:\/\/anoticiaonline.com.br\/site\/author\/juliana\/#author"},"publisher":{"@id":"https:\/\/anoticiaonline.com.br\/site\/#organization"},"image":{"@type":"ImageObject","url":"https:\/\/scontent-gig4-1.xx.fbcdn.net\/v\/t39.30808-1\/270437624_4564083193639691_6907940295614233970_n.jpg?stp=dst-jpg_s200x200_tt6&_nc_cat=111&ccb=1-7&_nc_sid=f907e8&_nc_ohc=SM1wRlP3lJwQ7kNvwEPuBYA&_nc_oc=AdnqrjDN_BNjSSHWO-GbkIWH6fkGMLw4bqvL_NH6e2wMveX7G-rP2dAqsDSq1mJMOaY&_nc_zt=24&_nc_ht=scontent-gig4-1.xx&_nc_gid=AoBFJeGrT1hVaew_6rchkQ&oh=00_AfX7QmFGhQhG2jAllVgXCiM1ZrWgvtp80-Bfppyexh1QEg&oe=689E923C","@id":"https:\/\/anoticiaonline.com.br\/site\/#articleImage"},"datePublished":"2017-09-28T11:50:30-03:00","dateModified":"2017-09-28T11:50:30-03:00","inLanguage":"pt-BR","mainEntityOfPage":{"@id":"https:\/\/anoticiaonline.com.br\/site\/ja-pensou-em-aumentar-suas-vendas\/#webpage"},"isPartOf":{"@id":"https:\/\/anoticiaonline.com.br\/site\/ja-pensou-em-aumentar-suas-vendas\/#webpage"},"articleSection":"Colunistas, artigos, colunistas, Jos\u00e9 J\u00fanior"},{"@type":"BreadcrumbList","@id":"https:\/\/anoticiaonline.com.br\/site\/ja-pensou-em-aumentar-suas-vendas\/#breadcrumblist","itemListElement":[{"@type":"ListItem","@id":"https:\/\/anoticiaonline.com.br\/site#listItem","position":1,"name":"Home","item":"https:\/\/anoticiaonline.com.br\/site","nextItem":{"@type":"ListItem","@id":"https:\/\/anoticiaonline.com.br\/site\/categoria\/colunistas\/#listItem","name":"Colunistas"}},{"@type":"ListItem","@id":"https:\/\/anoticiaonline.com.br\/site\/categoria\/colunistas\/#listItem","position":2,"name":"Colunistas","item":"https:\/\/anoticiaonline.com.br\/site\/categoria\/colunistas\/","nextItem":{"@type":"ListItem","@id":"https:\/\/anoticiaonline.com.br\/site\/ja-pensou-em-aumentar-suas-vendas\/#listItem","name":"J\u00e1 pensou em aumentar suas vendas?"},"previousItem":{"@type":"ListItem","@id":"https:\/\/anoticiaonline.com.br\/site#listItem","name":"Home"}},{"@type":"ListItem","@id":"https:\/\/anoticiaonline.com.br\/site\/ja-pensou-em-aumentar-suas-vendas\/#listItem","position":3,"name":"J\u00e1 pensou em aumentar suas vendas?","previousItem":{"@type":"ListItem","@id":"https:\/\/anoticiaonline.com.br\/site\/categoria\/colunistas\/#listItem","name":"Colunistas"}}]},{"@type":"Organization","@id":"https:\/\/anoticiaonline.com.br\/site\/#organization","name":"A Not\u00edcia Online","description":"Noticias de Muria\u00e9 e regi\u00e3o","url":"https:\/\/anoticiaonline.com.br\/site\/","logo":{"@type":"ImageObject","url":"https:\/\/scontent-gig4-1.xx.fbcdn.net\/v\/t39.30808-1\/270437624_4564083193639691_6907940295614233970_n.jpg?stp=dst-jpg_s200x200_tt6&_nc_cat=111&ccb=1-7&_nc_sid=f907e8&_nc_ohc=SM1wRlP3lJwQ7kNvwEPuBYA&_nc_oc=AdnqrjDN_BNjSSHWO-GbkIWH6fkGMLw4bqvL_NH6e2wMveX7G-rP2dAqsDSq1mJMOaY&_nc_zt=24&_nc_ht=scontent-gig4-1.xx&_nc_gid=AoBFJeGrT1hVaew_6rchkQ&oh=00_AfX7QmFGhQhG2jAllVgXCiM1ZrWgvtp80-Bfppyexh1QEg&oe=689E923C","@id":"https:\/\/anoticiaonline.com.br\/site\/ja-pensou-em-aumentar-suas-vendas\/#organizationLogo"},"image":{"@id":"https:\/\/anoticiaonline.com.br\/site\/ja-pensou-em-aumentar-suas-vendas\/#organizationLogo"}},{"@type":"Person","@id":"https:\/\/anoticiaonline.com.br\/site\/author\/juliana\/#author","url":"https:\/\/anoticiaonline.com.br\/site\/author\/juliana\/","name":"Juliana Laviola","image":{"@type":"ImageObject","@id":"https:\/\/anoticiaonline.com.br\/site\/ja-pensou-em-aumentar-suas-vendas\/#authorImage","url":"https:\/\/secure.gravatar.com\/avatar\/b8d45f5c699b100dfaf0e543582f38f38bf94cb7ae3a5e9abf8d891a34773335?s=96&d=mm&r=g","width":96,"height":96,"caption":"Juliana Laviola"}},{"@type":"WebPage","@id":"https:\/\/anoticiaonline.com.br\/site\/ja-pensou-em-aumentar-suas-vendas\/#webpage","url":"https:\/\/anoticiaonline.com.br\/site\/ja-pensou-em-aumentar-suas-vendas\/","name":"J\u00e1 pensou em aumentar suas vendas? - A Not\u00edcia Online","description":"A resposta \u00e9 \u00f3bvia. Onze em cada dez empres\u00e1rios classificam o aumento das vendas como a a\u00e7\u00e3o de maior prioridade em seus neg\u00f3cios, por\u00e9m nem sempre esta \u00e9 a melhor solu\u00e7\u00e3o. Em casos espec\u00edficos, e cada vez mais comuns, aumentar as vendas pode se tornar um pesadelo, gerando um descontrole gerencial, resultando em enormes preju\u00edzos","inLanguage":"pt-BR","isPartOf":{"@id":"https:\/\/anoticiaonline.com.br\/site\/#website"},"breadcrumb":{"@id":"https:\/\/anoticiaonline.com.br\/site\/ja-pensou-em-aumentar-suas-vendas\/#breadcrumblist"},"author":{"@id":"https:\/\/anoticiaonline.com.br\/site\/author\/juliana\/#author"},"creator":{"@id":"https:\/\/anoticiaonline.com.br\/site\/author\/juliana\/#author"},"datePublished":"2017-09-28T11:50:30-03:00","dateModified":"2017-09-28T11:50:30-03:00"},{"@type":"WebSite","@id":"https:\/\/anoticiaonline.com.br\/site\/#website","url":"https:\/\/anoticiaonline.com.br\/site\/","name":"A Not\u00edcia Online","description":"Noticias de Muria\u00e9 e regi\u00e3o","inLanguage":"pt-BR","publisher":{"@id":"https:\/\/anoticiaonline.com.br\/site\/#organization"}}]},"og:locale":"pt_BR","og:site_name":"A Not\u00edcia Online - Noticias de Muria\u00e9 e regi\u00e3o","og:type":"article","og:title":"J\u00e1 pensou em aumentar suas vendas? - A Not\u00edcia Online","og:description":"A resposta \u00e9 \u00f3bvia. Onze em cada dez empres\u00e1rios classificam o aumento das vendas como a a\u00e7\u00e3o de maior prioridade em seus neg\u00f3cios, por\u00e9m nem sempre esta \u00e9 a melhor solu\u00e7\u00e3o. Em casos espec\u00edficos, e cada vez mais comuns, aumentar as vendas pode se tornar um pesadelo, gerando um descontrole gerencial, resultando em enormes preju\u00edzos","og:url":"https:\/\/anoticiaonline.com.br\/site\/ja-pensou-em-aumentar-suas-vendas\/","og:image":"https:\/\/scontent-gig4-1.xx.fbcdn.net\/v\/t39.30808-1\/270437624_4564083193639691_6907940295614233970_n.jpg?stp=dst-jpg_s200x200_tt6&#038;_nc_cat=111&#038;ccb=1-7&#038;_nc_sid=f907e8&#038;_nc_ohc=SM1wRlP3lJwQ7kNvwEPuBYA&#038;_nc_oc=AdnqrjDN_BNjSSHWO-GbkIWH6fkGMLw4bqvL_NH6e2wMveX7G-rP2dAqsDSq1mJMOaY&#038;_nc_zt=24&#038;_nc_ht=scontent-gig4-1.xx&#038;_nc_gid=AoBFJeGrT1hVaew_6rchkQ&#038;oh=00_AfX7QmFGhQhG2jAllVgXCiM1ZrWgvtp80-Bfppyexh1QEg&#038;oe=689E923C","og:image:secure_url":"https:\/\/scontent-gig4-1.xx.fbcdn.net\/v\/t39.30808-1\/270437624_4564083193639691_6907940295614233970_n.jpg?stp=dst-jpg_s200x200_tt6&#038;_nc_cat=111&#038;ccb=1-7&#038;_nc_sid=f907e8&#038;_nc_ohc=SM1wRlP3lJwQ7kNvwEPuBYA&#038;_nc_oc=AdnqrjDN_BNjSSHWO-GbkIWH6fkGMLw4bqvL_NH6e2wMveX7G-rP2dAqsDSq1mJMOaY&#038;_nc_zt=24&#038;_nc_ht=scontent-gig4-1.xx&#038;_nc_gid=AoBFJeGrT1hVaew_6rchkQ&#038;oh=00_AfX7QmFGhQhG2jAllVgXCiM1ZrWgvtp80-Bfppyexh1QEg&#038;oe=689E923C","article:published_time":"2017-09-28T14:50:30+00:00","article:modified_time":"2017-09-28T14:50:30+00:00","twitter:card":"summary_large_image","twitter:title":"J\u00e1 pensou em aumentar suas vendas? - A Not\u00edcia Online","twitter:description":"A resposta \u00e9 \u00f3bvia. Onze em cada dez empres\u00e1rios classificam o aumento das vendas como a a\u00e7\u00e3o de maior prioridade em seus neg\u00f3cios, por\u00e9m nem sempre esta \u00e9 a melhor solu\u00e7\u00e3o. Em casos espec\u00edficos, e cada vez mais comuns, aumentar as vendas pode se tornar um pesadelo, gerando um descontrole gerencial, resultando em enormes preju\u00edzos","twitter:image":"https:\/\/scontent-gig4-1.xx.fbcdn.net\/v\/t39.30808-1\/270437624_4564083193639691_6907940295614233970_n.jpg?stp=dst-jpg_s200x200_tt6&_nc_cat=111&ccb=1-7&_nc_sid=f907e8&_nc_ohc=SM1wRlP3lJwQ7kNvwEPuBYA&_nc_oc=AdnqrjDN_BNjSSHWO-GbkIWH6fkGMLw4bqvL_NH6e2wMveX7G-rP2dAqsDSq1mJMOaY&_nc_zt=24&_nc_ht=scontent-gig4-1.xx&_nc_gid=AoBFJeGrT1hVaew_6rchkQ&oh=00_AfX7QmFGhQhG2jAllVgXCiM1ZrWgvtp80-Bfppyexh1QEg&oe=689E923C"},"aioseo_meta_data":{"post_id":"41386","title":null,"description":null,"keywords":null,"keyphrases":null,"primary_term":null,"canonical_url":null,"og_title":null,"og_description":null,"og_object_type":"default","og_image_type":"default","og_image_url":null,"og_image_width":null,"og_image_height":null,"og_image_custom_url":null,"og_image_custom_fields":null,"og_video":null,"og_custom_url":null,"og_article_section":null,"og_article_tags":null,"twitter_use_og":false,"twitter_card":"default","twitter_image_type":"default","twitter_image_url":null,"twitter_image_custom_url":null,"twitter_image_custom_fields":null,"twitter_title":null,"twitter_description":null,"schema":{"blockGraphs":[],"customGraphs":[],"default":{"data":{"Article":[],"Course":[],"Dataset":[],"FAQPage":[],"Movie":[],"Person":[],"Product":[],"ProductReview":[],"Car":[],"Recipe":[],"Service":[],"SoftwareApplication":[],"WebPage":[]},"graphName":"","isEnabled":true},"graphs":[]},"schema_type":"default","schema_type_options":null,"pillar_content":false,"robots_default":true,"robots_noindex":false,"robots_noarchive":false,"robots_nosnippet":false,"robots_nofollow":false,"robots_noimageindex":false,"robots_noodp":false,"robots_notranslate":false,"robots_max_snippet":null,"robots_max_videopreview":null,"robots_max_imagepreview":"large","priority":null,"frequency":null,"local_seo":null,"breadcrumb_settings":null,"limit_modified_date":false,"ai":null,"created":"2025-08-16 19:32:47","updated":"2025-08-16 19:32:47","focus_keyword":null,"additional_keywords":null,"truseo_locale":null,"seo_analyzer_scan_date":null},"aioseo_breadcrumb":"<div class=\"aioseo-breadcrumbs\"><span class=\"aioseo-breadcrumb\">\n\t\t\t<a href=\"https:\/\/anoticiaonline.com.br\/site\" title=\"Home\">Home<\/a>\n\t\t<\/span><span class=\"aioseo-breadcrumb-separator\">&raquo;<\/span><span class=\"aioseo-breadcrumb\">\n\t\t\t<a href=\"https:\/\/anoticiaonline.com.br\/site\/categoria\/colunistas\/\" title=\"Colunistas\">Colunistas<\/a>\n\t\t<\/span><span class=\"aioseo-breadcrumb-separator\">&raquo;<\/span><span class=\"aioseo-breadcrumb\">\n\t\t\tJ\u00e1 pensou em aumentar suas vendas?\n\t\t<\/span><\/div>","aioseo_breadcrumb_json":[{"label":"Home","link":"https:\/\/anoticiaonline.com.br\/site"},{"label":"Colunistas","link":"https:\/\/anoticiaonline.com.br\/site\/categoria\/colunistas\/"},{"label":"J\u00e1 pensou em aumentar suas vendas?","link":"https:\/\/anoticiaonline.com.br\/site\/ja-pensou-em-aumentar-suas-vendas\/"}],"views":119,"_links":{"self":[{"href":"https:\/\/anoticiaonline.com.br\/site\/wp-json\/wp\/v2\/posts\/41386","targetHints":{"allow":["GET"]}}],"collection":[{"href":"https:\/\/anoticiaonline.com.br\/site\/wp-json\/wp\/v2\/posts"}],"about":[{"href":"https:\/\/anoticiaonline.com.br\/site\/wp-json\/wp\/v2\/types\/post"}],"author":[{"embeddable":true,"href":"https:\/\/anoticiaonline.com.br\/site\/wp-json\/wp\/v2\/users\/2"}],"replies":[{"embeddable":true,"href":"https:\/\/anoticiaonline.com.br\/site\/wp-json\/wp\/v2\/comments?post=41386"}],"version-history":[{"count":0,"href":"https:\/\/anoticiaonline.com.br\/site\/wp-json\/wp\/v2\/posts\/41386\/revisions"}],"wp:attachment":[{"href":"https:\/\/anoticiaonline.com.br\/site\/wp-json\/wp\/v2\/media?parent=41386"}],"wp:term":[{"taxonomy":"category","embeddable":true,"href":"https:\/\/anoticiaonline.com.br\/site\/wp-json\/wp\/v2\/categories?post=41386"},{"taxonomy":"post_tag","embeddable":true,"href":"https:\/\/anoticiaonline.com.br\/site\/wp-json\/wp\/v2\/tags?post=41386"}],"curies":[{"name":"wp","href":"https:\/\/api.w.org\/{rel}","templated":true}]}}