{"id":41380,"date":"2017-09-28T10:55:07","date_gmt":"2017-09-28T13:55:07","guid":{"rendered":"http:\/\/anoticiaonline.com.br\/site\/?p=41380"},"modified":"2017-09-28T10:55:28","modified_gmt":"2017-09-28T13:55:28","slug":"nova-ubs-do-bairro-primavera-sera-inaugurada-no-proximo-mes","status":"publish","type":"post","link":"https:\/\/anoticiaonline.com.br\/site\/nova-ubs-do-bairro-primavera-sera-inaugurada-no-proximo-mes\/","title":{"rendered":"Nova UBS do Bairro Primavera ser\u00e1 inaugurada no pr\u00f3ximo m\u00eas"},"content":{"rendered":"<figure id=\"attachment_41381\" aria-describedby=\"caption-attachment-41381\" style=\"width: 290px\" class=\"wp-caption alignleft\"><a href=\"https:\/\/anoticiaonline.com.br\/site\/wp-content\/uploads\/2017\/09\/Nova-UBS-do-Bairro-Primavera-ser\u00e1-inaugurada-no-pr\u00f3ximo-m\u00eas.jpg\"><img fetchpriority=\"high\" decoding=\"async\" class=\"size-medium wp-image-41381\" src=\"https:\/\/anoticiaonline.com.br\/site\/wp-content\/uploads\/2017\/09\/Nova-UBS-do-Bairro-Primavera-ser\u00e1-inaugurada-no-pr\u00f3ximo-m\u00eas-300x200.jpg\" alt=\"\" width=\"300\" height=\"200\" srcset=\"https:\/\/anoticiaonline.com.br\/site\/wp-content\/uploads\/2017\/09\/Nova-UBS-do-Bairro-Primavera-ser\u00e1-inaugurada-no-pr\u00f3ximo-m\u00eas-300x200.jpg 300w, https:\/\/anoticiaonline.com.br\/site\/wp-content\/uploads\/2017\/09\/Nova-UBS-do-Bairro-Primavera-ser\u00e1-inaugurada-no-pr\u00f3ximo-m\u00eas-290x192.jpg 290w, https:\/\/anoticiaonline.com.br\/site\/wp-content\/uploads\/2017\/09\/Nova-UBS-do-Bairro-Primavera-ser\u00e1-inaugurada-no-pr\u00f3ximo-m\u00eas.jpg 640w\" sizes=\"(max-width: 300px) 100vw, 300px\" \/><\/a><figcaption id=\"caption-attachment-41381\" class=\"wp-caption-text\">Cr\u00e9ditos: ASCOM PMM<\/figcaption><\/figure>\n<p>A nova Unidade B\u00e1sica de Sa\u00fade do Bairro Primavera ser\u00e1 inaugurada no dia 7, do pr\u00f3ximo m\u00eas. Pela primeira vez funcionando em instala\u00e7\u00f5es pr\u00f3prias, a UBS est\u00e1 com o projeto paisag\u00edstico conclu\u00eddo e aguarda as obras de finaliza\u00e7\u00e3o do estacionamento. O espa\u00e7o ampliar\u00e1 o n\u00famero de atendimentos para os moradores da regi\u00e3o.<\/p>\n<p>A nova UBS tem rampas para pedestres; cobertura em policarbonato, instalada sobre a porta de entrada e uma via de acesso para os ve\u00edculos que estejam deslocando pacientes portadores de defici\u00eancia ou idosos.<\/p>\n<p>A UBS\u00a0Primavera\u00a0contar\u00e1 com\u00a0equipe do Programa de Sa\u00fade da Fam\u00edlia, formada por um\u00a0m\u00e9dico cl\u00ednico geral, uma enfermeira, uma t\u00e9cnica de enfermagem e cinco agentes de sa\u00fade. Abrigar\u00e1 servi\u00e7os do N\u00facleo de Apoio \u00e0 Sa\u00fade Familiar (NASF), formado por\u00a0psic\u00f3logo, fisioterapeuta, nutricionista, farmac\u00eautico,\u00a0terapeuta ocupacional, dentista e um instrutor f\u00edsico. A Unidade hoje realiza, diariamente, exames de pr\u00e9-natal e preventivo, puericultura, curativos, imuniza\u00e7\u00e3o (vacinas), distribui\u00e7\u00e3o de medicamentos, preservativos e contraceptivos, nebuliza\u00e7\u00e3o,\u00a0entre outros.<\/p>\n","protected":false},"excerpt":{"rendered":"<p>A nova Unidade B\u00e1sica de Sa\u00fade do Bairro Primavera ser\u00e1 inaugurada no dia 7, do pr\u00f3ximo m\u00eas. Pela primeira vez funcionando em instala\u00e7\u00f5es pr\u00f3prias, a UBS est\u00e1 com o projeto paisag\u00edstico conclu\u00eddo e aguarda as obras de finaliza\u00e7\u00e3o do estacionamento. O espa\u00e7o ampliar\u00e1 o n\u00famero de atendimentos para os moradores da regi\u00e3o. A nova UBS &#8230; <a title=\"Nova UBS do Bairro Primavera ser\u00e1 inaugurada no pr\u00f3ximo m\u00eas\" class=\"read-more\" href=\"https:\/\/anoticiaonline.com.br\/site\/nova-ubs-do-bairro-primavera-sera-inaugurada-no-proximo-mes\/\" aria-label=\"Read more about Nova UBS do Bairro Primavera ser\u00e1 inaugurada no pr\u00f3ximo m\u00eas\">Ler mais<\/a><\/p>\n","protected":false},"author":2,"featured_media":41381,"comment_status":"open","ping_status":"open","sticky":false,"template":"","format":"standard","meta":{"_acf_changed":false,"_monsterinsights_skip_tracking":false,"footnotes":""},"categories":[30],"tags":[20,74,246,51,3,376],"class_list":["post-41380","post","type-post","status-publish","format-standard","has-post-thumbnail","hentry","category-muriae","tag-inauguracao","tag-muriae","tag-prefeitura","tag-saude","tag-slide","tag-ubs"],"acf":[],"aioseo_notices":[],"aioseo_head":"\n\t\t<!-- All in One SEO 5.0.0.1 - aioseo.com -->\n\t<meta name=\"description\" content=\"A nova Unidade B\u00e1sica de Sa\u00fade do Bairro Primavera ser\u00e1 inaugurada no dia 7, do pr\u00f3ximo m\u00eas. Pela primeira vez funcionando em instala\u00e7\u00f5es pr\u00f3prias, a UBS est\u00e1 com o projeto paisag\u00edstico conclu\u00eddo e aguarda as obras de finaliza\u00e7\u00e3o do estacionamento. O espa\u00e7o ampliar\u00e1 o n\u00famero de atendimentos para os moradores da regi\u00e3o. A nova UBS\" \/>\n\t<meta name=\"robots\" content=\"max-image-preview:large\" \/>\n\t<meta name=\"author\" content=\"Juliana Laviola\"\/>\n\t<link rel=\"canonical\" href=\"https:\/\/anoticiaonline.com.br\/site\/nova-ubs-do-bairro-primavera-sera-inaugurada-no-proximo-mes\/\" \/>\n\t<meta name=\"generator\" content=\"All in One SEO (AIOSEO) 5.0.0.1\" \/>\n\t\t<meta property=\"og:locale\" content=\"pt_BR\" \/>\n\t\t<meta property=\"og:site_name\" content=\"A Not\u00edcia Online - Noticias de Muria\u00e9 e regi\u00e3o\" \/>\n\t\t<meta property=\"og:type\" content=\"article\" \/>\n\t\t<meta property=\"og:title\" content=\"Nova UBS do Bairro Primavera ser\u00e1 inaugurada no pr\u00f3ximo m\u00eas - A Not\u00edcia Online\" \/>\n\t\t<meta property=\"og:description\" content=\"A nova Unidade B\u00e1sica de Sa\u00fade do Bairro Primavera ser\u00e1 inaugurada no dia 7, do pr\u00f3ximo m\u00eas. Pela primeira vez funcionando em instala\u00e7\u00f5es pr\u00f3prias, a UBS est\u00e1 com o projeto paisag\u00edstico conclu\u00eddo e aguarda as obras de finaliza\u00e7\u00e3o do estacionamento. O espa\u00e7o ampliar\u00e1 o n\u00famero de atendimentos para os moradores da regi\u00e3o. A nova UBS\" \/>\n\t\t<meta property=\"og:url\" content=\"https:\/\/anoticiaonline.com.br\/site\/nova-ubs-do-bairro-primavera-sera-inaugurada-no-proximo-mes\/\" \/>\n\t\t<meta property=\"og:image\" content=\"https:\/\/scontent-gig4-1.xx.fbcdn.net\/v\/t39.30808-1\/270437624_4564083193639691_6907940295614233970_n.jpg?stp=dst-jpg_s200x200_tt6&#038;_nc_cat=111&#038;ccb=1-7&#038;_nc_sid=f907e8&#038;_nc_ohc=SM1wRlP3lJwQ7kNvwEPuBYA&#038;_nc_oc=AdnqrjDN_BNjSSHWO-GbkIWH6fkGMLw4bqvL_NH6e2wMveX7G-rP2dAqsDSq1mJMOaY&#038;_nc_zt=24&#038;_nc_ht=scontent-gig4-1.xx&#038;_nc_gid=AoBFJeGrT1hVaew_6rchkQ&#038;oh=00_AfX7QmFGhQhG2jAllVgXCiM1ZrWgvtp80-Bfppyexh1QEg&#038;oe=689E923C\" \/>\n\t\t<meta property=\"og:image:secure_url\" content=\"https:\/\/scontent-gig4-1.xx.fbcdn.net\/v\/t39.30808-1\/270437624_4564083193639691_6907940295614233970_n.jpg?stp=dst-jpg_s200x200_tt6&#038;_nc_cat=111&#038;ccb=1-7&#038;_nc_sid=f907e8&#038;_nc_ohc=SM1wRlP3lJwQ7kNvwEPuBYA&#038;_nc_oc=AdnqrjDN_BNjSSHWO-GbkIWH6fkGMLw4bqvL_NH6e2wMveX7G-rP2dAqsDSq1mJMOaY&#038;_nc_zt=24&#038;_nc_ht=scontent-gig4-1.xx&#038;_nc_gid=AoBFJeGrT1hVaew_6rchkQ&#038;oh=00_AfX7QmFGhQhG2jAllVgXCiM1ZrWgvtp80-Bfppyexh1QEg&#038;oe=689E923C\" \/>\n\t\t<meta property=\"article:published_time\" content=\"2017-09-28T13:55:07+00:00\" \/>\n\t\t<meta property=\"article:modified_time\" content=\"2017-09-28T13:55:28+00:00\" \/>\n\t\t<meta name=\"twitter:card\" content=\"summary_large_image\" \/>\n\t\t<meta name=\"twitter:title\" content=\"Nova UBS do Bairro Primavera ser\u00e1 inaugurada no pr\u00f3ximo m\u00eas - A Not\u00edcia Online\" \/>\n\t\t<meta name=\"twitter:description\" content=\"A nova Unidade B\u00e1sica de Sa\u00fade do Bairro Primavera ser\u00e1 inaugurada no dia 7, do pr\u00f3ximo m\u00eas. Pela primeira vez funcionando em instala\u00e7\u00f5es pr\u00f3prias, a UBS est\u00e1 com o projeto paisag\u00edstico conclu\u00eddo e aguarda as obras de finaliza\u00e7\u00e3o do estacionamento. O espa\u00e7o ampliar\u00e1 o n\u00famero de atendimentos para os moradores da regi\u00e3o. A nova UBS\" \/>\n\t\t<meta name=\"twitter:image\" content=\"https:\/\/scontent-gig4-1.xx.fbcdn.net\/v\/t39.30808-1\/270437624_4564083193639691_6907940295614233970_n.jpg?stp=dst-jpg_s200x200_tt6&amp;_nc_cat=111&amp;ccb=1-7&amp;_nc_sid=f907e8&amp;_nc_ohc=SM1wRlP3lJwQ7kNvwEPuBYA&amp;_nc_oc=AdnqrjDN_BNjSSHWO-GbkIWH6fkGMLw4bqvL_NH6e2wMveX7G-rP2dAqsDSq1mJMOaY&amp;_nc_zt=24&amp;_nc_ht=scontent-gig4-1.xx&amp;_nc_gid=AoBFJeGrT1hVaew_6rchkQ&amp;oh=00_AfX7QmFGhQhG2jAllVgXCiM1ZrWgvtp80-Bfppyexh1QEg&amp;oe=689E923C\" \/>\n\t\t<script type=\"application\/ld+json\" class=\"aioseo-schema\">\n\t\t\t{\"@context\":\"https:\\\/\\\/schema.org\",\"@graph\":[{\"@type\":\"BlogPosting\",\"@id\":\"https:\\\/\\\/anoticiaonline.com.br\\\/site\\\/nova-ubs-do-bairro-primavera-sera-inaugurada-no-proximo-mes\\\/#blogposting\",\"name\":\"Nova UBS do Bairro Primavera ser\\u00e1 inaugurada no pr\\u00f3ximo m\\u00eas - A Not\\u00edcia Online\",\"headline\":\"Nova UBS do Bairro Primavera ser\\u00e1 inaugurada no pr\\u00f3ximo m\\u00eas\",\"author\":{\"@id\":\"https:\\\/\\\/anoticiaonline.com.br\\\/site\\\/author\\\/juliana\\\/#author\"},\"publisher\":{\"@id\":\"https:\\\/\\\/anoticiaonline.com.br\\\/site\\\/#organization\"},\"image\":{\"@type\":\"ImageObject\",\"url\":\"https:\\\/\\\/anoticiaonline.com.br\\\/site\\\/wp-content\\\/uploads\\\/2017\\\/09\\\/Nova-UBS-do-Bairro-Primavera-ser\\u00e1-inaugurada-no-pr\\u00f3ximo-m\\u00eas.jpg\",\"width\":640,\"height\":427,\"caption\":\"Cr\\u00e9ditos: ASCOM PMM\"},\"datePublished\":\"2017-09-28T10:55:07-03:00\",\"dateModified\":\"2017-09-28T10:55:28-03:00\",\"inLanguage\":\"pt-BR\",\"mainEntityOfPage\":{\"@id\":\"https:\\\/\\\/anoticiaonline.com.br\\\/site\\\/nova-ubs-do-bairro-primavera-sera-inaugurada-no-proximo-mes\\\/#webpage\"},\"isPartOf\":{\"@id\":\"https:\\\/\\\/anoticiaonline.com.br\\\/site\\\/nova-ubs-do-bairro-primavera-sera-inaugurada-no-proximo-mes\\\/#webpage\"},\"articleSection\":\"Blog, inauguracao, Muria\\u00e9, prefeitura, sa\\u00fade, slide, UBS\"},{\"@type\":\"BreadcrumbList\",\"@id\":\"https:\\\/\\\/anoticiaonline.com.br\\\/site\\\/nova-ubs-do-bairro-primavera-sera-inaugurada-no-proximo-mes\\\/#breadcrumblist\",\"itemListElement\":[{\"@type\":\"ListItem\",\"@id\":\"https:\\\/\\\/anoticiaonline.com.br\\\/site#listItem\",\"position\":1,\"name\":\"Home\",\"item\":\"https:\\\/\\\/anoticiaonline.com.br\\\/site\",\"nextItem\":{\"@type\":\"ListItem\",\"@id\":\"https:\\\/\\\/anoticiaonline.com.br\\\/site\\\/categoria\\\/muriae\\\/#listItem\",\"name\":\"Blog\"}},{\"@type\":\"ListItem\",\"@id\":\"https:\\\/\\\/anoticiaonline.com.br\\\/site\\\/categoria\\\/muriae\\\/#listItem\",\"position\":2,\"name\":\"Blog\",\"item\":\"https:\\\/\\\/anoticiaonline.com.br\\\/site\\\/categoria\\\/muriae\\\/\",\"nextItem\":{\"@type\":\"ListItem\",\"@id\":\"https:\\\/\\\/anoticiaonline.com.br\\\/site\\\/nova-ubs-do-bairro-primavera-sera-inaugurada-no-proximo-mes\\\/#listItem\",\"name\":\"Nova UBS do Bairro Primavera ser\\u00e1 inaugurada no pr\\u00f3ximo m\\u00eas\"},\"previousItem\":{\"@type\":\"ListItem\",\"@id\":\"https:\\\/\\\/anoticiaonline.com.br\\\/site#listItem\",\"name\":\"Home\"}},{\"@type\":\"ListItem\",\"@id\":\"https:\\\/\\\/anoticiaonline.com.br\\\/site\\\/nova-ubs-do-bairro-primavera-sera-inaugurada-no-proximo-mes\\\/#listItem\",\"position\":3,\"name\":\"Nova UBS do Bairro Primavera ser\\u00e1 inaugurada no pr\\u00f3ximo m\\u00eas\",\"previousItem\":{\"@type\":\"ListItem\",\"@id\":\"https:\\\/\\\/anoticiaonline.com.br\\\/site\\\/categoria\\\/muriae\\\/#listItem\",\"name\":\"Blog\"}}]},{\"@type\":\"Organization\",\"@id\":\"https:\\\/\\\/anoticiaonline.com.br\\\/site\\\/#organization\",\"name\":\"A Not\\u00edcia Online\",\"description\":\"Noticias de Muria\\u00e9 e regi\\u00e3o\",\"url\":\"https:\\\/\\\/anoticiaonline.com.br\\\/site\\\/\",\"logo\":{\"@type\":\"ImageObject\",\"url\":\"https:\\\/\\\/scontent-gig4-1.xx.fbcdn.net\\\/v\\\/t39.30808-1\\\/270437624_4564083193639691_6907940295614233970_n.jpg?stp=dst-jpg_s200x200_tt6&_nc_cat=111&ccb=1-7&_nc_sid=f907e8&_nc_ohc=SM1wRlP3lJwQ7kNvwEPuBYA&_nc_oc=AdnqrjDN_BNjSSHWO-GbkIWH6fkGMLw4bqvL_NH6e2wMveX7G-rP2dAqsDSq1mJMOaY&_nc_zt=24&_nc_ht=scontent-gig4-1.xx&_nc_gid=AoBFJeGrT1hVaew_6rchkQ&oh=00_AfX7QmFGhQhG2jAllVgXCiM1ZrWgvtp80-Bfppyexh1QEg&oe=689E923C\",\"@id\":\"https:\\\/\\\/anoticiaonline.com.br\\\/site\\\/nova-ubs-do-bairro-primavera-sera-inaugurada-no-proximo-mes\\\/#organizationLogo\"},\"image\":{\"@id\":\"https:\\\/\\\/anoticiaonline.com.br\\\/site\\\/nova-ubs-do-bairro-primavera-sera-inaugurada-no-proximo-mes\\\/#organizationLogo\"}},{\"@type\":\"Person\",\"@id\":\"https:\\\/\\\/anoticiaonline.com.br\\\/site\\\/author\\\/juliana\\\/#author\",\"url\":\"https:\\\/\\\/anoticiaonline.com.br\\\/site\\\/author\\\/juliana\\\/\",\"name\":\"Juliana Laviola\",\"image\":{\"@type\":\"ImageObject\",\"@id\":\"https:\\\/\\\/anoticiaonline.com.br\\\/site\\\/nova-ubs-do-bairro-primavera-sera-inaugurada-no-proximo-mes\\\/#authorImage\",\"url\":\"https:\\\/\\\/secure.gravatar.com\\\/avatar\\\/b8d45f5c699b100dfaf0e543582f38f38bf94cb7ae3a5e9abf8d891a34773335?s=96&d=mm&r=g\",\"width\":96,\"height\":96,\"caption\":\"Juliana Laviola\"}},{\"@type\":\"WebPage\",\"@id\":\"https:\\\/\\\/anoticiaonline.com.br\\\/site\\\/nova-ubs-do-bairro-primavera-sera-inaugurada-no-proximo-mes\\\/#webpage\",\"url\":\"https:\\\/\\\/anoticiaonline.com.br\\\/site\\\/nova-ubs-do-bairro-primavera-sera-inaugurada-no-proximo-mes\\\/\",\"name\":\"Nova UBS do Bairro Primavera ser\\u00e1 inaugurada no pr\\u00f3ximo m\\u00eas - A Not\\u00edcia Online\",\"description\":\"A nova Unidade B\\u00e1sica de Sa\\u00fade do Bairro Primavera ser\\u00e1 inaugurada no dia 7, do pr\\u00f3ximo m\\u00eas. Pela primeira vez funcionando em instala\\u00e7\\u00f5es pr\\u00f3prias, a UBS est\\u00e1 com o projeto paisag\\u00edstico conclu\\u00eddo e aguarda as obras de finaliza\\u00e7\\u00e3o do estacionamento. O espa\\u00e7o ampliar\\u00e1 o n\\u00famero de atendimentos para os moradores da regi\\u00e3o. A nova UBS\",\"inLanguage\":\"pt-BR\",\"isPartOf\":{\"@id\":\"https:\\\/\\\/anoticiaonline.com.br\\\/site\\\/#website\"},\"breadcrumb\":{\"@id\":\"https:\\\/\\\/anoticiaonline.com.br\\\/site\\\/nova-ubs-do-bairro-primavera-sera-inaugurada-no-proximo-mes\\\/#breadcrumblist\"},\"author\":{\"@id\":\"https:\\\/\\\/anoticiaonline.com.br\\\/site\\\/author\\\/juliana\\\/#author\"},\"creator\":{\"@id\":\"https:\\\/\\\/anoticiaonline.com.br\\\/site\\\/author\\\/juliana\\\/#author\"},\"image\":{\"@type\":\"ImageObject\",\"url\":\"https:\\\/\\\/anoticiaonline.com.br\\\/site\\\/wp-content\\\/uploads\\\/2017\\\/09\\\/Nova-UBS-do-Bairro-Primavera-ser\\u00e1-inaugurada-no-pr\\u00f3ximo-m\\u00eas.jpg\",\"@id\":\"https:\\\/\\\/anoticiaonline.com.br\\\/site\\\/nova-ubs-do-bairro-primavera-sera-inaugurada-no-proximo-mes\\\/#mainImage\",\"width\":640,\"height\":427,\"caption\":\"Cr\\u00e9ditos: ASCOM PMM\"},\"primaryImageOfPage\":{\"@id\":\"https:\\\/\\\/anoticiaonline.com.br\\\/site\\\/nova-ubs-do-bairro-primavera-sera-inaugurada-no-proximo-mes\\\/#mainImage\"},\"datePublished\":\"2017-09-28T10:55:07-03:00\",\"dateModified\":\"2017-09-28T10:55:28-03:00\"},{\"@type\":\"WebSite\",\"@id\":\"https:\\\/\\\/anoticiaonline.com.br\\\/site\\\/#website\",\"url\":\"https:\\\/\\\/anoticiaonline.com.br\\\/site\\\/\",\"name\":\"A Not\\u00edcia Online\",\"description\":\"Noticias de Muria\\u00e9 e regi\\u00e3o\",\"inLanguage\":\"pt-BR\",\"publisher\":{\"@id\":\"https:\\\/\\\/anoticiaonline.com.br\\\/site\\\/#organization\"}}]}\n\t\t<\/script>\n\t\t<!-- All in One SEO -->\n\n","aioseo_head_json":{"title":"Nova UBS do Bairro Primavera ser\u00e1 inaugurada no pr\u00f3ximo m\u00eas - A Not\u00edcia Online","description":"A nova Unidade B\u00e1sica de Sa\u00fade do Bairro Primavera ser\u00e1 inaugurada no dia 7, do pr\u00f3ximo m\u00eas. Pela primeira vez funcionando em instala\u00e7\u00f5es pr\u00f3prias, a UBS est\u00e1 com o projeto paisag\u00edstico conclu\u00eddo e aguarda as obras de finaliza\u00e7\u00e3o do estacionamento. O espa\u00e7o ampliar\u00e1 o n\u00famero de atendimentos para os moradores da regi\u00e3o. A nova UBS","canonical_url":"https:\/\/anoticiaonline.com.br\/site\/nova-ubs-do-bairro-primavera-sera-inaugurada-no-proximo-mes\/","robots":"max-image-preview:large","keywords":"","webmasterTools":{"miscellaneous":""},"schema":{"@context":"https:\/\/schema.org","@graph":[{"@type":"BlogPosting","@id":"https:\/\/anoticiaonline.com.br\/site\/nova-ubs-do-bairro-primavera-sera-inaugurada-no-proximo-mes\/#blogposting","name":"Nova UBS do Bairro Primavera ser\u00e1 inaugurada no pr\u00f3ximo m\u00eas - A Not\u00edcia Online","headline":"Nova UBS do Bairro Primavera ser\u00e1 inaugurada no pr\u00f3ximo m\u00eas","author":{"@id":"https:\/\/anoticiaonline.com.br\/site\/author\/juliana\/#author"},"publisher":{"@id":"https:\/\/anoticiaonline.com.br\/site\/#organization"},"image":{"@type":"ImageObject","url":"https:\/\/anoticiaonline.com.br\/site\/wp-content\/uploads\/2017\/09\/Nova-UBS-do-Bairro-Primavera-ser\u00e1-inaugurada-no-pr\u00f3ximo-m\u00eas.jpg","width":640,"height":427,"caption":"Cr\u00e9ditos: ASCOM PMM"},"datePublished":"2017-09-28T10:55:07-03:00","dateModified":"2017-09-28T10:55:28-03:00","inLanguage":"pt-BR","mainEntityOfPage":{"@id":"https:\/\/anoticiaonline.com.br\/site\/nova-ubs-do-bairro-primavera-sera-inaugurada-no-proximo-mes\/#webpage"},"isPartOf":{"@id":"https:\/\/anoticiaonline.com.br\/site\/nova-ubs-do-bairro-primavera-sera-inaugurada-no-proximo-mes\/#webpage"},"articleSection":"Blog, inauguracao, Muria\u00e9, prefeitura, sa\u00fade, slide, UBS"},{"@type":"BreadcrumbList","@id":"https:\/\/anoticiaonline.com.br\/site\/nova-ubs-do-bairro-primavera-sera-inaugurada-no-proximo-mes\/#breadcrumblist","itemListElement":[{"@type":"ListItem","@id":"https:\/\/anoticiaonline.com.br\/site#listItem","position":1,"name":"Home","item":"https:\/\/anoticiaonline.com.br\/site","nextItem":{"@type":"ListItem","@id":"https:\/\/anoticiaonline.com.br\/site\/categoria\/muriae\/#listItem","name":"Blog"}},{"@type":"ListItem","@id":"https:\/\/anoticiaonline.com.br\/site\/categoria\/muriae\/#listItem","position":2,"name":"Blog","item":"https:\/\/anoticiaonline.com.br\/site\/categoria\/muriae\/","nextItem":{"@type":"ListItem","@id":"https:\/\/anoticiaonline.com.br\/site\/nova-ubs-do-bairro-primavera-sera-inaugurada-no-proximo-mes\/#listItem","name":"Nova UBS do Bairro Primavera ser\u00e1 inaugurada no pr\u00f3ximo m\u00eas"},"previousItem":{"@type":"ListItem","@id":"https:\/\/anoticiaonline.com.br\/site#listItem","name":"Home"}},{"@type":"ListItem","@id":"https:\/\/anoticiaonline.com.br\/site\/nova-ubs-do-bairro-primavera-sera-inaugurada-no-proximo-mes\/#listItem","position":3,"name":"Nova UBS do Bairro Primavera ser\u00e1 inaugurada no pr\u00f3ximo m\u00eas","previousItem":{"@type":"ListItem","@id":"https:\/\/anoticiaonline.com.br\/site\/categoria\/muriae\/#listItem","name":"Blog"}}]},{"@type":"Organization","@id":"https:\/\/anoticiaonline.com.br\/site\/#organization","name":"A Not\u00edcia Online","description":"Noticias de Muria\u00e9 e regi\u00e3o","url":"https:\/\/anoticiaonline.com.br\/site\/","logo":{"@type":"ImageObject","url":"https:\/\/scontent-gig4-1.xx.fbcdn.net\/v\/t39.30808-1\/270437624_4564083193639691_6907940295614233970_n.jpg?stp=dst-jpg_s200x200_tt6&_nc_cat=111&ccb=1-7&_nc_sid=f907e8&_nc_ohc=SM1wRlP3lJwQ7kNvwEPuBYA&_nc_oc=AdnqrjDN_BNjSSHWO-GbkIWH6fkGMLw4bqvL_NH6e2wMveX7G-rP2dAqsDSq1mJMOaY&_nc_zt=24&_nc_ht=scontent-gig4-1.xx&_nc_gid=AoBFJeGrT1hVaew_6rchkQ&oh=00_AfX7QmFGhQhG2jAllVgXCiM1ZrWgvtp80-Bfppyexh1QEg&oe=689E923C","@id":"https:\/\/anoticiaonline.com.br\/site\/nova-ubs-do-bairro-primavera-sera-inaugurada-no-proximo-mes\/#organizationLogo"},"image":{"@id":"https:\/\/anoticiaonline.com.br\/site\/nova-ubs-do-bairro-primavera-sera-inaugurada-no-proximo-mes\/#organizationLogo"}},{"@type":"Person","@id":"https:\/\/anoticiaonline.com.br\/site\/author\/juliana\/#author","url":"https:\/\/anoticiaonline.com.br\/site\/author\/juliana\/","name":"Juliana Laviola","image":{"@type":"ImageObject","@id":"https:\/\/anoticiaonline.com.br\/site\/nova-ubs-do-bairro-primavera-sera-inaugurada-no-proximo-mes\/#authorImage","url":"https:\/\/secure.gravatar.com\/avatar\/b8d45f5c699b100dfaf0e543582f38f38bf94cb7ae3a5e9abf8d891a34773335?s=96&d=mm&r=g","width":96,"height":96,"caption":"Juliana Laviola"}},{"@type":"WebPage","@id":"https:\/\/anoticiaonline.com.br\/site\/nova-ubs-do-bairro-primavera-sera-inaugurada-no-proximo-mes\/#webpage","url":"https:\/\/anoticiaonline.com.br\/site\/nova-ubs-do-bairro-primavera-sera-inaugurada-no-proximo-mes\/","name":"Nova UBS do Bairro Primavera ser\u00e1 inaugurada no pr\u00f3ximo m\u00eas - A Not\u00edcia Online","description":"A nova Unidade B\u00e1sica de Sa\u00fade do Bairro Primavera ser\u00e1 inaugurada no dia 7, do pr\u00f3ximo m\u00eas. Pela primeira vez funcionando em instala\u00e7\u00f5es pr\u00f3prias, a UBS est\u00e1 com o projeto paisag\u00edstico conclu\u00eddo e aguarda as obras de finaliza\u00e7\u00e3o do estacionamento. O espa\u00e7o ampliar\u00e1 o n\u00famero de atendimentos para os moradores da regi\u00e3o. A nova UBS","inLanguage":"pt-BR","isPartOf":{"@id":"https:\/\/anoticiaonline.com.br\/site\/#website"},"breadcrumb":{"@id":"https:\/\/anoticiaonline.com.br\/site\/nova-ubs-do-bairro-primavera-sera-inaugurada-no-proximo-mes\/#breadcrumblist"},"author":{"@id":"https:\/\/anoticiaonline.com.br\/site\/author\/juliana\/#author"},"creator":{"@id":"https:\/\/anoticiaonline.com.br\/site\/author\/juliana\/#author"},"image":{"@type":"ImageObject","url":"https:\/\/anoticiaonline.com.br\/site\/wp-content\/uploads\/2017\/09\/Nova-UBS-do-Bairro-Primavera-ser\u00e1-inaugurada-no-pr\u00f3ximo-m\u00eas.jpg","@id":"https:\/\/anoticiaonline.com.br\/site\/nova-ubs-do-bairro-primavera-sera-inaugurada-no-proximo-mes\/#mainImage","width":640,"height":427,"caption":"Cr\u00e9ditos: ASCOM PMM"},"primaryImageOfPage":{"@id":"https:\/\/anoticiaonline.com.br\/site\/nova-ubs-do-bairro-primavera-sera-inaugurada-no-proximo-mes\/#mainImage"},"datePublished":"2017-09-28T10:55:07-03:00","dateModified":"2017-09-28T10:55:28-03:00"},{"@type":"WebSite","@id":"https:\/\/anoticiaonline.com.br\/site\/#website","url":"https:\/\/anoticiaonline.com.br\/site\/","name":"A Not\u00edcia Online","description":"Noticias de Muria\u00e9 e regi\u00e3o","inLanguage":"pt-BR","publisher":{"@id":"https:\/\/anoticiaonline.com.br\/site\/#organization"}}]},"og:locale":"pt_BR","og:site_name":"A Not\u00edcia Online - Noticias de Muria\u00e9 e regi\u00e3o","og:type":"article","og:title":"Nova UBS do Bairro Primavera ser\u00e1 inaugurada no pr\u00f3ximo m\u00eas - A Not\u00edcia Online","og:description":"A nova Unidade B\u00e1sica de Sa\u00fade do Bairro Primavera ser\u00e1 inaugurada no dia 7, do pr\u00f3ximo m\u00eas. Pela primeira vez funcionando em instala\u00e7\u00f5es pr\u00f3prias, a UBS est\u00e1 com o projeto paisag\u00edstico conclu\u00eddo e aguarda as obras de finaliza\u00e7\u00e3o do estacionamento. O espa\u00e7o ampliar\u00e1 o n\u00famero de atendimentos para os moradores da regi\u00e3o. A nova UBS","og:url":"https:\/\/anoticiaonline.com.br\/site\/nova-ubs-do-bairro-primavera-sera-inaugurada-no-proximo-mes\/","og:image":"https:\/\/scontent-gig4-1.xx.fbcdn.net\/v\/t39.30808-1\/270437624_4564083193639691_6907940295614233970_n.jpg?stp=dst-jpg_s200x200_tt6&#038;_nc_cat=111&#038;ccb=1-7&#038;_nc_sid=f907e8&#038;_nc_ohc=SM1wRlP3lJwQ7kNvwEPuBYA&#038;_nc_oc=AdnqrjDN_BNjSSHWO-GbkIWH6fkGMLw4bqvL_NH6e2wMveX7G-rP2dAqsDSq1mJMOaY&#038;_nc_zt=24&#038;_nc_ht=scontent-gig4-1.xx&#038;_nc_gid=AoBFJeGrT1hVaew_6rchkQ&#038;oh=00_AfX7QmFGhQhG2jAllVgXCiM1ZrWgvtp80-Bfppyexh1QEg&#038;oe=689E923C","og:image:secure_url":"https:\/\/scontent-gig4-1.xx.fbcdn.net\/v\/t39.30808-1\/270437624_4564083193639691_6907940295614233970_n.jpg?stp=dst-jpg_s200x200_tt6&#038;_nc_cat=111&#038;ccb=1-7&#038;_nc_sid=f907e8&#038;_nc_ohc=SM1wRlP3lJwQ7kNvwEPuBYA&#038;_nc_oc=AdnqrjDN_BNjSSHWO-GbkIWH6fkGMLw4bqvL_NH6e2wMveX7G-rP2dAqsDSq1mJMOaY&#038;_nc_zt=24&#038;_nc_ht=scontent-gig4-1.xx&#038;_nc_gid=AoBFJeGrT1hVaew_6rchkQ&#038;oh=00_AfX7QmFGhQhG2jAllVgXCiM1ZrWgvtp80-Bfppyexh1QEg&#038;oe=689E923C","article:published_time":"2017-09-28T13:55:07+00:00","article:modified_time":"2017-09-28T13:55:28+00:00","twitter:card":"summary_large_image","twitter:title":"Nova UBS do Bairro Primavera ser\u00e1 inaugurada no pr\u00f3ximo m\u00eas - A Not\u00edcia Online","twitter:description":"A nova Unidade B\u00e1sica de Sa\u00fade do Bairro Primavera ser\u00e1 inaugurada no dia 7, do pr\u00f3ximo m\u00eas. Pela primeira vez funcionando em instala\u00e7\u00f5es pr\u00f3prias, a UBS est\u00e1 com o projeto paisag\u00edstico conclu\u00eddo e aguarda as obras de finaliza\u00e7\u00e3o do estacionamento. O espa\u00e7o ampliar\u00e1 o n\u00famero de atendimentos para os moradores da regi\u00e3o. A nova UBS","twitter:image":"https:\/\/scontent-gig4-1.xx.fbcdn.net\/v\/t39.30808-1\/270437624_4564083193639691_6907940295614233970_n.jpg?stp=dst-jpg_s200x200_tt6&_nc_cat=111&ccb=1-7&_nc_sid=f907e8&_nc_ohc=SM1wRlP3lJwQ7kNvwEPuBYA&_nc_oc=AdnqrjDN_BNjSSHWO-GbkIWH6fkGMLw4bqvL_NH6e2wMveX7G-rP2dAqsDSq1mJMOaY&_nc_zt=24&_nc_ht=scontent-gig4-1.xx&_nc_gid=AoBFJeGrT1hVaew_6rchkQ&oh=00_AfX7QmFGhQhG2jAllVgXCiM1ZrWgvtp80-Bfppyexh1QEg&oe=689E923C"},"aioseo_meta_data":{"post_id":"41380","title":null,"description":null,"keywords":null,"keyphrases":null,"primary_term":null,"canonical_url":null,"og_title":null,"og_description":null,"og_object_type":"default","og_image_type":"default","og_image_url":null,"og_image_width":null,"og_image_height":null,"og_image_custom_url":null,"og_image_custom_fields":null,"og_video":null,"og_custom_url":null,"og_article_section":null,"og_article_tags":null,"twitter_use_og":false,"twitter_card":"default","twitter_image_type":"default","twitter_image_url":null,"twitter_image_custom_url":null,"twitter_image_custom_fields":null,"twitter_title":null,"twitter_description":null,"schema":{"blockGraphs":[],"customGraphs":[],"default":{"data":{"Article":[],"Course":[],"Dataset":[],"FAQPage":[],"Movie":[],"Person":[],"Product":[],"ProductReview":[],"Car":[],"Recipe":[],"Service":[],"SoftwareApplication":[],"WebPage":[]},"graphName":"","isEnabled":true},"graphs":[]},"schema_type":"default","schema_type_options":null,"pillar_content":false,"robots_default":true,"robots_noindex":false,"robots_noarchive":false,"robots_nosnippet":false,"robots_nofollow":false,"robots_noimageindex":false,"robots_noodp":false,"robots_notranslate":false,"robots_max_snippet":null,"robots_max_videopreview":null,"robots_max_imagepreview":"large","priority":null,"frequency":null,"local_seo":null,"breadcrumb_settings":null,"limit_modified_date":false,"ai":null,"created":"2025-08-16 19:32:47","updated":"2025-08-16 19:32:47","focus_keyword":null,"additional_keywords":null,"truseo_locale":null,"seo_analyzer_scan_date":null},"aioseo_breadcrumb":"<div class=\"aioseo-breadcrumbs\"><span class=\"aioseo-breadcrumb\">\n\t\t\t<a href=\"https:\/\/anoticiaonline.com.br\/site\" title=\"Home\">Home<\/a>\n\t\t<\/span><span class=\"aioseo-breadcrumb-separator\">&raquo;<\/span><span class=\"aioseo-breadcrumb\">\n\t\t\t<a href=\"https:\/\/anoticiaonline.com.br\/site\/categoria\/muriae\/\" title=\"Blog\">Blog<\/a>\n\t\t<\/span><span class=\"aioseo-breadcrumb-separator\">&raquo;<\/span><span class=\"aioseo-breadcrumb\">\n\t\t\tNova UBS do Bairro Primavera ser\u00e1 inaugurada no pr\u00f3ximo m\u00eas\n\t\t<\/span><\/div>","aioseo_breadcrumb_json":[{"label":"Home","link":"https:\/\/anoticiaonline.com.br\/site"},{"label":"Blog","link":"https:\/\/anoticiaonline.com.br\/site\/categoria\/muriae\/"},{"label":"Nova UBS do Bairro Primavera ser\u00e1 inaugurada no pr\u00f3ximo m\u00eas","link":"https:\/\/anoticiaonline.com.br\/site\/nova-ubs-do-bairro-primavera-sera-inaugurada-no-proximo-mes\/"}],"views":136,"_links":{"self":[{"href":"https:\/\/anoticiaonline.com.br\/site\/wp-json\/wp\/v2\/posts\/41380","targetHints":{"allow":["GET"]}}],"collection":[{"href":"https:\/\/anoticiaonline.com.br\/site\/wp-json\/wp\/v2\/posts"}],"about":[{"href":"https:\/\/anoticiaonline.com.br\/site\/wp-json\/wp\/v2\/types\/post"}],"author":[{"embeddable":true,"href":"https:\/\/anoticiaonline.com.br\/site\/wp-json\/wp\/v2\/users\/2"}],"replies":[{"embeddable":true,"href":"https:\/\/anoticiaonline.com.br\/site\/wp-json\/wp\/v2\/comments?post=41380"}],"version-history":[{"count":0,"href":"https:\/\/anoticiaonline.com.br\/site\/wp-json\/wp\/v2\/posts\/41380\/revisions"}],"wp:featuredmedia":[{"embeddable":true,"href":"https:\/\/anoticiaonline.com.br\/site\/wp-json\/wp\/v2\/media\/41381"}],"wp:attachment":[{"href":"https:\/\/anoticiaonline.com.br\/site\/wp-json\/wp\/v2\/media?parent=41380"}],"wp:term":[{"taxonomy":"category","embeddable":true,"href":"https:\/\/anoticiaonline.com.br\/site\/wp-json\/wp\/v2\/categories?post=41380"},{"taxonomy":"post_tag","embeddable":true,"href":"https:\/\/anoticiaonline.com.br\/site\/wp-json\/wp\/v2\/tags?post=41380"}],"curies":[{"name":"wp","href":"https:\/\/api.w.org\/{rel}","templated":true}]}}