{"id":41374,"date":"2017-09-27T11:40:56","date_gmt":"2017-09-27T14:40:56","guid":{"rendered":"http:\/\/anoticiaonline.com.br\/site\/?p=41374"},"modified":"2017-09-27T11:45:44","modified_gmt":"2017-09-27T14:45:44","slug":"preso-homem-que-confessou-ter-assassinado-marcelo-de-melo-martins","status":"publish","type":"post","link":"https:\/\/anoticiaonline.com.br\/site\/preso-homem-que-confessou-ter-assassinado-marcelo-de-melo-martins\/","title":{"rendered":"Preso homem que confessou ter assassinado Marcelo de Melo Martins"},"content":{"rendered":"<figure id=\"attachment_41367\" aria-describedby=\"caption-attachment-41367\" style=\"width: 159px\" class=\"wp-caption alignleft\"><a href=\"https:\/\/anoticiaonline.com.br\/site\/wp-content\/uploads\/2017\/09\/dcc88713-89b3-4944-b8b6-150881595169.jpg\"><img fetchpriority=\"high\" decoding=\"async\" class=\"size-medium wp-image-41367\" src=\"https:\/\/anoticiaonline.com.br\/site\/wp-content\/uploads\/2017\/09\/dcc88713-89b3-4944-b8b6-150881595169-169x300.jpg\" alt=\"\" width=\"169\" height=\"300\" srcset=\"https:\/\/anoticiaonline.com.br\/site\/wp-content\/uploads\/2017\/09\/dcc88713-89b3-4944-b8b6-150881595169-169x300.jpg 169w, https:\/\/anoticiaonline.com.br\/site\/wp-content\/uploads\/2017\/09\/dcc88713-89b3-4944-b8b6-150881595169.jpg 360w\" sizes=\"(max-width: 169px) 100vw, 169px\" \/><\/a><figcaption id=\"caption-attachment-41367\" class=\"wp-caption-text\">Cr\u00e9ditos: ASCOM PCMG<\/figcaption><\/figure>\n<p>Na manh\u00e3 de quarta feira (27), a Pol\u00edcia Civil de Minas Gerais cumpriu mandado de pris\u00e3o preventiva do homem, de 39 ANOS, que confessou ter matado Marcelo de Melo Martins, no Bairro Dornelas, no dia 10 do m\u00eas passado, ap\u00f3s uma discuss\u00e3o em um acidente de tr\u00e2nsito. A v\u00edtima foi baleada dentro de casa, em frente aos seus familiares e n\u00e3o resistiu aos ferimentos.<\/p>\n<p><strong>Relembre o caso\u00a0\u2013<\/strong> De acordo com boletim de ocorr\u00eancia, a esposa da v\u00edtima disse que o comerciante havia discutido com o autor do crime ap\u00f3s um acidente de tr\u00e2nsito, na manh\u00e3 de 10 de agosto. O autor compareceu \u00e0 resid\u00eancia de Marcelo, fez o disparo e fugiu ap\u00f3s o crime em uma motocicleta.<\/p>\n<p>O homem, que confessou o crime quatro dias ap\u00f3s, estava respondendo o inqu\u00e9rito em liberdade\u00a0diante da aus\u00eancia da circunst\u00e2ncia de flagrante.<\/p>\n","protected":false},"excerpt":{"rendered":"<p>Na manh\u00e3 de quarta feira (27), a Pol\u00edcia Civil de Minas Gerais cumpriu mandado de pris\u00e3o preventiva do homem, de 39 ANOS, que confessou ter matado Marcelo de Melo Martins, no Bairro Dornelas, no dia 10 do m\u00eas passado, ap\u00f3s uma discuss\u00e3o em um acidente de tr\u00e2nsito. A v\u00edtima foi baleada dentro de casa, em &#8230; <a title=\"Preso homem que confessou ter assassinado Marcelo de Melo Martins\" class=\"read-more\" href=\"https:\/\/anoticiaonline.com.br\/site\/preso-homem-que-confessou-ter-assassinado-marcelo-de-melo-martins\/\" aria-label=\"Read more about Preso homem que confessou ter assassinado Marcelo de Melo Martins\">Ler mais<\/a><\/p>\n","protected":false},"author":2,"featured_media":41367,"comment_status":"open","ping_status":"open","sticky":false,"template":"","format":"standard","meta":{"_acf_changed":false,"_monsterinsights_skip_tracking":false,"footnotes":""},"categories":[30],"tags":[415,1199,470,968,74,3],"class_list":["post-41374","post","type-post","status-publish","format-standard","has-post-thumbnail","hentry","category-muriae","tag-assassinato","tag-briga","tag-crime","tag-homicidio","tag-muriae","tag-slide"],"acf":[],"aioseo_notices":[],"aioseo_head":"\n\t\t<!-- All in One SEO 5.0.0.1 - aioseo.com -->\n\t<meta name=\"description\" content=\"Na manh\u00e3 de quarta feira (27), a Pol\u00edcia Civil de Minas Gerais cumpriu mandado de pris\u00e3o preventiva do homem, de 39 ANOS, que confessou ter matado Marcelo de Melo Martins, no Bairro Dornelas, no dia 10 do m\u00eas passado, ap\u00f3s uma discuss\u00e3o em um acidente de tr\u00e2nsito. A v\u00edtima foi baleada dentro de casa, em\" \/>\n\t<meta name=\"robots\" content=\"max-image-preview:large\" \/>\n\t<meta name=\"author\" content=\"Juliana Laviola\"\/>\n\t<link rel=\"canonical\" href=\"https:\/\/anoticiaonline.com.br\/site\/preso-homem-que-confessou-ter-assassinado-marcelo-de-melo-martins\/\" \/>\n\t<meta name=\"generator\" content=\"All in One SEO (AIOSEO) 5.0.0.1\" \/>\n\t\t<meta property=\"og:locale\" content=\"pt_BR\" \/>\n\t\t<meta property=\"og:site_name\" content=\"A Not\u00edcia Online - Noticias de Muria\u00e9 e regi\u00e3o\" \/>\n\t\t<meta property=\"og:type\" content=\"article\" \/>\n\t\t<meta property=\"og:title\" content=\"Preso homem que confessou ter assassinado Marcelo de Melo Martins - A Not\u00edcia Online\" \/>\n\t\t<meta property=\"og:description\" content=\"Na manh\u00e3 de quarta feira (27), a Pol\u00edcia Civil de Minas Gerais cumpriu mandado de pris\u00e3o preventiva do homem, de 39 ANOS, que confessou ter matado Marcelo de Melo Martins, no Bairro Dornelas, no dia 10 do m\u00eas passado, ap\u00f3s uma discuss\u00e3o em um acidente de tr\u00e2nsito. A v\u00edtima foi baleada dentro de casa, em\" \/>\n\t\t<meta property=\"og:url\" content=\"https:\/\/anoticiaonline.com.br\/site\/preso-homem-que-confessou-ter-assassinado-marcelo-de-melo-martins\/\" \/>\n\t\t<meta property=\"og:image\" content=\"https:\/\/scontent-gig4-1.xx.fbcdn.net\/v\/t39.30808-1\/270437624_4564083193639691_6907940295614233970_n.jpg?stp=dst-jpg_s200x200_tt6&#038;_nc_cat=111&#038;ccb=1-7&#038;_nc_sid=f907e8&#038;_nc_ohc=SM1wRlP3lJwQ7kNvwEPuBYA&#038;_nc_oc=AdnqrjDN_BNjSSHWO-GbkIWH6fkGMLw4bqvL_NH6e2wMveX7G-rP2dAqsDSq1mJMOaY&#038;_nc_zt=24&#038;_nc_ht=scontent-gig4-1.xx&#038;_nc_gid=AoBFJeGrT1hVaew_6rchkQ&#038;oh=00_AfX7QmFGhQhG2jAllVgXCiM1ZrWgvtp80-Bfppyexh1QEg&#038;oe=689E923C\" \/>\n\t\t<meta property=\"og:image:secure_url\" content=\"https:\/\/scontent-gig4-1.xx.fbcdn.net\/v\/t39.30808-1\/270437624_4564083193639691_6907940295614233970_n.jpg?stp=dst-jpg_s200x200_tt6&#038;_nc_cat=111&#038;ccb=1-7&#038;_nc_sid=f907e8&#038;_nc_ohc=SM1wRlP3lJwQ7kNvwEPuBYA&#038;_nc_oc=AdnqrjDN_BNjSSHWO-GbkIWH6fkGMLw4bqvL_NH6e2wMveX7G-rP2dAqsDSq1mJMOaY&#038;_nc_zt=24&#038;_nc_ht=scontent-gig4-1.xx&#038;_nc_gid=AoBFJeGrT1hVaew_6rchkQ&#038;oh=00_AfX7QmFGhQhG2jAllVgXCiM1ZrWgvtp80-Bfppyexh1QEg&#038;oe=689E923C\" \/>\n\t\t<meta property=\"article:published_time\" content=\"2017-09-27T14:40:56+00:00\" \/>\n\t\t<meta property=\"article:modified_time\" content=\"2017-09-27T14:45:44+00:00\" \/>\n\t\t<meta name=\"twitter:card\" content=\"summary_large_image\" \/>\n\t\t<meta name=\"twitter:title\" content=\"Preso homem que confessou ter assassinado Marcelo de Melo Martins - A Not\u00edcia Online\" \/>\n\t\t<meta name=\"twitter:description\" content=\"Na manh\u00e3 de quarta feira (27), a Pol\u00edcia Civil de Minas Gerais cumpriu mandado de pris\u00e3o preventiva do homem, de 39 ANOS, que confessou ter matado Marcelo de Melo Martins, no Bairro Dornelas, no dia 10 do m\u00eas passado, ap\u00f3s uma discuss\u00e3o em um acidente de tr\u00e2nsito. A v\u00edtima foi baleada dentro de casa, em\" \/>\n\t\t<meta name=\"twitter:image\" content=\"https:\/\/scontent-gig4-1.xx.fbcdn.net\/v\/t39.30808-1\/270437624_4564083193639691_6907940295614233970_n.jpg?stp=dst-jpg_s200x200_tt6&amp;_nc_cat=111&amp;ccb=1-7&amp;_nc_sid=f907e8&amp;_nc_ohc=SM1wRlP3lJwQ7kNvwEPuBYA&amp;_nc_oc=AdnqrjDN_BNjSSHWO-GbkIWH6fkGMLw4bqvL_NH6e2wMveX7G-rP2dAqsDSq1mJMOaY&amp;_nc_zt=24&amp;_nc_ht=scontent-gig4-1.xx&amp;_nc_gid=AoBFJeGrT1hVaew_6rchkQ&amp;oh=00_AfX7QmFGhQhG2jAllVgXCiM1ZrWgvtp80-Bfppyexh1QEg&amp;oe=689E923C\" \/>\n\t\t<script type=\"application\/ld+json\" class=\"aioseo-schema\">\n\t\t\t{\"@context\":\"https:\\\/\\\/schema.org\",\"@graph\":[{\"@type\":\"BlogPosting\",\"@id\":\"https:\\\/\\\/anoticiaonline.com.br\\\/site\\\/preso-homem-que-confessou-ter-assassinado-marcelo-de-melo-martins\\\/#blogposting\",\"name\":\"Preso homem que confessou ter assassinado Marcelo de Melo Martins - A Not\\u00edcia Online\",\"headline\":\"Preso homem que confessou ter assassinado Marcelo de Melo Martins\",\"author\":{\"@id\":\"https:\\\/\\\/anoticiaonline.com.br\\\/site\\\/author\\\/juliana\\\/#author\"},\"publisher\":{\"@id\":\"https:\\\/\\\/anoticiaonline.com.br\\\/site\\\/#organization\"},\"image\":{\"@type\":\"ImageObject\",\"url\":\"https:\\\/\\\/anoticiaonline.com.br\\\/site\\\/wp-content\\\/uploads\\\/2017\\\/09\\\/dcc88713-89b3-4944-b8b6-150881595169.jpg\",\"width\":360,\"height\":640,\"caption\":\"Cr\\u00e9ditos: ASCOM PCMG\"},\"datePublished\":\"2017-09-27T11:40:56-03:00\",\"dateModified\":\"2017-09-27T11:45:44-03:00\",\"inLanguage\":\"pt-BR\",\"mainEntityOfPage\":{\"@id\":\"https:\\\/\\\/anoticiaonline.com.br\\\/site\\\/preso-homem-que-confessou-ter-assassinado-marcelo-de-melo-martins\\\/#webpage\"},\"isPartOf\":{\"@id\":\"https:\\\/\\\/anoticiaonline.com.br\\\/site\\\/preso-homem-que-confessou-ter-assassinado-marcelo-de-melo-martins\\\/#webpage\"},\"articleSection\":\"Blog, assassinato, briga, crime, homic\\u00eddio, Muria\\u00e9, slide\"},{\"@type\":\"BreadcrumbList\",\"@id\":\"https:\\\/\\\/anoticiaonline.com.br\\\/site\\\/preso-homem-que-confessou-ter-assassinado-marcelo-de-melo-martins\\\/#breadcrumblist\",\"itemListElement\":[{\"@type\":\"ListItem\",\"@id\":\"https:\\\/\\\/anoticiaonline.com.br\\\/site#listItem\",\"position\":1,\"name\":\"Home\",\"item\":\"https:\\\/\\\/anoticiaonline.com.br\\\/site\",\"nextItem\":{\"@type\":\"ListItem\",\"@id\":\"https:\\\/\\\/anoticiaonline.com.br\\\/site\\\/categoria\\\/muriae\\\/#listItem\",\"name\":\"Blog\"}},{\"@type\":\"ListItem\",\"@id\":\"https:\\\/\\\/anoticiaonline.com.br\\\/site\\\/categoria\\\/muriae\\\/#listItem\",\"position\":2,\"name\":\"Blog\",\"item\":\"https:\\\/\\\/anoticiaonline.com.br\\\/site\\\/categoria\\\/muriae\\\/\",\"nextItem\":{\"@type\":\"ListItem\",\"@id\":\"https:\\\/\\\/anoticiaonline.com.br\\\/site\\\/preso-homem-que-confessou-ter-assassinado-marcelo-de-melo-martins\\\/#listItem\",\"name\":\"Preso homem que confessou ter assassinado Marcelo de Melo Martins\"},\"previousItem\":{\"@type\":\"ListItem\",\"@id\":\"https:\\\/\\\/anoticiaonline.com.br\\\/site#listItem\",\"name\":\"Home\"}},{\"@type\":\"ListItem\",\"@id\":\"https:\\\/\\\/anoticiaonline.com.br\\\/site\\\/preso-homem-que-confessou-ter-assassinado-marcelo-de-melo-martins\\\/#listItem\",\"position\":3,\"name\":\"Preso homem que confessou ter assassinado Marcelo de Melo Martins\",\"previousItem\":{\"@type\":\"ListItem\",\"@id\":\"https:\\\/\\\/anoticiaonline.com.br\\\/site\\\/categoria\\\/muriae\\\/#listItem\",\"name\":\"Blog\"}}]},{\"@type\":\"Organization\",\"@id\":\"https:\\\/\\\/anoticiaonline.com.br\\\/site\\\/#organization\",\"name\":\"A Not\\u00edcia Online\",\"description\":\"Noticias de Muria\\u00e9 e regi\\u00e3o\",\"url\":\"https:\\\/\\\/anoticiaonline.com.br\\\/site\\\/\",\"logo\":{\"@type\":\"ImageObject\",\"url\":\"https:\\\/\\\/scontent-gig4-1.xx.fbcdn.net\\\/v\\\/t39.30808-1\\\/270437624_4564083193639691_6907940295614233970_n.jpg?stp=dst-jpg_s200x200_tt6&_nc_cat=111&ccb=1-7&_nc_sid=f907e8&_nc_ohc=SM1wRlP3lJwQ7kNvwEPuBYA&_nc_oc=AdnqrjDN_BNjSSHWO-GbkIWH6fkGMLw4bqvL_NH6e2wMveX7G-rP2dAqsDSq1mJMOaY&_nc_zt=24&_nc_ht=scontent-gig4-1.xx&_nc_gid=AoBFJeGrT1hVaew_6rchkQ&oh=00_AfX7QmFGhQhG2jAllVgXCiM1ZrWgvtp80-Bfppyexh1QEg&oe=689E923C\",\"@id\":\"https:\\\/\\\/anoticiaonline.com.br\\\/site\\\/preso-homem-que-confessou-ter-assassinado-marcelo-de-melo-martins\\\/#organizationLogo\"},\"image\":{\"@id\":\"https:\\\/\\\/anoticiaonline.com.br\\\/site\\\/preso-homem-que-confessou-ter-assassinado-marcelo-de-melo-martins\\\/#organizationLogo\"}},{\"@type\":\"Person\",\"@id\":\"https:\\\/\\\/anoticiaonline.com.br\\\/site\\\/author\\\/juliana\\\/#author\",\"url\":\"https:\\\/\\\/anoticiaonline.com.br\\\/site\\\/author\\\/juliana\\\/\",\"name\":\"Juliana Laviola\",\"image\":{\"@type\":\"ImageObject\",\"@id\":\"https:\\\/\\\/anoticiaonline.com.br\\\/site\\\/preso-homem-que-confessou-ter-assassinado-marcelo-de-melo-martins\\\/#authorImage\",\"url\":\"https:\\\/\\\/secure.gravatar.com\\\/avatar\\\/b8d45f5c699b100dfaf0e543582f38f38bf94cb7ae3a5e9abf8d891a34773335?s=96&d=mm&r=g\",\"width\":96,\"height\":96,\"caption\":\"Juliana Laviola\"}},{\"@type\":\"WebPage\",\"@id\":\"https:\\\/\\\/anoticiaonline.com.br\\\/site\\\/preso-homem-que-confessou-ter-assassinado-marcelo-de-melo-martins\\\/#webpage\",\"url\":\"https:\\\/\\\/anoticiaonline.com.br\\\/site\\\/preso-homem-que-confessou-ter-assassinado-marcelo-de-melo-martins\\\/\",\"name\":\"Preso homem que confessou ter assassinado Marcelo de Melo Martins - A Not\\u00edcia Online\",\"description\":\"Na manh\\u00e3 de quarta feira (27), a Pol\\u00edcia Civil de Minas Gerais cumpriu mandado de pris\\u00e3o preventiva do homem, de 39 ANOS, que confessou ter matado Marcelo de Melo Martins, no Bairro Dornelas, no dia 10 do m\\u00eas passado, ap\\u00f3s uma discuss\\u00e3o em um acidente de tr\\u00e2nsito. A v\\u00edtima foi baleada dentro de casa, em\",\"inLanguage\":\"pt-BR\",\"isPartOf\":{\"@id\":\"https:\\\/\\\/anoticiaonline.com.br\\\/site\\\/#website\"},\"breadcrumb\":{\"@id\":\"https:\\\/\\\/anoticiaonline.com.br\\\/site\\\/preso-homem-que-confessou-ter-assassinado-marcelo-de-melo-martins\\\/#breadcrumblist\"},\"author\":{\"@id\":\"https:\\\/\\\/anoticiaonline.com.br\\\/site\\\/author\\\/juliana\\\/#author\"},\"creator\":{\"@id\":\"https:\\\/\\\/anoticiaonline.com.br\\\/site\\\/author\\\/juliana\\\/#author\"},\"image\":{\"@type\":\"ImageObject\",\"url\":\"https:\\\/\\\/anoticiaonline.com.br\\\/site\\\/wp-content\\\/uploads\\\/2017\\\/09\\\/dcc88713-89b3-4944-b8b6-150881595169.jpg\",\"@id\":\"https:\\\/\\\/anoticiaonline.com.br\\\/site\\\/preso-homem-que-confessou-ter-assassinado-marcelo-de-melo-martins\\\/#mainImage\",\"width\":360,\"height\":640,\"caption\":\"Cr\\u00e9ditos: ASCOM PCMG\"},\"primaryImageOfPage\":{\"@id\":\"https:\\\/\\\/anoticiaonline.com.br\\\/site\\\/preso-homem-que-confessou-ter-assassinado-marcelo-de-melo-martins\\\/#mainImage\"},\"datePublished\":\"2017-09-27T11:40:56-03:00\",\"dateModified\":\"2017-09-27T11:45:44-03:00\"},{\"@type\":\"WebSite\",\"@id\":\"https:\\\/\\\/anoticiaonline.com.br\\\/site\\\/#website\",\"url\":\"https:\\\/\\\/anoticiaonline.com.br\\\/site\\\/\",\"name\":\"A Not\\u00edcia Online\",\"description\":\"Noticias de Muria\\u00e9 e regi\\u00e3o\",\"inLanguage\":\"pt-BR\",\"publisher\":{\"@id\":\"https:\\\/\\\/anoticiaonline.com.br\\\/site\\\/#organization\"}}]}\n\t\t<\/script>\n\t\t<!-- All in One SEO -->\n\n","aioseo_head_json":{"title":"Preso homem que confessou ter assassinado Marcelo de Melo Martins - A Not\u00edcia Online","description":"Na manh\u00e3 de quarta feira (27), a Pol\u00edcia Civil de Minas Gerais cumpriu mandado de pris\u00e3o preventiva do homem, de 39 ANOS, que confessou ter matado Marcelo de Melo Martins, no Bairro Dornelas, no dia 10 do m\u00eas passado, ap\u00f3s uma discuss\u00e3o em um acidente de tr\u00e2nsito. A v\u00edtima foi baleada dentro de casa, em","canonical_url":"https:\/\/anoticiaonline.com.br\/site\/preso-homem-que-confessou-ter-assassinado-marcelo-de-melo-martins\/","robots":"max-image-preview:large","keywords":"","webmasterTools":{"miscellaneous":""},"schema":{"@context":"https:\/\/schema.org","@graph":[{"@type":"BlogPosting","@id":"https:\/\/anoticiaonline.com.br\/site\/preso-homem-que-confessou-ter-assassinado-marcelo-de-melo-martins\/#blogposting","name":"Preso homem que confessou ter assassinado Marcelo de Melo Martins - A Not\u00edcia Online","headline":"Preso homem que confessou ter assassinado Marcelo de Melo Martins","author":{"@id":"https:\/\/anoticiaonline.com.br\/site\/author\/juliana\/#author"},"publisher":{"@id":"https:\/\/anoticiaonline.com.br\/site\/#organization"},"image":{"@type":"ImageObject","url":"https:\/\/anoticiaonline.com.br\/site\/wp-content\/uploads\/2017\/09\/dcc88713-89b3-4944-b8b6-150881595169.jpg","width":360,"height":640,"caption":"Cr\u00e9ditos: ASCOM PCMG"},"datePublished":"2017-09-27T11:40:56-03:00","dateModified":"2017-09-27T11:45:44-03:00","inLanguage":"pt-BR","mainEntityOfPage":{"@id":"https:\/\/anoticiaonline.com.br\/site\/preso-homem-que-confessou-ter-assassinado-marcelo-de-melo-martins\/#webpage"},"isPartOf":{"@id":"https:\/\/anoticiaonline.com.br\/site\/preso-homem-que-confessou-ter-assassinado-marcelo-de-melo-martins\/#webpage"},"articleSection":"Blog, assassinato, briga, crime, homic\u00eddio, Muria\u00e9, slide"},{"@type":"BreadcrumbList","@id":"https:\/\/anoticiaonline.com.br\/site\/preso-homem-que-confessou-ter-assassinado-marcelo-de-melo-martins\/#breadcrumblist","itemListElement":[{"@type":"ListItem","@id":"https:\/\/anoticiaonline.com.br\/site#listItem","position":1,"name":"Home","item":"https:\/\/anoticiaonline.com.br\/site","nextItem":{"@type":"ListItem","@id":"https:\/\/anoticiaonline.com.br\/site\/categoria\/muriae\/#listItem","name":"Blog"}},{"@type":"ListItem","@id":"https:\/\/anoticiaonline.com.br\/site\/categoria\/muriae\/#listItem","position":2,"name":"Blog","item":"https:\/\/anoticiaonline.com.br\/site\/categoria\/muriae\/","nextItem":{"@type":"ListItem","@id":"https:\/\/anoticiaonline.com.br\/site\/preso-homem-que-confessou-ter-assassinado-marcelo-de-melo-martins\/#listItem","name":"Preso homem que confessou ter assassinado Marcelo de Melo Martins"},"previousItem":{"@type":"ListItem","@id":"https:\/\/anoticiaonline.com.br\/site#listItem","name":"Home"}},{"@type":"ListItem","@id":"https:\/\/anoticiaonline.com.br\/site\/preso-homem-que-confessou-ter-assassinado-marcelo-de-melo-martins\/#listItem","position":3,"name":"Preso homem que confessou ter assassinado Marcelo de Melo Martins","previousItem":{"@type":"ListItem","@id":"https:\/\/anoticiaonline.com.br\/site\/categoria\/muriae\/#listItem","name":"Blog"}}]},{"@type":"Organization","@id":"https:\/\/anoticiaonline.com.br\/site\/#organization","name":"A Not\u00edcia Online","description":"Noticias de Muria\u00e9 e regi\u00e3o","url":"https:\/\/anoticiaonline.com.br\/site\/","logo":{"@type":"ImageObject","url":"https:\/\/scontent-gig4-1.xx.fbcdn.net\/v\/t39.30808-1\/270437624_4564083193639691_6907940295614233970_n.jpg?stp=dst-jpg_s200x200_tt6&_nc_cat=111&ccb=1-7&_nc_sid=f907e8&_nc_ohc=SM1wRlP3lJwQ7kNvwEPuBYA&_nc_oc=AdnqrjDN_BNjSSHWO-GbkIWH6fkGMLw4bqvL_NH6e2wMveX7G-rP2dAqsDSq1mJMOaY&_nc_zt=24&_nc_ht=scontent-gig4-1.xx&_nc_gid=AoBFJeGrT1hVaew_6rchkQ&oh=00_AfX7QmFGhQhG2jAllVgXCiM1ZrWgvtp80-Bfppyexh1QEg&oe=689E923C","@id":"https:\/\/anoticiaonline.com.br\/site\/preso-homem-que-confessou-ter-assassinado-marcelo-de-melo-martins\/#organizationLogo"},"image":{"@id":"https:\/\/anoticiaonline.com.br\/site\/preso-homem-que-confessou-ter-assassinado-marcelo-de-melo-martins\/#organizationLogo"}},{"@type":"Person","@id":"https:\/\/anoticiaonline.com.br\/site\/author\/juliana\/#author","url":"https:\/\/anoticiaonline.com.br\/site\/author\/juliana\/","name":"Juliana Laviola","image":{"@type":"ImageObject","@id":"https:\/\/anoticiaonline.com.br\/site\/preso-homem-que-confessou-ter-assassinado-marcelo-de-melo-martins\/#authorImage","url":"https:\/\/secure.gravatar.com\/avatar\/b8d45f5c699b100dfaf0e543582f38f38bf94cb7ae3a5e9abf8d891a34773335?s=96&d=mm&r=g","width":96,"height":96,"caption":"Juliana Laviola"}},{"@type":"WebPage","@id":"https:\/\/anoticiaonline.com.br\/site\/preso-homem-que-confessou-ter-assassinado-marcelo-de-melo-martins\/#webpage","url":"https:\/\/anoticiaonline.com.br\/site\/preso-homem-que-confessou-ter-assassinado-marcelo-de-melo-martins\/","name":"Preso homem que confessou ter assassinado Marcelo de Melo Martins - A Not\u00edcia Online","description":"Na manh\u00e3 de quarta feira (27), a Pol\u00edcia Civil de Minas Gerais cumpriu mandado de pris\u00e3o preventiva do homem, de 39 ANOS, que confessou ter matado Marcelo de Melo Martins, no Bairro Dornelas, no dia 10 do m\u00eas passado, ap\u00f3s uma discuss\u00e3o em um acidente de tr\u00e2nsito. A v\u00edtima foi baleada dentro de casa, em","inLanguage":"pt-BR","isPartOf":{"@id":"https:\/\/anoticiaonline.com.br\/site\/#website"},"breadcrumb":{"@id":"https:\/\/anoticiaonline.com.br\/site\/preso-homem-que-confessou-ter-assassinado-marcelo-de-melo-martins\/#breadcrumblist"},"author":{"@id":"https:\/\/anoticiaonline.com.br\/site\/author\/juliana\/#author"},"creator":{"@id":"https:\/\/anoticiaonline.com.br\/site\/author\/juliana\/#author"},"image":{"@type":"ImageObject","url":"https:\/\/anoticiaonline.com.br\/site\/wp-content\/uploads\/2017\/09\/dcc88713-89b3-4944-b8b6-150881595169.jpg","@id":"https:\/\/anoticiaonline.com.br\/site\/preso-homem-que-confessou-ter-assassinado-marcelo-de-melo-martins\/#mainImage","width":360,"height":640,"caption":"Cr\u00e9ditos: ASCOM PCMG"},"primaryImageOfPage":{"@id":"https:\/\/anoticiaonline.com.br\/site\/preso-homem-que-confessou-ter-assassinado-marcelo-de-melo-martins\/#mainImage"},"datePublished":"2017-09-27T11:40:56-03:00","dateModified":"2017-09-27T11:45:44-03:00"},{"@type":"WebSite","@id":"https:\/\/anoticiaonline.com.br\/site\/#website","url":"https:\/\/anoticiaonline.com.br\/site\/","name":"A Not\u00edcia Online","description":"Noticias de Muria\u00e9 e regi\u00e3o","inLanguage":"pt-BR","publisher":{"@id":"https:\/\/anoticiaonline.com.br\/site\/#organization"}}]},"og:locale":"pt_BR","og:site_name":"A Not\u00edcia Online - Noticias de Muria\u00e9 e regi\u00e3o","og:type":"article","og:title":"Preso homem que confessou ter assassinado Marcelo de Melo Martins - A Not\u00edcia Online","og:description":"Na manh\u00e3 de quarta feira (27), a Pol\u00edcia Civil de Minas Gerais cumpriu mandado de pris\u00e3o preventiva do homem, de 39 ANOS, que confessou ter matado Marcelo de Melo Martins, no Bairro Dornelas, no dia 10 do m\u00eas passado, ap\u00f3s uma discuss\u00e3o em um acidente de tr\u00e2nsito. A v\u00edtima foi baleada dentro de casa, em","og:url":"https:\/\/anoticiaonline.com.br\/site\/preso-homem-que-confessou-ter-assassinado-marcelo-de-melo-martins\/","og:image":"https:\/\/scontent-gig4-1.xx.fbcdn.net\/v\/t39.30808-1\/270437624_4564083193639691_6907940295614233970_n.jpg?stp=dst-jpg_s200x200_tt6&#038;_nc_cat=111&#038;ccb=1-7&#038;_nc_sid=f907e8&#038;_nc_ohc=SM1wRlP3lJwQ7kNvwEPuBYA&#038;_nc_oc=AdnqrjDN_BNjSSHWO-GbkIWH6fkGMLw4bqvL_NH6e2wMveX7G-rP2dAqsDSq1mJMOaY&#038;_nc_zt=24&#038;_nc_ht=scontent-gig4-1.xx&#038;_nc_gid=AoBFJeGrT1hVaew_6rchkQ&#038;oh=00_AfX7QmFGhQhG2jAllVgXCiM1ZrWgvtp80-Bfppyexh1QEg&#038;oe=689E923C","og:image:secure_url":"https:\/\/scontent-gig4-1.xx.fbcdn.net\/v\/t39.30808-1\/270437624_4564083193639691_6907940295614233970_n.jpg?stp=dst-jpg_s200x200_tt6&#038;_nc_cat=111&#038;ccb=1-7&#038;_nc_sid=f907e8&#038;_nc_ohc=SM1wRlP3lJwQ7kNvwEPuBYA&#038;_nc_oc=AdnqrjDN_BNjSSHWO-GbkIWH6fkGMLw4bqvL_NH6e2wMveX7G-rP2dAqsDSq1mJMOaY&#038;_nc_zt=24&#038;_nc_ht=scontent-gig4-1.xx&#038;_nc_gid=AoBFJeGrT1hVaew_6rchkQ&#038;oh=00_AfX7QmFGhQhG2jAllVgXCiM1ZrWgvtp80-Bfppyexh1QEg&#038;oe=689E923C","article:published_time":"2017-09-27T14:40:56+00:00","article:modified_time":"2017-09-27T14:45:44+00:00","twitter:card":"summary_large_image","twitter:title":"Preso homem que confessou ter assassinado Marcelo de Melo Martins - A Not\u00edcia Online","twitter:description":"Na manh\u00e3 de quarta feira (27), a Pol\u00edcia Civil de Minas Gerais cumpriu mandado de pris\u00e3o preventiva do homem, de 39 ANOS, que confessou ter matado Marcelo de Melo Martins, no Bairro Dornelas, no dia 10 do m\u00eas passado, ap\u00f3s uma discuss\u00e3o em um acidente de tr\u00e2nsito. A v\u00edtima foi baleada dentro de casa, em","twitter:image":"https:\/\/scontent-gig4-1.xx.fbcdn.net\/v\/t39.30808-1\/270437624_4564083193639691_6907940295614233970_n.jpg?stp=dst-jpg_s200x200_tt6&_nc_cat=111&ccb=1-7&_nc_sid=f907e8&_nc_ohc=SM1wRlP3lJwQ7kNvwEPuBYA&_nc_oc=AdnqrjDN_BNjSSHWO-GbkIWH6fkGMLw4bqvL_NH6e2wMveX7G-rP2dAqsDSq1mJMOaY&_nc_zt=24&_nc_ht=scontent-gig4-1.xx&_nc_gid=AoBFJeGrT1hVaew_6rchkQ&oh=00_AfX7QmFGhQhG2jAllVgXCiM1ZrWgvtp80-Bfppyexh1QEg&oe=689E923C"},"aioseo_meta_data":{"post_id":"41374","title":null,"description":null,"keywords":null,"keyphrases":null,"primary_term":null,"canonical_url":null,"og_title":null,"og_description":null,"og_object_type":"default","og_image_type":"default","og_image_url":null,"og_image_width":null,"og_image_height":null,"og_image_custom_url":null,"og_image_custom_fields":null,"og_video":null,"og_custom_url":null,"og_article_section":null,"og_article_tags":null,"twitter_use_og":false,"twitter_card":"default","twitter_image_type":"default","twitter_image_url":null,"twitter_image_custom_url":null,"twitter_image_custom_fields":null,"twitter_title":null,"twitter_description":null,"schema":{"blockGraphs":[],"customGraphs":[],"default":{"data":{"Article":[],"Course":[],"Dataset":[],"FAQPage":[],"Movie":[],"Person":[],"Product":[],"ProductReview":[],"Car":[],"Recipe":[],"Service":[],"SoftwareApplication":[],"WebPage":[]},"graphName":"","isEnabled":true},"graphs":[]},"schema_type":"default","schema_type_options":null,"pillar_content":false,"robots_default":true,"robots_noindex":false,"robots_noarchive":false,"robots_nosnippet":false,"robots_nofollow":false,"robots_noimageindex":false,"robots_noodp":false,"robots_notranslate":false,"robots_max_snippet":null,"robots_max_videopreview":null,"robots_max_imagepreview":"large","priority":null,"frequency":null,"local_seo":null,"breadcrumb_settings":null,"limit_modified_date":false,"ai":null,"created":"2025-08-16 19:32:47","updated":"2025-08-16 19:32:47","focus_keyword":null,"additional_keywords":null,"truseo_locale":null,"seo_analyzer_scan_date":null},"aioseo_breadcrumb":"<div class=\"aioseo-breadcrumbs\"><span class=\"aioseo-breadcrumb\">\n\t\t\t<a href=\"https:\/\/anoticiaonline.com.br\/site\" title=\"Home\">Home<\/a>\n\t\t<\/span><span class=\"aioseo-breadcrumb-separator\">&raquo;<\/span><span class=\"aioseo-breadcrumb\">\n\t\t\t<a href=\"https:\/\/anoticiaonline.com.br\/site\/categoria\/muriae\/\" title=\"Blog\">Blog<\/a>\n\t\t<\/span><span class=\"aioseo-breadcrumb-separator\">&raquo;<\/span><span class=\"aioseo-breadcrumb\">\n\t\t\tPreso homem que confessou ter assassinado Marcelo de Melo Martins\n\t\t<\/span><\/div>","aioseo_breadcrumb_json":[{"label":"Home","link":"https:\/\/anoticiaonline.com.br\/site"},{"label":"Blog","link":"https:\/\/anoticiaonline.com.br\/site\/categoria\/muriae\/"},{"label":"Preso homem que confessou ter assassinado Marcelo de Melo Martins","link":"https:\/\/anoticiaonline.com.br\/site\/preso-homem-que-confessou-ter-assassinado-marcelo-de-melo-martins\/"}],"views":142,"_links":{"self":[{"href":"https:\/\/anoticiaonline.com.br\/site\/wp-json\/wp\/v2\/posts\/41374","targetHints":{"allow":["GET"]}}],"collection":[{"href":"https:\/\/anoticiaonline.com.br\/site\/wp-json\/wp\/v2\/posts"}],"about":[{"href":"https:\/\/anoticiaonline.com.br\/site\/wp-json\/wp\/v2\/types\/post"}],"author":[{"embeddable":true,"href":"https:\/\/anoticiaonline.com.br\/site\/wp-json\/wp\/v2\/users\/2"}],"replies":[{"embeddable":true,"href":"https:\/\/anoticiaonline.com.br\/site\/wp-json\/wp\/v2\/comments?post=41374"}],"version-history":[{"count":0,"href":"https:\/\/anoticiaonline.com.br\/site\/wp-json\/wp\/v2\/posts\/41374\/revisions"}],"wp:featuredmedia":[{"embeddable":true,"href":"https:\/\/anoticiaonline.com.br\/site\/wp-json\/wp\/v2\/media\/41367"}],"wp:attachment":[{"href":"https:\/\/anoticiaonline.com.br\/site\/wp-json\/wp\/v2\/media?parent=41374"}],"wp:term":[{"taxonomy":"category","embeddable":true,"href":"https:\/\/anoticiaonline.com.br\/site\/wp-json\/wp\/v2\/categories?post=41374"},{"taxonomy":"post_tag","embeddable":true,"href":"https:\/\/anoticiaonline.com.br\/site\/wp-json\/wp\/v2\/tags?post=41374"}],"curies":[{"name":"wp","href":"https:\/\/api.w.org\/{rel}","templated":true}]}}