{"id":41336,"date":"2017-09-22T17:47:30","date_gmt":"2017-09-22T20:47:30","guid":{"rendered":"http:\/\/anoticiaonline.com.br\/site\/?p=41336"},"modified":"2017-09-26T17:51:45","modified_gmt":"2017-09-26T20:51:45","slug":"escola-municipal-jose-miguel-muahad-comemora-o-dia-do-muriaeense","status":"publish","type":"post","link":"https:\/\/anoticiaonline.com.br\/site\/escola-municipal-jose-miguel-muahad-comemora-o-dia-do-muriaeense\/","title":{"rendered":"Escola Municipal Jos\u00e9 Miguel Muahad comemora o Dia do Muriaeense"},"content":{"rendered":"<p>A Escola Municipal Jos\u00e9 Miguel Muahad participou na manh\u00e3 de quarta-feira (6), Dia do Muriaeense, do tradicional desfile na Pra\u00e7a Jo\u00e3o Pinheiro. Os alunos da institui\u00e7\u00e3o fizeram parte da ala que abordou o tema \u201cReligiosidade\u201d, ao som da Banda Marcial C\u00e2ndido Portinari.<a href=\"https:\/\/anoticiaonline.com.br\/site\/wp-content\/uploads\/2017\/09\/DSC_0181-1.jpg\"><img fetchpriority=\"high\" decoding=\"async\" class=\"alignleft size-medium wp-image-41337\" src=\"https:\/\/anoticiaonline.com.br\/site\/wp-content\/uploads\/2017\/09\/DSC_0181-1-300x200.jpg\" alt=\"\" width=\"300\" height=\"200\" srcset=\"https:\/\/anoticiaonline.com.br\/site\/wp-content\/uploads\/2017\/09\/DSC_0181-1-300x200.jpg 300w, https:\/\/anoticiaonline.com.br\/site\/wp-content\/uploads\/2017\/09\/DSC_0181-1-290x192.jpg 290w, https:\/\/anoticiaonline.com.br\/site\/wp-content\/uploads\/2017\/09\/DSC_0181-1.jpg 640w\" sizes=\"(max-width: 300px) 100vw, 300px\" \/><\/a> <a href=\"https:\/\/anoticiaonline.com.br\/site\/wp-content\/uploads\/2017\/09\/DSC_0185.jpg\"><img decoding=\"async\" class=\"alignleft size-medium wp-image-41338\" src=\"https:\/\/anoticiaonline.com.br\/site\/wp-content\/uploads\/2017\/09\/DSC_0185-300x200.jpg\" alt=\"\" width=\"300\" height=\"200\" srcset=\"https:\/\/anoticiaonline.com.br\/site\/wp-content\/uploads\/2017\/09\/DSC_0185-300x200.jpg 300w, https:\/\/anoticiaonline.com.br\/site\/wp-content\/uploads\/2017\/09\/DSC_0185-290x192.jpg 290w, https:\/\/anoticiaonline.com.br\/site\/wp-content\/uploads\/2017\/09\/DSC_0185.jpg 640w\" sizes=\"(max-width: 300px) 100vw, 300px\" \/><\/a> <a href=\"https:\/\/anoticiaonline.com.br\/site\/wp-content\/uploads\/2017\/09\/DSC_0202.jpg\"><img decoding=\"async\" class=\"alignleft size-medium wp-image-41339\" src=\"https:\/\/anoticiaonline.com.br\/site\/wp-content\/uploads\/2017\/09\/DSC_0202-300x200.jpg\" alt=\"\" width=\"300\" height=\"200\" srcset=\"https:\/\/anoticiaonline.com.br\/site\/wp-content\/uploads\/2017\/09\/DSC_0202-300x200.jpg 300w, https:\/\/anoticiaonline.com.br\/site\/wp-content\/uploads\/2017\/09\/DSC_0202-290x192.jpg 290w, https:\/\/anoticiaonline.com.br\/site\/wp-content\/uploads\/2017\/09\/DSC_0202.jpg 640w\" sizes=\"(max-width: 300px) 100vw, 300px\" \/><\/a> <a href=\"https:\/\/anoticiaonline.com.br\/site\/wp-content\/uploads\/2017\/09\/DSC_0534.jpg\"><img loading=\"lazy\" decoding=\"async\" class=\"alignleft size-medium wp-image-41340\" src=\"https:\/\/anoticiaonline.com.br\/site\/wp-content\/uploads\/2017\/09\/DSC_0534-300x200.jpg\" alt=\"\" width=\"300\" height=\"200\" srcset=\"https:\/\/anoticiaonline.com.br\/site\/wp-content\/uploads\/2017\/09\/DSC_0534-300x200.jpg 300w, https:\/\/anoticiaonline.com.br\/site\/wp-content\/uploads\/2017\/09\/DSC_0534-290x192.jpg 290w, https:\/\/anoticiaonline.com.br\/site\/wp-content\/uploads\/2017\/09\/DSC_0534.jpg 640w\" sizes=\"(max-width: 300px) 100vw, 300px\" \/><\/a><\/p>\n<p><strong>Sobre a Escola Municipal Jos\u00e9 Miguel Muahad<\/strong> &#8211; Localizada no bairro da Barra, conta com 40 funcion\u00e1rios, atendendo da creche \u00e0 Educa\u00e7\u00e3o Infantil, totalizando 320 crian\u00e7as. Est\u00e1 sob a dire\u00e7\u00e3o de Cl\u00e1udia Aparecida da Silva Alves e da diretora adjunta Ana Cl\u00e1udia da Silveira Neves.<\/p>\n<p>A escola destacou algumas das tradi\u00e7\u00f5es religiosas em Muria\u00e9. Uma delas \u00e9 a coroa\u00e7\u00e3o, uma tradi\u00e7\u00e3o da Igreja Cat\u00f3lica, que acontece no m\u00eas de maio, na qual as crian\u00e7as vestidas de anjo prestam homenagem \u00e0 Nossa Senhora.<\/p>\n<p>A escola tamb\u00e9m homenageou a Oficina da Alegria, o projeto, criado em 2004, com 36 componentes, \u00e9 coordenado por Adilson Duarte, que tem como objetivo realizar visitas ao hospital S\u00e3o Paulo, funda\u00e7\u00e3o Cristiano Varella e resid\u00eancias, levando alegria aos pacientes atrav\u00e9s de louvores e bate-papo. Minist\u00e9rio da Igreja Batista do Parque Safira.<\/p>\n","protected":false},"excerpt":{"rendered":"<p>A Escola Municipal Jos\u00e9 Miguel Muahad participou na manh\u00e3 de quarta-feira (6), Dia do Muriaeense, do tradicional desfile na Pra\u00e7a Jo\u00e3o Pinheiro. Os alunos da institui\u00e7\u00e3o fizeram parte da ala que abordou o tema \u201cReligiosidade\u201d, ao som da Banda Marcial C\u00e2ndido Portinari. Sobre a Escola Municipal Jos\u00e9 Miguel Muahad &#8211; Localizada no bairro da Barra, &#8230; <a title=\"Escola Municipal Jos\u00e9 Miguel Muahad comemora o Dia do Muriaeense\" class=\"read-more\" href=\"https:\/\/anoticiaonline.com.br\/site\/escola-municipal-jose-miguel-muahad-comemora-o-dia-do-muriaeense\/\" aria-label=\"Read more about Escola Municipal Jos\u00e9 Miguel Muahad comemora o Dia do Muriaeense\">Ler mais<\/a><\/p>\n","protected":false},"author":2,"featured_media":41337,"comment_status":"open","ping_status":"open","sticky":false,"template":"","format":"standard","meta":{"_acf_changed":false,"_monsterinsights_skip_tracking":false,"footnotes":""},"categories":[30],"tags":[1196,1195],"class_list":["post-41336","post","type-post","status-publish","format-standard","has-post-thumbnail","hentry","category-muriae","tag-escola-desfile","tag-jose-miguel-muahad"],"acf":[],"aioseo_notices":[],"aioseo_head":"\n\t\t<!-- All in One SEO 5.0.0.1 - aioseo.com -->\n\t<meta name=\"description\" content=\"A Escola Municipal Jos\u00e9 Miguel Muahad participou na manh\u00e3 de quarta-feira (6), Dia do Muriaeense, do tradicional desfile na Pra\u00e7a Jo\u00e3o Pinheiro. Os alunos da institui\u00e7\u00e3o fizeram parte da ala que abordou o tema \u201cReligiosidade\u201d, ao som da Banda Marcial C\u00e2ndido Portinari. Sobre a Escola Municipal Jos\u00e9 Miguel Muahad - Localizada no bairro da Barra,\" \/>\n\t<meta name=\"robots\" content=\"max-image-preview:large\" \/>\n\t<meta name=\"author\" content=\"Juliana Laviola\"\/>\n\t<link rel=\"canonical\" href=\"https:\/\/anoticiaonline.com.br\/site\/escola-municipal-jose-miguel-muahad-comemora-o-dia-do-muriaeense\/\" \/>\n\t<meta name=\"generator\" content=\"All in One SEO (AIOSEO) 5.0.0.1\" \/>\n\t\t<meta property=\"og:locale\" content=\"pt_BR\" \/>\n\t\t<meta property=\"og:site_name\" content=\"A Not\u00edcia Online - Noticias de Muria\u00e9 e regi\u00e3o\" \/>\n\t\t<meta property=\"og:type\" content=\"article\" \/>\n\t\t<meta property=\"og:title\" content=\"Escola Municipal Jos\u00e9 Miguel Muahad comemora o Dia do Muriaeense - A Not\u00edcia Online\" \/>\n\t\t<meta property=\"og:description\" content=\"A Escola Municipal Jos\u00e9 Miguel Muahad participou na manh\u00e3 de quarta-feira (6), Dia do Muriaeense, do tradicional desfile na Pra\u00e7a Jo\u00e3o Pinheiro. Os alunos da institui\u00e7\u00e3o fizeram parte da ala que abordou o tema \u201cReligiosidade\u201d, ao som da Banda Marcial C\u00e2ndido Portinari. Sobre a Escola Municipal Jos\u00e9 Miguel Muahad - Localizada no bairro da Barra,\" \/>\n\t\t<meta property=\"og:url\" content=\"https:\/\/anoticiaonline.com.br\/site\/escola-municipal-jose-miguel-muahad-comemora-o-dia-do-muriaeense\/\" \/>\n\t\t<meta property=\"og:image\" content=\"https:\/\/scontent-gig4-1.xx.fbcdn.net\/v\/t39.30808-1\/270437624_4564083193639691_6907940295614233970_n.jpg?stp=dst-jpg_s200x200_tt6&#038;_nc_cat=111&#038;ccb=1-7&#038;_nc_sid=f907e8&#038;_nc_ohc=SM1wRlP3lJwQ7kNvwEPuBYA&#038;_nc_oc=AdnqrjDN_BNjSSHWO-GbkIWH6fkGMLw4bqvL_NH6e2wMveX7G-rP2dAqsDSq1mJMOaY&#038;_nc_zt=24&#038;_nc_ht=scontent-gig4-1.xx&#038;_nc_gid=AoBFJeGrT1hVaew_6rchkQ&#038;oh=00_AfX7QmFGhQhG2jAllVgXCiM1ZrWgvtp80-Bfppyexh1QEg&#038;oe=689E923C\" \/>\n\t\t<meta property=\"og:image:secure_url\" content=\"https:\/\/scontent-gig4-1.xx.fbcdn.net\/v\/t39.30808-1\/270437624_4564083193639691_6907940295614233970_n.jpg?stp=dst-jpg_s200x200_tt6&#038;_nc_cat=111&#038;ccb=1-7&#038;_nc_sid=f907e8&#038;_nc_ohc=SM1wRlP3lJwQ7kNvwEPuBYA&#038;_nc_oc=AdnqrjDN_BNjSSHWO-GbkIWH6fkGMLw4bqvL_NH6e2wMveX7G-rP2dAqsDSq1mJMOaY&#038;_nc_zt=24&#038;_nc_ht=scontent-gig4-1.xx&#038;_nc_gid=AoBFJeGrT1hVaew_6rchkQ&#038;oh=00_AfX7QmFGhQhG2jAllVgXCiM1ZrWgvtp80-Bfppyexh1QEg&#038;oe=689E923C\" \/>\n\t\t<meta property=\"article:published_time\" content=\"2017-09-22T20:47:30+00:00\" \/>\n\t\t<meta property=\"article:modified_time\" content=\"2017-09-26T20:51:45+00:00\" \/>\n\t\t<meta name=\"twitter:card\" content=\"summary_large_image\" \/>\n\t\t<meta name=\"twitter:title\" content=\"Escola Municipal Jos\u00e9 Miguel Muahad comemora o Dia do Muriaeense - A Not\u00edcia Online\" \/>\n\t\t<meta name=\"twitter:description\" content=\"A Escola Municipal Jos\u00e9 Miguel Muahad participou na manh\u00e3 de quarta-feira (6), Dia do Muriaeense, do tradicional desfile na Pra\u00e7a Jo\u00e3o Pinheiro. Os alunos da institui\u00e7\u00e3o fizeram parte da ala que abordou o tema \u201cReligiosidade\u201d, ao som da Banda Marcial C\u00e2ndido Portinari. Sobre a Escola Municipal Jos\u00e9 Miguel Muahad - Localizada no bairro da Barra,\" \/>\n\t\t<meta name=\"twitter:image\" content=\"https:\/\/scontent-gig4-1.xx.fbcdn.net\/v\/t39.30808-1\/270437624_4564083193639691_6907940295614233970_n.jpg?stp=dst-jpg_s200x200_tt6&amp;_nc_cat=111&amp;ccb=1-7&amp;_nc_sid=f907e8&amp;_nc_ohc=SM1wRlP3lJwQ7kNvwEPuBYA&amp;_nc_oc=AdnqrjDN_BNjSSHWO-GbkIWH6fkGMLw4bqvL_NH6e2wMveX7G-rP2dAqsDSq1mJMOaY&amp;_nc_zt=24&amp;_nc_ht=scontent-gig4-1.xx&amp;_nc_gid=AoBFJeGrT1hVaew_6rchkQ&amp;oh=00_AfX7QmFGhQhG2jAllVgXCiM1ZrWgvtp80-Bfppyexh1QEg&amp;oe=689E923C\" \/>\n\t\t<script type=\"application\/ld+json\" class=\"aioseo-schema\">\n\t\t\t{\"@context\":\"https:\\\/\\\/schema.org\",\"@graph\":[{\"@type\":\"BlogPosting\",\"@id\":\"https:\\\/\\\/anoticiaonline.com.br\\\/site\\\/escola-municipal-jose-miguel-muahad-comemora-o-dia-do-muriaeense\\\/#blogposting\",\"name\":\"Escola Municipal Jos\\u00e9 Miguel Muahad comemora o Dia do Muriaeense - A Not\\u00edcia Online\",\"headline\":\"Escola Municipal Jos\\u00e9 Miguel Muahad comemora o Dia do Muriaeense\",\"author\":{\"@id\":\"https:\\\/\\\/anoticiaonline.com.br\\\/site\\\/author\\\/juliana\\\/#author\"},\"publisher\":{\"@id\":\"https:\\\/\\\/anoticiaonline.com.br\\\/site\\\/#organization\"},\"image\":{\"@type\":\"ImageObject\",\"url\":\"https:\\\/\\\/anoticiaonline.com.br\\\/site\\\/wp-content\\\/uploads\\\/2017\\\/09\\\/DSC_0181-1.jpg\",\"width\":640,\"height\":426},\"datePublished\":\"2017-09-22T17:47:30-03:00\",\"dateModified\":\"2017-09-26T17:51:45-03:00\",\"inLanguage\":\"pt-BR\",\"mainEntityOfPage\":{\"@id\":\"https:\\\/\\\/anoticiaonline.com.br\\\/site\\\/escola-municipal-jose-miguel-muahad-comemora-o-dia-do-muriaeense\\\/#webpage\"},\"isPartOf\":{\"@id\":\"https:\\\/\\\/anoticiaonline.com.br\\\/site\\\/escola-municipal-jose-miguel-muahad-comemora-o-dia-do-muriaeense\\\/#webpage\"},\"articleSection\":\"Blog, Escola Desfile, Jos\\u00e9 Miguel Muahad\"},{\"@type\":\"BreadcrumbList\",\"@id\":\"https:\\\/\\\/anoticiaonline.com.br\\\/site\\\/escola-municipal-jose-miguel-muahad-comemora-o-dia-do-muriaeense\\\/#breadcrumblist\",\"itemListElement\":[{\"@type\":\"ListItem\",\"@id\":\"https:\\\/\\\/anoticiaonline.com.br\\\/site#listItem\",\"position\":1,\"name\":\"Home\",\"item\":\"https:\\\/\\\/anoticiaonline.com.br\\\/site\",\"nextItem\":{\"@type\":\"ListItem\",\"@id\":\"https:\\\/\\\/anoticiaonline.com.br\\\/site\\\/categoria\\\/muriae\\\/#listItem\",\"name\":\"Blog\"}},{\"@type\":\"ListItem\",\"@id\":\"https:\\\/\\\/anoticiaonline.com.br\\\/site\\\/categoria\\\/muriae\\\/#listItem\",\"position\":2,\"name\":\"Blog\",\"item\":\"https:\\\/\\\/anoticiaonline.com.br\\\/site\\\/categoria\\\/muriae\\\/\",\"nextItem\":{\"@type\":\"ListItem\",\"@id\":\"https:\\\/\\\/anoticiaonline.com.br\\\/site\\\/escola-municipal-jose-miguel-muahad-comemora-o-dia-do-muriaeense\\\/#listItem\",\"name\":\"Escola Municipal Jos\\u00e9 Miguel Muahad comemora o Dia do Muriaeense\"},\"previousItem\":{\"@type\":\"ListItem\",\"@id\":\"https:\\\/\\\/anoticiaonline.com.br\\\/site#listItem\",\"name\":\"Home\"}},{\"@type\":\"ListItem\",\"@id\":\"https:\\\/\\\/anoticiaonline.com.br\\\/site\\\/escola-municipal-jose-miguel-muahad-comemora-o-dia-do-muriaeense\\\/#listItem\",\"position\":3,\"name\":\"Escola Municipal Jos\\u00e9 Miguel Muahad comemora o Dia do Muriaeense\",\"previousItem\":{\"@type\":\"ListItem\",\"@id\":\"https:\\\/\\\/anoticiaonline.com.br\\\/site\\\/categoria\\\/muriae\\\/#listItem\",\"name\":\"Blog\"}}]},{\"@type\":\"Organization\",\"@id\":\"https:\\\/\\\/anoticiaonline.com.br\\\/site\\\/#organization\",\"name\":\"A Not\\u00edcia Online\",\"description\":\"Noticias de Muria\\u00e9 e regi\\u00e3o\",\"url\":\"https:\\\/\\\/anoticiaonline.com.br\\\/site\\\/\",\"logo\":{\"@type\":\"ImageObject\",\"url\":\"https:\\\/\\\/scontent-gig4-1.xx.fbcdn.net\\\/v\\\/t39.30808-1\\\/270437624_4564083193639691_6907940295614233970_n.jpg?stp=dst-jpg_s200x200_tt6&_nc_cat=111&ccb=1-7&_nc_sid=f907e8&_nc_ohc=SM1wRlP3lJwQ7kNvwEPuBYA&_nc_oc=AdnqrjDN_BNjSSHWO-GbkIWH6fkGMLw4bqvL_NH6e2wMveX7G-rP2dAqsDSq1mJMOaY&_nc_zt=24&_nc_ht=scontent-gig4-1.xx&_nc_gid=AoBFJeGrT1hVaew_6rchkQ&oh=00_AfX7QmFGhQhG2jAllVgXCiM1ZrWgvtp80-Bfppyexh1QEg&oe=689E923C\",\"@id\":\"https:\\\/\\\/anoticiaonline.com.br\\\/site\\\/escola-municipal-jose-miguel-muahad-comemora-o-dia-do-muriaeense\\\/#organizationLogo\"},\"image\":{\"@id\":\"https:\\\/\\\/anoticiaonline.com.br\\\/site\\\/escola-municipal-jose-miguel-muahad-comemora-o-dia-do-muriaeense\\\/#organizationLogo\"}},{\"@type\":\"Person\",\"@id\":\"https:\\\/\\\/anoticiaonline.com.br\\\/site\\\/author\\\/juliana\\\/#author\",\"url\":\"https:\\\/\\\/anoticiaonline.com.br\\\/site\\\/author\\\/juliana\\\/\",\"name\":\"Juliana Laviola\",\"image\":{\"@type\":\"ImageObject\",\"@id\":\"https:\\\/\\\/anoticiaonline.com.br\\\/site\\\/escola-municipal-jose-miguel-muahad-comemora-o-dia-do-muriaeense\\\/#authorImage\",\"url\":\"https:\\\/\\\/secure.gravatar.com\\\/avatar\\\/b8d45f5c699b100dfaf0e543582f38f38bf94cb7ae3a5e9abf8d891a34773335?s=96&d=mm&r=g\",\"width\":96,\"height\":96,\"caption\":\"Juliana Laviola\"}},{\"@type\":\"WebPage\",\"@id\":\"https:\\\/\\\/anoticiaonline.com.br\\\/site\\\/escola-municipal-jose-miguel-muahad-comemora-o-dia-do-muriaeense\\\/#webpage\",\"url\":\"https:\\\/\\\/anoticiaonline.com.br\\\/site\\\/escola-municipal-jose-miguel-muahad-comemora-o-dia-do-muriaeense\\\/\",\"name\":\"Escola Municipal Jos\\u00e9 Miguel Muahad comemora o Dia do Muriaeense - A Not\\u00edcia Online\",\"description\":\"A Escola Municipal Jos\\u00e9 Miguel Muahad participou na manh\\u00e3 de quarta-feira (6), Dia do Muriaeense, do tradicional desfile na Pra\\u00e7a Jo\\u00e3o Pinheiro. Os alunos da institui\\u00e7\\u00e3o fizeram parte da ala que abordou o tema \\u201cReligiosidade\\u201d, ao som da Banda Marcial C\\u00e2ndido Portinari. Sobre a Escola Municipal Jos\\u00e9 Miguel Muahad - Localizada no bairro da Barra,\",\"inLanguage\":\"pt-BR\",\"isPartOf\":{\"@id\":\"https:\\\/\\\/anoticiaonline.com.br\\\/site\\\/#website\"},\"breadcrumb\":{\"@id\":\"https:\\\/\\\/anoticiaonline.com.br\\\/site\\\/escola-municipal-jose-miguel-muahad-comemora-o-dia-do-muriaeense\\\/#breadcrumblist\"},\"author\":{\"@id\":\"https:\\\/\\\/anoticiaonline.com.br\\\/site\\\/author\\\/juliana\\\/#author\"},\"creator\":{\"@id\":\"https:\\\/\\\/anoticiaonline.com.br\\\/site\\\/author\\\/juliana\\\/#author\"},\"image\":{\"@type\":\"ImageObject\",\"url\":\"https:\\\/\\\/anoticiaonline.com.br\\\/site\\\/wp-content\\\/uploads\\\/2017\\\/09\\\/DSC_0181-1.jpg\",\"@id\":\"https:\\\/\\\/anoticiaonline.com.br\\\/site\\\/escola-municipal-jose-miguel-muahad-comemora-o-dia-do-muriaeense\\\/#mainImage\",\"width\":640,\"height\":426},\"primaryImageOfPage\":{\"@id\":\"https:\\\/\\\/anoticiaonline.com.br\\\/site\\\/escola-municipal-jose-miguel-muahad-comemora-o-dia-do-muriaeense\\\/#mainImage\"},\"datePublished\":\"2017-09-22T17:47:30-03:00\",\"dateModified\":\"2017-09-26T17:51:45-03:00\"},{\"@type\":\"WebSite\",\"@id\":\"https:\\\/\\\/anoticiaonline.com.br\\\/site\\\/#website\",\"url\":\"https:\\\/\\\/anoticiaonline.com.br\\\/site\\\/\",\"name\":\"A Not\\u00edcia Online\",\"description\":\"Noticias de Muria\\u00e9 e regi\\u00e3o\",\"inLanguage\":\"pt-BR\",\"publisher\":{\"@id\":\"https:\\\/\\\/anoticiaonline.com.br\\\/site\\\/#organization\"}}]}\n\t\t<\/script>\n\t\t<!-- All in One SEO -->\n\n","aioseo_head_json":{"title":"Escola Municipal Jos\u00e9 Miguel Muahad comemora o Dia do Muriaeense - A Not\u00edcia Online","description":"A Escola Municipal Jos\u00e9 Miguel Muahad participou na manh\u00e3 de quarta-feira (6), Dia do Muriaeense, do tradicional desfile na Pra\u00e7a Jo\u00e3o Pinheiro. Os alunos da institui\u00e7\u00e3o fizeram parte da ala que abordou o tema \u201cReligiosidade\u201d, ao som da Banda Marcial C\u00e2ndido Portinari. Sobre a Escola Municipal Jos\u00e9 Miguel Muahad - Localizada no bairro da Barra,","canonical_url":"https:\/\/anoticiaonline.com.br\/site\/escola-municipal-jose-miguel-muahad-comemora-o-dia-do-muriaeense\/","robots":"max-image-preview:large","keywords":"","webmasterTools":{"miscellaneous":""},"schema":{"@context":"https:\/\/schema.org","@graph":[{"@type":"BlogPosting","@id":"https:\/\/anoticiaonline.com.br\/site\/escola-municipal-jose-miguel-muahad-comemora-o-dia-do-muriaeense\/#blogposting","name":"Escola Municipal Jos\u00e9 Miguel Muahad comemora o Dia do Muriaeense - A Not\u00edcia Online","headline":"Escola Municipal Jos\u00e9 Miguel Muahad comemora o Dia do Muriaeense","author":{"@id":"https:\/\/anoticiaonline.com.br\/site\/author\/juliana\/#author"},"publisher":{"@id":"https:\/\/anoticiaonline.com.br\/site\/#organization"},"image":{"@type":"ImageObject","url":"https:\/\/anoticiaonline.com.br\/site\/wp-content\/uploads\/2017\/09\/DSC_0181-1.jpg","width":640,"height":426},"datePublished":"2017-09-22T17:47:30-03:00","dateModified":"2017-09-26T17:51:45-03:00","inLanguage":"pt-BR","mainEntityOfPage":{"@id":"https:\/\/anoticiaonline.com.br\/site\/escola-municipal-jose-miguel-muahad-comemora-o-dia-do-muriaeense\/#webpage"},"isPartOf":{"@id":"https:\/\/anoticiaonline.com.br\/site\/escola-municipal-jose-miguel-muahad-comemora-o-dia-do-muriaeense\/#webpage"},"articleSection":"Blog, Escola Desfile, Jos\u00e9 Miguel Muahad"},{"@type":"BreadcrumbList","@id":"https:\/\/anoticiaonline.com.br\/site\/escola-municipal-jose-miguel-muahad-comemora-o-dia-do-muriaeense\/#breadcrumblist","itemListElement":[{"@type":"ListItem","@id":"https:\/\/anoticiaonline.com.br\/site#listItem","position":1,"name":"Home","item":"https:\/\/anoticiaonline.com.br\/site","nextItem":{"@type":"ListItem","@id":"https:\/\/anoticiaonline.com.br\/site\/categoria\/muriae\/#listItem","name":"Blog"}},{"@type":"ListItem","@id":"https:\/\/anoticiaonline.com.br\/site\/categoria\/muriae\/#listItem","position":2,"name":"Blog","item":"https:\/\/anoticiaonline.com.br\/site\/categoria\/muriae\/","nextItem":{"@type":"ListItem","@id":"https:\/\/anoticiaonline.com.br\/site\/escola-municipal-jose-miguel-muahad-comemora-o-dia-do-muriaeense\/#listItem","name":"Escola Municipal Jos\u00e9 Miguel Muahad comemora o Dia do Muriaeense"},"previousItem":{"@type":"ListItem","@id":"https:\/\/anoticiaonline.com.br\/site#listItem","name":"Home"}},{"@type":"ListItem","@id":"https:\/\/anoticiaonline.com.br\/site\/escola-municipal-jose-miguel-muahad-comemora-o-dia-do-muriaeense\/#listItem","position":3,"name":"Escola Municipal Jos\u00e9 Miguel Muahad comemora o Dia do Muriaeense","previousItem":{"@type":"ListItem","@id":"https:\/\/anoticiaonline.com.br\/site\/categoria\/muriae\/#listItem","name":"Blog"}}]},{"@type":"Organization","@id":"https:\/\/anoticiaonline.com.br\/site\/#organization","name":"A Not\u00edcia Online","description":"Noticias de Muria\u00e9 e regi\u00e3o","url":"https:\/\/anoticiaonline.com.br\/site\/","logo":{"@type":"ImageObject","url":"https:\/\/scontent-gig4-1.xx.fbcdn.net\/v\/t39.30808-1\/270437624_4564083193639691_6907940295614233970_n.jpg?stp=dst-jpg_s200x200_tt6&_nc_cat=111&ccb=1-7&_nc_sid=f907e8&_nc_ohc=SM1wRlP3lJwQ7kNvwEPuBYA&_nc_oc=AdnqrjDN_BNjSSHWO-GbkIWH6fkGMLw4bqvL_NH6e2wMveX7G-rP2dAqsDSq1mJMOaY&_nc_zt=24&_nc_ht=scontent-gig4-1.xx&_nc_gid=AoBFJeGrT1hVaew_6rchkQ&oh=00_AfX7QmFGhQhG2jAllVgXCiM1ZrWgvtp80-Bfppyexh1QEg&oe=689E923C","@id":"https:\/\/anoticiaonline.com.br\/site\/escola-municipal-jose-miguel-muahad-comemora-o-dia-do-muriaeense\/#organizationLogo"},"image":{"@id":"https:\/\/anoticiaonline.com.br\/site\/escola-municipal-jose-miguel-muahad-comemora-o-dia-do-muriaeense\/#organizationLogo"}},{"@type":"Person","@id":"https:\/\/anoticiaonline.com.br\/site\/author\/juliana\/#author","url":"https:\/\/anoticiaonline.com.br\/site\/author\/juliana\/","name":"Juliana Laviola","image":{"@type":"ImageObject","@id":"https:\/\/anoticiaonline.com.br\/site\/escola-municipal-jose-miguel-muahad-comemora-o-dia-do-muriaeense\/#authorImage","url":"https:\/\/secure.gravatar.com\/avatar\/b8d45f5c699b100dfaf0e543582f38f38bf94cb7ae3a5e9abf8d891a34773335?s=96&d=mm&r=g","width":96,"height":96,"caption":"Juliana Laviola"}},{"@type":"WebPage","@id":"https:\/\/anoticiaonline.com.br\/site\/escola-municipal-jose-miguel-muahad-comemora-o-dia-do-muriaeense\/#webpage","url":"https:\/\/anoticiaonline.com.br\/site\/escola-municipal-jose-miguel-muahad-comemora-o-dia-do-muriaeense\/","name":"Escola Municipal Jos\u00e9 Miguel Muahad comemora o Dia do Muriaeense - A Not\u00edcia Online","description":"A Escola Municipal Jos\u00e9 Miguel Muahad participou na manh\u00e3 de quarta-feira (6), Dia do Muriaeense, do tradicional desfile na Pra\u00e7a Jo\u00e3o Pinheiro. Os alunos da institui\u00e7\u00e3o fizeram parte da ala que abordou o tema \u201cReligiosidade\u201d, ao som da Banda Marcial C\u00e2ndido Portinari. Sobre a Escola Municipal Jos\u00e9 Miguel Muahad - Localizada no bairro da Barra,","inLanguage":"pt-BR","isPartOf":{"@id":"https:\/\/anoticiaonline.com.br\/site\/#website"},"breadcrumb":{"@id":"https:\/\/anoticiaonline.com.br\/site\/escola-municipal-jose-miguel-muahad-comemora-o-dia-do-muriaeense\/#breadcrumblist"},"author":{"@id":"https:\/\/anoticiaonline.com.br\/site\/author\/juliana\/#author"},"creator":{"@id":"https:\/\/anoticiaonline.com.br\/site\/author\/juliana\/#author"},"image":{"@type":"ImageObject","url":"https:\/\/anoticiaonline.com.br\/site\/wp-content\/uploads\/2017\/09\/DSC_0181-1.jpg","@id":"https:\/\/anoticiaonline.com.br\/site\/escola-municipal-jose-miguel-muahad-comemora-o-dia-do-muriaeense\/#mainImage","width":640,"height":426},"primaryImageOfPage":{"@id":"https:\/\/anoticiaonline.com.br\/site\/escola-municipal-jose-miguel-muahad-comemora-o-dia-do-muriaeense\/#mainImage"},"datePublished":"2017-09-22T17:47:30-03:00","dateModified":"2017-09-26T17:51:45-03:00"},{"@type":"WebSite","@id":"https:\/\/anoticiaonline.com.br\/site\/#website","url":"https:\/\/anoticiaonline.com.br\/site\/","name":"A Not\u00edcia Online","description":"Noticias de Muria\u00e9 e regi\u00e3o","inLanguage":"pt-BR","publisher":{"@id":"https:\/\/anoticiaonline.com.br\/site\/#organization"}}]},"og:locale":"pt_BR","og:site_name":"A Not\u00edcia Online - Noticias de Muria\u00e9 e regi\u00e3o","og:type":"article","og:title":"Escola Municipal Jos\u00e9 Miguel Muahad comemora o Dia do Muriaeense - A Not\u00edcia Online","og:description":"A Escola Municipal Jos\u00e9 Miguel Muahad participou na manh\u00e3 de quarta-feira (6), Dia do Muriaeense, do tradicional desfile na Pra\u00e7a Jo\u00e3o Pinheiro. Os alunos da institui\u00e7\u00e3o fizeram parte da ala que abordou o tema \u201cReligiosidade\u201d, ao som da Banda Marcial C\u00e2ndido Portinari. Sobre a Escola Municipal Jos\u00e9 Miguel Muahad - Localizada no bairro da Barra,","og:url":"https:\/\/anoticiaonline.com.br\/site\/escola-municipal-jose-miguel-muahad-comemora-o-dia-do-muriaeense\/","og:image":"https:\/\/scontent-gig4-1.xx.fbcdn.net\/v\/t39.30808-1\/270437624_4564083193639691_6907940295614233970_n.jpg?stp=dst-jpg_s200x200_tt6&#038;_nc_cat=111&#038;ccb=1-7&#038;_nc_sid=f907e8&#038;_nc_ohc=SM1wRlP3lJwQ7kNvwEPuBYA&#038;_nc_oc=AdnqrjDN_BNjSSHWO-GbkIWH6fkGMLw4bqvL_NH6e2wMveX7G-rP2dAqsDSq1mJMOaY&#038;_nc_zt=24&#038;_nc_ht=scontent-gig4-1.xx&#038;_nc_gid=AoBFJeGrT1hVaew_6rchkQ&#038;oh=00_AfX7QmFGhQhG2jAllVgXCiM1ZrWgvtp80-Bfppyexh1QEg&#038;oe=689E923C","og:image:secure_url":"https:\/\/scontent-gig4-1.xx.fbcdn.net\/v\/t39.30808-1\/270437624_4564083193639691_6907940295614233970_n.jpg?stp=dst-jpg_s200x200_tt6&#038;_nc_cat=111&#038;ccb=1-7&#038;_nc_sid=f907e8&#038;_nc_ohc=SM1wRlP3lJwQ7kNvwEPuBYA&#038;_nc_oc=AdnqrjDN_BNjSSHWO-GbkIWH6fkGMLw4bqvL_NH6e2wMveX7G-rP2dAqsDSq1mJMOaY&#038;_nc_zt=24&#038;_nc_ht=scontent-gig4-1.xx&#038;_nc_gid=AoBFJeGrT1hVaew_6rchkQ&#038;oh=00_AfX7QmFGhQhG2jAllVgXCiM1ZrWgvtp80-Bfppyexh1QEg&#038;oe=689E923C","article:published_time":"2017-09-22T20:47:30+00:00","article:modified_time":"2017-09-26T20:51:45+00:00","twitter:card":"summary_large_image","twitter:title":"Escola Municipal Jos\u00e9 Miguel Muahad comemora o Dia do Muriaeense - A Not\u00edcia Online","twitter:description":"A Escola Municipal Jos\u00e9 Miguel Muahad participou na manh\u00e3 de quarta-feira (6), Dia do Muriaeense, do tradicional desfile na Pra\u00e7a Jo\u00e3o Pinheiro. Os alunos da institui\u00e7\u00e3o fizeram parte da ala que abordou o tema \u201cReligiosidade\u201d, ao som da Banda Marcial C\u00e2ndido Portinari. Sobre a Escola Municipal Jos\u00e9 Miguel Muahad - Localizada no bairro da Barra,","twitter:image":"https:\/\/scontent-gig4-1.xx.fbcdn.net\/v\/t39.30808-1\/270437624_4564083193639691_6907940295614233970_n.jpg?stp=dst-jpg_s200x200_tt6&_nc_cat=111&ccb=1-7&_nc_sid=f907e8&_nc_ohc=SM1wRlP3lJwQ7kNvwEPuBYA&_nc_oc=AdnqrjDN_BNjSSHWO-GbkIWH6fkGMLw4bqvL_NH6e2wMveX7G-rP2dAqsDSq1mJMOaY&_nc_zt=24&_nc_ht=scontent-gig4-1.xx&_nc_gid=AoBFJeGrT1hVaew_6rchkQ&oh=00_AfX7QmFGhQhG2jAllVgXCiM1ZrWgvtp80-Bfppyexh1QEg&oe=689E923C"},"aioseo_meta_data":{"post_id":"41336","title":null,"description":null,"keywords":null,"keyphrases":null,"primary_term":null,"canonical_url":null,"og_title":null,"og_description":null,"og_object_type":"default","og_image_type":"default","og_image_url":null,"og_image_width":null,"og_image_height":null,"og_image_custom_url":null,"og_image_custom_fields":null,"og_video":null,"og_custom_url":null,"og_article_section":null,"og_article_tags":null,"twitter_use_og":false,"twitter_card":"default","twitter_image_type":"default","twitter_image_url":null,"twitter_image_custom_url":null,"twitter_image_custom_fields":null,"twitter_title":null,"twitter_description":null,"schema":{"blockGraphs":[],"customGraphs":[],"default":{"data":{"Article":[],"Course":[],"Dataset":[],"FAQPage":[],"Movie":[],"Person":[],"Product":[],"ProductReview":[],"Car":[],"Recipe":[],"Service":[],"SoftwareApplication":[],"WebPage":[]},"graphName":"","isEnabled":true},"graphs":[]},"schema_type":"default","schema_type_options":null,"pillar_content":false,"robots_default":true,"robots_noindex":false,"robots_noarchive":false,"robots_nosnippet":false,"robots_nofollow":false,"robots_noimageindex":false,"robots_noodp":false,"robots_notranslate":false,"robots_max_snippet":null,"robots_max_videopreview":null,"robots_max_imagepreview":"large","priority":null,"frequency":null,"local_seo":null,"breadcrumb_settings":null,"limit_modified_date":false,"ai":null,"created":"2025-08-16 19:31:18","updated":"2025-08-16 19:31:18","focus_keyword":null,"additional_keywords":null,"truseo_locale":null,"seo_analyzer_scan_date":null},"aioseo_breadcrumb":"<div class=\"aioseo-breadcrumbs\"><span class=\"aioseo-breadcrumb\">\n\t\t\t<a href=\"https:\/\/anoticiaonline.com.br\/site\" title=\"Home\">Home<\/a>\n\t\t<\/span><span class=\"aioseo-breadcrumb-separator\">&raquo;<\/span><span class=\"aioseo-breadcrumb\">\n\t\t\t<a href=\"https:\/\/anoticiaonline.com.br\/site\/categoria\/muriae\/\" title=\"Blog\">Blog<\/a>\n\t\t<\/span><span class=\"aioseo-breadcrumb-separator\">&raquo;<\/span><span class=\"aioseo-breadcrumb\">\n\t\t\tEscola Municipal Jos\u00e9 Miguel Muahad comemora o Dia do Muriaeense\n\t\t<\/span><\/div>","aioseo_breadcrumb_json":[{"label":"Home","link":"https:\/\/anoticiaonline.com.br\/site"},{"label":"Blog","link":"https:\/\/anoticiaonline.com.br\/site\/categoria\/muriae\/"},{"label":"Escola Municipal Jos\u00e9 Miguel Muahad comemora o Dia do Muriaeense","link":"https:\/\/anoticiaonline.com.br\/site\/escola-municipal-jose-miguel-muahad-comemora-o-dia-do-muriaeense\/"}],"views":143,"_links":{"self":[{"href":"https:\/\/anoticiaonline.com.br\/site\/wp-json\/wp\/v2\/posts\/41336","targetHints":{"allow":["GET"]}}],"collection":[{"href":"https:\/\/anoticiaonline.com.br\/site\/wp-json\/wp\/v2\/posts"}],"about":[{"href":"https:\/\/anoticiaonline.com.br\/site\/wp-json\/wp\/v2\/types\/post"}],"author":[{"embeddable":true,"href":"https:\/\/anoticiaonline.com.br\/site\/wp-json\/wp\/v2\/users\/2"}],"replies":[{"embeddable":true,"href":"https:\/\/anoticiaonline.com.br\/site\/wp-json\/wp\/v2\/comments?post=41336"}],"version-history":[{"count":0,"href":"https:\/\/anoticiaonline.com.br\/site\/wp-json\/wp\/v2\/posts\/41336\/revisions"}],"wp:featuredmedia":[{"embeddable":true,"href":"https:\/\/anoticiaonline.com.br\/site\/wp-json\/wp\/v2\/media\/41337"}],"wp:attachment":[{"href":"https:\/\/anoticiaonline.com.br\/site\/wp-json\/wp\/v2\/media?parent=41336"}],"wp:term":[{"taxonomy":"category","embeddable":true,"href":"https:\/\/anoticiaonline.com.br\/site\/wp-json\/wp\/v2\/categories?post=41336"},{"taxonomy":"post_tag","embeddable":true,"href":"https:\/\/anoticiaonline.com.br\/site\/wp-json\/wp\/v2\/tags?post=41336"}],"curies":[{"name":"wp","href":"https:\/\/api.w.org\/{rel}","templated":true}]}}