{"id":41315,"date":"2017-09-22T17:27:45","date_gmt":"2017-09-22T20:27:45","guid":{"rendered":"http:\/\/anoticiaonline.com.br\/site\/?p=41315"},"modified":"2017-09-26T17:37:22","modified_gmt":"2017-09-26T20:37:22","slug":"sociarte-22-09","status":"publish","type":"post","link":"https:\/\/anoticiaonline.com.br\/site\/sociarte-22-09\/","title":{"rendered":"SOCIARTE 22.09"},"content":{"rendered":"<p><a href=\"https:\/\/anoticiaonline.com.br\/site\/wp-content\/uploads\/2017\/09\/Parab\u00e9ns-Pastora-Luciana.jpg\"><img fetchpriority=\"high\" decoding=\"async\" class=\"size-medium wp-image-41316 aligncenter\" src=\"https:\/\/anoticiaonline.com.br\/site\/wp-content\/uploads\/2017\/09\/Parab\u00e9ns-Pastora-Luciana-226x300.jpg\" alt=\"\" width=\"226\" height=\"300\" srcset=\"https:\/\/anoticiaonline.com.br\/site\/wp-content\/uploads\/2017\/09\/Parab\u00e9ns-Pastora-Luciana-226x300.jpg 226w, https:\/\/anoticiaonline.com.br\/site\/wp-content\/uploads\/2017\/09\/Parab\u00e9ns-Pastora-Luciana.jpg 482w\" sizes=\"(max-width: 226px) 100vw, 226px\" \/><\/a><\/p>\n<p>&nbsp;<\/p>\n<p><strong>Parab\u00e9ns Pastora Luciana<\/strong><\/p>\n<p>Neste s\u00e1bado, completa mais um ano de vida a nossa amiga pastora Luciana Fuoch, carinhosamente conhecida como \u201cTia Lu\u201d. Sempre atenciosa e com um sorriso no rosto, Tia Lu encanta a todos que frequentam a Igreja do Evangelho Quadrangular Sede, no bairro da Barra. A ela desejamos muitos e muitos anos de vida, sa\u00fade e paz!<\/p>\n<p><a href=\"https:\/\/anoticiaonline.com.br\/site\/wp-content\/uploads\/2017\/09\/2-aninhos-de-Isabella.jpg\"><img decoding=\"async\" class=\"size-medium wp-image-41317 aligncenter\" src=\"https:\/\/anoticiaonline.com.br\/site\/wp-content\/uploads\/2017\/09\/2-aninhos-de-Isabella-300x214.jpg\" alt=\"\" width=\"300\" height=\"214\" srcset=\"https:\/\/anoticiaonline.com.br\/site\/wp-content\/uploads\/2017\/09\/2-aninhos-de-Isabella-300x214.jpg 300w, https:\/\/anoticiaonline.com.br\/site\/wp-content\/uploads\/2017\/09\/2-aninhos-de-Isabella.jpg 640w\" sizes=\"(max-width: 300px) 100vw, 300px\" \/><\/a><\/p>\n<p><strong>2 aninhos de Isabella<\/strong><\/p>\n<p>A pequena Isabella comemorou junto com os pais, Rafael de Souza e Renata de Barros, a chegada do seu 2\u00ba aninho, no \u00faltimo s\u00e1bado (16)<strong>. <\/strong>A festa reuniu amigos e familiares e aconteceu nos sal\u00f5es do Torre Fest. Ela \u00e9 neta de Bernadete e Jos\u00e9 Maria (in memorian), e Ilda e Jos\u00e9 Am\u00e9rico (in memorian).<\/p>\n<p><a href=\"https:\/\/anoticiaonline.com.br\/site\/wp-content\/uploads\/2017\/09\/Rodas-na-estrada.jpg\"><img decoding=\"async\" class=\"size-medium wp-image-41318 aligncenter\" src=\"https:\/\/anoticiaonline.com.br\/site\/wp-content\/uploads\/2017\/09\/Rodas-na-estrada-300x169.jpg\" alt=\"\" width=\"300\" height=\"169\" srcset=\"https:\/\/anoticiaonline.com.br\/site\/wp-content\/uploads\/2017\/09\/Rodas-na-estrada-300x169.jpg 300w, https:\/\/anoticiaonline.com.br\/site\/wp-content\/uploads\/2017\/09\/Rodas-na-estrada.jpg 640w\" sizes=\"(max-width: 300px) 100vw, 300px\" \/><\/a><\/p>\n<p>&nbsp;<\/p>\n<p><strong>Rodas na estrada <\/strong><\/p>\n<p>Os motociclistas Demerval Jos\u00e9 Coimbra, Maur\u00edcio Pereira Paulo, Adalton Ant\u00f4nio de Souza Pereira e Jos\u00e9 Carlos de Paula Cruz colocaram suas motos na estrada e percorreram cerca de 3.800km sob duas rodas. A sa\u00edda aconteceu na manh\u00e3 no dia 12 e o retorno foi no final do dia 19. O percurso foi: Muria\u00e9 -&gt; Jundia\u00ed -&gt; Maring\u00e1 -&gt; Foz do Igua\u00e7u. Eles atravessaram a ponte para Cidade do Leste no Paraguai, foram para Santo Ant\u00f4nio do Sudoeste, onde participaram de um encontro de motociclistas, cruzaram a fronteira com a Argentina e voltaram para Capanema (PR). O Retorno foi: Curitiba -&gt; Taubat\u00e9 -&gt; Muria\u00e9.<\/p>\n<p><a href=\"https:\/\/anoticiaonline.com.br\/site\/wp-content\/uploads\/2017\/09\/Casamento-de-Cristiano-e-Cec\u00edlia.jpg\"><img loading=\"lazy\" decoding=\"async\" class=\"aligncenter size-medium wp-image-41319\" src=\"https:\/\/anoticiaonline.com.br\/site\/wp-content\/uploads\/2017\/09\/Casamento-de-Cristiano-e-Cec\u00edlia-270x300.jpg\" alt=\"\" width=\"270\" height=\"300\" srcset=\"https:\/\/anoticiaonline.com.br\/site\/wp-content\/uploads\/2017\/09\/Casamento-de-Cristiano-e-Cec\u00edlia-270x300.jpg 270w, https:\/\/anoticiaonline.com.br\/site\/wp-content\/uploads\/2017\/09\/Casamento-de-Cristiano-e-Cec\u00edlia.jpg 577w\" sizes=\"(max-width: 270px) 100vw, 270px\" \/><\/a><\/p>\n<p><strong>Casamento de Cristiano e Cec\u00edlia<\/strong><\/p>\n<p>O casal Cristiano e Cec\u00edlia se uniu em matrim\u00f4nio, no dia 9 de setembro, em cerim\u00f4nia realizada no Retiro Campo Formoso. A noiva \u00e9 filha de Walter Louren\u00e7o Simon e Ivanir Maria Vianele Simon, e ele \u00e9 filho de Sueli Souza Pireira e Jos\u00e9 Ant\u00f4nio Piteira. \u00c0 nova fam\u00edlia votos de muita paz e felicidades!<\/p>\n<p><a href=\"https:\/\/anoticiaonline.com.br\/site\/wp-content\/uploads\/2017\/09\/70-anos-de-D.-Lourdes.jpg\"><img loading=\"lazy\" decoding=\"async\" class=\"aligncenter size-medium wp-image-41320\" src=\"https:\/\/anoticiaonline.com.br\/site\/wp-content\/uploads\/2017\/09\/70-anos-de-D.-Lourdes-273x300.jpg\" alt=\"\" width=\"273\" height=\"300\" srcset=\"https:\/\/anoticiaonline.com.br\/site\/wp-content\/uploads\/2017\/09\/70-anos-de-D.-Lourdes-273x300.jpg 273w, https:\/\/anoticiaonline.com.br\/site\/wp-content\/uploads\/2017\/09\/70-anos-de-D.-Lourdes.jpg 582w\" sizes=\"(max-width: 273px) 100vw, 273px\" \/><\/a><\/p>\n<p>&nbsp;<\/p>\n<p><strong>70 anos de D. Lourdes<\/strong><\/p>\n<p>A querida D. Lourdes festejou a chegada dos seus 70 anos com muita alegria, no dia 8 de setembro. Junto com o seu marido, o Sr. Erc\u00edlio Jos\u00e9 da Silva, os filhos Luc\u00edlio Marcos e Cristiane Mara e os netinhos Davi e Pedro Henrique, a aniversariante recebeu amigos e familiares para uma comemora\u00e7\u00e3o no Torre Fest. A elas enviamos votos de muitas felicidades!<\/p>\n<p><a href=\"https:\/\/anoticiaonline.com.br\/site\/wp-content\/uploads\/2017\/09\/MONTAGEM.jpg\"><img loading=\"lazy\" decoding=\"async\" class=\"aligncenter size-medium wp-image-41321\" src=\"https:\/\/anoticiaonline.com.br\/site\/wp-content\/uploads\/2017\/09\/MONTAGEM-300x225.jpg\" alt=\"\" width=\"300\" height=\"225\" srcset=\"https:\/\/anoticiaonline.com.br\/site\/wp-content\/uploads\/2017\/09\/MONTAGEM-300x225.jpg 300w, https:\/\/anoticiaonline.com.br\/site\/wp-content\/uploads\/2017\/09\/MONTAGEM.jpg 640w\" sizes=\"(max-width: 300px) 100vw, 300px\" \/><\/a><\/p>\n<p><strong>Parab\u00e9ns B\u00e1rbara Daher!<\/strong><\/p>\n<p>A nossa querida amiga B\u00e1rbara Daher, primeira dama do munic\u00edpio de Palma, completou idade nova na quinta-feira (21). Ela \u00e9 m\u00e3e da bonita Ohanna Daher e casada com Hiram Vivicius Mendon\u00e7a Finamore, que vem se destacando como prefeito na nossa regi\u00e3o. Parab\u00e9ns B\u00e1rbara, que essa data de repita por muitos anos!<\/p>\n<p><a href=\"https:\/\/anoticiaonline.com.br\/site\/wp-content\/uploads\/2017\/09\/Quem-foi.jpg\"><img loading=\"lazy\" decoding=\"async\" class=\"aligncenter size-medium wp-image-41322\" src=\"https:\/\/anoticiaonline.com.br\/site\/wp-content\/uploads\/2017\/09\/Quem-foi-300x300.jpg\" alt=\"\" width=\"300\" height=\"300\" srcset=\"https:\/\/anoticiaonline.com.br\/site\/wp-content\/uploads\/2017\/09\/Quem-foi-300x300.jpg 300w, https:\/\/anoticiaonline.com.br\/site\/wp-content\/uploads\/2017\/09\/Quem-foi-150x150.jpg 150w, https:\/\/anoticiaonline.com.br\/site\/wp-content\/uploads\/2017\/09\/Quem-foi-144x144.jpg 144w, https:\/\/anoticiaonline.com.br\/site\/wp-content\/uploads\/2017\/09\/Quem-foi.jpg 640w\" sizes=\"(max-width: 300px) 100vw, 300px\" \/><\/a><\/p>\n<p>&nbsp;<\/p>\n<p><strong>Quem foi<\/strong><\/p>\n<p>Quem est\u00e1 na Austr\u00e1lia se divertindo com a fam\u00edlia \u00e9 a querida amiga Ludmilla Yara. Ela, que \u00e9 muriaeense, mas atualmente reside em S\u00e3o Paulo, viajou com o marido Ant\u00f4nio Domingez e o pequeno Miguel para conhecer as maravilhas da terra dos cangurus e dos coalas. Desejamos que as f\u00e9rias sejam aben\u00e7oadas e divertidas!<\/p>\n","protected":false},"excerpt":{"rendered":"<p>&nbsp; Parab\u00e9ns Pastora Luciana Neste s\u00e1bado, completa mais um ano de vida a nossa amiga pastora Luciana Fuoch, carinhosamente conhecida como \u201cTia Lu\u201d. Sempre atenciosa e com um sorriso no rosto, Tia Lu encanta a todos que frequentam a Igreja do Evangelho Quadrangular Sede, no bairro da Barra. A ela desejamos muitos e muitos anos &#8230; <a title=\"SOCIARTE 22.09\" class=\"read-more\" href=\"https:\/\/anoticiaonline.com.br\/site\/sociarte-22-09\/\" aria-label=\"Read more about SOCIARTE 22.09\">Ler mais<\/a><\/p>\n","protected":false},"author":2,"featured_media":0,"comment_status":"open","ping_status":"open","sticky":false,"template":"","format":"standard","meta":{"_acf_changed":false,"_monsterinsights_skip_tracking":false,"footnotes":""},"categories":[31,38],"tags":[],"class_list":["post-41315","post","type-post","status-publish","format-standard","hentry","category-colunistas","category-sociarte"],"acf":[],"aioseo_notices":[],"aioseo_head":"\n\t\t<!-- All in One SEO 5.0.0.1 - aioseo.com -->\n\t<meta name=\"description\" content=\"Parab\u00e9ns Pastora Luciana Neste s\u00e1bado, completa mais um ano de vida a nossa amiga pastora Luciana Fuoch, carinhosamente conhecida como \u201cTia Lu\u201d. Sempre atenciosa e com um sorriso no rosto, Tia Lu encanta a todos que frequentam a Igreja do Evangelho Quadrangular Sede, no bairro da Barra. A ela desejamos muitos e muitos anos\" \/>\n\t<meta name=\"robots\" content=\"max-image-preview:large\" \/>\n\t<meta name=\"author\" content=\"Juliana Laviola\"\/>\n\t<link rel=\"canonical\" href=\"https:\/\/anoticiaonline.com.br\/site\/sociarte-22-09\/\" \/>\n\t<meta name=\"generator\" content=\"All in One SEO (AIOSEO) 5.0.0.1\" \/>\n\t\t<meta property=\"og:locale\" content=\"pt_BR\" \/>\n\t\t<meta property=\"og:site_name\" content=\"A Not\u00edcia Online - Noticias de Muria\u00e9 e regi\u00e3o\" \/>\n\t\t<meta property=\"og:type\" content=\"article\" \/>\n\t\t<meta property=\"og:title\" content=\"SOCIARTE 22.09 - A Not\u00edcia Online\" \/>\n\t\t<meta property=\"og:description\" content=\"Parab\u00e9ns Pastora Luciana Neste s\u00e1bado, completa mais um ano de vida a nossa amiga pastora Luciana Fuoch, carinhosamente conhecida como \u201cTia Lu\u201d. Sempre atenciosa e com um sorriso no rosto, Tia Lu encanta a todos que frequentam a Igreja do Evangelho Quadrangular Sede, no bairro da Barra. A ela desejamos muitos e muitos anos\" \/>\n\t\t<meta property=\"og:url\" content=\"https:\/\/anoticiaonline.com.br\/site\/sociarte-22-09\/\" \/>\n\t\t<meta property=\"og:image\" content=\"https:\/\/scontent-gig4-1.xx.fbcdn.net\/v\/t39.30808-1\/270437624_4564083193639691_6907940295614233970_n.jpg?stp=dst-jpg_s200x200_tt6&#038;_nc_cat=111&#038;ccb=1-7&#038;_nc_sid=f907e8&#038;_nc_ohc=SM1wRlP3lJwQ7kNvwEPuBYA&#038;_nc_oc=AdnqrjDN_BNjSSHWO-GbkIWH6fkGMLw4bqvL_NH6e2wMveX7G-rP2dAqsDSq1mJMOaY&#038;_nc_zt=24&#038;_nc_ht=scontent-gig4-1.xx&#038;_nc_gid=AoBFJeGrT1hVaew_6rchkQ&#038;oh=00_AfX7QmFGhQhG2jAllVgXCiM1ZrWgvtp80-Bfppyexh1QEg&#038;oe=689E923C\" \/>\n\t\t<meta property=\"og:image:secure_url\" content=\"https:\/\/scontent-gig4-1.xx.fbcdn.net\/v\/t39.30808-1\/270437624_4564083193639691_6907940295614233970_n.jpg?stp=dst-jpg_s200x200_tt6&#038;_nc_cat=111&#038;ccb=1-7&#038;_nc_sid=f907e8&#038;_nc_ohc=SM1wRlP3lJwQ7kNvwEPuBYA&#038;_nc_oc=AdnqrjDN_BNjSSHWO-GbkIWH6fkGMLw4bqvL_NH6e2wMveX7G-rP2dAqsDSq1mJMOaY&#038;_nc_zt=24&#038;_nc_ht=scontent-gig4-1.xx&#038;_nc_gid=AoBFJeGrT1hVaew_6rchkQ&#038;oh=00_AfX7QmFGhQhG2jAllVgXCiM1ZrWgvtp80-Bfppyexh1QEg&#038;oe=689E923C\" \/>\n\t\t<meta property=\"article:published_time\" content=\"2017-09-22T20:27:45+00:00\" \/>\n\t\t<meta property=\"article:modified_time\" content=\"2017-09-26T20:37:22+00:00\" \/>\n\t\t<meta name=\"twitter:card\" content=\"summary_large_image\" \/>\n\t\t<meta name=\"twitter:title\" content=\"SOCIARTE 22.09 - A Not\u00edcia Online\" \/>\n\t\t<meta name=\"twitter:description\" content=\"Parab\u00e9ns Pastora Luciana Neste s\u00e1bado, completa mais um ano de vida a nossa amiga pastora Luciana Fuoch, carinhosamente conhecida como \u201cTia Lu\u201d. Sempre atenciosa e com um sorriso no rosto, Tia Lu encanta a todos que frequentam a Igreja do Evangelho Quadrangular Sede, no bairro da Barra. A ela desejamos muitos e muitos anos\" \/>\n\t\t<meta name=\"twitter:image\" content=\"https:\/\/scontent-gig4-1.xx.fbcdn.net\/v\/t39.30808-1\/270437624_4564083193639691_6907940295614233970_n.jpg?stp=dst-jpg_s200x200_tt6&amp;_nc_cat=111&amp;ccb=1-7&amp;_nc_sid=f907e8&amp;_nc_ohc=SM1wRlP3lJwQ7kNvwEPuBYA&amp;_nc_oc=AdnqrjDN_BNjSSHWO-GbkIWH6fkGMLw4bqvL_NH6e2wMveX7G-rP2dAqsDSq1mJMOaY&amp;_nc_zt=24&amp;_nc_ht=scontent-gig4-1.xx&amp;_nc_gid=AoBFJeGrT1hVaew_6rchkQ&amp;oh=00_AfX7QmFGhQhG2jAllVgXCiM1ZrWgvtp80-Bfppyexh1QEg&amp;oe=689E923C\" \/>\n\t\t<script type=\"application\/ld+json\" class=\"aioseo-schema\">\n\t\t\t{\"@context\":\"https:\\\/\\\/schema.org\",\"@graph\":[{\"@type\":\"BlogPosting\",\"@id\":\"https:\\\/\\\/anoticiaonline.com.br\\\/site\\\/sociarte-22-09\\\/#blogposting\",\"name\":\"SOCIARTE 22.09 - A Not\\u00edcia Online\",\"headline\":\"SOCIARTE 22.09\",\"author\":{\"@id\":\"https:\\\/\\\/anoticiaonline.com.br\\\/site\\\/author\\\/juliana\\\/#author\"},\"publisher\":{\"@id\":\"https:\\\/\\\/anoticiaonline.com.br\\\/site\\\/#organization\"},\"image\":{\"@type\":\"ImageObject\",\"url\":\"http:\\\/\\\/anoticiaonline.com.br\\\/site\\\/wp-content\\\/uploads\\\/2017\\\/09\\\/Parab\\u00e9ns-Pastora-Luciana-226x300.jpg\",\"@id\":\"https:\\\/\\\/anoticiaonline.com.br\\\/site\\\/sociarte-22-09\\\/#articleImage\"},\"datePublished\":\"2017-09-22T17:27:45-03:00\",\"dateModified\":\"2017-09-26T17:37:22-03:00\",\"inLanguage\":\"pt-BR\",\"mainEntityOfPage\":{\"@id\":\"https:\\\/\\\/anoticiaonline.com.br\\\/site\\\/sociarte-22-09\\\/#webpage\"},\"isPartOf\":{\"@id\":\"https:\\\/\\\/anoticiaonline.com.br\\\/site\\\/sociarte-22-09\\\/#webpage\"},\"articleSection\":\"Colunistas, Sociarte\"},{\"@type\":\"BreadcrumbList\",\"@id\":\"https:\\\/\\\/anoticiaonline.com.br\\\/site\\\/sociarte-22-09\\\/#breadcrumblist\",\"itemListElement\":[{\"@type\":\"ListItem\",\"@id\":\"https:\\\/\\\/anoticiaonline.com.br\\\/site#listItem\",\"position\":1,\"name\":\"Home\",\"item\":\"https:\\\/\\\/anoticiaonline.com.br\\\/site\",\"nextItem\":{\"@type\":\"ListItem\",\"@id\":\"https:\\\/\\\/anoticiaonline.com.br\\\/site\\\/categoria\\\/colunistas\\\/#listItem\",\"name\":\"Colunistas\"}},{\"@type\":\"ListItem\",\"@id\":\"https:\\\/\\\/anoticiaonline.com.br\\\/site\\\/categoria\\\/colunistas\\\/#listItem\",\"position\":2,\"name\":\"Colunistas\",\"item\":\"https:\\\/\\\/anoticiaonline.com.br\\\/site\\\/categoria\\\/colunistas\\\/\",\"nextItem\":{\"@type\":\"ListItem\",\"@id\":\"https:\\\/\\\/anoticiaonline.com.br\\\/site\\\/categoria\\\/colunistas\\\/sociarte\\\/#listItem\",\"name\":\"Sociarte\"},\"previousItem\":{\"@type\":\"ListItem\",\"@id\":\"https:\\\/\\\/anoticiaonline.com.br\\\/site#listItem\",\"name\":\"Home\"}},{\"@type\":\"ListItem\",\"@id\":\"https:\\\/\\\/anoticiaonline.com.br\\\/site\\\/categoria\\\/colunistas\\\/sociarte\\\/#listItem\",\"position\":3,\"name\":\"Sociarte\",\"item\":\"https:\\\/\\\/anoticiaonline.com.br\\\/site\\\/categoria\\\/colunistas\\\/sociarte\\\/\",\"nextItem\":{\"@type\":\"ListItem\",\"@id\":\"https:\\\/\\\/anoticiaonline.com.br\\\/site\\\/sociarte-22-09\\\/#listItem\",\"name\":\"SOCIARTE 22.09\"},\"previousItem\":{\"@type\":\"ListItem\",\"@id\":\"https:\\\/\\\/anoticiaonline.com.br\\\/site\\\/categoria\\\/colunistas\\\/#listItem\",\"name\":\"Colunistas\"}},{\"@type\":\"ListItem\",\"@id\":\"https:\\\/\\\/anoticiaonline.com.br\\\/site\\\/sociarte-22-09\\\/#listItem\",\"position\":4,\"name\":\"SOCIARTE 22.09\",\"previousItem\":{\"@type\":\"ListItem\",\"@id\":\"https:\\\/\\\/anoticiaonline.com.br\\\/site\\\/categoria\\\/colunistas\\\/sociarte\\\/#listItem\",\"name\":\"Sociarte\"}}]},{\"@type\":\"Organization\",\"@id\":\"https:\\\/\\\/anoticiaonline.com.br\\\/site\\\/#organization\",\"name\":\"A Not\\u00edcia Online\",\"description\":\"Noticias de Muria\\u00e9 e regi\\u00e3o\",\"url\":\"https:\\\/\\\/anoticiaonline.com.br\\\/site\\\/\",\"logo\":{\"@type\":\"ImageObject\",\"url\":\"https:\\\/\\\/scontent-gig4-1.xx.fbcdn.net\\\/v\\\/t39.30808-1\\\/270437624_4564083193639691_6907940295614233970_n.jpg?stp=dst-jpg_s200x200_tt6&_nc_cat=111&ccb=1-7&_nc_sid=f907e8&_nc_ohc=SM1wRlP3lJwQ7kNvwEPuBYA&_nc_oc=AdnqrjDN_BNjSSHWO-GbkIWH6fkGMLw4bqvL_NH6e2wMveX7G-rP2dAqsDSq1mJMOaY&_nc_zt=24&_nc_ht=scontent-gig4-1.xx&_nc_gid=AoBFJeGrT1hVaew_6rchkQ&oh=00_AfX7QmFGhQhG2jAllVgXCiM1ZrWgvtp80-Bfppyexh1QEg&oe=689E923C\",\"@id\":\"https:\\\/\\\/anoticiaonline.com.br\\\/site\\\/sociarte-22-09\\\/#organizationLogo\"},\"image\":{\"@id\":\"https:\\\/\\\/anoticiaonline.com.br\\\/site\\\/sociarte-22-09\\\/#organizationLogo\"}},{\"@type\":\"Person\",\"@id\":\"https:\\\/\\\/anoticiaonline.com.br\\\/site\\\/author\\\/juliana\\\/#author\",\"url\":\"https:\\\/\\\/anoticiaonline.com.br\\\/site\\\/author\\\/juliana\\\/\",\"name\":\"Juliana Laviola\",\"image\":{\"@type\":\"ImageObject\",\"@id\":\"https:\\\/\\\/anoticiaonline.com.br\\\/site\\\/sociarte-22-09\\\/#authorImage\",\"url\":\"https:\\\/\\\/secure.gravatar.com\\\/avatar\\\/b8d45f5c699b100dfaf0e543582f38f38bf94cb7ae3a5e9abf8d891a34773335?s=96&d=mm&r=g\",\"width\":96,\"height\":96,\"caption\":\"Juliana Laviola\"}},{\"@type\":\"WebPage\",\"@id\":\"https:\\\/\\\/anoticiaonline.com.br\\\/site\\\/sociarte-22-09\\\/#webpage\",\"url\":\"https:\\\/\\\/anoticiaonline.com.br\\\/site\\\/sociarte-22-09\\\/\",\"name\":\"SOCIARTE 22.09 - A Not\\u00edcia Online\",\"description\":\"Parab\\u00e9ns Pastora Luciana Neste s\\u00e1bado, completa mais um ano de vida a nossa amiga pastora Luciana Fuoch, carinhosamente conhecida como \\u201cTia Lu\\u201d. Sempre atenciosa e com um sorriso no rosto, Tia Lu encanta a todos que frequentam a Igreja do Evangelho Quadrangular Sede, no bairro da Barra. A ela desejamos muitos e muitos anos\",\"inLanguage\":\"pt-BR\",\"isPartOf\":{\"@id\":\"https:\\\/\\\/anoticiaonline.com.br\\\/site\\\/#website\"},\"breadcrumb\":{\"@id\":\"https:\\\/\\\/anoticiaonline.com.br\\\/site\\\/sociarte-22-09\\\/#breadcrumblist\"},\"author\":{\"@id\":\"https:\\\/\\\/anoticiaonline.com.br\\\/site\\\/author\\\/juliana\\\/#author\"},\"creator\":{\"@id\":\"https:\\\/\\\/anoticiaonline.com.br\\\/site\\\/author\\\/juliana\\\/#author\"},\"datePublished\":\"2017-09-22T17:27:45-03:00\",\"dateModified\":\"2017-09-26T17:37:22-03:00\"},{\"@type\":\"WebSite\",\"@id\":\"https:\\\/\\\/anoticiaonline.com.br\\\/site\\\/#website\",\"url\":\"https:\\\/\\\/anoticiaonline.com.br\\\/site\\\/\",\"name\":\"A Not\\u00edcia Online\",\"description\":\"Noticias de Muria\\u00e9 e regi\\u00e3o\",\"inLanguage\":\"pt-BR\",\"publisher\":{\"@id\":\"https:\\\/\\\/anoticiaonline.com.br\\\/site\\\/#organization\"}}]}\n\t\t<\/script>\n\t\t<!-- All in One SEO -->\n\n","aioseo_head_json":{"title":"SOCIARTE 22.09 - A Not\u00edcia Online","description":"Parab\u00e9ns Pastora Luciana Neste s\u00e1bado, completa mais um ano de vida a nossa amiga pastora Luciana Fuoch, carinhosamente conhecida como \u201cTia Lu\u201d. Sempre atenciosa e com um sorriso no rosto, Tia Lu encanta a todos que frequentam a Igreja do Evangelho Quadrangular Sede, no bairro da Barra. A ela desejamos muitos e muitos anos","canonical_url":"https:\/\/anoticiaonline.com.br\/site\/sociarte-22-09\/","robots":"max-image-preview:large","keywords":"","webmasterTools":{"miscellaneous":""},"schema":{"@context":"https:\/\/schema.org","@graph":[{"@type":"BlogPosting","@id":"https:\/\/anoticiaonline.com.br\/site\/sociarte-22-09\/#blogposting","name":"SOCIARTE 22.09 - A Not\u00edcia Online","headline":"SOCIARTE 22.09","author":{"@id":"https:\/\/anoticiaonline.com.br\/site\/author\/juliana\/#author"},"publisher":{"@id":"https:\/\/anoticiaonline.com.br\/site\/#organization"},"image":{"@type":"ImageObject","url":"http:\/\/anoticiaonline.com.br\/site\/wp-content\/uploads\/2017\/09\/Parab\u00e9ns-Pastora-Luciana-226x300.jpg","@id":"https:\/\/anoticiaonline.com.br\/site\/sociarte-22-09\/#articleImage"},"datePublished":"2017-09-22T17:27:45-03:00","dateModified":"2017-09-26T17:37:22-03:00","inLanguage":"pt-BR","mainEntityOfPage":{"@id":"https:\/\/anoticiaonline.com.br\/site\/sociarte-22-09\/#webpage"},"isPartOf":{"@id":"https:\/\/anoticiaonline.com.br\/site\/sociarte-22-09\/#webpage"},"articleSection":"Colunistas, Sociarte"},{"@type":"BreadcrumbList","@id":"https:\/\/anoticiaonline.com.br\/site\/sociarte-22-09\/#breadcrumblist","itemListElement":[{"@type":"ListItem","@id":"https:\/\/anoticiaonline.com.br\/site#listItem","position":1,"name":"Home","item":"https:\/\/anoticiaonline.com.br\/site","nextItem":{"@type":"ListItem","@id":"https:\/\/anoticiaonline.com.br\/site\/categoria\/colunistas\/#listItem","name":"Colunistas"}},{"@type":"ListItem","@id":"https:\/\/anoticiaonline.com.br\/site\/categoria\/colunistas\/#listItem","position":2,"name":"Colunistas","item":"https:\/\/anoticiaonline.com.br\/site\/categoria\/colunistas\/","nextItem":{"@type":"ListItem","@id":"https:\/\/anoticiaonline.com.br\/site\/categoria\/colunistas\/sociarte\/#listItem","name":"Sociarte"},"previousItem":{"@type":"ListItem","@id":"https:\/\/anoticiaonline.com.br\/site#listItem","name":"Home"}},{"@type":"ListItem","@id":"https:\/\/anoticiaonline.com.br\/site\/categoria\/colunistas\/sociarte\/#listItem","position":3,"name":"Sociarte","item":"https:\/\/anoticiaonline.com.br\/site\/categoria\/colunistas\/sociarte\/","nextItem":{"@type":"ListItem","@id":"https:\/\/anoticiaonline.com.br\/site\/sociarte-22-09\/#listItem","name":"SOCIARTE 22.09"},"previousItem":{"@type":"ListItem","@id":"https:\/\/anoticiaonline.com.br\/site\/categoria\/colunistas\/#listItem","name":"Colunistas"}},{"@type":"ListItem","@id":"https:\/\/anoticiaonline.com.br\/site\/sociarte-22-09\/#listItem","position":4,"name":"SOCIARTE 22.09","previousItem":{"@type":"ListItem","@id":"https:\/\/anoticiaonline.com.br\/site\/categoria\/colunistas\/sociarte\/#listItem","name":"Sociarte"}}]},{"@type":"Organization","@id":"https:\/\/anoticiaonline.com.br\/site\/#organization","name":"A Not\u00edcia Online","description":"Noticias de Muria\u00e9 e regi\u00e3o","url":"https:\/\/anoticiaonline.com.br\/site\/","logo":{"@type":"ImageObject","url":"https:\/\/scontent-gig4-1.xx.fbcdn.net\/v\/t39.30808-1\/270437624_4564083193639691_6907940295614233970_n.jpg?stp=dst-jpg_s200x200_tt6&_nc_cat=111&ccb=1-7&_nc_sid=f907e8&_nc_ohc=SM1wRlP3lJwQ7kNvwEPuBYA&_nc_oc=AdnqrjDN_BNjSSHWO-GbkIWH6fkGMLw4bqvL_NH6e2wMveX7G-rP2dAqsDSq1mJMOaY&_nc_zt=24&_nc_ht=scontent-gig4-1.xx&_nc_gid=AoBFJeGrT1hVaew_6rchkQ&oh=00_AfX7QmFGhQhG2jAllVgXCiM1ZrWgvtp80-Bfppyexh1QEg&oe=689E923C","@id":"https:\/\/anoticiaonline.com.br\/site\/sociarte-22-09\/#organizationLogo"},"image":{"@id":"https:\/\/anoticiaonline.com.br\/site\/sociarte-22-09\/#organizationLogo"}},{"@type":"Person","@id":"https:\/\/anoticiaonline.com.br\/site\/author\/juliana\/#author","url":"https:\/\/anoticiaonline.com.br\/site\/author\/juliana\/","name":"Juliana Laviola","image":{"@type":"ImageObject","@id":"https:\/\/anoticiaonline.com.br\/site\/sociarte-22-09\/#authorImage","url":"https:\/\/secure.gravatar.com\/avatar\/b8d45f5c699b100dfaf0e543582f38f38bf94cb7ae3a5e9abf8d891a34773335?s=96&d=mm&r=g","width":96,"height":96,"caption":"Juliana Laviola"}},{"@type":"WebPage","@id":"https:\/\/anoticiaonline.com.br\/site\/sociarte-22-09\/#webpage","url":"https:\/\/anoticiaonline.com.br\/site\/sociarte-22-09\/","name":"SOCIARTE 22.09 - A Not\u00edcia Online","description":"Parab\u00e9ns Pastora Luciana Neste s\u00e1bado, completa mais um ano de vida a nossa amiga pastora Luciana Fuoch, carinhosamente conhecida como \u201cTia Lu\u201d. Sempre atenciosa e com um sorriso no rosto, Tia Lu encanta a todos que frequentam a Igreja do Evangelho Quadrangular Sede, no bairro da Barra. A ela desejamos muitos e muitos anos","inLanguage":"pt-BR","isPartOf":{"@id":"https:\/\/anoticiaonline.com.br\/site\/#website"},"breadcrumb":{"@id":"https:\/\/anoticiaonline.com.br\/site\/sociarte-22-09\/#breadcrumblist"},"author":{"@id":"https:\/\/anoticiaonline.com.br\/site\/author\/juliana\/#author"},"creator":{"@id":"https:\/\/anoticiaonline.com.br\/site\/author\/juliana\/#author"},"datePublished":"2017-09-22T17:27:45-03:00","dateModified":"2017-09-26T17:37:22-03:00"},{"@type":"WebSite","@id":"https:\/\/anoticiaonline.com.br\/site\/#website","url":"https:\/\/anoticiaonline.com.br\/site\/","name":"A Not\u00edcia Online","description":"Noticias de Muria\u00e9 e regi\u00e3o","inLanguage":"pt-BR","publisher":{"@id":"https:\/\/anoticiaonline.com.br\/site\/#organization"}}]},"og:locale":"pt_BR","og:site_name":"A Not\u00edcia Online - Noticias de Muria\u00e9 e regi\u00e3o","og:type":"article","og:title":"SOCIARTE 22.09 - A Not\u00edcia Online","og:description":"Parab\u00e9ns Pastora Luciana Neste s\u00e1bado, completa mais um ano de vida a nossa amiga pastora Luciana Fuoch, carinhosamente conhecida como \u201cTia Lu\u201d. Sempre atenciosa e com um sorriso no rosto, Tia Lu encanta a todos que frequentam a Igreja do Evangelho Quadrangular Sede, no bairro da Barra. A ela desejamos muitos e muitos anos","og:url":"https:\/\/anoticiaonline.com.br\/site\/sociarte-22-09\/","og:image":"https:\/\/scontent-gig4-1.xx.fbcdn.net\/v\/t39.30808-1\/270437624_4564083193639691_6907940295614233970_n.jpg?stp=dst-jpg_s200x200_tt6&#038;_nc_cat=111&#038;ccb=1-7&#038;_nc_sid=f907e8&#038;_nc_ohc=SM1wRlP3lJwQ7kNvwEPuBYA&#038;_nc_oc=AdnqrjDN_BNjSSHWO-GbkIWH6fkGMLw4bqvL_NH6e2wMveX7G-rP2dAqsDSq1mJMOaY&#038;_nc_zt=24&#038;_nc_ht=scontent-gig4-1.xx&#038;_nc_gid=AoBFJeGrT1hVaew_6rchkQ&#038;oh=00_AfX7QmFGhQhG2jAllVgXCiM1ZrWgvtp80-Bfppyexh1QEg&#038;oe=689E923C","og:image:secure_url":"https:\/\/scontent-gig4-1.xx.fbcdn.net\/v\/t39.30808-1\/270437624_4564083193639691_6907940295614233970_n.jpg?stp=dst-jpg_s200x200_tt6&#038;_nc_cat=111&#038;ccb=1-7&#038;_nc_sid=f907e8&#038;_nc_ohc=SM1wRlP3lJwQ7kNvwEPuBYA&#038;_nc_oc=AdnqrjDN_BNjSSHWO-GbkIWH6fkGMLw4bqvL_NH6e2wMveX7G-rP2dAqsDSq1mJMOaY&#038;_nc_zt=24&#038;_nc_ht=scontent-gig4-1.xx&#038;_nc_gid=AoBFJeGrT1hVaew_6rchkQ&#038;oh=00_AfX7QmFGhQhG2jAllVgXCiM1ZrWgvtp80-Bfppyexh1QEg&#038;oe=689E923C","article:published_time":"2017-09-22T20:27:45+00:00","article:modified_time":"2017-09-26T20:37:22+00:00","twitter:card":"summary_large_image","twitter:title":"SOCIARTE 22.09 - A Not\u00edcia Online","twitter:description":"Parab\u00e9ns Pastora Luciana Neste s\u00e1bado, completa mais um ano de vida a nossa amiga pastora Luciana Fuoch, carinhosamente conhecida como \u201cTia Lu\u201d. Sempre atenciosa e com um sorriso no rosto, Tia Lu encanta a todos que frequentam a Igreja do Evangelho Quadrangular Sede, no bairro da Barra. A ela desejamos muitos e muitos anos","twitter:image":"https:\/\/scontent-gig4-1.xx.fbcdn.net\/v\/t39.30808-1\/270437624_4564083193639691_6907940295614233970_n.jpg?stp=dst-jpg_s200x200_tt6&_nc_cat=111&ccb=1-7&_nc_sid=f907e8&_nc_ohc=SM1wRlP3lJwQ7kNvwEPuBYA&_nc_oc=AdnqrjDN_BNjSSHWO-GbkIWH6fkGMLw4bqvL_NH6e2wMveX7G-rP2dAqsDSq1mJMOaY&_nc_zt=24&_nc_ht=scontent-gig4-1.xx&_nc_gid=AoBFJeGrT1hVaew_6rchkQ&oh=00_AfX7QmFGhQhG2jAllVgXCiM1ZrWgvtp80-Bfppyexh1QEg&oe=689E923C"},"aioseo_meta_data":{"post_id":"41315","title":null,"description":null,"keywords":null,"keyphrases":null,"primary_term":null,"canonical_url":null,"og_title":null,"og_description":null,"og_object_type":"default","og_image_type":"default","og_image_url":null,"og_image_width":null,"og_image_height":null,"og_image_custom_url":null,"og_image_custom_fields":null,"og_video":null,"og_custom_url":null,"og_article_section":null,"og_article_tags":null,"twitter_use_og":false,"twitter_card":"default","twitter_image_type":"default","twitter_image_url":null,"twitter_image_custom_url":null,"twitter_image_custom_fields":null,"twitter_title":null,"twitter_description":null,"schema":{"blockGraphs":[],"customGraphs":[],"default":{"data":{"Article":[],"Course":[],"Dataset":[],"FAQPage":[],"Movie":[],"Person":[],"Product":[],"ProductReview":[],"Car":[],"Recipe":[],"Service":[],"SoftwareApplication":[],"WebPage":[]},"graphName":"","isEnabled":true},"graphs":[]},"schema_type":"default","schema_type_options":null,"pillar_content":false,"robots_default":true,"robots_noindex":false,"robots_noarchive":false,"robots_nosnippet":false,"robots_nofollow":false,"robots_noimageindex":false,"robots_noodp":false,"robots_notranslate":false,"robots_max_snippet":null,"robots_max_videopreview":null,"robots_max_imagepreview":"large","priority":null,"frequency":null,"local_seo":null,"breadcrumb_settings":null,"limit_modified_date":false,"ai":null,"created":"2025-08-16 19:31:18","updated":"2025-08-16 19:31:18","focus_keyword":null,"additional_keywords":null,"truseo_locale":null,"seo_analyzer_scan_date":null},"aioseo_breadcrumb":"<div class=\"aioseo-breadcrumbs\"><span class=\"aioseo-breadcrumb\">\n\t\t\t<a href=\"https:\/\/anoticiaonline.com.br\/site\" title=\"Home\">Home<\/a>\n\t\t<\/span><span class=\"aioseo-breadcrumb-separator\">&raquo;<\/span><span class=\"aioseo-breadcrumb\">\n\t\t\t<a href=\"https:\/\/anoticiaonline.com.br\/site\/categoria\/colunistas\/\" title=\"Colunistas\">Colunistas<\/a>\n\t\t<\/span><span class=\"aioseo-breadcrumb-separator\">&raquo;<\/span><span class=\"aioseo-breadcrumb\">\n\t\t\t<a href=\"https:\/\/anoticiaonline.com.br\/site\/categoria\/colunistas\/sociarte\/\" title=\"Sociarte\">Sociarte<\/a>\n\t\t<\/span><span class=\"aioseo-breadcrumb-separator\">&raquo;<\/span><span class=\"aioseo-breadcrumb\">\n\t\t\tSOCIARTE 22.09\n\t\t<\/span><\/div>","aioseo_breadcrumb_json":[{"label":"Home","link":"https:\/\/anoticiaonline.com.br\/site"},{"label":"Colunistas","link":"https:\/\/anoticiaonline.com.br\/site\/categoria\/colunistas\/"},{"label":"Sociarte","link":"https:\/\/anoticiaonline.com.br\/site\/categoria\/colunistas\/sociarte\/"},{"label":"SOCIARTE 22.09","link":"https:\/\/anoticiaonline.com.br\/site\/sociarte-22-09\/"}],"views":139,"_links":{"self":[{"href":"https:\/\/anoticiaonline.com.br\/site\/wp-json\/wp\/v2\/posts\/41315","targetHints":{"allow":["GET"]}}],"collection":[{"href":"https:\/\/anoticiaonline.com.br\/site\/wp-json\/wp\/v2\/posts"}],"about":[{"href":"https:\/\/anoticiaonline.com.br\/site\/wp-json\/wp\/v2\/types\/post"}],"author":[{"embeddable":true,"href":"https:\/\/anoticiaonline.com.br\/site\/wp-json\/wp\/v2\/users\/2"}],"replies":[{"embeddable":true,"href":"https:\/\/anoticiaonline.com.br\/site\/wp-json\/wp\/v2\/comments?post=41315"}],"version-history":[{"count":0,"href":"https:\/\/anoticiaonline.com.br\/site\/wp-json\/wp\/v2\/posts\/41315\/revisions"}],"wp:attachment":[{"href":"https:\/\/anoticiaonline.com.br\/site\/wp-json\/wp\/v2\/media?parent=41315"}],"wp:term":[{"taxonomy":"category","embeddable":true,"href":"https:\/\/anoticiaonline.com.br\/site\/wp-json\/wp\/v2\/categories?post=41315"},{"taxonomy":"post_tag","embeddable":true,"href":"https:\/\/anoticiaonline.com.br\/site\/wp-json\/wp\/v2\/tags?post=41315"}],"curies":[{"name":"wp","href":"https:\/\/api.w.org\/{rel}","templated":true}]}}