{"id":41312,"date":"2017-09-26T16:54:07","date_gmt":"2017-09-26T19:54:07","guid":{"rendered":"http:\/\/anoticiaonline.com.br\/site\/?p=41312"},"modified":"2017-09-26T16:54:07","modified_gmt":"2017-09-26T19:54:07","slug":"curso-de-cuidador-de-idosos-comeca-ser-ministrado-em-muriae","status":"publish","type":"post","link":"https:\/\/anoticiaonline.com.br\/site\/curso-de-cuidador-de-idosos-comeca-ser-ministrado-em-muriae\/","title":{"rendered":"Curso de Cuidador de Idosos come\u00e7a ser ministrado em Muria\u00e9"},"content":{"rendered":"<figure id=\"attachment_41313\" aria-describedby=\"caption-attachment-41313\" style=\"width: 290px\" class=\"wp-caption alignleft\"><a href=\"https:\/\/anoticiaonline.com.br\/site\/wp-content\/uploads\/2017\/09\/Curso-de-Cuidador-de-Idosos-come\u00e7a-ser-ministrado-em-Muria\u00e9.jpg\"><img fetchpriority=\"high\" decoding=\"async\" class=\"size-medium wp-image-41313\" src=\"https:\/\/anoticiaonline.com.br\/site\/wp-content\/uploads\/2017\/09\/Curso-de-Cuidador-de-Idosos-come\u00e7a-ser-ministrado-em-Muria\u00e9-300x175.jpg\" alt=\"\" width=\"300\" height=\"175\" srcset=\"https:\/\/anoticiaonline.com.br\/site\/wp-content\/uploads\/2017\/09\/Curso-de-Cuidador-de-Idosos-come\u00e7a-ser-ministrado-em-Muria\u00e9-300x175.jpg 300w, https:\/\/anoticiaonline.com.br\/site\/wp-content\/uploads\/2017\/09\/Curso-de-Cuidador-de-Idosos-come\u00e7a-ser-ministrado-em-Muria\u00e9.jpg 640w\" sizes=\"(max-width: 300px) 100vw, 300px\" \/><\/a><figcaption id=\"caption-attachment-41313\" class=\"wp-caption-text\">Cr\u00e9ditos &#8211; ASCOM PMM<\/figcaption><\/figure>\n<p class=\"m-7417692801200425283gmail-msonospacing\" style=\"text-align: justify; background: white;\"><span style=\"color: #222222;\">O curso Cuidador de Idosos \u00e9 uma oportunidade para muriaeenses se capacitarem de forma gratuita p<\/span><span style=\"color: #222222;\">ara o mercado de trabalho. \u00c9 o caso de Mariana dos Reis, de 30 anos, que est\u00e1 participando, juntamente com mais 39 pessoas, em busca de especializa\u00e7\u00e3o. A iniciativa, que come\u00e7ou nesta ter\u00e7a-feira (26), tem o objetivo de oferecer mais uma op\u00e7\u00e3o de aprendizado para os muriaeenses, aumentando as chances de emprego e renda.<\/span> O curso \u00e9 promovido pela prefeitura de Muria\u00e9, em parceria com a Fiemg, Sesi e Senai, no CD Moda.<\/p>\n<p class=\"m-7417692801200425283gmail-msonospacing\" style=\"text-align: justify; background: white; orphans: auto; widows: 1; -webkit-text-stroke-width: 0px; word-spacing: 0px;\"><span style=\"color: #222222;\">Mariana pretende cursar futuramente T\u00e9cnico em Enfermagem. Segundo ela, o curso Cuidador de Idosos vai ajud\u00e1-la para a nova profiss\u00e3o que pretende seguir. \u201cJ\u00e1 cuidei de idosos e gosto muito da \u00e1rea. Por isso, tudo que me proporcionar conhecimento neste setor me interessa. Esta capacita\u00e7\u00e3o ser\u00e1 uma grande ajuda para eu voltar ao mercado de trabalho\u201d, conta.<\/span><\/p>\n<p class=\"m-7417692801200425283gmail-msonospacing\" style=\"text-align: justify; background: white; orphans: auto; widows: 1; -webkit-text-stroke-width: 0px; word-spacing: 0px;\"><span style=\"color: #222222;\">Ministrado por um enfermeiro e um fisioterapeuta, o curso \u00e9 gratuito e conta com etapas te\u00f3ricas e pr\u00e1ticas. As aulas t\u00eam dura\u00e7\u00e3o de um m\u00eas e a previs\u00e3o \u00e9 que terminem no dia 26 de outubro.<\/span><\/p>\n<p class=\"m-7417692801200425283gmail-msonospacing\" style=\"text-align: justify; background: white; orphans: auto; widows: 1; -webkit-text-stroke-width: 0px; word-spacing: 0px;\"><span style=\"color: #222222;\">O cuidador de idosos \u00e9 o profissional que zela pela integridade f\u00edsica, presta cuidados de higiene, conforto, alimenta\u00e7\u00e3o e primeiros socorros, al\u00e9m de auxiliar o idoso nas diversas atividades cotidianas.\u00a0Muria\u00e9 \u00e9 a terceira cidade de Minas Gerais a receber este curso. <\/span><\/p>\n","protected":false},"excerpt":{"rendered":"<p>O curso Cuidador de Idosos \u00e9 uma oportunidade para muriaeenses se capacitarem de forma gratuita para o mercado de trabalho. \u00c9 o caso de Mariana dos Reis, de 30 anos, que est\u00e1 participando, juntamente com mais 39 pessoas, em busca de especializa\u00e7\u00e3o. A iniciativa, que come\u00e7ou nesta ter\u00e7a-feira (26), tem o objetivo de oferecer mais &#8230; <a title=\"Curso de Cuidador de Idosos come\u00e7a ser ministrado em Muria\u00e9\" class=\"read-more\" href=\"https:\/\/anoticiaonline.com.br\/site\/curso-de-cuidador-de-idosos-comeca-ser-ministrado-em-muriae\/\" aria-label=\"Read more about Curso de Cuidador de Idosos come\u00e7a ser ministrado em Muria\u00e9\">Ler mais<\/a><\/p>\n","protected":false},"author":2,"featured_media":41313,"comment_status":"open","ping_status":"open","sticky":false,"template":"","format":"standard","meta":{"_acf_changed":false,"_monsterinsights_skip_tracking":false,"footnotes":""},"categories":[30],"tags":[1192,71,1193,492,74,246,406,3],"class_list":["post-41312","post","type-post","status-publish","format-standard","has-post-thumbnail","hentry","category-muriae","tag-cd-modas","tag-curso","tag-fiemg","tag-idosos","tag-muriae","tag-prefeitura","tag-sesi","tag-slide"],"acf":[],"aioseo_notices":[],"aioseo_head":"\n\t\t<!-- All in One SEO 5.0.0.1 - aioseo.com -->\n\t<meta name=\"description\" content=\"O curso Cuidador de Idosos \u00e9 uma oportunidade para muriaeenses se capacitarem de forma gratuita para o mercado de trabalho. \u00c9 o caso de Mariana dos Reis, de 30 anos, que est\u00e1 participando, juntamente com mais 39 pessoas, em busca de especializa\u00e7\u00e3o. A iniciativa, que come\u00e7ou nesta ter\u00e7a-feira (26), tem o objetivo de oferecer mais\" \/>\n\t<meta name=\"robots\" content=\"max-image-preview:large\" \/>\n\t<meta name=\"author\" content=\"Juliana Laviola\"\/>\n\t<link rel=\"canonical\" href=\"https:\/\/anoticiaonline.com.br\/site\/curso-de-cuidador-de-idosos-comeca-ser-ministrado-em-muriae\/\" \/>\n\t<meta name=\"generator\" content=\"All in One SEO (AIOSEO) 5.0.0.1\" \/>\n\t\t<meta property=\"og:locale\" content=\"pt_BR\" \/>\n\t\t<meta property=\"og:site_name\" content=\"A Not\u00edcia Online - Noticias de Muria\u00e9 e regi\u00e3o\" \/>\n\t\t<meta property=\"og:type\" content=\"article\" \/>\n\t\t<meta property=\"og:title\" content=\"Curso de Cuidador de Idosos come\u00e7a ser ministrado em Muria\u00e9 - A Not\u00edcia Online\" \/>\n\t\t<meta property=\"og:description\" content=\"O curso Cuidador de Idosos \u00e9 uma oportunidade para muriaeenses se capacitarem de forma gratuita para o mercado de trabalho. \u00c9 o caso de Mariana dos Reis, de 30 anos, que est\u00e1 participando, juntamente com mais 39 pessoas, em busca de especializa\u00e7\u00e3o. A iniciativa, que come\u00e7ou nesta ter\u00e7a-feira (26), tem o objetivo de oferecer mais\" \/>\n\t\t<meta property=\"og:url\" content=\"https:\/\/anoticiaonline.com.br\/site\/curso-de-cuidador-de-idosos-comeca-ser-ministrado-em-muriae\/\" \/>\n\t\t<meta property=\"og:image\" content=\"https:\/\/scontent-gig4-1.xx.fbcdn.net\/v\/t39.30808-1\/270437624_4564083193639691_6907940295614233970_n.jpg?stp=dst-jpg_s200x200_tt6&#038;_nc_cat=111&#038;ccb=1-7&#038;_nc_sid=f907e8&#038;_nc_ohc=SM1wRlP3lJwQ7kNvwEPuBYA&#038;_nc_oc=AdnqrjDN_BNjSSHWO-GbkIWH6fkGMLw4bqvL_NH6e2wMveX7G-rP2dAqsDSq1mJMOaY&#038;_nc_zt=24&#038;_nc_ht=scontent-gig4-1.xx&#038;_nc_gid=AoBFJeGrT1hVaew_6rchkQ&#038;oh=00_AfX7QmFGhQhG2jAllVgXCiM1ZrWgvtp80-Bfppyexh1QEg&#038;oe=689E923C\" \/>\n\t\t<meta property=\"og:image:secure_url\" content=\"https:\/\/scontent-gig4-1.xx.fbcdn.net\/v\/t39.30808-1\/270437624_4564083193639691_6907940295614233970_n.jpg?stp=dst-jpg_s200x200_tt6&#038;_nc_cat=111&#038;ccb=1-7&#038;_nc_sid=f907e8&#038;_nc_ohc=SM1wRlP3lJwQ7kNvwEPuBYA&#038;_nc_oc=AdnqrjDN_BNjSSHWO-GbkIWH6fkGMLw4bqvL_NH6e2wMveX7G-rP2dAqsDSq1mJMOaY&#038;_nc_zt=24&#038;_nc_ht=scontent-gig4-1.xx&#038;_nc_gid=AoBFJeGrT1hVaew_6rchkQ&#038;oh=00_AfX7QmFGhQhG2jAllVgXCiM1ZrWgvtp80-Bfppyexh1QEg&#038;oe=689E923C\" \/>\n\t\t<meta property=\"article:published_time\" content=\"2017-09-26T19:54:07+00:00\" \/>\n\t\t<meta property=\"article:modified_time\" content=\"2017-09-26T19:54:07+00:00\" \/>\n\t\t<meta name=\"twitter:card\" content=\"summary_large_image\" \/>\n\t\t<meta name=\"twitter:title\" content=\"Curso de Cuidador de Idosos come\u00e7a ser ministrado em Muria\u00e9 - A Not\u00edcia Online\" \/>\n\t\t<meta name=\"twitter:description\" content=\"O curso Cuidador de Idosos \u00e9 uma oportunidade para muriaeenses se capacitarem de forma gratuita para o mercado de trabalho. \u00c9 o caso de Mariana dos Reis, de 30 anos, que est\u00e1 participando, juntamente com mais 39 pessoas, em busca de especializa\u00e7\u00e3o. A iniciativa, que come\u00e7ou nesta ter\u00e7a-feira (26), tem o objetivo de oferecer mais\" \/>\n\t\t<meta name=\"twitter:image\" content=\"https:\/\/scontent-gig4-1.xx.fbcdn.net\/v\/t39.30808-1\/270437624_4564083193639691_6907940295614233970_n.jpg?stp=dst-jpg_s200x200_tt6&amp;_nc_cat=111&amp;ccb=1-7&amp;_nc_sid=f907e8&amp;_nc_ohc=SM1wRlP3lJwQ7kNvwEPuBYA&amp;_nc_oc=AdnqrjDN_BNjSSHWO-GbkIWH6fkGMLw4bqvL_NH6e2wMveX7G-rP2dAqsDSq1mJMOaY&amp;_nc_zt=24&amp;_nc_ht=scontent-gig4-1.xx&amp;_nc_gid=AoBFJeGrT1hVaew_6rchkQ&amp;oh=00_AfX7QmFGhQhG2jAllVgXCiM1ZrWgvtp80-Bfppyexh1QEg&amp;oe=689E923C\" \/>\n\t\t<script type=\"application\/ld+json\" class=\"aioseo-schema\">\n\t\t\t{\"@context\":\"https:\\\/\\\/schema.org\",\"@graph\":[{\"@type\":\"BlogPosting\",\"@id\":\"https:\\\/\\\/anoticiaonline.com.br\\\/site\\\/curso-de-cuidador-de-idosos-comeca-ser-ministrado-em-muriae\\\/#blogposting\",\"name\":\"Curso de Cuidador de Idosos come\\u00e7a ser ministrado em Muria\\u00e9 - A Not\\u00edcia Online\",\"headline\":\"Curso de Cuidador de Idosos come\\u00e7a ser ministrado em Muria\\u00e9\",\"author\":{\"@id\":\"https:\\\/\\\/anoticiaonline.com.br\\\/site\\\/author\\\/juliana\\\/#author\"},\"publisher\":{\"@id\":\"https:\\\/\\\/anoticiaonline.com.br\\\/site\\\/#organization\"},\"image\":{\"@type\":\"ImageObject\",\"url\":\"https:\\\/\\\/anoticiaonline.com.br\\\/site\\\/wp-content\\\/uploads\\\/2017\\\/09\\\/Curso-de-Cuidador-de-Idosos-come\\u00e7a-ser-ministrado-em-Muria\\u00e9.jpg\",\"width\":640,\"height\":374,\"caption\":\"Cr\\u00e9ditos - ASCOM PMM\"},\"datePublished\":\"2017-09-26T16:54:07-03:00\",\"dateModified\":\"2017-09-26T16:54:07-03:00\",\"inLanguage\":\"pt-BR\",\"mainEntityOfPage\":{\"@id\":\"https:\\\/\\\/anoticiaonline.com.br\\\/site\\\/curso-de-cuidador-de-idosos-comeca-ser-ministrado-em-muriae\\\/#webpage\"},\"isPartOf\":{\"@id\":\"https:\\\/\\\/anoticiaonline.com.br\\\/site\\\/curso-de-cuidador-de-idosos-comeca-ser-ministrado-em-muriae\\\/#webpage\"},\"articleSection\":\"Blog, cd modas, curso, fiemg, idosos, Muria\\u00e9, prefeitura, sesi, slide\"},{\"@type\":\"BreadcrumbList\",\"@id\":\"https:\\\/\\\/anoticiaonline.com.br\\\/site\\\/curso-de-cuidador-de-idosos-comeca-ser-ministrado-em-muriae\\\/#breadcrumblist\",\"itemListElement\":[{\"@type\":\"ListItem\",\"@id\":\"https:\\\/\\\/anoticiaonline.com.br\\\/site#listItem\",\"position\":1,\"name\":\"Home\",\"item\":\"https:\\\/\\\/anoticiaonline.com.br\\\/site\",\"nextItem\":{\"@type\":\"ListItem\",\"@id\":\"https:\\\/\\\/anoticiaonline.com.br\\\/site\\\/categoria\\\/muriae\\\/#listItem\",\"name\":\"Blog\"}},{\"@type\":\"ListItem\",\"@id\":\"https:\\\/\\\/anoticiaonline.com.br\\\/site\\\/categoria\\\/muriae\\\/#listItem\",\"position\":2,\"name\":\"Blog\",\"item\":\"https:\\\/\\\/anoticiaonline.com.br\\\/site\\\/categoria\\\/muriae\\\/\",\"nextItem\":{\"@type\":\"ListItem\",\"@id\":\"https:\\\/\\\/anoticiaonline.com.br\\\/site\\\/curso-de-cuidador-de-idosos-comeca-ser-ministrado-em-muriae\\\/#listItem\",\"name\":\"Curso de Cuidador de Idosos come\\u00e7a ser ministrado em Muria\\u00e9\"},\"previousItem\":{\"@type\":\"ListItem\",\"@id\":\"https:\\\/\\\/anoticiaonline.com.br\\\/site#listItem\",\"name\":\"Home\"}},{\"@type\":\"ListItem\",\"@id\":\"https:\\\/\\\/anoticiaonline.com.br\\\/site\\\/curso-de-cuidador-de-idosos-comeca-ser-ministrado-em-muriae\\\/#listItem\",\"position\":3,\"name\":\"Curso de Cuidador de Idosos come\\u00e7a ser ministrado em Muria\\u00e9\",\"previousItem\":{\"@type\":\"ListItem\",\"@id\":\"https:\\\/\\\/anoticiaonline.com.br\\\/site\\\/categoria\\\/muriae\\\/#listItem\",\"name\":\"Blog\"}}]},{\"@type\":\"Organization\",\"@id\":\"https:\\\/\\\/anoticiaonline.com.br\\\/site\\\/#organization\",\"name\":\"A Not\\u00edcia Online\",\"description\":\"Noticias de Muria\\u00e9 e regi\\u00e3o\",\"url\":\"https:\\\/\\\/anoticiaonline.com.br\\\/site\\\/\",\"logo\":{\"@type\":\"ImageObject\",\"url\":\"https:\\\/\\\/scontent-gig4-1.xx.fbcdn.net\\\/v\\\/t39.30808-1\\\/270437624_4564083193639691_6907940295614233970_n.jpg?stp=dst-jpg_s200x200_tt6&_nc_cat=111&ccb=1-7&_nc_sid=f907e8&_nc_ohc=SM1wRlP3lJwQ7kNvwEPuBYA&_nc_oc=AdnqrjDN_BNjSSHWO-GbkIWH6fkGMLw4bqvL_NH6e2wMveX7G-rP2dAqsDSq1mJMOaY&_nc_zt=24&_nc_ht=scontent-gig4-1.xx&_nc_gid=AoBFJeGrT1hVaew_6rchkQ&oh=00_AfX7QmFGhQhG2jAllVgXCiM1ZrWgvtp80-Bfppyexh1QEg&oe=689E923C\",\"@id\":\"https:\\\/\\\/anoticiaonline.com.br\\\/site\\\/curso-de-cuidador-de-idosos-comeca-ser-ministrado-em-muriae\\\/#organizationLogo\"},\"image\":{\"@id\":\"https:\\\/\\\/anoticiaonline.com.br\\\/site\\\/curso-de-cuidador-de-idosos-comeca-ser-ministrado-em-muriae\\\/#organizationLogo\"}},{\"@type\":\"Person\",\"@id\":\"https:\\\/\\\/anoticiaonline.com.br\\\/site\\\/author\\\/juliana\\\/#author\",\"url\":\"https:\\\/\\\/anoticiaonline.com.br\\\/site\\\/author\\\/juliana\\\/\",\"name\":\"Juliana Laviola\",\"image\":{\"@type\":\"ImageObject\",\"@id\":\"https:\\\/\\\/anoticiaonline.com.br\\\/site\\\/curso-de-cuidador-de-idosos-comeca-ser-ministrado-em-muriae\\\/#authorImage\",\"url\":\"https:\\\/\\\/secure.gravatar.com\\\/avatar\\\/b8d45f5c699b100dfaf0e543582f38f38bf94cb7ae3a5e9abf8d891a34773335?s=96&d=mm&r=g\",\"width\":96,\"height\":96,\"caption\":\"Juliana Laviola\"}},{\"@type\":\"WebPage\",\"@id\":\"https:\\\/\\\/anoticiaonline.com.br\\\/site\\\/curso-de-cuidador-de-idosos-comeca-ser-ministrado-em-muriae\\\/#webpage\",\"url\":\"https:\\\/\\\/anoticiaonline.com.br\\\/site\\\/curso-de-cuidador-de-idosos-comeca-ser-ministrado-em-muriae\\\/\",\"name\":\"Curso de Cuidador de Idosos come\\u00e7a ser ministrado em Muria\\u00e9 - A Not\\u00edcia Online\",\"description\":\"O curso Cuidador de Idosos \\u00e9 uma oportunidade para muriaeenses se capacitarem de forma gratuita para o mercado de trabalho. \\u00c9 o caso de Mariana dos Reis, de 30 anos, que est\\u00e1 participando, juntamente com mais 39 pessoas, em busca de especializa\\u00e7\\u00e3o. A iniciativa, que come\\u00e7ou nesta ter\\u00e7a-feira (26), tem o objetivo de oferecer mais\",\"inLanguage\":\"pt-BR\",\"isPartOf\":{\"@id\":\"https:\\\/\\\/anoticiaonline.com.br\\\/site\\\/#website\"},\"breadcrumb\":{\"@id\":\"https:\\\/\\\/anoticiaonline.com.br\\\/site\\\/curso-de-cuidador-de-idosos-comeca-ser-ministrado-em-muriae\\\/#breadcrumblist\"},\"author\":{\"@id\":\"https:\\\/\\\/anoticiaonline.com.br\\\/site\\\/author\\\/juliana\\\/#author\"},\"creator\":{\"@id\":\"https:\\\/\\\/anoticiaonline.com.br\\\/site\\\/author\\\/juliana\\\/#author\"},\"image\":{\"@type\":\"ImageObject\",\"url\":\"https:\\\/\\\/anoticiaonline.com.br\\\/site\\\/wp-content\\\/uploads\\\/2017\\\/09\\\/Curso-de-Cuidador-de-Idosos-come\\u00e7a-ser-ministrado-em-Muria\\u00e9.jpg\",\"@id\":\"https:\\\/\\\/anoticiaonline.com.br\\\/site\\\/curso-de-cuidador-de-idosos-comeca-ser-ministrado-em-muriae\\\/#mainImage\",\"width\":640,\"height\":374,\"caption\":\"Cr\\u00e9ditos - ASCOM PMM\"},\"primaryImageOfPage\":{\"@id\":\"https:\\\/\\\/anoticiaonline.com.br\\\/site\\\/curso-de-cuidador-de-idosos-comeca-ser-ministrado-em-muriae\\\/#mainImage\"},\"datePublished\":\"2017-09-26T16:54:07-03:00\",\"dateModified\":\"2017-09-26T16:54:07-03:00\"},{\"@type\":\"WebSite\",\"@id\":\"https:\\\/\\\/anoticiaonline.com.br\\\/site\\\/#website\",\"url\":\"https:\\\/\\\/anoticiaonline.com.br\\\/site\\\/\",\"name\":\"A Not\\u00edcia Online\",\"description\":\"Noticias de Muria\\u00e9 e regi\\u00e3o\",\"inLanguage\":\"pt-BR\",\"publisher\":{\"@id\":\"https:\\\/\\\/anoticiaonline.com.br\\\/site\\\/#organization\"}}]}\n\t\t<\/script>\n\t\t<!-- All in One SEO -->\n\n","aioseo_head_json":{"title":"Curso de Cuidador de Idosos come\u00e7a ser ministrado em Muria\u00e9 - A Not\u00edcia Online","description":"O curso Cuidador de Idosos \u00e9 uma oportunidade para muriaeenses se capacitarem de forma gratuita para o mercado de trabalho. \u00c9 o caso de Mariana dos Reis, de 30 anos, que est\u00e1 participando, juntamente com mais 39 pessoas, em busca de especializa\u00e7\u00e3o. A iniciativa, que come\u00e7ou nesta ter\u00e7a-feira (26), tem o objetivo de oferecer mais","canonical_url":"https:\/\/anoticiaonline.com.br\/site\/curso-de-cuidador-de-idosos-comeca-ser-ministrado-em-muriae\/","robots":"max-image-preview:large","keywords":"","webmasterTools":{"miscellaneous":""},"schema":{"@context":"https:\/\/schema.org","@graph":[{"@type":"BlogPosting","@id":"https:\/\/anoticiaonline.com.br\/site\/curso-de-cuidador-de-idosos-comeca-ser-ministrado-em-muriae\/#blogposting","name":"Curso de Cuidador de Idosos come\u00e7a ser ministrado em Muria\u00e9 - A Not\u00edcia Online","headline":"Curso de Cuidador de Idosos come\u00e7a ser ministrado em Muria\u00e9","author":{"@id":"https:\/\/anoticiaonline.com.br\/site\/author\/juliana\/#author"},"publisher":{"@id":"https:\/\/anoticiaonline.com.br\/site\/#organization"},"image":{"@type":"ImageObject","url":"https:\/\/anoticiaonline.com.br\/site\/wp-content\/uploads\/2017\/09\/Curso-de-Cuidador-de-Idosos-come\u00e7a-ser-ministrado-em-Muria\u00e9.jpg","width":640,"height":374,"caption":"Cr\u00e9ditos - ASCOM PMM"},"datePublished":"2017-09-26T16:54:07-03:00","dateModified":"2017-09-26T16:54:07-03:00","inLanguage":"pt-BR","mainEntityOfPage":{"@id":"https:\/\/anoticiaonline.com.br\/site\/curso-de-cuidador-de-idosos-comeca-ser-ministrado-em-muriae\/#webpage"},"isPartOf":{"@id":"https:\/\/anoticiaonline.com.br\/site\/curso-de-cuidador-de-idosos-comeca-ser-ministrado-em-muriae\/#webpage"},"articleSection":"Blog, cd modas, curso, fiemg, idosos, Muria\u00e9, prefeitura, sesi, slide"},{"@type":"BreadcrumbList","@id":"https:\/\/anoticiaonline.com.br\/site\/curso-de-cuidador-de-idosos-comeca-ser-ministrado-em-muriae\/#breadcrumblist","itemListElement":[{"@type":"ListItem","@id":"https:\/\/anoticiaonline.com.br\/site#listItem","position":1,"name":"Home","item":"https:\/\/anoticiaonline.com.br\/site","nextItem":{"@type":"ListItem","@id":"https:\/\/anoticiaonline.com.br\/site\/categoria\/muriae\/#listItem","name":"Blog"}},{"@type":"ListItem","@id":"https:\/\/anoticiaonline.com.br\/site\/categoria\/muriae\/#listItem","position":2,"name":"Blog","item":"https:\/\/anoticiaonline.com.br\/site\/categoria\/muriae\/","nextItem":{"@type":"ListItem","@id":"https:\/\/anoticiaonline.com.br\/site\/curso-de-cuidador-de-idosos-comeca-ser-ministrado-em-muriae\/#listItem","name":"Curso de Cuidador de Idosos come\u00e7a ser ministrado em Muria\u00e9"},"previousItem":{"@type":"ListItem","@id":"https:\/\/anoticiaonline.com.br\/site#listItem","name":"Home"}},{"@type":"ListItem","@id":"https:\/\/anoticiaonline.com.br\/site\/curso-de-cuidador-de-idosos-comeca-ser-ministrado-em-muriae\/#listItem","position":3,"name":"Curso de Cuidador de Idosos come\u00e7a ser ministrado em Muria\u00e9","previousItem":{"@type":"ListItem","@id":"https:\/\/anoticiaonline.com.br\/site\/categoria\/muriae\/#listItem","name":"Blog"}}]},{"@type":"Organization","@id":"https:\/\/anoticiaonline.com.br\/site\/#organization","name":"A Not\u00edcia Online","description":"Noticias de Muria\u00e9 e regi\u00e3o","url":"https:\/\/anoticiaonline.com.br\/site\/","logo":{"@type":"ImageObject","url":"https:\/\/scontent-gig4-1.xx.fbcdn.net\/v\/t39.30808-1\/270437624_4564083193639691_6907940295614233970_n.jpg?stp=dst-jpg_s200x200_tt6&_nc_cat=111&ccb=1-7&_nc_sid=f907e8&_nc_ohc=SM1wRlP3lJwQ7kNvwEPuBYA&_nc_oc=AdnqrjDN_BNjSSHWO-GbkIWH6fkGMLw4bqvL_NH6e2wMveX7G-rP2dAqsDSq1mJMOaY&_nc_zt=24&_nc_ht=scontent-gig4-1.xx&_nc_gid=AoBFJeGrT1hVaew_6rchkQ&oh=00_AfX7QmFGhQhG2jAllVgXCiM1ZrWgvtp80-Bfppyexh1QEg&oe=689E923C","@id":"https:\/\/anoticiaonline.com.br\/site\/curso-de-cuidador-de-idosos-comeca-ser-ministrado-em-muriae\/#organizationLogo"},"image":{"@id":"https:\/\/anoticiaonline.com.br\/site\/curso-de-cuidador-de-idosos-comeca-ser-ministrado-em-muriae\/#organizationLogo"}},{"@type":"Person","@id":"https:\/\/anoticiaonline.com.br\/site\/author\/juliana\/#author","url":"https:\/\/anoticiaonline.com.br\/site\/author\/juliana\/","name":"Juliana Laviola","image":{"@type":"ImageObject","@id":"https:\/\/anoticiaonline.com.br\/site\/curso-de-cuidador-de-idosos-comeca-ser-ministrado-em-muriae\/#authorImage","url":"https:\/\/secure.gravatar.com\/avatar\/b8d45f5c699b100dfaf0e543582f38f38bf94cb7ae3a5e9abf8d891a34773335?s=96&d=mm&r=g","width":96,"height":96,"caption":"Juliana Laviola"}},{"@type":"WebPage","@id":"https:\/\/anoticiaonline.com.br\/site\/curso-de-cuidador-de-idosos-comeca-ser-ministrado-em-muriae\/#webpage","url":"https:\/\/anoticiaonline.com.br\/site\/curso-de-cuidador-de-idosos-comeca-ser-ministrado-em-muriae\/","name":"Curso de Cuidador de Idosos come\u00e7a ser ministrado em Muria\u00e9 - A Not\u00edcia Online","description":"O curso Cuidador de Idosos \u00e9 uma oportunidade para muriaeenses se capacitarem de forma gratuita para o mercado de trabalho. \u00c9 o caso de Mariana dos Reis, de 30 anos, que est\u00e1 participando, juntamente com mais 39 pessoas, em busca de especializa\u00e7\u00e3o. A iniciativa, que come\u00e7ou nesta ter\u00e7a-feira (26), tem o objetivo de oferecer mais","inLanguage":"pt-BR","isPartOf":{"@id":"https:\/\/anoticiaonline.com.br\/site\/#website"},"breadcrumb":{"@id":"https:\/\/anoticiaonline.com.br\/site\/curso-de-cuidador-de-idosos-comeca-ser-ministrado-em-muriae\/#breadcrumblist"},"author":{"@id":"https:\/\/anoticiaonline.com.br\/site\/author\/juliana\/#author"},"creator":{"@id":"https:\/\/anoticiaonline.com.br\/site\/author\/juliana\/#author"},"image":{"@type":"ImageObject","url":"https:\/\/anoticiaonline.com.br\/site\/wp-content\/uploads\/2017\/09\/Curso-de-Cuidador-de-Idosos-come\u00e7a-ser-ministrado-em-Muria\u00e9.jpg","@id":"https:\/\/anoticiaonline.com.br\/site\/curso-de-cuidador-de-idosos-comeca-ser-ministrado-em-muriae\/#mainImage","width":640,"height":374,"caption":"Cr\u00e9ditos - ASCOM PMM"},"primaryImageOfPage":{"@id":"https:\/\/anoticiaonline.com.br\/site\/curso-de-cuidador-de-idosos-comeca-ser-ministrado-em-muriae\/#mainImage"},"datePublished":"2017-09-26T16:54:07-03:00","dateModified":"2017-09-26T16:54:07-03:00"},{"@type":"WebSite","@id":"https:\/\/anoticiaonline.com.br\/site\/#website","url":"https:\/\/anoticiaonline.com.br\/site\/","name":"A Not\u00edcia Online","description":"Noticias de Muria\u00e9 e regi\u00e3o","inLanguage":"pt-BR","publisher":{"@id":"https:\/\/anoticiaonline.com.br\/site\/#organization"}}]},"og:locale":"pt_BR","og:site_name":"A Not\u00edcia Online - Noticias de Muria\u00e9 e regi\u00e3o","og:type":"article","og:title":"Curso de Cuidador de Idosos come\u00e7a ser ministrado em Muria\u00e9 - A Not\u00edcia Online","og:description":"O curso Cuidador de Idosos \u00e9 uma oportunidade para muriaeenses se capacitarem de forma gratuita para o mercado de trabalho. \u00c9 o caso de Mariana dos Reis, de 30 anos, que est\u00e1 participando, juntamente com mais 39 pessoas, em busca de especializa\u00e7\u00e3o. A iniciativa, que come\u00e7ou nesta ter\u00e7a-feira (26), tem o objetivo de oferecer mais","og:url":"https:\/\/anoticiaonline.com.br\/site\/curso-de-cuidador-de-idosos-comeca-ser-ministrado-em-muriae\/","og:image":"https:\/\/scontent-gig4-1.xx.fbcdn.net\/v\/t39.30808-1\/270437624_4564083193639691_6907940295614233970_n.jpg?stp=dst-jpg_s200x200_tt6&#038;_nc_cat=111&#038;ccb=1-7&#038;_nc_sid=f907e8&#038;_nc_ohc=SM1wRlP3lJwQ7kNvwEPuBYA&#038;_nc_oc=AdnqrjDN_BNjSSHWO-GbkIWH6fkGMLw4bqvL_NH6e2wMveX7G-rP2dAqsDSq1mJMOaY&#038;_nc_zt=24&#038;_nc_ht=scontent-gig4-1.xx&#038;_nc_gid=AoBFJeGrT1hVaew_6rchkQ&#038;oh=00_AfX7QmFGhQhG2jAllVgXCiM1ZrWgvtp80-Bfppyexh1QEg&#038;oe=689E923C","og:image:secure_url":"https:\/\/scontent-gig4-1.xx.fbcdn.net\/v\/t39.30808-1\/270437624_4564083193639691_6907940295614233970_n.jpg?stp=dst-jpg_s200x200_tt6&#038;_nc_cat=111&#038;ccb=1-7&#038;_nc_sid=f907e8&#038;_nc_ohc=SM1wRlP3lJwQ7kNvwEPuBYA&#038;_nc_oc=AdnqrjDN_BNjSSHWO-GbkIWH6fkGMLw4bqvL_NH6e2wMveX7G-rP2dAqsDSq1mJMOaY&#038;_nc_zt=24&#038;_nc_ht=scontent-gig4-1.xx&#038;_nc_gid=AoBFJeGrT1hVaew_6rchkQ&#038;oh=00_AfX7QmFGhQhG2jAllVgXCiM1ZrWgvtp80-Bfppyexh1QEg&#038;oe=689E923C","article:published_time":"2017-09-26T19:54:07+00:00","article:modified_time":"2017-09-26T19:54:07+00:00","twitter:card":"summary_large_image","twitter:title":"Curso de Cuidador de Idosos come\u00e7a ser ministrado em Muria\u00e9 - A Not\u00edcia Online","twitter:description":"O curso Cuidador de Idosos \u00e9 uma oportunidade para muriaeenses se capacitarem de forma gratuita para o mercado de trabalho. \u00c9 o caso de Mariana dos Reis, de 30 anos, que est\u00e1 participando, juntamente com mais 39 pessoas, em busca de especializa\u00e7\u00e3o. A iniciativa, que come\u00e7ou nesta ter\u00e7a-feira (26), tem o objetivo de oferecer mais","twitter:image":"https:\/\/scontent-gig4-1.xx.fbcdn.net\/v\/t39.30808-1\/270437624_4564083193639691_6907940295614233970_n.jpg?stp=dst-jpg_s200x200_tt6&_nc_cat=111&ccb=1-7&_nc_sid=f907e8&_nc_ohc=SM1wRlP3lJwQ7kNvwEPuBYA&_nc_oc=AdnqrjDN_BNjSSHWO-GbkIWH6fkGMLw4bqvL_NH6e2wMveX7G-rP2dAqsDSq1mJMOaY&_nc_zt=24&_nc_ht=scontent-gig4-1.xx&_nc_gid=AoBFJeGrT1hVaew_6rchkQ&oh=00_AfX7QmFGhQhG2jAllVgXCiM1ZrWgvtp80-Bfppyexh1QEg&oe=689E923C"},"aioseo_meta_data":{"post_id":"41312","title":null,"description":null,"keywords":null,"keyphrases":null,"primary_term":null,"canonical_url":null,"og_title":null,"og_description":null,"og_object_type":"default","og_image_type":"default","og_image_url":null,"og_image_width":null,"og_image_height":null,"og_image_custom_url":null,"og_image_custom_fields":null,"og_video":null,"og_custom_url":null,"og_article_section":null,"og_article_tags":null,"twitter_use_og":false,"twitter_card":"default","twitter_image_type":"default","twitter_image_url":null,"twitter_image_custom_url":null,"twitter_image_custom_fields":null,"twitter_title":null,"twitter_description":null,"schema":{"blockGraphs":[],"customGraphs":[],"default":{"data":{"Article":[],"Course":[],"Dataset":[],"FAQPage":[],"Movie":[],"Person":[],"Product":[],"ProductReview":[],"Car":[],"Recipe":[],"Service":[],"SoftwareApplication":[],"WebPage":[]},"graphName":"","isEnabled":true},"graphs":[]},"schema_type":"default","schema_type_options":null,"pillar_content":false,"robots_default":true,"robots_noindex":false,"robots_noarchive":false,"robots_nosnippet":false,"robots_nofollow":false,"robots_noimageindex":false,"robots_noodp":false,"robots_notranslate":false,"robots_max_snippet":null,"robots_max_videopreview":null,"robots_max_imagepreview":"large","priority":null,"frequency":null,"local_seo":null,"breadcrumb_settings":null,"limit_modified_date":false,"ai":null,"created":"2025-08-16 19:31:18","updated":"2025-08-16 19:31:18","focus_keyword":null,"additional_keywords":null,"truseo_locale":null,"seo_analyzer_scan_date":null},"aioseo_breadcrumb":"<div class=\"aioseo-breadcrumbs\"><span class=\"aioseo-breadcrumb\">\n\t\t\t<a href=\"https:\/\/anoticiaonline.com.br\/site\" title=\"Home\">Home<\/a>\n\t\t<\/span><span class=\"aioseo-breadcrumb-separator\">&raquo;<\/span><span class=\"aioseo-breadcrumb\">\n\t\t\t<a href=\"https:\/\/anoticiaonline.com.br\/site\/categoria\/muriae\/\" title=\"Blog\">Blog<\/a>\n\t\t<\/span><span class=\"aioseo-breadcrumb-separator\">&raquo;<\/span><span class=\"aioseo-breadcrumb\">\n\t\t\tCurso de Cuidador de Idosos come\u00e7a ser ministrado em Muria\u00e9\n\t\t<\/span><\/div>","aioseo_breadcrumb_json":[{"label":"Home","link":"https:\/\/anoticiaonline.com.br\/site"},{"label":"Blog","link":"https:\/\/anoticiaonline.com.br\/site\/categoria\/muriae\/"},{"label":"Curso de Cuidador de Idosos come\u00e7a ser ministrado em Muria\u00e9","link":"https:\/\/anoticiaonline.com.br\/site\/curso-de-cuidador-de-idosos-comeca-ser-ministrado-em-muriae\/"}],"views":193,"_links":{"self":[{"href":"https:\/\/anoticiaonline.com.br\/site\/wp-json\/wp\/v2\/posts\/41312","targetHints":{"allow":["GET"]}}],"collection":[{"href":"https:\/\/anoticiaonline.com.br\/site\/wp-json\/wp\/v2\/posts"}],"about":[{"href":"https:\/\/anoticiaonline.com.br\/site\/wp-json\/wp\/v2\/types\/post"}],"author":[{"embeddable":true,"href":"https:\/\/anoticiaonline.com.br\/site\/wp-json\/wp\/v2\/users\/2"}],"replies":[{"embeddable":true,"href":"https:\/\/anoticiaonline.com.br\/site\/wp-json\/wp\/v2\/comments?post=41312"}],"version-history":[{"count":0,"href":"https:\/\/anoticiaonline.com.br\/site\/wp-json\/wp\/v2\/posts\/41312\/revisions"}],"wp:featuredmedia":[{"embeddable":true,"href":"https:\/\/anoticiaonline.com.br\/site\/wp-json\/wp\/v2\/media\/41313"}],"wp:attachment":[{"href":"https:\/\/anoticiaonline.com.br\/site\/wp-json\/wp\/v2\/media?parent=41312"}],"wp:term":[{"taxonomy":"category","embeddable":true,"href":"https:\/\/anoticiaonline.com.br\/site\/wp-json\/wp\/v2\/categories?post=41312"},{"taxonomy":"post_tag","embeddable":true,"href":"https:\/\/anoticiaonline.com.br\/site\/wp-json\/wp\/v2\/tags?post=41312"}],"curies":[{"name":"wp","href":"https:\/\/api.w.org\/{rel}","templated":true}]}}