{"id":41305,"date":"2017-09-26T11:44:15","date_gmt":"2017-09-26T14:44:15","guid":{"rendered":"http:\/\/anoticiaonline.com.br\/site\/?p=41305"},"modified":"2017-09-26T11:44:15","modified_gmt":"2017-09-26T14:44:15","slug":"muriae-e-selecionada-para-receber-circuito-da-mostra-cinema-e-direitos-humanos","status":"publish","type":"post","link":"https:\/\/anoticiaonline.com.br\/site\/muriae-e-selecionada-para-receber-circuito-da-mostra-cinema-e-direitos-humanos\/","title":{"rendered":"Muria\u00e9 \u00e9 selecionada para receber circuito da Mostra Cinema e Direitos Humanos"},"content":{"rendered":"<p class=\"m-6499043490618805443gmail-msonospacing\" style=\"text-align: justify; background: white;\"><span style=\"color: #222222;\"><a href=\"https:\/\/anoticiaonline.com.br\/site\/wp-content\/uploads\/2017\/09\/Muria\u00e9-\u00e9-selecionada-para-receber-circuito-da-Mostra-Cinema-e-Direitos-Humanos.jpg\"><img fetchpriority=\"high\" decoding=\"async\" class=\"size-medium wp-image-41306 alignleft\" src=\"https:\/\/anoticiaonline.com.br\/site\/wp-content\/uploads\/2017\/09\/Muria\u00e9-\u00e9-selecionada-para-receber-circuito-da-Mostra-Cinema-e-Direitos-Humanos-300x173.jpg\" alt=\"\" width=\"300\" height=\"173\" srcset=\"https:\/\/anoticiaonline.com.br\/site\/wp-content\/uploads\/2017\/09\/Muria\u00e9-\u00e9-selecionada-para-receber-circuito-da-Mostra-Cinema-e-Direitos-Humanos-300x173.jpg 300w, https:\/\/anoticiaonline.com.br\/site\/wp-content\/uploads\/2017\/09\/Muria\u00e9-\u00e9-selecionada-para-receber-circuito-da-Mostra-Cinema-e-Direitos-Humanos.jpg 640w\" sizes=\"(max-width: 300px) 100vw, 300px\" \/><\/a>A Escola Municipal de Audiovisual Carlos Scalla e a Cinemateca Paulo Porto, localizadas no Grande Hotel Muriahe, foram selecionadas como ponto de exibi\u00e7\u00e3o do Circuito Difus\u00e3o da 11\u00aa edi\u00e7\u00e3o da Mostra Cinema e Direitos Humanos. As sess\u00f5es, que s\u00e3o gratuitas, acontecem entre os dias 23 a 26 de outubro. O objetivo \u00e9 promover a cultura e a educa\u00e7\u00e3o em direitos humanos, atrav\u00e9s de filmes que discutem temas como o respeito \u00e0s diversidades.<\/span><\/p>\n<p class=\"m-6499043490618805443gmail-msonospacing\" style=\"text-align: justify; background: white;\"><span style=\"color: #222222;\">Criada em 2006 pela secretaria Especial de Direitos Humanos do Governo Federal<span class=\"apple-converted-space\"><b>\u00a0<\/b><\/span>para celebrar o anivers\u00e1rio da Declara\u00e7\u00e3o Universal de Direitos Humanos, a Mostra Cinema e Direitos Humanos foi expandida ao longo dos \u00faltimos anos e, atualmente, ocorre em diversas cidades do Brasil. Pelo segundo ano consecutivo, Muria\u00e9 foi uma das cidades de Minas Gerais selecionadas para receber o projeto.<\/span><\/p>\n<p class=\"m-6499043490618805443gmail-msonospacing\" style=\"text-align: justify; background: white;\"><span style=\"color: #222222;\">A programa\u00e7\u00e3o, com a descri\u00e7\u00e3o das sess\u00f5es e hor\u00e1rios de exibi\u00e7\u00e3o, ser\u00e1 divulgada em breve.<\/span><\/p>\n<p>Cr\u00e9ditos: ASCOM PMM<\/p>\n","protected":false},"excerpt":{"rendered":"<p>A Escola Municipal de Audiovisual Carlos Scalla e a Cinemateca Paulo Porto, localizadas no Grande Hotel Muriahe, foram selecionadas como ponto de exibi\u00e7\u00e3o do Circuito Difus\u00e3o da 11\u00aa edi\u00e7\u00e3o da Mostra Cinema e Direitos Humanos. As sess\u00f5es, que s\u00e3o gratuitas, acontecem entre os dias 23 a 26 de outubro. O objetivo \u00e9 promover a cultura &#8230; <a title=\"Muria\u00e9 \u00e9 selecionada para receber circuito da Mostra Cinema e Direitos Humanos\" class=\"read-more\" href=\"https:\/\/anoticiaonline.com.br\/site\/muriae-e-selecionada-para-receber-circuito-da-mostra-cinema-e-direitos-humanos\/\" aria-label=\"Read more about Muria\u00e9 \u00e9 selecionada para receber circuito da Mostra Cinema e Direitos Humanos\">Ler mais<\/a><\/p>\n","protected":false},"author":2,"featured_media":41306,"comment_status":"open","ping_status":"open","sticky":false,"template":"","format":"standard","meta":{"_acf_changed":false,"_monsterinsights_skip_tracking":false,"footnotes":""},"categories":[30],"tags":[64,196,1187,74,3],"class_list":["post-41305","post","type-post","status-publish","format-standard","has-post-thumbnail","hentry","category-muriae","tag-cultura","tag-grande-hotel","tag-mostra-de-cinema","tag-muriae","tag-slide"],"acf":[],"aioseo_notices":[],"aioseo_head":"\n\t\t<!-- All in One SEO 5.0.0.1 - aioseo.com -->\n\t<meta name=\"description\" content=\"A Escola Municipal de Audiovisual Carlos Scalla e a Cinemateca Paulo Porto, localizadas no Grande Hotel Muriahe, foram selecionadas como ponto de exibi\u00e7\u00e3o do Circuito Difus\u00e3o da 11\u00aa edi\u00e7\u00e3o da Mostra Cinema e Direitos Humanos. As sess\u00f5es, que s\u00e3o gratuitas, acontecem entre os dias 23 a 26 de outubro. O objetivo \u00e9 promover a cultura\" \/>\n\t<meta name=\"robots\" content=\"max-image-preview:large\" \/>\n\t<meta name=\"author\" content=\"Juliana Laviola\"\/>\n\t<link rel=\"canonical\" href=\"https:\/\/anoticiaonline.com.br\/site\/muriae-e-selecionada-para-receber-circuito-da-mostra-cinema-e-direitos-humanos\/\" \/>\n\t<meta name=\"generator\" content=\"All in One SEO (AIOSEO) 5.0.0.1\" \/>\n\t\t<meta property=\"og:locale\" content=\"pt_BR\" \/>\n\t\t<meta property=\"og:site_name\" content=\"A Not\u00edcia Online - Noticias de Muria\u00e9 e regi\u00e3o\" \/>\n\t\t<meta property=\"og:type\" content=\"article\" \/>\n\t\t<meta property=\"og:title\" content=\"Muria\u00e9 \u00e9 selecionada para receber circuito da Mostra Cinema e Direitos Humanos - A Not\u00edcia Online\" \/>\n\t\t<meta property=\"og:description\" content=\"A Escola Municipal de Audiovisual Carlos Scalla e a Cinemateca Paulo Porto, localizadas no Grande Hotel Muriahe, foram selecionadas como ponto de exibi\u00e7\u00e3o do Circuito Difus\u00e3o da 11\u00aa edi\u00e7\u00e3o da Mostra Cinema e Direitos Humanos. As sess\u00f5es, que s\u00e3o gratuitas, acontecem entre os dias 23 a 26 de outubro. O objetivo \u00e9 promover a cultura\" \/>\n\t\t<meta property=\"og:url\" content=\"https:\/\/anoticiaonline.com.br\/site\/muriae-e-selecionada-para-receber-circuito-da-mostra-cinema-e-direitos-humanos\/\" \/>\n\t\t<meta property=\"og:image\" content=\"https:\/\/scontent-gig4-1.xx.fbcdn.net\/v\/t39.30808-1\/270437624_4564083193639691_6907940295614233970_n.jpg?stp=dst-jpg_s200x200_tt6&#038;_nc_cat=111&#038;ccb=1-7&#038;_nc_sid=f907e8&#038;_nc_ohc=SM1wRlP3lJwQ7kNvwEPuBYA&#038;_nc_oc=AdnqrjDN_BNjSSHWO-GbkIWH6fkGMLw4bqvL_NH6e2wMveX7G-rP2dAqsDSq1mJMOaY&#038;_nc_zt=24&#038;_nc_ht=scontent-gig4-1.xx&#038;_nc_gid=AoBFJeGrT1hVaew_6rchkQ&#038;oh=00_AfX7QmFGhQhG2jAllVgXCiM1ZrWgvtp80-Bfppyexh1QEg&#038;oe=689E923C\" \/>\n\t\t<meta property=\"og:image:secure_url\" content=\"https:\/\/scontent-gig4-1.xx.fbcdn.net\/v\/t39.30808-1\/270437624_4564083193639691_6907940295614233970_n.jpg?stp=dst-jpg_s200x200_tt6&#038;_nc_cat=111&#038;ccb=1-7&#038;_nc_sid=f907e8&#038;_nc_ohc=SM1wRlP3lJwQ7kNvwEPuBYA&#038;_nc_oc=AdnqrjDN_BNjSSHWO-GbkIWH6fkGMLw4bqvL_NH6e2wMveX7G-rP2dAqsDSq1mJMOaY&#038;_nc_zt=24&#038;_nc_ht=scontent-gig4-1.xx&#038;_nc_gid=AoBFJeGrT1hVaew_6rchkQ&#038;oh=00_AfX7QmFGhQhG2jAllVgXCiM1ZrWgvtp80-Bfppyexh1QEg&#038;oe=689E923C\" \/>\n\t\t<meta property=\"article:published_time\" content=\"2017-09-26T14:44:15+00:00\" \/>\n\t\t<meta property=\"article:modified_time\" content=\"2017-09-26T14:44:15+00:00\" \/>\n\t\t<meta name=\"twitter:card\" content=\"summary_large_image\" \/>\n\t\t<meta name=\"twitter:title\" content=\"Muria\u00e9 \u00e9 selecionada para receber circuito da Mostra Cinema e Direitos Humanos - A Not\u00edcia Online\" \/>\n\t\t<meta name=\"twitter:description\" content=\"A Escola Municipal de Audiovisual Carlos Scalla e a Cinemateca Paulo Porto, localizadas no Grande Hotel Muriahe, foram selecionadas como ponto de exibi\u00e7\u00e3o do Circuito Difus\u00e3o da 11\u00aa edi\u00e7\u00e3o da Mostra Cinema e Direitos Humanos. As sess\u00f5es, que s\u00e3o gratuitas, acontecem entre os dias 23 a 26 de outubro. O objetivo \u00e9 promover a cultura\" \/>\n\t\t<meta name=\"twitter:image\" content=\"https:\/\/scontent-gig4-1.xx.fbcdn.net\/v\/t39.30808-1\/270437624_4564083193639691_6907940295614233970_n.jpg?stp=dst-jpg_s200x200_tt6&amp;_nc_cat=111&amp;ccb=1-7&amp;_nc_sid=f907e8&amp;_nc_ohc=SM1wRlP3lJwQ7kNvwEPuBYA&amp;_nc_oc=AdnqrjDN_BNjSSHWO-GbkIWH6fkGMLw4bqvL_NH6e2wMveX7G-rP2dAqsDSq1mJMOaY&amp;_nc_zt=24&amp;_nc_ht=scontent-gig4-1.xx&amp;_nc_gid=AoBFJeGrT1hVaew_6rchkQ&amp;oh=00_AfX7QmFGhQhG2jAllVgXCiM1ZrWgvtp80-Bfppyexh1QEg&amp;oe=689E923C\" \/>\n\t\t<script type=\"application\/ld+json\" class=\"aioseo-schema\">\n\t\t\t{\"@context\":\"https:\\\/\\\/schema.org\",\"@graph\":[{\"@type\":\"BlogPosting\",\"@id\":\"https:\\\/\\\/anoticiaonline.com.br\\\/site\\\/muriae-e-selecionada-para-receber-circuito-da-mostra-cinema-e-direitos-humanos\\\/#blogposting\",\"name\":\"Muria\\u00e9 \\u00e9 selecionada para receber circuito da Mostra Cinema e Direitos Humanos - A Not\\u00edcia Online\",\"headline\":\"Muria\\u00e9 \\u00e9 selecionada para receber circuito da Mostra Cinema e Direitos Humanos\",\"author\":{\"@id\":\"https:\\\/\\\/anoticiaonline.com.br\\\/site\\\/author\\\/juliana\\\/#author\"},\"publisher\":{\"@id\":\"https:\\\/\\\/anoticiaonline.com.br\\\/site\\\/#organization\"},\"image\":{\"@type\":\"ImageObject\",\"url\":\"https:\\\/\\\/anoticiaonline.com.br\\\/site\\\/wp-content\\\/uploads\\\/2017\\\/09\\\/Muria\\u00e9-\\u00e9-selecionada-para-receber-circuito-da-Mostra-Cinema-e-Direitos-Humanos.jpg\",\"width\":640,\"height\":368},\"datePublished\":\"2017-09-26T11:44:15-03:00\",\"dateModified\":\"2017-09-26T11:44:15-03:00\",\"inLanguage\":\"pt-BR\",\"mainEntityOfPage\":{\"@id\":\"https:\\\/\\\/anoticiaonline.com.br\\\/site\\\/muriae-e-selecionada-para-receber-circuito-da-mostra-cinema-e-direitos-humanos\\\/#webpage\"},\"isPartOf\":{\"@id\":\"https:\\\/\\\/anoticiaonline.com.br\\\/site\\\/muriae-e-selecionada-para-receber-circuito-da-mostra-cinema-e-direitos-humanos\\\/#webpage\"},\"articleSection\":\"Blog, cultura, grande hotel, mostra de cinema, Muria\\u00e9, slide\"},{\"@type\":\"BreadcrumbList\",\"@id\":\"https:\\\/\\\/anoticiaonline.com.br\\\/site\\\/muriae-e-selecionada-para-receber-circuito-da-mostra-cinema-e-direitos-humanos\\\/#breadcrumblist\",\"itemListElement\":[{\"@type\":\"ListItem\",\"@id\":\"https:\\\/\\\/anoticiaonline.com.br\\\/site#listItem\",\"position\":1,\"name\":\"Home\",\"item\":\"https:\\\/\\\/anoticiaonline.com.br\\\/site\",\"nextItem\":{\"@type\":\"ListItem\",\"@id\":\"https:\\\/\\\/anoticiaonline.com.br\\\/site\\\/categoria\\\/muriae\\\/#listItem\",\"name\":\"Blog\"}},{\"@type\":\"ListItem\",\"@id\":\"https:\\\/\\\/anoticiaonline.com.br\\\/site\\\/categoria\\\/muriae\\\/#listItem\",\"position\":2,\"name\":\"Blog\",\"item\":\"https:\\\/\\\/anoticiaonline.com.br\\\/site\\\/categoria\\\/muriae\\\/\",\"nextItem\":{\"@type\":\"ListItem\",\"@id\":\"https:\\\/\\\/anoticiaonline.com.br\\\/site\\\/muriae-e-selecionada-para-receber-circuito-da-mostra-cinema-e-direitos-humanos\\\/#listItem\",\"name\":\"Muria\\u00e9 \\u00e9 selecionada para receber circuito da Mostra Cinema e Direitos Humanos\"},\"previousItem\":{\"@type\":\"ListItem\",\"@id\":\"https:\\\/\\\/anoticiaonline.com.br\\\/site#listItem\",\"name\":\"Home\"}},{\"@type\":\"ListItem\",\"@id\":\"https:\\\/\\\/anoticiaonline.com.br\\\/site\\\/muriae-e-selecionada-para-receber-circuito-da-mostra-cinema-e-direitos-humanos\\\/#listItem\",\"position\":3,\"name\":\"Muria\\u00e9 \\u00e9 selecionada para receber circuito da Mostra Cinema e Direitos Humanos\",\"previousItem\":{\"@type\":\"ListItem\",\"@id\":\"https:\\\/\\\/anoticiaonline.com.br\\\/site\\\/categoria\\\/muriae\\\/#listItem\",\"name\":\"Blog\"}}]},{\"@type\":\"Organization\",\"@id\":\"https:\\\/\\\/anoticiaonline.com.br\\\/site\\\/#organization\",\"name\":\"A Not\\u00edcia Online\",\"description\":\"Noticias de Muria\\u00e9 e regi\\u00e3o\",\"url\":\"https:\\\/\\\/anoticiaonline.com.br\\\/site\\\/\",\"logo\":{\"@type\":\"ImageObject\",\"url\":\"https:\\\/\\\/scontent-gig4-1.xx.fbcdn.net\\\/v\\\/t39.30808-1\\\/270437624_4564083193639691_6907940295614233970_n.jpg?stp=dst-jpg_s200x200_tt6&_nc_cat=111&ccb=1-7&_nc_sid=f907e8&_nc_ohc=SM1wRlP3lJwQ7kNvwEPuBYA&_nc_oc=AdnqrjDN_BNjSSHWO-GbkIWH6fkGMLw4bqvL_NH6e2wMveX7G-rP2dAqsDSq1mJMOaY&_nc_zt=24&_nc_ht=scontent-gig4-1.xx&_nc_gid=AoBFJeGrT1hVaew_6rchkQ&oh=00_AfX7QmFGhQhG2jAllVgXCiM1ZrWgvtp80-Bfppyexh1QEg&oe=689E923C\",\"@id\":\"https:\\\/\\\/anoticiaonline.com.br\\\/site\\\/muriae-e-selecionada-para-receber-circuito-da-mostra-cinema-e-direitos-humanos\\\/#organizationLogo\"},\"image\":{\"@id\":\"https:\\\/\\\/anoticiaonline.com.br\\\/site\\\/muriae-e-selecionada-para-receber-circuito-da-mostra-cinema-e-direitos-humanos\\\/#organizationLogo\"}},{\"@type\":\"Person\",\"@id\":\"https:\\\/\\\/anoticiaonline.com.br\\\/site\\\/author\\\/juliana\\\/#author\",\"url\":\"https:\\\/\\\/anoticiaonline.com.br\\\/site\\\/author\\\/juliana\\\/\",\"name\":\"Juliana Laviola\",\"image\":{\"@type\":\"ImageObject\",\"@id\":\"https:\\\/\\\/anoticiaonline.com.br\\\/site\\\/muriae-e-selecionada-para-receber-circuito-da-mostra-cinema-e-direitos-humanos\\\/#authorImage\",\"url\":\"https:\\\/\\\/secure.gravatar.com\\\/avatar\\\/b8d45f5c699b100dfaf0e543582f38f38bf94cb7ae3a5e9abf8d891a34773335?s=96&d=mm&r=g\",\"width\":96,\"height\":96,\"caption\":\"Juliana Laviola\"}},{\"@type\":\"WebPage\",\"@id\":\"https:\\\/\\\/anoticiaonline.com.br\\\/site\\\/muriae-e-selecionada-para-receber-circuito-da-mostra-cinema-e-direitos-humanos\\\/#webpage\",\"url\":\"https:\\\/\\\/anoticiaonline.com.br\\\/site\\\/muriae-e-selecionada-para-receber-circuito-da-mostra-cinema-e-direitos-humanos\\\/\",\"name\":\"Muria\\u00e9 \\u00e9 selecionada para receber circuito da Mostra Cinema e Direitos Humanos - A Not\\u00edcia Online\",\"description\":\"A Escola Municipal de Audiovisual Carlos Scalla e a Cinemateca Paulo Porto, localizadas no Grande Hotel Muriahe, foram selecionadas como ponto de exibi\\u00e7\\u00e3o do Circuito Difus\\u00e3o da 11\\u00aa edi\\u00e7\\u00e3o da Mostra Cinema e Direitos Humanos. As sess\\u00f5es, que s\\u00e3o gratuitas, acontecem entre os dias 23 a 26 de outubro. O objetivo \\u00e9 promover a cultura\",\"inLanguage\":\"pt-BR\",\"isPartOf\":{\"@id\":\"https:\\\/\\\/anoticiaonline.com.br\\\/site\\\/#website\"},\"breadcrumb\":{\"@id\":\"https:\\\/\\\/anoticiaonline.com.br\\\/site\\\/muriae-e-selecionada-para-receber-circuito-da-mostra-cinema-e-direitos-humanos\\\/#breadcrumblist\"},\"author\":{\"@id\":\"https:\\\/\\\/anoticiaonline.com.br\\\/site\\\/author\\\/juliana\\\/#author\"},\"creator\":{\"@id\":\"https:\\\/\\\/anoticiaonline.com.br\\\/site\\\/author\\\/juliana\\\/#author\"},\"image\":{\"@type\":\"ImageObject\",\"url\":\"https:\\\/\\\/anoticiaonline.com.br\\\/site\\\/wp-content\\\/uploads\\\/2017\\\/09\\\/Muria\\u00e9-\\u00e9-selecionada-para-receber-circuito-da-Mostra-Cinema-e-Direitos-Humanos.jpg\",\"@id\":\"https:\\\/\\\/anoticiaonline.com.br\\\/site\\\/muriae-e-selecionada-para-receber-circuito-da-mostra-cinema-e-direitos-humanos\\\/#mainImage\",\"width\":640,\"height\":368},\"primaryImageOfPage\":{\"@id\":\"https:\\\/\\\/anoticiaonline.com.br\\\/site\\\/muriae-e-selecionada-para-receber-circuito-da-mostra-cinema-e-direitos-humanos\\\/#mainImage\"},\"datePublished\":\"2017-09-26T11:44:15-03:00\",\"dateModified\":\"2017-09-26T11:44:15-03:00\"},{\"@type\":\"WebSite\",\"@id\":\"https:\\\/\\\/anoticiaonline.com.br\\\/site\\\/#website\",\"url\":\"https:\\\/\\\/anoticiaonline.com.br\\\/site\\\/\",\"name\":\"A Not\\u00edcia Online\",\"description\":\"Noticias de Muria\\u00e9 e regi\\u00e3o\",\"inLanguage\":\"pt-BR\",\"publisher\":{\"@id\":\"https:\\\/\\\/anoticiaonline.com.br\\\/site\\\/#organization\"}}]}\n\t\t<\/script>\n\t\t<!-- All in One SEO -->\n\n","aioseo_head_json":{"title":"Muria\u00e9 \u00e9 selecionada para receber circuito da Mostra Cinema e Direitos Humanos - A Not\u00edcia Online","description":"A Escola Municipal de Audiovisual Carlos Scalla e a Cinemateca Paulo Porto, localizadas no Grande Hotel Muriahe, foram selecionadas como ponto de exibi\u00e7\u00e3o do Circuito Difus\u00e3o da 11\u00aa edi\u00e7\u00e3o da Mostra Cinema e Direitos Humanos. As sess\u00f5es, que s\u00e3o gratuitas, acontecem entre os dias 23 a 26 de outubro. O objetivo \u00e9 promover a cultura","canonical_url":"https:\/\/anoticiaonline.com.br\/site\/muriae-e-selecionada-para-receber-circuito-da-mostra-cinema-e-direitos-humanos\/","robots":"max-image-preview:large","keywords":"","webmasterTools":{"miscellaneous":""},"schema":{"@context":"https:\/\/schema.org","@graph":[{"@type":"BlogPosting","@id":"https:\/\/anoticiaonline.com.br\/site\/muriae-e-selecionada-para-receber-circuito-da-mostra-cinema-e-direitos-humanos\/#blogposting","name":"Muria\u00e9 \u00e9 selecionada para receber circuito da Mostra Cinema e Direitos Humanos - A Not\u00edcia Online","headline":"Muria\u00e9 \u00e9 selecionada para receber circuito da Mostra Cinema e Direitos Humanos","author":{"@id":"https:\/\/anoticiaonline.com.br\/site\/author\/juliana\/#author"},"publisher":{"@id":"https:\/\/anoticiaonline.com.br\/site\/#organization"},"image":{"@type":"ImageObject","url":"https:\/\/anoticiaonline.com.br\/site\/wp-content\/uploads\/2017\/09\/Muria\u00e9-\u00e9-selecionada-para-receber-circuito-da-Mostra-Cinema-e-Direitos-Humanos.jpg","width":640,"height":368},"datePublished":"2017-09-26T11:44:15-03:00","dateModified":"2017-09-26T11:44:15-03:00","inLanguage":"pt-BR","mainEntityOfPage":{"@id":"https:\/\/anoticiaonline.com.br\/site\/muriae-e-selecionada-para-receber-circuito-da-mostra-cinema-e-direitos-humanos\/#webpage"},"isPartOf":{"@id":"https:\/\/anoticiaonline.com.br\/site\/muriae-e-selecionada-para-receber-circuito-da-mostra-cinema-e-direitos-humanos\/#webpage"},"articleSection":"Blog, cultura, grande hotel, mostra de cinema, Muria\u00e9, slide"},{"@type":"BreadcrumbList","@id":"https:\/\/anoticiaonline.com.br\/site\/muriae-e-selecionada-para-receber-circuito-da-mostra-cinema-e-direitos-humanos\/#breadcrumblist","itemListElement":[{"@type":"ListItem","@id":"https:\/\/anoticiaonline.com.br\/site#listItem","position":1,"name":"Home","item":"https:\/\/anoticiaonline.com.br\/site","nextItem":{"@type":"ListItem","@id":"https:\/\/anoticiaonline.com.br\/site\/categoria\/muriae\/#listItem","name":"Blog"}},{"@type":"ListItem","@id":"https:\/\/anoticiaonline.com.br\/site\/categoria\/muriae\/#listItem","position":2,"name":"Blog","item":"https:\/\/anoticiaonline.com.br\/site\/categoria\/muriae\/","nextItem":{"@type":"ListItem","@id":"https:\/\/anoticiaonline.com.br\/site\/muriae-e-selecionada-para-receber-circuito-da-mostra-cinema-e-direitos-humanos\/#listItem","name":"Muria\u00e9 \u00e9 selecionada para receber circuito da Mostra Cinema e Direitos Humanos"},"previousItem":{"@type":"ListItem","@id":"https:\/\/anoticiaonline.com.br\/site#listItem","name":"Home"}},{"@type":"ListItem","@id":"https:\/\/anoticiaonline.com.br\/site\/muriae-e-selecionada-para-receber-circuito-da-mostra-cinema-e-direitos-humanos\/#listItem","position":3,"name":"Muria\u00e9 \u00e9 selecionada para receber circuito da Mostra Cinema e Direitos Humanos","previousItem":{"@type":"ListItem","@id":"https:\/\/anoticiaonline.com.br\/site\/categoria\/muriae\/#listItem","name":"Blog"}}]},{"@type":"Organization","@id":"https:\/\/anoticiaonline.com.br\/site\/#organization","name":"A Not\u00edcia Online","description":"Noticias de Muria\u00e9 e regi\u00e3o","url":"https:\/\/anoticiaonline.com.br\/site\/","logo":{"@type":"ImageObject","url":"https:\/\/scontent-gig4-1.xx.fbcdn.net\/v\/t39.30808-1\/270437624_4564083193639691_6907940295614233970_n.jpg?stp=dst-jpg_s200x200_tt6&_nc_cat=111&ccb=1-7&_nc_sid=f907e8&_nc_ohc=SM1wRlP3lJwQ7kNvwEPuBYA&_nc_oc=AdnqrjDN_BNjSSHWO-GbkIWH6fkGMLw4bqvL_NH6e2wMveX7G-rP2dAqsDSq1mJMOaY&_nc_zt=24&_nc_ht=scontent-gig4-1.xx&_nc_gid=AoBFJeGrT1hVaew_6rchkQ&oh=00_AfX7QmFGhQhG2jAllVgXCiM1ZrWgvtp80-Bfppyexh1QEg&oe=689E923C","@id":"https:\/\/anoticiaonline.com.br\/site\/muriae-e-selecionada-para-receber-circuito-da-mostra-cinema-e-direitos-humanos\/#organizationLogo"},"image":{"@id":"https:\/\/anoticiaonline.com.br\/site\/muriae-e-selecionada-para-receber-circuito-da-mostra-cinema-e-direitos-humanos\/#organizationLogo"}},{"@type":"Person","@id":"https:\/\/anoticiaonline.com.br\/site\/author\/juliana\/#author","url":"https:\/\/anoticiaonline.com.br\/site\/author\/juliana\/","name":"Juliana Laviola","image":{"@type":"ImageObject","@id":"https:\/\/anoticiaonline.com.br\/site\/muriae-e-selecionada-para-receber-circuito-da-mostra-cinema-e-direitos-humanos\/#authorImage","url":"https:\/\/secure.gravatar.com\/avatar\/b8d45f5c699b100dfaf0e543582f38f38bf94cb7ae3a5e9abf8d891a34773335?s=96&d=mm&r=g","width":96,"height":96,"caption":"Juliana Laviola"}},{"@type":"WebPage","@id":"https:\/\/anoticiaonline.com.br\/site\/muriae-e-selecionada-para-receber-circuito-da-mostra-cinema-e-direitos-humanos\/#webpage","url":"https:\/\/anoticiaonline.com.br\/site\/muriae-e-selecionada-para-receber-circuito-da-mostra-cinema-e-direitos-humanos\/","name":"Muria\u00e9 \u00e9 selecionada para receber circuito da Mostra Cinema e Direitos Humanos - A Not\u00edcia Online","description":"A Escola Municipal de Audiovisual Carlos Scalla e a Cinemateca Paulo Porto, localizadas no Grande Hotel Muriahe, foram selecionadas como ponto de exibi\u00e7\u00e3o do Circuito Difus\u00e3o da 11\u00aa edi\u00e7\u00e3o da Mostra Cinema e Direitos Humanos. As sess\u00f5es, que s\u00e3o gratuitas, acontecem entre os dias 23 a 26 de outubro. O objetivo \u00e9 promover a cultura","inLanguage":"pt-BR","isPartOf":{"@id":"https:\/\/anoticiaonline.com.br\/site\/#website"},"breadcrumb":{"@id":"https:\/\/anoticiaonline.com.br\/site\/muriae-e-selecionada-para-receber-circuito-da-mostra-cinema-e-direitos-humanos\/#breadcrumblist"},"author":{"@id":"https:\/\/anoticiaonline.com.br\/site\/author\/juliana\/#author"},"creator":{"@id":"https:\/\/anoticiaonline.com.br\/site\/author\/juliana\/#author"},"image":{"@type":"ImageObject","url":"https:\/\/anoticiaonline.com.br\/site\/wp-content\/uploads\/2017\/09\/Muria\u00e9-\u00e9-selecionada-para-receber-circuito-da-Mostra-Cinema-e-Direitos-Humanos.jpg","@id":"https:\/\/anoticiaonline.com.br\/site\/muriae-e-selecionada-para-receber-circuito-da-mostra-cinema-e-direitos-humanos\/#mainImage","width":640,"height":368},"primaryImageOfPage":{"@id":"https:\/\/anoticiaonline.com.br\/site\/muriae-e-selecionada-para-receber-circuito-da-mostra-cinema-e-direitos-humanos\/#mainImage"},"datePublished":"2017-09-26T11:44:15-03:00","dateModified":"2017-09-26T11:44:15-03:00"},{"@type":"WebSite","@id":"https:\/\/anoticiaonline.com.br\/site\/#website","url":"https:\/\/anoticiaonline.com.br\/site\/","name":"A Not\u00edcia Online","description":"Noticias de Muria\u00e9 e regi\u00e3o","inLanguage":"pt-BR","publisher":{"@id":"https:\/\/anoticiaonline.com.br\/site\/#organization"}}]},"og:locale":"pt_BR","og:site_name":"A Not\u00edcia Online - Noticias de Muria\u00e9 e regi\u00e3o","og:type":"article","og:title":"Muria\u00e9 \u00e9 selecionada para receber circuito da Mostra Cinema e Direitos Humanos - A Not\u00edcia Online","og:description":"A Escola Municipal de Audiovisual Carlos Scalla e a Cinemateca Paulo Porto, localizadas no Grande Hotel Muriahe, foram selecionadas como ponto de exibi\u00e7\u00e3o do Circuito Difus\u00e3o da 11\u00aa edi\u00e7\u00e3o da Mostra Cinema e Direitos Humanos. As sess\u00f5es, que s\u00e3o gratuitas, acontecem entre os dias 23 a 26 de outubro. O objetivo \u00e9 promover a cultura","og:url":"https:\/\/anoticiaonline.com.br\/site\/muriae-e-selecionada-para-receber-circuito-da-mostra-cinema-e-direitos-humanos\/","og:image":"https:\/\/scontent-gig4-1.xx.fbcdn.net\/v\/t39.30808-1\/270437624_4564083193639691_6907940295614233970_n.jpg?stp=dst-jpg_s200x200_tt6&#038;_nc_cat=111&#038;ccb=1-7&#038;_nc_sid=f907e8&#038;_nc_ohc=SM1wRlP3lJwQ7kNvwEPuBYA&#038;_nc_oc=AdnqrjDN_BNjSSHWO-GbkIWH6fkGMLw4bqvL_NH6e2wMveX7G-rP2dAqsDSq1mJMOaY&#038;_nc_zt=24&#038;_nc_ht=scontent-gig4-1.xx&#038;_nc_gid=AoBFJeGrT1hVaew_6rchkQ&#038;oh=00_AfX7QmFGhQhG2jAllVgXCiM1ZrWgvtp80-Bfppyexh1QEg&#038;oe=689E923C","og:image:secure_url":"https:\/\/scontent-gig4-1.xx.fbcdn.net\/v\/t39.30808-1\/270437624_4564083193639691_6907940295614233970_n.jpg?stp=dst-jpg_s200x200_tt6&#038;_nc_cat=111&#038;ccb=1-7&#038;_nc_sid=f907e8&#038;_nc_ohc=SM1wRlP3lJwQ7kNvwEPuBYA&#038;_nc_oc=AdnqrjDN_BNjSSHWO-GbkIWH6fkGMLw4bqvL_NH6e2wMveX7G-rP2dAqsDSq1mJMOaY&#038;_nc_zt=24&#038;_nc_ht=scontent-gig4-1.xx&#038;_nc_gid=AoBFJeGrT1hVaew_6rchkQ&#038;oh=00_AfX7QmFGhQhG2jAllVgXCiM1ZrWgvtp80-Bfppyexh1QEg&#038;oe=689E923C","article:published_time":"2017-09-26T14:44:15+00:00","article:modified_time":"2017-09-26T14:44:15+00:00","twitter:card":"summary_large_image","twitter:title":"Muria\u00e9 \u00e9 selecionada para receber circuito da Mostra Cinema e Direitos Humanos - A Not\u00edcia Online","twitter:description":"A Escola Municipal de Audiovisual Carlos Scalla e a Cinemateca Paulo Porto, localizadas no Grande Hotel Muriahe, foram selecionadas como ponto de exibi\u00e7\u00e3o do Circuito Difus\u00e3o da 11\u00aa edi\u00e7\u00e3o da Mostra Cinema e Direitos Humanos. As sess\u00f5es, que s\u00e3o gratuitas, acontecem entre os dias 23 a 26 de outubro. O objetivo \u00e9 promover a cultura","twitter:image":"https:\/\/scontent-gig4-1.xx.fbcdn.net\/v\/t39.30808-1\/270437624_4564083193639691_6907940295614233970_n.jpg?stp=dst-jpg_s200x200_tt6&_nc_cat=111&ccb=1-7&_nc_sid=f907e8&_nc_ohc=SM1wRlP3lJwQ7kNvwEPuBYA&_nc_oc=AdnqrjDN_BNjSSHWO-GbkIWH6fkGMLw4bqvL_NH6e2wMveX7G-rP2dAqsDSq1mJMOaY&_nc_zt=24&_nc_ht=scontent-gig4-1.xx&_nc_gid=AoBFJeGrT1hVaew_6rchkQ&oh=00_AfX7QmFGhQhG2jAllVgXCiM1ZrWgvtp80-Bfppyexh1QEg&oe=689E923C"},"aioseo_meta_data":{"post_id":"41305","title":null,"description":null,"keywords":null,"keyphrases":null,"primary_term":null,"canonical_url":null,"og_title":null,"og_description":null,"og_object_type":"default","og_image_type":"default","og_image_url":null,"og_image_width":null,"og_image_height":null,"og_image_custom_url":null,"og_image_custom_fields":null,"og_video":null,"og_custom_url":null,"og_article_section":null,"og_article_tags":null,"twitter_use_og":false,"twitter_card":"default","twitter_image_type":"default","twitter_image_url":null,"twitter_image_custom_url":null,"twitter_image_custom_fields":null,"twitter_title":null,"twitter_description":null,"schema":{"blockGraphs":[],"customGraphs":[],"default":{"data":{"Article":[],"Course":[],"Dataset":[],"FAQPage":[],"Movie":[],"Person":[],"Product":[],"ProductReview":[],"Car":[],"Recipe":[],"Service":[],"SoftwareApplication":[],"WebPage":[]},"graphName":"","isEnabled":true},"graphs":[]},"schema_type":"default","schema_type_options":null,"pillar_content":false,"robots_default":true,"robots_noindex":false,"robots_noarchive":false,"robots_nosnippet":false,"robots_nofollow":false,"robots_noimageindex":false,"robots_noodp":false,"robots_notranslate":false,"robots_max_snippet":null,"robots_max_videopreview":null,"robots_max_imagepreview":"large","priority":null,"frequency":null,"local_seo":null,"breadcrumb_settings":null,"limit_modified_date":false,"ai":null,"created":"2025-08-16 19:31:18","updated":"2025-08-16 19:31:18","focus_keyword":null,"additional_keywords":null,"truseo_locale":null,"seo_analyzer_scan_date":null},"aioseo_breadcrumb":"<div class=\"aioseo-breadcrumbs\"><span class=\"aioseo-breadcrumb\">\n\t\t\t<a href=\"https:\/\/anoticiaonline.com.br\/site\" title=\"Home\">Home<\/a>\n\t\t<\/span><span class=\"aioseo-breadcrumb-separator\">&raquo;<\/span><span class=\"aioseo-breadcrumb\">\n\t\t\t<a href=\"https:\/\/anoticiaonline.com.br\/site\/categoria\/muriae\/\" title=\"Blog\">Blog<\/a>\n\t\t<\/span><span class=\"aioseo-breadcrumb-separator\">&raquo;<\/span><span class=\"aioseo-breadcrumb\">\n\t\t\tMuria\u00e9 \u00e9 selecionada para receber circuito da Mostra Cinema e Direitos Humanos\n\t\t<\/span><\/div>","aioseo_breadcrumb_json":[{"label":"Home","link":"https:\/\/anoticiaonline.com.br\/site"},{"label":"Blog","link":"https:\/\/anoticiaonline.com.br\/site\/categoria\/muriae\/"},{"label":"Muria\u00e9 \u00e9 selecionada para receber circuito da Mostra Cinema e Direitos Humanos","link":"https:\/\/anoticiaonline.com.br\/site\/muriae-e-selecionada-para-receber-circuito-da-mostra-cinema-e-direitos-humanos\/"}],"views":140,"_links":{"self":[{"href":"https:\/\/anoticiaonline.com.br\/site\/wp-json\/wp\/v2\/posts\/41305","targetHints":{"allow":["GET"]}}],"collection":[{"href":"https:\/\/anoticiaonline.com.br\/site\/wp-json\/wp\/v2\/posts"}],"about":[{"href":"https:\/\/anoticiaonline.com.br\/site\/wp-json\/wp\/v2\/types\/post"}],"author":[{"embeddable":true,"href":"https:\/\/anoticiaonline.com.br\/site\/wp-json\/wp\/v2\/users\/2"}],"replies":[{"embeddable":true,"href":"https:\/\/anoticiaonline.com.br\/site\/wp-json\/wp\/v2\/comments?post=41305"}],"version-history":[{"count":0,"href":"https:\/\/anoticiaonline.com.br\/site\/wp-json\/wp\/v2\/posts\/41305\/revisions"}],"wp:featuredmedia":[{"embeddable":true,"href":"https:\/\/anoticiaonline.com.br\/site\/wp-json\/wp\/v2\/media\/41306"}],"wp:attachment":[{"href":"https:\/\/anoticiaonline.com.br\/site\/wp-json\/wp\/v2\/media?parent=41305"}],"wp:term":[{"taxonomy":"category","embeddable":true,"href":"https:\/\/anoticiaonline.com.br\/site\/wp-json\/wp\/v2\/categories?post=41305"},{"taxonomy":"post_tag","embeddable":true,"href":"https:\/\/anoticiaonline.com.br\/site\/wp-json\/wp\/v2\/tags?post=41305"}],"curies":[{"name":"wp","href":"https:\/\/api.w.org\/{rel}","templated":true}]}}