{"id":41301,"date":"2017-09-26T11:19:48","date_gmt":"2017-09-26T14:19:48","guid":{"rendered":"http:\/\/anoticiaonline.com.br\/site\/?p=41301"},"modified":"2017-09-26T11:19:48","modified_gmt":"2017-09-26T14:19:48","slug":"pm-realiza-palestra-sobre-drogas-e-violencia-em-palma","status":"publish","type":"post","link":"https:\/\/anoticiaonline.com.br\/site\/pm-realiza-palestra-sobre-drogas-e-violencia-em-palma\/","title":{"rendered":"PM realiza palestra sobre drogas e viol\u00eancia em Palma"},"content":{"rendered":"<p><a href=\"https:\/\/anoticiaonline.com.br\/site\/wp-content\/uploads\/2017\/09\/WhatsApp-Image-2017-09-26-at-10.18.10.jpeg\"><img fetchpriority=\"high\" decoding=\"async\" class=\"size-medium wp-image-41302 alignleft\" src=\"https:\/\/anoticiaonline.com.br\/site\/wp-content\/uploads\/2017\/09\/WhatsApp-Image-2017-09-26-at-10.18.10-300x225.jpeg\" alt=\"\" width=\"300\" height=\"225\" srcset=\"https:\/\/anoticiaonline.com.br\/site\/wp-content\/uploads\/2017\/09\/WhatsApp-Image-2017-09-26-at-10.18.10-300x225.jpeg 300w, https:\/\/anoticiaonline.com.br\/site\/wp-content\/uploads\/2017\/09\/WhatsApp-Image-2017-09-26-at-10.18.10.jpeg 640w\" sizes=\"(max-width: 300px) 100vw, 300px\" \/><\/a>A Pol\u00edcia Militar, atrav\u00e9s do 47\u00ba BPM, realizou uma palestra com o tema &#8220;Voc\u00ea tem escolha&#8221;, na Escola Estadual Artur Bernardes, na cidade de Palma, cerca de 60 km de dist\u00e2ncia de Muria\u00e9, na sexta-feira (22), ministrada pelo policial militar cabo Bernardes, que \u00e9 instrutor do Programa Educacional de Resist\u00eancia \u00e0s Drogas (PROERD), pertencente a 76\u00b0 CIA PM.<\/p>\n<p>Cerca de 480 alunos do Ensino Fundamental e M\u00e9dio puderam ouvir e ver a realidade do mundo cruel e as consequ\u00eancias das drogas. De acordo com a Pol\u00edcia Militar, o principal problema encontrado nas escolas atualmente est\u00e1 relacionado ao uso de drogas entre os alunos.\u00a0Fato este que vem gerando indisciplinas, desrespeito entre os estudantes e aos profissionais da Educa\u00e7\u00e3o, surgindo, assim, os atos infracionais como: desacato aos funcion\u00e1rios, dano ao patrim\u00f4nio particular e\u00a0p\u00fablico, as agress\u00f5es f\u00edsicas e verbais, difama\u00e7\u00f5es entre alunos e furto de materiais escolares e pessoais.<\/p>\n","protected":false},"excerpt":{"rendered":"<p>A Pol\u00edcia Militar, atrav\u00e9s do 47\u00ba BPM, realizou uma palestra com o tema &#8220;Voc\u00ea tem escolha&#8221;, na Escola Estadual Artur Bernardes, na cidade de Palma, cerca de 60 km de dist\u00e2ncia de Muria\u00e9, na sexta-feira (22), ministrada pelo policial militar cabo Bernardes, que \u00e9 instrutor do Programa Educacional de Resist\u00eancia \u00e0s Drogas (PROERD), pertencente a &#8230; <a title=\"PM realiza palestra sobre drogas e viol\u00eancia em Palma\" class=\"read-more\" href=\"https:\/\/anoticiaonline.com.br\/site\/pm-realiza-palestra-sobre-drogas-e-violencia-em-palma\/\" aria-label=\"Read more about PM realiza palestra sobre drogas e viol\u00eancia em Palma\">Ler mais<\/a><\/p>\n","protected":false},"author":2,"featured_media":41303,"comment_status":"open","ping_status":"open","sticky":false,"template":"","format":"standard","meta":{"_acf_changed":false,"_monsterinsights_skip_tracking":false,"footnotes":""},"categories":[6],"tags":[387,165,74,708,230,314,3,416],"class_list":["post-41301","post","type-post","status-publish","format-standard","has-post-thumbnail","hentry","category-regiao","tag-drogas","tag-educacao","tag-muriae","tag-palma","tag-pm","tag-prevencao","tag-slide","tag-violencia"],"acf":[],"aioseo_notices":[],"aioseo_head":"\n\t\t<!-- All in One SEO 5.0.0.1 - aioseo.com -->\n\t<meta name=\"description\" content=\"A Pol\u00edcia Militar, atrav\u00e9s do 47\u00ba BPM, realizou uma palestra com o tema &quot;Voc\u00ea tem escolha&quot;, na Escola Estadual Artur Bernardes, na cidade de Palma, cerca de 60 km de dist\u00e2ncia de Muria\u00e9, na sexta-feira (22), ministrada pelo policial militar cabo Bernardes, que \u00e9 instrutor do Programa Educacional de Resist\u00eancia \u00e0s Drogas (PROERD), pertencente a\" \/>\n\t<meta name=\"robots\" content=\"max-image-preview:large\" \/>\n\t<meta name=\"author\" content=\"Juliana Laviola\"\/>\n\t<link rel=\"canonical\" href=\"https:\/\/anoticiaonline.com.br\/site\/pm-realiza-palestra-sobre-drogas-e-violencia-em-palma\/\" \/>\n\t<meta name=\"generator\" content=\"All in One SEO (AIOSEO) 5.0.0.1\" \/>\n\t\t<meta property=\"og:locale\" content=\"pt_BR\" \/>\n\t\t<meta property=\"og:site_name\" content=\"A Not\u00edcia Online - Noticias de Muria\u00e9 e regi\u00e3o\" \/>\n\t\t<meta property=\"og:type\" content=\"article\" \/>\n\t\t<meta property=\"og:title\" content=\"PM realiza palestra sobre drogas e viol\u00eancia em Palma - A Not\u00edcia Online\" \/>\n\t\t<meta property=\"og:description\" content=\"A Pol\u00edcia Militar, atrav\u00e9s do 47\u00ba BPM, realizou uma palestra com o tema &quot;Voc\u00ea tem escolha&quot;, na Escola Estadual Artur Bernardes, na cidade de Palma, cerca de 60 km de dist\u00e2ncia de Muria\u00e9, na sexta-feira (22), ministrada pelo policial militar cabo Bernardes, que \u00e9 instrutor do Programa Educacional de Resist\u00eancia \u00e0s Drogas (PROERD), pertencente a\" \/>\n\t\t<meta property=\"og:url\" content=\"https:\/\/anoticiaonline.com.br\/site\/pm-realiza-palestra-sobre-drogas-e-violencia-em-palma\/\" \/>\n\t\t<meta property=\"og:image\" content=\"https:\/\/scontent-gig4-1.xx.fbcdn.net\/v\/t39.30808-1\/270437624_4564083193639691_6907940295614233970_n.jpg?stp=dst-jpg_s200x200_tt6&#038;_nc_cat=111&#038;ccb=1-7&#038;_nc_sid=f907e8&#038;_nc_ohc=SM1wRlP3lJwQ7kNvwEPuBYA&#038;_nc_oc=AdnqrjDN_BNjSSHWO-GbkIWH6fkGMLw4bqvL_NH6e2wMveX7G-rP2dAqsDSq1mJMOaY&#038;_nc_zt=24&#038;_nc_ht=scontent-gig4-1.xx&#038;_nc_gid=AoBFJeGrT1hVaew_6rchkQ&#038;oh=00_AfX7QmFGhQhG2jAllVgXCiM1ZrWgvtp80-Bfppyexh1QEg&#038;oe=689E923C\" \/>\n\t\t<meta property=\"og:image:secure_url\" content=\"https:\/\/scontent-gig4-1.xx.fbcdn.net\/v\/t39.30808-1\/270437624_4564083193639691_6907940295614233970_n.jpg?stp=dst-jpg_s200x200_tt6&#038;_nc_cat=111&#038;ccb=1-7&#038;_nc_sid=f907e8&#038;_nc_ohc=SM1wRlP3lJwQ7kNvwEPuBYA&#038;_nc_oc=AdnqrjDN_BNjSSHWO-GbkIWH6fkGMLw4bqvL_NH6e2wMveX7G-rP2dAqsDSq1mJMOaY&#038;_nc_zt=24&#038;_nc_ht=scontent-gig4-1.xx&#038;_nc_gid=AoBFJeGrT1hVaew_6rchkQ&#038;oh=00_AfX7QmFGhQhG2jAllVgXCiM1ZrWgvtp80-Bfppyexh1QEg&#038;oe=689E923C\" \/>\n\t\t<meta property=\"article:published_time\" content=\"2017-09-26T14:19:48+00:00\" \/>\n\t\t<meta property=\"article:modified_time\" content=\"2017-09-26T14:19:48+00:00\" \/>\n\t\t<meta name=\"twitter:card\" content=\"summary_large_image\" \/>\n\t\t<meta name=\"twitter:title\" content=\"PM realiza palestra sobre drogas e viol\u00eancia em Palma - A Not\u00edcia Online\" \/>\n\t\t<meta name=\"twitter:description\" content=\"A Pol\u00edcia Militar, atrav\u00e9s do 47\u00ba BPM, realizou uma palestra com o tema &quot;Voc\u00ea tem escolha&quot;, na Escola Estadual Artur Bernardes, na cidade de Palma, cerca de 60 km de dist\u00e2ncia de Muria\u00e9, na sexta-feira (22), ministrada pelo policial militar cabo Bernardes, que \u00e9 instrutor do Programa Educacional de Resist\u00eancia \u00e0s Drogas (PROERD), pertencente a\" \/>\n\t\t<meta name=\"twitter:image\" content=\"https:\/\/scontent-gig4-1.xx.fbcdn.net\/v\/t39.30808-1\/270437624_4564083193639691_6907940295614233970_n.jpg?stp=dst-jpg_s200x200_tt6&amp;_nc_cat=111&amp;ccb=1-7&amp;_nc_sid=f907e8&amp;_nc_ohc=SM1wRlP3lJwQ7kNvwEPuBYA&amp;_nc_oc=AdnqrjDN_BNjSSHWO-GbkIWH6fkGMLw4bqvL_NH6e2wMveX7G-rP2dAqsDSq1mJMOaY&amp;_nc_zt=24&amp;_nc_ht=scontent-gig4-1.xx&amp;_nc_gid=AoBFJeGrT1hVaew_6rchkQ&amp;oh=00_AfX7QmFGhQhG2jAllVgXCiM1ZrWgvtp80-Bfppyexh1QEg&amp;oe=689E923C\" \/>\n\t\t<script type=\"application\/ld+json\" class=\"aioseo-schema\">\n\t\t\t{\"@context\":\"https:\\\/\\\/schema.org\",\"@graph\":[{\"@type\":\"BlogPosting\",\"@id\":\"https:\\\/\\\/anoticiaonline.com.br\\\/site\\\/pm-realiza-palestra-sobre-drogas-e-violencia-em-palma\\\/#blogposting\",\"name\":\"PM realiza palestra sobre drogas e viol\\u00eancia em Palma - A Not\\u00edcia Online\",\"headline\":\"PM realiza palestra sobre drogas e viol\\u00eancia em Palma\",\"author\":{\"@id\":\"https:\\\/\\\/anoticiaonline.com.br\\\/site\\\/author\\\/juliana\\\/#author\"},\"publisher\":{\"@id\":\"https:\\\/\\\/anoticiaonline.com.br\\\/site\\\/#organization\"},\"image\":{\"@type\":\"ImageObject\",\"url\":\"https:\\\/\\\/anoticiaonline.com.br\\\/site\\\/wp-content\\\/uploads\\\/2017\\\/09\\\/WhatsApp-Image-2017-09-26-at-10.18.10-1.jpeg\",\"width\":640,\"height\":480},\"datePublished\":\"2017-09-26T11:19:48-03:00\",\"dateModified\":\"2017-09-26T11:19:48-03:00\",\"inLanguage\":\"pt-BR\",\"mainEntityOfPage\":{\"@id\":\"https:\\\/\\\/anoticiaonline.com.br\\\/site\\\/pm-realiza-palestra-sobre-drogas-e-violencia-em-palma\\\/#webpage\"},\"isPartOf\":{\"@id\":\"https:\\\/\\\/anoticiaonline.com.br\\\/site\\\/pm-realiza-palestra-sobre-drogas-e-violencia-em-palma\\\/#webpage\"},\"articleSection\":\"Regi\\u00e3o, drogas, Educa\\u00e7\\u00e3o, Muria\\u00e9, Palma, pm, preven\\u00e7\\u00e3o, slide, viol\\u00eancia\"},{\"@type\":\"BreadcrumbList\",\"@id\":\"https:\\\/\\\/anoticiaonline.com.br\\\/site\\\/pm-realiza-palestra-sobre-drogas-e-violencia-em-palma\\\/#breadcrumblist\",\"itemListElement\":[{\"@type\":\"ListItem\",\"@id\":\"https:\\\/\\\/anoticiaonline.com.br\\\/site#listItem\",\"position\":1,\"name\":\"Home\",\"item\":\"https:\\\/\\\/anoticiaonline.com.br\\\/site\",\"nextItem\":{\"@type\":\"ListItem\",\"@id\":\"https:\\\/\\\/anoticiaonline.com.br\\\/site\\\/categoria\\\/regiao\\\/#listItem\",\"name\":\"Regi\\u00e3o\"}},{\"@type\":\"ListItem\",\"@id\":\"https:\\\/\\\/anoticiaonline.com.br\\\/site\\\/categoria\\\/regiao\\\/#listItem\",\"position\":2,\"name\":\"Regi\\u00e3o\",\"item\":\"https:\\\/\\\/anoticiaonline.com.br\\\/site\\\/categoria\\\/regiao\\\/\",\"nextItem\":{\"@type\":\"ListItem\",\"@id\":\"https:\\\/\\\/anoticiaonline.com.br\\\/site\\\/pm-realiza-palestra-sobre-drogas-e-violencia-em-palma\\\/#listItem\",\"name\":\"PM realiza palestra sobre drogas e viol\\u00eancia em Palma\"},\"previousItem\":{\"@type\":\"ListItem\",\"@id\":\"https:\\\/\\\/anoticiaonline.com.br\\\/site#listItem\",\"name\":\"Home\"}},{\"@type\":\"ListItem\",\"@id\":\"https:\\\/\\\/anoticiaonline.com.br\\\/site\\\/pm-realiza-palestra-sobre-drogas-e-violencia-em-palma\\\/#listItem\",\"position\":3,\"name\":\"PM realiza palestra sobre drogas e viol\\u00eancia em Palma\",\"previousItem\":{\"@type\":\"ListItem\",\"@id\":\"https:\\\/\\\/anoticiaonline.com.br\\\/site\\\/categoria\\\/regiao\\\/#listItem\",\"name\":\"Regi\\u00e3o\"}}]},{\"@type\":\"Organization\",\"@id\":\"https:\\\/\\\/anoticiaonline.com.br\\\/site\\\/#organization\",\"name\":\"A Not\\u00edcia Online\",\"description\":\"Noticias de Muria\\u00e9 e regi\\u00e3o\",\"url\":\"https:\\\/\\\/anoticiaonline.com.br\\\/site\\\/\",\"logo\":{\"@type\":\"ImageObject\",\"url\":\"https:\\\/\\\/scontent-gig4-1.xx.fbcdn.net\\\/v\\\/t39.30808-1\\\/270437624_4564083193639691_6907940295614233970_n.jpg?stp=dst-jpg_s200x200_tt6&_nc_cat=111&ccb=1-7&_nc_sid=f907e8&_nc_ohc=SM1wRlP3lJwQ7kNvwEPuBYA&_nc_oc=AdnqrjDN_BNjSSHWO-GbkIWH6fkGMLw4bqvL_NH6e2wMveX7G-rP2dAqsDSq1mJMOaY&_nc_zt=24&_nc_ht=scontent-gig4-1.xx&_nc_gid=AoBFJeGrT1hVaew_6rchkQ&oh=00_AfX7QmFGhQhG2jAllVgXCiM1ZrWgvtp80-Bfppyexh1QEg&oe=689E923C\",\"@id\":\"https:\\\/\\\/anoticiaonline.com.br\\\/site\\\/pm-realiza-palestra-sobre-drogas-e-violencia-em-palma\\\/#organizationLogo\"},\"image\":{\"@id\":\"https:\\\/\\\/anoticiaonline.com.br\\\/site\\\/pm-realiza-palestra-sobre-drogas-e-violencia-em-palma\\\/#organizationLogo\"}},{\"@type\":\"Person\",\"@id\":\"https:\\\/\\\/anoticiaonline.com.br\\\/site\\\/author\\\/juliana\\\/#author\",\"url\":\"https:\\\/\\\/anoticiaonline.com.br\\\/site\\\/author\\\/juliana\\\/\",\"name\":\"Juliana Laviola\",\"image\":{\"@type\":\"ImageObject\",\"@id\":\"https:\\\/\\\/anoticiaonline.com.br\\\/site\\\/pm-realiza-palestra-sobre-drogas-e-violencia-em-palma\\\/#authorImage\",\"url\":\"https:\\\/\\\/secure.gravatar.com\\\/avatar\\\/b8d45f5c699b100dfaf0e543582f38f38bf94cb7ae3a5e9abf8d891a34773335?s=96&d=mm&r=g\",\"width\":96,\"height\":96,\"caption\":\"Juliana Laviola\"}},{\"@type\":\"WebPage\",\"@id\":\"https:\\\/\\\/anoticiaonline.com.br\\\/site\\\/pm-realiza-palestra-sobre-drogas-e-violencia-em-palma\\\/#webpage\",\"url\":\"https:\\\/\\\/anoticiaonline.com.br\\\/site\\\/pm-realiza-palestra-sobre-drogas-e-violencia-em-palma\\\/\",\"name\":\"PM realiza palestra sobre drogas e viol\\u00eancia em Palma - A Not\\u00edcia Online\",\"description\":\"A Pol\\u00edcia Militar, atrav\\u00e9s do 47\\u00ba BPM, realizou uma palestra com o tema \\\"Voc\\u00ea tem escolha\\\", na Escola Estadual Artur Bernardes, na cidade de Palma, cerca de 60 km de dist\\u00e2ncia de Muria\\u00e9, na sexta-feira (22), ministrada pelo policial militar cabo Bernardes, que \\u00e9 instrutor do Programa Educacional de Resist\\u00eancia \\u00e0s Drogas (PROERD), pertencente a\",\"inLanguage\":\"pt-BR\",\"isPartOf\":{\"@id\":\"https:\\\/\\\/anoticiaonline.com.br\\\/site\\\/#website\"},\"breadcrumb\":{\"@id\":\"https:\\\/\\\/anoticiaonline.com.br\\\/site\\\/pm-realiza-palestra-sobre-drogas-e-violencia-em-palma\\\/#breadcrumblist\"},\"author\":{\"@id\":\"https:\\\/\\\/anoticiaonline.com.br\\\/site\\\/author\\\/juliana\\\/#author\"},\"creator\":{\"@id\":\"https:\\\/\\\/anoticiaonline.com.br\\\/site\\\/author\\\/juliana\\\/#author\"},\"image\":{\"@type\":\"ImageObject\",\"url\":\"https:\\\/\\\/anoticiaonline.com.br\\\/site\\\/wp-content\\\/uploads\\\/2017\\\/09\\\/WhatsApp-Image-2017-09-26-at-10.18.10-1.jpeg\",\"@id\":\"https:\\\/\\\/anoticiaonline.com.br\\\/site\\\/pm-realiza-palestra-sobre-drogas-e-violencia-em-palma\\\/#mainImage\",\"width\":640,\"height\":480},\"primaryImageOfPage\":{\"@id\":\"https:\\\/\\\/anoticiaonline.com.br\\\/site\\\/pm-realiza-palestra-sobre-drogas-e-violencia-em-palma\\\/#mainImage\"},\"datePublished\":\"2017-09-26T11:19:48-03:00\",\"dateModified\":\"2017-09-26T11:19:48-03:00\"},{\"@type\":\"WebSite\",\"@id\":\"https:\\\/\\\/anoticiaonline.com.br\\\/site\\\/#website\",\"url\":\"https:\\\/\\\/anoticiaonline.com.br\\\/site\\\/\",\"name\":\"A Not\\u00edcia Online\",\"description\":\"Noticias de Muria\\u00e9 e regi\\u00e3o\",\"inLanguage\":\"pt-BR\",\"publisher\":{\"@id\":\"https:\\\/\\\/anoticiaonline.com.br\\\/site\\\/#organization\"}}]}\n\t\t<\/script>\n\t\t<!-- All in One SEO -->\n\n","aioseo_head_json":{"title":"PM realiza palestra sobre drogas e viol\u00eancia em Palma - A Not\u00edcia Online","description":"A Pol\u00edcia Militar, atrav\u00e9s do 47\u00ba BPM, realizou uma palestra com o tema \"Voc\u00ea tem escolha\", na Escola Estadual Artur Bernardes, na cidade de Palma, cerca de 60 km de dist\u00e2ncia de Muria\u00e9, na sexta-feira (22), ministrada pelo policial militar cabo Bernardes, que \u00e9 instrutor do Programa Educacional de Resist\u00eancia \u00e0s Drogas (PROERD), pertencente a","canonical_url":"https:\/\/anoticiaonline.com.br\/site\/pm-realiza-palestra-sobre-drogas-e-violencia-em-palma\/","robots":"max-image-preview:large","keywords":"","webmasterTools":{"miscellaneous":""},"schema":{"@context":"https:\/\/schema.org","@graph":[{"@type":"BlogPosting","@id":"https:\/\/anoticiaonline.com.br\/site\/pm-realiza-palestra-sobre-drogas-e-violencia-em-palma\/#blogposting","name":"PM realiza palestra sobre drogas e viol\u00eancia em Palma - A Not\u00edcia Online","headline":"PM realiza palestra sobre drogas e viol\u00eancia em Palma","author":{"@id":"https:\/\/anoticiaonline.com.br\/site\/author\/juliana\/#author"},"publisher":{"@id":"https:\/\/anoticiaonline.com.br\/site\/#organization"},"image":{"@type":"ImageObject","url":"https:\/\/anoticiaonline.com.br\/site\/wp-content\/uploads\/2017\/09\/WhatsApp-Image-2017-09-26-at-10.18.10-1.jpeg","width":640,"height":480},"datePublished":"2017-09-26T11:19:48-03:00","dateModified":"2017-09-26T11:19:48-03:00","inLanguage":"pt-BR","mainEntityOfPage":{"@id":"https:\/\/anoticiaonline.com.br\/site\/pm-realiza-palestra-sobre-drogas-e-violencia-em-palma\/#webpage"},"isPartOf":{"@id":"https:\/\/anoticiaonline.com.br\/site\/pm-realiza-palestra-sobre-drogas-e-violencia-em-palma\/#webpage"},"articleSection":"Regi\u00e3o, drogas, Educa\u00e7\u00e3o, Muria\u00e9, Palma, pm, preven\u00e7\u00e3o, slide, viol\u00eancia"},{"@type":"BreadcrumbList","@id":"https:\/\/anoticiaonline.com.br\/site\/pm-realiza-palestra-sobre-drogas-e-violencia-em-palma\/#breadcrumblist","itemListElement":[{"@type":"ListItem","@id":"https:\/\/anoticiaonline.com.br\/site#listItem","position":1,"name":"Home","item":"https:\/\/anoticiaonline.com.br\/site","nextItem":{"@type":"ListItem","@id":"https:\/\/anoticiaonline.com.br\/site\/categoria\/regiao\/#listItem","name":"Regi\u00e3o"}},{"@type":"ListItem","@id":"https:\/\/anoticiaonline.com.br\/site\/categoria\/regiao\/#listItem","position":2,"name":"Regi\u00e3o","item":"https:\/\/anoticiaonline.com.br\/site\/categoria\/regiao\/","nextItem":{"@type":"ListItem","@id":"https:\/\/anoticiaonline.com.br\/site\/pm-realiza-palestra-sobre-drogas-e-violencia-em-palma\/#listItem","name":"PM realiza palestra sobre drogas e viol\u00eancia em Palma"},"previousItem":{"@type":"ListItem","@id":"https:\/\/anoticiaonline.com.br\/site#listItem","name":"Home"}},{"@type":"ListItem","@id":"https:\/\/anoticiaonline.com.br\/site\/pm-realiza-palestra-sobre-drogas-e-violencia-em-palma\/#listItem","position":3,"name":"PM realiza palestra sobre drogas e viol\u00eancia em Palma","previousItem":{"@type":"ListItem","@id":"https:\/\/anoticiaonline.com.br\/site\/categoria\/regiao\/#listItem","name":"Regi\u00e3o"}}]},{"@type":"Organization","@id":"https:\/\/anoticiaonline.com.br\/site\/#organization","name":"A Not\u00edcia Online","description":"Noticias de Muria\u00e9 e regi\u00e3o","url":"https:\/\/anoticiaonline.com.br\/site\/","logo":{"@type":"ImageObject","url":"https:\/\/scontent-gig4-1.xx.fbcdn.net\/v\/t39.30808-1\/270437624_4564083193639691_6907940295614233970_n.jpg?stp=dst-jpg_s200x200_tt6&_nc_cat=111&ccb=1-7&_nc_sid=f907e8&_nc_ohc=SM1wRlP3lJwQ7kNvwEPuBYA&_nc_oc=AdnqrjDN_BNjSSHWO-GbkIWH6fkGMLw4bqvL_NH6e2wMveX7G-rP2dAqsDSq1mJMOaY&_nc_zt=24&_nc_ht=scontent-gig4-1.xx&_nc_gid=AoBFJeGrT1hVaew_6rchkQ&oh=00_AfX7QmFGhQhG2jAllVgXCiM1ZrWgvtp80-Bfppyexh1QEg&oe=689E923C","@id":"https:\/\/anoticiaonline.com.br\/site\/pm-realiza-palestra-sobre-drogas-e-violencia-em-palma\/#organizationLogo"},"image":{"@id":"https:\/\/anoticiaonline.com.br\/site\/pm-realiza-palestra-sobre-drogas-e-violencia-em-palma\/#organizationLogo"}},{"@type":"Person","@id":"https:\/\/anoticiaonline.com.br\/site\/author\/juliana\/#author","url":"https:\/\/anoticiaonline.com.br\/site\/author\/juliana\/","name":"Juliana Laviola","image":{"@type":"ImageObject","@id":"https:\/\/anoticiaonline.com.br\/site\/pm-realiza-palestra-sobre-drogas-e-violencia-em-palma\/#authorImage","url":"https:\/\/secure.gravatar.com\/avatar\/b8d45f5c699b100dfaf0e543582f38f38bf94cb7ae3a5e9abf8d891a34773335?s=96&d=mm&r=g","width":96,"height":96,"caption":"Juliana Laviola"}},{"@type":"WebPage","@id":"https:\/\/anoticiaonline.com.br\/site\/pm-realiza-palestra-sobre-drogas-e-violencia-em-palma\/#webpage","url":"https:\/\/anoticiaonline.com.br\/site\/pm-realiza-palestra-sobre-drogas-e-violencia-em-palma\/","name":"PM realiza palestra sobre drogas e viol\u00eancia em Palma - A Not\u00edcia Online","description":"A Pol\u00edcia Militar, atrav\u00e9s do 47\u00ba BPM, realizou uma palestra com o tema \"Voc\u00ea tem escolha\", na Escola Estadual Artur Bernardes, na cidade de Palma, cerca de 60 km de dist\u00e2ncia de Muria\u00e9, na sexta-feira (22), ministrada pelo policial militar cabo Bernardes, que \u00e9 instrutor do Programa Educacional de Resist\u00eancia \u00e0s Drogas (PROERD), pertencente a","inLanguage":"pt-BR","isPartOf":{"@id":"https:\/\/anoticiaonline.com.br\/site\/#website"},"breadcrumb":{"@id":"https:\/\/anoticiaonline.com.br\/site\/pm-realiza-palestra-sobre-drogas-e-violencia-em-palma\/#breadcrumblist"},"author":{"@id":"https:\/\/anoticiaonline.com.br\/site\/author\/juliana\/#author"},"creator":{"@id":"https:\/\/anoticiaonline.com.br\/site\/author\/juliana\/#author"},"image":{"@type":"ImageObject","url":"https:\/\/anoticiaonline.com.br\/site\/wp-content\/uploads\/2017\/09\/WhatsApp-Image-2017-09-26-at-10.18.10-1.jpeg","@id":"https:\/\/anoticiaonline.com.br\/site\/pm-realiza-palestra-sobre-drogas-e-violencia-em-palma\/#mainImage","width":640,"height":480},"primaryImageOfPage":{"@id":"https:\/\/anoticiaonline.com.br\/site\/pm-realiza-palestra-sobre-drogas-e-violencia-em-palma\/#mainImage"},"datePublished":"2017-09-26T11:19:48-03:00","dateModified":"2017-09-26T11:19:48-03:00"},{"@type":"WebSite","@id":"https:\/\/anoticiaonline.com.br\/site\/#website","url":"https:\/\/anoticiaonline.com.br\/site\/","name":"A Not\u00edcia Online","description":"Noticias de Muria\u00e9 e regi\u00e3o","inLanguage":"pt-BR","publisher":{"@id":"https:\/\/anoticiaonline.com.br\/site\/#organization"}}]},"og:locale":"pt_BR","og:site_name":"A Not\u00edcia Online - Noticias de Muria\u00e9 e regi\u00e3o","og:type":"article","og:title":"PM realiza palestra sobre drogas e viol\u00eancia em Palma - A Not\u00edcia Online","og:description":"A Pol\u00edcia Militar, atrav\u00e9s do 47\u00ba BPM, realizou uma palestra com o tema &quot;Voc\u00ea tem escolha&quot;, na Escola Estadual Artur Bernardes, na cidade de Palma, cerca de 60 km de dist\u00e2ncia de Muria\u00e9, na sexta-feira (22), ministrada pelo policial militar cabo Bernardes, que \u00e9 instrutor do Programa Educacional de Resist\u00eancia \u00e0s Drogas (PROERD), pertencente a","og:url":"https:\/\/anoticiaonline.com.br\/site\/pm-realiza-palestra-sobre-drogas-e-violencia-em-palma\/","og:image":"https:\/\/scontent-gig4-1.xx.fbcdn.net\/v\/t39.30808-1\/270437624_4564083193639691_6907940295614233970_n.jpg?stp=dst-jpg_s200x200_tt6&#038;_nc_cat=111&#038;ccb=1-7&#038;_nc_sid=f907e8&#038;_nc_ohc=SM1wRlP3lJwQ7kNvwEPuBYA&#038;_nc_oc=AdnqrjDN_BNjSSHWO-GbkIWH6fkGMLw4bqvL_NH6e2wMveX7G-rP2dAqsDSq1mJMOaY&#038;_nc_zt=24&#038;_nc_ht=scontent-gig4-1.xx&#038;_nc_gid=AoBFJeGrT1hVaew_6rchkQ&#038;oh=00_AfX7QmFGhQhG2jAllVgXCiM1ZrWgvtp80-Bfppyexh1QEg&#038;oe=689E923C","og:image:secure_url":"https:\/\/scontent-gig4-1.xx.fbcdn.net\/v\/t39.30808-1\/270437624_4564083193639691_6907940295614233970_n.jpg?stp=dst-jpg_s200x200_tt6&#038;_nc_cat=111&#038;ccb=1-7&#038;_nc_sid=f907e8&#038;_nc_ohc=SM1wRlP3lJwQ7kNvwEPuBYA&#038;_nc_oc=AdnqrjDN_BNjSSHWO-GbkIWH6fkGMLw4bqvL_NH6e2wMveX7G-rP2dAqsDSq1mJMOaY&#038;_nc_zt=24&#038;_nc_ht=scontent-gig4-1.xx&#038;_nc_gid=AoBFJeGrT1hVaew_6rchkQ&#038;oh=00_AfX7QmFGhQhG2jAllVgXCiM1ZrWgvtp80-Bfppyexh1QEg&#038;oe=689E923C","article:published_time":"2017-09-26T14:19:48+00:00","article:modified_time":"2017-09-26T14:19:48+00:00","twitter:card":"summary_large_image","twitter:title":"PM realiza palestra sobre drogas e viol\u00eancia em Palma - A Not\u00edcia Online","twitter:description":"A Pol\u00edcia Militar, atrav\u00e9s do 47\u00ba BPM, realizou uma palestra com o tema &quot;Voc\u00ea tem escolha&quot;, na Escola Estadual Artur Bernardes, na cidade de Palma, cerca de 60 km de dist\u00e2ncia de Muria\u00e9, na sexta-feira (22), ministrada pelo policial militar cabo Bernardes, que \u00e9 instrutor do Programa Educacional de Resist\u00eancia \u00e0s Drogas (PROERD), pertencente a","twitter:image":"https:\/\/scontent-gig4-1.xx.fbcdn.net\/v\/t39.30808-1\/270437624_4564083193639691_6907940295614233970_n.jpg?stp=dst-jpg_s200x200_tt6&_nc_cat=111&ccb=1-7&_nc_sid=f907e8&_nc_ohc=SM1wRlP3lJwQ7kNvwEPuBYA&_nc_oc=AdnqrjDN_BNjSSHWO-GbkIWH6fkGMLw4bqvL_NH6e2wMveX7G-rP2dAqsDSq1mJMOaY&_nc_zt=24&_nc_ht=scontent-gig4-1.xx&_nc_gid=AoBFJeGrT1hVaew_6rchkQ&oh=00_AfX7QmFGhQhG2jAllVgXCiM1ZrWgvtp80-Bfppyexh1QEg&oe=689E923C"},"aioseo_meta_data":{"post_id":"41301","title":null,"description":null,"keywords":null,"keyphrases":null,"primary_term":null,"canonical_url":null,"og_title":null,"og_description":null,"og_object_type":"default","og_image_type":"default","og_image_url":null,"og_image_width":null,"og_image_height":null,"og_image_custom_url":null,"og_image_custom_fields":null,"og_video":null,"og_custom_url":null,"og_article_section":null,"og_article_tags":null,"twitter_use_og":false,"twitter_card":"default","twitter_image_type":"default","twitter_image_url":null,"twitter_image_custom_url":null,"twitter_image_custom_fields":null,"twitter_title":null,"twitter_description":null,"schema":{"blockGraphs":[],"customGraphs":[],"default":{"data":{"Article":[],"Course":[],"Dataset":[],"FAQPage":[],"Movie":[],"Person":[],"Product":[],"ProductReview":[],"Car":[],"Recipe":[],"Service":[],"SoftwareApplication":[],"WebPage":[]},"graphName":"","isEnabled":true},"graphs":[]},"schema_type":"default","schema_type_options":null,"pillar_content":false,"robots_default":true,"robots_noindex":false,"robots_noarchive":false,"robots_nosnippet":false,"robots_nofollow":false,"robots_noimageindex":false,"robots_noodp":false,"robots_notranslate":false,"robots_max_snippet":null,"robots_max_videopreview":null,"robots_max_imagepreview":"large","priority":null,"frequency":null,"local_seo":null,"breadcrumb_settings":null,"limit_modified_date":false,"ai":null,"created":"2025-08-16 19:31:18","updated":"2025-08-16 19:31:18","focus_keyword":null,"additional_keywords":null,"truseo_locale":null,"seo_analyzer_scan_date":null},"aioseo_breadcrumb":"<div class=\"aioseo-breadcrumbs\"><span class=\"aioseo-breadcrumb\">\n\t\t\t<a href=\"https:\/\/anoticiaonline.com.br\/site\" title=\"Home\">Home<\/a>\n\t\t<\/span><span class=\"aioseo-breadcrumb-separator\">&raquo;<\/span><span class=\"aioseo-breadcrumb\">\n\t\t\t<a href=\"https:\/\/anoticiaonline.com.br\/site\/categoria\/regiao\/\" title=\"Regi\u00e3o\">Regi\u00e3o<\/a>\n\t\t<\/span><span class=\"aioseo-breadcrumb-separator\">&raquo;<\/span><span class=\"aioseo-breadcrumb\">\n\t\t\tPM realiza palestra sobre drogas e viol\u00eancia em Palma\n\t\t<\/span><\/div>","aioseo_breadcrumb_json":[{"label":"Home","link":"https:\/\/anoticiaonline.com.br\/site"},{"label":"Regi\u00e3o","link":"https:\/\/anoticiaonline.com.br\/site\/categoria\/regiao\/"},{"label":"PM realiza palestra sobre drogas e viol\u00eancia em Palma","link":"https:\/\/anoticiaonline.com.br\/site\/pm-realiza-palestra-sobre-drogas-e-violencia-em-palma\/"}],"views":115,"_links":{"self":[{"href":"https:\/\/anoticiaonline.com.br\/site\/wp-json\/wp\/v2\/posts\/41301","targetHints":{"allow":["GET"]}}],"collection":[{"href":"https:\/\/anoticiaonline.com.br\/site\/wp-json\/wp\/v2\/posts"}],"about":[{"href":"https:\/\/anoticiaonline.com.br\/site\/wp-json\/wp\/v2\/types\/post"}],"author":[{"embeddable":true,"href":"https:\/\/anoticiaonline.com.br\/site\/wp-json\/wp\/v2\/users\/2"}],"replies":[{"embeddable":true,"href":"https:\/\/anoticiaonline.com.br\/site\/wp-json\/wp\/v2\/comments?post=41301"}],"version-history":[{"count":0,"href":"https:\/\/anoticiaonline.com.br\/site\/wp-json\/wp\/v2\/posts\/41301\/revisions"}],"wp:featuredmedia":[{"embeddable":true,"href":"https:\/\/anoticiaonline.com.br\/site\/wp-json\/wp\/v2\/media\/41303"}],"wp:attachment":[{"href":"https:\/\/anoticiaonline.com.br\/site\/wp-json\/wp\/v2\/media?parent=41301"}],"wp:term":[{"taxonomy":"category","embeddable":true,"href":"https:\/\/anoticiaonline.com.br\/site\/wp-json\/wp\/v2\/categories?post=41301"},{"taxonomy":"post_tag","embeddable":true,"href":"https:\/\/anoticiaonline.com.br\/site\/wp-json\/wp\/v2\/tags?post=41301"}],"curies":[{"name":"wp","href":"https:\/\/api.w.org\/{rel}","templated":true}]}}