{"id":41232,"date":"2017-09-24T14:00:19","date_gmt":"2017-09-24T17:00:19","guid":{"rendered":"http:\/\/anoticiaonline.com.br\/site\/?p=41232"},"modified":"2017-09-21T20:34:25","modified_gmt":"2017-09-21T23:34:25","slug":"loja-espaco-baby-center-e-inaugurada-no-centro-da-cidade","status":"publish","type":"post","link":"https:\/\/anoticiaonline.com.br\/site\/loja-espaco-baby-center-e-inaugurada-no-centro-da-cidade\/","title":{"rendered":"Loja Espa\u00e7o Baby Center \u00e9 inaugurada no Centro da cidade"},"content":{"rendered":"<p><a href=\"https:\/\/anoticiaonline.com.br\/site\/wp-content\/uploads\/2017\/09\/DSC_0020_640x427.jpg\"><img fetchpriority=\"high\" decoding=\"async\" class=\"alignleft size-medium wp-image-41233\" src=\"https:\/\/anoticiaonline.com.br\/site\/wp-content\/uploads\/2017\/09\/DSC_0020_640x427-300x200.jpg\" alt=\"\" width=\"300\" height=\"200\" srcset=\"https:\/\/anoticiaonline.com.br\/site\/wp-content\/uploads\/2017\/09\/DSC_0020_640x427-300x200.jpg 300w, https:\/\/anoticiaonline.com.br\/site\/wp-content\/uploads\/2017\/09\/DSC_0020_640x427-290x192.jpg 290w, https:\/\/anoticiaonline.com.br\/site\/wp-content\/uploads\/2017\/09\/DSC_0020_640x427.jpg 640w\" sizes=\"(max-width: 300px) 100vw, 300px\" \/><\/a> <a href=\"https:\/\/anoticiaonline.com.br\/site\/wp-content\/uploads\/2017\/09\/DSC_0166.jpg\"><img decoding=\"async\" class=\"alignleft size-medium wp-image-41234\" src=\"https:\/\/anoticiaonline.com.br\/site\/wp-content\/uploads\/2017\/09\/DSC_0166-300x200.jpg\" alt=\"\" width=\"300\" height=\"200\" srcset=\"https:\/\/anoticiaonline.com.br\/site\/wp-content\/uploads\/2017\/09\/DSC_0166-300x200.jpg 300w, https:\/\/anoticiaonline.com.br\/site\/wp-content\/uploads\/2017\/09\/DSC_0166-290x192.jpg 290w, https:\/\/anoticiaonline.com.br\/site\/wp-content\/uploads\/2017\/09\/DSC_0166.jpg 640w\" sizes=\"(max-width: 300px) 100vw, 300px\" \/><\/a> <a href=\"https:\/\/anoticiaonline.com.br\/site\/wp-content\/uploads\/2017\/09\/DSC_0289.jpg\"><img decoding=\"async\" class=\"alignleft size-medium wp-image-41235\" src=\"https:\/\/anoticiaonline.com.br\/site\/wp-content\/uploads\/2017\/09\/DSC_0289-300x200.jpg\" alt=\"\" width=\"300\" height=\"200\" srcset=\"https:\/\/anoticiaonline.com.br\/site\/wp-content\/uploads\/2017\/09\/DSC_0289-300x200.jpg 300w, https:\/\/anoticiaonline.com.br\/site\/wp-content\/uploads\/2017\/09\/DSC_0289-290x192.jpg 290w, https:\/\/anoticiaonline.com.br\/site\/wp-content\/uploads\/2017\/09\/DSC_0289.jpg 640w\" sizes=\"(max-width: 300px) 100vw, 300px\" \/><\/a> <a href=\"https:\/\/anoticiaonline.com.br\/site\/wp-content\/uploads\/2017\/09\/DSC_0300.jpg\"><img loading=\"lazy\" decoding=\"async\" class=\"alignleft size-medium wp-image-41236\" src=\"https:\/\/anoticiaonline.com.br\/site\/wp-content\/uploads\/2017\/09\/DSC_0300-300x200.jpg\" alt=\"\" width=\"300\" height=\"200\" srcset=\"https:\/\/anoticiaonline.com.br\/site\/wp-content\/uploads\/2017\/09\/DSC_0300-300x200.jpg 300w, https:\/\/anoticiaonline.com.br\/site\/wp-content\/uploads\/2017\/09\/DSC_0300-290x192.jpg 290w, https:\/\/anoticiaonline.com.br\/site\/wp-content\/uploads\/2017\/09\/DSC_0300.jpg 640w\" sizes=\"(max-width: 300px) 100vw, 300px\" \/><\/a>A loja Espa\u00e7o Baby Center, especializada em roupas e acess\u00f3rios para o p\u00fablico infantil, foi inaugurada em grande estilo, na manh\u00e3 de quinta-feira (14), no centro de Muria\u00e9.<\/p>\n<p>Agnaldo dos Santos Silva, um dos propriet\u00e1rios, com vasta experi\u00eancia no ramo de vestu\u00e1rio e produtos infantis, encontrou uma \u00f3tima oportunidade de abrir no Centro da cidade, uma loja multimarcas completa.<\/p>\n<p>\u201cVimos uma chance de trazer para Muria\u00e9 uma loja diferenciada com bons pre\u00e7os e toda a linha de roupas e de enxovais para beb\u00ea. Acredito que o Centro da cidade necessitava de uma loja completa neste aspecto para atender o p\u00fablico de Muria\u00e9 e regi\u00e3o\u201d, disse.<\/p>\n<p>O empres\u00e1rio contou que a Espa\u00e7o Baby Center possui uma gama extensa de produtos. \u201cAqui pais e m\u00e3es podem encontrar roupas e acess\u00f3rios para seu beb\u00ea desde a sa\u00edda da maternidade e para as crian\u00e7as com at\u00e9 oito anos de idade. S\u00e3o lindos kits para ber\u00e7o, macac\u00f5es, luvas e sapatos com pre\u00e7os justos devido \u00e0s nossas parcerias e aos produtos de nossa pr\u00f3pria fabrica\u00e7\u00e3o\u201d, contou.<\/p>\n<p>Agnaldo conta que outro diferencial da Espa\u00e7o Baby Center \u00e9 oferecer diferentes modelos de roupas sociais. S\u00e3o ternos, gravatas, camisas e vestidos de festa com excelentes condi\u00e7\u00f5es de pagamento para que todas as crian\u00e7as possam se vestir com estilo.<\/p>\n<p>A Espa\u00e7o Baby Center est\u00e1 localizada no cora\u00e7\u00e3o comercial da cidade: na Pra\u00e7a Jo\u00e3o Pinheiro, n\u00famero 183, Loja 4. O telefone para contato \u00e9 o 32 3722-4257. O hor\u00e1rio de funcionamento \u00e9: 9h \u00e0s 18h30, de segunda a sexta-feira e, nos s\u00e1bados de 9h \u00e0s 13h. N\u00e3o deixe de conhecer o espa\u00e7o ideal para o seu filho.<\/p>\n<p><img decoding=\"async\" class=\"ngg_displayed_gallery mceItem\" src=\"https:\/\/anoticiaonline.com.br\/site\/nextgen-attach_to_post\/preview\/id--41295\" \/><\/p>\n<p>&nbsp;<\/p>\n<p>&nbsp;<\/p>\n","protected":false},"excerpt":{"rendered":"<p>A loja Espa\u00e7o Baby Center, especializada em roupas e acess\u00f3rios para o p\u00fablico infantil, foi inaugurada em grande estilo, na manh\u00e3 de quinta-feira (14), no centro de Muria\u00e9. Agnaldo dos Santos Silva, um dos propriet\u00e1rios, com vasta experi\u00eancia no ramo de vestu\u00e1rio e produtos infantis, encontrou uma \u00f3tima oportunidade de abrir no Centro da cidade, &#8230; <a title=\"Loja Espa\u00e7o Baby Center \u00e9 inaugurada no Centro da cidade\" class=\"read-more\" href=\"https:\/\/anoticiaonline.com.br\/site\/loja-espaco-baby-center-e-inaugurada-no-centro-da-cidade\/\" aria-label=\"Read more about Loja Espa\u00e7o Baby Center \u00e9 inaugurada no Centro da cidade\">Ler mais<\/a><\/p>\n","protected":false},"author":2,"featured_media":41235,"comment_status":"open","ping_status":"open","sticky":false,"template":"","format":"standard","meta":{"_acf_changed":false,"_monsterinsights_skip_tracking":false,"footnotes":""},"categories":[1],"tags":[1183,1127,1182,488,74,533],"class_list":["post-41232","post","type-post","status-publish","format-standard","has-post-thumbnail","hentry","category-gerais","tag-agnaldo-dos-santos-silva","tag-bebe","tag-espaco-baby-center","tag-loja","tag-muriae","tag-praca-joao-pinheiro"],"acf":[],"aioseo_notices":[],"aioseo_head":"\n\t\t<!-- All in One SEO 5.0.0.1 - aioseo.com -->\n\t<meta name=\"description\" content=\"A loja Espa\u00e7o Baby Center, especializada em roupas e acess\u00f3rios para o p\u00fablico infantil, foi inaugurada em grande estilo, na manh\u00e3 de quinta-feira (14), no centro de Muria\u00e9. Agnaldo dos Santos Silva, um dos propriet\u00e1rios, com vasta experi\u00eancia no ramo de vestu\u00e1rio e produtos infantis, encontrou uma \u00f3tima oportunidade de abrir no Centro da cidade,\" \/>\n\t<meta name=\"robots\" content=\"max-image-preview:large\" \/>\n\t<meta name=\"author\" content=\"Juliana Laviola\"\/>\n\t<link rel=\"canonical\" href=\"https:\/\/anoticiaonline.com.br\/site\/loja-espaco-baby-center-e-inaugurada-no-centro-da-cidade\/\" \/>\n\t<meta name=\"generator\" content=\"All in One SEO (AIOSEO) 5.0.0.1\" \/>\n\t\t<meta property=\"og:locale\" content=\"pt_BR\" \/>\n\t\t<meta property=\"og:site_name\" content=\"A Not\u00edcia Online - Noticias de Muria\u00e9 e regi\u00e3o\" \/>\n\t\t<meta property=\"og:type\" content=\"article\" \/>\n\t\t<meta property=\"og:title\" content=\"Loja Espa\u00e7o Baby Center \u00e9 inaugurada no Centro da cidade - A Not\u00edcia Online\" \/>\n\t\t<meta property=\"og:description\" content=\"A loja Espa\u00e7o Baby Center, especializada em roupas e acess\u00f3rios para o p\u00fablico infantil, foi inaugurada em grande estilo, na manh\u00e3 de quinta-feira (14), no centro de Muria\u00e9. Agnaldo dos Santos Silva, um dos propriet\u00e1rios, com vasta experi\u00eancia no ramo de vestu\u00e1rio e produtos infantis, encontrou uma \u00f3tima oportunidade de abrir no Centro da cidade,\" \/>\n\t\t<meta property=\"og:url\" content=\"https:\/\/anoticiaonline.com.br\/site\/loja-espaco-baby-center-e-inaugurada-no-centro-da-cidade\/\" \/>\n\t\t<meta property=\"og:image\" content=\"https:\/\/scontent-gig4-1.xx.fbcdn.net\/v\/t39.30808-1\/270437624_4564083193639691_6907940295614233970_n.jpg?stp=dst-jpg_s200x200_tt6&#038;_nc_cat=111&#038;ccb=1-7&#038;_nc_sid=f907e8&#038;_nc_ohc=SM1wRlP3lJwQ7kNvwEPuBYA&#038;_nc_oc=AdnqrjDN_BNjSSHWO-GbkIWH6fkGMLw4bqvL_NH6e2wMveX7G-rP2dAqsDSq1mJMOaY&#038;_nc_zt=24&#038;_nc_ht=scontent-gig4-1.xx&#038;_nc_gid=AoBFJeGrT1hVaew_6rchkQ&#038;oh=00_AfX7QmFGhQhG2jAllVgXCiM1ZrWgvtp80-Bfppyexh1QEg&#038;oe=689E923C\" \/>\n\t\t<meta property=\"og:image:secure_url\" content=\"https:\/\/scontent-gig4-1.xx.fbcdn.net\/v\/t39.30808-1\/270437624_4564083193639691_6907940295614233970_n.jpg?stp=dst-jpg_s200x200_tt6&#038;_nc_cat=111&#038;ccb=1-7&#038;_nc_sid=f907e8&#038;_nc_ohc=SM1wRlP3lJwQ7kNvwEPuBYA&#038;_nc_oc=AdnqrjDN_BNjSSHWO-GbkIWH6fkGMLw4bqvL_NH6e2wMveX7G-rP2dAqsDSq1mJMOaY&#038;_nc_zt=24&#038;_nc_ht=scontent-gig4-1.xx&#038;_nc_gid=AoBFJeGrT1hVaew_6rchkQ&#038;oh=00_AfX7QmFGhQhG2jAllVgXCiM1ZrWgvtp80-Bfppyexh1QEg&#038;oe=689E923C\" \/>\n\t\t<meta property=\"article:published_time\" content=\"2017-09-24T17:00:19+00:00\" \/>\n\t\t<meta property=\"article:modified_time\" content=\"2017-09-21T23:34:25+00:00\" \/>\n\t\t<meta name=\"twitter:card\" content=\"summary_large_image\" \/>\n\t\t<meta name=\"twitter:title\" content=\"Loja Espa\u00e7o Baby Center \u00e9 inaugurada no Centro da cidade - A Not\u00edcia Online\" \/>\n\t\t<meta name=\"twitter:description\" content=\"A loja Espa\u00e7o Baby Center, especializada em roupas e acess\u00f3rios para o p\u00fablico infantil, foi inaugurada em grande estilo, na manh\u00e3 de quinta-feira (14), no centro de Muria\u00e9. Agnaldo dos Santos Silva, um dos propriet\u00e1rios, com vasta experi\u00eancia no ramo de vestu\u00e1rio e produtos infantis, encontrou uma \u00f3tima oportunidade de abrir no Centro da cidade,\" \/>\n\t\t<meta name=\"twitter:image\" content=\"https:\/\/scontent-gig4-1.xx.fbcdn.net\/v\/t39.30808-1\/270437624_4564083193639691_6907940295614233970_n.jpg?stp=dst-jpg_s200x200_tt6&amp;_nc_cat=111&amp;ccb=1-7&amp;_nc_sid=f907e8&amp;_nc_ohc=SM1wRlP3lJwQ7kNvwEPuBYA&amp;_nc_oc=AdnqrjDN_BNjSSHWO-GbkIWH6fkGMLw4bqvL_NH6e2wMveX7G-rP2dAqsDSq1mJMOaY&amp;_nc_zt=24&amp;_nc_ht=scontent-gig4-1.xx&amp;_nc_gid=AoBFJeGrT1hVaew_6rchkQ&amp;oh=00_AfX7QmFGhQhG2jAllVgXCiM1ZrWgvtp80-Bfppyexh1QEg&amp;oe=689E923C\" \/>\n\t\t<script type=\"application\/ld+json\" class=\"aioseo-schema\">\n\t\t\t{\"@context\":\"https:\\\/\\\/schema.org\",\"@graph\":[{\"@type\":\"BlogPosting\",\"@id\":\"https:\\\/\\\/anoticiaonline.com.br\\\/site\\\/loja-espaco-baby-center-e-inaugurada-no-centro-da-cidade\\\/#blogposting\",\"name\":\"Loja Espa\\u00e7o Baby Center \\u00e9 inaugurada no Centro da cidade - A Not\\u00edcia Online\",\"headline\":\"Loja Espa\\u00e7o Baby Center \\u00e9 inaugurada no Centro da cidade\",\"author\":{\"@id\":\"https:\\\/\\\/anoticiaonline.com.br\\\/site\\\/author\\\/juliana\\\/#author\"},\"publisher\":{\"@id\":\"https:\\\/\\\/anoticiaonline.com.br\\\/site\\\/#organization\"},\"image\":{\"@type\":\"ImageObject\",\"url\":\"https:\\\/\\\/anoticiaonline.com.br\\\/site\\\/wp-content\\\/uploads\\\/2017\\\/09\\\/DSC_0289.jpg\",\"width\":640,\"height\":426},\"datePublished\":\"2017-09-24T14:00:19-03:00\",\"dateModified\":\"2017-09-21T20:34:25-03:00\",\"inLanguage\":\"pt-BR\",\"mainEntityOfPage\":{\"@id\":\"https:\\\/\\\/anoticiaonline.com.br\\\/site\\\/loja-espaco-baby-center-e-inaugurada-no-centro-da-cidade\\\/#webpage\"},\"isPartOf\":{\"@id\":\"https:\\\/\\\/anoticiaonline.com.br\\\/site\\\/loja-espaco-baby-center-e-inaugurada-no-centro-da-cidade\\\/#webpage\"},\"articleSection\":\"Gerais, Agnaldo dos Santos Silva, beb\\u00ea, Espa\\u00e7o Baby Center, loja, Muria\\u00e9, Pra\\u00e7a Jo\\u00e3o Pinheiro\"},{\"@type\":\"BreadcrumbList\",\"@id\":\"https:\\\/\\\/anoticiaonline.com.br\\\/site\\\/loja-espaco-baby-center-e-inaugurada-no-centro-da-cidade\\\/#breadcrumblist\",\"itemListElement\":[{\"@type\":\"ListItem\",\"@id\":\"https:\\\/\\\/anoticiaonline.com.br\\\/site#listItem\",\"position\":1,\"name\":\"Home\",\"item\":\"https:\\\/\\\/anoticiaonline.com.br\\\/site\",\"nextItem\":{\"@type\":\"ListItem\",\"@id\":\"https:\\\/\\\/anoticiaonline.com.br\\\/site\\\/categoria\\\/gerais\\\/#listItem\",\"name\":\"Gerais\"}},{\"@type\":\"ListItem\",\"@id\":\"https:\\\/\\\/anoticiaonline.com.br\\\/site\\\/categoria\\\/gerais\\\/#listItem\",\"position\":2,\"name\":\"Gerais\",\"item\":\"https:\\\/\\\/anoticiaonline.com.br\\\/site\\\/categoria\\\/gerais\\\/\",\"nextItem\":{\"@type\":\"ListItem\",\"@id\":\"https:\\\/\\\/anoticiaonline.com.br\\\/site\\\/loja-espaco-baby-center-e-inaugurada-no-centro-da-cidade\\\/#listItem\",\"name\":\"Loja Espa\\u00e7o Baby Center \\u00e9 inaugurada no Centro da cidade\"},\"previousItem\":{\"@type\":\"ListItem\",\"@id\":\"https:\\\/\\\/anoticiaonline.com.br\\\/site#listItem\",\"name\":\"Home\"}},{\"@type\":\"ListItem\",\"@id\":\"https:\\\/\\\/anoticiaonline.com.br\\\/site\\\/loja-espaco-baby-center-e-inaugurada-no-centro-da-cidade\\\/#listItem\",\"position\":3,\"name\":\"Loja Espa\\u00e7o Baby Center \\u00e9 inaugurada no Centro da cidade\",\"previousItem\":{\"@type\":\"ListItem\",\"@id\":\"https:\\\/\\\/anoticiaonline.com.br\\\/site\\\/categoria\\\/gerais\\\/#listItem\",\"name\":\"Gerais\"}}]},{\"@type\":\"Organization\",\"@id\":\"https:\\\/\\\/anoticiaonline.com.br\\\/site\\\/#organization\",\"name\":\"A Not\\u00edcia Online\",\"description\":\"Noticias de Muria\\u00e9 e regi\\u00e3o\",\"url\":\"https:\\\/\\\/anoticiaonline.com.br\\\/site\\\/\",\"logo\":{\"@type\":\"ImageObject\",\"url\":\"https:\\\/\\\/scontent-gig4-1.xx.fbcdn.net\\\/v\\\/t39.30808-1\\\/270437624_4564083193639691_6907940295614233970_n.jpg?stp=dst-jpg_s200x200_tt6&_nc_cat=111&ccb=1-7&_nc_sid=f907e8&_nc_ohc=SM1wRlP3lJwQ7kNvwEPuBYA&_nc_oc=AdnqrjDN_BNjSSHWO-GbkIWH6fkGMLw4bqvL_NH6e2wMveX7G-rP2dAqsDSq1mJMOaY&_nc_zt=24&_nc_ht=scontent-gig4-1.xx&_nc_gid=AoBFJeGrT1hVaew_6rchkQ&oh=00_AfX7QmFGhQhG2jAllVgXCiM1ZrWgvtp80-Bfppyexh1QEg&oe=689E923C\",\"@id\":\"https:\\\/\\\/anoticiaonline.com.br\\\/site\\\/loja-espaco-baby-center-e-inaugurada-no-centro-da-cidade\\\/#organizationLogo\"},\"image\":{\"@id\":\"https:\\\/\\\/anoticiaonline.com.br\\\/site\\\/loja-espaco-baby-center-e-inaugurada-no-centro-da-cidade\\\/#organizationLogo\"}},{\"@type\":\"Person\",\"@id\":\"https:\\\/\\\/anoticiaonline.com.br\\\/site\\\/author\\\/juliana\\\/#author\",\"url\":\"https:\\\/\\\/anoticiaonline.com.br\\\/site\\\/author\\\/juliana\\\/\",\"name\":\"Juliana Laviola\",\"image\":{\"@type\":\"ImageObject\",\"@id\":\"https:\\\/\\\/anoticiaonline.com.br\\\/site\\\/loja-espaco-baby-center-e-inaugurada-no-centro-da-cidade\\\/#authorImage\",\"url\":\"https:\\\/\\\/secure.gravatar.com\\\/avatar\\\/b8d45f5c699b100dfaf0e543582f38f38bf94cb7ae3a5e9abf8d891a34773335?s=96&d=mm&r=g\",\"width\":96,\"height\":96,\"caption\":\"Juliana Laviola\"}},{\"@type\":\"WebPage\",\"@id\":\"https:\\\/\\\/anoticiaonline.com.br\\\/site\\\/loja-espaco-baby-center-e-inaugurada-no-centro-da-cidade\\\/#webpage\",\"url\":\"https:\\\/\\\/anoticiaonline.com.br\\\/site\\\/loja-espaco-baby-center-e-inaugurada-no-centro-da-cidade\\\/\",\"name\":\"Loja Espa\\u00e7o Baby Center \\u00e9 inaugurada no Centro da cidade - A Not\\u00edcia Online\",\"description\":\"A loja Espa\\u00e7o Baby Center, especializada em roupas e acess\\u00f3rios para o p\\u00fablico infantil, foi inaugurada em grande estilo, na manh\\u00e3 de quinta-feira (14), no centro de Muria\\u00e9. Agnaldo dos Santos Silva, um dos propriet\\u00e1rios, com vasta experi\\u00eancia no ramo de vestu\\u00e1rio e produtos infantis, encontrou uma \\u00f3tima oportunidade de abrir no Centro da cidade,\",\"inLanguage\":\"pt-BR\",\"isPartOf\":{\"@id\":\"https:\\\/\\\/anoticiaonline.com.br\\\/site\\\/#website\"},\"breadcrumb\":{\"@id\":\"https:\\\/\\\/anoticiaonline.com.br\\\/site\\\/loja-espaco-baby-center-e-inaugurada-no-centro-da-cidade\\\/#breadcrumblist\"},\"author\":{\"@id\":\"https:\\\/\\\/anoticiaonline.com.br\\\/site\\\/author\\\/juliana\\\/#author\"},\"creator\":{\"@id\":\"https:\\\/\\\/anoticiaonline.com.br\\\/site\\\/author\\\/juliana\\\/#author\"},\"image\":{\"@type\":\"ImageObject\",\"url\":\"https:\\\/\\\/anoticiaonline.com.br\\\/site\\\/wp-content\\\/uploads\\\/2017\\\/09\\\/DSC_0289.jpg\",\"@id\":\"https:\\\/\\\/anoticiaonline.com.br\\\/site\\\/loja-espaco-baby-center-e-inaugurada-no-centro-da-cidade\\\/#mainImage\",\"width\":640,\"height\":426},\"primaryImageOfPage\":{\"@id\":\"https:\\\/\\\/anoticiaonline.com.br\\\/site\\\/loja-espaco-baby-center-e-inaugurada-no-centro-da-cidade\\\/#mainImage\"},\"datePublished\":\"2017-09-24T14:00:19-03:00\",\"dateModified\":\"2017-09-21T20:34:25-03:00\"},{\"@type\":\"WebSite\",\"@id\":\"https:\\\/\\\/anoticiaonline.com.br\\\/site\\\/#website\",\"url\":\"https:\\\/\\\/anoticiaonline.com.br\\\/site\\\/\",\"name\":\"A Not\\u00edcia Online\",\"description\":\"Noticias de Muria\\u00e9 e regi\\u00e3o\",\"inLanguage\":\"pt-BR\",\"publisher\":{\"@id\":\"https:\\\/\\\/anoticiaonline.com.br\\\/site\\\/#organization\"}}]}\n\t\t<\/script>\n\t\t<!-- All in One SEO -->\n\n","aioseo_head_json":{"title":"Loja Espa\u00e7o Baby Center \u00e9 inaugurada no Centro da cidade - A Not\u00edcia Online","description":"A loja Espa\u00e7o Baby Center, especializada em roupas e acess\u00f3rios para o p\u00fablico infantil, foi inaugurada em grande estilo, na manh\u00e3 de quinta-feira (14), no centro de Muria\u00e9. Agnaldo dos Santos Silva, um dos propriet\u00e1rios, com vasta experi\u00eancia no ramo de vestu\u00e1rio e produtos infantis, encontrou uma \u00f3tima oportunidade de abrir no Centro da cidade,","canonical_url":"https:\/\/anoticiaonline.com.br\/site\/loja-espaco-baby-center-e-inaugurada-no-centro-da-cidade\/","robots":"max-image-preview:large","keywords":"","webmasterTools":{"miscellaneous":""},"schema":{"@context":"https:\/\/schema.org","@graph":[{"@type":"BlogPosting","@id":"https:\/\/anoticiaonline.com.br\/site\/loja-espaco-baby-center-e-inaugurada-no-centro-da-cidade\/#blogposting","name":"Loja Espa\u00e7o Baby Center \u00e9 inaugurada no Centro da cidade - A Not\u00edcia Online","headline":"Loja Espa\u00e7o Baby Center \u00e9 inaugurada no Centro da cidade","author":{"@id":"https:\/\/anoticiaonline.com.br\/site\/author\/juliana\/#author"},"publisher":{"@id":"https:\/\/anoticiaonline.com.br\/site\/#organization"},"image":{"@type":"ImageObject","url":"https:\/\/anoticiaonline.com.br\/site\/wp-content\/uploads\/2017\/09\/DSC_0289.jpg","width":640,"height":426},"datePublished":"2017-09-24T14:00:19-03:00","dateModified":"2017-09-21T20:34:25-03:00","inLanguage":"pt-BR","mainEntityOfPage":{"@id":"https:\/\/anoticiaonline.com.br\/site\/loja-espaco-baby-center-e-inaugurada-no-centro-da-cidade\/#webpage"},"isPartOf":{"@id":"https:\/\/anoticiaonline.com.br\/site\/loja-espaco-baby-center-e-inaugurada-no-centro-da-cidade\/#webpage"},"articleSection":"Gerais, Agnaldo dos Santos Silva, beb\u00ea, Espa\u00e7o Baby Center, loja, Muria\u00e9, Pra\u00e7a Jo\u00e3o Pinheiro"},{"@type":"BreadcrumbList","@id":"https:\/\/anoticiaonline.com.br\/site\/loja-espaco-baby-center-e-inaugurada-no-centro-da-cidade\/#breadcrumblist","itemListElement":[{"@type":"ListItem","@id":"https:\/\/anoticiaonline.com.br\/site#listItem","position":1,"name":"Home","item":"https:\/\/anoticiaonline.com.br\/site","nextItem":{"@type":"ListItem","@id":"https:\/\/anoticiaonline.com.br\/site\/categoria\/gerais\/#listItem","name":"Gerais"}},{"@type":"ListItem","@id":"https:\/\/anoticiaonline.com.br\/site\/categoria\/gerais\/#listItem","position":2,"name":"Gerais","item":"https:\/\/anoticiaonline.com.br\/site\/categoria\/gerais\/","nextItem":{"@type":"ListItem","@id":"https:\/\/anoticiaonline.com.br\/site\/loja-espaco-baby-center-e-inaugurada-no-centro-da-cidade\/#listItem","name":"Loja Espa\u00e7o Baby Center \u00e9 inaugurada no Centro da cidade"},"previousItem":{"@type":"ListItem","@id":"https:\/\/anoticiaonline.com.br\/site#listItem","name":"Home"}},{"@type":"ListItem","@id":"https:\/\/anoticiaonline.com.br\/site\/loja-espaco-baby-center-e-inaugurada-no-centro-da-cidade\/#listItem","position":3,"name":"Loja Espa\u00e7o Baby Center \u00e9 inaugurada no Centro da cidade","previousItem":{"@type":"ListItem","@id":"https:\/\/anoticiaonline.com.br\/site\/categoria\/gerais\/#listItem","name":"Gerais"}}]},{"@type":"Organization","@id":"https:\/\/anoticiaonline.com.br\/site\/#organization","name":"A Not\u00edcia Online","description":"Noticias de Muria\u00e9 e regi\u00e3o","url":"https:\/\/anoticiaonline.com.br\/site\/","logo":{"@type":"ImageObject","url":"https:\/\/scontent-gig4-1.xx.fbcdn.net\/v\/t39.30808-1\/270437624_4564083193639691_6907940295614233970_n.jpg?stp=dst-jpg_s200x200_tt6&_nc_cat=111&ccb=1-7&_nc_sid=f907e8&_nc_ohc=SM1wRlP3lJwQ7kNvwEPuBYA&_nc_oc=AdnqrjDN_BNjSSHWO-GbkIWH6fkGMLw4bqvL_NH6e2wMveX7G-rP2dAqsDSq1mJMOaY&_nc_zt=24&_nc_ht=scontent-gig4-1.xx&_nc_gid=AoBFJeGrT1hVaew_6rchkQ&oh=00_AfX7QmFGhQhG2jAllVgXCiM1ZrWgvtp80-Bfppyexh1QEg&oe=689E923C","@id":"https:\/\/anoticiaonline.com.br\/site\/loja-espaco-baby-center-e-inaugurada-no-centro-da-cidade\/#organizationLogo"},"image":{"@id":"https:\/\/anoticiaonline.com.br\/site\/loja-espaco-baby-center-e-inaugurada-no-centro-da-cidade\/#organizationLogo"}},{"@type":"Person","@id":"https:\/\/anoticiaonline.com.br\/site\/author\/juliana\/#author","url":"https:\/\/anoticiaonline.com.br\/site\/author\/juliana\/","name":"Juliana Laviola","image":{"@type":"ImageObject","@id":"https:\/\/anoticiaonline.com.br\/site\/loja-espaco-baby-center-e-inaugurada-no-centro-da-cidade\/#authorImage","url":"https:\/\/secure.gravatar.com\/avatar\/b8d45f5c699b100dfaf0e543582f38f38bf94cb7ae3a5e9abf8d891a34773335?s=96&d=mm&r=g","width":96,"height":96,"caption":"Juliana Laviola"}},{"@type":"WebPage","@id":"https:\/\/anoticiaonline.com.br\/site\/loja-espaco-baby-center-e-inaugurada-no-centro-da-cidade\/#webpage","url":"https:\/\/anoticiaonline.com.br\/site\/loja-espaco-baby-center-e-inaugurada-no-centro-da-cidade\/","name":"Loja Espa\u00e7o Baby Center \u00e9 inaugurada no Centro da cidade - A Not\u00edcia Online","description":"A loja Espa\u00e7o Baby Center, especializada em roupas e acess\u00f3rios para o p\u00fablico infantil, foi inaugurada em grande estilo, na manh\u00e3 de quinta-feira (14), no centro de Muria\u00e9. Agnaldo dos Santos Silva, um dos propriet\u00e1rios, com vasta experi\u00eancia no ramo de vestu\u00e1rio e produtos infantis, encontrou uma \u00f3tima oportunidade de abrir no Centro da cidade,","inLanguage":"pt-BR","isPartOf":{"@id":"https:\/\/anoticiaonline.com.br\/site\/#website"},"breadcrumb":{"@id":"https:\/\/anoticiaonline.com.br\/site\/loja-espaco-baby-center-e-inaugurada-no-centro-da-cidade\/#breadcrumblist"},"author":{"@id":"https:\/\/anoticiaonline.com.br\/site\/author\/juliana\/#author"},"creator":{"@id":"https:\/\/anoticiaonline.com.br\/site\/author\/juliana\/#author"},"image":{"@type":"ImageObject","url":"https:\/\/anoticiaonline.com.br\/site\/wp-content\/uploads\/2017\/09\/DSC_0289.jpg","@id":"https:\/\/anoticiaonline.com.br\/site\/loja-espaco-baby-center-e-inaugurada-no-centro-da-cidade\/#mainImage","width":640,"height":426},"primaryImageOfPage":{"@id":"https:\/\/anoticiaonline.com.br\/site\/loja-espaco-baby-center-e-inaugurada-no-centro-da-cidade\/#mainImage"},"datePublished":"2017-09-24T14:00:19-03:00","dateModified":"2017-09-21T20:34:25-03:00"},{"@type":"WebSite","@id":"https:\/\/anoticiaonline.com.br\/site\/#website","url":"https:\/\/anoticiaonline.com.br\/site\/","name":"A Not\u00edcia Online","description":"Noticias de Muria\u00e9 e regi\u00e3o","inLanguage":"pt-BR","publisher":{"@id":"https:\/\/anoticiaonline.com.br\/site\/#organization"}}]},"og:locale":"pt_BR","og:site_name":"A Not\u00edcia Online - Noticias de Muria\u00e9 e regi\u00e3o","og:type":"article","og:title":"Loja Espa\u00e7o Baby Center \u00e9 inaugurada no Centro da cidade - A Not\u00edcia Online","og:description":"A loja Espa\u00e7o Baby Center, especializada em roupas e acess\u00f3rios para o p\u00fablico infantil, foi inaugurada em grande estilo, na manh\u00e3 de quinta-feira (14), no centro de Muria\u00e9. Agnaldo dos Santos Silva, um dos propriet\u00e1rios, com vasta experi\u00eancia no ramo de vestu\u00e1rio e produtos infantis, encontrou uma \u00f3tima oportunidade de abrir no Centro da cidade,","og:url":"https:\/\/anoticiaonline.com.br\/site\/loja-espaco-baby-center-e-inaugurada-no-centro-da-cidade\/","og:image":"https:\/\/scontent-gig4-1.xx.fbcdn.net\/v\/t39.30808-1\/270437624_4564083193639691_6907940295614233970_n.jpg?stp=dst-jpg_s200x200_tt6&#038;_nc_cat=111&#038;ccb=1-7&#038;_nc_sid=f907e8&#038;_nc_ohc=SM1wRlP3lJwQ7kNvwEPuBYA&#038;_nc_oc=AdnqrjDN_BNjSSHWO-GbkIWH6fkGMLw4bqvL_NH6e2wMveX7G-rP2dAqsDSq1mJMOaY&#038;_nc_zt=24&#038;_nc_ht=scontent-gig4-1.xx&#038;_nc_gid=AoBFJeGrT1hVaew_6rchkQ&#038;oh=00_AfX7QmFGhQhG2jAllVgXCiM1ZrWgvtp80-Bfppyexh1QEg&#038;oe=689E923C","og:image:secure_url":"https:\/\/scontent-gig4-1.xx.fbcdn.net\/v\/t39.30808-1\/270437624_4564083193639691_6907940295614233970_n.jpg?stp=dst-jpg_s200x200_tt6&#038;_nc_cat=111&#038;ccb=1-7&#038;_nc_sid=f907e8&#038;_nc_ohc=SM1wRlP3lJwQ7kNvwEPuBYA&#038;_nc_oc=AdnqrjDN_BNjSSHWO-GbkIWH6fkGMLw4bqvL_NH6e2wMveX7G-rP2dAqsDSq1mJMOaY&#038;_nc_zt=24&#038;_nc_ht=scontent-gig4-1.xx&#038;_nc_gid=AoBFJeGrT1hVaew_6rchkQ&#038;oh=00_AfX7QmFGhQhG2jAllVgXCiM1ZrWgvtp80-Bfppyexh1QEg&#038;oe=689E923C","article:published_time":"2017-09-24T17:00:19+00:00","article:modified_time":"2017-09-21T23:34:25+00:00","twitter:card":"summary_large_image","twitter:title":"Loja Espa\u00e7o Baby Center \u00e9 inaugurada no Centro da cidade - A Not\u00edcia Online","twitter:description":"A loja Espa\u00e7o Baby Center, especializada em roupas e acess\u00f3rios para o p\u00fablico infantil, foi inaugurada em grande estilo, na manh\u00e3 de quinta-feira (14), no centro de Muria\u00e9. Agnaldo dos Santos Silva, um dos propriet\u00e1rios, com vasta experi\u00eancia no ramo de vestu\u00e1rio e produtos infantis, encontrou uma \u00f3tima oportunidade de abrir no Centro da cidade,","twitter:image":"https:\/\/scontent-gig4-1.xx.fbcdn.net\/v\/t39.30808-1\/270437624_4564083193639691_6907940295614233970_n.jpg?stp=dst-jpg_s200x200_tt6&_nc_cat=111&ccb=1-7&_nc_sid=f907e8&_nc_ohc=SM1wRlP3lJwQ7kNvwEPuBYA&_nc_oc=AdnqrjDN_BNjSSHWO-GbkIWH6fkGMLw4bqvL_NH6e2wMveX7G-rP2dAqsDSq1mJMOaY&_nc_zt=24&_nc_ht=scontent-gig4-1.xx&_nc_gid=AoBFJeGrT1hVaew_6rchkQ&oh=00_AfX7QmFGhQhG2jAllVgXCiM1ZrWgvtp80-Bfppyexh1QEg&oe=689E923C"},"aioseo_meta_data":{"post_id":"41232","title":null,"description":null,"keywords":null,"keyphrases":null,"primary_term":null,"canonical_url":null,"og_title":null,"og_description":null,"og_object_type":"default","og_image_type":"default","og_image_url":null,"og_image_width":null,"og_image_height":null,"og_image_custom_url":null,"og_image_custom_fields":null,"og_video":null,"og_custom_url":null,"og_article_section":null,"og_article_tags":null,"twitter_use_og":false,"twitter_card":"default","twitter_image_type":"default","twitter_image_url":null,"twitter_image_custom_url":null,"twitter_image_custom_fields":null,"twitter_title":null,"twitter_description":null,"schema":{"blockGraphs":[],"customGraphs":[],"default":{"data":{"Article":[],"Course":[],"Dataset":[],"FAQPage":[],"Movie":[],"Person":[],"Product":[],"ProductReview":[],"Car":[],"Recipe":[],"Service":[],"SoftwareApplication":[],"WebPage":[]},"graphName":"","isEnabled":true},"graphs":[]},"schema_type":"default","schema_type_options":null,"pillar_content":false,"robots_default":true,"robots_noindex":false,"robots_noarchive":false,"robots_nosnippet":false,"robots_nofollow":false,"robots_noimageindex":false,"robots_noodp":false,"robots_notranslate":false,"robots_max_snippet":null,"robots_max_videopreview":null,"robots_max_imagepreview":"large","priority":null,"frequency":null,"local_seo":null,"breadcrumb_settings":null,"limit_modified_date":false,"ai":null,"created":"2025-08-16 19:31:18","updated":"2025-08-16 19:31:18","focus_keyword":null,"additional_keywords":null,"truseo_locale":null,"seo_analyzer_scan_date":null},"aioseo_breadcrumb":"<div class=\"aioseo-breadcrumbs\"><span class=\"aioseo-breadcrumb\">\n\t\t\t<a href=\"https:\/\/anoticiaonline.com.br\/site\" title=\"Home\">Home<\/a>\n\t\t<\/span><span class=\"aioseo-breadcrumb-separator\">&raquo;<\/span><span class=\"aioseo-breadcrumb\">\n\t\t\t<a href=\"https:\/\/anoticiaonline.com.br\/site\/categoria\/gerais\/\" title=\"Gerais\">Gerais<\/a>\n\t\t<\/span><span class=\"aioseo-breadcrumb-separator\">&raquo;<\/span><span class=\"aioseo-breadcrumb\">\n\t\t\tLoja Espa\u00e7o Baby Center \u00e9 inaugurada no Centro da cidade\n\t\t<\/span><\/div>","aioseo_breadcrumb_json":[{"label":"Home","link":"https:\/\/anoticiaonline.com.br\/site"},{"label":"Gerais","link":"https:\/\/anoticiaonline.com.br\/site\/categoria\/gerais\/"},{"label":"Loja Espa\u00e7o Baby Center \u00e9 inaugurada no Centro da cidade","link":"https:\/\/anoticiaonline.com.br\/site\/loja-espaco-baby-center-e-inaugurada-no-centro-da-cidade\/"}],"views":172,"_links":{"self":[{"href":"https:\/\/anoticiaonline.com.br\/site\/wp-json\/wp\/v2\/posts\/41232","targetHints":{"allow":["GET"]}}],"collection":[{"href":"https:\/\/anoticiaonline.com.br\/site\/wp-json\/wp\/v2\/posts"}],"about":[{"href":"https:\/\/anoticiaonline.com.br\/site\/wp-json\/wp\/v2\/types\/post"}],"author":[{"embeddable":true,"href":"https:\/\/anoticiaonline.com.br\/site\/wp-json\/wp\/v2\/users\/2"}],"replies":[{"embeddable":true,"href":"https:\/\/anoticiaonline.com.br\/site\/wp-json\/wp\/v2\/comments?post=41232"}],"version-history":[{"count":0,"href":"https:\/\/anoticiaonline.com.br\/site\/wp-json\/wp\/v2\/posts\/41232\/revisions"}],"wp:featuredmedia":[{"embeddable":true,"href":"https:\/\/anoticiaonline.com.br\/site\/wp-json\/wp\/v2\/media\/41235"}],"wp:attachment":[{"href":"https:\/\/anoticiaonline.com.br\/site\/wp-json\/wp\/v2\/media?parent=41232"}],"wp:term":[{"taxonomy":"category","embeddable":true,"href":"https:\/\/anoticiaonline.com.br\/site\/wp-json\/wp\/v2\/categories?post=41232"},{"taxonomy":"post_tag","embeddable":true,"href":"https:\/\/anoticiaonline.com.br\/site\/wp-json\/wp\/v2\/tags?post=41232"}],"curies":[{"name":"wp","href":"https:\/\/api.w.org\/{rel}","templated":true}]}}