{"id":41117,"date":"2017-09-21T19:59:41","date_gmt":"2017-09-21T22:59:41","guid":{"rendered":"http:\/\/anoticiaonline.com.br\/site\/?p=41117"},"modified":"2017-09-21T19:59:41","modified_gmt":"2017-09-21T22:59:41","slug":"prf-e-demuttran-promovem-acao-educativa-com-o-onibus-do-cinema-rodoviario","status":"publish","type":"post","link":"https:\/\/anoticiaonline.com.br\/site\/prf-e-demuttran-promovem-acao-educativa-com-o-onibus-do-cinema-rodoviario\/","title":{"rendered":"PRF e Demuttran promovem a\u00e7\u00e3o educativa com o \u00d4nibus do Cinema Rodovi\u00e1rio"},"content":{"rendered":"<p><a href=\"https:\/\/anoticiaonline.com.br\/site\/wp-content\/uploads\/2017\/09\/PRF-e-Demuttran-promovem-a\u00e7\u00e3o-educativa-com-o-\u00d4nibus-do-Cinema-Rodovi\u00e1rio-2.jpg\"><img fetchpriority=\"high\" decoding=\"async\" class=\"size-medium wp-image-41118 alignleft\" src=\"https:\/\/anoticiaonline.com.br\/site\/wp-content\/uploads\/2017\/09\/PRF-e-Demuttran-promovem-a\u00e7\u00e3o-educativa-com-o-\u00d4nibus-do-Cinema-Rodovi\u00e1rio-2-300x225.jpg\" alt=\"\" width=\"300\" height=\"225\" srcset=\"https:\/\/anoticiaonline.com.br\/site\/wp-content\/uploads\/2017\/09\/PRF-e-Demuttran-promovem-a\u00e7\u00e3o-educativa-com-o-\u00d4nibus-do-Cinema-Rodovi\u00e1rio-2-300x225.jpg 300w, https:\/\/anoticiaonline.com.br\/site\/wp-content\/uploads\/2017\/09\/PRF-e-Demuttran-promovem-a\u00e7\u00e3o-educativa-com-o-\u00d4nibus-do-Cinema-Rodovi\u00e1rio-2.jpg 640w\" sizes=\"(max-width: 300px) 100vw, 300px\" \/><\/a> <a href=\"https:\/\/anoticiaonline.com.br\/site\/wp-content\/uploads\/2017\/09\/PRF-e-Demuttran-promovem-a\u00e7\u00e3o-educativa-com-o-\u00d4nibus-do-Cinema-Rodovi\u00e1rio.jpg\"><img decoding=\"async\" class=\"size-medium wp-image-41120 alignleft\" src=\"https:\/\/anoticiaonline.com.br\/site\/wp-content\/uploads\/2017\/09\/PRF-e-Demuttran-promovem-a\u00e7\u00e3o-educativa-com-o-\u00d4nibus-do-Cinema-Rodovi\u00e1rio-300x225.jpg\" alt=\"\" width=\"300\" height=\"225\" srcset=\"https:\/\/anoticiaonline.com.br\/site\/wp-content\/uploads\/2017\/09\/PRF-e-Demuttran-promovem-a\u00e7\u00e3o-educativa-com-o-\u00d4nibus-do-Cinema-Rodovi\u00e1rio-300x225.jpg 300w, https:\/\/anoticiaonline.com.br\/site\/wp-content\/uploads\/2017\/09\/PRF-e-Demuttran-promovem-a\u00e7\u00e3o-educativa-com-o-\u00d4nibus-do-Cinema-Rodovi\u00e1rio.jpg 640w\" sizes=\"(max-width: 300px) 100vw, 300px\" \/><\/a>Um \u00f4nibus da Pol\u00edcia Rodovi\u00e1ria Federal (PRF) esteve em frente \u00e0 Igreja Matriz, no Centro de Muria\u00e9, na tarde de quinta-feira (21) para promover uma a\u00e7\u00e3o integrada de educa\u00e7\u00e3o no tr\u00e2nsito juntamente com o Departamento Municipal de Transportes e Tr\u00e2nsito de Muria\u00e9\u00a0(Demuttran). Dentro do ve\u00edculo, foram exibidos para estudantes de escolas p\u00fablicas e particulares v\u00eddeos educativos sobre o assunto.<\/p>\n<p>A a\u00e7\u00e3o, que aconteceu justamente na Semana Nacional do Tr\u00e2nsito, tem como objetivo falar sobre a import\u00e2ncia da educa\u00e7\u00e3o e sobre os riscos no tr\u00e2nsito tanto para pedestres quanto para motoristas.<\/p>\n<p>De acordo com a PRF, s\u00e3o mais de 43 mil mortes por acidentes de tr\u00e2nsito por ano, o equivalente a 126 mortes por dia, o equivalente a um avi\u00e3o de grande porte inteiro caindo a cada dia.<\/p>\n<p>O \u00d4nibus do Cinema Rodovi\u00e1rio \u00e9 um projeto nacional da PRF de educa\u00e7\u00e3o para o tr\u00e2nsito, no qual os policiais rodovi\u00e1rios federais sensibilizam a popula\u00e7\u00e3o a cerca da seguran\u00e7a no tr\u00e2nsito para a preserva\u00e7\u00e3o da vida.<\/p>\n","protected":false},"excerpt":{"rendered":"<p>Um \u00f4nibus da Pol\u00edcia Rodovi\u00e1ria Federal (PRF) esteve em frente \u00e0 Igreja Matriz, no Centro de Muria\u00e9, na tarde de quinta-feira (21) para promover uma a\u00e7\u00e3o integrada de educa\u00e7\u00e3o no tr\u00e2nsito juntamente com o Departamento Municipal de Transportes e Tr\u00e2nsito de Muria\u00e9\u00a0(Demuttran). Dentro do ve\u00edculo, foram exibidos para estudantes de escolas p\u00fablicas e particulares v\u00eddeos &#8230; <a title=\"PRF e Demuttran promovem a\u00e7\u00e3o educativa com o \u00d4nibus do Cinema Rodovi\u00e1rio\" class=\"read-more\" href=\"https:\/\/anoticiaonline.com.br\/site\/prf-e-demuttran-promovem-acao-educativa-com-o-onibus-do-cinema-rodoviario\/\" aria-label=\"Read more about PRF e Demuttran promovem a\u00e7\u00e3o educativa com o \u00d4nibus do Cinema Rodovi\u00e1rio\">Ler mais<\/a><\/p>\n","protected":false},"author":2,"featured_media":41118,"comment_status":"open","ping_status":"open","sticky":false,"template":"","format":"standard","meta":{"_acf_changed":false,"_monsterinsights_skip_tracking":false,"footnotes":""},"categories":[30],"tags":[161,1174,165,74,1173,138,414],"class_list":["post-41117","post","type-post","status-publish","format-standard","has-post-thumbnail","hentry","category-muriae","tag-cinema","tag-demuttran","tag-educacao","tag-muriae","tag-prf","tag-seguranca","tag-transito"],"acf":[],"aioseo_notices":[],"aioseo_head":"\n\t\t<!-- All in One SEO 5.0.0.1 - aioseo.com -->\n\t<meta name=\"description\" content=\"Um \u00f4nibus da Pol\u00edcia Rodovi\u00e1ria Federal (PRF) esteve em frente \u00e0 Igreja Matriz, no Centro de Muria\u00e9, na tarde de quinta-feira (21) para promover uma a\u00e7\u00e3o integrada de educa\u00e7\u00e3o no tr\u00e2nsito juntamente com o Departamento Municipal de Transportes e Tr\u00e2nsito de Muria\u00e9 (Demuttran). Dentro do ve\u00edculo, foram exibidos para estudantes de escolas p\u00fablicas e particulares v\u00eddeos\" \/>\n\t<meta name=\"robots\" content=\"max-image-preview:large\" \/>\n\t<meta name=\"author\" content=\"Juliana Laviola\"\/>\n\t<link rel=\"canonical\" href=\"https:\/\/anoticiaonline.com.br\/site\/prf-e-demuttran-promovem-acao-educativa-com-o-onibus-do-cinema-rodoviario\/\" \/>\n\t<meta name=\"generator\" content=\"All in One SEO (AIOSEO) 5.0.0.1\" \/>\n\t\t<meta property=\"og:locale\" content=\"pt_BR\" \/>\n\t\t<meta property=\"og:site_name\" content=\"A Not\u00edcia Online - Noticias de Muria\u00e9 e regi\u00e3o\" \/>\n\t\t<meta property=\"og:type\" content=\"article\" \/>\n\t\t<meta property=\"og:title\" content=\"PRF e Demuttran promovem a\u00e7\u00e3o educativa com o \u00d4nibus do Cinema Rodovi\u00e1rio - A Not\u00edcia Online\" \/>\n\t\t<meta property=\"og:description\" content=\"Um \u00f4nibus da Pol\u00edcia Rodovi\u00e1ria Federal (PRF) esteve em frente \u00e0 Igreja Matriz, no Centro de Muria\u00e9, na tarde de quinta-feira (21) para promover uma a\u00e7\u00e3o integrada de educa\u00e7\u00e3o no tr\u00e2nsito juntamente com o Departamento Municipal de Transportes e Tr\u00e2nsito de Muria\u00e9 (Demuttran). Dentro do ve\u00edculo, foram exibidos para estudantes de escolas p\u00fablicas e particulares v\u00eddeos\" \/>\n\t\t<meta property=\"og:url\" content=\"https:\/\/anoticiaonline.com.br\/site\/prf-e-demuttran-promovem-acao-educativa-com-o-onibus-do-cinema-rodoviario\/\" \/>\n\t\t<meta property=\"og:image\" content=\"https:\/\/scontent-gig4-1.xx.fbcdn.net\/v\/t39.30808-1\/270437624_4564083193639691_6907940295614233970_n.jpg?stp=dst-jpg_s200x200_tt6&#038;_nc_cat=111&#038;ccb=1-7&#038;_nc_sid=f907e8&#038;_nc_ohc=SM1wRlP3lJwQ7kNvwEPuBYA&#038;_nc_oc=AdnqrjDN_BNjSSHWO-GbkIWH6fkGMLw4bqvL_NH6e2wMveX7G-rP2dAqsDSq1mJMOaY&#038;_nc_zt=24&#038;_nc_ht=scontent-gig4-1.xx&#038;_nc_gid=AoBFJeGrT1hVaew_6rchkQ&#038;oh=00_AfX7QmFGhQhG2jAllVgXCiM1ZrWgvtp80-Bfppyexh1QEg&#038;oe=689E923C\" \/>\n\t\t<meta property=\"og:image:secure_url\" content=\"https:\/\/scontent-gig4-1.xx.fbcdn.net\/v\/t39.30808-1\/270437624_4564083193639691_6907940295614233970_n.jpg?stp=dst-jpg_s200x200_tt6&#038;_nc_cat=111&#038;ccb=1-7&#038;_nc_sid=f907e8&#038;_nc_ohc=SM1wRlP3lJwQ7kNvwEPuBYA&#038;_nc_oc=AdnqrjDN_BNjSSHWO-GbkIWH6fkGMLw4bqvL_NH6e2wMveX7G-rP2dAqsDSq1mJMOaY&#038;_nc_zt=24&#038;_nc_ht=scontent-gig4-1.xx&#038;_nc_gid=AoBFJeGrT1hVaew_6rchkQ&#038;oh=00_AfX7QmFGhQhG2jAllVgXCiM1ZrWgvtp80-Bfppyexh1QEg&#038;oe=689E923C\" \/>\n\t\t<meta property=\"article:published_time\" content=\"2017-09-21T22:59:41+00:00\" \/>\n\t\t<meta property=\"article:modified_time\" content=\"2017-09-21T22:59:41+00:00\" \/>\n\t\t<meta name=\"twitter:card\" content=\"summary_large_image\" \/>\n\t\t<meta name=\"twitter:title\" content=\"PRF e Demuttran promovem a\u00e7\u00e3o educativa com o \u00d4nibus do Cinema Rodovi\u00e1rio - A Not\u00edcia Online\" \/>\n\t\t<meta name=\"twitter:description\" content=\"Um \u00f4nibus da Pol\u00edcia Rodovi\u00e1ria Federal (PRF) esteve em frente \u00e0 Igreja Matriz, no Centro de Muria\u00e9, na tarde de quinta-feira (21) para promover uma a\u00e7\u00e3o integrada de educa\u00e7\u00e3o no tr\u00e2nsito juntamente com o Departamento Municipal de Transportes e Tr\u00e2nsito de Muria\u00e9 (Demuttran). Dentro do ve\u00edculo, foram exibidos para estudantes de escolas p\u00fablicas e particulares v\u00eddeos\" \/>\n\t\t<meta name=\"twitter:image\" content=\"https:\/\/scontent-gig4-1.xx.fbcdn.net\/v\/t39.30808-1\/270437624_4564083193639691_6907940295614233970_n.jpg?stp=dst-jpg_s200x200_tt6&amp;_nc_cat=111&amp;ccb=1-7&amp;_nc_sid=f907e8&amp;_nc_ohc=SM1wRlP3lJwQ7kNvwEPuBYA&amp;_nc_oc=AdnqrjDN_BNjSSHWO-GbkIWH6fkGMLw4bqvL_NH6e2wMveX7G-rP2dAqsDSq1mJMOaY&amp;_nc_zt=24&amp;_nc_ht=scontent-gig4-1.xx&amp;_nc_gid=AoBFJeGrT1hVaew_6rchkQ&amp;oh=00_AfX7QmFGhQhG2jAllVgXCiM1ZrWgvtp80-Bfppyexh1QEg&amp;oe=689E923C\" \/>\n\t\t<script type=\"application\/ld+json\" class=\"aioseo-schema\">\n\t\t\t{\"@context\":\"https:\\\/\\\/schema.org\",\"@graph\":[{\"@type\":\"BlogPosting\",\"@id\":\"https:\\\/\\\/anoticiaonline.com.br\\\/site\\\/prf-e-demuttran-promovem-acao-educativa-com-o-onibus-do-cinema-rodoviario\\\/#blogposting\",\"name\":\"PRF e Demuttran promovem a\\u00e7\\u00e3o educativa com o \\u00d4nibus do Cinema Rodovi\\u00e1rio - A Not\\u00edcia Online\",\"headline\":\"PRF e Demuttran promovem a\\u00e7\\u00e3o educativa com o \\u00d4nibus do Cinema Rodovi\\u00e1rio\",\"author\":{\"@id\":\"https:\\\/\\\/anoticiaonline.com.br\\\/site\\\/author\\\/juliana\\\/#author\"},\"publisher\":{\"@id\":\"https:\\\/\\\/anoticiaonline.com.br\\\/site\\\/#organization\"},\"image\":{\"@type\":\"ImageObject\",\"url\":\"https:\\\/\\\/anoticiaonline.com.br\\\/site\\\/wp-content\\\/uploads\\\/2017\\\/09\\\/PRF-e-Demuttran-promovem-a\\u00e7\\u00e3o-educativa-com-o-\\u00d4nibus-do-Cinema-Rodovi\\u00e1rio-2.jpg\",\"width\":640,\"height\":480},\"datePublished\":\"2017-09-21T19:59:41-03:00\",\"dateModified\":\"2017-09-21T19:59:41-03:00\",\"inLanguage\":\"pt-BR\",\"mainEntityOfPage\":{\"@id\":\"https:\\\/\\\/anoticiaonline.com.br\\\/site\\\/prf-e-demuttran-promovem-acao-educativa-com-o-onibus-do-cinema-rodoviario\\\/#webpage\"},\"isPartOf\":{\"@id\":\"https:\\\/\\\/anoticiaonline.com.br\\\/site\\\/prf-e-demuttran-promovem-acao-educativa-com-o-onibus-do-cinema-rodoviario\\\/#webpage\"},\"articleSection\":\"Blog, cinema, demuttran, Educa\\u00e7\\u00e3o, Muria\\u00e9, prf, seguran\\u00e7a, tr\\u00e2nsito\"},{\"@type\":\"BreadcrumbList\",\"@id\":\"https:\\\/\\\/anoticiaonline.com.br\\\/site\\\/prf-e-demuttran-promovem-acao-educativa-com-o-onibus-do-cinema-rodoviario\\\/#breadcrumblist\",\"itemListElement\":[{\"@type\":\"ListItem\",\"@id\":\"https:\\\/\\\/anoticiaonline.com.br\\\/site#listItem\",\"position\":1,\"name\":\"Home\",\"item\":\"https:\\\/\\\/anoticiaonline.com.br\\\/site\",\"nextItem\":{\"@type\":\"ListItem\",\"@id\":\"https:\\\/\\\/anoticiaonline.com.br\\\/site\\\/categoria\\\/muriae\\\/#listItem\",\"name\":\"Blog\"}},{\"@type\":\"ListItem\",\"@id\":\"https:\\\/\\\/anoticiaonline.com.br\\\/site\\\/categoria\\\/muriae\\\/#listItem\",\"position\":2,\"name\":\"Blog\",\"item\":\"https:\\\/\\\/anoticiaonline.com.br\\\/site\\\/categoria\\\/muriae\\\/\",\"nextItem\":{\"@type\":\"ListItem\",\"@id\":\"https:\\\/\\\/anoticiaonline.com.br\\\/site\\\/prf-e-demuttran-promovem-acao-educativa-com-o-onibus-do-cinema-rodoviario\\\/#listItem\",\"name\":\"PRF e Demuttran promovem a\\u00e7\\u00e3o educativa com o \\u00d4nibus do Cinema Rodovi\\u00e1rio\"},\"previousItem\":{\"@type\":\"ListItem\",\"@id\":\"https:\\\/\\\/anoticiaonline.com.br\\\/site#listItem\",\"name\":\"Home\"}},{\"@type\":\"ListItem\",\"@id\":\"https:\\\/\\\/anoticiaonline.com.br\\\/site\\\/prf-e-demuttran-promovem-acao-educativa-com-o-onibus-do-cinema-rodoviario\\\/#listItem\",\"position\":3,\"name\":\"PRF e Demuttran promovem a\\u00e7\\u00e3o educativa com o \\u00d4nibus do Cinema Rodovi\\u00e1rio\",\"previousItem\":{\"@type\":\"ListItem\",\"@id\":\"https:\\\/\\\/anoticiaonline.com.br\\\/site\\\/categoria\\\/muriae\\\/#listItem\",\"name\":\"Blog\"}}]},{\"@type\":\"Organization\",\"@id\":\"https:\\\/\\\/anoticiaonline.com.br\\\/site\\\/#organization\",\"name\":\"A Not\\u00edcia Online\",\"description\":\"Noticias de Muria\\u00e9 e regi\\u00e3o\",\"url\":\"https:\\\/\\\/anoticiaonline.com.br\\\/site\\\/\",\"logo\":{\"@type\":\"ImageObject\",\"url\":\"https:\\\/\\\/scontent-gig4-1.xx.fbcdn.net\\\/v\\\/t39.30808-1\\\/270437624_4564083193639691_6907940295614233970_n.jpg?stp=dst-jpg_s200x200_tt6&_nc_cat=111&ccb=1-7&_nc_sid=f907e8&_nc_ohc=SM1wRlP3lJwQ7kNvwEPuBYA&_nc_oc=AdnqrjDN_BNjSSHWO-GbkIWH6fkGMLw4bqvL_NH6e2wMveX7G-rP2dAqsDSq1mJMOaY&_nc_zt=24&_nc_ht=scontent-gig4-1.xx&_nc_gid=AoBFJeGrT1hVaew_6rchkQ&oh=00_AfX7QmFGhQhG2jAllVgXCiM1ZrWgvtp80-Bfppyexh1QEg&oe=689E923C\",\"@id\":\"https:\\\/\\\/anoticiaonline.com.br\\\/site\\\/prf-e-demuttran-promovem-acao-educativa-com-o-onibus-do-cinema-rodoviario\\\/#organizationLogo\"},\"image\":{\"@id\":\"https:\\\/\\\/anoticiaonline.com.br\\\/site\\\/prf-e-demuttran-promovem-acao-educativa-com-o-onibus-do-cinema-rodoviario\\\/#organizationLogo\"}},{\"@type\":\"Person\",\"@id\":\"https:\\\/\\\/anoticiaonline.com.br\\\/site\\\/author\\\/juliana\\\/#author\",\"url\":\"https:\\\/\\\/anoticiaonline.com.br\\\/site\\\/author\\\/juliana\\\/\",\"name\":\"Juliana Laviola\",\"image\":{\"@type\":\"ImageObject\",\"@id\":\"https:\\\/\\\/anoticiaonline.com.br\\\/site\\\/prf-e-demuttran-promovem-acao-educativa-com-o-onibus-do-cinema-rodoviario\\\/#authorImage\",\"url\":\"https:\\\/\\\/secure.gravatar.com\\\/avatar\\\/b8d45f5c699b100dfaf0e543582f38f38bf94cb7ae3a5e9abf8d891a34773335?s=96&d=mm&r=g\",\"width\":96,\"height\":96,\"caption\":\"Juliana Laviola\"}},{\"@type\":\"WebPage\",\"@id\":\"https:\\\/\\\/anoticiaonline.com.br\\\/site\\\/prf-e-demuttran-promovem-acao-educativa-com-o-onibus-do-cinema-rodoviario\\\/#webpage\",\"url\":\"https:\\\/\\\/anoticiaonline.com.br\\\/site\\\/prf-e-demuttran-promovem-acao-educativa-com-o-onibus-do-cinema-rodoviario\\\/\",\"name\":\"PRF e Demuttran promovem a\\u00e7\\u00e3o educativa com o \\u00d4nibus do Cinema Rodovi\\u00e1rio - A Not\\u00edcia Online\",\"description\":\"Um \\u00f4nibus da Pol\\u00edcia Rodovi\\u00e1ria Federal (PRF) esteve em frente \\u00e0 Igreja Matriz, no Centro de Muria\\u00e9, na tarde de quinta-feira (21) para promover uma a\\u00e7\\u00e3o integrada de educa\\u00e7\\u00e3o no tr\\u00e2nsito juntamente com o Departamento Municipal de Transportes e Tr\\u00e2nsito de Muria\\u00e9 (Demuttran). Dentro do ve\\u00edculo, foram exibidos para estudantes de escolas p\\u00fablicas e particulares v\\u00eddeos\",\"inLanguage\":\"pt-BR\",\"isPartOf\":{\"@id\":\"https:\\\/\\\/anoticiaonline.com.br\\\/site\\\/#website\"},\"breadcrumb\":{\"@id\":\"https:\\\/\\\/anoticiaonline.com.br\\\/site\\\/prf-e-demuttran-promovem-acao-educativa-com-o-onibus-do-cinema-rodoviario\\\/#breadcrumblist\"},\"author\":{\"@id\":\"https:\\\/\\\/anoticiaonline.com.br\\\/site\\\/author\\\/juliana\\\/#author\"},\"creator\":{\"@id\":\"https:\\\/\\\/anoticiaonline.com.br\\\/site\\\/author\\\/juliana\\\/#author\"},\"image\":{\"@type\":\"ImageObject\",\"url\":\"https:\\\/\\\/anoticiaonline.com.br\\\/site\\\/wp-content\\\/uploads\\\/2017\\\/09\\\/PRF-e-Demuttran-promovem-a\\u00e7\\u00e3o-educativa-com-o-\\u00d4nibus-do-Cinema-Rodovi\\u00e1rio-2.jpg\",\"@id\":\"https:\\\/\\\/anoticiaonline.com.br\\\/site\\\/prf-e-demuttran-promovem-acao-educativa-com-o-onibus-do-cinema-rodoviario\\\/#mainImage\",\"width\":640,\"height\":480},\"primaryImageOfPage\":{\"@id\":\"https:\\\/\\\/anoticiaonline.com.br\\\/site\\\/prf-e-demuttran-promovem-acao-educativa-com-o-onibus-do-cinema-rodoviario\\\/#mainImage\"},\"datePublished\":\"2017-09-21T19:59:41-03:00\",\"dateModified\":\"2017-09-21T19:59:41-03:00\"},{\"@type\":\"WebSite\",\"@id\":\"https:\\\/\\\/anoticiaonline.com.br\\\/site\\\/#website\",\"url\":\"https:\\\/\\\/anoticiaonline.com.br\\\/site\\\/\",\"name\":\"A Not\\u00edcia Online\",\"description\":\"Noticias de Muria\\u00e9 e regi\\u00e3o\",\"inLanguage\":\"pt-BR\",\"publisher\":{\"@id\":\"https:\\\/\\\/anoticiaonline.com.br\\\/site\\\/#organization\"}}]}\n\t\t<\/script>\n\t\t<!-- All in One SEO -->\n\n","aioseo_head_json":{"title":"PRF e Demuttran promovem a\u00e7\u00e3o educativa com o \u00d4nibus do Cinema Rodovi\u00e1rio - A Not\u00edcia Online","description":"Um \u00f4nibus da Pol\u00edcia Rodovi\u00e1ria Federal (PRF) esteve em frente \u00e0 Igreja Matriz, no Centro de Muria\u00e9, na tarde de quinta-feira (21) para promover uma a\u00e7\u00e3o integrada de educa\u00e7\u00e3o no tr\u00e2nsito juntamente com o Departamento Municipal de Transportes e Tr\u00e2nsito de Muria\u00e9 (Demuttran). Dentro do ve\u00edculo, foram exibidos para estudantes de escolas p\u00fablicas e particulares v\u00eddeos","canonical_url":"https:\/\/anoticiaonline.com.br\/site\/prf-e-demuttran-promovem-acao-educativa-com-o-onibus-do-cinema-rodoviario\/","robots":"max-image-preview:large","keywords":"","webmasterTools":{"miscellaneous":""},"schema":{"@context":"https:\/\/schema.org","@graph":[{"@type":"BlogPosting","@id":"https:\/\/anoticiaonline.com.br\/site\/prf-e-demuttran-promovem-acao-educativa-com-o-onibus-do-cinema-rodoviario\/#blogposting","name":"PRF e Demuttran promovem a\u00e7\u00e3o educativa com o \u00d4nibus do Cinema Rodovi\u00e1rio - A Not\u00edcia Online","headline":"PRF e Demuttran promovem a\u00e7\u00e3o educativa com o \u00d4nibus do Cinema Rodovi\u00e1rio","author":{"@id":"https:\/\/anoticiaonline.com.br\/site\/author\/juliana\/#author"},"publisher":{"@id":"https:\/\/anoticiaonline.com.br\/site\/#organization"},"image":{"@type":"ImageObject","url":"https:\/\/anoticiaonline.com.br\/site\/wp-content\/uploads\/2017\/09\/PRF-e-Demuttran-promovem-a\u00e7\u00e3o-educativa-com-o-\u00d4nibus-do-Cinema-Rodovi\u00e1rio-2.jpg","width":640,"height":480},"datePublished":"2017-09-21T19:59:41-03:00","dateModified":"2017-09-21T19:59:41-03:00","inLanguage":"pt-BR","mainEntityOfPage":{"@id":"https:\/\/anoticiaonline.com.br\/site\/prf-e-demuttran-promovem-acao-educativa-com-o-onibus-do-cinema-rodoviario\/#webpage"},"isPartOf":{"@id":"https:\/\/anoticiaonline.com.br\/site\/prf-e-demuttran-promovem-acao-educativa-com-o-onibus-do-cinema-rodoviario\/#webpage"},"articleSection":"Blog, cinema, demuttran, Educa\u00e7\u00e3o, Muria\u00e9, prf, seguran\u00e7a, tr\u00e2nsito"},{"@type":"BreadcrumbList","@id":"https:\/\/anoticiaonline.com.br\/site\/prf-e-demuttran-promovem-acao-educativa-com-o-onibus-do-cinema-rodoviario\/#breadcrumblist","itemListElement":[{"@type":"ListItem","@id":"https:\/\/anoticiaonline.com.br\/site#listItem","position":1,"name":"Home","item":"https:\/\/anoticiaonline.com.br\/site","nextItem":{"@type":"ListItem","@id":"https:\/\/anoticiaonline.com.br\/site\/categoria\/muriae\/#listItem","name":"Blog"}},{"@type":"ListItem","@id":"https:\/\/anoticiaonline.com.br\/site\/categoria\/muriae\/#listItem","position":2,"name":"Blog","item":"https:\/\/anoticiaonline.com.br\/site\/categoria\/muriae\/","nextItem":{"@type":"ListItem","@id":"https:\/\/anoticiaonline.com.br\/site\/prf-e-demuttran-promovem-acao-educativa-com-o-onibus-do-cinema-rodoviario\/#listItem","name":"PRF e Demuttran promovem a\u00e7\u00e3o educativa com o \u00d4nibus do Cinema Rodovi\u00e1rio"},"previousItem":{"@type":"ListItem","@id":"https:\/\/anoticiaonline.com.br\/site#listItem","name":"Home"}},{"@type":"ListItem","@id":"https:\/\/anoticiaonline.com.br\/site\/prf-e-demuttran-promovem-acao-educativa-com-o-onibus-do-cinema-rodoviario\/#listItem","position":3,"name":"PRF e Demuttran promovem a\u00e7\u00e3o educativa com o \u00d4nibus do Cinema Rodovi\u00e1rio","previousItem":{"@type":"ListItem","@id":"https:\/\/anoticiaonline.com.br\/site\/categoria\/muriae\/#listItem","name":"Blog"}}]},{"@type":"Organization","@id":"https:\/\/anoticiaonline.com.br\/site\/#organization","name":"A Not\u00edcia Online","description":"Noticias de Muria\u00e9 e regi\u00e3o","url":"https:\/\/anoticiaonline.com.br\/site\/","logo":{"@type":"ImageObject","url":"https:\/\/scontent-gig4-1.xx.fbcdn.net\/v\/t39.30808-1\/270437624_4564083193639691_6907940295614233970_n.jpg?stp=dst-jpg_s200x200_tt6&_nc_cat=111&ccb=1-7&_nc_sid=f907e8&_nc_ohc=SM1wRlP3lJwQ7kNvwEPuBYA&_nc_oc=AdnqrjDN_BNjSSHWO-GbkIWH6fkGMLw4bqvL_NH6e2wMveX7G-rP2dAqsDSq1mJMOaY&_nc_zt=24&_nc_ht=scontent-gig4-1.xx&_nc_gid=AoBFJeGrT1hVaew_6rchkQ&oh=00_AfX7QmFGhQhG2jAllVgXCiM1ZrWgvtp80-Bfppyexh1QEg&oe=689E923C","@id":"https:\/\/anoticiaonline.com.br\/site\/prf-e-demuttran-promovem-acao-educativa-com-o-onibus-do-cinema-rodoviario\/#organizationLogo"},"image":{"@id":"https:\/\/anoticiaonline.com.br\/site\/prf-e-demuttran-promovem-acao-educativa-com-o-onibus-do-cinema-rodoviario\/#organizationLogo"}},{"@type":"Person","@id":"https:\/\/anoticiaonline.com.br\/site\/author\/juliana\/#author","url":"https:\/\/anoticiaonline.com.br\/site\/author\/juliana\/","name":"Juliana Laviola","image":{"@type":"ImageObject","@id":"https:\/\/anoticiaonline.com.br\/site\/prf-e-demuttran-promovem-acao-educativa-com-o-onibus-do-cinema-rodoviario\/#authorImage","url":"https:\/\/secure.gravatar.com\/avatar\/b8d45f5c699b100dfaf0e543582f38f38bf94cb7ae3a5e9abf8d891a34773335?s=96&d=mm&r=g","width":96,"height":96,"caption":"Juliana Laviola"}},{"@type":"WebPage","@id":"https:\/\/anoticiaonline.com.br\/site\/prf-e-demuttran-promovem-acao-educativa-com-o-onibus-do-cinema-rodoviario\/#webpage","url":"https:\/\/anoticiaonline.com.br\/site\/prf-e-demuttran-promovem-acao-educativa-com-o-onibus-do-cinema-rodoviario\/","name":"PRF e Demuttran promovem a\u00e7\u00e3o educativa com o \u00d4nibus do Cinema Rodovi\u00e1rio - A Not\u00edcia Online","description":"Um \u00f4nibus da Pol\u00edcia Rodovi\u00e1ria Federal (PRF) esteve em frente \u00e0 Igreja Matriz, no Centro de Muria\u00e9, na tarde de quinta-feira (21) para promover uma a\u00e7\u00e3o integrada de educa\u00e7\u00e3o no tr\u00e2nsito juntamente com o Departamento Municipal de Transportes e Tr\u00e2nsito de Muria\u00e9 (Demuttran). Dentro do ve\u00edculo, foram exibidos para estudantes de escolas p\u00fablicas e particulares v\u00eddeos","inLanguage":"pt-BR","isPartOf":{"@id":"https:\/\/anoticiaonline.com.br\/site\/#website"},"breadcrumb":{"@id":"https:\/\/anoticiaonline.com.br\/site\/prf-e-demuttran-promovem-acao-educativa-com-o-onibus-do-cinema-rodoviario\/#breadcrumblist"},"author":{"@id":"https:\/\/anoticiaonline.com.br\/site\/author\/juliana\/#author"},"creator":{"@id":"https:\/\/anoticiaonline.com.br\/site\/author\/juliana\/#author"},"image":{"@type":"ImageObject","url":"https:\/\/anoticiaonline.com.br\/site\/wp-content\/uploads\/2017\/09\/PRF-e-Demuttran-promovem-a\u00e7\u00e3o-educativa-com-o-\u00d4nibus-do-Cinema-Rodovi\u00e1rio-2.jpg","@id":"https:\/\/anoticiaonline.com.br\/site\/prf-e-demuttran-promovem-acao-educativa-com-o-onibus-do-cinema-rodoviario\/#mainImage","width":640,"height":480},"primaryImageOfPage":{"@id":"https:\/\/anoticiaonline.com.br\/site\/prf-e-demuttran-promovem-acao-educativa-com-o-onibus-do-cinema-rodoviario\/#mainImage"},"datePublished":"2017-09-21T19:59:41-03:00","dateModified":"2017-09-21T19:59:41-03:00"},{"@type":"WebSite","@id":"https:\/\/anoticiaonline.com.br\/site\/#website","url":"https:\/\/anoticiaonline.com.br\/site\/","name":"A Not\u00edcia Online","description":"Noticias de Muria\u00e9 e regi\u00e3o","inLanguage":"pt-BR","publisher":{"@id":"https:\/\/anoticiaonline.com.br\/site\/#organization"}}]},"og:locale":"pt_BR","og:site_name":"A Not\u00edcia Online - Noticias de Muria\u00e9 e regi\u00e3o","og:type":"article","og:title":"PRF e Demuttran promovem a\u00e7\u00e3o educativa com o \u00d4nibus do Cinema Rodovi\u00e1rio - A Not\u00edcia Online","og:description":"Um \u00f4nibus da Pol\u00edcia Rodovi\u00e1ria Federal (PRF) esteve em frente \u00e0 Igreja Matriz, no Centro de Muria\u00e9, na tarde de quinta-feira (21) para promover uma a\u00e7\u00e3o integrada de educa\u00e7\u00e3o no tr\u00e2nsito juntamente com o Departamento Municipal de Transportes e Tr\u00e2nsito de Muria\u00e9 (Demuttran). Dentro do ve\u00edculo, foram exibidos para estudantes de escolas p\u00fablicas e particulares v\u00eddeos","og:url":"https:\/\/anoticiaonline.com.br\/site\/prf-e-demuttran-promovem-acao-educativa-com-o-onibus-do-cinema-rodoviario\/","og:image":"https:\/\/scontent-gig4-1.xx.fbcdn.net\/v\/t39.30808-1\/270437624_4564083193639691_6907940295614233970_n.jpg?stp=dst-jpg_s200x200_tt6&#038;_nc_cat=111&#038;ccb=1-7&#038;_nc_sid=f907e8&#038;_nc_ohc=SM1wRlP3lJwQ7kNvwEPuBYA&#038;_nc_oc=AdnqrjDN_BNjSSHWO-GbkIWH6fkGMLw4bqvL_NH6e2wMveX7G-rP2dAqsDSq1mJMOaY&#038;_nc_zt=24&#038;_nc_ht=scontent-gig4-1.xx&#038;_nc_gid=AoBFJeGrT1hVaew_6rchkQ&#038;oh=00_AfX7QmFGhQhG2jAllVgXCiM1ZrWgvtp80-Bfppyexh1QEg&#038;oe=689E923C","og:image:secure_url":"https:\/\/scontent-gig4-1.xx.fbcdn.net\/v\/t39.30808-1\/270437624_4564083193639691_6907940295614233970_n.jpg?stp=dst-jpg_s200x200_tt6&#038;_nc_cat=111&#038;ccb=1-7&#038;_nc_sid=f907e8&#038;_nc_ohc=SM1wRlP3lJwQ7kNvwEPuBYA&#038;_nc_oc=AdnqrjDN_BNjSSHWO-GbkIWH6fkGMLw4bqvL_NH6e2wMveX7G-rP2dAqsDSq1mJMOaY&#038;_nc_zt=24&#038;_nc_ht=scontent-gig4-1.xx&#038;_nc_gid=AoBFJeGrT1hVaew_6rchkQ&#038;oh=00_AfX7QmFGhQhG2jAllVgXCiM1ZrWgvtp80-Bfppyexh1QEg&#038;oe=689E923C","article:published_time":"2017-09-21T22:59:41+00:00","article:modified_time":"2017-09-21T22:59:41+00:00","twitter:card":"summary_large_image","twitter:title":"PRF e Demuttran promovem a\u00e7\u00e3o educativa com o \u00d4nibus do Cinema Rodovi\u00e1rio - A Not\u00edcia Online","twitter:description":"Um \u00f4nibus da Pol\u00edcia Rodovi\u00e1ria Federal (PRF) esteve em frente \u00e0 Igreja Matriz, no Centro de Muria\u00e9, na tarde de quinta-feira (21) para promover uma a\u00e7\u00e3o integrada de educa\u00e7\u00e3o no tr\u00e2nsito juntamente com o Departamento Municipal de Transportes e Tr\u00e2nsito de Muria\u00e9 (Demuttran). Dentro do ve\u00edculo, foram exibidos para estudantes de escolas p\u00fablicas e particulares v\u00eddeos","twitter:image":"https:\/\/scontent-gig4-1.xx.fbcdn.net\/v\/t39.30808-1\/270437624_4564083193639691_6907940295614233970_n.jpg?stp=dst-jpg_s200x200_tt6&_nc_cat=111&ccb=1-7&_nc_sid=f907e8&_nc_ohc=SM1wRlP3lJwQ7kNvwEPuBYA&_nc_oc=AdnqrjDN_BNjSSHWO-GbkIWH6fkGMLw4bqvL_NH6e2wMveX7G-rP2dAqsDSq1mJMOaY&_nc_zt=24&_nc_ht=scontent-gig4-1.xx&_nc_gid=AoBFJeGrT1hVaew_6rchkQ&oh=00_AfX7QmFGhQhG2jAllVgXCiM1ZrWgvtp80-Bfppyexh1QEg&oe=689E923C"},"aioseo_meta_data":{"post_id":"41117","title":null,"description":null,"keywords":null,"keyphrases":null,"primary_term":null,"canonical_url":null,"og_title":null,"og_description":null,"og_object_type":"default","og_image_type":"default","og_image_url":null,"og_image_width":null,"og_image_height":null,"og_image_custom_url":null,"og_image_custom_fields":null,"og_video":null,"og_custom_url":null,"og_article_section":null,"og_article_tags":null,"twitter_use_og":false,"twitter_card":"default","twitter_image_type":"default","twitter_image_url":null,"twitter_image_custom_url":null,"twitter_image_custom_fields":null,"twitter_title":null,"twitter_description":null,"schema":{"blockGraphs":[],"customGraphs":[],"default":{"data":{"Article":[],"Course":[],"Dataset":[],"FAQPage":[],"Movie":[],"Person":[],"Product":[],"ProductReview":[],"Car":[],"Recipe":[],"Service":[],"SoftwareApplication":[],"WebPage":[]},"graphName":"","isEnabled":true},"graphs":[]},"schema_type":"default","schema_type_options":null,"pillar_content":false,"robots_default":true,"robots_noindex":false,"robots_noarchive":false,"robots_nosnippet":false,"robots_nofollow":false,"robots_noimageindex":false,"robots_noodp":false,"robots_notranslate":false,"robots_max_snippet":null,"robots_max_videopreview":null,"robots_max_imagepreview":"large","priority":null,"frequency":null,"local_seo":null,"breadcrumb_settings":null,"limit_modified_date":false,"ai":null,"created":"2025-08-16 19:30:29","updated":"2025-08-16 19:30:29","focus_keyword":null,"additional_keywords":null,"truseo_locale":null,"seo_analyzer_scan_date":null},"aioseo_breadcrumb":"<div class=\"aioseo-breadcrumbs\"><span class=\"aioseo-breadcrumb\">\n\t\t\t<a href=\"https:\/\/anoticiaonline.com.br\/site\" title=\"Home\">Home<\/a>\n\t\t<\/span><span class=\"aioseo-breadcrumb-separator\">&raquo;<\/span><span class=\"aioseo-breadcrumb\">\n\t\t\t<a href=\"https:\/\/anoticiaonline.com.br\/site\/categoria\/muriae\/\" title=\"Blog\">Blog<\/a>\n\t\t<\/span><span class=\"aioseo-breadcrumb-separator\">&raquo;<\/span><span class=\"aioseo-breadcrumb\">\n\t\t\tPRF e Demuttran promovem a\u00e7\u00e3o educativa com o \u00d4nibus do Cinema Rodovi\u00e1rio\n\t\t<\/span><\/div>","aioseo_breadcrumb_json":[{"label":"Home","link":"https:\/\/anoticiaonline.com.br\/site"},{"label":"Blog","link":"https:\/\/anoticiaonline.com.br\/site\/categoria\/muriae\/"},{"label":"PRF e Demuttran promovem a\u00e7\u00e3o educativa com o \u00d4nibus do Cinema Rodovi\u00e1rio","link":"https:\/\/anoticiaonline.com.br\/site\/prf-e-demuttran-promovem-acao-educativa-com-o-onibus-do-cinema-rodoviario\/"}],"views":122,"_links":{"self":[{"href":"https:\/\/anoticiaonline.com.br\/site\/wp-json\/wp\/v2\/posts\/41117","targetHints":{"allow":["GET"]}}],"collection":[{"href":"https:\/\/anoticiaonline.com.br\/site\/wp-json\/wp\/v2\/posts"}],"about":[{"href":"https:\/\/anoticiaonline.com.br\/site\/wp-json\/wp\/v2\/types\/post"}],"author":[{"embeddable":true,"href":"https:\/\/anoticiaonline.com.br\/site\/wp-json\/wp\/v2\/users\/2"}],"replies":[{"embeddable":true,"href":"https:\/\/anoticiaonline.com.br\/site\/wp-json\/wp\/v2\/comments?post=41117"}],"version-history":[{"count":0,"href":"https:\/\/anoticiaonline.com.br\/site\/wp-json\/wp\/v2\/posts\/41117\/revisions"}],"wp:featuredmedia":[{"embeddable":true,"href":"https:\/\/anoticiaonline.com.br\/site\/wp-json\/wp\/v2\/media\/41118"}],"wp:attachment":[{"href":"https:\/\/anoticiaonline.com.br\/site\/wp-json\/wp\/v2\/media?parent=41117"}],"wp:term":[{"taxonomy":"category","embeddable":true,"href":"https:\/\/anoticiaonline.com.br\/site\/wp-json\/wp\/v2\/categories?post=41117"},{"taxonomy":"post_tag","embeddable":true,"href":"https:\/\/anoticiaonline.com.br\/site\/wp-json\/wp\/v2\/tags?post=41117"}],"curies":[{"name":"wp","href":"https:\/\/api.w.org\/{rel}","templated":true}]}}