{"id":4094,"date":"2015-09-24T19:39:11","date_gmt":"2015-09-24T22:39:11","guid":{"rendered":"http:\/\/anoticiaonline.com.br\/site\/?p=4094"},"modified":"2015-09-24T19:39:11","modified_gmt":"2015-09-24T22:39:11","slug":"paz-fruto-da-justica-da-liberdade-da-caridade-e-da-verdade","status":"publish","type":"post","link":"https:\/\/anoticiaonline.com.br\/site\/paz-fruto-da-justica-da-liberdade-da-caridade-e-da-verdade\/","title":{"rendered":"Paz, fruto da justi\u00e7a, da liberdade, da caridade e da verdade"},"content":{"rendered":"<p>A Confer\u00eancia Nacional dos Bispos do Brasil (CNBB), em maio do ano passado, frente \u00e0 crescente onda de viol\u00eancia em todo o pa\u00eds, estabeleceu 2015 como \u201cano da paz\u201d. O intuito seria gerar no cora\u00e7\u00e3o de toda a sociedade, e n\u00e3o somente da Igreja Cat\u00f3lica, uma iniciativa de paz, fundamentada na justi\u00e7a, na liberdade, na caridade e na verdade.<\/p>\n<p>N\u00e3o \u00e9 nada f\u00e1cil gerar uma \u201ccultura\u201d da paz, fortemente edificada sobre tais valores em uma sociedade dividida. O prazer, o poder e o ter, as tr\u00eas tenta\u00e7\u00f5es de Jesus no deserto, continuam sendo, em todos os tempos da hist\u00f3ria humana, as mais atenuadoras tenta\u00e7\u00f5es que t\u00eam seduzido e devorado as rela\u00e7\u00f5es. No evangelho de domingo, atrav\u00e9s de um fato concreto e do coment\u00e1rio do disc\u00edpulo Jo\u00e3o (\u201cMestre, vimos um homem expulsando dem\u00f4nio em teu nome e lhe proibimos por n\u00e3o fazer parte de seus seguidores\u201d), Jesus nos deixa tr\u00eas ensinamentos bem s\u00f3lidos. O primeiro \u00e9 que o reino \u00e9 muito maior do que uma igreja, um grupo ou at\u00e9 mesmo uma entidade ou coisas afins; aqueles que agem em favor do bem somam, e n\u00e3o subtraem. O segundo ensinamento \u00e9 que os disc\u00edpulos nunca devam tomar atitudes que escandalizem os pequeninos, aqueles que t\u00eam a primazia no reino de Deus. Infelizmente, vemos tantos \u201cdisc\u00edpulos\u201d, ou seja, seguidores, fazendo divis\u00f5es, brigando pelo poder, vivendo pelo prazer e pelo ter, tratando mau os irm\u00e3os, tomando decis\u00f5es que envergonham e desonram o nome de crist\u00e3os. Tais \u201cesc\u00e2ndalos\u201d ou decis\u00f5es induzem ao descr\u00e9dito da proposta de Jesus e, ao mesmo tempo, afasta muitos de aderirem aos projetos de Jesus. Por fim, Jesus ensina-nos a cortar pela raiz todos os desejos e sentimentos que nos afastam de seu seguimento e de sua proposta. A proposta de Jesus s\u00e3o gestos de pessoas de boa vontade, que agem para a constru\u00e7\u00e3o de um mundo melhor e mais humano, mais justo e mais fraterno.<\/p>\n<p>No domingo, 4 de outubro, estar\u00e1 acontecendo uma convoca\u00e7\u00e3o em massa a toda a nossa sociedade muriaeense para uma caminhada pela paz. Todas as igrejas crist\u00e3s e pessoas de boa vontade. N\u00e3o era este o desejo de nossos bispos, somente. O certo seria a realiza\u00e7\u00e3o de um f\u00f3rum social, de abordagem nas escolas, nas comunidades, nas associa\u00e7\u00f5es de bairro e, a\u00ed sim, como resultado de um caminho percorrido, a converg\u00eancia com um manifesto p\u00fablico que gerasse meios e caminhos para a paz em nossa sociedade. Mas, se come\u00e7amos pelo fim, est\u00e1 \u00f3timo. O importante \u00e9 come\u00e7armos. Que n\u00e3o morra nesta caminhada este sonho da CNBB, e como diz a g\u00edria dos jovens: que estejamos todos juntos nesta luta que conta com todos n\u00f3s.<\/p>\n<p>Louvado seja nosso Senhor Jesus Cristo.<\/p>\n","protected":false},"excerpt":{"rendered":"<p>A Confer\u00eancia Nacional dos Bispos do Brasil (CNBB), em maio do ano passado, frente \u00e0 crescente onda de viol\u00eancia em todo o pa\u00eds, estabeleceu 2015 como \u201cano da paz\u201d. O intuito seria gerar no cora\u00e7\u00e3o de toda a sociedade, e n\u00e3o somente da Igreja Cat\u00f3lica, uma iniciativa de paz, fundamentada na justi\u00e7a, na liberdade, na &#8230; <a title=\"Paz, fruto da justi\u00e7a, da liberdade, da caridade e da verdade\" class=\"read-more\" href=\"https:\/\/anoticiaonline.com.br\/site\/paz-fruto-da-justica-da-liberdade-da-caridade-e-da-verdade\/\" aria-label=\"Read more about Paz, fruto da justi\u00e7a, da liberdade, da caridade e da verdade\">Ler mais<\/a><\/p>\n","protected":false},"author":2,"featured_media":0,"comment_status":"open","ping_status":"open","sticky":false,"template":"","format":"standard","meta":{"_acf_changed":false,"_monsterinsights_skip_tracking":false,"footnotes":""},"categories":[32],"tags":[],"class_list":["post-4094","post","type-post","status-publish","format-standard","hentry","category-vida-e-reflexao-padre-silas-geraldo-paroquia-nossa-senhora-aparecida"],"acf":[],"aioseo_notices":[],"aioseo_head":"\n\t\t<!-- All in One SEO 5.0.0.1 - aioseo.com -->\n\t<meta name=\"description\" content=\"A Confer\u00eancia Nacional dos Bispos do Brasil (CNBB), em maio do ano passado, frente \u00e0 crescente onda de viol\u00eancia em todo o pa\u00eds, estabeleceu 2015 como \u201cano da paz\u201d. O intuito seria gerar no cora\u00e7\u00e3o de toda a sociedade, e n\u00e3o somente da Igreja Cat\u00f3lica, uma iniciativa de paz, fundamentada na justi\u00e7a, na liberdade, na\" \/>\n\t<meta name=\"robots\" content=\"max-image-preview:large\" \/>\n\t<meta name=\"author\" content=\"Juliana Laviola\"\/>\n\t<link rel=\"canonical\" href=\"https:\/\/anoticiaonline.com.br\/site\/paz-fruto-da-justica-da-liberdade-da-caridade-e-da-verdade\/\" \/>\n\t<meta name=\"generator\" content=\"All in One SEO (AIOSEO) 5.0.0.1\" \/>\n\t\t<meta property=\"og:locale\" content=\"pt_BR\" \/>\n\t\t<meta property=\"og:site_name\" content=\"A Not\u00edcia Online - Noticias de Muria\u00e9 e regi\u00e3o\" \/>\n\t\t<meta property=\"og:type\" content=\"article\" \/>\n\t\t<meta property=\"og:title\" content=\"Paz, fruto da justi\u00e7a, da liberdade, da caridade e da verdade - A Not\u00edcia Online\" \/>\n\t\t<meta property=\"og:description\" content=\"A Confer\u00eancia Nacional dos Bispos do Brasil (CNBB), em maio do ano passado, frente \u00e0 crescente onda de viol\u00eancia em todo o pa\u00eds, estabeleceu 2015 como \u201cano da paz\u201d. O intuito seria gerar no cora\u00e7\u00e3o de toda a sociedade, e n\u00e3o somente da Igreja Cat\u00f3lica, uma iniciativa de paz, fundamentada na justi\u00e7a, na liberdade, na\" \/>\n\t\t<meta property=\"og:url\" content=\"https:\/\/anoticiaonline.com.br\/site\/paz-fruto-da-justica-da-liberdade-da-caridade-e-da-verdade\/\" \/>\n\t\t<meta property=\"og:image\" content=\"https:\/\/scontent-gig4-1.xx.fbcdn.net\/v\/t39.30808-1\/270437624_4564083193639691_6907940295614233970_n.jpg?stp=dst-jpg_s200x200_tt6&#038;_nc_cat=111&#038;ccb=1-7&#038;_nc_sid=f907e8&#038;_nc_ohc=SM1wRlP3lJwQ7kNvwEPuBYA&#038;_nc_oc=AdnqrjDN_BNjSSHWO-GbkIWH6fkGMLw4bqvL_NH6e2wMveX7G-rP2dAqsDSq1mJMOaY&#038;_nc_zt=24&#038;_nc_ht=scontent-gig4-1.xx&#038;_nc_gid=AoBFJeGrT1hVaew_6rchkQ&#038;oh=00_AfX7QmFGhQhG2jAllVgXCiM1ZrWgvtp80-Bfppyexh1QEg&#038;oe=689E923C\" \/>\n\t\t<meta property=\"og:image:secure_url\" content=\"https:\/\/scontent-gig4-1.xx.fbcdn.net\/v\/t39.30808-1\/270437624_4564083193639691_6907940295614233970_n.jpg?stp=dst-jpg_s200x200_tt6&#038;_nc_cat=111&#038;ccb=1-7&#038;_nc_sid=f907e8&#038;_nc_ohc=SM1wRlP3lJwQ7kNvwEPuBYA&#038;_nc_oc=AdnqrjDN_BNjSSHWO-GbkIWH6fkGMLw4bqvL_NH6e2wMveX7G-rP2dAqsDSq1mJMOaY&#038;_nc_zt=24&#038;_nc_ht=scontent-gig4-1.xx&#038;_nc_gid=AoBFJeGrT1hVaew_6rchkQ&#038;oh=00_AfX7QmFGhQhG2jAllVgXCiM1ZrWgvtp80-Bfppyexh1QEg&#038;oe=689E923C\" \/>\n\t\t<meta property=\"article:published_time\" content=\"2015-09-24T22:39:11+00:00\" \/>\n\t\t<meta property=\"article:modified_time\" content=\"2015-09-24T22:39:11+00:00\" \/>\n\t\t<meta name=\"twitter:card\" content=\"summary_large_image\" \/>\n\t\t<meta name=\"twitter:title\" content=\"Paz, fruto da justi\u00e7a, da liberdade, da caridade e da verdade - A Not\u00edcia Online\" \/>\n\t\t<meta name=\"twitter:description\" content=\"A Confer\u00eancia Nacional dos Bispos do Brasil (CNBB), em maio do ano passado, frente \u00e0 crescente onda de viol\u00eancia em todo o pa\u00eds, estabeleceu 2015 como \u201cano da paz\u201d. O intuito seria gerar no cora\u00e7\u00e3o de toda a sociedade, e n\u00e3o somente da Igreja Cat\u00f3lica, uma iniciativa de paz, fundamentada na justi\u00e7a, na liberdade, na\" \/>\n\t\t<meta name=\"twitter:image\" content=\"https:\/\/scontent-gig4-1.xx.fbcdn.net\/v\/t39.30808-1\/270437624_4564083193639691_6907940295614233970_n.jpg?stp=dst-jpg_s200x200_tt6&amp;_nc_cat=111&amp;ccb=1-7&amp;_nc_sid=f907e8&amp;_nc_ohc=SM1wRlP3lJwQ7kNvwEPuBYA&amp;_nc_oc=AdnqrjDN_BNjSSHWO-GbkIWH6fkGMLw4bqvL_NH6e2wMveX7G-rP2dAqsDSq1mJMOaY&amp;_nc_zt=24&amp;_nc_ht=scontent-gig4-1.xx&amp;_nc_gid=AoBFJeGrT1hVaew_6rchkQ&amp;oh=00_AfX7QmFGhQhG2jAllVgXCiM1ZrWgvtp80-Bfppyexh1QEg&amp;oe=689E923C\" \/>\n\t\t<script type=\"application\/ld+json\" class=\"aioseo-schema\">\n\t\t\t{\"@context\":\"https:\\\/\\\/schema.org\",\"@graph\":[{\"@type\":\"BlogPosting\",\"@id\":\"https:\\\/\\\/anoticiaonline.com.br\\\/site\\\/paz-fruto-da-justica-da-liberdade-da-caridade-e-da-verdade\\\/#blogposting\",\"name\":\"Paz, fruto da justi\\u00e7a, da liberdade, da caridade e da verdade - A Not\\u00edcia Online\",\"headline\":\"Paz, fruto da justi\\u00e7a, da liberdade, da caridade e da verdade\",\"author\":{\"@id\":\"https:\\\/\\\/anoticiaonline.com.br\\\/site\\\/author\\\/juliana\\\/#author\"},\"publisher\":{\"@id\":\"https:\\\/\\\/anoticiaonline.com.br\\\/site\\\/#organization\"},\"image\":{\"@type\":\"ImageObject\",\"url\":\"https:\\\/\\\/scontent-gig4-1.xx.fbcdn.net\\\/v\\\/t39.30808-1\\\/270437624_4564083193639691_6907940295614233970_n.jpg?stp=dst-jpg_s200x200_tt6&_nc_cat=111&ccb=1-7&_nc_sid=f907e8&_nc_ohc=SM1wRlP3lJwQ7kNvwEPuBYA&_nc_oc=AdnqrjDN_BNjSSHWO-GbkIWH6fkGMLw4bqvL_NH6e2wMveX7G-rP2dAqsDSq1mJMOaY&_nc_zt=24&_nc_ht=scontent-gig4-1.xx&_nc_gid=AoBFJeGrT1hVaew_6rchkQ&oh=00_AfX7QmFGhQhG2jAllVgXCiM1ZrWgvtp80-Bfppyexh1QEg&oe=689E923C\",\"@id\":\"https:\\\/\\\/anoticiaonline.com.br\\\/site\\\/#articleImage\"},\"datePublished\":\"2015-09-24T19:39:11-03:00\",\"dateModified\":\"2015-09-24T19:39:11-03:00\",\"inLanguage\":\"pt-BR\",\"mainEntityOfPage\":{\"@id\":\"https:\\\/\\\/anoticiaonline.com.br\\\/site\\\/paz-fruto-da-justica-da-liberdade-da-caridade-e-da-verdade\\\/#webpage\"},\"isPartOf\":{\"@id\":\"https:\\\/\\\/anoticiaonline.com.br\\\/site\\\/paz-fruto-da-justica-da-liberdade-da-caridade-e-da-verdade\\\/#webpage\"},\"articleSection\":\"Vida e Reflex\\u00e3o - Padre Silas Geraldo - Par\\u00f3quia Nossa Senhora Aparecida\"},{\"@type\":\"BreadcrumbList\",\"@id\":\"https:\\\/\\\/anoticiaonline.com.br\\\/site\\\/paz-fruto-da-justica-da-liberdade-da-caridade-e-da-verdade\\\/#breadcrumblist\",\"itemListElement\":[{\"@type\":\"ListItem\",\"@id\":\"https:\\\/\\\/anoticiaonline.com.br\\\/site#listItem\",\"position\":1,\"name\":\"Home\",\"item\":\"https:\\\/\\\/anoticiaonline.com.br\\\/site\",\"nextItem\":{\"@type\":\"ListItem\",\"@id\":\"https:\\\/\\\/anoticiaonline.com.br\\\/site\\\/categoria\\\/colunistas\\\/#listItem\",\"name\":\"Colunistas\"}},{\"@type\":\"ListItem\",\"@id\":\"https:\\\/\\\/anoticiaonline.com.br\\\/site\\\/categoria\\\/colunistas\\\/#listItem\",\"position\":2,\"name\":\"Colunistas\",\"item\":\"https:\\\/\\\/anoticiaonline.com.br\\\/site\\\/categoria\\\/colunistas\\\/\",\"nextItem\":{\"@type\":\"ListItem\",\"@id\":\"https:\\\/\\\/anoticiaonline.com.br\\\/site\\\/categoria\\\/colunistas\\\/vida-e-reflexao-padre-silas-geraldo-paroquia-nossa-senhora-aparecida\\\/#listItem\",\"name\":\"Vida e Reflex\\u00e3o - Padre Silas Geraldo - Par\\u00f3quia Nossa Senhora Aparecida\"},\"previousItem\":{\"@type\":\"ListItem\",\"@id\":\"https:\\\/\\\/anoticiaonline.com.br\\\/site#listItem\",\"name\":\"Home\"}},{\"@type\":\"ListItem\",\"@id\":\"https:\\\/\\\/anoticiaonline.com.br\\\/site\\\/categoria\\\/colunistas\\\/vida-e-reflexao-padre-silas-geraldo-paroquia-nossa-senhora-aparecida\\\/#listItem\",\"position\":3,\"name\":\"Vida e Reflex\\u00e3o - Padre Silas Geraldo - Par\\u00f3quia Nossa Senhora Aparecida\",\"item\":\"https:\\\/\\\/anoticiaonline.com.br\\\/site\\\/categoria\\\/colunistas\\\/vida-e-reflexao-padre-silas-geraldo-paroquia-nossa-senhora-aparecida\\\/\",\"nextItem\":{\"@type\":\"ListItem\",\"@id\":\"https:\\\/\\\/anoticiaonline.com.br\\\/site\\\/paz-fruto-da-justica-da-liberdade-da-caridade-e-da-verdade\\\/#listItem\",\"name\":\"Paz, fruto da justi\\u00e7a, da liberdade, da caridade e da verdade\"},\"previousItem\":{\"@type\":\"ListItem\",\"@id\":\"https:\\\/\\\/anoticiaonline.com.br\\\/site\\\/categoria\\\/colunistas\\\/#listItem\",\"name\":\"Colunistas\"}},{\"@type\":\"ListItem\",\"@id\":\"https:\\\/\\\/anoticiaonline.com.br\\\/site\\\/paz-fruto-da-justica-da-liberdade-da-caridade-e-da-verdade\\\/#listItem\",\"position\":4,\"name\":\"Paz, fruto da justi\\u00e7a, da liberdade, da caridade e da verdade\",\"previousItem\":{\"@type\":\"ListItem\",\"@id\":\"https:\\\/\\\/anoticiaonline.com.br\\\/site\\\/categoria\\\/colunistas\\\/vida-e-reflexao-padre-silas-geraldo-paroquia-nossa-senhora-aparecida\\\/#listItem\",\"name\":\"Vida e Reflex\\u00e3o - Padre Silas Geraldo - Par\\u00f3quia Nossa Senhora Aparecida\"}}]},{\"@type\":\"Organization\",\"@id\":\"https:\\\/\\\/anoticiaonline.com.br\\\/site\\\/#organization\",\"name\":\"A Not\\u00edcia Online\",\"description\":\"Noticias de Muria\\u00e9 e regi\\u00e3o\",\"url\":\"https:\\\/\\\/anoticiaonline.com.br\\\/site\\\/\",\"logo\":{\"@type\":\"ImageObject\",\"url\":\"https:\\\/\\\/scontent-gig4-1.xx.fbcdn.net\\\/v\\\/t39.30808-1\\\/270437624_4564083193639691_6907940295614233970_n.jpg?stp=dst-jpg_s200x200_tt6&_nc_cat=111&ccb=1-7&_nc_sid=f907e8&_nc_ohc=SM1wRlP3lJwQ7kNvwEPuBYA&_nc_oc=AdnqrjDN_BNjSSHWO-GbkIWH6fkGMLw4bqvL_NH6e2wMveX7G-rP2dAqsDSq1mJMOaY&_nc_zt=24&_nc_ht=scontent-gig4-1.xx&_nc_gid=AoBFJeGrT1hVaew_6rchkQ&oh=00_AfX7QmFGhQhG2jAllVgXCiM1ZrWgvtp80-Bfppyexh1QEg&oe=689E923C\",\"@id\":\"https:\\\/\\\/anoticiaonline.com.br\\\/site\\\/paz-fruto-da-justica-da-liberdade-da-caridade-e-da-verdade\\\/#organizationLogo\"},\"image\":{\"@id\":\"https:\\\/\\\/anoticiaonline.com.br\\\/site\\\/paz-fruto-da-justica-da-liberdade-da-caridade-e-da-verdade\\\/#organizationLogo\"}},{\"@type\":\"Person\",\"@id\":\"https:\\\/\\\/anoticiaonline.com.br\\\/site\\\/author\\\/juliana\\\/#author\",\"url\":\"https:\\\/\\\/anoticiaonline.com.br\\\/site\\\/author\\\/juliana\\\/\",\"name\":\"Juliana Laviola\",\"image\":{\"@type\":\"ImageObject\",\"@id\":\"https:\\\/\\\/anoticiaonline.com.br\\\/site\\\/paz-fruto-da-justica-da-liberdade-da-caridade-e-da-verdade\\\/#authorImage\",\"url\":\"https:\\\/\\\/secure.gravatar.com\\\/avatar\\\/b8d45f5c699b100dfaf0e543582f38f38bf94cb7ae3a5e9abf8d891a34773335?s=96&d=mm&r=g\",\"width\":96,\"height\":96,\"caption\":\"Juliana Laviola\"}},{\"@type\":\"WebPage\",\"@id\":\"https:\\\/\\\/anoticiaonline.com.br\\\/site\\\/paz-fruto-da-justica-da-liberdade-da-caridade-e-da-verdade\\\/#webpage\",\"url\":\"https:\\\/\\\/anoticiaonline.com.br\\\/site\\\/paz-fruto-da-justica-da-liberdade-da-caridade-e-da-verdade\\\/\",\"name\":\"Paz, fruto da justi\\u00e7a, da liberdade, da caridade e da verdade - A Not\\u00edcia Online\",\"description\":\"A Confer\\u00eancia Nacional dos Bispos do Brasil (CNBB), em maio do ano passado, frente \\u00e0 crescente onda de viol\\u00eancia em todo o pa\\u00eds, estabeleceu 2015 como \\u201cano da paz\\u201d. O intuito seria gerar no cora\\u00e7\\u00e3o de toda a sociedade, e n\\u00e3o somente da Igreja Cat\\u00f3lica, uma iniciativa de paz, fundamentada na justi\\u00e7a, na liberdade, na\",\"inLanguage\":\"pt-BR\",\"isPartOf\":{\"@id\":\"https:\\\/\\\/anoticiaonline.com.br\\\/site\\\/#website\"},\"breadcrumb\":{\"@id\":\"https:\\\/\\\/anoticiaonline.com.br\\\/site\\\/paz-fruto-da-justica-da-liberdade-da-caridade-e-da-verdade\\\/#breadcrumblist\"},\"author\":{\"@id\":\"https:\\\/\\\/anoticiaonline.com.br\\\/site\\\/author\\\/juliana\\\/#author\"},\"creator\":{\"@id\":\"https:\\\/\\\/anoticiaonline.com.br\\\/site\\\/author\\\/juliana\\\/#author\"},\"datePublished\":\"2015-09-24T19:39:11-03:00\",\"dateModified\":\"2015-09-24T19:39:11-03:00\"},{\"@type\":\"WebSite\",\"@id\":\"https:\\\/\\\/anoticiaonline.com.br\\\/site\\\/#website\",\"url\":\"https:\\\/\\\/anoticiaonline.com.br\\\/site\\\/\",\"name\":\"A Not\\u00edcia Online\",\"description\":\"Noticias de Muria\\u00e9 e regi\\u00e3o\",\"inLanguage\":\"pt-BR\",\"publisher\":{\"@id\":\"https:\\\/\\\/anoticiaonline.com.br\\\/site\\\/#organization\"}}]}\n\t\t<\/script>\n\t\t<!-- All in One SEO -->\n\n","aioseo_head_json":{"title":"Paz, fruto da justi\u00e7a, da liberdade, da caridade e da verdade - A Not\u00edcia Online","description":"A Confer\u00eancia Nacional dos Bispos do Brasil (CNBB), em maio do ano passado, frente \u00e0 crescente onda de viol\u00eancia em todo o pa\u00eds, estabeleceu 2015 como \u201cano da paz\u201d. O intuito seria gerar no cora\u00e7\u00e3o de toda a sociedade, e n\u00e3o somente da Igreja Cat\u00f3lica, uma iniciativa de paz, fundamentada na justi\u00e7a, na liberdade, na","canonical_url":"https:\/\/anoticiaonline.com.br\/site\/paz-fruto-da-justica-da-liberdade-da-caridade-e-da-verdade\/","robots":"max-image-preview:large","keywords":"","webmasterTools":{"miscellaneous":""},"schema":{"@context":"https:\/\/schema.org","@graph":[{"@type":"BlogPosting","@id":"https:\/\/anoticiaonline.com.br\/site\/paz-fruto-da-justica-da-liberdade-da-caridade-e-da-verdade\/#blogposting","name":"Paz, fruto da justi\u00e7a, da liberdade, da caridade e da verdade - A Not\u00edcia Online","headline":"Paz, fruto da justi\u00e7a, da liberdade, da caridade e da verdade","author":{"@id":"https:\/\/anoticiaonline.com.br\/site\/author\/juliana\/#author"},"publisher":{"@id":"https:\/\/anoticiaonline.com.br\/site\/#organization"},"image":{"@type":"ImageObject","url":"https:\/\/scontent-gig4-1.xx.fbcdn.net\/v\/t39.30808-1\/270437624_4564083193639691_6907940295614233970_n.jpg?stp=dst-jpg_s200x200_tt6&_nc_cat=111&ccb=1-7&_nc_sid=f907e8&_nc_ohc=SM1wRlP3lJwQ7kNvwEPuBYA&_nc_oc=AdnqrjDN_BNjSSHWO-GbkIWH6fkGMLw4bqvL_NH6e2wMveX7G-rP2dAqsDSq1mJMOaY&_nc_zt=24&_nc_ht=scontent-gig4-1.xx&_nc_gid=AoBFJeGrT1hVaew_6rchkQ&oh=00_AfX7QmFGhQhG2jAllVgXCiM1ZrWgvtp80-Bfppyexh1QEg&oe=689E923C","@id":"https:\/\/anoticiaonline.com.br\/site\/#articleImage"},"datePublished":"2015-09-24T19:39:11-03:00","dateModified":"2015-09-24T19:39:11-03:00","inLanguage":"pt-BR","mainEntityOfPage":{"@id":"https:\/\/anoticiaonline.com.br\/site\/paz-fruto-da-justica-da-liberdade-da-caridade-e-da-verdade\/#webpage"},"isPartOf":{"@id":"https:\/\/anoticiaonline.com.br\/site\/paz-fruto-da-justica-da-liberdade-da-caridade-e-da-verdade\/#webpage"},"articleSection":"Vida e Reflex\u00e3o - Padre Silas Geraldo - Par\u00f3quia Nossa Senhora Aparecida"},{"@type":"BreadcrumbList","@id":"https:\/\/anoticiaonline.com.br\/site\/paz-fruto-da-justica-da-liberdade-da-caridade-e-da-verdade\/#breadcrumblist","itemListElement":[{"@type":"ListItem","@id":"https:\/\/anoticiaonline.com.br\/site#listItem","position":1,"name":"Home","item":"https:\/\/anoticiaonline.com.br\/site","nextItem":{"@type":"ListItem","@id":"https:\/\/anoticiaonline.com.br\/site\/categoria\/colunistas\/#listItem","name":"Colunistas"}},{"@type":"ListItem","@id":"https:\/\/anoticiaonline.com.br\/site\/categoria\/colunistas\/#listItem","position":2,"name":"Colunistas","item":"https:\/\/anoticiaonline.com.br\/site\/categoria\/colunistas\/","nextItem":{"@type":"ListItem","@id":"https:\/\/anoticiaonline.com.br\/site\/categoria\/colunistas\/vida-e-reflexao-padre-silas-geraldo-paroquia-nossa-senhora-aparecida\/#listItem","name":"Vida e Reflex\u00e3o - Padre Silas Geraldo - Par\u00f3quia Nossa Senhora Aparecida"},"previousItem":{"@type":"ListItem","@id":"https:\/\/anoticiaonline.com.br\/site#listItem","name":"Home"}},{"@type":"ListItem","@id":"https:\/\/anoticiaonline.com.br\/site\/categoria\/colunistas\/vida-e-reflexao-padre-silas-geraldo-paroquia-nossa-senhora-aparecida\/#listItem","position":3,"name":"Vida e Reflex\u00e3o - Padre Silas Geraldo - Par\u00f3quia Nossa Senhora Aparecida","item":"https:\/\/anoticiaonline.com.br\/site\/categoria\/colunistas\/vida-e-reflexao-padre-silas-geraldo-paroquia-nossa-senhora-aparecida\/","nextItem":{"@type":"ListItem","@id":"https:\/\/anoticiaonline.com.br\/site\/paz-fruto-da-justica-da-liberdade-da-caridade-e-da-verdade\/#listItem","name":"Paz, fruto da justi\u00e7a, da liberdade, da caridade e da verdade"},"previousItem":{"@type":"ListItem","@id":"https:\/\/anoticiaonline.com.br\/site\/categoria\/colunistas\/#listItem","name":"Colunistas"}},{"@type":"ListItem","@id":"https:\/\/anoticiaonline.com.br\/site\/paz-fruto-da-justica-da-liberdade-da-caridade-e-da-verdade\/#listItem","position":4,"name":"Paz, fruto da justi\u00e7a, da liberdade, da caridade e da verdade","previousItem":{"@type":"ListItem","@id":"https:\/\/anoticiaonline.com.br\/site\/categoria\/colunistas\/vida-e-reflexao-padre-silas-geraldo-paroquia-nossa-senhora-aparecida\/#listItem","name":"Vida e Reflex\u00e3o - Padre Silas Geraldo - Par\u00f3quia Nossa Senhora Aparecida"}}]},{"@type":"Organization","@id":"https:\/\/anoticiaonline.com.br\/site\/#organization","name":"A Not\u00edcia Online","description":"Noticias de Muria\u00e9 e regi\u00e3o","url":"https:\/\/anoticiaonline.com.br\/site\/","logo":{"@type":"ImageObject","url":"https:\/\/scontent-gig4-1.xx.fbcdn.net\/v\/t39.30808-1\/270437624_4564083193639691_6907940295614233970_n.jpg?stp=dst-jpg_s200x200_tt6&_nc_cat=111&ccb=1-7&_nc_sid=f907e8&_nc_ohc=SM1wRlP3lJwQ7kNvwEPuBYA&_nc_oc=AdnqrjDN_BNjSSHWO-GbkIWH6fkGMLw4bqvL_NH6e2wMveX7G-rP2dAqsDSq1mJMOaY&_nc_zt=24&_nc_ht=scontent-gig4-1.xx&_nc_gid=AoBFJeGrT1hVaew_6rchkQ&oh=00_AfX7QmFGhQhG2jAllVgXCiM1ZrWgvtp80-Bfppyexh1QEg&oe=689E923C","@id":"https:\/\/anoticiaonline.com.br\/site\/paz-fruto-da-justica-da-liberdade-da-caridade-e-da-verdade\/#organizationLogo"},"image":{"@id":"https:\/\/anoticiaonline.com.br\/site\/paz-fruto-da-justica-da-liberdade-da-caridade-e-da-verdade\/#organizationLogo"}},{"@type":"Person","@id":"https:\/\/anoticiaonline.com.br\/site\/author\/juliana\/#author","url":"https:\/\/anoticiaonline.com.br\/site\/author\/juliana\/","name":"Juliana Laviola","image":{"@type":"ImageObject","@id":"https:\/\/anoticiaonline.com.br\/site\/paz-fruto-da-justica-da-liberdade-da-caridade-e-da-verdade\/#authorImage","url":"https:\/\/secure.gravatar.com\/avatar\/b8d45f5c699b100dfaf0e543582f38f38bf94cb7ae3a5e9abf8d891a34773335?s=96&d=mm&r=g","width":96,"height":96,"caption":"Juliana Laviola"}},{"@type":"WebPage","@id":"https:\/\/anoticiaonline.com.br\/site\/paz-fruto-da-justica-da-liberdade-da-caridade-e-da-verdade\/#webpage","url":"https:\/\/anoticiaonline.com.br\/site\/paz-fruto-da-justica-da-liberdade-da-caridade-e-da-verdade\/","name":"Paz, fruto da justi\u00e7a, da liberdade, da caridade e da verdade - A Not\u00edcia Online","description":"A Confer\u00eancia Nacional dos Bispos do Brasil (CNBB), em maio do ano passado, frente \u00e0 crescente onda de viol\u00eancia em todo o pa\u00eds, estabeleceu 2015 como \u201cano da paz\u201d. O intuito seria gerar no cora\u00e7\u00e3o de toda a sociedade, e n\u00e3o somente da Igreja Cat\u00f3lica, uma iniciativa de paz, fundamentada na justi\u00e7a, na liberdade, na","inLanguage":"pt-BR","isPartOf":{"@id":"https:\/\/anoticiaonline.com.br\/site\/#website"},"breadcrumb":{"@id":"https:\/\/anoticiaonline.com.br\/site\/paz-fruto-da-justica-da-liberdade-da-caridade-e-da-verdade\/#breadcrumblist"},"author":{"@id":"https:\/\/anoticiaonline.com.br\/site\/author\/juliana\/#author"},"creator":{"@id":"https:\/\/anoticiaonline.com.br\/site\/author\/juliana\/#author"},"datePublished":"2015-09-24T19:39:11-03:00","dateModified":"2015-09-24T19:39:11-03:00"},{"@type":"WebSite","@id":"https:\/\/anoticiaonline.com.br\/site\/#website","url":"https:\/\/anoticiaonline.com.br\/site\/","name":"A Not\u00edcia Online","description":"Noticias de Muria\u00e9 e regi\u00e3o","inLanguage":"pt-BR","publisher":{"@id":"https:\/\/anoticiaonline.com.br\/site\/#organization"}}]},"og:locale":"pt_BR","og:site_name":"A Not\u00edcia Online - Noticias de Muria\u00e9 e regi\u00e3o","og:type":"article","og:title":"Paz, fruto da justi\u00e7a, da liberdade, da caridade e da verdade - A Not\u00edcia Online","og:description":"A Confer\u00eancia Nacional dos Bispos do Brasil (CNBB), em maio do ano passado, frente \u00e0 crescente onda de viol\u00eancia em todo o pa\u00eds, estabeleceu 2015 como \u201cano da paz\u201d. O intuito seria gerar no cora\u00e7\u00e3o de toda a sociedade, e n\u00e3o somente da Igreja Cat\u00f3lica, uma iniciativa de paz, fundamentada na justi\u00e7a, na liberdade, na","og:url":"https:\/\/anoticiaonline.com.br\/site\/paz-fruto-da-justica-da-liberdade-da-caridade-e-da-verdade\/","og:image":"https:\/\/scontent-gig4-1.xx.fbcdn.net\/v\/t39.30808-1\/270437624_4564083193639691_6907940295614233970_n.jpg?stp=dst-jpg_s200x200_tt6&#038;_nc_cat=111&#038;ccb=1-7&#038;_nc_sid=f907e8&#038;_nc_ohc=SM1wRlP3lJwQ7kNvwEPuBYA&#038;_nc_oc=AdnqrjDN_BNjSSHWO-GbkIWH6fkGMLw4bqvL_NH6e2wMveX7G-rP2dAqsDSq1mJMOaY&#038;_nc_zt=24&#038;_nc_ht=scontent-gig4-1.xx&#038;_nc_gid=AoBFJeGrT1hVaew_6rchkQ&#038;oh=00_AfX7QmFGhQhG2jAllVgXCiM1ZrWgvtp80-Bfppyexh1QEg&#038;oe=689E923C","og:image:secure_url":"https:\/\/scontent-gig4-1.xx.fbcdn.net\/v\/t39.30808-1\/270437624_4564083193639691_6907940295614233970_n.jpg?stp=dst-jpg_s200x200_tt6&#038;_nc_cat=111&#038;ccb=1-7&#038;_nc_sid=f907e8&#038;_nc_ohc=SM1wRlP3lJwQ7kNvwEPuBYA&#038;_nc_oc=AdnqrjDN_BNjSSHWO-GbkIWH6fkGMLw4bqvL_NH6e2wMveX7G-rP2dAqsDSq1mJMOaY&#038;_nc_zt=24&#038;_nc_ht=scontent-gig4-1.xx&#038;_nc_gid=AoBFJeGrT1hVaew_6rchkQ&#038;oh=00_AfX7QmFGhQhG2jAllVgXCiM1ZrWgvtp80-Bfppyexh1QEg&#038;oe=689E923C","article:published_time":"2015-09-24T22:39:11+00:00","article:modified_time":"2015-09-24T22:39:11+00:00","twitter:card":"summary_large_image","twitter:title":"Paz, fruto da justi\u00e7a, da liberdade, da caridade e da verdade - A Not\u00edcia Online","twitter:description":"A Confer\u00eancia Nacional dos Bispos do Brasil (CNBB), em maio do ano passado, frente \u00e0 crescente onda de viol\u00eancia em todo o pa\u00eds, estabeleceu 2015 como \u201cano da paz\u201d. O intuito seria gerar no cora\u00e7\u00e3o de toda a sociedade, e n\u00e3o somente da Igreja Cat\u00f3lica, uma iniciativa de paz, fundamentada na justi\u00e7a, na liberdade, na","twitter:image":"https:\/\/scontent-gig4-1.xx.fbcdn.net\/v\/t39.30808-1\/270437624_4564083193639691_6907940295614233970_n.jpg?stp=dst-jpg_s200x200_tt6&_nc_cat=111&ccb=1-7&_nc_sid=f907e8&_nc_ohc=SM1wRlP3lJwQ7kNvwEPuBYA&_nc_oc=AdnqrjDN_BNjSSHWO-GbkIWH6fkGMLw4bqvL_NH6e2wMveX7G-rP2dAqsDSq1mJMOaY&_nc_zt=24&_nc_ht=scontent-gig4-1.xx&_nc_gid=AoBFJeGrT1hVaew_6rchkQ&oh=00_AfX7QmFGhQhG2jAllVgXCiM1ZrWgvtp80-Bfppyexh1QEg&oe=689E923C"},"aioseo_meta_data":{"post_id":"4094","title":null,"description":null,"keywords":null,"keyphrases":null,"primary_term":null,"canonical_url":null,"og_title":null,"og_description":null,"og_object_type":"default","og_image_type":"default","og_image_url":null,"og_image_width":null,"og_image_height":null,"og_image_custom_url":null,"og_image_custom_fields":null,"og_video":null,"og_custom_url":null,"og_article_section":null,"og_article_tags":null,"twitter_use_og":false,"twitter_card":"default","twitter_image_type":"default","twitter_image_url":null,"twitter_image_custom_url":null,"twitter_image_custom_fields":null,"twitter_title":null,"twitter_description":null,"schema":{"blockGraphs":[],"customGraphs":[],"default":{"data":{"Article":[],"Course":[],"Dataset":[],"FAQPage":[],"Movie":[],"Person":[],"Product":[],"ProductReview":[],"Car":[],"Recipe":[],"Service":[],"SoftwareApplication":[],"WebPage":[]},"graphName":"","isEnabled":true},"graphs":[]},"schema_type":"default","schema_type_options":null,"pillar_content":false,"robots_default":true,"robots_noindex":false,"robots_noarchive":false,"robots_nosnippet":false,"robots_nofollow":false,"robots_noimageindex":false,"robots_noodp":false,"robots_notranslate":false,"robots_max_snippet":null,"robots_max_videopreview":null,"robots_max_imagepreview":"large","priority":null,"frequency":null,"local_seo":null,"breadcrumb_settings":null,"limit_modified_date":false,"ai":null,"created":"2025-08-16 13:13:59","updated":"2025-08-16 13:13:59","focus_keyword":null,"additional_keywords":null,"truseo_locale":null,"seo_analyzer_scan_date":null},"aioseo_breadcrumb":"<div class=\"aioseo-breadcrumbs\"><span class=\"aioseo-breadcrumb\">\n\t\t\t<a href=\"https:\/\/anoticiaonline.com.br\/site\" title=\"Home\">Home<\/a>\n\t\t<\/span><span class=\"aioseo-breadcrumb-separator\">&raquo;<\/span><span class=\"aioseo-breadcrumb\">\n\t\t\t<a href=\"https:\/\/anoticiaonline.com.br\/site\/categoria\/colunistas\/\" title=\"Colunistas\">Colunistas<\/a>\n\t\t<\/span><span class=\"aioseo-breadcrumb-separator\">&raquo;<\/span><span class=\"aioseo-breadcrumb\">\n\t\t\t<a href=\"https:\/\/anoticiaonline.com.br\/site\/categoria\/colunistas\/vida-e-reflexao-padre-silas-geraldo-paroquia-nossa-senhora-aparecida\/\" title=\"Vida e Reflex\u00e3o - Padre Silas Geraldo - Par\u00f3quia Nossa Senhora Aparecida\">Vida e Reflex\u00e3o - Padre Silas Geraldo - Par\u00f3quia Nossa Senhora Aparecida<\/a>\n\t\t<\/span><span class=\"aioseo-breadcrumb-separator\">&raquo;<\/span><span class=\"aioseo-breadcrumb\">\n\t\t\tPaz, fruto da justi\u00e7a, da liberdade, da caridade e da verdade\n\t\t<\/span><\/div>","aioseo_breadcrumb_json":[{"label":"Home","link":"https:\/\/anoticiaonline.com.br\/site"},{"label":"Colunistas","link":"https:\/\/anoticiaonline.com.br\/site\/categoria\/colunistas\/"},{"label":"Vida e Reflex\u00e3o - Padre Silas Geraldo - Par\u00f3quia Nossa Senhora Aparecida","link":"https:\/\/anoticiaonline.com.br\/site\/categoria\/colunistas\/vida-e-reflexao-padre-silas-geraldo-paroquia-nossa-senhora-aparecida\/"},{"label":"Paz, fruto da justi\u00e7a, da liberdade, da caridade e da verdade","link":"https:\/\/anoticiaonline.com.br\/site\/paz-fruto-da-justica-da-liberdade-da-caridade-e-da-verdade\/"}],"views":262,"_links":{"self":[{"href":"https:\/\/anoticiaonline.com.br\/site\/wp-json\/wp\/v2\/posts\/4094","targetHints":{"allow":["GET"]}}],"collection":[{"href":"https:\/\/anoticiaonline.com.br\/site\/wp-json\/wp\/v2\/posts"}],"about":[{"href":"https:\/\/anoticiaonline.com.br\/site\/wp-json\/wp\/v2\/types\/post"}],"author":[{"embeddable":true,"href":"https:\/\/anoticiaonline.com.br\/site\/wp-json\/wp\/v2\/users\/2"}],"replies":[{"embeddable":true,"href":"https:\/\/anoticiaonline.com.br\/site\/wp-json\/wp\/v2\/comments?post=4094"}],"version-history":[{"count":0,"href":"https:\/\/anoticiaonline.com.br\/site\/wp-json\/wp\/v2\/posts\/4094\/revisions"}],"wp:attachment":[{"href":"https:\/\/anoticiaonline.com.br\/site\/wp-json\/wp\/v2\/media?parent=4094"}],"wp:term":[{"taxonomy":"category","embeddable":true,"href":"https:\/\/anoticiaonline.com.br\/site\/wp-json\/wp\/v2\/categories?post=4094"},{"taxonomy":"post_tag","embeddable":true,"href":"https:\/\/anoticiaonline.com.br\/site\/wp-json\/wp\/v2\/tags?post=4094"}],"curies":[{"name":"wp","href":"https:\/\/api.w.org\/{rel}","templated":true}]}}