{"id":40852,"date":"2017-09-21T18:56:57","date_gmt":"2017-09-21T21:56:57","guid":{"rendered":"http:\/\/anoticiaonline.com.br\/site\/?p=40852"},"modified":"2017-09-21T19:02:12","modified_gmt":"2017-09-21T22:02:12","slug":"merendeira-de-sao-francisco-do-gloria-esta-na-final-de-concurso-nacional-do-mec-e-fnde","status":"publish","type":"post","link":"https:\/\/anoticiaonline.com.br\/site\/merendeira-de-sao-francisco-do-gloria-esta-na-final-de-concurso-nacional-do-mec-e-fnde\/","title":{"rendered":"Merendeira de S\u00e3o Francisco do Gl\u00f3ria est\u00e1 na final de Concurso Nacional do MEC e FNDE"},"content":{"rendered":"<p><a href=\"https:\/\/anoticiaonline.com.br\/site\/wp-content\/uploads\/2017\/09\/Merendeira-de-S\u00e3o-Francisco-do-Gl\u00f3ria-est\u00e1-na-semifinal-de-Concurso-Nacional-do-MEC-e-FNDE-2.jpg\"><img fetchpriority=\"high\" decoding=\"async\" class=\"size-medium wp-image-40857 alignleft\" src=\"https:\/\/anoticiaonline.com.br\/site\/wp-content\/uploads\/2017\/09\/Merendeira-de-S\u00e3o-Francisco-do-Gl\u00f3ria-est\u00e1-na-semifinal-de-Concurso-Nacional-do-MEC-e-FNDE-2-300x225.jpg\" alt=\"\" width=\"300\" height=\"225\" srcset=\"https:\/\/anoticiaonline.com.br\/site\/wp-content\/uploads\/2017\/09\/Merendeira-de-S\u00e3o-Francisco-do-Gl\u00f3ria-est\u00e1-na-semifinal-de-Concurso-Nacional-do-MEC-e-FNDE-2-300x225.jpg 300w, https:\/\/anoticiaonline.com.br\/site\/wp-content\/uploads\/2017\/09\/Merendeira-de-S\u00e3o-Francisco-do-Gl\u00f3ria-est\u00e1-na-semifinal-de-Concurso-Nacional-do-MEC-e-FNDE-2.jpg 640w\" sizes=\"(max-width: 300px) 100vw, 300px\" \/><\/a> <a href=\"https:\/\/anoticiaonline.com.br\/site\/wp-content\/uploads\/2017\/09\/Merendeira-de-S\u00e3o-Francisco-do-Gl\u00f3ria-est\u00e1-na-semifinal-de-Concurso-Nacional-do-MEC-e-FNDE.jpg\"><img decoding=\"async\" class=\"size-medium wp-image-40858 alignleft\" src=\"https:\/\/anoticiaonline.com.br\/site\/wp-content\/uploads\/2017\/09\/Merendeira-de-S\u00e3o-Francisco-do-Gl\u00f3ria-est\u00e1-na-semifinal-de-Concurso-Nacional-do-MEC-e-FNDE-300x225.jpg\" alt=\"\" width=\"300\" height=\"225\" srcset=\"https:\/\/anoticiaonline.com.br\/site\/wp-content\/uploads\/2017\/09\/Merendeira-de-S\u00e3o-Francisco-do-Gl\u00f3ria-est\u00e1-na-semifinal-de-Concurso-Nacional-do-MEC-e-FNDE-300x225.jpg 300w, https:\/\/anoticiaonline.com.br\/site\/wp-content\/uploads\/2017\/09\/Merendeira-de-S\u00e3o-Francisco-do-Gl\u00f3ria-est\u00e1-na-semifinal-de-Concurso-Nacional-do-MEC-e-FNDE.jpg 640w\" sizes=\"(max-width: 300px) 100vw, 300px\" \/><\/a>H\u00e1 quase 29 anos trabalhando como merendeira em S\u00e3o Francisco do Gl\u00f3ria, cidade localizada a 45 Km de Muria\u00e9, Elza do Carmo Paiva, conhecida carinhosamente como \u201cTia Elza\u201d, est\u00e1 na final do Concurso Nacional de Melhores Receitas da Alimenta\u00e7\u00e3o Escolar, promovido pelo Minist\u00e9rio da Educa\u00e7\u00e3o e Cultura (MEC) e do Fundo Nacional de Desenvolvimento Escolar (FNDE), concorrendo com a Lasanha Nutritiva de Fub\u00e1. Esta \u00e9 a primeira vez que participa de um concurso do tipo.<\/p>\n<p>O concurso visa valorizar o papel das merendeiras e promover a forma\u00e7\u00e3o de h\u00e1bitos saud\u00e1veis no ambiente escolar. No momento da inscri\u00e7\u00e3o, al\u00e9m da receita, tamb\u00e9m foi cadastrada uma a\u00e7\u00e3o de Educa\u00e7\u00e3o Alimentar e Nutricional denominada &#8220;Milho, o verdadeiro cereal radical&#8221;, vinculada \u00e0 receita elaborada, realizada por Naylara Adrielle, nutricionista respons\u00e1vel pela merenda da Escola Municipal Ant\u00f4nio Franco Laviola.<\/p>\n<p>Elza concorreu com mais de 1300 receitas na fase eliminat\u00f3ria, chegou \u00e0 etapa estadual concorrendo com mais de 200, na semifinal com 20 da regi\u00e3o sudeste e agora est\u00e1 entre as finalistas, que englobam 3 de cada regi\u00e3o do Brasil. Ao todo, ser\u00e3o 5 campe\u00e3s, uma por regi\u00e3o. Para ela, essa \u00e9 uma forma de valorizar seu trabalho e de todos os seus colegas, al\u00e9m de ser muito importante para o munic\u00edpio. \u201cFiquei muito satisfeita! \u00c9 uma honra participar de um concurso t\u00e3o importante. Gra\u00e7as \u00e0 Naylara, conseguimos chegar t\u00e3o longe. Sinto-me feliz e lisonjeada em representar toda comunidade, onde sou muito bem tratada e feliz pelo trabalho que fa\u00e7o\u201d, conta.<\/p>\n<p>A fase final do concurso ocorrer\u00e1 em Bras\u00edlia entre os dias 23 a 26 de outubro. Os vencedores receber\u00e3o um pr\u00eamio de R$ 6 mil e uma viagem internacional com acompanhante, al\u00e9m de um conjunto de manipuladores de alimentos, com touca e avental personalizados e um certificado de participa\u00e7\u00e3o. Tamb\u00e9m ter\u00e3o a oportunidade de participar de curso de capacita\u00e7\u00e3o em boas pr\u00e1ticas na alimenta\u00e7\u00e3o escolar.<\/p>\n<p>O secret\u00e1rio municipal de Educa\u00e7\u00e3o, L\u00e1zaro Luiz Lazaroni Freitas, recebeu a not\u00edcia do resultado parcial com muita satisfa\u00e7\u00e3o. &#8220;Chegar at\u00e9 a etapa final representa a qualidade e compet\u00eancia t\u00e9cnica de nossa equipe, representada por Dona Elza. O comprometimento e carinho ao preparar esta receita podem ser vistos no dia a dia, no ambiente escolar. A satisfa\u00e7\u00e3o de estarmos entre as melhores receitas nutritivas do Brasil, nos motiva a investir, cada vez mais, em nossos profissionais. Todos n\u00f3s da Administra\u00e7\u00e3o estamos muito esperan\u00e7osos em conseguir vencer mais uma etapa do concurso\u201d, disse.<\/p>\n","protected":false},"excerpt":{"rendered":"<p>H\u00e1 quase 29 anos trabalhando como merendeira em S\u00e3o Francisco do Gl\u00f3ria, cidade localizada a 45 Km de Muria\u00e9, Elza do Carmo Paiva, conhecida carinhosamente como \u201cTia Elza\u201d, est\u00e1 na final do Concurso Nacional de Melhores Receitas da Alimenta\u00e7\u00e3o Escolar, promovido pelo Minist\u00e9rio da Educa\u00e7\u00e3o e Cultura (MEC) e do Fundo Nacional de Desenvolvimento Escolar &#8230; <a title=\"Merendeira de S\u00e3o Francisco do Gl\u00f3ria est\u00e1 na final de Concurso Nacional do MEC e FNDE\" class=\"read-more\" href=\"https:\/\/anoticiaonline.com.br\/site\/merendeira-de-sao-francisco-do-gloria-esta-na-final-de-concurso-nacional-do-mec-e-fnde\/\" aria-label=\"Read more about Merendeira de S\u00e3o Francisco do Gl\u00f3ria est\u00e1 na final de Concurso Nacional do MEC e FNDE\">Ler mais<\/a><\/p>\n","protected":false},"author":2,"featured_media":40857,"comment_status":"open","ping_status":"open","sticky":false,"template":"","format":"standard","meta":{"_acf_changed":false,"_monsterinsights_skip_tracking":false,"footnotes":""},"categories":[6],"tags":[362,1143,1142,419,226],"class_list":["post-40852","post","type-post","status-publish","format-standard","has-post-thumbnail","hentry","category-regiao","tag-brasil","tag-mec","tag-merendeira","tag-minas-gerais","tag-sao-francisco-do-gloria"],"acf":[],"aioseo_notices":[],"aioseo_head":"\n\t\t<!-- All in One SEO 5.0.0.1 - aioseo.com -->\n\t<meta name=\"description\" content=\"H\u00e1 quase 29 anos trabalhando como merendeira em S\u00e3o Francisco do Gl\u00f3ria, cidade localizada a 45 Km de Muria\u00e9, Elza do Carmo Paiva, conhecida carinhosamente como \u201cTia Elza\u201d, est\u00e1 na final do Concurso Nacional de Melhores Receitas da Alimenta\u00e7\u00e3o Escolar, promovido pelo Minist\u00e9rio da Educa\u00e7\u00e3o e Cultura (MEC) e do Fundo Nacional de Desenvolvimento Escolar\" \/>\n\t<meta name=\"robots\" content=\"max-image-preview:large\" \/>\n\t<meta name=\"author\" content=\"Juliana Laviola\"\/>\n\t<link rel=\"canonical\" href=\"https:\/\/anoticiaonline.com.br\/site\/merendeira-de-sao-francisco-do-gloria-esta-na-final-de-concurso-nacional-do-mec-e-fnde\/\" \/>\n\t<meta name=\"generator\" content=\"All in One SEO (AIOSEO) 5.0.0.1\" \/>\n\t\t<meta property=\"og:locale\" content=\"pt_BR\" \/>\n\t\t<meta property=\"og:site_name\" content=\"A Not\u00edcia Online - Noticias de Muria\u00e9 e regi\u00e3o\" \/>\n\t\t<meta property=\"og:type\" content=\"article\" \/>\n\t\t<meta property=\"og:title\" content=\"Merendeira de S\u00e3o Francisco do Gl\u00f3ria est\u00e1 na final de Concurso Nacional do MEC e FNDE - A Not\u00edcia Online\" \/>\n\t\t<meta property=\"og:description\" content=\"H\u00e1 quase 29 anos trabalhando como merendeira em S\u00e3o Francisco do Gl\u00f3ria, cidade localizada a 45 Km de Muria\u00e9, Elza do Carmo Paiva, conhecida carinhosamente como \u201cTia Elza\u201d, est\u00e1 na final do Concurso Nacional de Melhores Receitas da Alimenta\u00e7\u00e3o Escolar, promovido pelo Minist\u00e9rio da Educa\u00e7\u00e3o e Cultura (MEC) e do Fundo Nacional de Desenvolvimento Escolar\" \/>\n\t\t<meta property=\"og:url\" content=\"https:\/\/anoticiaonline.com.br\/site\/merendeira-de-sao-francisco-do-gloria-esta-na-final-de-concurso-nacional-do-mec-e-fnde\/\" \/>\n\t\t<meta property=\"og:image\" content=\"https:\/\/scontent-gig4-1.xx.fbcdn.net\/v\/t39.30808-1\/270437624_4564083193639691_6907940295614233970_n.jpg?stp=dst-jpg_s200x200_tt6&#038;_nc_cat=111&#038;ccb=1-7&#038;_nc_sid=f907e8&#038;_nc_ohc=SM1wRlP3lJwQ7kNvwEPuBYA&#038;_nc_oc=AdnqrjDN_BNjSSHWO-GbkIWH6fkGMLw4bqvL_NH6e2wMveX7G-rP2dAqsDSq1mJMOaY&#038;_nc_zt=24&#038;_nc_ht=scontent-gig4-1.xx&#038;_nc_gid=AoBFJeGrT1hVaew_6rchkQ&#038;oh=00_AfX7QmFGhQhG2jAllVgXCiM1ZrWgvtp80-Bfppyexh1QEg&#038;oe=689E923C\" \/>\n\t\t<meta property=\"og:image:secure_url\" content=\"https:\/\/scontent-gig4-1.xx.fbcdn.net\/v\/t39.30808-1\/270437624_4564083193639691_6907940295614233970_n.jpg?stp=dst-jpg_s200x200_tt6&#038;_nc_cat=111&#038;ccb=1-7&#038;_nc_sid=f907e8&#038;_nc_ohc=SM1wRlP3lJwQ7kNvwEPuBYA&#038;_nc_oc=AdnqrjDN_BNjSSHWO-GbkIWH6fkGMLw4bqvL_NH6e2wMveX7G-rP2dAqsDSq1mJMOaY&#038;_nc_zt=24&#038;_nc_ht=scontent-gig4-1.xx&#038;_nc_gid=AoBFJeGrT1hVaew_6rchkQ&#038;oh=00_AfX7QmFGhQhG2jAllVgXCiM1ZrWgvtp80-Bfppyexh1QEg&#038;oe=689E923C\" \/>\n\t\t<meta property=\"article:published_time\" content=\"2017-09-21T21:56:57+00:00\" \/>\n\t\t<meta property=\"article:modified_time\" content=\"2017-09-21T22:02:12+00:00\" \/>\n\t\t<meta name=\"twitter:card\" content=\"summary_large_image\" \/>\n\t\t<meta name=\"twitter:title\" content=\"Merendeira de S\u00e3o Francisco do Gl\u00f3ria est\u00e1 na final de Concurso Nacional do MEC e FNDE - A Not\u00edcia Online\" \/>\n\t\t<meta name=\"twitter:description\" content=\"H\u00e1 quase 29 anos trabalhando como merendeira em S\u00e3o Francisco do Gl\u00f3ria, cidade localizada a 45 Km de Muria\u00e9, Elza do Carmo Paiva, conhecida carinhosamente como \u201cTia Elza\u201d, est\u00e1 na final do Concurso Nacional de Melhores Receitas da Alimenta\u00e7\u00e3o Escolar, promovido pelo Minist\u00e9rio da Educa\u00e7\u00e3o e Cultura (MEC) e do Fundo Nacional de Desenvolvimento Escolar\" \/>\n\t\t<meta name=\"twitter:image\" content=\"https:\/\/scontent-gig4-1.xx.fbcdn.net\/v\/t39.30808-1\/270437624_4564083193639691_6907940295614233970_n.jpg?stp=dst-jpg_s200x200_tt6&amp;_nc_cat=111&amp;ccb=1-7&amp;_nc_sid=f907e8&amp;_nc_ohc=SM1wRlP3lJwQ7kNvwEPuBYA&amp;_nc_oc=AdnqrjDN_BNjSSHWO-GbkIWH6fkGMLw4bqvL_NH6e2wMveX7G-rP2dAqsDSq1mJMOaY&amp;_nc_zt=24&amp;_nc_ht=scontent-gig4-1.xx&amp;_nc_gid=AoBFJeGrT1hVaew_6rchkQ&amp;oh=00_AfX7QmFGhQhG2jAllVgXCiM1ZrWgvtp80-Bfppyexh1QEg&amp;oe=689E923C\" \/>\n\t\t<script type=\"application\/ld+json\" class=\"aioseo-schema\">\n\t\t\t{\"@context\":\"https:\\\/\\\/schema.org\",\"@graph\":[{\"@type\":\"BlogPosting\",\"@id\":\"https:\\\/\\\/anoticiaonline.com.br\\\/site\\\/merendeira-de-sao-francisco-do-gloria-esta-na-final-de-concurso-nacional-do-mec-e-fnde\\\/#blogposting\",\"name\":\"Merendeira de S\\u00e3o Francisco do Gl\\u00f3ria est\\u00e1 na final de Concurso Nacional do MEC e FNDE - A Not\\u00edcia Online\",\"headline\":\"Merendeira de S\\u00e3o Francisco do Gl\\u00f3ria est\\u00e1 na final de Concurso Nacional do MEC e FNDE\",\"author\":{\"@id\":\"https:\\\/\\\/anoticiaonline.com.br\\\/site\\\/author\\\/juliana\\\/#author\"},\"publisher\":{\"@id\":\"https:\\\/\\\/anoticiaonline.com.br\\\/site\\\/#organization\"},\"image\":{\"@type\":\"ImageObject\",\"url\":\"https:\\\/\\\/anoticiaonline.com.br\\\/site\\\/wp-content\\\/uploads\\\/2017\\\/09\\\/Merendeira-de-S\\u00e3o-Francisco-do-Gl\\u00f3ria-est\\u00e1-na-semifinal-de-Concurso-Nacional-do-MEC-e-FNDE-2.jpg\",\"width\":640,\"height\":480},\"datePublished\":\"2017-09-21T18:56:57-03:00\",\"dateModified\":\"2017-09-21T19:02:12-03:00\",\"inLanguage\":\"pt-BR\",\"mainEntityOfPage\":{\"@id\":\"https:\\\/\\\/anoticiaonline.com.br\\\/site\\\/merendeira-de-sao-francisco-do-gloria-esta-na-final-de-concurso-nacional-do-mec-e-fnde\\\/#webpage\"},\"isPartOf\":{\"@id\":\"https:\\\/\\\/anoticiaonline.com.br\\\/site\\\/merendeira-de-sao-francisco-do-gloria-esta-na-final-de-concurso-nacional-do-mec-e-fnde\\\/#webpage\"},\"articleSection\":\"Regi\\u00e3o, brasil, mec, merendeira, minas gerais, s\\u00e3o francisco do gl\\u00f3ria\"},{\"@type\":\"BreadcrumbList\",\"@id\":\"https:\\\/\\\/anoticiaonline.com.br\\\/site\\\/merendeira-de-sao-francisco-do-gloria-esta-na-final-de-concurso-nacional-do-mec-e-fnde\\\/#breadcrumblist\",\"itemListElement\":[{\"@type\":\"ListItem\",\"@id\":\"https:\\\/\\\/anoticiaonline.com.br\\\/site#listItem\",\"position\":1,\"name\":\"Home\",\"item\":\"https:\\\/\\\/anoticiaonline.com.br\\\/site\",\"nextItem\":{\"@type\":\"ListItem\",\"@id\":\"https:\\\/\\\/anoticiaonline.com.br\\\/site\\\/categoria\\\/regiao\\\/#listItem\",\"name\":\"Regi\\u00e3o\"}},{\"@type\":\"ListItem\",\"@id\":\"https:\\\/\\\/anoticiaonline.com.br\\\/site\\\/categoria\\\/regiao\\\/#listItem\",\"position\":2,\"name\":\"Regi\\u00e3o\",\"item\":\"https:\\\/\\\/anoticiaonline.com.br\\\/site\\\/categoria\\\/regiao\\\/\",\"nextItem\":{\"@type\":\"ListItem\",\"@id\":\"https:\\\/\\\/anoticiaonline.com.br\\\/site\\\/merendeira-de-sao-francisco-do-gloria-esta-na-final-de-concurso-nacional-do-mec-e-fnde\\\/#listItem\",\"name\":\"Merendeira de S\\u00e3o Francisco do Gl\\u00f3ria est\\u00e1 na final de Concurso Nacional do MEC e FNDE\"},\"previousItem\":{\"@type\":\"ListItem\",\"@id\":\"https:\\\/\\\/anoticiaonline.com.br\\\/site#listItem\",\"name\":\"Home\"}},{\"@type\":\"ListItem\",\"@id\":\"https:\\\/\\\/anoticiaonline.com.br\\\/site\\\/merendeira-de-sao-francisco-do-gloria-esta-na-final-de-concurso-nacional-do-mec-e-fnde\\\/#listItem\",\"position\":3,\"name\":\"Merendeira de S\\u00e3o Francisco do Gl\\u00f3ria est\\u00e1 na final de Concurso Nacional do MEC e FNDE\",\"previousItem\":{\"@type\":\"ListItem\",\"@id\":\"https:\\\/\\\/anoticiaonline.com.br\\\/site\\\/categoria\\\/regiao\\\/#listItem\",\"name\":\"Regi\\u00e3o\"}}]},{\"@type\":\"Organization\",\"@id\":\"https:\\\/\\\/anoticiaonline.com.br\\\/site\\\/#organization\",\"name\":\"A Not\\u00edcia Online\",\"description\":\"Noticias de Muria\\u00e9 e regi\\u00e3o\",\"url\":\"https:\\\/\\\/anoticiaonline.com.br\\\/site\\\/\",\"logo\":{\"@type\":\"ImageObject\",\"url\":\"https:\\\/\\\/scontent-gig4-1.xx.fbcdn.net\\\/v\\\/t39.30808-1\\\/270437624_4564083193639691_6907940295614233970_n.jpg?stp=dst-jpg_s200x200_tt6&_nc_cat=111&ccb=1-7&_nc_sid=f907e8&_nc_ohc=SM1wRlP3lJwQ7kNvwEPuBYA&_nc_oc=AdnqrjDN_BNjSSHWO-GbkIWH6fkGMLw4bqvL_NH6e2wMveX7G-rP2dAqsDSq1mJMOaY&_nc_zt=24&_nc_ht=scontent-gig4-1.xx&_nc_gid=AoBFJeGrT1hVaew_6rchkQ&oh=00_AfX7QmFGhQhG2jAllVgXCiM1ZrWgvtp80-Bfppyexh1QEg&oe=689E923C\",\"@id\":\"https:\\\/\\\/anoticiaonline.com.br\\\/site\\\/merendeira-de-sao-francisco-do-gloria-esta-na-final-de-concurso-nacional-do-mec-e-fnde\\\/#organizationLogo\"},\"image\":{\"@id\":\"https:\\\/\\\/anoticiaonline.com.br\\\/site\\\/merendeira-de-sao-francisco-do-gloria-esta-na-final-de-concurso-nacional-do-mec-e-fnde\\\/#organizationLogo\"}},{\"@type\":\"Person\",\"@id\":\"https:\\\/\\\/anoticiaonline.com.br\\\/site\\\/author\\\/juliana\\\/#author\",\"url\":\"https:\\\/\\\/anoticiaonline.com.br\\\/site\\\/author\\\/juliana\\\/\",\"name\":\"Juliana Laviola\",\"image\":{\"@type\":\"ImageObject\",\"@id\":\"https:\\\/\\\/anoticiaonline.com.br\\\/site\\\/merendeira-de-sao-francisco-do-gloria-esta-na-final-de-concurso-nacional-do-mec-e-fnde\\\/#authorImage\",\"url\":\"https:\\\/\\\/secure.gravatar.com\\\/avatar\\\/b8d45f5c699b100dfaf0e543582f38f38bf94cb7ae3a5e9abf8d891a34773335?s=96&d=mm&r=g\",\"width\":96,\"height\":96,\"caption\":\"Juliana Laviola\"}},{\"@type\":\"WebPage\",\"@id\":\"https:\\\/\\\/anoticiaonline.com.br\\\/site\\\/merendeira-de-sao-francisco-do-gloria-esta-na-final-de-concurso-nacional-do-mec-e-fnde\\\/#webpage\",\"url\":\"https:\\\/\\\/anoticiaonline.com.br\\\/site\\\/merendeira-de-sao-francisco-do-gloria-esta-na-final-de-concurso-nacional-do-mec-e-fnde\\\/\",\"name\":\"Merendeira de S\\u00e3o Francisco do Gl\\u00f3ria est\\u00e1 na final de Concurso Nacional do MEC e FNDE - A Not\\u00edcia Online\",\"description\":\"H\\u00e1 quase 29 anos trabalhando como merendeira em S\\u00e3o Francisco do Gl\\u00f3ria, cidade localizada a 45 Km de Muria\\u00e9, Elza do Carmo Paiva, conhecida carinhosamente como \\u201cTia Elza\\u201d, est\\u00e1 na final do Concurso Nacional de Melhores Receitas da Alimenta\\u00e7\\u00e3o Escolar, promovido pelo Minist\\u00e9rio da Educa\\u00e7\\u00e3o e Cultura (MEC) e do Fundo Nacional de Desenvolvimento Escolar\",\"inLanguage\":\"pt-BR\",\"isPartOf\":{\"@id\":\"https:\\\/\\\/anoticiaonline.com.br\\\/site\\\/#website\"},\"breadcrumb\":{\"@id\":\"https:\\\/\\\/anoticiaonline.com.br\\\/site\\\/merendeira-de-sao-francisco-do-gloria-esta-na-final-de-concurso-nacional-do-mec-e-fnde\\\/#breadcrumblist\"},\"author\":{\"@id\":\"https:\\\/\\\/anoticiaonline.com.br\\\/site\\\/author\\\/juliana\\\/#author\"},\"creator\":{\"@id\":\"https:\\\/\\\/anoticiaonline.com.br\\\/site\\\/author\\\/juliana\\\/#author\"},\"image\":{\"@type\":\"ImageObject\",\"url\":\"https:\\\/\\\/anoticiaonline.com.br\\\/site\\\/wp-content\\\/uploads\\\/2017\\\/09\\\/Merendeira-de-S\\u00e3o-Francisco-do-Gl\\u00f3ria-est\\u00e1-na-semifinal-de-Concurso-Nacional-do-MEC-e-FNDE-2.jpg\",\"@id\":\"https:\\\/\\\/anoticiaonline.com.br\\\/site\\\/merendeira-de-sao-francisco-do-gloria-esta-na-final-de-concurso-nacional-do-mec-e-fnde\\\/#mainImage\",\"width\":640,\"height\":480},\"primaryImageOfPage\":{\"@id\":\"https:\\\/\\\/anoticiaonline.com.br\\\/site\\\/merendeira-de-sao-francisco-do-gloria-esta-na-final-de-concurso-nacional-do-mec-e-fnde\\\/#mainImage\"},\"datePublished\":\"2017-09-21T18:56:57-03:00\",\"dateModified\":\"2017-09-21T19:02:12-03:00\"},{\"@type\":\"WebSite\",\"@id\":\"https:\\\/\\\/anoticiaonline.com.br\\\/site\\\/#website\",\"url\":\"https:\\\/\\\/anoticiaonline.com.br\\\/site\\\/\",\"name\":\"A Not\\u00edcia Online\",\"description\":\"Noticias de Muria\\u00e9 e regi\\u00e3o\",\"inLanguage\":\"pt-BR\",\"publisher\":{\"@id\":\"https:\\\/\\\/anoticiaonline.com.br\\\/site\\\/#organization\"}}]}\n\t\t<\/script>\n\t\t<!-- All in One SEO -->\n\n","aioseo_head_json":{"title":"Merendeira de S\u00e3o Francisco do Gl\u00f3ria est\u00e1 na final de Concurso Nacional do MEC e FNDE - A Not\u00edcia Online","description":"H\u00e1 quase 29 anos trabalhando como merendeira em S\u00e3o Francisco do Gl\u00f3ria, cidade localizada a 45 Km de Muria\u00e9, Elza do Carmo Paiva, conhecida carinhosamente como \u201cTia Elza\u201d, est\u00e1 na final do Concurso Nacional de Melhores Receitas da Alimenta\u00e7\u00e3o Escolar, promovido pelo Minist\u00e9rio da Educa\u00e7\u00e3o e Cultura (MEC) e do Fundo Nacional de Desenvolvimento Escolar","canonical_url":"https:\/\/anoticiaonline.com.br\/site\/merendeira-de-sao-francisco-do-gloria-esta-na-final-de-concurso-nacional-do-mec-e-fnde\/","robots":"max-image-preview:large","keywords":"","webmasterTools":{"miscellaneous":""},"schema":{"@context":"https:\/\/schema.org","@graph":[{"@type":"BlogPosting","@id":"https:\/\/anoticiaonline.com.br\/site\/merendeira-de-sao-francisco-do-gloria-esta-na-final-de-concurso-nacional-do-mec-e-fnde\/#blogposting","name":"Merendeira de S\u00e3o Francisco do Gl\u00f3ria est\u00e1 na final de Concurso Nacional do MEC e FNDE - A Not\u00edcia Online","headline":"Merendeira de S\u00e3o Francisco do Gl\u00f3ria est\u00e1 na final de Concurso Nacional do MEC e FNDE","author":{"@id":"https:\/\/anoticiaonline.com.br\/site\/author\/juliana\/#author"},"publisher":{"@id":"https:\/\/anoticiaonline.com.br\/site\/#organization"},"image":{"@type":"ImageObject","url":"https:\/\/anoticiaonline.com.br\/site\/wp-content\/uploads\/2017\/09\/Merendeira-de-S\u00e3o-Francisco-do-Gl\u00f3ria-est\u00e1-na-semifinal-de-Concurso-Nacional-do-MEC-e-FNDE-2.jpg","width":640,"height":480},"datePublished":"2017-09-21T18:56:57-03:00","dateModified":"2017-09-21T19:02:12-03:00","inLanguage":"pt-BR","mainEntityOfPage":{"@id":"https:\/\/anoticiaonline.com.br\/site\/merendeira-de-sao-francisco-do-gloria-esta-na-final-de-concurso-nacional-do-mec-e-fnde\/#webpage"},"isPartOf":{"@id":"https:\/\/anoticiaonline.com.br\/site\/merendeira-de-sao-francisco-do-gloria-esta-na-final-de-concurso-nacional-do-mec-e-fnde\/#webpage"},"articleSection":"Regi\u00e3o, brasil, mec, merendeira, minas gerais, s\u00e3o francisco do gl\u00f3ria"},{"@type":"BreadcrumbList","@id":"https:\/\/anoticiaonline.com.br\/site\/merendeira-de-sao-francisco-do-gloria-esta-na-final-de-concurso-nacional-do-mec-e-fnde\/#breadcrumblist","itemListElement":[{"@type":"ListItem","@id":"https:\/\/anoticiaonline.com.br\/site#listItem","position":1,"name":"Home","item":"https:\/\/anoticiaonline.com.br\/site","nextItem":{"@type":"ListItem","@id":"https:\/\/anoticiaonline.com.br\/site\/categoria\/regiao\/#listItem","name":"Regi\u00e3o"}},{"@type":"ListItem","@id":"https:\/\/anoticiaonline.com.br\/site\/categoria\/regiao\/#listItem","position":2,"name":"Regi\u00e3o","item":"https:\/\/anoticiaonline.com.br\/site\/categoria\/regiao\/","nextItem":{"@type":"ListItem","@id":"https:\/\/anoticiaonline.com.br\/site\/merendeira-de-sao-francisco-do-gloria-esta-na-final-de-concurso-nacional-do-mec-e-fnde\/#listItem","name":"Merendeira de S\u00e3o Francisco do Gl\u00f3ria est\u00e1 na final de Concurso Nacional do MEC e FNDE"},"previousItem":{"@type":"ListItem","@id":"https:\/\/anoticiaonline.com.br\/site#listItem","name":"Home"}},{"@type":"ListItem","@id":"https:\/\/anoticiaonline.com.br\/site\/merendeira-de-sao-francisco-do-gloria-esta-na-final-de-concurso-nacional-do-mec-e-fnde\/#listItem","position":3,"name":"Merendeira de S\u00e3o Francisco do Gl\u00f3ria est\u00e1 na final de Concurso Nacional do MEC e FNDE","previousItem":{"@type":"ListItem","@id":"https:\/\/anoticiaonline.com.br\/site\/categoria\/regiao\/#listItem","name":"Regi\u00e3o"}}]},{"@type":"Organization","@id":"https:\/\/anoticiaonline.com.br\/site\/#organization","name":"A Not\u00edcia Online","description":"Noticias de Muria\u00e9 e regi\u00e3o","url":"https:\/\/anoticiaonline.com.br\/site\/","logo":{"@type":"ImageObject","url":"https:\/\/scontent-gig4-1.xx.fbcdn.net\/v\/t39.30808-1\/270437624_4564083193639691_6907940295614233970_n.jpg?stp=dst-jpg_s200x200_tt6&_nc_cat=111&ccb=1-7&_nc_sid=f907e8&_nc_ohc=SM1wRlP3lJwQ7kNvwEPuBYA&_nc_oc=AdnqrjDN_BNjSSHWO-GbkIWH6fkGMLw4bqvL_NH6e2wMveX7G-rP2dAqsDSq1mJMOaY&_nc_zt=24&_nc_ht=scontent-gig4-1.xx&_nc_gid=AoBFJeGrT1hVaew_6rchkQ&oh=00_AfX7QmFGhQhG2jAllVgXCiM1ZrWgvtp80-Bfppyexh1QEg&oe=689E923C","@id":"https:\/\/anoticiaonline.com.br\/site\/merendeira-de-sao-francisco-do-gloria-esta-na-final-de-concurso-nacional-do-mec-e-fnde\/#organizationLogo"},"image":{"@id":"https:\/\/anoticiaonline.com.br\/site\/merendeira-de-sao-francisco-do-gloria-esta-na-final-de-concurso-nacional-do-mec-e-fnde\/#organizationLogo"}},{"@type":"Person","@id":"https:\/\/anoticiaonline.com.br\/site\/author\/juliana\/#author","url":"https:\/\/anoticiaonline.com.br\/site\/author\/juliana\/","name":"Juliana Laviola","image":{"@type":"ImageObject","@id":"https:\/\/anoticiaonline.com.br\/site\/merendeira-de-sao-francisco-do-gloria-esta-na-final-de-concurso-nacional-do-mec-e-fnde\/#authorImage","url":"https:\/\/secure.gravatar.com\/avatar\/b8d45f5c699b100dfaf0e543582f38f38bf94cb7ae3a5e9abf8d891a34773335?s=96&d=mm&r=g","width":96,"height":96,"caption":"Juliana Laviola"}},{"@type":"WebPage","@id":"https:\/\/anoticiaonline.com.br\/site\/merendeira-de-sao-francisco-do-gloria-esta-na-final-de-concurso-nacional-do-mec-e-fnde\/#webpage","url":"https:\/\/anoticiaonline.com.br\/site\/merendeira-de-sao-francisco-do-gloria-esta-na-final-de-concurso-nacional-do-mec-e-fnde\/","name":"Merendeira de S\u00e3o Francisco do Gl\u00f3ria est\u00e1 na final de Concurso Nacional do MEC e FNDE - A Not\u00edcia Online","description":"H\u00e1 quase 29 anos trabalhando como merendeira em S\u00e3o Francisco do Gl\u00f3ria, cidade localizada a 45 Km de Muria\u00e9, Elza do Carmo Paiva, conhecida carinhosamente como \u201cTia Elza\u201d, est\u00e1 na final do Concurso Nacional de Melhores Receitas da Alimenta\u00e7\u00e3o Escolar, promovido pelo Minist\u00e9rio da Educa\u00e7\u00e3o e Cultura (MEC) e do Fundo Nacional de Desenvolvimento Escolar","inLanguage":"pt-BR","isPartOf":{"@id":"https:\/\/anoticiaonline.com.br\/site\/#website"},"breadcrumb":{"@id":"https:\/\/anoticiaonline.com.br\/site\/merendeira-de-sao-francisco-do-gloria-esta-na-final-de-concurso-nacional-do-mec-e-fnde\/#breadcrumblist"},"author":{"@id":"https:\/\/anoticiaonline.com.br\/site\/author\/juliana\/#author"},"creator":{"@id":"https:\/\/anoticiaonline.com.br\/site\/author\/juliana\/#author"},"image":{"@type":"ImageObject","url":"https:\/\/anoticiaonline.com.br\/site\/wp-content\/uploads\/2017\/09\/Merendeira-de-S\u00e3o-Francisco-do-Gl\u00f3ria-est\u00e1-na-semifinal-de-Concurso-Nacional-do-MEC-e-FNDE-2.jpg","@id":"https:\/\/anoticiaonline.com.br\/site\/merendeira-de-sao-francisco-do-gloria-esta-na-final-de-concurso-nacional-do-mec-e-fnde\/#mainImage","width":640,"height":480},"primaryImageOfPage":{"@id":"https:\/\/anoticiaonline.com.br\/site\/merendeira-de-sao-francisco-do-gloria-esta-na-final-de-concurso-nacional-do-mec-e-fnde\/#mainImage"},"datePublished":"2017-09-21T18:56:57-03:00","dateModified":"2017-09-21T19:02:12-03:00"},{"@type":"WebSite","@id":"https:\/\/anoticiaonline.com.br\/site\/#website","url":"https:\/\/anoticiaonline.com.br\/site\/","name":"A Not\u00edcia Online","description":"Noticias de Muria\u00e9 e regi\u00e3o","inLanguage":"pt-BR","publisher":{"@id":"https:\/\/anoticiaonline.com.br\/site\/#organization"}}]},"og:locale":"pt_BR","og:site_name":"A Not\u00edcia Online - Noticias de Muria\u00e9 e regi\u00e3o","og:type":"article","og:title":"Merendeira de S\u00e3o Francisco do Gl\u00f3ria est\u00e1 na final de Concurso Nacional do MEC e FNDE - A Not\u00edcia Online","og:description":"H\u00e1 quase 29 anos trabalhando como merendeira em S\u00e3o Francisco do Gl\u00f3ria, cidade localizada a 45 Km de Muria\u00e9, Elza do Carmo Paiva, conhecida carinhosamente como \u201cTia Elza\u201d, est\u00e1 na final do Concurso Nacional de Melhores Receitas da Alimenta\u00e7\u00e3o Escolar, promovido pelo Minist\u00e9rio da Educa\u00e7\u00e3o e Cultura (MEC) e do Fundo Nacional de Desenvolvimento Escolar","og:url":"https:\/\/anoticiaonline.com.br\/site\/merendeira-de-sao-francisco-do-gloria-esta-na-final-de-concurso-nacional-do-mec-e-fnde\/","og:image":"https:\/\/scontent-gig4-1.xx.fbcdn.net\/v\/t39.30808-1\/270437624_4564083193639691_6907940295614233970_n.jpg?stp=dst-jpg_s200x200_tt6&#038;_nc_cat=111&#038;ccb=1-7&#038;_nc_sid=f907e8&#038;_nc_ohc=SM1wRlP3lJwQ7kNvwEPuBYA&#038;_nc_oc=AdnqrjDN_BNjSSHWO-GbkIWH6fkGMLw4bqvL_NH6e2wMveX7G-rP2dAqsDSq1mJMOaY&#038;_nc_zt=24&#038;_nc_ht=scontent-gig4-1.xx&#038;_nc_gid=AoBFJeGrT1hVaew_6rchkQ&#038;oh=00_AfX7QmFGhQhG2jAllVgXCiM1ZrWgvtp80-Bfppyexh1QEg&#038;oe=689E923C","og:image:secure_url":"https:\/\/scontent-gig4-1.xx.fbcdn.net\/v\/t39.30808-1\/270437624_4564083193639691_6907940295614233970_n.jpg?stp=dst-jpg_s200x200_tt6&#038;_nc_cat=111&#038;ccb=1-7&#038;_nc_sid=f907e8&#038;_nc_ohc=SM1wRlP3lJwQ7kNvwEPuBYA&#038;_nc_oc=AdnqrjDN_BNjSSHWO-GbkIWH6fkGMLw4bqvL_NH6e2wMveX7G-rP2dAqsDSq1mJMOaY&#038;_nc_zt=24&#038;_nc_ht=scontent-gig4-1.xx&#038;_nc_gid=AoBFJeGrT1hVaew_6rchkQ&#038;oh=00_AfX7QmFGhQhG2jAllVgXCiM1ZrWgvtp80-Bfppyexh1QEg&#038;oe=689E923C","article:published_time":"2017-09-21T21:56:57+00:00","article:modified_time":"2017-09-21T22:02:12+00:00","twitter:card":"summary_large_image","twitter:title":"Merendeira de S\u00e3o Francisco do Gl\u00f3ria est\u00e1 na final de Concurso Nacional do MEC e FNDE - A Not\u00edcia Online","twitter:description":"H\u00e1 quase 29 anos trabalhando como merendeira em S\u00e3o Francisco do Gl\u00f3ria, cidade localizada a 45 Km de Muria\u00e9, Elza do Carmo Paiva, conhecida carinhosamente como \u201cTia Elza\u201d, est\u00e1 na final do Concurso Nacional de Melhores Receitas da Alimenta\u00e7\u00e3o Escolar, promovido pelo Minist\u00e9rio da Educa\u00e7\u00e3o e Cultura (MEC) e do Fundo Nacional de Desenvolvimento Escolar","twitter:image":"https:\/\/scontent-gig4-1.xx.fbcdn.net\/v\/t39.30808-1\/270437624_4564083193639691_6907940295614233970_n.jpg?stp=dst-jpg_s200x200_tt6&_nc_cat=111&ccb=1-7&_nc_sid=f907e8&_nc_ohc=SM1wRlP3lJwQ7kNvwEPuBYA&_nc_oc=AdnqrjDN_BNjSSHWO-GbkIWH6fkGMLw4bqvL_NH6e2wMveX7G-rP2dAqsDSq1mJMOaY&_nc_zt=24&_nc_ht=scontent-gig4-1.xx&_nc_gid=AoBFJeGrT1hVaew_6rchkQ&oh=00_AfX7QmFGhQhG2jAllVgXCiM1ZrWgvtp80-Bfppyexh1QEg&oe=689E923C"},"aioseo_meta_data":{"post_id":"40852","title":null,"description":null,"keywords":null,"keyphrases":null,"primary_term":null,"canonical_url":null,"og_title":null,"og_description":null,"og_object_type":"default","og_image_type":"default","og_image_url":null,"og_image_width":null,"og_image_height":null,"og_image_custom_url":null,"og_image_custom_fields":null,"og_video":null,"og_custom_url":null,"og_article_section":null,"og_article_tags":null,"twitter_use_og":false,"twitter_card":"default","twitter_image_type":"default","twitter_image_url":null,"twitter_image_custom_url":null,"twitter_image_custom_fields":null,"twitter_title":null,"twitter_description":null,"schema":{"blockGraphs":[],"customGraphs":[],"default":{"data":{"Article":[],"Course":[],"Dataset":[],"FAQPage":[],"Movie":[],"Person":[],"Product":[],"ProductReview":[],"Car":[],"Recipe":[],"Service":[],"SoftwareApplication":[],"WebPage":[]},"graphName":"","isEnabled":true},"graphs":[]},"schema_type":"default","schema_type_options":null,"pillar_content":false,"robots_default":true,"robots_noindex":false,"robots_noarchive":false,"robots_nosnippet":false,"robots_nofollow":false,"robots_noimageindex":false,"robots_noodp":false,"robots_notranslate":false,"robots_max_snippet":null,"robots_max_videopreview":null,"robots_max_imagepreview":"large","priority":null,"frequency":null,"local_seo":null,"breadcrumb_settings":null,"limit_modified_date":false,"ai":null,"created":"2025-08-16 19:30:29","updated":"2025-08-16 19:30:29","focus_keyword":null,"additional_keywords":null,"truseo_locale":null,"seo_analyzer_scan_date":null},"aioseo_breadcrumb":"<div class=\"aioseo-breadcrumbs\"><span class=\"aioseo-breadcrumb\">\n\t\t\t<a href=\"https:\/\/anoticiaonline.com.br\/site\" title=\"Home\">Home<\/a>\n\t\t<\/span><span class=\"aioseo-breadcrumb-separator\">&raquo;<\/span><span class=\"aioseo-breadcrumb\">\n\t\t\t<a href=\"https:\/\/anoticiaonline.com.br\/site\/categoria\/regiao\/\" title=\"Regi\u00e3o\">Regi\u00e3o<\/a>\n\t\t<\/span><span class=\"aioseo-breadcrumb-separator\">&raquo;<\/span><span class=\"aioseo-breadcrumb\">\n\t\t\tMerendeira de S\u00e3o Francisco do Gl\u00f3ria est\u00e1 na final de Concurso Nacional do MEC e FNDE\n\t\t<\/span><\/div>","aioseo_breadcrumb_json":[{"label":"Home","link":"https:\/\/anoticiaonline.com.br\/site"},{"label":"Regi\u00e3o","link":"https:\/\/anoticiaonline.com.br\/site\/categoria\/regiao\/"},{"label":"Merendeira de S\u00e3o Francisco do Gl\u00f3ria est\u00e1 na final de Concurso Nacional do MEC e FNDE","link":"https:\/\/anoticiaonline.com.br\/site\/merendeira-de-sao-francisco-do-gloria-esta-na-final-de-concurso-nacional-do-mec-e-fnde\/"}],"views":154,"_links":{"self":[{"href":"https:\/\/anoticiaonline.com.br\/site\/wp-json\/wp\/v2\/posts\/40852","targetHints":{"allow":["GET"]}}],"collection":[{"href":"https:\/\/anoticiaonline.com.br\/site\/wp-json\/wp\/v2\/posts"}],"about":[{"href":"https:\/\/anoticiaonline.com.br\/site\/wp-json\/wp\/v2\/types\/post"}],"author":[{"embeddable":true,"href":"https:\/\/anoticiaonline.com.br\/site\/wp-json\/wp\/v2\/users\/2"}],"replies":[{"embeddable":true,"href":"https:\/\/anoticiaonline.com.br\/site\/wp-json\/wp\/v2\/comments?post=40852"}],"version-history":[{"count":0,"href":"https:\/\/anoticiaonline.com.br\/site\/wp-json\/wp\/v2\/posts\/40852\/revisions"}],"wp:featuredmedia":[{"embeddable":true,"href":"https:\/\/anoticiaonline.com.br\/site\/wp-json\/wp\/v2\/media\/40857"}],"wp:attachment":[{"href":"https:\/\/anoticiaonline.com.br\/site\/wp-json\/wp\/v2\/media?parent=40852"}],"wp:term":[{"taxonomy":"category","embeddable":true,"href":"https:\/\/anoticiaonline.com.br\/site\/wp-json\/wp\/v2\/categories?post=40852"},{"taxonomy":"post_tag","embeddable":true,"href":"https:\/\/anoticiaonline.com.br\/site\/wp-json\/wp\/v2\/tags?post=40852"}],"curies":[{"name":"wp","href":"https:\/\/api.w.org\/{rel}","templated":true}]}}