{"id":40821,"date":"2017-09-20T17:38:59","date_gmt":"2017-09-20T20:38:59","guid":{"rendered":"http:\/\/anoticiaonline.com.br\/site\/?p=40821"},"modified":"2017-09-20T17:42:37","modified_gmt":"2017-09-20T20:42:37","slug":"muriae-assume-atribuicao-de-licenciar-monitorar-e-fiscalizar-atividades-e-empreendimentos-ambientais","status":"publish","type":"post","link":"https:\/\/anoticiaonline.com.br\/site\/muriae-assume-atribuicao-de-licenciar-monitorar-e-fiscalizar-atividades-e-empreendimentos-ambientais\/","title":{"rendered":"Muria\u00e9 assume atribui\u00e7\u00e3o de licenciar, monitorar e fiscalizar atividades e empreendimentos ambientais"},"content":{"rendered":"<figure id=\"attachment_40822\" aria-describedby=\"caption-attachment-40822\" style=\"width: 290px\" class=\"wp-caption alignleft\"><a href=\"https:\/\/anoticiaonline.com.br\/site\/wp-content\/uploads\/2017\/09\/Muria\u00e9-assume-atribui\u00e7\u00e3o-de-licenciar-monitorar-e-fiscalizar-atividades-e-empreendimentos-ambientais.jpg\"><img fetchpriority=\"high\" decoding=\"async\" class=\"size-medium wp-image-40822\" src=\"https:\/\/anoticiaonline.com.br\/site\/wp-content\/uploads\/2017\/09\/Muria\u00e9-assume-atribui\u00e7\u00e3o-de-licenciar-monitorar-e-fiscalizar-atividades-e-empreendimentos-ambientais-300x206.jpg\" alt=\"\" width=\"300\" height=\"206\" srcset=\"https:\/\/anoticiaonline.com.br\/site\/wp-content\/uploads\/2017\/09\/Muria\u00e9-assume-atribui\u00e7\u00e3o-de-licenciar-monitorar-e-fiscalizar-atividades-e-empreendimentos-ambientais-300x206.jpg 300w, https:\/\/anoticiaonline.com.br\/site\/wp-content\/uploads\/2017\/09\/Muria\u00e9-assume-atribui\u00e7\u00e3o-de-licenciar-monitorar-e-fiscalizar-atividades-e-empreendimentos-ambientais.jpg 600w\" sizes=\"(max-width: 300px) 100vw, 300px\" \/><\/a><figcaption id=\"caption-attachment-40822\" class=\"wp-caption-text\">Foto: ASCOM PMM<\/figcaption><\/figure>\n<p class=\"m-3260029283088840296gmail-msonospacing\" style=\"text-align: justify; background: white;\"><span style=\"color: #222222;\">Muria\u00e9 \u00e9 a primeira cidade da Zona da Mata mineira a assumir a atribui\u00e7\u00e3o de licenciar, monitorar e fiscalizar empreendimentos e atividades de licenciamento ambiental. O acordo, definido com o governo estadual, vai gerar agilidade na concess\u00e3o do licenciamento, al\u00e9m de proporcionar seguran\u00e7a na libera\u00e7\u00e3o do documento, pois a avalia\u00e7\u00e3o ser\u00e1 realizada por t\u00e9cnicos locais. As atividades passar\u00e3o a ser licenciadas pela prefeitura.<\/span><\/p>\n<p class=\"m-3260029283088840296gmail-msonospacing\" style=\"text-align: justify; background: white;\"><span style=\"color: #222222;\">A assinatura para formalizar o acordo aconteceu nesta ter\u00e7a-feira (19), durante reuni\u00e3o entre o prefeito Grego e o secret\u00e1rio Estadual de Meio Ambiente, Jairo Jos\u00e9 Isaac, na Superintend\u00eancia Regional de Meio Ambiente Central Metropolitana, em Belo Horizonte.\u00a0 Na reuni\u00e3o, a situa\u00e7\u00e3o do Rio Muria\u00e9 tamb\u00e9m fez parte da pauta. O prefeito, que esta semana est\u00e1 visitando BH e Bras\u00edlia, adiantou que a prefeitura j\u00e1 iniciou as an\u00e1lises para as a\u00e7\u00f5es que ser\u00e3o realizadas em breve no rio, como a limpeza das margens, interven\u00e7\u00e3o nas plantas aqu\u00e1ticas e outras melhorias.<\/span><\/p>\n<p class=\"m-3260029283088840296gmail-msonospacing\" style=\"text-align: justify; background: white;\"><span style=\"color: #222222;\">Em breve, atividades como procedimentos gerais de licenciamento ambiental, atividades industriais, de piscicultura e dos setores t\u00eaxtil, confeccionista e automotivo passar\u00e3o a ser licenciadas pela prefeitura. Antes, os muriaeenses tinham que ir at\u00e9 Ub\u00e1 para regularizar seus empreendimentos. J\u00e1 o recurso extra, gerado pelo licenciamento, ser\u00e1 aplicado, diretamente, em a\u00e7\u00f5es de prote\u00e7\u00e3o e preserva\u00e7\u00e3o do meio ambiente em Muria\u00e9.<\/span><\/p>\n","protected":false},"excerpt":{"rendered":"<p>Muria\u00e9 \u00e9 a primeira cidade da Zona da Mata mineira a assumir a atribui\u00e7\u00e3o de licenciar, monitorar e fiscalizar empreendimentos e atividades de licenciamento ambiental. O acordo, definido com o governo estadual, vai gerar agilidade na concess\u00e3o do licenciamento, al\u00e9m de proporcionar seguran\u00e7a na libera\u00e7\u00e3o do documento, pois a avalia\u00e7\u00e3o ser\u00e1 realizada por t\u00e9cnicos locais. &#8230; <a title=\"Muria\u00e9 assume atribui\u00e7\u00e3o de licenciar, monitorar e fiscalizar atividades e empreendimentos ambientais\" class=\"read-more\" href=\"https:\/\/anoticiaonline.com.br\/site\/muriae-assume-atribuicao-de-licenciar-monitorar-e-fiscalizar-atividades-e-empreendimentos-ambientais\/\" aria-label=\"Read more about Muria\u00e9 assume atribui\u00e7\u00e3o de licenciar, monitorar e fiscalizar atividades e empreendimentos ambientais\">Ler mais<\/a><\/p>\n","protected":false},"author":2,"featured_media":40822,"comment_status":"open","ping_status":"open","sticky":false,"template":"","format":"standard","meta":{"_acf_changed":false,"_monsterinsights_skip_tracking":false,"footnotes":""},"categories":[30],"tags":[126,1138,1137,58,419,74,246,3],"class_list":["post-40821","post","type-post","status-publish","format-standard","has-post-thumbnail","hentry","category-muriae","tag-cidade","tag-empreendimentos","tag-licancas","tag-meio-ambiente","tag-minas-gerais","tag-muriae","tag-prefeitura","tag-slide"],"acf":[],"aioseo_notices":[],"aioseo_head":"\n\t\t<!-- All in One SEO 5.0.0.1 - aioseo.com -->\n\t<meta name=\"description\" content=\"Muria\u00e9 \u00e9 a primeira cidade da Zona da Mata mineira a assumir a atribui\u00e7\u00e3o de licenciar, monitorar e fiscalizar empreendimentos e atividades de licenciamento ambiental. O acordo, definido com o governo estadual, vai gerar agilidade na concess\u00e3o do licenciamento, al\u00e9m de proporcionar seguran\u00e7a na libera\u00e7\u00e3o do documento, pois a avalia\u00e7\u00e3o ser\u00e1 realizada por t\u00e9cnicos locais.\" \/>\n\t<meta name=\"robots\" content=\"max-image-preview:large\" \/>\n\t<meta name=\"author\" content=\"Juliana Laviola\"\/>\n\t<link rel=\"canonical\" href=\"https:\/\/anoticiaonline.com.br\/site\/muriae-assume-atribuicao-de-licenciar-monitorar-e-fiscalizar-atividades-e-empreendimentos-ambientais\/\" \/>\n\t<meta name=\"generator\" content=\"All in One SEO (AIOSEO) 5.0.0.1\" \/>\n\t\t<meta property=\"og:locale\" content=\"pt_BR\" \/>\n\t\t<meta property=\"og:site_name\" content=\"A Not\u00edcia Online - Noticias de Muria\u00e9 e regi\u00e3o\" \/>\n\t\t<meta property=\"og:type\" content=\"article\" \/>\n\t\t<meta property=\"og:title\" content=\"Muria\u00e9 assume atribui\u00e7\u00e3o de licenciar, monitorar e fiscalizar atividades e empreendimentos ambientais - A Not\u00edcia Online\" \/>\n\t\t<meta property=\"og:description\" content=\"Muria\u00e9 \u00e9 a primeira cidade da Zona da Mata mineira a assumir a atribui\u00e7\u00e3o de licenciar, monitorar e fiscalizar empreendimentos e atividades de licenciamento ambiental. O acordo, definido com o governo estadual, vai gerar agilidade na concess\u00e3o do licenciamento, al\u00e9m de proporcionar seguran\u00e7a na libera\u00e7\u00e3o do documento, pois a avalia\u00e7\u00e3o ser\u00e1 realizada por t\u00e9cnicos locais.\" \/>\n\t\t<meta property=\"og:url\" content=\"https:\/\/anoticiaonline.com.br\/site\/muriae-assume-atribuicao-de-licenciar-monitorar-e-fiscalizar-atividades-e-empreendimentos-ambientais\/\" \/>\n\t\t<meta property=\"og:image\" content=\"https:\/\/scontent-gig4-1.xx.fbcdn.net\/v\/t39.30808-1\/270437624_4564083193639691_6907940295614233970_n.jpg?stp=dst-jpg_s200x200_tt6&#038;_nc_cat=111&#038;ccb=1-7&#038;_nc_sid=f907e8&#038;_nc_ohc=SM1wRlP3lJwQ7kNvwEPuBYA&#038;_nc_oc=AdnqrjDN_BNjSSHWO-GbkIWH6fkGMLw4bqvL_NH6e2wMveX7G-rP2dAqsDSq1mJMOaY&#038;_nc_zt=24&#038;_nc_ht=scontent-gig4-1.xx&#038;_nc_gid=AoBFJeGrT1hVaew_6rchkQ&#038;oh=00_AfX7QmFGhQhG2jAllVgXCiM1ZrWgvtp80-Bfppyexh1QEg&#038;oe=689E923C\" \/>\n\t\t<meta property=\"og:image:secure_url\" content=\"https:\/\/scontent-gig4-1.xx.fbcdn.net\/v\/t39.30808-1\/270437624_4564083193639691_6907940295614233970_n.jpg?stp=dst-jpg_s200x200_tt6&#038;_nc_cat=111&#038;ccb=1-7&#038;_nc_sid=f907e8&#038;_nc_ohc=SM1wRlP3lJwQ7kNvwEPuBYA&#038;_nc_oc=AdnqrjDN_BNjSSHWO-GbkIWH6fkGMLw4bqvL_NH6e2wMveX7G-rP2dAqsDSq1mJMOaY&#038;_nc_zt=24&#038;_nc_ht=scontent-gig4-1.xx&#038;_nc_gid=AoBFJeGrT1hVaew_6rchkQ&#038;oh=00_AfX7QmFGhQhG2jAllVgXCiM1ZrWgvtp80-Bfppyexh1QEg&#038;oe=689E923C\" \/>\n\t\t<meta property=\"article:published_time\" content=\"2017-09-20T20:38:59+00:00\" \/>\n\t\t<meta property=\"article:modified_time\" content=\"2017-09-20T20:42:37+00:00\" \/>\n\t\t<meta name=\"twitter:card\" content=\"summary_large_image\" \/>\n\t\t<meta name=\"twitter:title\" content=\"Muria\u00e9 assume atribui\u00e7\u00e3o de licenciar, monitorar e fiscalizar atividades e empreendimentos ambientais - A Not\u00edcia Online\" \/>\n\t\t<meta name=\"twitter:description\" content=\"Muria\u00e9 \u00e9 a primeira cidade da Zona da Mata mineira a assumir a atribui\u00e7\u00e3o de licenciar, monitorar e fiscalizar empreendimentos e atividades de licenciamento ambiental. O acordo, definido com o governo estadual, vai gerar agilidade na concess\u00e3o do licenciamento, al\u00e9m de proporcionar seguran\u00e7a na libera\u00e7\u00e3o do documento, pois a avalia\u00e7\u00e3o ser\u00e1 realizada por t\u00e9cnicos locais.\" \/>\n\t\t<meta name=\"twitter:image\" content=\"https:\/\/scontent-gig4-1.xx.fbcdn.net\/v\/t39.30808-1\/270437624_4564083193639691_6907940295614233970_n.jpg?stp=dst-jpg_s200x200_tt6&amp;_nc_cat=111&amp;ccb=1-7&amp;_nc_sid=f907e8&amp;_nc_ohc=SM1wRlP3lJwQ7kNvwEPuBYA&amp;_nc_oc=AdnqrjDN_BNjSSHWO-GbkIWH6fkGMLw4bqvL_NH6e2wMveX7G-rP2dAqsDSq1mJMOaY&amp;_nc_zt=24&amp;_nc_ht=scontent-gig4-1.xx&amp;_nc_gid=AoBFJeGrT1hVaew_6rchkQ&amp;oh=00_AfX7QmFGhQhG2jAllVgXCiM1ZrWgvtp80-Bfppyexh1QEg&amp;oe=689E923C\" \/>\n\t\t<script type=\"application\/ld+json\" class=\"aioseo-schema\">\n\t\t\t{\"@context\":\"https:\\\/\\\/schema.org\",\"@graph\":[{\"@type\":\"BlogPosting\",\"@id\":\"https:\\\/\\\/anoticiaonline.com.br\\\/site\\\/muriae-assume-atribuicao-de-licenciar-monitorar-e-fiscalizar-atividades-e-empreendimentos-ambientais\\\/#blogposting\",\"name\":\"Muria\\u00e9 assume atribui\\u00e7\\u00e3o de licenciar, monitorar e fiscalizar atividades e empreendimentos ambientais - A Not\\u00edcia Online\",\"headline\":\"Muria\\u00e9 assume atribui\\u00e7\\u00e3o de licenciar, monitorar e fiscalizar atividades e empreendimentos ambientais\",\"author\":{\"@id\":\"https:\\\/\\\/anoticiaonline.com.br\\\/site\\\/author\\\/juliana\\\/#author\"},\"publisher\":{\"@id\":\"https:\\\/\\\/anoticiaonline.com.br\\\/site\\\/#organization\"},\"image\":{\"@type\":\"ImageObject\",\"url\":\"https:\\\/\\\/anoticiaonline.com.br\\\/site\\\/wp-content\\\/uploads\\\/2017\\\/09\\\/Muria\\u00e9-assume-atribui\\u00e7\\u00e3o-de-licenciar-monitorar-e-fiscalizar-atividades-e-empreendimentos-ambientais.jpg\",\"width\":600,\"height\":412,\"caption\":\"Foto: ASCOM PMM\"},\"datePublished\":\"2017-09-20T17:38:59-03:00\",\"dateModified\":\"2017-09-20T17:42:37-03:00\",\"inLanguage\":\"pt-BR\",\"mainEntityOfPage\":{\"@id\":\"https:\\\/\\\/anoticiaonline.com.br\\\/site\\\/muriae-assume-atribuicao-de-licenciar-monitorar-e-fiscalizar-atividades-e-empreendimentos-ambientais\\\/#webpage\"},\"isPartOf\":{\"@id\":\"https:\\\/\\\/anoticiaonline.com.br\\\/site\\\/muriae-assume-atribuicao-de-licenciar-monitorar-e-fiscalizar-atividades-e-empreendimentos-ambientais\\\/#webpage\"},\"articleSection\":\"Blog, cidade, empreendimentos, lican\\u00e7as, meio ambiente, minas gerais, Muria\\u00e9, prefeitura, slide\"},{\"@type\":\"BreadcrumbList\",\"@id\":\"https:\\\/\\\/anoticiaonline.com.br\\\/site\\\/muriae-assume-atribuicao-de-licenciar-monitorar-e-fiscalizar-atividades-e-empreendimentos-ambientais\\\/#breadcrumblist\",\"itemListElement\":[{\"@type\":\"ListItem\",\"@id\":\"https:\\\/\\\/anoticiaonline.com.br\\\/site#listItem\",\"position\":1,\"name\":\"Home\",\"item\":\"https:\\\/\\\/anoticiaonline.com.br\\\/site\",\"nextItem\":{\"@type\":\"ListItem\",\"@id\":\"https:\\\/\\\/anoticiaonline.com.br\\\/site\\\/categoria\\\/muriae\\\/#listItem\",\"name\":\"Blog\"}},{\"@type\":\"ListItem\",\"@id\":\"https:\\\/\\\/anoticiaonline.com.br\\\/site\\\/categoria\\\/muriae\\\/#listItem\",\"position\":2,\"name\":\"Blog\",\"item\":\"https:\\\/\\\/anoticiaonline.com.br\\\/site\\\/categoria\\\/muriae\\\/\",\"nextItem\":{\"@type\":\"ListItem\",\"@id\":\"https:\\\/\\\/anoticiaonline.com.br\\\/site\\\/muriae-assume-atribuicao-de-licenciar-monitorar-e-fiscalizar-atividades-e-empreendimentos-ambientais\\\/#listItem\",\"name\":\"Muria\\u00e9 assume atribui\\u00e7\\u00e3o de licenciar, monitorar e fiscalizar atividades e empreendimentos ambientais\"},\"previousItem\":{\"@type\":\"ListItem\",\"@id\":\"https:\\\/\\\/anoticiaonline.com.br\\\/site#listItem\",\"name\":\"Home\"}},{\"@type\":\"ListItem\",\"@id\":\"https:\\\/\\\/anoticiaonline.com.br\\\/site\\\/muriae-assume-atribuicao-de-licenciar-monitorar-e-fiscalizar-atividades-e-empreendimentos-ambientais\\\/#listItem\",\"position\":3,\"name\":\"Muria\\u00e9 assume atribui\\u00e7\\u00e3o de licenciar, monitorar e fiscalizar atividades e empreendimentos ambientais\",\"previousItem\":{\"@type\":\"ListItem\",\"@id\":\"https:\\\/\\\/anoticiaonline.com.br\\\/site\\\/categoria\\\/muriae\\\/#listItem\",\"name\":\"Blog\"}}]},{\"@type\":\"Organization\",\"@id\":\"https:\\\/\\\/anoticiaonline.com.br\\\/site\\\/#organization\",\"name\":\"A Not\\u00edcia Online\",\"description\":\"Noticias de Muria\\u00e9 e regi\\u00e3o\",\"url\":\"https:\\\/\\\/anoticiaonline.com.br\\\/site\\\/\",\"logo\":{\"@type\":\"ImageObject\",\"url\":\"https:\\\/\\\/scontent-gig4-1.xx.fbcdn.net\\\/v\\\/t39.30808-1\\\/270437624_4564083193639691_6907940295614233970_n.jpg?stp=dst-jpg_s200x200_tt6&_nc_cat=111&ccb=1-7&_nc_sid=f907e8&_nc_ohc=SM1wRlP3lJwQ7kNvwEPuBYA&_nc_oc=AdnqrjDN_BNjSSHWO-GbkIWH6fkGMLw4bqvL_NH6e2wMveX7G-rP2dAqsDSq1mJMOaY&_nc_zt=24&_nc_ht=scontent-gig4-1.xx&_nc_gid=AoBFJeGrT1hVaew_6rchkQ&oh=00_AfX7QmFGhQhG2jAllVgXCiM1ZrWgvtp80-Bfppyexh1QEg&oe=689E923C\",\"@id\":\"https:\\\/\\\/anoticiaonline.com.br\\\/site\\\/muriae-assume-atribuicao-de-licenciar-monitorar-e-fiscalizar-atividades-e-empreendimentos-ambientais\\\/#organizationLogo\"},\"image\":{\"@id\":\"https:\\\/\\\/anoticiaonline.com.br\\\/site\\\/muriae-assume-atribuicao-de-licenciar-monitorar-e-fiscalizar-atividades-e-empreendimentos-ambientais\\\/#organizationLogo\"}},{\"@type\":\"Person\",\"@id\":\"https:\\\/\\\/anoticiaonline.com.br\\\/site\\\/author\\\/juliana\\\/#author\",\"url\":\"https:\\\/\\\/anoticiaonline.com.br\\\/site\\\/author\\\/juliana\\\/\",\"name\":\"Juliana Laviola\",\"image\":{\"@type\":\"ImageObject\",\"@id\":\"https:\\\/\\\/anoticiaonline.com.br\\\/site\\\/muriae-assume-atribuicao-de-licenciar-monitorar-e-fiscalizar-atividades-e-empreendimentos-ambientais\\\/#authorImage\",\"url\":\"https:\\\/\\\/secure.gravatar.com\\\/avatar\\\/b8d45f5c699b100dfaf0e543582f38f38bf94cb7ae3a5e9abf8d891a34773335?s=96&d=mm&r=g\",\"width\":96,\"height\":96,\"caption\":\"Juliana Laviola\"}},{\"@type\":\"WebPage\",\"@id\":\"https:\\\/\\\/anoticiaonline.com.br\\\/site\\\/muriae-assume-atribuicao-de-licenciar-monitorar-e-fiscalizar-atividades-e-empreendimentos-ambientais\\\/#webpage\",\"url\":\"https:\\\/\\\/anoticiaonline.com.br\\\/site\\\/muriae-assume-atribuicao-de-licenciar-monitorar-e-fiscalizar-atividades-e-empreendimentos-ambientais\\\/\",\"name\":\"Muria\\u00e9 assume atribui\\u00e7\\u00e3o de licenciar, monitorar e fiscalizar atividades e empreendimentos ambientais - A Not\\u00edcia Online\",\"description\":\"Muria\\u00e9 \\u00e9 a primeira cidade da Zona da Mata mineira a assumir a atribui\\u00e7\\u00e3o de licenciar, monitorar e fiscalizar empreendimentos e atividades de licenciamento ambiental. O acordo, definido com o governo estadual, vai gerar agilidade na concess\\u00e3o do licenciamento, al\\u00e9m de proporcionar seguran\\u00e7a na libera\\u00e7\\u00e3o do documento, pois a avalia\\u00e7\\u00e3o ser\\u00e1 realizada por t\\u00e9cnicos locais.\",\"inLanguage\":\"pt-BR\",\"isPartOf\":{\"@id\":\"https:\\\/\\\/anoticiaonline.com.br\\\/site\\\/#website\"},\"breadcrumb\":{\"@id\":\"https:\\\/\\\/anoticiaonline.com.br\\\/site\\\/muriae-assume-atribuicao-de-licenciar-monitorar-e-fiscalizar-atividades-e-empreendimentos-ambientais\\\/#breadcrumblist\"},\"author\":{\"@id\":\"https:\\\/\\\/anoticiaonline.com.br\\\/site\\\/author\\\/juliana\\\/#author\"},\"creator\":{\"@id\":\"https:\\\/\\\/anoticiaonline.com.br\\\/site\\\/author\\\/juliana\\\/#author\"},\"image\":{\"@type\":\"ImageObject\",\"url\":\"https:\\\/\\\/anoticiaonline.com.br\\\/site\\\/wp-content\\\/uploads\\\/2017\\\/09\\\/Muria\\u00e9-assume-atribui\\u00e7\\u00e3o-de-licenciar-monitorar-e-fiscalizar-atividades-e-empreendimentos-ambientais.jpg\",\"@id\":\"https:\\\/\\\/anoticiaonline.com.br\\\/site\\\/muriae-assume-atribuicao-de-licenciar-monitorar-e-fiscalizar-atividades-e-empreendimentos-ambientais\\\/#mainImage\",\"width\":600,\"height\":412,\"caption\":\"Foto: ASCOM PMM\"},\"primaryImageOfPage\":{\"@id\":\"https:\\\/\\\/anoticiaonline.com.br\\\/site\\\/muriae-assume-atribuicao-de-licenciar-monitorar-e-fiscalizar-atividades-e-empreendimentos-ambientais\\\/#mainImage\"},\"datePublished\":\"2017-09-20T17:38:59-03:00\",\"dateModified\":\"2017-09-20T17:42:37-03:00\"},{\"@type\":\"WebSite\",\"@id\":\"https:\\\/\\\/anoticiaonline.com.br\\\/site\\\/#website\",\"url\":\"https:\\\/\\\/anoticiaonline.com.br\\\/site\\\/\",\"name\":\"A Not\\u00edcia Online\",\"description\":\"Noticias de Muria\\u00e9 e regi\\u00e3o\",\"inLanguage\":\"pt-BR\",\"publisher\":{\"@id\":\"https:\\\/\\\/anoticiaonline.com.br\\\/site\\\/#organization\"}}]}\n\t\t<\/script>\n\t\t<!-- All in One SEO -->\n\n","aioseo_head_json":{"title":"Muria\u00e9 assume atribui\u00e7\u00e3o de licenciar, monitorar e fiscalizar atividades e empreendimentos ambientais - A Not\u00edcia Online","description":"Muria\u00e9 \u00e9 a primeira cidade da Zona da Mata mineira a assumir a atribui\u00e7\u00e3o de licenciar, monitorar e fiscalizar empreendimentos e atividades de licenciamento ambiental. O acordo, definido com o governo estadual, vai gerar agilidade na concess\u00e3o do licenciamento, al\u00e9m de proporcionar seguran\u00e7a na libera\u00e7\u00e3o do documento, pois a avalia\u00e7\u00e3o ser\u00e1 realizada por t\u00e9cnicos locais.","canonical_url":"https:\/\/anoticiaonline.com.br\/site\/muriae-assume-atribuicao-de-licenciar-monitorar-e-fiscalizar-atividades-e-empreendimentos-ambientais\/","robots":"max-image-preview:large","keywords":"","webmasterTools":{"miscellaneous":""},"schema":{"@context":"https:\/\/schema.org","@graph":[{"@type":"BlogPosting","@id":"https:\/\/anoticiaonline.com.br\/site\/muriae-assume-atribuicao-de-licenciar-monitorar-e-fiscalizar-atividades-e-empreendimentos-ambientais\/#blogposting","name":"Muria\u00e9 assume atribui\u00e7\u00e3o de licenciar, monitorar e fiscalizar atividades e empreendimentos ambientais - A Not\u00edcia Online","headline":"Muria\u00e9 assume atribui\u00e7\u00e3o de licenciar, monitorar e fiscalizar atividades e empreendimentos ambientais","author":{"@id":"https:\/\/anoticiaonline.com.br\/site\/author\/juliana\/#author"},"publisher":{"@id":"https:\/\/anoticiaonline.com.br\/site\/#organization"},"image":{"@type":"ImageObject","url":"https:\/\/anoticiaonline.com.br\/site\/wp-content\/uploads\/2017\/09\/Muria\u00e9-assume-atribui\u00e7\u00e3o-de-licenciar-monitorar-e-fiscalizar-atividades-e-empreendimentos-ambientais.jpg","width":600,"height":412,"caption":"Foto: ASCOM PMM"},"datePublished":"2017-09-20T17:38:59-03:00","dateModified":"2017-09-20T17:42:37-03:00","inLanguage":"pt-BR","mainEntityOfPage":{"@id":"https:\/\/anoticiaonline.com.br\/site\/muriae-assume-atribuicao-de-licenciar-monitorar-e-fiscalizar-atividades-e-empreendimentos-ambientais\/#webpage"},"isPartOf":{"@id":"https:\/\/anoticiaonline.com.br\/site\/muriae-assume-atribuicao-de-licenciar-monitorar-e-fiscalizar-atividades-e-empreendimentos-ambientais\/#webpage"},"articleSection":"Blog, cidade, empreendimentos, lican\u00e7as, meio ambiente, minas gerais, Muria\u00e9, prefeitura, slide"},{"@type":"BreadcrumbList","@id":"https:\/\/anoticiaonline.com.br\/site\/muriae-assume-atribuicao-de-licenciar-monitorar-e-fiscalizar-atividades-e-empreendimentos-ambientais\/#breadcrumblist","itemListElement":[{"@type":"ListItem","@id":"https:\/\/anoticiaonline.com.br\/site#listItem","position":1,"name":"Home","item":"https:\/\/anoticiaonline.com.br\/site","nextItem":{"@type":"ListItem","@id":"https:\/\/anoticiaonline.com.br\/site\/categoria\/muriae\/#listItem","name":"Blog"}},{"@type":"ListItem","@id":"https:\/\/anoticiaonline.com.br\/site\/categoria\/muriae\/#listItem","position":2,"name":"Blog","item":"https:\/\/anoticiaonline.com.br\/site\/categoria\/muriae\/","nextItem":{"@type":"ListItem","@id":"https:\/\/anoticiaonline.com.br\/site\/muriae-assume-atribuicao-de-licenciar-monitorar-e-fiscalizar-atividades-e-empreendimentos-ambientais\/#listItem","name":"Muria\u00e9 assume atribui\u00e7\u00e3o de licenciar, monitorar e fiscalizar atividades e empreendimentos ambientais"},"previousItem":{"@type":"ListItem","@id":"https:\/\/anoticiaonline.com.br\/site#listItem","name":"Home"}},{"@type":"ListItem","@id":"https:\/\/anoticiaonline.com.br\/site\/muriae-assume-atribuicao-de-licenciar-monitorar-e-fiscalizar-atividades-e-empreendimentos-ambientais\/#listItem","position":3,"name":"Muria\u00e9 assume atribui\u00e7\u00e3o de licenciar, monitorar e fiscalizar atividades e empreendimentos ambientais","previousItem":{"@type":"ListItem","@id":"https:\/\/anoticiaonline.com.br\/site\/categoria\/muriae\/#listItem","name":"Blog"}}]},{"@type":"Organization","@id":"https:\/\/anoticiaonline.com.br\/site\/#organization","name":"A Not\u00edcia Online","description":"Noticias de Muria\u00e9 e regi\u00e3o","url":"https:\/\/anoticiaonline.com.br\/site\/","logo":{"@type":"ImageObject","url":"https:\/\/scontent-gig4-1.xx.fbcdn.net\/v\/t39.30808-1\/270437624_4564083193639691_6907940295614233970_n.jpg?stp=dst-jpg_s200x200_tt6&_nc_cat=111&ccb=1-7&_nc_sid=f907e8&_nc_ohc=SM1wRlP3lJwQ7kNvwEPuBYA&_nc_oc=AdnqrjDN_BNjSSHWO-GbkIWH6fkGMLw4bqvL_NH6e2wMveX7G-rP2dAqsDSq1mJMOaY&_nc_zt=24&_nc_ht=scontent-gig4-1.xx&_nc_gid=AoBFJeGrT1hVaew_6rchkQ&oh=00_AfX7QmFGhQhG2jAllVgXCiM1ZrWgvtp80-Bfppyexh1QEg&oe=689E923C","@id":"https:\/\/anoticiaonline.com.br\/site\/muriae-assume-atribuicao-de-licenciar-monitorar-e-fiscalizar-atividades-e-empreendimentos-ambientais\/#organizationLogo"},"image":{"@id":"https:\/\/anoticiaonline.com.br\/site\/muriae-assume-atribuicao-de-licenciar-monitorar-e-fiscalizar-atividades-e-empreendimentos-ambientais\/#organizationLogo"}},{"@type":"Person","@id":"https:\/\/anoticiaonline.com.br\/site\/author\/juliana\/#author","url":"https:\/\/anoticiaonline.com.br\/site\/author\/juliana\/","name":"Juliana Laviola","image":{"@type":"ImageObject","@id":"https:\/\/anoticiaonline.com.br\/site\/muriae-assume-atribuicao-de-licenciar-monitorar-e-fiscalizar-atividades-e-empreendimentos-ambientais\/#authorImage","url":"https:\/\/secure.gravatar.com\/avatar\/b8d45f5c699b100dfaf0e543582f38f38bf94cb7ae3a5e9abf8d891a34773335?s=96&d=mm&r=g","width":96,"height":96,"caption":"Juliana Laviola"}},{"@type":"WebPage","@id":"https:\/\/anoticiaonline.com.br\/site\/muriae-assume-atribuicao-de-licenciar-monitorar-e-fiscalizar-atividades-e-empreendimentos-ambientais\/#webpage","url":"https:\/\/anoticiaonline.com.br\/site\/muriae-assume-atribuicao-de-licenciar-monitorar-e-fiscalizar-atividades-e-empreendimentos-ambientais\/","name":"Muria\u00e9 assume atribui\u00e7\u00e3o de licenciar, monitorar e fiscalizar atividades e empreendimentos ambientais - A Not\u00edcia Online","description":"Muria\u00e9 \u00e9 a primeira cidade da Zona da Mata mineira a assumir a atribui\u00e7\u00e3o de licenciar, monitorar e fiscalizar empreendimentos e atividades de licenciamento ambiental. O acordo, definido com o governo estadual, vai gerar agilidade na concess\u00e3o do licenciamento, al\u00e9m de proporcionar seguran\u00e7a na libera\u00e7\u00e3o do documento, pois a avalia\u00e7\u00e3o ser\u00e1 realizada por t\u00e9cnicos locais.","inLanguage":"pt-BR","isPartOf":{"@id":"https:\/\/anoticiaonline.com.br\/site\/#website"},"breadcrumb":{"@id":"https:\/\/anoticiaonline.com.br\/site\/muriae-assume-atribuicao-de-licenciar-monitorar-e-fiscalizar-atividades-e-empreendimentos-ambientais\/#breadcrumblist"},"author":{"@id":"https:\/\/anoticiaonline.com.br\/site\/author\/juliana\/#author"},"creator":{"@id":"https:\/\/anoticiaonline.com.br\/site\/author\/juliana\/#author"},"image":{"@type":"ImageObject","url":"https:\/\/anoticiaonline.com.br\/site\/wp-content\/uploads\/2017\/09\/Muria\u00e9-assume-atribui\u00e7\u00e3o-de-licenciar-monitorar-e-fiscalizar-atividades-e-empreendimentos-ambientais.jpg","@id":"https:\/\/anoticiaonline.com.br\/site\/muriae-assume-atribuicao-de-licenciar-monitorar-e-fiscalizar-atividades-e-empreendimentos-ambientais\/#mainImage","width":600,"height":412,"caption":"Foto: ASCOM PMM"},"primaryImageOfPage":{"@id":"https:\/\/anoticiaonline.com.br\/site\/muriae-assume-atribuicao-de-licenciar-monitorar-e-fiscalizar-atividades-e-empreendimentos-ambientais\/#mainImage"},"datePublished":"2017-09-20T17:38:59-03:00","dateModified":"2017-09-20T17:42:37-03:00"},{"@type":"WebSite","@id":"https:\/\/anoticiaonline.com.br\/site\/#website","url":"https:\/\/anoticiaonline.com.br\/site\/","name":"A Not\u00edcia Online","description":"Noticias de Muria\u00e9 e regi\u00e3o","inLanguage":"pt-BR","publisher":{"@id":"https:\/\/anoticiaonline.com.br\/site\/#organization"}}]},"og:locale":"pt_BR","og:site_name":"A Not\u00edcia Online - Noticias de Muria\u00e9 e regi\u00e3o","og:type":"article","og:title":"Muria\u00e9 assume atribui\u00e7\u00e3o de licenciar, monitorar e fiscalizar atividades e empreendimentos ambientais - A Not\u00edcia Online","og:description":"Muria\u00e9 \u00e9 a primeira cidade da Zona da Mata mineira a assumir a atribui\u00e7\u00e3o de licenciar, monitorar e fiscalizar empreendimentos e atividades de licenciamento ambiental. O acordo, definido com o governo estadual, vai gerar agilidade na concess\u00e3o do licenciamento, al\u00e9m de proporcionar seguran\u00e7a na libera\u00e7\u00e3o do documento, pois a avalia\u00e7\u00e3o ser\u00e1 realizada por t\u00e9cnicos locais.","og:url":"https:\/\/anoticiaonline.com.br\/site\/muriae-assume-atribuicao-de-licenciar-monitorar-e-fiscalizar-atividades-e-empreendimentos-ambientais\/","og:image":"https:\/\/scontent-gig4-1.xx.fbcdn.net\/v\/t39.30808-1\/270437624_4564083193639691_6907940295614233970_n.jpg?stp=dst-jpg_s200x200_tt6&#038;_nc_cat=111&#038;ccb=1-7&#038;_nc_sid=f907e8&#038;_nc_ohc=SM1wRlP3lJwQ7kNvwEPuBYA&#038;_nc_oc=AdnqrjDN_BNjSSHWO-GbkIWH6fkGMLw4bqvL_NH6e2wMveX7G-rP2dAqsDSq1mJMOaY&#038;_nc_zt=24&#038;_nc_ht=scontent-gig4-1.xx&#038;_nc_gid=AoBFJeGrT1hVaew_6rchkQ&#038;oh=00_AfX7QmFGhQhG2jAllVgXCiM1ZrWgvtp80-Bfppyexh1QEg&#038;oe=689E923C","og:image:secure_url":"https:\/\/scontent-gig4-1.xx.fbcdn.net\/v\/t39.30808-1\/270437624_4564083193639691_6907940295614233970_n.jpg?stp=dst-jpg_s200x200_tt6&#038;_nc_cat=111&#038;ccb=1-7&#038;_nc_sid=f907e8&#038;_nc_ohc=SM1wRlP3lJwQ7kNvwEPuBYA&#038;_nc_oc=AdnqrjDN_BNjSSHWO-GbkIWH6fkGMLw4bqvL_NH6e2wMveX7G-rP2dAqsDSq1mJMOaY&#038;_nc_zt=24&#038;_nc_ht=scontent-gig4-1.xx&#038;_nc_gid=AoBFJeGrT1hVaew_6rchkQ&#038;oh=00_AfX7QmFGhQhG2jAllVgXCiM1ZrWgvtp80-Bfppyexh1QEg&#038;oe=689E923C","article:published_time":"2017-09-20T20:38:59+00:00","article:modified_time":"2017-09-20T20:42:37+00:00","twitter:card":"summary_large_image","twitter:title":"Muria\u00e9 assume atribui\u00e7\u00e3o de licenciar, monitorar e fiscalizar atividades e empreendimentos ambientais - A Not\u00edcia Online","twitter:description":"Muria\u00e9 \u00e9 a primeira cidade da Zona da Mata mineira a assumir a atribui\u00e7\u00e3o de licenciar, monitorar e fiscalizar empreendimentos e atividades de licenciamento ambiental. O acordo, definido com o governo estadual, vai gerar agilidade na concess\u00e3o do licenciamento, al\u00e9m de proporcionar seguran\u00e7a na libera\u00e7\u00e3o do documento, pois a avalia\u00e7\u00e3o ser\u00e1 realizada por t\u00e9cnicos locais.","twitter:image":"https:\/\/scontent-gig4-1.xx.fbcdn.net\/v\/t39.30808-1\/270437624_4564083193639691_6907940295614233970_n.jpg?stp=dst-jpg_s200x200_tt6&_nc_cat=111&ccb=1-7&_nc_sid=f907e8&_nc_ohc=SM1wRlP3lJwQ7kNvwEPuBYA&_nc_oc=AdnqrjDN_BNjSSHWO-GbkIWH6fkGMLw4bqvL_NH6e2wMveX7G-rP2dAqsDSq1mJMOaY&_nc_zt=24&_nc_ht=scontent-gig4-1.xx&_nc_gid=AoBFJeGrT1hVaew_6rchkQ&oh=00_AfX7QmFGhQhG2jAllVgXCiM1ZrWgvtp80-Bfppyexh1QEg&oe=689E923C"},"aioseo_meta_data":{"post_id":"40821","title":null,"description":null,"keywords":null,"keyphrases":null,"primary_term":null,"canonical_url":null,"og_title":null,"og_description":null,"og_object_type":"default","og_image_type":"default","og_image_url":null,"og_image_width":null,"og_image_height":null,"og_image_custom_url":null,"og_image_custom_fields":null,"og_video":null,"og_custom_url":null,"og_article_section":null,"og_article_tags":null,"twitter_use_og":false,"twitter_card":"default","twitter_image_type":"default","twitter_image_url":null,"twitter_image_custom_url":null,"twitter_image_custom_fields":null,"twitter_title":null,"twitter_description":null,"schema":{"blockGraphs":[],"customGraphs":[],"default":{"data":{"Article":[],"Course":[],"Dataset":[],"FAQPage":[],"Movie":[],"Person":[],"Product":[],"ProductReview":[],"Car":[],"Recipe":[],"Service":[],"SoftwareApplication":[],"WebPage":[]},"graphName":"","isEnabled":true},"graphs":[]},"schema_type":"default","schema_type_options":null,"pillar_content":false,"robots_default":true,"robots_noindex":false,"robots_noarchive":false,"robots_nosnippet":false,"robots_nofollow":false,"robots_noimageindex":false,"robots_noodp":false,"robots_notranslate":false,"robots_max_snippet":null,"robots_max_videopreview":null,"robots_max_imagepreview":"large","priority":null,"frequency":null,"local_seo":null,"breadcrumb_settings":null,"limit_modified_date":false,"ai":null,"created":"2025-08-16 19:29:18","updated":"2025-08-16 19:29:18","focus_keyword":null,"additional_keywords":null,"truseo_locale":null,"seo_analyzer_scan_date":null},"aioseo_breadcrumb":"<div class=\"aioseo-breadcrumbs\"><span class=\"aioseo-breadcrumb\">\n\t\t\t<a href=\"https:\/\/anoticiaonline.com.br\/site\" title=\"Home\">Home<\/a>\n\t\t<\/span><span class=\"aioseo-breadcrumb-separator\">&raquo;<\/span><span class=\"aioseo-breadcrumb\">\n\t\t\t<a href=\"https:\/\/anoticiaonline.com.br\/site\/categoria\/muriae\/\" title=\"Blog\">Blog<\/a>\n\t\t<\/span><span class=\"aioseo-breadcrumb-separator\">&raquo;<\/span><span class=\"aioseo-breadcrumb\">\n\t\t\tMuria\u00e9 assume atribui\u00e7\u00e3o de licenciar, monitorar e fiscalizar atividades e empreendimentos ambientais\n\t\t<\/span><\/div>","aioseo_breadcrumb_json":[{"label":"Home","link":"https:\/\/anoticiaonline.com.br\/site"},{"label":"Blog","link":"https:\/\/anoticiaonline.com.br\/site\/categoria\/muriae\/"},{"label":"Muria\u00e9 assume atribui\u00e7\u00e3o de licenciar, monitorar e fiscalizar atividades e empreendimentos ambientais","link":"https:\/\/anoticiaonline.com.br\/site\/muriae-assume-atribuicao-de-licenciar-monitorar-e-fiscalizar-atividades-e-empreendimentos-ambientais\/"}],"views":134,"_links":{"self":[{"href":"https:\/\/anoticiaonline.com.br\/site\/wp-json\/wp\/v2\/posts\/40821","targetHints":{"allow":["GET"]}}],"collection":[{"href":"https:\/\/anoticiaonline.com.br\/site\/wp-json\/wp\/v2\/posts"}],"about":[{"href":"https:\/\/anoticiaonline.com.br\/site\/wp-json\/wp\/v2\/types\/post"}],"author":[{"embeddable":true,"href":"https:\/\/anoticiaonline.com.br\/site\/wp-json\/wp\/v2\/users\/2"}],"replies":[{"embeddable":true,"href":"https:\/\/anoticiaonline.com.br\/site\/wp-json\/wp\/v2\/comments?post=40821"}],"version-history":[{"count":0,"href":"https:\/\/anoticiaonline.com.br\/site\/wp-json\/wp\/v2\/posts\/40821\/revisions"}],"wp:featuredmedia":[{"embeddable":true,"href":"https:\/\/anoticiaonline.com.br\/site\/wp-json\/wp\/v2\/media\/40822"}],"wp:attachment":[{"href":"https:\/\/anoticiaonline.com.br\/site\/wp-json\/wp\/v2\/media?parent=40821"}],"wp:term":[{"taxonomy":"category","embeddable":true,"href":"https:\/\/anoticiaonline.com.br\/site\/wp-json\/wp\/v2\/categories?post=40821"},{"taxonomy":"post_tag","embeddable":true,"href":"https:\/\/anoticiaonline.com.br\/site\/wp-json\/wp\/v2\/tags?post=40821"}],"curies":[{"name":"wp","href":"https:\/\/api.w.org\/{rel}","templated":true}]}}