{"id":40817,"date":"2017-09-20T16:53:50","date_gmt":"2017-09-20T19:53:50","guid":{"rendered":"http:\/\/anoticiaonline.com.br\/site\/?p=40817"},"modified":"2017-09-20T16:53:50","modified_gmt":"2017-09-20T19:53:50","slug":"garoto-radical-marcelinho-e-campeao-na-3a-etapa-da-copa-do-brasil-de-bmx","status":"publish","type":"post","link":"https:\/\/anoticiaonline.com.br\/site\/garoto-radical-marcelinho-e-campeao-na-3a-etapa-da-copa-do-brasil-de-bmx\/","title":{"rendered":"Garoto radical: Marcelinho \u00e9 campe\u00e3o na 3\u00aa etapa da Copa do Brasil de BMX"},"content":{"rendered":"<p><a href=\"https:\/\/anoticiaonline.com.br\/site\/wp-content\/uploads\/2017\/09\/bc5a7227-f3fd-4f94-97d2-366f1e470bc0.jpg\"><img fetchpriority=\"high\" decoding=\"async\" class=\"size-medium wp-image-40818 alignleft\" src=\"https:\/\/anoticiaonline.com.br\/site\/wp-content\/uploads\/2017\/09\/bc5a7227-f3fd-4f94-97d2-366f1e470bc0-169x300.jpg\" alt=\"\" width=\"169\" height=\"300\" srcset=\"https:\/\/anoticiaonline.com.br\/site\/wp-content\/uploads\/2017\/09\/bc5a7227-f3fd-4f94-97d2-366f1e470bc0-169x300.jpg 169w, https:\/\/anoticiaonline.com.br\/site\/wp-content\/uploads\/2017\/09\/bc5a7227-f3fd-4f94-97d2-366f1e470bc0.jpg 361w\" sizes=\"(max-width: 169px) 100vw, 169px\" \/><\/a> <a href=\"https:\/\/anoticiaonline.com.br\/site\/wp-content\/uploads\/2017\/09\/9926286f-f4d7-4f75-9c80-cb2cde83bc2d.jpg\"><img decoding=\"async\" class=\"size-medium wp-image-40819 alignleft\" src=\"https:\/\/anoticiaonline.com.br\/site\/wp-content\/uploads\/2017\/09\/9926286f-f4d7-4f75-9c80-cb2cde83bc2d-169x300.jpg\" alt=\"\" width=\"169\" height=\"300\" srcset=\"https:\/\/anoticiaonline.com.br\/site\/wp-content\/uploads\/2017\/09\/9926286f-f4d7-4f75-9c80-cb2cde83bc2d-169x300.jpg 169w, https:\/\/anoticiaonline.com.br\/site\/wp-content\/uploads\/2017\/09\/9926286f-f4d7-4f75-9c80-cb2cde83bc2d.jpg 361w\" sizes=\"(max-width: 169px) 100vw, 169px\" \/><\/a>O muriaeense Marcelo Rodrigues Feler Guimar\u00e3es, de apenas, seis anos, subiu o lugar mais alto do p\u00f3dio na 3\u00aa Etapa da Copa do Brasil de BMX, que aconteceu no \u00faltimo fim de semana (16 e 17), em Varginha. A \u00faltima etapa do campeonato acontecer\u00e1 em Salvador (BA), no dia 5 de novembro.<\/p>\n<p>Os pais, Jos\u00e9 Marcelo Feler Guimar\u00e3es e Aline Silveira Rodrigues Feler Guimar\u00e3es, contam que h\u00e1 dois anos retiraram as rodinhas de apoio da bicicleta do garoto e, em poucos dias, Marcelinho j\u00e1 estava participando das etapas do Campeonato Mineiro de Bicicross, realizadas em Muria\u00e9. \u201cFicamos sabendo das competi\u00e7\u00f5es atrav\u00e9s de amigos, foi algo por acaso. Nosso filho \u00e9 Campe\u00e3o Brasileiro de BMX, l\u00edder do Campeonato Mineiro de Bicicross, segundo lugar no Campeonato Paulista e lidera, tamb\u00e9m, o ranking da Copa do Brasil\u201d, dizem orgulhosos os pais do pequeno atleta.<\/p>\n<p>Para acompanhar Marcelo Rodrigues, basta acessar a p\u00e1gina no Facebook: Marcelo Rodrigues BMX \u2013 Cepinha.<\/p>\n","protected":false},"excerpt":{"rendered":"<p>O muriaeense Marcelo Rodrigues Feler Guimar\u00e3es, de apenas, seis anos, subiu o lugar mais alto do p\u00f3dio na 3\u00aa Etapa da Copa do Brasil de BMX, que aconteceu no \u00faltimo fim de semana (16 e 17), em Varginha. A \u00faltima etapa do campeonato acontecer\u00e1 em Salvador (BA), no dia 5 de novembro. Os pais, Jos\u00e9 &#8230; <a title=\"Garoto radical: Marcelinho \u00e9 campe\u00e3o na 3\u00aa etapa da Copa do Brasil de BMX\" class=\"read-more\" href=\"https:\/\/anoticiaonline.com.br\/site\/garoto-radical-marcelinho-e-campeao-na-3a-etapa-da-copa-do-brasil-de-bmx\/\" aria-label=\"Read more about Garoto radical: Marcelinho \u00e9 campe\u00e3o na 3\u00aa etapa da Copa do Brasil de BMX\">Ler mais<\/a><\/p>\n","protected":false},"author":2,"featured_media":40818,"comment_status":"open","ping_status":"open","sticky":false,"template":"","format":"standard","meta":{"_acf_changed":false,"_monsterinsights_skip_tracking":false,"footnotes":""},"categories":[30],"tags":[1134,1133,47,1132,74,1135,3,1136],"class_list":["post-40817","post","type-post","status-publish","format-standard","has-post-thumbnail","hentry","category-muriae","tag-bicicross","tag-bmx","tag-esporte","tag-marcelo-cepinha","tag-muriae","tag-salvador","tag-slide","tag-verginha"],"acf":[],"aioseo_notices":[],"aioseo_head":"\n\t\t<!-- All in One SEO 5.0.0.1 - aioseo.com -->\n\t<meta name=\"description\" content=\"O muriaeense Marcelo Rodrigues Feler Guimar\u00e3es, de apenas, seis anos, subiu o lugar mais alto do p\u00f3dio na 3\u00aa Etapa da Copa do Brasil de BMX, que aconteceu no \u00faltimo fim de semana (16 e 17), em Varginha. A \u00faltima etapa do campeonato acontecer\u00e1 em Salvador (BA), no dia 5 de novembro. Os pais, Jos\u00e9\" \/>\n\t<meta name=\"robots\" content=\"max-image-preview:large\" \/>\n\t<meta name=\"author\" content=\"Juliana Laviola\"\/>\n\t<link rel=\"canonical\" href=\"https:\/\/anoticiaonline.com.br\/site\/garoto-radical-marcelinho-e-campeao-na-3a-etapa-da-copa-do-brasil-de-bmx\/\" \/>\n\t<meta name=\"generator\" content=\"All in One SEO (AIOSEO) 5.0.0.1\" \/>\n\t\t<meta property=\"og:locale\" content=\"pt_BR\" \/>\n\t\t<meta property=\"og:site_name\" content=\"A Not\u00edcia Online - Noticias de Muria\u00e9 e regi\u00e3o\" \/>\n\t\t<meta property=\"og:type\" content=\"article\" \/>\n\t\t<meta property=\"og:title\" content=\"Garoto radical: Marcelinho \u00e9 campe\u00e3o na 3\u00aa etapa da Copa do Brasil de BMX - A Not\u00edcia Online\" \/>\n\t\t<meta property=\"og:description\" content=\"O muriaeense Marcelo Rodrigues Feler Guimar\u00e3es, de apenas, seis anos, subiu o lugar mais alto do p\u00f3dio na 3\u00aa Etapa da Copa do Brasil de BMX, que aconteceu no \u00faltimo fim de semana (16 e 17), em Varginha. A \u00faltima etapa do campeonato acontecer\u00e1 em Salvador (BA), no dia 5 de novembro. Os pais, Jos\u00e9\" \/>\n\t\t<meta property=\"og:url\" content=\"https:\/\/anoticiaonline.com.br\/site\/garoto-radical-marcelinho-e-campeao-na-3a-etapa-da-copa-do-brasil-de-bmx\/\" \/>\n\t\t<meta property=\"og:image\" content=\"https:\/\/scontent-gig4-1.xx.fbcdn.net\/v\/t39.30808-1\/270437624_4564083193639691_6907940295614233970_n.jpg?stp=dst-jpg_s200x200_tt6&#038;_nc_cat=111&#038;ccb=1-7&#038;_nc_sid=f907e8&#038;_nc_ohc=SM1wRlP3lJwQ7kNvwEPuBYA&#038;_nc_oc=AdnqrjDN_BNjSSHWO-GbkIWH6fkGMLw4bqvL_NH6e2wMveX7G-rP2dAqsDSq1mJMOaY&#038;_nc_zt=24&#038;_nc_ht=scontent-gig4-1.xx&#038;_nc_gid=AoBFJeGrT1hVaew_6rchkQ&#038;oh=00_AfX7QmFGhQhG2jAllVgXCiM1ZrWgvtp80-Bfppyexh1QEg&#038;oe=689E923C\" \/>\n\t\t<meta property=\"og:image:secure_url\" content=\"https:\/\/scontent-gig4-1.xx.fbcdn.net\/v\/t39.30808-1\/270437624_4564083193639691_6907940295614233970_n.jpg?stp=dst-jpg_s200x200_tt6&#038;_nc_cat=111&#038;ccb=1-7&#038;_nc_sid=f907e8&#038;_nc_ohc=SM1wRlP3lJwQ7kNvwEPuBYA&#038;_nc_oc=AdnqrjDN_BNjSSHWO-GbkIWH6fkGMLw4bqvL_NH6e2wMveX7G-rP2dAqsDSq1mJMOaY&#038;_nc_zt=24&#038;_nc_ht=scontent-gig4-1.xx&#038;_nc_gid=AoBFJeGrT1hVaew_6rchkQ&#038;oh=00_AfX7QmFGhQhG2jAllVgXCiM1ZrWgvtp80-Bfppyexh1QEg&#038;oe=689E923C\" \/>\n\t\t<meta property=\"article:published_time\" content=\"2017-09-20T19:53:50+00:00\" \/>\n\t\t<meta property=\"article:modified_time\" content=\"2017-09-20T19:53:50+00:00\" \/>\n\t\t<meta name=\"twitter:card\" content=\"summary_large_image\" \/>\n\t\t<meta name=\"twitter:title\" content=\"Garoto radical: Marcelinho \u00e9 campe\u00e3o na 3\u00aa etapa da Copa do Brasil de BMX - A Not\u00edcia Online\" \/>\n\t\t<meta name=\"twitter:description\" content=\"O muriaeense Marcelo Rodrigues Feler Guimar\u00e3es, de apenas, seis anos, subiu o lugar mais alto do p\u00f3dio na 3\u00aa Etapa da Copa do Brasil de BMX, que aconteceu no \u00faltimo fim de semana (16 e 17), em Varginha. A \u00faltima etapa do campeonato acontecer\u00e1 em Salvador (BA), no dia 5 de novembro. Os pais, Jos\u00e9\" \/>\n\t\t<meta name=\"twitter:image\" content=\"https:\/\/scontent-gig4-1.xx.fbcdn.net\/v\/t39.30808-1\/270437624_4564083193639691_6907940295614233970_n.jpg?stp=dst-jpg_s200x200_tt6&amp;_nc_cat=111&amp;ccb=1-7&amp;_nc_sid=f907e8&amp;_nc_ohc=SM1wRlP3lJwQ7kNvwEPuBYA&amp;_nc_oc=AdnqrjDN_BNjSSHWO-GbkIWH6fkGMLw4bqvL_NH6e2wMveX7G-rP2dAqsDSq1mJMOaY&amp;_nc_zt=24&amp;_nc_ht=scontent-gig4-1.xx&amp;_nc_gid=AoBFJeGrT1hVaew_6rchkQ&amp;oh=00_AfX7QmFGhQhG2jAllVgXCiM1ZrWgvtp80-Bfppyexh1QEg&amp;oe=689E923C\" \/>\n\t\t<script type=\"application\/ld+json\" class=\"aioseo-schema\">\n\t\t\t{\"@context\":\"https:\\\/\\\/schema.org\",\"@graph\":[{\"@type\":\"BlogPosting\",\"@id\":\"https:\\\/\\\/anoticiaonline.com.br\\\/site\\\/garoto-radical-marcelinho-e-campeao-na-3a-etapa-da-copa-do-brasil-de-bmx\\\/#blogposting\",\"name\":\"Garoto radical: Marcelinho \\u00e9 campe\\u00e3o na 3\\u00aa etapa da Copa do Brasil de BMX - A Not\\u00edcia Online\",\"headline\":\"Garoto radical: Marcelinho \\u00e9 campe\\u00e3o na 3\\u00aa etapa da Copa do Brasil de BMX\",\"author\":{\"@id\":\"https:\\\/\\\/anoticiaonline.com.br\\\/site\\\/author\\\/juliana\\\/#author\"},\"publisher\":{\"@id\":\"https:\\\/\\\/anoticiaonline.com.br\\\/site\\\/#organization\"},\"image\":{\"@type\":\"ImageObject\",\"url\":\"https:\\\/\\\/anoticiaonline.com.br\\\/site\\\/wp-content\\\/uploads\\\/2017\\\/09\\\/bc5a7227-f3fd-4f94-97d2-366f1e470bc0.jpg\",\"width\":361,\"height\":640},\"datePublished\":\"2017-09-20T16:53:50-03:00\",\"dateModified\":\"2017-09-20T16:53:50-03:00\",\"inLanguage\":\"pt-BR\",\"mainEntityOfPage\":{\"@id\":\"https:\\\/\\\/anoticiaonline.com.br\\\/site\\\/garoto-radical-marcelinho-e-campeao-na-3a-etapa-da-copa-do-brasil-de-bmx\\\/#webpage\"},\"isPartOf\":{\"@id\":\"https:\\\/\\\/anoticiaonline.com.br\\\/site\\\/garoto-radical-marcelinho-e-campeao-na-3a-etapa-da-copa-do-brasil-de-bmx\\\/#webpage\"},\"articleSection\":\"Blog, bicicross, bmx, esporte, marcelo cepinha, Muria\\u00e9, salvador, slide, verginha\"},{\"@type\":\"BreadcrumbList\",\"@id\":\"https:\\\/\\\/anoticiaonline.com.br\\\/site\\\/garoto-radical-marcelinho-e-campeao-na-3a-etapa-da-copa-do-brasil-de-bmx\\\/#breadcrumblist\",\"itemListElement\":[{\"@type\":\"ListItem\",\"@id\":\"https:\\\/\\\/anoticiaonline.com.br\\\/site#listItem\",\"position\":1,\"name\":\"Home\",\"item\":\"https:\\\/\\\/anoticiaonline.com.br\\\/site\",\"nextItem\":{\"@type\":\"ListItem\",\"@id\":\"https:\\\/\\\/anoticiaonline.com.br\\\/site\\\/categoria\\\/muriae\\\/#listItem\",\"name\":\"Blog\"}},{\"@type\":\"ListItem\",\"@id\":\"https:\\\/\\\/anoticiaonline.com.br\\\/site\\\/categoria\\\/muriae\\\/#listItem\",\"position\":2,\"name\":\"Blog\",\"item\":\"https:\\\/\\\/anoticiaonline.com.br\\\/site\\\/categoria\\\/muriae\\\/\",\"nextItem\":{\"@type\":\"ListItem\",\"@id\":\"https:\\\/\\\/anoticiaonline.com.br\\\/site\\\/garoto-radical-marcelinho-e-campeao-na-3a-etapa-da-copa-do-brasil-de-bmx\\\/#listItem\",\"name\":\"Garoto radical: Marcelinho \\u00e9 campe\\u00e3o na 3\\u00aa etapa da Copa do Brasil de BMX\"},\"previousItem\":{\"@type\":\"ListItem\",\"@id\":\"https:\\\/\\\/anoticiaonline.com.br\\\/site#listItem\",\"name\":\"Home\"}},{\"@type\":\"ListItem\",\"@id\":\"https:\\\/\\\/anoticiaonline.com.br\\\/site\\\/garoto-radical-marcelinho-e-campeao-na-3a-etapa-da-copa-do-brasil-de-bmx\\\/#listItem\",\"position\":3,\"name\":\"Garoto radical: Marcelinho \\u00e9 campe\\u00e3o na 3\\u00aa etapa da Copa do Brasil de BMX\",\"previousItem\":{\"@type\":\"ListItem\",\"@id\":\"https:\\\/\\\/anoticiaonline.com.br\\\/site\\\/categoria\\\/muriae\\\/#listItem\",\"name\":\"Blog\"}}]},{\"@type\":\"Organization\",\"@id\":\"https:\\\/\\\/anoticiaonline.com.br\\\/site\\\/#organization\",\"name\":\"A Not\\u00edcia Online\",\"description\":\"Noticias de Muria\\u00e9 e regi\\u00e3o\",\"url\":\"https:\\\/\\\/anoticiaonline.com.br\\\/site\\\/\",\"logo\":{\"@type\":\"ImageObject\",\"url\":\"https:\\\/\\\/scontent-gig4-1.xx.fbcdn.net\\\/v\\\/t39.30808-1\\\/270437624_4564083193639691_6907940295614233970_n.jpg?stp=dst-jpg_s200x200_tt6&_nc_cat=111&ccb=1-7&_nc_sid=f907e8&_nc_ohc=SM1wRlP3lJwQ7kNvwEPuBYA&_nc_oc=AdnqrjDN_BNjSSHWO-GbkIWH6fkGMLw4bqvL_NH6e2wMveX7G-rP2dAqsDSq1mJMOaY&_nc_zt=24&_nc_ht=scontent-gig4-1.xx&_nc_gid=AoBFJeGrT1hVaew_6rchkQ&oh=00_AfX7QmFGhQhG2jAllVgXCiM1ZrWgvtp80-Bfppyexh1QEg&oe=689E923C\",\"@id\":\"https:\\\/\\\/anoticiaonline.com.br\\\/site\\\/garoto-radical-marcelinho-e-campeao-na-3a-etapa-da-copa-do-brasil-de-bmx\\\/#organizationLogo\"},\"image\":{\"@id\":\"https:\\\/\\\/anoticiaonline.com.br\\\/site\\\/garoto-radical-marcelinho-e-campeao-na-3a-etapa-da-copa-do-brasil-de-bmx\\\/#organizationLogo\"}},{\"@type\":\"Person\",\"@id\":\"https:\\\/\\\/anoticiaonline.com.br\\\/site\\\/author\\\/juliana\\\/#author\",\"url\":\"https:\\\/\\\/anoticiaonline.com.br\\\/site\\\/author\\\/juliana\\\/\",\"name\":\"Juliana Laviola\",\"image\":{\"@type\":\"ImageObject\",\"@id\":\"https:\\\/\\\/anoticiaonline.com.br\\\/site\\\/garoto-radical-marcelinho-e-campeao-na-3a-etapa-da-copa-do-brasil-de-bmx\\\/#authorImage\",\"url\":\"https:\\\/\\\/secure.gravatar.com\\\/avatar\\\/b8d45f5c699b100dfaf0e543582f38f38bf94cb7ae3a5e9abf8d891a34773335?s=96&d=mm&r=g\",\"width\":96,\"height\":96,\"caption\":\"Juliana Laviola\"}},{\"@type\":\"WebPage\",\"@id\":\"https:\\\/\\\/anoticiaonline.com.br\\\/site\\\/garoto-radical-marcelinho-e-campeao-na-3a-etapa-da-copa-do-brasil-de-bmx\\\/#webpage\",\"url\":\"https:\\\/\\\/anoticiaonline.com.br\\\/site\\\/garoto-radical-marcelinho-e-campeao-na-3a-etapa-da-copa-do-brasil-de-bmx\\\/\",\"name\":\"Garoto radical: Marcelinho \\u00e9 campe\\u00e3o na 3\\u00aa etapa da Copa do Brasil de BMX - A Not\\u00edcia Online\",\"description\":\"O muriaeense Marcelo Rodrigues Feler Guimar\\u00e3es, de apenas, seis anos, subiu o lugar mais alto do p\\u00f3dio na 3\\u00aa Etapa da Copa do Brasil de BMX, que aconteceu no \\u00faltimo fim de semana (16 e 17), em Varginha. A \\u00faltima etapa do campeonato acontecer\\u00e1 em Salvador (BA), no dia 5 de novembro. Os pais, Jos\\u00e9\",\"inLanguage\":\"pt-BR\",\"isPartOf\":{\"@id\":\"https:\\\/\\\/anoticiaonline.com.br\\\/site\\\/#website\"},\"breadcrumb\":{\"@id\":\"https:\\\/\\\/anoticiaonline.com.br\\\/site\\\/garoto-radical-marcelinho-e-campeao-na-3a-etapa-da-copa-do-brasil-de-bmx\\\/#breadcrumblist\"},\"author\":{\"@id\":\"https:\\\/\\\/anoticiaonline.com.br\\\/site\\\/author\\\/juliana\\\/#author\"},\"creator\":{\"@id\":\"https:\\\/\\\/anoticiaonline.com.br\\\/site\\\/author\\\/juliana\\\/#author\"},\"image\":{\"@type\":\"ImageObject\",\"url\":\"https:\\\/\\\/anoticiaonline.com.br\\\/site\\\/wp-content\\\/uploads\\\/2017\\\/09\\\/bc5a7227-f3fd-4f94-97d2-366f1e470bc0.jpg\",\"@id\":\"https:\\\/\\\/anoticiaonline.com.br\\\/site\\\/garoto-radical-marcelinho-e-campeao-na-3a-etapa-da-copa-do-brasil-de-bmx\\\/#mainImage\",\"width\":361,\"height\":640},\"primaryImageOfPage\":{\"@id\":\"https:\\\/\\\/anoticiaonline.com.br\\\/site\\\/garoto-radical-marcelinho-e-campeao-na-3a-etapa-da-copa-do-brasil-de-bmx\\\/#mainImage\"},\"datePublished\":\"2017-09-20T16:53:50-03:00\",\"dateModified\":\"2017-09-20T16:53:50-03:00\"},{\"@type\":\"WebSite\",\"@id\":\"https:\\\/\\\/anoticiaonline.com.br\\\/site\\\/#website\",\"url\":\"https:\\\/\\\/anoticiaonline.com.br\\\/site\\\/\",\"name\":\"A Not\\u00edcia Online\",\"description\":\"Noticias de Muria\\u00e9 e regi\\u00e3o\",\"inLanguage\":\"pt-BR\",\"publisher\":{\"@id\":\"https:\\\/\\\/anoticiaonline.com.br\\\/site\\\/#organization\"}}]}\n\t\t<\/script>\n\t\t<!-- All in One SEO -->\n\n","aioseo_head_json":{"title":"Garoto radical: Marcelinho \u00e9 campe\u00e3o na 3\u00aa etapa da Copa do Brasil de BMX - A Not\u00edcia Online","description":"O muriaeense Marcelo Rodrigues Feler Guimar\u00e3es, de apenas, seis anos, subiu o lugar mais alto do p\u00f3dio na 3\u00aa Etapa da Copa do Brasil de BMX, que aconteceu no \u00faltimo fim de semana (16 e 17), em Varginha. A \u00faltima etapa do campeonato acontecer\u00e1 em Salvador (BA), no dia 5 de novembro. Os pais, Jos\u00e9","canonical_url":"https:\/\/anoticiaonline.com.br\/site\/garoto-radical-marcelinho-e-campeao-na-3a-etapa-da-copa-do-brasil-de-bmx\/","robots":"max-image-preview:large","keywords":"","webmasterTools":{"miscellaneous":""},"schema":{"@context":"https:\/\/schema.org","@graph":[{"@type":"BlogPosting","@id":"https:\/\/anoticiaonline.com.br\/site\/garoto-radical-marcelinho-e-campeao-na-3a-etapa-da-copa-do-brasil-de-bmx\/#blogposting","name":"Garoto radical: Marcelinho \u00e9 campe\u00e3o na 3\u00aa etapa da Copa do Brasil de BMX - A Not\u00edcia Online","headline":"Garoto radical: Marcelinho \u00e9 campe\u00e3o na 3\u00aa etapa da Copa do Brasil de BMX","author":{"@id":"https:\/\/anoticiaonline.com.br\/site\/author\/juliana\/#author"},"publisher":{"@id":"https:\/\/anoticiaonline.com.br\/site\/#organization"},"image":{"@type":"ImageObject","url":"https:\/\/anoticiaonline.com.br\/site\/wp-content\/uploads\/2017\/09\/bc5a7227-f3fd-4f94-97d2-366f1e470bc0.jpg","width":361,"height":640},"datePublished":"2017-09-20T16:53:50-03:00","dateModified":"2017-09-20T16:53:50-03:00","inLanguage":"pt-BR","mainEntityOfPage":{"@id":"https:\/\/anoticiaonline.com.br\/site\/garoto-radical-marcelinho-e-campeao-na-3a-etapa-da-copa-do-brasil-de-bmx\/#webpage"},"isPartOf":{"@id":"https:\/\/anoticiaonline.com.br\/site\/garoto-radical-marcelinho-e-campeao-na-3a-etapa-da-copa-do-brasil-de-bmx\/#webpage"},"articleSection":"Blog, bicicross, bmx, esporte, marcelo cepinha, Muria\u00e9, salvador, slide, verginha"},{"@type":"BreadcrumbList","@id":"https:\/\/anoticiaonline.com.br\/site\/garoto-radical-marcelinho-e-campeao-na-3a-etapa-da-copa-do-brasil-de-bmx\/#breadcrumblist","itemListElement":[{"@type":"ListItem","@id":"https:\/\/anoticiaonline.com.br\/site#listItem","position":1,"name":"Home","item":"https:\/\/anoticiaonline.com.br\/site","nextItem":{"@type":"ListItem","@id":"https:\/\/anoticiaonline.com.br\/site\/categoria\/muriae\/#listItem","name":"Blog"}},{"@type":"ListItem","@id":"https:\/\/anoticiaonline.com.br\/site\/categoria\/muriae\/#listItem","position":2,"name":"Blog","item":"https:\/\/anoticiaonline.com.br\/site\/categoria\/muriae\/","nextItem":{"@type":"ListItem","@id":"https:\/\/anoticiaonline.com.br\/site\/garoto-radical-marcelinho-e-campeao-na-3a-etapa-da-copa-do-brasil-de-bmx\/#listItem","name":"Garoto radical: Marcelinho \u00e9 campe\u00e3o na 3\u00aa etapa da Copa do Brasil de BMX"},"previousItem":{"@type":"ListItem","@id":"https:\/\/anoticiaonline.com.br\/site#listItem","name":"Home"}},{"@type":"ListItem","@id":"https:\/\/anoticiaonline.com.br\/site\/garoto-radical-marcelinho-e-campeao-na-3a-etapa-da-copa-do-brasil-de-bmx\/#listItem","position":3,"name":"Garoto radical: Marcelinho \u00e9 campe\u00e3o na 3\u00aa etapa da Copa do Brasil de BMX","previousItem":{"@type":"ListItem","@id":"https:\/\/anoticiaonline.com.br\/site\/categoria\/muriae\/#listItem","name":"Blog"}}]},{"@type":"Organization","@id":"https:\/\/anoticiaonline.com.br\/site\/#organization","name":"A Not\u00edcia Online","description":"Noticias de Muria\u00e9 e regi\u00e3o","url":"https:\/\/anoticiaonline.com.br\/site\/","logo":{"@type":"ImageObject","url":"https:\/\/scontent-gig4-1.xx.fbcdn.net\/v\/t39.30808-1\/270437624_4564083193639691_6907940295614233970_n.jpg?stp=dst-jpg_s200x200_tt6&_nc_cat=111&ccb=1-7&_nc_sid=f907e8&_nc_ohc=SM1wRlP3lJwQ7kNvwEPuBYA&_nc_oc=AdnqrjDN_BNjSSHWO-GbkIWH6fkGMLw4bqvL_NH6e2wMveX7G-rP2dAqsDSq1mJMOaY&_nc_zt=24&_nc_ht=scontent-gig4-1.xx&_nc_gid=AoBFJeGrT1hVaew_6rchkQ&oh=00_AfX7QmFGhQhG2jAllVgXCiM1ZrWgvtp80-Bfppyexh1QEg&oe=689E923C","@id":"https:\/\/anoticiaonline.com.br\/site\/garoto-radical-marcelinho-e-campeao-na-3a-etapa-da-copa-do-brasil-de-bmx\/#organizationLogo"},"image":{"@id":"https:\/\/anoticiaonline.com.br\/site\/garoto-radical-marcelinho-e-campeao-na-3a-etapa-da-copa-do-brasil-de-bmx\/#organizationLogo"}},{"@type":"Person","@id":"https:\/\/anoticiaonline.com.br\/site\/author\/juliana\/#author","url":"https:\/\/anoticiaonline.com.br\/site\/author\/juliana\/","name":"Juliana Laviola","image":{"@type":"ImageObject","@id":"https:\/\/anoticiaonline.com.br\/site\/garoto-radical-marcelinho-e-campeao-na-3a-etapa-da-copa-do-brasil-de-bmx\/#authorImage","url":"https:\/\/secure.gravatar.com\/avatar\/b8d45f5c699b100dfaf0e543582f38f38bf94cb7ae3a5e9abf8d891a34773335?s=96&d=mm&r=g","width":96,"height":96,"caption":"Juliana Laviola"}},{"@type":"WebPage","@id":"https:\/\/anoticiaonline.com.br\/site\/garoto-radical-marcelinho-e-campeao-na-3a-etapa-da-copa-do-brasil-de-bmx\/#webpage","url":"https:\/\/anoticiaonline.com.br\/site\/garoto-radical-marcelinho-e-campeao-na-3a-etapa-da-copa-do-brasil-de-bmx\/","name":"Garoto radical: Marcelinho \u00e9 campe\u00e3o na 3\u00aa etapa da Copa do Brasil de BMX - A Not\u00edcia Online","description":"O muriaeense Marcelo Rodrigues Feler Guimar\u00e3es, de apenas, seis anos, subiu o lugar mais alto do p\u00f3dio na 3\u00aa Etapa da Copa do Brasil de BMX, que aconteceu no \u00faltimo fim de semana (16 e 17), em Varginha. A \u00faltima etapa do campeonato acontecer\u00e1 em Salvador (BA), no dia 5 de novembro. Os pais, Jos\u00e9","inLanguage":"pt-BR","isPartOf":{"@id":"https:\/\/anoticiaonline.com.br\/site\/#website"},"breadcrumb":{"@id":"https:\/\/anoticiaonline.com.br\/site\/garoto-radical-marcelinho-e-campeao-na-3a-etapa-da-copa-do-brasil-de-bmx\/#breadcrumblist"},"author":{"@id":"https:\/\/anoticiaonline.com.br\/site\/author\/juliana\/#author"},"creator":{"@id":"https:\/\/anoticiaonline.com.br\/site\/author\/juliana\/#author"},"image":{"@type":"ImageObject","url":"https:\/\/anoticiaonline.com.br\/site\/wp-content\/uploads\/2017\/09\/bc5a7227-f3fd-4f94-97d2-366f1e470bc0.jpg","@id":"https:\/\/anoticiaonline.com.br\/site\/garoto-radical-marcelinho-e-campeao-na-3a-etapa-da-copa-do-brasil-de-bmx\/#mainImage","width":361,"height":640},"primaryImageOfPage":{"@id":"https:\/\/anoticiaonline.com.br\/site\/garoto-radical-marcelinho-e-campeao-na-3a-etapa-da-copa-do-brasil-de-bmx\/#mainImage"},"datePublished":"2017-09-20T16:53:50-03:00","dateModified":"2017-09-20T16:53:50-03:00"},{"@type":"WebSite","@id":"https:\/\/anoticiaonline.com.br\/site\/#website","url":"https:\/\/anoticiaonline.com.br\/site\/","name":"A Not\u00edcia Online","description":"Noticias de Muria\u00e9 e regi\u00e3o","inLanguage":"pt-BR","publisher":{"@id":"https:\/\/anoticiaonline.com.br\/site\/#organization"}}]},"og:locale":"pt_BR","og:site_name":"A Not\u00edcia Online - Noticias de Muria\u00e9 e regi\u00e3o","og:type":"article","og:title":"Garoto radical: Marcelinho \u00e9 campe\u00e3o na 3\u00aa etapa da Copa do Brasil de BMX - A Not\u00edcia Online","og:description":"O muriaeense Marcelo Rodrigues Feler Guimar\u00e3es, de apenas, seis anos, subiu o lugar mais alto do p\u00f3dio na 3\u00aa Etapa da Copa do Brasil de BMX, que aconteceu no \u00faltimo fim de semana (16 e 17), em Varginha. A \u00faltima etapa do campeonato acontecer\u00e1 em Salvador (BA), no dia 5 de novembro. Os pais, Jos\u00e9","og:url":"https:\/\/anoticiaonline.com.br\/site\/garoto-radical-marcelinho-e-campeao-na-3a-etapa-da-copa-do-brasil-de-bmx\/","og:image":"https:\/\/scontent-gig4-1.xx.fbcdn.net\/v\/t39.30808-1\/270437624_4564083193639691_6907940295614233970_n.jpg?stp=dst-jpg_s200x200_tt6&#038;_nc_cat=111&#038;ccb=1-7&#038;_nc_sid=f907e8&#038;_nc_ohc=SM1wRlP3lJwQ7kNvwEPuBYA&#038;_nc_oc=AdnqrjDN_BNjSSHWO-GbkIWH6fkGMLw4bqvL_NH6e2wMveX7G-rP2dAqsDSq1mJMOaY&#038;_nc_zt=24&#038;_nc_ht=scontent-gig4-1.xx&#038;_nc_gid=AoBFJeGrT1hVaew_6rchkQ&#038;oh=00_AfX7QmFGhQhG2jAllVgXCiM1ZrWgvtp80-Bfppyexh1QEg&#038;oe=689E923C","og:image:secure_url":"https:\/\/scontent-gig4-1.xx.fbcdn.net\/v\/t39.30808-1\/270437624_4564083193639691_6907940295614233970_n.jpg?stp=dst-jpg_s200x200_tt6&#038;_nc_cat=111&#038;ccb=1-7&#038;_nc_sid=f907e8&#038;_nc_ohc=SM1wRlP3lJwQ7kNvwEPuBYA&#038;_nc_oc=AdnqrjDN_BNjSSHWO-GbkIWH6fkGMLw4bqvL_NH6e2wMveX7G-rP2dAqsDSq1mJMOaY&#038;_nc_zt=24&#038;_nc_ht=scontent-gig4-1.xx&#038;_nc_gid=AoBFJeGrT1hVaew_6rchkQ&#038;oh=00_AfX7QmFGhQhG2jAllVgXCiM1ZrWgvtp80-Bfppyexh1QEg&#038;oe=689E923C","article:published_time":"2017-09-20T19:53:50+00:00","article:modified_time":"2017-09-20T19:53:50+00:00","twitter:card":"summary_large_image","twitter:title":"Garoto radical: Marcelinho \u00e9 campe\u00e3o na 3\u00aa etapa da Copa do Brasil de BMX - A Not\u00edcia Online","twitter:description":"O muriaeense Marcelo Rodrigues Feler Guimar\u00e3es, de apenas, seis anos, subiu o lugar mais alto do p\u00f3dio na 3\u00aa Etapa da Copa do Brasil de BMX, que aconteceu no \u00faltimo fim de semana (16 e 17), em Varginha. A \u00faltima etapa do campeonato acontecer\u00e1 em Salvador (BA), no dia 5 de novembro. Os pais, Jos\u00e9","twitter:image":"https:\/\/scontent-gig4-1.xx.fbcdn.net\/v\/t39.30808-1\/270437624_4564083193639691_6907940295614233970_n.jpg?stp=dst-jpg_s200x200_tt6&_nc_cat=111&ccb=1-7&_nc_sid=f907e8&_nc_ohc=SM1wRlP3lJwQ7kNvwEPuBYA&_nc_oc=AdnqrjDN_BNjSSHWO-GbkIWH6fkGMLw4bqvL_NH6e2wMveX7G-rP2dAqsDSq1mJMOaY&_nc_zt=24&_nc_ht=scontent-gig4-1.xx&_nc_gid=AoBFJeGrT1hVaew_6rchkQ&oh=00_AfX7QmFGhQhG2jAllVgXCiM1ZrWgvtp80-Bfppyexh1QEg&oe=689E923C"},"aioseo_meta_data":{"post_id":"40817","title":null,"description":null,"keywords":null,"keyphrases":null,"primary_term":null,"canonical_url":null,"og_title":null,"og_description":null,"og_object_type":"default","og_image_type":"default","og_image_url":null,"og_image_width":null,"og_image_height":null,"og_image_custom_url":null,"og_image_custom_fields":null,"og_video":null,"og_custom_url":null,"og_article_section":null,"og_article_tags":null,"twitter_use_og":false,"twitter_card":"default","twitter_image_type":"default","twitter_image_url":null,"twitter_image_custom_url":null,"twitter_image_custom_fields":null,"twitter_title":null,"twitter_description":null,"schema":{"blockGraphs":[],"customGraphs":[],"default":{"data":{"Article":[],"Course":[],"Dataset":[],"FAQPage":[],"Movie":[],"Person":[],"Product":[],"ProductReview":[],"Car":[],"Recipe":[],"Service":[],"SoftwareApplication":[],"WebPage":[]},"graphName":"","isEnabled":true},"graphs":[]},"schema_type":"default","schema_type_options":null,"pillar_content":false,"robots_default":true,"robots_noindex":false,"robots_noarchive":false,"robots_nosnippet":false,"robots_nofollow":false,"robots_noimageindex":false,"robots_noodp":false,"robots_notranslate":false,"robots_max_snippet":null,"robots_max_videopreview":null,"robots_max_imagepreview":"large","priority":null,"frequency":null,"local_seo":null,"breadcrumb_settings":null,"limit_modified_date":false,"ai":null,"created":"2025-08-16 19:29:18","updated":"2025-08-16 19:29:18","focus_keyword":null,"additional_keywords":null,"truseo_locale":null,"seo_analyzer_scan_date":null},"aioseo_breadcrumb":"<div class=\"aioseo-breadcrumbs\"><span class=\"aioseo-breadcrumb\">\n\t\t\t<a href=\"https:\/\/anoticiaonline.com.br\/site\" title=\"Home\">Home<\/a>\n\t\t<\/span><span class=\"aioseo-breadcrumb-separator\">&raquo;<\/span><span class=\"aioseo-breadcrumb\">\n\t\t\t<a href=\"https:\/\/anoticiaonline.com.br\/site\/categoria\/muriae\/\" title=\"Blog\">Blog<\/a>\n\t\t<\/span><span class=\"aioseo-breadcrumb-separator\">&raquo;<\/span><span class=\"aioseo-breadcrumb\">\n\t\t\tGaroto radical: Marcelinho \u00e9 campe\u00e3o na 3\u00aa etapa da Copa do Brasil de BMX\n\t\t<\/span><\/div>","aioseo_breadcrumb_json":[{"label":"Home","link":"https:\/\/anoticiaonline.com.br\/site"},{"label":"Blog","link":"https:\/\/anoticiaonline.com.br\/site\/categoria\/muriae\/"},{"label":"Garoto radical: Marcelinho \u00e9 campe\u00e3o na 3\u00aa etapa da Copa do Brasil de BMX","link":"https:\/\/anoticiaonline.com.br\/site\/garoto-radical-marcelinho-e-campeao-na-3a-etapa-da-copa-do-brasil-de-bmx\/"}],"views":135,"_links":{"self":[{"href":"https:\/\/anoticiaonline.com.br\/site\/wp-json\/wp\/v2\/posts\/40817","targetHints":{"allow":["GET"]}}],"collection":[{"href":"https:\/\/anoticiaonline.com.br\/site\/wp-json\/wp\/v2\/posts"}],"about":[{"href":"https:\/\/anoticiaonline.com.br\/site\/wp-json\/wp\/v2\/types\/post"}],"author":[{"embeddable":true,"href":"https:\/\/anoticiaonline.com.br\/site\/wp-json\/wp\/v2\/users\/2"}],"replies":[{"embeddable":true,"href":"https:\/\/anoticiaonline.com.br\/site\/wp-json\/wp\/v2\/comments?post=40817"}],"version-history":[{"count":0,"href":"https:\/\/anoticiaonline.com.br\/site\/wp-json\/wp\/v2\/posts\/40817\/revisions"}],"wp:featuredmedia":[{"embeddable":true,"href":"https:\/\/anoticiaonline.com.br\/site\/wp-json\/wp\/v2\/media\/40818"}],"wp:attachment":[{"href":"https:\/\/anoticiaonline.com.br\/site\/wp-json\/wp\/v2\/media?parent=40817"}],"wp:term":[{"taxonomy":"category","embeddable":true,"href":"https:\/\/anoticiaonline.com.br\/site\/wp-json\/wp\/v2\/categories?post=40817"},{"taxonomy":"post_tag","embeddable":true,"href":"https:\/\/anoticiaonline.com.br\/site\/wp-json\/wp\/v2\/tags?post=40817"}],"curies":[{"name":"wp","href":"https:\/\/api.w.org\/{rel}","templated":true}]}}