{"id":40640,"date":"2017-09-16T14:00:17","date_gmt":"2017-09-16T17:00:17","guid":{"rendered":"http:\/\/anoticiaonline.com.br\/site\/?p=40640"},"modified":"2017-09-15T00:04:29","modified_gmt":"2017-09-15T03:04:29","slug":"exposicao-agropecuaria-e-festa-do-cafe-agitam-a-cidade-de-fervedouro","status":"publish","type":"post","link":"https:\/\/anoticiaonline.com.br\/site\/exposicao-agropecuaria-e-festa-do-cafe-agitam-a-cidade-de-fervedouro\/","title":{"rendered":"Exposi\u00e7\u00e3o Agropecu\u00e1ria e Festa do Caf\u00e9 agitam a cidade de Fervedouro"},"content":{"rendered":"<p><a href=\"https:\/\/anoticiaonline.com.br\/site\/wp-content\/uploads\/2017\/09\/DSC_0063.jpg\"><img fetchpriority=\"high\" decoding=\"async\" class=\"alignleft size-medium wp-image-40641\" src=\"https:\/\/anoticiaonline.com.br\/site\/wp-content\/uploads\/2017\/09\/DSC_0063-300x200.jpg\" alt=\"\" width=\"300\" height=\"200\" srcset=\"https:\/\/anoticiaonline.com.br\/site\/wp-content\/uploads\/2017\/09\/DSC_0063-300x200.jpg 300w, https:\/\/anoticiaonline.com.br\/site\/wp-content\/uploads\/2017\/09\/DSC_0063-290x192.jpg 290w, https:\/\/anoticiaonline.com.br\/site\/wp-content\/uploads\/2017\/09\/DSC_0063.jpg 640w\" sizes=\"(max-width: 300px) 100vw, 300px\" \/><\/a> <a href=\"https:\/\/anoticiaonline.com.br\/site\/wp-content\/uploads\/2017\/09\/DSC_0813.jpg\"><img decoding=\"async\" class=\"alignleft size-medium wp-image-40642\" src=\"https:\/\/anoticiaonline.com.br\/site\/wp-content\/uploads\/2017\/09\/DSC_0813-300x200.jpg\" alt=\"\" width=\"300\" height=\"200\" srcset=\"https:\/\/anoticiaonline.com.br\/site\/wp-content\/uploads\/2017\/09\/DSC_0813-300x200.jpg 300w, https:\/\/anoticiaonline.com.br\/site\/wp-content\/uploads\/2017\/09\/DSC_0813-290x192.jpg 290w, https:\/\/anoticiaonline.com.br\/site\/wp-content\/uploads\/2017\/09\/DSC_0813.jpg 640w\" sizes=\"(max-width: 300px) 100vw, 300px\" \/><\/a> <a href=\"https:\/\/anoticiaonline.com.br\/site\/wp-content\/uploads\/2017\/09\/DSC_0880.jpg\"><img decoding=\"async\" class=\"alignleft size-medium wp-image-40643\" src=\"https:\/\/anoticiaonline.com.br\/site\/wp-content\/uploads\/2017\/09\/DSC_0880-300x200.jpg\" alt=\"\" width=\"300\" height=\"200\" srcset=\"https:\/\/anoticiaonline.com.br\/site\/wp-content\/uploads\/2017\/09\/DSC_0880-300x200.jpg 300w, https:\/\/anoticiaonline.com.br\/site\/wp-content\/uploads\/2017\/09\/DSC_0880-290x192.jpg 290w, https:\/\/anoticiaonline.com.br\/site\/wp-content\/uploads\/2017\/09\/DSC_0880.jpg 640w\" sizes=\"(max-width: 300px) 100vw, 300px\" \/><\/a> <a href=\"https:\/\/anoticiaonline.com.br\/site\/wp-content\/uploads\/2017\/09\/DSC_0936.jpg\"><img loading=\"lazy\" decoding=\"async\" class=\"alignleft size-medium wp-image-40644\" src=\"https:\/\/anoticiaonline.com.br\/site\/wp-content\/uploads\/2017\/09\/DSC_0936-300x200.jpg\" alt=\"\" width=\"300\" height=\"200\" srcset=\"https:\/\/anoticiaonline.com.br\/site\/wp-content\/uploads\/2017\/09\/DSC_0936-300x200.jpg 300w, https:\/\/anoticiaonline.com.br\/site\/wp-content\/uploads\/2017\/09\/DSC_0936-290x192.jpg 290w, https:\/\/anoticiaonline.com.br\/site\/wp-content\/uploads\/2017\/09\/DSC_0936.jpg 640w\" sizes=\"(max-width: 300px) 100vw, 300px\" \/><\/a>O parque de exposi\u00e7\u00f5es da cidade de Fervedouro recebeu milhares de pessoas durante a VII Exposi\u00e7\u00e3o Agropecu\u00e1ria e a XIII Festa do Caf\u00e9. A festa, que come\u00e7ou na quarta-feira (30) e terminou no domingo (3), contou com shows diversos e entrada franca todos os dias.<\/p>\n<p>Foram realizados, durante o evento, a final e a premia\u00e7\u00e3o do Concurso Leiteiro e do Concurso de Qualidade do Caf\u00e9. As atra\u00e7\u00f5es de destaque foram as apresenta\u00e7\u00f5es das duplas Jo\u00e3o Lucas &amp; Diogo, Cristiano Banni &amp; Daniel e Odair de Paula.<\/p>\n<p>Durante a abertura, Abilio Peixoto Franchini (Bilim), prefeito de Fervedouro, em entrevista ao Jornal A Not\u00edcia, falou sobre as comemora\u00e7\u00f5es que movimentam a cidade e sobre a atual comemora\u00e7\u00e3o. \u201cQuando assumi a prefeitura, o desafio maior era dar sequ\u00eancia ao governo que j\u00e1 caminhava bem h\u00e1 oito anos. Logo em janeiro, nossa administra\u00e7\u00e3o deparou-se com a crise financeira nacional, mas fomos trabalhando e alcan\u00e7ando os objetivos com todas as dificuldades\u201d, disse.<\/p>\n<p>De acordo com Bilim, o com\u00e9rcio auxiliou bastante na realiza\u00e7\u00e3o de uma festa de qualidade, com \u00f3timos shows e de port\u00f5es abertos. \u201cFizemos um evento sem gastar muito e que agradou a todos, gra\u00e7as \u00e0 ajuda do com\u00e9rcio. Aproveito a oportunidade para agradecer aos comerciantes, aos funcion\u00e1rios da prefeitura, \u00e0s secretarias e a toda popula\u00e7\u00e3o de Fervedouro\u201d, contou.<\/p>\n<p>Na ocasi\u00e3o, o prefeito Z\u00e9 Maria, de Ros\u00e1rio da Limeira, compareceu ao palco principal para cumprimentar o p\u00fablico e representar todos os prefeitos da regi\u00e3o. \u201c\u00c9 um momento importante para Fervedouro, pois esta festa re\u00fane pessoas do campo, da cidade e da regi\u00e3o\u201d, disse.<\/p>\n<p>Tamb\u00e9m esteve presente no palco o deputado estadual, Braulio Braz, que, na oportunidade, fez a entrega de um autom\u00f3vel Fiat Dobl\u00f4, que ir\u00e1 auxiliar no transporte de pacientes em tratamento de sa\u00fade. \u201cGostaria de cumprimentar o prefeito, o vice-prefeito, suas respectivas esposas e todo o secretariado da prefeitura de Fervedouro pelo maravilhoso trabalho que est\u00e1 sendo realizado na administra\u00e7\u00e3o da cidade\u201d, disse o deputado ao p\u00fablico.<\/p>\n<p>No encerramento da festividade, domingo (01), aconteceu o primeiro Show de Pr\u00eamios beneficente \u00e0 constru\u00e7\u00e3o da Apae de Fervedouro atraindo grande p\u00fablico. Foram sorteados tr\u00eas motocicletas, um Fiat Mobi e uma caminhonete S10.<\/p>\n<p><strong>Programa\u00e7\u00e3o da Exposi\u00e7\u00e3o Agropecu\u00e1ria e Festa do Caf\u00e9 &#8211; <\/strong>Quarta-feira (30): Festa Gospel; quinta-feira (31): abertura oficial e show com Odair de Paula; sexta-feira (1): show com a dupla Jo\u00e3o Lucas e Diogo; s\u00e1bado (2):Dj Kojak e shows com\u00a0 a dupla sertaneja Cristiano Banni&amp; Daniel e Banda Relux; Domingo (3):show com a Banda AG4.<\/p>\n<p><img decoding=\"async\" class=\"ngg_displayed_gallery mceItem\" src=\"https:\/\/anoticiaonline.com.br\/site\/nextgen-attach_to_post\/preview\/id--40721\" \/><\/p>\n","protected":false},"excerpt":{"rendered":"<p>O parque de exposi\u00e7\u00f5es da cidade de Fervedouro recebeu milhares de pessoas durante a VII Exposi\u00e7\u00e3o Agropecu\u00e1ria e a XIII Festa do Caf\u00e9. A festa, que come\u00e7ou na quarta-feira (30) e terminou no domingo (3), contou com shows diversos e entrada franca todos os dias. Foram realizados, durante o evento, a final e a premia\u00e7\u00e3o &#8230; <a title=\"Exposi\u00e7\u00e3o Agropecu\u00e1ria e Festa do Caf\u00e9 agitam a cidade de Fervedouro\" class=\"read-more\" href=\"https:\/\/anoticiaonline.com.br\/site\/exposicao-agropecuaria-e-festa-do-cafe-agitam-a-cidade-de-fervedouro\/\" aria-label=\"Read more about Exposi\u00e7\u00e3o Agropecu\u00e1ria e Festa do Caf\u00e9 agitam a cidade de Fervedouro\">Ler mais<\/a><\/p>\n","protected":false},"author":2,"featured_media":40642,"comment_status":"open","ping_status":"open","sticky":false,"template":"","format":"standard","meta":{"_acf_changed":false,"_monsterinsights_skip_tracking":false,"footnotes":""},"categories":[6],"tags":[1112,1114,730,1117,1116,797,1109,1115,1113,846,1110,1111],"class_list":["post-40640","post","type-post","status-publish","format-standard","has-post-thumbnail","hentry","category-regiao","tag-abilio-peixoto-franchini","tag-bilim","tag-braulio-braz","tag-concurso-de-qualidade-do-cafe","tag-concurso-leiteiro","tag-cristiano-banni-daniel","tag-fervedouro","tag-joao-lucas-diogo","tag-prefeito-de-fervedouro","tag-rosario-da-limeira","tag-vii-exposicao-agropecuaria","tag-xiii-festa-do-cafe"],"acf":[],"aioseo_notices":[],"aioseo_head":"\n\t\t<!-- All in One SEO 5.0.0.1 - aioseo.com -->\n\t<meta name=\"description\" content=\"O parque de exposi\u00e7\u00f5es da cidade de Fervedouro recebeu milhares de pessoas durante a VII Exposi\u00e7\u00e3o Agropecu\u00e1ria e a XIII Festa do Caf\u00e9. A festa, que come\u00e7ou na quarta-feira (30) e terminou no domingo (3), contou com shows diversos e entrada franca todos os dias. Foram realizados, durante o evento, a final e a premia\u00e7\u00e3o\" \/>\n\t<meta name=\"robots\" content=\"max-image-preview:large\" \/>\n\t<meta name=\"author\" content=\"Juliana Laviola\"\/>\n\t<link rel=\"canonical\" href=\"https:\/\/anoticiaonline.com.br\/site\/exposicao-agropecuaria-e-festa-do-cafe-agitam-a-cidade-de-fervedouro\/\" \/>\n\t<meta name=\"generator\" content=\"All in One SEO (AIOSEO) 5.0.0.1\" \/>\n\t\t<meta property=\"og:locale\" content=\"pt_BR\" \/>\n\t\t<meta property=\"og:site_name\" content=\"A Not\u00edcia Online - Noticias de Muria\u00e9 e regi\u00e3o\" \/>\n\t\t<meta property=\"og:type\" content=\"article\" \/>\n\t\t<meta property=\"og:title\" content=\"Exposi\u00e7\u00e3o Agropecu\u00e1ria e Festa do Caf\u00e9 agitam a cidade de Fervedouro - A Not\u00edcia Online\" \/>\n\t\t<meta property=\"og:description\" content=\"O parque de exposi\u00e7\u00f5es da cidade de Fervedouro recebeu milhares de pessoas durante a VII Exposi\u00e7\u00e3o Agropecu\u00e1ria e a XIII Festa do Caf\u00e9. A festa, que come\u00e7ou na quarta-feira (30) e terminou no domingo (3), contou com shows diversos e entrada franca todos os dias. Foram realizados, durante o evento, a final e a premia\u00e7\u00e3o\" \/>\n\t\t<meta property=\"og:url\" content=\"https:\/\/anoticiaonline.com.br\/site\/exposicao-agropecuaria-e-festa-do-cafe-agitam-a-cidade-de-fervedouro\/\" \/>\n\t\t<meta property=\"og:image\" content=\"https:\/\/scontent-gig4-1.xx.fbcdn.net\/v\/t39.30808-1\/270437624_4564083193639691_6907940295614233970_n.jpg?stp=dst-jpg_s200x200_tt6&#038;_nc_cat=111&#038;ccb=1-7&#038;_nc_sid=f907e8&#038;_nc_ohc=SM1wRlP3lJwQ7kNvwEPuBYA&#038;_nc_oc=AdnqrjDN_BNjSSHWO-GbkIWH6fkGMLw4bqvL_NH6e2wMveX7G-rP2dAqsDSq1mJMOaY&#038;_nc_zt=24&#038;_nc_ht=scontent-gig4-1.xx&#038;_nc_gid=AoBFJeGrT1hVaew_6rchkQ&#038;oh=00_AfX7QmFGhQhG2jAllVgXCiM1ZrWgvtp80-Bfppyexh1QEg&#038;oe=689E923C\" \/>\n\t\t<meta property=\"og:image:secure_url\" content=\"https:\/\/scontent-gig4-1.xx.fbcdn.net\/v\/t39.30808-1\/270437624_4564083193639691_6907940295614233970_n.jpg?stp=dst-jpg_s200x200_tt6&#038;_nc_cat=111&#038;ccb=1-7&#038;_nc_sid=f907e8&#038;_nc_ohc=SM1wRlP3lJwQ7kNvwEPuBYA&#038;_nc_oc=AdnqrjDN_BNjSSHWO-GbkIWH6fkGMLw4bqvL_NH6e2wMveX7G-rP2dAqsDSq1mJMOaY&#038;_nc_zt=24&#038;_nc_ht=scontent-gig4-1.xx&#038;_nc_gid=AoBFJeGrT1hVaew_6rchkQ&#038;oh=00_AfX7QmFGhQhG2jAllVgXCiM1ZrWgvtp80-Bfppyexh1QEg&#038;oe=689E923C\" \/>\n\t\t<meta property=\"article:published_time\" content=\"2017-09-16T17:00:17+00:00\" \/>\n\t\t<meta property=\"article:modified_time\" content=\"2017-09-15T03:04:29+00:00\" \/>\n\t\t<meta name=\"twitter:card\" content=\"summary_large_image\" \/>\n\t\t<meta name=\"twitter:title\" content=\"Exposi\u00e7\u00e3o Agropecu\u00e1ria e Festa do Caf\u00e9 agitam a cidade de Fervedouro - A Not\u00edcia Online\" \/>\n\t\t<meta name=\"twitter:description\" content=\"O parque de exposi\u00e7\u00f5es da cidade de Fervedouro recebeu milhares de pessoas durante a VII Exposi\u00e7\u00e3o Agropecu\u00e1ria e a XIII Festa do Caf\u00e9. A festa, que come\u00e7ou na quarta-feira (30) e terminou no domingo (3), contou com shows diversos e entrada franca todos os dias. Foram realizados, durante o evento, a final e a premia\u00e7\u00e3o\" \/>\n\t\t<meta name=\"twitter:image\" content=\"https:\/\/scontent-gig4-1.xx.fbcdn.net\/v\/t39.30808-1\/270437624_4564083193639691_6907940295614233970_n.jpg?stp=dst-jpg_s200x200_tt6&amp;_nc_cat=111&amp;ccb=1-7&amp;_nc_sid=f907e8&amp;_nc_ohc=SM1wRlP3lJwQ7kNvwEPuBYA&amp;_nc_oc=AdnqrjDN_BNjSSHWO-GbkIWH6fkGMLw4bqvL_NH6e2wMveX7G-rP2dAqsDSq1mJMOaY&amp;_nc_zt=24&amp;_nc_ht=scontent-gig4-1.xx&amp;_nc_gid=AoBFJeGrT1hVaew_6rchkQ&amp;oh=00_AfX7QmFGhQhG2jAllVgXCiM1ZrWgvtp80-Bfppyexh1QEg&amp;oe=689E923C\" \/>\n\t\t<script type=\"application\/ld+json\" class=\"aioseo-schema\">\n\t\t\t{\"@context\":\"https:\\\/\\\/schema.org\",\"@graph\":[{\"@type\":\"BlogPosting\",\"@id\":\"https:\\\/\\\/anoticiaonline.com.br\\\/site\\\/exposicao-agropecuaria-e-festa-do-cafe-agitam-a-cidade-de-fervedouro\\\/#blogposting\",\"name\":\"Exposi\\u00e7\\u00e3o Agropecu\\u00e1ria e Festa do Caf\\u00e9 agitam a cidade de Fervedouro - A Not\\u00edcia Online\",\"headline\":\"Exposi\\u00e7\\u00e3o Agropecu\\u00e1ria e Festa do Caf\\u00e9 agitam a cidade de Fervedouro\",\"author\":{\"@id\":\"https:\\\/\\\/anoticiaonline.com.br\\\/site\\\/author\\\/juliana\\\/#author\"},\"publisher\":{\"@id\":\"https:\\\/\\\/anoticiaonline.com.br\\\/site\\\/#organization\"},\"image\":{\"@type\":\"ImageObject\",\"url\":\"https:\\\/\\\/anoticiaonline.com.br\\\/site\\\/wp-content\\\/uploads\\\/2017\\\/09\\\/DSC_0813.jpg\",\"width\":640,\"height\":426},\"datePublished\":\"2017-09-16T14:00:17-03:00\",\"dateModified\":\"2017-09-15T00:04:29-03:00\",\"inLanguage\":\"pt-BR\",\"mainEntityOfPage\":{\"@id\":\"https:\\\/\\\/anoticiaonline.com.br\\\/site\\\/exposicao-agropecuaria-e-festa-do-cafe-agitam-a-cidade-de-fervedouro\\\/#webpage\"},\"isPartOf\":{\"@id\":\"https:\\\/\\\/anoticiaonline.com.br\\\/site\\\/exposicao-agropecuaria-e-festa-do-cafe-agitam-a-cidade-de-fervedouro\\\/#webpage\"},\"articleSection\":\"Regi\\u00e3o, Abilio Peixoto Franchini, Bilim, Braulio Braz, Concurso de Qualidade do Caf\\u00e9, Concurso Leiteiro, Cristiano Banni &amp; Daniel, FERVEDOURO, Jo\\u00e3o Lucas &amp; Diogo, prefeito de Fervedouro, Ros\\u00e1rio da Limeira, VII Exposi\\u00e7\\u00e3o Agropecu\\u00e1ria, XIII Festa do Caf\\u00e9\"},{\"@type\":\"BreadcrumbList\",\"@id\":\"https:\\\/\\\/anoticiaonline.com.br\\\/site\\\/exposicao-agropecuaria-e-festa-do-cafe-agitam-a-cidade-de-fervedouro\\\/#breadcrumblist\",\"itemListElement\":[{\"@type\":\"ListItem\",\"@id\":\"https:\\\/\\\/anoticiaonline.com.br\\\/site#listItem\",\"position\":1,\"name\":\"Home\",\"item\":\"https:\\\/\\\/anoticiaonline.com.br\\\/site\",\"nextItem\":{\"@type\":\"ListItem\",\"@id\":\"https:\\\/\\\/anoticiaonline.com.br\\\/site\\\/categoria\\\/regiao\\\/#listItem\",\"name\":\"Regi\\u00e3o\"}},{\"@type\":\"ListItem\",\"@id\":\"https:\\\/\\\/anoticiaonline.com.br\\\/site\\\/categoria\\\/regiao\\\/#listItem\",\"position\":2,\"name\":\"Regi\\u00e3o\",\"item\":\"https:\\\/\\\/anoticiaonline.com.br\\\/site\\\/categoria\\\/regiao\\\/\",\"nextItem\":{\"@type\":\"ListItem\",\"@id\":\"https:\\\/\\\/anoticiaonline.com.br\\\/site\\\/exposicao-agropecuaria-e-festa-do-cafe-agitam-a-cidade-de-fervedouro\\\/#listItem\",\"name\":\"Exposi\\u00e7\\u00e3o Agropecu\\u00e1ria e Festa do Caf\\u00e9 agitam a cidade de Fervedouro\"},\"previousItem\":{\"@type\":\"ListItem\",\"@id\":\"https:\\\/\\\/anoticiaonline.com.br\\\/site#listItem\",\"name\":\"Home\"}},{\"@type\":\"ListItem\",\"@id\":\"https:\\\/\\\/anoticiaonline.com.br\\\/site\\\/exposicao-agropecuaria-e-festa-do-cafe-agitam-a-cidade-de-fervedouro\\\/#listItem\",\"position\":3,\"name\":\"Exposi\\u00e7\\u00e3o Agropecu\\u00e1ria e Festa do Caf\\u00e9 agitam a cidade de Fervedouro\",\"previousItem\":{\"@type\":\"ListItem\",\"@id\":\"https:\\\/\\\/anoticiaonline.com.br\\\/site\\\/categoria\\\/regiao\\\/#listItem\",\"name\":\"Regi\\u00e3o\"}}]},{\"@type\":\"Organization\",\"@id\":\"https:\\\/\\\/anoticiaonline.com.br\\\/site\\\/#organization\",\"name\":\"A Not\\u00edcia Online\",\"description\":\"Noticias de Muria\\u00e9 e regi\\u00e3o\",\"url\":\"https:\\\/\\\/anoticiaonline.com.br\\\/site\\\/\",\"logo\":{\"@type\":\"ImageObject\",\"url\":\"https:\\\/\\\/scontent-gig4-1.xx.fbcdn.net\\\/v\\\/t39.30808-1\\\/270437624_4564083193639691_6907940295614233970_n.jpg?stp=dst-jpg_s200x200_tt6&_nc_cat=111&ccb=1-7&_nc_sid=f907e8&_nc_ohc=SM1wRlP3lJwQ7kNvwEPuBYA&_nc_oc=AdnqrjDN_BNjSSHWO-GbkIWH6fkGMLw4bqvL_NH6e2wMveX7G-rP2dAqsDSq1mJMOaY&_nc_zt=24&_nc_ht=scontent-gig4-1.xx&_nc_gid=AoBFJeGrT1hVaew_6rchkQ&oh=00_AfX7QmFGhQhG2jAllVgXCiM1ZrWgvtp80-Bfppyexh1QEg&oe=689E923C\",\"@id\":\"https:\\\/\\\/anoticiaonline.com.br\\\/site\\\/exposicao-agropecuaria-e-festa-do-cafe-agitam-a-cidade-de-fervedouro\\\/#organizationLogo\"},\"image\":{\"@id\":\"https:\\\/\\\/anoticiaonline.com.br\\\/site\\\/exposicao-agropecuaria-e-festa-do-cafe-agitam-a-cidade-de-fervedouro\\\/#organizationLogo\"}},{\"@type\":\"Person\",\"@id\":\"https:\\\/\\\/anoticiaonline.com.br\\\/site\\\/author\\\/juliana\\\/#author\",\"url\":\"https:\\\/\\\/anoticiaonline.com.br\\\/site\\\/author\\\/juliana\\\/\",\"name\":\"Juliana Laviola\",\"image\":{\"@type\":\"ImageObject\",\"@id\":\"https:\\\/\\\/anoticiaonline.com.br\\\/site\\\/exposicao-agropecuaria-e-festa-do-cafe-agitam-a-cidade-de-fervedouro\\\/#authorImage\",\"url\":\"https:\\\/\\\/secure.gravatar.com\\\/avatar\\\/b8d45f5c699b100dfaf0e543582f38f38bf94cb7ae3a5e9abf8d891a34773335?s=96&d=mm&r=g\",\"width\":96,\"height\":96,\"caption\":\"Juliana Laviola\"}},{\"@type\":\"WebPage\",\"@id\":\"https:\\\/\\\/anoticiaonline.com.br\\\/site\\\/exposicao-agropecuaria-e-festa-do-cafe-agitam-a-cidade-de-fervedouro\\\/#webpage\",\"url\":\"https:\\\/\\\/anoticiaonline.com.br\\\/site\\\/exposicao-agropecuaria-e-festa-do-cafe-agitam-a-cidade-de-fervedouro\\\/\",\"name\":\"Exposi\\u00e7\\u00e3o Agropecu\\u00e1ria e Festa do Caf\\u00e9 agitam a cidade de Fervedouro - A Not\\u00edcia Online\",\"description\":\"O parque de exposi\\u00e7\\u00f5es da cidade de Fervedouro recebeu milhares de pessoas durante a VII Exposi\\u00e7\\u00e3o Agropecu\\u00e1ria e a XIII Festa do Caf\\u00e9. A festa, que come\\u00e7ou na quarta-feira (30) e terminou no domingo (3), contou com shows diversos e entrada franca todos os dias. Foram realizados, durante o evento, a final e a premia\\u00e7\\u00e3o\",\"inLanguage\":\"pt-BR\",\"isPartOf\":{\"@id\":\"https:\\\/\\\/anoticiaonline.com.br\\\/site\\\/#website\"},\"breadcrumb\":{\"@id\":\"https:\\\/\\\/anoticiaonline.com.br\\\/site\\\/exposicao-agropecuaria-e-festa-do-cafe-agitam-a-cidade-de-fervedouro\\\/#breadcrumblist\"},\"author\":{\"@id\":\"https:\\\/\\\/anoticiaonline.com.br\\\/site\\\/author\\\/juliana\\\/#author\"},\"creator\":{\"@id\":\"https:\\\/\\\/anoticiaonline.com.br\\\/site\\\/author\\\/juliana\\\/#author\"},\"image\":{\"@type\":\"ImageObject\",\"url\":\"https:\\\/\\\/anoticiaonline.com.br\\\/site\\\/wp-content\\\/uploads\\\/2017\\\/09\\\/DSC_0813.jpg\",\"@id\":\"https:\\\/\\\/anoticiaonline.com.br\\\/site\\\/exposicao-agropecuaria-e-festa-do-cafe-agitam-a-cidade-de-fervedouro\\\/#mainImage\",\"width\":640,\"height\":426},\"primaryImageOfPage\":{\"@id\":\"https:\\\/\\\/anoticiaonline.com.br\\\/site\\\/exposicao-agropecuaria-e-festa-do-cafe-agitam-a-cidade-de-fervedouro\\\/#mainImage\"},\"datePublished\":\"2017-09-16T14:00:17-03:00\",\"dateModified\":\"2017-09-15T00:04:29-03:00\"},{\"@type\":\"WebSite\",\"@id\":\"https:\\\/\\\/anoticiaonline.com.br\\\/site\\\/#website\",\"url\":\"https:\\\/\\\/anoticiaonline.com.br\\\/site\\\/\",\"name\":\"A Not\\u00edcia Online\",\"description\":\"Noticias de Muria\\u00e9 e regi\\u00e3o\",\"inLanguage\":\"pt-BR\",\"publisher\":{\"@id\":\"https:\\\/\\\/anoticiaonline.com.br\\\/site\\\/#organization\"}}]}\n\t\t<\/script>\n\t\t<!-- All in One SEO -->\n\n","aioseo_head_json":{"title":"Exposi\u00e7\u00e3o Agropecu\u00e1ria e Festa do Caf\u00e9 agitam a cidade de Fervedouro - A Not\u00edcia Online","description":"O parque de exposi\u00e7\u00f5es da cidade de Fervedouro recebeu milhares de pessoas durante a VII Exposi\u00e7\u00e3o Agropecu\u00e1ria e a XIII Festa do Caf\u00e9. A festa, que come\u00e7ou na quarta-feira (30) e terminou no domingo (3), contou com shows diversos e entrada franca todos os dias. Foram realizados, durante o evento, a final e a premia\u00e7\u00e3o","canonical_url":"https:\/\/anoticiaonline.com.br\/site\/exposicao-agropecuaria-e-festa-do-cafe-agitam-a-cidade-de-fervedouro\/","robots":"max-image-preview:large","keywords":"","webmasterTools":{"miscellaneous":""},"schema":{"@context":"https:\/\/schema.org","@graph":[{"@type":"BlogPosting","@id":"https:\/\/anoticiaonline.com.br\/site\/exposicao-agropecuaria-e-festa-do-cafe-agitam-a-cidade-de-fervedouro\/#blogposting","name":"Exposi\u00e7\u00e3o Agropecu\u00e1ria e Festa do Caf\u00e9 agitam a cidade de Fervedouro - A Not\u00edcia Online","headline":"Exposi\u00e7\u00e3o Agropecu\u00e1ria e Festa do Caf\u00e9 agitam a cidade de Fervedouro","author":{"@id":"https:\/\/anoticiaonline.com.br\/site\/author\/juliana\/#author"},"publisher":{"@id":"https:\/\/anoticiaonline.com.br\/site\/#organization"},"image":{"@type":"ImageObject","url":"https:\/\/anoticiaonline.com.br\/site\/wp-content\/uploads\/2017\/09\/DSC_0813.jpg","width":640,"height":426},"datePublished":"2017-09-16T14:00:17-03:00","dateModified":"2017-09-15T00:04:29-03:00","inLanguage":"pt-BR","mainEntityOfPage":{"@id":"https:\/\/anoticiaonline.com.br\/site\/exposicao-agropecuaria-e-festa-do-cafe-agitam-a-cidade-de-fervedouro\/#webpage"},"isPartOf":{"@id":"https:\/\/anoticiaonline.com.br\/site\/exposicao-agropecuaria-e-festa-do-cafe-agitam-a-cidade-de-fervedouro\/#webpage"},"articleSection":"Regi\u00e3o, Abilio Peixoto Franchini, Bilim, Braulio Braz, Concurso de Qualidade do Caf\u00e9, Concurso Leiteiro, Cristiano Banni &amp; Daniel, FERVEDOURO, Jo\u00e3o Lucas &amp; Diogo, prefeito de Fervedouro, Ros\u00e1rio da Limeira, VII Exposi\u00e7\u00e3o Agropecu\u00e1ria, XIII Festa do Caf\u00e9"},{"@type":"BreadcrumbList","@id":"https:\/\/anoticiaonline.com.br\/site\/exposicao-agropecuaria-e-festa-do-cafe-agitam-a-cidade-de-fervedouro\/#breadcrumblist","itemListElement":[{"@type":"ListItem","@id":"https:\/\/anoticiaonline.com.br\/site#listItem","position":1,"name":"Home","item":"https:\/\/anoticiaonline.com.br\/site","nextItem":{"@type":"ListItem","@id":"https:\/\/anoticiaonline.com.br\/site\/categoria\/regiao\/#listItem","name":"Regi\u00e3o"}},{"@type":"ListItem","@id":"https:\/\/anoticiaonline.com.br\/site\/categoria\/regiao\/#listItem","position":2,"name":"Regi\u00e3o","item":"https:\/\/anoticiaonline.com.br\/site\/categoria\/regiao\/","nextItem":{"@type":"ListItem","@id":"https:\/\/anoticiaonline.com.br\/site\/exposicao-agropecuaria-e-festa-do-cafe-agitam-a-cidade-de-fervedouro\/#listItem","name":"Exposi\u00e7\u00e3o Agropecu\u00e1ria e Festa do Caf\u00e9 agitam a cidade de Fervedouro"},"previousItem":{"@type":"ListItem","@id":"https:\/\/anoticiaonline.com.br\/site#listItem","name":"Home"}},{"@type":"ListItem","@id":"https:\/\/anoticiaonline.com.br\/site\/exposicao-agropecuaria-e-festa-do-cafe-agitam-a-cidade-de-fervedouro\/#listItem","position":3,"name":"Exposi\u00e7\u00e3o Agropecu\u00e1ria e Festa do Caf\u00e9 agitam a cidade de Fervedouro","previousItem":{"@type":"ListItem","@id":"https:\/\/anoticiaonline.com.br\/site\/categoria\/regiao\/#listItem","name":"Regi\u00e3o"}}]},{"@type":"Organization","@id":"https:\/\/anoticiaonline.com.br\/site\/#organization","name":"A Not\u00edcia Online","description":"Noticias de Muria\u00e9 e regi\u00e3o","url":"https:\/\/anoticiaonline.com.br\/site\/","logo":{"@type":"ImageObject","url":"https:\/\/scontent-gig4-1.xx.fbcdn.net\/v\/t39.30808-1\/270437624_4564083193639691_6907940295614233970_n.jpg?stp=dst-jpg_s200x200_tt6&_nc_cat=111&ccb=1-7&_nc_sid=f907e8&_nc_ohc=SM1wRlP3lJwQ7kNvwEPuBYA&_nc_oc=AdnqrjDN_BNjSSHWO-GbkIWH6fkGMLw4bqvL_NH6e2wMveX7G-rP2dAqsDSq1mJMOaY&_nc_zt=24&_nc_ht=scontent-gig4-1.xx&_nc_gid=AoBFJeGrT1hVaew_6rchkQ&oh=00_AfX7QmFGhQhG2jAllVgXCiM1ZrWgvtp80-Bfppyexh1QEg&oe=689E923C","@id":"https:\/\/anoticiaonline.com.br\/site\/exposicao-agropecuaria-e-festa-do-cafe-agitam-a-cidade-de-fervedouro\/#organizationLogo"},"image":{"@id":"https:\/\/anoticiaonline.com.br\/site\/exposicao-agropecuaria-e-festa-do-cafe-agitam-a-cidade-de-fervedouro\/#organizationLogo"}},{"@type":"Person","@id":"https:\/\/anoticiaonline.com.br\/site\/author\/juliana\/#author","url":"https:\/\/anoticiaonline.com.br\/site\/author\/juliana\/","name":"Juliana Laviola","image":{"@type":"ImageObject","@id":"https:\/\/anoticiaonline.com.br\/site\/exposicao-agropecuaria-e-festa-do-cafe-agitam-a-cidade-de-fervedouro\/#authorImage","url":"https:\/\/secure.gravatar.com\/avatar\/b8d45f5c699b100dfaf0e543582f38f38bf94cb7ae3a5e9abf8d891a34773335?s=96&d=mm&r=g","width":96,"height":96,"caption":"Juliana Laviola"}},{"@type":"WebPage","@id":"https:\/\/anoticiaonline.com.br\/site\/exposicao-agropecuaria-e-festa-do-cafe-agitam-a-cidade-de-fervedouro\/#webpage","url":"https:\/\/anoticiaonline.com.br\/site\/exposicao-agropecuaria-e-festa-do-cafe-agitam-a-cidade-de-fervedouro\/","name":"Exposi\u00e7\u00e3o Agropecu\u00e1ria e Festa do Caf\u00e9 agitam a cidade de Fervedouro - A Not\u00edcia Online","description":"O parque de exposi\u00e7\u00f5es da cidade de Fervedouro recebeu milhares de pessoas durante a VII Exposi\u00e7\u00e3o Agropecu\u00e1ria e a XIII Festa do Caf\u00e9. A festa, que come\u00e7ou na quarta-feira (30) e terminou no domingo (3), contou com shows diversos e entrada franca todos os dias. Foram realizados, durante o evento, a final e a premia\u00e7\u00e3o","inLanguage":"pt-BR","isPartOf":{"@id":"https:\/\/anoticiaonline.com.br\/site\/#website"},"breadcrumb":{"@id":"https:\/\/anoticiaonline.com.br\/site\/exposicao-agropecuaria-e-festa-do-cafe-agitam-a-cidade-de-fervedouro\/#breadcrumblist"},"author":{"@id":"https:\/\/anoticiaonline.com.br\/site\/author\/juliana\/#author"},"creator":{"@id":"https:\/\/anoticiaonline.com.br\/site\/author\/juliana\/#author"},"image":{"@type":"ImageObject","url":"https:\/\/anoticiaonline.com.br\/site\/wp-content\/uploads\/2017\/09\/DSC_0813.jpg","@id":"https:\/\/anoticiaonline.com.br\/site\/exposicao-agropecuaria-e-festa-do-cafe-agitam-a-cidade-de-fervedouro\/#mainImage","width":640,"height":426},"primaryImageOfPage":{"@id":"https:\/\/anoticiaonline.com.br\/site\/exposicao-agropecuaria-e-festa-do-cafe-agitam-a-cidade-de-fervedouro\/#mainImage"},"datePublished":"2017-09-16T14:00:17-03:00","dateModified":"2017-09-15T00:04:29-03:00"},{"@type":"WebSite","@id":"https:\/\/anoticiaonline.com.br\/site\/#website","url":"https:\/\/anoticiaonline.com.br\/site\/","name":"A Not\u00edcia Online","description":"Noticias de Muria\u00e9 e regi\u00e3o","inLanguage":"pt-BR","publisher":{"@id":"https:\/\/anoticiaonline.com.br\/site\/#organization"}}]},"og:locale":"pt_BR","og:site_name":"A Not\u00edcia Online - Noticias de Muria\u00e9 e regi\u00e3o","og:type":"article","og:title":"Exposi\u00e7\u00e3o Agropecu\u00e1ria e Festa do Caf\u00e9 agitam a cidade de Fervedouro - A Not\u00edcia Online","og:description":"O parque de exposi\u00e7\u00f5es da cidade de Fervedouro recebeu milhares de pessoas durante a VII Exposi\u00e7\u00e3o Agropecu\u00e1ria e a XIII Festa do Caf\u00e9. A festa, que come\u00e7ou na quarta-feira (30) e terminou no domingo (3), contou com shows diversos e entrada franca todos os dias. Foram realizados, durante o evento, a final e a premia\u00e7\u00e3o","og:url":"https:\/\/anoticiaonline.com.br\/site\/exposicao-agropecuaria-e-festa-do-cafe-agitam-a-cidade-de-fervedouro\/","og:image":"https:\/\/scontent-gig4-1.xx.fbcdn.net\/v\/t39.30808-1\/270437624_4564083193639691_6907940295614233970_n.jpg?stp=dst-jpg_s200x200_tt6&#038;_nc_cat=111&#038;ccb=1-7&#038;_nc_sid=f907e8&#038;_nc_ohc=SM1wRlP3lJwQ7kNvwEPuBYA&#038;_nc_oc=AdnqrjDN_BNjSSHWO-GbkIWH6fkGMLw4bqvL_NH6e2wMveX7G-rP2dAqsDSq1mJMOaY&#038;_nc_zt=24&#038;_nc_ht=scontent-gig4-1.xx&#038;_nc_gid=AoBFJeGrT1hVaew_6rchkQ&#038;oh=00_AfX7QmFGhQhG2jAllVgXCiM1ZrWgvtp80-Bfppyexh1QEg&#038;oe=689E923C","og:image:secure_url":"https:\/\/scontent-gig4-1.xx.fbcdn.net\/v\/t39.30808-1\/270437624_4564083193639691_6907940295614233970_n.jpg?stp=dst-jpg_s200x200_tt6&#038;_nc_cat=111&#038;ccb=1-7&#038;_nc_sid=f907e8&#038;_nc_ohc=SM1wRlP3lJwQ7kNvwEPuBYA&#038;_nc_oc=AdnqrjDN_BNjSSHWO-GbkIWH6fkGMLw4bqvL_NH6e2wMveX7G-rP2dAqsDSq1mJMOaY&#038;_nc_zt=24&#038;_nc_ht=scontent-gig4-1.xx&#038;_nc_gid=AoBFJeGrT1hVaew_6rchkQ&#038;oh=00_AfX7QmFGhQhG2jAllVgXCiM1ZrWgvtp80-Bfppyexh1QEg&#038;oe=689E923C","article:published_time":"2017-09-16T17:00:17+00:00","article:modified_time":"2017-09-15T03:04:29+00:00","twitter:card":"summary_large_image","twitter:title":"Exposi\u00e7\u00e3o Agropecu\u00e1ria e Festa do Caf\u00e9 agitam a cidade de Fervedouro - A Not\u00edcia Online","twitter:description":"O parque de exposi\u00e7\u00f5es da cidade de Fervedouro recebeu milhares de pessoas durante a VII Exposi\u00e7\u00e3o Agropecu\u00e1ria e a XIII Festa do Caf\u00e9. A festa, que come\u00e7ou na quarta-feira (30) e terminou no domingo (3), contou com shows diversos e entrada franca todos os dias. Foram realizados, durante o evento, a final e a premia\u00e7\u00e3o","twitter:image":"https:\/\/scontent-gig4-1.xx.fbcdn.net\/v\/t39.30808-1\/270437624_4564083193639691_6907940295614233970_n.jpg?stp=dst-jpg_s200x200_tt6&_nc_cat=111&ccb=1-7&_nc_sid=f907e8&_nc_ohc=SM1wRlP3lJwQ7kNvwEPuBYA&_nc_oc=AdnqrjDN_BNjSSHWO-GbkIWH6fkGMLw4bqvL_NH6e2wMveX7G-rP2dAqsDSq1mJMOaY&_nc_zt=24&_nc_ht=scontent-gig4-1.xx&_nc_gid=AoBFJeGrT1hVaew_6rchkQ&oh=00_AfX7QmFGhQhG2jAllVgXCiM1ZrWgvtp80-Bfppyexh1QEg&oe=689E923C"},"aioseo_meta_data":{"post_id":"40640","title":null,"description":null,"keywords":null,"keyphrases":null,"primary_term":null,"canonical_url":null,"og_title":null,"og_description":null,"og_object_type":"default","og_image_type":"default","og_image_url":null,"og_image_width":null,"og_image_height":null,"og_image_custom_url":null,"og_image_custom_fields":null,"og_video":null,"og_custom_url":null,"og_article_section":null,"og_article_tags":null,"twitter_use_og":false,"twitter_card":"default","twitter_image_type":"default","twitter_image_url":null,"twitter_image_custom_url":null,"twitter_image_custom_fields":null,"twitter_title":null,"twitter_description":null,"schema":{"blockGraphs":[],"customGraphs":[],"default":{"data":{"Article":[],"Course":[],"Dataset":[],"FAQPage":[],"Movie":[],"Person":[],"Product":[],"ProductReview":[],"Car":[],"Recipe":[],"Service":[],"SoftwareApplication":[],"WebPage":[]},"graphName":"","isEnabled":true},"graphs":[]},"schema_type":"default","schema_type_options":null,"pillar_content":false,"robots_default":true,"robots_noindex":false,"robots_noarchive":false,"robots_nosnippet":false,"robots_nofollow":false,"robots_noimageindex":false,"robots_noodp":false,"robots_notranslate":false,"robots_max_snippet":null,"robots_max_videopreview":null,"robots_max_imagepreview":"large","priority":null,"frequency":null,"local_seo":null,"breadcrumb_settings":null,"limit_modified_date":false,"ai":null,"created":"2025-08-16 19:28:23","updated":"2025-08-16 19:28:23","focus_keyword":null,"additional_keywords":null,"truseo_locale":null,"seo_analyzer_scan_date":null},"aioseo_breadcrumb":"<div class=\"aioseo-breadcrumbs\"><span class=\"aioseo-breadcrumb\">\n\t\t\t<a href=\"https:\/\/anoticiaonline.com.br\/site\" title=\"Home\">Home<\/a>\n\t\t<\/span><span class=\"aioseo-breadcrumb-separator\">&raquo;<\/span><span class=\"aioseo-breadcrumb\">\n\t\t\t<a href=\"https:\/\/anoticiaonline.com.br\/site\/categoria\/regiao\/\" title=\"Regi\u00e3o\">Regi\u00e3o<\/a>\n\t\t<\/span><span class=\"aioseo-breadcrumb-separator\">&raquo;<\/span><span class=\"aioseo-breadcrumb\">\n\t\t\tExposi\u00e7\u00e3o Agropecu\u00e1ria e Festa do Caf\u00e9 agitam a cidade de Fervedouro\n\t\t<\/span><\/div>","aioseo_breadcrumb_json":[{"label":"Home","link":"https:\/\/anoticiaonline.com.br\/site"},{"label":"Regi\u00e3o","link":"https:\/\/anoticiaonline.com.br\/site\/categoria\/regiao\/"},{"label":"Exposi\u00e7\u00e3o Agropecu\u00e1ria e Festa do Caf\u00e9 agitam a cidade de Fervedouro","link":"https:\/\/anoticiaonline.com.br\/site\/exposicao-agropecuaria-e-festa-do-cafe-agitam-a-cidade-de-fervedouro\/"}],"views":169,"_links":{"self":[{"href":"https:\/\/anoticiaonline.com.br\/site\/wp-json\/wp\/v2\/posts\/40640","targetHints":{"allow":["GET"]}}],"collection":[{"href":"https:\/\/anoticiaonline.com.br\/site\/wp-json\/wp\/v2\/posts"}],"about":[{"href":"https:\/\/anoticiaonline.com.br\/site\/wp-json\/wp\/v2\/types\/post"}],"author":[{"embeddable":true,"href":"https:\/\/anoticiaonline.com.br\/site\/wp-json\/wp\/v2\/users\/2"}],"replies":[{"embeddable":true,"href":"https:\/\/anoticiaonline.com.br\/site\/wp-json\/wp\/v2\/comments?post=40640"}],"version-history":[{"count":0,"href":"https:\/\/anoticiaonline.com.br\/site\/wp-json\/wp\/v2\/posts\/40640\/revisions"}],"wp:featuredmedia":[{"embeddable":true,"href":"https:\/\/anoticiaonline.com.br\/site\/wp-json\/wp\/v2\/media\/40642"}],"wp:attachment":[{"href":"https:\/\/anoticiaonline.com.br\/site\/wp-json\/wp\/v2\/media?parent=40640"}],"wp:term":[{"taxonomy":"category","embeddable":true,"href":"https:\/\/anoticiaonline.com.br\/site\/wp-json\/wp\/v2\/categories?post=40640"},{"taxonomy":"post_tag","embeddable":true,"href":"https:\/\/anoticiaonline.com.br\/site\/wp-json\/wp\/v2\/tags?post=40640"}],"curies":[{"name":"wp","href":"https:\/\/api.w.org\/{rel}","templated":true}]}}