{"id":40561,"date":"2017-09-14T23:01:41","date_gmt":"2017-09-15T02:01:41","guid":{"rendered":"http:\/\/anoticiaonline.com.br\/site\/?p=40561"},"modified":"2017-09-14T23:01:41","modified_gmt":"2017-09-15T02:01:41","slug":"camara-aprova-projetos-de-combate-a-corrupcao-e-marca-audiencia-sobre-seguranca-publica-em-muriae","status":"publish","type":"post","link":"https:\/\/anoticiaonline.com.br\/site\/camara-aprova-projetos-de-combate-a-corrupcao-e-marca-audiencia-sobre-seguranca-publica-em-muriae\/","title":{"rendered":"C\u00e2mara aprova projetos de combate \u00e0 corrup\u00e7\u00e3o e marca audi\u00eancia sobre Seguran\u00e7a P\u00fablica em Muria\u00e9"},"content":{"rendered":"<figure id=\"attachment_40562\" aria-describedby=\"caption-attachment-40562\" style=\"width: 290px\" class=\"wp-caption alignleft\"><a href=\"https:\/\/anoticiaonline.com.br\/site\/wp-content\/uploads\/2017\/09\/C\u00e2mara-aprova-projetos-de-combate-\u00e0-corrup\u00e7\u00e3o-e-marca-audi\u00eancia-sobre-Seguran\u00e7a-P\u00fablica-em-Muria\u00e9.jpeg\"><img fetchpriority=\"high\" decoding=\"async\" class=\"size-medium wp-image-40562\" src=\"https:\/\/anoticiaonline.com.br\/site\/wp-content\/uploads\/2017\/09\/C\u00e2mara-aprova-projetos-de-combate-\u00e0-corrup\u00e7\u00e3o-e-marca-audi\u00eancia-sobre-Seguran\u00e7a-P\u00fablica-em-Muria\u00e9-300x225.jpeg\" alt=\"\" width=\"300\" height=\"225\" srcset=\"https:\/\/anoticiaonline.com.br\/site\/wp-content\/uploads\/2017\/09\/C\u00e2mara-aprova-projetos-de-combate-\u00e0-corrup\u00e7\u00e3o-e-marca-audi\u00eancia-sobre-Seguran\u00e7a-P\u00fablica-em-Muria\u00e9-300x225.jpeg 300w, https:\/\/anoticiaonline.com.br\/site\/wp-content\/uploads\/2017\/09\/C\u00e2mara-aprova-projetos-de-combate-\u00e0-corrup\u00e7\u00e3o-e-marca-audi\u00eancia-sobre-Seguran\u00e7a-P\u00fablica-em-Muria\u00e9.jpeg 500w\" sizes=\"(max-width: 300px) 100vw, 300px\" \/><\/a><figcaption id=\"caption-attachment-40562\" class=\"wp-caption-text\">Foto: ASCOM CMM<\/figcaption><\/figure>\n<p>C\u00e2mara aprova mais dois projetos do vereador J\u00falio Simbra (DEM) que integram o Pacote de\u00a0medidas de Controle Social, Transpar\u00eancia e Preven\u00e7\u00e3o \u00e0 Corrup\u00e7\u00e3o no Munic\u00edpio de Muria\u00e9. Por meio deles, Muria\u00e9 passar\u00e1 a ter uma pol\u00edtica municipal de preven\u00e7\u00e3o da corrup\u00e7\u00e3o e fomento a transpar\u00eancia e controle social na gest\u00e3o p\u00fablica no \u00e2mbito municipal e um Conselho Municipal de Transpar\u00eancia e Controle Social no \u00e2mbito do Munic\u00edpio.<\/p>\n<p>Al\u00e9m disso, ficou definida a programa\u00e7\u00e3o completa, incluindo os temas e atores envolvidos, da Audi\u00eancia\u00a0 sobre Seguran\u00e7a Publica que ser\u00e1 realizada na pr\u00f3xima ter\u00e7a-feira, dia 19, do Teatro Municipal Belmira Villas Boas, a partir das 19h. Esta audi\u00eancia visa debater um dos principais problemas que afligem o munic\u00edpio que vem sofrendo com mortes constantes de jovens e adultos em decorr\u00eancia de assaltos, tr\u00e1fico de drogas, dentre outras situa\u00e7\u00f5es alarmantes.<\/p>\n<p><strong>Despesas de di\u00e1rias, viagens e utiliza\u00e7\u00e3o de ve\u00edculos oficiais s\u00e3o regularizados<\/strong><\/p>\n<p>O projeto que institui a pol\u00edtica municipal de preven\u00e7\u00e3o da corrup\u00e7\u00e3o e fomento \u00e0 transpar\u00eancia e controle social na gest\u00e3o p\u00fablica no \u00e2mbito do munic\u00edpio de Muria\u00e9 tem por objetivo prevenir pr\u00e1ticas de atos lesivos ao patrim\u00f4nio e ao er\u00e1rio por meio da implanta\u00e7\u00e3o de uma pol\u00edtica de transpar\u00eancia da informa\u00e7\u00e3o, fortalecimento e qualifica\u00e7\u00e3o do Controle Social.<\/p>\n<p>Tamb\u00e9m defini as medidas imediatas de preven\u00e7\u00e3o \u00e0 corrup\u00e7\u00e3o e controle social regularizando as formas adequadas de utiliza\u00e7\u00e3o dos ve\u00edculos oficiais no munic\u00edpio, dos servi\u00e7os de comunica\u00e7\u00e3o, tais como telefonia m\u00f3vel e de dados por meio de dispositivos eletr\u00f4nicos, das despesas com viagens e di\u00e1rias e da divulga\u00e7\u00e3o das agendas.<\/p>\n<p><strong>Conselho assumir\u00e1 papel fiscalizador e deliberativo no controle social e na transpar\u00eancia<\/strong><\/p>\n<p>Tamb\u00e9m foi aprovado o projeto que disp\u00f5e sobre a cria\u00e7\u00e3o do Conselho Municipal de Transpar\u00eancia e Controle Social no \u00e2mbito do munic\u00edpio de Muria\u00e9 que ter\u00e1 a sigla COMUTRANS. Trata-se de um \u00f3rg\u00e3o colegiado de car\u00e1ter consultivo, fiscalizador, propositivo e deliberativo nas mat\u00e9rias relacionadas \u00e0s pol\u00edticas de transpar\u00eancia e controle social do Poder Executivo Municipal.<\/p>\n<p>Al\u00e9m de deliberar sobre as diretrizes e contribuir para a formula\u00e7\u00e3o das pol\u00edticas de transpar\u00eancia e de fomento ao controle social, bem como de combate \u00e0 corrup\u00e7\u00e3o em Muria\u00e9, a serem implementadas pelos \u00f3rg\u00e3os e entidades competentes da Administra\u00e7\u00e3o P\u00fablica Municipal, s\u00e3o compet\u00eancias deste Conselho monitorar a execu\u00e7\u00e3o de metas tra\u00e7adas relativas \u00e0 transpar\u00eancia e ao controle social, propondo indicadores de avali\u00e7\u00e3o, convocando e realizando a Confer\u00eancia Municipal de Transpar\u00eancia e Controle Social, zelando tamb\u00e9m pelo acesso dos cidad\u00e3os aos dados e informa\u00e7\u00f5es de interesse p\u00fablico, articulando e mobilizando a sociedade civil para o controle social das pol\u00edticas p\u00fablicas. O Conselho ter\u00e1 grande representatividade com representantes da sociedade civil e do poder p\u00fablico.<\/p>\n<p><strong>Seguran\u00e7a P\u00fablica ser\u00e1 debatida em Audi\u00eancia com a presen\u00e7a de diversas autoridades<\/strong><\/p>\n<p>Atendendo uma solicita\u00e7\u00e3o do vereador Reginaldo Roriz (PSD), a C\u00e2mara de Muria\u00e9 vai realizar na pr\u00f3xima ter\u00e7a-feira, dia 19, uma audi\u00eancia sobre Seguran\u00e7a P\u00fablica, a partir das 19h, no Teatro Municipal Belmira Villas Boas. O evento contar\u00e1 com a presen\u00e7a de autoridades do executivo, legislativo e judici\u00e1rio de Muria\u00e9, al\u00e9m de representantes da sociedade civil organizada e p\u00fablico em geral. Conduzida pelo presidente da Comiss\u00e3o de Seguran\u00e7a P\u00fablica da C\u00e2mara, vereador J\u00falio Simbra (DEM), a Audi\u00eancia ter\u00e1 o pronunciamento das autoridades, a apresenta\u00e7\u00e3o de temas espec\u00edficos, a etapa de debates e questionamentos.<\/p>\n<p>Os temas espec\u00edficos que ser\u00e3o tratados na Audi\u00eancia s\u00e3o:<\/p>\n<p>&#8211; Seguran\u00e7a P\u00fablica e Viol\u00eancia Urbana;<\/p>\n<p>&#8211; Agenda Social e Cultural voltada \u00e0 prote\u00e7\u00e3o de jovens em vulnerabilidade social;<\/p>\n<p>&#8211; Tecnologia voltada para a seguran\u00e7a p\u00fablica por meio de sistema de v\u00eddeo monitoramento;<\/p>\n<p>&#8211; Sistema Penitenci\u00e1rio, Execu\u00e7\u00e3o Penal e Modelo Apac;<\/p>\n<p>&#8211; O papel e as a\u00e7\u00f5es do Minist\u00e9rio P\u00fablico na Seguran\u00e7a;<\/p>\n<p>&#8211; e Seguran\u00e7a P\u00fablica Preventiva para a redu\u00e7\u00e3o da criminalidade.<\/p>\n<p>O evento \u00e9 aberto ao p\u00fablico e a C\u00e2mara espera envolver toda a sociedade na discuss\u00e3o desta \u00e1rea que \u00e9 respons\u00e1vel por grande n\u00famero de mortes no munic\u00edpio com uma vitimiza\u00e7\u00e3o muito grande de menores em situa\u00e7\u00e3o de risco. O legislativo Municipal acredita que, embora a seguran\u00e7a p\u00fablica seja uma responsabilidade imediata do Estado, o Munic\u00edpio de Muria\u00e9 precisa unir poder p\u00fablico e sociedade a fim de promover a\u00e7\u00f5es que propiciem uma cidade mais segura e com melhores oportunidades de vida para todos, principalmente para os jovens. Inclusive, na pr\u00f3pria reuni\u00e3o da C\u00e2mara, foi entregue uma mo\u00e7\u00e3o de pesar a fam\u00edlia da veterin\u00e1ria Manuela Pereira da Matta, uma das vitimas da viol\u00eancia no munic\u00edpio.\u00a0 Daniela foi assassinada durante o dia no Centro de Muria\u00e9 em decorr\u00eancia de uma tentativa de assalto.<\/p>\n","protected":false},"excerpt":{"rendered":"<p>C\u00e2mara aprova mais dois projetos do vereador J\u00falio Simbra (DEM) que integram o Pacote de\u00a0medidas de Controle Social, Transpar\u00eancia e Preven\u00e7\u00e3o \u00e0 Corrup\u00e7\u00e3o no Munic\u00edpio de Muria\u00e9. Por meio deles, Muria\u00e9 passar\u00e1 a ter uma pol\u00edtica municipal de preven\u00e7\u00e3o da corrup\u00e7\u00e3o e fomento a transpar\u00eancia e controle social na gest\u00e3o p\u00fablica no \u00e2mbito municipal e &#8230; <a title=\"C\u00e2mara aprova projetos de combate \u00e0 corrup\u00e7\u00e3o e marca audi\u00eancia sobre Seguran\u00e7a P\u00fablica em Muria\u00e9\" class=\"read-more\" href=\"https:\/\/anoticiaonline.com.br\/site\/camara-aprova-projetos-de-combate-a-corrupcao-e-marca-audiencia-sobre-seguranca-publica-em-muriae\/\" aria-label=\"Read more about C\u00e2mara aprova projetos de combate \u00e0 corrup\u00e7\u00e3o e marca audi\u00eancia sobre Seguran\u00e7a P\u00fablica em Muria\u00e9\">Ler mais<\/a><\/p>\n","protected":false},"author":2,"featured_media":40562,"comment_status":"open","ping_status":"open","sticky":false,"template":"","format":"standard","meta":{"_acf_changed":false,"_monsterinsights_skip_tracking":false,"footnotes":""},"categories":[30],"tags":[821,126,1101,74,341,3,62],"class_list":["post-40561","post","type-post","status-publish","format-standard","has-post-thumbnail","hentry","category-muriae","tag-camara","tag-cidade","tag-lei","tag-muriae","tag-projeto","tag-slide","tag-vereadores"],"acf":[],"aioseo_notices":[],"aioseo_head":"\n\t\t<!-- All in One SEO 5.0.0.1 - aioseo.com -->\n\t<meta name=\"description\" content=\"C\u00e2mara aprova mais dois projetos do vereador J\u00falio Simbra (DEM) que integram o Pacote de medidas de Controle Social, Transpar\u00eancia e Preven\u00e7\u00e3o \u00e0 Corrup\u00e7\u00e3o no Munic\u00edpio de Muria\u00e9. Por meio deles, Muria\u00e9 passar\u00e1 a ter uma pol\u00edtica municipal de preven\u00e7\u00e3o da corrup\u00e7\u00e3o e fomento a transpar\u00eancia e controle social na gest\u00e3o p\u00fablica no \u00e2mbito municipal e\" \/>\n\t<meta name=\"robots\" content=\"max-image-preview:large\" \/>\n\t<meta name=\"author\" content=\"Juliana Laviola\"\/>\n\t<link rel=\"canonical\" href=\"https:\/\/anoticiaonline.com.br\/site\/camara-aprova-projetos-de-combate-a-corrupcao-e-marca-audiencia-sobre-seguranca-publica-em-muriae\/\" \/>\n\t<meta name=\"generator\" content=\"All in One SEO (AIOSEO) 5.0.0.1\" \/>\n\t\t<meta property=\"og:locale\" content=\"pt_BR\" \/>\n\t\t<meta property=\"og:site_name\" content=\"A Not\u00edcia Online - Noticias de Muria\u00e9 e regi\u00e3o\" \/>\n\t\t<meta property=\"og:type\" content=\"article\" \/>\n\t\t<meta property=\"og:title\" content=\"C\u00e2mara aprova projetos de combate \u00e0 corrup\u00e7\u00e3o e marca audi\u00eancia sobre Seguran\u00e7a P\u00fablica em Muria\u00e9 - A Not\u00edcia Online\" \/>\n\t\t<meta property=\"og:description\" content=\"C\u00e2mara aprova mais dois projetos do vereador J\u00falio Simbra (DEM) que integram o Pacote de medidas de Controle Social, Transpar\u00eancia e Preven\u00e7\u00e3o \u00e0 Corrup\u00e7\u00e3o no Munic\u00edpio de Muria\u00e9. Por meio deles, Muria\u00e9 passar\u00e1 a ter uma pol\u00edtica municipal de preven\u00e7\u00e3o da corrup\u00e7\u00e3o e fomento a transpar\u00eancia e controle social na gest\u00e3o p\u00fablica no \u00e2mbito municipal e\" \/>\n\t\t<meta property=\"og:url\" content=\"https:\/\/anoticiaonline.com.br\/site\/camara-aprova-projetos-de-combate-a-corrupcao-e-marca-audiencia-sobre-seguranca-publica-em-muriae\/\" \/>\n\t\t<meta property=\"og:image\" content=\"https:\/\/scontent-gig4-1.xx.fbcdn.net\/v\/t39.30808-1\/270437624_4564083193639691_6907940295614233970_n.jpg?stp=dst-jpg_s200x200_tt6&#038;_nc_cat=111&#038;ccb=1-7&#038;_nc_sid=f907e8&#038;_nc_ohc=SM1wRlP3lJwQ7kNvwEPuBYA&#038;_nc_oc=AdnqrjDN_BNjSSHWO-GbkIWH6fkGMLw4bqvL_NH6e2wMveX7G-rP2dAqsDSq1mJMOaY&#038;_nc_zt=24&#038;_nc_ht=scontent-gig4-1.xx&#038;_nc_gid=AoBFJeGrT1hVaew_6rchkQ&#038;oh=00_AfX7QmFGhQhG2jAllVgXCiM1ZrWgvtp80-Bfppyexh1QEg&#038;oe=689E923C\" \/>\n\t\t<meta property=\"og:image:secure_url\" content=\"https:\/\/scontent-gig4-1.xx.fbcdn.net\/v\/t39.30808-1\/270437624_4564083193639691_6907940295614233970_n.jpg?stp=dst-jpg_s200x200_tt6&#038;_nc_cat=111&#038;ccb=1-7&#038;_nc_sid=f907e8&#038;_nc_ohc=SM1wRlP3lJwQ7kNvwEPuBYA&#038;_nc_oc=AdnqrjDN_BNjSSHWO-GbkIWH6fkGMLw4bqvL_NH6e2wMveX7G-rP2dAqsDSq1mJMOaY&#038;_nc_zt=24&#038;_nc_ht=scontent-gig4-1.xx&#038;_nc_gid=AoBFJeGrT1hVaew_6rchkQ&#038;oh=00_AfX7QmFGhQhG2jAllVgXCiM1ZrWgvtp80-Bfppyexh1QEg&#038;oe=689E923C\" \/>\n\t\t<meta property=\"article:published_time\" content=\"2017-09-15T02:01:41+00:00\" \/>\n\t\t<meta property=\"article:modified_time\" content=\"2017-09-15T02:01:41+00:00\" \/>\n\t\t<meta name=\"twitter:card\" content=\"summary_large_image\" \/>\n\t\t<meta name=\"twitter:title\" content=\"C\u00e2mara aprova projetos de combate \u00e0 corrup\u00e7\u00e3o e marca audi\u00eancia sobre Seguran\u00e7a P\u00fablica em Muria\u00e9 - A Not\u00edcia Online\" \/>\n\t\t<meta name=\"twitter:description\" content=\"C\u00e2mara aprova mais dois projetos do vereador J\u00falio Simbra (DEM) que integram o Pacote de medidas de Controle Social, Transpar\u00eancia e Preven\u00e7\u00e3o \u00e0 Corrup\u00e7\u00e3o no Munic\u00edpio de Muria\u00e9. Por meio deles, Muria\u00e9 passar\u00e1 a ter uma pol\u00edtica municipal de preven\u00e7\u00e3o da corrup\u00e7\u00e3o e fomento a transpar\u00eancia e controle social na gest\u00e3o p\u00fablica no \u00e2mbito municipal e\" \/>\n\t\t<meta name=\"twitter:image\" content=\"https:\/\/scontent-gig4-1.xx.fbcdn.net\/v\/t39.30808-1\/270437624_4564083193639691_6907940295614233970_n.jpg?stp=dst-jpg_s200x200_tt6&amp;_nc_cat=111&amp;ccb=1-7&amp;_nc_sid=f907e8&amp;_nc_ohc=SM1wRlP3lJwQ7kNvwEPuBYA&amp;_nc_oc=AdnqrjDN_BNjSSHWO-GbkIWH6fkGMLw4bqvL_NH6e2wMveX7G-rP2dAqsDSq1mJMOaY&amp;_nc_zt=24&amp;_nc_ht=scontent-gig4-1.xx&amp;_nc_gid=AoBFJeGrT1hVaew_6rchkQ&amp;oh=00_AfX7QmFGhQhG2jAllVgXCiM1ZrWgvtp80-Bfppyexh1QEg&amp;oe=689E923C\" \/>\n\t\t<script type=\"application\/ld+json\" class=\"aioseo-schema\">\n\t\t\t{\"@context\":\"https:\\\/\\\/schema.org\",\"@graph\":[{\"@type\":\"BlogPosting\",\"@id\":\"https:\\\/\\\/anoticiaonline.com.br\\\/site\\\/camara-aprova-projetos-de-combate-a-corrupcao-e-marca-audiencia-sobre-seguranca-publica-em-muriae\\\/#blogposting\",\"name\":\"C\\u00e2mara aprova projetos de combate \\u00e0 corrup\\u00e7\\u00e3o e marca audi\\u00eancia sobre Seguran\\u00e7a P\\u00fablica em Muria\\u00e9 - A Not\\u00edcia Online\",\"headline\":\"C\\u00e2mara aprova projetos de combate \\u00e0 corrup\\u00e7\\u00e3o e marca audi\\u00eancia sobre Seguran\\u00e7a P\\u00fablica em Muria\\u00e9\",\"author\":{\"@id\":\"https:\\\/\\\/anoticiaonline.com.br\\\/site\\\/author\\\/juliana\\\/#author\"},\"publisher\":{\"@id\":\"https:\\\/\\\/anoticiaonline.com.br\\\/site\\\/#organization\"},\"image\":{\"@type\":\"ImageObject\",\"url\":\"https:\\\/\\\/anoticiaonline.com.br\\\/site\\\/wp-content\\\/uploads\\\/2017\\\/09\\\/C\\u00e2mara-aprova-projetos-de-combate-\\u00e0-corrup\\u00e7\\u00e3o-e-marca-audi\\u00eancia-sobre-Seguran\\u00e7a-P\\u00fablica-em-Muria\\u00e9.jpeg\",\"width\":500,\"height\":375,\"caption\":\"Foto: ASCOM CMM\"},\"datePublished\":\"2017-09-14T23:01:41-03:00\",\"dateModified\":\"2017-09-14T23:01:41-03:00\",\"inLanguage\":\"pt-BR\",\"mainEntityOfPage\":{\"@id\":\"https:\\\/\\\/anoticiaonline.com.br\\\/site\\\/camara-aprova-projetos-de-combate-a-corrupcao-e-marca-audiencia-sobre-seguranca-publica-em-muriae\\\/#webpage\"},\"isPartOf\":{\"@id\":\"https:\\\/\\\/anoticiaonline.com.br\\\/site\\\/camara-aprova-projetos-de-combate-a-corrupcao-e-marca-audiencia-sobre-seguranca-publica-em-muriae\\\/#webpage\"},\"articleSection\":\"Blog, C\\u00e2mara, cidade, lei, Muria\\u00e9, projeto, slide, vereadores\"},{\"@type\":\"BreadcrumbList\",\"@id\":\"https:\\\/\\\/anoticiaonline.com.br\\\/site\\\/camara-aprova-projetos-de-combate-a-corrupcao-e-marca-audiencia-sobre-seguranca-publica-em-muriae\\\/#breadcrumblist\",\"itemListElement\":[{\"@type\":\"ListItem\",\"@id\":\"https:\\\/\\\/anoticiaonline.com.br\\\/site#listItem\",\"position\":1,\"name\":\"Home\",\"item\":\"https:\\\/\\\/anoticiaonline.com.br\\\/site\",\"nextItem\":{\"@type\":\"ListItem\",\"@id\":\"https:\\\/\\\/anoticiaonline.com.br\\\/site\\\/categoria\\\/muriae\\\/#listItem\",\"name\":\"Blog\"}},{\"@type\":\"ListItem\",\"@id\":\"https:\\\/\\\/anoticiaonline.com.br\\\/site\\\/categoria\\\/muriae\\\/#listItem\",\"position\":2,\"name\":\"Blog\",\"item\":\"https:\\\/\\\/anoticiaonline.com.br\\\/site\\\/categoria\\\/muriae\\\/\",\"nextItem\":{\"@type\":\"ListItem\",\"@id\":\"https:\\\/\\\/anoticiaonline.com.br\\\/site\\\/camara-aprova-projetos-de-combate-a-corrupcao-e-marca-audiencia-sobre-seguranca-publica-em-muriae\\\/#listItem\",\"name\":\"C\\u00e2mara aprova projetos de combate \\u00e0 corrup\\u00e7\\u00e3o e marca audi\\u00eancia sobre Seguran\\u00e7a P\\u00fablica em Muria\\u00e9\"},\"previousItem\":{\"@type\":\"ListItem\",\"@id\":\"https:\\\/\\\/anoticiaonline.com.br\\\/site#listItem\",\"name\":\"Home\"}},{\"@type\":\"ListItem\",\"@id\":\"https:\\\/\\\/anoticiaonline.com.br\\\/site\\\/camara-aprova-projetos-de-combate-a-corrupcao-e-marca-audiencia-sobre-seguranca-publica-em-muriae\\\/#listItem\",\"position\":3,\"name\":\"C\\u00e2mara aprova projetos de combate \\u00e0 corrup\\u00e7\\u00e3o e marca audi\\u00eancia sobre Seguran\\u00e7a P\\u00fablica em Muria\\u00e9\",\"previousItem\":{\"@type\":\"ListItem\",\"@id\":\"https:\\\/\\\/anoticiaonline.com.br\\\/site\\\/categoria\\\/muriae\\\/#listItem\",\"name\":\"Blog\"}}]},{\"@type\":\"Organization\",\"@id\":\"https:\\\/\\\/anoticiaonline.com.br\\\/site\\\/#organization\",\"name\":\"A Not\\u00edcia Online\",\"description\":\"Noticias de Muria\\u00e9 e regi\\u00e3o\",\"url\":\"https:\\\/\\\/anoticiaonline.com.br\\\/site\\\/\",\"logo\":{\"@type\":\"ImageObject\",\"url\":\"https:\\\/\\\/scontent-gig4-1.xx.fbcdn.net\\\/v\\\/t39.30808-1\\\/270437624_4564083193639691_6907940295614233970_n.jpg?stp=dst-jpg_s200x200_tt6&_nc_cat=111&ccb=1-7&_nc_sid=f907e8&_nc_ohc=SM1wRlP3lJwQ7kNvwEPuBYA&_nc_oc=AdnqrjDN_BNjSSHWO-GbkIWH6fkGMLw4bqvL_NH6e2wMveX7G-rP2dAqsDSq1mJMOaY&_nc_zt=24&_nc_ht=scontent-gig4-1.xx&_nc_gid=AoBFJeGrT1hVaew_6rchkQ&oh=00_AfX7QmFGhQhG2jAllVgXCiM1ZrWgvtp80-Bfppyexh1QEg&oe=689E923C\",\"@id\":\"https:\\\/\\\/anoticiaonline.com.br\\\/site\\\/camara-aprova-projetos-de-combate-a-corrupcao-e-marca-audiencia-sobre-seguranca-publica-em-muriae\\\/#organizationLogo\"},\"image\":{\"@id\":\"https:\\\/\\\/anoticiaonline.com.br\\\/site\\\/camara-aprova-projetos-de-combate-a-corrupcao-e-marca-audiencia-sobre-seguranca-publica-em-muriae\\\/#organizationLogo\"}},{\"@type\":\"Person\",\"@id\":\"https:\\\/\\\/anoticiaonline.com.br\\\/site\\\/author\\\/juliana\\\/#author\",\"url\":\"https:\\\/\\\/anoticiaonline.com.br\\\/site\\\/author\\\/juliana\\\/\",\"name\":\"Juliana Laviola\",\"image\":{\"@type\":\"ImageObject\",\"@id\":\"https:\\\/\\\/anoticiaonline.com.br\\\/site\\\/camara-aprova-projetos-de-combate-a-corrupcao-e-marca-audiencia-sobre-seguranca-publica-em-muriae\\\/#authorImage\",\"url\":\"https:\\\/\\\/secure.gravatar.com\\\/avatar\\\/b8d45f5c699b100dfaf0e543582f38f38bf94cb7ae3a5e9abf8d891a34773335?s=96&d=mm&r=g\",\"width\":96,\"height\":96,\"caption\":\"Juliana Laviola\"}},{\"@type\":\"WebPage\",\"@id\":\"https:\\\/\\\/anoticiaonline.com.br\\\/site\\\/camara-aprova-projetos-de-combate-a-corrupcao-e-marca-audiencia-sobre-seguranca-publica-em-muriae\\\/#webpage\",\"url\":\"https:\\\/\\\/anoticiaonline.com.br\\\/site\\\/camara-aprova-projetos-de-combate-a-corrupcao-e-marca-audiencia-sobre-seguranca-publica-em-muriae\\\/\",\"name\":\"C\\u00e2mara aprova projetos de combate \\u00e0 corrup\\u00e7\\u00e3o e marca audi\\u00eancia sobre Seguran\\u00e7a P\\u00fablica em Muria\\u00e9 - A Not\\u00edcia Online\",\"description\":\"C\\u00e2mara aprova mais dois projetos do vereador J\\u00falio Simbra (DEM) que integram o Pacote de medidas de Controle Social, Transpar\\u00eancia e Preven\\u00e7\\u00e3o \\u00e0 Corrup\\u00e7\\u00e3o no Munic\\u00edpio de Muria\\u00e9. Por meio deles, Muria\\u00e9 passar\\u00e1 a ter uma pol\\u00edtica municipal de preven\\u00e7\\u00e3o da corrup\\u00e7\\u00e3o e fomento a transpar\\u00eancia e controle social na gest\\u00e3o p\\u00fablica no \\u00e2mbito municipal e\",\"inLanguage\":\"pt-BR\",\"isPartOf\":{\"@id\":\"https:\\\/\\\/anoticiaonline.com.br\\\/site\\\/#website\"},\"breadcrumb\":{\"@id\":\"https:\\\/\\\/anoticiaonline.com.br\\\/site\\\/camara-aprova-projetos-de-combate-a-corrupcao-e-marca-audiencia-sobre-seguranca-publica-em-muriae\\\/#breadcrumblist\"},\"author\":{\"@id\":\"https:\\\/\\\/anoticiaonline.com.br\\\/site\\\/author\\\/juliana\\\/#author\"},\"creator\":{\"@id\":\"https:\\\/\\\/anoticiaonline.com.br\\\/site\\\/author\\\/juliana\\\/#author\"},\"image\":{\"@type\":\"ImageObject\",\"url\":\"https:\\\/\\\/anoticiaonline.com.br\\\/site\\\/wp-content\\\/uploads\\\/2017\\\/09\\\/C\\u00e2mara-aprova-projetos-de-combate-\\u00e0-corrup\\u00e7\\u00e3o-e-marca-audi\\u00eancia-sobre-Seguran\\u00e7a-P\\u00fablica-em-Muria\\u00e9.jpeg\",\"@id\":\"https:\\\/\\\/anoticiaonline.com.br\\\/site\\\/camara-aprova-projetos-de-combate-a-corrupcao-e-marca-audiencia-sobre-seguranca-publica-em-muriae\\\/#mainImage\",\"width\":500,\"height\":375,\"caption\":\"Foto: ASCOM CMM\"},\"primaryImageOfPage\":{\"@id\":\"https:\\\/\\\/anoticiaonline.com.br\\\/site\\\/camara-aprova-projetos-de-combate-a-corrupcao-e-marca-audiencia-sobre-seguranca-publica-em-muriae\\\/#mainImage\"},\"datePublished\":\"2017-09-14T23:01:41-03:00\",\"dateModified\":\"2017-09-14T23:01:41-03:00\"},{\"@type\":\"WebSite\",\"@id\":\"https:\\\/\\\/anoticiaonline.com.br\\\/site\\\/#website\",\"url\":\"https:\\\/\\\/anoticiaonline.com.br\\\/site\\\/\",\"name\":\"A Not\\u00edcia Online\",\"description\":\"Noticias de Muria\\u00e9 e regi\\u00e3o\",\"inLanguage\":\"pt-BR\",\"publisher\":{\"@id\":\"https:\\\/\\\/anoticiaonline.com.br\\\/site\\\/#organization\"}}]}\n\t\t<\/script>\n\t\t<!-- All in One SEO -->\n\n","aioseo_head_json":{"title":"C\u00e2mara aprova projetos de combate \u00e0 corrup\u00e7\u00e3o e marca audi\u00eancia sobre Seguran\u00e7a P\u00fablica em Muria\u00e9 - A Not\u00edcia Online","description":"C\u00e2mara aprova mais dois projetos do vereador J\u00falio Simbra (DEM) que integram o Pacote de medidas de Controle Social, Transpar\u00eancia e Preven\u00e7\u00e3o \u00e0 Corrup\u00e7\u00e3o no Munic\u00edpio de Muria\u00e9. Por meio deles, Muria\u00e9 passar\u00e1 a ter uma pol\u00edtica municipal de preven\u00e7\u00e3o da corrup\u00e7\u00e3o e fomento a transpar\u00eancia e controle social na gest\u00e3o p\u00fablica no \u00e2mbito municipal e","canonical_url":"https:\/\/anoticiaonline.com.br\/site\/camara-aprova-projetos-de-combate-a-corrupcao-e-marca-audiencia-sobre-seguranca-publica-em-muriae\/","robots":"max-image-preview:large","keywords":"","webmasterTools":{"miscellaneous":""},"schema":{"@context":"https:\/\/schema.org","@graph":[{"@type":"BlogPosting","@id":"https:\/\/anoticiaonline.com.br\/site\/camara-aprova-projetos-de-combate-a-corrupcao-e-marca-audiencia-sobre-seguranca-publica-em-muriae\/#blogposting","name":"C\u00e2mara aprova projetos de combate \u00e0 corrup\u00e7\u00e3o e marca audi\u00eancia sobre Seguran\u00e7a P\u00fablica em Muria\u00e9 - A Not\u00edcia Online","headline":"C\u00e2mara aprova projetos de combate \u00e0 corrup\u00e7\u00e3o e marca audi\u00eancia sobre Seguran\u00e7a P\u00fablica em Muria\u00e9","author":{"@id":"https:\/\/anoticiaonline.com.br\/site\/author\/juliana\/#author"},"publisher":{"@id":"https:\/\/anoticiaonline.com.br\/site\/#organization"},"image":{"@type":"ImageObject","url":"https:\/\/anoticiaonline.com.br\/site\/wp-content\/uploads\/2017\/09\/C\u00e2mara-aprova-projetos-de-combate-\u00e0-corrup\u00e7\u00e3o-e-marca-audi\u00eancia-sobre-Seguran\u00e7a-P\u00fablica-em-Muria\u00e9.jpeg","width":500,"height":375,"caption":"Foto: ASCOM CMM"},"datePublished":"2017-09-14T23:01:41-03:00","dateModified":"2017-09-14T23:01:41-03:00","inLanguage":"pt-BR","mainEntityOfPage":{"@id":"https:\/\/anoticiaonline.com.br\/site\/camara-aprova-projetos-de-combate-a-corrupcao-e-marca-audiencia-sobre-seguranca-publica-em-muriae\/#webpage"},"isPartOf":{"@id":"https:\/\/anoticiaonline.com.br\/site\/camara-aprova-projetos-de-combate-a-corrupcao-e-marca-audiencia-sobre-seguranca-publica-em-muriae\/#webpage"},"articleSection":"Blog, C\u00e2mara, cidade, lei, Muria\u00e9, projeto, slide, vereadores"},{"@type":"BreadcrumbList","@id":"https:\/\/anoticiaonline.com.br\/site\/camara-aprova-projetos-de-combate-a-corrupcao-e-marca-audiencia-sobre-seguranca-publica-em-muriae\/#breadcrumblist","itemListElement":[{"@type":"ListItem","@id":"https:\/\/anoticiaonline.com.br\/site#listItem","position":1,"name":"Home","item":"https:\/\/anoticiaonline.com.br\/site","nextItem":{"@type":"ListItem","@id":"https:\/\/anoticiaonline.com.br\/site\/categoria\/muriae\/#listItem","name":"Blog"}},{"@type":"ListItem","@id":"https:\/\/anoticiaonline.com.br\/site\/categoria\/muriae\/#listItem","position":2,"name":"Blog","item":"https:\/\/anoticiaonline.com.br\/site\/categoria\/muriae\/","nextItem":{"@type":"ListItem","@id":"https:\/\/anoticiaonline.com.br\/site\/camara-aprova-projetos-de-combate-a-corrupcao-e-marca-audiencia-sobre-seguranca-publica-em-muriae\/#listItem","name":"C\u00e2mara aprova projetos de combate \u00e0 corrup\u00e7\u00e3o e marca audi\u00eancia sobre Seguran\u00e7a P\u00fablica em Muria\u00e9"},"previousItem":{"@type":"ListItem","@id":"https:\/\/anoticiaonline.com.br\/site#listItem","name":"Home"}},{"@type":"ListItem","@id":"https:\/\/anoticiaonline.com.br\/site\/camara-aprova-projetos-de-combate-a-corrupcao-e-marca-audiencia-sobre-seguranca-publica-em-muriae\/#listItem","position":3,"name":"C\u00e2mara aprova projetos de combate \u00e0 corrup\u00e7\u00e3o e marca audi\u00eancia sobre Seguran\u00e7a P\u00fablica em Muria\u00e9","previousItem":{"@type":"ListItem","@id":"https:\/\/anoticiaonline.com.br\/site\/categoria\/muriae\/#listItem","name":"Blog"}}]},{"@type":"Organization","@id":"https:\/\/anoticiaonline.com.br\/site\/#organization","name":"A Not\u00edcia Online","description":"Noticias de Muria\u00e9 e regi\u00e3o","url":"https:\/\/anoticiaonline.com.br\/site\/","logo":{"@type":"ImageObject","url":"https:\/\/scontent-gig4-1.xx.fbcdn.net\/v\/t39.30808-1\/270437624_4564083193639691_6907940295614233970_n.jpg?stp=dst-jpg_s200x200_tt6&_nc_cat=111&ccb=1-7&_nc_sid=f907e8&_nc_ohc=SM1wRlP3lJwQ7kNvwEPuBYA&_nc_oc=AdnqrjDN_BNjSSHWO-GbkIWH6fkGMLw4bqvL_NH6e2wMveX7G-rP2dAqsDSq1mJMOaY&_nc_zt=24&_nc_ht=scontent-gig4-1.xx&_nc_gid=AoBFJeGrT1hVaew_6rchkQ&oh=00_AfX7QmFGhQhG2jAllVgXCiM1ZrWgvtp80-Bfppyexh1QEg&oe=689E923C","@id":"https:\/\/anoticiaonline.com.br\/site\/camara-aprova-projetos-de-combate-a-corrupcao-e-marca-audiencia-sobre-seguranca-publica-em-muriae\/#organizationLogo"},"image":{"@id":"https:\/\/anoticiaonline.com.br\/site\/camara-aprova-projetos-de-combate-a-corrupcao-e-marca-audiencia-sobre-seguranca-publica-em-muriae\/#organizationLogo"}},{"@type":"Person","@id":"https:\/\/anoticiaonline.com.br\/site\/author\/juliana\/#author","url":"https:\/\/anoticiaonline.com.br\/site\/author\/juliana\/","name":"Juliana Laviola","image":{"@type":"ImageObject","@id":"https:\/\/anoticiaonline.com.br\/site\/camara-aprova-projetos-de-combate-a-corrupcao-e-marca-audiencia-sobre-seguranca-publica-em-muriae\/#authorImage","url":"https:\/\/secure.gravatar.com\/avatar\/b8d45f5c699b100dfaf0e543582f38f38bf94cb7ae3a5e9abf8d891a34773335?s=96&d=mm&r=g","width":96,"height":96,"caption":"Juliana Laviola"}},{"@type":"WebPage","@id":"https:\/\/anoticiaonline.com.br\/site\/camara-aprova-projetos-de-combate-a-corrupcao-e-marca-audiencia-sobre-seguranca-publica-em-muriae\/#webpage","url":"https:\/\/anoticiaonline.com.br\/site\/camara-aprova-projetos-de-combate-a-corrupcao-e-marca-audiencia-sobre-seguranca-publica-em-muriae\/","name":"C\u00e2mara aprova projetos de combate \u00e0 corrup\u00e7\u00e3o e marca audi\u00eancia sobre Seguran\u00e7a P\u00fablica em Muria\u00e9 - A Not\u00edcia Online","description":"C\u00e2mara aprova mais dois projetos do vereador J\u00falio Simbra (DEM) que integram o Pacote de medidas de Controle Social, Transpar\u00eancia e Preven\u00e7\u00e3o \u00e0 Corrup\u00e7\u00e3o no Munic\u00edpio de Muria\u00e9. Por meio deles, Muria\u00e9 passar\u00e1 a ter uma pol\u00edtica municipal de preven\u00e7\u00e3o da corrup\u00e7\u00e3o e fomento a transpar\u00eancia e controle social na gest\u00e3o p\u00fablica no \u00e2mbito municipal e","inLanguage":"pt-BR","isPartOf":{"@id":"https:\/\/anoticiaonline.com.br\/site\/#website"},"breadcrumb":{"@id":"https:\/\/anoticiaonline.com.br\/site\/camara-aprova-projetos-de-combate-a-corrupcao-e-marca-audiencia-sobre-seguranca-publica-em-muriae\/#breadcrumblist"},"author":{"@id":"https:\/\/anoticiaonline.com.br\/site\/author\/juliana\/#author"},"creator":{"@id":"https:\/\/anoticiaonline.com.br\/site\/author\/juliana\/#author"},"image":{"@type":"ImageObject","url":"https:\/\/anoticiaonline.com.br\/site\/wp-content\/uploads\/2017\/09\/C\u00e2mara-aprova-projetos-de-combate-\u00e0-corrup\u00e7\u00e3o-e-marca-audi\u00eancia-sobre-Seguran\u00e7a-P\u00fablica-em-Muria\u00e9.jpeg","@id":"https:\/\/anoticiaonline.com.br\/site\/camara-aprova-projetos-de-combate-a-corrupcao-e-marca-audiencia-sobre-seguranca-publica-em-muriae\/#mainImage","width":500,"height":375,"caption":"Foto: ASCOM CMM"},"primaryImageOfPage":{"@id":"https:\/\/anoticiaonline.com.br\/site\/camara-aprova-projetos-de-combate-a-corrupcao-e-marca-audiencia-sobre-seguranca-publica-em-muriae\/#mainImage"},"datePublished":"2017-09-14T23:01:41-03:00","dateModified":"2017-09-14T23:01:41-03:00"},{"@type":"WebSite","@id":"https:\/\/anoticiaonline.com.br\/site\/#website","url":"https:\/\/anoticiaonline.com.br\/site\/","name":"A Not\u00edcia Online","description":"Noticias de Muria\u00e9 e regi\u00e3o","inLanguage":"pt-BR","publisher":{"@id":"https:\/\/anoticiaonline.com.br\/site\/#organization"}}]},"og:locale":"pt_BR","og:site_name":"A Not\u00edcia Online - Noticias de Muria\u00e9 e regi\u00e3o","og:type":"article","og:title":"C\u00e2mara aprova projetos de combate \u00e0 corrup\u00e7\u00e3o e marca audi\u00eancia sobre Seguran\u00e7a P\u00fablica em Muria\u00e9 - A Not\u00edcia Online","og:description":"C\u00e2mara aprova mais dois projetos do vereador J\u00falio Simbra (DEM) que integram o Pacote de medidas de Controle Social, Transpar\u00eancia e Preven\u00e7\u00e3o \u00e0 Corrup\u00e7\u00e3o no Munic\u00edpio de Muria\u00e9. Por meio deles, Muria\u00e9 passar\u00e1 a ter uma pol\u00edtica municipal de preven\u00e7\u00e3o da corrup\u00e7\u00e3o e fomento a transpar\u00eancia e controle social na gest\u00e3o p\u00fablica no \u00e2mbito municipal e","og:url":"https:\/\/anoticiaonline.com.br\/site\/camara-aprova-projetos-de-combate-a-corrupcao-e-marca-audiencia-sobre-seguranca-publica-em-muriae\/","og:image":"https:\/\/scontent-gig4-1.xx.fbcdn.net\/v\/t39.30808-1\/270437624_4564083193639691_6907940295614233970_n.jpg?stp=dst-jpg_s200x200_tt6&#038;_nc_cat=111&#038;ccb=1-7&#038;_nc_sid=f907e8&#038;_nc_ohc=SM1wRlP3lJwQ7kNvwEPuBYA&#038;_nc_oc=AdnqrjDN_BNjSSHWO-GbkIWH6fkGMLw4bqvL_NH6e2wMveX7G-rP2dAqsDSq1mJMOaY&#038;_nc_zt=24&#038;_nc_ht=scontent-gig4-1.xx&#038;_nc_gid=AoBFJeGrT1hVaew_6rchkQ&#038;oh=00_AfX7QmFGhQhG2jAllVgXCiM1ZrWgvtp80-Bfppyexh1QEg&#038;oe=689E923C","og:image:secure_url":"https:\/\/scontent-gig4-1.xx.fbcdn.net\/v\/t39.30808-1\/270437624_4564083193639691_6907940295614233970_n.jpg?stp=dst-jpg_s200x200_tt6&#038;_nc_cat=111&#038;ccb=1-7&#038;_nc_sid=f907e8&#038;_nc_ohc=SM1wRlP3lJwQ7kNvwEPuBYA&#038;_nc_oc=AdnqrjDN_BNjSSHWO-GbkIWH6fkGMLw4bqvL_NH6e2wMveX7G-rP2dAqsDSq1mJMOaY&#038;_nc_zt=24&#038;_nc_ht=scontent-gig4-1.xx&#038;_nc_gid=AoBFJeGrT1hVaew_6rchkQ&#038;oh=00_AfX7QmFGhQhG2jAllVgXCiM1ZrWgvtp80-Bfppyexh1QEg&#038;oe=689E923C","article:published_time":"2017-09-15T02:01:41+00:00","article:modified_time":"2017-09-15T02:01:41+00:00","twitter:card":"summary_large_image","twitter:title":"C\u00e2mara aprova projetos de combate \u00e0 corrup\u00e7\u00e3o e marca audi\u00eancia sobre Seguran\u00e7a P\u00fablica em Muria\u00e9 - A Not\u00edcia Online","twitter:description":"C\u00e2mara aprova mais dois projetos do vereador J\u00falio Simbra (DEM) que integram o Pacote de medidas de Controle Social, Transpar\u00eancia e Preven\u00e7\u00e3o \u00e0 Corrup\u00e7\u00e3o no Munic\u00edpio de Muria\u00e9. Por meio deles, Muria\u00e9 passar\u00e1 a ter uma pol\u00edtica municipal de preven\u00e7\u00e3o da corrup\u00e7\u00e3o e fomento a transpar\u00eancia e controle social na gest\u00e3o p\u00fablica no \u00e2mbito municipal e","twitter:image":"https:\/\/scontent-gig4-1.xx.fbcdn.net\/v\/t39.30808-1\/270437624_4564083193639691_6907940295614233970_n.jpg?stp=dst-jpg_s200x200_tt6&_nc_cat=111&ccb=1-7&_nc_sid=f907e8&_nc_ohc=SM1wRlP3lJwQ7kNvwEPuBYA&_nc_oc=AdnqrjDN_BNjSSHWO-GbkIWH6fkGMLw4bqvL_NH6e2wMveX7G-rP2dAqsDSq1mJMOaY&_nc_zt=24&_nc_ht=scontent-gig4-1.xx&_nc_gid=AoBFJeGrT1hVaew_6rchkQ&oh=00_AfX7QmFGhQhG2jAllVgXCiM1ZrWgvtp80-Bfppyexh1QEg&oe=689E923C"},"aioseo_meta_data":{"post_id":"40561","title":null,"description":null,"keywords":null,"keyphrases":null,"primary_term":null,"canonical_url":null,"og_title":null,"og_description":null,"og_object_type":"default","og_image_type":"default","og_image_url":null,"og_image_width":null,"og_image_height":null,"og_image_custom_url":null,"og_image_custom_fields":null,"og_video":null,"og_custom_url":null,"og_article_section":null,"og_article_tags":null,"twitter_use_og":false,"twitter_card":"default","twitter_image_type":"default","twitter_image_url":null,"twitter_image_custom_url":null,"twitter_image_custom_fields":null,"twitter_title":null,"twitter_description":null,"schema":{"blockGraphs":[],"customGraphs":[],"default":{"data":{"Article":[],"Course":[],"Dataset":[],"FAQPage":[],"Movie":[],"Person":[],"Product":[],"ProductReview":[],"Car":[],"Recipe":[],"Service":[],"SoftwareApplication":[],"WebPage":[]},"graphName":"","isEnabled":true},"graphs":[]},"schema_type":"default","schema_type_options":null,"pillar_content":false,"robots_default":true,"robots_noindex":false,"robots_noarchive":false,"robots_nosnippet":false,"robots_nofollow":false,"robots_noimageindex":false,"robots_noodp":false,"robots_notranslate":false,"robots_max_snippet":null,"robots_max_videopreview":null,"robots_max_imagepreview":"large","priority":null,"frequency":null,"local_seo":null,"breadcrumb_settings":null,"limit_modified_date":false,"ai":null,"created":"2025-08-16 19:27:28","updated":"2025-08-16 19:27:28","focus_keyword":null,"additional_keywords":null,"truseo_locale":null,"seo_analyzer_scan_date":null},"aioseo_breadcrumb":"<div class=\"aioseo-breadcrumbs\"><span class=\"aioseo-breadcrumb\">\n\t\t\t<a href=\"https:\/\/anoticiaonline.com.br\/site\" title=\"Home\">Home<\/a>\n\t\t<\/span><span class=\"aioseo-breadcrumb-separator\">&raquo;<\/span><span class=\"aioseo-breadcrumb\">\n\t\t\t<a href=\"https:\/\/anoticiaonline.com.br\/site\/categoria\/muriae\/\" title=\"Blog\">Blog<\/a>\n\t\t<\/span><span class=\"aioseo-breadcrumb-separator\">&raquo;<\/span><span class=\"aioseo-breadcrumb\">\n\t\t\tC\u00e2mara aprova projetos de combate \u00e0 corrup\u00e7\u00e3o e marca audi\u00eancia sobre Seguran\u00e7a P\u00fablica em Muria\u00e9\n\t\t<\/span><\/div>","aioseo_breadcrumb_json":[{"label":"Home","link":"https:\/\/anoticiaonline.com.br\/site"},{"label":"Blog","link":"https:\/\/anoticiaonline.com.br\/site\/categoria\/muriae\/"},{"label":"C\u00e2mara aprova projetos de combate \u00e0 corrup\u00e7\u00e3o e marca audi\u00eancia sobre Seguran\u00e7a P\u00fablica em Muria\u00e9","link":"https:\/\/anoticiaonline.com.br\/site\/camara-aprova-projetos-de-combate-a-corrupcao-e-marca-audiencia-sobre-seguranca-publica-em-muriae\/"}],"views":156,"_links":{"self":[{"href":"https:\/\/anoticiaonline.com.br\/site\/wp-json\/wp\/v2\/posts\/40561","targetHints":{"allow":["GET"]}}],"collection":[{"href":"https:\/\/anoticiaonline.com.br\/site\/wp-json\/wp\/v2\/posts"}],"about":[{"href":"https:\/\/anoticiaonline.com.br\/site\/wp-json\/wp\/v2\/types\/post"}],"author":[{"embeddable":true,"href":"https:\/\/anoticiaonline.com.br\/site\/wp-json\/wp\/v2\/users\/2"}],"replies":[{"embeddable":true,"href":"https:\/\/anoticiaonline.com.br\/site\/wp-json\/wp\/v2\/comments?post=40561"}],"version-history":[{"count":0,"href":"https:\/\/anoticiaonline.com.br\/site\/wp-json\/wp\/v2\/posts\/40561\/revisions"}],"wp:featuredmedia":[{"embeddable":true,"href":"https:\/\/anoticiaonline.com.br\/site\/wp-json\/wp\/v2\/media\/40562"}],"wp:attachment":[{"href":"https:\/\/anoticiaonline.com.br\/site\/wp-json\/wp\/v2\/media?parent=40561"}],"wp:term":[{"taxonomy":"category","embeddable":true,"href":"https:\/\/anoticiaonline.com.br\/site\/wp-json\/wp\/v2\/categories?post=40561"},{"taxonomy":"post_tag","embeddable":true,"href":"https:\/\/anoticiaonline.com.br\/site\/wp-json\/wp\/v2\/tags?post=40561"}],"curies":[{"name":"wp","href":"https:\/\/api.w.org\/{rel}","templated":true}]}}