{"id":40472,"date":"2017-09-14T21:52:57","date_gmt":"2017-09-15T00:52:57","guid":{"rendered":"http:\/\/anoticiaonline.com.br\/site\/?p=40472"},"modified":"2017-09-14T21:59:48","modified_gmt":"2017-09-15T00:59:48","slug":"programa-saude-nas-escolas-e-desenvolvido-em-muriae","status":"publish","type":"post","link":"https:\/\/anoticiaonline.com.br\/site\/programa-saude-nas-escolas-e-desenvolvido-em-muriae\/","title":{"rendered":"\u201cPrograma Sa\u00fade nas Escolas\u201d \u00e9 desenvolvido em Muria\u00e9"},"content":{"rendered":"<figure id=\"attachment_40473\" aria-describedby=\"caption-attachment-40473\" style=\"width: 290px\" class=\"wp-caption alignleft\"><a href=\"https:\/\/anoticiaonline.com.br\/site\/wp-content\/uploads\/2017\/09\/\u201cPrograma-Sa\u00fade-nas-Escolas\u201d-\u00e9-desenvolvido-em-Muria\u00e9.jpg\"><img fetchpriority=\"high\" decoding=\"async\" class=\"size-medium wp-image-40473\" src=\"https:\/\/anoticiaonline.com.br\/site\/wp-content\/uploads\/2017\/09\/\u201cPrograma-Sa\u00fade-nas-Escolas\u201d-\u00e9-desenvolvido-em-Muria\u00e9-300x225.jpg\" alt=\"\" width=\"300\" height=\"225\" srcset=\"https:\/\/anoticiaonline.com.br\/site\/wp-content\/uploads\/2017\/09\/\u201cPrograma-Sa\u00fade-nas-Escolas\u201d-\u00e9-desenvolvido-em-Muria\u00e9-300x225.jpg 300w, https:\/\/anoticiaonline.com.br\/site\/wp-content\/uploads\/2017\/09\/\u201cPrograma-Sa\u00fade-nas-Escolas\u201d-\u00e9-desenvolvido-em-Muria\u00e9.jpg 640w\" sizes=\"(max-width: 300px) 100vw, 300px\" \/><\/a><figcaption id=\"caption-attachment-40473\" class=\"wp-caption-text\">Foto: ASCOM PMM<\/figcaption><\/figure>\n<p>O programa \u201cSa\u00fade na Escola\u201d est\u00e1 sendo desenvolvido em 31<strong>\u00a0<\/strong>institui\u00e7\u00f5es da rede municipal. As palestras e atividades educativas s\u00e3o organizadas para levar conscientiza\u00e7\u00e3o aos alunos, realizando a promo\u00e7\u00e3o da sa\u00fade no ambiente escolar, sensibilizando crian\u00e7as e adolescentes.\u00a0\u00a0O programa teve in\u00edcio em agosto e tem o objetivo de zelar pela qualidade de vida dos estudantes, levando instru\u00e7\u00f5es sobre como cuidar da alimenta\u00e7\u00e3o, da sa\u00fade bucal e outras quest\u00f5es.<\/p>\n<p>Criado pelo Minist\u00e9rio da Sa\u00fade, o programa \u00e9 desenvolvido pela prefeitura de Muria\u00e9 atrav\u00e9s dos servi\u00e7os de Aten\u00e7\u00e3o B\u00e1sica.<strong>\u00a0<\/strong>As aulas e acompanhamentos s\u00e3o realizados por uma equipe de enfermeiros da Secretaria Municipal de Sa\u00fade e por profissionais do N\u00facleo de Apoio a Sa\u00fade Familiar (NASF). Entre os temas desenvolvidos est\u00e3o: obesidade; combate ao mosquito Aedes aegypti; alimenta\u00e7\u00e3o saud\u00e1vel; sa\u00fade bucal, ocular e auditiva, vacina\u00e7\u00e3o; preven\u00e7\u00e3o de viol\u00eancias e acidentes, preven\u00e7\u00e3o ao uso de drogas; preven\u00e7\u00e3o de DST\u2019s e Aids, entre outros.<\/p>\n<p>O programa funciona\u00a0uma vez por m\u00eas nas escolas em sistema de rod\u00edzio.<strong>\u00a0<\/strong>Iniciou em agosto e seguir\u00e1 para as demais institui\u00e7\u00f5es nos pr\u00f3ximos meses. Os hor\u00e1rios ser\u00e3o definidos entre a equipe de enfermagem da Prefeitura de Muria\u00e9 e os diretores da rede municipal. \u201cDesenvolveremos atividades educativas e palestras para sensibilizar as crian\u00e7as e adolescentes, para que levem estas informa\u00e7\u00f5es para suas fam\u00edlias tamb\u00e9m\u201d, disse a enfermeira da Unidade B\u00e1sica do Safira e tamb\u00e9m refer\u00eancia t\u00e9cnica do Programa de sa\u00fade na escola (PSE), Roberta Resende. Segundo o secret\u00e1rio Municipal de Sa\u00fade, Paulo C\u00e9sar de Oliveira, mais de oito mil crian\u00e7as receber\u00e3o instru\u00e7\u00f5es e cuidados do Programa. \u201cNossa meta para o futuro \u00e9 chegar a todas as escolas da cidade\u201d, informou.<\/p>\n","protected":false},"excerpt":{"rendered":"<p>O programa \u201cSa\u00fade na Escola\u201d est\u00e1 sendo desenvolvido em 31\u00a0institui\u00e7\u00f5es da rede municipal. As palestras e atividades educativas s\u00e3o organizadas para levar conscientiza\u00e7\u00e3o aos alunos, realizando a promo\u00e7\u00e3o da sa\u00fade no ambiente escolar, sensibilizando crian\u00e7as e adolescentes.\u00a0\u00a0O programa teve in\u00edcio em agosto e tem o objetivo de zelar pela qualidade de vida dos estudantes, levando &#8230; <a title=\"\u201cPrograma Sa\u00fade nas Escolas\u201d \u00e9 desenvolvido em Muria\u00e9\" class=\"read-more\" href=\"https:\/\/anoticiaonline.com.br\/site\/programa-saude-nas-escolas-e-desenvolvido-em-muriae\/\" aria-label=\"Read more about \u201cPrograma Sa\u00fade nas Escolas\u201d \u00e9 desenvolvido em Muria\u00e9\">Ler mais<\/a><\/p>\n","protected":false},"author":2,"featured_media":40473,"comment_status":"open","ping_status":"open","sticky":false,"template":"","format":"standard","meta":{"_acf_changed":false,"_monsterinsights_skip_tracking":false,"footnotes":""},"categories":[30],"tags":[1091,1092,74,246,51],"class_list":["post-40472","post","type-post","status-publish","format-standard","has-post-thumbnail","hentry","category-muriae","tag-escolas","tag-governo-de-minas","tag-muriae","tag-prefeitura","tag-saude"],"acf":[],"aioseo_notices":[],"aioseo_head":"\n\t\t<!-- All in One SEO 5.0.0.1 - aioseo.com -->\n\t<meta name=\"description\" content=\"O programa \u201cSa\u00fade na Escola\u201d est\u00e1 sendo desenvolvido em 31 institui\u00e7\u00f5es da rede municipal. As palestras e atividades educativas s\u00e3o organizadas para levar conscientiza\u00e7\u00e3o aos alunos, realizando a promo\u00e7\u00e3o da sa\u00fade no ambiente escolar, sensibilizando crian\u00e7as e adolescentes. O programa teve in\u00edcio em agosto e tem o objetivo de zelar pela qualidade de vida dos estudantes, levando\" \/>\n\t<meta name=\"robots\" content=\"max-image-preview:large\" \/>\n\t<meta name=\"author\" content=\"Juliana Laviola\"\/>\n\t<link rel=\"canonical\" href=\"https:\/\/anoticiaonline.com.br\/site\/programa-saude-nas-escolas-e-desenvolvido-em-muriae\/\" \/>\n\t<meta name=\"generator\" content=\"All in One SEO (AIOSEO) 5.0.0.1\" \/>\n\t\t<meta property=\"og:locale\" content=\"pt_BR\" \/>\n\t\t<meta property=\"og:site_name\" content=\"A Not\u00edcia Online - Noticias de Muria\u00e9 e regi\u00e3o\" \/>\n\t\t<meta property=\"og:type\" content=\"article\" \/>\n\t\t<meta property=\"og:title\" content=\"\u201cPrograma Sa\u00fade nas Escolas\u201d \u00e9 desenvolvido em Muria\u00e9 - A Not\u00edcia Online\" \/>\n\t\t<meta property=\"og:description\" content=\"O programa \u201cSa\u00fade na Escola\u201d est\u00e1 sendo desenvolvido em 31 institui\u00e7\u00f5es da rede municipal. As palestras e atividades educativas s\u00e3o organizadas para levar conscientiza\u00e7\u00e3o aos alunos, realizando a promo\u00e7\u00e3o da sa\u00fade no ambiente escolar, sensibilizando crian\u00e7as e adolescentes. O programa teve in\u00edcio em agosto e tem o objetivo de zelar pela qualidade de vida dos estudantes, levando\" \/>\n\t\t<meta property=\"og:url\" content=\"https:\/\/anoticiaonline.com.br\/site\/programa-saude-nas-escolas-e-desenvolvido-em-muriae\/\" \/>\n\t\t<meta property=\"og:image\" content=\"https:\/\/scontent-gig4-1.xx.fbcdn.net\/v\/t39.30808-1\/270437624_4564083193639691_6907940295614233970_n.jpg?stp=dst-jpg_s200x200_tt6&#038;_nc_cat=111&#038;ccb=1-7&#038;_nc_sid=f907e8&#038;_nc_ohc=SM1wRlP3lJwQ7kNvwEPuBYA&#038;_nc_oc=AdnqrjDN_BNjSSHWO-GbkIWH6fkGMLw4bqvL_NH6e2wMveX7G-rP2dAqsDSq1mJMOaY&#038;_nc_zt=24&#038;_nc_ht=scontent-gig4-1.xx&#038;_nc_gid=AoBFJeGrT1hVaew_6rchkQ&#038;oh=00_AfX7QmFGhQhG2jAllVgXCiM1ZrWgvtp80-Bfppyexh1QEg&#038;oe=689E923C\" \/>\n\t\t<meta property=\"og:image:secure_url\" content=\"https:\/\/scontent-gig4-1.xx.fbcdn.net\/v\/t39.30808-1\/270437624_4564083193639691_6907940295614233970_n.jpg?stp=dst-jpg_s200x200_tt6&#038;_nc_cat=111&#038;ccb=1-7&#038;_nc_sid=f907e8&#038;_nc_ohc=SM1wRlP3lJwQ7kNvwEPuBYA&#038;_nc_oc=AdnqrjDN_BNjSSHWO-GbkIWH6fkGMLw4bqvL_NH6e2wMveX7G-rP2dAqsDSq1mJMOaY&#038;_nc_zt=24&#038;_nc_ht=scontent-gig4-1.xx&#038;_nc_gid=AoBFJeGrT1hVaew_6rchkQ&#038;oh=00_AfX7QmFGhQhG2jAllVgXCiM1ZrWgvtp80-Bfppyexh1QEg&#038;oe=689E923C\" \/>\n\t\t<meta property=\"article:published_time\" content=\"2017-09-15T00:52:57+00:00\" \/>\n\t\t<meta property=\"article:modified_time\" content=\"2017-09-15T00:59:48+00:00\" \/>\n\t\t<meta name=\"twitter:card\" content=\"summary_large_image\" \/>\n\t\t<meta name=\"twitter:title\" content=\"\u201cPrograma Sa\u00fade nas Escolas\u201d \u00e9 desenvolvido em Muria\u00e9 - A Not\u00edcia Online\" \/>\n\t\t<meta name=\"twitter:description\" content=\"O programa \u201cSa\u00fade na Escola\u201d est\u00e1 sendo desenvolvido em 31 institui\u00e7\u00f5es da rede municipal. As palestras e atividades educativas s\u00e3o organizadas para levar conscientiza\u00e7\u00e3o aos alunos, realizando a promo\u00e7\u00e3o da sa\u00fade no ambiente escolar, sensibilizando crian\u00e7as e adolescentes. O programa teve in\u00edcio em agosto e tem o objetivo de zelar pela qualidade de vida dos estudantes, levando\" \/>\n\t\t<meta name=\"twitter:image\" content=\"https:\/\/scontent-gig4-1.xx.fbcdn.net\/v\/t39.30808-1\/270437624_4564083193639691_6907940295614233970_n.jpg?stp=dst-jpg_s200x200_tt6&amp;_nc_cat=111&amp;ccb=1-7&amp;_nc_sid=f907e8&amp;_nc_ohc=SM1wRlP3lJwQ7kNvwEPuBYA&amp;_nc_oc=AdnqrjDN_BNjSSHWO-GbkIWH6fkGMLw4bqvL_NH6e2wMveX7G-rP2dAqsDSq1mJMOaY&amp;_nc_zt=24&amp;_nc_ht=scontent-gig4-1.xx&amp;_nc_gid=AoBFJeGrT1hVaew_6rchkQ&amp;oh=00_AfX7QmFGhQhG2jAllVgXCiM1ZrWgvtp80-Bfppyexh1QEg&amp;oe=689E923C\" \/>\n\t\t<script type=\"application\/ld+json\" class=\"aioseo-schema\">\n\t\t\t{\"@context\":\"https:\\\/\\\/schema.org\",\"@graph\":[{\"@type\":\"BlogPosting\",\"@id\":\"https:\\\/\\\/anoticiaonline.com.br\\\/site\\\/programa-saude-nas-escolas-e-desenvolvido-em-muriae\\\/#blogposting\",\"name\":\"\\u201cPrograma Sa\\u00fade nas Escolas\\u201d \\u00e9 desenvolvido em Muria\\u00e9 - A Not\\u00edcia Online\",\"headline\":\"\\u201cPrograma Sa\\u00fade nas Escolas\\u201d \\u00e9 desenvolvido em Muria\\u00e9\",\"author\":{\"@id\":\"https:\\\/\\\/anoticiaonline.com.br\\\/site\\\/author\\\/juliana\\\/#author\"},\"publisher\":{\"@id\":\"https:\\\/\\\/anoticiaonline.com.br\\\/site\\\/#organization\"},\"image\":{\"@type\":\"ImageObject\",\"url\":\"https:\\\/\\\/anoticiaonline.com.br\\\/site\\\/wp-content\\\/uploads\\\/2017\\\/09\\\/\\u201cPrograma-Sa\\u00fade-nas-Escolas\\u201d-\\u00e9-desenvolvido-em-Muria\\u00e9.jpg\",\"width\":640,\"height\":480,\"caption\":\"Foto: ASCOM PMM\"},\"datePublished\":\"2017-09-14T21:52:57-03:00\",\"dateModified\":\"2017-09-14T21:59:48-03:00\",\"inLanguage\":\"pt-BR\",\"mainEntityOfPage\":{\"@id\":\"https:\\\/\\\/anoticiaonline.com.br\\\/site\\\/programa-saude-nas-escolas-e-desenvolvido-em-muriae\\\/#webpage\"},\"isPartOf\":{\"@id\":\"https:\\\/\\\/anoticiaonline.com.br\\\/site\\\/programa-saude-nas-escolas-e-desenvolvido-em-muriae\\\/#webpage\"},\"articleSection\":\"Blog, escolas, governo de minas, Muria\\u00e9, prefeitura, sa\\u00fade\"},{\"@type\":\"BreadcrumbList\",\"@id\":\"https:\\\/\\\/anoticiaonline.com.br\\\/site\\\/programa-saude-nas-escolas-e-desenvolvido-em-muriae\\\/#breadcrumblist\",\"itemListElement\":[{\"@type\":\"ListItem\",\"@id\":\"https:\\\/\\\/anoticiaonline.com.br\\\/site#listItem\",\"position\":1,\"name\":\"Home\",\"item\":\"https:\\\/\\\/anoticiaonline.com.br\\\/site\",\"nextItem\":{\"@type\":\"ListItem\",\"@id\":\"https:\\\/\\\/anoticiaonline.com.br\\\/site\\\/categoria\\\/muriae\\\/#listItem\",\"name\":\"Blog\"}},{\"@type\":\"ListItem\",\"@id\":\"https:\\\/\\\/anoticiaonline.com.br\\\/site\\\/categoria\\\/muriae\\\/#listItem\",\"position\":2,\"name\":\"Blog\",\"item\":\"https:\\\/\\\/anoticiaonline.com.br\\\/site\\\/categoria\\\/muriae\\\/\",\"nextItem\":{\"@type\":\"ListItem\",\"@id\":\"https:\\\/\\\/anoticiaonline.com.br\\\/site\\\/programa-saude-nas-escolas-e-desenvolvido-em-muriae\\\/#listItem\",\"name\":\"\\u201cPrograma Sa\\u00fade nas Escolas\\u201d \\u00e9 desenvolvido em Muria\\u00e9\"},\"previousItem\":{\"@type\":\"ListItem\",\"@id\":\"https:\\\/\\\/anoticiaonline.com.br\\\/site#listItem\",\"name\":\"Home\"}},{\"@type\":\"ListItem\",\"@id\":\"https:\\\/\\\/anoticiaonline.com.br\\\/site\\\/programa-saude-nas-escolas-e-desenvolvido-em-muriae\\\/#listItem\",\"position\":3,\"name\":\"\\u201cPrograma Sa\\u00fade nas Escolas\\u201d \\u00e9 desenvolvido em Muria\\u00e9\",\"previousItem\":{\"@type\":\"ListItem\",\"@id\":\"https:\\\/\\\/anoticiaonline.com.br\\\/site\\\/categoria\\\/muriae\\\/#listItem\",\"name\":\"Blog\"}}]},{\"@type\":\"Organization\",\"@id\":\"https:\\\/\\\/anoticiaonline.com.br\\\/site\\\/#organization\",\"name\":\"A Not\\u00edcia Online\",\"description\":\"Noticias de Muria\\u00e9 e regi\\u00e3o\",\"url\":\"https:\\\/\\\/anoticiaonline.com.br\\\/site\\\/\",\"logo\":{\"@type\":\"ImageObject\",\"url\":\"https:\\\/\\\/scontent-gig4-1.xx.fbcdn.net\\\/v\\\/t39.30808-1\\\/270437624_4564083193639691_6907940295614233970_n.jpg?stp=dst-jpg_s200x200_tt6&_nc_cat=111&ccb=1-7&_nc_sid=f907e8&_nc_ohc=SM1wRlP3lJwQ7kNvwEPuBYA&_nc_oc=AdnqrjDN_BNjSSHWO-GbkIWH6fkGMLw4bqvL_NH6e2wMveX7G-rP2dAqsDSq1mJMOaY&_nc_zt=24&_nc_ht=scontent-gig4-1.xx&_nc_gid=AoBFJeGrT1hVaew_6rchkQ&oh=00_AfX7QmFGhQhG2jAllVgXCiM1ZrWgvtp80-Bfppyexh1QEg&oe=689E923C\",\"@id\":\"https:\\\/\\\/anoticiaonline.com.br\\\/site\\\/programa-saude-nas-escolas-e-desenvolvido-em-muriae\\\/#organizationLogo\"},\"image\":{\"@id\":\"https:\\\/\\\/anoticiaonline.com.br\\\/site\\\/programa-saude-nas-escolas-e-desenvolvido-em-muriae\\\/#organizationLogo\"}},{\"@type\":\"Person\",\"@id\":\"https:\\\/\\\/anoticiaonline.com.br\\\/site\\\/author\\\/juliana\\\/#author\",\"url\":\"https:\\\/\\\/anoticiaonline.com.br\\\/site\\\/author\\\/juliana\\\/\",\"name\":\"Juliana Laviola\",\"image\":{\"@type\":\"ImageObject\",\"@id\":\"https:\\\/\\\/anoticiaonline.com.br\\\/site\\\/programa-saude-nas-escolas-e-desenvolvido-em-muriae\\\/#authorImage\",\"url\":\"https:\\\/\\\/secure.gravatar.com\\\/avatar\\\/b8d45f5c699b100dfaf0e543582f38f38bf94cb7ae3a5e9abf8d891a34773335?s=96&d=mm&r=g\",\"width\":96,\"height\":96,\"caption\":\"Juliana Laviola\"}},{\"@type\":\"WebPage\",\"@id\":\"https:\\\/\\\/anoticiaonline.com.br\\\/site\\\/programa-saude-nas-escolas-e-desenvolvido-em-muriae\\\/#webpage\",\"url\":\"https:\\\/\\\/anoticiaonline.com.br\\\/site\\\/programa-saude-nas-escolas-e-desenvolvido-em-muriae\\\/\",\"name\":\"\\u201cPrograma Sa\\u00fade nas Escolas\\u201d \\u00e9 desenvolvido em Muria\\u00e9 - A Not\\u00edcia Online\",\"description\":\"O programa \\u201cSa\\u00fade na Escola\\u201d est\\u00e1 sendo desenvolvido em 31 institui\\u00e7\\u00f5es da rede municipal. As palestras e atividades educativas s\\u00e3o organizadas para levar conscientiza\\u00e7\\u00e3o aos alunos, realizando a promo\\u00e7\\u00e3o da sa\\u00fade no ambiente escolar, sensibilizando crian\\u00e7as e adolescentes. O programa teve in\\u00edcio em agosto e tem o objetivo de zelar pela qualidade de vida dos estudantes, levando\",\"inLanguage\":\"pt-BR\",\"isPartOf\":{\"@id\":\"https:\\\/\\\/anoticiaonline.com.br\\\/site\\\/#website\"},\"breadcrumb\":{\"@id\":\"https:\\\/\\\/anoticiaonline.com.br\\\/site\\\/programa-saude-nas-escolas-e-desenvolvido-em-muriae\\\/#breadcrumblist\"},\"author\":{\"@id\":\"https:\\\/\\\/anoticiaonline.com.br\\\/site\\\/author\\\/juliana\\\/#author\"},\"creator\":{\"@id\":\"https:\\\/\\\/anoticiaonline.com.br\\\/site\\\/author\\\/juliana\\\/#author\"},\"image\":{\"@type\":\"ImageObject\",\"url\":\"https:\\\/\\\/anoticiaonline.com.br\\\/site\\\/wp-content\\\/uploads\\\/2017\\\/09\\\/\\u201cPrograma-Sa\\u00fade-nas-Escolas\\u201d-\\u00e9-desenvolvido-em-Muria\\u00e9.jpg\",\"@id\":\"https:\\\/\\\/anoticiaonline.com.br\\\/site\\\/programa-saude-nas-escolas-e-desenvolvido-em-muriae\\\/#mainImage\",\"width\":640,\"height\":480,\"caption\":\"Foto: ASCOM PMM\"},\"primaryImageOfPage\":{\"@id\":\"https:\\\/\\\/anoticiaonline.com.br\\\/site\\\/programa-saude-nas-escolas-e-desenvolvido-em-muriae\\\/#mainImage\"},\"datePublished\":\"2017-09-14T21:52:57-03:00\",\"dateModified\":\"2017-09-14T21:59:48-03:00\"},{\"@type\":\"WebSite\",\"@id\":\"https:\\\/\\\/anoticiaonline.com.br\\\/site\\\/#website\",\"url\":\"https:\\\/\\\/anoticiaonline.com.br\\\/site\\\/\",\"name\":\"A Not\\u00edcia Online\",\"description\":\"Noticias de Muria\\u00e9 e regi\\u00e3o\",\"inLanguage\":\"pt-BR\",\"publisher\":{\"@id\":\"https:\\\/\\\/anoticiaonline.com.br\\\/site\\\/#organization\"}}]}\n\t\t<\/script>\n\t\t<!-- All in One SEO -->\n\n","aioseo_head_json":{"title":"\u201cPrograma Sa\u00fade nas Escolas\u201d \u00e9 desenvolvido em Muria\u00e9 - A Not\u00edcia Online","description":"O programa \u201cSa\u00fade na Escola\u201d est\u00e1 sendo desenvolvido em 31 institui\u00e7\u00f5es da rede municipal. As palestras e atividades educativas s\u00e3o organizadas para levar conscientiza\u00e7\u00e3o aos alunos, realizando a promo\u00e7\u00e3o da sa\u00fade no ambiente escolar, sensibilizando crian\u00e7as e adolescentes. O programa teve in\u00edcio em agosto e tem o objetivo de zelar pela qualidade de vida dos estudantes, levando","canonical_url":"https:\/\/anoticiaonline.com.br\/site\/programa-saude-nas-escolas-e-desenvolvido-em-muriae\/","robots":"max-image-preview:large","keywords":"","webmasterTools":{"miscellaneous":""},"schema":{"@context":"https:\/\/schema.org","@graph":[{"@type":"BlogPosting","@id":"https:\/\/anoticiaonline.com.br\/site\/programa-saude-nas-escolas-e-desenvolvido-em-muriae\/#blogposting","name":"\u201cPrograma Sa\u00fade nas Escolas\u201d \u00e9 desenvolvido em Muria\u00e9 - A Not\u00edcia Online","headline":"\u201cPrograma Sa\u00fade nas Escolas\u201d \u00e9 desenvolvido em Muria\u00e9","author":{"@id":"https:\/\/anoticiaonline.com.br\/site\/author\/juliana\/#author"},"publisher":{"@id":"https:\/\/anoticiaonline.com.br\/site\/#organization"},"image":{"@type":"ImageObject","url":"https:\/\/anoticiaonline.com.br\/site\/wp-content\/uploads\/2017\/09\/\u201cPrograma-Sa\u00fade-nas-Escolas\u201d-\u00e9-desenvolvido-em-Muria\u00e9.jpg","width":640,"height":480,"caption":"Foto: ASCOM PMM"},"datePublished":"2017-09-14T21:52:57-03:00","dateModified":"2017-09-14T21:59:48-03:00","inLanguage":"pt-BR","mainEntityOfPage":{"@id":"https:\/\/anoticiaonline.com.br\/site\/programa-saude-nas-escolas-e-desenvolvido-em-muriae\/#webpage"},"isPartOf":{"@id":"https:\/\/anoticiaonline.com.br\/site\/programa-saude-nas-escolas-e-desenvolvido-em-muriae\/#webpage"},"articleSection":"Blog, escolas, governo de minas, Muria\u00e9, prefeitura, sa\u00fade"},{"@type":"BreadcrumbList","@id":"https:\/\/anoticiaonline.com.br\/site\/programa-saude-nas-escolas-e-desenvolvido-em-muriae\/#breadcrumblist","itemListElement":[{"@type":"ListItem","@id":"https:\/\/anoticiaonline.com.br\/site#listItem","position":1,"name":"Home","item":"https:\/\/anoticiaonline.com.br\/site","nextItem":{"@type":"ListItem","@id":"https:\/\/anoticiaonline.com.br\/site\/categoria\/muriae\/#listItem","name":"Blog"}},{"@type":"ListItem","@id":"https:\/\/anoticiaonline.com.br\/site\/categoria\/muriae\/#listItem","position":2,"name":"Blog","item":"https:\/\/anoticiaonline.com.br\/site\/categoria\/muriae\/","nextItem":{"@type":"ListItem","@id":"https:\/\/anoticiaonline.com.br\/site\/programa-saude-nas-escolas-e-desenvolvido-em-muriae\/#listItem","name":"\u201cPrograma Sa\u00fade nas Escolas\u201d \u00e9 desenvolvido em Muria\u00e9"},"previousItem":{"@type":"ListItem","@id":"https:\/\/anoticiaonline.com.br\/site#listItem","name":"Home"}},{"@type":"ListItem","@id":"https:\/\/anoticiaonline.com.br\/site\/programa-saude-nas-escolas-e-desenvolvido-em-muriae\/#listItem","position":3,"name":"\u201cPrograma Sa\u00fade nas Escolas\u201d \u00e9 desenvolvido em Muria\u00e9","previousItem":{"@type":"ListItem","@id":"https:\/\/anoticiaonline.com.br\/site\/categoria\/muriae\/#listItem","name":"Blog"}}]},{"@type":"Organization","@id":"https:\/\/anoticiaonline.com.br\/site\/#organization","name":"A Not\u00edcia Online","description":"Noticias de Muria\u00e9 e regi\u00e3o","url":"https:\/\/anoticiaonline.com.br\/site\/","logo":{"@type":"ImageObject","url":"https:\/\/scontent-gig4-1.xx.fbcdn.net\/v\/t39.30808-1\/270437624_4564083193639691_6907940295614233970_n.jpg?stp=dst-jpg_s200x200_tt6&_nc_cat=111&ccb=1-7&_nc_sid=f907e8&_nc_ohc=SM1wRlP3lJwQ7kNvwEPuBYA&_nc_oc=AdnqrjDN_BNjSSHWO-GbkIWH6fkGMLw4bqvL_NH6e2wMveX7G-rP2dAqsDSq1mJMOaY&_nc_zt=24&_nc_ht=scontent-gig4-1.xx&_nc_gid=AoBFJeGrT1hVaew_6rchkQ&oh=00_AfX7QmFGhQhG2jAllVgXCiM1ZrWgvtp80-Bfppyexh1QEg&oe=689E923C","@id":"https:\/\/anoticiaonline.com.br\/site\/programa-saude-nas-escolas-e-desenvolvido-em-muriae\/#organizationLogo"},"image":{"@id":"https:\/\/anoticiaonline.com.br\/site\/programa-saude-nas-escolas-e-desenvolvido-em-muriae\/#organizationLogo"}},{"@type":"Person","@id":"https:\/\/anoticiaonline.com.br\/site\/author\/juliana\/#author","url":"https:\/\/anoticiaonline.com.br\/site\/author\/juliana\/","name":"Juliana Laviola","image":{"@type":"ImageObject","@id":"https:\/\/anoticiaonline.com.br\/site\/programa-saude-nas-escolas-e-desenvolvido-em-muriae\/#authorImage","url":"https:\/\/secure.gravatar.com\/avatar\/b8d45f5c699b100dfaf0e543582f38f38bf94cb7ae3a5e9abf8d891a34773335?s=96&d=mm&r=g","width":96,"height":96,"caption":"Juliana Laviola"}},{"@type":"WebPage","@id":"https:\/\/anoticiaonline.com.br\/site\/programa-saude-nas-escolas-e-desenvolvido-em-muriae\/#webpage","url":"https:\/\/anoticiaonline.com.br\/site\/programa-saude-nas-escolas-e-desenvolvido-em-muriae\/","name":"\u201cPrograma Sa\u00fade nas Escolas\u201d \u00e9 desenvolvido em Muria\u00e9 - A Not\u00edcia Online","description":"O programa \u201cSa\u00fade na Escola\u201d est\u00e1 sendo desenvolvido em 31 institui\u00e7\u00f5es da rede municipal. As palestras e atividades educativas s\u00e3o organizadas para levar conscientiza\u00e7\u00e3o aos alunos, realizando a promo\u00e7\u00e3o da sa\u00fade no ambiente escolar, sensibilizando crian\u00e7as e adolescentes. O programa teve in\u00edcio em agosto e tem o objetivo de zelar pela qualidade de vida dos estudantes, levando","inLanguage":"pt-BR","isPartOf":{"@id":"https:\/\/anoticiaonline.com.br\/site\/#website"},"breadcrumb":{"@id":"https:\/\/anoticiaonline.com.br\/site\/programa-saude-nas-escolas-e-desenvolvido-em-muriae\/#breadcrumblist"},"author":{"@id":"https:\/\/anoticiaonline.com.br\/site\/author\/juliana\/#author"},"creator":{"@id":"https:\/\/anoticiaonline.com.br\/site\/author\/juliana\/#author"},"image":{"@type":"ImageObject","url":"https:\/\/anoticiaonline.com.br\/site\/wp-content\/uploads\/2017\/09\/\u201cPrograma-Sa\u00fade-nas-Escolas\u201d-\u00e9-desenvolvido-em-Muria\u00e9.jpg","@id":"https:\/\/anoticiaonline.com.br\/site\/programa-saude-nas-escolas-e-desenvolvido-em-muriae\/#mainImage","width":640,"height":480,"caption":"Foto: ASCOM PMM"},"primaryImageOfPage":{"@id":"https:\/\/anoticiaonline.com.br\/site\/programa-saude-nas-escolas-e-desenvolvido-em-muriae\/#mainImage"},"datePublished":"2017-09-14T21:52:57-03:00","dateModified":"2017-09-14T21:59:48-03:00"},{"@type":"WebSite","@id":"https:\/\/anoticiaonline.com.br\/site\/#website","url":"https:\/\/anoticiaonline.com.br\/site\/","name":"A Not\u00edcia Online","description":"Noticias de Muria\u00e9 e regi\u00e3o","inLanguage":"pt-BR","publisher":{"@id":"https:\/\/anoticiaonline.com.br\/site\/#organization"}}]},"og:locale":"pt_BR","og:site_name":"A Not\u00edcia Online - Noticias de Muria\u00e9 e regi\u00e3o","og:type":"article","og:title":"\u201cPrograma Sa\u00fade nas Escolas\u201d \u00e9 desenvolvido em Muria\u00e9 - A Not\u00edcia Online","og:description":"O programa \u201cSa\u00fade na Escola\u201d est\u00e1 sendo desenvolvido em 31 institui\u00e7\u00f5es da rede municipal. As palestras e atividades educativas s\u00e3o organizadas para levar conscientiza\u00e7\u00e3o aos alunos, realizando a promo\u00e7\u00e3o da sa\u00fade no ambiente escolar, sensibilizando crian\u00e7as e adolescentes. O programa teve in\u00edcio em agosto e tem o objetivo de zelar pela qualidade de vida dos estudantes, levando","og:url":"https:\/\/anoticiaonline.com.br\/site\/programa-saude-nas-escolas-e-desenvolvido-em-muriae\/","og:image":"https:\/\/scontent-gig4-1.xx.fbcdn.net\/v\/t39.30808-1\/270437624_4564083193639691_6907940295614233970_n.jpg?stp=dst-jpg_s200x200_tt6&#038;_nc_cat=111&#038;ccb=1-7&#038;_nc_sid=f907e8&#038;_nc_ohc=SM1wRlP3lJwQ7kNvwEPuBYA&#038;_nc_oc=AdnqrjDN_BNjSSHWO-GbkIWH6fkGMLw4bqvL_NH6e2wMveX7G-rP2dAqsDSq1mJMOaY&#038;_nc_zt=24&#038;_nc_ht=scontent-gig4-1.xx&#038;_nc_gid=AoBFJeGrT1hVaew_6rchkQ&#038;oh=00_AfX7QmFGhQhG2jAllVgXCiM1ZrWgvtp80-Bfppyexh1QEg&#038;oe=689E923C","og:image:secure_url":"https:\/\/scontent-gig4-1.xx.fbcdn.net\/v\/t39.30808-1\/270437624_4564083193639691_6907940295614233970_n.jpg?stp=dst-jpg_s200x200_tt6&#038;_nc_cat=111&#038;ccb=1-7&#038;_nc_sid=f907e8&#038;_nc_ohc=SM1wRlP3lJwQ7kNvwEPuBYA&#038;_nc_oc=AdnqrjDN_BNjSSHWO-GbkIWH6fkGMLw4bqvL_NH6e2wMveX7G-rP2dAqsDSq1mJMOaY&#038;_nc_zt=24&#038;_nc_ht=scontent-gig4-1.xx&#038;_nc_gid=AoBFJeGrT1hVaew_6rchkQ&#038;oh=00_AfX7QmFGhQhG2jAllVgXCiM1ZrWgvtp80-Bfppyexh1QEg&#038;oe=689E923C","article:published_time":"2017-09-15T00:52:57+00:00","article:modified_time":"2017-09-15T00:59:48+00:00","twitter:card":"summary_large_image","twitter:title":"\u201cPrograma Sa\u00fade nas Escolas\u201d \u00e9 desenvolvido em Muria\u00e9 - A Not\u00edcia Online","twitter:description":"O programa \u201cSa\u00fade na Escola\u201d est\u00e1 sendo desenvolvido em 31 institui\u00e7\u00f5es da rede municipal. As palestras e atividades educativas s\u00e3o organizadas para levar conscientiza\u00e7\u00e3o aos alunos, realizando a promo\u00e7\u00e3o da sa\u00fade no ambiente escolar, sensibilizando crian\u00e7as e adolescentes. O programa teve in\u00edcio em agosto e tem o objetivo de zelar pela qualidade de vida dos estudantes, levando","twitter:image":"https:\/\/scontent-gig4-1.xx.fbcdn.net\/v\/t39.30808-1\/270437624_4564083193639691_6907940295614233970_n.jpg?stp=dst-jpg_s200x200_tt6&_nc_cat=111&ccb=1-7&_nc_sid=f907e8&_nc_ohc=SM1wRlP3lJwQ7kNvwEPuBYA&_nc_oc=AdnqrjDN_BNjSSHWO-GbkIWH6fkGMLw4bqvL_NH6e2wMveX7G-rP2dAqsDSq1mJMOaY&_nc_zt=24&_nc_ht=scontent-gig4-1.xx&_nc_gid=AoBFJeGrT1hVaew_6rchkQ&oh=00_AfX7QmFGhQhG2jAllVgXCiM1ZrWgvtp80-Bfppyexh1QEg&oe=689E923C"},"aioseo_meta_data":{"post_id":"40472","title":null,"description":null,"keywords":null,"keyphrases":null,"primary_term":null,"canonical_url":null,"og_title":null,"og_description":null,"og_object_type":"default","og_image_type":"default","og_image_url":null,"og_image_width":null,"og_image_height":null,"og_image_custom_url":null,"og_image_custom_fields":null,"og_video":null,"og_custom_url":null,"og_article_section":null,"og_article_tags":null,"twitter_use_og":false,"twitter_card":"default","twitter_image_type":"default","twitter_image_url":null,"twitter_image_custom_url":null,"twitter_image_custom_fields":null,"twitter_title":null,"twitter_description":null,"schema":{"blockGraphs":[],"customGraphs":[],"default":{"data":{"Article":[],"Course":[],"Dataset":[],"FAQPage":[],"Movie":[],"Person":[],"Product":[],"ProductReview":[],"Car":[],"Recipe":[],"Service":[],"SoftwareApplication":[],"WebPage":[]},"graphName":"","isEnabled":true},"graphs":[]},"schema_type":"default","schema_type_options":null,"pillar_content":false,"robots_default":true,"robots_noindex":false,"robots_noarchive":false,"robots_nosnippet":false,"robots_nofollow":false,"robots_noimageindex":false,"robots_noodp":false,"robots_notranslate":false,"robots_max_snippet":null,"robots_max_videopreview":null,"robots_max_imagepreview":"large","priority":null,"frequency":null,"local_seo":null,"breadcrumb_settings":null,"limit_modified_date":false,"ai":null,"created":"2025-08-16 19:27:28","updated":"2025-08-16 19:27:28","focus_keyword":null,"additional_keywords":null,"truseo_locale":null,"seo_analyzer_scan_date":null},"aioseo_breadcrumb":"<div class=\"aioseo-breadcrumbs\"><span class=\"aioseo-breadcrumb\">\n\t\t\t<a href=\"https:\/\/anoticiaonline.com.br\/site\" title=\"Home\">Home<\/a>\n\t\t<\/span><span class=\"aioseo-breadcrumb-separator\">&raquo;<\/span><span class=\"aioseo-breadcrumb\">\n\t\t\t<a href=\"https:\/\/anoticiaonline.com.br\/site\/categoria\/muriae\/\" title=\"Blog\">Blog<\/a>\n\t\t<\/span><span class=\"aioseo-breadcrumb-separator\">&raquo;<\/span><span class=\"aioseo-breadcrumb\">\n\t\t\t\u201cPrograma Sa\u00fade nas Escolas\u201d \u00e9 desenvolvido em Muria\u00e9\n\t\t<\/span><\/div>","aioseo_breadcrumb_json":[{"label":"Home","link":"https:\/\/anoticiaonline.com.br\/site"},{"label":"Blog","link":"https:\/\/anoticiaonline.com.br\/site\/categoria\/muriae\/"},{"label":"\u201cPrograma Sa\u00fade nas Escolas\u201d \u00e9 desenvolvido em Muria\u00e9","link":"https:\/\/anoticiaonline.com.br\/site\/programa-saude-nas-escolas-e-desenvolvido-em-muriae\/"}],"views":107,"_links":{"self":[{"href":"https:\/\/anoticiaonline.com.br\/site\/wp-json\/wp\/v2\/posts\/40472","targetHints":{"allow":["GET"]}}],"collection":[{"href":"https:\/\/anoticiaonline.com.br\/site\/wp-json\/wp\/v2\/posts"}],"about":[{"href":"https:\/\/anoticiaonline.com.br\/site\/wp-json\/wp\/v2\/types\/post"}],"author":[{"embeddable":true,"href":"https:\/\/anoticiaonline.com.br\/site\/wp-json\/wp\/v2\/users\/2"}],"replies":[{"embeddable":true,"href":"https:\/\/anoticiaonline.com.br\/site\/wp-json\/wp\/v2\/comments?post=40472"}],"version-history":[{"count":0,"href":"https:\/\/anoticiaonline.com.br\/site\/wp-json\/wp\/v2\/posts\/40472\/revisions"}],"wp:featuredmedia":[{"embeddable":true,"href":"https:\/\/anoticiaonline.com.br\/site\/wp-json\/wp\/v2\/media\/40473"}],"wp:attachment":[{"href":"https:\/\/anoticiaonline.com.br\/site\/wp-json\/wp\/v2\/media?parent=40472"}],"wp:term":[{"taxonomy":"category","embeddable":true,"href":"https:\/\/anoticiaonline.com.br\/site\/wp-json\/wp\/v2\/categories?post=40472"},{"taxonomy":"post_tag","embeddable":true,"href":"https:\/\/anoticiaonline.com.br\/site\/wp-json\/wp\/v2\/tags?post=40472"}],"curies":[{"name":"wp","href":"https:\/\/api.w.org\/{rel}","templated":true}]}}