{"id":40325,"date":"2017-09-14T20:19:11","date_gmt":"2017-09-14T23:19:11","guid":{"rendered":"http:\/\/anoticiaonline.com.br\/site\/?p=40325"},"modified":"2017-09-14T21:23:38","modified_gmt":"2017-09-15T00:23:38","slug":"incendio-assusta-moradores-do-centro-e-do-sao-francisco","status":"publish","type":"post","link":"https:\/\/anoticiaonline.com.br\/site\/incendio-assusta-moradores-do-centro-e-do-sao-francisco\/","title":{"rendered":"Inc\u00eandio assusta moradores do Centro e do S\u00e3o Francisco"},"content":{"rendered":"<figure id=\"attachment_40326\" aria-describedby=\"caption-attachment-40326\" style=\"width: 290px\" class=\"wp-caption alignleft\"><a href=\"https:\/\/anoticiaonline.com.br\/site\/wp-content\/uploads\/2017\/09\/CAPA-1.jpg\"><img fetchpriority=\"high\" decoding=\"async\" class=\"size-medium wp-image-40326\" src=\"https:\/\/anoticiaonline.com.br\/site\/wp-content\/uploads\/2017\/09\/CAPA-1-300x225.jpg\" alt=\"\" width=\"300\" height=\"225\" srcset=\"https:\/\/anoticiaonline.com.br\/site\/wp-content\/uploads\/2017\/09\/CAPA-1-300x225.jpg 300w, https:\/\/anoticiaonline.com.br\/site\/wp-content\/uploads\/2017\/09\/CAPA-1.jpg 640w\" sizes=\"(max-width: 300px) 100vw, 300px\" \/><\/a><figcaption id=\"caption-attachment-40326\" class=\"wp-caption-text\">Foto: www.silvanalves.com.br<\/figcaption><\/figure>\n<figure id=\"attachment_40327\" aria-describedby=\"caption-attachment-40327\" style=\"width: 290px\" class=\"wp-caption alignleft\"><a href=\"https:\/\/anoticiaonline.com.br\/site\/wp-content\/uploads\/2017\/09\/Inc\u00eandio-assusta-moradores-do-Centro-e-do-S\u00e3o-Francisco.jpg\"><img decoding=\"async\" class=\"size-medium wp-image-40327\" src=\"https:\/\/anoticiaonline.com.br\/site\/wp-content\/uploads\/2017\/09\/Inc\u00eandio-assusta-moradores-do-Centro-e-do-S\u00e3o-Francisco-300x235.jpg\" alt=\"\" width=\"300\" height=\"235\" srcset=\"https:\/\/anoticiaonline.com.br\/site\/wp-content\/uploads\/2017\/09\/Inc\u00eandio-assusta-moradores-do-Centro-e-do-S\u00e3o-Francisco-300x235.jpg 300w, https:\/\/anoticiaonline.com.br\/site\/wp-content\/uploads\/2017\/09\/Inc\u00eandio-assusta-moradores-do-Centro-e-do-S\u00e3o-Francisco.jpg 640w\" sizes=\"(max-width: 300px) 100vw, 300px\" \/><\/a><figcaption id=\"caption-attachment-40327\" class=\"wp-caption-text\">Foto: www.silvanalves.com.br<\/figcaption><\/figure>\n<figure id=\"attachment_40328\" aria-describedby=\"caption-attachment-40328\" style=\"width: 290px\" class=\"wp-caption alignleft\"><a href=\"https:\/\/anoticiaonline.com.br\/site\/wp-content\/uploads\/2017\/09\/Inc\u00eandio-assusta-moradores-do-Centro-e-do-S\u00e3o-Francisco-2.jpg\"><img decoding=\"async\" class=\"size-medium wp-image-40328\" src=\"https:\/\/anoticiaonline.com.br\/site\/wp-content\/uploads\/2017\/09\/Inc\u00eandio-assusta-moradores-do-Centro-e-do-S\u00e3o-Francisco-2-300x225.jpg\" alt=\"\" width=\"300\" height=\"225\" srcset=\"https:\/\/anoticiaonline.com.br\/site\/wp-content\/uploads\/2017\/09\/Inc\u00eandio-assusta-moradores-do-Centro-e-do-S\u00e3o-Francisco-2-300x225.jpg 300w, https:\/\/anoticiaonline.com.br\/site\/wp-content\/uploads\/2017\/09\/Inc\u00eandio-assusta-moradores-do-Centro-e-do-S\u00e3o-Francisco-2.jpg 640w\" sizes=\"(max-width: 300px) 100vw, 300px\" \/><\/a><figcaption id=\"caption-attachment-40328\" class=\"wp-caption-text\">Foto: www.silvanalves.com.br<\/figcaption><\/figure>\n<p>Um inc\u00eandio em um terreno, onde est\u00e1 localizado um pr\u00e9dio em constru\u00e7\u00e3o, assustou moradores do Centro e do Bairro S\u00e3o Francisco. O Corpo de Bombeiros foi acionado \u00e0s 19h15 para combater as chamas, que podiam ser vistas de longe.<\/p>\n<p>O fogo, que se concentrou nas madeiras da obra, apesar de extenso, foi contido pelos bombeiros no per\u00edodo de meia hora. O trabalho teve o apoio do Departamento Municipal de Saneamento Urbano (Demsur) que enviou caminh\u00f5es-pipa.<\/p>\n<p>O inc\u00eandio aconteceu pr\u00f3ximo ao Grande Hotel Muriahe, local que foi coberto pelas chamas, em 1999, e atualmente, \u00e9 onde funciona o Setor de Patrim\u00f4nio Hist\u00f3rico, constru\u00e7\u00e3o municipal tombada h\u00e1 20 anos.<\/p>\n","protected":false},"excerpt":{"rendered":"<p>Um inc\u00eandio em um terreno, onde est\u00e1 localizado um pr\u00e9dio em constru\u00e7\u00e3o, assustou moradores do Centro e do Bairro S\u00e3o Francisco. O Corpo de Bombeiros foi acionado \u00e0s 19h15 para combater as chamas, que podiam ser vistas de longe. O fogo, que se concentrou nas madeiras da obra, apesar de extenso, foi contido pelos bombeiros &#8230; <a title=\"Inc\u00eandio assusta moradores do Centro e do S\u00e3o Francisco\" class=\"read-more\" href=\"https:\/\/anoticiaonline.com.br\/site\/incendio-assusta-moradores-do-centro-e-do-sao-francisco\/\" aria-label=\"Read more about Inc\u00eandio assusta moradores do Centro e do S\u00e3o Francisco\">Ler mais<\/a><\/p>\n","protected":false},"author":2,"featured_media":40327,"comment_status":"open","ping_status":"open","sticky":false,"template":"","format":"standard","meta":{"_acf_changed":false,"_monsterinsights_skip_tracking":false,"footnotes":""},"categories":[30],"tags":[126,1068,1067,349,74,1069,3],"class_list":["post-40325","post","type-post","status-publish","format-standard","has-post-thumbnail","hentry","category-muriae","tag-cidade","tag-corpo-de-bombeiros-centro","tag-fogo","tag-incendio","tag-muriae","tag-queimada","tag-slide"],"acf":[],"aioseo_notices":[],"aioseo_head":"\n\t\t<!-- All in One SEO 5.0.0.1 - aioseo.com -->\n\t<meta name=\"description\" content=\"Um inc\u00eandio em um terreno, onde est\u00e1 localizado um pr\u00e9dio em constru\u00e7\u00e3o, assustou moradores do Centro e do Bairro S\u00e3o Francisco. O Corpo de Bombeiros foi acionado \u00e0s 19h15 para combater as chamas, que podiam ser vistas de longe. O fogo, que se concentrou nas madeiras da obra, apesar de extenso, foi contido pelos bombeiros\" \/>\n\t<meta name=\"robots\" content=\"max-image-preview:large\" \/>\n\t<meta name=\"author\" content=\"Juliana Laviola\"\/>\n\t<link rel=\"canonical\" href=\"https:\/\/anoticiaonline.com.br\/site\/incendio-assusta-moradores-do-centro-e-do-sao-francisco\/\" \/>\n\t<meta name=\"generator\" content=\"All in One SEO (AIOSEO) 5.0.0.1\" \/>\n\t\t<meta property=\"og:locale\" content=\"pt_BR\" \/>\n\t\t<meta property=\"og:site_name\" content=\"A Not\u00edcia Online - Noticias de Muria\u00e9 e regi\u00e3o\" \/>\n\t\t<meta property=\"og:type\" content=\"article\" \/>\n\t\t<meta property=\"og:title\" content=\"Inc\u00eandio assusta moradores do Centro e do S\u00e3o Francisco - A Not\u00edcia Online\" \/>\n\t\t<meta property=\"og:description\" content=\"Um inc\u00eandio em um terreno, onde est\u00e1 localizado um pr\u00e9dio em constru\u00e7\u00e3o, assustou moradores do Centro e do Bairro S\u00e3o Francisco. O Corpo de Bombeiros foi acionado \u00e0s 19h15 para combater as chamas, que podiam ser vistas de longe. O fogo, que se concentrou nas madeiras da obra, apesar de extenso, foi contido pelos bombeiros\" \/>\n\t\t<meta property=\"og:url\" content=\"https:\/\/anoticiaonline.com.br\/site\/incendio-assusta-moradores-do-centro-e-do-sao-francisco\/\" \/>\n\t\t<meta property=\"og:image\" content=\"https:\/\/scontent-gig4-1.xx.fbcdn.net\/v\/t39.30808-1\/270437624_4564083193639691_6907940295614233970_n.jpg?stp=dst-jpg_s200x200_tt6&#038;_nc_cat=111&#038;ccb=1-7&#038;_nc_sid=f907e8&#038;_nc_ohc=SM1wRlP3lJwQ7kNvwEPuBYA&#038;_nc_oc=AdnqrjDN_BNjSSHWO-GbkIWH6fkGMLw4bqvL_NH6e2wMveX7G-rP2dAqsDSq1mJMOaY&#038;_nc_zt=24&#038;_nc_ht=scontent-gig4-1.xx&#038;_nc_gid=AoBFJeGrT1hVaew_6rchkQ&#038;oh=00_AfX7QmFGhQhG2jAllVgXCiM1ZrWgvtp80-Bfppyexh1QEg&#038;oe=689E923C\" \/>\n\t\t<meta property=\"og:image:secure_url\" content=\"https:\/\/scontent-gig4-1.xx.fbcdn.net\/v\/t39.30808-1\/270437624_4564083193639691_6907940295614233970_n.jpg?stp=dst-jpg_s200x200_tt6&#038;_nc_cat=111&#038;ccb=1-7&#038;_nc_sid=f907e8&#038;_nc_ohc=SM1wRlP3lJwQ7kNvwEPuBYA&#038;_nc_oc=AdnqrjDN_BNjSSHWO-GbkIWH6fkGMLw4bqvL_NH6e2wMveX7G-rP2dAqsDSq1mJMOaY&#038;_nc_zt=24&#038;_nc_ht=scontent-gig4-1.xx&#038;_nc_gid=AoBFJeGrT1hVaew_6rchkQ&#038;oh=00_AfX7QmFGhQhG2jAllVgXCiM1ZrWgvtp80-Bfppyexh1QEg&#038;oe=689E923C\" \/>\n\t\t<meta property=\"article:published_time\" content=\"2017-09-14T23:19:11+00:00\" \/>\n\t\t<meta property=\"article:modified_time\" content=\"2017-09-15T00:23:38+00:00\" \/>\n\t\t<meta name=\"twitter:card\" content=\"summary_large_image\" \/>\n\t\t<meta name=\"twitter:title\" content=\"Inc\u00eandio assusta moradores do Centro e do S\u00e3o Francisco - A Not\u00edcia Online\" \/>\n\t\t<meta name=\"twitter:description\" content=\"Um inc\u00eandio em um terreno, onde est\u00e1 localizado um pr\u00e9dio em constru\u00e7\u00e3o, assustou moradores do Centro e do Bairro S\u00e3o Francisco. O Corpo de Bombeiros foi acionado \u00e0s 19h15 para combater as chamas, que podiam ser vistas de longe. O fogo, que se concentrou nas madeiras da obra, apesar de extenso, foi contido pelos bombeiros\" \/>\n\t\t<meta name=\"twitter:image\" content=\"https:\/\/scontent-gig4-1.xx.fbcdn.net\/v\/t39.30808-1\/270437624_4564083193639691_6907940295614233970_n.jpg?stp=dst-jpg_s200x200_tt6&amp;_nc_cat=111&amp;ccb=1-7&amp;_nc_sid=f907e8&amp;_nc_ohc=SM1wRlP3lJwQ7kNvwEPuBYA&amp;_nc_oc=AdnqrjDN_BNjSSHWO-GbkIWH6fkGMLw4bqvL_NH6e2wMveX7G-rP2dAqsDSq1mJMOaY&amp;_nc_zt=24&amp;_nc_ht=scontent-gig4-1.xx&amp;_nc_gid=AoBFJeGrT1hVaew_6rchkQ&amp;oh=00_AfX7QmFGhQhG2jAllVgXCiM1ZrWgvtp80-Bfppyexh1QEg&amp;oe=689E923C\" \/>\n\t\t<script type=\"application\/ld+json\" class=\"aioseo-schema\">\n\t\t\t{\"@context\":\"https:\\\/\\\/schema.org\",\"@graph\":[{\"@type\":\"BlogPosting\",\"@id\":\"https:\\\/\\\/anoticiaonline.com.br\\\/site\\\/incendio-assusta-moradores-do-centro-e-do-sao-francisco\\\/#blogposting\",\"name\":\"Inc\\u00eandio assusta moradores do Centro e do S\\u00e3o Francisco - A Not\\u00edcia Online\",\"headline\":\"Inc\\u00eandio assusta moradores do Centro e do S\\u00e3o Francisco\",\"author\":{\"@id\":\"https:\\\/\\\/anoticiaonline.com.br\\\/site\\\/author\\\/juliana\\\/#author\"},\"publisher\":{\"@id\":\"https:\\\/\\\/anoticiaonline.com.br\\\/site\\\/#organization\"},\"image\":{\"@type\":\"ImageObject\",\"url\":\"https:\\\/\\\/anoticiaonline.com.br\\\/site\\\/wp-content\\\/uploads\\\/2017\\\/09\\\/Inc\\u00eandio-assusta-moradores-do-Centro-e-do-S\\u00e3o-Francisco.jpg\",\"width\":640,\"height\":502,\"caption\":\"Foto: www.silvanalves.com.br\"},\"datePublished\":\"2017-09-14T20:19:11-03:00\",\"dateModified\":\"2017-09-14T21:23:38-03:00\",\"inLanguage\":\"pt-BR\",\"mainEntityOfPage\":{\"@id\":\"https:\\\/\\\/anoticiaonline.com.br\\\/site\\\/incendio-assusta-moradores-do-centro-e-do-sao-francisco\\\/#webpage\"},\"isPartOf\":{\"@id\":\"https:\\\/\\\/anoticiaonline.com.br\\\/site\\\/incendio-assusta-moradores-do-centro-e-do-sao-francisco\\\/#webpage\"},\"articleSection\":\"Blog, cidade, corpo de bombeiros. centro, fogo, inc\\u00eandio, Muria\\u00e9, queimada, slide\"},{\"@type\":\"BreadcrumbList\",\"@id\":\"https:\\\/\\\/anoticiaonline.com.br\\\/site\\\/incendio-assusta-moradores-do-centro-e-do-sao-francisco\\\/#breadcrumblist\",\"itemListElement\":[{\"@type\":\"ListItem\",\"@id\":\"https:\\\/\\\/anoticiaonline.com.br\\\/site#listItem\",\"position\":1,\"name\":\"Home\",\"item\":\"https:\\\/\\\/anoticiaonline.com.br\\\/site\",\"nextItem\":{\"@type\":\"ListItem\",\"@id\":\"https:\\\/\\\/anoticiaonline.com.br\\\/site\\\/categoria\\\/muriae\\\/#listItem\",\"name\":\"Blog\"}},{\"@type\":\"ListItem\",\"@id\":\"https:\\\/\\\/anoticiaonline.com.br\\\/site\\\/categoria\\\/muriae\\\/#listItem\",\"position\":2,\"name\":\"Blog\",\"item\":\"https:\\\/\\\/anoticiaonline.com.br\\\/site\\\/categoria\\\/muriae\\\/\",\"nextItem\":{\"@type\":\"ListItem\",\"@id\":\"https:\\\/\\\/anoticiaonline.com.br\\\/site\\\/incendio-assusta-moradores-do-centro-e-do-sao-francisco\\\/#listItem\",\"name\":\"Inc\\u00eandio assusta moradores do Centro e do S\\u00e3o Francisco\"},\"previousItem\":{\"@type\":\"ListItem\",\"@id\":\"https:\\\/\\\/anoticiaonline.com.br\\\/site#listItem\",\"name\":\"Home\"}},{\"@type\":\"ListItem\",\"@id\":\"https:\\\/\\\/anoticiaonline.com.br\\\/site\\\/incendio-assusta-moradores-do-centro-e-do-sao-francisco\\\/#listItem\",\"position\":3,\"name\":\"Inc\\u00eandio assusta moradores do Centro e do S\\u00e3o Francisco\",\"previousItem\":{\"@type\":\"ListItem\",\"@id\":\"https:\\\/\\\/anoticiaonline.com.br\\\/site\\\/categoria\\\/muriae\\\/#listItem\",\"name\":\"Blog\"}}]},{\"@type\":\"Organization\",\"@id\":\"https:\\\/\\\/anoticiaonline.com.br\\\/site\\\/#organization\",\"name\":\"A Not\\u00edcia Online\",\"description\":\"Noticias de Muria\\u00e9 e regi\\u00e3o\",\"url\":\"https:\\\/\\\/anoticiaonline.com.br\\\/site\\\/\",\"logo\":{\"@type\":\"ImageObject\",\"url\":\"https:\\\/\\\/scontent-gig4-1.xx.fbcdn.net\\\/v\\\/t39.30808-1\\\/270437624_4564083193639691_6907940295614233970_n.jpg?stp=dst-jpg_s200x200_tt6&_nc_cat=111&ccb=1-7&_nc_sid=f907e8&_nc_ohc=SM1wRlP3lJwQ7kNvwEPuBYA&_nc_oc=AdnqrjDN_BNjSSHWO-GbkIWH6fkGMLw4bqvL_NH6e2wMveX7G-rP2dAqsDSq1mJMOaY&_nc_zt=24&_nc_ht=scontent-gig4-1.xx&_nc_gid=AoBFJeGrT1hVaew_6rchkQ&oh=00_AfX7QmFGhQhG2jAllVgXCiM1ZrWgvtp80-Bfppyexh1QEg&oe=689E923C\",\"@id\":\"https:\\\/\\\/anoticiaonline.com.br\\\/site\\\/incendio-assusta-moradores-do-centro-e-do-sao-francisco\\\/#organizationLogo\"},\"image\":{\"@id\":\"https:\\\/\\\/anoticiaonline.com.br\\\/site\\\/incendio-assusta-moradores-do-centro-e-do-sao-francisco\\\/#organizationLogo\"}},{\"@type\":\"Person\",\"@id\":\"https:\\\/\\\/anoticiaonline.com.br\\\/site\\\/author\\\/juliana\\\/#author\",\"url\":\"https:\\\/\\\/anoticiaonline.com.br\\\/site\\\/author\\\/juliana\\\/\",\"name\":\"Juliana Laviola\",\"image\":{\"@type\":\"ImageObject\",\"@id\":\"https:\\\/\\\/anoticiaonline.com.br\\\/site\\\/incendio-assusta-moradores-do-centro-e-do-sao-francisco\\\/#authorImage\",\"url\":\"https:\\\/\\\/secure.gravatar.com\\\/avatar\\\/b8d45f5c699b100dfaf0e543582f38f38bf94cb7ae3a5e9abf8d891a34773335?s=96&d=mm&r=g\",\"width\":96,\"height\":96,\"caption\":\"Juliana Laviola\"}},{\"@type\":\"WebPage\",\"@id\":\"https:\\\/\\\/anoticiaonline.com.br\\\/site\\\/incendio-assusta-moradores-do-centro-e-do-sao-francisco\\\/#webpage\",\"url\":\"https:\\\/\\\/anoticiaonline.com.br\\\/site\\\/incendio-assusta-moradores-do-centro-e-do-sao-francisco\\\/\",\"name\":\"Inc\\u00eandio assusta moradores do Centro e do S\\u00e3o Francisco - A Not\\u00edcia Online\",\"description\":\"Um inc\\u00eandio em um terreno, onde est\\u00e1 localizado um pr\\u00e9dio em constru\\u00e7\\u00e3o, assustou moradores do Centro e do Bairro S\\u00e3o Francisco. O Corpo de Bombeiros foi acionado \\u00e0s 19h15 para combater as chamas, que podiam ser vistas de longe. O fogo, que se concentrou nas madeiras da obra, apesar de extenso, foi contido pelos bombeiros\",\"inLanguage\":\"pt-BR\",\"isPartOf\":{\"@id\":\"https:\\\/\\\/anoticiaonline.com.br\\\/site\\\/#website\"},\"breadcrumb\":{\"@id\":\"https:\\\/\\\/anoticiaonline.com.br\\\/site\\\/incendio-assusta-moradores-do-centro-e-do-sao-francisco\\\/#breadcrumblist\"},\"author\":{\"@id\":\"https:\\\/\\\/anoticiaonline.com.br\\\/site\\\/author\\\/juliana\\\/#author\"},\"creator\":{\"@id\":\"https:\\\/\\\/anoticiaonline.com.br\\\/site\\\/author\\\/juliana\\\/#author\"},\"image\":{\"@type\":\"ImageObject\",\"url\":\"https:\\\/\\\/anoticiaonline.com.br\\\/site\\\/wp-content\\\/uploads\\\/2017\\\/09\\\/Inc\\u00eandio-assusta-moradores-do-Centro-e-do-S\\u00e3o-Francisco.jpg\",\"@id\":\"https:\\\/\\\/anoticiaonline.com.br\\\/site\\\/incendio-assusta-moradores-do-centro-e-do-sao-francisco\\\/#mainImage\",\"width\":640,\"height\":502,\"caption\":\"Foto: www.silvanalves.com.br\"},\"primaryImageOfPage\":{\"@id\":\"https:\\\/\\\/anoticiaonline.com.br\\\/site\\\/incendio-assusta-moradores-do-centro-e-do-sao-francisco\\\/#mainImage\"},\"datePublished\":\"2017-09-14T20:19:11-03:00\",\"dateModified\":\"2017-09-14T21:23:38-03:00\"},{\"@type\":\"WebSite\",\"@id\":\"https:\\\/\\\/anoticiaonline.com.br\\\/site\\\/#website\",\"url\":\"https:\\\/\\\/anoticiaonline.com.br\\\/site\\\/\",\"name\":\"A Not\\u00edcia Online\",\"description\":\"Noticias de Muria\\u00e9 e regi\\u00e3o\",\"inLanguage\":\"pt-BR\",\"publisher\":{\"@id\":\"https:\\\/\\\/anoticiaonline.com.br\\\/site\\\/#organization\"}}]}\n\t\t<\/script>\n\t\t<!-- All in One SEO -->\n\n","aioseo_head_json":{"title":"Inc\u00eandio assusta moradores do Centro e do S\u00e3o Francisco - A Not\u00edcia Online","description":"Um inc\u00eandio em um terreno, onde est\u00e1 localizado um pr\u00e9dio em constru\u00e7\u00e3o, assustou moradores do Centro e do Bairro S\u00e3o Francisco. O Corpo de Bombeiros foi acionado \u00e0s 19h15 para combater as chamas, que podiam ser vistas de longe. O fogo, que se concentrou nas madeiras da obra, apesar de extenso, foi contido pelos bombeiros","canonical_url":"https:\/\/anoticiaonline.com.br\/site\/incendio-assusta-moradores-do-centro-e-do-sao-francisco\/","robots":"max-image-preview:large","keywords":"","webmasterTools":{"miscellaneous":""},"schema":{"@context":"https:\/\/schema.org","@graph":[{"@type":"BlogPosting","@id":"https:\/\/anoticiaonline.com.br\/site\/incendio-assusta-moradores-do-centro-e-do-sao-francisco\/#blogposting","name":"Inc\u00eandio assusta moradores do Centro e do S\u00e3o Francisco - A Not\u00edcia Online","headline":"Inc\u00eandio assusta moradores do Centro e do S\u00e3o Francisco","author":{"@id":"https:\/\/anoticiaonline.com.br\/site\/author\/juliana\/#author"},"publisher":{"@id":"https:\/\/anoticiaonline.com.br\/site\/#organization"},"image":{"@type":"ImageObject","url":"https:\/\/anoticiaonline.com.br\/site\/wp-content\/uploads\/2017\/09\/Inc\u00eandio-assusta-moradores-do-Centro-e-do-S\u00e3o-Francisco.jpg","width":640,"height":502,"caption":"Foto: www.silvanalves.com.br"},"datePublished":"2017-09-14T20:19:11-03:00","dateModified":"2017-09-14T21:23:38-03:00","inLanguage":"pt-BR","mainEntityOfPage":{"@id":"https:\/\/anoticiaonline.com.br\/site\/incendio-assusta-moradores-do-centro-e-do-sao-francisco\/#webpage"},"isPartOf":{"@id":"https:\/\/anoticiaonline.com.br\/site\/incendio-assusta-moradores-do-centro-e-do-sao-francisco\/#webpage"},"articleSection":"Blog, cidade, corpo de bombeiros. centro, fogo, inc\u00eandio, Muria\u00e9, queimada, slide"},{"@type":"BreadcrumbList","@id":"https:\/\/anoticiaonline.com.br\/site\/incendio-assusta-moradores-do-centro-e-do-sao-francisco\/#breadcrumblist","itemListElement":[{"@type":"ListItem","@id":"https:\/\/anoticiaonline.com.br\/site#listItem","position":1,"name":"Home","item":"https:\/\/anoticiaonline.com.br\/site","nextItem":{"@type":"ListItem","@id":"https:\/\/anoticiaonline.com.br\/site\/categoria\/muriae\/#listItem","name":"Blog"}},{"@type":"ListItem","@id":"https:\/\/anoticiaonline.com.br\/site\/categoria\/muriae\/#listItem","position":2,"name":"Blog","item":"https:\/\/anoticiaonline.com.br\/site\/categoria\/muriae\/","nextItem":{"@type":"ListItem","@id":"https:\/\/anoticiaonline.com.br\/site\/incendio-assusta-moradores-do-centro-e-do-sao-francisco\/#listItem","name":"Inc\u00eandio assusta moradores do Centro e do S\u00e3o Francisco"},"previousItem":{"@type":"ListItem","@id":"https:\/\/anoticiaonline.com.br\/site#listItem","name":"Home"}},{"@type":"ListItem","@id":"https:\/\/anoticiaonline.com.br\/site\/incendio-assusta-moradores-do-centro-e-do-sao-francisco\/#listItem","position":3,"name":"Inc\u00eandio assusta moradores do Centro e do S\u00e3o Francisco","previousItem":{"@type":"ListItem","@id":"https:\/\/anoticiaonline.com.br\/site\/categoria\/muriae\/#listItem","name":"Blog"}}]},{"@type":"Organization","@id":"https:\/\/anoticiaonline.com.br\/site\/#organization","name":"A Not\u00edcia Online","description":"Noticias de Muria\u00e9 e regi\u00e3o","url":"https:\/\/anoticiaonline.com.br\/site\/","logo":{"@type":"ImageObject","url":"https:\/\/scontent-gig4-1.xx.fbcdn.net\/v\/t39.30808-1\/270437624_4564083193639691_6907940295614233970_n.jpg?stp=dst-jpg_s200x200_tt6&_nc_cat=111&ccb=1-7&_nc_sid=f907e8&_nc_ohc=SM1wRlP3lJwQ7kNvwEPuBYA&_nc_oc=AdnqrjDN_BNjSSHWO-GbkIWH6fkGMLw4bqvL_NH6e2wMveX7G-rP2dAqsDSq1mJMOaY&_nc_zt=24&_nc_ht=scontent-gig4-1.xx&_nc_gid=AoBFJeGrT1hVaew_6rchkQ&oh=00_AfX7QmFGhQhG2jAllVgXCiM1ZrWgvtp80-Bfppyexh1QEg&oe=689E923C","@id":"https:\/\/anoticiaonline.com.br\/site\/incendio-assusta-moradores-do-centro-e-do-sao-francisco\/#organizationLogo"},"image":{"@id":"https:\/\/anoticiaonline.com.br\/site\/incendio-assusta-moradores-do-centro-e-do-sao-francisco\/#organizationLogo"}},{"@type":"Person","@id":"https:\/\/anoticiaonline.com.br\/site\/author\/juliana\/#author","url":"https:\/\/anoticiaonline.com.br\/site\/author\/juliana\/","name":"Juliana Laviola","image":{"@type":"ImageObject","@id":"https:\/\/anoticiaonline.com.br\/site\/incendio-assusta-moradores-do-centro-e-do-sao-francisco\/#authorImage","url":"https:\/\/secure.gravatar.com\/avatar\/b8d45f5c699b100dfaf0e543582f38f38bf94cb7ae3a5e9abf8d891a34773335?s=96&d=mm&r=g","width":96,"height":96,"caption":"Juliana Laviola"}},{"@type":"WebPage","@id":"https:\/\/anoticiaonline.com.br\/site\/incendio-assusta-moradores-do-centro-e-do-sao-francisco\/#webpage","url":"https:\/\/anoticiaonline.com.br\/site\/incendio-assusta-moradores-do-centro-e-do-sao-francisco\/","name":"Inc\u00eandio assusta moradores do Centro e do S\u00e3o Francisco - A Not\u00edcia Online","description":"Um inc\u00eandio em um terreno, onde est\u00e1 localizado um pr\u00e9dio em constru\u00e7\u00e3o, assustou moradores do Centro e do Bairro S\u00e3o Francisco. O Corpo de Bombeiros foi acionado \u00e0s 19h15 para combater as chamas, que podiam ser vistas de longe. O fogo, que se concentrou nas madeiras da obra, apesar de extenso, foi contido pelos bombeiros","inLanguage":"pt-BR","isPartOf":{"@id":"https:\/\/anoticiaonline.com.br\/site\/#website"},"breadcrumb":{"@id":"https:\/\/anoticiaonline.com.br\/site\/incendio-assusta-moradores-do-centro-e-do-sao-francisco\/#breadcrumblist"},"author":{"@id":"https:\/\/anoticiaonline.com.br\/site\/author\/juliana\/#author"},"creator":{"@id":"https:\/\/anoticiaonline.com.br\/site\/author\/juliana\/#author"},"image":{"@type":"ImageObject","url":"https:\/\/anoticiaonline.com.br\/site\/wp-content\/uploads\/2017\/09\/Inc\u00eandio-assusta-moradores-do-Centro-e-do-S\u00e3o-Francisco.jpg","@id":"https:\/\/anoticiaonline.com.br\/site\/incendio-assusta-moradores-do-centro-e-do-sao-francisco\/#mainImage","width":640,"height":502,"caption":"Foto: www.silvanalves.com.br"},"primaryImageOfPage":{"@id":"https:\/\/anoticiaonline.com.br\/site\/incendio-assusta-moradores-do-centro-e-do-sao-francisco\/#mainImage"},"datePublished":"2017-09-14T20:19:11-03:00","dateModified":"2017-09-14T21:23:38-03:00"},{"@type":"WebSite","@id":"https:\/\/anoticiaonline.com.br\/site\/#website","url":"https:\/\/anoticiaonline.com.br\/site\/","name":"A Not\u00edcia Online","description":"Noticias de Muria\u00e9 e regi\u00e3o","inLanguage":"pt-BR","publisher":{"@id":"https:\/\/anoticiaonline.com.br\/site\/#organization"}}]},"og:locale":"pt_BR","og:site_name":"A Not\u00edcia Online - Noticias de Muria\u00e9 e regi\u00e3o","og:type":"article","og:title":"Inc\u00eandio assusta moradores do Centro e do S\u00e3o Francisco - A Not\u00edcia Online","og:description":"Um inc\u00eandio em um terreno, onde est\u00e1 localizado um pr\u00e9dio em constru\u00e7\u00e3o, assustou moradores do Centro e do Bairro S\u00e3o Francisco. O Corpo de Bombeiros foi acionado \u00e0s 19h15 para combater as chamas, que podiam ser vistas de longe. O fogo, que se concentrou nas madeiras da obra, apesar de extenso, foi contido pelos bombeiros","og:url":"https:\/\/anoticiaonline.com.br\/site\/incendio-assusta-moradores-do-centro-e-do-sao-francisco\/","og:image":"https:\/\/scontent-gig4-1.xx.fbcdn.net\/v\/t39.30808-1\/270437624_4564083193639691_6907940295614233970_n.jpg?stp=dst-jpg_s200x200_tt6&#038;_nc_cat=111&#038;ccb=1-7&#038;_nc_sid=f907e8&#038;_nc_ohc=SM1wRlP3lJwQ7kNvwEPuBYA&#038;_nc_oc=AdnqrjDN_BNjSSHWO-GbkIWH6fkGMLw4bqvL_NH6e2wMveX7G-rP2dAqsDSq1mJMOaY&#038;_nc_zt=24&#038;_nc_ht=scontent-gig4-1.xx&#038;_nc_gid=AoBFJeGrT1hVaew_6rchkQ&#038;oh=00_AfX7QmFGhQhG2jAllVgXCiM1ZrWgvtp80-Bfppyexh1QEg&#038;oe=689E923C","og:image:secure_url":"https:\/\/scontent-gig4-1.xx.fbcdn.net\/v\/t39.30808-1\/270437624_4564083193639691_6907940295614233970_n.jpg?stp=dst-jpg_s200x200_tt6&#038;_nc_cat=111&#038;ccb=1-7&#038;_nc_sid=f907e8&#038;_nc_ohc=SM1wRlP3lJwQ7kNvwEPuBYA&#038;_nc_oc=AdnqrjDN_BNjSSHWO-GbkIWH6fkGMLw4bqvL_NH6e2wMveX7G-rP2dAqsDSq1mJMOaY&#038;_nc_zt=24&#038;_nc_ht=scontent-gig4-1.xx&#038;_nc_gid=AoBFJeGrT1hVaew_6rchkQ&#038;oh=00_AfX7QmFGhQhG2jAllVgXCiM1ZrWgvtp80-Bfppyexh1QEg&#038;oe=689E923C","article:published_time":"2017-09-14T23:19:11+00:00","article:modified_time":"2017-09-15T00:23:38+00:00","twitter:card":"summary_large_image","twitter:title":"Inc\u00eandio assusta moradores do Centro e do S\u00e3o Francisco - A Not\u00edcia Online","twitter:description":"Um inc\u00eandio em um terreno, onde est\u00e1 localizado um pr\u00e9dio em constru\u00e7\u00e3o, assustou moradores do Centro e do Bairro S\u00e3o Francisco. O Corpo de Bombeiros foi acionado \u00e0s 19h15 para combater as chamas, que podiam ser vistas de longe. O fogo, que se concentrou nas madeiras da obra, apesar de extenso, foi contido pelos bombeiros","twitter:image":"https:\/\/scontent-gig4-1.xx.fbcdn.net\/v\/t39.30808-1\/270437624_4564083193639691_6907940295614233970_n.jpg?stp=dst-jpg_s200x200_tt6&_nc_cat=111&ccb=1-7&_nc_sid=f907e8&_nc_ohc=SM1wRlP3lJwQ7kNvwEPuBYA&_nc_oc=AdnqrjDN_BNjSSHWO-GbkIWH6fkGMLw4bqvL_NH6e2wMveX7G-rP2dAqsDSq1mJMOaY&_nc_zt=24&_nc_ht=scontent-gig4-1.xx&_nc_gid=AoBFJeGrT1hVaew_6rchkQ&oh=00_AfX7QmFGhQhG2jAllVgXCiM1ZrWgvtp80-Bfppyexh1QEg&oe=689E923C"},"aioseo_meta_data":{"post_id":"40325","title":null,"description":null,"keywords":null,"keyphrases":null,"primary_term":null,"canonical_url":null,"og_title":null,"og_description":null,"og_object_type":"default","og_image_type":"default","og_image_url":null,"og_image_width":null,"og_image_height":null,"og_image_custom_url":null,"og_image_custom_fields":null,"og_video":null,"og_custom_url":null,"og_article_section":null,"og_article_tags":null,"twitter_use_og":false,"twitter_card":"default","twitter_image_type":"default","twitter_image_url":null,"twitter_image_custom_url":null,"twitter_image_custom_fields":null,"twitter_title":null,"twitter_description":null,"schema":{"blockGraphs":[],"customGraphs":[],"default":{"data":{"Article":[],"Course":[],"Dataset":[],"FAQPage":[],"Movie":[],"Person":[],"Product":[],"ProductReview":[],"Car":[],"Recipe":[],"Service":[],"SoftwareApplication":[],"WebPage":[]},"graphName":"","isEnabled":true},"graphs":[]},"schema_type":"default","schema_type_options":null,"pillar_content":false,"robots_default":true,"robots_noindex":false,"robots_noarchive":false,"robots_nosnippet":false,"robots_nofollow":false,"robots_noimageindex":false,"robots_noodp":false,"robots_notranslate":false,"robots_max_snippet":null,"robots_max_videopreview":null,"robots_max_imagepreview":"large","priority":null,"frequency":null,"local_seo":null,"breadcrumb_settings":null,"limit_modified_date":false,"ai":null,"created":"2025-08-16 19:26:24","updated":"2025-08-16 19:26:24","focus_keyword":null,"additional_keywords":null,"truseo_locale":null,"seo_analyzer_scan_date":null},"aioseo_breadcrumb":"<div class=\"aioseo-breadcrumbs\"><span class=\"aioseo-breadcrumb\">\n\t\t\t<a href=\"https:\/\/anoticiaonline.com.br\/site\" title=\"Home\">Home<\/a>\n\t\t<\/span><span class=\"aioseo-breadcrumb-separator\">&raquo;<\/span><span class=\"aioseo-breadcrumb\">\n\t\t\t<a href=\"https:\/\/anoticiaonline.com.br\/site\/categoria\/muriae\/\" title=\"Blog\">Blog<\/a>\n\t\t<\/span><span class=\"aioseo-breadcrumb-separator\">&raquo;<\/span><span class=\"aioseo-breadcrumb\">\n\t\t\tInc\u00eandio assusta moradores do Centro e do S\u00e3o Francisco\n\t\t<\/span><\/div>","aioseo_breadcrumb_json":[{"label":"Home","link":"https:\/\/anoticiaonline.com.br\/site"},{"label":"Blog","link":"https:\/\/anoticiaonline.com.br\/site\/categoria\/muriae\/"},{"label":"Inc\u00eandio assusta moradores do Centro e do S\u00e3o Francisco","link":"https:\/\/anoticiaonline.com.br\/site\/incendio-assusta-moradores-do-centro-e-do-sao-francisco\/"}],"views":97,"_links":{"self":[{"href":"https:\/\/anoticiaonline.com.br\/site\/wp-json\/wp\/v2\/posts\/40325","targetHints":{"allow":["GET"]}}],"collection":[{"href":"https:\/\/anoticiaonline.com.br\/site\/wp-json\/wp\/v2\/posts"}],"about":[{"href":"https:\/\/anoticiaonline.com.br\/site\/wp-json\/wp\/v2\/types\/post"}],"author":[{"embeddable":true,"href":"https:\/\/anoticiaonline.com.br\/site\/wp-json\/wp\/v2\/users\/2"}],"replies":[{"embeddable":true,"href":"https:\/\/anoticiaonline.com.br\/site\/wp-json\/wp\/v2\/comments?post=40325"}],"version-history":[{"count":0,"href":"https:\/\/anoticiaonline.com.br\/site\/wp-json\/wp\/v2\/posts\/40325\/revisions"}],"wp:featuredmedia":[{"embeddable":true,"href":"https:\/\/anoticiaonline.com.br\/site\/wp-json\/wp\/v2\/media\/40327"}],"wp:attachment":[{"href":"https:\/\/anoticiaonline.com.br\/site\/wp-json\/wp\/v2\/media?parent=40325"}],"wp:term":[{"taxonomy":"category","embeddable":true,"href":"https:\/\/anoticiaonline.com.br\/site\/wp-json\/wp\/v2\/categories?post=40325"},{"taxonomy":"post_tag","embeddable":true,"href":"https:\/\/anoticiaonline.com.br\/site\/wp-json\/wp\/v2\/tags?post=40325"}],"curies":[{"name":"wp","href":"https:\/\/api.w.org\/{rel}","templated":true}]}}