{"id":40298,"date":"2017-09-05T19:10:37","date_gmt":"2017-09-05T22:10:37","guid":{"rendered":"http:\/\/anoticiaonline.com.br\/site\/?p=40298"},"modified":"2017-09-05T19:10:37","modified_gmt":"2017-09-05T22:10:37","slug":"conheca-a-voz-de-bruna-morena","status":"publish","type":"post","link":"https:\/\/anoticiaonline.com.br\/site\/conheca-a-voz-de-bruna-morena\/","title":{"rendered":"Conhe\u00e7a a voz de Bruna Morena"},"content":{"rendered":"<p><a href=\"https:\/\/anoticiaonline.com.br\/site\/wp-content\/uploads\/2017\/09\/Conhe\u00e7a-a-voz-de-Bruna-Morena.jpg\"><img fetchpriority=\"high\" decoding=\"async\" class=\"size-medium wp-image-40299 alignleft\" src=\"https:\/\/anoticiaonline.com.br\/site\/wp-content\/uploads\/2017\/09\/Conhe\u00e7a-a-voz-de-Bruna-Morena-203x300.jpg\" alt=\"\" width=\"203\" height=\"300\" srcset=\"https:\/\/anoticiaonline.com.br\/site\/wp-content\/uploads\/2017\/09\/Conhe\u00e7a-a-voz-de-Bruna-Morena-203x300.jpg 203w, https:\/\/anoticiaonline.com.br\/site\/wp-content\/uploads\/2017\/09\/Conhe\u00e7a-a-voz-de-Bruna-Morena.jpg 433w\" sizes=\"(max-width: 203px) 100vw, 203px\" \/><\/a>Com uma voz encantadora, a mineira Bruna Morena, de 22 anos, vem se apresentando ao p\u00fablico desde os 13, apenas com seu viol\u00e3o e sua voz. Em 2013, foi convocada para a primeira temporada do The Voice Brasil, onde participou apenas da primeira fase do reality show.\u00a0 Em 2014, foi escolhida para a produ\u00e7\u00e3o de um clip realizado pela Escola Audio Visual Carlos Scalla de Muria\u00e9, onde teve a oportunidade de lan\u00e7ar sua primeira m\u00fasica chamada &#8220;Arco-\u00edris&#8221;. No mesmo ano, foi a vencedora do Show de Talentos do Programa S\u00e9rgio Almeida, onde concorreu com mais nove participantes que foram julgados por grandes nomes da m\u00fasica de sua cidade.<\/p>\n<p>Talentosa e dedicada, logo teve sua segunda m\u00fasica, intitulada \u201cVasto cora\u00e7\u00e3o\u201d, gravada atrav\u00e9s do festival Sterephields, onde tamb\u00e9m regravou sua primeira m\u00fasica em dois clips ao vivo. Em 2015, foi aprovada em canto na Bituca, Universidade de M\u00fasica Popular de Barbacena, atrav\u00e9s de uma audi\u00e7\u00e3o feita por mestres renomados de Belo Horizonte e regi\u00e3o. Deu in\u00edcio ent\u00e3o, aos estudos de canto, teoria, minipr\u00e1tica, harmonia e teve aulas exclusivas com o grupo de teatro Ponto de Partida. No mesmo ano, foi selecionada a n\u00edvel nacional pela One Produtora, de S\u00e3o Paulo, atr\u00e1ves da promo\u00e7\u00e3o #Mostreseusom, e teve sua mais nova can\u00e7\u00e3o intitulada &#8220;Aonde voc\u00ea mora&#8221;, gravada e produzida pelo est\u00fadio.<\/p>\n<p>Em novembro deste ano, a convite da Academia de Letras de Muria\u00e9, ser\u00e1 a atra\u00e7\u00e3o da 2\u00aa Mostra de M\u00fasica Contempor\u00e2nea.\u00a0 Com uma apresenta\u00e7\u00e3o em homenagem aos dois anos de estudos na \u201cBituca\u201d, na qual trar\u00e1 um repert\u00f3rio contemplado com m\u00fasicas de Milton Nascimento, e contar\u00e1 com dire\u00e7\u00e3o e apresenta\u00e7\u00e3o de integrantes do Grupo Ponto de Partida de Barbacena.<\/p>\n<p>Atualmente, trabalha somente com m\u00fasica fazendo eventos particulares: festas, cerim\u00f4nias de casamento, recep\u00e7\u00f5es, e tamb\u00e9m se diverte nos bares e pub\u2019s por onde passa. Formada na universidade de m\u00fasica popular mais conceituada do pa\u00eds, a Morena conta com sua mais nova banda de Maca\u00e9 que abrilhantou a 7\u00aa Edi\u00e7\u00e3o do Festival Gastron\u00f4mico de Pirapanema. Cheia de energia e pronta pra decolar, a cantora vem trabalhando em seu primeiro CD autoral que ser\u00e1 lan\u00e7ado em dezembro deste ano, e promete um som original com uma \u201cpegada\u201d que mistura pop e blues.<\/p>\n<p>Para conhecer melhor o trabalho de Bruna Morena, acesse o site: <a href=\"http:\/\/www.brunamorena.com.br\">www.brunamorena.com.br<\/a>.<\/p>\n","protected":false},"excerpt":{"rendered":"<p>Com uma voz encantadora, a mineira Bruna Morena, de 22 anos, vem se apresentando ao p\u00fablico desde os 13, apenas com seu viol\u00e3o e sua voz. Em 2013, foi convocada para a primeira temporada do The Voice Brasil, onde participou apenas da primeira fase do reality show.\u00a0 Em 2014, foi escolhida para a produ\u00e7\u00e3o de &#8230; <a title=\"Conhe\u00e7a a voz de Bruna Morena\" class=\"read-more\" href=\"https:\/\/anoticiaonline.com.br\/site\/conheca-a-voz-de-bruna-morena\/\" aria-label=\"Read more about Conhe\u00e7a a voz de Bruna Morena\">Ler mais<\/a><\/p>\n","protected":false},"author":2,"featured_media":40299,"comment_status":"open","ping_status":"open","sticky":false,"template":"","format":"standard","meta":{"_acf_changed":false,"_monsterinsights_skip_tracking":false,"footnotes":""},"categories":[30,19],"tags":[1059,64,1060,74,854],"class_list":["post-40298","post","type-post","status-publish","format-standard","has-post-thumbnail","hentry","category-muriae","category-cultura","tag-bruna-morena","tag-cultura","tag-mpb","tag-muriae","tag-musica"],"acf":[],"aioseo_notices":[],"aioseo_head":"\n\t\t<!-- All in One SEO 5.0.0.1 - aioseo.com -->\n\t<meta name=\"description\" content=\"Com uma voz encantadora, a mineira Bruna Morena, de 22 anos, vem se apresentando ao p\u00fablico desde os 13, apenas com seu viol\u00e3o e sua voz. Em 2013, foi convocada para a primeira temporada do The Voice Brasil, onde participou apenas da primeira fase do reality show. Em 2014, foi escolhida para a produ\u00e7\u00e3o de\" \/>\n\t<meta name=\"robots\" content=\"max-image-preview:large\" \/>\n\t<meta name=\"author\" content=\"Juliana Laviola\"\/>\n\t<link rel=\"canonical\" href=\"https:\/\/anoticiaonline.com.br\/site\/conheca-a-voz-de-bruna-morena\/\" \/>\n\t<meta name=\"generator\" content=\"All in One SEO (AIOSEO) 5.0.0.1\" \/>\n\t\t<meta property=\"og:locale\" content=\"pt_BR\" \/>\n\t\t<meta property=\"og:site_name\" content=\"A Not\u00edcia Online - Noticias de Muria\u00e9 e regi\u00e3o\" \/>\n\t\t<meta property=\"og:type\" content=\"article\" \/>\n\t\t<meta property=\"og:title\" content=\"Conhe\u00e7a a voz de Bruna Morena - A Not\u00edcia Online\" \/>\n\t\t<meta property=\"og:description\" content=\"Com uma voz encantadora, a mineira Bruna Morena, de 22 anos, vem se apresentando ao p\u00fablico desde os 13, apenas com seu viol\u00e3o e sua voz. Em 2013, foi convocada para a primeira temporada do The Voice Brasil, onde participou apenas da primeira fase do reality show. Em 2014, foi escolhida para a produ\u00e7\u00e3o de\" \/>\n\t\t<meta property=\"og:url\" content=\"https:\/\/anoticiaonline.com.br\/site\/conheca-a-voz-de-bruna-morena\/\" \/>\n\t\t<meta property=\"og:image\" content=\"https:\/\/scontent-gig4-1.xx.fbcdn.net\/v\/t39.30808-1\/270437624_4564083193639691_6907940295614233970_n.jpg?stp=dst-jpg_s200x200_tt6&#038;_nc_cat=111&#038;ccb=1-7&#038;_nc_sid=f907e8&#038;_nc_ohc=SM1wRlP3lJwQ7kNvwEPuBYA&#038;_nc_oc=AdnqrjDN_BNjSSHWO-GbkIWH6fkGMLw4bqvL_NH6e2wMveX7G-rP2dAqsDSq1mJMOaY&#038;_nc_zt=24&#038;_nc_ht=scontent-gig4-1.xx&#038;_nc_gid=AoBFJeGrT1hVaew_6rchkQ&#038;oh=00_AfX7QmFGhQhG2jAllVgXCiM1ZrWgvtp80-Bfppyexh1QEg&#038;oe=689E923C\" \/>\n\t\t<meta property=\"og:image:secure_url\" content=\"https:\/\/scontent-gig4-1.xx.fbcdn.net\/v\/t39.30808-1\/270437624_4564083193639691_6907940295614233970_n.jpg?stp=dst-jpg_s200x200_tt6&#038;_nc_cat=111&#038;ccb=1-7&#038;_nc_sid=f907e8&#038;_nc_ohc=SM1wRlP3lJwQ7kNvwEPuBYA&#038;_nc_oc=AdnqrjDN_BNjSSHWO-GbkIWH6fkGMLw4bqvL_NH6e2wMveX7G-rP2dAqsDSq1mJMOaY&#038;_nc_zt=24&#038;_nc_ht=scontent-gig4-1.xx&#038;_nc_gid=AoBFJeGrT1hVaew_6rchkQ&#038;oh=00_AfX7QmFGhQhG2jAllVgXCiM1ZrWgvtp80-Bfppyexh1QEg&#038;oe=689E923C\" \/>\n\t\t<meta property=\"article:published_time\" content=\"2017-09-05T22:10:37+00:00\" \/>\n\t\t<meta property=\"article:modified_time\" content=\"2017-09-05T22:10:37+00:00\" \/>\n\t\t<meta name=\"twitter:card\" content=\"summary_large_image\" \/>\n\t\t<meta name=\"twitter:title\" content=\"Conhe\u00e7a a voz de Bruna Morena - A Not\u00edcia Online\" \/>\n\t\t<meta name=\"twitter:description\" content=\"Com uma voz encantadora, a mineira Bruna Morena, de 22 anos, vem se apresentando ao p\u00fablico desde os 13, apenas com seu viol\u00e3o e sua voz. Em 2013, foi convocada para a primeira temporada do The Voice Brasil, onde participou apenas da primeira fase do reality show. Em 2014, foi escolhida para a produ\u00e7\u00e3o de\" \/>\n\t\t<meta name=\"twitter:image\" content=\"https:\/\/scontent-gig4-1.xx.fbcdn.net\/v\/t39.30808-1\/270437624_4564083193639691_6907940295614233970_n.jpg?stp=dst-jpg_s200x200_tt6&amp;_nc_cat=111&amp;ccb=1-7&amp;_nc_sid=f907e8&amp;_nc_ohc=SM1wRlP3lJwQ7kNvwEPuBYA&amp;_nc_oc=AdnqrjDN_BNjSSHWO-GbkIWH6fkGMLw4bqvL_NH6e2wMveX7G-rP2dAqsDSq1mJMOaY&amp;_nc_zt=24&amp;_nc_ht=scontent-gig4-1.xx&amp;_nc_gid=AoBFJeGrT1hVaew_6rchkQ&amp;oh=00_AfX7QmFGhQhG2jAllVgXCiM1ZrWgvtp80-Bfppyexh1QEg&amp;oe=689E923C\" \/>\n\t\t<script type=\"application\/ld+json\" class=\"aioseo-schema\">\n\t\t\t{\"@context\":\"https:\\\/\\\/schema.org\",\"@graph\":[{\"@type\":\"BlogPosting\",\"@id\":\"https:\\\/\\\/anoticiaonline.com.br\\\/site\\\/conheca-a-voz-de-bruna-morena\\\/#blogposting\",\"name\":\"Conhe\\u00e7a a voz de Bruna Morena - A Not\\u00edcia Online\",\"headline\":\"Conhe\\u00e7a a voz de Bruna Morena\",\"author\":{\"@id\":\"https:\\\/\\\/anoticiaonline.com.br\\\/site\\\/author\\\/juliana\\\/#author\"},\"publisher\":{\"@id\":\"https:\\\/\\\/anoticiaonline.com.br\\\/site\\\/#organization\"},\"image\":{\"@type\":\"ImageObject\",\"url\":\"https:\\\/\\\/anoticiaonline.com.br\\\/site\\\/wp-content\\\/uploads\\\/2017\\\/09\\\/Conhe\\u00e7a-a-voz-de-Bruna-Morena.jpg\",\"width\":433,\"height\":640},\"datePublished\":\"2017-09-05T19:10:37-03:00\",\"dateModified\":\"2017-09-05T19:10:37-03:00\",\"inLanguage\":\"pt-BR\",\"commentCount\":2,\"mainEntityOfPage\":{\"@id\":\"https:\\\/\\\/anoticiaonline.com.br\\\/site\\\/conheca-a-voz-de-bruna-morena\\\/#webpage\"},\"isPartOf\":{\"@id\":\"https:\\\/\\\/anoticiaonline.com.br\\\/site\\\/conheca-a-voz-de-bruna-morena\\\/#webpage\"},\"articleSection\":\"Blog, Cultura, bruna morena, cultura, mpb, Muria\\u00e9, m\\u00fasica\"},{\"@type\":\"BreadcrumbList\",\"@id\":\"https:\\\/\\\/anoticiaonline.com.br\\\/site\\\/conheca-a-voz-de-bruna-morena\\\/#breadcrumblist\",\"itemListElement\":[{\"@type\":\"ListItem\",\"@id\":\"https:\\\/\\\/anoticiaonline.com.br\\\/site#listItem\",\"position\":1,\"name\":\"Home\",\"item\":\"https:\\\/\\\/anoticiaonline.com.br\\\/site\",\"nextItem\":{\"@type\":\"ListItem\",\"@id\":\"https:\\\/\\\/anoticiaonline.com.br\\\/site\\\/categoria\\\/muriae\\\/#listItem\",\"name\":\"Blog\"}},{\"@type\":\"ListItem\",\"@id\":\"https:\\\/\\\/anoticiaonline.com.br\\\/site\\\/categoria\\\/muriae\\\/#listItem\",\"position\":2,\"name\":\"Blog\",\"item\":\"https:\\\/\\\/anoticiaonline.com.br\\\/site\\\/categoria\\\/muriae\\\/\",\"nextItem\":{\"@type\":\"ListItem\",\"@id\":\"https:\\\/\\\/anoticiaonline.com.br\\\/site\\\/categoria\\\/muriae\\\/cultura\\\/#listItem\",\"name\":\"Cultura\"},\"previousItem\":{\"@type\":\"ListItem\",\"@id\":\"https:\\\/\\\/anoticiaonline.com.br\\\/site#listItem\",\"name\":\"Home\"}},{\"@type\":\"ListItem\",\"@id\":\"https:\\\/\\\/anoticiaonline.com.br\\\/site\\\/categoria\\\/muriae\\\/cultura\\\/#listItem\",\"position\":3,\"name\":\"Cultura\",\"item\":\"https:\\\/\\\/anoticiaonline.com.br\\\/site\\\/categoria\\\/muriae\\\/cultura\\\/\",\"nextItem\":{\"@type\":\"ListItem\",\"@id\":\"https:\\\/\\\/anoticiaonline.com.br\\\/site\\\/conheca-a-voz-de-bruna-morena\\\/#listItem\",\"name\":\"Conhe\\u00e7a a voz de Bruna Morena\"},\"previousItem\":{\"@type\":\"ListItem\",\"@id\":\"https:\\\/\\\/anoticiaonline.com.br\\\/site\\\/categoria\\\/muriae\\\/#listItem\",\"name\":\"Blog\"}},{\"@type\":\"ListItem\",\"@id\":\"https:\\\/\\\/anoticiaonline.com.br\\\/site\\\/conheca-a-voz-de-bruna-morena\\\/#listItem\",\"position\":4,\"name\":\"Conhe\\u00e7a a voz de Bruna Morena\",\"previousItem\":{\"@type\":\"ListItem\",\"@id\":\"https:\\\/\\\/anoticiaonline.com.br\\\/site\\\/categoria\\\/muriae\\\/cultura\\\/#listItem\",\"name\":\"Cultura\"}}]},{\"@type\":\"Organization\",\"@id\":\"https:\\\/\\\/anoticiaonline.com.br\\\/site\\\/#organization\",\"name\":\"A Not\\u00edcia Online\",\"description\":\"Noticias de Muria\\u00e9 e regi\\u00e3o\",\"url\":\"https:\\\/\\\/anoticiaonline.com.br\\\/site\\\/\",\"logo\":{\"@type\":\"ImageObject\",\"url\":\"https:\\\/\\\/scontent-gig4-1.xx.fbcdn.net\\\/v\\\/t39.30808-1\\\/270437624_4564083193639691_6907940295614233970_n.jpg?stp=dst-jpg_s200x200_tt6&_nc_cat=111&ccb=1-7&_nc_sid=f907e8&_nc_ohc=SM1wRlP3lJwQ7kNvwEPuBYA&_nc_oc=AdnqrjDN_BNjSSHWO-GbkIWH6fkGMLw4bqvL_NH6e2wMveX7G-rP2dAqsDSq1mJMOaY&_nc_zt=24&_nc_ht=scontent-gig4-1.xx&_nc_gid=AoBFJeGrT1hVaew_6rchkQ&oh=00_AfX7QmFGhQhG2jAllVgXCiM1ZrWgvtp80-Bfppyexh1QEg&oe=689E923C\",\"@id\":\"https:\\\/\\\/anoticiaonline.com.br\\\/site\\\/conheca-a-voz-de-bruna-morena\\\/#organizationLogo\"},\"image\":{\"@id\":\"https:\\\/\\\/anoticiaonline.com.br\\\/site\\\/conheca-a-voz-de-bruna-morena\\\/#organizationLogo\"}},{\"@type\":\"Person\",\"@id\":\"https:\\\/\\\/anoticiaonline.com.br\\\/site\\\/author\\\/juliana\\\/#author\",\"url\":\"https:\\\/\\\/anoticiaonline.com.br\\\/site\\\/author\\\/juliana\\\/\",\"name\":\"Juliana Laviola\",\"image\":{\"@type\":\"ImageObject\",\"@id\":\"https:\\\/\\\/anoticiaonline.com.br\\\/site\\\/conheca-a-voz-de-bruna-morena\\\/#authorImage\",\"url\":\"https:\\\/\\\/secure.gravatar.com\\\/avatar\\\/b8d45f5c699b100dfaf0e543582f38f38bf94cb7ae3a5e9abf8d891a34773335?s=96&d=mm&r=g\",\"width\":96,\"height\":96,\"caption\":\"Juliana Laviola\"}},{\"@type\":\"WebPage\",\"@id\":\"https:\\\/\\\/anoticiaonline.com.br\\\/site\\\/conheca-a-voz-de-bruna-morena\\\/#webpage\",\"url\":\"https:\\\/\\\/anoticiaonline.com.br\\\/site\\\/conheca-a-voz-de-bruna-morena\\\/\",\"name\":\"Conhe\\u00e7a a voz de Bruna Morena - A Not\\u00edcia Online\",\"description\":\"Com uma voz encantadora, a mineira Bruna Morena, de 22 anos, vem se apresentando ao p\\u00fablico desde os 13, apenas com seu viol\\u00e3o e sua voz. Em 2013, foi convocada para a primeira temporada do The Voice Brasil, onde participou apenas da primeira fase do reality show. Em 2014, foi escolhida para a produ\\u00e7\\u00e3o de\",\"inLanguage\":\"pt-BR\",\"isPartOf\":{\"@id\":\"https:\\\/\\\/anoticiaonline.com.br\\\/site\\\/#website\"},\"breadcrumb\":{\"@id\":\"https:\\\/\\\/anoticiaonline.com.br\\\/site\\\/conheca-a-voz-de-bruna-morena\\\/#breadcrumblist\"},\"author\":{\"@id\":\"https:\\\/\\\/anoticiaonline.com.br\\\/site\\\/author\\\/juliana\\\/#author\"},\"creator\":{\"@id\":\"https:\\\/\\\/anoticiaonline.com.br\\\/site\\\/author\\\/juliana\\\/#author\"},\"image\":{\"@type\":\"ImageObject\",\"url\":\"https:\\\/\\\/anoticiaonline.com.br\\\/site\\\/wp-content\\\/uploads\\\/2017\\\/09\\\/Conhe\\u00e7a-a-voz-de-Bruna-Morena.jpg\",\"@id\":\"https:\\\/\\\/anoticiaonline.com.br\\\/site\\\/conheca-a-voz-de-bruna-morena\\\/#mainImage\",\"width\":433,\"height\":640},\"primaryImageOfPage\":{\"@id\":\"https:\\\/\\\/anoticiaonline.com.br\\\/site\\\/conheca-a-voz-de-bruna-morena\\\/#mainImage\"},\"datePublished\":\"2017-09-05T19:10:37-03:00\",\"dateModified\":\"2017-09-05T19:10:37-03:00\"},{\"@type\":\"WebSite\",\"@id\":\"https:\\\/\\\/anoticiaonline.com.br\\\/site\\\/#website\",\"url\":\"https:\\\/\\\/anoticiaonline.com.br\\\/site\\\/\",\"name\":\"A Not\\u00edcia Online\",\"description\":\"Noticias de Muria\\u00e9 e regi\\u00e3o\",\"inLanguage\":\"pt-BR\",\"publisher\":{\"@id\":\"https:\\\/\\\/anoticiaonline.com.br\\\/site\\\/#organization\"}}]}\n\t\t<\/script>\n\t\t<!-- All in One SEO -->\n\n","aioseo_head_json":{"title":"Conhe\u00e7a a voz de Bruna Morena - A Not\u00edcia Online","description":"Com uma voz encantadora, a mineira Bruna Morena, de 22 anos, vem se apresentando ao p\u00fablico desde os 13, apenas com seu viol\u00e3o e sua voz. Em 2013, foi convocada para a primeira temporada do The Voice Brasil, onde participou apenas da primeira fase do reality show. Em 2014, foi escolhida para a produ\u00e7\u00e3o de","canonical_url":"https:\/\/anoticiaonline.com.br\/site\/conheca-a-voz-de-bruna-morena\/","robots":"max-image-preview:large","keywords":"","webmasterTools":{"miscellaneous":""},"schema":{"@context":"https:\/\/schema.org","@graph":[{"@type":"BlogPosting","@id":"https:\/\/anoticiaonline.com.br\/site\/conheca-a-voz-de-bruna-morena\/#blogposting","name":"Conhe\u00e7a a voz de Bruna Morena - A Not\u00edcia Online","headline":"Conhe\u00e7a a voz de Bruna Morena","author":{"@id":"https:\/\/anoticiaonline.com.br\/site\/author\/juliana\/#author"},"publisher":{"@id":"https:\/\/anoticiaonline.com.br\/site\/#organization"},"image":{"@type":"ImageObject","url":"https:\/\/anoticiaonline.com.br\/site\/wp-content\/uploads\/2017\/09\/Conhe\u00e7a-a-voz-de-Bruna-Morena.jpg","width":433,"height":640},"datePublished":"2017-09-05T19:10:37-03:00","dateModified":"2017-09-05T19:10:37-03:00","inLanguage":"pt-BR","commentCount":2,"mainEntityOfPage":{"@id":"https:\/\/anoticiaonline.com.br\/site\/conheca-a-voz-de-bruna-morena\/#webpage"},"isPartOf":{"@id":"https:\/\/anoticiaonline.com.br\/site\/conheca-a-voz-de-bruna-morena\/#webpage"},"articleSection":"Blog, Cultura, bruna morena, cultura, mpb, Muria\u00e9, m\u00fasica"},{"@type":"BreadcrumbList","@id":"https:\/\/anoticiaonline.com.br\/site\/conheca-a-voz-de-bruna-morena\/#breadcrumblist","itemListElement":[{"@type":"ListItem","@id":"https:\/\/anoticiaonline.com.br\/site#listItem","position":1,"name":"Home","item":"https:\/\/anoticiaonline.com.br\/site","nextItem":{"@type":"ListItem","@id":"https:\/\/anoticiaonline.com.br\/site\/categoria\/muriae\/#listItem","name":"Blog"}},{"@type":"ListItem","@id":"https:\/\/anoticiaonline.com.br\/site\/categoria\/muriae\/#listItem","position":2,"name":"Blog","item":"https:\/\/anoticiaonline.com.br\/site\/categoria\/muriae\/","nextItem":{"@type":"ListItem","@id":"https:\/\/anoticiaonline.com.br\/site\/categoria\/muriae\/cultura\/#listItem","name":"Cultura"},"previousItem":{"@type":"ListItem","@id":"https:\/\/anoticiaonline.com.br\/site#listItem","name":"Home"}},{"@type":"ListItem","@id":"https:\/\/anoticiaonline.com.br\/site\/categoria\/muriae\/cultura\/#listItem","position":3,"name":"Cultura","item":"https:\/\/anoticiaonline.com.br\/site\/categoria\/muriae\/cultura\/","nextItem":{"@type":"ListItem","@id":"https:\/\/anoticiaonline.com.br\/site\/conheca-a-voz-de-bruna-morena\/#listItem","name":"Conhe\u00e7a a voz de Bruna Morena"},"previousItem":{"@type":"ListItem","@id":"https:\/\/anoticiaonline.com.br\/site\/categoria\/muriae\/#listItem","name":"Blog"}},{"@type":"ListItem","@id":"https:\/\/anoticiaonline.com.br\/site\/conheca-a-voz-de-bruna-morena\/#listItem","position":4,"name":"Conhe\u00e7a a voz de Bruna Morena","previousItem":{"@type":"ListItem","@id":"https:\/\/anoticiaonline.com.br\/site\/categoria\/muriae\/cultura\/#listItem","name":"Cultura"}}]},{"@type":"Organization","@id":"https:\/\/anoticiaonline.com.br\/site\/#organization","name":"A Not\u00edcia Online","description":"Noticias de Muria\u00e9 e regi\u00e3o","url":"https:\/\/anoticiaonline.com.br\/site\/","logo":{"@type":"ImageObject","url":"https:\/\/scontent-gig4-1.xx.fbcdn.net\/v\/t39.30808-1\/270437624_4564083193639691_6907940295614233970_n.jpg?stp=dst-jpg_s200x200_tt6&_nc_cat=111&ccb=1-7&_nc_sid=f907e8&_nc_ohc=SM1wRlP3lJwQ7kNvwEPuBYA&_nc_oc=AdnqrjDN_BNjSSHWO-GbkIWH6fkGMLw4bqvL_NH6e2wMveX7G-rP2dAqsDSq1mJMOaY&_nc_zt=24&_nc_ht=scontent-gig4-1.xx&_nc_gid=AoBFJeGrT1hVaew_6rchkQ&oh=00_AfX7QmFGhQhG2jAllVgXCiM1ZrWgvtp80-Bfppyexh1QEg&oe=689E923C","@id":"https:\/\/anoticiaonline.com.br\/site\/conheca-a-voz-de-bruna-morena\/#organizationLogo"},"image":{"@id":"https:\/\/anoticiaonline.com.br\/site\/conheca-a-voz-de-bruna-morena\/#organizationLogo"}},{"@type":"Person","@id":"https:\/\/anoticiaonline.com.br\/site\/author\/juliana\/#author","url":"https:\/\/anoticiaonline.com.br\/site\/author\/juliana\/","name":"Juliana Laviola","image":{"@type":"ImageObject","@id":"https:\/\/anoticiaonline.com.br\/site\/conheca-a-voz-de-bruna-morena\/#authorImage","url":"https:\/\/secure.gravatar.com\/avatar\/b8d45f5c699b100dfaf0e543582f38f38bf94cb7ae3a5e9abf8d891a34773335?s=96&d=mm&r=g","width":96,"height":96,"caption":"Juliana Laviola"}},{"@type":"WebPage","@id":"https:\/\/anoticiaonline.com.br\/site\/conheca-a-voz-de-bruna-morena\/#webpage","url":"https:\/\/anoticiaonline.com.br\/site\/conheca-a-voz-de-bruna-morena\/","name":"Conhe\u00e7a a voz de Bruna Morena - A Not\u00edcia Online","description":"Com uma voz encantadora, a mineira Bruna Morena, de 22 anos, vem se apresentando ao p\u00fablico desde os 13, apenas com seu viol\u00e3o e sua voz. Em 2013, foi convocada para a primeira temporada do The Voice Brasil, onde participou apenas da primeira fase do reality show. Em 2014, foi escolhida para a produ\u00e7\u00e3o de","inLanguage":"pt-BR","isPartOf":{"@id":"https:\/\/anoticiaonline.com.br\/site\/#website"},"breadcrumb":{"@id":"https:\/\/anoticiaonline.com.br\/site\/conheca-a-voz-de-bruna-morena\/#breadcrumblist"},"author":{"@id":"https:\/\/anoticiaonline.com.br\/site\/author\/juliana\/#author"},"creator":{"@id":"https:\/\/anoticiaonline.com.br\/site\/author\/juliana\/#author"},"image":{"@type":"ImageObject","url":"https:\/\/anoticiaonline.com.br\/site\/wp-content\/uploads\/2017\/09\/Conhe\u00e7a-a-voz-de-Bruna-Morena.jpg","@id":"https:\/\/anoticiaonline.com.br\/site\/conheca-a-voz-de-bruna-morena\/#mainImage","width":433,"height":640},"primaryImageOfPage":{"@id":"https:\/\/anoticiaonline.com.br\/site\/conheca-a-voz-de-bruna-morena\/#mainImage"},"datePublished":"2017-09-05T19:10:37-03:00","dateModified":"2017-09-05T19:10:37-03:00"},{"@type":"WebSite","@id":"https:\/\/anoticiaonline.com.br\/site\/#website","url":"https:\/\/anoticiaonline.com.br\/site\/","name":"A Not\u00edcia Online","description":"Noticias de Muria\u00e9 e regi\u00e3o","inLanguage":"pt-BR","publisher":{"@id":"https:\/\/anoticiaonline.com.br\/site\/#organization"}}]},"og:locale":"pt_BR","og:site_name":"A Not\u00edcia Online - Noticias de Muria\u00e9 e regi\u00e3o","og:type":"article","og:title":"Conhe\u00e7a a voz de Bruna Morena - A Not\u00edcia Online","og:description":"Com uma voz encantadora, a mineira Bruna Morena, de 22 anos, vem se apresentando ao p\u00fablico desde os 13, apenas com seu viol\u00e3o e sua voz. Em 2013, foi convocada para a primeira temporada do The Voice Brasil, onde participou apenas da primeira fase do reality show. Em 2014, foi escolhida para a produ\u00e7\u00e3o de","og:url":"https:\/\/anoticiaonline.com.br\/site\/conheca-a-voz-de-bruna-morena\/","og:image":"https:\/\/scontent-gig4-1.xx.fbcdn.net\/v\/t39.30808-1\/270437624_4564083193639691_6907940295614233970_n.jpg?stp=dst-jpg_s200x200_tt6&#038;_nc_cat=111&#038;ccb=1-7&#038;_nc_sid=f907e8&#038;_nc_ohc=SM1wRlP3lJwQ7kNvwEPuBYA&#038;_nc_oc=AdnqrjDN_BNjSSHWO-GbkIWH6fkGMLw4bqvL_NH6e2wMveX7G-rP2dAqsDSq1mJMOaY&#038;_nc_zt=24&#038;_nc_ht=scontent-gig4-1.xx&#038;_nc_gid=AoBFJeGrT1hVaew_6rchkQ&#038;oh=00_AfX7QmFGhQhG2jAllVgXCiM1ZrWgvtp80-Bfppyexh1QEg&#038;oe=689E923C","og:image:secure_url":"https:\/\/scontent-gig4-1.xx.fbcdn.net\/v\/t39.30808-1\/270437624_4564083193639691_6907940295614233970_n.jpg?stp=dst-jpg_s200x200_tt6&#038;_nc_cat=111&#038;ccb=1-7&#038;_nc_sid=f907e8&#038;_nc_ohc=SM1wRlP3lJwQ7kNvwEPuBYA&#038;_nc_oc=AdnqrjDN_BNjSSHWO-GbkIWH6fkGMLw4bqvL_NH6e2wMveX7G-rP2dAqsDSq1mJMOaY&#038;_nc_zt=24&#038;_nc_ht=scontent-gig4-1.xx&#038;_nc_gid=AoBFJeGrT1hVaew_6rchkQ&#038;oh=00_AfX7QmFGhQhG2jAllVgXCiM1ZrWgvtp80-Bfppyexh1QEg&#038;oe=689E923C","article:published_time":"2017-09-05T22:10:37+00:00","article:modified_time":"2017-09-05T22:10:37+00:00","twitter:card":"summary_large_image","twitter:title":"Conhe\u00e7a a voz de Bruna Morena - A Not\u00edcia Online","twitter:description":"Com uma voz encantadora, a mineira Bruna Morena, de 22 anos, vem se apresentando ao p\u00fablico desde os 13, apenas com seu viol\u00e3o e sua voz. Em 2013, foi convocada para a primeira temporada do The Voice Brasil, onde participou apenas da primeira fase do reality show. Em 2014, foi escolhida para a produ\u00e7\u00e3o de","twitter:image":"https:\/\/scontent-gig4-1.xx.fbcdn.net\/v\/t39.30808-1\/270437624_4564083193639691_6907940295614233970_n.jpg?stp=dst-jpg_s200x200_tt6&_nc_cat=111&ccb=1-7&_nc_sid=f907e8&_nc_ohc=SM1wRlP3lJwQ7kNvwEPuBYA&_nc_oc=AdnqrjDN_BNjSSHWO-GbkIWH6fkGMLw4bqvL_NH6e2wMveX7G-rP2dAqsDSq1mJMOaY&_nc_zt=24&_nc_ht=scontent-gig4-1.xx&_nc_gid=AoBFJeGrT1hVaew_6rchkQ&oh=00_AfX7QmFGhQhG2jAllVgXCiM1ZrWgvtp80-Bfppyexh1QEg&oe=689E923C"},"aioseo_meta_data":{"post_id":"40298","title":null,"description":null,"keywords":null,"keyphrases":null,"primary_term":null,"canonical_url":null,"og_title":null,"og_description":null,"og_object_type":"default","og_image_type":"default","og_image_url":null,"og_image_width":null,"og_image_height":null,"og_image_custom_url":null,"og_image_custom_fields":null,"og_video":null,"og_custom_url":null,"og_article_section":null,"og_article_tags":null,"twitter_use_og":false,"twitter_card":"default","twitter_image_type":"default","twitter_image_url":null,"twitter_image_custom_url":null,"twitter_image_custom_fields":null,"twitter_title":null,"twitter_description":null,"schema":{"blockGraphs":[],"customGraphs":[],"default":{"data":{"Article":[],"Course":[],"Dataset":[],"FAQPage":[],"Movie":[],"Person":[],"Product":[],"ProductReview":[],"Car":[],"Recipe":[],"Service":[],"SoftwareApplication":[],"WebPage":[]},"graphName":"","isEnabled":true},"graphs":[]},"schema_type":"default","schema_type_options":null,"pillar_content":false,"robots_default":true,"robots_noindex":false,"robots_noarchive":false,"robots_nosnippet":false,"robots_nofollow":false,"robots_noimageindex":false,"robots_noodp":false,"robots_notranslate":false,"robots_max_snippet":null,"robots_max_videopreview":null,"robots_max_imagepreview":"large","priority":null,"frequency":null,"local_seo":null,"breadcrumb_settings":null,"limit_modified_date":false,"ai":null,"created":"2025-08-16 19:25:25","updated":"2025-08-16 19:25:25","focus_keyword":null,"additional_keywords":null,"truseo_locale":null,"seo_analyzer_scan_date":null},"aioseo_breadcrumb":"<div class=\"aioseo-breadcrumbs\"><span class=\"aioseo-breadcrumb\">\n\t\t\t<a href=\"https:\/\/anoticiaonline.com.br\/site\" title=\"Home\">Home<\/a>\n\t\t<\/span><span class=\"aioseo-breadcrumb-separator\">&raquo;<\/span><span class=\"aioseo-breadcrumb\">\n\t\t\t<a href=\"https:\/\/anoticiaonline.com.br\/site\/categoria\/muriae\/\" title=\"Blog\">Blog<\/a>\n\t\t<\/span><span class=\"aioseo-breadcrumb-separator\">&raquo;<\/span><span class=\"aioseo-breadcrumb\">\n\t\t\t<a href=\"https:\/\/anoticiaonline.com.br\/site\/categoria\/muriae\/cultura\/\" title=\"Cultura\">Cultura<\/a>\n\t\t<\/span><span class=\"aioseo-breadcrumb-separator\">&raquo;<\/span><span class=\"aioseo-breadcrumb\">\n\t\t\tConhe\u00e7a a voz de Bruna Morena\n\t\t<\/span><\/div>","aioseo_breadcrumb_json":[{"label":"Home","link":"https:\/\/anoticiaonline.com.br\/site"},{"label":"Blog","link":"https:\/\/anoticiaonline.com.br\/site\/categoria\/muriae\/"},{"label":"Cultura","link":"https:\/\/anoticiaonline.com.br\/site\/categoria\/muriae\/cultura\/"},{"label":"Conhe\u00e7a a voz de Bruna Morena","link":"https:\/\/anoticiaonline.com.br\/site\/conheca-a-voz-de-bruna-morena\/"}],"views":296,"_links":{"self":[{"href":"https:\/\/anoticiaonline.com.br\/site\/wp-json\/wp\/v2\/posts\/40298","targetHints":{"allow":["GET"]}}],"collection":[{"href":"https:\/\/anoticiaonline.com.br\/site\/wp-json\/wp\/v2\/posts"}],"about":[{"href":"https:\/\/anoticiaonline.com.br\/site\/wp-json\/wp\/v2\/types\/post"}],"author":[{"embeddable":true,"href":"https:\/\/anoticiaonline.com.br\/site\/wp-json\/wp\/v2\/users\/2"}],"replies":[{"embeddable":true,"href":"https:\/\/anoticiaonline.com.br\/site\/wp-json\/wp\/v2\/comments?post=40298"}],"version-history":[{"count":0,"href":"https:\/\/anoticiaonline.com.br\/site\/wp-json\/wp\/v2\/posts\/40298\/revisions"}],"wp:featuredmedia":[{"embeddable":true,"href":"https:\/\/anoticiaonline.com.br\/site\/wp-json\/wp\/v2\/media\/40299"}],"wp:attachment":[{"href":"https:\/\/anoticiaonline.com.br\/site\/wp-json\/wp\/v2\/media?parent=40298"}],"wp:term":[{"taxonomy":"category","embeddable":true,"href":"https:\/\/anoticiaonline.com.br\/site\/wp-json\/wp\/v2\/categories?post=40298"},{"taxonomy":"post_tag","embeddable":true,"href":"https:\/\/anoticiaonline.com.br\/site\/wp-json\/wp\/v2\/tags?post=40298"}],"curies":[{"name":"wp","href":"https:\/\/api.w.org\/{rel}","templated":true}]}}