{"id":40149,"date":"2017-09-05T15:43:37","date_gmt":"2017-09-05T18:43:37","guid":{"rendered":"http:\/\/anoticiaonline.com.br\/site\/?p=40149"},"modified":"2017-09-05T15:43:37","modified_gmt":"2017-09-05T18:43:37","slug":"academicos-da-universidade-pitagoras-unopar-colam-grau-em-noite-solene","status":"publish","type":"post","link":"https:\/\/anoticiaonline.com.br\/site\/academicos-da-universidade-pitagoras-unopar-colam-grau-em-noite-solene\/","title":{"rendered":"Acad\u00eamicos da Universidade Pit\u00e1goras Unopar colam grau em noite solene"},"content":{"rendered":"<p><a href=\"https:\/\/anoticiaonline.com.br\/site\/wp-content\/uploads\/2017\/09\/DSC_0064.jpg\"><img fetchpriority=\"high\" decoding=\"async\" class=\"alignleft size-medium wp-image-40150\" src=\"https:\/\/anoticiaonline.com.br\/site\/wp-content\/uploads\/2017\/09\/DSC_0064-300x200.jpg\" alt=\"\" width=\"300\" height=\"200\" srcset=\"https:\/\/anoticiaonline.com.br\/site\/wp-content\/uploads\/2017\/09\/DSC_0064-300x200.jpg 300w, https:\/\/anoticiaonline.com.br\/site\/wp-content\/uploads\/2017\/09\/DSC_0064-290x192.jpg 290w, https:\/\/anoticiaonline.com.br\/site\/wp-content\/uploads\/2017\/09\/DSC_0064.jpg 640w\" sizes=\"(max-width: 300px) 100vw, 300px\" \/><\/a> <a href=\"https:\/\/anoticiaonline.com.br\/site\/wp-content\/uploads\/2017\/09\/DSC_0470.jpg\"><img decoding=\"async\" class=\"alignleft size-medium wp-image-40151\" src=\"https:\/\/anoticiaonline.com.br\/site\/wp-content\/uploads\/2017\/09\/DSC_0470-300x200.jpg\" alt=\"\" width=\"300\" height=\"200\" srcset=\"https:\/\/anoticiaonline.com.br\/site\/wp-content\/uploads\/2017\/09\/DSC_0470-300x200.jpg 300w, https:\/\/anoticiaonline.com.br\/site\/wp-content\/uploads\/2017\/09\/DSC_0470-290x192.jpg 290w, https:\/\/anoticiaonline.com.br\/site\/wp-content\/uploads\/2017\/09\/DSC_0470.jpg 640w\" sizes=\"(max-width: 300px) 100vw, 300px\" \/><\/a>Os alunos da Unopar, p\u00f3lo de Muria\u00e9, colaram grau em cerim\u00f4nia solene, na noite de s\u00e1bado (26), no audit\u00f3rio do Col\u00e9gio Santa Marcelina. Os acad\u00eamicos, da modalidade \u00e0 semipresencial, formaram-se nos cursos superiores de Administra\u00e7\u00e3o, Ci\u00eancias Cont\u00e1beis, Licenciatura em Educa\u00e7\u00e3o F\u00edsica, Letras, Pedagogia, Servi\u00e7o Social, Gest\u00e3o Ambiental e Gest\u00e3o P\u00fablica.<\/p>\n<p>A solenidade foi transmitida diretamente de Londrina, no Paran\u00e1, para os polos Unopar com a presen\u00e7a do pr\u00f3-reitor Mario Jungbeck, localizados em todos os Estados brasileiros. Participaram da cerim\u00f4nia, em Muria\u00e9, os 54 formandos, tutores do p\u00f3lo, familiares e amigos.<\/p>\n<p>A mesa de honra da cerim\u00f4nia foi composta pela administradora e propriet\u00e1ria da Unopar p\u00f3lo Muria\u00e9, mestra em Medicina Veterin\u00e1ria, Joelma Crespo e seu filho \u00c1lvaro Nunes de Moraes e pelos paraninfos e patronos dos cursos.<\/p>\n<p>A presidenta da mesa de honra do p\u00f3lo Unopar Muria\u00e9, a professora Joelma Crespo Moraes, falou aos alunos sobre a formatura. \u201c\u00c9 uma felicidade muito grande ver voc\u00eas alcan\u00e7ando um t\u00edtulo acad\u00eamico. Lembramo-nos de voc\u00eas desde o momento que chegam para realizarem a matr\u00edcula e, depois de algum tempo, est\u00e3o com o diploma em m\u00e3os. Esta vit\u00f3ria \u00e9 de voc\u00eas, de forma individual, e para n\u00f3s da equipe, de forma coletiva. Hoje estou aqui para agradecer a cada tutor e a cada um da \u00e1rea administrativa. Muito obrigada aos alunos e aos familiares pela confian\u00e7a que tiveram em mim, em nossa equipe e na Unopar. Agora voc\u00eas s\u00e3o profissionais\u201d, contou.<\/p>\n<p>Al\u00e9m da tradicional entrega dos certificados, foram feitos discursos homenagem aos pais e mestres e em agradecimento a Deus. Logo ap\u00f3s, o representante dos patronos e paraninfos, Jos\u00e9 Rodolpho Moraes Carneiro, direcionou suas palavras aos rec\u00e9m-formados.<\/p>\n<p>\u201cVoc\u00eas alunos s\u00e3o o nosso orgulho, plantamos uma semente h\u00e1 alguns anos e estamos aqui, mais uma vez, com o fruto de nossa colheita. N\u00f3s como tutores e mestres n\u00e3o podemos dizer que hoje algo termina e sim que est\u00e1 apenas come\u00e7ando. Voc\u00eas alunos representam o sonho de muitos de seus familiares. Que Deus os aben\u00e7oe cada vez mais. Quero agradecer tamb\u00e9m aos que lidaram com voc\u00eas diretamente, os tutores e a professora Joelma que deram o melhor para o futuro de voc\u00eas. Parab\u00e9ns\u201d, disse.<\/p>\n<p>Em certo momento, o mestre de cerim\u00f4nias dirigiu-se \u00e0s mulheres presentes, principalmente \u00e0s formandos do curso de Pedagogia e Letras, sobre a import\u00e2ncia da igualdade no mercado de trabalho, principalmente aquele voltado para as mulheres, sobre a educa\u00e7\u00e3o e sobre a intoler\u00e2ncia. \u201cHoje, 26 de agosto, \u00e9 uma data importante que se comemora um dos principais adventos da Revolu\u00e7\u00e3o Francesa, onde comemoramos o Dia Internacional da Igualdade da Mulher por isso, superem a intoler\u00e2ncia e o \u00f3dio, pois voc\u00eas t\u00eam a ci\u00eancia e o conhecimento a seu favor e far\u00e3o a diferen\u00e7a\u201d, contou.<\/p>\n<p>&nbsp;<\/p>\n<p><img decoding=\"async\" class=\"ngg_displayed_gallery mceItem\" src=\"https:\/\/anoticiaonline.com.br\/site\/nextgen-attach_to_post\/preview\/id--40292\" \/><\/p>\n","protected":false},"excerpt":{"rendered":"<p>Os alunos da Unopar, p\u00f3lo de Muria\u00e9, colaram grau em cerim\u00f4nia solene, na noite de s\u00e1bado (26), no audit\u00f3rio do Col\u00e9gio Santa Marcelina. Os acad\u00eamicos, da modalidade \u00e0 semipresencial, formaram-se nos cursos superiores de Administra\u00e7\u00e3o, Ci\u00eancias Cont\u00e1beis, Licenciatura em Educa\u00e7\u00e3o F\u00edsica, Letras, Pedagogia, Servi\u00e7o Social, Gest\u00e3o Ambiental e Gest\u00e3o P\u00fablica. A solenidade foi transmitida diretamente &#8230; <a title=\"Acad\u00eamicos da Universidade Pit\u00e1goras Unopar colam grau em noite solene\" class=\"read-more\" href=\"https:\/\/anoticiaonline.com.br\/site\/academicos-da-universidade-pitagoras-unopar-colam-grau-em-noite-solene\/\" aria-label=\"Read more about Acad\u00eamicos da Universidade Pit\u00e1goras Unopar colam grau em noite solene\">Ler mais<\/a><\/p>\n","protected":false},"author":2,"featured_media":40151,"comment_status":"open","ping_status":"open","sticky":false,"template":"","format":"standard","meta":{"_acf_changed":false,"_monsterinsights_skip_tracking":false,"footnotes":""},"categories":[24],"tags":[11,1057,74,1058,3,1056],"class_list":["post-40149","post","type-post","status-publish","format-standard","has-post-thumbnail","hentry","category-eventos","tag-formatura","tag-joelma-crespo-moraes","tag-muriae","tag-polo-de-muriae","tag-slide","tag-unopar"],"acf":[],"aioseo_notices":[],"aioseo_head":"\n\t\t<!-- All in One SEO 5.0.0.1 - aioseo.com -->\n\t<meta name=\"description\" content=\"Os alunos da Unopar, p\u00f3lo de Muria\u00e9, colaram grau em cerim\u00f4nia solene, na noite de s\u00e1bado (26), no audit\u00f3rio do Col\u00e9gio Santa Marcelina. Os acad\u00eamicos, da modalidade \u00e0 semipresencial, formaram-se nos cursos superiores de Administra\u00e7\u00e3o, Ci\u00eancias Cont\u00e1beis, Licenciatura em Educa\u00e7\u00e3o F\u00edsica, Letras, Pedagogia, Servi\u00e7o Social, Gest\u00e3o Ambiental e Gest\u00e3o P\u00fablica. A solenidade foi transmitida diretamente\" \/>\n\t<meta name=\"robots\" content=\"max-image-preview:large\" \/>\n\t<meta name=\"author\" content=\"Juliana Laviola\"\/>\n\t<link rel=\"canonical\" href=\"https:\/\/anoticiaonline.com.br\/site\/academicos-da-universidade-pitagoras-unopar-colam-grau-em-noite-solene\/\" \/>\n\t<meta name=\"generator\" content=\"All in One SEO (AIOSEO) 5.0.0.1\" \/>\n\t\t<meta property=\"og:locale\" content=\"pt_BR\" \/>\n\t\t<meta property=\"og:site_name\" content=\"A Not\u00edcia Online - Noticias de Muria\u00e9 e regi\u00e3o\" \/>\n\t\t<meta property=\"og:type\" content=\"article\" \/>\n\t\t<meta property=\"og:title\" content=\"Acad\u00eamicos da Universidade Pit\u00e1goras Unopar colam grau em noite solene - A Not\u00edcia Online\" \/>\n\t\t<meta property=\"og:description\" content=\"Os alunos da Unopar, p\u00f3lo de Muria\u00e9, colaram grau em cerim\u00f4nia solene, na noite de s\u00e1bado (26), no audit\u00f3rio do Col\u00e9gio Santa Marcelina. Os acad\u00eamicos, da modalidade \u00e0 semipresencial, formaram-se nos cursos superiores de Administra\u00e7\u00e3o, Ci\u00eancias Cont\u00e1beis, Licenciatura em Educa\u00e7\u00e3o F\u00edsica, Letras, Pedagogia, Servi\u00e7o Social, Gest\u00e3o Ambiental e Gest\u00e3o P\u00fablica. A solenidade foi transmitida diretamente\" \/>\n\t\t<meta property=\"og:url\" content=\"https:\/\/anoticiaonline.com.br\/site\/academicos-da-universidade-pitagoras-unopar-colam-grau-em-noite-solene\/\" \/>\n\t\t<meta property=\"og:image\" content=\"https:\/\/scontent-gig4-1.xx.fbcdn.net\/v\/t39.30808-1\/270437624_4564083193639691_6907940295614233970_n.jpg?stp=dst-jpg_s200x200_tt6&#038;_nc_cat=111&#038;ccb=1-7&#038;_nc_sid=f907e8&#038;_nc_ohc=SM1wRlP3lJwQ7kNvwEPuBYA&#038;_nc_oc=AdnqrjDN_BNjSSHWO-GbkIWH6fkGMLw4bqvL_NH6e2wMveX7G-rP2dAqsDSq1mJMOaY&#038;_nc_zt=24&#038;_nc_ht=scontent-gig4-1.xx&#038;_nc_gid=AoBFJeGrT1hVaew_6rchkQ&#038;oh=00_AfX7QmFGhQhG2jAllVgXCiM1ZrWgvtp80-Bfppyexh1QEg&#038;oe=689E923C\" \/>\n\t\t<meta property=\"og:image:secure_url\" content=\"https:\/\/scontent-gig4-1.xx.fbcdn.net\/v\/t39.30808-1\/270437624_4564083193639691_6907940295614233970_n.jpg?stp=dst-jpg_s200x200_tt6&#038;_nc_cat=111&#038;ccb=1-7&#038;_nc_sid=f907e8&#038;_nc_ohc=SM1wRlP3lJwQ7kNvwEPuBYA&#038;_nc_oc=AdnqrjDN_BNjSSHWO-GbkIWH6fkGMLw4bqvL_NH6e2wMveX7G-rP2dAqsDSq1mJMOaY&#038;_nc_zt=24&#038;_nc_ht=scontent-gig4-1.xx&#038;_nc_gid=AoBFJeGrT1hVaew_6rchkQ&#038;oh=00_AfX7QmFGhQhG2jAllVgXCiM1ZrWgvtp80-Bfppyexh1QEg&#038;oe=689E923C\" \/>\n\t\t<meta property=\"article:published_time\" content=\"2017-09-05T18:43:37+00:00\" \/>\n\t\t<meta property=\"article:modified_time\" content=\"2017-09-05T18:43:37+00:00\" \/>\n\t\t<meta name=\"twitter:card\" content=\"summary_large_image\" \/>\n\t\t<meta name=\"twitter:title\" content=\"Acad\u00eamicos da Universidade Pit\u00e1goras Unopar colam grau em noite solene - A Not\u00edcia Online\" \/>\n\t\t<meta name=\"twitter:description\" content=\"Os alunos da Unopar, p\u00f3lo de Muria\u00e9, colaram grau em cerim\u00f4nia solene, na noite de s\u00e1bado (26), no audit\u00f3rio do Col\u00e9gio Santa Marcelina. Os acad\u00eamicos, da modalidade \u00e0 semipresencial, formaram-se nos cursos superiores de Administra\u00e7\u00e3o, Ci\u00eancias Cont\u00e1beis, Licenciatura em Educa\u00e7\u00e3o F\u00edsica, Letras, Pedagogia, Servi\u00e7o Social, Gest\u00e3o Ambiental e Gest\u00e3o P\u00fablica. A solenidade foi transmitida diretamente\" \/>\n\t\t<meta name=\"twitter:image\" content=\"https:\/\/scontent-gig4-1.xx.fbcdn.net\/v\/t39.30808-1\/270437624_4564083193639691_6907940295614233970_n.jpg?stp=dst-jpg_s200x200_tt6&amp;_nc_cat=111&amp;ccb=1-7&amp;_nc_sid=f907e8&amp;_nc_ohc=SM1wRlP3lJwQ7kNvwEPuBYA&amp;_nc_oc=AdnqrjDN_BNjSSHWO-GbkIWH6fkGMLw4bqvL_NH6e2wMveX7G-rP2dAqsDSq1mJMOaY&amp;_nc_zt=24&amp;_nc_ht=scontent-gig4-1.xx&amp;_nc_gid=AoBFJeGrT1hVaew_6rchkQ&amp;oh=00_AfX7QmFGhQhG2jAllVgXCiM1ZrWgvtp80-Bfppyexh1QEg&amp;oe=689E923C\" \/>\n\t\t<script type=\"application\/ld+json\" class=\"aioseo-schema\">\n\t\t\t{\"@context\":\"https:\\\/\\\/schema.org\",\"@graph\":[{\"@type\":\"BlogPosting\",\"@id\":\"https:\\\/\\\/anoticiaonline.com.br\\\/site\\\/academicos-da-universidade-pitagoras-unopar-colam-grau-em-noite-solene\\\/#blogposting\",\"name\":\"Acad\\u00eamicos da Universidade Pit\\u00e1goras Unopar colam grau em noite solene - A Not\\u00edcia Online\",\"headline\":\"Acad\\u00eamicos da Universidade Pit\\u00e1goras Unopar colam grau em noite solene\",\"author\":{\"@id\":\"https:\\\/\\\/anoticiaonline.com.br\\\/site\\\/author\\\/juliana\\\/#author\"},\"publisher\":{\"@id\":\"https:\\\/\\\/anoticiaonline.com.br\\\/site\\\/#organization\"},\"image\":{\"@type\":\"ImageObject\",\"url\":\"https:\\\/\\\/anoticiaonline.com.br\\\/site\\\/wp-content\\\/uploads\\\/2017\\\/09\\\/DSC_0470.jpg\",\"width\":640,\"height\":426},\"datePublished\":\"2017-09-05T15:43:37-03:00\",\"dateModified\":\"2017-09-05T15:43:37-03:00\",\"inLanguage\":\"pt-BR\",\"mainEntityOfPage\":{\"@id\":\"https:\\\/\\\/anoticiaonline.com.br\\\/site\\\/academicos-da-universidade-pitagoras-unopar-colam-grau-em-noite-solene\\\/#webpage\"},\"isPartOf\":{\"@id\":\"https:\\\/\\\/anoticiaonline.com.br\\\/site\\\/academicos-da-universidade-pitagoras-unopar-colam-grau-em-noite-solene\\\/#webpage\"},\"articleSection\":\"Eventos, formatura, Joelma Crespo Moraes, Muria\\u00e9, p\\u00f3lo de Muria\\u00e9, slide, Unopar\"},{\"@type\":\"BreadcrumbList\",\"@id\":\"https:\\\/\\\/anoticiaonline.com.br\\\/site\\\/academicos-da-universidade-pitagoras-unopar-colam-grau-em-noite-solene\\\/#breadcrumblist\",\"itemListElement\":[{\"@type\":\"ListItem\",\"@id\":\"https:\\\/\\\/anoticiaonline.com.br\\\/site#listItem\",\"position\":1,\"name\":\"Home\",\"item\":\"https:\\\/\\\/anoticiaonline.com.br\\\/site\",\"nextItem\":{\"@type\":\"ListItem\",\"@id\":\"https:\\\/\\\/anoticiaonline.com.br\\\/site\\\/categoria\\\/eventos\\\/#listItem\",\"name\":\"Eventos\"}},{\"@type\":\"ListItem\",\"@id\":\"https:\\\/\\\/anoticiaonline.com.br\\\/site\\\/categoria\\\/eventos\\\/#listItem\",\"position\":2,\"name\":\"Eventos\",\"item\":\"https:\\\/\\\/anoticiaonline.com.br\\\/site\\\/categoria\\\/eventos\\\/\",\"nextItem\":{\"@type\":\"ListItem\",\"@id\":\"https:\\\/\\\/anoticiaonline.com.br\\\/site\\\/academicos-da-universidade-pitagoras-unopar-colam-grau-em-noite-solene\\\/#listItem\",\"name\":\"Acad\\u00eamicos da Universidade Pit\\u00e1goras Unopar colam grau em noite solene\"},\"previousItem\":{\"@type\":\"ListItem\",\"@id\":\"https:\\\/\\\/anoticiaonline.com.br\\\/site#listItem\",\"name\":\"Home\"}},{\"@type\":\"ListItem\",\"@id\":\"https:\\\/\\\/anoticiaonline.com.br\\\/site\\\/academicos-da-universidade-pitagoras-unopar-colam-grau-em-noite-solene\\\/#listItem\",\"position\":3,\"name\":\"Acad\\u00eamicos da Universidade Pit\\u00e1goras Unopar colam grau em noite solene\",\"previousItem\":{\"@type\":\"ListItem\",\"@id\":\"https:\\\/\\\/anoticiaonline.com.br\\\/site\\\/categoria\\\/eventos\\\/#listItem\",\"name\":\"Eventos\"}}]},{\"@type\":\"Organization\",\"@id\":\"https:\\\/\\\/anoticiaonline.com.br\\\/site\\\/#organization\",\"name\":\"A Not\\u00edcia Online\",\"description\":\"Noticias de Muria\\u00e9 e regi\\u00e3o\",\"url\":\"https:\\\/\\\/anoticiaonline.com.br\\\/site\\\/\",\"logo\":{\"@type\":\"ImageObject\",\"url\":\"https:\\\/\\\/scontent-gig4-1.xx.fbcdn.net\\\/v\\\/t39.30808-1\\\/270437624_4564083193639691_6907940295614233970_n.jpg?stp=dst-jpg_s200x200_tt6&_nc_cat=111&ccb=1-7&_nc_sid=f907e8&_nc_ohc=SM1wRlP3lJwQ7kNvwEPuBYA&_nc_oc=AdnqrjDN_BNjSSHWO-GbkIWH6fkGMLw4bqvL_NH6e2wMveX7G-rP2dAqsDSq1mJMOaY&_nc_zt=24&_nc_ht=scontent-gig4-1.xx&_nc_gid=AoBFJeGrT1hVaew_6rchkQ&oh=00_AfX7QmFGhQhG2jAllVgXCiM1ZrWgvtp80-Bfppyexh1QEg&oe=689E923C\",\"@id\":\"https:\\\/\\\/anoticiaonline.com.br\\\/site\\\/academicos-da-universidade-pitagoras-unopar-colam-grau-em-noite-solene\\\/#organizationLogo\"},\"image\":{\"@id\":\"https:\\\/\\\/anoticiaonline.com.br\\\/site\\\/academicos-da-universidade-pitagoras-unopar-colam-grau-em-noite-solene\\\/#organizationLogo\"}},{\"@type\":\"Person\",\"@id\":\"https:\\\/\\\/anoticiaonline.com.br\\\/site\\\/author\\\/juliana\\\/#author\",\"url\":\"https:\\\/\\\/anoticiaonline.com.br\\\/site\\\/author\\\/juliana\\\/\",\"name\":\"Juliana Laviola\",\"image\":{\"@type\":\"ImageObject\",\"@id\":\"https:\\\/\\\/anoticiaonline.com.br\\\/site\\\/academicos-da-universidade-pitagoras-unopar-colam-grau-em-noite-solene\\\/#authorImage\",\"url\":\"https:\\\/\\\/secure.gravatar.com\\\/avatar\\\/b8d45f5c699b100dfaf0e543582f38f38bf94cb7ae3a5e9abf8d891a34773335?s=96&d=mm&r=g\",\"width\":96,\"height\":96,\"caption\":\"Juliana Laviola\"}},{\"@type\":\"WebPage\",\"@id\":\"https:\\\/\\\/anoticiaonline.com.br\\\/site\\\/academicos-da-universidade-pitagoras-unopar-colam-grau-em-noite-solene\\\/#webpage\",\"url\":\"https:\\\/\\\/anoticiaonline.com.br\\\/site\\\/academicos-da-universidade-pitagoras-unopar-colam-grau-em-noite-solene\\\/\",\"name\":\"Acad\\u00eamicos da Universidade Pit\\u00e1goras Unopar colam grau em noite solene - A Not\\u00edcia Online\",\"description\":\"Os alunos da Unopar, p\\u00f3lo de Muria\\u00e9, colaram grau em cerim\\u00f4nia solene, na noite de s\\u00e1bado (26), no audit\\u00f3rio do Col\\u00e9gio Santa Marcelina. Os acad\\u00eamicos, da modalidade \\u00e0 semipresencial, formaram-se nos cursos superiores de Administra\\u00e7\\u00e3o, Ci\\u00eancias Cont\\u00e1beis, Licenciatura em Educa\\u00e7\\u00e3o F\\u00edsica, Letras, Pedagogia, Servi\\u00e7o Social, Gest\\u00e3o Ambiental e Gest\\u00e3o P\\u00fablica. A solenidade foi transmitida diretamente\",\"inLanguage\":\"pt-BR\",\"isPartOf\":{\"@id\":\"https:\\\/\\\/anoticiaonline.com.br\\\/site\\\/#website\"},\"breadcrumb\":{\"@id\":\"https:\\\/\\\/anoticiaonline.com.br\\\/site\\\/academicos-da-universidade-pitagoras-unopar-colam-grau-em-noite-solene\\\/#breadcrumblist\"},\"author\":{\"@id\":\"https:\\\/\\\/anoticiaonline.com.br\\\/site\\\/author\\\/juliana\\\/#author\"},\"creator\":{\"@id\":\"https:\\\/\\\/anoticiaonline.com.br\\\/site\\\/author\\\/juliana\\\/#author\"},\"image\":{\"@type\":\"ImageObject\",\"url\":\"https:\\\/\\\/anoticiaonline.com.br\\\/site\\\/wp-content\\\/uploads\\\/2017\\\/09\\\/DSC_0470.jpg\",\"@id\":\"https:\\\/\\\/anoticiaonline.com.br\\\/site\\\/academicos-da-universidade-pitagoras-unopar-colam-grau-em-noite-solene\\\/#mainImage\",\"width\":640,\"height\":426},\"primaryImageOfPage\":{\"@id\":\"https:\\\/\\\/anoticiaonline.com.br\\\/site\\\/academicos-da-universidade-pitagoras-unopar-colam-grau-em-noite-solene\\\/#mainImage\"},\"datePublished\":\"2017-09-05T15:43:37-03:00\",\"dateModified\":\"2017-09-05T15:43:37-03:00\"},{\"@type\":\"WebSite\",\"@id\":\"https:\\\/\\\/anoticiaonline.com.br\\\/site\\\/#website\",\"url\":\"https:\\\/\\\/anoticiaonline.com.br\\\/site\\\/\",\"name\":\"A Not\\u00edcia Online\",\"description\":\"Noticias de Muria\\u00e9 e regi\\u00e3o\",\"inLanguage\":\"pt-BR\",\"publisher\":{\"@id\":\"https:\\\/\\\/anoticiaonline.com.br\\\/site\\\/#organization\"}}]}\n\t\t<\/script>\n\t\t<!-- All in One SEO -->\n\n","aioseo_head_json":{"title":"Acad\u00eamicos da Universidade Pit\u00e1goras Unopar colam grau em noite solene - A Not\u00edcia Online","description":"Os alunos da Unopar, p\u00f3lo de Muria\u00e9, colaram grau em cerim\u00f4nia solene, na noite de s\u00e1bado (26), no audit\u00f3rio do Col\u00e9gio Santa Marcelina. Os acad\u00eamicos, da modalidade \u00e0 semipresencial, formaram-se nos cursos superiores de Administra\u00e7\u00e3o, Ci\u00eancias Cont\u00e1beis, Licenciatura em Educa\u00e7\u00e3o F\u00edsica, Letras, Pedagogia, Servi\u00e7o Social, Gest\u00e3o Ambiental e Gest\u00e3o P\u00fablica. A solenidade foi transmitida diretamente","canonical_url":"https:\/\/anoticiaonline.com.br\/site\/academicos-da-universidade-pitagoras-unopar-colam-grau-em-noite-solene\/","robots":"max-image-preview:large","keywords":"","webmasterTools":{"miscellaneous":""},"schema":{"@context":"https:\/\/schema.org","@graph":[{"@type":"BlogPosting","@id":"https:\/\/anoticiaonline.com.br\/site\/academicos-da-universidade-pitagoras-unopar-colam-grau-em-noite-solene\/#blogposting","name":"Acad\u00eamicos da Universidade Pit\u00e1goras Unopar colam grau em noite solene - A Not\u00edcia Online","headline":"Acad\u00eamicos da Universidade Pit\u00e1goras Unopar colam grau em noite solene","author":{"@id":"https:\/\/anoticiaonline.com.br\/site\/author\/juliana\/#author"},"publisher":{"@id":"https:\/\/anoticiaonline.com.br\/site\/#organization"},"image":{"@type":"ImageObject","url":"https:\/\/anoticiaonline.com.br\/site\/wp-content\/uploads\/2017\/09\/DSC_0470.jpg","width":640,"height":426},"datePublished":"2017-09-05T15:43:37-03:00","dateModified":"2017-09-05T15:43:37-03:00","inLanguage":"pt-BR","mainEntityOfPage":{"@id":"https:\/\/anoticiaonline.com.br\/site\/academicos-da-universidade-pitagoras-unopar-colam-grau-em-noite-solene\/#webpage"},"isPartOf":{"@id":"https:\/\/anoticiaonline.com.br\/site\/academicos-da-universidade-pitagoras-unopar-colam-grau-em-noite-solene\/#webpage"},"articleSection":"Eventos, formatura, Joelma Crespo Moraes, Muria\u00e9, p\u00f3lo de Muria\u00e9, slide, Unopar"},{"@type":"BreadcrumbList","@id":"https:\/\/anoticiaonline.com.br\/site\/academicos-da-universidade-pitagoras-unopar-colam-grau-em-noite-solene\/#breadcrumblist","itemListElement":[{"@type":"ListItem","@id":"https:\/\/anoticiaonline.com.br\/site#listItem","position":1,"name":"Home","item":"https:\/\/anoticiaonline.com.br\/site","nextItem":{"@type":"ListItem","@id":"https:\/\/anoticiaonline.com.br\/site\/categoria\/eventos\/#listItem","name":"Eventos"}},{"@type":"ListItem","@id":"https:\/\/anoticiaonline.com.br\/site\/categoria\/eventos\/#listItem","position":2,"name":"Eventos","item":"https:\/\/anoticiaonline.com.br\/site\/categoria\/eventos\/","nextItem":{"@type":"ListItem","@id":"https:\/\/anoticiaonline.com.br\/site\/academicos-da-universidade-pitagoras-unopar-colam-grau-em-noite-solene\/#listItem","name":"Acad\u00eamicos da Universidade Pit\u00e1goras Unopar colam grau em noite solene"},"previousItem":{"@type":"ListItem","@id":"https:\/\/anoticiaonline.com.br\/site#listItem","name":"Home"}},{"@type":"ListItem","@id":"https:\/\/anoticiaonline.com.br\/site\/academicos-da-universidade-pitagoras-unopar-colam-grau-em-noite-solene\/#listItem","position":3,"name":"Acad\u00eamicos da Universidade Pit\u00e1goras Unopar colam grau em noite solene","previousItem":{"@type":"ListItem","@id":"https:\/\/anoticiaonline.com.br\/site\/categoria\/eventos\/#listItem","name":"Eventos"}}]},{"@type":"Organization","@id":"https:\/\/anoticiaonline.com.br\/site\/#organization","name":"A Not\u00edcia Online","description":"Noticias de Muria\u00e9 e regi\u00e3o","url":"https:\/\/anoticiaonline.com.br\/site\/","logo":{"@type":"ImageObject","url":"https:\/\/scontent-gig4-1.xx.fbcdn.net\/v\/t39.30808-1\/270437624_4564083193639691_6907940295614233970_n.jpg?stp=dst-jpg_s200x200_tt6&_nc_cat=111&ccb=1-7&_nc_sid=f907e8&_nc_ohc=SM1wRlP3lJwQ7kNvwEPuBYA&_nc_oc=AdnqrjDN_BNjSSHWO-GbkIWH6fkGMLw4bqvL_NH6e2wMveX7G-rP2dAqsDSq1mJMOaY&_nc_zt=24&_nc_ht=scontent-gig4-1.xx&_nc_gid=AoBFJeGrT1hVaew_6rchkQ&oh=00_AfX7QmFGhQhG2jAllVgXCiM1ZrWgvtp80-Bfppyexh1QEg&oe=689E923C","@id":"https:\/\/anoticiaonline.com.br\/site\/academicos-da-universidade-pitagoras-unopar-colam-grau-em-noite-solene\/#organizationLogo"},"image":{"@id":"https:\/\/anoticiaonline.com.br\/site\/academicos-da-universidade-pitagoras-unopar-colam-grau-em-noite-solene\/#organizationLogo"}},{"@type":"Person","@id":"https:\/\/anoticiaonline.com.br\/site\/author\/juliana\/#author","url":"https:\/\/anoticiaonline.com.br\/site\/author\/juliana\/","name":"Juliana Laviola","image":{"@type":"ImageObject","@id":"https:\/\/anoticiaonline.com.br\/site\/academicos-da-universidade-pitagoras-unopar-colam-grau-em-noite-solene\/#authorImage","url":"https:\/\/secure.gravatar.com\/avatar\/b8d45f5c699b100dfaf0e543582f38f38bf94cb7ae3a5e9abf8d891a34773335?s=96&d=mm&r=g","width":96,"height":96,"caption":"Juliana Laviola"}},{"@type":"WebPage","@id":"https:\/\/anoticiaonline.com.br\/site\/academicos-da-universidade-pitagoras-unopar-colam-grau-em-noite-solene\/#webpage","url":"https:\/\/anoticiaonline.com.br\/site\/academicos-da-universidade-pitagoras-unopar-colam-grau-em-noite-solene\/","name":"Acad\u00eamicos da Universidade Pit\u00e1goras Unopar colam grau em noite solene - A Not\u00edcia Online","description":"Os alunos da Unopar, p\u00f3lo de Muria\u00e9, colaram grau em cerim\u00f4nia solene, na noite de s\u00e1bado (26), no audit\u00f3rio do Col\u00e9gio Santa Marcelina. Os acad\u00eamicos, da modalidade \u00e0 semipresencial, formaram-se nos cursos superiores de Administra\u00e7\u00e3o, Ci\u00eancias Cont\u00e1beis, Licenciatura em Educa\u00e7\u00e3o F\u00edsica, Letras, Pedagogia, Servi\u00e7o Social, Gest\u00e3o Ambiental e Gest\u00e3o P\u00fablica. A solenidade foi transmitida diretamente","inLanguage":"pt-BR","isPartOf":{"@id":"https:\/\/anoticiaonline.com.br\/site\/#website"},"breadcrumb":{"@id":"https:\/\/anoticiaonline.com.br\/site\/academicos-da-universidade-pitagoras-unopar-colam-grau-em-noite-solene\/#breadcrumblist"},"author":{"@id":"https:\/\/anoticiaonline.com.br\/site\/author\/juliana\/#author"},"creator":{"@id":"https:\/\/anoticiaonline.com.br\/site\/author\/juliana\/#author"},"image":{"@type":"ImageObject","url":"https:\/\/anoticiaonline.com.br\/site\/wp-content\/uploads\/2017\/09\/DSC_0470.jpg","@id":"https:\/\/anoticiaonline.com.br\/site\/academicos-da-universidade-pitagoras-unopar-colam-grau-em-noite-solene\/#mainImage","width":640,"height":426},"primaryImageOfPage":{"@id":"https:\/\/anoticiaonline.com.br\/site\/academicos-da-universidade-pitagoras-unopar-colam-grau-em-noite-solene\/#mainImage"},"datePublished":"2017-09-05T15:43:37-03:00","dateModified":"2017-09-05T15:43:37-03:00"},{"@type":"WebSite","@id":"https:\/\/anoticiaonline.com.br\/site\/#website","url":"https:\/\/anoticiaonline.com.br\/site\/","name":"A Not\u00edcia Online","description":"Noticias de Muria\u00e9 e regi\u00e3o","inLanguage":"pt-BR","publisher":{"@id":"https:\/\/anoticiaonline.com.br\/site\/#organization"}}]},"og:locale":"pt_BR","og:site_name":"A Not\u00edcia Online - Noticias de Muria\u00e9 e regi\u00e3o","og:type":"article","og:title":"Acad\u00eamicos da Universidade Pit\u00e1goras Unopar colam grau em noite solene - A Not\u00edcia Online","og:description":"Os alunos da Unopar, p\u00f3lo de Muria\u00e9, colaram grau em cerim\u00f4nia solene, na noite de s\u00e1bado (26), no audit\u00f3rio do Col\u00e9gio Santa Marcelina. Os acad\u00eamicos, da modalidade \u00e0 semipresencial, formaram-se nos cursos superiores de Administra\u00e7\u00e3o, Ci\u00eancias Cont\u00e1beis, Licenciatura em Educa\u00e7\u00e3o F\u00edsica, Letras, Pedagogia, Servi\u00e7o Social, Gest\u00e3o Ambiental e Gest\u00e3o P\u00fablica. A solenidade foi transmitida diretamente","og:url":"https:\/\/anoticiaonline.com.br\/site\/academicos-da-universidade-pitagoras-unopar-colam-grau-em-noite-solene\/","og:image":"https:\/\/scontent-gig4-1.xx.fbcdn.net\/v\/t39.30808-1\/270437624_4564083193639691_6907940295614233970_n.jpg?stp=dst-jpg_s200x200_tt6&#038;_nc_cat=111&#038;ccb=1-7&#038;_nc_sid=f907e8&#038;_nc_ohc=SM1wRlP3lJwQ7kNvwEPuBYA&#038;_nc_oc=AdnqrjDN_BNjSSHWO-GbkIWH6fkGMLw4bqvL_NH6e2wMveX7G-rP2dAqsDSq1mJMOaY&#038;_nc_zt=24&#038;_nc_ht=scontent-gig4-1.xx&#038;_nc_gid=AoBFJeGrT1hVaew_6rchkQ&#038;oh=00_AfX7QmFGhQhG2jAllVgXCiM1ZrWgvtp80-Bfppyexh1QEg&#038;oe=689E923C","og:image:secure_url":"https:\/\/scontent-gig4-1.xx.fbcdn.net\/v\/t39.30808-1\/270437624_4564083193639691_6907940295614233970_n.jpg?stp=dst-jpg_s200x200_tt6&#038;_nc_cat=111&#038;ccb=1-7&#038;_nc_sid=f907e8&#038;_nc_ohc=SM1wRlP3lJwQ7kNvwEPuBYA&#038;_nc_oc=AdnqrjDN_BNjSSHWO-GbkIWH6fkGMLw4bqvL_NH6e2wMveX7G-rP2dAqsDSq1mJMOaY&#038;_nc_zt=24&#038;_nc_ht=scontent-gig4-1.xx&#038;_nc_gid=AoBFJeGrT1hVaew_6rchkQ&#038;oh=00_AfX7QmFGhQhG2jAllVgXCiM1ZrWgvtp80-Bfppyexh1QEg&#038;oe=689E923C","article:published_time":"2017-09-05T18:43:37+00:00","article:modified_time":"2017-09-05T18:43:37+00:00","twitter:card":"summary_large_image","twitter:title":"Acad\u00eamicos da Universidade Pit\u00e1goras Unopar colam grau em noite solene - A Not\u00edcia Online","twitter:description":"Os alunos da Unopar, p\u00f3lo de Muria\u00e9, colaram grau em cerim\u00f4nia solene, na noite de s\u00e1bado (26), no audit\u00f3rio do Col\u00e9gio Santa Marcelina. Os acad\u00eamicos, da modalidade \u00e0 semipresencial, formaram-se nos cursos superiores de Administra\u00e7\u00e3o, Ci\u00eancias Cont\u00e1beis, Licenciatura em Educa\u00e7\u00e3o F\u00edsica, Letras, Pedagogia, Servi\u00e7o Social, Gest\u00e3o Ambiental e Gest\u00e3o P\u00fablica. A solenidade foi transmitida diretamente","twitter:image":"https:\/\/scontent-gig4-1.xx.fbcdn.net\/v\/t39.30808-1\/270437624_4564083193639691_6907940295614233970_n.jpg?stp=dst-jpg_s200x200_tt6&_nc_cat=111&ccb=1-7&_nc_sid=f907e8&_nc_ohc=SM1wRlP3lJwQ7kNvwEPuBYA&_nc_oc=AdnqrjDN_BNjSSHWO-GbkIWH6fkGMLw4bqvL_NH6e2wMveX7G-rP2dAqsDSq1mJMOaY&_nc_zt=24&_nc_ht=scontent-gig4-1.xx&_nc_gid=AoBFJeGrT1hVaew_6rchkQ&oh=00_AfX7QmFGhQhG2jAllVgXCiM1ZrWgvtp80-Bfppyexh1QEg&oe=689E923C"},"aioseo_meta_data":{"post_id":"40149","title":null,"description":null,"keywords":null,"keyphrases":null,"primary_term":null,"canonical_url":null,"og_title":null,"og_description":null,"og_object_type":"default","og_image_type":"default","og_image_url":null,"og_image_width":null,"og_image_height":null,"og_image_custom_url":null,"og_image_custom_fields":null,"og_video":null,"og_custom_url":null,"og_article_section":null,"og_article_tags":null,"twitter_use_og":false,"twitter_card":"default","twitter_image_type":"default","twitter_image_url":null,"twitter_image_custom_url":null,"twitter_image_custom_fields":null,"twitter_title":null,"twitter_description":null,"schema":{"blockGraphs":[],"customGraphs":[],"default":{"data":{"Article":[],"Course":[],"Dataset":[],"FAQPage":[],"Movie":[],"Person":[],"Product":[],"ProductReview":[],"Car":[],"Recipe":[],"Service":[],"SoftwareApplication":[],"WebPage":[]},"graphName":"","isEnabled":true},"graphs":[]},"schema_type":"default","schema_type_options":null,"pillar_content":false,"robots_default":true,"robots_noindex":false,"robots_noarchive":false,"robots_nosnippet":false,"robots_nofollow":false,"robots_noimageindex":false,"robots_noodp":false,"robots_notranslate":false,"robots_max_snippet":null,"robots_max_videopreview":null,"robots_max_imagepreview":"large","priority":null,"frequency":null,"local_seo":null,"breadcrumb_settings":null,"limit_modified_date":false,"ai":null,"created":"2025-08-16 19:25:25","updated":"2025-08-16 19:25:25","focus_keyword":null,"additional_keywords":null,"truseo_locale":null,"seo_analyzer_scan_date":null},"aioseo_breadcrumb":"<div class=\"aioseo-breadcrumbs\"><span class=\"aioseo-breadcrumb\">\n\t\t\t<a href=\"https:\/\/anoticiaonline.com.br\/site\" title=\"Home\">Home<\/a>\n\t\t<\/span><span class=\"aioseo-breadcrumb-separator\">&raquo;<\/span><span class=\"aioseo-breadcrumb\">\n\t\t\t<a href=\"https:\/\/anoticiaonline.com.br\/site\/categoria\/eventos\/\" title=\"Eventos\">Eventos<\/a>\n\t\t<\/span><span class=\"aioseo-breadcrumb-separator\">&raquo;<\/span><span class=\"aioseo-breadcrumb\">\n\t\t\tAcad\u00eamicos da Universidade Pit\u00e1goras Unopar colam grau em noite solene\n\t\t<\/span><\/div>","aioseo_breadcrumb_json":[{"label":"Home","link":"https:\/\/anoticiaonline.com.br\/site"},{"label":"Eventos","link":"https:\/\/anoticiaonline.com.br\/site\/categoria\/eventos\/"},{"label":"Acad\u00eamicos da Universidade Pit\u00e1goras Unopar colam grau em noite solene","link":"https:\/\/anoticiaonline.com.br\/site\/academicos-da-universidade-pitagoras-unopar-colam-grau-em-noite-solene\/"}],"views":117,"_links":{"self":[{"href":"https:\/\/anoticiaonline.com.br\/site\/wp-json\/wp\/v2\/posts\/40149","targetHints":{"allow":["GET"]}}],"collection":[{"href":"https:\/\/anoticiaonline.com.br\/site\/wp-json\/wp\/v2\/posts"}],"about":[{"href":"https:\/\/anoticiaonline.com.br\/site\/wp-json\/wp\/v2\/types\/post"}],"author":[{"embeddable":true,"href":"https:\/\/anoticiaonline.com.br\/site\/wp-json\/wp\/v2\/users\/2"}],"replies":[{"embeddable":true,"href":"https:\/\/anoticiaonline.com.br\/site\/wp-json\/wp\/v2\/comments?post=40149"}],"version-history":[{"count":0,"href":"https:\/\/anoticiaonline.com.br\/site\/wp-json\/wp\/v2\/posts\/40149\/revisions"}],"wp:featuredmedia":[{"embeddable":true,"href":"https:\/\/anoticiaonline.com.br\/site\/wp-json\/wp\/v2\/media\/40151"}],"wp:attachment":[{"href":"https:\/\/anoticiaonline.com.br\/site\/wp-json\/wp\/v2\/media?parent=40149"}],"wp:term":[{"taxonomy":"category","embeddable":true,"href":"https:\/\/anoticiaonline.com.br\/site\/wp-json\/wp\/v2\/categories?post=40149"},{"taxonomy":"post_tag","embeddable":true,"href":"https:\/\/anoticiaonline.com.br\/site\/wp-json\/wp\/v2\/tags?post=40149"}],"curies":[{"name":"wp","href":"https:\/\/api.w.org\/{rel}","templated":true}]}}