{"id":39876,"date":"2017-08-31T19:30:09","date_gmt":"2017-08-31T22:30:09","guid":{"rendered":"http:\/\/anoticiaonline.com.br\/site\/?p=39876"},"modified":"2017-08-31T19:30:09","modified_gmt":"2017-08-31T22:30:09","slug":"preso-acusado-de-cometer-diversos-roubos-em-muriae","status":"publish","type":"post","link":"https:\/\/anoticiaonline.com.br\/site\/preso-acusado-de-cometer-diversos-roubos-em-muriae\/","title":{"rendered":"Preso acusado de cometer diversos roubos em Muria\u00e9"},"content":{"rendered":"<p><a href=\"https:\/\/anoticiaonline.com.br\/site\/wp-content\/uploads\/2017\/08\/Preso-acusado-de-cometer-diversos-roubos-em-Muria\u00e9.jpeg\"><img fetchpriority=\"high\" decoding=\"async\" class=\"size-medium wp-image-39877 alignleft\" src=\"https:\/\/anoticiaonline.com.br\/site\/wp-content\/uploads\/2017\/08\/Preso-acusado-de-cometer-diversos-roubos-em-Muria\u00e9-225x300.jpeg\" alt=\"\" width=\"225\" height=\"300\" srcset=\"https:\/\/anoticiaonline.com.br\/site\/wp-content\/uploads\/2017\/08\/Preso-acusado-de-cometer-diversos-roubos-em-Muria\u00e9-225x300.jpeg 225w, https:\/\/anoticiaonline.com.br\/site\/wp-content\/uploads\/2017\/08\/Preso-acusado-de-cometer-diversos-roubos-em-Muria\u00e9.jpeg 480w\" sizes=\"(max-width: 225px) 100vw, 225px\" \/><\/a>A Pol\u00edcia Civil de Muria\u00e9, ap\u00f3s dois meses de investiga\u00e7\u00f5es, cumpriu mandado de pris\u00e3o tempor\u00e1ria de D. M. T. O., de 21 anos, na manh\u00e3 de segunda-feira (28). O indiv\u00edduo foi surpreendido enquanto dormia no interior de sua resid\u00eancia no Bairro Aeroporto.<\/p>\n<p>No momento da pris\u00e3o, foi encontrado com ele um rev\u00f3lver de calibre 38 devidamente municiado, R$406 e uma bucha de maconha. Tamb\u00e9m foi localizada uma marreta que teria sido utilizada em roubo a um estabelecimento banc\u00e1rio. O mandado de pris\u00e3o foi expedido ap\u00f3s as investiga\u00e7\u00f5es demonstrarem a participa\u00e7\u00e3o do autor em pelo menos cinco crimes de roubos a m\u00e3o armada ocorridos nos \u00faltimos meses.<\/p>\n<p>J\u00e1 na delegacia, o indiv\u00edduo confessou sua participa\u00e7\u00e3o no roubo ocorrido no estabelecimento &#8220;Pag Bem&#8221;, no dia de 26 de mar\u00e7o; Caixa Aqui, no dia 8 de julho; e Viana Ve\u00edculos, em 2 de agosto, todos na Barra. Tamb\u00e9m confessou roubo a Cl\u00ednica popular na data de 3 de julho, no Centro.<\/p>\n<p>Depois de ser ouvido, o indiv\u00edduo foi preso tamb\u00e9m por posse ilegal de arma de fogo, sendo encaminhado ao pres\u00eddio do Safira. A a\u00e7\u00e3o foi resultado de uma longa investiga\u00e7\u00e3o da Pol\u00edcia Civil ap\u00f3s diversos roubos ocorridos recentemente na cidade.<\/p>\n","protected":false},"excerpt":{"rendered":"<p>A Pol\u00edcia Civil de Muria\u00e9, ap\u00f3s dois meses de investiga\u00e7\u00f5es, cumpriu mandado de pris\u00e3o tempor\u00e1ria de D. M. T. O., de 21 anos, na manh\u00e3 de segunda-feira (28). O indiv\u00edduo foi surpreendido enquanto dormia no interior de sua resid\u00eancia no Bairro Aeroporto. No momento da pris\u00e3o, foi encontrado com ele um rev\u00f3lver de calibre 38 &#8230; <a title=\"Preso acusado de cometer diversos roubos em Muria\u00e9\" class=\"read-more\" href=\"https:\/\/anoticiaonline.com.br\/site\/preso-acusado-de-cometer-diversos-roubos-em-muriae\/\" aria-label=\"Read more about Preso acusado de cometer diversos roubos em Muria\u00e9\">Ler mais<\/a><\/p>\n","protected":false},"author":2,"featured_media":39877,"comment_status":"open","ping_status":"open","sticky":false,"template":"","format":"standard","meta":{"_acf_changed":false,"_monsterinsights_skip_tracking":false,"footnotes":""},"categories":[30],"tags":[1041,74,1040,141],"class_list":["post-39876","post","type-post","status-publish","format-standard","has-post-thumbnail","hentry","category-muriae","tag-acusado","tag-muriae","tag-preso","tag-roubo"],"acf":[],"aioseo_notices":[],"aioseo_head":"\n\t\t<!-- All in One SEO 5.0.0.1 - aioseo.com -->\n\t<meta name=\"description\" content=\"A Pol\u00edcia Civil de Muria\u00e9, ap\u00f3s dois meses de investiga\u00e7\u00f5es, cumpriu mandado de pris\u00e3o tempor\u00e1ria de D. M. T. O., de 21 anos, na manh\u00e3 de segunda-feira (28). O indiv\u00edduo foi surpreendido enquanto dormia no interior de sua resid\u00eancia no Bairro Aeroporto. No momento da pris\u00e3o, foi encontrado com ele um rev\u00f3lver de calibre 38\" \/>\n\t<meta name=\"robots\" content=\"max-image-preview:large\" \/>\n\t<meta name=\"author\" content=\"Juliana Laviola\"\/>\n\t<link rel=\"canonical\" href=\"https:\/\/anoticiaonline.com.br\/site\/preso-acusado-de-cometer-diversos-roubos-em-muriae\/\" \/>\n\t<meta name=\"generator\" content=\"All in One SEO (AIOSEO) 5.0.0.1\" \/>\n\t\t<meta property=\"og:locale\" content=\"pt_BR\" \/>\n\t\t<meta property=\"og:site_name\" content=\"A Not\u00edcia Online - Noticias de Muria\u00e9 e regi\u00e3o\" \/>\n\t\t<meta property=\"og:type\" content=\"article\" \/>\n\t\t<meta property=\"og:title\" content=\"Preso acusado de cometer diversos roubos em Muria\u00e9 - A Not\u00edcia Online\" \/>\n\t\t<meta property=\"og:description\" content=\"A Pol\u00edcia Civil de Muria\u00e9, ap\u00f3s dois meses de investiga\u00e7\u00f5es, cumpriu mandado de pris\u00e3o tempor\u00e1ria de D. M. T. O., de 21 anos, na manh\u00e3 de segunda-feira (28). O indiv\u00edduo foi surpreendido enquanto dormia no interior de sua resid\u00eancia no Bairro Aeroporto. No momento da pris\u00e3o, foi encontrado com ele um rev\u00f3lver de calibre 38\" \/>\n\t\t<meta property=\"og:url\" content=\"https:\/\/anoticiaonline.com.br\/site\/preso-acusado-de-cometer-diversos-roubos-em-muriae\/\" \/>\n\t\t<meta property=\"og:image\" content=\"https:\/\/scontent-gig4-1.xx.fbcdn.net\/v\/t39.30808-1\/270437624_4564083193639691_6907940295614233970_n.jpg?stp=dst-jpg_s200x200_tt6&#038;_nc_cat=111&#038;ccb=1-7&#038;_nc_sid=f907e8&#038;_nc_ohc=SM1wRlP3lJwQ7kNvwEPuBYA&#038;_nc_oc=AdnqrjDN_BNjSSHWO-GbkIWH6fkGMLw4bqvL_NH6e2wMveX7G-rP2dAqsDSq1mJMOaY&#038;_nc_zt=24&#038;_nc_ht=scontent-gig4-1.xx&#038;_nc_gid=AoBFJeGrT1hVaew_6rchkQ&#038;oh=00_AfX7QmFGhQhG2jAllVgXCiM1ZrWgvtp80-Bfppyexh1QEg&#038;oe=689E923C\" \/>\n\t\t<meta property=\"og:image:secure_url\" content=\"https:\/\/scontent-gig4-1.xx.fbcdn.net\/v\/t39.30808-1\/270437624_4564083193639691_6907940295614233970_n.jpg?stp=dst-jpg_s200x200_tt6&#038;_nc_cat=111&#038;ccb=1-7&#038;_nc_sid=f907e8&#038;_nc_ohc=SM1wRlP3lJwQ7kNvwEPuBYA&#038;_nc_oc=AdnqrjDN_BNjSSHWO-GbkIWH6fkGMLw4bqvL_NH6e2wMveX7G-rP2dAqsDSq1mJMOaY&#038;_nc_zt=24&#038;_nc_ht=scontent-gig4-1.xx&#038;_nc_gid=AoBFJeGrT1hVaew_6rchkQ&#038;oh=00_AfX7QmFGhQhG2jAllVgXCiM1ZrWgvtp80-Bfppyexh1QEg&#038;oe=689E923C\" \/>\n\t\t<meta property=\"article:published_time\" content=\"2017-08-31T22:30:09+00:00\" \/>\n\t\t<meta property=\"article:modified_time\" content=\"2017-08-31T22:30:09+00:00\" \/>\n\t\t<meta name=\"twitter:card\" content=\"summary_large_image\" \/>\n\t\t<meta name=\"twitter:title\" content=\"Preso acusado de cometer diversos roubos em Muria\u00e9 - A Not\u00edcia Online\" \/>\n\t\t<meta name=\"twitter:description\" content=\"A Pol\u00edcia Civil de Muria\u00e9, ap\u00f3s dois meses de investiga\u00e7\u00f5es, cumpriu mandado de pris\u00e3o tempor\u00e1ria de D. M. T. O., de 21 anos, na manh\u00e3 de segunda-feira (28). O indiv\u00edduo foi surpreendido enquanto dormia no interior de sua resid\u00eancia no Bairro Aeroporto. No momento da pris\u00e3o, foi encontrado com ele um rev\u00f3lver de calibre 38\" \/>\n\t\t<meta name=\"twitter:image\" content=\"https:\/\/scontent-gig4-1.xx.fbcdn.net\/v\/t39.30808-1\/270437624_4564083193639691_6907940295614233970_n.jpg?stp=dst-jpg_s200x200_tt6&amp;_nc_cat=111&amp;ccb=1-7&amp;_nc_sid=f907e8&amp;_nc_ohc=SM1wRlP3lJwQ7kNvwEPuBYA&amp;_nc_oc=AdnqrjDN_BNjSSHWO-GbkIWH6fkGMLw4bqvL_NH6e2wMveX7G-rP2dAqsDSq1mJMOaY&amp;_nc_zt=24&amp;_nc_ht=scontent-gig4-1.xx&amp;_nc_gid=AoBFJeGrT1hVaew_6rchkQ&amp;oh=00_AfX7QmFGhQhG2jAllVgXCiM1ZrWgvtp80-Bfppyexh1QEg&amp;oe=689E923C\" \/>\n\t\t<script type=\"application\/ld+json\" class=\"aioseo-schema\">\n\t\t\t{\"@context\":\"https:\\\/\\\/schema.org\",\"@graph\":[{\"@type\":\"BlogPosting\",\"@id\":\"https:\\\/\\\/anoticiaonline.com.br\\\/site\\\/preso-acusado-de-cometer-diversos-roubos-em-muriae\\\/#blogposting\",\"name\":\"Preso acusado de cometer diversos roubos em Muria\\u00e9 - A Not\\u00edcia Online\",\"headline\":\"Preso acusado de cometer diversos roubos em Muria\\u00e9\",\"author\":{\"@id\":\"https:\\\/\\\/anoticiaonline.com.br\\\/site\\\/author\\\/juliana\\\/#author\"},\"publisher\":{\"@id\":\"https:\\\/\\\/anoticiaonline.com.br\\\/site\\\/#organization\"},\"image\":{\"@type\":\"ImageObject\",\"url\":\"https:\\\/\\\/anoticiaonline.com.br\\\/site\\\/wp-content\\\/uploads\\\/2017\\\/08\\\/Preso-acusado-de-cometer-diversos-roubos-em-Muria\\u00e9.jpeg\",\"width\":480,\"height\":640},\"datePublished\":\"2017-08-31T19:30:09-03:00\",\"dateModified\":\"2017-08-31T19:30:09-03:00\",\"inLanguage\":\"pt-BR\",\"mainEntityOfPage\":{\"@id\":\"https:\\\/\\\/anoticiaonline.com.br\\\/site\\\/preso-acusado-de-cometer-diversos-roubos-em-muriae\\\/#webpage\"},\"isPartOf\":{\"@id\":\"https:\\\/\\\/anoticiaonline.com.br\\\/site\\\/preso-acusado-de-cometer-diversos-roubos-em-muriae\\\/#webpage\"},\"articleSection\":\"Blog, acusado, Muria\\u00e9, preso, roubo\"},{\"@type\":\"BreadcrumbList\",\"@id\":\"https:\\\/\\\/anoticiaonline.com.br\\\/site\\\/preso-acusado-de-cometer-diversos-roubos-em-muriae\\\/#breadcrumblist\",\"itemListElement\":[{\"@type\":\"ListItem\",\"@id\":\"https:\\\/\\\/anoticiaonline.com.br\\\/site#listItem\",\"position\":1,\"name\":\"Home\",\"item\":\"https:\\\/\\\/anoticiaonline.com.br\\\/site\",\"nextItem\":{\"@type\":\"ListItem\",\"@id\":\"https:\\\/\\\/anoticiaonline.com.br\\\/site\\\/categoria\\\/muriae\\\/#listItem\",\"name\":\"Blog\"}},{\"@type\":\"ListItem\",\"@id\":\"https:\\\/\\\/anoticiaonline.com.br\\\/site\\\/categoria\\\/muriae\\\/#listItem\",\"position\":2,\"name\":\"Blog\",\"item\":\"https:\\\/\\\/anoticiaonline.com.br\\\/site\\\/categoria\\\/muriae\\\/\",\"nextItem\":{\"@type\":\"ListItem\",\"@id\":\"https:\\\/\\\/anoticiaonline.com.br\\\/site\\\/preso-acusado-de-cometer-diversos-roubos-em-muriae\\\/#listItem\",\"name\":\"Preso acusado de cometer diversos roubos em Muria\\u00e9\"},\"previousItem\":{\"@type\":\"ListItem\",\"@id\":\"https:\\\/\\\/anoticiaonline.com.br\\\/site#listItem\",\"name\":\"Home\"}},{\"@type\":\"ListItem\",\"@id\":\"https:\\\/\\\/anoticiaonline.com.br\\\/site\\\/preso-acusado-de-cometer-diversos-roubos-em-muriae\\\/#listItem\",\"position\":3,\"name\":\"Preso acusado de cometer diversos roubos em Muria\\u00e9\",\"previousItem\":{\"@type\":\"ListItem\",\"@id\":\"https:\\\/\\\/anoticiaonline.com.br\\\/site\\\/categoria\\\/muriae\\\/#listItem\",\"name\":\"Blog\"}}]},{\"@type\":\"Organization\",\"@id\":\"https:\\\/\\\/anoticiaonline.com.br\\\/site\\\/#organization\",\"name\":\"A Not\\u00edcia Online\",\"description\":\"Noticias de Muria\\u00e9 e regi\\u00e3o\",\"url\":\"https:\\\/\\\/anoticiaonline.com.br\\\/site\\\/\",\"logo\":{\"@type\":\"ImageObject\",\"url\":\"https:\\\/\\\/scontent-gig4-1.xx.fbcdn.net\\\/v\\\/t39.30808-1\\\/270437624_4564083193639691_6907940295614233970_n.jpg?stp=dst-jpg_s200x200_tt6&_nc_cat=111&ccb=1-7&_nc_sid=f907e8&_nc_ohc=SM1wRlP3lJwQ7kNvwEPuBYA&_nc_oc=AdnqrjDN_BNjSSHWO-GbkIWH6fkGMLw4bqvL_NH6e2wMveX7G-rP2dAqsDSq1mJMOaY&_nc_zt=24&_nc_ht=scontent-gig4-1.xx&_nc_gid=AoBFJeGrT1hVaew_6rchkQ&oh=00_AfX7QmFGhQhG2jAllVgXCiM1ZrWgvtp80-Bfppyexh1QEg&oe=689E923C\",\"@id\":\"https:\\\/\\\/anoticiaonline.com.br\\\/site\\\/preso-acusado-de-cometer-diversos-roubos-em-muriae\\\/#organizationLogo\"},\"image\":{\"@id\":\"https:\\\/\\\/anoticiaonline.com.br\\\/site\\\/preso-acusado-de-cometer-diversos-roubos-em-muriae\\\/#organizationLogo\"}},{\"@type\":\"Person\",\"@id\":\"https:\\\/\\\/anoticiaonline.com.br\\\/site\\\/author\\\/juliana\\\/#author\",\"url\":\"https:\\\/\\\/anoticiaonline.com.br\\\/site\\\/author\\\/juliana\\\/\",\"name\":\"Juliana Laviola\",\"image\":{\"@type\":\"ImageObject\",\"@id\":\"https:\\\/\\\/anoticiaonline.com.br\\\/site\\\/preso-acusado-de-cometer-diversos-roubos-em-muriae\\\/#authorImage\",\"url\":\"https:\\\/\\\/secure.gravatar.com\\\/avatar\\\/b8d45f5c699b100dfaf0e543582f38f38bf94cb7ae3a5e9abf8d891a34773335?s=96&d=mm&r=g\",\"width\":96,\"height\":96,\"caption\":\"Juliana Laviola\"}},{\"@type\":\"WebPage\",\"@id\":\"https:\\\/\\\/anoticiaonline.com.br\\\/site\\\/preso-acusado-de-cometer-diversos-roubos-em-muriae\\\/#webpage\",\"url\":\"https:\\\/\\\/anoticiaonline.com.br\\\/site\\\/preso-acusado-de-cometer-diversos-roubos-em-muriae\\\/\",\"name\":\"Preso acusado de cometer diversos roubos em Muria\\u00e9 - A Not\\u00edcia Online\",\"description\":\"A Pol\\u00edcia Civil de Muria\\u00e9, ap\\u00f3s dois meses de investiga\\u00e7\\u00f5es, cumpriu mandado de pris\\u00e3o tempor\\u00e1ria de D. M. T. O., de 21 anos, na manh\\u00e3 de segunda-feira (28). O indiv\\u00edduo foi surpreendido enquanto dormia no interior de sua resid\\u00eancia no Bairro Aeroporto. No momento da pris\\u00e3o, foi encontrado com ele um rev\\u00f3lver de calibre 38\",\"inLanguage\":\"pt-BR\",\"isPartOf\":{\"@id\":\"https:\\\/\\\/anoticiaonline.com.br\\\/site\\\/#website\"},\"breadcrumb\":{\"@id\":\"https:\\\/\\\/anoticiaonline.com.br\\\/site\\\/preso-acusado-de-cometer-diversos-roubos-em-muriae\\\/#breadcrumblist\"},\"author\":{\"@id\":\"https:\\\/\\\/anoticiaonline.com.br\\\/site\\\/author\\\/juliana\\\/#author\"},\"creator\":{\"@id\":\"https:\\\/\\\/anoticiaonline.com.br\\\/site\\\/author\\\/juliana\\\/#author\"},\"image\":{\"@type\":\"ImageObject\",\"url\":\"https:\\\/\\\/anoticiaonline.com.br\\\/site\\\/wp-content\\\/uploads\\\/2017\\\/08\\\/Preso-acusado-de-cometer-diversos-roubos-em-Muria\\u00e9.jpeg\",\"@id\":\"https:\\\/\\\/anoticiaonline.com.br\\\/site\\\/preso-acusado-de-cometer-diversos-roubos-em-muriae\\\/#mainImage\",\"width\":480,\"height\":640},\"primaryImageOfPage\":{\"@id\":\"https:\\\/\\\/anoticiaonline.com.br\\\/site\\\/preso-acusado-de-cometer-diversos-roubos-em-muriae\\\/#mainImage\"},\"datePublished\":\"2017-08-31T19:30:09-03:00\",\"dateModified\":\"2017-08-31T19:30:09-03:00\"},{\"@type\":\"WebSite\",\"@id\":\"https:\\\/\\\/anoticiaonline.com.br\\\/site\\\/#website\",\"url\":\"https:\\\/\\\/anoticiaonline.com.br\\\/site\\\/\",\"name\":\"A Not\\u00edcia Online\",\"description\":\"Noticias de Muria\\u00e9 e regi\\u00e3o\",\"inLanguage\":\"pt-BR\",\"publisher\":{\"@id\":\"https:\\\/\\\/anoticiaonline.com.br\\\/site\\\/#organization\"}}]}\n\t\t<\/script>\n\t\t<!-- All in One SEO -->\n\n","aioseo_head_json":{"title":"Preso acusado de cometer diversos roubos em Muria\u00e9 - A Not\u00edcia Online","description":"A Pol\u00edcia Civil de Muria\u00e9, ap\u00f3s dois meses de investiga\u00e7\u00f5es, cumpriu mandado de pris\u00e3o tempor\u00e1ria de D. M. T. O., de 21 anos, na manh\u00e3 de segunda-feira (28). O indiv\u00edduo foi surpreendido enquanto dormia no interior de sua resid\u00eancia no Bairro Aeroporto. No momento da pris\u00e3o, foi encontrado com ele um rev\u00f3lver de calibre 38","canonical_url":"https:\/\/anoticiaonline.com.br\/site\/preso-acusado-de-cometer-diversos-roubos-em-muriae\/","robots":"max-image-preview:large","keywords":"","webmasterTools":{"miscellaneous":""},"schema":{"@context":"https:\/\/schema.org","@graph":[{"@type":"BlogPosting","@id":"https:\/\/anoticiaonline.com.br\/site\/preso-acusado-de-cometer-diversos-roubos-em-muriae\/#blogposting","name":"Preso acusado de cometer diversos roubos em Muria\u00e9 - A Not\u00edcia Online","headline":"Preso acusado de cometer diversos roubos em Muria\u00e9","author":{"@id":"https:\/\/anoticiaonline.com.br\/site\/author\/juliana\/#author"},"publisher":{"@id":"https:\/\/anoticiaonline.com.br\/site\/#organization"},"image":{"@type":"ImageObject","url":"https:\/\/anoticiaonline.com.br\/site\/wp-content\/uploads\/2017\/08\/Preso-acusado-de-cometer-diversos-roubos-em-Muria\u00e9.jpeg","width":480,"height":640},"datePublished":"2017-08-31T19:30:09-03:00","dateModified":"2017-08-31T19:30:09-03:00","inLanguage":"pt-BR","mainEntityOfPage":{"@id":"https:\/\/anoticiaonline.com.br\/site\/preso-acusado-de-cometer-diversos-roubos-em-muriae\/#webpage"},"isPartOf":{"@id":"https:\/\/anoticiaonline.com.br\/site\/preso-acusado-de-cometer-diversos-roubos-em-muriae\/#webpage"},"articleSection":"Blog, acusado, Muria\u00e9, preso, roubo"},{"@type":"BreadcrumbList","@id":"https:\/\/anoticiaonline.com.br\/site\/preso-acusado-de-cometer-diversos-roubos-em-muriae\/#breadcrumblist","itemListElement":[{"@type":"ListItem","@id":"https:\/\/anoticiaonline.com.br\/site#listItem","position":1,"name":"Home","item":"https:\/\/anoticiaonline.com.br\/site","nextItem":{"@type":"ListItem","@id":"https:\/\/anoticiaonline.com.br\/site\/categoria\/muriae\/#listItem","name":"Blog"}},{"@type":"ListItem","@id":"https:\/\/anoticiaonline.com.br\/site\/categoria\/muriae\/#listItem","position":2,"name":"Blog","item":"https:\/\/anoticiaonline.com.br\/site\/categoria\/muriae\/","nextItem":{"@type":"ListItem","@id":"https:\/\/anoticiaonline.com.br\/site\/preso-acusado-de-cometer-diversos-roubos-em-muriae\/#listItem","name":"Preso acusado de cometer diversos roubos em Muria\u00e9"},"previousItem":{"@type":"ListItem","@id":"https:\/\/anoticiaonline.com.br\/site#listItem","name":"Home"}},{"@type":"ListItem","@id":"https:\/\/anoticiaonline.com.br\/site\/preso-acusado-de-cometer-diversos-roubos-em-muriae\/#listItem","position":3,"name":"Preso acusado de cometer diversos roubos em Muria\u00e9","previousItem":{"@type":"ListItem","@id":"https:\/\/anoticiaonline.com.br\/site\/categoria\/muriae\/#listItem","name":"Blog"}}]},{"@type":"Organization","@id":"https:\/\/anoticiaonline.com.br\/site\/#organization","name":"A Not\u00edcia Online","description":"Noticias de Muria\u00e9 e regi\u00e3o","url":"https:\/\/anoticiaonline.com.br\/site\/","logo":{"@type":"ImageObject","url":"https:\/\/scontent-gig4-1.xx.fbcdn.net\/v\/t39.30808-1\/270437624_4564083193639691_6907940295614233970_n.jpg?stp=dst-jpg_s200x200_tt6&_nc_cat=111&ccb=1-7&_nc_sid=f907e8&_nc_ohc=SM1wRlP3lJwQ7kNvwEPuBYA&_nc_oc=AdnqrjDN_BNjSSHWO-GbkIWH6fkGMLw4bqvL_NH6e2wMveX7G-rP2dAqsDSq1mJMOaY&_nc_zt=24&_nc_ht=scontent-gig4-1.xx&_nc_gid=AoBFJeGrT1hVaew_6rchkQ&oh=00_AfX7QmFGhQhG2jAllVgXCiM1ZrWgvtp80-Bfppyexh1QEg&oe=689E923C","@id":"https:\/\/anoticiaonline.com.br\/site\/preso-acusado-de-cometer-diversos-roubos-em-muriae\/#organizationLogo"},"image":{"@id":"https:\/\/anoticiaonline.com.br\/site\/preso-acusado-de-cometer-diversos-roubos-em-muriae\/#organizationLogo"}},{"@type":"Person","@id":"https:\/\/anoticiaonline.com.br\/site\/author\/juliana\/#author","url":"https:\/\/anoticiaonline.com.br\/site\/author\/juliana\/","name":"Juliana Laviola","image":{"@type":"ImageObject","@id":"https:\/\/anoticiaonline.com.br\/site\/preso-acusado-de-cometer-diversos-roubos-em-muriae\/#authorImage","url":"https:\/\/secure.gravatar.com\/avatar\/b8d45f5c699b100dfaf0e543582f38f38bf94cb7ae3a5e9abf8d891a34773335?s=96&d=mm&r=g","width":96,"height":96,"caption":"Juliana Laviola"}},{"@type":"WebPage","@id":"https:\/\/anoticiaonline.com.br\/site\/preso-acusado-de-cometer-diversos-roubos-em-muriae\/#webpage","url":"https:\/\/anoticiaonline.com.br\/site\/preso-acusado-de-cometer-diversos-roubos-em-muriae\/","name":"Preso acusado de cometer diversos roubos em Muria\u00e9 - A Not\u00edcia Online","description":"A Pol\u00edcia Civil de Muria\u00e9, ap\u00f3s dois meses de investiga\u00e7\u00f5es, cumpriu mandado de pris\u00e3o tempor\u00e1ria de D. M. T. O., de 21 anos, na manh\u00e3 de segunda-feira (28). O indiv\u00edduo foi surpreendido enquanto dormia no interior de sua resid\u00eancia no Bairro Aeroporto. No momento da pris\u00e3o, foi encontrado com ele um rev\u00f3lver de calibre 38","inLanguage":"pt-BR","isPartOf":{"@id":"https:\/\/anoticiaonline.com.br\/site\/#website"},"breadcrumb":{"@id":"https:\/\/anoticiaonline.com.br\/site\/preso-acusado-de-cometer-diversos-roubos-em-muriae\/#breadcrumblist"},"author":{"@id":"https:\/\/anoticiaonline.com.br\/site\/author\/juliana\/#author"},"creator":{"@id":"https:\/\/anoticiaonline.com.br\/site\/author\/juliana\/#author"},"image":{"@type":"ImageObject","url":"https:\/\/anoticiaonline.com.br\/site\/wp-content\/uploads\/2017\/08\/Preso-acusado-de-cometer-diversos-roubos-em-Muria\u00e9.jpeg","@id":"https:\/\/anoticiaonline.com.br\/site\/preso-acusado-de-cometer-diversos-roubos-em-muriae\/#mainImage","width":480,"height":640},"primaryImageOfPage":{"@id":"https:\/\/anoticiaonline.com.br\/site\/preso-acusado-de-cometer-diversos-roubos-em-muriae\/#mainImage"},"datePublished":"2017-08-31T19:30:09-03:00","dateModified":"2017-08-31T19:30:09-03:00"},{"@type":"WebSite","@id":"https:\/\/anoticiaonline.com.br\/site\/#website","url":"https:\/\/anoticiaonline.com.br\/site\/","name":"A Not\u00edcia Online","description":"Noticias de Muria\u00e9 e regi\u00e3o","inLanguage":"pt-BR","publisher":{"@id":"https:\/\/anoticiaonline.com.br\/site\/#organization"}}]},"og:locale":"pt_BR","og:site_name":"A Not\u00edcia Online - Noticias de Muria\u00e9 e regi\u00e3o","og:type":"article","og:title":"Preso acusado de cometer diversos roubos em Muria\u00e9 - A Not\u00edcia Online","og:description":"A Pol\u00edcia Civil de Muria\u00e9, ap\u00f3s dois meses de investiga\u00e7\u00f5es, cumpriu mandado de pris\u00e3o tempor\u00e1ria de D. M. T. O., de 21 anos, na manh\u00e3 de segunda-feira (28). O indiv\u00edduo foi surpreendido enquanto dormia no interior de sua resid\u00eancia no Bairro Aeroporto. No momento da pris\u00e3o, foi encontrado com ele um rev\u00f3lver de calibre 38","og:url":"https:\/\/anoticiaonline.com.br\/site\/preso-acusado-de-cometer-diversos-roubos-em-muriae\/","og:image":"https:\/\/scontent-gig4-1.xx.fbcdn.net\/v\/t39.30808-1\/270437624_4564083193639691_6907940295614233970_n.jpg?stp=dst-jpg_s200x200_tt6&#038;_nc_cat=111&#038;ccb=1-7&#038;_nc_sid=f907e8&#038;_nc_ohc=SM1wRlP3lJwQ7kNvwEPuBYA&#038;_nc_oc=AdnqrjDN_BNjSSHWO-GbkIWH6fkGMLw4bqvL_NH6e2wMveX7G-rP2dAqsDSq1mJMOaY&#038;_nc_zt=24&#038;_nc_ht=scontent-gig4-1.xx&#038;_nc_gid=AoBFJeGrT1hVaew_6rchkQ&#038;oh=00_AfX7QmFGhQhG2jAllVgXCiM1ZrWgvtp80-Bfppyexh1QEg&#038;oe=689E923C","og:image:secure_url":"https:\/\/scontent-gig4-1.xx.fbcdn.net\/v\/t39.30808-1\/270437624_4564083193639691_6907940295614233970_n.jpg?stp=dst-jpg_s200x200_tt6&#038;_nc_cat=111&#038;ccb=1-7&#038;_nc_sid=f907e8&#038;_nc_ohc=SM1wRlP3lJwQ7kNvwEPuBYA&#038;_nc_oc=AdnqrjDN_BNjSSHWO-GbkIWH6fkGMLw4bqvL_NH6e2wMveX7G-rP2dAqsDSq1mJMOaY&#038;_nc_zt=24&#038;_nc_ht=scontent-gig4-1.xx&#038;_nc_gid=AoBFJeGrT1hVaew_6rchkQ&#038;oh=00_AfX7QmFGhQhG2jAllVgXCiM1ZrWgvtp80-Bfppyexh1QEg&#038;oe=689E923C","article:published_time":"2017-08-31T22:30:09+00:00","article:modified_time":"2017-08-31T22:30:09+00:00","twitter:card":"summary_large_image","twitter:title":"Preso acusado de cometer diversos roubos em Muria\u00e9 - A Not\u00edcia Online","twitter:description":"A Pol\u00edcia Civil de Muria\u00e9, ap\u00f3s dois meses de investiga\u00e7\u00f5es, cumpriu mandado de pris\u00e3o tempor\u00e1ria de D. M. T. O., de 21 anos, na manh\u00e3 de segunda-feira (28). O indiv\u00edduo foi surpreendido enquanto dormia no interior de sua resid\u00eancia no Bairro Aeroporto. No momento da pris\u00e3o, foi encontrado com ele um rev\u00f3lver de calibre 38","twitter:image":"https:\/\/scontent-gig4-1.xx.fbcdn.net\/v\/t39.30808-1\/270437624_4564083193639691_6907940295614233970_n.jpg?stp=dst-jpg_s200x200_tt6&_nc_cat=111&ccb=1-7&_nc_sid=f907e8&_nc_ohc=SM1wRlP3lJwQ7kNvwEPuBYA&_nc_oc=AdnqrjDN_BNjSSHWO-GbkIWH6fkGMLw4bqvL_NH6e2wMveX7G-rP2dAqsDSq1mJMOaY&_nc_zt=24&_nc_ht=scontent-gig4-1.xx&_nc_gid=AoBFJeGrT1hVaew_6rchkQ&oh=00_AfX7QmFGhQhG2jAllVgXCiM1ZrWgvtp80-Bfppyexh1QEg&oe=689E923C"},"aioseo_meta_data":{"post_id":"39876","title":null,"description":null,"keywords":null,"keyphrases":null,"primary_term":null,"canonical_url":null,"og_title":null,"og_description":null,"og_object_type":"default","og_image_type":"default","og_image_url":null,"og_image_width":null,"og_image_height":null,"og_image_custom_url":null,"og_image_custom_fields":null,"og_video":null,"og_custom_url":null,"og_article_section":null,"og_article_tags":null,"twitter_use_og":false,"twitter_card":"default","twitter_image_type":"default","twitter_image_url":null,"twitter_image_custom_url":null,"twitter_image_custom_fields":null,"twitter_title":null,"twitter_description":null,"schema":{"blockGraphs":[],"customGraphs":[],"default":{"data":{"Article":[],"Course":[],"Dataset":[],"FAQPage":[],"Movie":[],"Person":[],"Product":[],"ProductReview":[],"Car":[],"Recipe":[],"Service":[],"SoftwareApplication":[],"WebPage":[]},"graphName":"","isEnabled":true},"graphs":[]},"schema_type":"default","schema_type_options":null,"pillar_content":false,"robots_default":true,"robots_noindex":false,"robots_noarchive":false,"robots_nosnippet":false,"robots_nofollow":false,"robots_noimageindex":false,"robots_noodp":false,"robots_notranslate":false,"robots_max_snippet":null,"robots_max_videopreview":null,"robots_max_imagepreview":"large","priority":null,"frequency":null,"local_seo":null,"breadcrumb_settings":null,"limit_modified_date":false,"ai":null,"created":"2025-08-16 19:24:38","updated":"2025-08-16 19:24:38","focus_keyword":null,"additional_keywords":null,"truseo_locale":null,"seo_analyzer_scan_date":null},"aioseo_breadcrumb":"<div class=\"aioseo-breadcrumbs\"><span class=\"aioseo-breadcrumb\">\n\t\t\t<a href=\"https:\/\/anoticiaonline.com.br\/site\" title=\"Home\">Home<\/a>\n\t\t<\/span><span class=\"aioseo-breadcrumb-separator\">&raquo;<\/span><span class=\"aioseo-breadcrumb\">\n\t\t\t<a href=\"https:\/\/anoticiaonline.com.br\/site\/categoria\/muriae\/\" title=\"Blog\">Blog<\/a>\n\t\t<\/span><span class=\"aioseo-breadcrumb-separator\">&raquo;<\/span><span class=\"aioseo-breadcrumb\">\n\t\t\tPreso acusado de cometer diversos roubos em Muria\u00e9\n\t\t<\/span><\/div>","aioseo_breadcrumb_json":[{"label":"Home","link":"https:\/\/anoticiaonline.com.br\/site"},{"label":"Blog","link":"https:\/\/anoticiaonline.com.br\/site\/categoria\/muriae\/"},{"label":"Preso acusado de cometer diversos roubos em Muria\u00e9","link":"https:\/\/anoticiaonline.com.br\/site\/preso-acusado-de-cometer-diversos-roubos-em-muriae\/"}],"views":163,"_links":{"self":[{"href":"https:\/\/anoticiaonline.com.br\/site\/wp-json\/wp\/v2\/posts\/39876","targetHints":{"allow":["GET"]}}],"collection":[{"href":"https:\/\/anoticiaonline.com.br\/site\/wp-json\/wp\/v2\/posts"}],"about":[{"href":"https:\/\/anoticiaonline.com.br\/site\/wp-json\/wp\/v2\/types\/post"}],"author":[{"embeddable":true,"href":"https:\/\/anoticiaonline.com.br\/site\/wp-json\/wp\/v2\/users\/2"}],"replies":[{"embeddable":true,"href":"https:\/\/anoticiaonline.com.br\/site\/wp-json\/wp\/v2\/comments?post=39876"}],"version-history":[{"count":0,"href":"https:\/\/anoticiaonline.com.br\/site\/wp-json\/wp\/v2\/posts\/39876\/revisions"}],"wp:featuredmedia":[{"embeddable":true,"href":"https:\/\/anoticiaonline.com.br\/site\/wp-json\/wp\/v2\/media\/39877"}],"wp:attachment":[{"href":"https:\/\/anoticiaonline.com.br\/site\/wp-json\/wp\/v2\/media?parent=39876"}],"wp:term":[{"taxonomy":"category","embeddable":true,"href":"https:\/\/anoticiaonline.com.br\/site\/wp-json\/wp\/v2\/categories?post=39876"},{"taxonomy":"post_tag","embeddable":true,"href":"https:\/\/anoticiaonline.com.br\/site\/wp-json\/wp\/v2\/tags?post=39876"}],"curies":[{"name":"wp","href":"https:\/\/api.w.org\/{rel}","templated":true}]}}