{"id":39505,"date":"2017-08-26T16:00:39","date_gmt":"2017-08-26T19:00:39","guid":{"rendered":"http:\/\/anoticiaonline.com.br\/site\/?p=39505"},"modified":"2017-08-24T21:49:23","modified_gmt":"2017-08-25T00:49:23","slug":"psicologa-paula-castro-fala-sobre-os-desafios-e-curiosidades-sobre-sua-profissao","status":"publish","type":"post","link":"https:\/\/anoticiaonline.com.br\/site\/psicologa-paula-castro-fala-sobre-os-desafios-e-curiosidades-sobre-sua-profissao\/","title":{"rendered":"Psic\u00f3loga Paula Castro fala sobre os desafios e curiosidades sobre sua profiss\u00e3o"},"content":{"rendered":"<p><a href=\"https:\/\/anoticiaonline.com.br\/site\/wp-content\/uploads\/2017\/08\/5.jpg\"><img fetchpriority=\"high\" decoding=\"async\" class=\"alignleft size-medium wp-image-39507\" src=\"https:\/\/anoticiaonline.com.br\/site\/wp-content\/uploads\/2017\/08\/5-300x200.jpg\" alt=\"\" width=\"300\" height=\"200\" srcset=\"https:\/\/anoticiaonline.com.br\/site\/wp-content\/uploads\/2017\/08\/5-300x200.jpg 300w, https:\/\/anoticiaonline.com.br\/site\/wp-content\/uploads\/2017\/08\/5-290x192.jpg 290w, https:\/\/anoticiaonline.com.br\/site\/wp-content\/uploads\/2017\/08\/5.jpg 640w\" sizes=\"(max-width: 300px) 100vw, 300px\" \/><\/a> <a href=\"https:\/\/anoticiaonline.com.br\/site\/wp-content\/uploads\/2017\/08\/6.jpg\"><img decoding=\"async\" class=\"alignleft size-medium wp-image-39508\" src=\"https:\/\/anoticiaonline.com.br\/site\/wp-content\/uploads\/2017\/08\/6-300x200.jpg\" alt=\"\" width=\"300\" height=\"200\" srcset=\"https:\/\/anoticiaonline.com.br\/site\/wp-content\/uploads\/2017\/08\/6-300x200.jpg 300w, https:\/\/anoticiaonline.com.br\/site\/wp-content\/uploads\/2017\/08\/6-290x192.jpg 290w, https:\/\/anoticiaonline.com.br\/site\/wp-content\/uploads\/2017\/08\/6.jpg 640w\" sizes=\"(max-width: 300px) 100vw, 300px\" \/><\/a>Devido ao Dia do Psic\u00f3logo, comemorado no dia 27 deste m\u00eas, o jornal A Not\u00edcia convidou a profissional Paula Castro dos Santos, propriet\u00e1ria da Cl\u00ednica Cognitiva, para falar sobre os desafios e curiosidades sobre a categoria no Brasil.<\/p>\n<p><strong>AN- Paula, h\u00e1 quanto tempo voc\u00ea atua na \u00e1rea?<\/strong><\/p>\n<p><strong>Paula Castro &#8211; <\/strong>Estou atuando desde setembro de 2009.<\/p>\n<p><strong>AN- Quando surgiu o desejo de ser psic\u00f3loga?<\/strong><\/p>\n<p><strong>Paula Castro \u2013 <\/strong>Eu sempre me vi ajudando outras pessoas. De repente, surgiu uma curiosidade pela psicologia. Ent\u00e3o, quando ingressei na faculdade, vi que aquele era o meu futuro e que eu tinha feito a escolha certa.<\/p>\n<p><strong>AN- Algumas pessoas ainda consideram o tratamento com terapeutas e psic\u00f3logos uma atividade de \u201cluxo\u201d ou que est\u00e3o \u201cloucas\u201d e n\u00e3o com a necessidade de aux\u00edlio na cura de certas doen\u00e7as. Por que voc\u00ea acha que ainda existe este tipo de pensamento?<\/strong><\/p>\n<p><strong>Paula Castro \u2013 <\/strong>N\u00e3o s\u00e3o todas, mas algumas pessoas ainda t\u00eam certo preconceito em rela\u00e7\u00e3o ao trabalho do psic\u00f3logo. Ainda possuem a imagem de que o indiv\u00edduo est\u00e1 doente ou \u201clouco\u201d. Isso prejudica muito, pois acabam n\u00e3o buscando ajuda para tratarem o psicol\u00f3gico ou lidarem com determinadas situa\u00e7\u00f5es.<\/p>\n<p>Algumas pessoas acham que n\u00e3o somente \u00e9 um tratamento de \u201cluxo\u201d, mas tamb\u00e9m pensam que \u00e9 algo de pouca necessidade. S\u00f3 procuram o profissional quando chegam ao extremo ou j\u00e1 n\u00e3o conseguem mais ter equil\u00edbrio em sua pr\u00f3pria vida.<\/p>\n<p><strong>AN- Existe uma idade para come\u00e7ar a frequentar sess\u00f5es de terapia?<\/strong><\/p>\n<p><strong>Paula Castro \u2013 <\/strong>N\u00e3o existe uma idade certa para iniciar um tratamento. \u00c9 claro que, com crian\u00e7as muito pequenas, \u00e9 preciso entender, \u00e0s vezes, a rela\u00e7\u00e3o pai e filho. Talvez sejam quest\u00f5es que envolvam limites e regras.<\/p>\n<p><strong>AN- H\u00e1 um tempo, voc\u00ea decidiu abrir a Cl\u00ednica Cognitiva que consiste no trabalho integrado e inovador de diversos profissionais. Qual foi a ideia que te motivou a abrir um espa\u00e7o como este em Muria\u00e9?<\/strong><\/p>\n<p><strong>Paula Castro \u2013 <\/strong>Eu percebia que, em alguns momentos, os profissionais n\u00e3o tinham muito contato para dialogar e buscar uma alternativa melhor para determinado paciente. Quando eu abri a cl\u00ednica foi justamente para isso, para poder sentar com os colegas e tra\u00e7ar objetivos para o paciente com resultados positivos.<\/p>\n<p><strong>AN- Atualmente, quais os profissionais atuam na Cl\u00ednica Cognitiva? <\/strong><\/p>\n<p><strong>Paula Castro \u2013 <\/strong>Neste momento, eu como psic\u00f3loga, a Denise Dornelas como fonoaudi\u00f3loga, a Rita de C\u00e1ssia como psicopedagoga, o Rodrigo Vilhena como m\u00e9dico psiquiatra, a Annaelise Soares como terapeuta ocupacional e a Andr\u00e9ia Pedrosa como fisioterapeuta.<\/p>\n<p><strong>AN- Como funcionam os atendimentos?<\/strong><\/p>\n<p><strong>Paula Castro \u2013 <\/strong>S\u00e3o atendimentos individuais e com hor\u00e1rios pr\u00e9-agendados. Agora, estamos com uma proposta inovadora que ser\u00e1 um trabalho em conjunto das profissionais de terapia ocupacional e de fisioterapia, voltado para pessoas idosas. Consiste em um projeto \u00fanico em nossa cidade, onde ser\u00e3o exercitados a coordena\u00e7\u00e3o motora, agilidade, mem\u00f3ria, percep\u00e7\u00e3o e movimentos.<\/p>\n<p><strong>AN- Sobre o Dia do Psic\u00f3logo, a classe tem muito que comemorar ou ainda h\u00e1 muito que conquistar e ser trabalhado?<\/strong><\/p>\n<p><strong>Paula Castro \u2013 <\/strong>\u00c9 uma luta constante para conquistar nosso espa\u00e7o e sermos reconhecidos. Querendo ou n\u00e3o, a psicologia hoje, no Brasil, tem s\u00f3 55 anos. Somente hoje os profissionais t\u00eam ganhado mais reconhecimento, bem diferente do que era h\u00e1 um tempo.<\/p>\n<p><strong>AN- Voc\u00ea acredita que este reconhecimento cresceu pela vida agitada que as pessoas levam hoje em dia?<\/strong><\/p>\n<p><strong>Paula Castro \u2013 <\/strong>Sim. Acho que as pessoas come\u00e7aram a perceber que elas n\u00e3o d\u00e3o conta de lidar com certas situa\u00e7\u00f5es e buscam a ajuda do profissional. Este reconhecimento, de procurar ajuda e buscar o profissional certo \u00e9 o passo mais dif\u00edcil. Assim, as pessoas come\u00e7am a perceber que este tratamento pode ser bom para o filho ou para outros entes pr\u00f3ximos. Isso j\u00e1 \u00e9 uma quebra de paradigma. Precisamos mudar certas perspectivas. Isso tamb\u00e9m \u00e9 percebido nos trabalhos interdisciplinares. Por exemplo, o fonoaudi\u00f3logo pode perceber que alguma dificuldade na fala pode melhorar com o aux\u00edlio de um psic\u00f3logo.<\/p>\n<p>Acredito que ainda temos muito que crescer como profissional. Algumas pessoas n\u00e3o conhecem bem o trabalho do psic\u00f3logo S\u00e3o cinco anos de curso, al\u00e9m das especializa\u00e7\u00f5es, supervis\u00f5es e congressos que realizamos. \u00a0Estamos em constante forma\u00e7\u00e3o.<\/p>\n<p><strong>AN- Quais s\u00e3o suas especializa\u00e7\u00f5es? <\/strong><\/p>\n<p><strong>Paula Castro \u2013 <\/strong>Fiz uma especializa\u00e7\u00e3o em Desenvolvimento Humano, na Universidade Federal de Juiz de Fora (UFJF); uma em Terapia Cognitiva, em Buenos Aires; uma em Psiquiatria Mental e, agora, estou terminando uma p\u00f3s-gradua\u00e7\u00e3o em Neuropsicologia, que \u00e9 uma a\u00e7\u00e3o nova no mercado que j\u00e1 tem tido bastante procura.<\/p>\n<p><strong>AN- Gostaria de deixar uma mensagem final? <\/strong><\/p>\n<p><strong>Paula Castro \u2013 <\/strong>Que as pessoas reconhe\u00e7am a import\u00e2ncia do profissional de psicologia, para que elas possam confiar no tratamento oferecido e na disponibilidade para ajudar na percep\u00e7\u00e3o de determinados problemas.<\/p>\n<p><strong>Sobre o Dia do Psic\u00f3logo &#8211;<\/strong> No Brasil, o Dia do Psic\u00f3logo \u00e9 comemorado em 27 de agosto em homenagem a data da regulamenta\u00e7\u00e3o desta profiss\u00e3o no pa\u00eds, atrav\u00e9s do Decreto de Lei n\u00ba 4.119, de 27 de agosto de 1964.<\/p>\n<p><strong>Sobre a Cl\u00ednica Cognitiva &#8211; <\/strong>Localizada na Rua Arthur Bernardes, 146, Centro (pr\u00f3ximo ao F\u00f3rum), a cl\u00ednica atende crian\u00e7as, adolescentes, adultos, portadores de necessidades especiais, pessoas com transtornos psiqui\u00e1trico, comportamental, com dist\u00farbios da linguagem e da aprendizagem.<img decoding=\"async\" class=\"ngg_displayed_gallery mceItem\" src=\"https:\/\/anoticiaonline.com.br\/site\/nextgen-attach_to_post\/preview\/id--39523\" \/><\/p>\n","protected":false},"excerpt":{"rendered":"<p>Devido ao Dia do Psic\u00f3logo, comemorado no dia 27 deste m\u00eas, o jornal A Not\u00edcia convidou a profissional Paula Castro dos Santos, propriet\u00e1ria da Cl\u00ednica Cognitiva, para falar sobre os desafios e curiosidades sobre a categoria no Brasil. AN- Paula, h\u00e1 quanto tempo voc\u00ea atua na \u00e1rea? Paula Castro &#8211; Estou atuando desde setembro de &#8230; <a title=\"Psic\u00f3loga Paula Castro fala sobre os desafios e curiosidades sobre sua profiss\u00e3o\" class=\"read-more\" href=\"https:\/\/anoticiaonline.com.br\/site\/psicologa-paula-castro-fala-sobre-os-desafios-e-curiosidades-sobre-sua-profissao\/\" aria-label=\"Read more about Psic\u00f3loga Paula Castro fala sobre os desafios e curiosidades sobre sua profiss\u00e3o\">Ler mais<\/a><\/p>\n","protected":false},"author":2,"featured_media":39508,"comment_status":"open","ping_status":"open","sticky":false,"template":"","format":"standard","meta":{"_acf_changed":false,"_monsterinsights_skip_tracking":false,"footnotes":""},"categories":[1],"tags":[211,1010,1011,74,1009,3],"class_list":["post-39505","post","type-post","status-publish","format-standard","has-post-thumbnail","hentry","category-gerais","tag-a-noticia","tag-clinica-cognitiva","tag-dia-do-psicologo","tag-muriae","tag-paula-castro","tag-slide"],"acf":[],"aioseo_notices":[],"aioseo_head":"\n\t\t<!-- All in One SEO 5.0.0.1 - aioseo.com -->\n\t<meta name=\"description\" content=\"Devido ao Dia do Psic\u00f3logo, comemorado no dia 27 deste m\u00eas, o jornal A Not\u00edcia convidou a profissional Paula Castro dos Santos, propriet\u00e1ria da Cl\u00ednica Cognitiva, para falar sobre os desafios e curiosidades sobre a categoria no Brasil. AN- Paula, h\u00e1 quanto tempo voc\u00ea atua na \u00e1rea? Paula Castro - Estou atuando desde setembro de\" \/>\n\t<meta name=\"robots\" content=\"max-image-preview:large\" \/>\n\t<meta name=\"author\" content=\"Juliana Laviola\"\/>\n\t<link rel=\"canonical\" href=\"https:\/\/anoticiaonline.com.br\/site\/psicologa-paula-castro-fala-sobre-os-desafios-e-curiosidades-sobre-sua-profissao\/\" \/>\n\t<meta name=\"generator\" content=\"All in One SEO (AIOSEO) 5.0.0.1\" \/>\n\t\t<meta property=\"og:locale\" content=\"pt_BR\" \/>\n\t\t<meta property=\"og:site_name\" content=\"A Not\u00edcia Online - Noticias de Muria\u00e9 e regi\u00e3o\" \/>\n\t\t<meta property=\"og:type\" content=\"article\" \/>\n\t\t<meta property=\"og:title\" content=\"Psic\u00f3loga Paula Castro fala sobre os desafios e curiosidades sobre sua profiss\u00e3o - A Not\u00edcia Online\" \/>\n\t\t<meta property=\"og:description\" content=\"Devido ao Dia do Psic\u00f3logo, comemorado no dia 27 deste m\u00eas, o jornal A Not\u00edcia convidou a profissional Paula Castro dos Santos, propriet\u00e1ria da Cl\u00ednica Cognitiva, para falar sobre os desafios e curiosidades sobre a categoria no Brasil. AN- Paula, h\u00e1 quanto tempo voc\u00ea atua na \u00e1rea? Paula Castro - Estou atuando desde setembro de\" \/>\n\t\t<meta property=\"og:url\" content=\"https:\/\/anoticiaonline.com.br\/site\/psicologa-paula-castro-fala-sobre-os-desafios-e-curiosidades-sobre-sua-profissao\/\" \/>\n\t\t<meta property=\"og:image\" content=\"https:\/\/scontent-gig4-1.xx.fbcdn.net\/v\/t39.30808-1\/270437624_4564083193639691_6907940295614233970_n.jpg?stp=dst-jpg_s200x200_tt6&#038;_nc_cat=111&#038;ccb=1-7&#038;_nc_sid=f907e8&#038;_nc_ohc=SM1wRlP3lJwQ7kNvwEPuBYA&#038;_nc_oc=AdnqrjDN_BNjSSHWO-GbkIWH6fkGMLw4bqvL_NH6e2wMveX7G-rP2dAqsDSq1mJMOaY&#038;_nc_zt=24&#038;_nc_ht=scontent-gig4-1.xx&#038;_nc_gid=AoBFJeGrT1hVaew_6rchkQ&#038;oh=00_AfX7QmFGhQhG2jAllVgXCiM1ZrWgvtp80-Bfppyexh1QEg&#038;oe=689E923C\" \/>\n\t\t<meta property=\"og:image:secure_url\" content=\"https:\/\/scontent-gig4-1.xx.fbcdn.net\/v\/t39.30808-1\/270437624_4564083193639691_6907940295614233970_n.jpg?stp=dst-jpg_s200x200_tt6&#038;_nc_cat=111&#038;ccb=1-7&#038;_nc_sid=f907e8&#038;_nc_ohc=SM1wRlP3lJwQ7kNvwEPuBYA&#038;_nc_oc=AdnqrjDN_BNjSSHWO-GbkIWH6fkGMLw4bqvL_NH6e2wMveX7G-rP2dAqsDSq1mJMOaY&#038;_nc_zt=24&#038;_nc_ht=scontent-gig4-1.xx&#038;_nc_gid=AoBFJeGrT1hVaew_6rchkQ&#038;oh=00_AfX7QmFGhQhG2jAllVgXCiM1ZrWgvtp80-Bfppyexh1QEg&#038;oe=689E923C\" \/>\n\t\t<meta property=\"article:published_time\" content=\"2017-08-26T19:00:39+00:00\" \/>\n\t\t<meta property=\"article:modified_time\" content=\"2017-08-25T00:49:23+00:00\" \/>\n\t\t<meta name=\"twitter:card\" content=\"summary_large_image\" \/>\n\t\t<meta name=\"twitter:title\" content=\"Psic\u00f3loga Paula Castro fala sobre os desafios e curiosidades sobre sua profiss\u00e3o - A Not\u00edcia Online\" \/>\n\t\t<meta name=\"twitter:description\" content=\"Devido ao Dia do Psic\u00f3logo, comemorado no dia 27 deste m\u00eas, o jornal A Not\u00edcia convidou a profissional Paula Castro dos Santos, propriet\u00e1ria da Cl\u00ednica Cognitiva, para falar sobre os desafios e curiosidades sobre a categoria no Brasil. AN- Paula, h\u00e1 quanto tempo voc\u00ea atua na \u00e1rea? Paula Castro - Estou atuando desde setembro de\" \/>\n\t\t<meta name=\"twitter:image\" content=\"https:\/\/scontent-gig4-1.xx.fbcdn.net\/v\/t39.30808-1\/270437624_4564083193639691_6907940295614233970_n.jpg?stp=dst-jpg_s200x200_tt6&amp;_nc_cat=111&amp;ccb=1-7&amp;_nc_sid=f907e8&amp;_nc_ohc=SM1wRlP3lJwQ7kNvwEPuBYA&amp;_nc_oc=AdnqrjDN_BNjSSHWO-GbkIWH6fkGMLw4bqvL_NH6e2wMveX7G-rP2dAqsDSq1mJMOaY&amp;_nc_zt=24&amp;_nc_ht=scontent-gig4-1.xx&amp;_nc_gid=AoBFJeGrT1hVaew_6rchkQ&amp;oh=00_AfX7QmFGhQhG2jAllVgXCiM1ZrWgvtp80-Bfppyexh1QEg&amp;oe=689E923C\" \/>\n\t\t<script type=\"application\/ld+json\" class=\"aioseo-schema\">\n\t\t\t{\"@context\":\"https:\\\/\\\/schema.org\",\"@graph\":[{\"@type\":\"BlogPosting\",\"@id\":\"https:\\\/\\\/anoticiaonline.com.br\\\/site\\\/psicologa-paula-castro-fala-sobre-os-desafios-e-curiosidades-sobre-sua-profissao\\\/#blogposting\",\"name\":\"Psic\\u00f3loga Paula Castro fala sobre os desafios e curiosidades sobre sua profiss\\u00e3o - A Not\\u00edcia Online\",\"headline\":\"Psic\\u00f3loga Paula Castro fala sobre os desafios e curiosidades sobre sua profiss\\u00e3o\",\"author\":{\"@id\":\"https:\\\/\\\/anoticiaonline.com.br\\\/site\\\/author\\\/juliana\\\/#author\"},\"publisher\":{\"@id\":\"https:\\\/\\\/anoticiaonline.com.br\\\/site\\\/#organization\"},\"image\":{\"@type\":\"ImageObject\",\"url\":\"https:\\\/\\\/anoticiaonline.com.br\\\/site\\\/wp-content\\\/uploads\\\/2017\\\/08\\\/6.jpg\",\"width\":640,\"height\":426},\"datePublished\":\"2017-08-26T16:00:39-03:00\",\"dateModified\":\"2017-08-24T21:49:23-03:00\",\"inLanguage\":\"pt-BR\",\"mainEntityOfPage\":{\"@id\":\"https:\\\/\\\/anoticiaonline.com.br\\\/site\\\/psicologa-paula-castro-fala-sobre-os-desafios-e-curiosidades-sobre-sua-profissao\\\/#webpage\"},\"isPartOf\":{\"@id\":\"https:\\\/\\\/anoticiaonline.com.br\\\/site\\\/psicologa-paula-castro-fala-sobre-os-desafios-e-curiosidades-sobre-sua-profissao\\\/#webpage\"},\"articleSection\":\"Gerais, a not\\u00edcia, Cl\\u00ednica Cognitiva, Dia do Psic\\u00f3logo, Muria\\u00e9, Paula Castro, slide\"},{\"@type\":\"BreadcrumbList\",\"@id\":\"https:\\\/\\\/anoticiaonline.com.br\\\/site\\\/psicologa-paula-castro-fala-sobre-os-desafios-e-curiosidades-sobre-sua-profissao\\\/#breadcrumblist\",\"itemListElement\":[{\"@type\":\"ListItem\",\"@id\":\"https:\\\/\\\/anoticiaonline.com.br\\\/site#listItem\",\"position\":1,\"name\":\"Home\",\"item\":\"https:\\\/\\\/anoticiaonline.com.br\\\/site\",\"nextItem\":{\"@type\":\"ListItem\",\"@id\":\"https:\\\/\\\/anoticiaonline.com.br\\\/site\\\/categoria\\\/gerais\\\/#listItem\",\"name\":\"Gerais\"}},{\"@type\":\"ListItem\",\"@id\":\"https:\\\/\\\/anoticiaonline.com.br\\\/site\\\/categoria\\\/gerais\\\/#listItem\",\"position\":2,\"name\":\"Gerais\",\"item\":\"https:\\\/\\\/anoticiaonline.com.br\\\/site\\\/categoria\\\/gerais\\\/\",\"nextItem\":{\"@type\":\"ListItem\",\"@id\":\"https:\\\/\\\/anoticiaonline.com.br\\\/site\\\/psicologa-paula-castro-fala-sobre-os-desafios-e-curiosidades-sobre-sua-profissao\\\/#listItem\",\"name\":\"Psic\\u00f3loga Paula Castro fala sobre os desafios e curiosidades sobre sua profiss\\u00e3o\"},\"previousItem\":{\"@type\":\"ListItem\",\"@id\":\"https:\\\/\\\/anoticiaonline.com.br\\\/site#listItem\",\"name\":\"Home\"}},{\"@type\":\"ListItem\",\"@id\":\"https:\\\/\\\/anoticiaonline.com.br\\\/site\\\/psicologa-paula-castro-fala-sobre-os-desafios-e-curiosidades-sobre-sua-profissao\\\/#listItem\",\"position\":3,\"name\":\"Psic\\u00f3loga Paula Castro fala sobre os desafios e curiosidades sobre sua profiss\\u00e3o\",\"previousItem\":{\"@type\":\"ListItem\",\"@id\":\"https:\\\/\\\/anoticiaonline.com.br\\\/site\\\/categoria\\\/gerais\\\/#listItem\",\"name\":\"Gerais\"}}]},{\"@type\":\"Organization\",\"@id\":\"https:\\\/\\\/anoticiaonline.com.br\\\/site\\\/#organization\",\"name\":\"A Not\\u00edcia Online\",\"description\":\"Noticias de Muria\\u00e9 e regi\\u00e3o\",\"url\":\"https:\\\/\\\/anoticiaonline.com.br\\\/site\\\/\",\"logo\":{\"@type\":\"ImageObject\",\"url\":\"https:\\\/\\\/scontent-gig4-1.xx.fbcdn.net\\\/v\\\/t39.30808-1\\\/270437624_4564083193639691_6907940295614233970_n.jpg?stp=dst-jpg_s200x200_tt6&_nc_cat=111&ccb=1-7&_nc_sid=f907e8&_nc_ohc=SM1wRlP3lJwQ7kNvwEPuBYA&_nc_oc=AdnqrjDN_BNjSSHWO-GbkIWH6fkGMLw4bqvL_NH6e2wMveX7G-rP2dAqsDSq1mJMOaY&_nc_zt=24&_nc_ht=scontent-gig4-1.xx&_nc_gid=AoBFJeGrT1hVaew_6rchkQ&oh=00_AfX7QmFGhQhG2jAllVgXCiM1ZrWgvtp80-Bfppyexh1QEg&oe=689E923C\",\"@id\":\"https:\\\/\\\/anoticiaonline.com.br\\\/site\\\/psicologa-paula-castro-fala-sobre-os-desafios-e-curiosidades-sobre-sua-profissao\\\/#organizationLogo\"},\"image\":{\"@id\":\"https:\\\/\\\/anoticiaonline.com.br\\\/site\\\/psicologa-paula-castro-fala-sobre-os-desafios-e-curiosidades-sobre-sua-profissao\\\/#organizationLogo\"}},{\"@type\":\"Person\",\"@id\":\"https:\\\/\\\/anoticiaonline.com.br\\\/site\\\/author\\\/juliana\\\/#author\",\"url\":\"https:\\\/\\\/anoticiaonline.com.br\\\/site\\\/author\\\/juliana\\\/\",\"name\":\"Juliana Laviola\",\"image\":{\"@type\":\"ImageObject\",\"@id\":\"https:\\\/\\\/anoticiaonline.com.br\\\/site\\\/psicologa-paula-castro-fala-sobre-os-desafios-e-curiosidades-sobre-sua-profissao\\\/#authorImage\",\"url\":\"https:\\\/\\\/secure.gravatar.com\\\/avatar\\\/b8d45f5c699b100dfaf0e543582f38f38bf94cb7ae3a5e9abf8d891a34773335?s=96&d=mm&r=g\",\"width\":96,\"height\":96,\"caption\":\"Juliana Laviola\"}},{\"@type\":\"WebPage\",\"@id\":\"https:\\\/\\\/anoticiaonline.com.br\\\/site\\\/psicologa-paula-castro-fala-sobre-os-desafios-e-curiosidades-sobre-sua-profissao\\\/#webpage\",\"url\":\"https:\\\/\\\/anoticiaonline.com.br\\\/site\\\/psicologa-paula-castro-fala-sobre-os-desafios-e-curiosidades-sobre-sua-profissao\\\/\",\"name\":\"Psic\\u00f3loga Paula Castro fala sobre os desafios e curiosidades sobre sua profiss\\u00e3o - A Not\\u00edcia Online\",\"description\":\"Devido ao Dia do Psic\\u00f3logo, comemorado no dia 27 deste m\\u00eas, o jornal A Not\\u00edcia convidou a profissional Paula Castro dos Santos, propriet\\u00e1ria da Cl\\u00ednica Cognitiva, para falar sobre os desafios e curiosidades sobre a categoria no Brasil. AN- Paula, h\\u00e1 quanto tempo voc\\u00ea atua na \\u00e1rea? Paula Castro - Estou atuando desde setembro de\",\"inLanguage\":\"pt-BR\",\"isPartOf\":{\"@id\":\"https:\\\/\\\/anoticiaonline.com.br\\\/site\\\/#website\"},\"breadcrumb\":{\"@id\":\"https:\\\/\\\/anoticiaonline.com.br\\\/site\\\/psicologa-paula-castro-fala-sobre-os-desafios-e-curiosidades-sobre-sua-profissao\\\/#breadcrumblist\"},\"author\":{\"@id\":\"https:\\\/\\\/anoticiaonline.com.br\\\/site\\\/author\\\/juliana\\\/#author\"},\"creator\":{\"@id\":\"https:\\\/\\\/anoticiaonline.com.br\\\/site\\\/author\\\/juliana\\\/#author\"},\"image\":{\"@type\":\"ImageObject\",\"url\":\"https:\\\/\\\/anoticiaonline.com.br\\\/site\\\/wp-content\\\/uploads\\\/2017\\\/08\\\/6.jpg\",\"@id\":\"https:\\\/\\\/anoticiaonline.com.br\\\/site\\\/psicologa-paula-castro-fala-sobre-os-desafios-e-curiosidades-sobre-sua-profissao\\\/#mainImage\",\"width\":640,\"height\":426},\"primaryImageOfPage\":{\"@id\":\"https:\\\/\\\/anoticiaonline.com.br\\\/site\\\/psicologa-paula-castro-fala-sobre-os-desafios-e-curiosidades-sobre-sua-profissao\\\/#mainImage\"},\"datePublished\":\"2017-08-26T16:00:39-03:00\",\"dateModified\":\"2017-08-24T21:49:23-03:00\"},{\"@type\":\"WebSite\",\"@id\":\"https:\\\/\\\/anoticiaonline.com.br\\\/site\\\/#website\",\"url\":\"https:\\\/\\\/anoticiaonline.com.br\\\/site\\\/\",\"name\":\"A Not\\u00edcia Online\",\"description\":\"Noticias de Muria\\u00e9 e regi\\u00e3o\",\"inLanguage\":\"pt-BR\",\"publisher\":{\"@id\":\"https:\\\/\\\/anoticiaonline.com.br\\\/site\\\/#organization\"}}]}\n\t\t<\/script>\n\t\t<!-- All in One SEO -->\n\n","aioseo_head_json":{"title":"Psic\u00f3loga Paula Castro fala sobre os desafios e curiosidades sobre sua profiss\u00e3o - A Not\u00edcia Online","description":"Devido ao Dia do Psic\u00f3logo, comemorado no dia 27 deste m\u00eas, o jornal A Not\u00edcia convidou a profissional Paula Castro dos Santos, propriet\u00e1ria da Cl\u00ednica Cognitiva, para falar sobre os desafios e curiosidades sobre a categoria no Brasil. AN- Paula, h\u00e1 quanto tempo voc\u00ea atua na \u00e1rea? Paula Castro - Estou atuando desde setembro de","canonical_url":"https:\/\/anoticiaonline.com.br\/site\/psicologa-paula-castro-fala-sobre-os-desafios-e-curiosidades-sobre-sua-profissao\/","robots":"max-image-preview:large","keywords":"","webmasterTools":{"miscellaneous":""},"schema":{"@context":"https:\/\/schema.org","@graph":[{"@type":"BlogPosting","@id":"https:\/\/anoticiaonline.com.br\/site\/psicologa-paula-castro-fala-sobre-os-desafios-e-curiosidades-sobre-sua-profissao\/#blogposting","name":"Psic\u00f3loga Paula Castro fala sobre os desafios e curiosidades sobre sua profiss\u00e3o - A Not\u00edcia Online","headline":"Psic\u00f3loga Paula Castro fala sobre os desafios e curiosidades sobre sua profiss\u00e3o","author":{"@id":"https:\/\/anoticiaonline.com.br\/site\/author\/juliana\/#author"},"publisher":{"@id":"https:\/\/anoticiaonline.com.br\/site\/#organization"},"image":{"@type":"ImageObject","url":"https:\/\/anoticiaonline.com.br\/site\/wp-content\/uploads\/2017\/08\/6.jpg","width":640,"height":426},"datePublished":"2017-08-26T16:00:39-03:00","dateModified":"2017-08-24T21:49:23-03:00","inLanguage":"pt-BR","mainEntityOfPage":{"@id":"https:\/\/anoticiaonline.com.br\/site\/psicologa-paula-castro-fala-sobre-os-desafios-e-curiosidades-sobre-sua-profissao\/#webpage"},"isPartOf":{"@id":"https:\/\/anoticiaonline.com.br\/site\/psicologa-paula-castro-fala-sobre-os-desafios-e-curiosidades-sobre-sua-profissao\/#webpage"},"articleSection":"Gerais, a not\u00edcia, Cl\u00ednica Cognitiva, Dia do Psic\u00f3logo, Muria\u00e9, Paula Castro, slide"},{"@type":"BreadcrumbList","@id":"https:\/\/anoticiaonline.com.br\/site\/psicologa-paula-castro-fala-sobre-os-desafios-e-curiosidades-sobre-sua-profissao\/#breadcrumblist","itemListElement":[{"@type":"ListItem","@id":"https:\/\/anoticiaonline.com.br\/site#listItem","position":1,"name":"Home","item":"https:\/\/anoticiaonline.com.br\/site","nextItem":{"@type":"ListItem","@id":"https:\/\/anoticiaonline.com.br\/site\/categoria\/gerais\/#listItem","name":"Gerais"}},{"@type":"ListItem","@id":"https:\/\/anoticiaonline.com.br\/site\/categoria\/gerais\/#listItem","position":2,"name":"Gerais","item":"https:\/\/anoticiaonline.com.br\/site\/categoria\/gerais\/","nextItem":{"@type":"ListItem","@id":"https:\/\/anoticiaonline.com.br\/site\/psicologa-paula-castro-fala-sobre-os-desafios-e-curiosidades-sobre-sua-profissao\/#listItem","name":"Psic\u00f3loga Paula Castro fala sobre os desafios e curiosidades sobre sua profiss\u00e3o"},"previousItem":{"@type":"ListItem","@id":"https:\/\/anoticiaonline.com.br\/site#listItem","name":"Home"}},{"@type":"ListItem","@id":"https:\/\/anoticiaonline.com.br\/site\/psicologa-paula-castro-fala-sobre-os-desafios-e-curiosidades-sobre-sua-profissao\/#listItem","position":3,"name":"Psic\u00f3loga Paula Castro fala sobre os desafios e curiosidades sobre sua profiss\u00e3o","previousItem":{"@type":"ListItem","@id":"https:\/\/anoticiaonline.com.br\/site\/categoria\/gerais\/#listItem","name":"Gerais"}}]},{"@type":"Organization","@id":"https:\/\/anoticiaonline.com.br\/site\/#organization","name":"A Not\u00edcia Online","description":"Noticias de Muria\u00e9 e regi\u00e3o","url":"https:\/\/anoticiaonline.com.br\/site\/","logo":{"@type":"ImageObject","url":"https:\/\/scontent-gig4-1.xx.fbcdn.net\/v\/t39.30808-1\/270437624_4564083193639691_6907940295614233970_n.jpg?stp=dst-jpg_s200x200_tt6&_nc_cat=111&ccb=1-7&_nc_sid=f907e8&_nc_ohc=SM1wRlP3lJwQ7kNvwEPuBYA&_nc_oc=AdnqrjDN_BNjSSHWO-GbkIWH6fkGMLw4bqvL_NH6e2wMveX7G-rP2dAqsDSq1mJMOaY&_nc_zt=24&_nc_ht=scontent-gig4-1.xx&_nc_gid=AoBFJeGrT1hVaew_6rchkQ&oh=00_AfX7QmFGhQhG2jAllVgXCiM1ZrWgvtp80-Bfppyexh1QEg&oe=689E923C","@id":"https:\/\/anoticiaonline.com.br\/site\/psicologa-paula-castro-fala-sobre-os-desafios-e-curiosidades-sobre-sua-profissao\/#organizationLogo"},"image":{"@id":"https:\/\/anoticiaonline.com.br\/site\/psicologa-paula-castro-fala-sobre-os-desafios-e-curiosidades-sobre-sua-profissao\/#organizationLogo"}},{"@type":"Person","@id":"https:\/\/anoticiaonline.com.br\/site\/author\/juliana\/#author","url":"https:\/\/anoticiaonline.com.br\/site\/author\/juliana\/","name":"Juliana Laviola","image":{"@type":"ImageObject","@id":"https:\/\/anoticiaonline.com.br\/site\/psicologa-paula-castro-fala-sobre-os-desafios-e-curiosidades-sobre-sua-profissao\/#authorImage","url":"https:\/\/secure.gravatar.com\/avatar\/b8d45f5c699b100dfaf0e543582f38f38bf94cb7ae3a5e9abf8d891a34773335?s=96&d=mm&r=g","width":96,"height":96,"caption":"Juliana Laviola"}},{"@type":"WebPage","@id":"https:\/\/anoticiaonline.com.br\/site\/psicologa-paula-castro-fala-sobre-os-desafios-e-curiosidades-sobre-sua-profissao\/#webpage","url":"https:\/\/anoticiaonline.com.br\/site\/psicologa-paula-castro-fala-sobre-os-desafios-e-curiosidades-sobre-sua-profissao\/","name":"Psic\u00f3loga Paula Castro fala sobre os desafios e curiosidades sobre sua profiss\u00e3o - A Not\u00edcia Online","description":"Devido ao Dia do Psic\u00f3logo, comemorado no dia 27 deste m\u00eas, o jornal A Not\u00edcia convidou a profissional Paula Castro dos Santos, propriet\u00e1ria da Cl\u00ednica Cognitiva, para falar sobre os desafios e curiosidades sobre a categoria no Brasil. AN- Paula, h\u00e1 quanto tempo voc\u00ea atua na \u00e1rea? Paula Castro - Estou atuando desde setembro de","inLanguage":"pt-BR","isPartOf":{"@id":"https:\/\/anoticiaonline.com.br\/site\/#website"},"breadcrumb":{"@id":"https:\/\/anoticiaonline.com.br\/site\/psicologa-paula-castro-fala-sobre-os-desafios-e-curiosidades-sobre-sua-profissao\/#breadcrumblist"},"author":{"@id":"https:\/\/anoticiaonline.com.br\/site\/author\/juliana\/#author"},"creator":{"@id":"https:\/\/anoticiaonline.com.br\/site\/author\/juliana\/#author"},"image":{"@type":"ImageObject","url":"https:\/\/anoticiaonline.com.br\/site\/wp-content\/uploads\/2017\/08\/6.jpg","@id":"https:\/\/anoticiaonline.com.br\/site\/psicologa-paula-castro-fala-sobre-os-desafios-e-curiosidades-sobre-sua-profissao\/#mainImage","width":640,"height":426},"primaryImageOfPage":{"@id":"https:\/\/anoticiaonline.com.br\/site\/psicologa-paula-castro-fala-sobre-os-desafios-e-curiosidades-sobre-sua-profissao\/#mainImage"},"datePublished":"2017-08-26T16:00:39-03:00","dateModified":"2017-08-24T21:49:23-03:00"},{"@type":"WebSite","@id":"https:\/\/anoticiaonline.com.br\/site\/#website","url":"https:\/\/anoticiaonline.com.br\/site\/","name":"A Not\u00edcia Online","description":"Noticias de Muria\u00e9 e regi\u00e3o","inLanguage":"pt-BR","publisher":{"@id":"https:\/\/anoticiaonline.com.br\/site\/#organization"}}]},"og:locale":"pt_BR","og:site_name":"A Not\u00edcia Online - Noticias de Muria\u00e9 e regi\u00e3o","og:type":"article","og:title":"Psic\u00f3loga Paula Castro fala sobre os desafios e curiosidades sobre sua profiss\u00e3o - A Not\u00edcia Online","og:description":"Devido ao Dia do Psic\u00f3logo, comemorado no dia 27 deste m\u00eas, o jornal A Not\u00edcia convidou a profissional Paula Castro dos Santos, propriet\u00e1ria da Cl\u00ednica Cognitiva, para falar sobre os desafios e curiosidades sobre a categoria no Brasil. AN- Paula, h\u00e1 quanto tempo voc\u00ea atua na \u00e1rea? Paula Castro - Estou atuando desde setembro de","og:url":"https:\/\/anoticiaonline.com.br\/site\/psicologa-paula-castro-fala-sobre-os-desafios-e-curiosidades-sobre-sua-profissao\/","og:image":"https:\/\/scontent-gig4-1.xx.fbcdn.net\/v\/t39.30808-1\/270437624_4564083193639691_6907940295614233970_n.jpg?stp=dst-jpg_s200x200_tt6&#038;_nc_cat=111&#038;ccb=1-7&#038;_nc_sid=f907e8&#038;_nc_ohc=SM1wRlP3lJwQ7kNvwEPuBYA&#038;_nc_oc=AdnqrjDN_BNjSSHWO-GbkIWH6fkGMLw4bqvL_NH6e2wMveX7G-rP2dAqsDSq1mJMOaY&#038;_nc_zt=24&#038;_nc_ht=scontent-gig4-1.xx&#038;_nc_gid=AoBFJeGrT1hVaew_6rchkQ&#038;oh=00_AfX7QmFGhQhG2jAllVgXCiM1ZrWgvtp80-Bfppyexh1QEg&#038;oe=689E923C","og:image:secure_url":"https:\/\/scontent-gig4-1.xx.fbcdn.net\/v\/t39.30808-1\/270437624_4564083193639691_6907940295614233970_n.jpg?stp=dst-jpg_s200x200_tt6&#038;_nc_cat=111&#038;ccb=1-7&#038;_nc_sid=f907e8&#038;_nc_ohc=SM1wRlP3lJwQ7kNvwEPuBYA&#038;_nc_oc=AdnqrjDN_BNjSSHWO-GbkIWH6fkGMLw4bqvL_NH6e2wMveX7G-rP2dAqsDSq1mJMOaY&#038;_nc_zt=24&#038;_nc_ht=scontent-gig4-1.xx&#038;_nc_gid=AoBFJeGrT1hVaew_6rchkQ&#038;oh=00_AfX7QmFGhQhG2jAllVgXCiM1ZrWgvtp80-Bfppyexh1QEg&#038;oe=689E923C","article:published_time":"2017-08-26T19:00:39+00:00","article:modified_time":"2017-08-25T00:49:23+00:00","twitter:card":"summary_large_image","twitter:title":"Psic\u00f3loga Paula Castro fala sobre os desafios e curiosidades sobre sua profiss\u00e3o - A Not\u00edcia Online","twitter:description":"Devido ao Dia do Psic\u00f3logo, comemorado no dia 27 deste m\u00eas, o jornal A Not\u00edcia convidou a profissional Paula Castro dos Santos, propriet\u00e1ria da Cl\u00ednica Cognitiva, para falar sobre os desafios e curiosidades sobre a categoria no Brasil. AN- Paula, h\u00e1 quanto tempo voc\u00ea atua na \u00e1rea? Paula Castro - Estou atuando desde setembro de","twitter:image":"https:\/\/scontent-gig4-1.xx.fbcdn.net\/v\/t39.30808-1\/270437624_4564083193639691_6907940295614233970_n.jpg?stp=dst-jpg_s200x200_tt6&_nc_cat=111&ccb=1-7&_nc_sid=f907e8&_nc_ohc=SM1wRlP3lJwQ7kNvwEPuBYA&_nc_oc=AdnqrjDN_BNjSSHWO-GbkIWH6fkGMLw4bqvL_NH6e2wMveX7G-rP2dAqsDSq1mJMOaY&_nc_zt=24&_nc_ht=scontent-gig4-1.xx&_nc_gid=AoBFJeGrT1hVaew_6rchkQ&oh=00_AfX7QmFGhQhG2jAllVgXCiM1ZrWgvtp80-Bfppyexh1QEg&oe=689E923C"},"aioseo_meta_data":{"post_id":"39505","title":null,"description":null,"keywords":null,"keyphrases":null,"primary_term":null,"canonical_url":null,"og_title":null,"og_description":null,"og_object_type":"default","og_image_type":"default","og_image_url":null,"og_image_width":null,"og_image_height":null,"og_image_custom_url":null,"og_image_custom_fields":null,"og_video":null,"og_custom_url":null,"og_article_section":null,"og_article_tags":null,"twitter_use_og":false,"twitter_card":"default","twitter_image_type":"default","twitter_image_url":null,"twitter_image_custom_url":null,"twitter_image_custom_fields":null,"twitter_title":null,"twitter_description":null,"schema":{"blockGraphs":[],"customGraphs":[],"default":{"data":{"Article":[],"Course":[],"Dataset":[],"FAQPage":[],"Movie":[],"Person":[],"Product":[],"ProductReview":[],"Car":[],"Recipe":[],"Service":[],"SoftwareApplication":[],"WebPage":[]},"graphName":"","isEnabled":true},"graphs":[]},"schema_type":"default","schema_type_options":null,"pillar_content":false,"robots_default":true,"robots_noindex":false,"robots_noarchive":false,"robots_nosnippet":false,"robots_nofollow":false,"robots_noimageindex":false,"robots_noodp":false,"robots_notranslate":false,"robots_max_snippet":null,"robots_max_videopreview":null,"robots_max_imagepreview":"large","priority":null,"frequency":null,"local_seo":null,"breadcrumb_settings":null,"limit_modified_date":false,"ai":null,"created":"2025-08-16 19:22:40","updated":"2025-08-16 19:22:40","focus_keyword":null,"additional_keywords":null,"truseo_locale":null,"seo_analyzer_scan_date":null},"aioseo_breadcrumb":"<div class=\"aioseo-breadcrumbs\"><span class=\"aioseo-breadcrumb\">\n\t\t\t<a href=\"https:\/\/anoticiaonline.com.br\/site\" title=\"Home\">Home<\/a>\n\t\t<\/span><span class=\"aioseo-breadcrumb-separator\">&raquo;<\/span><span class=\"aioseo-breadcrumb\">\n\t\t\t<a href=\"https:\/\/anoticiaonline.com.br\/site\/categoria\/gerais\/\" title=\"Gerais\">Gerais<\/a>\n\t\t<\/span><span class=\"aioseo-breadcrumb-separator\">&raquo;<\/span><span class=\"aioseo-breadcrumb\">\n\t\t\tPsic\u00f3loga Paula Castro fala sobre os desafios e curiosidades sobre sua profiss\u00e3o\n\t\t<\/span><\/div>","aioseo_breadcrumb_json":[{"label":"Home","link":"https:\/\/anoticiaonline.com.br\/site"},{"label":"Gerais","link":"https:\/\/anoticiaonline.com.br\/site\/categoria\/gerais\/"},{"label":"Psic\u00f3loga Paula Castro fala sobre os desafios e curiosidades sobre sua profiss\u00e3o","link":"https:\/\/anoticiaonline.com.br\/site\/psicologa-paula-castro-fala-sobre-os-desafios-e-curiosidades-sobre-sua-profissao\/"}],"views":168,"_links":{"self":[{"href":"https:\/\/anoticiaonline.com.br\/site\/wp-json\/wp\/v2\/posts\/39505","targetHints":{"allow":["GET"]}}],"collection":[{"href":"https:\/\/anoticiaonline.com.br\/site\/wp-json\/wp\/v2\/posts"}],"about":[{"href":"https:\/\/anoticiaonline.com.br\/site\/wp-json\/wp\/v2\/types\/post"}],"author":[{"embeddable":true,"href":"https:\/\/anoticiaonline.com.br\/site\/wp-json\/wp\/v2\/users\/2"}],"replies":[{"embeddable":true,"href":"https:\/\/anoticiaonline.com.br\/site\/wp-json\/wp\/v2\/comments?post=39505"}],"version-history":[{"count":0,"href":"https:\/\/anoticiaonline.com.br\/site\/wp-json\/wp\/v2\/posts\/39505\/revisions"}],"wp:featuredmedia":[{"embeddable":true,"href":"https:\/\/anoticiaonline.com.br\/site\/wp-json\/wp\/v2\/media\/39508"}],"wp:attachment":[{"href":"https:\/\/anoticiaonline.com.br\/site\/wp-json\/wp\/v2\/media?parent=39505"}],"wp:term":[{"taxonomy":"category","embeddable":true,"href":"https:\/\/anoticiaonline.com.br\/site\/wp-json\/wp\/v2\/categories?post=39505"},{"taxonomy":"post_tag","embeddable":true,"href":"https:\/\/anoticiaonline.com.br\/site\/wp-json\/wp\/v2\/tags?post=39505"}],"curies":[{"name":"wp","href":"https:\/\/api.w.org\/{rel}","templated":true}]}}