{"id":38935,"date":"2017-08-24T19:26:47","date_gmt":"2017-08-24T22:26:47","guid":{"rendered":"http:\/\/anoticiaonline.com.br\/site\/?p=38935"},"modified":"2017-08-24T21:15:11","modified_gmt":"2017-08-25T00:15:11","slug":"amle-elege-novo-academico","status":"publish","type":"post","link":"https:\/\/anoticiaonline.com.br\/site\/amle-elege-novo-academico\/","title":{"rendered":"AMLE elege novo acad\u00eamico"},"content":{"rendered":"<p><a href=\"https:\/\/anoticiaonline.com.br\/site\/wp-content\/uploads\/2017\/08\/AMLE-elege-novo-acad\u00eamico.jpg\"><img fetchpriority=\"high\" decoding=\"async\" class=\"size-medium wp-image-38936 alignleft\" src=\"https:\/\/anoticiaonline.com.br\/site\/wp-content\/uploads\/2017\/08\/AMLE-elege-novo-acad\u00eamico-169x300.jpg\" alt=\"\" width=\"169\" height=\"300\" srcset=\"https:\/\/anoticiaonline.com.br\/site\/wp-content\/uploads\/2017\/08\/AMLE-elege-novo-acad\u00eamico-169x300.jpg 169w, https:\/\/anoticiaonline.com.br\/site\/wp-content\/uploads\/2017\/08\/AMLE-elege-novo-acad\u00eamico.jpg 360w\" sizes=\"(max-width: 169px) 100vw, 169px\" \/><\/a>A Academia Muriaeense de Letras (AMLE) reuniu-se em assembleia extraordin\u00e1ria, na tarde de s\u00e1bado (19), em sua sede na Avenida Eud\u00f3xia Canedo, no Centro, promovendo a elei\u00e7\u00e3o do novo acad\u00eamico Natalino da Silva de Oliveira, que ocupou a cadeira de n\u00famero 30 (vaga por motivo de falecimento do ent\u00e3o titular, Jos\u00e9 Alcino Bicalho), cujo patrono \u00e9 Machado de Assis.<\/p>\n<p>A escolha se deu por voto secreto, ap\u00f3s a leitura dos perfis de cada um dos nove pretendentes apresentados em formul\u00e1rios, via internet, pelos pr\u00f3prios inscritos, em concord\u00e2ncia com edital espec\u00edfico para este fim.<\/p>\n<p>Natalino da Silva de Oliveira nasceu em 25 de dezembro de 1980, \u00e9 casado, reside em Muria\u00e9 e \u00e9 professor de L\u00edngua e Literatura no Instituto Federal Sudeste (IF Sudeste). O novo acad\u00eamico \u00e9 graduado em Letras pela Universidade Federal de Minas Gerais (UFMG); mestre em Teoria da Literatura, tamb\u00e9m pela UFMG; doutor em Literatura Comparada (UFMG) e em Literaturas de L\u00edngua Portuguesa pela Pontif\u00edcia Universidade Cat\u00f3lica de Minas (PUC Minas).<\/p>\n<p>Natalino possui tr\u00eas livros publicados: \u201cFio de Contas\u201d (Poesia); \u201cRareza\u201d (Poesia); \u201cEst\u00e9tica da Dissimula\u00e7\u00e3o na Literatura de Machado de Assis\u201d (Cr\u00edtica e teoria liter\u00e1ria). E os seguintes artigos: \u201cO vis\u00edvel e o leg\u00edvel em Perros H\u00e9roes de Mario Bellatin; Maldito tango: disimulaci\u00f3n y trai\u00e7\u00f3n en Boquitas pintadas de Manuel Puig\u201d; \u201cSimula\u00e7\u00e3o e Dissimula\u00e7\u00e3o: Reflex\u00f5es sobre a est\u00e9tica em \u2018Mem\u00f3rias P\u00f3stumas de Br\u00e1s Cubas\u2019 e \u2018As Visitas do Dr. Valdez\u2019\u201d; Jim Burns, Fulano-de-Tal e N\u00f3s; \u201cA Literatura Bellatiniana e a Narrativa Perform\u00e1tica\u201c.<\/p>\n<p>Em ato cont\u00ednuo ao resultado, o presidente da AMLE comunicou ao ent\u00e3o acad\u00eamico escolhido que de pronto aceitou a indica\u00e7\u00e3o e brevemente ser\u00e1 empossado como o mais recente imortal a ingressar na institui\u00e7\u00e3o.<\/p>\n","protected":false},"excerpt":{"rendered":"<p>A Academia Muriaeense de Letras (AMLE) reuniu-se em assembleia extraordin\u00e1ria, na tarde de s\u00e1bado (19), em sua sede na Avenida Eud\u00f3xia Canedo, no Centro, promovendo a elei\u00e7\u00e3o do novo acad\u00eamico Natalino da Silva de Oliveira, que ocupou a cadeira de n\u00famero 30 (vaga por motivo de falecimento do ent\u00e3o titular, Jos\u00e9 Alcino Bicalho), cujo patrono &#8230; <a title=\"AMLE elege novo acad\u00eamico\" class=\"read-more\" href=\"https:\/\/anoticiaonline.com.br\/site\/amle-elege-novo-academico\/\" aria-label=\"Read more about AMLE elege novo acad\u00eamico\">Ler mais<\/a><\/p>\n","protected":false},"author":2,"featured_media":38936,"comment_status":"open","ping_status":"open","sticky":false,"template":"","format":"standard","meta":{"_acf_changed":false,"_monsterinsights_skip_tracking":false,"footnotes":""},"categories":[30],"tags":[974,102,103,74,975],"class_list":["post-38935","post","type-post","status-publish","format-standard","has-post-thumbnail","hentry","category-muriae","tag-academico","tag-amle","tag-literatura","tag-muriae","tag-publicacoes"],"acf":[],"aioseo_notices":[],"aioseo_head":"\n\t\t<!-- All in One SEO 5.0.0.1 - aioseo.com -->\n\t<meta name=\"description\" content=\"A Academia Muriaeense de Letras (AMLE) reuniu-se em assembleia extraordin\u00e1ria, na tarde de s\u00e1bado (19), em sua sede na Avenida Eud\u00f3xia Canedo, no Centro, promovendo a elei\u00e7\u00e3o do novo acad\u00eamico Natalino da Silva de Oliveira, que ocupou a cadeira de n\u00famero 30 (vaga por motivo de falecimento do ent\u00e3o titular, Jos\u00e9 Alcino Bicalho), cujo patrono\" \/>\n\t<meta name=\"robots\" content=\"max-image-preview:large\" \/>\n\t<meta name=\"author\" content=\"Juliana Laviola\"\/>\n\t<link rel=\"canonical\" href=\"https:\/\/anoticiaonline.com.br\/site\/amle-elege-novo-academico\/\" \/>\n\t<meta name=\"generator\" content=\"All in One SEO (AIOSEO) 5.0.0.1\" \/>\n\t\t<meta property=\"og:locale\" content=\"pt_BR\" \/>\n\t\t<meta property=\"og:site_name\" content=\"A Not\u00edcia Online - Noticias de Muria\u00e9 e regi\u00e3o\" \/>\n\t\t<meta property=\"og:type\" content=\"article\" \/>\n\t\t<meta property=\"og:title\" content=\"AMLE elege novo acad\u00eamico - A Not\u00edcia Online\" \/>\n\t\t<meta property=\"og:description\" content=\"A Academia Muriaeense de Letras (AMLE) reuniu-se em assembleia extraordin\u00e1ria, na tarde de s\u00e1bado (19), em sua sede na Avenida Eud\u00f3xia Canedo, no Centro, promovendo a elei\u00e7\u00e3o do novo acad\u00eamico Natalino da Silva de Oliveira, que ocupou a cadeira de n\u00famero 30 (vaga por motivo de falecimento do ent\u00e3o titular, Jos\u00e9 Alcino Bicalho), cujo patrono\" \/>\n\t\t<meta property=\"og:url\" content=\"https:\/\/anoticiaonline.com.br\/site\/amle-elege-novo-academico\/\" \/>\n\t\t<meta property=\"og:image\" content=\"https:\/\/scontent-gig4-1.xx.fbcdn.net\/v\/t39.30808-1\/270437624_4564083193639691_6907940295614233970_n.jpg?stp=dst-jpg_s200x200_tt6&#038;_nc_cat=111&#038;ccb=1-7&#038;_nc_sid=f907e8&#038;_nc_ohc=SM1wRlP3lJwQ7kNvwEPuBYA&#038;_nc_oc=AdnqrjDN_BNjSSHWO-GbkIWH6fkGMLw4bqvL_NH6e2wMveX7G-rP2dAqsDSq1mJMOaY&#038;_nc_zt=24&#038;_nc_ht=scontent-gig4-1.xx&#038;_nc_gid=AoBFJeGrT1hVaew_6rchkQ&#038;oh=00_AfX7QmFGhQhG2jAllVgXCiM1ZrWgvtp80-Bfppyexh1QEg&#038;oe=689E923C\" \/>\n\t\t<meta property=\"og:image:secure_url\" content=\"https:\/\/scontent-gig4-1.xx.fbcdn.net\/v\/t39.30808-1\/270437624_4564083193639691_6907940295614233970_n.jpg?stp=dst-jpg_s200x200_tt6&#038;_nc_cat=111&#038;ccb=1-7&#038;_nc_sid=f907e8&#038;_nc_ohc=SM1wRlP3lJwQ7kNvwEPuBYA&#038;_nc_oc=AdnqrjDN_BNjSSHWO-GbkIWH6fkGMLw4bqvL_NH6e2wMveX7G-rP2dAqsDSq1mJMOaY&#038;_nc_zt=24&#038;_nc_ht=scontent-gig4-1.xx&#038;_nc_gid=AoBFJeGrT1hVaew_6rchkQ&#038;oh=00_AfX7QmFGhQhG2jAllVgXCiM1ZrWgvtp80-Bfppyexh1QEg&#038;oe=689E923C\" \/>\n\t\t<meta property=\"article:published_time\" content=\"2017-08-24T22:26:47+00:00\" \/>\n\t\t<meta property=\"article:modified_time\" content=\"2017-08-25T00:15:11+00:00\" \/>\n\t\t<meta name=\"twitter:card\" content=\"summary_large_image\" \/>\n\t\t<meta name=\"twitter:title\" content=\"AMLE elege novo acad\u00eamico - A Not\u00edcia Online\" \/>\n\t\t<meta name=\"twitter:description\" content=\"A Academia Muriaeense de Letras (AMLE) reuniu-se em assembleia extraordin\u00e1ria, na tarde de s\u00e1bado (19), em sua sede na Avenida Eud\u00f3xia Canedo, no Centro, promovendo a elei\u00e7\u00e3o do novo acad\u00eamico Natalino da Silva de Oliveira, que ocupou a cadeira de n\u00famero 30 (vaga por motivo de falecimento do ent\u00e3o titular, Jos\u00e9 Alcino Bicalho), cujo patrono\" \/>\n\t\t<meta name=\"twitter:image\" content=\"https:\/\/scontent-gig4-1.xx.fbcdn.net\/v\/t39.30808-1\/270437624_4564083193639691_6907940295614233970_n.jpg?stp=dst-jpg_s200x200_tt6&amp;_nc_cat=111&amp;ccb=1-7&amp;_nc_sid=f907e8&amp;_nc_ohc=SM1wRlP3lJwQ7kNvwEPuBYA&amp;_nc_oc=AdnqrjDN_BNjSSHWO-GbkIWH6fkGMLw4bqvL_NH6e2wMveX7G-rP2dAqsDSq1mJMOaY&amp;_nc_zt=24&amp;_nc_ht=scontent-gig4-1.xx&amp;_nc_gid=AoBFJeGrT1hVaew_6rchkQ&amp;oh=00_AfX7QmFGhQhG2jAllVgXCiM1ZrWgvtp80-Bfppyexh1QEg&amp;oe=689E923C\" \/>\n\t\t<script type=\"application\/ld+json\" class=\"aioseo-schema\">\n\t\t\t{\"@context\":\"https:\\\/\\\/schema.org\",\"@graph\":[{\"@type\":\"BlogPosting\",\"@id\":\"https:\\\/\\\/anoticiaonline.com.br\\\/site\\\/amle-elege-novo-academico\\\/#blogposting\",\"name\":\"AMLE elege novo acad\\u00eamico - A Not\\u00edcia Online\",\"headline\":\"AMLE elege novo acad\\u00eamico\",\"author\":{\"@id\":\"https:\\\/\\\/anoticiaonline.com.br\\\/site\\\/author\\\/juliana\\\/#author\"},\"publisher\":{\"@id\":\"https:\\\/\\\/anoticiaonline.com.br\\\/site\\\/#organization\"},\"image\":{\"@type\":\"ImageObject\",\"url\":\"https:\\\/\\\/anoticiaonline.com.br\\\/site\\\/wp-content\\\/uploads\\\/2017\\\/08\\\/AMLE-elege-novo-acad\\u00eamico.jpg\",\"width\":360,\"height\":640},\"datePublished\":\"2017-08-24T19:26:47-03:00\",\"dateModified\":\"2017-08-24T21:15:11-03:00\",\"inLanguage\":\"pt-BR\",\"mainEntityOfPage\":{\"@id\":\"https:\\\/\\\/anoticiaonline.com.br\\\/site\\\/amle-elege-novo-academico\\\/#webpage\"},\"isPartOf\":{\"@id\":\"https:\\\/\\\/anoticiaonline.com.br\\\/site\\\/amle-elege-novo-academico\\\/#webpage\"},\"articleSection\":\"Blog, acad\\u00eamico, amle, literatura, Muria\\u00e9, publica\\u00e7\\u00f5es\"},{\"@type\":\"BreadcrumbList\",\"@id\":\"https:\\\/\\\/anoticiaonline.com.br\\\/site\\\/amle-elege-novo-academico\\\/#breadcrumblist\",\"itemListElement\":[{\"@type\":\"ListItem\",\"@id\":\"https:\\\/\\\/anoticiaonline.com.br\\\/site#listItem\",\"position\":1,\"name\":\"Home\",\"item\":\"https:\\\/\\\/anoticiaonline.com.br\\\/site\",\"nextItem\":{\"@type\":\"ListItem\",\"@id\":\"https:\\\/\\\/anoticiaonline.com.br\\\/site\\\/categoria\\\/muriae\\\/#listItem\",\"name\":\"Blog\"}},{\"@type\":\"ListItem\",\"@id\":\"https:\\\/\\\/anoticiaonline.com.br\\\/site\\\/categoria\\\/muriae\\\/#listItem\",\"position\":2,\"name\":\"Blog\",\"item\":\"https:\\\/\\\/anoticiaonline.com.br\\\/site\\\/categoria\\\/muriae\\\/\",\"nextItem\":{\"@type\":\"ListItem\",\"@id\":\"https:\\\/\\\/anoticiaonline.com.br\\\/site\\\/amle-elege-novo-academico\\\/#listItem\",\"name\":\"AMLE elege novo acad\\u00eamico\"},\"previousItem\":{\"@type\":\"ListItem\",\"@id\":\"https:\\\/\\\/anoticiaonline.com.br\\\/site#listItem\",\"name\":\"Home\"}},{\"@type\":\"ListItem\",\"@id\":\"https:\\\/\\\/anoticiaonline.com.br\\\/site\\\/amle-elege-novo-academico\\\/#listItem\",\"position\":3,\"name\":\"AMLE elege novo acad\\u00eamico\",\"previousItem\":{\"@type\":\"ListItem\",\"@id\":\"https:\\\/\\\/anoticiaonline.com.br\\\/site\\\/categoria\\\/muriae\\\/#listItem\",\"name\":\"Blog\"}}]},{\"@type\":\"Organization\",\"@id\":\"https:\\\/\\\/anoticiaonline.com.br\\\/site\\\/#organization\",\"name\":\"A Not\\u00edcia Online\",\"description\":\"Noticias de Muria\\u00e9 e regi\\u00e3o\",\"url\":\"https:\\\/\\\/anoticiaonline.com.br\\\/site\\\/\",\"logo\":{\"@type\":\"ImageObject\",\"url\":\"https:\\\/\\\/scontent-gig4-1.xx.fbcdn.net\\\/v\\\/t39.30808-1\\\/270437624_4564083193639691_6907940295614233970_n.jpg?stp=dst-jpg_s200x200_tt6&_nc_cat=111&ccb=1-7&_nc_sid=f907e8&_nc_ohc=SM1wRlP3lJwQ7kNvwEPuBYA&_nc_oc=AdnqrjDN_BNjSSHWO-GbkIWH6fkGMLw4bqvL_NH6e2wMveX7G-rP2dAqsDSq1mJMOaY&_nc_zt=24&_nc_ht=scontent-gig4-1.xx&_nc_gid=AoBFJeGrT1hVaew_6rchkQ&oh=00_AfX7QmFGhQhG2jAllVgXCiM1ZrWgvtp80-Bfppyexh1QEg&oe=689E923C\",\"@id\":\"https:\\\/\\\/anoticiaonline.com.br\\\/site\\\/amle-elege-novo-academico\\\/#organizationLogo\"},\"image\":{\"@id\":\"https:\\\/\\\/anoticiaonline.com.br\\\/site\\\/amle-elege-novo-academico\\\/#organizationLogo\"}},{\"@type\":\"Person\",\"@id\":\"https:\\\/\\\/anoticiaonline.com.br\\\/site\\\/author\\\/juliana\\\/#author\",\"url\":\"https:\\\/\\\/anoticiaonline.com.br\\\/site\\\/author\\\/juliana\\\/\",\"name\":\"Juliana Laviola\",\"image\":{\"@type\":\"ImageObject\",\"@id\":\"https:\\\/\\\/anoticiaonline.com.br\\\/site\\\/amle-elege-novo-academico\\\/#authorImage\",\"url\":\"https:\\\/\\\/secure.gravatar.com\\\/avatar\\\/b8d45f5c699b100dfaf0e543582f38f38bf94cb7ae3a5e9abf8d891a34773335?s=96&d=mm&r=g\",\"width\":96,\"height\":96,\"caption\":\"Juliana Laviola\"}},{\"@type\":\"WebPage\",\"@id\":\"https:\\\/\\\/anoticiaonline.com.br\\\/site\\\/amle-elege-novo-academico\\\/#webpage\",\"url\":\"https:\\\/\\\/anoticiaonline.com.br\\\/site\\\/amle-elege-novo-academico\\\/\",\"name\":\"AMLE elege novo acad\\u00eamico - A Not\\u00edcia Online\",\"description\":\"A Academia Muriaeense de Letras (AMLE) reuniu-se em assembleia extraordin\\u00e1ria, na tarde de s\\u00e1bado (19), em sua sede na Avenida Eud\\u00f3xia Canedo, no Centro, promovendo a elei\\u00e7\\u00e3o do novo acad\\u00eamico Natalino da Silva de Oliveira, que ocupou a cadeira de n\\u00famero 30 (vaga por motivo de falecimento do ent\\u00e3o titular, Jos\\u00e9 Alcino Bicalho), cujo patrono\",\"inLanguage\":\"pt-BR\",\"isPartOf\":{\"@id\":\"https:\\\/\\\/anoticiaonline.com.br\\\/site\\\/#website\"},\"breadcrumb\":{\"@id\":\"https:\\\/\\\/anoticiaonline.com.br\\\/site\\\/amle-elege-novo-academico\\\/#breadcrumblist\"},\"author\":{\"@id\":\"https:\\\/\\\/anoticiaonline.com.br\\\/site\\\/author\\\/juliana\\\/#author\"},\"creator\":{\"@id\":\"https:\\\/\\\/anoticiaonline.com.br\\\/site\\\/author\\\/juliana\\\/#author\"},\"image\":{\"@type\":\"ImageObject\",\"url\":\"https:\\\/\\\/anoticiaonline.com.br\\\/site\\\/wp-content\\\/uploads\\\/2017\\\/08\\\/AMLE-elege-novo-acad\\u00eamico.jpg\",\"@id\":\"https:\\\/\\\/anoticiaonline.com.br\\\/site\\\/amle-elege-novo-academico\\\/#mainImage\",\"width\":360,\"height\":640},\"primaryImageOfPage\":{\"@id\":\"https:\\\/\\\/anoticiaonline.com.br\\\/site\\\/amle-elege-novo-academico\\\/#mainImage\"},\"datePublished\":\"2017-08-24T19:26:47-03:00\",\"dateModified\":\"2017-08-24T21:15:11-03:00\"},{\"@type\":\"WebSite\",\"@id\":\"https:\\\/\\\/anoticiaonline.com.br\\\/site\\\/#website\",\"url\":\"https:\\\/\\\/anoticiaonline.com.br\\\/site\\\/\",\"name\":\"A Not\\u00edcia Online\",\"description\":\"Noticias de Muria\\u00e9 e regi\\u00e3o\",\"inLanguage\":\"pt-BR\",\"publisher\":{\"@id\":\"https:\\\/\\\/anoticiaonline.com.br\\\/site\\\/#organization\"}}]}\n\t\t<\/script>\n\t\t<!-- All in One SEO -->\n\n","aioseo_head_json":{"title":"AMLE elege novo acad\u00eamico - A Not\u00edcia Online","description":"A Academia Muriaeense de Letras (AMLE) reuniu-se em assembleia extraordin\u00e1ria, na tarde de s\u00e1bado (19), em sua sede na Avenida Eud\u00f3xia Canedo, no Centro, promovendo a elei\u00e7\u00e3o do novo acad\u00eamico Natalino da Silva de Oliveira, que ocupou a cadeira de n\u00famero 30 (vaga por motivo de falecimento do ent\u00e3o titular, Jos\u00e9 Alcino Bicalho), cujo patrono","canonical_url":"https:\/\/anoticiaonline.com.br\/site\/amle-elege-novo-academico\/","robots":"max-image-preview:large","keywords":"","webmasterTools":{"miscellaneous":""},"schema":{"@context":"https:\/\/schema.org","@graph":[{"@type":"BlogPosting","@id":"https:\/\/anoticiaonline.com.br\/site\/amle-elege-novo-academico\/#blogposting","name":"AMLE elege novo acad\u00eamico - A Not\u00edcia Online","headline":"AMLE elege novo acad\u00eamico","author":{"@id":"https:\/\/anoticiaonline.com.br\/site\/author\/juliana\/#author"},"publisher":{"@id":"https:\/\/anoticiaonline.com.br\/site\/#organization"},"image":{"@type":"ImageObject","url":"https:\/\/anoticiaonline.com.br\/site\/wp-content\/uploads\/2017\/08\/AMLE-elege-novo-acad\u00eamico.jpg","width":360,"height":640},"datePublished":"2017-08-24T19:26:47-03:00","dateModified":"2017-08-24T21:15:11-03:00","inLanguage":"pt-BR","mainEntityOfPage":{"@id":"https:\/\/anoticiaonline.com.br\/site\/amle-elege-novo-academico\/#webpage"},"isPartOf":{"@id":"https:\/\/anoticiaonline.com.br\/site\/amle-elege-novo-academico\/#webpage"},"articleSection":"Blog, acad\u00eamico, amle, literatura, Muria\u00e9, publica\u00e7\u00f5es"},{"@type":"BreadcrumbList","@id":"https:\/\/anoticiaonline.com.br\/site\/amle-elege-novo-academico\/#breadcrumblist","itemListElement":[{"@type":"ListItem","@id":"https:\/\/anoticiaonline.com.br\/site#listItem","position":1,"name":"Home","item":"https:\/\/anoticiaonline.com.br\/site","nextItem":{"@type":"ListItem","@id":"https:\/\/anoticiaonline.com.br\/site\/categoria\/muriae\/#listItem","name":"Blog"}},{"@type":"ListItem","@id":"https:\/\/anoticiaonline.com.br\/site\/categoria\/muriae\/#listItem","position":2,"name":"Blog","item":"https:\/\/anoticiaonline.com.br\/site\/categoria\/muriae\/","nextItem":{"@type":"ListItem","@id":"https:\/\/anoticiaonline.com.br\/site\/amle-elege-novo-academico\/#listItem","name":"AMLE elege novo acad\u00eamico"},"previousItem":{"@type":"ListItem","@id":"https:\/\/anoticiaonline.com.br\/site#listItem","name":"Home"}},{"@type":"ListItem","@id":"https:\/\/anoticiaonline.com.br\/site\/amle-elege-novo-academico\/#listItem","position":3,"name":"AMLE elege novo acad\u00eamico","previousItem":{"@type":"ListItem","@id":"https:\/\/anoticiaonline.com.br\/site\/categoria\/muriae\/#listItem","name":"Blog"}}]},{"@type":"Organization","@id":"https:\/\/anoticiaonline.com.br\/site\/#organization","name":"A Not\u00edcia Online","description":"Noticias de Muria\u00e9 e regi\u00e3o","url":"https:\/\/anoticiaonline.com.br\/site\/","logo":{"@type":"ImageObject","url":"https:\/\/scontent-gig4-1.xx.fbcdn.net\/v\/t39.30808-1\/270437624_4564083193639691_6907940295614233970_n.jpg?stp=dst-jpg_s200x200_tt6&_nc_cat=111&ccb=1-7&_nc_sid=f907e8&_nc_ohc=SM1wRlP3lJwQ7kNvwEPuBYA&_nc_oc=AdnqrjDN_BNjSSHWO-GbkIWH6fkGMLw4bqvL_NH6e2wMveX7G-rP2dAqsDSq1mJMOaY&_nc_zt=24&_nc_ht=scontent-gig4-1.xx&_nc_gid=AoBFJeGrT1hVaew_6rchkQ&oh=00_AfX7QmFGhQhG2jAllVgXCiM1ZrWgvtp80-Bfppyexh1QEg&oe=689E923C","@id":"https:\/\/anoticiaonline.com.br\/site\/amle-elege-novo-academico\/#organizationLogo"},"image":{"@id":"https:\/\/anoticiaonline.com.br\/site\/amle-elege-novo-academico\/#organizationLogo"}},{"@type":"Person","@id":"https:\/\/anoticiaonline.com.br\/site\/author\/juliana\/#author","url":"https:\/\/anoticiaonline.com.br\/site\/author\/juliana\/","name":"Juliana Laviola","image":{"@type":"ImageObject","@id":"https:\/\/anoticiaonline.com.br\/site\/amle-elege-novo-academico\/#authorImage","url":"https:\/\/secure.gravatar.com\/avatar\/b8d45f5c699b100dfaf0e543582f38f38bf94cb7ae3a5e9abf8d891a34773335?s=96&d=mm&r=g","width":96,"height":96,"caption":"Juliana Laviola"}},{"@type":"WebPage","@id":"https:\/\/anoticiaonline.com.br\/site\/amle-elege-novo-academico\/#webpage","url":"https:\/\/anoticiaonline.com.br\/site\/amle-elege-novo-academico\/","name":"AMLE elege novo acad\u00eamico - A Not\u00edcia Online","description":"A Academia Muriaeense de Letras (AMLE) reuniu-se em assembleia extraordin\u00e1ria, na tarde de s\u00e1bado (19), em sua sede na Avenida Eud\u00f3xia Canedo, no Centro, promovendo a elei\u00e7\u00e3o do novo acad\u00eamico Natalino da Silva de Oliveira, que ocupou a cadeira de n\u00famero 30 (vaga por motivo de falecimento do ent\u00e3o titular, Jos\u00e9 Alcino Bicalho), cujo patrono","inLanguage":"pt-BR","isPartOf":{"@id":"https:\/\/anoticiaonline.com.br\/site\/#website"},"breadcrumb":{"@id":"https:\/\/anoticiaonline.com.br\/site\/amle-elege-novo-academico\/#breadcrumblist"},"author":{"@id":"https:\/\/anoticiaonline.com.br\/site\/author\/juliana\/#author"},"creator":{"@id":"https:\/\/anoticiaonline.com.br\/site\/author\/juliana\/#author"},"image":{"@type":"ImageObject","url":"https:\/\/anoticiaonline.com.br\/site\/wp-content\/uploads\/2017\/08\/AMLE-elege-novo-acad\u00eamico.jpg","@id":"https:\/\/anoticiaonline.com.br\/site\/amle-elege-novo-academico\/#mainImage","width":360,"height":640},"primaryImageOfPage":{"@id":"https:\/\/anoticiaonline.com.br\/site\/amle-elege-novo-academico\/#mainImage"},"datePublished":"2017-08-24T19:26:47-03:00","dateModified":"2017-08-24T21:15:11-03:00"},{"@type":"WebSite","@id":"https:\/\/anoticiaonline.com.br\/site\/#website","url":"https:\/\/anoticiaonline.com.br\/site\/","name":"A Not\u00edcia Online","description":"Noticias de Muria\u00e9 e regi\u00e3o","inLanguage":"pt-BR","publisher":{"@id":"https:\/\/anoticiaonline.com.br\/site\/#organization"}}]},"og:locale":"pt_BR","og:site_name":"A Not\u00edcia Online - Noticias de Muria\u00e9 e regi\u00e3o","og:type":"article","og:title":"AMLE elege novo acad\u00eamico - A Not\u00edcia Online","og:description":"A Academia Muriaeense de Letras (AMLE) reuniu-se em assembleia extraordin\u00e1ria, na tarde de s\u00e1bado (19), em sua sede na Avenida Eud\u00f3xia Canedo, no Centro, promovendo a elei\u00e7\u00e3o do novo acad\u00eamico Natalino da Silva de Oliveira, que ocupou a cadeira de n\u00famero 30 (vaga por motivo de falecimento do ent\u00e3o titular, Jos\u00e9 Alcino Bicalho), cujo patrono","og:url":"https:\/\/anoticiaonline.com.br\/site\/amle-elege-novo-academico\/","og:image":"https:\/\/scontent-gig4-1.xx.fbcdn.net\/v\/t39.30808-1\/270437624_4564083193639691_6907940295614233970_n.jpg?stp=dst-jpg_s200x200_tt6&#038;_nc_cat=111&#038;ccb=1-7&#038;_nc_sid=f907e8&#038;_nc_ohc=SM1wRlP3lJwQ7kNvwEPuBYA&#038;_nc_oc=AdnqrjDN_BNjSSHWO-GbkIWH6fkGMLw4bqvL_NH6e2wMveX7G-rP2dAqsDSq1mJMOaY&#038;_nc_zt=24&#038;_nc_ht=scontent-gig4-1.xx&#038;_nc_gid=AoBFJeGrT1hVaew_6rchkQ&#038;oh=00_AfX7QmFGhQhG2jAllVgXCiM1ZrWgvtp80-Bfppyexh1QEg&#038;oe=689E923C","og:image:secure_url":"https:\/\/scontent-gig4-1.xx.fbcdn.net\/v\/t39.30808-1\/270437624_4564083193639691_6907940295614233970_n.jpg?stp=dst-jpg_s200x200_tt6&#038;_nc_cat=111&#038;ccb=1-7&#038;_nc_sid=f907e8&#038;_nc_ohc=SM1wRlP3lJwQ7kNvwEPuBYA&#038;_nc_oc=AdnqrjDN_BNjSSHWO-GbkIWH6fkGMLw4bqvL_NH6e2wMveX7G-rP2dAqsDSq1mJMOaY&#038;_nc_zt=24&#038;_nc_ht=scontent-gig4-1.xx&#038;_nc_gid=AoBFJeGrT1hVaew_6rchkQ&#038;oh=00_AfX7QmFGhQhG2jAllVgXCiM1ZrWgvtp80-Bfppyexh1QEg&#038;oe=689E923C","article:published_time":"2017-08-24T22:26:47+00:00","article:modified_time":"2017-08-25T00:15:11+00:00","twitter:card":"summary_large_image","twitter:title":"AMLE elege novo acad\u00eamico - A Not\u00edcia Online","twitter:description":"A Academia Muriaeense de Letras (AMLE) reuniu-se em assembleia extraordin\u00e1ria, na tarde de s\u00e1bado (19), em sua sede na Avenida Eud\u00f3xia Canedo, no Centro, promovendo a elei\u00e7\u00e3o do novo acad\u00eamico Natalino da Silva de Oliveira, que ocupou a cadeira de n\u00famero 30 (vaga por motivo de falecimento do ent\u00e3o titular, Jos\u00e9 Alcino Bicalho), cujo patrono","twitter:image":"https:\/\/scontent-gig4-1.xx.fbcdn.net\/v\/t39.30808-1\/270437624_4564083193639691_6907940295614233970_n.jpg?stp=dst-jpg_s200x200_tt6&_nc_cat=111&ccb=1-7&_nc_sid=f907e8&_nc_ohc=SM1wRlP3lJwQ7kNvwEPuBYA&_nc_oc=AdnqrjDN_BNjSSHWO-GbkIWH6fkGMLw4bqvL_NH6e2wMveX7G-rP2dAqsDSq1mJMOaY&_nc_zt=24&_nc_ht=scontent-gig4-1.xx&_nc_gid=AoBFJeGrT1hVaew_6rchkQ&oh=00_AfX7QmFGhQhG2jAllVgXCiM1ZrWgvtp80-Bfppyexh1QEg&oe=689E923C"},"aioseo_meta_data":{"post_id":"38935","title":null,"description":null,"keywords":null,"keyphrases":null,"primary_term":null,"canonical_url":null,"og_title":null,"og_description":null,"og_object_type":"default","og_image_type":"default","og_image_url":null,"og_image_width":null,"og_image_height":null,"og_image_custom_url":null,"og_image_custom_fields":null,"og_video":null,"og_custom_url":null,"og_article_section":null,"og_article_tags":null,"twitter_use_og":false,"twitter_card":"default","twitter_image_type":"default","twitter_image_url":null,"twitter_image_custom_url":null,"twitter_image_custom_fields":null,"twitter_title":null,"twitter_description":null,"schema":{"blockGraphs":[],"customGraphs":[],"default":{"data":{"Article":[],"Course":[],"Dataset":[],"FAQPage":[],"Movie":[],"Person":[],"Product":[],"ProductReview":[],"Car":[],"Recipe":[],"Service":[],"SoftwareApplication":[],"WebPage":[]},"graphName":"","isEnabled":true},"graphs":[]},"schema_type":"default","schema_type_options":null,"pillar_content":false,"robots_default":true,"robots_noindex":false,"robots_noarchive":false,"robots_nosnippet":false,"robots_nofollow":false,"robots_noimageindex":false,"robots_noodp":false,"robots_notranslate":false,"robots_max_snippet":null,"robots_max_videopreview":null,"robots_max_imagepreview":"large","priority":null,"frequency":null,"local_seo":null,"breadcrumb_settings":null,"limit_modified_date":false,"ai":null,"created":"2025-08-16 19:22:08","updated":"2025-08-16 19:22:08","focus_keyword":null,"additional_keywords":null,"truseo_locale":null,"seo_analyzer_scan_date":null},"aioseo_breadcrumb":"<div class=\"aioseo-breadcrumbs\"><span class=\"aioseo-breadcrumb\">\n\t\t\t<a href=\"https:\/\/anoticiaonline.com.br\/site\" title=\"Home\">Home<\/a>\n\t\t<\/span><span class=\"aioseo-breadcrumb-separator\">&raquo;<\/span><span class=\"aioseo-breadcrumb\">\n\t\t\t<a href=\"https:\/\/anoticiaonline.com.br\/site\/categoria\/muriae\/\" title=\"Blog\">Blog<\/a>\n\t\t<\/span><span class=\"aioseo-breadcrumb-separator\">&raquo;<\/span><span class=\"aioseo-breadcrumb\">\n\t\t\tAMLE elege novo acad\u00eamico\n\t\t<\/span><\/div>","aioseo_breadcrumb_json":[{"label":"Home","link":"https:\/\/anoticiaonline.com.br\/site"},{"label":"Blog","link":"https:\/\/anoticiaonline.com.br\/site\/categoria\/muriae\/"},{"label":"AMLE elege novo acad\u00eamico","link":"https:\/\/anoticiaonline.com.br\/site\/amle-elege-novo-academico\/"}],"views":157,"_links":{"self":[{"href":"https:\/\/anoticiaonline.com.br\/site\/wp-json\/wp\/v2\/posts\/38935","targetHints":{"allow":["GET"]}}],"collection":[{"href":"https:\/\/anoticiaonline.com.br\/site\/wp-json\/wp\/v2\/posts"}],"about":[{"href":"https:\/\/anoticiaonline.com.br\/site\/wp-json\/wp\/v2\/types\/post"}],"author":[{"embeddable":true,"href":"https:\/\/anoticiaonline.com.br\/site\/wp-json\/wp\/v2\/users\/2"}],"replies":[{"embeddable":true,"href":"https:\/\/anoticiaonline.com.br\/site\/wp-json\/wp\/v2\/comments?post=38935"}],"version-history":[{"count":0,"href":"https:\/\/anoticiaonline.com.br\/site\/wp-json\/wp\/v2\/posts\/38935\/revisions"}],"wp:featuredmedia":[{"embeddable":true,"href":"https:\/\/anoticiaonline.com.br\/site\/wp-json\/wp\/v2\/media\/38936"}],"wp:attachment":[{"href":"https:\/\/anoticiaonline.com.br\/site\/wp-json\/wp\/v2\/media?parent=38935"}],"wp:term":[{"taxonomy":"category","embeddable":true,"href":"https:\/\/anoticiaonline.com.br\/site\/wp-json\/wp\/v2\/categories?post=38935"},{"taxonomy":"post_tag","embeddable":true,"href":"https:\/\/anoticiaonline.com.br\/site\/wp-json\/wp\/v2\/tags?post=38935"}],"curies":[{"name":"wp","href":"https:\/\/api.w.org\/{rel}","templated":true}]}}