{"id":38923,"date":"2017-08-24T18:21:49","date_gmt":"2017-08-24T21:21:49","guid":{"rendered":"http:\/\/anoticiaonline.com.br\/site\/?p=38923"},"modified":"2017-08-24T19:21:32","modified_gmt":"2017-08-24T22:21:32","slug":"sindicato-rural-de-muriae-promovera-mesa-redonda-com-autoridades-da-regiao","status":"publish","type":"post","link":"https:\/\/anoticiaonline.com.br\/site\/sindicato-rural-de-muriae-promovera-mesa-redonda-com-autoridades-da-regiao\/","title":{"rendered":"Sindicato Rural de Muria\u00e9 promover\u00e1 Mesa Redonda com autoridades da regi\u00e3o"},"content":{"rendered":"<figure id=\"attachment_38924\" aria-describedby=\"caption-attachment-38924\" style=\"width: 290px\" class=\"wp-caption alignleft\"><a href=\"https:\/\/anoticiaonline.com.br\/site\/wp-content\/uploads\/2017\/08\/DSC_0002.jpg\"><img fetchpriority=\"high\" decoding=\"async\" class=\"size-medium wp-image-38924\" src=\"https:\/\/anoticiaonline.com.br\/site\/wp-content\/uploads\/2017\/08\/DSC_0002-300x200.jpg\" alt=\"\" width=\"300\" height=\"200\" srcset=\"https:\/\/anoticiaonline.com.br\/site\/wp-content\/uploads\/2017\/08\/DSC_0002-300x200.jpg 300w, https:\/\/anoticiaonline.com.br\/site\/wp-content\/uploads\/2017\/08\/DSC_0002-290x192.jpg 290w, https:\/\/anoticiaonline.com.br\/site\/wp-content\/uploads\/2017\/08\/DSC_0002.jpg 600w\" sizes=\"(max-width: 300px) 100vw, 300px\" \/><\/a><figcaption id=\"caption-attachment-38924\" class=\"wp-caption-text\">Henrique Aquino<\/figcaption><\/figure>\n<p>A Federa\u00e7\u00e3o da Agricultura e Pecu\u00e1ria do Estado de Minas Gerais (FAEMG), juntamente com o Sindicato dos Produtores Rurais de Muria\u00e9, promover\u00e1, no dia 30 de agosto, a partir das 18h, o evento Mesa Redonda, que ser\u00e1 comandado pelo presidente da Comiss\u00e3o de Leite da FAEMG e contar\u00e1 com autoridades da regi\u00e3o para discutir sobre o momento de crise no setor leiteiro, principalmente, no que tange \u00e0 instabilidade do pre\u00e7o do produto.<\/p>\n<p>De acordo com o presidente do Sindicato dos Produtores Rurais de Muria\u00e9, Henrique Schueler de Aquino, a necessidade de se realizar uma Mesa Redonda surgiu para dar um suporte para que os produtores rurais possam atravessar a crise.<\/p>\n<p>\u201cQueremos fazer neste dia 30, uma reuni\u00e3o, com os produtores rurais, propriet\u00e1rios de latic\u00ednios e presidentes de sindicatos pr\u00f3ximos, para que o presidente da Comiss\u00e3o possa explicar a situa\u00e7\u00e3o atual do mercado e, encaminhar, para nossos representantes pol\u00edticos, um of\u00edcio com a assinatura de todos os presentes para fortalecer a\u00e7\u00f5es em rela\u00e7\u00e3o \u00e0 produ\u00e7\u00e3o de leite. Esse evento ser\u00e1 de grande valia, pois \u00e9 o dever do Sindicato unir for\u00e7as\u201d, disse Henrique que convida produtores e demais interessados para a Mesa Redonda.<\/p>\n<p>Al\u00e9m do presidente da Comiss\u00e3o de Leite da FAEMG, Eduardo Pena, foram convidados o presidente da Associa\u00e7\u00e3o Brasileira de Produtores de Leite (ABRALEITE), Geraldo Borges; deputados federais; estaduais; o secret\u00e1rio municipal de Agricultura e Meio Ambiente, Manoel Carvalho e o prefeito municipal, Grego.<\/p>\n<p>A Federa\u00e7\u00e3o da Agricultura e Pecu\u00e1ria do Estado de Minas Gerais (FAEMG), juntamente com o Sindicato dos Produtores Rurais de Muria\u00e9, promover\u00e1, no dia 30 de agosto, a partir das 18h, o evento Mesa Redonda que ser\u00e1 comandado pelo presidente da Comiss\u00e3o de Leite da FAEMG e contar\u00e1 com autoridades da regi\u00e3o para discutir sobre o momento de crise no setor leiteiro, principalmente, no que tange \u00e0 instabilidade do pre\u00e7o do produto.<\/p>\n<p>De acordo com o presidente do Sindicato dos Produtores Rurais de Muria\u00e9, Henrique Schueler de Aquino, a necessidade de se realizar uma Mesa Redonda surgiu para dar um suporte para que os produtores rurais possam atravessar a crise.<\/p>\n<p>\u201cQueremos fazer neste dia 30, uma reuni\u00e3o, com os produtores rurais, propriet\u00e1rios de latic\u00ednios e presidentes de sindicatos pr\u00f3ximos, para que o presidente da Comiss\u00e3o possa explicar a situa\u00e7\u00e3o atual do mercado e, encaminhar, para nossos representantes pol\u00edticos, um of\u00edcio com a assinatura de todos os presentes para fortalecer a\u00e7\u00f5es em rela\u00e7\u00e3o \u00e0 produ\u00e7\u00e3o de leite. Esse evento ser\u00e1 de grande valia, pois \u00e9 o dever do Sindicato unir for\u00e7as\u201d, disse Henrique que convida produtores e demais interessados para a Mesa Redonda.<\/p>\n<p>Al\u00e9m do presidente da Comiss\u00e3o de Leite da FAEMG, Eduardo Pena, foram convidados o presidente da Associa\u00e7\u00e3o Brasileira de Produtores de Leite (ABRALEITE), Geraldo Borges; deputados federais; estaduais; o secret\u00e1rio municipal de Agricultura e Meio Ambiente, Manoel Carvalho e o prefeito municipal, Grego.<\/p>\n","protected":false},"excerpt":{"rendered":"<p>A Federa\u00e7\u00e3o da Agricultura e Pecu\u00e1ria do Estado de Minas Gerais (FAEMG), juntamente com o Sindicato dos Produtores Rurais de Muria\u00e9, promover\u00e1, no dia 30 de agosto, a partir das 18h, o evento Mesa Redonda, que ser\u00e1 comandado pelo presidente da Comiss\u00e3o de Leite da FAEMG e contar\u00e1 com autoridades da regi\u00e3o para discutir sobre &#8230; <a title=\"Sindicato Rural de Muria\u00e9 promover\u00e1 Mesa Redonda com autoridades da regi\u00e3o\" class=\"read-more\" href=\"https:\/\/anoticiaonline.com.br\/site\/sindicato-rural-de-muriae-promovera-mesa-redonda-com-autoridades-da-regiao\/\" aria-label=\"Read more about Sindicato Rural de Muria\u00e9 promover\u00e1 Mesa Redonda com autoridades da regi\u00e3o\">Ler mais<\/a><\/p>\n","protected":false},"author":2,"featured_media":38924,"comment_status":"open","ping_status":"open","sticky":false,"template":"","format":"standard","meta":{"_acf_changed":false,"_monsterinsights_skip_tracking":false,"footnotes":""},"categories":[30],"tags":[873,910,527,970,969,3],"class_list":["post-38923","post","type-post","status-publish","format-standard","has-post-thumbnail","hentry","category-muriae","tag-agronegocio","tag-economia","tag-leite","tag-mesa-redonda","tag-sindicato-rural","tag-slide"],"acf":[],"aioseo_notices":[],"aioseo_head":"\n\t\t<!-- All in One SEO 5.0.0.1 - aioseo.com -->\n\t<meta name=\"description\" content=\"A Federa\u00e7\u00e3o da Agricultura e Pecu\u00e1ria do Estado de Minas Gerais (FAEMG), juntamente com o Sindicato dos Produtores Rurais de Muria\u00e9, promover\u00e1, no dia 30 de agosto, a partir das 18h, o evento Mesa Redonda, que ser\u00e1 comandado pelo presidente da Comiss\u00e3o de Leite da FAEMG e contar\u00e1 com autoridades da regi\u00e3o para discutir sobre\" \/>\n\t<meta name=\"robots\" content=\"max-image-preview:large\" \/>\n\t<meta name=\"author\" content=\"Juliana Laviola\"\/>\n\t<link rel=\"canonical\" href=\"https:\/\/anoticiaonline.com.br\/site\/sindicato-rural-de-muriae-promovera-mesa-redonda-com-autoridades-da-regiao\/\" \/>\n\t<meta name=\"generator\" content=\"All in One SEO (AIOSEO) 5.0.0.1\" \/>\n\t\t<meta property=\"og:locale\" content=\"pt_BR\" \/>\n\t\t<meta property=\"og:site_name\" content=\"A Not\u00edcia Online - Noticias de Muria\u00e9 e regi\u00e3o\" \/>\n\t\t<meta property=\"og:type\" content=\"article\" \/>\n\t\t<meta property=\"og:title\" content=\"Sindicato Rural de Muria\u00e9 promover\u00e1 Mesa Redonda com autoridades da regi\u00e3o - A Not\u00edcia Online\" \/>\n\t\t<meta property=\"og:description\" content=\"A Federa\u00e7\u00e3o da Agricultura e Pecu\u00e1ria do Estado de Minas Gerais (FAEMG), juntamente com o Sindicato dos Produtores Rurais de Muria\u00e9, promover\u00e1, no dia 30 de agosto, a partir das 18h, o evento Mesa Redonda, que ser\u00e1 comandado pelo presidente da Comiss\u00e3o de Leite da FAEMG e contar\u00e1 com autoridades da regi\u00e3o para discutir sobre\" \/>\n\t\t<meta property=\"og:url\" content=\"https:\/\/anoticiaonline.com.br\/site\/sindicato-rural-de-muriae-promovera-mesa-redonda-com-autoridades-da-regiao\/\" \/>\n\t\t<meta property=\"og:image\" content=\"https:\/\/scontent-gig4-1.xx.fbcdn.net\/v\/t39.30808-1\/270437624_4564083193639691_6907940295614233970_n.jpg?stp=dst-jpg_s200x200_tt6&#038;_nc_cat=111&#038;ccb=1-7&#038;_nc_sid=f907e8&#038;_nc_ohc=SM1wRlP3lJwQ7kNvwEPuBYA&#038;_nc_oc=AdnqrjDN_BNjSSHWO-GbkIWH6fkGMLw4bqvL_NH6e2wMveX7G-rP2dAqsDSq1mJMOaY&#038;_nc_zt=24&#038;_nc_ht=scontent-gig4-1.xx&#038;_nc_gid=AoBFJeGrT1hVaew_6rchkQ&#038;oh=00_AfX7QmFGhQhG2jAllVgXCiM1ZrWgvtp80-Bfppyexh1QEg&#038;oe=689E923C\" \/>\n\t\t<meta property=\"og:image:secure_url\" content=\"https:\/\/scontent-gig4-1.xx.fbcdn.net\/v\/t39.30808-1\/270437624_4564083193639691_6907940295614233970_n.jpg?stp=dst-jpg_s200x200_tt6&#038;_nc_cat=111&#038;ccb=1-7&#038;_nc_sid=f907e8&#038;_nc_ohc=SM1wRlP3lJwQ7kNvwEPuBYA&#038;_nc_oc=AdnqrjDN_BNjSSHWO-GbkIWH6fkGMLw4bqvL_NH6e2wMveX7G-rP2dAqsDSq1mJMOaY&#038;_nc_zt=24&#038;_nc_ht=scontent-gig4-1.xx&#038;_nc_gid=AoBFJeGrT1hVaew_6rchkQ&#038;oh=00_AfX7QmFGhQhG2jAllVgXCiM1ZrWgvtp80-Bfppyexh1QEg&#038;oe=689E923C\" \/>\n\t\t<meta property=\"article:published_time\" content=\"2017-08-24T21:21:49+00:00\" \/>\n\t\t<meta property=\"article:modified_time\" content=\"2017-08-24T22:21:32+00:00\" \/>\n\t\t<meta name=\"twitter:card\" content=\"summary_large_image\" \/>\n\t\t<meta name=\"twitter:title\" content=\"Sindicato Rural de Muria\u00e9 promover\u00e1 Mesa Redonda com autoridades da regi\u00e3o - A Not\u00edcia Online\" \/>\n\t\t<meta name=\"twitter:description\" content=\"A Federa\u00e7\u00e3o da Agricultura e Pecu\u00e1ria do Estado de Minas Gerais (FAEMG), juntamente com o Sindicato dos Produtores Rurais de Muria\u00e9, promover\u00e1, no dia 30 de agosto, a partir das 18h, o evento Mesa Redonda, que ser\u00e1 comandado pelo presidente da Comiss\u00e3o de Leite da FAEMG e contar\u00e1 com autoridades da regi\u00e3o para discutir sobre\" \/>\n\t\t<meta name=\"twitter:image\" content=\"https:\/\/scontent-gig4-1.xx.fbcdn.net\/v\/t39.30808-1\/270437624_4564083193639691_6907940295614233970_n.jpg?stp=dst-jpg_s200x200_tt6&amp;_nc_cat=111&amp;ccb=1-7&amp;_nc_sid=f907e8&amp;_nc_ohc=SM1wRlP3lJwQ7kNvwEPuBYA&amp;_nc_oc=AdnqrjDN_BNjSSHWO-GbkIWH6fkGMLw4bqvL_NH6e2wMveX7G-rP2dAqsDSq1mJMOaY&amp;_nc_zt=24&amp;_nc_ht=scontent-gig4-1.xx&amp;_nc_gid=AoBFJeGrT1hVaew_6rchkQ&amp;oh=00_AfX7QmFGhQhG2jAllVgXCiM1ZrWgvtp80-Bfppyexh1QEg&amp;oe=689E923C\" \/>\n\t\t<script type=\"application\/ld+json\" class=\"aioseo-schema\">\n\t\t\t{\"@context\":\"https:\\\/\\\/schema.org\",\"@graph\":[{\"@type\":\"BlogPosting\",\"@id\":\"https:\\\/\\\/anoticiaonline.com.br\\\/site\\\/sindicato-rural-de-muriae-promovera-mesa-redonda-com-autoridades-da-regiao\\\/#blogposting\",\"name\":\"Sindicato Rural de Muria\\u00e9 promover\\u00e1 Mesa Redonda com autoridades da regi\\u00e3o - A Not\\u00edcia Online\",\"headline\":\"Sindicato Rural de Muria\\u00e9 promover\\u00e1 Mesa Redonda com autoridades da regi\\u00e3o\",\"author\":{\"@id\":\"https:\\\/\\\/anoticiaonline.com.br\\\/site\\\/author\\\/juliana\\\/#author\"},\"publisher\":{\"@id\":\"https:\\\/\\\/anoticiaonline.com.br\\\/site\\\/#organization\"},\"image\":{\"@type\":\"ImageObject\",\"url\":\"https:\\\/\\\/anoticiaonline.com.br\\\/site\\\/wp-content\\\/uploads\\\/2017\\\/08\\\/DSC_0002.jpg\",\"width\":600,\"height\":400,\"caption\":\"Henrique Aquino\"},\"datePublished\":\"2017-08-24T18:21:49-03:00\",\"dateModified\":\"2017-08-24T19:21:32-03:00\",\"inLanguage\":\"pt-BR\",\"mainEntityOfPage\":{\"@id\":\"https:\\\/\\\/anoticiaonline.com.br\\\/site\\\/sindicato-rural-de-muriae-promovera-mesa-redonda-com-autoridades-da-regiao\\\/#webpage\"},\"isPartOf\":{\"@id\":\"https:\\\/\\\/anoticiaonline.com.br\\\/site\\\/sindicato-rural-de-muriae-promovera-mesa-redonda-com-autoridades-da-regiao\\\/#webpage\"},\"articleSection\":\"Blog, agroneg\\u00f3cio, economia, leite, mesa redonda, sindicato rural, slide\"},{\"@type\":\"BreadcrumbList\",\"@id\":\"https:\\\/\\\/anoticiaonline.com.br\\\/site\\\/sindicato-rural-de-muriae-promovera-mesa-redonda-com-autoridades-da-regiao\\\/#breadcrumblist\",\"itemListElement\":[{\"@type\":\"ListItem\",\"@id\":\"https:\\\/\\\/anoticiaonline.com.br\\\/site#listItem\",\"position\":1,\"name\":\"Home\",\"item\":\"https:\\\/\\\/anoticiaonline.com.br\\\/site\",\"nextItem\":{\"@type\":\"ListItem\",\"@id\":\"https:\\\/\\\/anoticiaonline.com.br\\\/site\\\/categoria\\\/muriae\\\/#listItem\",\"name\":\"Blog\"}},{\"@type\":\"ListItem\",\"@id\":\"https:\\\/\\\/anoticiaonline.com.br\\\/site\\\/categoria\\\/muriae\\\/#listItem\",\"position\":2,\"name\":\"Blog\",\"item\":\"https:\\\/\\\/anoticiaonline.com.br\\\/site\\\/categoria\\\/muriae\\\/\",\"nextItem\":{\"@type\":\"ListItem\",\"@id\":\"https:\\\/\\\/anoticiaonline.com.br\\\/site\\\/sindicato-rural-de-muriae-promovera-mesa-redonda-com-autoridades-da-regiao\\\/#listItem\",\"name\":\"Sindicato Rural de Muria\\u00e9 promover\\u00e1 Mesa Redonda com autoridades da regi\\u00e3o\"},\"previousItem\":{\"@type\":\"ListItem\",\"@id\":\"https:\\\/\\\/anoticiaonline.com.br\\\/site#listItem\",\"name\":\"Home\"}},{\"@type\":\"ListItem\",\"@id\":\"https:\\\/\\\/anoticiaonline.com.br\\\/site\\\/sindicato-rural-de-muriae-promovera-mesa-redonda-com-autoridades-da-regiao\\\/#listItem\",\"position\":3,\"name\":\"Sindicato Rural de Muria\\u00e9 promover\\u00e1 Mesa Redonda com autoridades da regi\\u00e3o\",\"previousItem\":{\"@type\":\"ListItem\",\"@id\":\"https:\\\/\\\/anoticiaonline.com.br\\\/site\\\/categoria\\\/muriae\\\/#listItem\",\"name\":\"Blog\"}}]},{\"@type\":\"Organization\",\"@id\":\"https:\\\/\\\/anoticiaonline.com.br\\\/site\\\/#organization\",\"name\":\"A Not\\u00edcia Online\",\"description\":\"Noticias de Muria\\u00e9 e regi\\u00e3o\",\"url\":\"https:\\\/\\\/anoticiaonline.com.br\\\/site\\\/\",\"logo\":{\"@type\":\"ImageObject\",\"url\":\"https:\\\/\\\/scontent-gig4-1.xx.fbcdn.net\\\/v\\\/t39.30808-1\\\/270437624_4564083193639691_6907940295614233970_n.jpg?stp=dst-jpg_s200x200_tt6&_nc_cat=111&ccb=1-7&_nc_sid=f907e8&_nc_ohc=SM1wRlP3lJwQ7kNvwEPuBYA&_nc_oc=AdnqrjDN_BNjSSHWO-GbkIWH6fkGMLw4bqvL_NH6e2wMveX7G-rP2dAqsDSq1mJMOaY&_nc_zt=24&_nc_ht=scontent-gig4-1.xx&_nc_gid=AoBFJeGrT1hVaew_6rchkQ&oh=00_AfX7QmFGhQhG2jAllVgXCiM1ZrWgvtp80-Bfppyexh1QEg&oe=689E923C\",\"@id\":\"https:\\\/\\\/anoticiaonline.com.br\\\/site\\\/sindicato-rural-de-muriae-promovera-mesa-redonda-com-autoridades-da-regiao\\\/#organizationLogo\"},\"image\":{\"@id\":\"https:\\\/\\\/anoticiaonline.com.br\\\/site\\\/sindicato-rural-de-muriae-promovera-mesa-redonda-com-autoridades-da-regiao\\\/#organizationLogo\"}},{\"@type\":\"Person\",\"@id\":\"https:\\\/\\\/anoticiaonline.com.br\\\/site\\\/author\\\/juliana\\\/#author\",\"url\":\"https:\\\/\\\/anoticiaonline.com.br\\\/site\\\/author\\\/juliana\\\/\",\"name\":\"Juliana Laviola\",\"image\":{\"@type\":\"ImageObject\",\"@id\":\"https:\\\/\\\/anoticiaonline.com.br\\\/site\\\/sindicato-rural-de-muriae-promovera-mesa-redonda-com-autoridades-da-regiao\\\/#authorImage\",\"url\":\"https:\\\/\\\/secure.gravatar.com\\\/avatar\\\/b8d45f5c699b100dfaf0e543582f38f38bf94cb7ae3a5e9abf8d891a34773335?s=96&d=mm&r=g\",\"width\":96,\"height\":96,\"caption\":\"Juliana Laviola\"}},{\"@type\":\"WebPage\",\"@id\":\"https:\\\/\\\/anoticiaonline.com.br\\\/site\\\/sindicato-rural-de-muriae-promovera-mesa-redonda-com-autoridades-da-regiao\\\/#webpage\",\"url\":\"https:\\\/\\\/anoticiaonline.com.br\\\/site\\\/sindicato-rural-de-muriae-promovera-mesa-redonda-com-autoridades-da-regiao\\\/\",\"name\":\"Sindicato Rural de Muria\\u00e9 promover\\u00e1 Mesa Redonda com autoridades da regi\\u00e3o - A Not\\u00edcia Online\",\"description\":\"A Federa\\u00e7\\u00e3o da Agricultura e Pecu\\u00e1ria do Estado de Minas Gerais (FAEMG), juntamente com o Sindicato dos Produtores Rurais de Muria\\u00e9, promover\\u00e1, no dia 30 de agosto, a partir das 18h, o evento Mesa Redonda, que ser\\u00e1 comandado pelo presidente da Comiss\\u00e3o de Leite da FAEMG e contar\\u00e1 com autoridades da regi\\u00e3o para discutir sobre\",\"inLanguage\":\"pt-BR\",\"isPartOf\":{\"@id\":\"https:\\\/\\\/anoticiaonline.com.br\\\/site\\\/#website\"},\"breadcrumb\":{\"@id\":\"https:\\\/\\\/anoticiaonline.com.br\\\/site\\\/sindicato-rural-de-muriae-promovera-mesa-redonda-com-autoridades-da-regiao\\\/#breadcrumblist\"},\"author\":{\"@id\":\"https:\\\/\\\/anoticiaonline.com.br\\\/site\\\/author\\\/juliana\\\/#author\"},\"creator\":{\"@id\":\"https:\\\/\\\/anoticiaonline.com.br\\\/site\\\/author\\\/juliana\\\/#author\"},\"image\":{\"@type\":\"ImageObject\",\"url\":\"https:\\\/\\\/anoticiaonline.com.br\\\/site\\\/wp-content\\\/uploads\\\/2017\\\/08\\\/DSC_0002.jpg\",\"@id\":\"https:\\\/\\\/anoticiaonline.com.br\\\/site\\\/sindicato-rural-de-muriae-promovera-mesa-redonda-com-autoridades-da-regiao\\\/#mainImage\",\"width\":600,\"height\":400,\"caption\":\"Henrique Aquino\"},\"primaryImageOfPage\":{\"@id\":\"https:\\\/\\\/anoticiaonline.com.br\\\/site\\\/sindicato-rural-de-muriae-promovera-mesa-redonda-com-autoridades-da-regiao\\\/#mainImage\"},\"datePublished\":\"2017-08-24T18:21:49-03:00\",\"dateModified\":\"2017-08-24T19:21:32-03:00\"},{\"@type\":\"WebSite\",\"@id\":\"https:\\\/\\\/anoticiaonline.com.br\\\/site\\\/#website\",\"url\":\"https:\\\/\\\/anoticiaonline.com.br\\\/site\\\/\",\"name\":\"A Not\\u00edcia Online\",\"description\":\"Noticias de Muria\\u00e9 e regi\\u00e3o\",\"inLanguage\":\"pt-BR\",\"publisher\":{\"@id\":\"https:\\\/\\\/anoticiaonline.com.br\\\/site\\\/#organization\"}}]}\n\t\t<\/script>\n\t\t<!-- All in One SEO -->\n\n","aioseo_head_json":{"title":"Sindicato Rural de Muria\u00e9 promover\u00e1 Mesa Redonda com autoridades da regi\u00e3o - A Not\u00edcia Online","description":"A Federa\u00e7\u00e3o da Agricultura e Pecu\u00e1ria do Estado de Minas Gerais (FAEMG), juntamente com o Sindicato dos Produtores Rurais de Muria\u00e9, promover\u00e1, no dia 30 de agosto, a partir das 18h, o evento Mesa Redonda, que ser\u00e1 comandado pelo presidente da Comiss\u00e3o de Leite da FAEMG e contar\u00e1 com autoridades da regi\u00e3o para discutir sobre","canonical_url":"https:\/\/anoticiaonline.com.br\/site\/sindicato-rural-de-muriae-promovera-mesa-redonda-com-autoridades-da-regiao\/","robots":"max-image-preview:large","keywords":"","webmasterTools":{"miscellaneous":""},"schema":{"@context":"https:\/\/schema.org","@graph":[{"@type":"BlogPosting","@id":"https:\/\/anoticiaonline.com.br\/site\/sindicato-rural-de-muriae-promovera-mesa-redonda-com-autoridades-da-regiao\/#blogposting","name":"Sindicato Rural de Muria\u00e9 promover\u00e1 Mesa Redonda com autoridades da regi\u00e3o - A Not\u00edcia Online","headline":"Sindicato Rural de Muria\u00e9 promover\u00e1 Mesa Redonda com autoridades da regi\u00e3o","author":{"@id":"https:\/\/anoticiaonline.com.br\/site\/author\/juliana\/#author"},"publisher":{"@id":"https:\/\/anoticiaonline.com.br\/site\/#organization"},"image":{"@type":"ImageObject","url":"https:\/\/anoticiaonline.com.br\/site\/wp-content\/uploads\/2017\/08\/DSC_0002.jpg","width":600,"height":400,"caption":"Henrique Aquino"},"datePublished":"2017-08-24T18:21:49-03:00","dateModified":"2017-08-24T19:21:32-03:00","inLanguage":"pt-BR","mainEntityOfPage":{"@id":"https:\/\/anoticiaonline.com.br\/site\/sindicato-rural-de-muriae-promovera-mesa-redonda-com-autoridades-da-regiao\/#webpage"},"isPartOf":{"@id":"https:\/\/anoticiaonline.com.br\/site\/sindicato-rural-de-muriae-promovera-mesa-redonda-com-autoridades-da-regiao\/#webpage"},"articleSection":"Blog, agroneg\u00f3cio, economia, leite, mesa redonda, sindicato rural, slide"},{"@type":"BreadcrumbList","@id":"https:\/\/anoticiaonline.com.br\/site\/sindicato-rural-de-muriae-promovera-mesa-redonda-com-autoridades-da-regiao\/#breadcrumblist","itemListElement":[{"@type":"ListItem","@id":"https:\/\/anoticiaonline.com.br\/site#listItem","position":1,"name":"Home","item":"https:\/\/anoticiaonline.com.br\/site","nextItem":{"@type":"ListItem","@id":"https:\/\/anoticiaonline.com.br\/site\/categoria\/muriae\/#listItem","name":"Blog"}},{"@type":"ListItem","@id":"https:\/\/anoticiaonline.com.br\/site\/categoria\/muriae\/#listItem","position":2,"name":"Blog","item":"https:\/\/anoticiaonline.com.br\/site\/categoria\/muriae\/","nextItem":{"@type":"ListItem","@id":"https:\/\/anoticiaonline.com.br\/site\/sindicato-rural-de-muriae-promovera-mesa-redonda-com-autoridades-da-regiao\/#listItem","name":"Sindicato Rural de Muria\u00e9 promover\u00e1 Mesa Redonda com autoridades da regi\u00e3o"},"previousItem":{"@type":"ListItem","@id":"https:\/\/anoticiaonline.com.br\/site#listItem","name":"Home"}},{"@type":"ListItem","@id":"https:\/\/anoticiaonline.com.br\/site\/sindicato-rural-de-muriae-promovera-mesa-redonda-com-autoridades-da-regiao\/#listItem","position":3,"name":"Sindicato Rural de Muria\u00e9 promover\u00e1 Mesa Redonda com autoridades da regi\u00e3o","previousItem":{"@type":"ListItem","@id":"https:\/\/anoticiaonline.com.br\/site\/categoria\/muriae\/#listItem","name":"Blog"}}]},{"@type":"Organization","@id":"https:\/\/anoticiaonline.com.br\/site\/#organization","name":"A Not\u00edcia Online","description":"Noticias de Muria\u00e9 e regi\u00e3o","url":"https:\/\/anoticiaonline.com.br\/site\/","logo":{"@type":"ImageObject","url":"https:\/\/scontent-gig4-1.xx.fbcdn.net\/v\/t39.30808-1\/270437624_4564083193639691_6907940295614233970_n.jpg?stp=dst-jpg_s200x200_tt6&_nc_cat=111&ccb=1-7&_nc_sid=f907e8&_nc_ohc=SM1wRlP3lJwQ7kNvwEPuBYA&_nc_oc=AdnqrjDN_BNjSSHWO-GbkIWH6fkGMLw4bqvL_NH6e2wMveX7G-rP2dAqsDSq1mJMOaY&_nc_zt=24&_nc_ht=scontent-gig4-1.xx&_nc_gid=AoBFJeGrT1hVaew_6rchkQ&oh=00_AfX7QmFGhQhG2jAllVgXCiM1ZrWgvtp80-Bfppyexh1QEg&oe=689E923C","@id":"https:\/\/anoticiaonline.com.br\/site\/sindicato-rural-de-muriae-promovera-mesa-redonda-com-autoridades-da-regiao\/#organizationLogo"},"image":{"@id":"https:\/\/anoticiaonline.com.br\/site\/sindicato-rural-de-muriae-promovera-mesa-redonda-com-autoridades-da-regiao\/#organizationLogo"}},{"@type":"Person","@id":"https:\/\/anoticiaonline.com.br\/site\/author\/juliana\/#author","url":"https:\/\/anoticiaonline.com.br\/site\/author\/juliana\/","name":"Juliana Laviola","image":{"@type":"ImageObject","@id":"https:\/\/anoticiaonline.com.br\/site\/sindicato-rural-de-muriae-promovera-mesa-redonda-com-autoridades-da-regiao\/#authorImage","url":"https:\/\/secure.gravatar.com\/avatar\/b8d45f5c699b100dfaf0e543582f38f38bf94cb7ae3a5e9abf8d891a34773335?s=96&d=mm&r=g","width":96,"height":96,"caption":"Juliana Laviola"}},{"@type":"WebPage","@id":"https:\/\/anoticiaonline.com.br\/site\/sindicato-rural-de-muriae-promovera-mesa-redonda-com-autoridades-da-regiao\/#webpage","url":"https:\/\/anoticiaonline.com.br\/site\/sindicato-rural-de-muriae-promovera-mesa-redonda-com-autoridades-da-regiao\/","name":"Sindicato Rural de Muria\u00e9 promover\u00e1 Mesa Redonda com autoridades da regi\u00e3o - A Not\u00edcia Online","description":"A Federa\u00e7\u00e3o da Agricultura e Pecu\u00e1ria do Estado de Minas Gerais (FAEMG), juntamente com o Sindicato dos Produtores Rurais de Muria\u00e9, promover\u00e1, no dia 30 de agosto, a partir das 18h, o evento Mesa Redonda, que ser\u00e1 comandado pelo presidente da Comiss\u00e3o de Leite da FAEMG e contar\u00e1 com autoridades da regi\u00e3o para discutir sobre","inLanguage":"pt-BR","isPartOf":{"@id":"https:\/\/anoticiaonline.com.br\/site\/#website"},"breadcrumb":{"@id":"https:\/\/anoticiaonline.com.br\/site\/sindicato-rural-de-muriae-promovera-mesa-redonda-com-autoridades-da-regiao\/#breadcrumblist"},"author":{"@id":"https:\/\/anoticiaonline.com.br\/site\/author\/juliana\/#author"},"creator":{"@id":"https:\/\/anoticiaonline.com.br\/site\/author\/juliana\/#author"},"image":{"@type":"ImageObject","url":"https:\/\/anoticiaonline.com.br\/site\/wp-content\/uploads\/2017\/08\/DSC_0002.jpg","@id":"https:\/\/anoticiaonline.com.br\/site\/sindicato-rural-de-muriae-promovera-mesa-redonda-com-autoridades-da-regiao\/#mainImage","width":600,"height":400,"caption":"Henrique Aquino"},"primaryImageOfPage":{"@id":"https:\/\/anoticiaonline.com.br\/site\/sindicato-rural-de-muriae-promovera-mesa-redonda-com-autoridades-da-regiao\/#mainImage"},"datePublished":"2017-08-24T18:21:49-03:00","dateModified":"2017-08-24T19:21:32-03:00"},{"@type":"WebSite","@id":"https:\/\/anoticiaonline.com.br\/site\/#website","url":"https:\/\/anoticiaonline.com.br\/site\/","name":"A Not\u00edcia Online","description":"Noticias de Muria\u00e9 e regi\u00e3o","inLanguage":"pt-BR","publisher":{"@id":"https:\/\/anoticiaonline.com.br\/site\/#organization"}}]},"og:locale":"pt_BR","og:site_name":"A Not\u00edcia Online - Noticias de Muria\u00e9 e regi\u00e3o","og:type":"article","og:title":"Sindicato Rural de Muria\u00e9 promover\u00e1 Mesa Redonda com autoridades da regi\u00e3o - A Not\u00edcia Online","og:description":"A Federa\u00e7\u00e3o da Agricultura e Pecu\u00e1ria do Estado de Minas Gerais (FAEMG), juntamente com o Sindicato dos Produtores Rurais de Muria\u00e9, promover\u00e1, no dia 30 de agosto, a partir das 18h, o evento Mesa Redonda, que ser\u00e1 comandado pelo presidente da Comiss\u00e3o de Leite da FAEMG e contar\u00e1 com autoridades da regi\u00e3o para discutir sobre","og:url":"https:\/\/anoticiaonline.com.br\/site\/sindicato-rural-de-muriae-promovera-mesa-redonda-com-autoridades-da-regiao\/","og:image":"https:\/\/scontent-gig4-1.xx.fbcdn.net\/v\/t39.30808-1\/270437624_4564083193639691_6907940295614233970_n.jpg?stp=dst-jpg_s200x200_tt6&#038;_nc_cat=111&#038;ccb=1-7&#038;_nc_sid=f907e8&#038;_nc_ohc=SM1wRlP3lJwQ7kNvwEPuBYA&#038;_nc_oc=AdnqrjDN_BNjSSHWO-GbkIWH6fkGMLw4bqvL_NH6e2wMveX7G-rP2dAqsDSq1mJMOaY&#038;_nc_zt=24&#038;_nc_ht=scontent-gig4-1.xx&#038;_nc_gid=AoBFJeGrT1hVaew_6rchkQ&#038;oh=00_AfX7QmFGhQhG2jAllVgXCiM1ZrWgvtp80-Bfppyexh1QEg&#038;oe=689E923C","og:image:secure_url":"https:\/\/scontent-gig4-1.xx.fbcdn.net\/v\/t39.30808-1\/270437624_4564083193639691_6907940295614233970_n.jpg?stp=dst-jpg_s200x200_tt6&#038;_nc_cat=111&#038;ccb=1-7&#038;_nc_sid=f907e8&#038;_nc_ohc=SM1wRlP3lJwQ7kNvwEPuBYA&#038;_nc_oc=AdnqrjDN_BNjSSHWO-GbkIWH6fkGMLw4bqvL_NH6e2wMveX7G-rP2dAqsDSq1mJMOaY&#038;_nc_zt=24&#038;_nc_ht=scontent-gig4-1.xx&#038;_nc_gid=AoBFJeGrT1hVaew_6rchkQ&#038;oh=00_AfX7QmFGhQhG2jAllVgXCiM1ZrWgvtp80-Bfppyexh1QEg&#038;oe=689E923C","article:published_time":"2017-08-24T21:21:49+00:00","article:modified_time":"2017-08-24T22:21:32+00:00","twitter:card":"summary_large_image","twitter:title":"Sindicato Rural de Muria\u00e9 promover\u00e1 Mesa Redonda com autoridades da regi\u00e3o - A Not\u00edcia Online","twitter:description":"A Federa\u00e7\u00e3o da Agricultura e Pecu\u00e1ria do Estado de Minas Gerais (FAEMG), juntamente com o Sindicato dos Produtores Rurais de Muria\u00e9, promover\u00e1, no dia 30 de agosto, a partir das 18h, o evento Mesa Redonda, que ser\u00e1 comandado pelo presidente da Comiss\u00e3o de Leite da FAEMG e contar\u00e1 com autoridades da regi\u00e3o para discutir sobre","twitter:image":"https:\/\/scontent-gig4-1.xx.fbcdn.net\/v\/t39.30808-1\/270437624_4564083193639691_6907940295614233970_n.jpg?stp=dst-jpg_s200x200_tt6&_nc_cat=111&ccb=1-7&_nc_sid=f907e8&_nc_ohc=SM1wRlP3lJwQ7kNvwEPuBYA&_nc_oc=AdnqrjDN_BNjSSHWO-GbkIWH6fkGMLw4bqvL_NH6e2wMveX7G-rP2dAqsDSq1mJMOaY&_nc_zt=24&_nc_ht=scontent-gig4-1.xx&_nc_gid=AoBFJeGrT1hVaew_6rchkQ&oh=00_AfX7QmFGhQhG2jAllVgXCiM1ZrWgvtp80-Bfppyexh1QEg&oe=689E923C"},"aioseo_meta_data":{"post_id":"38923","title":null,"description":null,"keywords":null,"keyphrases":null,"primary_term":null,"canonical_url":null,"og_title":null,"og_description":null,"og_object_type":"default","og_image_type":"default","og_image_url":null,"og_image_width":null,"og_image_height":null,"og_image_custom_url":null,"og_image_custom_fields":null,"og_video":null,"og_custom_url":null,"og_article_section":null,"og_article_tags":null,"twitter_use_og":false,"twitter_card":"default","twitter_image_type":"default","twitter_image_url":null,"twitter_image_custom_url":null,"twitter_image_custom_fields":null,"twitter_title":null,"twitter_description":null,"schema":{"blockGraphs":[],"customGraphs":[],"default":{"data":{"Article":[],"Course":[],"Dataset":[],"FAQPage":[],"Movie":[],"Person":[],"Product":[],"ProductReview":[],"Car":[],"Recipe":[],"Service":[],"SoftwareApplication":[],"WebPage":[]},"graphName":"","isEnabled":true},"graphs":[]},"schema_type":"default","schema_type_options":null,"pillar_content":false,"robots_default":true,"robots_noindex":false,"robots_noarchive":false,"robots_nosnippet":false,"robots_nofollow":false,"robots_noimageindex":false,"robots_noodp":false,"robots_notranslate":false,"robots_max_snippet":null,"robots_max_videopreview":null,"robots_max_imagepreview":"large","priority":null,"frequency":null,"local_seo":null,"breadcrumb_settings":null,"limit_modified_date":false,"ai":null,"created":"2025-08-16 19:22:07","updated":"2025-08-16 19:22:07","focus_keyword":null,"additional_keywords":null,"truseo_locale":null,"seo_analyzer_scan_date":null},"aioseo_breadcrumb":"<div class=\"aioseo-breadcrumbs\"><span class=\"aioseo-breadcrumb\">\n\t\t\t<a href=\"https:\/\/anoticiaonline.com.br\/site\" title=\"Home\">Home<\/a>\n\t\t<\/span><span class=\"aioseo-breadcrumb-separator\">&raquo;<\/span><span class=\"aioseo-breadcrumb\">\n\t\t\t<a href=\"https:\/\/anoticiaonline.com.br\/site\/categoria\/muriae\/\" title=\"Blog\">Blog<\/a>\n\t\t<\/span><span class=\"aioseo-breadcrumb-separator\">&raquo;<\/span><span class=\"aioseo-breadcrumb\">\n\t\t\tSindicato Rural de Muria\u00e9 promover\u00e1 Mesa Redonda com autoridades da regi\u00e3o\n\t\t<\/span><\/div>","aioseo_breadcrumb_json":[{"label":"Home","link":"https:\/\/anoticiaonline.com.br\/site"},{"label":"Blog","link":"https:\/\/anoticiaonline.com.br\/site\/categoria\/muriae\/"},{"label":"Sindicato Rural de Muria\u00e9 promover\u00e1 Mesa Redonda com autoridades da regi\u00e3o","link":"https:\/\/anoticiaonline.com.br\/site\/sindicato-rural-de-muriae-promovera-mesa-redonda-com-autoridades-da-regiao\/"}],"views":213,"_links":{"self":[{"href":"https:\/\/anoticiaonline.com.br\/site\/wp-json\/wp\/v2\/posts\/38923","targetHints":{"allow":["GET"]}}],"collection":[{"href":"https:\/\/anoticiaonline.com.br\/site\/wp-json\/wp\/v2\/posts"}],"about":[{"href":"https:\/\/anoticiaonline.com.br\/site\/wp-json\/wp\/v2\/types\/post"}],"author":[{"embeddable":true,"href":"https:\/\/anoticiaonline.com.br\/site\/wp-json\/wp\/v2\/users\/2"}],"replies":[{"embeddable":true,"href":"https:\/\/anoticiaonline.com.br\/site\/wp-json\/wp\/v2\/comments?post=38923"}],"version-history":[{"count":0,"href":"https:\/\/anoticiaonline.com.br\/site\/wp-json\/wp\/v2\/posts\/38923\/revisions"}],"wp:featuredmedia":[{"embeddable":true,"href":"https:\/\/anoticiaonline.com.br\/site\/wp-json\/wp\/v2\/media\/38924"}],"wp:attachment":[{"href":"https:\/\/anoticiaonline.com.br\/site\/wp-json\/wp\/v2\/media?parent=38923"}],"wp:term":[{"taxonomy":"category","embeddable":true,"href":"https:\/\/anoticiaonline.com.br\/site\/wp-json\/wp\/v2\/categories?post=38923"},{"taxonomy":"post_tag","embeddable":true,"href":"https:\/\/anoticiaonline.com.br\/site\/wp-json\/wp\/v2\/tags?post=38923"}],"curies":[{"name":"wp","href":"https:\/\/api.w.org\/{rel}","templated":true}]}}