{"id":38915,"date":"2017-08-24T18:06:44","date_gmt":"2017-08-24T21:06:44","guid":{"rendered":"http:\/\/anoticiaonline.com.br\/site\/?p=38915"},"modified":"2017-08-24T19:11:12","modified_gmt":"2017-08-24T22:11:12","slug":"feminicidio-preso-o-homem-acusado-de-matar-e-colocar-corpo-de-esposa-dentro-de-saco-plastico","status":"publish","type":"post","link":"https:\/\/anoticiaonline.com.br\/site\/feminicidio-preso-o-homem-acusado-de-matar-e-colocar-corpo-de-esposa-dentro-de-saco-plastico\/","title":{"rendered":"Feminic\u00eddio: preso o homem acusado de matar e colocar corpo de esposa dentro de saco pl\u00e1stico"},"content":{"rendered":"<p><a href=\"https:\/\/anoticiaonline.com.br\/site\/wp-content\/uploads\/2017\/08\/CAPA-1.jpg\"><img fetchpriority=\"high\" decoding=\"async\" class=\"size-medium wp-image-38917 alignleft\" src=\"https:\/\/anoticiaonline.com.br\/site\/wp-content\/uploads\/2017\/08\/CAPA-1-300x294.jpg\" alt=\"\" width=\"300\" height=\"294\" srcset=\"https:\/\/anoticiaonline.com.br\/site\/wp-content\/uploads\/2017\/08\/CAPA-1-300x294.jpg 300w, https:\/\/anoticiaonline.com.br\/site\/wp-content\/uploads\/2017\/08\/CAPA-1.jpg 520w\" sizes=\"(max-width: 300px) 100vw, 300px\" \/><\/a><\/p>\n<p>A Pol\u00edcia Civil de Divino cumpriu o mandado de pris\u00e3o preventiva contra um homem de 40 anos, acusado de matar a companheira Patr\u00edcia C\u00e1ssia de Freitas, de 38 anos.\u00a0 O corpo de Patr\u00edcia foi encontrado, no dia 16 de agosto, dentro de um saco pl\u00e1stico debaixo da escada que d\u00e1 acesso ao segundo andar do pr\u00e9dio em que os dois moravam.<\/p>\n<p>Interrogado, o suspeito alegou que durante uma discuss\u00e3o, Patr\u00edcia, muito nervosa, disse que iria matar o companheiro, tentando alcan\u00e7ar uma faca para atingi-lo, por\u00e9m, foi impedida pelo autor que desferiu um soco contra seu pesco\u00e7o, causando o desmaio da v\u00edtima.\u00a0Ap\u00f3s recobrar sua consci\u00eancia, Patr\u00edcia, sem conseguir se levantar, disse novamente que ia mat\u00e1-lo, mas foi morta antes, asfixiada por um pano em sua boca.<\/p>\n<p>O suspeito, logo ap\u00f3s o ocorrido, fugiu na quarta-feira, dia 16 de agosto, para a cidade de Manhua\u00e7u, onde permaneceu at\u00e9 o \u00faltimo s\u00e1bado, dia 19 de agosto, quando fez contato com sua m\u00e3e e, em seguida, se entregou na 37\u00aa Delegacia de Pol\u00edcia Civil de Divino, onde ser\u00e1 indiciado por homic\u00eddio duplamente qualificado (motivo torpe e feminic\u00eddio) e por oculta\u00e7\u00e3o de cad\u00e1ver.<\/p>\n<p><strong>Relembre o caso &#8211;<\/strong> A Pol\u00edcia Militar de Divino recebeu informa\u00e7\u00f5es de uma testemunha, no dia 16, de que um saco havia sido encontrado debaixo da escada que d\u00e1 acesso ao segundo andar de seu pr\u00e9dio. A PM chegou ao local e constatou que se tratava do corpo de Patr\u00edcia C\u00e1ssia de Freitas, de 38 anos.<\/p>\n<p>De acordo com outra testemunha, foi poss\u00edvel ouvir, durante a madrugada, barulhos estranhos no pr\u00e9dio. A m\u00e3e da v\u00edtima contou que, Patr\u00edcia tinha um relacionamento conturbado h\u00e1 19 anos com o homem que era o atual suspeito do assassinato.<\/p>\n<p>No dia 15, a m\u00e3e de Patr\u00edcia disse que o genro entregou para sua neta a quantia de R$200 reais, al\u00e9m de pedir a sogra para que tomasse conta da menina, dizendo que Patr\u00edcia estava no Rio de Janeiro.<\/p>\n<p>O corpo de Patr\u00edcia foi encontrado em estado de decomposi\u00e7\u00e3o, apresentava sinais de viol\u00eancia e com um pano na boca. Sendo encaminhado para o IML de Muria\u00e9.<\/p>\n","protected":false},"excerpt":{"rendered":"<p>A Pol\u00edcia Civil de Divino cumpriu o mandado de pris\u00e3o preventiva contra um homem de 40 anos, acusado de matar a companheira Patr\u00edcia C\u00e1ssia de Freitas, de 38 anos.\u00a0 O corpo de Patr\u00edcia foi encontrado, no dia 16 de agosto, dentro de um saco pl\u00e1stico debaixo da escada que d\u00e1 acesso ao segundo andar do &#8230; <a title=\"Feminic\u00eddio: preso o homem acusado de matar e colocar corpo de esposa dentro de saco pl\u00e1stico\" class=\"read-more\" href=\"https:\/\/anoticiaonline.com.br\/site\/feminicidio-preso-o-homem-acusado-de-matar-e-colocar-corpo-de-esposa-dentro-de-saco-plastico\/\" aria-label=\"Read more about Feminic\u00eddio: preso o homem acusado de matar e colocar corpo de esposa dentro de saco pl\u00e1stico\">Ler mais<\/a><\/p>\n","protected":false},"author":2,"featured_media":38917,"comment_status":"open","ping_status":"open","sticky":false,"template":"","format":"standard","meta":{"_acf_changed":false,"_monsterinsights_skip_tracking":false,"footnotes":""},"categories":[6],"tags":[470,968,95,404,3],"class_list":["post-38915","post","type-post","status-publish","format-standard","has-post-thumbnail","hentry","category-regiao","tag-crime","tag-homicidio","tag-policia-civil","tag-regiao","tag-slide"],"acf":[],"aioseo_notices":[],"aioseo_head":"\n\t\t<!-- All in One SEO 5.0.0.1 - aioseo.com -->\n\t<meta name=\"description\" content=\"A Pol\u00edcia Civil de Divino cumpriu o mandado de pris\u00e3o preventiva contra um homem de 40 anos, acusado de matar a companheira Patr\u00edcia C\u00e1ssia de Freitas, de 38 anos. O corpo de Patr\u00edcia foi encontrado, no dia 16 de agosto, dentro de um saco pl\u00e1stico debaixo da escada que d\u00e1 acesso ao segundo andar do\" \/>\n\t<meta name=\"robots\" content=\"max-image-preview:large\" \/>\n\t<meta name=\"author\" content=\"Juliana Laviola\"\/>\n\t<link rel=\"canonical\" href=\"https:\/\/anoticiaonline.com.br\/site\/feminicidio-preso-o-homem-acusado-de-matar-e-colocar-corpo-de-esposa-dentro-de-saco-plastico\/\" \/>\n\t<meta name=\"generator\" content=\"All in One SEO (AIOSEO) 5.0.0.1\" \/>\n\t\t<meta property=\"og:locale\" content=\"pt_BR\" \/>\n\t\t<meta property=\"og:site_name\" content=\"A Not\u00edcia Online - Noticias de Muria\u00e9 e regi\u00e3o\" \/>\n\t\t<meta property=\"og:type\" content=\"article\" \/>\n\t\t<meta property=\"og:title\" content=\"Feminic\u00eddio: preso o homem acusado de matar e colocar corpo de esposa dentro de saco pl\u00e1stico - A Not\u00edcia Online\" \/>\n\t\t<meta property=\"og:description\" content=\"A Pol\u00edcia Civil de Divino cumpriu o mandado de pris\u00e3o preventiva contra um homem de 40 anos, acusado de matar a companheira Patr\u00edcia C\u00e1ssia de Freitas, de 38 anos. O corpo de Patr\u00edcia foi encontrado, no dia 16 de agosto, dentro de um saco pl\u00e1stico debaixo da escada que d\u00e1 acesso ao segundo andar do\" \/>\n\t\t<meta property=\"og:url\" content=\"https:\/\/anoticiaonline.com.br\/site\/feminicidio-preso-o-homem-acusado-de-matar-e-colocar-corpo-de-esposa-dentro-de-saco-plastico\/\" \/>\n\t\t<meta property=\"og:image\" content=\"https:\/\/scontent-gig4-1.xx.fbcdn.net\/v\/t39.30808-1\/270437624_4564083193639691_6907940295614233970_n.jpg?stp=dst-jpg_s200x200_tt6&#038;_nc_cat=111&#038;ccb=1-7&#038;_nc_sid=f907e8&#038;_nc_ohc=SM1wRlP3lJwQ7kNvwEPuBYA&#038;_nc_oc=AdnqrjDN_BNjSSHWO-GbkIWH6fkGMLw4bqvL_NH6e2wMveX7G-rP2dAqsDSq1mJMOaY&#038;_nc_zt=24&#038;_nc_ht=scontent-gig4-1.xx&#038;_nc_gid=AoBFJeGrT1hVaew_6rchkQ&#038;oh=00_AfX7QmFGhQhG2jAllVgXCiM1ZrWgvtp80-Bfppyexh1QEg&#038;oe=689E923C\" \/>\n\t\t<meta property=\"og:image:secure_url\" content=\"https:\/\/scontent-gig4-1.xx.fbcdn.net\/v\/t39.30808-1\/270437624_4564083193639691_6907940295614233970_n.jpg?stp=dst-jpg_s200x200_tt6&#038;_nc_cat=111&#038;ccb=1-7&#038;_nc_sid=f907e8&#038;_nc_ohc=SM1wRlP3lJwQ7kNvwEPuBYA&#038;_nc_oc=AdnqrjDN_BNjSSHWO-GbkIWH6fkGMLw4bqvL_NH6e2wMveX7G-rP2dAqsDSq1mJMOaY&#038;_nc_zt=24&#038;_nc_ht=scontent-gig4-1.xx&#038;_nc_gid=AoBFJeGrT1hVaew_6rchkQ&#038;oh=00_AfX7QmFGhQhG2jAllVgXCiM1ZrWgvtp80-Bfppyexh1QEg&#038;oe=689E923C\" \/>\n\t\t<meta property=\"article:published_time\" content=\"2017-08-24T21:06:44+00:00\" \/>\n\t\t<meta property=\"article:modified_time\" content=\"2017-08-24T22:11:12+00:00\" \/>\n\t\t<meta name=\"twitter:card\" content=\"summary_large_image\" \/>\n\t\t<meta name=\"twitter:title\" content=\"Feminic\u00eddio: preso o homem acusado de matar e colocar corpo de esposa dentro de saco pl\u00e1stico - A Not\u00edcia Online\" \/>\n\t\t<meta name=\"twitter:description\" content=\"A Pol\u00edcia Civil de Divino cumpriu o mandado de pris\u00e3o preventiva contra um homem de 40 anos, acusado de matar a companheira Patr\u00edcia C\u00e1ssia de Freitas, de 38 anos. O corpo de Patr\u00edcia foi encontrado, no dia 16 de agosto, dentro de um saco pl\u00e1stico debaixo da escada que d\u00e1 acesso ao segundo andar do\" \/>\n\t\t<meta name=\"twitter:image\" content=\"https:\/\/scontent-gig4-1.xx.fbcdn.net\/v\/t39.30808-1\/270437624_4564083193639691_6907940295614233970_n.jpg?stp=dst-jpg_s200x200_tt6&amp;_nc_cat=111&amp;ccb=1-7&amp;_nc_sid=f907e8&amp;_nc_ohc=SM1wRlP3lJwQ7kNvwEPuBYA&amp;_nc_oc=AdnqrjDN_BNjSSHWO-GbkIWH6fkGMLw4bqvL_NH6e2wMveX7G-rP2dAqsDSq1mJMOaY&amp;_nc_zt=24&amp;_nc_ht=scontent-gig4-1.xx&amp;_nc_gid=AoBFJeGrT1hVaew_6rchkQ&amp;oh=00_AfX7QmFGhQhG2jAllVgXCiM1ZrWgvtp80-Bfppyexh1QEg&amp;oe=689E923C\" \/>\n\t\t<script type=\"application\/ld+json\" class=\"aioseo-schema\">\n\t\t\t{\"@context\":\"https:\\\/\\\/schema.org\",\"@graph\":[{\"@type\":\"BlogPosting\",\"@id\":\"https:\\\/\\\/anoticiaonline.com.br\\\/site\\\/feminicidio-preso-o-homem-acusado-de-matar-e-colocar-corpo-de-esposa-dentro-de-saco-plastico\\\/#blogposting\",\"name\":\"Feminic\\u00eddio: preso o homem acusado de matar e colocar corpo de esposa dentro de saco pl\\u00e1stico - A Not\\u00edcia Online\",\"headline\":\"Feminic\\u00eddio: preso o homem acusado de matar e colocar corpo de esposa dentro de saco pl\\u00e1stico\",\"author\":{\"@id\":\"https:\\\/\\\/anoticiaonline.com.br\\\/site\\\/author\\\/juliana\\\/#author\"},\"publisher\":{\"@id\":\"https:\\\/\\\/anoticiaonline.com.br\\\/site\\\/#organization\"},\"image\":{\"@type\":\"ImageObject\",\"url\":\"https:\\\/\\\/anoticiaonline.com.br\\\/site\\\/wp-content\\\/uploads\\\/2017\\\/08\\\/CAPA-1.jpg\",\"width\":520,\"height\":510,\"caption\":\"Cr\\u00e9dito: www.silvanalves.com.br\"},\"datePublished\":\"2017-08-24T18:06:44-03:00\",\"dateModified\":\"2017-08-24T19:11:12-03:00\",\"inLanguage\":\"pt-BR\",\"mainEntityOfPage\":{\"@id\":\"https:\\\/\\\/anoticiaonline.com.br\\\/site\\\/feminicidio-preso-o-homem-acusado-de-matar-e-colocar-corpo-de-esposa-dentro-de-saco-plastico\\\/#webpage\"},\"isPartOf\":{\"@id\":\"https:\\\/\\\/anoticiaonline.com.br\\\/site\\\/feminicidio-preso-o-homem-acusado-de-matar-e-colocar-corpo-de-esposa-dentro-de-saco-plastico\\\/#webpage\"},\"articleSection\":\"Regi\\u00e3o, crime, homic\\u00eddio, pol\\u00edcia civil, regi\\u00e3o, slide\"},{\"@type\":\"BreadcrumbList\",\"@id\":\"https:\\\/\\\/anoticiaonline.com.br\\\/site\\\/feminicidio-preso-o-homem-acusado-de-matar-e-colocar-corpo-de-esposa-dentro-de-saco-plastico\\\/#breadcrumblist\",\"itemListElement\":[{\"@type\":\"ListItem\",\"@id\":\"https:\\\/\\\/anoticiaonline.com.br\\\/site#listItem\",\"position\":1,\"name\":\"Home\",\"item\":\"https:\\\/\\\/anoticiaonline.com.br\\\/site\",\"nextItem\":{\"@type\":\"ListItem\",\"@id\":\"https:\\\/\\\/anoticiaonline.com.br\\\/site\\\/categoria\\\/regiao\\\/#listItem\",\"name\":\"Regi\\u00e3o\"}},{\"@type\":\"ListItem\",\"@id\":\"https:\\\/\\\/anoticiaonline.com.br\\\/site\\\/categoria\\\/regiao\\\/#listItem\",\"position\":2,\"name\":\"Regi\\u00e3o\",\"item\":\"https:\\\/\\\/anoticiaonline.com.br\\\/site\\\/categoria\\\/regiao\\\/\",\"nextItem\":{\"@type\":\"ListItem\",\"@id\":\"https:\\\/\\\/anoticiaonline.com.br\\\/site\\\/feminicidio-preso-o-homem-acusado-de-matar-e-colocar-corpo-de-esposa-dentro-de-saco-plastico\\\/#listItem\",\"name\":\"Feminic\\u00eddio: preso o homem acusado de matar e colocar corpo de esposa dentro de saco pl\\u00e1stico\"},\"previousItem\":{\"@type\":\"ListItem\",\"@id\":\"https:\\\/\\\/anoticiaonline.com.br\\\/site#listItem\",\"name\":\"Home\"}},{\"@type\":\"ListItem\",\"@id\":\"https:\\\/\\\/anoticiaonline.com.br\\\/site\\\/feminicidio-preso-o-homem-acusado-de-matar-e-colocar-corpo-de-esposa-dentro-de-saco-plastico\\\/#listItem\",\"position\":3,\"name\":\"Feminic\\u00eddio: preso o homem acusado de matar e colocar corpo de esposa dentro de saco pl\\u00e1stico\",\"previousItem\":{\"@type\":\"ListItem\",\"@id\":\"https:\\\/\\\/anoticiaonline.com.br\\\/site\\\/categoria\\\/regiao\\\/#listItem\",\"name\":\"Regi\\u00e3o\"}}]},{\"@type\":\"Organization\",\"@id\":\"https:\\\/\\\/anoticiaonline.com.br\\\/site\\\/#organization\",\"name\":\"A Not\\u00edcia Online\",\"description\":\"Noticias de Muria\\u00e9 e regi\\u00e3o\",\"url\":\"https:\\\/\\\/anoticiaonline.com.br\\\/site\\\/\",\"logo\":{\"@type\":\"ImageObject\",\"url\":\"https:\\\/\\\/scontent-gig4-1.xx.fbcdn.net\\\/v\\\/t39.30808-1\\\/270437624_4564083193639691_6907940295614233970_n.jpg?stp=dst-jpg_s200x200_tt6&_nc_cat=111&ccb=1-7&_nc_sid=f907e8&_nc_ohc=SM1wRlP3lJwQ7kNvwEPuBYA&_nc_oc=AdnqrjDN_BNjSSHWO-GbkIWH6fkGMLw4bqvL_NH6e2wMveX7G-rP2dAqsDSq1mJMOaY&_nc_zt=24&_nc_ht=scontent-gig4-1.xx&_nc_gid=AoBFJeGrT1hVaew_6rchkQ&oh=00_AfX7QmFGhQhG2jAllVgXCiM1ZrWgvtp80-Bfppyexh1QEg&oe=689E923C\",\"@id\":\"https:\\\/\\\/anoticiaonline.com.br\\\/site\\\/feminicidio-preso-o-homem-acusado-de-matar-e-colocar-corpo-de-esposa-dentro-de-saco-plastico\\\/#organizationLogo\"},\"image\":{\"@id\":\"https:\\\/\\\/anoticiaonline.com.br\\\/site\\\/feminicidio-preso-o-homem-acusado-de-matar-e-colocar-corpo-de-esposa-dentro-de-saco-plastico\\\/#organizationLogo\"}},{\"@type\":\"Person\",\"@id\":\"https:\\\/\\\/anoticiaonline.com.br\\\/site\\\/author\\\/juliana\\\/#author\",\"url\":\"https:\\\/\\\/anoticiaonline.com.br\\\/site\\\/author\\\/juliana\\\/\",\"name\":\"Juliana Laviola\",\"image\":{\"@type\":\"ImageObject\",\"@id\":\"https:\\\/\\\/anoticiaonline.com.br\\\/site\\\/feminicidio-preso-o-homem-acusado-de-matar-e-colocar-corpo-de-esposa-dentro-de-saco-plastico\\\/#authorImage\",\"url\":\"https:\\\/\\\/secure.gravatar.com\\\/avatar\\\/b8d45f5c699b100dfaf0e543582f38f38bf94cb7ae3a5e9abf8d891a34773335?s=96&d=mm&r=g\",\"width\":96,\"height\":96,\"caption\":\"Juliana Laviola\"}},{\"@type\":\"WebPage\",\"@id\":\"https:\\\/\\\/anoticiaonline.com.br\\\/site\\\/feminicidio-preso-o-homem-acusado-de-matar-e-colocar-corpo-de-esposa-dentro-de-saco-plastico\\\/#webpage\",\"url\":\"https:\\\/\\\/anoticiaonline.com.br\\\/site\\\/feminicidio-preso-o-homem-acusado-de-matar-e-colocar-corpo-de-esposa-dentro-de-saco-plastico\\\/\",\"name\":\"Feminic\\u00eddio: preso o homem acusado de matar e colocar corpo de esposa dentro de saco pl\\u00e1stico - A Not\\u00edcia Online\",\"description\":\"A Pol\\u00edcia Civil de Divino cumpriu o mandado de pris\\u00e3o preventiva contra um homem de 40 anos, acusado de matar a companheira Patr\\u00edcia C\\u00e1ssia de Freitas, de 38 anos. O corpo de Patr\\u00edcia foi encontrado, no dia 16 de agosto, dentro de um saco pl\\u00e1stico debaixo da escada que d\\u00e1 acesso ao segundo andar do\",\"inLanguage\":\"pt-BR\",\"isPartOf\":{\"@id\":\"https:\\\/\\\/anoticiaonline.com.br\\\/site\\\/#website\"},\"breadcrumb\":{\"@id\":\"https:\\\/\\\/anoticiaonline.com.br\\\/site\\\/feminicidio-preso-o-homem-acusado-de-matar-e-colocar-corpo-de-esposa-dentro-de-saco-plastico\\\/#breadcrumblist\"},\"author\":{\"@id\":\"https:\\\/\\\/anoticiaonline.com.br\\\/site\\\/author\\\/juliana\\\/#author\"},\"creator\":{\"@id\":\"https:\\\/\\\/anoticiaonline.com.br\\\/site\\\/author\\\/juliana\\\/#author\"},\"image\":{\"@type\":\"ImageObject\",\"url\":\"https:\\\/\\\/anoticiaonline.com.br\\\/site\\\/wp-content\\\/uploads\\\/2017\\\/08\\\/CAPA-1.jpg\",\"@id\":\"https:\\\/\\\/anoticiaonline.com.br\\\/site\\\/feminicidio-preso-o-homem-acusado-de-matar-e-colocar-corpo-de-esposa-dentro-de-saco-plastico\\\/#mainImage\",\"width\":520,\"height\":510,\"caption\":\"Cr\\u00e9dito: www.silvanalves.com.br\"},\"primaryImageOfPage\":{\"@id\":\"https:\\\/\\\/anoticiaonline.com.br\\\/site\\\/feminicidio-preso-o-homem-acusado-de-matar-e-colocar-corpo-de-esposa-dentro-de-saco-plastico\\\/#mainImage\"},\"datePublished\":\"2017-08-24T18:06:44-03:00\",\"dateModified\":\"2017-08-24T19:11:12-03:00\"},{\"@type\":\"WebSite\",\"@id\":\"https:\\\/\\\/anoticiaonline.com.br\\\/site\\\/#website\",\"url\":\"https:\\\/\\\/anoticiaonline.com.br\\\/site\\\/\",\"name\":\"A Not\\u00edcia Online\",\"description\":\"Noticias de Muria\\u00e9 e regi\\u00e3o\",\"inLanguage\":\"pt-BR\",\"publisher\":{\"@id\":\"https:\\\/\\\/anoticiaonline.com.br\\\/site\\\/#organization\"}}]}\n\t\t<\/script>\n\t\t<!-- All in One SEO -->\n\n","aioseo_head_json":{"title":"Feminic\u00eddio: preso o homem acusado de matar e colocar corpo de esposa dentro de saco pl\u00e1stico - A Not\u00edcia Online","description":"A Pol\u00edcia Civil de Divino cumpriu o mandado de pris\u00e3o preventiva contra um homem de 40 anos, acusado de matar a companheira Patr\u00edcia C\u00e1ssia de Freitas, de 38 anos. O corpo de Patr\u00edcia foi encontrado, no dia 16 de agosto, dentro de um saco pl\u00e1stico debaixo da escada que d\u00e1 acesso ao segundo andar do","canonical_url":"https:\/\/anoticiaonline.com.br\/site\/feminicidio-preso-o-homem-acusado-de-matar-e-colocar-corpo-de-esposa-dentro-de-saco-plastico\/","robots":"max-image-preview:large","keywords":"","webmasterTools":{"miscellaneous":""},"schema":{"@context":"https:\/\/schema.org","@graph":[{"@type":"BlogPosting","@id":"https:\/\/anoticiaonline.com.br\/site\/feminicidio-preso-o-homem-acusado-de-matar-e-colocar-corpo-de-esposa-dentro-de-saco-plastico\/#blogposting","name":"Feminic\u00eddio: preso o homem acusado de matar e colocar corpo de esposa dentro de saco pl\u00e1stico - A Not\u00edcia Online","headline":"Feminic\u00eddio: preso o homem acusado de matar e colocar corpo de esposa dentro de saco pl\u00e1stico","author":{"@id":"https:\/\/anoticiaonline.com.br\/site\/author\/juliana\/#author"},"publisher":{"@id":"https:\/\/anoticiaonline.com.br\/site\/#organization"},"image":{"@type":"ImageObject","url":"https:\/\/anoticiaonline.com.br\/site\/wp-content\/uploads\/2017\/08\/CAPA-1.jpg","width":520,"height":510,"caption":"Cr\u00e9dito: www.silvanalves.com.br"},"datePublished":"2017-08-24T18:06:44-03:00","dateModified":"2017-08-24T19:11:12-03:00","inLanguage":"pt-BR","mainEntityOfPage":{"@id":"https:\/\/anoticiaonline.com.br\/site\/feminicidio-preso-o-homem-acusado-de-matar-e-colocar-corpo-de-esposa-dentro-de-saco-plastico\/#webpage"},"isPartOf":{"@id":"https:\/\/anoticiaonline.com.br\/site\/feminicidio-preso-o-homem-acusado-de-matar-e-colocar-corpo-de-esposa-dentro-de-saco-plastico\/#webpage"},"articleSection":"Regi\u00e3o, crime, homic\u00eddio, pol\u00edcia civil, regi\u00e3o, slide"},{"@type":"BreadcrumbList","@id":"https:\/\/anoticiaonline.com.br\/site\/feminicidio-preso-o-homem-acusado-de-matar-e-colocar-corpo-de-esposa-dentro-de-saco-plastico\/#breadcrumblist","itemListElement":[{"@type":"ListItem","@id":"https:\/\/anoticiaonline.com.br\/site#listItem","position":1,"name":"Home","item":"https:\/\/anoticiaonline.com.br\/site","nextItem":{"@type":"ListItem","@id":"https:\/\/anoticiaonline.com.br\/site\/categoria\/regiao\/#listItem","name":"Regi\u00e3o"}},{"@type":"ListItem","@id":"https:\/\/anoticiaonline.com.br\/site\/categoria\/regiao\/#listItem","position":2,"name":"Regi\u00e3o","item":"https:\/\/anoticiaonline.com.br\/site\/categoria\/regiao\/","nextItem":{"@type":"ListItem","@id":"https:\/\/anoticiaonline.com.br\/site\/feminicidio-preso-o-homem-acusado-de-matar-e-colocar-corpo-de-esposa-dentro-de-saco-plastico\/#listItem","name":"Feminic\u00eddio: preso o homem acusado de matar e colocar corpo de esposa dentro de saco pl\u00e1stico"},"previousItem":{"@type":"ListItem","@id":"https:\/\/anoticiaonline.com.br\/site#listItem","name":"Home"}},{"@type":"ListItem","@id":"https:\/\/anoticiaonline.com.br\/site\/feminicidio-preso-o-homem-acusado-de-matar-e-colocar-corpo-de-esposa-dentro-de-saco-plastico\/#listItem","position":3,"name":"Feminic\u00eddio: preso o homem acusado de matar e colocar corpo de esposa dentro de saco pl\u00e1stico","previousItem":{"@type":"ListItem","@id":"https:\/\/anoticiaonline.com.br\/site\/categoria\/regiao\/#listItem","name":"Regi\u00e3o"}}]},{"@type":"Organization","@id":"https:\/\/anoticiaonline.com.br\/site\/#organization","name":"A Not\u00edcia Online","description":"Noticias de Muria\u00e9 e regi\u00e3o","url":"https:\/\/anoticiaonline.com.br\/site\/","logo":{"@type":"ImageObject","url":"https:\/\/scontent-gig4-1.xx.fbcdn.net\/v\/t39.30808-1\/270437624_4564083193639691_6907940295614233970_n.jpg?stp=dst-jpg_s200x200_tt6&_nc_cat=111&ccb=1-7&_nc_sid=f907e8&_nc_ohc=SM1wRlP3lJwQ7kNvwEPuBYA&_nc_oc=AdnqrjDN_BNjSSHWO-GbkIWH6fkGMLw4bqvL_NH6e2wMveX7G-rP2dAqsDSq1mJMOaY&_nc_zt=24&_nc_ht=scontent-gig4-1.xx&_nc_gid=AoBFJeGrT1hVaew_6rchkQ&oh=00_AfX7QmFGhQhG2jAllVgXCiM1ZrWgvtp80-Bfppyexh1QEg&oe=689E923C","@id":"https:\/\/anoticiaonline.com.br\/site\/feminicidio-preso-o-homem-acusado-de-matar-e-colocar-corpo-de-esposa-dentro-de-saco-plastico\/#organizationLogo"},"image":{"@id":"https:\/\/anoticiaonline.com.br\/site\/feminicidio-preso-o-homem-acusado-de-matar-e-colocar-corpo-de-esposa-dentro-de-saco-plastico\/#organizationLogo"}},{"@type":"Person","@id":"https:\/\/anoticiaonline.com.br\/site\/author\/juliana\/#author","url":"https:\/\/anoticiaonline.com.br\/site\/author\/juliana\/","name":"Juliana Laviola","image":{"@type":"ImageObject","@id":"https:\/\/anoticiaonline.com.br\/site\/feminicidio-preso-o-homem-acusado-de-matar-e-colocar-corpo-de-esposa-dentro-de-saco-plastico\/#authorImage","url":"https:\/\/secure.gravatar.com\/avatar\/b8d45f5c699b100dfaf0e543582f38f38bf94cb7ae3a5e9abf8d891a34773335?s=96&d=mm&r=g","width":96,"height":96,"caption":"Juliana Laviola"}},{"@type":"WebPage","@id":"https:\/\/anoticiaonline.com.br\/site\/feminicidio-preso-o-homem-acusado-de-matar-e-colocar-corpo-de-esposa-dentro-de-saco-plastico\/#webpage","url":"https:\/\/anoticiaonline.com.br\/site\/feminicidio-preso-o-homem-acusado-de-matar-e-colocar-corpo-de-esposa-dentro-de-saco-plastico\/","name":"Feminic\u00eddio: preso o homem acusado de matar e colocar corpo de esposa dentro de saco pl\u00e1stico - A Not\u00edcia Online","description":"A Pol\u00edcia Civil de Divino cumpriu o mandado de pris\u00e3o preventiva contra um homem de 40 anos, acusado de matar a companheira Patr\u00edcia C\u00e1ssia de Freitas, de 38 anos. O corpo de Patr\u00edcia foi encontrado, no dia 16 de agosto, dentro de um saco pl\u00e1stico debaixo da escada que d\u00e1 acesso ao segundo andar do","inLanguage":"pt-BR","isPartOf":{"@id":"https:\/\/anoticiaonline.com.br\/site\/#website"},"breadcrumb":{"@id":"https:\/\/anoticiaonline.com.br\/site\/feminicidio-preso-o-homem-acusado-de-matar-e-colocar-corpo-de-esposa-dentro-de-saco-plastico\/#breadcrumblist"},"author":{"@id":"https:\/\/anoticiaonline.com.br\/site\/author\/juliana\/#author"},"creator":{"@id":"https:\/\/anoticiaonline.com.br\/site\/author\/juliana\/#author"},"image":{"@type":"ImageObject","url":"https:\/\/anoticiaonline.com.br\/site\/wp-content\/uploads\/2017\/08\/CAPA-1.jpg","@id":"https:\/\/anoticiaonline.com.br\/site\/feminicidio-preso-o-homem-acusado-de-matar-e-colocar-corpo-de-esposa-dentro-de-saco-plastico\/#mainImage","width":520,"height":510,"caption":"Cr\u00e9dito: www.silvanalves.com.br"},"primaryImageOfPage":{"@id":"https:\/\/anoticiaonline.com.br\/site\/feminicidio-preso-o-homem-acusado-de-matar-e-colocar-corpo-de-esposa-dentro-de-saco-plastico\/#mainImage"},"datePublished":"2017-08-24T18:06:44-03:00","dateModified":"2017-08-24T19:11:12-03:00"},{"@type":"WebSite","@id":"https:\/\/anoticiaonline.com.br\/site\/#website","url":"https:\/\/anoticiaonline.com.br\/site\/","name":"A Not\u00edcia Online","description":"Noticias de Muria\u00e9 e regi\u00e3o","inLanguage":"pt-BR","publisher":{"@id":"https:\/\/anoticiaonline.com.br\/site\/#organization"}}]},"og:locale":"pt_BR","og:site_name":"A Not\u00edcia Online - Noticias de Muria\u00e9 e regi\u00e3o","og:type":"article","og:title":"Feminic\u00eddio: preso o homem acusado de matar e colocar corpo de esposa dentro de saco pl\u00e1stico - A Not\u00edcia Online","og:description":"A Pol\u00edcia Civil de Divino cumpriu o mandado de pris\u00e3o preventiva contra um homem de 40 anos, acusado de matar a companheira Patr\u00edcia C\u00e1ssia de Freitas, de 38 anos. O corpo de Patr\u00edcia foi encontrado, no dia 16 de agosto, dentro de um saco pl\u00e1stico debaixo da escada que d\u00e1 acesso ao segundo andar do","og:url":"https:\/\/anoticiaonline.com.br\/site\/feminicidio-preso-o-homem-acusado-de-matar-e-colocar-corpo-de-esposa-dentro-de-saco-plastico\/","og:image":"https:\/\/scontent-gig4-1.xx.fbcdn.net\/v\/t39.30808-1\/270437624_4564083193639691_6907940295614233970_n.jpg?stp=dst-jpg_s200x200_tt6&#038;_nc_cat=111&#038;ccb=1-7&#038;_nc_sid=f907e8&#038;_nc_ohc=SM1wRlP3lJwQ7kNvwEPuBYA&#038;_nc_oc=AdnqrjDN_BNjSSHWO-GbkIWH6fkGMLw4bqvL_NH6e2wMveX7G-rP2dAqsDSq1mJMOaY&#038;_nc_zt=24&#038;_nc_ht=scontent-gig4-1.xx&#038;_nc_gid=AoBFJeGrT1hVaew_6rchkQ&#038;oh=00_AfX7QmFGhQhG2jAllVgXCiM1ZrWgvtp80-Bfppyexh1QEg&#038;oe=689E923C","og:image:secure_url":"https:\/\/scontent-gig4-1.xx.fbcdn.net\/v\/t39.30808-1\/270437624_4564083193639691_6907940295614233970_n.jpg?stp=dst-jpg_s200x200_tt6&#038;_nc_cat=111&#038;ccb=1-7&#038;_nc_sid=f907e8&#038;_nc_ohc=SM1wRlP3lJwQ7kNvwEPuBYA&#038;_nc_oc=AdnqrjDN_BNjSSHWO-GbkIWH6fkGMLw4bqvL_NH6e2wMveX7G-rP2dAqsDSq1mJMOaY&#038;_nc_zt=24&#038;_nc_ht=scontent-gig4-1.xx&#038;_nc_gid=AoBFJeGrT1hVaew_6rchkQ&#038;oh=00_AfX7QmFGhQhG2jAllVgXCiM1ZrWgvtp80-Bfppyexh1QEg&#038;oe=689E923C","article:published_time":"2017-08-24T21:06:44+00:00","article:modified_time":"2017-08-24T22:11:12+00:00","twitter:card":"summary_large_image","twitter:title":"Feminic\u00eddio: preso o homem acusado de matar e colocar corpo de esposa dentro de saco pl\u00e1stico - A Not\u00edcia Online","twitter:description":"A Pol\u00edcia Civil de Divino cumpriu o mandado de pris\u00e3o preventiva contra um homem de 40 anos, acusado de matar a companheira Patr\u00edcia C\u00e1ssia de Freitas, de 38 anos. O corpo de Patr\u00edcia foi encontrado, no dia 16 de agosto, dentro de um saco pl\u00e1stico debaixo da escada que d\u00e1 acesso ao segundo andar do","twitter:image":"https:\/\/scontent-gig4-1.xx.fbcdn.net\/v\/t39.30808-1\/270437624_4564083193639691_6907940295614233970_n.jpg?stp=dst-jpg_s200x200_tt6&_nc_cat=111&ccb=1-7&_nc_sid=f907e8&_nc_ohc=SM1wRlP3lJwQ7kNvwEPuBYA&_nc_oc=AdnqrjDN_BNjSSHWO-GbkIWH6fkGMLw4bqvL_NH6e2wMveX7G-rP2dAqsDSq1mJMOaY&_nc_zt=24&_nc_ht=scontent-gig4-1.xx&_nc_gid=AoBFJeGrT1hVaew_6rchkQ&oh=00_AfX7QmFGhQhG2jAllVgXCiM1ZrWgvtp80-Bfppyexh1QEg&oe=689E923C"},"aioseo_meta_data":{"post_id":"38915","title":null,"description":null,"keywords":null,"keyphrases":null,"primary_term":null,"canonical_url":null,"og_title":null,"og_description":null,"og_object_type":"default","og_image_type":"default","og_image_url":null,"og_image_width":null,"og_image_height":null,"og_image_custom_url":null,"og_image_custom_fields":null,"og_video":null,"og_custom_url":null,"og_article_section":null,"og_article_tags":null,"twitter_use_og":false,"twitter_card":"default","twitter_image_type":"default","twitter_image_url":null,"twitter_image_custom_url":null,"twitter_image_custom_fields":null,"twitter_title":null,"twitter_description":null,"schema":{"blockGraphs":[],"customGraphs":[],"default":{"data":{"Article":[],"Course":[],"Dataset":[],"FAQPage":[],"Movie":[],"Person":[],"Product":[],"ProductReview":[],"Car":[],"Recipe":[],"Service":[],"SoftwareApplication":[],"WebPage":[]},"graphName":"","isEnabled":true},"graphs":[]},"schema_type":"default","schema_type_options":null,"pillar_content":false,"robots_default":true,"robots_noindex":false,"robots_noarchive":false,"robots_nosnippet":false,"robots_nofollow":false,"robots_noimageindex":false,"robots_noodp":false,"robots_notranslate":false,"robots_max_snippet":null,"robots_max_videopreview":null,"robots_max_imagepreview":"large","priority":null,"frequency":null,"local_seo":null,"breadcrumb_settings":null,"limit_modified_date":false,"ai":null,"created":"2025-08-16 19:21:04","updated":"2025-08-16 19:21:04","focus_keyword":null,"additional_keywords":null,"truseo_locale":null,"seo_analyzer_scan_date":null},"aioseo_breadcrumb":"<div class=\"aioseo-breadcrumbs\"><span class=\"aioseo-breadcrumb\">\n\t\t\t<a href=\"https:\/\/anoticiaonline.com.br\/site\" title=\"Home\">Home<\/a>\n\t\t<\/span><span class=\"aioseo-breadcrumb-separator\">&raquo;<\/span><span class=\"aioseo-breadcrumb\">\n\t\t\t<a href=\"https:\/\/anoticiaonline.com.br\/site\/categoria\/regiao\/\" title=\"Regi\u00e3o\">Regi\u00e3o<\/a>\n\t\t<\/span><span class=\"aioseo-breadcrumb-separator\">&raquo;<\/span><span class=\"aioseo-breadcrumb\">\n\t\t\tFeminic\u00eddio: preso o homem acusado de matar e colocar corpo de esposa dentro de saco pl\u00e1stico\n\t\t<\/span><\/div>","aioseo_breadcrumb_json":[{"label":"Home","link":"https:\/\/anoticiaonline.com.br\/site"},{"label":"Regi\u00e3o","link":"https:\/\/anoticiaonline.com.br\/site\/categoria\/regiao\/"},{"label":"Feminic\u00eddio: preso o homem acusado de matar e colocar corpo de esposa dentro de saco pl\u00e1stico","link":"https:\/\/anoticiaonline.com.br\/site\/feminicidio-preso-o-homem-acusado-de-matar-e-colocar-corpo-de-esposa-dentro-de-saco-plastico\/"}],"views":144,"_links":{"self":[{"href":"https:\/\/anoticiaonline.com.br\/site\/wp-json\/wp\/v2\/posts\/38915","targetHints":{"allow":["GET"]}}],"collection":[{"href":"https:\/\/anoticiaonline.com.br\/site\/wp-json\/wp\/v2\/posts"}],"about":[{"href":"https:\/\/anoticiaonline.com.br\/site\/wp-json\/wp\/v2\/types\/post"}],"author":[{"embeddable":true,"href":"https:\/\/anoticiaonline.com.br\/site\/wp-json\/wp\/v2\/users\/2"}],"replies":[{"embeddable":true,"href":"https:\/\/anoticiaonline.com.br\/site\/wp-json\/wp\/v2\/comments?post=38915"}],"version-history":[{"count":0,"href":"https:\/\/anoticiaonline.com.br\/site\/wp-json\/wp\/v2\/posts\/38915\/revisions"}],"wp:featuredmedia":[{"embeddable":true,"href":"https:\/\/anoticiaonline.com.br\/site\/wp-json\/wp\/v2\/media\/38917"}],"wp:attachment":[{"href":"https:\/\/anoticiaonline.com.br\/site\/wp-json\/wp\/v2\/media?parent=38915"}],"wp:term":[{"taxonomy":"category","embeddable":true,"href":"https:\/\/anoticiaonline.com.br\/site\/wp-json\/wp\/v2\/categories?post=38915"},{"taxonomy":"post_tag","embeddable":true,"href":"https:\/\/anoticiaonline.com.br\/site\/wp-json\/wp\/v2\/tags?post=38915"}],"curies":[{"name":"wp","href":"https:\/\/api.w.org\/{rel}","templated":true}]}}