{"id":38903,"date":"2017-08-24T17:40:37","date_gmt":"2017-08-24T20:40:37","guid":{"rendered":"http:\/\/anoticiaonline.com.br\/site\/?p=38903"},"modified":"2017-08-24T17:40:37","modified_gmt":"2017-08-24T20:40:37","slug":"como-o-pro-labore-ou-retirada-dos-socios-pode-falir-uma-confeccao-do-vestuario","status":"publish","type":"post","link":"https:\/\/anoticiaonline.com.br\/site\/como-o-pro-labore-ou-retirada-dos-socios-pode-falir-uma-confeccao-do-vestuario\/","title":{"rendered":"Como o pr\u00f3-labore ou retirada dos s\u00f3cios pode falir uma confec\u00e7\u00e3o do vestu\u00e1rio?"},"content":{"rendered":"<p>Por Jos\u00e9 J\u00fanior<\/p>\n<p>Tenho observado que a grande d\u00favida de boa parte dos empreendedores est\u00e1 na defini\u00e7\u00e3o do pr\u00f3-labore, e esta \u00e9 uma quest\u00e3o central no tocante a <strong>sa\u00fade financeira<\/strong> da empresa. Deixe-me explicar melhor. Em algumas situa\u00e7\u00f5es muito comuns, o montante da retirada \u00e9 definida com base na necessidade de manuten\u00e7\u00e3o do padr\u00e3o vida familiar, sem levar em considera\u00e7\u00e3o se o neg\u00f3cio suporta o valor, gerando a <strong>descapitaliza\u00e7\u00e3o<\/strong>.<\/p>\n<p>Com o passar do tempo, a empresa passa a recorrer a capital de terceiros, empr\u00e9stimos, troca de duplicatas e outras opera\u00e7\u00f5es a fim de financiar o estilo de vida familiar. Temos, ent\u00e3o, <strong>\u201cum empres\u00e1rio rico de uma empresa pobre\u201d. <\/strong><\/p>\n<p>Existem dois tipos de <strong>remunera\u00e7\u00e3o do empreendedor<\/strong>:<\/p>\n<ol>\n<li>Pelo tempo e trabalho dedicado \u00e0 empresa, ou seja, como administrador e gestor do neg\u00f3cio; \u00e9 como se contratasse um funcion\u00e1rio para gerir o neg\u00f3cio;<\/li>\n<li>Como investidor, ou seja, \u00e9 remunerado pelo capital que investiu, por assumir os riscos em abrir e manter o neg\u00f3cio.<\/li>\n<\/ol>\n<p>A primeira situa\u00e7\u00e3o, a remunera\u00e7\u00e3o, ocorre mensalmente e fixa, enquanto a segunda \u00e9 realizada por um per\u00edodo de apura\u00e7\u00e3o, que pode ser anual, semestral ou trimestral, e o valor \u00e9 vari\u00e1vel, conforme a apura\u00e7\u00e3o dos resultados.<\/p>\n<p><strong>F\u00f3rmula para calcular o pr\u00f3-labore:<\/strong><\/p>\n<p>Imagino que deve estar se perguntando como calcular o valor ideal, e que simplesmente deve aplicar uma f\u00f3rmula matem\u00e1tica. Ent\u00e3o, vou revelar o segredo: <strong>tal f\u00f3rmula n\u00e3o existe!<\/strong><\/p>\n<p>A base para aferi\u00e7\u00e3o do valor \u00e9 o conhecido <strong>BOM SENSO<\/strong>, e vale a observa\u00e7\u00e3o:<\/p>\n<p><strong>\u201cA remunera\u00e7\u00e3o mensal deve ser fixada com base na capacidade de pagamento da empresa, e n\u00e3o na necessidade do propriet\u00e1rio. E, em hip\u00f3tese alguma, deve comprometer a lucratividade m\u00ednima necess\u00e1ria para remunera\u00e7\u00e3o do capital.\u201d<\/strong> Luiz Torrent.<\/p>\n<p>A li\u00e7\u00e3o acima nos remete ao ditado popular: <strong>\u201cDeve-se comer os ovos de ouro e n\u00e3o a galinha\u201d<\/strong>, ou seja, a determina\u00e7\u00e3o da retirada com base na necessidade do empres\u00e1rio tende a colocar a empresa em risco e com o tempo, a fonte de recursos estar\u00e1 aniquilada, sobrar\u00e3o apenas d\u00edvidas.<\/p>\n<p><strong>Dicas para a retirada sustent\u00e1vel:<\/strong><\/p>\n<ul>\n<li>Quando a remunera\u00e7\u00e3o mensal for superior \u00e0 capacidade da empresa, acontecer\u00e1 a distribui\u00e7\u00e3o antecipada do lucro ou o aumento do preju\u00edzo;<\/li>\n<li>Retirar o dinheiro da empresa para realizar desejos ou sonhos pessoais geram, invariavelmente, a descapitaliza\u00e7\u00e3o. Com o tempo, a empresa recorrer\u00e1 a opera\u00e7\u00f5es de financiamento, reduzindo a margem de lucro, at\u00e9 resultar em preju\u00edzos.<\/li>\n<li>Tenha sempre como objetivo principal a manuten\u00e7\u00e3o e exist\u00eancia do neg\u00f3cio. N\u00e3o o comprometa com suas retiradas;<\/li>\n<li>Necessidade de aumentar seus ganhos como pessoa f\u00edsica? Procure outra fonte de renda. A empresa n\u00e3o suporta o crescente aumento de retiradas;<\/li>\n<li>Determine um valor fixo de retirada e adeque o padr\u00e3o de vida dentro destes par\u00e2metros. Voc\u00ea trabalha para sua empresa. Deve receber um valor fixo mensal conforme qualquer outro funcion\u00e1rio, sem comprometer a exist\u00eancia do neg\u00f3cio;<\/li>\n<li>Converse abertamente com sua fam\u00edlia. Eles devem ser parceiros na adequa\u00e7\u00e3o das necessidades e estilo de vida ao valor da sua retirada;<\/li>\n<li>Mesmo a retirada fixa est\u00e1 sujeita a uma redu\u00e7\u00e3o em momento de crise empresarial para garantir a exist\u00eancia da empresa. Estabele\u00e7a reservas particulares. N\u00e3o fa\u00e7a da empresa a sua reserva particular;<\/li>\n<li>Melhor reduzir agora e garantir o futuro do que consumir todo o neg\u00f3cio durante o presente e passar falta no futuro;<\/li>\n<\/ul>\n<p>Assim como meu leitor, concluo que alterar o nosso padr\u00e3o de vida e de nossa fam\u00edlia \u00e9 a vari\u00e1vel mais complexa desta equa\u00e7\u00e3o, por\u00e9m, quanto antes realizado as altera\u00e7\u00f5es necess\u00e1rias, melhor ser\u00e1 para garantir a prosperidade de nossos neg\u00f3cios e o futuro das pessoas que amamos. O consultor empresarial \u00e9 o profissional preparado e habilitado para auxili\u00e1-lo nestas tomadas de decis\u00e3o.<\/p>\n","protected":false},"excerpt":{"rendered":"<p>Por Jos\u00e9 J\u00fanior Tenho observado que a grande d\u00favida de boa parte dos empreendedores est\u00e1 na defini\u00e7\u00e3o do pr\u00f3-labore, e esta \u00e9 uma quest\u00e3o central no tocante a sa\u00fade financeira da empresa. Deixe-me explicar melhor. Em algumas situa\u00e7\u00f5es muito comuns, o montante da retirada \u00e9 definida com base na necessidade de manuten\u00e7\u00e3o do padr\u00e3o vida &#8230; <a title=\"Como o pr\u00f3-labore ou retirada dos s\u00f3cios pode falir uma confec\u00e7\u00e3o do vestu\u00e1rio?\" class=\"read-more\" href=\"https:\/\/anoticiaonline.com.br\/site\/como-o-pro-labore-ou-retirada-dos-socios-pode-falir-uma-confeccao-do-vestuario\/\" aria-label=\"Read more about Como o pr\u00f3-labore ou retirada dos s\u00f3cios pode falir uma confec\u00e7\u00e3o do vestu\u00e1rio?\">Ler mais<\/a><\/p>\n","protected":false},"author":2,"featured_media":0,"comment_status":"open","ping_status":"open","sticky":false,"template":"","format":"standard","meta":{"_acf_changed":false,"_monsterinsights_skip_tracking":false,"footnotes":""},"categories":[31],"tags":[901,718,74],"class_list":["post-38903","post","type-post","status-publish","format-standard","hentry","category-colunistas","tag-colunistas","tag-jose-junior","tag-muriae"],"acf":[],"aioseo_notices":[],"aioseo_head":"\n\t\t<!-- All in One SEO 5.0.0.1 - aioseo.com -->\n\t<meta name=\"description\" content=\"Por Jos\u00e9 J\u00fanior Tenho observado que a grande d\u00favida de boa parte dos empreendedores est\u00e1 na defini\u00e7\u00e3o do pr\u00f3-labore, e esta \u00e9 uma quest\u00e3o central no tocante a sa\u00fade financeira da empresa. Deixe-me explicar melhor. Em algumas situa\u00e7\u00f5es muito comuns, o montante da retirada \u00e9 definida com base na necessidade de manuten\u00e7\u00e3o do padr\u00e3o vida\" \/>\n\t<meta name=\"robots\" content=\"max-image-preview:large\" \/>\n\t<meta name=\"author\" content=\"Juliana Laviola\"\/>\n\t<link rel=\"canonical\" href=\"https:\/\/anoticiaonline.com.br\/site\/como-o-pro-labore-ou-retirada-dos-socios-pode-falir-uma-confeccao-do-vestuario\/\" \/>\n\t<meta name=\"generator\" content=\"All in One SEO (AIOSEO) 5.0.0.1\" \/>\n\t\t<meta property=\"og:locale\" content=\"pt_BR\" \/>\n\t\t<meta property=\"og:site_name\" content=\"A Not\u00edcia Online - Noticias de Muria\u00e9 e regi\u00e3o\" \/>\n\t\t<meta property=\"og:type\" content=\"article\" \/>\n\t\t<meta property=\"og:title\" content=\"Como o pr\u00f3-labore ou retirada dos s\u00f3cios pode falir uma confec\u00e7\u00e3o do vestu\u00e1rio? - A Not\u00edcia Online\" \/>\n\t\t<meta property=\"og:description\" content=\"Por Jos\u00e9 J\u00fanior Tenho observado que a grande d\u00favida de boa parte dos empreendedores est\u00e1 na defini\u00e7\u00e3o do pr\u00f3-labore, e esta \u00e9 uma quest\u00e3o central no tocante a sa\u00fade financeira da empresa. Deixe-me explicar melhor. Em algumas situa\u00e7\u00f5es muito comuns, o montante da retirada \u00e9 definida com base na necessidade de manuten\u00e7\u00e3o do padr\u00e3o vida\" \/>\n\t\t<meta property=\"og:url\" content=\"https:\/\/anoticiaonline.com.br\/site\/como-o-pro-labore-ou-retirada-dos-socios-pode-falir-uma-confeccao-do-vestuario\/\" \/>\n\t\t<meta property=\"og:image\" content=\"https:\/\/scontent-gig4-1.xx.fbcdn.net\/v\/t39.30808-1\/270437624_4564083193639691_6907940295614233970_n.jpg?stp=dst-jpg_s200x200_tt6&#038;_nc_cat=111&#038;ccb=1-7&#038;_nc_sid=f907e8&#038;_nc_ohc=SM1wRlP3lJwQ7kNvwEPuBYA&#038;_nc_oc=AdnqrjDN_BNjSSHWO-GbkIWH6fkGMLw4bqvL_NH6e2wMveX7G-rP2dAqsDSq1mJMOaY&#038;_nc_zt=24&#038;_nc_ht=scontent-gig4-1.xx&#038;_nc_gid=AoBFJeGrT1hVaew_6rchkQ&#038;oh=00_AfX7QmFGhQhG2jAllVgXCiM1ZrWgvtp80-Bfppyexh1QEg&#038;oe=689E923C\" \/>\n\t\t<meta property=\"og:image:secure_url\" content=\"https:\/\/scontent-gig4-1.xx.fbcdn.net\/v\/t39.30808-1\/270437624_4564083193639691_6907940295614233970_n.jpg?stp=dst-jpg_s200x200_tt6&#038;_nc_cat=111&#038;ccb=1-7&#038;_nc_sid=f907e8&#038;_nc_ohc=SM1wRlP3lJwQ7kNvwEPuBYA&#038;_nc_oc=AdnqrjDN_BNjSSHWO-GbkIWH6fkGMLw4bqvL_NH6e2wMveX7G-rP2dAqsDSq1mJMOaY&#038;_nc_zt=24&#038;_nc_ht=scontent-gig4-1.xx&#038;_nc_gid=AoBFJeGrT1hVaew_6rchkQ&#038;oh=00_AfX7QmFGhQhG2jAllVgXCiM1ZrWgvtp80-Bfppyexh1QEg&#038;oe=689E923C\" \/>\n\t\t<meta property=\"article:published_time\" content=\"2017-08-24T20:40:37+00:00\" \/>\n\t\t<meta property=\"article:modified_time\" content=\"2017-08-24T20:40:37+00:00\" \/>\n\t\t<meta name=\"twitter:card\" content=\"summary_large_image\" \/>\n\t\t<meta name=\"twitter:title\" content=\"Como o pr\u00f3-labore ou retirada dos s\u00f3cios pode falir uma confec\u00e7\u00e3o do vestu\u00e1rio? - A Not\u00edcia Online\" \/>\n\t\t<meta name=\"twitter:description\" content=\"Por Jos\u00e9 J\u00fanior Tenho observado que a grande d\u00favida de boa parte dos empreendedores est\u00e1 na defini\u00e7\u00e3o do pr\u00f3-labore, e esta \u00e9 uma quest\u00e3o central no tocante a sa\u00fade financeira da empresa. Deixe-me explicar melhor. Em algumas situa\u00e7\u00f5es muito comuns, o montante da retirada \u00e9 definida com base na necessidade de manuten\u00e7\u00e3o do padr\u00e3o vida\" \/>\n\t\t<meta name=\"twitter:image\" content=\"https:\/\/scontent-gig4-1.xx.fbcdn.net\/v\/t39.30808-1\/270437624_4564083193639691_6907940295614233970_n.jpg?stp=dst-jpg_s200x200_tt6&amp;_nc_cat=111&amp;ccb=1-7&amp;_nc_sid=f907e8&amp;_nc_ohc=SM1wRlP3lJwQ7kNvwEPuBYA&amp;_nc_oc=AdnqrjDN_BNjSSHWO-GbkIWH6fkGMLw4bqvL_NH6e2wMveX7G-rP2dAqsDSq1mJMOaY&amp;_nc_zt=24&amp;_nc_ht=scontent-gig4-1.xx&amp;_nc_gid=AoBFJeGrT1hVaew_6rchkQ&amp;oh=00_AfX7QmFGhQhG2jAllVgXCiM1ZrWgvtp80-Bfppyexh1QEg&amp;oe=689E923C\" \/>\n\t\t<script type=\"application\/ld+json\" class=\"aioseo-schema\">\n\t\t\t{\"@context\":\"https:\\\/\\\/schema.org\",\"@graph\":[{\"@type\":\"BlogPosting\",\"@id\":\"https:\\\/\\\/anoticiaonline.com.br\\\/site\\\/como-o-pro-labore-ou-retirada-dos-socios-pode-falir-uma-confeccao-do-vestuario\\\/#blogposting\",\"name\":\"Como o pr\\u00f3-labore ou retirada dos s\\u00f3cios pode falir uma confec\\u00e7\\u00e3o do vestu\\u00e1rio? - A Not\\u00edcia Online\",\"headline\":\"Como o pr\\u00f3-labore ou retirada dos s\\u00f3cios pode falir uma confec\\u00e7\\u00e3o do vestu\\u00e1rio?\",\"author\":{\"@id\":\"https:\\\/\\\/anoticiaonline.com.br\\\/site\\\/author\\\/juliana\\\/#author\"},\"publisher\":{\"@id\":\"https:\\\/\\\/anoticiaonline.com.br\\\/site\\\/#organization\"},\"image\":{\"@type\":\"ImageObject\",\"url\":\"https:\\\/\\\/scontent-gig4-1.xx.fbcdn.net\\\/v\\\/t39.30808-1\\\/270437624_4564083193639691_6907940295614233970_n.jpg?stp=dst-jpg_s200x200_tt6&_nc_cat=111&ccb=1-7&_nc_sid=f907e8&_nc_ohc=SM1wRlP3lJwQ7kNvwEPuBYA&_nc_oc=AdnqrjDN_BNjSSHWO-GbkIWH6fkGMLw4bqvL_NH6e2wMveX7G-rP2dAqsDSq1mJMOaY&_nc_zt=24&_nc_ht=scontent-gig4-1.xx&_nc_gid=AoBFJeGrT1hVaew_6rchkQ&oh=00_AfX7QmFGhQhG2jAllVgXCiM1ZrWgvtp80-Bfppyexh1QEg&oe=689E923C\",\"@id\":\"https:\\\/\\\/anoticiaonline.com.br\\\/site\\\/#articleImage\"},\"datePublished\":\"2017-08-24T17:40:37-03:00\",\"dateModified\":\"2017-08-24T17:40:37-03:00\",\"inLanguage\":\"pt-BR\",\"mainEntityOfPage\":{\"@id\":\"https:\\\/\\\/anoticiaonline.com.br\\\/site\\\/como-o-pro-labore-ou-retirada-dos-socios-pode-falir-uma-confeccao-do-vestuario\\\/#webpage\"},\"isPartOf\":{\"@id\":\"https:\\\/\\\/anoticiaonline.com.br\\\/site\\\/como-o-pro-labore-ou-retirada-dos-socios-pode-falir-uma-confeccao-do-vestuario\\\/#webpage\"},\"articleSection\":\"Colunistas, colunistas, Jos\\u00e9 J\\u00fanior, Muria\\u00e9\"},{\"@type\":\"BreadcrumbList\",\"@id\":\"https:\\\/\\\/anoticiaonline.com.br\\\/site\\\/como-o-pro-labore-ou-retirada-dos-socios-pode-falir-uma-confeccao-do-vestuario\\\/#breadcrumblist\",\"itemListElement\":[{\"@type\":\"ListItem\",\"@id\":\"https:\\\/\\\/anoticiaonline.com.br\\\/site#listItem\",\"position\":1,\"name\":\"Home\",\"item\":\"https:\\\/\\\/anoticiaonline.com.br\\\/site\",\"nextItem\":{\"@type\":\"ListItem\",\"@id\":\"https:\\\/\\\/anoticiaonline.com.br\\\/site\\\/categoria\\\/colunistas\\\/#listItem\",\"name\":\"Colunistas\"}},{\"@type\":\"ListItem\",\"@id\":\"https:\\\/\\\/anoticiaonline.com.br\\\/site\\\/categoria\\\/colunistas\\\/#listItem\",\"position\":2,\"name\":\"Colunistas\",\"item\":\"https:\\\/\\\/anoticiaonline.com.br\\\/site\\\/categoria\\\/colunistas\\\/\",\"nextItem\":{\"@type\":\"ListItem\",\"@id\":\"https:\\\/\\\/anoticiaonline.com.br\\\/site\\\/como-o-pro-labore-ou-retirada-dos-socios-pode-falir-uma-confeccao-do-vestuario\\\/#listItem\",\"name\":\"Como o pr\\u00f3-labore ou retirada dos s\\u00f3cios pode falir uma confec\\u00e7\\u00e3o do vestu\\u00e1rio?\"},\"previousItem\":{\"@type\":\"ListItem\",\"@id\":\"https:\\\/\\\/anoticiaonline.com.br\\\/site#listItem\",\"name\":\"Home\"}},{\"@type\":\"ListItem\",\"@id\":\"https:\\\/\\\/anoticiaonline.com.br\\\/site\\\/como-o-pro-labore-ou-retirada-dos-socios-pode-falir-uma-confeccao-do-vestuario\\\/#listItem\",\"position\":3,\"name\":\"Como o pr\\u00f3-labore ou retirada dos s\\u00f3cios pode falir uma confec\\u00e7\\u00e3o do vestu\\u00e1rio?\",\"previousItem\":{\"@type\":\"ListItem\",\"@id\":\"https:\\\/\\\/anoticiaonline.com.br\\\/site\\\/categoria\\\/colunistas\\\/#listItem\",\"name\":\"Colunistas\"}}]},{\"@type\":\"Organization\",\"@id\":\"https:\\\/\\\/anoticiaonline.com.br\\\/site\\\/#organization\",\"name\":\"A Not\\u00edcia Online\",\"description\":\"Noticias de Muria\\u00e9 e regi\\u00e3o\",\"url\":\"https:\\\/\\\/anoticiaonline.com.br\\\/site\\\/\",\"logo\":{\"@type\":\"ImageObject\",\"url\":\"https:\\\/\\\/scontent-gig4-1.xx.fbcdn.net\\\/v\\\/t39.30808-1\\\/270437624_4564083193639691_6907940295614233970_n.jpg?stp=dst-jpg_s200x200_tt6&_nc_cat=111&ccb=1-7&_nc_sid=f907e8&_nc_ohc=SM1wRlP3lJwQ7kNvwEPuBYA&_nc_oc=AdnqrjDN_BNjSSHWO-GbkIWH6fkGMLw4bqvL_NH6e2wMveX7G-rP2dAqsDSq1mJMOaY&_nc_zt=24&_nc_ht=scontent-gig4-1.xx&_nc_gid=AoBFJeGrT1hVaew_6rchkQ&oh=00_AfX7QmFGhQhG2jAllVgXCiM1ZrWgvtp80-Bfppyexh1QEg&oe=689E923C\",\"@id\":\"https:\\\/\\\/anoticiaonline.com.br\\\/site\\\/como-o-pro-labore-ou-retirada-dos-socios-pode-falir-uma-confeccao-do-vestuario\\\/#organizationLogo\"},\"image\":{\"@id\":\"https:\\\/\\\/anoticiaonline.com.br\\\/site\\\/como-o-pro-labore-ou-retirada-dos-socios-pode-falir-uma-confeccao-do-vestuario\\\/#organizationLogo\"}},{\"@type\":\"Person\",\"@id\":\"https:\\\/\\\/anoticiaonline.com.br\\\/site\\\/author\\\/juliana\\\/#author\",\"url\":\"https:\\\/\\\/anoticiaonline.com.br\\\/site\\\/author\\\/juliana\\\/\",\"name\":\"Juliana Laviola\",\"image\":{\"@type\":\"ImageObject\",\"@id\":\"https:\\\/\\\/anoticiaonline.com.br\\\/site\\\/como-o-pro-labore-ou-retirada-dos-socios-pode-falir-uma-confeccao-do-vestuario\\\/#authorImage\",\"url\":\"https:\\\/\\\/secure.gravatar.com\\\/avatar\\\/b8d45f5c699b100dfaf0e543582f38f38bf94cb7ae3a5e9abf8d891a34773335?s=96&d=mm&r=g\",\"width\":96,\"height\":96,\"caption\":\"Juliana Laviola\"}},{\"@type\":\"WebPage\",\"@id\":\"https:\\\/\\\/anoticiaonline.com.br\\\/site\\\/como-o-pro-labore-ou-retirada-dos-socios-pode-falir-uma-confeccao-do-vestuario\\\/#webpage\",\"url\":\"https:\\\/\\\/anoticiaonline.com.br\\\/site\\\/como-o-pro-labore-ou-retirada-dos-socios-pode-falir-uma-confeccao-do-vestuario\\\/\",\"name\":\"Como o pr\\u00f3-labore ou retirada dos s\\u00f3cios pode falir uma confec\\u00e7\\u00e3o do vestu\\u00e1rio? - A Not\\u00edcia Online\",\"description\":\"Por Jos\\u00e9 J\\u00fanior Tenho observado que a grande d\\u00favida de boa parte dos empreendedores est\\u00e1 na defini\\u00e7\\u00e3o do pr\\u00f3-labore, e esta \\u00e9 uma quest\\u00e3o central no tocante a sa\\u00fade financeira da empresa. Deixe-me explicar melhor. Em algumas situa\\u00e7\\u00f5es muito comuns, o montante da retirada \\u00e9 definida com base na necessidade de manuten\\u00e7\\u00e3o do padr\\u00e3o vida\",\"inLanguage\":\"pt-BR\",\"isPartOf\":{\"@id\":\"https:\\\/\\\/anoticiaonline.com.br\\\/site\\\/#website\"},\"breadcrumb\":{\"@id\":\"https:\\\/\\\/anoticiaonline.com.br\\\/site\\\/como-o-pro-labore-ou-retirada-dos-socios-pode-falir-uma-confeccao-do-vestuario\\\/#breadcrumblist\"},\"author\":{\"@id\":\"https:\\\/\\\/anoticiaonline.com.br\\\/site\\\/author\\\/juliana\\\/#author\"},\"creator\":{\"@id\":\"https:\\\/\\\/anoticiaonline.com.br\\\/site\\\/author\\\/juliana\\\/#author\"},\"datePublished\":\"2017-08-24T17:40:37-03:00\",\"dateModified\":\"2017-08-24T17:40:37-03:00\"},{\"@type\":\"WebSite\",\"@id\":\"https:\\\/\\\/anoticiaonline.com.br\\\/site\\\/#website\",\"url\":\"https:\\\/\\\/anoticiaonline.com.br\\\/site\\\/\",\"name\":\"A Not\\u00edcia Online\",\"description\":\"Noticias de Muria\\u00e9 e regi\\u00e3o\",\"inLanguage\":\"pt-BR\",\"publisher\":{\"@id\":\"https:\\\/\\\/anoticiaonline.com.br\\\/site\\\/#organization\"}}]}\n\t\t<\/script>\n\t\t<!-- All in One SEO -->\n\n","aioseo_head_json":{"title":"Como o pr\u00f3-labore ou retirada dos s\u00f3cios pode falir uma confec\u00e7\u00e3o do vestu\u00e1rio? - A Not\u00edcia Online","description":"Por Jos\u00e9 J\u00fanior Tenho observado que a grande d\u00favida de boa parte dos empreendedores est\u00e1 na defini\u00e7\u00e3o do pr\u00f3-labore, e esta \u00e9 uma quest\u00e3o central no tocante a sa\u00fade financeira da empresa. Deixe-me explicar melhor. Em algumas situa\u00e7\u00f5es muito comuns, o montante da retirada \u00e9 definida com base na necessidade de manuten\u00e7\u00e3o do padr\u00e3o vida","canonical_url":"https:\/\/anoticiaonline.com.br\/site\/como-o-pro-labore-ou-retirada-dos-socios-pode-falir-uma-confeccao-do-vestuario\/","robots":"max-image-preview:large","keywords":"","webmasterTools":{"miscellaneous":""},"schema":{"@context":"https:\/\/schema.org","@graph":[{"@type":"BlogPosting","@id":"https:\/\/anoticiaonline.com.br\/site\/como-o-pro-labore-ou-retirada-dos-socios-pode-falir-uma-confeccao-do-vestuario\/#blogposting","name":"Como o pr\u00f3-labore ou retirada dos s\u00f3cios pode falir uma confec\u00e7\u00e3o do vestu\u00e1rio? - A Not\u00edcia Online","headline":"Como o pr\u00f3-labore ou retirada dos s\u00f3cios pode falir uma confec\u00e7\u00e3o do vestu\u00e1rio?","author":{"@id":"https:\/\/anoticiaonline.com.br\/site\/author\/juliana\/#author"},"publisher":{"@id":"https:\/\/anoticiaonline.com.br\/site\/#organization"},"image":{"@type":"ImageObject","url":"https:\/\/scontent-gig4-1.xx.fbcdn.net\/v\/t39.30808-1\/270437624_4564083193639691_6907940295614233970_n.jpg?stp=dst-jpg_s200x200_tt6&_nc_cat=111&ccb=1-7&_nc_sid=f907e8&_nc_ohc=SM1wRlP3lJwQ7kNvwEPuBYA&_nc_oc=AdnqrjDN_BNjSSHWO-GbkIWH6fkGMLw4bqvL_NH6e2wMveX7G-rP2dAqsDSq1mJMOaY&_nc_zt=24&_nc_ht=scontent-gig4-1.xx&_nc_gid=AoBFJeGrT1hVaew_6rchkQ&oh=00_AfX7QmFGhQhG2jAllVgXCiM1ZrWgvtp80-Bfppyexh1QEg&oe=689E923C","@id":"https:\/\/anoticiaonline.com.br\/site\/#articleImage"},"datePublished":"2017-08-24T17:40:37-03:00","dateModified":"2017-08-24T17:40:37-03:00","inLanguage":"pt-BR","mainEntityOfPage":{"@id":"https:\/\/anoticiaonline.com.br\/site\/como-o-pro-labore-ou-retirada-dos-socios-pode-falir-uma-confeccao-do-vestuario\/#webpage"},"isPartOf":{"@id":"https:\/\/anoticiaonline.com.br\/site\/como-o-pro-labore-ou-retirada-dos-socios-pode-falir-uma-confeccao-do-vestuario\/#webpage"},"articleSection":"Colunistas, colunistas, Jos\u00e9 J\u00fanior, Muria\u00e9"},{"@type":"BreadcrumbList","@id":"https:\/\/anoticiaonline.com.br\/site\/como-o-pro-labore-ou-retirada-dos-socios-pode-falir-uma-confeccao-do-vestuario\/#breadcrumblist","itemListElement":[{"@type":"ListItem","@id":"https:\/\/anoticiaonline.com.br\/site#listItem","position":1,"name":"Home","item":"https:\/\/anoticiaonline.com.br\/site","nextItem":{"@type":"ListItem","@id":"https:\/\/anoticiaonline.com.br\/site\/categoria\/colunistas\/#listItem","name":"Colunistas"}},{"@type":"ListItem","@id":"https:\/\/anoticiaonline.com.br\/site\/categoria\/colunistas\/#listItem","position":2,"name":"Colunistas","item":"https:\/\/anoticiaonline.com.br\/site\/categoria\/colunistas\/","nextItem":{"@type":"ListItem","@id":"https:\/\/anoticiaonline.com.br\/site\/como-o-pro-labore-ou-retirada-dos-socios-pode-falir-uma-confeccao-do-vestuario\/#listItem","name":"Como o pr\u00f3-labore ou retirada dos s\u00f3cios pode falir uma confec\u00e7\u00e3o do vestu\u00e1rio?"},"previousItem":{"@type":"ListItem","@id":"https:\/\/anoticiaonline.com.br\/site#listItem","name":"Home"}},{"@type":"ListItem","@id":"https:\/\/anoticiaonline.com.br\/site\/como-o-pro-labore-ou-retirada-dos-socios-pode-falir-uma-confeccao-do-vestuario\/#listItem","position":3,"name":"Como o pr\u00f3-labore ou retirada dos s\u00f3cios pode falir uma confec\u00e7\u00e3o do vestu\u00e1rio?","previousItem":{"@type":"ListItem","@id":"https:\/\/anoticiaonline.com.br\/site\/categoria\/colunistas\/#listItem","name":"Colunistas"}}]},{"@type":"Organization","@id":"https:\/\/anoticiaonline.com.br\/site\/#organization","name":"A Not\u00edcia Online","description":"Noticias de Muria\u00e9 e regi\u00e3o","url":"https:\/\/anoticiaonline.com.br\/site\/","logo":{"@type":"ImageObject","url":"https:\/\/scontent-gig4-1.xx.fbcdn.net\/v\/t39.30808-1\/270437624_4564083193639691_6907940295614233970_n.jpg?stp=dst-jpg_s200x200_tt6&_nc_cat=111&ccb=1-7&_nc_sid=f907e8&_nc_ohc=SM1wRlP3lJwQ7kNvwEPuBYA&_nc_oc=AdnqrjDN_BNjSSHWO-GbkIWH6fkGMLw4bqvL_NH6e2wMveX7G-rP2dAqsDSq1mJMOaY&_nc_zt=24&_nc_ht=scontent-gig4-1.xx&_nc_gid=AoBFJeGrT1hVaew_6rchkQ&oh=00_AfX7QmFGhQhG2jAllVgXCiM1ZrWgvtp80-Bfppyexh1QEg&oe=689E923C","@id":"https:\/\/anoticiaonline.com.br\/site\/como-o-pro-labore-ou-retirada-dos-socios-pode-falir-uma-confeccao-do-vestuario\/#organizationLogo"},"image":{"@id":"https:\/\/anoticiaonline.com.br\/site\/como-o-pro-labore-ou-retirada-dos-socios-pode-falir-uma-confeccao-do-vestuario\/#organizationLogo"}},{"@type":"Person","@id":"https:\/\/anoticiaonline.com.br\/site\/author\/juliana\/#author","url":"https:\/\/anoticiaonline.com.br\/site\/author\/juliana\/","name":"Juliana Laviola","image":{"@type":"ImageObject","@id":"https:\/\/anoticiaonline.com.br\/site\/como-o-pro-labore-ou-retirada-dos-socios-pode-falir-uma-confeccao-do-vestuario\/#authorImage","url":"https:\/\/secure.gravatar.com\/avatar\/b8d45f5c699b100dfaf0e543582f38f38bf94cb7ae3a5e9abf8d891a34773335?s=96&d=mm&r=g","width":96,"height":96,"caption":"Juliana Laviola"}},{"@type":"WebPage","@id":"https:\/\/anoticiaonline.com.br\/site\/como-o-pro-labore-ou-retirada-dos-socios-pode-falir-uma-confeccao-do-vestuario\/#webpage","url":"https:\/\/anoticiaonline.com.br\/site\/como-o-pro-labore-ou-retirada-dos-socios-pode-falir-uma-confeccao-do-vestuario\/","name":"Como o pr\u00f3-labore ou retirada dos s\u00f3cios pode falir uma confec\u00e7\u00e3o do vestu\u00e1rio? - A Not\u00edcia Online","description":"Por Jos\u00e9 J\u00fanior Tenho observado que a grande d\u00favida de boa parte dos empreendedores est\u00e1 na defini\u00e7\u00e3o do pr\u00f3-labore, e esta \u00e9 uma quest\u00e3o central no tocante a sa\u00fade financeira da empresa. Deixe-me explicar melhor. Em algumas situa\u00e7\u00f5es muito comuns, o montante da retirada \u00e9 definida com base na necessidade de manuten\u00e7\u00e3o do padr\u00e3o vida","inLanguage":"pt-BR","isPartOf":{"@id":"https:\/\/anoticiaonline.com.br\/site\/#website"},"breadcrumb":{"@id":"https:\/\/anoticiaonline.com.br\/site\/como-o-pro-labore-ou-retirada-dos-socios-pode-falir-uma-confeccao-do-vestuario\/#breadcrumblist"},"author":{"@id":"https:\/\/anoticiaonline.com.br\/site\/author\/juliana\/#author"},"creator":{"@id":"https:\/\/anoticiaonline.com.br\/site\/author\/juliana\/#author"},"datePublished":"2017-08-24T17:40:37-03:00","dateModified":"2017-08-24T17:40:37-03:00"},{"@type":"WebSite","@id":"https:\/\/anoticiaonline.com.br\/site\/#website","url":"https:\/\/anoticiaonline.com.br\/site\/","name":"A Not\u00edcia Online","description":"Noticias de Muria\u00e9 e regi\u00e3o","inLanguage":"pt-BR","publisher":{"@id":"https:\/\/anoticiaonline.com.br\/site\/#organization"}}]},"og:locale":"pt_BR","og:site_name":"A Not\u00edcia Online - Noticias de Muria\u00e9 e regi\u00e3o","og:type":"article","og:title":"Como o pr\u00f3-labore ou retirada dos s\u00f3cios pode falir uma confec\u00e7\u00e3o do vestu\u00e1rio? - A Not\u00edcia Online","og:description":"Por Jos\u00e9 J\u00fanior Tenho observado que a grande d\u00favida de boa parte dos empreendedores est\u00e1 na defini\u00e7\u00e3o do pr\u00f3-labore, e esta \u00e9 uma quest\u00e3o central no tocante a sa\u00fade financeira da empresa. Deixe-me explicar melhor. Em algumas situa\u00e7\u00f5es muito comuns, o montante da retirada \u00e9 definida com base na necessidade de manuten\u00e7\u00e3o do padr\u00e3o vida","og:url":"https:\/\/anoticiaonline.com.br\/site\/como-o-pro-labore-ou-retirada-dos-socios-pode-falir-uma-confeccao-do-vestuario\/","og:image":"https:\/\/scontent-gig4-1.xx.fbcdn.net\/v\/t39.30808-1\/270437624_4564083193639691_6907940295614233970_n.jpg?stp=dst-jpg_s200x200_tt6&#038;_nc_cat=111&#038;ccb=1-7&#038;_nc_sid=f907e8&#038;_nc_ohc=SM1wRlP3lJwQ7kNvwEPuBYA&#038;_nc_oc=AdnqrjDN_BNjSSHWO-GbkIWH6fkGMLw4bqvL_NH6e2wMveX7G-rP2dAqsDSq1mJMOaY&#038;_nc_zt=24&#038;_nc_ht=scontent-gig4-1.xx&#038;_nc_gid=AoBFJeGrT1hVaew_6rchkQ&#038;oh=00_AfX7QmFGhQhG2jAllVgXCiM1ZrWgvtp80-Bfppyexh1QEg&#038;oe=689E923C","og:image:secure_url":"https:\/\/scontent-gig4-1.xx.fbcdn.net\/v\/t39.30808-1\/270437624_4564083193639691_6907940295614233970_n.jpg?stp=dst-jpg_s200x200_tt6&#038;_nc_cat=111&#038;ccb=1-7&#038;_nc_sid=f907e8&#038;_nc_ohc=SM1wRlP3lJwQ7kNvwEPuBYA&#038;_nc_oc=AdnqrjDN_BNjSSHWO-GbkIWH6fkGMLw4bqvL_NH6e2wMveX7G-rP2dAqsDSq1mJMOaY&#038;_nc_zt=24&#038;_nc_ht=scontent-gig4-1.xx&#038;_nc_gid=AoBFJeGrT1hVaew_6rchkQ&#038;oh=00_AfX7QmFGhQhG2jAllVgXCiM1ZrWgvtp80-Bfppyexh1QEg&#038;oe=689E923C","article:published_time":"2017-08-24T20:40:37+00:00","article:modified_time":"2017-08-24T20:40:37+00:00","twitter:card":"summary_large_image","twitter:title":"Como o pr\u00f3-labore ou retirada dos s\u00f3cios pode falir uma confec\u00e7\u00e3o do vestu\u00e1rio? - A Not\u00edcia Online","twitter:description":"Por Jos\u00e9 J\u00fanior Tenho observado que a grande d\u00favida de boa parte dos empreendedores est\u00e1 na defini\u00e7\u00e3o do pr\u00f3-labore, e esta \u00e9 uma quest\u00e3o central no tocante a sa\u00fade financeira da empresa. Deixe-me explicar melhor. Em algumas situa\u00e7\u00f5es muito comuns, o montante da retirada \u00e9 definida com base na necessidade de manuten\u00e7\u00e3o do padr\u00e3o vida","twitter:image":"https:\/\/scontent-gig4-1.xx.fbcdn.net\/v\/t39.30808-1\/270437624_4564083193639691_6907940295614233970_n.jpg?stp=dst-jpg_s200x200_tt6&_nc_cat=111&ccb=1-7&_nc_sid=f907e8&_nc_ohc=SM1wRlP3lJwQ7kNvwEPuBYA&_nc_oc=AdnqrjDN_BNjSSHWO-GbkIWH6fkGMLw4bqvL_NH6e2wMveX7G-rP2dAqsDSq1mJMOaY&_nc_zt=24&_nc_ht=scontent-gig4-1.xx&_nc_gid=AoBFJeGrT1hVaew_6rchkQ&oh=00_AfX7QmFGhQhG2jAllVgXCiM1ZrWgvtp80-Bfppyexh1QEg&oe=689E923C"},"aioseo_meta_data":{"post_id":"38903","title":null,"description":null,"keywords":null,"keyphrases":null,"primary_term":null,"canonical_url":null,"og_title":null,"og_description":null,"og_object_type":"default","og_image_type":"default","og_image_url":null,"og_image_width":null,"og_image_height":null,"og_image_custom_url":null,"og_image_custom_fields":null,"og_video":null,"og_custom_url":null,"og_article_section":null,"og_article_tags":null,"twitter_use_og":false,"twitter_card":"default","twitter_image_type":"default","twitter_image_url":null,"twitter_image_custom_url":null,"twitter_image_custom_fields":null,"twitter_title":null,"twitter_description":null,"schema":{"blockGraphs":[],"customGraphs":[],"default":{"data":{"Article":[],"Course":[],"Dataset":[],"FAQPage":[],"Movie":[],"Person":[],"Product":[],"ProductReview":[],"Car":[],"Recipe":[],"Service":[],"SoftwareApplication":[],"WebPage":[]},"graphName":"","isEnabled":true},"graphs":[]},"schema_type":"default","schema_type_options":null,"pillar_content":false,"robots_default":true,"robots_noindex":false,"robots_noarchive":false,"robots_nosnippet":false,"robots_nofollow":false,"robots_noimageindex":false,"robots_noodp":false,"robots_notranslate":false,"robots_max_snippet":null,"robots_max_videopreview":null,"robots_max_imagepreview":"large","priority":null,"frequency":null,"local_seo":null,"breadcrumb_settings":null,"limit_modified_date":false,"ai":null,"created":"2025-08-16 19:21:04","updated":"2025-08-16 19:21:04","focus_keyword":null,"additional_keywords":null,"truseo_locale":null,"seo_analyzer_scan_date":null},"aioseo_breadcrumb":"<div class=\"aioseo-breadcrumbs\"><span class=\"aioseo-breadcrumb\">\n\t\t\t<a href=\"https:\/\/anoticiaonline.com.br\/site\" title=\"Home\">Home<\/a>\n\t\t<\/span><span class=\"aioseo-breadcrumb-separator\">&raquo;<\/span><span class=\"aioseo-breadcrumb\">\n\t\t\t<a href=\"https:\/\/anoticiaonline.com.br\/site\/categoria\/colunistas\/\" title=\"Colunistas\">Colunistas<\/a>\n\t\t<\/span><span class=\"aioseo-breadcrumb-separator\">&raquo;<\/span><span class=\"aioseo-breadcrumb\">\n\t\t\tComo o pr\u00f3-labore ou retirada dos s\u00f3cios pode falir uma confec\u00e7\u00e3o do vestu\u00e1rio?\n\t\t<\/span><\/div>","aioseo_breadcrumb_json":[{"label":"Home","link":"https:\/\/anoticiaonline.com.br\/site"},{"label":"Colunistas","link":"https:\/\/anoticiaonline.com.br\/site\/categoria\/colunistas\/"},{"label":"Como o pr\u00f3-labore ou retirada dos s\u00f3cios pode falir uma confec\u00e7\u00e3o do vestu\u00e1rio?","link":"https:\/\/anoticiaonline.com.br\/site\/como-o-pro-labore-ou-retirada-dos-socios-pode-falir-uma-confeccao-do-vestuario\/"}],"views":136,"_links":{"self":[{"href":"https:\/\/anoticiaonline.com.br\/site\/wp-json\/wp\/v2\/posts\/38903","targetHints":{"allow":["GET"]}}],"collection":[{"href":"https:\/\/anoticiaonline.com.br\/site\/wp-json\/wp\/v2\/posts"}],"about":[{"href":"https:\/\/anoticiaonline.com.br\/site\/wp-json\/wp\/v2\/types\/post"}],"author":[{"embeddable":true,"href":"https:\/\/anoticiaonline.com.br\/site\/wp-json\/wp\/v2\/users\/2"}],"replies":[{"embeddable":true,"href":"https:\/\/anoticiaonline.com.br\/site\/wp-json\/wp\/v2\/comments?post=38903"}],"version-history":[{"count":0,"href":"https:\/\/anoticiaonline.com.br\/site\/wp-json\/wp\/v2\/posts\/38903\/revisions"}],"wp:attachment":[{"href":"https:\/\/anoticiaonline.com.br\/site\/wp-json\/wp\/v2\/media?parent=38903"}],"wp:term":[{"taxonomy":"category","embeddable":true,"href":"https:\/\/anoticiaonline.com.br\/site\/wp-json\/wp\/v2\/categories?post=38903"},{"taxonomy":"post_tag","embeddable":true,"href":"https:\/\/anoticiaonline.com.br\/site\/wp-json\/wp\/v2\/tags?post=38903"}],"curies":[{"name":"wp","href":"https:\/\/api.w.org\/{rel}","templated":true}]}}