{"id":38648,"date":"2017-08-19T16:00:28","date_gmt":"2017-08-19T19:00:28","guid":{"rendered":"http:\/\/anoticiaonline.com.br\/site\/?p=38648"},"modified":"2017-08-18T14:29:36","modified_gmt":"2017-08-18T17:29:36","slug":"exposicao-agropecuaria-e-industrial-de-patrocinio-do-muriae-atrai-milhares-de-visitantes","status":"publish","type":"post","link":"https:\/\/anoticiaonline.com.br\/site\/exposicao-agropecuaria-e-industrial-de-patrocinio-do-muriae-atrai-milhares-de-visitantes\/","title":{"rendered":"Exposi\u00e7\u00e3o Agropecu\u00e1ria e Industrial de Patroc\u00ednio do Muria\u00e9 atrai milhares de visitantes"},"content":{"rendered":"<p><a href=\"https:\/\/anoticiaonline.com.br\/site\/wp-content\/uploads\/2017\/08\/DSC_0570.jpg\"><img fetchpriority=\"high\" decoding=\"async\" class=\"alignleft size-medium wp-image-38681\" src=\"https:\/\/anoticiaonline.com.br\/site\/wp-content\/uploads\/2017\/08\/DSC_0570-300x199.jpg\" alt=\"\" width=\"300\" height=\"199\" srcset=\"https:\/\/anoticiaonline.com.br\/site\/wp-content\/uploads\/2017\/08\/DSC_0570-300x199.jpg 300w, https:\/\/anoticiaonline.com.br\/site\/wp-content\/uploads\/2017\/08\/DSC_0570-290x192.jpg 290w, https:\/\/anoticiaonline.com.br\/site\/wp-content\/uploads\/2017\/08\/DSC_0570.jpg 640w\" sizes=\"(max-width: 300px) 100vw, 300px\" \/><\/a> <a href=\"https:\/\/anoticiaonline.com.br\/site\/wp-content\/uploads\/2017\/08\/DSC_0613.jpeg\"><img decoding=\"async\" class=\"alignleft size-medium wp-image-38686\" src=\"https:\/\/anoticiaonline.com.br\/site\/wp-content\/uploads\/2017\/08\/DSC_0613-300x225.jpeg\" alt=\"\" width=\"300\" height=\"225\" srcset=\"https:\/\/anoticiaonline.com.br\/site\/wp-content\/uploads\/2017\/08\/DSC_0613-300x225.jpeg 300w, https:\/\/anoticiaonline.com.br\/site\/wp-content\/uploads\/2017\/08\/DSC_0613.jpeg 640w\" sizes=\"(max-width: 300px) 100vw, 300px\" \/><\/a>O munic\u00edpio de Patroc\u00ednio do Muria\u00e9 recebeu milhares de visitantes em sua 27\u00aa Exposi\u00e7\u00e3o Agropecu\u00e1ria e Industrial. A tradicional festa aconteceu entre os dias 10 e 13 de agosto com atra\u00e7\u00f5es musicais variadas, espa\u00e7o para artesanatos, exposi\u00e7\u00e3o de peixes ornamentais, parque de divers\u00f5es e concurso leiteiro.<\/p>\n<p>A exposi\u00e7\u00e3o tem como objetivo valorizar o trabalho do homem do campo, a agricultura, a produ\u00e7\u00e3o de leite e a cria\u00e7\u00e3o de peixes ornamentais, uma das atividades que mais se destacam e fomentam a economia da cidade.<\/p>\n<p>A abertura oficial da festa, que aconteceu na sexta-feira, contou com a presen\u00e7a do prefeito Paulo Aziz e seu vice Get\u00falio de Paula, que est\u00e3o no primeiro ano de mandato e j\u00e1 realizaram, pela prefeitura de Patroc\u00ednio, o carnaval na cidade. Na ocasi\u00e3o, Paulo Aziz comentou que a Exposi\u00e7\u00e3o Agropecu\u00e1ria e Industrial \u00e9 um dos eventos mais esperados pela popula\u00e7\u00e3o. \u201cSem d\u00favida \u00e9 a maior festa do munic\u00edpio. A Exposi\u00e7\u00e3o Agropecu\u00e1ria e Industrial de Patroc\u00ednio do Muria\u00e9 foi criada pelo meu saudoso pai em 1983, o que me deixa orgulhoso em manter esta tradi\u00e7\u00e3o\u201d, disse.<\/p>\n<p>Paulo Aziz aproveitou o momento para ressaltar as conquistas realizadas nos sete meses de mandato. \u201cDesde o primeiro momento de nossa administra\u00e7\u00e3o, n\u00f3s implantamos o servi\u00e7o m\u00e9dico de 24h, abrimos um pronto-socorro, criamos um centro de especialidades com mais de sete m\u00e9dicos especialistas atendendo no munic\u00edpio, melhoramos as estradas que ligam \u00e0 zona rural, a limpeza urbana e estamos com duas obras para serem inauguradas: o Centro de Reabilita\u00e7\u00e3o e o Posto de Sa\u00fade do Bairro Santo Ant\u00f4nio\u201d finalizou o prefeito que tamb\u00e9m agradeceu o trabalho da imprensa e desejou a todos uma excelente festa.<\/p>\n<p>O vice-prefeito Get\u00falio de Paula conversou com o jornal A Not\u00edcia e falou a respeito da festa realizada em Patroc\u00ednio. \u201cPrimeiramente, gostaria de agradecer a Deus pela oportunidade de realizar esta Exposi\u00e7\u00e3o de primeira linha. Este \u00e9 o momento para celebrarmos as conquistas de nossa administra\u00e7\u00e3o, o que me deixa emocionado. Foram melhorias na sa\u00fade e em nossas estradas rurais. Espero que possamos continuar nosso trabalho com honra e honestidade\u201d, disse Get\u00falio de Paula, que est\u00e1 vivenciando sua estreia na pol\u00edtica com grande apoio popular.<\/p>\n<p><strong>Atra\u00e7\u00f5es da 27\u00aa Exposi\u00e7\u00e3o Agropecu\u00e1ria e Industrial de Patroc\u00ednio do Muria\u00e9 \u2013 <\/strong>A programa\u00e7\u00e3o da Exposi\u00e7\u00e3o de Patroc\u00ednio do Muria\u00e9 foi variada e conquistou o p\u00fablico presente.<\/p>\n<p>No primeiro dia, quinta-feira (10), a festa iniciou com um momento gospel e shows com as duplas: L\u00e9o &amp; Rodolfo e J\u00fanior &amp; Gustavo, al\u00e9m do som do DJ Carlos Alexandre.<\/p>\n<p>Na sexta-feira (11), aconteceu a abertura oficial do evento com show de Jazz, apresenta\u00e7\u00e3o da banda da Pol\u00edcia Militar, apresenta\u00e7\u00e3o da dupla Donato &amp; Eduardo e da banda Beijo Apimentado.<\/p>\n<p>Na noite de s\u00e1bado (12), foi a vez de Paulinho Franklin &amp; Lauro Afr\u00e2nio, Lady Lux, Laura Lima e do DJ Danilo Foga\u00e7a.<\/p>\n<p>No domingo (13), encerramento da festa, o dia come\u00e7ou com uma cavalgada e seguiu com os shows das bandas Kinzinho Show (Campo Os\u00f3rio Cardilo), ZEM e Carlos Magalh\u00e3es, al\u00e9m do DJ Rodrigo Bastos.<\/p>\n<p><img decoding=\"async\" class=\"ngg_displayed_gallery mceItem\" src=\"https:\/\/anoticiaonline.com.br\/site\/nextgen-attach_to_post\/preview\/id--38824\" \/><\/p>\n<p>&nbsp;<\/p>\n<p>&nbsp;<\/p>\n<p>&nbsp;<\/p>\n<p>&nbsp;<\/p>\n","protected":false},"excerpt":{"rendered":"<p>O munic\u00edpio de Patroc\u00ednio do Muria\u00e9 recebeu milhares de visitantes em sua 27\u00aa Exposi\u00e7\u00e3o Agropecu\u00e1ria e Industrial. A tradicional festa aconteceu entre os dias 10 e 13 de agosto com atra\u00e7\u00f5es musicais variadas, espa\u00e7o para artesanatos, exposi\u00e7\u00e3o de peixes ornamentais, parque de divers\u00f5es e concurso leiteiro. A exposi\u00e7\u00e3o tem como objetivo valorizar o trabalho do &#8230; <a title=\"Exposi\u00e7\u00e3o Agropecu\u00e1ria e Industrial de Patroc\u00ednio do Muria\u00e9 atrai milhares de visitantes\" class=\"read-more\" href=\"https:\/\/anoticiaonline.com.br\/site\/exposicao-agropecuaria-e-industrial-de-patrocinio-do-muriae-atrai-milhares-de-visitantes\/\" aria-label=\"Read more about Exposi\u00e7\u00e3o Agropecu\u00e1ria e Industrial de Patroc\u00ednio do Muria\u00e9 atrai milhares de visitantes\">Ler mais<\/a><\/p>\n","protected":false},"author":2,"featured_media":38681,"comment_status":"open","ping_status":"open","sticky":false,"template":"","format":"standard","meta":{"_acf_changed":false,"_monsterinsights_skip_tracking":false,"footnotes":""},"categories":[6],"tags":[949,308,951,950,948,3,952],"class_list":["post-38648","post","type-post","status-publish","format-standard","has-post-thumbnail","hentry","category-regiao","tag-exposicao-agropecuaria-e-industrial","tag-festa","tag-getulio-de-paula","tag-patrocinio-do-muriae","tag-paulo-aziz","tag-slide","tag-tradicional"],"acf":[],"aioseo_notices":[],"aioseo_head":"\n\t\t<!-- All in One SEO 5.0.0.1 - aioseo.com -->\n\t<meta name=\"description\" content=\"O munic\u00edpio de Patroc\u00ednio do Muria\u00e9 recebeu milhares de visitantes em sua 27\u00aa Exposi\u00e7\u00e3o Agropecu\u00e1ria e Industrial. A tradicional festa aconteceu entre os dias 10 e 13 de agosto com atra\u00e7\u00f5es musicais variadas, espa\u00e7o para artesanatos, exposi\u00e7\u00e3o de peixes ornamentais, parque de divers\u00f5es e concurso leiteiro. A exposi\u00e7\u00e3o tem como objetivo valorizar o trabalho do\" \/>\n\t<meta name=\"robots\" content=\"max-image-preview:large\" \/>\n\t<meta name=\"author\" content=\"Juliana Laviola\"\/>\n\t<link rel=\"canonical\" href=\"https:\/\/anoticiaonline.com.br\/site\/exposicao-agropecuaria-e-industrial-de-patrocinio-do-muriae-atrai-milhares-de-visitantes\/\" \/>\n\t<meta name=\"generator\" content=\"All in One SEO (AIOSEO) 5.0.0.1\" \/>\n\t\t<meta property=\"og:locale\" content=\"pt_BR\" \/>\n\t\t<meta property=\"og:site_name\" content=\"A Not\u00edcia Online - Noticias de Muria\u00e9 e regi\u00e3o\" \/>\n\t\t<meta property=\"og:type\" content=\"article\" \/>\n\t\t<meta property=\"og:title\" content=\"Exposi\u00e7\u00e3o Agropecu\u00e1ria e Industrial de Patroc\u00ednio do Muria\u00e9 atrai milhares de visitantes - A Not\u00edcia Online\" \/>\n\t\t<meta property=\"og:description\" content=\"O munic\u00edpio de Patroc\u00ednio do Muria\u00e9 recebeu milhares de visitantes em sua 27\u00aa Exposi\u00e7\u00e3o Agropecu\u00e1ria e Industrial. A tradicional festa aconteceu entre os dias 10 e 13 de agosto com atra\u00e7\u00f5es musicais variadas, espa\u00e7o para artesanatos, exposi\u00e7\u00e3o de peixes ornamentais, parque de divers\u00f5es e concurso leiteiro. A exposi\u00e7\u00e3o tem como objetivo valorizar o trabalho do\" \/>\n\t\t<meta property=\"og:url\" content=\"https:\/\/anoticiaonline.com.br\/site\/exposicao-agropecuaria-e-industrial-de-patrocinio-do-muriae-atrai-milhares-de-visitantes\/\" \/>\n\t\t<meta property=\"og:image\" content=\"https:\/\/scontent-gig4-1.xx.fbcdn.net\/v\/t39.30808-1\/270437624_4564083193639691_6907940295614233970_n.jpg?stp=dst-jpg_s200x200_tt6&#038;_nc_cat=111&#038;ccb=1-7&#038;_nc_sid=f907e8&#038;_nc_ohc=SM1wRlP3lJwQ7kNvwEPuBYA&#038;_nc_oc=AdnqrjDN_BNjSSHWO-GbkIWH6fkGMLw4bqvL_NH6e2wMveX7G-rP2dAqsDSq1mJMOaY&#038;_nc_zt=24&#038;_nc_ht=scontent-gig4-1.xx&#038;_nc_gid=AoBFJeGrT1hVaew_6rchkQ&#038;oh=00_AfX7QmFGhQhG2jAllVgXCiM1ZrWgvtp80-Bfppyexh1QEg&#038;oe=689E923C\" \/>\n\t\t<meta property=\"og:image:secure_url\" content=\"https:\/\/scontent-gig4-1.xx.fbcdn.net\/v\/t39.30808-1\/270437624_4564083193639691_6907940295614233970_n.jpg?stp=dst-jpg_s200x200_tt6&#038;_nc_cat=111&#038;ccb=1-7&#038;_nc_sid=f907e8&#038;_nc_ohc=SM1wRlP3lJwQ7kNvwEPuBYA&#038;_nc_oc=AdnqrjDN_BNjSSHWO-GbkIWH6fkGMLw4bqvL_NH6e2wMveX7G-rP2dAqsDSq1mJMOaY&#038;_nc_zt=24&#038;_nc_ht=scontent-gig4-1.xx&#038;_nc_gid=AoBFJeGrT1hVaew_6rchkQ&#038;oh=00_AfX7QmFGhQhG2jAllVgXCiM1ZrWgvtp80-Bfppyexh1QEg&#038;oe=689E923C\" \/>\n\t\t<meta property=\"article:published_time\" content=\"2017-08-19T19:00:28+00:00\" \/>\n\t\t<meta property=\"article:modified_time\" content=\"2017-08-18T17:29:36+00:00\" \/>\n\t\t<meta name=\"twitter:card\" content=\"summary_large_image\" \/>\n\t\t<meta name=\"twitter:title\" content=\"Exposi\u00e7\u00e3o Agropecu\u00e1ria e Industrial de Patroc\u00ednio do Muria\u00e9 atrai milhares de visitantes - A Not\u00edcia Online\" \/>\n\t\t<meta name=\"twitter:description\" content=\"O munic\u00edpio de Patroc\u00ednio do Muria\u00e9 recebeu milhares de visitantes em sua 27\u00aa Exposi\u00e7\u00e3o Agropecu\u00e1ria e Industrial. A tradicional festa aconteceu entre os dias 10 e 13 de agosto com atra\u00e7\u00f5es musicais variadas, espa\u00e7o para artesanatos, exposi\u00e7\u00e3o de peixes ornamentais, parque de divers\u00f5es e concurso leiteiro. A exposi\u00e7\u00e3o tem como objetivo valorizar o trabalho do\" \/>\n\t\t<meta name=\"twitter:image\" content=\"https:\/\/scontent-gig4-1.xx.fbcdn.net\/v\/t39.30808-1\/270437624_4564083193639691_6907940295614233970_n.jpg?stp=dst-jpg_s200x200_tt6&amp;_nc_cat=111&amp;ccb=1-7&amp;_nc_sid=f907e8&amp;_nc_ohc=SM1wRlP3lJwQ7kNvwEPuBYA&amp;_nc_oc=AdnqrjDN_BNjSSHWO-GbkIWH6fkGMLw4bqvL_NH6e2wMveX7G-rP2dAqsDSq1mJMOaY&amp;_nc_zt=24&amp;_nc_ht=scontent-gig4-1.xx&amp;_nc_gid=AoBFJeGrT1hVaew_6rchkQ&amp;oh=00_AfX7QmFGhQhG2jAllVgXCiM1ZrWgvtp80-Bfppyexh1QEg&amp;oe=689E923C\" \/>\n\t\t<script type=\"application\/ld+json\" class=\"aioseo-schema\">\n\t\t\t{\"@context\":\"https:\\\/\\\/schema.org\",\"@graph\":[{\"@type\":\"BlogPosting\",\"@id\":\"https:\\\/\\\/anoticiaonline.com.br\\\/site\\\/exposicao-agropecuaria-e-industrial-de-patrocinio-do-muriae-atrai-milhares-de-visitantes\\\/#blogposting\",\"name\":\"Exposi\\u00e7\\u00e3o Agropecu\\u00e1ria e Industrial de Patroc\\u00ednio do Muria\\u00e9 atrai milhares de visitantes - A Not\\u00edcia Online\",\"headline\":\"Exposi\\u00e7\\u00e3o Agropecu\\u00e1ria e Industrial de Patroc\\u00ednio do Muria\\u00e9 atrai milhares de visitantes\",\"author\":{\"@id\":\"https:\\\/\\\/anoticiaonline.com.br\\\/site\\\/author\\\/juliana\\\/#author\"},\"publisher\":{\"@id\":\"https:\\\/\\\/anoticiaonline.com.br\\\/site\\\/#organization\"},\"image\":{\"@type\":\"ImageObject\",\"url\":\"https:\\\/\\\/anoticiaonline.com.br\\\/site\\\/wp-content\\\/uploads\\\/2017\\\/08\\\/DSC_0570.jpg\",\"width\":640,\"height\":424},\"datePublished\":\"2017-08-19T16:00:28-03:00\",\"dateModified\":\"2017-08-18T14:29:36-03:00\",\"inLanguage\":\"pt-BR\",\"mainEntityOfPage\":{\"@id\":\"https:\\\/\\\/anoticiaonline.com.br\\\/site\\\/exposicao-agropecuaria-e-industrial-de-patrocinio-do-muriae-atrai-milhares-de-visitantes\\\/#webpage\"},\"isPartOf\":{\"@id\":\"https:\\\/\\\/anoticiaonline.com.br\\\/site\\\/exposicao-agropecuaria-e-industrial-de-patrocinio-do-muriae-atrai-milhares-de-visitantes\\\/#webpage\"},\"articleSection\":\"Regi\\u00e3o, Exposi\\u00e7\\u00e3o Agropecu\\u00e1ria e Industrial, festa, Get\\u00falio de Paula, Patroc\\u00ednio do Muria\\u00e9, Paulo Aziz, slide, tradicional\"},{\"@type\":\"BreadcrumbList\",\"@id\":\"https:\\\/\\\/anoticiaonline.com.br\\\/site\\\/exposicao-agropecuaria-e-industrial-de-patrocinio-do-muriae-atrai-milhares-de-visitantes\\\/#breadcrumblist\",\"itemListElement\":[{\"@type\":\"ListItem\",\"@id\":\"https:\\\/\\\/anoticiaonline.com.br\\\/site#listItem\",\"position\":1,\"name\":\"Home\",\"item\":\"https:\\\/\\\/anoticiaonline.com.br\\\/site\",\"nextItem\":{\"@type\":\"ListItem\",\"@id\":\"https:\\\/\\\/anoticiaonline.com.br\\\/site\\\/categoria\\\/regiao\\\/#listItem\",\"name\":\"Regi\\u00e3o\"}},{\"@type\":\"ListItem\",\"@id\":\"https:\\\/\\\/anoticiaonline.com.br\\\/site\\\/categoria\\\/regiao\\\/#listItem\",\"position\":2,\"name\":\"Regi\\u00e3o\",\"item\":\"https:\\\/\\\/anoticiaonline.com.br\\\/site\\\/categoria\\\/regiao\\\/\",\"nextItem\":{\"@type\":\"ListItem\",\"@id\":\"https:\\\/\\\/anoticiaonline.com.br\\\/site\\\/exposicao-agropecuaria-e-industrial-de-patrocinio-do-muriae-atrai-milhares-de-visitantes\\\/#listItem\",\"name\":\"Exposi\\u00e7\\u00e3o Agropecu\\u00e1ria e Industrial de Patroc\\u00ednio do Muria\\u00e9 atrai milhares de visitantes\"},\"previousItem\":{\"@type\":\"ListItem\",\"@id\":\"https:\\\/\\\/anoticiaonline.com.br\\\/site#listItem\",\"name\":\"Home\"}},{\"@type\":\"ListItem\",\"@id\":\"https:\\\/\\\/anoticiaonline.com.br\\\/site\\\/exposicao-agropecuaria-e-industrial-de-patrocinio-do-muriae-atrai-milhares-de-visitantes\\\/#listItem\",\"position\":3,\"name\":\"Exposi\\u00e7\\u00e3o Agropecu\\u00e1ria e Industrial de Patroc\\u00ednio do Muria\\u00e9 atrai milhares de visitantes\",\"previousItem\":{\"@type\":\"ListItem\",\"@id\":\"https:\\\/\\\/anoticiaonline.com.br\\\/site\\\/categoria\\\/regiao\\\/#listItem\",\"name\":\"Regi\\u00e3o\"}}]},{\"@type\":\"Organization\",\"@id\":\"https:\\\/\\\/anoticiaonline.com.br\\\/site\\\/#organization\",\"name\":\"A Not\\u00edcia Online\",\"description\":\"Noticias de Muria\\u00e9 e regi\\u00e3o\",\"url\":\"https:\\\/\\\/anoticiaonline.com.br\\\/site\\\/\",\"logo\":{\"@type\":\"ImageObject\",\"url\":\"https:\\\/\\\/scontent-gig4-1.xx.fbcdn.net\\\/v\\\/t39.30808-1\\\/270437624_4564083193639691_6907940295614233970_n.jpg?stp=dst-jpg_s200x200_tt6&_nc_cat=111&ccb=1-7&_nc_sid=f907e8&_nc_ohc=SM1wRlP3lJwQ7kNvwEPuBYA&_nc_oc=AdnqrjDN_BNjSSHWO-GbkIWH6fkGMLw4bqvL_NH6e2wMveX7G-rP2dAqsDSq1mJMOaY&_nc_zt=24&_nc_ht=scontent-gig4-1.xx&_nc_gid=AoBFJeGrT1hVaew_6rchkQ&oh=00_AfX7QmFGhQhG2jAllVgXCiM1ZrWgvtp80-Bfppyexh1QEg&oe=689E923C\",\"@id\":\"https:\\\/\\\/anoticiaonline.com.br\\\/site\\\/exposicao-agropecuaria-e-industrial-de-patrocinio-do-muriae-atrai-milhares-de-visitantes\\\/#organizationLogo\"},\"image\":{\"@id\":\"https:\\\/\\\/anoticiaonline.com.br\\\/site\\\/exposicao-agropecuaria-e-industrial-de-patrocinio-do-muriae-atrai-milhares-de-visitantes\\\/#organizationLogo\"}},{\"@type\":\"Person\",\"@id\":\"https:\\\/\\\/anoticiaonline.com.br\\\/site\\\/author\\\/juliana\\\/#author\",\"url\":\"https:\\\/\\\/anoticiaonline.com.br\\\/site\\\/author\\\/juliana\\\/\",\"name\":\"Juliana Laviola\",\"image\":{\"@type\":\"ImageObject\",\"@id\":\"https:\\\/\\\/anoticiaonline.com.br\\\/site\\\/exposicao-agropecuaria-e-industrial-de-patrocinio-do-muriae-atrai-milhares-de-visitantes\\\/#authorImage\",\"url\":\"https:\\\/\\\/secure.gravatar.com\\\/avatar\\\/b8d45f5c699b100dfaf0e543582f38f38bf94cb7ae3a5e9abf8d891a34773335?s=96&d=mm&r=g\",\"width\":96,\"height\":96,\"caption\":\"Juliana Laviola\"}},{\"@type\":\"WebPage\",\"@id\":\"https:\\\/\\\/anoticiaonline.com.br\\\/site\\\/exposicao-agropecuaria-e-industrial-de-patrocinio-do-muriae-atrai-milhares-de-visitantes\\\/#webpage\",\"url\":\"https:\\\/\\\/anoticiaonline.com.br\\\/site\\\/exposicao-agropecuaria-e-industrial-de-patrocinio-do-muriae-atrai-milhares-de-visitantes\\\/\",\"name\":\"Exposi\\u00e7\\u00e3o Agropecu\\u00e1ria e Industrial de Patroc\\u00ednio do Muria\\u00e9 atrai milhares de visitantes - A Not\\u00edcia Online\",\"description\":\"O munic\\u00edpio de Patroc\\u00ednio do Muria\\u00e9 recebeu milhares de visitantes em sua 27\\u00aa Exposi\\u00e7\\u00e3o Agropecu\\u00e1ria e Industrial. A tradicional festa aconteceu entre os dias 10 e 13 de agosto com atra\\u00e7\\u00f5es musicais variadas, espa\\u00e7o para artesanatos, exposi\\u00e7\\u00e3o de peixes ornamentais, parque de divers\\u00f5es e concurso leiteiro. A exposi\\u00e7\\u00e3o tem como objetivo valorizar o trabalho do\",\"inLanguage\":\"pt-BR\",\"isPartOf\":{\"@id\":\"https:\\\/\\\/anoticiaonline.com.br\\\/site\\\/#website\"},\"breadcrumb\":{\"@id\":\"https:\\\/\\\/anoticiaonline.com.br\\\/site\\\/exposicao-agropecuaria-e-industrial-de-patrocinio-do-muriae-atrai-milhares-de-visitantes\\\/#breadcrumblist\"},\"author\":{\"@id\":\"https:\\\/\\\/anoticiaonline.com.br\\\/site\\\/author\\\/juliana\\\/#author\"},\"creator\":{\"@id\":\"https:\\\/\\\/anoticiaonline.com.br\\\/site\\\/author\\\/juliana\\\/#author\"},\"image\":{\"@type\":\"ImageObject\",\"url\":\"https:\\\/\\\/anoticiaonline.com.br\\\/site\\\/wp-content\\\/uploads\\\/2017\\\/08\\\/DSC_0570.jpg\",\"@id\":\"https:\\\/\\\/anoticiaonline.com.br\\\/site\\\/exposicao-agropecuaria-e-industrial-de-patrocinio-do-muriae-atrai-milhares-de-visitantes\\\/#mainImage\",\"width\":640,\"height\":424},\"primaryImageOfPage\":{\"@id\":\"https:\\\/\\\/anoticiaonline.com.br\\\/site\\\/exposicao-agropecuaria-e-industrial-de-patrocinio-do-muriae-atrai-milhares-de-visitantes\\\/#mainImage\"},\"datePublished\":\"2017-08-19T16:00:28-03:00\",\"dateModified\":\"2017-08-18T14:29:36-03:00\"},{\"@type\":\"WebSite\",\"@id\":\"https:\\\/\\\/anoticiaonline.com.br\\\/site\\\/#website\",\"url\":\"https:\\\/\\\/anoticiaonline.com.br\\\/site\\\/\",\"name\":\"A Not\\u00edcia Online\",\"description\":\"Noticias de Muria\\u00e9 e regi\\u00e3o\",\"inLanguage\":\"pt-BR\",\"publisher\":{\"@id\":\"https:\\\/\\\/anoticiaonline.com.br\\\/site\\\/#organization\"}}]}\n\t\t<\/script>\n\t\t<!-- All in One SEO -->\n\n","aioseo_head_json":{"title":"Exposi\u00e7\u00e3o Agropecu\u00e1ria e Industrial de Patroc\u00ednio do Muria\u00e9 atrai milhares de visitantes - A Not\u00edcia Online","description":"O munic\u00edpio de Patroc\u00ednio do Muria\u00e9 recebeu milhares de visitantes em sua 27\u00aa Exposi\u00e7\u00e3o Agropecu\u00e1ria e Industrial. A tradicional festa aconteceu entre os dias 10 e 13 de agosto com atra\u00e7\u00f5es musicais variadas, espa\u00e7o para artesanatos, exposi\u00e7\u00e3o de peixes ornamentais, parque de divers\u00f5es e concurso leiteiro. A exposi\u00e7\u00e3o tem como objetivo valorizar o trabalho do","canonical_url":"https:\/\/anoticiaonline.com.br\/site\/exposicao-agropecuaria-e-industrial-de-patrocinio-do-muriae-atrai-milhares-de-visitantes\/","robots":"max-image-preview:large","keywords":"","webmasterTools":{"miscellaneous":""},"schema":{"@context":"https:\/\/schema.org","@graph":[{"@type":"BlogPosting","@id":"https:\/\/anoticiaonline.com.br\/site\/exposicao-agropecuaria-e-industrial-de-patrocinio-do-muriae-atrai-milhares-de-visitantes\/#blogposting","name":"Exposi\u00e7\u00e3o Agropecu\u00e1ria e Industrial de Patroc\u00ednio do Muria\u00e9 atrai milhares de visitantes - A Not\u00edcia Online","headline":"Exposi\u00e7\u00e3o Agropecu\u00e1ria e Industrial de Patroc\u00ednio do Muria\u00e9 atrai milhares de visitantes","author":{"@id":"https:\/\/anoticiaonline.com.br\/site\/author\/juliana\/#author"},"publisher":{"@id":"https:\/\/anoticiaonline.com.br\/site\/#organization"},"image":{"@type":"ImageObject","url":"https:\/\/anoticiaonline.com.br\/site\/wp-content\/uploads\/2017\/08\/DSC_0570.jpg","width":640,"height":424},"datePublished":"2017-08-19T16:00:28-03:00","dateModified":"2017-08-18T14:29:36-03:00","inLanguage":"pt-BR","mainEntityOfPage":{"@id":"https:\/\/anoticiaonline.com.br\/site\/exposicao-agropecuaria-e-industrial-de-patrocinio-do-muriae-atrai-milhares-de-visitantes\/#webpage"},"isPartOf":{"@id":"https:\/\/anoticiaonline.com.br\/site\/exposicao-agropecuaria-e-industrial-de-patrocinio-do-muriae-atrai-milhares-de-visitantes\/#webpage"},"articleSection":"Regi\u00e3o, Exposi\u00e7\u00e3o Agropecu\u00e1ria e Industrial, festa, Get\u00falio de Paula, Patroc\u00ednio do Muria\u00e9, Paulo Aziz, slide, tradicional"},{"@type":"BreadcrumbList","@id":"https:\/\/anoticiaonline.com.br\/site\/exposicao-agropecuaria-e-industrial-de-patrocinio-do-muriae-atrai-milhares-de-visitantes\/#breadcrumblist","itemListElement":[{"@type":"ListItem","@id":"https:\/\/anoticiaonline.com.br\/site#listItem","position":1,"name":"Home","item":"https:\/\/anoticiaonline.com.br\/site","nextItem":{"@type":"ListItem","@id":"https:\/\/anoticiaonline.com.br\/site\/categoria\/regiao\/#listItem","name":"Regi\u00e3o"}},{"@type":"ListItem","@id":"https:\/\/anoticiaonline.com.br\/site\/categoria\/regiao\/#listItem","position":2,"name":"Regi\u00e3o","item":"https:\/\/anoticiaonline.com.br\/site\/categoria\/regiao\/","nextItem":{"@type":"ListItem","@id":"https:\/\/anoticiaonline.com.br\/site\/exposicao-agropecuaria-e-industrial-de-patrocinio-do-muriae-atrai-milhares-de-visitantes\/#listItem","name":"Exposi\u00e7\u00e3o Agropecu\u00e1ria e Industrial de Patroc\u00ednio do Muria\u00e9 atrai milhares de visitantes"},"previousItem":{"@type":"ListItem","@id":"https:\/\/anoticiaonline.com.br\/site#listItem","name":"Home"}},{"@type":"ListItem","@id":"https:\/\/anoticiaonline.com.br\/site\/exposicao-agropecuaria-e-industrial-de-patrocinio-do-muriae-atrai-milhares-de-visitantes\/#listItem","position":3,"name":"Exposi\u00e7\u00e3o Agropecu\u00e1ria e Industrial de Patroc\u00ednio do Muria\u00e9 atrai milhares de visitantes","previousItem":{"@type":"ListItem","@id":"https:\/\/anoticiaonline.com.br\/site\/categoria\/regiao\/#listItem","name":"Regi\u00e3o"}}]},{"@type":"Organization","@id":"https:\/\/anoticiaonline.com.br\/site\/#organization","name":"A Not\u00edcia Online","description":"Noticias de Muria\u00e9 e regi\u00e3o","url":"https:\/\/anoticiaonline.com.br\/site\/","logo":{"@type":"ImageObject","url":"https:\/\/scontent-gig4-1.xx.fbcdn.net\/v\/t39.30808-1\/270437624_4564083193639691_6907940295614233970_n.jpg?stp=dst-jpg_s200x200_tt6&_nc_cat=111&ccb=1-7&_nc_sid=f907e8&_nc_ohc=SM1wRlP3lJwQ7kNvwEPuBYA&_nc_oc=AdnqrjDN_BNjSSHWO-GbkIWH6fkGMLw4bqvL_NH6e2wMveX7G-rP2dAqsDSq1mJMOaY&_nc_zt=24&_nc_ht=scontent-gig4-1.xx&_nc_gid=AoBFJeGrT1hVaew_6rchkQ&oh=00_AfX7QmFGhQhG2jAllVgXCiM1ZrWgvtp80-Bfppyexh1QEg&oe=689E923C","@id":"https:\/\/anoticiaonline.com.br\/site\/exposicao-agropecuaria-e-industrial-de-patrocinio-do-muriae-atrai-milhares-de-visitantes\/#organizationLogo"},"image":{"@id":"https:\/\/anoticiaonline.com.br\/site\/exposicao-agropecuaria-e-industrial-de-patrocinio-do-muriae-atrai-milhares-de-visitantes\/#organizationLogo"}},{"@type":"Person","@id":"https:\/\/anoticiaonline.com.br\/site\/author\/juliana\/#author","url":"https:\/\/anoticiaonline.com.br\/site\/author\/juliana\/","name":"Juliana Laviola","image":{"@type":"ImageObject","@id":"https:\/\/anoticiaonline.com.br\/site\/exposicao-agropecuaria-e-industrial-de-patrocinio-do-muriae-atrai-milhares-de-visitantes\/#authorImage","url":"https:\/\/secure.gravatar.com\/avatar\/b8d45f5c699b100dfaf0e543582f38f38bf94cb7ae3a5e9abf8d891a34773335?s=96&d=mm&r=g","width":96,"height":96,"caption":"Juliana Laviola"}},{"@type":"WebPage","@id":"https:\/\/anoticiaonline.com.br\/site\/exposicao-agropecuaria-e-industrial-de-patrocinio-do-muriae-atrai-milhares-de-visitantes\/#webpage","url":"https:\/\/anoticiaonline.com.br\/site\/exposicao-agropecuaria-e-industrial-de-patrocinio-do-muriae-atrai-milhares-de-visitantes\/","name":"Exposi\u00e7\u00e3o Agropecu\u00e1ria e Industrial de Patroc\u00ednio do Muria\u00e9 atrai milhares de visitantes - A Not\u00edcia Online","description":"O munic\u00edpio de Patroc\u00ednio do Muria\u00e9 recebeu milhares de visitantes em sua 27\u00aa Exposi\u00e7\u00e3o Agropecu\u00e1ria e Industrial. A tradicional festa aconteceu entre os dias 10 e 13 de agosto com atra\u00e7\u00f5es musicais variadas, espa\u00e7o para artesanatos, exposi\u00e7\u00e3o de peixes ornamentais, parque de divers\u00f5es e concurso leiteiro. A exposi\u00e7\u00e3o tem como objetivo valorizar o trabalho do","inLanguage":"pt-BR","isPartOf":{"@id":"https:\/\/anoticiaonline.com.br\/site\/#website"},"breadcrumb":{"@id":"https:\/\/anoticiaonline.com.br\/site\/exposicao-agropecuaria-e-industrial-de-patrocinio-do-muriae-atrai-milhares-de-visitantes\/#breadcrumblist"},"author":{"@id":"https:\/\/anoticiaonline.com.br\/site\/author\/juliana\/#author"},"creator":{"@id":"https:\/\/anoticiaonline.com.br\/site\/author\/juliana\/#author"},"image":{"@type":"ImageObject","url":"https:\/\/anoticiaonline.com.br\/site\/wp-content\/uploads\/2017\/08\/DSC_0570.jpg","@id":"https:\/\/anoticiaonline.com.br\/site\/exposicao-agropecuaria-e-industrial-de-patrocinio-do-muriae-atrai-milhares-de-visitantes\/#mainImage","width":640,"height":424},"primaryImageOfPage":{"@id":"https:\/\/anoticiaonline.com.br\/site\/exposicao-agropecuaria-e-industrial-de-patrocinio-do-muriae-atrai-milhares-de-visitantes\/#mainImage"},"datePublished":"2017-08-19T16:00:28-03:00","dateModified":"2017-08-18T14:29:36-03:00"},{"@type":"WebSite","@id":"https:\/\/anoticiaonline.com.br\/site\/#website","url":"https:\/\/anoticiaonline.com.br\/site\/","name":"A Not\u00edcia Online","description":"Noticias de Muria\u00e9 e regi\u00e3o","inLanguage":"pt-BR","publisher":{"@id":"https:\/\/anoticiaonline.com.br\/site\/#organization"}}]},"og:locale":"pt_BR","og:site_name":"A Not\u00edcia Online - Noticias de Muria\u00e9 e regi\u00e3o","og:type":"article","og:title":"Exposi\u00e7\u00e3o Agropecu\u00e1ria e Industrial de Patroc\u00ednio do Muria\u00e9 atrai milhares de visitantes - A Not\u00edcia Online","og:description":"O munic\u00edpio de Patroc\u00ednio do Muria\u00e9 recebeu milhares de visitantes em sua 27\u00aa Exposi\u00e7\u00e3o Agropecu\u00e1ria e Industrial. A tradicional festa aconteceu entre os dias 10 e 13 de agosto com atra\u00e7\u00f5es musicais variadas, espa\u00e7o para artesanatos, exposi\u00e7\u00e3o de peixes ornamentais, parque de divers\u00f5es e concurso leiteiro. A exposi\u00e7\u00e3o tem como objetivo valorizar o trabalho do","og:url":"https:\/\/anoticiaonline.com.br\/site\/exposicao-agropecuaria-e-industrial-de-patrocinio-do-muriae-atrai-milhares-de-visitantes\/","og:image":"https:\/\/scontent-gig4-1.xx.fbcdn.net\/v\/t39.30808-1\/270437624_4564083193639691_6907940295614233970_n.jpg?stp=dst-jpg_s200x200_tt6&#038;_nc_cat=111&#038;ccb=1-7&#038;_nc_sid=f907e8&#038;_nc_ohc=SM1wRlP3lJwQ7kNvwEPuBYA&#038;_nc_oc=AdnqrjDN_BNjSSHWO-GbkIWH6fkGMLw4bqvL_NH6e2wMveX7G-rP2dAqsDSq1mJMOaY&#038;_nc_zt=24&#038;_nc_ht=scontent-gig4-1.xx&#038;_nc_gid=AoBFJeGrT1hVaew_6rchkQ&#038;oh=00_AfX7QmFGhQhG2jAllVgXCiM1ZrWgvtp80-Bfppyexh1QEg&#038;oe=689E923C","og:image:secure_url":"https:\/\/scontent-gig4-1.xx.fbcdn.net\/v\/t39.30808-1\/270437624_4564083193639691_6907940295614233970_n.jpg?stp=dst-jpg_s200x200_tt6&#038;_nc_cat=111&#038;ccb=1-7&#038;_nc_sid=f907e8&#038;_nc_ohc=SM1wRlP3lJwQ7kNvwEPuBYA&#038;_nc_oc=AdnqrjDN_BNjSSHWO-GbkIWH6fkGMLw4bqvL_NH6e2wMveX7G-rP2dAqsDSq1mJMOaY&#038;_nc_zt=24&#038;_nc_ht=scontent-gig4-1.xx&#038;_nc_gid=AoBFJeGrT1hVaew_6rchkQ&#038;oh=00_AfX7QmFGhQhG2jAllVgXCiM1ZrWgvtp80-Bfppyexh1QEg&#038;oe=689E923C","article:published_time":"2017-08-19T19:00:28+00:00","article:modified_time":"2017-08-18T17:29:36+00:00","twitter:card":"summary_large_image","twitter:title":"Exposi\u00e7\u00e3o Agropecu\u00e1ria e Industrial de Patroc\u00ednio do Muria\u00e9 atrai milhares de visitantes - A Not\u00edcia Online","twitter:description":"O munic\u00edpio de Patroc\u00ednio do Muria\u00e9 recebeu milhares de visitantes em sua 27\u00aa Exposi\u00e7\u00e3o Agropecu\u00e1ria e Industrial. A tradicional festa aconteceu entre os dias 10 e 13 de agosto com atra\u00e7\u00f5es musicais variadas, espa\u00e7o para artesanatos, exposi\u00e7\u00e3o de peixes ornamentais, parque de divers\u00f5es e concurso leiteiro. A exposi\u00e7\u00e3o tem como objetivo valorizar o trabalho do","twitter:image":"https:\/\/scontent-gig4-1.xx.fbcdn.net\/v\/t39.30808-1\/270437624_4564083193639691_6907940295614233970_n.jpg?stp=dst-jpg_s200x200_tt6&_nc_cat=111&ccb=1-7&_nc_sid=f907e8&_nc_ohc=SM1wRlP3lJwQ7kNvwEPuBYA&_nc_oc=AdnqrjDN_BNjSSHWO-GbkIWH6fkGMLw4bqvL_NH6e2wMveX7G-rP2dAqsDSq1mJMOaY&_nc_zt=24&_nc_ht=scontent-gig4-1.xx&_nc_gid=AoBFJeGrT1hVaew_6rchkQ&oh=00_AfX7QmFGhQhG2jAllVgXCiM1ZrWgvtp80-Bfppyexh1QEg&oe=689E923C"},"aioseo_meta_data":{"post_id":"38648","title":null,"description":null,"keywords":null,"keyphrases":null,"primary_term":null,"canonical_url":null,"og_title":null,"og_description":null,"og_object_type":"default","og_image_type":"default","og_image_url":null,"og_image_width":null,"og_image_height":null,"og_image_custom_url":null,"og_image_custom_fields":null,"og_video":null,"og_custom_url":null,"og_article_section":null,"og_article_tags":null,"twitter_use_og":false,"twitter_card":"default","twitter_image_type":"default","twitter_image_url":null,"twitter_image_custom_url":null,"twitter_image_custom_fields":null,"twitter_title":null,"twitter_description":null,"schema":{"blockGraphs":[],"customGraphs":[],"default":{"data":{"Article":[],"Course":[],"Dataset":[],"FAQPage":[],"Movie":[],"Person":[],"Product":[],"ProductReview":[],"Car":[],"Recipe":[],"Service":[],"SoftwareApplication":[],"WebPage":[]},"graphName":"","isEnabled":true},"graphs":[]},"schema_type":"default","schema_type_options":null,"pillar_content":false,"robots_default":true,"robots_noindex":false,"robots_noarchive":false,"robots_nosnippet":false,"robots_nofollow":false,"robots_noimageindex":false,"robots_noodp":false,"robots_notranslate":false,"robots_max_snippet":null,"robots_max_videopreview":null,"robots_max_imagepreview":"large","priority":null,"frequency":null,"local_seo":null,"breadcrumb_settings":null,"limit_modified_date":false,"ai":null,"created":"2025-08-16 19:19:25","updated":"2025-08-16 19:19:25","focus_keyword":null,"additional_keywords":null,"truseo_locale":null,"seo_analyzer_scan_date":null},"aioseo_breadcrumb":"<div class=\"aioseo-breadcrumbs\"><span class=\"aioseo-breadcrumb\">\n\t\t\t<a href=\"https:\/\/anoticiaonline.com.br\/site\" title=\"Home\">Home<\/a>\n\t\t<\/span><span class=\"aioseo-breadcrumb-separator\">&raquo;<\/span><span class=\"aioseo-breadcrumb\">\n\t\t\t<a href=\"https:\/\/anoticiaonline.com.br\/site\/categoria\/regiao\/\" title=\"Regi\u00e3o\">Regi\u00e3o<\/a>\n\t\t<\/span><span class=\"aioseo-breadcrumb-separator\">&raquo;<\/span><span class=\"aioseo-breadcrumb\">\n\t\t\tExposi\u00e7\u00e3o Agropecu\u00e1ria e Industrial de Patroc\u00ednio do Muria\u00e9 atrai milhares de visitantes\n\t\t<\/span><\/div>","aioseo_breadcrumb_json":[{"label":"Home","link":"https:\/\/anoticiaonline.com.br\/site"},{"label":"Regi\u00e3o","link":"https:\/\/anoticiaonline.com.br\/site\/categoria\/regiao\/"},{"label":"Exposi\u00e7\u00e3o Agropecu\u00e1ria e Industrial de Patroc\u00ednio do Muria\u00e9 atrai milhares de visitantes","link":"https:\/\/anoticiaonline.com.br\/site\/exposicao-agropecuaria-e-industrial-de-patrocinio-do-muriae-atrai-milhares-de-visitantes\/"}],"views":149,"_links":{"self":[{"href":"https:\/\/anoticiaonline.com.br\/site\/wp-json\/wp\/v2\/posts\/38648","targetHints":{"allow":["GET"]}}],"collection":[{"href":"https:\/\/anoticiaonline.com.br\/site\/wp-json\/wp\/v2\/posts"}],"about":[{"href":"https:\/\/anoticiaonline.com.br\/site\/wp-json\/wp\/v2\/types\/post"}],"author":[{"embeddable":true,"href":"https:\/\/anoticiaonline.com.br\/site\/wp-json\/wp\/v2\/users\/2"}],"replies":[{"embeddable":true,"href":"https:\/\/anoticiaonline.com.br\/site\/wp-json\/wp\/v2\/comments?post=38648"}],"version-history":[{"count":0,"href":"https:\/\/anoticiaonline.com.br\/site\/wp-json\/wp\/v2\/posts\/38648\/revisions"}],"wp:featuredmedia":[{"embeddable":true,"href":"https:\/\/anoticiaonline.com.br\/site\/wp-json\/wp\/v2\/media\/38681"}],"wp:attachment":[{"href":"https:\/\/anoticiaonline.com.br\/site\/wp-json\/wp\/v2\/media?parent=38648"}],"wp:term":[{"taxonomy":"category","embeddable":true,"href":"https:\/\/anoticiaonline.com.br\/site\/wp-json\/wp\/v2\/categories?post=38648"},{"taxonomy":"post_tag","embeddable":true,"href":"https:\/\/anoticiaonline.com.br\/site\/wp-json\/wp\/v2\/tags?post=38648"}],"curies":[{"name":"wp","href":"https:\/\/api.w.org\/{rel}","templated":true}]}}