{"id":38389,"date":"2017-08-18T14:09:45","date_gmt":"2017-08-18T17:09:45","guid":{"rendered":"http:\/\/anoticiaonline.com.br\/site\/?p=38389"},"modified":"2017-08-18T14:09:45","modified_gmt":"2017-08-18T17:09:45","slug":"laranjal-realiza-29a-exposicao-agropecuaria-com-shows-nacionais","status":"publish","type":"post","link":"https:\/\/anoticiaonline.com.br\/site\/laranjal-realiza-29a-exposicao-agropecuaria-com-shows-nacionais\/","title":{"rendered":"Laranjal realiza 29\u00aa Exposi\u00e7\u00e3o Agropecu\u00e1ria com shows nacionais"},"content":{"rendered":"<p><a href=\"https:\/\/anoticiaonline.com.br\/site\/wp-content\/uploads\/2017\/08\/DSC_0258.jpg\"><img fetchpriority=\"high\" decoding=\"async\" class=\"alignleft size-medium wp-image-38473\" src=\"https:\/\/anoticiaonline.com.br\/site\/wp-content\/uploads\/2017\/08\/DSC_0258-300x200.jpg\" alt=\"\" width=\"300\" height=\"200\" srcset=\"https:\/\/anoticiaonline.com.br\/site\/wp-content\/uploads\/2017\/08\/DSC_0258-300x200.jpg 300w, https:\/\/anoticiaonline.com.br\/site\/wp-content\/uploads\/2017\/08\/DSC_0258-290x192.jpg 290w, https:\/\/anoticiaonline.com.br\/site\/wp-content\/uploads\/2017\/08\/DSC_0258.jpg 640w\" sizes=\"(max-width: 300px) 100vw, 300px\" \/><\/a><a href=\"https:\/\/anoticiaonline.com.br\/site\/wp-content\/uploads\/2017\/08\/DSC_0118.jpg\"><img decoding=\"async\" class=\"alignleft size-medium wp-image-38466\" src=\"https:\/\/anoticiaonline.com.br\/site\/wp-content\/uploads\/2017\/08\/DSC_0118-300x200.jpg\" alt=\"\" width=\"300\" height=\"200\" srcset=\"https:\/\/anoticiaonline.com.br\/site\/wp-content\/uploads\/2017\/08\/DSC_0118-300x200.jpg 300w, https:\/\/anoticiaonline.com.br\/site\/wp-content\/uploads\/2017\/08\/DSC_0118-290x192.jpg 290w, https:\/\/anoticiaonline.com.br\/site\/wp-content\/uploads\/2017\/08\/DSC_0118.jpg 640w\" sizes=\"(max-width: 300px) 100vw, 300px\" \/><\/a> <a href=\"https:\/\/anoticiaonline.com.br\/site\/wp-content\/uploads\/2017\/08\/DSC_0479.jpg\"><img decoding=\"async\" class=\"alignleft size-medium wp-image-38480\" src=\"https:\/\/anoticiaonline.com.br\/site\/wp-content\/uploads\/2017\/08\/DSC_0479-300x200.jpg\" alt=\"\" width=\"300\" height=\"200\" srcset=\"https:\/\/anoticiaonline.com.br\/site\/wp-content\/uploads\/2017\/08\/DSC_0479-300x200.jpg 300w, https:\/\/anoticiaonline.com.br\/site\/wp-content\/uploads\/2017\/08\/DSC_0479-290x192.jpg 290w, https:\/\/anoticiaonline.com.br\/site\/wp-content\/uploads\/2017\/08\/DSC_0479.jpg 640w\" sizes=\"(max-width: 300px) 100vw, 300px\" \/><\/a>A cidade de Laranjal, situada a 35 km de Muria\u00e9, recebeu, entre os dias 10 e 13 de agosto, milhares de pessoas para a sua 29\u00aa Exposi\u00e7\u00e3o Agropecu\u00e1ria no Parque de Exposi\u00e7\u00f5es, onde o prefeito Sud\u00e1rio Amorim Carneiro recebeu deputados, prefeitos, autoridades civis, militares, pol\u00edticas e religiosas do munic\u00edpio e da regi\u00e3o.<\/p>\n<p>A abertura do evento contou a ben\u00e7\u00e3o inicial dos l\u00edderes religiosos: o pastor Paulo Ant\u00f4nio Fernandes e o padre Jailson da Silva. Logo ap\u00f3s, subiram ao palco o assessor Alex Carvalho, representante do secret\u00e1rio de Estado Wadson Ribeiro; Ge\u00f3rgia Alvim, representante do deputado estadual M\u00e1rcio Santiago; os deputados estaduais Tito Torres e Fred Costa; o secret\u00e1rio municipal de Administra\u00e7\u00e3o, Caio \u00c1ureo de Castro Silva; o secret\u00e1rio municipal de Agricultura, Miguel \u00c2ngelo Morais Silva; o secret\u00e1rio municipal de Esporte, Ademir Luis; o secret\u00e1rio municipal de Sa\u00fade, Marcelo Souza; o secret\u00e1rio municipal de Finan\u00e7as, Ademi Silva; o secret\u00e1rio municipal do Meio Ambiente, Liovaldo Nunes; a secret\u00e1ria municipal de Assist\u00eancia Social, Cec\u00edlia Lima; a secret\u00e1ria municipal de Educa\u00e7\u00e3o, Sil\u00e9sia Moraes e o vice-prefeito da cidade, Luiz Henrique Ribeiro, conhecido como Delegado.<\/p>\n<p>Mesmo com toda a crise enfrentada no Pa\u00eds, o prefeito Sud\u00e1rio contou como foi poss\u00edvel organizar uma festa com a presen\u00e7a de artistas nacionais e garantir \u00e0 popula\u00e7\u00e3o servi\u00e7os de qualidade nas \u00e1reas da educa\u00e7\u00e3o, seguran\u00e7a, sa\u00fade e esporte em seis meses de gest\u00e3o.<\/p>\n<p>\u201cTudo isso \u00e9 resultado de um equil\u00edbrio das contas p\u00fablicas. Estamos nos esfor\u00e7ando e dedicando, cada dia mais, em aplicar bem o dinheiro p\u00fablico. N\u00e3o posso dizer que \u00e9 f\u00e1cil, mas seguimos na caminhada\u201d, disse.<\/p>\n<p>Sud\u00e1rio ainda falou a respeito das novas conquistas da administra\u00e7\u00e3o, entre elas est\u00e3o a reforma do pr\u00e9dio da nova Secretaria de Sa\u00fade, a nova sala do Centro de Fisioterapia e reabilita\u00e7\u00e3o, a reforma e as adequa\u00e7\u00f5es da Academia da Sa\u00fade, a reforma e amplia\u00e7\u00e3o do Gin\u00e1sio Poliesportivo Luis de Mello, al\u00e9m da volta do Concurso Leiteiro, a renegocia\u00e7\u00e3o da d\u00edvida do Hospital Comunit\u00e1rio da cidade e o Primeiro Desfile de Carros de Boi. \u201cAproveito o momento para agradecer os esfor\u00e7os dos secret\u00e1rios municipais que contribu\u00edram para essas conquistas. A popula\u00e7\u00e3o merece\u201d, finalizou o prefeito.<\/p>\n<p>O vice-prefeito Delegado tamb\u00e9m falou a respeito da crise econ\u00f4mica e pol\u00edtica do Brasil. \u201cN\u00f3s que administramos a cidade de Laranjal estamos procurando fazer o contr\u00e1rio do que encontramos na atual conjuntura brasileira. N\u00e3o queremos fazer pol\u00edtica para os pol\u00edticos. Queremos fazer pol\u00edtica para o povo e com responsabilidade, principalmente com o dinheiro p\u00fablico\u201d, disse.<\/p>\n<p>De acordo com Delegado, a boa administra\u00e7\u00e3o dos recursos financeiros resultou na realiza\u00e7\u00e3o da 29\u00aa Exposi\u00e7\u00e3o Agropecu\u00e1ria que valorizam o homem e a mulher do campo. \u201cTanto eu quanto o prefeito Sud\u00e1rio sabemos das dificuldades que o homem e a mulher do campo enfrentam. N\u00f3s viemos da zona rural e esta \u00e9 uma maneira de valorizar este trabalho\u201d, finalizou.<\/p>\n<p>O secret\u00e1rio municipal de Administra\u00e7\u00e3o, Caio \u00c1ureo de Castro Silva disse que o resgate das tradicionais festas da cidade e o Concurso Leiteiro fizeram parte das promessas de campanha. \u201cEstamos realizando a Exposi\u00e7\u00e3o com a presen\u00e7a de artistas renomados e com o Concurso Leiteiro que n\u00e3o era realizado h\u00e1 seis anos. Nossa equipe est\u00e1 empenhada em melhorar a vida dos moradores de Laranjal. Aproveito para agradecer aos funcion\u00e1rios da prefeitura que se empenharam em realizar esta festa para a popula\u00e7\u00e3o\u201d, contou.<\/p>\n<p>O secret\u00e1rio municipal de Agricultura, Miguel \u00c2ngelo Morais Silva contou um pouco sobre o Concurso Leiteiro. \u201cFiquei muito feliz em resgatar este concurso que n\u00e3o acontecia h\u00e1 seis anos. No pavilh\u00e3o, est\u00e3o 37 novilhas e 43 vacas leiteiras de primeira linha, quantidade que supera as de exposi\u00e7\u00f5es realizadas na regi\u00e3o. No total foram 25 expositores de Leopoldina, Muria\u00e9 e Cataguases\u201d, disse.<\/p>\n<p>O deputado estadual Fred Costa, que esteve presente na abertura do evento, falou da satisfa\u00e7\u00e3o de prestigiar a 29\u00aa Exposi\u00e7\u00e3o Agropecu\u00e1ria de Laranjal. \u201cVenho parabenizar o prefeito de Laranjal e toda a sua equipe pelos esfor\u00e7os feitos mesmo com todas as dificuldades que o Pa\u00eds vem enfrentando. J\u00e1 viabilizamos R$400 mil reais para a \u00e1rea de sa\u00fade, autom\u00f3vel para a \u00e1rea social e R$100 mil para uma Unidade B\u00e1sica de Sa\u00fade (UBS). Esperamos que estes recursos sejam de grande valia para a popula\u00e7\u00e3o e contribua ainda mais para a administra\u00e7\u00e3o do prefeito Sud\u00e1rio. N\u00e3o tenho d\u00favida que o dinheiro disponibilizado para Laranjal ser\u00e1 bem utilizado, de forma transparente, visando sempre o bem comum\u201d, contou.<\/p>\n<p>Em seu primeiro mandato, o deputado estadual Tito Torres, tamb\u00e9m presente na Exposi\u00e7\u00e3o, falou sobre a parceria com a prefeitura de Laranjal. \u201cTive a oportunidade de apoiar Sud\u00e1rio e Delegado durante a campanha eleitoral e, atualmente, fico feliz com os resultados alcan\u00e7ados em pouco tempo de administra\u00e7\u00e3o. Estamos disponibilizando a quantia de R$100 mil reais para a reforma da Pra\u00e7a municipal, al\u00e9m de assist\u00eancia \u00e0 popula\u00e7\u00e3o na \u00e1rea da sa\u00fade. O prefeito e o vice-prefeito est\u00e3o sempre em Bras\u00edlia e em Belo Horizonte para solicitar recursos para que a cidade se desenvolva da melhor forma\u201d, contou.<\/p>\n<p><strong>Programa\u00e7\u00e3o da 29\u00aa Exposi\u00e7\u00e3o Agropecu\u00e1ria de Laranjal \u2013 <\/strong>Na quinta-feira (10) os shows de Forroz\u00e3o Os Brasas e Michele Freire animaram o p\u00fablico; a sexta-feira (11), dia da abertura oficial, contou com a apresenta\u00e7\u00e3o de Rayla Ara\u00fajo e Israel Novaes; o s\u00e1bado (12) foi marcado por desfiles de moda e shows com a banda Sinta Liga e a dupla Donato &amp; Eduardo; no \u00faltimo dia, no domingo (13), foi a vez do desfile de carros de boi, entrega de premia\u00e7\u00e3o, apresenta\u00e7\u00e3o de Vininho e show de Gang Lex.<\/p>\n<p><img decoding=\"async\" class=\"ngg_displayed_gallery mceItem\" src=\"https:\/\/anoticiaonline.com.br\/site\/nextgen-attach_to_post\/preview\/id--38644\" \/><\/p>\n<p>&nbsp;<\/p>\n<p>&nbsp;<\/p>\n","protected":false},"excerpt":{"rendered":"<p>A cidade de Laranjal, situada a 35 km de Muria\u00e9, recebeu, entre os dias 10 e 13 de agosto, milhares de pessoas para a sua 29\u00aa Exposi\u00e7\u00e3o Agropecu\u00e1ria no Parque de Exposi\u00e7\u00f5es, onde o prefeito Sud\u00e1rio Amorim Carneiro recebeu deputados, prefeitos, autoridades civis, militares, pol\u00edticas e religiosas do munic\u00edpio e da regi\u00e3o. A abertura do &#8230; <a title=\"Laranjal realiza 29\u00aa Exposi\u00e7\u00e3o Agropecu\u00e1ria com shows nacionais\" class=\"read-more\" href=\"https:\/\/anoticiaonline.com.br\/site\/laranjal-realiza-29a-exposicao-agropecuaria-com-shows-nacionais\/\" aria-label=\"Read more about Laranjal realiza 29\u00aa Exposi\u00e7\u00e3o Agropecu\u00e1ria com shows nacionais\">Ler mais<\/a><\/p>\n","protected":false},"author":2,"featured_media":38473,"comment_status":"open","ping_status":"open","sticky":false,"template":"","format":"standard","meta":{"_acf_changed":false,"_monsterinsights_skip_tracking":false,"footnotes":""},"categories":[6],"tags":[943,944,940,888,308,938,942,936,934,937,939,3,935,941],"class_list":["post-38389","post","type-post","status-publish","format-standard","has-post-thumbnail","hentry","category-regiao","tag-deputado-estadual-fred-costa","tag-deputado-tito-ribeiro","tag-donato-eduardo","tag-exposicao-agropecuaria","tag-festa","tag-forrozao-os-brasas-e-michele-freire","tag-gang-lex","tag-israel-novaes","tag-laranjal","tag-rayla-araujo","tag-sinta-liga","tag-slide","tag-sudario-amorim-carneiro","tag-vininho"],"acf":[],"aioseo_notices":[],"aioseo_head":"\n\t\t<!-- All in One SEO 5.0.0.1 - aioseo.com -->\n\t<meta name=\"description\" content=\"A cidade de Laranjal, situada a 35 km de Muria\u00e9, recebeu, entre os dias 10 e 13 de agosto, milhares de pessoas para a sua 29\u00aa Exposi\u00e7\u00e3o Agropecu\u00e1ria no Parque de Exposi\u00e7\u00f5es, onde o prefeito Sud\u00e1rio Amorim Carneiro recebeu deputados, prefeitos, autoridades civis, militares, pol\u00edticas e religiosas do munic\u00edpio e da regi\u00e3o. A abertura do\" \/>\n\t<meta name=\"robots\" content=\"max-image-preview:large\" \/>\n\t<meta name=\"author\" content=\"Juliana Laviola\"\/>\n\t<link rel=\"canonical\" href=\"https:\/\/anoticiaonline.com.br\/site\/laranjal-realiza-29a-exposicao-agropecuaria-com-shows-nacionais\/\" \/>\n\t<meta name=\"generator\" content=\"All in One SEO (AIOSEO) 5.0.0.1\" \/>\n\t\t<meta property=\"og:locale\" content=\"pt_BR\" \/>\n\t\t<meta property=\"og:site_name\" content=\"A Not\u00edcia Online - Noticias de Muria\u00e9 e regi\u00e3o\" \/>\n\t\t<meta property=\"og:type\" content=\"article\" \/>\n\t\t<meta property=\"og:title\" content=\"Laranjal realiza 29\u00aa Exposi\u00e7\u00e3o Agropecu\u00e1ria com shows nacionais - A Not\u00edcia Online\" \/>\n\t\t<meta property=\"og:description\" content=\"A cidade de Laranjal, situada a 35 km de Muria\u00e9, recebeu, entre os dias 10 e 13 de agosto, milhares de pessoas para a sua 29\u00aa Exposi\u00e7\u00e3o Agropecu\u00e1ria no Parque de Exposi\u00e7\u00f5es, onde o prefeito Sud\u00e1rio Amorim Carneiro recebeu deputados, prefeitos, autoridades civis, militares, pol\u00edticas e religiosas do munic\u00edpio e da regi\u00e3o. A abertura do\" \/>\n\t\t<meta property=\"og:url\" content=\"https:\/\/anoticiaonline.com.br\/site\/laranjal-realiza-29a-exposicao-agropecuaria-com-shows-nacionais\/\" \/>\n\t\t<meta property=\"og:image\" content=\"https:\/\/scontent-gig4-1.xx.fbcdn.net\/v\/t39.30808-1\/270437624_4564083193639691_6907940295614233970_n.jpg?stp=dst-jpg_s200x200_tt6&#038;_nc_cat=111&#038;ccb=1-7&#038;_nc_sid=f907e8&#038;_nc_ohc=SM1wRlP3lJwQ7kNvwEPuBYA&#038;_nc_oc=AdnqrjDN_BNjSSHWO-GbkIWH6fkGMLw4bqvL_NH6e2wMveX7G-rP2dAqsDSq1mJMOaY&#038;_nc_zt=24&#038;_nc_ht=scontent-gig4-1.xx&#038;_nc_gid=AoBFJeGrT1hVaew_6rchkQ&#038;oh=00_AfX7QmFGhQhG2jAllVgXCiM1ZrWgvtp80-Bfppyexh1QEg&#038;oe=689E923C\" \/>\n\t\t<meta property=\"og:image:secure_url\" content=\"https:\/\/scontent-gig4-1.xx.fbcdn.net\/v\/t39.30808-1\/270437624_4564083193639691_6907940295614233970_n.jpg?stp=dst-jpg_s200x200_tt6&#038;_nc_cat=111&#038;ccb=1-7&#038;_nc_sid=f907e8&#038;_nc_ohc=SM1wRlP3lJwQ7kNvwEPuBYA&#038;_nc_oc=AdnqrjDN_BNjSSHWO-GbkIWH6fkGMLw4bqvL_NH6e2wMveX7G-rP2dAqsDSq1mJMOaY&#038;_nc_zt=24&#038;_nc_ht=scontent-gig4-1.xx&#038;_nc_gid=AoBFJeGrT1hVaew_6rchkQ&#038;oh=00_AfX7QmFGhQhG2jAllVgXCiM1ZrWgvtp80-Bfppyexh1QEg&#038;oe=689E923C\" \/>\n\t\t<meta property=\"article:published_time\" content=\"2017-08-18T17:09:45+00:00\" \/>\n\t\t<meta property=\"article:modified_time\" content=\"2017-08-18T17:09:45+00:00\" \/>\n\t\t<meta name=\"twitter:card\" content=\"summary_large_image\" \/>\n\t\t<meta name=\"twitter:title\" content=\"Laranjal realiza 29\u00aa Exposi\u00e7\u00e3o Agropecu\u00e1ria com shows nacionais - A Not\u00edcia Online\" \/>\n\t\t<meta name=\"twitter:description\" content=\"A cidade de Laranjal, situada a 35 km de Muria\u00e9, recebeu, entre os dias 10 e 13 de agosto, milhares de pessoas para a sua 29\u00aa Exposi\u00e7\u00e3o Agropecu\u00e1ria no Parque de Exposi\u00e7\u00f5es, onde o prefeito Sud\u00e1rio Amorim Carneiro recebeu deputados, prefeitos, autoridades civis, militares, pol\u00edticas e religiosas do munic\u00edpio e da regi\u00e3o. A abertura do\" \/>\n\t\t<meta name=\"twitter:image\" content=\"https:\/\/scontent-gig4-1.xx.fbcdn.net\/v\/t39.30808-1\/270437624_4564083193639691_6907940295614233970_n.jpg?stp=dst-jpg_s200x200_tt6&amp;_nc_cat=111&amp;ccb=1-7&amp;_nc_sid=f907e8&amp;_nc_ohc=SM1wRlP3lJwQ7kNvwEPuBYA&amp;_nc_oc=AdnqrjDN_BNjSSHWO-GbkIWH6fkGMLw4bqvL_NH6e2wMveX7G-rP2dAqsDSq1mJMOaY&amp;_nc_zt=24&amp;_nc_ht=scontent-gig4-1.xx&amp;_nc_gid=AoBFJeGrT1hVaew_6rchkQ&amp;oh=00_AfX7QmFGhQhG2jAllVgXCiM1ZrWgvtp80-Bfppyexh1QEg&amp;oe=689E923C\" \/>\n\t\t<script type=\"application\/ld+json\" class=\"aioseo-schema\">\n\t\t\t{\"@context\":\"https:\\\/\\\/schema.org\",\"@graph\":[{\"@type\":\"BlogPosting\",\"@id\":\"https:\\\/\\\/anoticiaonline.com.br\\\/site\\\/laranjal-realiza-29a-exposicao-agropecuaria-com-shows-nacionais\\\/#blogposting\",\"name\":\"Laranjal realiza 29\\u00aa Exposi\\u00e7\\u00e3o Agropecu\\u00e1ria com shows nacionais - A Not\\u00edcia Online\",\"headline\":\"Laranjal realiza 29\\u00aa Exposi\\u00e7\\u00e3o Agropecu\\u00e1ria com shows nacionais\",\"author\":{\"@id\":\"https:\\\/\\\/anoticiaonline.com.br\\\/site\\\/author\\\/juliana\\\/#author\"},\"publisher\":{\"@id\":\"https:\\\/\\\/anoticiaonline.com.br\\\/site\\\/#organization\"},\"image\":{\"@type\":\"ImageObject\",\"url\":\"https:\\\/\\\/anoticiaonline.com.br\\\/site\\\/wp-content\\\/uploads\\\/2017\\\/08\\\/DSC_0258.jpg\",\"width\":640,\"height\":427},\"datePublished\":\"2017-08-18T14:09:45-03:00\",\"dateModified\":\"2017-08-18T14:09:45-03:00\",\"inLanguage\":\"pt-BR\",\"mainEntityOfPage\":{\"@id\":\"https:\\\/\\\/anoticiaonline.com.br\\\/site\\\/laranjal-realiza-29a-exposicao-agropecuaria-com-shows-nacionais\\\/#webpage\"},\"isPartOf\":{\"@id\":\"https:\\\/\\\/anoticiaonline.com.br\\\/site\\\/laranjal-realiza-29a-exposicao-agropecuaria-com-shows-nacionais\\\/#webpage\"},\"articleSection\":\"Regi\\u00e3o, deputado estadual Fred Costa, deputado Tito Ribeiro, Donato &amp; Eduardo, exposi\\u00e7\\u00e3o agropecu\\u00e1ria, festa, Forroz\\u00e3o Os Brasas e Michele Freire, Gang Lex, Israel Novaes, Laranjal, Rayla Ara\\u00fajo, Sinta Liga, slide, Sud\\u00e1rio Amorim Carneiro, Vininho\"},{\"@type\":\"BreadcrumbList\",\"@id\":\"https:\\\/\\\/anoticiaonline.com.br\\\/site\\\/laranjal-realiza-29a-exposicao-agropecuaria-com-shows-nacionais\\\/#breadcrumblist\",\"itemListElement\":[{\"@type\":\"ListItem\",\"@id\":\"https:\\\/\\\/anoticiaonline.com.br\\\/site#listItem\",\"position\":1,\"name\":\"Home\",\"item\":\"https:\\\/\\\/anoticiaonline.com.br\\\/site\",\"nextItem\":{\"@type\":\"ListItem\",\"@id\":\"https:\\\/\\\/anoticiaonline.com.br\\\/site\\\/categoria\\\/regiao\\\/#listItem\",\"name\":\"Regi\\u00e3o\"}},{\"@type\":\"ListItem\",\"@id\":\"https:\\\/\\\/anoticiaonline.com.br\\\/site\\\/categoria\\\/regiao\\\/#listItem\",\"position\":2,\"name\":\"Regi\\u00e3o\",\"item\":\"https:\\\/\\\/anoticiaonline.com.br\\\/site\\\/categoria\\\/regiao\\\/\",\"nextItem\":{\"@type\":\"ListItem\",\"@id\":\"https:\\\/\\\/anoticiaonline.com.br\\\/site\\\/laranjal-realiza-29a-exposicao-agropecuaria-com-shows-nacionais\\\/#listItem\",\"name\":\"Laranjal realiza 29\\u00aa Exposi\\u00e7\\u00e3o Agropecu\\u00e1ria com shows nacionais\"},\"previousItem\":{\"@type\":\"ListItem\",\"@id\":\"https:\\\/\\\/anoticiaonline.com.br\\\/site#listItem\",\"name\":\"Home\"}},{\"@type\":\"ListItem\",\"@id\":\"https:\\\/\\\/anoticiaonline.com.br\\\/site\\\/laranjal-realiza-29a-exposicao-agropecuaria-com-shows-nacionais\\\/#listItem\",\"position\":3,\"name\":\"Laranjal realiza 29\\u00aa Exposi\\u00e7\\u00e3o Agropecu\\u00e1ria com shows nacionais\",\"previousItem\":{\"@type\":\"ListItem\",\"@id\":\"https:\\\/\\\/anoticiaonline.com.br\\\/site\\\/categoria\\\/regiao\\\/#listItem\",\"name\":\"Regi\\u00e3o\"}}]},{\"@type\":\"Organization\",\"@id\":\"https:\\\/\\\/anoticiaonline.com.br\\\/site\\\/#organization\",\"name\":\"A Not\\u00edcia Online\",\"description\":\"Noticias de Muria\\u00e9 e regi\\u00e3o\",\"url\":\"https:\\\/\\\/anoticiaonline.com.br\\\/site\\\/\",\"logo\":{\"@type\":\"ImageObject\",\"url\":\"https:\\\/\\\/scontent-gig4-1.xx.fbcdn.net\\\/v\\\/t39.30808-1\\\/270437624_4564083193639691_6907940295614233970_n.jpg?stp=dst-jpg_s200x200_tt6&_nc_cat=111&ccb=1-7&_nc_sid=f907e8&_nc_ohc=SM1wRlP3lJwQ7kNvwEPuBYA&_nc_oc=AdnqrjDN_BNjSSHWO-GbkIWH6fkGMLw4bqvL_NH6e2wMveX7G-rP2dAqsDSq1mJMOaY&_nc_zt=24&_nc_ht=scontent-gig4-1.xx&_nc_gid=AoBFJeGrT1hVaew_6rchkQ&oh=00_AfX7QmFGhQhG2jAllVgXCiM1ZrWgvtp80-Bfppyexh1QEg&oe=689E923C\",\"@id\":\"https:\\\/\\\/anoticiaonline.com.br\\\/site\\\/laranjal-realiza-29a-exposicao-agropecuaria-com-shows-nacionais\\\/#organizationLogo\"},\"image\":{\"@id\":\"https:\\\/\\\/anoticiaonline.com.br\\\/site\\\/laranjal-realiza-29a-exposicao-agropecuaria-com-shows-nacionais\\\/#organizationLogo\"}},{\"@type\":\"Person\",\"@id\":\"https:\\\/\\\/anoticiaonline.com.br\\\/site\\\/author\\\/juliana\\\/#author\",\"url\":\"https:\\\/\\\/anoticiaonline.com.br\\\/site\\\/author\\\/juliana\\\/\",\"name\":\"Juliana Laviola\",\"image\":{\"@type\":\"ImageObject\",\"@id\":\"https:\\\/\\\/anoticiaonline.com.br\\\/site\\\/laranjal-realiza-29a-exposicao-agropecuaria-com-shows-nacionais\\\/#authorImage\",\"url\":\"https:\\\/\\\/secure.gravatar.com\\\/avatar\\\/b8d45f5c699b100dfaf0e543582f38f38bf94cb7ae3a5e9abf8d891a34773335?s=96&d=mm&r=g\",\"width\":96,\"height\":96,\"caption\":\"Juliana Laviola\"}},{\"@type\":\"WebPage\",\"@id\":\"https:\\\/\\\/anoticiaonline.com.br\\\/site\\\/laranjal-realiza-29a-exposicao-agropecuaria-com-shows-nacionais\\\/#webpage\",\"url\":\"https:\\\/\\\/anoticiaonline.com.br\\\/site\\\/laranjal-realiza-29a-exposicao-agropecuaria-com-shows-nacionais\\\/\",\"name\":\"Laranjal realiza 29\\u00aa Exposi\\u00e7\\u00e3o Agropecu\\u00e1ria com shows nacionais - A Not\\u00edcia Online\",\"description\":\"A cidade de Laranjal, situada a 35 km de Muria\\u00e9, recebeu, entre os dias 10 e 13 de agosto, milhares de pessoas para a sua 29\\u00aa Exposi\\u00e7\\u00e3o Agropecu\\u00e1ria no Parque de Exposi\\u00e7\\u00f5es, onde o prefeito Sud\\u00e1rio Amorim Carneiro recebeu deputados, prefeitos, autoridades civis, militares, pol\\u00edticas e religiosas do munic\\u00edpio e da regi\\u00e3o. A abertura do\",\"inLanguage\":\"pt-BR\",\"isPartOf\":{\"@id\":\"https:\\\/\\\/anoticiaonline.com.br\\\/site\\\/#website\"},\"breadcrumb\":{\"@id\":\"https:\\\/\\\/anoticiaonline.com.br\\\/site\\\/laranjal-realiza-29a-exposicao-agropecuaria-com-shows-nacionais\\\/#breadcrumblist\"},\"author\":{\"@id\":\"https:\\\/\\\/anoticiaonline.com.br\\\/site\\\/author\\\/juliana\\\/#author\"},\"creator\":{\"@id\":\"https:\\\/\\\/anoticiaonline.com.br\\\/site\\\/author\\\/juliana\\\/#author\"},\"image\":{\"@type\":\"ImageObject\",\"url\":\"https:\\\/\\\/anoticiaonline.com.br\\\/site\\\/wp-content\\\/uploads\\\/2017\\\/08\\\/DSC_0258.jpg\",\"@id\":\"https:\\\/\\\/anoticiaonline.com.br\\\/site\\\/laranjal-realiza-29a-exposicao-agropecuaria-com-shows-nacionais\\\/#mainImage\",\"width\":640,\"height\":427},\"primaryImageOfPage\":{\"@id\":\"https:\\\/\\\/anoticiaonline.com.br\\\/site\\\/laranjal-realiza-29a-exposicao-agropecuaria-com-shows-nacionais\\\/#mainImage\"},\"datePublished\":\"2017-08-18T14:09:45-03:00\",\"dateModified\":\"2017-08-18T14:09:45-03:00\"},{\"@type\":\"WebSite\",\"@id\":\"https:\\\/\\\/anoticiaonline.com.br\\\/site\\\/#website\",\"url\":\"https:\\\/\\\/anoticiaonline.com.br\\\/site\\\/\",\"name\":\"A Not\\u00edcia Online\",\"description\":\"Noticias de Muria\\u00e9 e regi\\u00e3o\",\"inLanguage\":\"pt-BR\",\"publisher\":{\"@id\":\"https:\\\/\\\/anoticiaonline.com.br\\\/site\\\/#organization\"}}]}\n\t\t<\/script>\n\t\t<!-- All in One SEO -->\n\n","aioseo_head_json":{"title":"Laranjal realiza 29\u00aa Exposi\u00e7\u00e3o Agropecu\u00e1ria com shows nacionais - A Not\u00edcia Online","description":"A cidade de Laranjal, situada a 35 km de Muria\u00e9, recebeu, entre os dias 10 e 13 de agosto, milhares de pessoas para a sua 29\u00aa Exposi\u00e7\u00e3o Agropecu\u00e1ria no Parque de Exposi\u00e7\u00f5es, onde o prefeito Sud\u00e1rio Amorim Carneiro recebeu deputados, prefeitos, autoridades civis, militares, pol\u00edticas e religiosas do munic\u00edpio e da regi\u00e3o. A abertura do","canonical_url":"https:\/\/anoticiaonline.com.br\/site\/laranjal-realiza-29a-exposicao-agropecuaria-com-shows-nacionais\/","robots":"max-image-preview:large","keywords":"","webmasterTools":{"miscellaneous":""},"schema":{"@context":"https:\/\/schema.org","@graph":[{"@type":"BlogPosting","@id":"https:\/\/anoticiaonline.com.br\/site\/laranjal-realiza-29a-exposicao-agropecuaria-com-shows-nacionais\/#blogposting","name":"Laranjal realiza 29\u00aa Exposi\u00e7\u00e3o Agropecu\u00e1ria com shows nacionais - A Not\u00edcia Online","headline":"Laranjal realiza 29\u00aa Exposi\u00e7\u00e3o Agropecu\u00e1ria com shows nacionais","author":{"@id":"https:\/\/anoticiaonline.com.br\/site\/author\/juliana\/#author"},"publisher":{"@id":"https:\/\/anoticiaonline.com.br\/site\/#organization"},"image":{"@type":"ImageObject","url":"https:\/\/anoticiaonline.com.br\/site\/wp-content\/uploads\/2017\/08\/DSC_0258.jpg","width":640,"height":427},"datePublished":"2017-08-18T14:09:45-03:00","dateModified":"2017-08-18T14:09:45-03:00","inLanguage":"pt-BR","mainEntityOfPage":{"@id":"https:\/\/anoticiaonline.com.br\/site\/laranjal-realiza-29a-exposicao-agropecuaria-com-shows-nacionais\/#webpage"},"isPartOf":{"@id":"https:\/\/anoticiaonline.com.br\/site\/laranjal-realiza-29a-exposicao-agropecuaria-com-shows-nacionais\/#webpage"},"articleSection":"Regi\u00e3o, deputado estadual Fred Costa, deputado Tito Ribeiro, Donato &amp; Eduardo, exposi\u00e7\u00e3o agropecu\u00e1ria, festa, Forroz\u00e3o Os Brasas e Michele Freire, Gang Lex, Israel Novaes, Laranjal, Rayla Ara\u00fajo, Sinta Liga, slide, Sud\u00e1rio Amorim Carneiro, Vininho"},{"@type":"BreadcrumbList","@id":"https:\/\/anoticiaonline.com.br\/site\/laranjal-realiza-29a-exposicao-agropecuaria-com-shows-nacionais\/#breadcrumblist","itemListElement":[{"@type":"ListItem","@id":"https:\/\/anoticiaonline.com.br\/site#listItem","position":1,"name":"Home","item":"https:\/\/anoticiaonline.com.br\/site","nextItem":{"@type":"ListItem","@id":"https:\/\/anoticiaonline.com.br\/site\/categoria\/regiao\/#listItem","name":"Regi\u00e3o"}},{"@type":"ListItem","@id":"https:\/\/anoticiaonline.com.br\/site\/categoria\/regiao\/#listItem","position":2,"name":"Regi\u00e3o","item":"https:\/\/anoticiaonline.com.br\/site\/categoria\/regiao\/","nextItem":{"@type":"ListItem","@id":"https:\/\/anoticiaonline.com.br\/site\/laranjal-realiza-29a-exposicao-agropecuaria-com-shows-nacionais\/#listItem","name":"Laranjal realiza 29\u00aa Exposi\u00e7\u00e3o Agropecu\u00e1ria com shows nacionais"},"previousItem":{"@type":"ListItem","@id":"https:\/\/anoticiaonline.com.br\/site#listItem","name":"Home"}},{"@type":"ListItem","@id":"https:\/\/anoticiaonline.com.br\/site\/laranjal-realiza-29a-exposicao-agropecuaria-com-shows-nacionais\/#listItem","position":3,"name":"Laranjal realiza 29\u00aa Exposi\u00e7\u00e3o Agropecu\u00e1ria com shows nacionais","previousItem":{"@type":"ListItem","@id":"https:\/\/anoticiaonline.com.br\/site\/categoria\/regiao\/#listItem","name":"Regi\u00e3o"}}]},{"@type":"Organization","@id":"https:\/\/anoticiaonline.com.br\/site\/#organization","name":"A Not\u00edcia Online","description":"Noticias de Muria\u00e9 e regi\u00e3o","url":"https:\/\/anoticiaonline.com.br\/site\/","logo":{"@type":"ImageObject","url":"https:\/\/scontent-gig4-1.xx.fbcdn.net\/v\/t39.30808-1\/270437624_4564083193639691_6907940295614233970_n.jpg?stp=dst-jpg_s200x200_tt6&_nc_cat=111&ccb=1-7&_nc_sid=f907e8&_nc_ohc=SM1wRlP3lJwQ7kNvwEPuBYA&_nc_oc=AdnqrjDN_BNjSSHWO-GbkIWH6fkGMLw4bqvL_NH6e2wMveX7G-rP2dAqsDSq1mJMOaY&_nc_zt=24&_nc_ht=scontent-gig4-1.xx&_nc_gid=AoBFJeGrT1hVaew_6rchkQ&oh=00_AfX7QmFGhQhG2jAllVgXCiM1ZrWgvtp80-Bfppyexh1QEg&oe=689E923C","@id":"https:\/\/anoticiaonline.com.br\/site\/laranjal-realiza-29a-exposicao-agropecuaria-com-shows-nacionais\/#organizationLogo"},"image":{"@id":"https:\/\/anoticiaonline.com.br\/site\/laranjal-realiza-29a-exposicao-agropecuaria-com-shows-nacionais\/#organizationLogo"}},{"@type":"Person","@id":"https:\/\/anoticiaonline.com.br\/site\/author\/juliana\/#author","url":"https:\/\/anoticiaonline.com.br\/site\/author\/juliana\/","name":"Juliana Laviola","image":{"@type":"ImageObject","@id":"https:\/\/anoticiaonline.com.br\/site\/laranjal-realiza-29a-exposicao-agropecuaria-com-shows-nacionais\/#authorImage","url":"https:\/\/secure.gravatar.com\/avatar\/b8d45f5c699b100dfaf0e543582f38f38bf94cb7ae3a5e9abf8d891a34773335?s=96&d=mm&r=g","width":96,"height":96,"caption":"Juliana Laviola"}},{"@type":"WebPage","@id":"https:\/\/anoticiaonline.com.br\/site\/laranjal-realiza-29a-exposicao-agropecuaria-com-shows-nacionais\/#webpage","url":"https:\/\/anoticiaonline.com.br\/site\/laranjal-realiza-29a-exposicao-agropecuaria-com-shows-nacionais\/","name":"Laranjal realiza 29\u00aa Exposi\u00e7\u00e3o Agropecu\u00e1ria com shows nacionais - A Not\u00edcia Online","description":"A cidade de Laranjal, situada a 35 km de Muria\u00e9, recebeu, entre os dias 10 e 13 de agosto, milhares de pessoas para a sua 29\u00aa Exposi\u00e7\u00e3o Agropecu\u00e1ria no Parque de Exposi\u00e7\u00f5es, onde o prefeito Sud\u00e1rio Amorim Carneiro recebeu deputados, prefeitos, autoridades civis, militares, pol\u00edticas e religiosas do munic\u00edpio e da regi\u00e3o. A abertura do","inLanguage":"pt-BR","isPartOf":{"@id":"https:\/\/anoticiaonline.com.br\/site\/#website"},"breadcrumb":{"@id":"https:\/\/anoticiaonline.com.br\/site\/laranjal-realiza-29a-exposicao-agropecuaria-com-shows-nacionais\/#breadcrumblist"},"author":{"@id":"https:\/\/anoticiaonline.com.br\/site\/author\/juliana\/#author"},"creator":{"@id":"https:\/\/anoticiaonline.com.br\/site\/author\/juliana\/#author"},"image":{"@type":"ImageObject","url":"https:\/\/anoticiaonline.com.br\/site\/wp-content\/uploads\/2017\/08\/DSC_0258.jpg","@id":"https:\/\/anoticiaonline.com.br\/site\/laranjal-realiza-29a-exposicao-agropecuaria-com-shows-nacionais\/#mainImage","width":640,"height":427},"primaryImageOfPage":{"@id":"https:\/\/anoticiaonline.com.br\/site\/laranjal-realiza-29a-exposicao-agropecuaria-com-shows-nacionais\/#mainImage"},"datePublished":"2017-08-18T14:09:45-03:00","dateModified":"2017-08-18T14:09:45-03:00"},{"@type":"WebSite","@id":"https:\/\/anoticiaonline.com.br\/site\/#website","url":"https:\/\/anoticiaonline.com.br\/site\/","name":"A Not\u00edcia Online","description":"Noticias de Muria\u00e9 e regi\u00e3o","inLanguage":"pt-BR","publisher":{"@id":"https:\/\/anoticiaonline.com.br\/site\/#organization"}}]},"og:locale":"pt_BR","og:site_name":"A Not\u00edcia Online - Noticias de Muria\u00e9 e regi\u00e3o","og:type":"article","og:title":"Laranjal realiza 29\u00aa Exposi\u00e7\u00e3o Agropecu\u00e1ria com shows nacionais - A Not\u00edcia Online","og:description":"A cidade de Laranjal, situada a 35 km de Muria\u00e9, recebeu, entre os dias 10 e 13 de agosto, milhares de pessoas para a sua 29\u00aa Exposi\u00e7\u00e3o Agropecu\u00e1ria no Parque de Exposi\u00e7\u00f5es, onde o prefeito Sud\u00e1rio Amorim Carneiro recebeu deputados, prefeitos, autoridades civis, militares, pol\u00edticas e religiosas do munic\u00edpio e da regi\u00e3o. A abertura do","og:url":"https:\/\/anoticiaonline.com.br\/site\/laranjal-realiza-29a-exposicao-agropecuaria-com-shows-nacionais\/","og:image":"https:\/\/scontent-gig4-1.xx.fbcdn.net\/v\/t39.30808-1\/270437624_4564083193639691_6907940295614233970_n.jpg?stp=dst-jpg_s200x200_tt6&#038;_nc_cat=111&#038;ccb=1-7&#038;_nc_sid=f907e8&#038;_nc_ohc=SM1wRlP3lJwQ7kNvwEPuBYA&#038;_nc_oc=AdnqrjDN_BNjSSHWO-GbkIWH6fkGMLw4bqvL_NH6e2wMveX7G-rP2dAqsDSq1mJMOaY&#038;_nc_zt=24&#038;_nc_ht=scontent-gig4-1.xx&#038;_nc_gid=AoBFJeGrT1hVaew_6rchkQ&#038;oh=00_AfX7QmFGhQhG2jAllVgXCiM1ZrWgvtp80-Bfppyexh1QEg&#038;oe=689E923C","og:image:secure_url":"https:\/\/scontent-gig4-1.xx.fbcdn.net\/v\/t39.30808-1\/270437624_4564083193639691_6907940295614233970_n.jpg?stp=dst-jpg_s200x200_tt6&#038;_nc_cat=111&#038;ccb=1-7&#038;_nc_sid=f907e8&#038;_nc_ohc=SM1wRlP3lJwQ7kNvwEPuBYA&#038;_nc_oc=AdnqrjDN_BNjSSHWO-GbkIWH6fkGMLw4bqvL_NH6e2wMveX7G-rP2dAqsDSq1mJMOaY&#038;_nc_zt=24&#038;_nc_ht=scontent-gig4-1.xx&#038;_nc_gid=AoBFJeGrT1hVaew_6rchkQ&#038;oh=00_AfX7QmFGhQhG2jAllVgXCiM1ZrWgvtp80-Bfppyexh1QEg&#038;oe=689E923C","article:published_time":"2017-08-18T17:09:45+00:00","article:modified_time":"2017-08-18T17:09:45+00:00","twitter:card":"summary_large_image","twitter:title":"Laranjal realiza 29\u00aa Exposi\u00e7\u00e3o Agropecu\u00e1ria com shows nacionais - A Not\u00edcia Online","twitter:description":"A cidade de Laranjal, situada a 35 km de Muria\u00e9, recebeu, entre os dias 10 e 13 de agosto, milhares de pessoas para a sua 29\u00aa Exposi\u00e7\u00e3o Agropecu\u00e1ria no Parque de Exposi\u00e7\u00f5es, onde o prefeito Sud\u00e1rio Amorim Carneiro recebeu deputados, prefeitos, autoridades civis, militares, pol\u00edticas e religiosas do munic\u00edpio e da regi\u00e3o. A abertura do","twitter:image":"https:\/\/scontent-gig4-1.xx.fbcdn.net\/v\/t39.30808-1\/270437624_4564083193639691_6907940295614233970_n.jpg?stp=dst-jpg_s200x200_tt6&_nc_cat=111&ccb=1-7&_nc_sid=f907e8&_nc_ohc=SM1wRlP3lJwQ7kNvwEPuBYA&_nc_oc=AdnqrjDN_BNjSSHWO-GbkIWH6fkGMLw4bqvL_NH6e2wMveX7G-rP2dAqsDSq1mJMOaY&_nc_zt=24&_nc_ht=scontent-gig4-1.xx&_nc_gid=AoBFJeGrT1hVaew_6rchkQ&oh=00_AfX7QmFGhQhG2jAllVgXCiM1ZrWgvtp80-Bfppyexh1QEg&oe=689E923C"},"aioseo_meta_data":{"post_id":"38389","title":null,"description":null,"keywords":null,"keyphrases":null,"primary_term":null,"canonical_url":null,"og_title":null,"og_description":null,"og_object_type":"default","og_image_type":"default","og_image_url":null,"og_image_width":null,"og_image_height":null,"og_image_custom_url":null,"og_image_custom_fields":null,"og_video":null,"og_custom_url":null,"og_article_section":null,"og_article_tags":null,"twitter_use_og":false,"twitter_card":"default","twitter_image_type":"default","twitter_image_url":null,"twitter_image_custom_url":null,"twitter_image_custom_fields":null,"twitter_title":null,"twitter_description":null,"schema":{"blockGraphs":[],"customGraphs":[],"default":{"data":{"Article":[],"Course":[],"Dataset":[],"FAQPage":[],"Movie":[],"Person":[],"Product":[],"ProductReview":[],"Car":[],"Recipe":[],"Service":[],"SoftwareApplication":[],"WebPage":[]},"graphName":"","isEnabled":true},"graphs":[]},"schema_type":"default","schema_type_options":null,"pillar_content":false,"robots_default":true,"robots_noindex":false,"robots_noarchive":false,"robots_nosnippet":false,"robots_nofollow":false,"robots_noimageindex":false,"robots_noodp":false,"robots_notranslate":false,"robots_max_snippet":null,"robots_max_videopreview":null,"robots_max_imagepreview":"large","priority":null,"frequency":null,"local_seo":null,"breadcrumb_settings":null,"limit_modified_date":false,"ai":null,"created":"2025-08-16 19:19:25","updated":"2025-08-16 19:19:25","focus_keyword":null,"additional_keywords":null,"truseo_locale":null,"seo_analyzer_scan_date":null},"aioseo_breadcrumb":"<div class=\"aioseo-breadcrumbs\"><span class=\"aioseo-breadcrumb\">\n\t\t\t<a href=\"https:\/\/anoticiaonline.com.br\/site\" title=\"Home\">Home<\/a>\n\t\t<\/span><span class=\"aioseo-breadcrumb-separator\">&raquo;<\/span><span class=\"aioseo-breadcrumb\">\n\t\t\t<a href=\"https:\/\/anoticiaonline.com.br\/site\/categoria\/regiao\/\" title=\"Regi\u00e3o\">Regi\u00e3o<\/a>\n\t\t<\/span><span class=\"aioseo-breadcrumb-separator\">&raquo;<\/span><span class=\"aioseo-breadcrumb\">\n\t\t\tLaranjal realiza 29\u00aa Exposi\u00e7\u00e3o Agropecu\u00e1ria com shows nacionais\n\t\t<\/span><\/div>","aioseo_breadcrumb_json":[{"label":"Home","link":"https:\/\/anoticiaonline.com.br\/site"},{"label":"Regi\u00e3o","link":"https:\/\/anoticiaonline.com.br\/site\/categoria\/regiao\/"},{"label":"Laranjal realiza 29\u00aa Exposi\u00e7\u00e3o Agropecu\u00e1ria com shows nacionais","link":"https:\/\/anoticiaonline.com.br\/site\/laranjal-realiza-29a-exposicao-agropecuaria-com-shows-nacionais\/"}],"views":174,"_links":{"self":[{"href":"https:\/\/anoticiaonline.com.br\/site\/wp-json\/wp\/v2\/posts\/38389","targetHints":{"allow":["GET"]}}],"collection":[{"href":"https:\/\/anoticiaonline.com.br\/site\/wp-json\/wp\/v2\/posts"}],"about":[{"href":"https:\/\/anoticiaonline.com.br\/site\/wp-json\/wp\/v2\/types\/post"}],"author":[{"embeddable":true,"href":"https:\/\/anoticiaonline.com.br\/site\/wp-json\/wp\/v2\/users\/2"}],"replies":[{"embeddable":true,"href":"https:\/\/anoticiaonline.com.br\/site\/wp-json\/wp\/v2\/comments?post=38389"}],"version-history":[{"count":0,"href":"https:\/\/anoticiaonline.com.br\/site\/wp-json\/wp\/v2\/posts\/38389\/revisions"}],"wp:featuredmedia":[{"embeddable":true,"href":"https:\/\/anoticiaonline.com.br\/site\/wp-json\/wp\/v2\/media\/38473"}],"wp:attachment":[{"href":"https:\/\/anoticiaonline.com.br\/site\/wp-json\/wp\/v2\/media?parent=38389"}],"wp:term":[{"taxonomy":"category","embeddable":true,"href":"https:\/\/anoticiaonline.com.br\/site\/wp-json\/wp\/v2\/categories?post=38389"},{"taxonomy":"post_tag","embeddable":true,"href":"https:\/\/anoticiaonline.com.br\/site\/wp-json\/wp\/v2\/tags?post=38389"}],"curies":[{"name":"wp","href":"https:\/\/api.w.org\/{rel}","templated":true}]}}