{"id":38368,"date":"2017-08-19T13:50:27","date_gmt":"2017-08-19T16:50:27","guid":{"rendered":"http:\/\/anoticiaonline.com.br\/site\/?p=38368"},"modified":"2017-08-18T14:07:39","modified_gmt":"2017-08-18T17:07:39","slug":"oab-de-muriae-promove-baile-no-dia-do-advogado","status":"publish","type":"post","link":"https:\/\/anoticiaonline.com.br\/site\/oab-de-muriae-promove-baile-no-dia-do-advogado\/","title":{"rendered":"OAB de Muria\u00e9 promove baile no Dia do Advogado"},"content":{"rendered":"<p><a href=\"https:\/\/anoticiaonline.com.br\/site\/wp-content\/uploads\/2017\/08\/DSC_0132.jpg\"><img fetchpriority=\"high\" decoding=\"async\" class=\"alignleft size-medium wp-image-38370\" src=\"https:\/\/anoticiaonline.com.br\/site\/wp-content\/uploads\/2017\/08\/DSC_0132-300x200.jpg\" alt=\"\" width=\"300\" height=\"200\" srcset=\"https:\/\/anoticiaonline.com.br\/site\/wp-content\/uploads\/2017\/08\/DSC_0132-300x200.jpg 300w, https:\/\/anoticiaonline.com.br\/site\/wp-content\/uploads\/2017\/08\/DSC_0132-290x192.jpg 290w, https:\/\/anoticiaonline.com.br\/site\/wp-content\/uploads\/2017\/08\/DSC_0132.jpg 640w\" sizes=\"(max-width: 300px) 100vw, 300px\" \/><\/a><a href=\"https:\/\/anoticiaonline.com.br\/site\/wp-content\/uploads\/2017\/08\/DSC_0022.jpg\"><img decoding=\"async\" class=\"alignleft size-medium wp-image-38369\" src=\"https:\/\/anoticiaonline.com.br\/site\/wp-content\/uploads\/2017\/08\/DSC_0022-300x200.jpg\" alt=\"\" width=\"300\" height=\"200\" srcset=\"https:\/\/anoticiaonline.com.br\/site\/wp-content\/uploads\/2017\/08\/DSC_0022-300x200.jpg 300w, https:\/\/anoticiaonline.com.br\/site\/wp-content\/uploads\/2017\/08\/DSC_0022-290x192.jpg 290w, https:\/\/anoticiaonline.com.br\/site\/wp-content\/uploads\/2017\/08\/DSC_0022.jpg 640w\" sizes=\"(max-width: 300px) 100vw, 300px\" \/><\/a> <a href=\"https:\/\/anoticiaonline.com.br\/site\/wp-content\/uploads\/2017\/08\/DSC_0254.jpg\"><img decoding=\"async\" class=\"alignleft size-medium wp-image-38371\" src=\"https:\/\/anoticiaonline.com.br\/site\/wp-content\/uploads\/2017\/08\/DSC_0254-300x200.jpg\" alt=\"\" width=\"300\" height=\"200\" srcset=\"https:\/\/anoticiaonline.com.br\/site\/wp-content\/uploads\/2017\/08\/DSC_0254-300x200.jpg 300w, https:\/\/anoticiaonline.com.br\/site\/wp-content\/uploads\/2017\/08\/DSC_0254-290x192.jpg 290w, https:\/\/anoticiaonline.com.br\/site\/wp-content\/uploads\/2017\/08\/DSC_0254.jpg 640w\" sizes=\"(max-width: 300px) 100vw, 300px\" \/><\/a>A 36\u00aa Subse\u00e7\u00e3o da Ordem dos Advogados do Brasil (OAB\/MG) promoveu um baile de gala, na noite de sexta-feira (11), para comemorar o Dia do Advogado. O evento que reuniu uma grande quantidade de advogados aconteceu na AABB e contou com apresenta\u00e7\u00e3o da banda Marofagy e do DJ Luiz Cl\u00e1udio.<\/p>\n<p>O presidente da 36\u00aa subse\u00e7\u00e3o da OAB\/MG, o advogado Paulo S\u00e9rgio Pires do Amaral, disse que o baile foi o encerramento de uma programa\u00e7\u00e3o que se estendeu durante toda semana, que teve in\u00edcio com uma missa na Matriz S\u00e3o Paulo e cultos em A\u00e7\u00e3o de Gra\u00e7as na Casa de Ora\u00e7\u00e3o e na Igreja Maranata, al\u00e9m de palestras, homenagens e a inaugura\u00e7\u00e3o da Sala do Advogado na comarca da cidade vizinha de Eugen\u00f3polis.<\/p>\n<p>\u201cEste ano, com a ajuda de nossa atuante diretoria, tivemos uma programa\u00e7\u00e3o ampla que atendeu todos os representantes da classe. Este baile \u00e9 a coroa\u00e7\u00e3o de uma semana produtiva com aprimoramento cient\u00edfico. Aproveito o momento para agradecer \u00e0 diretoria da OAB; ao Centro Universit\u00e1rio UNIFAMINAS, que foi nosso parceiro durante esta semana; e \u00e0 advogada Graziela Machado Porcaro de Almeida, que coordenou esta festa e permitiu que ela fosse poss\u00edvel\u201d, contou.<\/p>\n<p><strong>Palestras e homenageados \u2013<\/strong> Em virtude do Dia do Advogado, a 36\u00aa Subse\u00e7\u00e3o da OAB\/MG e o Centro Universit\u00e1rio UNIFAMINAS promoveram palestras e homenagearam profissionais do Direito que se destacaram ao longo dos anos.<\/p>\n<p>Os homenageados foram: Newton Freitas Silva de Resende, que recebeu a medalha Dr. Jarbas Ladeira; o Advogado do Ano, Jecy Ant\u00f4nio Fogal, que recebeu o Trof\u00e9u H\u00e9lio Abelardo de Barros Tostes; a advogada L\u00edgia D\u2019\u00c1vila Siqueira que recebeu uma homenagem p\u00f3stuma ao advogado Bruno Villas Siqueira; e, com o t\u00edtulo de Serventu\u00e1rio do Ano, o bacharel Joaquim dos Santos Pedrosa Portes.<\/p>\n<p>As palestras ministradas foram: Colabora\u00e7\u00e3o Premiada &#8211; Feita pelo procurador de Justi\u00e7a do Minist\u00e9rio P\u00fablico do Estado de Minas Gerais, Dr. Rog\u00e9rio Filipetto de Oliveira, que aconteceu na quinta-feira (10); O \u201cSistema de Precedentes no Brasil e sua rela\u00e7\u00e3o com o Contradit\u00f3rio Din\u00e2mico. Estamos fazendo a coisa certa?\u201d, ministrada por Luiz Gustavo Levate, professor e procurador do munic\u00edpio de Belo Horizonte; e \u201cO Marco Regulat\u00f3rio da Educa\u00e7\u00e3o Jur\u00eddica Brasileira\u201d, feita por Tarcizo Roberto Nascimento, professor e gerente das Comiss\u00f5es do Conselho Federal da OAB, que aconteceram na sexta-feira (11).<\/p>\n<p><img decoding=\"async\" class=\"ngg_displayed_gallery mceItem\" src=\"https:\/\/anoticiaonline.com.br\/site\/nextgen-attach_to_post\/preview\/id--38551\" \/><\/p>\n","protected":false},"excerpt":{"rendered":"<p>A 36\u00aa Subse\u00e7\u00e3o da Ordem dos Advogados do Brasil (OAB\/MG) promoveu um baile de gala, na noite de sexta-feira (11), para comemorar o Dia do Advogado. O evento que reuniu uma grande quantidade de advogados aconteceu na AABB e contou com apresenta\u00e7\u00e3o da banda Marofagy e do DJ Luiz Cl\u00e1udio. O presidente da 36\u00aa subse\u00e7\u00e3o &#8230; <a title=\"OAB de Muria\u00e9 promove baile no Dia do Advogado\" class=\"read-more\" href=\"https:\/\/anoticiaonline.com.br\/site\/oab-de-muriae-promove-baile-no-dia-do-advogado\/\" aria-label=\"Read more about OAB de Muria\u00e9 promove baile no Dia do Advogado\">Ler mais<\/a><\/p>\n","protected":false},"author":2,"featured_media":38371,"comment_status":"open","ping_status":"open","sticky":false,"template":"","format":"standard","meta":{"_acf_changed":false,"_monsterinsights_skip_tracking":false,"footnotes":""},"categories":[1],"tags":[932,843,933,858,837,3,48],"class_list":["post-38368","post","type-post","status-publish","format-standard","has-post-thumbnail","hentry","category-gerais","tag-36a-subsecao-da-oabmg","tag-36a-subsecao-da-ordem-dos-advogados-do-brasil","tag-aabb","tag-marofagy","tag-oab","tag-slide","tag-unifaminas"],"acf":[],"aioseo_notices":[],"aioseo_head":"\n\t\t<!-- All in One SEO 5.0.0.1 - aioseo.com -->\n\t<meta name=\"description\" content=\"A 36\u00aa Subse\u00e7\u00e3o da Ordem dos Advogados do Brasil (OAB\/MG) promoveu um baile de gala, na noite de sexta-feira (11), para comemorar o Dia do Advogado. O evento que reuniu uma grande quantidade de advogados aconteceu na AABB e contou com apresenta\u00e7\u00e3o da banda Marofagy e do DJ Luiz Cl\u00e1udio. O presidente da 36\u00aa subse\u00e7\u00e3o\" \/>\n\t<meta name=\"robots\" content=\"max-image-preview:large\" \/>\n\t<meta name=\"author\" content=\"Juliana Laviola\"\/>\n\t<link rel=\"canonical\" href=\"https:\/\/anoticiaonline.com.br\/site\/oab-de-muriae-promove-baile-no-dia-do-advogado\/\" \/>\n\t<meta name=\"generator\" content=\"All in One SEO (AIOSEO) 5.0.0.1\" \/>\n\t\t<meta property=\"og:locale\" content=\"pt_BR\" \/>\n\t\t<meta property=\"og:site_name\" content=\"A Not\u00edcia Online - Noticias de Muria\u00e9 e regi\u00e3o\" \/>\n\t\t<meta property=\"og:type\" content=\"article\" \/>\n\t\t<meta property=\"og:title\" content=\"OAB de Muria\u00e9 promove baile no Dia do Advogado - A Not\u00edcia Online\" \/>\n\t\t<meta property=\"og:description\" content=\"A 36\u00aa Subse\u00e7\u00e3o da Ordem dos Advogados do Brasil (OAB\/MG) promoveu um baile de gala, na noite de sexta-feira (11), para comemorar o Dia do Advogado. O evento que reuniu uma grande quantidade de advogados aconteceu na AABB e contou com apresenta\u00e7\u00e3o da banda Marofagy e do DJ Luiz Cl\u00e1udio. O presidente da 36\u00aa subse\u00e7\u00e3o\" \/>\n\t\t<meta property=\"og:url\" content=\"https:\/\/anoticiaonline.com.br\/site\/oab-de-muriae-promove-baile-no-dia-do-advogado\/\" \/>\n\t\t<meta property=\"og:image\" content=\"https:\/\/scontent-gig4-1.xx.fbcdn.net\/v\/t39.30808-1\/270437624_4564083193639691_6907940295614233970_n.jpg?stp=dst-jpg_s200x200_tt6&#038;_nc_cat=111&#038;ccb=1-7&#038;_nc_sid=f907e8&#038;_nc_ohc=SM1wRlP3lJwQ7kNvwEPuBYA&#038;_nc_oc=AdnqrjDN_BNjSSHWO-GbkIWH6fkGMLw4bqvL_NH6e2wMveX7G-rP2dAqsDSq1mJMOaY&#038;_nc_zt=24&#038;_nc_ht=scontent-gig4-1.xx&#038;_nc_gid=AoBFJeGrT1hVaew_6rchkQ&#038;oh=00_AfX7QmFGhQhG2jAllVgXCiM1ZrWgvtp80-Bfppyexh1QEg&#038;oe=689E923C\" \/>\n\t\t<meta property=\"og:image:secure_url\" content=\"https:\/\/scontent-gig4-1.xx.fbcdn.net\/v\/t39.30808-1\/270437624_4564083193639691_6907940295614233970_n.jpg?stp=dst-jpg_s200x200_tt6&#038;_nc_cat=111&#038;ccb=1-7&#038;_nc_sid=f907e8&#038;_nc_ohc=SM1wRlP3lJwQ7kNvwEPuBYA&#038;_nc_oc=AdnqrjDN_BNjSSHWO-GbkIWH6fkGMLw4bqvL_NH6e2wMveX7G-rP2dAqsDSq1mJMOaY&#038;_nc_zt=24&#038;_nc_ht=scontent-gig4-1.xx&#038;_nc_gid=AoBFJeGrT1hVaew_6rchkQ&#038;oh=00_AfX7QmFGhQhG2jAllVgXCiM1ZrWgvtp80-Bfppyexh1QEg&#038;oe=689E923C\" \/>\n\t\t<meta property=\"article:published_time\" content=\"2017-08-19T16:50:27+00:00\" \/>\n\t\t<meta property=\"article:modified_time\" content=\"2017-08-18T17:07:39+00:00\" \/>\n\t\t<meta name=\"twitter:card\" content=\"summary_large_image\" \/>\n\t\t<meta name=\"twitter:title\" content=\"OAB de Muria\u00e9 promove baile no Dia do Advogado - A Not\u00edcia Online\" \/>\n\t\t<meta name=\"twitter:description\" content=\"A 36\u00aa Subse\u00e7\u00e3o da Ordem dos Advogados do Brasil (OAB\/MG) promoveu um baile de gala, na noite de sexta-feira (11), para comemorar o Dia do Advogado. O evento que reuniu uma grande quantidade de advogados aconteceu na AABB e contou com apresenta\u00e7\u00e3o da banda Marofagy e do DJ Luiz Cl\u00e1udio. O presidente da 36\u00aa subse\u00e7\u00e3o\" \/>\n\t\t<meta name=\"twitter:image\" content=\"https:\/\/scontent-gig4-1.xx.fbcdn.net\/v\/t39.30808-1\/270437624_4564083193639691_6907940295614233970_n.jpg?stp=dst-jpg_s200x200_tt6&amp;_nc_cat=111&amp;ccb=1-7&amp;_nc_sid=f907e8&amp;_nc_ohc=SM1wRlP3lJwQ7kNvwEPuBYA&amp;_nc_oc=AdnqrjDN_BNjSSHWO-GbkIWH6fkGMLw4bqvL_NH6e2wMveX7G-rP2dAqsDSq1mJMOaY&amp;_nc_zt=24&amp;_nc_ht=scontent-gig4-1.xx&amp;_nc_gid=AoBFJeGrT1hVaew_6rchkQ&amp;oh=00_AfX7QmFGhQhG2jAllVgXCiM1ZrWgvtp80-Bfppyexh1QEg&amp;oe=689E923C\" \/>\n\t\t<script type=\"application\/ld+json\" class=\"aioseo-schema\">\n\t\t\t{\"@context\":\"https:\\\/\\\/schema.org\",\"@graph\":[{\"@type\":\"BlogPosting\",\"@id\":\"https:\\\/\\\/anoticiaonline.com.br\\\/site\\\/oab-de-muriae-promove-baile-no-dia-do-advogado\\\/#blogposting\",\"name\":\"OAB de Muria\\u00e9 promove baile no Dia do Advogado - A Not\\u00edcia Online\",\"headline\":\"OAB de Muria\\u00e9 promove baile no Dia do Advogado\",\"author\":{\"@id\":\"https:\\\/\\\/anoticiaonline.com.br\\\/site\\\/author\\\/juliana\\\/#author\"},\"publisher\":{\"@id\":\"https:\\\/\\\/anoticiaonline.com.br\\\/site\\\/#organization\"},\"image\":{\"@type\":\"ImageObject\",\"url\":\"https:\\\/\\\/anoticiaonline.com.br\\\/site\\\/wp-content\\\/uploads\\\/2017\\\/08\\\/DSC_0254.jpg\",\"width\":640,\"height\":426},\"datePublished\":\"2017-08-19T13:50:27-03:00\",\"dateModified\":\"2017-08-18T14:07:39-03:00\",\"inLanguage\":\"pt-BR\",\"mainEntityOfPage\":{\"@id\":\"https:\\\/\\\/anoticiaonline.com.br\\\/site\\\/oab-de-muriae-promove-baile-no-dia-do-advogado\\\/#webpage\"},\"isPartOf\":{\"@id\":\"https:\\\/\\\/anoticiaonline.com.br\\\/site\\\/oab-de-muriae-promove-baile-no-dia-do-advogado\\\/#webpage\"},\"articleSection\":\"Gerais, 36\\u00aa subse\\u00e7\\u00e3o da OAB\\\/MG, 36\\u00aa subse\\u00e7\\u00e3o da Ordem dos Advogados do Brasil, AABB, Marofagy, oab, slide, unifaminas\"},{\"@type\":\"BreadcrumbList\",\"@id\":\"https:\\\/\\\/anoticiaonline.com.br\\\/site\\\/oab-de-muriae-promove-baile-no-dia-do-advogado\\\/#breadcrumblist\",\"itemListElement\":[{\"@type\":\"ListItem\",\"@id\":\"https:\\\/\\\/anoticiaonline.com.br\\\/site#listItem\",\"position\":1,\"name\":\"Home\",\"item\":\"https:\\\/\\\/anoticiaonline.com.br\\\/site\",\"nextItem\":{\"@type\":\"ListItem\",\"@id\":\"https:\\\/\\\/anoticiaonline.com.br\\\/site\\\/categoria\\\/gerais\\\/#listItem\",\"name\":\"Gerais\"}},{\"@type\":\"ListItem\",\"@id\":\"https:\\\/\\\/anoticiaonline.com.br\\\/site\\\/categoria\\\/gerais\\\/#listItem\",\"position\":2,\"name\":\"Gerais\",\"item\":\"https:\\\/\\\/anoticiaonline.com.br\\\/site\\\/categoria\\\/gerais\\\/\",\"nextItem\":{\"@type\":\"ListItem\",\"@id\":\"https:\\\/\\\/anoticiaonline.com.br\\\/site\\\/oab-de-muriae-promove-baile-no-dia-do-advogado\\\/#listItem\",\"name\":\"OAB de Muria\\u00e9 promove baile no Dia do Advogado\"},\"previousItem\":{\"@type\":\"ListItem\",\"@id\":\"https:\\\/\\\/anoticiaonline.com.br\\\/site#listItem\",\"name\":\"Home\"}},{\"@type\":\"ListItem\",\"@id\":\"https:\\\/\\\/anoticiaonline.com.br\\\/site\\\/oab-de-muriae-promove-baile-no-dia-do-advogado\\\/#listItem\",\"position\":3,\"name\":\"OAB de Muria\\u00e9 promove baile no Dia do Advogado\",\"previousItem\":{\"@type\":\"ListItem\",\"@id\":\"https:\\\/\\\/anoticiaonline.com.br\\\/site\\\/categoria\\\/gerais\\\/#listItem\",\"name\":\"Gerais\"}}]},{\"@type\":\"Organization\",\"@id\":\"https:\\\/\\\/anoticiaonline.com.br\\\/site\\\/#organization\",\"name\":\"A Not\\u00edcia Online\",\"description\":\"Noticias de Muria\\u00e9 e regi\\u00e3o\",\"url\":\"https:\\\/\\\/anoticiaonline.com.br\\\/site\\\/\",\"logo\":{\"@type\":\"ImageObject\",\"url\":\"https:\\\/\\\/scontent-gig4-1.xx.fbcdn.net\\\/v\\\/t39.30808-1\\\/270437624_4564083193639691_6907940295614233970_n.jpg?stp=dst-jpg_s200x200_tt6&_nc_cat=111&ccb=1-7&_nc_sid=f907e8&_nc_ohc=SM1wRlP3lJwQ7kNvwEPuBYA&_nc_oc=AdnqrjDN_BNjSSHWO-GbkIWH6fkGMLw4bqvL_NH6e2wMveX7G-rP2dAqsDSq1mJMOaY&_nc_zt=24&_nc_ht=scontent-gig4-1.xx&_nc_gid=AoBFJeGrT1hVaew_6rchkQ&oh=00_AfX7QmFGhQhG2jAllVgXCiM1ZrWgvtp80-Bfppyexh1QEg&oe=689E923C\",\"@id\":\"https:\\\/\\\/anoticiaonline.com.br\\\/site\\\/oab-de-muriae-promove-baile-no-dia-do-advogado\\\/#organizationLogo\"},\"image\":{\"@id\":\"https:\\\/\\\/anoticiaonline.com.br\\\/site\\\/oab-de-muriae-promove-baile-no-dia-do-advogado\\\/#organizationLogo\"}},{\"@type\":\"Person\",\"@id\":\"https:\\\/\\\/anoticiaonline.com.br\\\/site\\\/author\\\/juliana\\\/#author\",\"url\":\"https:\\\/\\\/anoticiaonline.com.br\\\/site\\\/author\\\/juliana\\\/\",\"name\":\"Juliana Laviola\",\"image\":{\"@type\":\"ImageObject\",\"@id\":\"https:\\\/\\\/anoticiaonline.com.br\\\/site\\\/oab-de-muriae-promove-baile-no-dia-do-advogado\\\/#authorImage\",\"url\":\"https:\\\/\\\/secure.gravatar.com\\\/avatar\\\/b8d45f5c699b100dfaf0e543582f38f38bf94cb7ae3a5e9abf8d891a34773335?s=96&d=mm&r=g\",\"width\":96,\"height\":96,\"caption\":\"Juliana Laviola\"}},{\"@type\":\"WebPage\",\"@id\":\"https:\\\/\\\/anoticiaonline.com.br\\\/site\\\/oab-de-muriae-promove-baile-no-dia-do-advogado\\\/#webpage\",\"url\":\"https:\\\/\\\/anoticiaonline.com.br\\\/site\\\/oab-de-muriae-promove-baile-no-dia-do-advogado\\\/\",\"name\":\"OAB de Muria\\u00e9 promove baile no Dia do Advogado - A Not\\u00edcia Online\",\"description\":\"A 36\\u00aa Subse\\u00e7\\u00e3o da Ordem dos Advogados do Brasil (OAB\\\/MG) promoveu um baile de gala, na noite de sexta-feira (11), para comemorar o Dia do Advogado. O evento que reuniu uma grande quantidade de advogados aconteceu na AABB e contou com apresenta\\u00e7\\u00e3o da banda Marofagy e do DJ Luiz Cl\\u00e1udio. O presidente da 36\\u00aa subse\\u00e7\\u00e3o\",\"inLanguage\":\"pt-BR\",\"isPartOf\":{\"@id\":\"https:\\\/\\\/anoticiaonline.com.br\\\/site\\\/#website\"},\"breadcrumb\":{\"@id\":\"https:\\\/\\\/anoticiaonline.com.br\\\/site\\\/oab-de-muriae-promove-baile-no-dia-do-advogado\\\/#breadcrumblist\"},\"author\":{\"@id\":\"https:\\\/\\\/anoticiaonline.com.br\\\/site\\\/author\\\/juliana\\\/#author\"},\"creator\":{\"@id\":\"https:\\\/\\\/anoticiaonline.com.br\\\/site\\\/author\\\/juliana\\\/#author\"},\"image\":{\"@type\":\"ImageObject\",\"url\":\"https:\\\/\\\/anoticiaonline.com.br\\\/site\\\/wp-content\\\/uploads\\\/2017\\\/08\\\/DSC_0254.jpg\",\"@id\":\"https:\\\/\\\/anoticiaonline.com.br\\\/site\\\/oab-de-muriae-promove-baile-no-dia-do-advogado\\\/#mainImage\",\"width\":640,\"height\":426},\"primaryImageOfPage\":{\"@id\":\"https:\\\/\\\/anoticiaonline.com.br\\\/site\\\/oab-de-muriae-promove-baile-no-dia-do-advogado\\\/#mainImage\"},\"datePublished\":\"2017-08-19T13:50:27-03:00\",\"dateModified\":\"2017-08-18T14:07:39-03:00\"},{\"@type\":\"WebSite\",\"@id\":\"https:\\\/\\\/anoticiaonline.com.br\\\/site\\\/#website\",\"url\":\"https:\\\/\\\/anoticiaonline.com.br\\\/site\\\/\",\"name\":\"A Not\\u00edcia Online\",\"description\":\"Noticias de Muria\\u00e9 e regi\\u00e3o\",\"inLanguage\":\"pt-BR\",\"publisher\":{\"@id\":\"https:\\\/\\\/anoticiaonline.com.br\\\/site\\\/#organization\"}}]}\n\t\t<\/script>\n\t\t<!-- All in One SEO -->\n\n","aioseo_head_json":{"title":"OAB de Muria\u00e9 promove baile no Dia do Advogado - A Not\u00edcia Online","description":"A 36\u00aa Subse\u00e7\u00e3o da Ordem dos Advogados do Brasil (OAB\/MG) promoveu um baile de gala, na noite de sexta-feira (11), para comemorar o Dia do Advogado. O evento que reuniu uma grande quantidade de advogados aconteceu na AABB e contou com apresenta\u00e7\u00e3o da banda Marofagy e do DJ Luiz Cl\u00e1udio. O presidente da 36\u00aa subse\u00e7\u00e3o","canonical_url":"https:\/\/anoticiaonline.com.br\/site\/oab-de-muriae-promove-baile-no-dia-do-advogado\/","robots":"max-image-preview:large","keywords":"","webmasterTools":{"miscellaneous":""},"schema":{"@context":"https:\/\/schema.org","@graph":[{"@type":"BlogPosting","@id":"https:\/\/anoticiaonline.com.br\/site\/oab-de-muriae-promove-baile-no-dia-do-advogado\/#blogposting","name":"OAB de Muria\u00e9 promove baile no Dia do Advogado - A Not\u00edcia Online","headline":"OAB de Muria\u00e9 promove baile no Dia do Advogado","author":{"@id":"https:\/\/anoticiaonline.com.br\/site\/author\/juliana\/#author"},"publisher":{"@id":"https:\/\/anoticiaonline.com.br\/site\/#organization"},"image":{"@type":"ImageObject","url":"https:\/\/anoticiaonline.com.br\/site\/wp-content\/uploads\/2017\/08\/DSC_0254.jpg","width":640,"height":426},"datePublished":"2017-08-19T13:50:27-03:00","dateModified":"2017-08-18T14:07:39-03:00","inLanguage":"pt-BR","mainEntityOfPage":{"@id":"https:\/\/anoticiaonline.com.br\/site\/oab-de-muriae-promove-baile-no-dia-do-advogado\/#webpage"},"isPartOf":{"@id":"https:\/\/anoticiaonline.com.br\/site\/oab-de-muriae-promove-baile-no-dia-do-advogado\/#webpage"},"articleSection":"Gerais, 36\u00aa subse\u00e7\u00e3o da OAB\/MG, 36\u00aa subse\u00e7\u00e3o da Ordem dos Advogados do Brasil, AABB, Marofagy, oab, slide, unifaminas"},{"@type":"BreadcrumbList","@id":"https:\/\/anoticiaonline.com.br\/site\/oab-de-muriae-promove-baile-no-dia-do-advogado\/#breadcrumblist","itemListElement":[{"@type":"ListItem","@id":"https:\/\/anoticiaonline.com.br\/site#listItem","position":1,"name":"Home","item":"https:\/\/anoticiaonline.com.br\/site","nextItem":{"@type":"ListItem","@id":"https:\/\/anoticiaonline.com.br\/site\/categoria\/gerais\/#listItem","name":"Gerais"}},{"@type":"ListItem","@id":"https:\/\/anoticiaonline.com.br\/site\/categoria\/gerais\/#listItem","position":2,"name":"Gerais","item":"https:\/\/anoticiaonline.com.br\/site\/categoria\/gerais\/","nextItem":{"@type":"ListItem","@id":"https:\/\/anoticiaonline.com.br\/site\/oab-de-muriae-promove-baile-no-dia-do-advogado\/#listItem","name":"OAB de Muria\u00e9 promove baile no Dia do Advogado"},"previousItem":{"@type":"ListItem","@id":"https:\/\/anoticiaonline.com.br\/site#listItem","name":"Home"}},{"@type":"ListItem","@id":"https:\/\/anoticiaonline.com.br\/site\/oab-de-muriae-promove-baile-no-dia-do-advogado\/#listItem","position":3,"name":"OAB de Muria\u00e9 promove baile no Dia do Advogado","previousItem":{"@type":"ListItem","@id":"https:\/\/anoticiaonline.com.br\/site\/categoria\/gerais\/#listItem","name":"Gerais"}}]},{"@type":"Organization","@id":"https:\/\/anoticiaonline.com.br\/site\/#organization","name":"A Not\u00edcia Online","description":"Noticias de Muria\u00e9 e regi\u00e3o","url":"https:\/\/anoticiaonline.com.br\/site\/","logo":{"@type":"ImageObject","url":"https:\/\/scontent-gig4-1.xx.fbcdn.net\/v\/t39.30808-1\/270437624_4564083193639691_6907940295614233970_n.jpg?stp=dst-jpg_s200x200_tt6&_nc_cat=111&ccb=1-7&_nc_sid=f907e8&_nc_ohc=SM1wRlP3lJwQ7kNvwEPuBYA&_nc_oc=AdnqrjDN_BNjSSHWO-GbkIWH6fkGMLw4bqvL_NH6e2wMveX7G-rP2dAqsDSq1mJMOaY&_nc_zt=24&_nc_ht=scontent-gig4-1.xx&_nc_gid=AoBFJeGrT1hVaew_6rchkQ&oh=00_AfX7QmFGhQhG2jAllVgXCiM1ZrWgvtp80-Bfppyexh1QEg&oe=689E923C","@id":"https:\/\/anoticiaonline.com.br\/site\/oab-de-muriae-promove-baile-no-dia-do-advogado\/#organizationLogo"},"image":{"@id":"https:\/\/anoticiaonline.com.br\/site\/oab-de-muriae-promove-baile-no-dia-do-advogado\/#organizationLogo"}},{"@type":"Person","@id":"https:\/\/anoticiaonline.com.br\/site\/author\/juliana\/#author","url":"https:\/\/anoticiaonline.com.br\/site\/author\/juliana\/","name":"Juliana Laviola","image":{"@type":"ImageObject","@id":"https:\/\/anoticiaonline.com.br\/site\/oab-de-muriae-promove-baile-no-dia-do-advogado\/#authorImage","url":"https:\/\/secure.gravatar.com\/avatar\/b8d45f5c699b100dfaf0e543582f38f38bf94cb7ae3a5e9abf8d891a34773335?s=96&d=mm&r=g","width":96,"height":96,"caption":"Juliana Laviola"}},{"@type":"WebPage","@id":"https:\/\/anoticiaonline.com.br\/site\/oab-de-muriae-promove-baile-no-dia-do-advogado\/#webpage","url":"https:\/\/anoticiaonline.com.br\/site\/oab-de-muriae-promove-baile-no-dia-do-advogado\/","name":"OAB de Muria\u00e9 promove baile no Dia do Advogado - A Not\u00edcia Online","description":"A 36\u00aa Subse\u00e7\u00e3o da Ordem dos Advogados do Brasil (OAB\/MG) promoveu um baile de gala, na noite de sexta-feira (11), para comemorar o Dia do Advogado. O evento que reuniu uma grande quantidade de advogados aconteceu na AABB e contou com apresenta\u00e7\u00e3o da banda Marofagy e do DJ Luiz Cl\u00e1udio. O presidente da 36\u00aa subse\u00e7\u00e3o","inLanguage":"pt-BR","isPartOf":{"@id":"https:\/\/anoticiaonline.com.br\/site\/#website"},"breadcrumb":{"@id":"https:\/\/anoticiaonline.com.br\/site\/oab-de-muriae-promove-baile-no-dia-do-advogado\/#breadcrumblist"},"author":{"@id":"https:\/\/anoticiaonline.com.br\/site\/author\/juliana\/#author"},"creator":{"@id":"https:\/\/anoticiaonline.com.br\/site\/author\/juliana\/#author"},"image":{"@type":"ImageObject","url":"https:\/\/anoticiaonline.com.br\/site\/wp-content\/uploads\/2017\/08\/DSC_0254.jpg","@id":"https:\/\/anoticiaonline.com.br\/site\/oab-de-muriae-promove-baile-no-dia-do-advogado\/#mainImage","width":640,"height":426},"primaryImageOfPage":{"@id":"https:\/\/anoticiaonline.com.br\/site\/oab-de-muriae-promove-baile-no-dia-do-advogado\/#mainImage"},"datePublished":"2017-08-19T13:50:27-03:00","dateModified":"2017-08-18T14:07:39-03:00"},{"@type":"WebSite","@id":"https:\/\/anoticiaonline.com.br\/site\/#website","url":"https:\/\/anoticiaonline.com.br\/site\/","name":"A Not\u00edcia Online","description":"Noticias de Muria\u00e9 e regi\u00e3o","inLanguage":"pt-BR","publisher":{"@id":"https:\/\/anoticiaonline.com.br\/site\/#organization"}}]},"og:locale":"pt_BR","og:site_name":"A Not\u00edcia Online - Noticias de Muria\u00e9 e regi\u00e3o","og:type":"article","og:title":"OAB de Muria\u00e9 promove baile no Dia do Advogado - A Not\u00edcia Online","og:description":"A 36\u00aa Subse\u00e7\u00e3o da Ordem dos Advogados do Brasil (OAB\/MG) promoveu um baile de gala, na noite de sexta-feira (11), para comemorar o Dia do Advogado. O evento que reuniu uma grande quantidade de advogados aconteceu na AABB e contou com apresenta\u00e7\u00e3o da banda Marofagy e do DJ Luiz Cl\u00e1udio. O presidente da 36\u00aa subse\u00e7\u00e3o","og:url":"https:\/\/anoticiaonline.com.br\/site\/oab-de-muriae-promove-baile-no-dia-do-advogado\/","og:image":"https:\/\/scontent-gig4-1.xx.fbcdn.net\/v\/t39.30808-1\/270437624_4564083193639691_6907940295614233970_n.jpg?stp=dst-jpg_s200x200_tt6&#038;_nc_cat=111&#038;ccb=1-7&#038;_nc_sid=f907e8&#038;_nc_ohc=SM1wRlP3lJwQ7kNvwEPuBYA&#038;_nc_oc=AdnqrjDN_BNjSSHWO-GbkIWH6fkGMLw4bqvL_NH6e2wMveX7G-rP2dAqsDSq1mJMOaY&#038;_nc_zt=24&#038;_nc_ht=scontent-gig4-1.xx&#038;_nc_gid=AoBFJeGrT1hVaew_6rchkQ&#038;oh=00_AfX7QmFGhQhG2jAllVgXCiM1ZrWgvtp80-Bfppyexh1QEg&#038;oe=689E923C","og:image:secure_url":"https:\/\/scontent-gig4-1.xx.fbcdn.net\/v\/t39.30808-1\/270437624_4564083193639691_6907940295614233970_n.jpg?stp=dst-jpg_s200x200_tt6&#038;_nc_cat=111&#038;ccb=1-7&#038;_nc_sid=f907e8&#038;_nc_ohc=SM1wRlP3lJwQ7kNvwEPuBYA&#038;_nc_oc=AdnqrjDN_BNjSSHWO-GbkIWH6fkGMLw4bqvL_NH6e2wMveX7G-rP2dAqsDSq1mJMOaY&#038;_nc_zt=24&#038;_nc_ht=scontent-gig4-1.xx&#038;_nc_gid=AoBFJeGrT1hVaew_6rchkQ&#038;oh=00_AfX7QmFGhQhG2jAllVgXCiM1ZrWgvtp80-Bfppyexh1QEg&#038;oe=689E923C","article:published_time":"2017-08-19T16:50:27+00:00","article:modified_time":"2017-08-18T17:07:39+00:00","twitter:card":"summary_large_image","twitter:title":"OAB de Muria\u00e9 promove baile no Dia do Advogado - A Not\u00edcia Online","twitter:description":"A 36\u00aa Subse\u00e7\u00e3o da Ordem dos Advogados do Brasil (OAB\/MG) promoveu um baile de gala, na noite de sexta-feira (11), para comemorar o Dia do Advogado. O evento que reuniu uma grande quantidade de advogados aconteceu na AABB e contou com apresenta\u00e7\u00e3o da banda Marofagy e do DJ Luiz Cl\u00e1udio. O presidente da 36\u00aa subse\u00e7\u00e3o","twitter:image":"https:\/\/scontent-gig4-1.xx.fbcdn.net\/v\/t39.30808-1\/270437624_4564083193639691_6907940295614233970_n.jpg?stp=dst-jpg_s200x200_tt6&_nc_cat=111&ccb=1-7&_nc_sid=f907e8&_nc_ohc=SM1wRlP3lJwQ7kNvwEPuBYA&_nc_oc=AdnqrjDN_BNjSSHWO-GbkIWH6fkGMLw4bqvL_NH6e2wMveX7G-rP2dAqsDSq1mJMOaY&_nc_zt=24&_nc_ht=scontent-gig4-1.xx&_nc_gid=AoBFJeGrT1hVaew_6rchkQ&oh=00_AfX7QmFGhQhG2jAllVgXCiM1ZrWgvtp80-Bfppyexh1QEg&oe=689E923C"},"aioseo_meta_data":{"post_id":"38368","title":null,"description":null,"keywords":null,"keyphrases":null,"primary_term":null,"canonical_url":null,"og_title":null,"og_description":null,"og_object_type":"default","og_image_type":"default","og_image_url":null,"og_image_width":null,"og_image_height":null,"og_image_custom_url":null,"og_image_custom_fields":null,"og_video":null,"og_custom_url":null,"og_article_section":null,"og_article_tags":null,"twitter_use_og":false,"twitter_card":"default","twitter_image_type":"default","twitter_image_url":null,"twitter_image_custom_url":null,"twitter_image_custom_fields":null,"twitter_title":null,"twitter_description":null,"schema":{"blockGraphs":[],"customGraphs":[],"default":{"data":{"Article":[],"Course":[],"Dataset":[],"FAQPage":[],"Movie":[],"Person":[],"Product":[],"ProductReview":[],"Car":[],"Recipe":[],"Service":[],"SoftwareApplication":[],"WebPage":[]},"graphName":"","isEnabled":true},"graphs":[]},"schema_type":"default","schema_type_options":null,"pillar_content":false,"robots_default":true,"robots_noindex":false,"robots_noarchive":false,"robots_nosnippet":false,"robots_nofollow":false,"robots_noimageindex":false,"robots_noodp":false,"robots_notranslate":false,"robots_max_snippet":null,"robots_max_videopreview":null,"robots_max_imagepreview":"large","priority":null,"frequency":null,"local_seo":null,"breadcrumb_settings":null,"limit_modified_date":false,"ai":null,"created":"2025-08-16 19:19:25","updated":"2025-08-16 19:19:25","focus_keyword":null,"additional_keywords":null,"truseo_locale":null,"seo_analyzer_scan_date":null},"aioseo_breadcrumb":"<div class=\"aioseo-breadcrumbs\"><span class=\"aioseo-breadcrumb\">\n\t\t\t<a href=\"https:\/\/anoticiaonline.com.br\/site\" title=\"Home\">Home<\/a>\n\t\t<\/span><span class=\"aioseo-breadcrumb-separator\">&raquo;<\/span><span class=\"aioseo-breadcrumb\">\n\t\t\t<a href=\"https:\/\/anoticiaonline.com.br\/site\/categoria\/gerais\/\" title=\"Gerais\">Gerais<\/a>\n\t\t<\/span><span class=\"aioseo-breadcrumb-separator\">&raquo;<\/span><span class=\"aioseo-breadcrumb\">\n\t\t\tOAB de Muria\u00e9 promove baile no Dia do Advogado\n\t\t<\/span><\/div>","aioseo_breadcrumb_json":[{"label":"Home","link":"https:\/\/anoticiaonline.com.br\/site"},{"label":"Gerais","link":"https:\/\/anoticiaonline.com.br\/site\/categoria\/gerais\/"},{"label":"OAB de Muria\u00e9 promove baile no Dia do Advogado","link":"https:\/\/anoticiaonline.com.br\/site\/oab-de-muriae-promove-baile-no-dia-do-advogado\/"}],"views":179,"_links":{"self":[{"href":"https:\/\/anoticiaonline.com.br\/site\/wp-json\/wp\/v2\/posts\/38368","targetHints":{"allow":["GET"]}}],"collection":[{"href":"https:\/\/anoticiaonline.com.br\/site\/wp-json\/wp\/v2\/posts"}],"about":[{"href":"https:\/\/anoticiaonline.com.br\/site\/wp-json\/wp\/v2\/types\/post"}],"author":[{"embeddable":true,"href":"https:\/\/anoticiaonline.com.br\/site\/wp-json\/wp\/v2\/users\/2"}],"replies":[{"embeddable":true,"href":"https:\/\/anoticiaonline.com.br\/site\/wp-json\/wp\/v2\/comments?post=38368"}],"version-history":[{"count":0,"href":"https:\/\/anoticiaonline.com.br\/site\/wp-json\/wp\/v2\/posts\/38368\/revisions"}],"wp:featuredmedia":[{"embeddable":true,"href":"https:\/\/anoticiaonline.com.br\/site\/wp-json\/wp\/v2\/media\/38371"}],"wp:attachment":[{"href":"https:\/\/anoticiaonline.com.br\/site\/wp-json\/wp\/v2\/media?parent=38368"}],"wp:term":[{"taxonomy":"category","embeddable":true,"href":"https:\/\/anoticiaonline.com.br\/site\/wp-json\/wp\/v2\/categories?post=38368"},{"taxonomy":"post_tag","embeddable":true,"href":"https:\/\/anoticiaonline.com.br\/site\/wp-json\/wp\/v2\/tags?post=38368"}],"curies":[{"name":"wp","href":"https:\/\/api.w.org\/{rel}","templated":true}]}}