{"id":38363,"date":"2017-08-19T12:04:35","date_gmt":"2017-08-19T15:04:35","guid":{"rendered":"http:\/\/anoticiaonline.com.br\/site\/?p=38363"},"modified":"2017-08-18T11:10:01","modified_gmt":"2017-08-18T14:10:01","slug":"pm-do-47o-batalhao-faz-treinamento-para-atuar-em-areas-de-risco","status":"publish","type":"post","link":"https:\/\/anoticiaonline.com.br\/site\/pm-do-47o-batalhao-faz-treinamento-para-atuar-em-areas-de-risco\/","title":{"rendered":"PM do 47\u00ba Batalh\u00e3o faz treinamento para atuar em \u00e1reas de risco"},"content":{"rendered":"<p><a href=\"https:\/\/anoticiaonline.com.br\/site\/wp-content\/uploads\/2017\/08\/PM-do-47\u00ba-Batalh\u00e3o-fazem-treinamento-para-atuar-em-\u00e1reas-de-risco.jpg\"><img fetchpriority=\"high\" decoding=\"async\" class=\"size-medium wp-image-38364 alignleft\" src=\"https:\/\/anoticiaonline.com.br\/site\/wp-content\/uploads\/2017\/08\/PM-do-47\u00ba-Batalh\u00e3o-fazem-treinamento-para-atuar-em-\u00e1reas-de-risco-300x169.jpg\" alt=\"\" width=\"300\" height=\"169\" srcset=\"https:\/\/anoticiaonline.com.br\/site\/wp-content\/uploads\/2017\/08\/PM-do-47\u00ba-Batalh\u00e3o-fazem-treinamento-para-atuar-em-\u00e1reas-de-risco-300x169.jpg 300w, https:\/\/anoticiaonline.com.br\/site\/wp-content\/uploads\/2017\/08\/PM-do-47\u00ba-Batalh\u00e3o-fazem-treinamento-para-atuar-em-\u00e1reas-de-risco.jpg 640w\" sizes=\"(max-width: 300px) 100vw, 300px\" \/><\/a> <a href=\"https:\/\/anoticiaonline.com.br\/site\/wp-content\/uploads\/2017\/08\/PM-do-47\u00ba-Batalh\u00e3o-fazem-treinamento-para-atuar-em-\u00e1reas-de-risco-3.jpg\"><img decoding=\"async\" class=\"size-medium wp-image-38365 alignleft\" src=\"https:\/\/anoticiaonline.com.br\/site\/wp-content\/uploads\/2017\/08\/PM-do-47\u00ba-Batalh\u00e3o-fazem-treinamento-para-atuar-em-\u00e1reas-de-risco-3-300x169.jpg\" alt=\"\" width=\"300\" height=\"169\" srcset=\"https:\/\/anoticiaonline.com.br\/site\/wp-content\/uploads\/2017\/08\/PM-do-47\u00ba-Batalh\u00e3o-fazem-treinamento-para-atuar-em-\u00e1reas-de-risco-3-300x169.jpg 300w, https:\/\/anoticiaonline.com.br\/site\/wp-content\/uploads\/2017\/08\/PM-do-47\u00ba-Batalh\u00e3o-fazem-treinamento-para-atuar-em-\u00e1reas-de-risco-3.jpg 640w\" sizes=\"(max-width: 300px) 100vw, 300px\" \/><\/a> <a href=\"https:\/\/anoticiaonline.com.br\/site\/wp-content\/uploads\/2017\/08\/PM-do-47\u00ba-Batalh\u00e3o-fazem-treinamento-para-atuar-em-\u00e1reas-de-risco-2.jpg\"><img decoding=\"async\" class=\"size-medium wp-image-38366 alignleft\" src=\"https:\/\/anoticiaonline.com.br\/site\/wp-content\/uploads\/2017\/08\/PM-do-47\u00ba-Batalh\u00e3o-fazem-treinamento-para-atuar-em-\u00e1reas-de-risco-2-300x169.jpg\" alt=\"\" width=\"300\" height=\"169\" srcset=\"https:\/\/anoticiaonline.com.br\/site\/wp-content\/uploads\/2017\/08\/PM-do-47\u00ba-Batalh\u00e3o-fazem-treinamento-para-atuar-em-\u00e1reas-de-risco-2-300x169.jpg 300w, https:\/\/anoticiaonline.com.br\/site\/wp-content\/uploads\/2017\/08\/PM-do-47\u00ba-Batalh\u00e3o-fazem-treinamento-para-atuar-em-\u00e1reas-de-risco-2.jpg 640w\" sizes=\"(max-width: 300px) 100vw, 300px\" \/><\/a>Os policiais militares do 47\u00ba Batalh\u00e3o da Pol\u00edcia Militar deram in\u00edcio, na ter\u00e7a-feira (15), ao Curso Intensivo de Conduta de Patrulha, ministrado pelo capit\u00e3o Pagy e pelo subtenente Aur\u00e9lio, da 4\u00aa Companhia Independente de Policiamento Especializado, de Juiz de Fora.<\/p>\n<p>O curso, com dura\u00e7\u00e3o de uma semana, tem o objetivo de instruir e nivelar o conhecimento dos militares nas opera\u00e7\u00f5es em \u00e1reas de risco, visando atender a popula\u00e7\u00e3o com mais seguran\u00e7a e qualidade. De acordo com oficiais da 4\u00aa Companhia, a ideia \u00e9 ampli\u00e1-lo para os demais policiais que comp\u00f5em a regi\u00e3o.<\/p>\n","protected":false},"excerpt":{"rendered":"<p>Os policiais militares do 47\u00ba Batalh\u00e3o da Pol\u00edcia Militar deram in\u00edcio, na ter\u00e7a-feira (15), ao Curso Intensivo de Conduta de Patrulha, ministrado pelo capit\u00e3o Pagy e pelo subtenente Aur\u00e9lio, da 4\u00aa Companhia Independente de Policiamento Especializado, de Juiz de Fora. O curso, com dura\u00e7\u00e3o de uma semana, tem o objetivo de instruir e nivelar o &#8230; <a title=\"PM do 47\u00ba Batalh\u00e3o faz treinamento para atuar em \u00e1reas de risco\" class=\"read-more\" href=\"https:\/\/anoticiaonline.com.br\/site\/pm-do-47o-batalhao-faz-treinamento-para-atuar-em-areas-de-risco\/\" aria-label=\"Read more about PM do 47\u00ba Batalh\u00e3o faz treinamento para atuar em \u00e1reas de risco\">Ler mais<\/a><\/p>\n","protected":false},"author":2,"featured_media":0,"comment_status":"open","ping_status":"open","sticky":false,"template":"","format":"standard","meta":{"_acf_changed":false,"_monsterinsights_skip_tracking":false,"footnotes":""},"categories":[30],"tags":[364,677,74,230,649,3,931],"class_list":["post-38363","post","type-post","status-publish","format-standard","hentry","category-muriae","tag-batalhao","tag-juiz-de-fora","tag-muriae","tag-pm","tag-seguranca-publica","tag-slide","tag-treinamento"],"acf":[],"aioseo_notices":[],"aioseo_head":"\n\t\t<!-- All in One SEO 5.0.0.1 - aioseo.com -->\n\t<meta name=\"description\" content=\"Os policiais militares do 47\u00ba Batalh\u00e3o da Pol\u00edcia Militar deram in\u00edcio, na ter\u00e7a-feira (15), ao Curso Intensivo de Conduta de Patrulha, ministrado pelo capit\u00e3o Pagy e pelo subtenente Aur\u00e9lio, da 4\u00aa Companhia Independente de Policiamento Especializado, de Juiz de Fora. O curso, com dura\u00e7\u00e3o de uma semana, tem o objetivo de instruir e nivelar o\" \/>\n\t<meta name=\"robots\" content=\"max-image-preview:large\" \/>\n\t<meta name=\"author\" content=\"Juliana Laviola\"\/>\n\t<link rel=\"canonical\" href=\"https:\/\/anoticiaonline.com.br\/site\/pm-do-47o-batalhao-faz-treinamento-para-atuar-em-areas-de-risco\/\" \/>\n\t<meta name=\"generator\" content=\"All in One SEO (AIOSEO) 5.0.0.1\" \/>\n\t\t<meta property=\"og:locale\" content=\"pt_BR\" \/>\n\t\t<meta property=\"og:site_name\" content=\"A Not\u00edcia Online - Noticias de Muria\u00e9 e regi\u00e3o\" \/>\n\t\t<meta property=\"og:type\" content=\"article\" \/>\n\t\t<meta property=\"og:title\" content=\"PM do 47\u00ba Batalh\u00e3o faz treinamento para atuar em \u00e1reas de risco - A Not\u00edcia Online\" \/>\n\t\t<meta property=\"og:description\" content=\"Os policiais militares do 47\u00ba Batalh\u00e3o da Pol\u00edcia Militar deram in\u00edcio, na ter\u00e7a-feira (15), ao Curso Intensivo de Conduta de Patrulha, ministrado pelo capit\u00e3o Pagy e pelo subtenente Aur\u00e9lio, da 4\u00aa Companhia Independente de Policiamento Especializado, de Juiz de Fora. O curso, com dura\u00e7\u00e3o de uma semana, tem o objetivo de instruir e nivelar o\" \/>\n\t\t<meta property=\"og:url\" content=\"https:\/\/anoticiaonline.com.br\/site\/pm-do-47o-batalhao-faz-treinamento-para-atuar-em-areas-de-risco\/\" \/>\n\t\t<meta property=\"og:image\" content=\"https:\/\/scontent-gig4-1.xx.fbcdn.net\/v\/t39.30808-1\/270437624_4564083193639691_6907940295614233970_n.jpg?stp=dst-jpg_s200x200_tt6&#038;_nc_cat=111&#038;ccb=1-7&#038;_nc_sid=f907e8&#038;_nc_ohc=SM1wRlP3lJwQ7kNvwEPuBYA&#038;_nc_oc=AdnqrjDN_BNjSSHWO-GbkIWH6fkGMLw4bqvL_NH6e2wMveX7G-rP2dAqsDSq1mJMOaY&#038;_nc_zt=24&#038;_nc_ht=scontent-gig4-1.xx&#038;_nc_gid=AoBFJeGrT1hVaew_6rchkQ&#038;oh=00_AfX7QmFGhQhG2jAllVgXCiM1ZrWgvtp80-Bfppyexh1QEg&#038;oe=689E923C\" \/>\n\t\t<meta property=\"og:image:secure_url\" content=\"https:\/\/scontent-gig4-1.xx.fbcdn.net\/v\/t39.30808-1\/270437624_4564083193639691_6907940295614233970_n.jpg?stp=dst-jpg_s200x200_tt6&#038;_nc_cat=111&#038;ccb=1-7&#038;_nc_sid=f907e8&#038;_nc_ohc=SM1wRlP3lJwQ7kNvwEPuBYA&#038;_nc_oc=AdnqrjDN_BNjSSHWO-GbkIWH6fkGMLw4bqvL_NH6e2wMveX7G-rP2dAqsDSq1mJMOaY&#038;_nc_zt=24&#038;_nc_ht=scontent-gig4-1.xx&#038;_nc_gid=AoBFJeGrT1hVaew_6rchkQ&#038;oh=00_AfX7QmFGhQhG2jAllVgXCiM1ZrWgvtp80-Bfppyexh1QEg&#038;oe=689E923C\" \/>\n\t\t<meta property=\"article:published_time\" content=\"2017-08-19T15:04:35+00:00\" \/>\n\t\t<meta property=\"article:modified_time\" content=\"2017-08-18T14:10:01+00:00\" \/>\n\t\t<meta name=\"twitter:card\" content=\"summary_large_image\" \/>\n\t\t<meta name=\"twitter:title\" content=\"PM do 47\u00ba Batalh\u00e3o faz treinamento para atuar em \u00e1reas de risco - A Not\u00edcia Online\" \/>\n\t\t<meta name=\"twitter:description\" content=\"Os policiais militares do 47\u00ba Batalh\u00e3o da Pol\u00edcia Militar deram in\u00edcio, na ter\u00e7a-feira (15), ao Curso Intensivo de Conduta de Patrulha, ministrado pelo capit\u00e3o Pagy e pelo subtenente Aur\u00e9lio, da 4\u00aa Companhia Independente de Policiamento Especializado, de Juiz de Fora. O curso, com dura\u00e7\u00e3o de uma semana, tem o objetivo de instruir e nivelar o\" \/>\n\t\t<meta name=\"twitter:image\" content=\"https:\/\/scontent-gig4-1.xx.fbcdn.net\/v\/t39.30808-1\/270437624_4564083193639691_6907940295614233970_n.jpg?stp=dst-jpg_s200x200_tt6&amp;_nc_cat=111&amp;ccb=1-7&amp;_nc_sid=f907e8&amp;_nc_ohc=SM1wRlP3lJwQ7kNvwEPuBYA&amp;_nc_oc=AdnqrjDN_BNjSSHWO-GbkIWH6fkGMLw4bqvL_NH6e2wMveX7G-rP2dAqsDSq1mJMOaY&amp;_nc_zt=24&amp;_nc_ht=scontent-gig4-1.xx&amp;_nc_gid=AoBFJeGrT1hVaew_6rchkQ&amp;oh=00_AfX7QmFGhQhG2jAllVgXCiM1ZrWgvtp80-Bfppyexh1QEg&amp;oe=689E923C\" \/>\n\t\t<script type=\"application\/ld+json\" class=\"aioseo-schema\">\n\t\t\t{\"@context\":\"https:\\\/\\\/schema.org\",\"@graph\":[{\"@type\":\"BlogPosting\",\"@id\":\"https:\\\/\\\/anoticiaonline.com.br\\\/site\\\/pm-do-47o-batalhao-faz-treinamento-para-atuar-em-areas-de-risco\\\/#blogposting\",\"name\":\"PM do 47\\u00ba Batalh\\u00e3o faz treinamento para atuar em \\u00e1reas de risco - A Not\\u00edcia Online\",\"headline\":\"PM do 47\\u00ba Batalh\\u00e3o faz treinamento para atuar em \\u00e1reas de risco\",\"author\":{\"@id\":\"https:\\\/\\\/anoticiaonline.com.br\\\/site\\\/author\\\/juliana\\\/#author\"},\"publisher\":{\"@id\":\"https:\\\/\\\/anoticiaonline.com.br\\\/site\\\/#organization\"},\"image\":{\"@type\":\"ImageObject\",\"url\":\"http:\\\/\\\/anoticiaonline.com.br\\\/site\\\/wp-content\\\/uploads\\\/2017\\\/08\\\/PM-do-47\\u00ba-Batalh\\u00e3o-fazem-treinamento-para-atuar-em-\\u00e1reas-de-risco-300x169.jpg\",\"@id\":\"https:\\\/\\\/anoticiaonline.com.br\\\/site\\\/pm-do-47o-batalhao-faz-treinamento-para-atuar-em-areas-de-risco\\\/#articleImage\"},\"datePublished\":\"2017-08-19T12:04:35-03:00\",\"dateModified\":\"2017-08-18T11:10:01-03:00\",\"inLanguage\":\"pt-BR\",\"mainEntityOfPage\":{\"@id\":\"https:\\\/\\\/anoticiaonline.com.br\\\/site\\\/pm-do-47o-batalhao-faz-treinamento-para-atuar-em-areas-de-risco\\\/#webpage\"},\"isPartOf\":{\"@id\":\"https:\\\/\\\/anoticiaonline.com.br\\\/site\\\/pm-do-47o-batalhao-faz-treinamento-para-atuar-em-areas-de-risco\\\/#webpage\"},\"articleSection\":\"Blog, batalh\\u00e3o, Juiz de Fora, Muria\\u00e9, pm, seguran\\u00e7a p\\u00fablica, slide, treinamento\"},{\"@type\":\"BreadcrumbList\",\"@id\":\"https:\\\/\\\/anoticiaonline.com.br\\\/site\\\/pm-do-47o-batalhao-faz-treinamento-para-atuar-em-areas-de-risco\\\/#breadcrumblist\",\"itemListElement\":[{\"@type\":\"ListItem\",\"@id\":\"https:\\\/\\\/anoticiaonline.com.br\\\/site#listItem\",\"position\":1,\"name\":\"Home\",\"item\":\"https:\\\/\\\/anoticiaonline.com.br\\\/site\",\"nextItem\":{\"@type\":\"ListItem\",\"@id\":\"https:\\\/\\\/anoticiaonline.com.br\\\/site\\\/categoria\\\/muriae\\\/#listItem\",\"name\":\"Blog\"}},{\"@type\":\"ListItem\",\"@id\":\"https:\\\/\\\/anoticiaonline.com.br\\\/site\\\/categoria\\\/muriae\\\/#listItem\",\"position\":2,\"name\":\"Blog\",\"item\":\"https:\\\/\\\/anoticiaonline.com.br\\\/site\\\/categoria\\\/muriae\\\/\",\"nextItem\":{\"@type\":\"ListItem\",\"@id\":\"https:\\\/\\\/anoticiaonline.com.br\\\/site\\\/pm-do-47o-batalhao-faz-treinamento-para-atuar-em-areas-de-risco\\\/#listItem\",\"name\":\"PM do 47\\u00ba Batalh\\u00e3o faz treinamento para atuar em \\u00e1reas de risco\"},\"previousItem\":{\"@type\":\"ListItem\",\"@id\":\"https:\\\/\\\/anoticiaonline.com.br\\\/site#listItem\",\"name\":\"Home\"}},{\"@type\":\"ListItem\",\"@id\":\"https:\\\/\\\/anoticiaonline.com.br\\\/site\\\/pm-do-47o-batalhao-faz-treinamento-para-atuar-em-areas-de-risco\\\/#listItem\",\"position\":3,\"name\":\"PM do 47\\u00ba Batalh\\u00e3o faz treinamento para atuar em \\u00e1reas de risco\",\"previousItem\":{\"@type\":\"ListItem\",\"@id\":\"https:\\\/\\\/anoticiaonline.com.br\\\/site\\\/categoria\\\/muriae\\\/#listItem\",\"name\":\"Blog\"}}]},{\"@type\":\"Organization\",\"@id\":\"https:\\\/\\\/anoticiaonline.com.br\\\/site\\\/#organization\",\"name\":\"A Not\\u00edcia Online\",\"description\":\"Noticias de Muria\\u00e9 e regi\\u00e3o\",\"url\":\"https:\\\/\\\/anoticiaonline.com.br\\\/site\\\/\",\"logo\":{\"@type\":\"ImageObject\",\"url\":\"https:\\\/\\\/scontent-gig4-1.xx.fbcdn.net\\\/v\\\/t39.30808-1\\\/270437624_4564083193639691_6907940295614233970_n.jpg?stp=dst-jpg_s200x200_tt6&_nc_cat=111&ccb=1-7&_nc_sid=f907e8&_nc_ohc=SM1wRlP3lJwQ7kNvwEPuBYA&_nc_oc=AdnqrjDN_BNjSSHWO-GbkIWH6fkGMLw4bqvL_NH6e2wMveX7G-rP2dAqsDSq1mJMOaY&_nc_zt=24&_nc_ht=scontent-gig4-1.xx&_nc_gid=AoBFJeGrT1hVaew_6rchkQ&oh=00_AfX7QmFGhQhG2jAllVgXCiM1ZrWgvtp80-Bfppyexh1QEg&oe=689E923C\",\"@id\":\"https:\\\/\\\/anoticiaonline.com.br\\\/site\\\/pm-do-47o-batalhao-faz-treinamento-para-atuar-em-areas-de-risco\\\/#organizationLogo\"},\"image\":{\"@id\":\"https:\\\/\\\/anoticiaonline.com.br\\\/site\\\/pm-do-47o-batalhao-faz-treinamento-para-atuar-em-areas-de-risco\\\/#organizationLogo\"}},{\"@type\":\"Person\",\"@id\":\"https:\\\/\\\/anoticiaonline.com.br\\\/site\\\/author\\\/juliana\\\/#author\",\"url\":\"https:\\\/\\\/anoticiaonline.com.br\\\/site\\\/author\\\/juliana\\\/\",\"name\":\"Juliana Laviola\",\"image\":{\"@type\":\"ImageObject\",\"@id\":\"https:\\\/\\\/anoticiaonline.com.br\\\/site\\\/pm-do-47o-batalhao-faz-treinamento-para-atuar-em-areas-de-risco\\\/#authorImage\",\"url\":\"https:\\\/\\\/secure.gravatar.com\\\/avatar\\\/b8d45f5c699b100dfaf0e543582f38f38bf94cb7ae3a5e9abf8d891a34773335?s=96&d=mm&r=g\",\"width\":96,\"height\":96,\"caption\":\"Juliana Laviola\"}},{\"@type\":\"WebPage\",\"@id\":\"https:\\\/\\\/anoticiaonline.com.br\\\/site\\\/pm-do-47o-batalhao-faz-treinamento-para-atuar-em-areas-de-risco\\\/#webpage\",\"url\":\"https:\\\/\\\/anoticiaonline.com.br\\\/site\\\/pm-do-47o-batalhao-faz-treinamento-para-atuar-em-areas-de-risco\\\/\",\"name\":\"PM do 47\\u00ba Batalh\\u00e3o faz treinamento para atuar em \\u00e1reas de risco - A Not\\u00edcia Online\",\"description\":\"Os policiais militares do 47\\u00ba Batalh\\u00e3o da Pol\\u00edcia Militar deram in\\u00edcio, na ter\\u00e7a-feira (15), ao Curso Intensivo de Conduta de Patrulha, ministrado pelo capit\\u00e3o Pagy e pelo subtenente Aur\\u00e9lio, da 4\\u00aa Companhia Independente de Policiamento Especializado, de Juiz de Fora. O curso, com dura\\u00e7\\u00e3o de uma semana, tem o objetivo de instruir e nivelar o\",\"inLanguage\":\"pt-BR\",\"isPartOf\":{\"@id\":\"https:\\\/\\\/anoticiaonline.com.br\\\/site\\\/#website\"},\"breadcrumb\":{\"@id\":\"https:\\\/\\\/anoticiaonline.com.br\\\/site\\\/pm-do-47o-batalhao-faz-treinamento-para-atuar-em-areas-de-risco\\\/#breadcrumblist\"},\"author\":{\"@id\":\"https:\\\/\\\/anoticiaonline.com.br\\\/site\\\/author\\\/juliana\\\/#author\"},\"creator\":{\"@id\":\"https:\\\/\\\/anoticiaonline.com.br\\\/site\\\/author\\\/juliana\\\/#author\"},\"datePublished\":\"2017-08-19T12:04:35-03:00\",\"dateModified\":\"2017-08-18T11:10:01-03:00\"},{\"@type\":\"WebSite\",\"@id\":\"https:\\\/\\\/anoticiaonline.com.br\\\/site\\\/#website\",\"url\":\"https:\\\/\\\/anoticiaonline.com.br\\\/site\\\/\",\"name\":\"A Not\\u00edcia Online\",\"description\":\"Noticias de Muria\\u00e9 e regi\\u00e3o\",\"inLanguage\":\"pt-BR\",\"publisher\":{\"@id\":\"https:\\\/\\\/anoticiaonline.com.br\\\/site\\\/#organization\"}}]}\n\t\t<\/script>\n\t\t<!-- All in One SEO -->\n\n","aioseo_head_json":{"title":"PM do 47\u00ba Batalh\u00e3o faz treinamento para atuar em \u00e1reas de risco - A Not\u00edcia Online","description":"Os policiais militares do 47\u00ba Batalh\u00e3o da Pol\u00edcia Militar deram in\u00edcio, na ter\u00e7a-feira (15), ao Curso Intensivo de Conduta de Patrulha, ministrado pelo capit\u00e3o Pagy e pelo subtenente Aur\u00e9lio, da 4\u00aa Companhia Independente de Policiamento Especializado, de Juiz de Fora. O curso, com dura\u00e7\u00e3o de uma semana, tem o objetivo de instruir e nivelar o","canonical_url":"https:\/\/anoticiaonline.com.br\/site\/pm-do-47o-batalhao-faz-treinamento-para-atuar-em-areas-de-risco\/","robots":"max-image-preview:large","keywords":"","webmasterTools":{"miscellaneous":""},"schema":{"@context":"https:\/\/schema.org","@graph":[{"@type":"BlogPosting","@id":"https:\/\/anoticiaonline.com.br\/site\/pm-do-47o-batalhao-faz-treinamento-para-atuar-em-areas-de-risco\/#blogposting","name":"PM do 47\u00ba Batalh\u00e3o faz treinamento para atuar em \u00e1reas de risco - A Not\u00edcia Online","headline":"PM do 47\u00ba Batalh\u00e3o faz treinamento para atuar em \u00e1reas de risco","author":{"@id":"https:\/\/anoticiaonline.com.br\/site\/author\/juliana\/#author"},"publisher":{"@id":"https:\/\/anoticiaonline.com.br\/site\/#organization"},"image":{"@type":"ImageObject","url":"http:\/\/anoticiaonline.com.br\/site\/wp-content\/uploads\/2017\/08\/PM-do-47\u00ba-Batalh\u00e3o-fazem-treinamento-para-atuar-em-\u00e1reas-de-risco-300x169.jpg","@id":"https:\/\/anoticiaonline.com.br\/site\/pm-do-47o-batalhao-faz-treinamento-para-atuar-em-areas-de-risco\/#articleImage"},"datePublished":"2017-08-19T12:04:35-03:00","dateModified":"2017-08-18T11:10:01-03:00","inLanguage":"pt-BR","mainEntityOfPage":{"@id":"https:\/\/anoticiaonline.com.br\/site\/pm-do-47o-batalhao-faz-treinamento-para-atuar-em-areas-de-risco\/#webpage"},"isPartOf":{"@id":"https:\/\/anoticiaonline.com.br\/site\/pm-do-47o-batalhao-faz-treinamento-para-atuar-em-areas-de-risco\/#webpage"},"articleSection":"Blog, batalh\u00e3o, Juiz de Fora, Muria\u00e9, pm, seguran\u00e7a p\u00fablica, slide, treinamento"},{"@type":"BreadcrumbList","@id":"https:\/\/anoticiaonline.com.br\/site\/pm-do-47o-batalhao-faz-treinamento-para-atuar-em-areas-de-risco\/#breadcrumblist","itemListElement":[{"@type":"ListItem","@id":"https:\/\/anoticiaonline.com.br\/site#listItem","position":1,"name":"Home","item":"https:\/\/anoticiaonline.com.br\/site","nextItem":{"@type":"ListItem","@id":"https:\/\/anoticiaonline.com.br\/site\/categoria\/muriae\/#listItem","name":"Blog"}},{"@type":"ListItem","@id":"https:\/\/anoticiaonline.com.br\/site\/categoria\/muriae\/#listItem","position":2,"name":"Blog","item":"https:\/\/anoticiaonline.com.br\/site\/categoria\/muriae\/","nextItem":{"@type":"ListItem","@id":"https:\/\/anoticiaonline.com.br\/site\/pm-do-47o-batalhao-faz-treinamento-para-atuar-em-areas-de-risco\/#listItem","name":"PM do 47\u00ba Batalh\u00e3o faz treinamento para atuar em \u00e1reas de risco"},"previousItem":{"@type":"ListItem","@id":"https:\/\/anoticiaonline.com.br\/site#listItem","name":"Home"}},{"@type":"ListItem","@id":"https:\/\/anoticiaonline.com.br\/site\/pm-do-47o-batalhao-faz-treinamento-para-atuar-em-areas-de-risco\/#listItem","position":3,"name":"PM do 47\u00ba Batalh\u00e3o faz treinamento para atuar em \u00e1reas de risco","previousItem":{"@type":"ListItem","@id":"https:\/\/anoticiaonline.com.br\/site\/categoria\/muriae\/#listItem","name":"Blog"}}]},{"@type":"Organization","@id":"https:\/\/anoticiaonline.com.br\/site\/#organization","name":"A Not\u00edcia Online","description":"Noticias de Muria\u00e9 e regi\u00e3o","url":"https:\/\/anoticiaonline.com.br\/site\/","logo":{"@type":"ImageObject","url":"https:\/\/scontent-gig4-1.xx.fbcdn.net\/v\/t39.30808-1\/270437624_4564083193639691_6907940295614233970_n.jpg?stp=dst-jpg_s200x200_tt6&_nc_cat=111&ccb=1-7&_nc_sid=f907e8&_nc_ohc=SM1wRlP3lJwQ7kNvwEPuBYA&_nc_oc=AdnqrjDN_BNjSSHWO-GbkIWH6fkGMLw4bqvL_NH6e2wMveX7G-rP2dAqsDSq1mJMOaY&_nc_zt=24&_nc_ht=scontent-gig4-1.xx&_nc_gid=AoBFJeGrT1hVaew_6rchkQ&oh=00_AfX7QmFGhQhG2jAllVgXCiM1ZrWgvtp80-Bfppyexh1QEg&oe=689E923C","@id":"https:\/\/anoticiaonline.com.br\/site\/pm-do-47o-batalhao-faz-treinamento-para-atuar-em-areas-de-risco\/#organizationLogo"},"image":{"@id":"https:\/\/anoticiaonline.com.br\/site\/pm-do-47o-batalhao-faz-treinamento-para-atuar-em-areas-de-risco\/#organizationLogo"}},{"@type":"Person","@id":"https:\/\/anoticiaonline.com.br\/site\/author\/juliana\/#author","url":"https:\/\/anoticiaonline.com.br\/site\/author\/juliana\/","name":"Juliana Laviola","image":{"@type":"ImageObject","@id":"https:\/\/anoticiaonline.com.br\/site\/pm-do-47o-batalhao-faz-treinamento-para-atuar-em-areas-de-risco\/#authorImage","url":"https:\/\/secure.gravatar.com\/avatar\/b8d45f5c699b100dfaf0e543582f38f38bf94cb7ae3a5e9abf8d891a34773335?s=96&d=mm&r=g","width":96,"height":96,"caption":"Juliana Laviola"}},{"@type":"WebPage","@id":"https:\/\/anoticiaonline.com.br\/site\/pm-do-47o-batalhao-faz-treinamento-para-atuar-em-areas-de-risco\/#webpage","url":"https:\/\/anoticiaonline.com.br\/site\/pm-do-47o-batalhao-faz-treinamento-para-atuar-em-areas-de-risco\/","name":"PM do 47\u00ba Batalh\u00e3o faz treinamento para atuar em \u00e1reas de risco - A Not\u00edcia Online","description":"Os policiais militares do 47\u00ba Batalh\u00e3o da Pol\u00edcia Militar deram in\u00edcio, na ter\u00e7a-feira (15), ao Curso Intensivo de Conduta de Patrulha, ministrado pelo capit\u00e3o Pagy e pelo subtenente Aur\u00e9lio, da 4\u00aa Companhia Independente de Policiamento Especializado, de Juiz de Fora. O curso, com dura\u00e7\u00e3o de uma semana, tem o objetivo de instruir e nivelar o","inLanguage":"pt-BR","isPartOf":{"@id":"https:\/\/anoticiaonline.com.br\/site\/#website"},"breadcrumb":{"@id":"https:\/\/anoticiaonline.com.br\/site\/pm-do-47o-batalhao-faz-treinamento-para-atuar-em-areas-de-risco\/#breadcrumblist"},"author":{"@id":"https:\/\/anoticiaonline.com.br\/site\/author\/juliana\/#author"},"creator":{"@id":"https:\/\/anoticiaonline.com.br\/site\/author\/juliana\/#author"},"datePublished":"2017-08-19T12:04:35-03:00","dateModified":"2017-08-18T11:10:01-03:00"},{"@type":"WebSite","@id":"https:\/\/anoticiaonline.com.br\/site\/#website","url":"https:\/\/anoticiaonline.com.br\/site\/","name":"A Not\u00edcia Online","description":"Noticias de Muria\u00e9 e regi\u00e3o","inLanguage":"pt-BR","publisher":{"@id":"https:\/\/anoticiaonline.com.br\/site\/#organization"}}]},"og:locale":"pt_BR","og:site_name":"A Not\u00edcia Online - Noticias de Muria\u00e9 e regi\u00e3o","og:type":"article","og:title":"PM do 47\u00ba Batalh\u00e3o faz treinamento para atuar em \u00e1reas de risco - A Not\u00edcia Online","og:description":"Os policiais militares do 47\u00ba Batalh\u00e3o da Pol\u00edcia Militar deram in\u00edcio, na ter\u00e7a-feira (15), ao Curso Intensivo de Conduta de Patrulha, ministrado pelo capit\u00e3o Pagy e pelo subtenente Aur\u00e9lio, da 4\u00aa Companhia Independente de Policiamento Especializado, de Juiz de Fora. O curso, com dura\u00e7\u00e3o de uma semana, tem o objetivo de instruir e nivelar o","og:url":"https:\/\/anoticiaonline.com.br\/site\/pm-do-47o-batalhao-faz-treinamento-para-atuar-em-areas-de-risco\/","og:image":"https:\/\/scontent-gig4-1.xx.fbcdn.net\/v\/t39.30808-1\/270437624_4564083193639691_6907940295614233970_n.jpg?stp=dst-jpg_s200x200_tt6&#038;_nc_cat=111&#038;ccb=1-7&#038;_nc_sid=f907e8&#038;_nc_ohc=SM1wRlP3lJwQ7kNvwEPuBYA&#038;_nc_oc=AdnqrjDN_BNjSSHWO-GbkIWH6fkGMLw4bqvL_NH6e2wMveX7G-rP2dAqsDSq1mJMOaY&#038;_nc_zt=24&#038;_nc_ht=scontent-gig4-1.xx&#038;_nc_gid=AoBFJeGrT1hVaew_6rchkQ&#038;oh=00_AfX7QmFGhQhG2jAllVgXCiM1ZrWgvtp80-Bfppyexh1QEg&#038;oe=689E923C","og:image:secure_url":"https:\/\/scontent-gig4-1.xx.fbcdn.net\/v\/t39.30808-1\/270437624_4564083193639691_6907940295614233970_n.jpg?stp=dst-jpg_s200x200_tt6&#038;_nc_cat=111&#038;ccb=1-7&#038;_nc_sid=f907e8&#038;_nc_ohc=SM1wRlP3lJwQ7kNvwEPuBYA&#038;_nc_oc=AdnqrjDN_BNjSSHWO-GbkIWH6fkGMLw4bqvL_NH6e2wMveX7G-rP2dAqsDSq1mJMOaY&#038;_nc_zt=24&#038;_nc_ht=scontent-gig4-1.xx&#038;_nc_gid=AoBFJeGrT1hVaew_6rchkQ&#038;oh=00_AfX7QmFGhQhG2jAllVgXCiM1ZrWgvtp80-Bfppyexh1QEg&#038;oe=689E923C","article:published_time":"2017-08-19T15:04:35+00:00","article:modified_time":"2017-08-18T14:10:01+00:00","twitter:card":"summary_large_image","twitter:title":"PM do 47\u00ba Batalh\u00e3o faz treinamento para atuar em \u00e1reas de risco - A Not\u00edcia Online","twitter:description":"Os policiais militares do 47\u00ba Batalh\u00e3o da Pol\u00edcia Militar deram in\u00edcio, na ter\u00e7a-feira (15), ao Curso Intensivo de Conduta de Patrulha, ministrado pelo capit\u00e3o Pagy e pelo subtenente Aur\u00e9lio, da 4\u00aa Companhia Independente de Policiamento Especializado, de Juiz de Fora. O curso, com dura\u00e7\u00e3o de uma semana, tem o objetivo de instruir e nivelar o","twitter:image":"https:\/\/scontent-gig4-1.xx.fbcdn.net\/v\/t39.30808-1\/270437624_4564083193639691_6907940295614233970_n.jpg?stp=dst-jpg_s200x200_tt6&_nc_cat=111&ccb=1-7&_nc_sid=f907e8&_nc_ohc=SM1wRlP3lJwQ7kNvwEPuBYA&_nc_oc=AdnqrjDN_BNjSSHWO-GbkIWH6fkGMLw4bqvL_NH6e2wMveX7G-rP2dAqsDSq1mJMOaY&_nc_zt=24&_nc_ht=scontent-gig4-1.xx&_nc_gid=AoBFJeGrT1hVaew_6rchkQ&oh=00_AfX7QmFGhQhG2jAllVgXCiM1ZrWgvtp80-Bfppyexh1QEg&oe=689E923C"},"aioseo_meta_data":{"post_id":"38363","title":null,"description":null,"keywords":null,"keyphrases":null,"primary_term":null,"canonical_url":null,"og_title":null,"og_description":null,"og_object_type":"default","og_image_type":"default","og_image_url":null,"og_image_width":null,"og_image_height":null,"og_image_custom_url":null,"og_image_custom_fields":null,"og_video":null,"og_custom_url":null,"og_article_section":null,"og_article_tags":null,"twitter_use_og":false,"twitter_card":"default","twitter_image_type":"default","twitter_image_url":null,"twitter_image_custom_url":null,"twitter_image_custom_fields":null,"twitter_title":null,"twitter_description":null,"schema":{"blockGraphs":[],"customGraphs":[],"default":{"data":{"Article":[],"Course":[],"Dataset":[],"FAQPage":[],"Movie":[],"Person":[],"Product":[],"ProductReview":[],"Car":[],"Recipe":[],"Service":[],"SoftwareApplication":[],"WebPage":[]},"graphName":"","isEnabled":true},"graphs":[]},"schema_type":"default","schema_type_options":null,"pillar_content":false,"robots_default":true,"robots_noindex":false,"robots_noarchive":false,"robots_nosnippet":false,"robots_nofollow":false,"robots_noimageindex":false,"robots_noodp":false,"robots_notranslate":false,"robots_max_snippet":null,"robots_max_videopreview":null,"robots_max_imagepreview":"large","priority":null,"frequency":null,"local_seo":null,"breadcrumb_settings":null,"limit_modified_date":false,"ai":null,"created":"2025-08-16 19:19:25","updated":"2025-08-16 19:19:25","focus_keyword":null,"additional_keywords":null,"truseo_locale":null,"seo_analyzer_scan_date":null},"aioseo_breadcrumb":"<div class=\"aioseo-breadcrumbs\"><span class=\"aioseo-breadcrumb\">\n\t\t\t<a href=\"https:\/\/anoticiaonline.com.br\/site\" title=\"Home\">Home<\/a>\n\t\t<\/span><span class=\"aioseo-breadcrumb-separator\">&raquo;<\/span><span class=\"aioseo-breadcrumb\">\n\t\t\t<a href=\"https:\/\/anoticiaonline.com.br\/site\/categoria\/muriae\/\" title=\"Blog\">Blog<\/a>\n\t\t<\/span><span class=\"aioseo-breadcrumb-separator\">&raquo;<\/span><span class=\"aioseo-breadcrumb\">\n\t\t\tPM do 47\u00ba Batalh\u00e3o faz treinamento para atuar em \u00e1reas de risco\n\t\t<\/span><\/div>","aioseo_breadcrumb_json":[{"label":"Home","link":"https:\/\/anoticiaonline.com.br\/site"},{"label":"Blog","link":"https:\/\/anoticiaonline.com.br\/site\/categoria\/muriae\/"},{"label":"PM do 47\u00ba Batalh\u00e3o faz treinamento para atuar em \u00e1reas de risco","link":"https:\/\/anoticiaonline.com.br\/site\/pm-do-47o-batalhao-faz-treinamento-para-atuar-em-areas-de-risco\/"}],"views":136,"_links":{"self":[{"href":"https:\/\/anoticiaonline.com.br\/site\/wp-json\/wp\/v2\/posts\/38363","targetHints":{"allow":["GET"]}}],"collection":[{"href":"https:\/\/anoticiaonline.com.br\/site\/wp-json\/wp\/v2\/posts"}],"about":[{"href":"https:\/\/anoticiaonline.com.br\/site\/wp-json\/wp\/v2\/types\/post"}],"author":[{"embeddable":true,"href":"https:\/\/anoticiaonline.com.br\/site\/wp-json\/wp\/v2\/users\/2"}],"replies":[{"embeddable":true,"href":"https:\/\/anoticiaonline.com.br\/site\/wp-json\/wp\/v2\/comments?post=38363"}],"version-history":[{"count":0,"href":"https:\/\/anoticiaonline.com.br\/site\/wp-json\/wp\/v2\/posts\/38363\/revisions"}],"wp:attachment":[{"href":"https:\/\/anoticiaonline.com.br\/site\/wp-json\/wp\/v2\/media?parent=38363"}],"wp:term":[{"taxonomy":"category","embeddable":true,"href":"https:\/\/anoticiaonline.com.br\/site\/wp-json\/wp\/v2\/categories?post=38363"},{"taxonomy":"post_tag","embeddable":true,"href":"https:\/\/anoticiaonline.com.br\/site\/wp-json\/wp\/v2\/tags?post=38363"}],"curies":[{"name":"wp","href":"https:\/\/api.w.org\/{rel}","templated":true}]}}