{"id":38355,"date":"2017-08-18T10:48:46","date_gmt":"2017-08-18T13:48:46","guid":{"rendered":"http:\/\/anoticiaonline.com.br\/site\/?p=38355"},"modified":"2017-08-18T10:48:46","modified_gmt":"2017-08-18T13:48:46","slug":"prefeito-de-antonio-prado-de-minas-esclarece-sobre-transporte-publico","status":"publish","type":"post","link":"https:\/\/anoticiaonline.com.br\/site\/prefeito-de-antonio-prado-de-minas-esclarece-sobre-transporte-publico\/","title":{"rendered":"Prefeito de Ant\u00f4nio Prado de Minas esclarece sobre transporte p\u00fablico"},"content":{"rendered":"<figure id=\"attachment_38356\" aria-describedby=\"caption-attachment-38356\" style=\"width: 290px\" class=\"wp-caption alignleft\"><a href=\"https:\/\/anoticiaonline.com.br\/site\/wp-content\/uploads\/2017\/08\/FOTO-SILVAN.jpg\"><img fetchpriority=\"high\" decoding=\"async\" class=\"size-medium wp-image-38356\" src=\"https:\/\/anoticiaonline.com.br\/site\/wp-content\/uploads\/2017\/08\/FOTO-SILVAN-300x225.jpg\" alt=\"\" width=\"300\" height=\"225\" srcset=\"https:\/\/anoticiaonline.com.br\/site\/wp-content\/uploads\/2017\/08\/FOTO-SILVAN-300x225.jpg 300w, https:\/\/anoticiaonline.com.br\/site\/wp-content\/uploads\/2017\/08\/FOTO-SILVAN.jpg 620w\" sizes=\"(max-width: 300px) 100vw, 300px\" \/><\/a><figcaption id=\"caption-attachment-38356\" class=\"wp-caption-text\">Foto: www.silvanalves.com.br<\/figcaption><\/figure>\n<p>Desde o in\u00edcio de 2017, os moradores de Ant\u00f4nio Prado de Minas e de Pedra Dourada est\u00e3o sem transporte p\u00fablico. De acordo com o prefeito de Ant\u00f4nio Prado, Sans\u00e3o, uma decis\u00e3o da Secretaria de Estado de Transportes e Obras P\u00fablicas (SETOP) est\u00e1 sendo aguardada para resolver o problema. A linha Muria\u00e9-Ant\u00f4nio Prado de Minas-Pedra Dourada, de responsabilidade da empresa Baresa, foi extinta.<\/p>\n<p>No dia 13 de abril, a SETOP publicou o edital de Audi\u00eancia P\u00fablica para a concess\u00e3o de servi\u00e7o de transporte p\u00fablico para atender regi\u00f5es de Minas Gerais, incluindo o trecho que liga Pedra Dourada a Muria\u00e9.<\/p>\n<p>No dia 10 de maio, a audi\u00eancia foi realizada em meio a reclama\u00e7\u00f5es por parte das empresas que tinham interesse em participar do processo, j\u00e1 que as linhas seriam disputadas em lotes e n\u00e3o individualmente.\u00a0Visto que a audi\u00eancia era apenas para credenciamento das empresas para participarem da licita\u00e7\u00e3o, a cidade ainda continua sem solu\u00e7\u00e3o para o problema.<\/p>\n<p>De acordo com o prefeito Sans\u00e3o, a situa\u00e7\u00e3o est\u00e1 prejudicando os moradores e que aguarda uma posi\u00e7\u00e3o da SETOP. \u201cEstamos sem liga\u00e7\u00e3o com as cidades de Muria\u00e9 e Eugen\u00f3polis, pois a linha que foi suspensa realizava o transporte para estes munic\u00edpios. Devido \u00e0 falta deste servi\u00e7o, temos de disponibilizar um \u00f4nibus da prefeitura para auxiliar no deslocamento das pessoas, principalmente daquelas que trabalham nas cidades vizinhas. J\u00e1 fomos at\u00e9 o Minist\u00e9rio P\u00fablico a ao Poder Legislativo Estadual para pedir ajuda para resolver o problema, mas n\u00e3o conseguimos uma liminar para garantir o servi\u00e7o pelo menos por mais um tempo\u201d, contou.<\/p>\n<p>O prefeito disse que o dinheiro que est\u00e1 sendo gasto neste transporte est\u00e1 prejudicando o investimento em outras \u00e1reas. \u201cPara evitar que o cidad\u00e3o de Ant\u00f4nio Prado perca seu emprego nas cidades vizinhas, a prefeitura est\u00e1 fazendo o poss\u00edvel, mas esta despesa prejudica os cofres do munic\u00edpio e impede o desenvolvimento em outros setores. Espero que a SETOP resolva esta situa\u00e7\u00e3o o mais r\u00e1pido poss\u00edvel. Infelizmente, s\u00f3 nos resta esperar\u201d, finalizou.<\/p>\n","protected":false},"excerpt":{"rendered":"<p>Desde o in\u00edcio de 2017, os moradores de Ant\u00f4nio Prado de Minas e de Pedra Dourada est\u00e3o sem transporte p\u00fablico. De acordo com o prefeito de Ant\u00f4nio Prado, Sans\u00e3o, uma decis\u00e3o da Secretaria de Estado de Transportes e Obras P\u00fablicas (SETOP) est\u00e1 sendo aguardada para resolver o problema. A linha Muria\u00e9-Ant\u00f4nio Prado de Minas-Pedra Dourada, &#8230; <a title=\"Prefeito de Ant\u00f4nio Prado de Minas esclarece sobre transporte p\u00fablico\" class=\"read-more\" href=\"https:\/\/anoticiaonline.com.br\/site\/prefeito-de-antonio-prado-de-minas-esclarece-sobre-transporte-publico\/\" aria-label=\"Read more about Prefeito de Ant\u00f4nio Prado de Minas esclarece sobre transporte p\u00fablico\">Ler mais<\/a><\/p>\n","protected":false},"author":2,"featured_media":38356,"comment_status":"open","ping_status":"open","sticky":false,"template":"","format":"standard","meta":{"_acf_changed":false,"_monsterinsights_skip_tracking":false,"footnotes":""},"categories":[6,45],"tags":[930,188,3,274],"class_list":["post-38355","post","type-post","status-publish","format-standard","has-post-thumbnail","hentry","category-regiao","category-transito","tag-antonio-prado-de-minas","tag-mobilidade-urbana","tag-slide","tag-transporte"],"acf":[],"aioseo_notices":[],"aioseo_head":"\n\t\t<!-- All in One SEO 5.0.0.1 - aioseo.com -->\n\t<meta name=\"description\" content=\"Desde o in\u00edcio de 2017, os moradores de Ant\u00f4nio Prado de Minas e de Pedra Dourada est\u00e3o sem transporte p\u00fablico. De acordo com o prefeito de Ant\u00f4nio Prado, Sans\u00e3o, uma decis\u00e3o da Secretaria de Estado de Transportes e Obras P\u00fablicas (SETOP) est\u00e1 sendo aguardada para resolver o problema. A linha Muria\u00e9-Ant\u00f4nio Prado de Minas-Pedra Dourada,\" \/>\n\t<meta name=\"robots\" content=\"max-image-preview:large\" \/>\n\t<meta name=\"author\" content=\"Juliana Laviola\"\/>\n\t<link rel=\"canonical\" href=\"https:\/\/anoticiaonline.com.br\/site\/prefeito-de-antonio-prado-de-minas-esclarece-sobre-transporte-publico\/\" \/>\n\t<meta name=\"generator\" content=\"All in One SEO (AIOSEO) 5.0.0.1\" \/>\n\t\t<meta property=\"og:locale\" content=\"pt_BR\" \/>\n\t\t<meta property=\"og:site_name\" content=\"A Not\u00edcia Online - Noticias de Muria\u00e9 e regi\u00e3o\" \/>\n\t\t<meta property=\"og:type\" content=\"article\" \/>\n\t\t<meta property=\"og:title\" content=\"Prefeito de Ant\u00f4nio Prado de Minas esclarece sobre transporte p\u00fablico - A Not\u00edcia Online\" \/>\n\t\t<meta property=\"og:description\" content=\"Desde o in\u00edcio de 2017, os moradores de Ant\u00f4nio Prado de Minas e de Pedra Dourada est\u00e3o sem transporte p\u00fablico. De acordo com o prefeito de Ant\u00f4nio Prado, Sans\u00e3o, uma decis\u00e3o da Secretaria de Estado de Transportes e Obras P\u00fablicas (SETOP) est\u00e1 sendo aguardada para resolver o problema. A linha Muria\u00e9-Ant\u00f4nio Prado de Minas-Pedra Dourada,\" \/>\n\t\t<meta property=\"og:url\" content=\"https:\/\/anoticiaonline.com.br\/site\/prefeito-de-antonio-prado-de-minas-esclarece-sobre-transporte-publico\/\" \/>\n\t\t<meta property=\"og:image\" content=\"https:\/\/scontent-gig4-1.xx.fbcdn.net\/v\/t39.30808-1\/270437624_4564083193639691_6907940295614233970_n.jpg?stp=dst-jpg_s200x200_tt6&#038;_nc_cat=111&#038;ccb=1-7&#038;_nc_sid=f907e8&#038;_nc_ohc=SM1wRlP3lJwQ7kNvwEPuBYA&#038;_nc_oc=AdnqrjDN_BNjSSHWO-GbkIWH6fkGMLw4bqvL_NH6e2wMveX7G-rP2dAqsDSq1mJMOaY&#038;_nc_zt=24&#038;_nc_ht=scontent-gig4-1.xx&#038;_nc_gid=AoBFJeGrT1hVaew_6rchkQ&#038;oh=00_AfX7QmFGhQhG2jAllVgXCiM1ZrWgvtp80-Bfppyexh1QEg&#038;oe=689E923C\" \/>\n\t\t<meta property=\"og:image:secure_url\" content=\"https:\/\/scontent-gig4-1.xx.fbcdn.net\/v\/t39.30808-1\/270437624_4564083193639691_6907940295614233970_n.jpg?stp=dst-jpg_s200x200_tt6&#038;_nc_cat=111&#038;ccb=1-7&#038;_nc_sid=f907e8&#038;_nc_ohc=SM1wRlP3lJwQ7kNvwEPuBYA&#038;_nc_oc=AdnqrjDN_BNjSSHWO-GbkIWH6fkGMLw4bqvL_NH6e2wMveX7G-rP2dAqsDSq1mJMOaY&#038;_nc_zt=24&#038;_nc_ht=scontent-gig4-1.xx&#038;_nc_gid=AoBFJeGrT1hVaew_6rchkQ&#038;oh=00_AfX7QmFGhQhG2jAllVgXCiM1ZrWgvtp80-Bfppyexh1QEg&#038;oe=689E923C\" \/>\n\t\t<meta property=\"article:published_time\" content=\"2017-08-18T13:48:46+00:00\" \/>\n\t\t<meta property=\"article:modified_time\" content=\"2017-08-18T13:48:46+00:00\" \/>\n\t\t<meta name=\"twitter:card\" content=\"summary_large_image\" \/>\n\t\t<meta name=\"twitter:title\" content=\"Prefeito de Ant\u00f4nio Prado de Minas esclarece sobre transporte p\u00fablico - A Not\u00edcia Online\" \/>\n\t\t<meta name=\"twitter:description\" content=\"Desde o in\u00edcio de 2017, os moradores de Ant\u00f4nio Prado de Minas e de Pedra Dourada est\u00e3o sem transporte p\u00fablico. De acordo com o prefeito de Ant\u00f4nio Prado, Sans\u00e3o, uma decis\u00e3o da Secretaria de Estado de Transportes e Obras P\u00fablicas (SETOP) est\u00e1 sendo aguardada para resolver o problema. A linha Muria\u00e9-Ant\u00f4nio Prado de Minas-Pedra Dourada,\" \/>\n\t\t<meta name=\"twitter:image\" content=\"https:\/\/scontent-gig4-1.xx.fbcdn.net\/v\/t39.30808-1\/270437624_4564083193639691_6907940295614233970_n.jpg?stp=dst-jpg_s200x200_tt6&amp;_nc_cat=111&amp;ccb=1-7&amp;_nc_sid=f907e8&amp;_nc_ohc=SM1wRlP3lJwQ7kNvwEPuBYA&amp;_nc_oc=AdnqrjDN_BNjSSHWO-GbkIWH6fkGMLw4bqvL_NH6e2wMveX7G-rP2dAqsDSq1mJMOaY&amp;_nc_zt=24&amp;_nc_ht=scontent-gig4-1.xx&amp;_nc_gid=AoBFJeGrT1hVaew_6rchkQ&amp;oh=00_AfX7QmFGhQhG2jAllVgXCiM1ZrWgvtp80-Bfppyexh1QEg&amp;oe=689E923C\" \/>\n\t\t<script type=\"application\/ld+json\" class=\"aioseo-schema\">\n\t\t\t{\"@context\":\"https:\\\/\\\/schema.org\",\"@graph\":[{\"@type\":\"BlogPosting\",\"@id\":\"https:\\\/\\\/anoticiaonline.com.br\\\/site\\\/prefeito-de-antonio-prado-de-minas-esclarece-sobre-transporte-publico\\\/#blogposting\",\"name\":\"Prefeito de Ant\\u00f4nio Prado de Minas esclarece sobre transporte p\\u00fablico - A Not\\u00edcia Online\",\"headline\":\"Prefeito de Ant\\u00f4nio Prado de Minas esclarece sobre transporte p\\u00fablico\",\"author\":{\"@id\":\"https:\\\/\\\/anoticiaonline.com.br\\\/site\\\/author\\\/juliana\\\/#author\"},\"publisher\":{\"@id\":\"https:\\\/\\\/anoticiaonline.com.br\\\/site\\\/#organization\"},\"image\":{\"@type\":\"ImageObject\",\"url\":\"https:\\\/\\\/anoticiaonline.com.br\\\/site\\\/wp-content\\\/uploads\\\/2017\\\/08\\\/FOTO-SILVAN.jpg\",\"width\":620,\"height\":465,\"caption\":\"Foto: www.silvanalves.com.br\"},\"datePublished\":\"2017-08-18T10:48:46-03:00\",\"dateModified\":\"2017-08-18T10:48:46-03:00\",\"inLanguage\":\"pt-BR\",\"mainEntityOfPage\":{\"@id\":\"https:\\\/\\\/anoticiaonline.com.br\\\/site\\\/prefeito-de-antonio-prado-de-minas-esclarece-sobre-transporte-publico\\\/#webpage\"},\"isPartOf\":{\"@id\":\"https:\\\/\\\/anoticiaonline.com.br\\\/site\\\/prefeito-de-antonio-prado-de-minas-esclarece-sobre-transporte-publico\\\/#webpage\"},\"articleSection\":\"Regi\\u00e3o, Tr\\u00e2nsito, antonio prado de minas, mobilidade urbana, slide, transporte\"},{\"@type\":\"BreadcrumbList\",\"@id\":\"https:\\\/\\\/anoticiaonline.com.br\\\/site\\\/prefeito-de-antonio-prado-de-minas-esclarece-sobre-transporte-publico\\\/#breadcrumblist\",\"itemListElement\":[{\"@type\":\"ListItem\",\"@id\":\"https:\\\/\\\/anoticiaonline.com.br\\\/site#listItem\",\"position\":1,\"name\":\"Home\",\"item\":\"https:\\\/\\\/anoticiaonline.com.br\\\/site\",\"nextItem\":{\"@type\":\"ListItem\",\"@id\":\"https:\\\/\\\/anoticiaonline.com.br\\\/site\\\/categoria\\\/muriae\\\/#listItem\",\"name\":\"Blog\"}},{\"@type\":\"ListItem\",\"@id\":\"https:\\\/\\\/anoticiaonline.com.br\\\/site\\\/categoria\\\/muriae\\\/#listItem\",\"position\":2,\"name\":\"Blog\",\"item\":\"https:\\\/\\\/anoticiaonline.com.br\\\/site\\\/categoria\\\/muriae\\\/\",\"nextItem\":{\"@type\":\"ListItem\",\"@id\":\"https:\\\/\\\/anoticiaonline.com.br\\\/site\\\/categoria\\\/muriae\\\/transito\\\/#listItem\",\"name\":\"Tr\\u00e2nsito\"},\"previousItem\":{\"@type\":\"ListItem\",\"@id\":\"https:\\\/\\\/anoticiaonline.com.br\\\/site#listItem\",\"name\":\"Home\"}},{\"@type\":\"ListItem\",\"@id\":\"https:\\\/\\\/anoticiaonline.com.br\\\/site\\\/categoria\\\/muriae\\\/transito\\\/#listItem\",\"position\":3,\"name\":\"Tr\\u00e2nsito\",\"item\":\"https:\\\/\\\/anoticiaonline.com.br\\\/site\\\/categoria\\\/muriae\\\/transito\\\/\",\"nextItem\":{\"@type\":\"ListItem\",\"@id\":\"https:\\\/\\\/anoticiaonline.com.br\\\/site\\\/prefeito-de-antonio-prado-de-minas-esclarece-sobre-transporte-publico\\\/#listItem\",\"name\":\"Prefeito de Ant\\u00f4nio Prado de Minas esclarece sobre transporte p\\u00fablico\"},\"previousItem\":{\"@type\":\"ListItem\",\"@id\":\"https:\\\/\\\/anoticiaonline.com.br\\\/site\\\/categoria\\\/muriae\\\/#listItem\",\"name\":\"Blog\"}},{\"@type\":\"ListItem\",\"@id\":\"https:\\\/\\\/anoticiaonline.com.br\\\/site\\\/prefeito-de-antonio-prado-de-minas-esclarece-sobre-transporte-publico\\\/#listItem\",\"position\":4,\"name\":\"Prefeito de Ant\\u00f4nio Prado de Minas esclarece sobre transporte p\\u00fablico\",\"previousItem\":{\"@type\":\"ListItem\",\"@id\":\"https:\\\/\\\/anoticiaonline.com.br\\\/site\\\/categoria\\\/muriae\\\/transito\\\/#listItem\",\"name\":\"Tr\\u00e2nsito\"}}]},{\"@type\":\"Organization\",\"@id\":\"https:\\\/\\\/anoticiaonline.com.br\\\/site\\\/#organization\",\"name\":\"A Not\\u00edcia Online\",\"description\":\"Noticias de Muria\\u00e9 e regi\\u00e3o\",\"url\":\"https:\\\/\\\/anoticiaonline.com.br\\\/site\\\/\",\"logo\":{\"@type\":\"ImageObject\",\"url\":\"https:\\\/\\\/scontent-gig4-1.xx.fbcdn.net\\\/v\\\/t39.30808-1\\\/270437624_4564083193639691_6907940295614233970_n.jpg?stp=dst-jpg_s200x200_tt6&_nc_cat=111&ccb=1-7&_nc_sid=f907e8&_nc_ohc=SM1wRlP3lJwQ7kNvwEPuBYA&_nc_oc=AdnqrjDN_BNjSSHWO-GbkIWH6fkGMLw4bqvL_NH6e2wMveX7G-rP2dAqsDSq1mJMOaY&_nc_zt=24&_nc_ht=scontent-gig4-1.xx&_nc_gid=AoBFJeGrT1hVaew_6rchkQ&oh=00_AfX7QmFGhQhG2jAllVgXCiM1ZrWgvtp80-Bfppyexh1QEg&oe=689E923C\",\"@id\":\"https:\\\/\\\/anoticiaonline.com.br\\\/site\\\/prefeito-de-antonio-prado-de-minas-esclarece-sobre-transporte-publico\\\/#organizationLogo\"},\"image\":{\"@id\":\"https:\\\/\\\/anoticiaonline.com.br\\\/site\\\/prefeito-de-antonio-prado-de-minas-esclarece-sobre-transporte-publico\\\/#organizationLogo\"}},{\"@type\":\"Person\",\"@id\":\"https:\\\/\\\/anoticiaonline.com.br\\\/site\\\/author\\\/juliana\\\/#author\",\"url\":\"https:\\\/\\\/anoticiaonline.com.br\\\/site\\\/author\\\/juliana\\\/\",\"name\":\"Juliana Laviola\",\"image\":{\"@type\":\"ImageObject\",\"@id\":\"https:\\\/\\\/anoticiaonline.com.br\\\/site\\\/prefeito-de-antonio-prado-de-minas-esclarece-sobre-transporte-publico\\\/#authorImage\",\"url\":\"https:\\\/\\\/secure.gravatar.com\\\/avatar\\\/b8d45f5c699b100dfaf0e543582f38f38bf94cb7ae3a5e9abf8d891a34773335?s=96&d=mm&r=g\",\"width\":96,\"height\":96,\"caption\":\"Juliana Laviola\"}},{\"@type\":\"WebPage\",\"@id\":\"https:\\\/\\\/anoticiaonline.com.br\\\/site\\\/prefeito-de-antonio-prado-de-minas-esclarece-sobre-transporte-publico\\\/#webpage\",\"url\":\"https:\\\/\\\/anoticiaonline.com.br\\\/site\\\/prefeito-de-antonio-prado-de-minas-esclarece-sobre-transporte-publico\\\/\",\"name\":\"Prefeito de Ant\\u00f4nio Prado de Minas esclarece sobre transporte p\\u00fablico - A Not\\u00edcia Online\",\"description\":\"Desde o in\\u00edcio de 2017, os moradores de Ant\\u00f4nio Prado de Minas e de Pedra Dourada est\\u00e3o sem transporte p\\u00fablico. De acordo com o prefeito de Ant\\u00f4nio Prado, Sans\\u00e3o, uma decis\\u00e3o da Secretaria de Estado de Transportes e Obras P\\u00fablicas (SETOP) est\\u00e1 sendo aguardada para resolver o problema. A linha Muria\\u00e9-Ant\\u00f4nio Prado de Minas-Pedra Dourada,\",\"inLanguage\":\"pt-BR\",\"isPartOf\":{\"@id\":\"https:\\\/\\\/anoticiaonline.com.br\\\/site\\\/#website\"},\"breadcrumb\":{\"@id\":\"https:\\\/\\\/anoticiaonline.com.br\\\/site\\\/prefeito-de-antonio-prado-de-minas-esclarece-sobre-transporte-publico\\\/#breadcrumblist\"},\"author\":{\"@id\":\"https:\\\/\\\/anoticiaonline.com.br\\\/site\\\/author\\\/juliana\\\/#author\"},\"creator\":{\"@id\":\"https:\\\/\\\/anoticiaonline.com.br\\\/site\\\/author\\\/juliana\\\/#author\"},\"image\":{\"@type\":\"ImageObject\",\"url\":\"https:\\\/\\\/anoticiaonline.com.br\\\/site\\\/wp-content\\\/uploads\\\/2017\\\/08\\\/FOTO-SILVAN.jpg\",\"@id\":\"https:\\\/\\\/anoticiaonline.com.br\\\/site\\\/prefeito-de-antonio-prado-de-minas-esclarece-sobre-transporte-publico\\\/#mainImage\",\"width\":620,\"height\":465,\"caption\":\"Foto: www.silvanalves.com.br\"},\"primaryImageOfPage\":{\"@id\":\"https:\\\/\\\/anoticiaonline.com.br\\\/site\\\/prefeito-de-antonio-prado-de-minas-esclarece-sobre-transporte-publico\\\/#mainImage\"},\"datePublished\":\"2017-08-18T10:48:46-03:00\",\"dateModified\":\"2017-08-18T10:48:46-03:00\"},{\"@type\":\"WebSite\",\"@id\":\"https:\\\/\\\/anoticiaonline.com.br\\\/site\\\/#website\",\"url\":\"https:\\\/\\\/anoticiaonline.com.br\\\/site\\\/\",\"name\":\"A Not\\u00edcia Online\",\"description\":\"Noticias de Muria\\u00e9 e regi\\u00e3o\",\"inLanguage\":\"pt-BR\",\"publisher\":{\"@id\":\"https:\\\/\\\/anoticiaonline.com.br\\\/site\\\/#organization\"}}]}\n\t\t<\/script>\n\t\t<!-- All in One SEO -->\n\n","aioseo_head_json":{"title":"Prefeito de Ant\u00f4nio Prado de Minas esclarece sobre transporte p\u00fablico - A Not\u00edcia Online","description":"Desde o in\u00edcio de 2017, os moradores de Ant\u00f4nio Prado de Minas e de Pedra Dourada est\u00e3o sem transporte p\u00fablico. De acordo com o prefeito de Ant\u00f4nio Prado, Sans\u00e3o, uma decis\u00e3o da Secretaria de Estado de Transportes e Obras P\u00fablicas (SETOP) est\u00e1 sendo aguardada para resolver o problema. A linha Muria\u00e9-Ant\u00f4nio Prado de Minas-Pedra Dourada,","canonical_url":"https:\/\/anoticiaonline.com.br\/site\/prefeito-de-antonio-prado-de-minas-esclarece-sobre-transporte-publico\/","robots":"max-image-preview:large","keywords":"","webmasterTools":{"miscellaneous":""},"schema":{"@context":"https:\/\/schema.org","@graph":[{"@type":"BlogPosting","@id":"https:\/\/anoticiaonline.com.br\/site\/prefeito-de-antonio-prado-de-minas-esclarece-sobre-transporte-publico\/#blogposting","name":"Prefeito de Ant\u00f4nio Prado de Minas esclarece sobre transporte p\u00fablico - A Not\u00edcia Online","headline":"Prefeito de Ant\u00f4nio Prado de Minas esclarece sobre transporte p\u00fablico","author":{"@id":"https:\/\/anoticiaonline.com.br\/site\/author\/juliana\/#author"},"publisher":{"@id":"https:\/\/anoticiaonline.com.br\/site\/#organization"},"image":{"@type":"ImageObject","url":"https:\/\/anoticiaonline.com.br\/site\/wp-content\/uploads\/2017\/08\/FOTO-SILVAN.jpg","width":620,"height":465,"caption":"Foto: www.silvanalves.com.br"},"datePublished":"2017-08-18T10:48:46-03:00","dateModified":"2017-08-18T10:48:46-03:00","inLanguage":"pt-BR","mainEntityOfPage":{"@id":"https:\/\/anoticiaonline.com.br\/site\/prefeito-de-antonio-prado-de-minas-esclarece-sobre-transporte-publico\/#webpage"},"isPartOf":{"@id":"https:\/\/anoticiaonline.com.br\/site\/prefeito-de-antonio-prado-de-minas-esclarece-sobre-transporte-publico\/#webpage"},"articleSection":"Regi\u00e3o, Tr\u00e2nsito, antonio prado de minas, mobilidade urbana, slide, transporte"},{"@type":"BreadcrumbList","@id":"https:\/\/anoticiaonline.com.br\/site\/prefeito-de-antonio-prado-de-minas-esclarece-sobre-transporte-publico\/#breadcrumblist","itemListElement":[{"@type":"ListItem","@id":"https:\/\/anoticiaonline.com.br\/site#listItem","position":1,"name":"Home","item":"https:\/\/anoticiaonline.com.br\/site","nextItem":{"@type":"ListItem","@id":"https:\/\/anoticiaonline.com.br\/site\/categoria\/muriae\/#listItem","name":"Blog"}},{"@type":"ListItem","@id":"https:\/\/anoticiaonline.com.br\/site\/categoria\/muriae\/#listItem","position":2,"name":"Blog","item":"https:\/\/anoticiaonline.com.br\/site\/categoria\/muriae\/","nextItem":{"@type":"ListItem","@id":"https:\/\/anoticiaonline.com.br\/site\/categoria\/muriae\/transito\/#listItem","name":"Tr\u00e2nsito"},"previousItem":{"@type":"ListItem","@id":"https:\/\/anoticiaonline.com.br\/site#listItem","name":"Home"}},{"@type":"ListItem","@id":"https:\/\/anoticiaonline.com.br\/site\/categoria\/muriae\/transito\/#listItem","position":3,"name":"Tr\u00e2nsito","item":"https:\/\/anoticiaonline.com.br\/site\/categoria\/muriae\/transito\/","nextItem":{"@type":"ListItem","@id":"https:\/\/anoticiaonline.com.br\/site\/prefeito-de-antonio-prado-de-minas-esclarece-sobre-transporte-publico\/#listItem","name":"Prefeito de Ant\u00f4nio Prado de Minas esclarece sobre transporte p\u00fablico"},"previousItem":{"@type":"ListItem","@id":"https:\/\/anoticiaonline.com.br\/site\/categoria\/muriae\/#listItem","name":"Blog"}},{"@type":"ListItem","@id":"https:\/\/anoticiaonline.com.br\/site\/prefeito-de-antonio-prado-de-minas-esclarece-sobre-transporte-publico\/#listItem","position":4,"name":"Prefeito de Ant\u00f4nio Prado de Minas esclarece sobre transporte p\u00fablico","previousItem":{"@type":"ListItem","@id":"https:\/\/anoticiaonline.com.br\/site\/categoria\/muriae\/transito\/#listItem","name":"Tr\u00e2nsito"}}]},{"@type":"Organization","@id":"https:\/\/anoticiaonline.com.br\/site\/#organization","name":"A Not\u00edcia Online","description":"Noticias de Muria\u00e9 e regi\u00e3o","url":"https:\/\/anoticiaonline.com.br\/site\/","logo":{"@type":"ImageObject","url":"https:\/\/scontent-gig4-1.xx.fbcdn.net\/v\/t39.30808-1\/270437624_4564083193639691_6907940295614233970_n.jpg?stp=dst-jpg_s200x200_tt6&_nc_cat=111&ccb=1-7&_nc_sid=f907e8&_nc_ohc=SM1wRlP3lJwQ7kNvwEPuBYA&_nc_oc=AdnqrjDN_BNjSSHWO-GbkIWH6fkGMLw4bqvL_NH6e2wMveX7G-rP2dAqsDSq1mJMOaY&_nc_zt=24&_nc_ht=scontent-gig4-1.xx&_nc_gid=AoBFJeGrT1hVaew_6rchkQ&oh=00_AfX7QmFGhQhG2jAllVgXCiM1ZrWgvtp80-Bfppyexh1QEg&oe=689E923C","@id":"https:\/\/anoticiaonline.com.br\/site\/prefeito-de-antonio-prado-de-minas-esclarece-sobre-transporte-publico\/#organizationLogo"},"image":{"@id":"https:\/\/anoticiaonline.com.br\/site\/prefeito-de-antonio-prado-de-minas-esclarece-sobre-transporte-publico\/#organizationLogo"}},{"@type":"Person","@id":"https:\/\/anoticiaonline.com.br\/site\/author\/juliana\/#author","url":"https:\/\/anoticiaonline.com.br\/site\/author\/juliana\/","name":"Juliana Laviola","image":{"@type":"ImageObject","@id":"https:\/\/anoticiaonline.com.br\/site\/prefeito-de-antonio-prado-de-minas-esclarece-sobre-transporte-publico\/#authorImage","url":"https:\/\/secure.gravatar.com\/avatar\/b8d45f5c699b100dfaf0e543582f38f38bf94cb7ae3a5e9abf8d891a34773335?s=96&d=mm&r=g","width":96,"height":96,"caption":"Juliana Laviola"}},{"@type":"WebPage","@id":"https:\/\/anoticiaonline.com.br\/site\/prefeito-de-antonio-prado-de-minas-esclarece-sobre-transporte-publico\/#webpage","url":"https:\/\/anoticiaonline.com.br\/site\/prefeito-de-antonio-prado-de-minas-esclarece-sobre-transporte-publico\/","name":"Prefeito de Ant\u00f4nio Prado de Minas esclarece sobre transporte p\u00fablico - A Not\u00edcia Online","description":"Desde o in\u00edcio de 2017, os moradores de Ant\u00f4nio Prado de Minas e de Pedra Dourada est\u00e3o sem transporte p\u00fablico. De acordo com o prefeito de Ant\u00f4nio Prado, Sans\u00e3o, uma decis\u00e3o da Secretaria de Estado de Transportes e Obras P\u00fablicas (SETOP) est\u00e1 sendo aguardada para resolver o problema. A linha Muria\u00e9-Ant\u00f4nio Prado de Minas-Pedra Dourada,","inLanguage":"pt-BR","isPartOf":{"@id":"https:\/\/anoticiaonline.com.br\/site\/#website"},"breadcrumb":{"@id":"https:\/\/anoticiaonline.com.br\/site\/prefeito-de-antonio-prado-de-minas-esclarece-sobre-transporte-publico\/#breadcrumblist"},"author":{"@id":"https:\/\/anoticiaonline.com.br\/site\/author\/juliana\/#author"},"creator":{"@id":"https:\/\/anoticiaonline.com.br\/site\/author\/juliana\/#author"},"image":{"@type":"ImageObject","url":"https:\/\/anoticiaonline.com.br\/site\/wp-content\/uploads\/2017\/08\/FOTO-SILVAN.jpg","@id":"https:\/\/anoticiaonline.com.br\/site\/prefeito-de-antonio-prado-de-minas-esclarece-sobre-transporte-publico\/#mainImage","width":620,"height":465,"caption":"Foto: www.silvanalves.com.br"},"primaryImageOfPage":{"@id":"https:\/\/anoticiaonline.com.br\/site\/prefeito-de-antonio-prado-de-minas-esclarece-sobre-transporte-publico\/#mainImage"},"datePublished":"2017-08-18T10:48:46-03:00","dateModified":"2017-08-18T10:48:46-03:00"},{"@type":"WebSite","@id":"https:\/\/anoticiaonline.com.br\/site\/#website","url":"https:\/\/anoticiaonline.com.br\/site\/","name":"A Not\u00edcia Online","description":"Noticias de Muria\u00e9 e regi\u00e3o","inLanguage":"pt-BR","publisher":{"@id":"https:\/\/anoticiaonline.com.br\/site\/#organization"}}]},"og:locale":"pt_BR","og:site_name":"A Not\u00edcia Online - Noticias de Muria\u00e9 e regi\u00e3o","og:type":"article","og:title":"Prefeito de Ant\u00f4nio Prado de Minas esclarece sobre transporte p\u00fablico - A Not\u00edcia Online","og:description":"Desde o in\u00edcio de 2017, os moradores de Ant\u00f4nio Prado de Minas e de Pedra Dourada est\u00e3o sem transporte p\u00fablico. De acordo com o prefeito de Ant\u00f4nio Prado, Sans\u00e3o, uma decis\u00e3o da Secretaria de Estado de Transportes e Obras P\u00fablicas (SETOP) est\u00e1 sendo aguardada para resolver o problema. A linha Muria\u00e9-Ant\u00f4nio Prado de Minas-Pedra Dourada,","og:url":"https:\/\/anoticiaonline.com.br\/site\/prefeito-de-antonio-prado-de-minas-esclarece-sobre-transporte-publico\/","og:image":"https:\/\/scontent-gig4-1.xx.fbcdn.net\/v\/t39.30808-1\/270437624_4564083193639691_6907940295614233970_n.jpg?stp=dst-jpg_s200x200_tt6&#038;_nc_cat=111&#038;ccb=1-7&#038;_nc_sid=f907e8&#038;_nc_ohc=SM1wRlP3lJwQ7kNvwEPuBYA&#038;_nc_oc=AdnqrjDN_BNjSSHWO-GbkIWH6fkGMLw4bqvL_NH6e2wMveX7G-rP2dAqsDSq1mJMOaY&#038;_nc_zt=24&#038;_nc_ht=scontent-gig4-1.xx&#038;_nc_gid=AoBFJeGrT1hVaew_6rchkQ&#038;oh=00_AfX7QmFGhQhG2jAllVgXCiM1ZrWgvtp80-Bfppyexh1QEg&#038;oe=689E923C","og:image:secure_url":"https:\/\/scontent-gig4-1.xx.fbcdn.net\/v\/t39.30808-1\/270437624_4564083193639691_6907940295614233970_n.jpg?stp=dst-jpg_s200x200_tt6&#038;_nc_cat=111&#038;ccb=1-7&#038;_nc_sid=f907e8&#038;_nc_ohc=SM1wRlP3lJwQ7kNvwEPuBYA&#038;_nc_oc=AdnqrjDN_BNjSSHWO-GbkIWH6fkGMLw4bqvL_NH6e2wMveX7G-rP2dAqsDSq1mJMOaY&#038;_nc_zt=24&#038;_nc_ht=scontent-gig4-1.xx&#038;_nc_gid=AoBFJeGrT1hVaew_6rchkQ&#038;oh=00_AfX7QmFGhQhG2jAllVgXCiM1ZrWgvtp80-Bfppyexh1QEg&#038;oe=689E923C","article:published_time":"2017-08-18T13:48:46+00:00","article:modified_time":"2017-08-18T13:48:46+00:00","twitter:card":"summary_large_image","twitter:title":"Prefeito de Ant\u00f4nio Prado de Minas esclarece sobre transporte p\u00fablico - A Not\u00edcia Online","twitter:description":"Desde o in\u00edcio de 2017, os moradores de Ant\u00f4nio Prado de Minas e de Pedra Dourada est\u00e3o sem transporte p\u00fablico. De acordo com o prefeito de Ant\u00f4nio Prado, Sans\u00e3o, uma decis\u00e3o da Secretaria de Estado de Transportes e Obras P\u00fablicas (SETOP) est\u00e1 sendo aguardada para resolver o problema. A linha Muria\u00e9-Ant\u00f4nio Prado de Minas-Pedra Dourada,","twitter:image":"https:\/\/scontent-gig4-1.xx.fbcdn.net\/v\/t39.30808-1\/270437624_4564083193639691_6907940295614233970_n.jpg?stp=dst-jpg_s200x200_tt6&_nc_cat=111&ccb=1-7&_nc_sid=f907e8&_nc_ohc=SM1wRlP3lJwQ7kNvwEPuBYA&_nc_oc=AdnqrjDN_BNjSSHWO-GbkIWH6fkGMLw4bqvL_NH6e2wMveX7G-rP2dAqsDSq1mJMOaY&_nc_zt=24&_nc_ht=scontent-gig4-1.xx&_nc_gid=AoBFJeGrT1hVaew_6rchkQ&oh=00_AfX7QmFGhQhG2jAllVgXCiM1ZrWgvtp80-Bfppyexh1QEg&oe=689E923C"},"aioseo_meta_data":{"post_id":"38355","title":null,"description":null,"keywords":null,"keyphrases":null,"primary_term":null,"canonical_url":null,"og_title":null,"og_description":null,"og_object_type":"default","og_image_type":"default","og_image_url":null,"og_image_width":null,"og_image_height":null,"og_image_custom_url":null,"og_image_custom_fields":null,"og_video":null,"og_custom_url":null,"og_article_section":null,"og_article_tags":null,"twitter_use_og":false,"twitter_card":"default","twitter_image_type":"default","twitter_image_url":null,"twitter_image_custom_url":null,"twitter_image_custom_fields":null,"twitter_title":null,"twitter_description":null,"schema":{"blockGraphs":[],"customGraphs":[],"default":{"data":{"Article":[],"Course":[],"Dataset":[],"FAQPage":[],"Movie":[],"Person":[],"Product":[],"ProductReview":[],"Car":[],"Recipe":[],"Service":[],"SoftwareApplication":[],"WebPage":[]},"graphName":"","isEnabled":true},"graphs":[]},"schema_type":"default","schema_type_options":null,"pillar_content":false,"robots_default":true,"robots_noindex":false,"robots_noarchive":false,"robots_nosnippet":false,"robots_nofollow":false,"robots_noimageindex":false,"robots_noodp":false,"robots_notranslate":false,"robots_max_snippet":null,"robots_max_videopreview":null,"robots_max_imagepreview":"large","priority":null,"frequency":null,"local_seo":null,"breadcrumb_settings":null,"limit_modified_date":false,"ai":null,"created":"2025-08-16 19:19:25","updated":"2025-08-16 19:19:25","focus_keyword":null,"additional_keywords":null,"truseo_locale":null,"seo_analyzer_scan_date":null},"aioseo_breadcrumb":"<div class=\"aioseo-breadcrumbs\"><span class=\"aioseo-breadcrumb\">\n\t\t\t<a href=\"https:\/\/anoticiaonline.com.br\/site\" title=\"Home\">Home<\/a>\n\t\t<\/span><span class=\"aioseo-breadcrumb-separator\">&raquo;<\/span><span class=\"aioseo-breadcrumb\">\n\t\t\t<a href=\"https:\/\/anoticiaonline.com.br\/site\/categoria\/muriae\/\" title=\"Blog\">Blog<\/a>\n\t\t<\/span><span class=\"aioseo-breadcrumb-separator\">&raquo;<\/span><span class=\"aioseo-breadcrumb\">\n\t\t\t<a href=\"https:\/\/anoticiaonline.com.br\/site\/categoria\/muriae\/transito\/\" title=\"Tr\u00e2nsito\">Tr\u00e2nsito<\/a>\n\t\t<\/span><span class=\"aioseo-breadcrumb-separator\">&raquo;<\/span><span class=\"aioseo-breadcrumb\">\n\t\t\tPrefeito de Ant\u00f4nio Prado de Minas esclarece sobre transporte p\u00fablico\n\t\t<\/span><\/div>","aioseo_breadcrumb_json":[{"label":"Home","link":"https:\/\/anoticiaonline.com.br\/site"},{"label":"Blog","link":"https:\/\/anoticiaonline.com.br\/site\/categoria\/muriae\/"},{"label":"Tr\u00e2nsito","link":"https:\/\/anoticiaonline.com.br\/site\/categoria\/muriae\/transito\/"},{"label":"Prefeito de Ant\u00f4nio Prado de Minas esclarece sobre transporte p\u00fablico","link":"https:\/\/anoticiaonline.com.br\/site\/prefeito-de-antonio-prado-de-minas-esclarece-sobre-transporte-publico\/"}],"views":163,"_links":{"self":[{"href":"https:\/\/anoticiaonline.com.br\/site\/wp-json\/wp\/v2\/posts\/38355","targetHints":{"allow":["GET"]}}],"collection":[{"href":"https:\/\/anoticiaonline.com.br\/site\/wp-json\/wp\/v2\/posts"}],"about":[{"href":"https:\/\/anoticiaonline.com.br\/site\/wp-json\/wp\/v2\/types\/post"}],"author":[{"embeddable":true,"href":"https:\/\/anoticiaonline.com.br\/site\/wp-json\/wp\/v2\/users\/2"}],"replies":[{"embeddable":true,"href":"https:\/\/anoticiaonline.com.br\/site\/wp-json\/wp\/v2\/comments?post=38355"}],"version-history":[{"count":0,"href":"https:\/\/anoticiaonline.com.br\/site\/wp-json\/wp\/v2\/posts\/38355\/revisions"}],"wp:featuredmedia":[{"embeddable":true,"href":"https:\/\/anoticiaonline.com.br\/site\/wp-json\/wp\/v2\/media\/38356"}],"wp:attachment":[{"href":"https:\/\/anoticiaonline.com.br\/site\/wp-json\/wp\/v2\/media?parent=38355"}],"wp:term":[{"taxonomy":"category","embeddable":true,"href":"https:\/\/anoticiaonline.com.br\/site\/wp-json\/wp\/v2\/categories?post=38355"},{"taxonomy":"post_tag","embeddable":true,"href":"https:\/\/anoticiaonline.com.br\/site\/wp-json\/wp\/v2\/tags?post=38355"}],"curies":[{"name":"wp","href":"https:\/\/api.w.org\/{rel}","templated":true}]}}