{"id":38118,"date":"2017-08-15T17:39:56","date_gmt":"2017-08-15T20:39:56","guid":{"rendered":"http:\/\/anoticiaonline.com.br\/site\/?p=38118"},"modified":"2017-08-15T17:39:56","modified_gmt":"2017-08-15T20:39:56","slug":"inscricoes-para-a-61a-edicao-da-corrida-da-fogueira-vao-ate-o-dia-25-de-agosto","status":"publish","type":"post","link":"https:\/\/anoticiaonline.com.br\/site\/inscricoes-para-a-61a-edicao-da-corrida-da-fogueira-vao-ate-o-dia-25-de-agosto\/","title":{"rendered":"Inscri\u00e7\u00f5es para a 61\u00aa edi\u00e7\u00e3o da Corrida da Fogueira v\u00e3o at\u00e9 o dia 25 de agosto"},"content":{"rendered":"<figure id=\"attachment_38119\" aria-describedby=\"caption-attachment-38119\" style=\"width: 290px\" class=\"wp-caption alignleft\"><a href=\"https:\/\/anoticiaonline.com.br\/site\/wp-content\/uploads\/2017\/08\/Inscri\u00e7\u00f5es-para-a-61\u00aa-edi\u00e7\u00e3o-da-Corrida-da-Fogueira-v\u00e3o-at\u00e9-o-dia-25-de-agosto.jpg\"><img fetchpriority=\"high\" decoding=\"async\" class=\"size-medium wp-image-38119\" src=\"https:\/\/anoticiaonline.com.br\/site\/wp-content\/uploads\/2017\/08\/Inscri\u00e7\u00f5es-para-a-61\u00aa-edi\u00e7\u00e3o-da-Corrida-da-Fogueira-v\u00e3o-at\u00e9-o-dia-25-de-agosto-300x249.jpg\" alt=\"\" width=\"300\" height=\"249\" srcset=\"https:\/\/anoticiaonline.com.br\/site\/wp-content\/uploads\/2017\/08\/Inscri\u00e7\u00f5es-para-a-61\u00aa-edi\u00e7\u00e3o-da-Corrida-da-Fogueira-v\u00e3o-at\u00e9-o-dia-25-de-agosto-300x249.jpg 300w, https:\/\/anoticiaonline.com.br\/site\/wp-content\/uploads\/2017\/08\/Inscri\u00e7\u00f5es-para-a-61\u00aa-edi\u00e7\u00e3o-da-Corrida-da-Fogueira-v\u00e3o-at\u00e9-o-dia-25-de-agosto.jpg 350w\" sizes=\"(max-width: 300px) 100vw, 300px\" \/><\/a><figcaption id=\"caption-attachment-38119\" class=\"wp-caption-text\">Cr\u00e9ditos: Site prefeitura de Muria\u00e9<\/figcaption><\/figure>\n<p>A 61\u00aa edi\u00e7\u00e3o da Corrida da Fogueira acontece no \u00faltimo domingo de agosto (27). As inscri\u00e7\u00f5es devem ser feitas presencialmente at\u00e9 o dia 25 (sexta-feira), no Gin\u00e1sio Rodrig\u00e3o, bastando entregar dois quilos de alimentos n\u00e3o perec\u00edveis. Os atletas de outras cidades poder\u00e3o se inscrever no local da prova, durante a concentra\u00e7\u00e3o dos participantes antes da largada.<\/p>\n<p>O percurso da corrida ser\u00e1 de 8 km, com sa\u00edda e chegada na Pra\u00e7a Jo\u00e3o Pinheiro. A concentra\u00e7\u00e3o acontece a partir de 8h30 e a largada est\u00e1 prevista para 9h. Ao todo, ser\u00e3o 30 categorias, com premia\u00e7\u00e3o total de R$3.200 para os vencedores de Muria\u00e9 e de outras cidades, al\u00e9m de trof\u00e9us e medalhas para os competidores mais bem colocados em todas as classes.<\/p>\n<p><strong>Corrida ter\u00e1 presen\u00e7a de crian\u00e7as participantes de programa para forma\u00e7\u00e3o de atletas<\/strong> &#8211; o Programa de Forma\u00e7\u00e3o de Atletas, que \u00e9 ministrado pela medalhista de bronze nos Jogos Panamericanos de Winnipeg (Canad\u00e1-1999), Viviany Anderson, ter\u00e1 representantes na Corrida da Fogueira. A ideia \u00e9 oferecer aos participantes do projeto (crian\u00e7as muriaeenses com idade entre oito e 11 anos) a oportunidade de marcarem presen\u00e7a em uma prova oficial.<\/p>\n","protected":false},"excerpt":{"rendered":"<p>A 61\u00aa edi\u00e7\u00e3o da Corrida da Fogueira acontece no \u00faltimo domingo de agosto (27). As inscri\u00e7\u00f5es devem ser feitas presencialmente at\u00e9 o dia 25 (sexta-feira), no Gin\u00e1sio Rodrig\u00e3o, bastando entregar dois quilos de alimentos n\u00e3o perec\u00edveis. Os atletas de outras cidades poder\u00e3o se inscrever no local da prova, durante a concentra\u00e7\u00e3o dos participantes antes da &#8230; <a title=\"Inscri\u00e7\u00f5es para a 61\u00aa edi\u00e7\u00e3o da Corrida da Fogueira v\u00e3o at\u00e9 o dia 25 de agosto\" class=\"read-more\" href=\"https:\/\/anoticiaonline.com.br\/site\/inscricoes-para-a-61a-edicao-da-corrida-da-fogueira-vao-ate-o-dia-25-de-agosto\/\" aria-label=\"Read more about Inscri\u00e7\u00f5es para a 61\u00aa edi\u00e7\u00e3o da Corrida da Fogueira v\u00e3o at\u00e9 o dia 25 de agosto\">Ler mais<\/a><\/p>\n","protected":false},"author":2,"featured_media":38119,"comment_status":"open","ping_status":"open","sticky":false,"template":"","format":"standard","meta":{"_acf_changed":false,"_monsterinsights_skip_tracking":false,"footnotes":""},"categories":[30,29],"tags":[907,906,47,74,246,3],"class_list":["post-38118","post","type-post","status-publish","format-standard","has-post-thumbnail","hentry","category-muriae","category-esporte","tag-atletismo","tag-corrida-da-fogueira","tag-esporte","tag-muriae","tag-prefeitura","tag-slide"],"acf":[],"aioseo_notices":[],"aioseo_head":"\n\t\t<!-- All in One SEO 5.0.0.1 - aioseo.com -->\n\t<meta name=\"description\" content=\"A 61\u00aa edi\u00e7\u00e3o da Corrida da Fogueira acontece no \u00faltimo domingo de agosto (27). As inscri\u00e7\u00f5es devem ser feitas presencialmente at\u00e9 o dia 25 (sexta-feira), no Gin\u00e1sio Rodrig\u00e3o, bastando entregar dois quilos de alimentos n\u00e3o perec\u00edveis. Os atletas de outras cidades poder\u00e3o se inscrever no local da prova, durante a concentra\u00e7\u00e3o dos participantes antes da\" \/>\n\t<meta name=\"robots\" content=\"max-image-preview:large\" \/>\n\t<meta name=\"author\" content=\"Juliana Laviola\"\/>\n\t<link rel=\"canonical\" href=\"https:\/\/anoticiaonline.com.br\/site\/inscricoes-para-a-61a-edicao-da-corrida-da-fogueira-vao-ate-o-dia-25-de-agosto\/\" \/>\n\t<meta name=\"generator\" content=\"All in One SEO (AIOSEO) 5.0.0.1\" \/>\n\t\t<meta property=\"og:locale\" content=\"pt_BR\" \/>\n\t\t<meta property=\"og:site_name\" content=\"A Not\u00edcia Online - Noticias de Muria\u00e9 e regi\u00e3o\" \/>\n\t\t<meta property=\"og:type\" content=\"article\" \/>\n\t\t<meta property=\"og:title\" content=\"Inscri\u00e7\u00f5es para a 61\u00aa edi\u00e7\u00e3o da Corrida da Fogueira v\u00e3o at\u00e9 o dia 25 de agosto - A Not\u00edcia Online\" \/>\n\t\t<meta property=\"og:description\" content=\"A 61\u00aa edi\u00e7\u00e3o da Corrida da Fogueira acontece no \u00faltimo domingo de agosto (27). As inscri\u00e7\u00f5es devem ser feitas presencialmente at\u00e9 o dia 25 (sexta-feira), no Gin\u00e1sio Rodrig\u00e3o, bastando entregar dois quilos de alimentos n\u00e3o perec\u00edveis. Os atletas de outras cidades poder\u00e3o se inscrever no local da prova, durante a concentra\u00e7\u00e3o dos participantes antes da\" \/>\n\t\t<meta property=\"og:url\" content=\"https:\/\/anoticiaonline.com.br\/site\/inscricoes-para-a-61a-edicao-da-corrida-da-fogueira-vao-ate-o-dia-25-de-agosto\/\" \/>\n\t\t<meta property=\"og:image\" content=\"https:\/\/scontent-gig4-1.xx.fbcdn.net\/v\/t39.30808-1\/270437624_4564083193639691_6907940295614233970_n.jpg?stp=dst-jpg_s200x200_tt6&#038;_nc_cat=111&#038;ccb=1-7&#038;_nc_sid=f907e8&#038;_nc_ohc=SM1wRlP3lJwQ7kNvwEPuBYA&#038;_nc_oc=AdnqrjDN_BNjSSHWO-GbkIWH6fkGMLw4bqvL_NH6e2wMveX7G-rP2dAqsDSq1mJMOaY&#038;_nc_zt=24&#038;_nc_ht=scontent-gig4-1.xx&#038;_nc_gid=AoBFJeGrT1hVaew_6rchkQ&#038;oh=00_AfX7QmFGhQhG2jAllVgXCiM1ZrWgvtp80-Bfppyexh1QEg&#038;oe=689E923C\" \/>\n\t\t<meta property=\"og:image:secure_url\" content=\"https:\/\/scontent-gig4-1.xx.fbcdn.net\/v\/t39.30808-1\/270437624_4564083193639691_6907940295614233970_n.jpg?stp=dst-jpg_s200x200_tt6&#038;_nc_cat=111&#038;ccb=1-7&#038;_nc_sid=f907e8&#038;_nc_ohc=SM1wRlP3lJwQ7kNvwEPuBYA&#038;_nc_oc=AdnqrjDN_BNjSSHWO-GbkIWH6fkGMLw4bqvL_NH6e2wMveX7G-rP2dAqsDSq1mJMOaY&#038;_nc_zt=24&#038;_nc_ht=scontent-gig4-1.xx&#038;_nc_gid=AoBFJeGrT1hVaew_6rchkQ&#038;oh=00_AfX7QmFGhQhG2jAllVgXCiM1ZrWgvtp80-Bfppyexh1QEg&#038;oe=689E923C\" \/>\n\t\t<meta property=\"article:published_time\" content=\"2017-08-15T20:39:56+00:00\" \/>\n\t\t<meta property=\"article:modified_time\" content=\"2017-08-15T20:39:56+00:00\" \/>\n\t\t<meta name=\"twitter:card\" content=\"summary_large_image\" \/>\n\t\t<meta name=\"twitter:title\" content=\"Inscri\u00e7\u00f5es para a 61\u00aa edi\u00e7\u00e3o da Corrida da Fogueira v\u00e3o at\u00e9 o dia 25 de agosto - A Not\u00edcia Online\" \/>\n\t\t<meta name=\"twitter:description\" content=\"A 61\u00aa edi\u00e7\u00e3o da Corrida da Fogueira acontece no \u00faltimo domingo de agosto (27). As inscri\u00e7\u00f5es devem ser feitas presencialmente at\u00e9 o dia 25 (sexta-feira), no Gin\u00e1sio Rodrig\u00e3o, bastando entregar dois quilos de alimentos n\u00e3o perec\u00edveis. Os atletas de outras cidades poder\u00e3o se inscrever no local da prova, durante a concentra\u00e7\u00e3o dos participantes antes da\" \/>\n\t\t<meta name=\"twitter:image\" content=\"https:\/\/scontent-gig4-1.xx.fbcdn.net\/v\/t39.30808-1\/270437624_4564083193639691_6907940295614233970_n.jpg?stp=dst-jpg_s200x200_tt6&amp;_nc_cat=111&amp;ccb=1-7&amp;_nc_sid=f907e8&amp;_nc_ohc=SM1wRlP3lJwQ7kNvwEPuBYA&amp;_nc_oc=AdnqrjDN_BNjSSHWO-GbkIWH6fkGMLw4bqvL_NH6e2wMveX7G-rP2dAqsDSq1mJMOaY&amp;_nc_zt=24&amp;_nc_ht=scontent-gig4-1.xx&amp;_nc_gid=AoBFJeGrT1hVaew_6rchkQ&amp;oh=00_AfX7QmFGhQhG2jAllVgXCiM1ZrWgvtp80-Bfppyexh1QEg&amp;oe=689E923C\" \/>\n\t\t<script type=\"application\/ld+json\" class=\"aioseo-schema\">\n\t\t\t{\"@context\":\"https:\\\/\\\/schema.org\",\"@graph\":[{\"@type\":\"BlogPosting\",\"@id\":\"https:\\\/\\\/anoticiaonline.com.br\\\/site\\\/inscricoes-para-a-61a-edicao-da-corrida-da-fogueira-vao-ate-o-dia-25-de-agosto\\\/#blogposting\",\"name\":\"Inscri\\u00e7\\u00f5es para a 61\\u00aa edi\\u00e7\\u00e3o da Corrida da Fogueira v\\u00e3o at\\u00e9 o dia 25 de agosto - A Not\\u00edcia Online\",\"headline\":\"Inscri\\u00e7\\u00f5es para a 61\\u00aa edi\\u00e7\\u00e3o da Corrida da Fogueira v\\u00e3o at\\u00e9 o dia 25 de agosto\",\"author\":{\"@id\":\"https:\\\/\\\/anoticiaonline.com.br\\\/site\\\/author\\\/juliana\\\/#author\"},\"publisher\":{\"@id\":\"https:\\\/\\\/anoticiaonline.com.br\\\/site\\\/#organization\"},\"image\":{\"@type\":\"ImageObject\",\"url\":\"https:\\\/\\\/anoticiaonline.com.br\\\/site\\\/wp-content\\\/uploads\\\/2017\\\/08\\\/Inscri\\u00e7\\u00f5es-para-a-61\\u00aa-edi\\u00e7\\u00e3o-da-Corrida-da-Fogueira-v\\u00e3o-at\\u00e9-o-dia-25-de-agosto.jpg\",\"width\":350,\"height\":290,\"caption\":\"Cr\\u00e9ditos: Site prefeitura de Muria\\u00e9\"},\"datePublished\":\"2017-08-15T17:39:56-03:00\",\"dateModified\":\"2017-08-15T17:39:56-03:00\",\"inLanguage\":\"pt-BR\",\"mainEntityOfPage\":{\"@id\":\"https:\\\/\\\/anoticiaonline.com.br\\\/site\\\/inscricoes-para-a-61a-edicao-da-corrida-da-fogueira-vao-ate-o-dia-25-de-agosto\\\/#webpage\"},\"isPartOf\":{\"@id\":\"https:\\\/\\\/anoticiaonline.com.br\\\/site\\\/inscricoes-para-a-61a-edicao-da-corrida-da-fogueira-vao-ate-o-dia-25-de-agosto\\\/#webpage\"},\"articleSection\":\"Blog, Esporte, atletismo, corrida da fogueira, esporte, Muria\\u00e9, prefeitura, slide\"},{\"@type\":\"BreadcrumbList\",\"@id\":\"https:\\\/\\\/anoticiaonline.com.br\\\/site\\\/inscricoes-para-a-61a-edicao-da-corrida-da-fogueira-vao-ate-o-dia-25-de-agosto\\\/#breadcrumblist\",\"itemListElement\":[{\"@type\":\"ListItem\",\"@id\":\"https:\\\/\\\/anoticiaonline.com.br\\\/site#listItem\",\"position\":1,\"name\":\"Home\",\"item\":\"https:\\\/\\\/anoticiaonline.com.br\\\/site\",\"nextItem\":{\"@type\":\"ListItem\",\"@id\":\"https:\\\/\\\/anoticiaonline.com.br\\\/site\\\/categoria\\\/esporte\\\/#listItem\",\"name\":\"Esporte\"}},{\"@type\":\"ListItem\",\"@id\":\"https:\\\/\\\/anoticiaonline.com.br\\\/site\\\/categoria\\\/esporte\\\/#listItem\",\"position\":2,\"name\":\"Esporte\",\"item\":\"https:\\\/\\\/anoticiaonline.com.br\\\/site\\\/categoria\\\/esporte\\\/\",\"nextItem\":{\"@type\":\"ListItem\",\"@id\":\"https:\\\/\\\/anoticiaonline.com.br\\\/site\\\/inscricoes-para-a-61a-edicao-da-corrida-da-fogueira-vao-ate-o-dia-25-de-agosto\\\/#listItem\",\"name\":\"Inscri\\u00e7\\u00f5es para a 61\\u00aa edi\\u00e7\\u00e3o da Corrida da Fogueira v\\u00e3o at\\u00e9 o dia 25 de agosto\"},\"previousItem\":{\"@type\":\"ListItem\",\"@id\":\"https:\\\/\\\/anoticiaonline.com.br\\\/site#listItem\",\"name\":\"Home\"}},{\"@type\":\"ListItem\",\"@id\":\"https:\\\/\\\/anoticiaonline.com.br\\\/site\\\/inscricoes-para-a-61a-edicao-da-corrida-da-fogueira-vao-ate-o-dia-25-de-agosto\\\/#listItem\",\"position\":3,\"name\":\"Inscri\\u00e7\\u00f5es para a 61\\u00aa edi\\u00e7\\u00e3o da Corrida da Fogueira v\\u00e3o at\\u00e9 o dia 25 de agosto\",\"previousItem\":{\"@type\":\"ListItem\",\"@id\":\"https:\\\/\\\/anoticiaonline.com.br\\\/site\\\/categoria\\\/esporte\\\/#listItem\",\"name\":\"Esporte\"}}]},{\"@type\":\"Organization\",\"@id\":\"https:\\\/\\\/anoticiaonline.com.br\\\/site\\\/#organization\",\"name\":\"A Not\\u00edcia Online\",\"description\":\"Noticias de Muria\\u00e9 e regi\\u00e3o\",\"url\":\"https:\\\/\\\/anoticiaonline.com.br\\\/site\\\/\",\"logo\":{\"@type\":\"ImageObject\",\"url\":\"https:\\\/\\\/scontent-gig4-1.xx.fbcdn.net\\\/v\\\/t39.30808-1\\\/270437624_4564083193639691_6907940295614233970_n.jpg?stp=dst-jpg_s200x200_tt6&_nc_cat=111&ccb=1-7&_nc_sid=f907e8&_nc_ohc=SM1wRlP3lJwQ7kNvwEPuBYA&_nc_oc=AdnqrjDN_BNjSSHWO-GbkIWH6fkGMLw4bqvL_NH6e2wMveX7G-rP2dAqsDSq1mJMOaY&_nc_zt=24&_nc_ht=scontent-gig4-1.xx&_nc_gid=AoBFJeGrT1hVaew_6rchkQ&oh=00_AfX7QmFGhQhG2jAllVgXCiM1ZrWgvtp80-Bfppyexh1QEg&oe=689E923C\",\"@id\":\"https:\\\/\\\/anoticiaonline.com.br\\\/site\\\/inscricoes-para-a-61a-edicao-da-corrida-da-fogueira-vao-ate-o-dia-25-de-agosto\\\/#organizationLogo\"},\"image\":{\"@id\":\"https:\\\/\\\/anoticiaonline.com.br\\\/site\\\/inscricoes-para-a-61a-edicao-da-corrida-da-fogueira-vao-ate-o-dia-25-de-agosto\\\/#organizationLogo\"}},{\"@type\":\"Person\",\"@id\":\"https:\\\/\\\/anoticiaonline.com.br\\\/site\\\/author\\\/juliana\\\/#author\",\"url\":\"https:\\\/\\\/anoticiaonline.com.br\\\/site\\\/author\\\/juliana\\\/\",\"name\":\"Juliana Laviola\",\"image\":{\"@type\":\"ImageObject\",\"@id\":\"https:\\\/\\\/anoticiaonline.com.br\\\/site\\\/inscricoes-para-a-61a-edicao-da-corrida-da-fogueira-vao-ate-o-dia-25-de-agosto\\\/#authorImage\",\"url\":\"https:\\\/\\\/secure.gravatar.com\\\/avatar\\\/b8d45f5c699b100dfaf0e543582f38f38bf94cb7ae3a5e9abf8d891a34773335?s=96&d=mm&r=g\",\"width\":96,\"height\":96,\"caption\":\"Juliana Laviola\"}},{\"@type\":\"WebPage\",\"@id\":\"https:\\\/\\\/anoticiaonline.com.br\\\/site\\\/inscricoes-para-a-61a-edicao-da-corrida-da-fogueira-vao-ate-o-dia-25-de-agosto\\\/#webpage\",\"url\":\"https:\\\/\\\/anoticiaonline.com.br\\\/site\\\/inscricoes-para-a-61a-edicao-da-corrida-da-fogueira-vao-ate-o-dia-25-de-agosto\\\/\",\"name\":\"Inscri\\u00e7\\u00f5es para a 61\\u00aa edi\\u00e7\\u00e3o da Corrida da Fogueira v\\u00e3o at\\u00e9 o dia 25 de agosto - A Not\\u00edcia Online\",\"description\":\"A 61\\u00aa edi\\u00e7\\u00e3o da Corrida da Fogueira acontece no \\u00faltimo domingo de agosto (27). As inscri\\u00e7\\u00f5es devem ser feitas presencialmente at\\u00e9 o dia 25 (sexta-feira), no Gin\\u00e1sio Rodrig\\u00e3o, bastando entregar dois quilos de alimentos n\\u00e3o perec\\u00edveis. Os atletas de outras cidades poder\\u00e3o se inscrever no local da prova, durante a concentra\\u00e7\\u00e3o dos participantes antes da\",\"inLanguage\":\"pt-BR\",\"isPartOf\":{\"@id\":\"https:\\\/\\\/anoticiaonline.com.br\\\/site\\\/#website\"},\"breadcrumb\":{\"@id\":\"https:\\\/\\\/anoticiaonline.com.br\\\/site\\\/inscricoes-para-a-61a-edicao-da-corrida-da-fogueira-vao-ate-o-dia-25-de-agosto\\\/#breadcrumblist\"},\"author\":{\"@id\":\"https:\\\/\\\/anoticiaonline.com.br\\\/site\\\/author\\\/juliana\\\/#author\"},\"creator\":{\"@id\":\"https:\\\/\\\/anoticiaonline.com.br\\\/site\\\/author\\\/juliana\\\/#author\"},\"image\":{\"@type\":\"ImageObject\",\"url\":\"https:\\\/\\\/anoticiaonline.com.br\\\/site\\\/wp-content\\\/uploads\\\/2017\\\/08\\\/Inscri\\u00e7\\u00f5es-para-a-61\\u00aa-edi\\u00e7\\u00e3o-da-Corrida-da-Fogueira-v\\u00e3o-at\\u00e9-o-dia-25-de-agosto.jpg\",\"@id\":\"https:\\\/\\\/anoticiaonline.com.br\\\/site\\\/inscricoes-para-a-61a-edicao-da-corrida-da-fogueira-vao-ate-o-dia-25-de-agosto\\\/#mainImage\",\"width\":350,\"height\":290,\"caption\":\"Cr\\u00e9ditos: Site prefeitura de Muria\\u00e9\"},\"primaryImageOfPage\":{\"@id\":\"https:\\\/\\\/anoticiaonline.com.br\\\/site\\\/inscricoes-para-a-61a-edicao-da-corrida-da-fogueira-vao-ate-o-dia-25-de-agosto\\\/#mainImage\"},\"datePublished\":\"2017-08-15T17:39:56-03:00\",\"dateModified\":\"2017-08-15T17:39:56-03:00\"},{\"@type\":\"WebSite\",\"@id\":\"https:\\\/\\\/anoticiaonline.com.br\\\/site\\\/#website\",\"url\":\"https:\\\/\\\/anoticiaonline.com.br\\\/site\\\/\",\"name\":\"A Not\\u00edcia Online\",\"description\":\"Noticias de Muria\\u00e9 e regi\\u00e3o\",\"inLanguage\":\"pt-BR\",\"publisher\":{\"@id\":\"https:\\\/\\\/anoticiaonline.com.br\\\/site\\\/#organization\"}}]}\n\t\t<\/script>\n\t\t<!-- All in One SEO -->\n\n","aioseo_head_json":{"title":"Inscri\u00e7\u00f5es para a 61\u00aa edi\u00e7\u00e3o da Corrida da Fogueira v\u00e3o at\u00e9 o dia 25 de agosto - A Not\u00edcia Online","description":"A 61\u00aa edi\u00e7\u00e3o da Corrida da Fogueira acontece no \u00faltimo domingo de agosto (27). As inscri\u00e7\u00f5es devem ser feitas presencialmente at\u00e9 o dia 25 (sexta-feira), no Gin\u00e1sio Rodrig\u00e3o, bastando entregar dois quilos de alimentos n\u00e3o perec\u00edveis. Os atletas de outras cidades poder\u00e3o se inscrever no local da prova, durante a concentra\u00e7\u00e3o dos participantes antes da","canonical_url":"https:\/\/anoticiaonline.com.br\/site\/inscricoes-para-a-61a-edicao-da-corrida-da-fogueira-vao-ate-o-dia-25-de-agosto\/","robots":"max-image-preview:large","keywords":"","webmasterTools":{"miscellaneous":""},"schema":{"@context":"https:\/\/schema.org","@graph":[{"@type":"BlogPosting","@id":"https:\/\/anoticiaonline.com.br\/site\/inscricoes-para-a-61a-edicao-da-corrida-da-fogueira-vao-ate-o-dia-25-de-agosto\/#blogposting","name":"Inscri\u00e7\u00f5es para a 61\u00aa edi\u00e7\u00e3o da Corrida da Fogueira v\u00e3o at\u00e9 o dia 25 de agosto - A Not\u00edcia Online","headline":"Inscri\u00e7\u00f5es para a 61\u00aa edi\u00e7\u00e3o da Corrida da Fogueira v\u00e3o at\u00e9 o dia 25 de agosto","author":{"@id":"https:\/\/anoticiaonline.com.br\/site\/author\/juliana\/#author"},"publisher":{"@id":"https:\/\/anoticiaonline.com.br\/site\/#organization"},"image":{"@type":"ImageObject","url":"https:\/\/anoticiaonline.com.br\/site\/wp-content\/uploads\/2017\/08\/Inscri\u00e7\u00f5es-para-a-61\u00aa-edi\u00e7\u00e3o-da-Corrida-da-Fogueira-v\u00e3o-at\u00e9-o-dia-25-de-agosto.jpg","width":350,"height":290,"caption":"Cr\u00e9ditos: Site prefeitura de Muria\u00e9"},"datePublished":"2017-08-15T17:39:56-03:00","dateModified":"2017-08-15T17:39:56-03:00","inLanguage":"pt-BR","mainEntityOfPage":{"@id":"https:\/\/anoticiaonline.com.br\/site\/inscricoes-para-a-61a-edicao-da-corrida-da-fogueira-vao-ate-o-dia-25-de-agosto\/#webpage"},"isPartOf":{"@id":"https:\/\/anoticiaonline.com.br\/site\/inscricoes-para-a-61a-edicao-da-corrida-da-fogueira-vao-ate-o-dia-25-de-agosto\/#webpage"},"articleSection":"Blog, Esporte, atletismo, corrida da fogueira, esporte, Muria\u00e9, prefeitura, slide"},{"@type":"BreadcrumbList","@id":"https:\/\/anoticiaonline.com.br\/site\/inscricoes-para-a-61a-edicao-da-corrida-da-fogueira-vao-ate-o-dia-25-de-agosto\/#breadcrumblist","itemListElement":[{"@type":"ListItem","@id":"https:\/\/anoticiaonline.com.br\/site#listItem","position":1,"name":"Home","item":"https:\/\/anoticiaonline.com.br\/site","nextItem":{"@type":"ListItem","@id":"https:\/\/anoticiaonline.com.br\/site\/categoria\/esporte\/#listItem","name":"Esporte"}},{"@type":"ListItem","@id":"https:\/\/anoticiaonline.com.br\/site\/categoria\/esporte\/#listItem","position":2,"name":"Esporte","item":"https:\/\/anoticiaonline.com.br\/site\/categoria\/esporte\/","nextItem":{"@type":"ListItem","@id":"https:\/\/anoticiaonline.com.br\/site\/inscricoes-para-a-61a-edicao-da-corrida-da-fogueira-vao-ate-o-dia-25-de-agosto\/#listItem","name":"Inscri\u00e7\u00f5es para a 61\u00aa edi\u00e7\u00e3o da Corrida da Fogueira v\u00e3o at\u00e9 o dia 25 de agosto"},"previousItem":{"@type":"ListItem","@id":"https:\/\/anoticiaonline.com.br\/site#listItem","name":"Home"}},{"@type":"ListItem","@id":"https:\/\/anoticiaonline.com.br\/site\/inscricoes-para-a-61a-edicao-da-corrida-da-fogueira-vao-ate-o-dia-25-de-agosto\/#listItem","position":3,"name":"Inscri\u00e7\u00f5es para a 61\u00aa edi\u00e7\u00e3o da Corrida da Fogueira v\u00e3o at\u00e9 o dia 25 de agosto","previousItem":{"@type":"ListItem","@id":"https:\/\/anoticiaonline.com.br\/site\/categoria\/esporte\/#listItem","name":"Esporte"}}]},{"@type":"Organization","@id":"https:\/\/anoticiaonline.com.br\/site\/#organization","name":"A Not\u00edcia Online","description":"Noticias de Muria\u00e9 e regi\u00e3o","url":"https:\/\/anoticiaonline.com.br\/site\/","logo":{"@type":"ImageObject","url":"https:\/\/scontent-gig4-1.xx.fbcdn.net\/v\/t39.30808-1\/270437624_4564083193639691_6907940295614233970_n.jpg?stp=dst-jpg_s200x200_tt6&_nc_cat=111&ccb=1-7&_nc_sid=f907e8&_nc_ohc=SM1wRlP3lJwQ7kNvwEPuBYA&_nc_oc=AdnqrjDN_BNjSSHWO-GbkIWH6fkGMLw4bqvL_NH6e2wMveX7G-rP2dAqsDSq1mJMOaY&_nc_zt=24&_nc_ht=scontent-gig4-1.xx&_nc_gid=AoBFJeGrT1hVaew_6rchkQ&oh=00_AfX7QmFGhQhG2jAllVgXCiM1ZrWgvtp80-Bfppyexh1QEg&oe=689E923C","@id":"https:\/\/anoticiaonline.com.br\/site\/inscricoes-para-a-61a-edicao-da-corrida-da-fogueira-vao-ate-o-dia-25-de-agosto\/#organizationLogo"},"image":{"@id":"https:\/\/anoticiaonline.com.br\/site\/inscricoes-para-a-61a-edicao-da-corrida-da-fogueira-vao-ate-o-dia-25-de-agosto\/#organizationLogo"}},{"@type":"Person","@id":"https:\/\/anoticiaonline.com.br\/site\/author\/juliana\/#author","url":"https:\/\/anoticiaonline.com.br\/site\/author\/juliana\/","name":"Juliana Laviola","image":{"@type":"ImageObject","@id":"https:\/\/anoticiaonline.com.br\/site\/inscricoes-para-a-61a-edicao-da-corrida-da-fogueira-vao-ate-o-dia-25-de-agosto\/#authorImage","url":"https:\/\/secure.gravatar.com\/avatar\/b8d45f5c699b100dfaf0e543582f38f38bf94cb7ae3a5e9abf8d891a34773335?s=96&d=mm&r=g","width":96,"height":96,"caption":"Juliana Laviola"}},{"@type":"WebPage","@id":"https:\/\/anoticiaonline.com.br\/site\/inscricoes-para-a-61a-edicao-da-corrida-da-fogueira-vao-ate-o-dia-25-de-agosto\/#webpage","url":"https:\/\/anoticiaonline.com.br\/site\/inscricoes-para-a-61a-edicao-da-corrida-da-fogueira-vao-ate-o-dia-25-de-agosto\/","name":"Inscri\u00e7\u00f5es para a 61\u00aa edi\u00e7\u00e3o da Corrida da Fogueira v\u00e3o at\u00e9 o dia 25 de agosto - A Not\u00edcia Online","description":"A 61\u00aa edi\u00e7\u00e3o da Corrida da Fogueira acontece no \u00faltimo domingo de agosto (27). As inscri\u00e7\u00f5es devem ser feitas presencialmente at\u00e9 o dia 25 (sexta-feira), no Gin\u00e1sio Rodrig\u00e3o, bastando entregar dois quilos de alimentos n\u00e3o perec\u00edveis. Os atletas de outras cidades poder\u00e3o se inscrever no local da prova, durante a concentra\u00e7\u00e3o dos participantes antes da","inLanguage":"pt-BR","isPartOf":{"@id":"https:\/\/anoticiaonline.com.br\/site\/#website"},"breadcrumb":{"@id":"https:\/\/anoticiaonline.com.br\/site\/inscricoes-para-a-61a-edicao-da-corrida-da-fogueira-vao-ate-o-dia-25-de-agosto\/#breadcrumblist"},"author":{"@id":"https:\/\/anoticiaonline.com.br\/site\/author\/juliana\/#author"},"creator":{"@id":"https:\/\/anoticiaonline.com.br\/site\/author\/juliana\/#author"},"image":{"@type":"ImageObject","url":"https:\/\/anoticiaonline.com.br\/site\/wp-content\/uploads\/2017\/08\/Inscri\u00e7\u00f5es-para-a-61\u00aa-edi\u00e7\u00e3o-da-Corrida-da-Fogueira-v\u00e3o-at\u00e9-o-dia-25-de-agosto.jpg","@id":"https:\/\/anoticiaonline.com.br\/site\/inscricoes-para-a-61a-edicao-da-corrida-da-fogueira-vao-ate-o-dia-25-de-agosto\/#mainImage","width":350,"height":290,"caption":"Cr\u00e9ditos: Site prefeitura de Muria\u00e9"},"primaryImageOfPage":{"@id":"https:\/\/anoticiaonline.com.br\/site\/inscricoes-para-a-61a-edicao-da-corrida-da-fogueira-vao-ate-o-dia-25-de-agosto\/#mainImage"},"datePublished":"2017-08-15T17:39:56-03:00","dateModified":"2017-08-15T17:39:56-03:00"},{"@type":"WebSite","@id":"https:\/\/anoticiaonline.com.br\/site\/#website","url":"https:\/\/anoticiaonline.com.br\/site\/","name":"A Not\u00edcia Online","description":"Noticias de Muria\u00e9 e regi\u00e3o","inLanguage":"pt-BR","publisher":{"@id":"https:\/\/anoticiaonline.com.br\/site\/#organization"}}]},"og:locale":"pt_BR","og:site_name":"A Not\u00edcia Online - Noticias de Muria\u00e9 e regi\u00e3o","og:type":"article","og:title":"Inscri\u00e7\u00f5es para a 61\u00aa edi\u00e7\u00e3o da Corrida da Fogueira v\u00e3o at\u00e9 o dia 25 de agosto - A Not\u00edcia Online","og:description":"A 61\u00aa edi\u00e7\u00e3o da Corrida da Fogueira acontece no \u00faltimo domingo de agosto (27). As inscri\u00e7\u00f5es devem ser feitas presencialmente at\u00e9 o dia 25 (sexta-feira), no Gin\u00e1sio Rodrig\u00e3o, bastando entregar dois quilos de alimentos n\u00e3o perec\u00edveis. Os atletas de outras cidades poder\u00e3o se inscrever no local da prova, durante a concentra\u00e7\u00e3o dos participantes antes da","og:url":"https:\/\/anoticiaonline.com.br\/site\/inscricoes-para-a-61a-edicao-da-corrida-da-fogueira-vao-ate-o-dia-25-de-agosto\/","og:image":"https:\/\/scontent-gig4-1.xx.fbcdn.net\/v\/t39.30808-1\/270437624_4564083193639691_6907940295614233970_n.jpg?stp=dst-jpg_s200x200_tt6&#038;_nc_cat=111&#038;ccb=1-7&#038;_nc_sid=f907e8&#038;_nc_ohc=SM1wRlP3lJwQ7kNvwEPuBYA&#038;_nc_oc=AdnqrjDN_BNjSSHWO-GbkIWH6fkGMLw4bqvL_NH6e2wMveX7G-rP2dAqsDSq1mJMOaY&#038;_nc_zt=24&#038;_nc_ht=scontent-gig4-1.xx&#038;_nc_gid=AoBFJeGrT1hVaew_6rchkQ&#038;oh=00_AfX7QmFGhQhG2jAllVgXCiM1ZrWgvtp80-Bfppyexh1QEg&#038;oe=689E923C","og:image:secure_url":"https:\/\/scontent-gig4-1.xx.fbcdn.net\/v\/t39.30808-1\/270437624_4564083193639691_6907940295614233970_n.jpg?stp=dst-jpg_s200x200_tt6&#038;_nc_cat=111&#038;ccb=1-7&#038;_nc_sid=f907e8&#038;_nc_ohc=SM1wRlP3lJwQ7kNvwEPuBYA&#038;_nc_oc=AdnqrjDN_BNjSSHWO-GbkIWH6fkGMLw4bqvL_NH6e2wMveX7G-rP2dAqsDSq1mJMOaY&#038;_nc_zt=24&#038;_nc_ht=scontent-gig4-1.xx&#038;_nc_gid=AoBFJeGrT1hVaew_6rchkQ&#038;oh=00_AfX7QmFGhQhG2jAllVgXCiM1ZrWgvtp80-Bfppyexh1QEg&#038;oe=689E923C","article:published_time":"2017-08-15T20:39:56+00:00","article:modified_time":"2017-08-15T20:39:56+00:00","twitter:card":"summary_large_image","twitter:title":"Inscri\u00e7\u00f5es para a 61\u00aa edi\u00e7\u00e3o da Corrida da Fogueira v\u00e3o at\u00e9 o dia 25 de agosto - A Not\u00edcia Online","twitter:description":"A 61\u00aa edi\u00e7\u00e3o da Corrida da Fogueira acontece no \u00faltimo domingo de agosto (27). As inscri\u00e7\u00f5es devem ser feitas presencialmente at\u00e9 o dia 25 (sexta-feira), no Gin\u00e1sio Rodrig\u00e3o, bastando entregar dois quilos de alimentos n\u00e3o perec\u00edveis. Os atletas de outras cidades poder\u00e3o se inscrever no local da prova, durante a concentra\u00e7\u00e3o dos participantes antes da","twitter:image":"https:\/\/scontent-gig4-1.xx.fbcdn.net\/v\/t39.30808-1\/270437624_4564083193639691_6907940295614233970_n.jpg?stp=dst-jpg_s200x200_tt6&_nc_cat=111&ccb=1-7&_nc_sid=f907e8&_nc_ohc=SM1wRlP3lJwQ7kNvwEPuBYA&_nc_oc=AdnqrjDN_BNjSSHWO-GbkIWH6fkGMLw4bqvL_NH6e2wMveX7G-rP2dAqsDSq1mJMOaY&_nc_zt=24&_nc_ht=scontent-gig4-1.xx&_nc_gid=AoBFJeGrT1hVaew_6rchkQ&oh=00_AfX7QmFGhQhG2jAllVgXCiM1ZrWgvtp80-Bfppyexh1QEg&oe=689E923C"},"aioseo_meta_data":{"post_id":"38118","title":null,"description":null,"keywords":null,"keyphrases":null,"primary_term":null,"canonical_url":null,"og_title":null,"og_description":null,"og_object_type":"default","og_image_type":"default","og_image_url":null,"og_image_width":null,"og_image_height":null,"og_image_custom_url":null,"og_image_custom_fields":null,"og_video":null,"og_custom_url":null,"og_article_section":null,"og_article_tags":null,"twitter_use_og":false,"twitter_card":"default","twitter_image_type":"default","twitter_image_url":null,"twitter_image_custom_url":null,"twitter_image_custom_fields":null,"twitter_title":null,"twitter_description":null,"schema":{"blockGraphs":[],"customGraphs":[],"default":{"data":{"Article":[],"Course":[],"Dataset":[],"FAQPage":[],"Movie":[],"Person":[],"Product":[],"ProductReview":[],"Car":[],"Recipe":[],"Service":[],"SoftwareApplication":[],"WebPage":[]},"graphName":"","isEnabled":true},"graphs":[]},"schema_type":"default","schema_type_options":null,"pillar_content":false,"robots_default":true,"robots_noindex":false,"robots_noarchive":false,"robots_nosnippet":false,"robots_nofollow":false,"robots_noimageindex":false,"robots_noodp":false,"robots_notranslate":false,"robots_max_snippet":null,"robots_max_videopreview":null,"robots_max_imagepreview":"large","priority":null,"frequency":null,"local_seo":null,"breadcrumb_settings":null,"limit_modified_date":false,"ai":null,"created":"2025-08-16 19:16:48","updated":"2025-08-16 19:16:48","focus_keyword":null,"additional_keywords":null,"truseo_locale":null,"seo_analyzer_scan_date":null},"aioseo_breadcrumb":"<div class=\"aioseo-breadcrumbs\"><span class=\"aioseo-breadcrumb\">\n\t\t\t<a href=\"https:\/\/anoticiaonline.com.br\/site\" title=\"Home\">Home<\/a>\n\t\t<\/span><span class=\"aioseo-breadcrumb-separator\">&raquo;<\/span><span class=\"aioseo-breadcrumb\">\n\t\t\t<a href=\"https:\/\/anoticiaonline.com.br\/site\/categoria\/esporte\/\" title=\"Esporte\">Esporte<\/a>\n\t\t<\/span><span class=\"aioseo-breadcrumb-separator\">&raquo;<\/span><span class=\"aioseo-breadcrumb\">\n\t\t\tInscri\u00e7\u00f5es para a 61\u00aa edi\u00e7\u00e3o da Corrida da Fogueira v\u00e3o at\u00e9 o dia 25 de agosto\n\t\t<\/span><\/div>","aioseo_breadcrumb_json":[{"label":"Home","link":"https:\/\/anoticiaonline.com.br\/site"},{"label":"Esporte","link":"https:\/\/anoticiaonline.com.br\/site\/categoria\/esporte\/"},{"label":"Inscri\u00e7\u00f5es para a 61\u00aa edi\u00e7\u00e3o da Corrida da Fogueira v\u00e3o at\u00e9 o dia 25 de agosto","link":"https:\/\/anoticiaonline.com.br\/site\/inscricoes-para-a-61a-edicao-da-corrida-da-fogueira-vao-ate-o-dia-25-de-agosto\/"}],"views":146,"_links":{"self":[{"href":"https:\/\/anoticiaonline.com.br\/site\/wp-json\/wp\/v2\/posts\/38118","targetHints":{"allow":["GET"]}}],"collection":[{"href":"https:\/\/anoticiaonline.com.br\/site\/wp-json\/wp\/v2\/posts"}],"about":[{"href":"https:\/\/anoticiaonline.com.br\/site\/wp-json\/wp\/v2\/types\/post"}],"author":[{"embeddable":true,"href":"https:\/\/anoticiaonline.com.br\/site\/wp-json\/wp\/v2\/users\/2"}],"replies":[{"embeddable":true,"href":"https:\/\/anoticiaonline.com.br\/site\/wp-json\/wp\/v2\/comments?post=38118"}],"version-history":[{"count":0,"href":"https:\/\/anoticiaonline.com.br\/site\/wp-json\/wp\/v2\/posts\/38118\/revisions"}],"wp:featuredmedia":[{"embeddable":true,"href":"https:\/\/anoticiaonline.com.br\/site\/wp-json\/wp\/v2\/media\/38119"}],"wp:attachment":[{"href":"https:\/\/anoticiaonline.com.br\/site\/wp-json\/wp\/v2\/media?parent=38118"}],"wp:term":[{"taxonomy":"category","embeddable":true,"href":"https:\/\/anoticiaonline.com.br\/site\/wp-json\/wp\/v2\/categories?post=38118"},{"taxonomy":"post_tag","embeddable":true,"href":"https:\/\/anoticiaonline.com.br\/site\/wp-json\/wp\/v2\/tags?post=38118"}],"curies":[{"name":"wp","href":"https:\/\/api.w.org\/{rel}","templated":true}]}}